{"id":9072,"date":"2014-05-09T08:11:55","date_gmt":"2014-05-09T06:11:55","guid":{"rendered":"https:\/\/joyana.fr\/?p=9072"},"modified":"2014-05-09T08:11:55","modified_gmt":"2014-05-09T06:11:55","slug":"chloe-howl","status":"publish","type":"post","link":"https:\/\/www.joyana.fr\/ja\/chloe-howl\/9072\/","title":{"rendered":"CHL\u00d6E HOWL"},"content":{"rendered":"<p><a href=\"https:\/\/i0.wp.com\/joyana.fr\/wp-content\/uploads\/2014\/05\/CHLOE-HOWL.jpg?ssl=1\"><img data-recalc-dims=\"1\" fetchpriority=\"high\" decoding=\"async\" data-attachment-id=\"9073\" data-permalink=\"https:\/\/www.joyana.fr\/ja\/chloe-howl\/9072\/chloe-howl\/\" data-orig-file=\"https:\/\/i0.wp.com\/www.joyana.fr\/wp-content\/uploads\/2014\/05\/CHLOE-HOWL.jpg?fit=1000%2C1000&amp;ssl=1\" data-orig-size=\"1000,1000\" data-comments-opened=\"1\" data-image-meta=\"{&quot;aperture&quot;:&quot;0&quot;,&quot;credit&quot;:&quot;&quot;,&quot;camera&quot;:&quot;&quot;,&quot;caption&quot;:&quot;&quot;,&quot;created_timestamp&quot;:&quot;0&quot;,&quot;copyright&quot;:&quot;&quot;,&quot;focal_length&quot;:&quot;0&quot;,&quot;iso&quot;:&quot;0&quot;,&quot;shutter_speed&quot;:&quot;0&quot;,&quot;title&quot;:&quot;&quot;,&quot;orientation&quot;:&quot;1&quot;}\" data-image-title=\"CHLOE HOWL\" data-image-description=\"\" data-image-caption=\"\" data-medium-file=\"https:\/\/i0.wp.com\/www.joyana.fr\/wp-content\/uploads\/2014\/05\/CHLOE-HOWL.jpg?fit=389%2C389&amp;ssl=1\" data-large-file=\"https:\/\/i0.wp.com\/www.joyana.fr\/wp-content\/uploads\/2014\/05\/CHLOE-HOWL.jpg?fit=1000%2C1000&amp;ssl=1\" class=\"alignnone size-large wp-image-9073\" src=\"https:\/\/i0.wp.com\/joyana.fr\/wp-content\/uploads\/2014\/05\/CHLOE-HOWL-650x650.jpg?resize=650%2C650&#038;ssl=1\" alt=\"CHLOE HOWL\" width=\"650\" height=\"650\" \/><\/a><\/p>\n<p style=\"text-align: justify;\"><em><strong style=\"color: #323a45;\">Chl\u00f6e Howl <\/strong>chante\u00a0l&#8217;ouverture du<strong style=\"color: #323a45;\"> 29e\u00a0<a style=\"font-weight: inherit; font-style: inherit; color: #ffcee4;\" title=\"FESTIVAL INTERNATIONAL DE LA MODE ET DE LA PHOTOGRAPHIE A HYERES\" href=\"https:\/\/joyana.fr\/tag\/festival-international-de-mode-et-de-photographie-a-hyeres\/\" target=\"_blank\">Festival International de Mode et de Photographie<\/a><\/strong><\/em><strong style=\"color: #323a45;\">,<\/strong>\u00a0lisais-je sur mon programme. Une inconnue pour moi. Cette jeune anglaise &#8211; toute de Chanel v\u00eatue &#8211; me captive litt\u00e9ralement d\u00e8s ses premi\u00e8re notes, et par sa voix l\u00e9g\u00e8rement grave. Elle m&#8217;a eu avec ce premier morceau <em>RUMOUR<\/em>&#8230; Enjoy !<\/p>\n<p><!--more--> Rendez-vous en fin 2014 pour son premier album chez Sony&#8230;<\/p>\n<p><a href=\"https:\/\/i0.wp.com\/joyana.fr\/wp-content\/uploads\/2014\/05\/Chl_e_Howl_Rumour_EP.jpg?ssl=1\"><img data-recalc-dims=\"1\" decoding=\"async\" data-attachment-id=\"9077\" data-permalink=\"https:\/\/www.joyana.fr\/ja\/chloe-howl\/9072\/chl_e_howl_rumour_ep\/\" data-orig-file=\"https:\/\/i0.wp.com\/www.joyana.fr\/wp-content\/uploads\/2014\/05\/Chl_e_Howl_Rumour_EP.jpg?fit=960%2C960&amp;ssl=1\" data-orig-size=\"960,960\" data-comments-opened=\"1\" data-image-meta=\"{&quot;aperture&quot;:&quot;0&quot;,&quot;credit&quot;:&quot;&quot;,&quot;camera&quot;:&quot;&quot;,&quot;caption&quot;:&quot;&quot;,&quot;created_timestamp&quot;:&quot;0&quot;,&quot;copyright&quot;:&quot;&quot;,&quot;focal_length&quot;:&quot;0&quot;,&quot;iso&quot;:&quot;0&quot;,&quot;shutter_speed&quot;:&quot;0&quot;,&quot;title&quot;:&quot;&quot;,&quot;orientation&quot;:&quot;0&quot;}\" data-image-title=\"Chl_e_Howl_Rumour_EP\" data-image-description=\"\" data-image-caption=\"\" data-medium-file=\"https:\/\/i0.wp.com\/www.joyana.fr\/wp-content\/uploads\/2014\/05\/Chl_e_Howl_Rumour_EP.jpg?fit=389%2C389&amp;ssl=1\" data-large-file=\"https:\/\/i0.wp.com\/www.joyana.fr\/wp-content\/uploads\/2014\/05\/Chl_e_Howl_Rumour_EP.jpg?fit=960%2C960&amp;ssl=1\" class=\"alignnone size-large wp-image-9077\" src=\"https:\/\/i0.wp.com\/joyana.fr\/wp-content\/uploads\/2014\/05\/Chl_e_Howl_Rumour_EP-650x650.jpg?resize=650%2C650&#038;ssl=1\" alt=\"Chl_e_Howl_Rumour_EP\" width=\"650\" height=\"650\" \/><\/a><\/p>\n<p><iframe src=\"\/\/player.vimeo.com\/video\/94144928?title=0&amp;byline=0&amp;portrait=0&amp;color=f5b8f0&amp;autoplay=1&amp;loop=1\" width=\"650\" height=\"366\" frameborder=\"0\" allowfullscreen=\"allowfullscreen\"><\/iframe><\/p>\n<p style=\"text-align: center;\">En savoir + sur <a href=\"http:\/\/www.chloehowl.com\" target=\"_blank\">CHL\u00d6E HOWL<\/a><\/p>\n<p style=\"text-align: center;\"><span style=\"color: #ffffff;\">.<\/span><\/p>\n","protected":false},"excerpt":{"rendered":"<p>Chl\u00f6e Howl chante\u00a0l&#8217;ouverture du 29e\u00a0Festival International de Mode et de Photographie,\u00a0lisais-je sur mo [&hellip;]<\/p>\n","protected":false},"author":3,"featured_media":9073,"comment_status":"open","ping_status":"open","sticky":false,"template":"","format":"standard","meta":{"_coblocks_attr":"","_coblocks_dimensions":"","_coblocks_responsive_height":"","_coblocks_accordion_ie_support":"","_uag_custom_page_level_css":"","advgb_blocks_editor_width":"","advgb_blocks_columns_visual_guide":"","_genesis_hide_title":false,"_genesis_hide_breadcrumbs":false,"_genesis_hide_singular_image":false,"_genesis_hide_footer_widgets":false,"_genesis_custom_body_class":"","_genesis_custom_post_class":"","_genesis_layout":"","_themeisle_gutenberg_block_has_review":false,"_jetpack_newsletter_access":"","_jetpack_dont_email_post_to_subs":false,"_jetpack_newsletter_tier_id":0,"_jetpack_memberships_contains_paywalled_content":false,"_jetpack_memberships_contains_paid_content":false,"footnotes":""},"categories":[60,11],"tags":[629,539,618,48],"class_list":{"0":"post-9072","1":"post","2":"type-post","3":"status-publish","4":"format-standard","5":"has-post-thumbnail","7":"category-blog","8":"category-music-jo","9":"tag-chloe-howl","10":"tag-festival-international-de-mode-et-de-photographie-a-hyeres","11":"tag-hyeres","12":"tag-music-2","13":"entry"},"featured_image_urls":{"full":["https:\/\/i0.wp.com\/www.joyana.fr\/wp-content\/uploads\/2014\/05\/CHLOE-HOWL.jpg?fit=1000%2C1000&ssl=1",1000,1000,false],"thumbnail":["https:\/\/i0.wp.com\/www.joyana.fr\/wp-content\/uploads\/2014\/05\/CHLOE-HOWL.jpg?resize=150%2C150&ssl=1",150,150,true],"medium":["https:\/\/i0.wp.com\/www.joyana.fr\/wp-content\/uploads\/2014\/05\/CHLOE-HOWL.jpg?fit=389%2C389&ssl=1",389,389,true],"medium_large":["https:\/\/i0.wp.com\/www.joyana.fr\/wp-content\/uploads\/2014\/05\/CHLOE-HOWL.jpg?fit=768%2C768&ssl=1",768,768,true],"large":["https:\/\/i0.wp.com\/www.joyana.fr\/wp-content\/uploads\/2014\/05\/CHLOE-HOWL.jpg?fit=1000%2C1000&ssl=1",1000,1000,true],"1536x1536":["https:\/\/i0.wp.com\/www.joyana.fr\/wp-content\/uploads\/2014\/05\/CHLOE-HOWL.jpg?fit=1000%2C1000&ssl=1",1000,1000,true],"2048x2048":["https:\/\/i0.wp.com\/www.joyana.fr\/wp-content\/uploads\/2014\/05\/CHLOE-HOWL.jpg?fit=1000%2C1000&ssl=1",1000,1000,true],"featured-thumb":["https:\/\/i0.wp.com\/www.joyana.fr\/wp-content\/uploads\/2014\/05\/CHLOE-HOWL.jpg?resize=1000%2C750&ssl=1",1000,750,true],"ab-block-post-grid-landscape":["https:\/\/i0.wp.com\/www.joyana.fr\/wp-content\/uploads\/2014\/05\/CHLOE-HOWL.jpg?resize=600%2C400&ssl=1",600,400,true],"ab-block-post-grid-square":["https:\/\/i0.wp.com\/www.joyana.fr\/wp-content\/uploads\/2014\/05\/CHLOE-HOWL.jpg?resize=600%2C600&ssl=1",600,600,true],"author-pro-image":["https:\/\/i0.wp.com\/www.joyana.fr\/wp-content\/uploads\/2014\/05\/CHLOE-HOWL.jpg?resize=360%2C570&ssl=1",360,570,true],"slider":["https:\/\/i0.wp.com\/www.joyana.fr\/wp-content\/uploads\/2014\/05\/CHLOE-HOWL.jpg?resize=920%2C400&ssl=1",920,400,true],"woocommerce_thumbnail":["https:\/\/i0.wp.com\/www.joyana.fr\/wp-content\/uploads\/2014\/05\/CHLOE-HOWL.jpg?resize=450%2C450&ssl=1",450,450,true],"woocommerce_single":["https:\/\/i0.wp.com\/www.joyana.fr\/wp-content\/uploads\/2014\/05\/CHLOE-HOWL.jpg?fit=920%2C920&ssl=1",920,920,true],"woocommerce_gallery_thumbnail":["https:\/\/i0.wp.com\/www.joyana.fr\/wp-content\/uploads\/2014\/05\/CHLOE-HOWL.jpg?resize=180%2C180&ssl=1",180,180,true],"sow-carousel-default":["https:\/\/i0.wp.com\/www.joyana.fr\/wp-content\/uploads\/2014\/05\/CHLOE-HOWL.jpg?resize=272%2C182&ssl=1",272,182,true]},"post_excerpt_stackable":"<p>Chl\u00f6e Howl chante\u00a0l&#8217;ouverture du 29e\u00a0Festival International de Mode et de Photographie,\u00a0lisais&hellip;<\/p>\n","category_list":"<a href=\"https:\/\/www.joyana.fr\/ja\/category\/blog\/\" rel=\"category tag\">BLOG<\/a>, <a href=\"https:\/\/www.joyana.fr\/ja\/category\/blog\/music-jo\/\" rel=\"category tag\">MUSIC<\/a>","author_info":{"display_name":"Jo Yana","author_link":"https:\/\/www.joyana.fr\/ja\/author\/joyana\/"},"comments_num":"0 comments","featured_image_urls_v2":{"full":["https:\/\/i0.wp.com\/www.joyana.fr\/wp-content\/uploads\/2014\/05\/CHLOE-HOWL.jpg?fit=1000%2C1000&ssl=1",1000,1000,false],"thumbnail":["https:\/\/i0.wp.com\/www.joyana.fr\/wp-content\/uploads\/2014\/05\/CHLOE-HOWL.jpg?resize=150%2C150&ssl=1",150,150,true],"medium":["https:\/\/i0.wp.com\/www.joyana.fr\/wp-content\/uploads\/2014\/05\/CHLOE-HOWL.jpg?fit=389%2C389&ssl=1",389,389,true],"medium_large":["https:\/\/i0.wp.com\/www.joyana.fr\/wp-content\/uploads\/2014\/05\/CHLOE-HOWL.jpg?fit=768%2C768&ssl=1",768,768,true],"large":["https:\/\/i0.wp.com\/www.joyana.fr\/wp-content\/uploads\/2014\/05\/CHLOE-HOWL.jpg?fit=1000%2C1000&ssl=1",1000,1000,true],"1536x1536":["https:\/\/i0.wp.com\/www.joyana.fr\/wp-content\/uploads\/2014\/05\/CHLOE-HOWL.jpg?fit=1000%2C1000&ssl=1",1000,1000,true],"2048x2048":["https:\/\/i0.wp.com\/www.joyana.fr\/wp-content\/uploads\/2014\/05\/CHLOE-HOWL.jpg?fit=1000%2C1000&ssl=1",1000,1000,true],"featured-thumb":["https:\/\/i0.wp.com\/www.joyana.fr\/wp-content\/uploads\/2014\/05\/CHLOE-HOWL.jpg?resize=1000%2C750&ssl=1",1000,750,true],"ab-block-post-grid-landscape":["https:\/\/i0.wp.com\/www.joyana.fr\/wp-content\/uploads\/2014\/05\/CHLOE-HOWL.jpg?resize=600%2C400&ssl=1",600,400,true],"ab-block-post-grid-square":["https:\/\/i0.wp.com\/www.joyana.fr\/wp-content\/uploads\/2014\/05\/CHLOE-HOWL.jpg?resize=600%2C600&ssl=1",600,600,true],"author-pro-image":["https:\/\/i0.wp.com\/www.joyana.fr\/wp-content\/uploads\/2014\/05\/CHLOE-HOWL.jpg?resize=360%2C570&ssl=1",360,570,true],"slider":["https:\/\/i0.wp.com\/www.joyana.fr\/wp-content\/uploads\/2014\/05\/CHLOE-HOWL.jpg?resize=920%2C400&ssl=1",920,400,true],"woocommerce_thumbnail":["https:\/\/i0.wp.com\/www.joyana.fr\/wp-content\/uploads\/2014\/05\/CHLOE-HOWL.jpg?resize=450%2C450&ssl=1",450,450,true],"woocommerce_single":["https:\/\/i0.wp.com\/www.joyana.fr\/wp-content\/uploads\/2014\/05\/CHLOE-HOWL.jpg?fit=920%2C920&ssl=1",920,920,true],"woocommerce_gallery_thumbnail":["https:\/\/i0.wp.com\/www.joyana.fr\/wp-content\/uploads\/2014\/05\/CHLOE-HOWL.jpg?resize=180%2C180&ssl=1",180,180,true],"sow-carousel-default":["https:\/\/i0.wp.com\/www.joyana.fr\/wp-content\/uploads\/2014\/05\/CHLOE-HOWL.jpg?resize=272%2C182&ssl=1",272,182,true]},"post_excerpt_stackable_v2":"<p>Chl\u00f6e Howl chante\u00a0l&#8217;ouverture du 29e\u00a0Festival International de Mode et de Photographie,\u00a0lisais&hellip;<\/p>\n","category_list_v2":"<a href=\"https:\/\/www.joyana.fr\/ja\/category\/blog\/\" rel=\"category tag\">BLOG<\/a>, <a href=\"https:\/\/www.joyana.fr\/ja\/category\/blog\/music-jo\/\" rel=\"category tag\">MUSIC<\/a>","author_info_v2":{"name":"Jo Yana","url":"https:\/\/www.joyana.fr\/ja\/author\/joyana\/"},"comments_num_v2":"0 comments","yoast_head":"<!-- This site is optimized with the Yoast SEO plugin v26.8 - https:\/\/yoast.com\/product\/yoast-seo-wordpress\/ -->\n<title>CHL\u00d6E HOWL - JO YANA<\/title>\n<meta name=\"robots\" content=\"index, follow, max-snippet:-1, max-image-preview:large, max-video-preview:-1\" \/>\n<link rel=\"canonical\" href=\"https:\/\/www.joyana.fr\/ja\/chloe-howl\/9072\/\" \/>\n<meta property=\"og:locale\" content=\"ja_JP\" \/>\n<meta property=\"og:locale:alternate\" content=\"fr_FR\" \/>\n<meta property=\"og:locale:alternate\" content=\"en_US\" \/>\n<meta property=\"og:type\" content=\"article\" \/>\n<meta property=\"og:title\" content=\"CHL\u00d6E HOWL - JO YANA\" \/>\n<meta property=\"og:description\" content=\"Chl\u00f6e Howl chante\u00a0l&#8217;ouverture du 29e\u00a0Festival International de Mode et de Photographie,\u00a0lisais-je sur mo [&hellip;]\" \/>\n<meta property=\"og:url\" content=\"https:\/\/www.joyana.fr\/ja\/chloe-howl\/9072\/\" \/>\n<meta property=\"og:site_name\" content=\"JO YANA\" \/>\n<meta property=\"article:published_time\" content=\"2014-05-09T06:11:55+00:00\" \/>\n<meta property=\"og:image\" content=\"https:\/\/www.joyana.fr\/wp-content\/uploads\/2014\/05\/CHLOE-HOWL.jpg\" \/>\n\t<meta property=\"og:image:width\" content=\"1000\" \/>\n\t<meta property=\"og:image:height\" content=\"1000\" \/>\n\t<meta property=\"og:image:type\" content=\"image\/jpeg\" \/>\n<meta name=\"author\" content=\"Jo Yana\" \/>\n<meta name=\"twitter:card\" content=\"summary_large_image\" \/>\n<meta name=\"twitter:creator\" content=\"@Jo_Yana\" \/>\n<meta name=\"twitter:site\" content=\"@Jo_Yana\" \/>\n<meta name=\"twitter:label1\" content=\"\u57f7\u7b46\u8005\" \/>\n\t<meta name=\"twitter:data1\" content=\"Jo Yana\" \/>\n<script type=\"application\/ld+json\" class=\"yoast-schema-graph\">{\"@context\":\"https:\/\/schema.org\",\"@graph\":[{\"@type\":\"Article\",\"@id\":\"https:\/\/www.joyana.fr\/en\/chloe-howl\/9072\/#article\",\"isPartOf\":{\"@id\":\"https:\/\/www.joyana.fr\/en\/chloe-howl\/9072\/\"},\"author\":{\"name\":\"Jo Yana\",\"@id\":\"https:\/\/www.joyana.fr\/ja\/#\/schema\/person\/cf2a1ad12a27c12c21801075bf37407c\"},\"headline\":\"CHL\u00d6E HOWL\",\"datePublished\":\"2014-05-09T06:11:55+00:00\",\"mainEntityOfPage\":{\"@id\":\"https:\/\/www.joyana.fr\/en\/chloe-howl\/9072\/\"},\"wordCount\":79,\"commentCount\":0,\"publisher\":{\"@id\":\"https:\/\/www.joyana.fr\/ja\/#\/schema\/person\/cf2a1ad12a27c12c21801075bf37407c\"},\"image\":{\"@id\":\"https:\/\/www.joyana.fr\/en\/chloe-howl\/9072\/#primaryimage\"},\"thumbnailUrl\":\"https:\/\/i0.wp.com\/www.joyana.fr\/wp-content\/uploads\/2014\/05\/CHLOE-HOWL.jpg?fit=1000%2C1000&ssl=1\",\"keywords\":[\"Chl\u00f6e HOWL\",\"Festival International de Mode et de Photographie \u00e0 Hy\u00e8res\",\"Hy\u00e8res\",\"Music\"],\"articleSection\":[\"BLOG\",\"MUSIC\"],\"inLanguage\":\"ja\",\"potentialAction\":[{\"@type\":\"CommentAction\",\"name\":\"Comment\",\"target\":[\"https:\/\/www.joyana.fr\/en\/chloe-howl\/9072\/#respond\"]}]},{\"@type\":\"WebPage\",\"@id\":\"https:\/\/www.joyana.fr\/en\/chloe-howl\/9072\/\",\"url\":\"https:\/\/www.joyana.fr\/en\/chloe-howl\/9072\/\",\"name\":\"CHL\u00d6E HOWL - JO YANA\",\"isPartOf\":{\"@id\":\"https:\/\/www.joyana.fr\/ja\/#website\"},\"primaryImageOfPage\":{\"@id\":\"https:\/\/www.joyana.fr\/en\/chloe-howl\/9072\/#primaryimage\"},\"image\":{\"@id\":\"https:\/\/www.joyana.fr\/en\/chloe-howl\/9072\/#primaryimage\"},\"thumbnailUrl\":\"https:\/\/i0.wp.com\/www.joyana.fr\/wp-content\/uploads\/2014\/05\/CHLOE-HOWL.jpg?fit=1000%2C1000&ssl=1\",\"datePublished\":\"2014-05-09T06:11:55+00:00\",\"breadcrumb\":{\"@id\":\"https:\/\/www.joyana.fr\/en\/chloe-howl\/9072\/#breadcrumb\"},\"inLanguage\":\"ja\",\"potentialAction\":[{\"@type\":\"ReadAction\",\"target\":[\"https:\/\/www.joyana.fr\/en\/chloe-howl\/9072\/\"]}]},{\"@type\":\"ImageObject\",\"inLanguage\":\"ja\",\"@id\":\"https:\/\/www.joyana.fr\/en\/chloe-howl\/9072\/#primaryimage\",\"url\":\"https:\/\/i0.wp.com\/www.joyana.fr\/wp-content\/uploads\/2014\/05\/CHLOE-HOWL.jpg?fit=1000%2C1000&ssl=1\",\"contentUrl\":\"https:\/\/i0.wp.com\/www.joyana.fr\/wp-content\/uploads\/2014\/05\/CHLOE-HOWL.jpg?fit=1000%2C1000&ssl=1\",\"width\":1000,\"height\":1000},{\"@type\":\"BreadcrumbList\",\"@id\":\"https:\/\/www.joyana.fr\/en\/chloe-howl\/9072\/#breadcrumb\",\"itemListElement\":[{\"@type\":\"ListItem\",\"position\":1,\"name\":\"Accueil\",\"item\":\"https:\/\/www.joyana.fr\/ja\/\"},{\"@type\":\"ListItem\",\"position\":2,\"name\":\"CHL\u00d6E HOWL\"}]},{\"@type\":\"WebSite\",\"@id\":\"https:\/\/www.joyana.fr\/ja\/#website\",\"url\":\"https:\/\/www.joyana.fr\/ja\/\",\"name\":\"JO YANA\",\"description\":\"Blog Mode Homme, Lifestyle, D\u00e9co-Design\",\"publisher\":{\"@id\":\"https:\/\/www.joyana.fr\/ja\/#\/schema\/person\/cf2a1ad12a27c12c21801075bf37407c\"},\"potentialAction\":[{\"@type\":\"SearchAction\",\"target\":{\"@type\":\"EntryPoint\",\"urlTemplate\":\"https:\/\/www.joyana.fr\/ja\/?s={search_term_string}\"},\"query-input\":{\"@type\":\"PropertyValueSpecification\",\"valueRequired\":true,\"valueName\":\"search_term_string\"}}],\"inLanguage\":\"ja\"},{\"@type\":[\"Person\",\"Organization\"],\"@id\":\"https:\/\/www.joyana.fr\/ja\/#\/schema\/person\/cf2a1ad12a27c12c21801075bf37407c\",\"name\":\"Jo Yana\",\"image\":{\"@type\":\"ImageObject\",\"inLanguage\":\"ja\",\"@id\":\"https:\/\/www.joyana.fr\/ja\/#\/schema\/person\/image\/\",\"url\":\"https:\/\/i0.wp.com\/www.joyana.fr\/wp-content\/uploads\/2016\/08\/cropped-joyana-logo-black-360x180.png?fit=343%2C164&ssl=1\",\"contentUrl\":\"https:\/\/i0.wp.com\/www.joyana.fr\/wp-content\/uploads\/2016\/08\/cropped-joyana-logo-black-360x180.png?fit=343%2C164&ssl=1\",\"width\":343,\"height\":164,\"caption\":\"Jo Yana\"},\"logo\":{\"@id\":\"https:\/\/www.joyana.fr\/ja\/#\/schema\/person\/image\/\"},\"description\":\"Jo Yana est le cr\u00e9ateur et r\u00e9dacteur en chef des sites DECO-DESIGN. Passionn\u00e9 de Design, Mode, Photo, Luxe, Lifestyle, Musique, mais avant tout Blogueur ! Le plaisir de partager l'anime et a comme devise \\\"POUR L'AMOUR DU BEAU\\\". Retrouvez le aussi sur son blog personnel - https:\/\/joyana.fr...\",\"sameAs\":[\"https:\/\/joyana.fr\/\"],\"url\":\"https:\/\/www.joyana.fr\/ja\/author\/joyana\/\"}]}<\/script>\n<!-- \/ Yoast SEO plugin. -->","yoast_head_json":{"title":"CHL\u00d6E HOWL - JO YANA","robots":{"index":"index","follow":"follow","max-snippet":"max-snippet:-1","max-image-preview":"max-image-preview:large","max-video-preview":"max-video-preview:-1"},"canonical":"https:\/\/www.joyana.fr\/ja\/chloe-howl\/9072\/","og_locale":"ja_JP","og_type":"article","og_title":"CHL\u00d6E HOWL - JO YANA","og_description":"Chl\u00f6e Howl chante\u00a0l&#8217;ouverture du 29e\u00a0Festival International de Mode et de Photographie,\u00a0lisais-je sur mo [&hellip;]","og_url":"https:\/\/www.joyana.fr\/ja\/chloe-howl\/9072\/","og_site_name":"JO YANA","article_published_time":"2014-05-09T06:11:55+00:00","og_image":[{"width":1000,"height":1000,"url":"https:\/\/www.joyana.fr\/wp-content\/uploads\/2014\/05\/CHLOE-HOWL.jpg","type":"image\/jpeg"}],"author":"Jo Yana","twitter_card":"summary_large_image","twitter_creator":"@Jo_Yana","twitter_site":"@Jo_Yana","twitter_misc":{"\u57f7\u7b46\u8005":"Jo Yana"},"schema":{"@context":"https:\/\/schema.org","@graph":[{"@type":"Article","@id":"https:\/\/www.joyana.fr\/en\/chloe-howl\/9072\/#article","isPartOf":{"@id":"https:\/\/www.joyana.fr\/en\/chloe-howl\/9072\/"},"author":{"name":"Jo Yana","@id":"https:\/\/www.joyana.fr\/ja\/#\/schema\/person\/cf2a1ad12a27c12c21801075bf37407c"},"headline":"CHL\u00d6E HOWL","datePublished":"2014-05-09T06:11:55+00:00","mainEntityOfPage":{"@id":"https:\/\/www.joyana.fr\/en\/chloe-howl\/9072\/"},"wordCount":79,"commentCount":0,"publisher":{"@id":"https:\/\/www.joyana.fr\/ja\/#\/schema\/person\/cf2a1ad12a27c12c21801075bf37407c"},"image":{"@id":"https:\/\/www.joyana.fr\/en\/chloe-howl\/9072\/#primaryimage"},"thumbnailUrl":"https:\/\/i0.wp.com\/www.joyana.fr\/wp-content\/uploads\/2014\/05\/CHLOE-HOWL.jpg?fit=1000%2C1000&ssl=1","keywords":["Chl\u00f6e HOWL","Festival International de Mode et de Photographie \u00e0 Hy\u00e8res","Hy\u00e8res","Music"],"articleSection":["BLOG","MUSIC"],"inLanguage":"ja","potentialAction":[{"@type":"CommentAction","name":"Comment","target":["https:\/\/www.joyana.fr\/en\/chloe-howl\/9072\/#respond"]}]},{"@type":"WebPage","@id":"https:\/\/www.joyana.fr\/en\/chloe-howl\/9072\/","url":"https:\/\/www.joyana.fr\/en\/chloe-howl\/9072\/","name":"CHL\u00d6E HOWL - JO YANA","isPartOf":{"@id":"https:\/\/www.joyana.fr\/ja\/#website"},"primaryImageOfPage":{"@id":"https:\/\/www.joyana.fr\/en\/chloe-howl\/9072\/#primaryimage"},"image":{"@id":"https:\/\/www.joyana.fr\/en\/chloe-howl\/9072\/#primaryimage"},"thumbnailUrl":"https:\/\/i0.wp.com\/www.joyana.fr\/wp-content\/uploads\/2014\/05\/CHLOE-HOWL.jpg?fit=1000%2C1000&ssl=1","datePublished":"2014-05-09T06:11:55+00:00","breadcrumb":{"@id":"https:\/\/www.joyana.fr\/en\/chloe-howl\/9072\/#breadcrumb"},"inLanguage":"ja","potentialAction":[{"@type":"ReadAction","target":["https:\/\/www.joyana.fr\/en\/chloe-howl\/9072\/"]}]},{"@type":"ImageObject","inLanguage":"ja","@id":"https:\/\/www.joyana.fr\/en\/chloe-howl\/9072\/#primaryimage","url":"https:\/\/i0.wp.com\/www.joyana.fr\/wp-content\/uploads\/2014\/05\/CHLOE-HOWL.jpg?fit=1000%2C1000&ssl=1","contentUrl":"https:\/\/i0.wp.com\/www.joyana.fr\/wp-content\/uploads\/2014\/05\/CHLOE-HOWL.jpg?fit=1000%2C1000&ssl=1","width":1000,"height":1000},{"@type":"BreadcrumbList","@id":"https:\/\/www.joyana.fr\/en\/chloe-howl\/9072\/#breadcrumb","itemListElement":[{"@type":"ListItem","position":1,"name":"Accueil","item":"https:\/\/www.joyana.fr\/ja\/"},{"@type":"ListItem","position":2,"name":"CHL\u00d6E HOWL"}]},{"@type":"WebSite","@id":"https:\/\/www.joyana.fr\/ja\/#website","url":"https:\/\/www.joyana.fr\/ja\/","name":"JO YANA","description":"Blog Mode Homme, Lifestyle, D\u00e9co-Design","publisher":{"@id":"https:\/\/www.joyana.fr\/ja\/#\/schema\/person\/cf2a1ad12a27c12c21801075bf37407c"},"potentialAction":[{"@type":"SearchAction","target":{"@type":"EntryPoint","urlTemplate":"https:\/\/www.joyana.fr\/ja\/?s={search_term_string}"},"query-input":{"@type":"PropertyValueSpecification","valueRequired":true,"valueName":"search_term_string"}}],"inLanguage":"ja"},{"@type":["Person","Organization"],"@id":"https:\/\/www.joyana.fr\/ja\/#\/schema\/person\/cf2a1ad12a27c12c21801075bf37407c","name":"Jo Yana","image":{"@type":"ImageObject","inLanguage":"ja","@id":"https:\/\/www.joyana.fr\/ja\/#\/schema\/person\/image\/","url":"https:\/\/i0.wp.com\/www.joyana.fr\/wp-content\/uploads\/2016\/08\/cropped-joyana-logo-black-360x180.png?fit=343%2C164&ssl=1","contentUrl":"https:\/\/i0.wp.com\/www.joyana.fr\/wp-content\/uploads\/2016\/08\/cropped-joyana-logo-black-360x180.png?fit=343%2C164&ssl=1","width":343,"height":164,"caption":"Jo Yana"},"logo":{"@id":"https:\/\/www.joyana.fr\/ja\/#\/schema\/person\/image\/"},"description":"Jo Yana est le cr\u00e9ateur et r\u00e9dacteur en chef des sites DECO-DESIGN. Passionn\u00e9 de Design, Mode, Photo, Luxe, Lifestyle, Musique, mais avant tout Blogueur ! Le plaisir de partager l'anime et a comme devise \"POUR L'AMOUR DU BEAU\". Retrouvez le aussi sur son blog personnel - https:\/\/joyana.fr...","sameAs":["https:\/\/joyana.fr\/"],"url":"https:\/\/www.joyana.fr\/ja\/author\/joyana\/"}]}},"author_meta":{"display_name":"Jo Yana","author_link":"https:\/\/www.joyana.fr\/ja\/author\/joyana\/"},"featured_img":"https:\/\/i0.wp.com\/www.joyana.fr\/wp-content\/uploads\/2014\/05\/CHLOE-HOWL.jpg?fit=389%2C389&ssl=1","featured_image_src":"https:\/\/i0.wp.com\/www.joyana.fr\/wp-content\/uploads\/2014\/05\/CHLOE-HOWL.jpg?resize=600%2C400&ssl=1","featured_image_src_square":"https:\/\/i0.wp.com\/www.joyana.fr\/wp-content\/uploads\/2014\/05\/CHLOE-HOWL.jpg?resize=600%2C600&ssl=1","jetpack_featured_media_url":"https:\/\/i0.wp.com\/www.joyana.fr\/wp-content\/uploads\/2014\/05\/CHLOE-HOWL.jpg?fit=1000%2C1000&ssl=1","uagb_featured_image_src":{"full":["https:\/\/i0.wp.com\/www.joyana.fr\/wp-content\/uploads\/2014\/05\/CHLOE-HOWL.jpg?fit=1000%2C1000&ssl=1",1000,1000,false],"thumbnail":["https:\/\/i0.wp.com\/www.joyana.fr\/wp-content\/uploads\/2014\/05\/CHLOE-HOWL.jpg?resize=150%2C150&ssl=1",150,150,true],"medium":["https:\/\/i0.wp.com\/www.joyana.fr\/wp-content\/uploads\/2014\/05\/CHLOE-HOWL.jpg?fit=389%2C389&ssl=1",389,389,true],"medium_large":["https:\/\/i0.wp.com\/www.joyana.fr\/wp-content\/uploads\/2014\/05\/CHLOE-HOWL.jpg?fit=768%2C768&ssl=1",768,768,true],"large":["https:\/\/i0.wp.com\/www.joyana.fr\/wp-content\/uploads\/2014\/05\/CHLOE-HOWL.jpg?fit=1000%2C1000&ssl=1",1000,1000,true],"1536x1536":["https:\/\/i0.wp.com\/www.joyana.fr\/wp-content\/uploads\/2014\/05\/CHLOE-HOWL.jpg?fit=1000%2C1000&ssl=1",1000,1000,true],"2048x2048":["https:\/\/i0.wp.com\/www.joyana.fr\/wp-content\/uploads\/2014\/05\/CHLOE-HOWL.jpg?fit=1000%2C1000&ssl=1",1000,1000,true],"featured-thumb":["https:\/\/i0.wp.com\/www.joyana.fr\/wp-content\/uploads\/2014\/05\/CHLOE-HOWL.jpg?resize=1000%2C750&ssl=1",1000,750,true],"ab-block-post-grid-landscape":["https:\/\/i0.wp.com\/www.joyana.fr\/wp-content\/uploads\/2014\/05\/CHLOE-HOWL.jpg?resize=600%2C400&ssl=1",600,400,true],"ab-block-post-grid-square":["https:\/\/i0.wp.com\/www.joyana.fr\/wp-content\/uploads\/2014\/05\/CHLOE-HOWL.jpg?resize=600%2C600&ssl=1",600,600,true],"author-pro-image":["https:\/\/i0.wp.com\/www.joyana.fr\/wp-content\/uploads\/2014\/05\/CHLOE-HOWL.jpg?resize=360%2C570&ssl=1",360,570,true],"slider":["https:\/\/i0.wp.com\/www.joyana.fr\/wp-content\/uploads\/2014\/05\/CHLOE-HOWL.jpg?resize=920%2C400&ssl=1",920,400,true],"woocommerce_thumbnail":["https:\/\/i0.wp.com\/www.joyana.fr\/wp-content\/uploads\/2014\/05\/CHLOE-HOWL.jpg?resize=450%2C450&ssl=1",450,450,true],"woocommerce_single":["https:\/\/i0.wp.com\/www.joyana.fr\/wp-content\/uploads\/2014\/05\/CHLOE-HOWL.jpg?fit=920%2C920&ssl=1",920,920,true],"woocommerce_gallery_thumbnail":["https:\/\/i0.wp.com\/www.joyana.fr\/wp-content\/uploads\/2014\/05\/CHLOE-HOWL.jpg?resize=180%2C180&ssl=1",180,180,true],"sow-carousel-default":["https:\/\/i0.wp.com\/www.joyana.fr\/wp-content\/uploads\/2014\/05\/CHLOE-HOWL.jpg?resize=272%2C182&ssl=1",272,182,true]},"uagb_author_info":{"display_name":"Jo Yana","author_link":"https:\/\/www.joyana.fr\/ja\/author\/joyana\/"},"uagb_comment_info":0,"uagb_excerpt":"Chl\u00f6e Howl chante\u00a0l&#8217;ouverture du 29e\u00a0Festival Int&hellip;","coauthors":[],"tax_additional":{"categories":{"linked":["<a href=\"https:\/\/www.joyana.fr\/ja\/category\/blog\/\" class=\"advgb-post-tax-term\">BLOG<\/a>","<a href=\"https:\/\/www.joyana.fr\/ja\/category\/blog\/music-jo\/\" class=\"advgb-post-tax-term\">MUSIC<\/a>"],"unlinked":["<span class=\"advgb-post-tax-term\">BLOG<\/span>","<span class=\"advgb-post-tax-term\">MUSIC<\/span>"]},"tags":{"linked":["<a href=\"https:\/\/www.joyana.fr\/ja\/category\/blog\/music-jo\/\" class=\"advgb-post-tax-term\">Chl\u00f6e HOWL<\/a>","<a href=\"https:\/\/www.joyana.fr\/ja\/category\/blog\/music-jo\/\" class=\"advgb-post-tax-term\">Festival International de Mode et de Photographie \u00e0 Hy\u00e8res<\/a>","<a href=\"https:\/\/www.joyana.fr\/ja\/category\/blog\/music-jo\/\" class=\"advgb-post-tax-term\">Hy\u00e8res<\/a>","<a href=\"https:\/\/www.joyana.fr\/ja\/category\/blog\/music-jo\/\" class=\"advgb-post-tax-term\">Music<\/a>"],"unlinked":["<span class=\"advgb-post-tax-term\">Chl\u00f6e HOWL<\/span>","<span class=\"advgb-post-tax-term\">Festival International de Mode et de Photographie \u00e0 Hy\u00e8res<\/span>","<span class=\"advgb-post-tax-term\">Hy\u00e8res<\/span>","<span class=\"advgb-post-tax-term\">Music<\/span>"]}},"comment_count":0,"relative_dates":{"created":"Posted 12\u5e74 ago","modified":"Updated 12\u5e74 ago"},"absolute_dates":{"created":"Posted on 9 5\u6708 2014","modified":"Updated on 9 5\u6708 2014"},"absolute_dates_time":{"created":"Posted on 9 5\u6708 2014 8:11","modified":"Updated on 9 5\u6708 2014 8:11"},"featured_img_caption":"","series_order":"","jetpack_sharing_enabled":true,"jetpack_shortlink":"https:\/\/wp.me\/p9bteI-2mk","jetpack-related-posts":[],"_links":{"self":[{"href":"https:\/\/www.joyana.fr\/ja\/wp-json\/wp\/v2\/posts\/9072","targetHints":{"allow":["GET"]}}],"collection":[{"href":"https:\/\/www.joyana.fr\/ja\/wp-json\/wp\/v2\/posts"}],"about":[{"href":"https:\/\/www.joyana.fr\/ja\/wp-json\/wp\/v2\/types\/post"}],"author":[{"embeddable":true,"href":"https:\/\/www.joyana.fr\/ja\/wp-json\/wp\/v2\/users\/3"}],"replies":[{"embeddable":true,"href":"https:\/\/www.joyana.fr\/ja\/wp-json\/wp\/v2\/comments?post=9072"}],"version-history":[{"count":0,"href":"https:\/\/www.joyana.fr\/ja\/wp-json\/wp\/v2\/posts\/9072\/revisions"}],"wp:featuredmedia":[{"embeddable":true,"href":"https:\/\/www.joyana.fr\/ja\/wp-json\/wp\/v2\/media\/9073"}],"wp:attachment":[{"href":"https:\/\/www.joyana.fr\/ja\/wp-json\/wp\/v2\/media?parent=9072"}],"wp:term":[{"taxonomy":"category","embeddable":true,"href":"https:\/\/www.joyana.fr\/ja\/wp-json\/wp\/v2\/categories?post=9072"},{"taxonomy":"post_tag","embeddable":true,"href":"https:\/\/www.joyana.fr\/ja\/wp-json\/wp\/v2\/tags?post=9072"}],"curies":[{"name":"wp","href":"https:\/\/api.w.org\/{rel}","templated":true}]}}