{"id":8216,"date":"2014-03-05T22:07:56","date_gmt":"2014-03-05T21:07:56","guid":{"rendered":"https:\/\/joyana.fr\/?p=8216"},"modified":"2014-03-05T22:07:56","modified_gmt":"2014-03-05T21:07:56","slug":"blue-is-the-warmest-color-la-vie-dadele","status":"publish","type":"post","link":"https:\/\/www.joyana.fr\/ja\/blue-is-the-warmest-color-la-vie-dadele\/8216\/","title":{"rendered":"BLUE IS THE WARMEST COLOR"},"content":{"rendered":"<p><a href=\"https:\/\/i0.wp.com\/joyana.fr\/wp-content\/uploads\/2014\/03\/BLUE-IS-THE-WARMEST-COLOR-la-vie-dad%C3%A8le.jpg?ssl=1\"><img data-recalc-dims=\"1\" fetchpriority=\"high\" decoding=\"async\" data-attachment-id=\"8217\" data-permalink=\"https:\/\/www.joyana.fr\/ja\/blue-is-the-warmest-color-la-vie-dadele\/8216\/blue-is-the-warmest-color-la-vie-dadele\/\" data-orig-file=\"https:\/\/i0.wp.com\/www.joyana.fr\/wp-content\/uploads\/2014\/03\/BLUE-IS-THE-WARMEST-COLOR-la-vie-dad%C3%A8le.jpg?fit=800%2C800&amp;ssl=1\" data-orig-size=\"800,800\" data-comments-opened=\"1\" data-image-meta=\"{&quot;aperture&quot;:&quot;0&quot;,&quot;credit&quot;:&quot;&quot;,&quot;camera&quot;:&quot;&quot;,&quot;caption&quot;:&quot;&quot;,&quot;created_timestamp&quot;:&quot;0&quot;,&quot;copyright&quot;:&quot;&quot;,&quot;focal_length&quot;:&quot;0&quot;,&quot;iso&quot;:&quot;0&quot;,&quot;shutter_speed&quot;:&quot;0&quot;,&quot;title&quot;:&quot;&quot;,&quot;orientation&quot;:&quot;1&quot;}\" data-image-title=\"BLUE IS THE WARMEST COLOR &#8211; la vie d&#8217;ad\u00e8le\" data-image-description=\"\" data-image-caption=\"\" data-medium-file=\"https:\/\/i0.wp.com\/www.joyana.fr\/wp-content\/uploads\/2014\/03\/BLUE-IS-THE-WARMEST-COLOR-la-vie-dad%C3%A8le.jpg?fit=389%2C389&amp;ssl=1\" data-large-file=\"https:\/\/i0.wp.com\/www.joyana.fr\/wp-content\/uploads\/2014\/03\/BLUE-IS-THE-WARMEST-COLOR-la-vie-dad%C3%A8le.jpg?fit=800%2C800&amp;ssl=1\" class=\"alignnone size-large wp-image-8217\" alt=\"BLUE IS THE WARMEST COLOR - la vie d'ad\u00e8le\" src=\"https:\/\/i0.wp.com\/joyana.fr\/wp-content\/uploads\/2014\/03\/BLUE-IS-THE-WARMEST-COLOR-la-vie-dad%C3%A8le-650x650.jpg?resize=650%2C650&#038;ssl=1\" width=\"650\" height=\"650\" \/><\/a><\/p>\n<p><strong>BLUE IS THE WARMEST COLOR<\/strong>\u00a0c&#8217;est le titre en anglais de <a href=\"http:\/\/laviedadele-lefilm.com\"><strong>LA VIE D&#8217;ADELE<\/strong><\/a> &#8211; cet excellent film que j&#8217;ai pu voir aujourd&#8217;hui. Je trouve le titre en anglais tellement plus en corr\u00e9lation avec le film que j&#8217;ai d\u00e9cid\u00e9 de l&#8217;illustrer&#8230;<\/p>\n<p><!--more--><\/p>\n<p>Cela faisait assez longtemps que j&#8217;\u00e9tais en manque d&#8217;\u00e9motions au cin\u00e9ma : films sympa sans plus ou encore d\u00e9cevants, ont rythm\u00e9 mes derni\u00e8res s\u00e9ances. Aujourd&#8217;hui je me suis laisser emporter durant trois heures par la performance d&#8217;Ad\u00e8le Exarchopoulos &#8211; qui perce l&#8217;\u00e9cran, et me fait passer du rire aux larmes avec une aisance d\u00e9concertante ! J&#8217;assiste durant ce film \u00e0 la naissance d&#8217;une actrice, \u00e0 une jeune pousse qui c\u00f4toie ais\u00e9ment une belle plante du cin\u00e9ma fran\u00e7ais&#8230;<\/p>\n<p>Je vais passer sur la r\u00e9alisation, le casting, et la bande originale, qui sont sans faute&#8230; Je tenais juste \u00e0 vous communiquer ce coup de coeur, et essayer de vous donner envie de le voir le plus rapidement possible&#8230; Moi j&#8217;y pense encore&#8230;<\/p>\n<p><span style=\"color: #ffffff;\">.<\/span><\/p>\n","protected":false},"excerpt":{"rendered":"<p>BLUE IS THE WARMEST COLOR\u00a0c&#8217;est le titre en anglais de LA VIE D&#8217;ADELE &#8211; cet excellent film q [&hellip;]<\/p>\n","protected":false},"author":3,"featured_media":8217,"comment_status":"open","ping_status":"open","sticky":false,"template":"","format":"standard","meta":{"_coblocks_attr":"","_coblocks_dimensions":"","_coblocks_responsive_height":"","_coblocks_accordion_ie_support":"","_uag_custom_page_level_css":"","advgb_blocks_editor_width":"","advgb_blocks_columns_visual_guide":"","_genesis_hide_title":false,"_genesis_hide_breadcrumbs":false,"_genesis_hide_singular_image":false,"_genesis_hide_footer_widgets":false,"_genesis_custom_body_class":"","_genesis_custom_post_class":"","_genesis_layout":"","_themeisle_gutenberg_block_has_review":false,"_jetpack_newsletter_access":"","_jetpack_dont_email_post_to_subs":false,"_jetpack_newsletter_tier_id":0,"_jetpack_memberships_contains_paywalled_content":false,"_jetpack_memberships_contains_paid_content":false,"footnotes":""},"categories":[60,13],"tags":[86,586],"class_list":{"0":"post-8216","1":"post","2":"type-post","3":"status-publish","4":"format-standard","5":"has-post-thumbnail","7":"category-blog","8":"category-culture","9":"tag-cinema","10":"tag-la-vie-dadele","11":"entry"},"featured_image_urls":{"full":["https:\/\/i0.wp.com\/www.joyana.fr\/wp-content\/uploads\/2014\/03\/BLUE-IS-THE-WARMEST-COLOR-la-vie-dad%C3%A8le.jpg?fit=800%2C800&ssl=1",800,800,false],"thumbnail":["https:\/\/i0.wp.com\/www.joyana.fr\/wp-content\/uploads\/2014\/03\/BLUE-IS-THE-WARMEST-COLOR-la-vie-dad%C3%A8le.jpg?resize=150%2C150&ssl=1",150,150,true],"medium":["https:\/\/i0.wp.com\/www.joyana.fr\/wp-content\/uploads\/2014\/03\/BLUE-IS-THE-WARMEST-COLOR-la-vie-dad%C3%A8le.jpg?fit=389%2C389&ssl=1",389,389,true],"medium_large":["https:\/\/i0.wp.com\/www.joyana.fr\/wp-content\/uploads\/2014\/03\/BLUE-IS-THE-WARMEST-COLOR-la-vie-dad%C3%A8le.jpg?fit=768%2C768&ssl=1",768,768,true],"large":["https:\/\/i0.wp.com\/www.joyana.fr\/wp-content\/uploads\/2014\/03\/BLUE-IS-THE-WARMEST-COLOR-la-vie-dad%C3%A8le.jpg?fit=800%2C800&ssl=1",800,800,true],"1536x1536":["https:\/\/i0.wp.com\/www.joyana.fr\/wp-content\/uploads\/2014\/03\/BLUE-IS-THE-WARMEST-COLOR-la-vie-dad%C3%A8le.jpg?fit=800%2C800&ssl=1",800,800,true],"2048x2048":["https:\/\/i0.wp.com\/www.joyana.fr\/wp-content\/uploads\/2014\/03\/BLUE-IS-THE-WARMEST-COLOR-la-vie-dad%C3%A8le.jpg?fit=800%2C800&ssl=1",800,800,true],"featured-thumb":["https:\/\/i0.wp.com\/www.joyana.fr\/wp-content\/uploads\/2014\/03\/BLUE-IS-THE-WARMEST-COLOR-la-vie-dad%C3%A8le.jpg?resize=800%2C750&ssl=1",800,750,true],"ab-block-post-grid-landscape":["https:\/\/i0.wp.com\/www.joyana.fr\/wp-content\/uploads\/2014\/03\/BLUE-IS-THE-WARMEST-COLOR-la-vie-dad%C3%A8le.jpg?resize=600%2C400&ssl=1",600,400,true],"ab-block-post-grid-square":["https:\/\/i0.wp.com\/www.joyana.fr\/wp-content\/uploads\/2014\/03\/BLUE-IS-THE-WARMEST-COLOR-la-vie-dad%C3%A8le.jpg?resize=600%2C600&ssl=1",600,600,true],"author-pro-image":["https:\/\/i0.wp.com\/www.joyana.fr\/wp-content\/uploads\/2014\/03\/BLUE-IS-THE-WARMEST-COLOR-la-vie-dad%C3%A8le.jpg?resize=360%2C570&ssl=1",360,570,true],"slider":["https:\/\/i0.wp.com\/www.joyana.fr\/wp-content\/uploads\/2014\/03\/BLUE-IS-THE-WARMEST-COLOR-la-vie-dad%C3%A8le.jpg?resize=800%2C400&ssl=1",800,400,true],"woocommerce_thumbnail":["https:\/\/i0.wp.com\/www.joyana.fr\/wp-content\/uploads\/2014\/03\/BLUE-IS-THE-WARMEST-COLOR-la-vie-dad%C3%A8le.jpg?resize=450%2C450&ssl=1",450,450,true],"woocommerce_single":["https:\/\/i0.wp.com\/www.joyana.fr\/wp-content\/uploads\/2014\/03\/BLUE-IS-THE-WARMEST-COLOR-la-vie-dad%C3%A8le.jpg?fit=800%2C800&ssl=1",800,800,true],"woocommerce_gallery_thumbnail":["https:\/\/i0.wp.com\/www.joyana.fr\/wp-content\/uploads\/2014\/03\/BLUE-IS-THE-WARMEST-COLOR-la-vie-dad%C3%A8le.jpg?resize=180%2C180&ssl=1",180,180,true],"sow-carousel-default":["https:\/\/i0.wp.com\/www.joyana.fr\/wp-content\/uploads\/2014\/03\/BLUE-IS-THE-WARMEST-COLOR-la-vie-dad%C3%A8le.jpg?resize=272%2C182&ssl=1",272,182,true]},"post_excerpt_stackable":"<p>BLUE IS THE WARMEST COLOR\u00a0c&#8217;est le titre en anglais de LA VIE D&#8217;ADELE &#8211; cet excell&hellip;<\/p>\n","category_list":"<a href=\"https:\/\/www.joyana.fr\/ja\/category\/blog\/\" rel=\"category tag\">BLOG<\/a>, <a href=\"https:\/\/www.joyana.fr\/ja\/category\/blog\/culture\/\" rel=\"category tag\">CULTURE<\/a>","author_info":{"display_name":"Jo Yana","author_link":"https:\/\/www.joyana.fr\/ja\/author\/joyana\/"},"comments_num":"0 comments","featured_image_urls_v2":{"full":["https:\/\/i0.wp.com\/www.joyana.fr\/wp-content\/uploads\/2014\/03\/BLUE-IS-THE-WARMEST-COLOR-la-vie-dad%C3%A8le.jpg?fit=800%2C800&ssl=1",800,800,false],"thumbnail":["https:\/\/i0.wp.com\/www.joyana.fr\/wp-content\/uploads\/2014\/03\/BLUE-IS-THE-WARMEST-COLOR-la-vie-dad%C3%A8le.jpg?resize=150%2C150&ssl=1",150,150,true],"medium":["https:\/\/i0.wp.com\/www.joyana.fr\/wp-content\/uploads\/2014\/03\/BLUE-IS-THE-WARMEST-COLOR-la-vie-dad%C3%A8le.jpg?fit=389%2C389&ssl=1",389,389,true],"medium_large":["https:\/\/i0.wp.com\/www.joyana.fr\/wp-content\/uploads\/2014\/03\/BLUE-IS-THE-WARMEST-COLOR-la-vie-dad%C3%A8le.jpg?fit=768%2C768&ssl=1",768,768,true],"large":["https:\/\/i0.wp.com\/www.joyana.fr\/wp-content\/uploads\/2014\/03\/BLUE-IS-THE-WARMEST-COLOR-la-vie-dad%C3%A8le.jpg?fit=800%2C800&ssl=1",800,800,true],"1536x1536":["https:\/\/i0.wp.com\/www.joyana.fr\/wp-content\/uploads\/2014\/03\/BLUE-IS-THE-WARMEST-COLOR-la-vie-dad%C3%A8le.jpg?fit=800%2C800&ssl=1",800,800,true],"2048x2048":["https:\/\/i0.wp.com\/www.joyana.fr\/wp-content\/uploads\/2014\/03\/BLUE-IS-THE-WARMEST-COLOR-la-vie-dad%C3%A8le.jpg?fit=800%2C800&ssl=1",800,800,true],"featured-thumb":["https:\/\/i0.wp.com\/www.joyana.fr\/wp-content\/uploads\/2014\/03\/BLUE-IS-THE-WARMEST-COLOR-la-vie-dad%C3%A8le.jpg?resize=800%2C750&ssl=1",800,750,true],"ab-block-post-grid-landscape":["https:\/\/i0.wp.com\/www.joyana.fr\/wp-content\/uploads\/2014\/03\/BLUE-IS-THE-WARMEST-COLOR-la-vie-dad%C3%A8le.jpg?resize=600%2C400&ssl=1",600,400,true],"ab-block-post-grid-square":["https:\/\/i0.wp.com\/www.joyana.fr\/wp-content\/uploads\/2014\/03\/BLUE-IS-THE-WARMEST-COLOR-la-vie-dad%C3%A8le.jpg?resize=600%2C600&ssl=1",600,600,true],"author-pro-image":["https:\/\/i0.wp.com\/www.joyana.fr\/wp-content\/uploads\/2014\/03\/BLUE-IS-THE-WARMEST-COLOR-la-vie-dad%C3%A8le.jpg?resize=360%2C570&ssl=1",360,570,true],"slider":["https:\/\/i0.wp.com\/www.joyana.fr\/wp-content\/uploads\/2014\/03\/BLUE-IS-THE-WARMEST-COLOR-la-vie-dad%C3%A8le.jpg?resize=800%2C400&ssl=1",800,400,true],"woocommerce_thumbnail":["https:\/\/i0.wp.com\/www.joyana.fr\/wp-content\/uploads\/2014\/03\/BLUE-IS-THE-WARMEST-COLOR-la-vie-dad%C3%A8le.jpg?resize=450%2C450&ssl=1",450,450,true],"woocommerce_single":["https:\/\/i0.wp.com\/www.joyana.fr\/wp-content\/uploads\/2014\/03\/BLUE-IS-THE-WARMEST-COLOR-la-vie-dad%C3%A8le.jpg?fit=800%2C800&ssl=1",800,800,true],"woocommerce_gallery_thumbnail":["https:\/\/i0.wp.com\/www.joyana.fr\/wp-content\/uploads\/2014\/03\/BLUE-IS-THE-WARMEST-COLOR-la-vie-dad%C3%A8le.jpg?resize=180%2C180&ssl=1",180,180,true],"sow-carousel-default":["https:\/\/i0.wp.com\/www.joyana.fr\/wp-content\/uploads\/2014\/03\/BLUE-IS-THE-WARMEST-COLOR-la-vie-dad%C3%A8le.jpg?resize=272%2C182&ssl=1",272,182,true]},"post_excerpt_stackable_v2":"<p>BLUE IS THE WARMEST COLOR\u00a0c&#8217;est le titre en anglais de LA VIE D&#8217;ADELE &#8211; cet excell&hellip;<\/p>\n","category_list_v2":"<a href=\"https:\/\/www.joyana.fr\/ja\/category\/blog\/\" rel=\"category tag\">BLOG<\/a>, <a href=\"https:\/\/www.joyana.fr\/ja\/category\/blog\/culture\/\" rel=\"category tag\">CULTURE<\/a>","author_info_v2":{"name":"Jo Yana","url":"https:\/\/www.joyana.fr\/ja\/author\/joyana\/"},"comments_num_v2":"0 comments","yoast_head":"<!-- This site is optimized with the Yoast SEO plugin v26.8 - https:\/\/yoast.com\/product\/yoast-seo-wordpress\/ -->\n<title>BLUE IS THE WARMEST COLOR - JO YANA<\/title>\n<meta name=\"robots\" content=\"index, follow, max-snippet:-1, max-image-preview:large, max-video-preview:-1\" \/>\n<link rel=\"canonical\" href=\"https:\/\/joyana.fr\/ja\/blue-is-the-warmest-color-la-vie-dadele\/8216\/\" \/>\n<meta property=\"og:locale\" content=\"ja_JP\" \/>\n<meta property=\"og:locale:alternate\" content=\"fr_FR\" \/>\n<meta property=\"og:locale:alternate\" content=\"en_US\" \/>\n<meta property=\"og:type\" content=\"article\" \/>\n<meta property=\"og:title\" content=\"BLUE IS THE WARMEST COLOR - JO YANA\" \/>\n<meta property=\"og:description\" content=\"BLUE IS THE WARMEST COLOR\u00a0c&#8217;est le titre en anglais de LA VIE D&#8217;ADELE &#8211; cet excellent film q [&hellip;]\" \/>\n<meta property=\"og:url\" content=\"https:\/\/www.joyana.fr\/ja\/blue-is-the-warmest-color-la-vie-dadele\/8216\/\" \/>\n<meta property=\"og:site_name\" content=\"JO YANA\" \/>\n<meta property=\"article:published_time\" content=\"2014-03-05T21:07:56+00:00\" \/>\n<meta property=\"og:image\" content=\"https:\/\/joyana.fr\/wp-content\/uploads\/2014\/03\/BLUE-IS-THE-WARMEST-COLOR-la-vie-dad\u00e8le.jpg\" \/>\n\t<meta property=\"og:image:width\" content=\"800\" \/>\n\t<meta property=\"og:image:height\" content=\"800\" \/>\n\t<meta property=\"og:image:type\" content=\"image\/jpeg\" \/>\n<meta name=\"author\" content=\"Jo Yana\" \/>\n<meta name=\"twitter:card\" content=\"summary_large_image\" \/>\n<meta name=\"twitter:creator\" content=\"@Jo_Yana\" \/>\n<meta name=\"twitter:site\" content=\"@Jo_Yana\" \/>\n<meta name=\"twitter:label1\" content=\"\u57f7\u7b46\u8005\" \/>\n\t<meta name=\"twitter:data1\" content=\"Jo Yana\" \/>\n\t<meta name=\"twitter:label2\" content=\"\u63a8\u5b9a\u8aad\u307f\u53d6\u308a\u6642\u9593\" \/>\n\t<meta name=\"twitter:data2\" content=\"1\u5206\" \/>\n<script type=\"application\/ld+json\" class=\"yoast-schema-graph\">{\"@context\":\"https:\/\/schema.org\",\"@graph\":[{\"@type\":\"Article\",\"@id\":\"https:\/\/joyana.fr\/ja\/blue-is-the-warmest-color-la-vie-dadele\/8216\/#article\",\"isPartOf\":{\"@id\":\"https:\/\/joyana.fr\/ja\/blue-is-the-warmest-color-la-vie-dadele\/8216\/\"},\"author\":{\"name\":\"Jo Yana\",\"@id\":\"https:\/\/joyana.fr\/#\/schema\/person\/cf2a1ad12a27c12c21801075bf37407c\"},\"headline\":\"BLUE IS THE WARMEST COLOR\",\"datePublished\":\"2014-03-05T21:07:56+00:00\",\"mainEntityOfPage\":{\"@id\":\"https:\/\/joyana.fr\/ja\/blue-is-the-warmest-color-la-vie-dadele\/8216\/\"},\"wordCount\":188,\"commentCount\":0,\"publisher\":{\"@id\":\"https:\/\/joyana.fr\/#\/schema\/person\/cf2a1ad12a27c12c21801075bf37407c\"},\"image\":{\"@id\":\"https:\/\/joyana.fr\/ja\/blue-is-the-warmest-color-la-vie-dadele\/8216\/#primaryimage\"},\"thumbnailUrl\":\"https:\/\/i0.wp.com\/www.joyana.fr\/wp-content\/uploads\/2014\/03\/BLUE-IS-THE-WARMEST-COLOR-la-vie-dad%C3%A8le.jpg?fit=800%2C800&ssl=1\",\"keywords\":[\"Cinema\",\"La Vie d'Ad\u00e8le\"],\"articleSection\":[\"BLOG\",\"CULTURE\"],\"inLanguage\":\"ja\",\"potentialAction\":[{\"@type\":\"CommentAction\",\"name\":\"Comment\",\"target\":[\"https:\/\/joyana.fr\/ja\/blue-is-the-warmest-color-la-vie-dadele\/8216\/#respond\"]}]},{\"@type\":\"WebPage\",\"@id\":\"https:\/\/joyana.fr\/ja\/blue-is-the-warmest-color-la-vie-dadele\/8216\/\",\"url\":\"https:\/\/joyana.fr\/ja\/blue-is-the-warmest-color-la-vie-dadele\/8216\/\",\"name\":\"BLUE IS THE WARMEST COLOR - JO YANA\",\"isPartOf\":{\"@id\":\"https:\/\/joyana.fr\/#website\"},\"primaryImageOfPage\":{\"@id\":\"https:\/\/joyana.fr\/ja\/blue-is-the-warmest-color-la-vie-dadele\/8216\/#primaryimage\"},\"image\":{\"@id\":\"https:\/\/joyana.fr\/ja\/blue-is-the-warmest-color-la-vie-dadele\/8216\/#primaryimage\"},\"thumbnailUrl\":\"https:\/\/i0.wp.com\/www.joyana.fr\/wp-content\/uploads\/2014\/03\/BLUE-IS-THE-WARMEST-COLOR-la-vie-dad%C3%A8le.jpg?fit=800%2C800&ssl=1\",\"datePublished\":\"2014-03-05T21:07:56+00:00\",\"breadcrumb\":{\"@id\":\"https:\/\/joyana.fr\/ja\/blue-is-the-warmest-color-la-vie-dadele\/8216\/#breadcrumb\"},\"inLanguage\":\"ja\",\"potentialAction\":[{\"@type\":\"ReadAction\",\"target\":[\"https:\/\/joyana.fr\/ja\/blue-is-the-warmest-color-la-vie-dadele\/8216\/\"]}]},{\"@type\":\"ImageObject\",\"inLanguage\":\"ja\",\"@id\":\"https:\/\/joyana.fr\/ja\/blue-is-the-warmest-color-la-vie-dadele\/8216\/#primaryimage\",\"url\":\"https:\/\/i0.wp.com\/www.joyana.fr\/wp-content\/uploads\/2014\/03\/BLUE-IS-THE-WARMEST-COLOR-la-vie-dad%C3%A8le.jpg?fit=800%2C800&ssl=1\",\"contentUrl\":\"https:\/\/i0.wp.com\/www.joyana.fr\/wp-content\/uploads\/2014\/03\/BLUE-IS-THE-WARMEST-COLOR-la-vie-dad%C3%A8le.jpg?fit=800%2C800&ssl=1\",\"width\":800,\"height\":800},{\"@type\":\"BreadcrumbList\",\"@id\":\"https:\/\/joyana.fr\/ja\/blue-is-the-warmest-color-la-vie-dadele\/8216\/#breadcrumb\",\"itemListElement\":[{\"@type\":\"ListItem\",\"position\":1,\"name\":\"Accueil\",\"item\":\"https:\/\/joyana.fr\/\"},{\"@type\":\"ListItem\",\"position\":2,\"name\":\"BLUE IS THE WARMEST COLOR\"}]},{\"@type\":\"WebSite\",\"@id\":\"https:\/\/joyana.fr\/#website\",\"url\":\"https:\/\/joyana.fr\/\",\"name\":\"JO YANA\",\"description\":\"Blog Mode Homme, Lifestyle, D\u00e9co-Design\",\"publisher\":{\"@id\":\"https:\/\/joyana.fr\/#\/schema\/person\/cf2a1ad12a27c12c21801075bf37407c\"},\"potentialAction\":[{\"@type\":\"SearchAction\",\"target\":{\"@type\":\"EntryPoint\",\"urlTemplate\":\"https:\/\/joyana.fr\/?s={search_term_string}\"},\"query-input\":{\"@type\":\"PropertyValueSpecification\",\"valueRequired\":true,\"valueName\":\"search_term_string\"}}],\"inLanguage\":\"ja\"},{\"@type\":[\"Person\",\"Organization\"],\"@id\":\"https:\/\/joyana.fr\/#\/schema\/person\/cf2a1ad12a27c12c21801075bf37407c\",\"name\":\"Jo Yana\",\"image\":{\"@type\":\"ImageObject\",\"inLanguage\":\"ja\",\"@id\":\"https:\/\/joyana.fr\/#\/schema\/person\/image\/\",\"url\":\"https:\/\/i0.wp.com\/www.joyana.fr\/wp-content\/uploads\/2016\/08\/cropped-joyana-logo-black-360x180.png?fit=343%2C164&ssl=1\",\"contentUrl\":\"https:\/\/i0.wp.com\/www.joyana.fr\/wp-content\/uploads\/2016\/08\/cropped-joyana-logo-black-360x180.png?fit=343%2C164&ssl=1\",\"width\":343,\"height\":164,\"caption\":\"Jo Yana\"},\"logo\":{\"@id\":\"https:\/\/joyana.fr\/#\/schema\/person\/image\/\"},\"description\":\"Jo Yana est le cr\u00e9ateur et r\u00e9dacteur en chef des sites DECO-DESIGN. Passionn\u00e9 de Design, Mode, Photo, Luxe, Lifestyle, Musique, mais avant tout Blogueur ! Le plaisir de partager l'anime et a comme devise \\\"POUR L'AMOUR DU BEAU\\\". Retrouvez le aussi sur son blog personnel - https:\/\/joyana.fr...\",\"sameAs\":[\"https:\/\/joyana.fr\/\"],\"url\":\"https:\/\/www.joyana.fr\/ja\/author\/joyana\/\"}]}<\/script>\n<!-- \/ Yoast SEO plugin. -->","yoast_head_json":{"title":"BLUE IS THE WARMEST COLOR - JO YANA","robots":{"index":"index","follow":"follow","max-snippet":"max-snippet:-1","max-image-preview":"max-image-preview:large","max-video-preview":"max-video-preview:-1"},"canonical":"https:\/\/joyana.fr\/ja\/blue-is-the-warmest-color-la-vie-dadele\/8216\/","og_locale":"ja_JP","og_type":"article","og_title":"BLUE IS THE WARMEST COLOR - JO YANA","og_description":"BLUE IS THE WARMEST COLOR\u00a0c&#8217;est le titre en anglais de LA VIE D&#8217;ADELE &#8211; cet excellent film q [&hellip;]","og_url":"https:\/\/www.joyana.fr\/ja\/blue-is-the-warmest-color-la-vie-dadele\/8216\/","og_site_name":"JO YANA","article_published_time":"2014-03-05T21:07:56+00:00","og_image":[{"width":800,"height":800,"url":"https:\/\/joyana.fr\/wp-content\/uploads\/2014\/03\/BLUE-IS-THE-WARMEST-COLOR-la-vie-dad\u00e8le.jpg","type":"image\/jpeg"}],"author":"Jo Yana","twitter_card":"summary_large_image","twitter_creator":"@Jo_Yana","twitter_site":"@Jo_Yana","twitter_misc":{"\u57f7\u7b46\u8005":"Jo Yana","\u63a8\u5b9a\u8aad\u307f\u53d6\u308a\u6642\u9593":"1\u5206"},"schema":{"@context":"https:\/\/schema.org","@graph":[{"@type":"Article","@id":"https:\/\/joyana.fr\/ja\/blue-is-the-warmest-color-la-vie-dadele\/8216\/#article","isPartOf":{"@id":"https:\/\/joyana.fr\/ja\/blue-is-the-warmest-color-la-vie-dadele\/8216\/"},"author":{"name":"Jo Yana","@id":"https:\/\/joyana.fr\/#\/schema\/person\/cf2a1ad12a27c12c21801075bf37407c"},"headline":"BLUE IS THE WARMEST COLOR","datePublished":"2014-03-05T21:07:56+00:00","mainEntityOfPage":{"@id":"https:\/\/joyana.fr\/ja\/blue-is-the-warmest-color-la-vie-dadele\/8216\/"},"wordCount":188,"commentCount":0,"publisher":{"@id":"https:\/\/joyana.fr\/#\/schema\/person\/cf2a1ad12a27c12c21801075bf37407c"},"image":{"@id":"https:\/\/joyana.fr\/ja\/blue-is-the-warmest-color-la-vie-dadele\/8216\/#primaryimage"},"thumbnailUrl":"https:\/\/i0.wp.com\/www.joyana.fr\/wp-content\/uploads\/2014\/03\/BLUE-IS-THE-WARMEST-COLOR-la-vie-dad%C3%A8le.jpg?fit=800%2C800&ssl=1","keywords":["Cinema","La Vie d'Ad\u00e8le"],"articleSection":["BLOG","CULTURE"],"inLanguage":"ja","potentialAction":[{"@type":"CommentAction","name":"Comment","target":["https:\/\/joyana.fr\/ja\/blue-is-the-warmest-color-la-vie-dadele\/8216\/#respond"]}]},{"@type":"WebPage","@id":"https:\/\/joyana.fr\/ja\/blue-is-the-warmest-color-la-vie-dadele\/8216\/","url":"https:\/\/joyana.fr\/ja\/blue-is-the-warmest-color-la-vie-dadele\/8216\/","name":"BLUE IS THE WARMEST COLOR - JO YANA","isPartOf":{"@id":"https:\/\/joyana.fr\/#website"},"primaryImageOfPage":{"@id":"https:\/\/joyana.fr\/ja\/blue-is-the-warmest-color-la-vie-dadele\/8216\/#primaryimage"},"image":{"@id":"https:\/\/joyana.fr\/ja\/blue-is-the-warmest-color-la-vie-dadele\/8216\/#primaryimage"},"thumbnailUrl":"https:\/\/i0.wp.com\/www.joyana.fr\/wp-content\/uploads\/2014\/03\/BLUE-IS-THE-WARMEST-COLOR-la-vie-dad%C3%A8le.jpg?fit=800%2C800&ssl=1","datePublished":"2014-03-05T21:07:56+00:00","breadcrumb":{"@id":"https:\/\/joyana.fr\/ja\/blue-is-the-warmest-color-la-vie-dadele\/8216\/#breadcrumb"},"inLanguage":"ja","potentialAction":[{"@type":"ReadAction","target":["https:\/\/joyana.fr\/ja\/blue-is-the-warmest-color-la-vie-dadele\/8216\/"]}]},{"@type":"ImageObject","inLanguage":"ja","@id":"https:\/\/joyana.fr\/ja\/blue-is-the-warmest-color-la-vie-dadele\/8216\/#primaryimage","url":"https:\/\/i0.wp.com\/www.joyana.fr\/wp-content\/uploads\/2014\/03\/BLUE-IS-THE-WARMEST-COLOR-la-vie-dad%C3%A8le.jpg?fit=800%2C800&ssl=1","contentUrl":"https:\/\/i0.wp.com\/www.joyana.fr\/wp-content\/uploads\/2014\/03\/BLUE-IS-THE-WARMEST-COLOR-la-vie-dad%C3%A8le.jpg?fit=800%2C800&ssl=1","width":800,"height":800},{"@type":"BreadcrumbList","@id":"https:\/\/joyana.fr\/ja\/blue-is-the-warmest-color-la-vie-dadele\/8216\/#breadcrumb","itemListElement":[{"@type":"ListItem","position":1,"name":"Accueil","item":"https:\/\/joyana.fr\/"},{"@type":"ListItem","position":2,"name":"BLUE IS THE WARMEST COLOR"}]},{"@type":"WebSite","@id":"https:\/\/joyana.fr\/#website","url":"https:\/\/joyana.fr\/","name":"JO YANA","description":"Blog Mode Homme, Lifestyle, D\u00e9co-Design","publisher":{"@id":"https:\/\/joyana.fr\/#\/schema\/person\/cf2a1ad12a27c12c21801075bf37407c"},"potentialAction":[{"@type":"SearchAction","target":{"@type":"EntryPoint","urlTemplate":"https:\/\/joyana.fr\/?s={search_term_string}"},"query-input":{"@type":"PropertyValueSpecification","valueRequired":true,"valueName":"search_term_string"}}],"inLanguage":"ja"},{"@type":["Person","Organization"],"@id":"https:\/\/joyana.fr\/#\/schema\/person\/cf2a1ad12a27c12c21801075bf37407c","name":"Jo Yana","image":{"@type":"ImageObject","inLanguage":"ja","@id":"https:\/\/joyana.fr\/#\/schema\/person\/image\/","url":"https:\/\/i0.wp.com\/www.joyana.fr\/wp-content\/uploads\/2016\/08\/cropped-joyana-logo-black-360x180.png?fit=343%2C164&ssl=1","contentUrl":"https:\/\/i0.wp.com\/www.joyana.fr\/wp-content\/uploads\/2016\/08\/cropped-joyana-logo-black-360x180.png?fit=343%2C164&ssl=1","width":343,"height":164,"caption":"Jo Yana"},"logo":{"@id":"https:\/\/joyana.fr\/#\/schema\/person\/image\/"},"description":"Jo Yana est le cr\u00e9ateur et r\u00e9dacteur en chef des sites DECO-DESIGN. Passionn\u00e9 de Design, Mode, Photo, Luxe, Lifestyle, Musique, mais avant tout Blogueur ! Le plaisir de partager l'anime et a comme devise \"POUR L'AMOUR DU BEAU\". Retrouvez le aussi sur son blog personnel - https:\/\/joyana.fr...","sameAs":["https:\/\/joyana.fr\/"],"url":"https:\/\/www.joyana.fr\/ja\/author\/joyana\/"}]}},"author_meta":{"display_name":"Jo Yana","author_link":"https:\/\/www.joyana.fr\/ja\/author\/joyana\/"},"featured_img":"https:\/\/i0.wp.com\/www.joyana.fr\/wp-content\/uploads\/2014\/03\/BLUE-IS-THE-WARMEST-COLOR-la-vie-dad%C3%A8le.jpg?fit=389%2C389&ssl=1","featured_image_src":"https:\/\/i0.wp.com\/www.joyana.fr\/wp-content\/uploads\/2014\/03\/BLUE-IS-THE-WARMEST-COLOR-la-vie-dad%C3%A8le.jpg?resize=600%2C400&ssl=1","featured_image_src_square":"https:\/\/i0.wp.com\/www.joyana.fr\/wp-content\/uploads\/2014\/03\/BLUE-IS-THE-WARMEST-COLOR-la-vie-dad%C3%A8le.jpg?resize=600%2C600&ssl=1","jetpack_featured_media_url":"https:\/\/i0.wp.com\/www.joyana.fr\/wp-content\/uploads\/2014\/03\/BLUE-IS-THE-WARMEST-COLOR-la-vie-dad%C3%A8le.jpg?fit=800%2C800&ssl=1","uagb_featured_image_src":{"full":["https:\/\/i0.wp.com\/www.joyana.fr\/wp-content\/uploads\/2014\/03\/BLUE-IS-THE-WARMEST-COLOR-la-vie-dad%C3%A8le.jpg?fit=800%2C800&ssl=1",800,800,false],"thumbnail":["https:\/\/i0.wp.com\/www.joyana.fr\/wp-content\/uploads\/2014\/03\/BLUE-IS-THE-WARMEST-COLOR-la-vie-dad%C3%A8le.jpg?resize=150%2C150&ssl=1",150,150,true],"medium":["https:\/\/i0.wp.com\/www.joyana.fr\/wp-content\/uploads\/2014\/03\/BLUE-IS-THE-WARMEST-COLOR-la-vie-dad%C3%A8le.jpg?fit=389%2C389&ssl=1",389,389,true],"medium_large":["https:\/\/i0.wp.com\/www.joyana.fr\/wp-content\/uploads\/2014\/03\/BLUE-IS-THE-WARMEST-COLOR-la-vie-dad%C3%A8le.jpg?fit=768%2C768&ssl=1",768,768,true],"large":["https:\/\/i0.wp.com\/www.joyana.fr\/wp-content\/uploads\/2014\/03\/BLUE-IS-THE-WARMEST-COLOR-la-vie-dad%C3%A8le.jpg?fit=800%2C800&ssl=1",800,800,true],"1536x1536":["https:\/\/i0.wp.com\/www.joyana.fr\/wp-content\/uploads\/2014\/03\/BLUE-IS-THE-WARMEST-COLOR-la-vie-dad%C3%A8le.jpg?fit=800%2C800&ssl=1",800,800,true],"2048x2048":["https:\/\/i0.wp.com\/www.joyana.fr\/wp-content\/uploads\/2014\/03\/BLUE-IS-THE-WARMEST-COLOR-la-vie-dad%C3%A8le.jpg?fit=800%2C800&ssl=1",800,800,true],"featured-thumb":["https:\/\/i0.wp.com\/www.joyana.fr\/wp-content\/uploads\/2014\/03\/BLUE-IS-THE-WARMEST-COLOR-la-vie-dad%C3%A8le.jpg?resize=800%2C750&ssl=1",800,750,true],"ab-block-post-grid-landscape":["https:\/\/i0.wp.com\/www.joyana.fr\/wp-content\/uploads\/2014\/03\/BLUE-IS-THE-WARMEST-COLOR-la-vie-dad%C3%A8le.jpg?resize=600%2C400&ssl=1",600,400,true],"ab-block-post-grid-square":["https:\/\/i0.wp.com\/www.joyana.fr\/wp-content\/uploads\/2014\/03\/BLUE-IS-THE-WARMEST-COLOR-la-vie-dad%C3%A8le.jpg?resize=600%2C600&ssl=1",600,600,true],"author-pro-image":["https:\/\/i0.wp.com\/www.joyana.fr\/wp-content\/uploads\/2014\/03\/BLUE-IS-THE-WARMEST-COLOR-la-vie-dad%C3%A8le.jpg?resize=360%2C570&ssl=1",360,570,true],"slider":["https:\/\/i0.wp.com\/www.joyana.fr\/wp-content\/uploads\/2014\/03\/BLUE-IS-THE-WARMEST-COLOR-la-vie-dad%C3%A8le.jpg?resize=800%2C400&ssl=1",800,400,true],"woocommerce_thumbnail":["https:\/\/i0.wp.com\/www.joyana.fr\/wp-content\/uploads\/2014\/03\/BLUE-IS-THE-WARMEST-COLOR-la-vie-dad%C3%A8le.jpg?resize=450%2C450&ssl=1",450,450,true],"woocommerce_single":["https:\/\/i0.wp.com\/www.joyana.fr\/wp-content\/uploads\/2014\/03\/BLUE-IS-THE-WARMEST-COLOR-la-vie-dad%C3%A8le.jpg?fit=800%2C800&ssl=1",800,800,true],"woocommerce_gallery_thumbnail":["https:\/\/i0.wp.com\/www.joyana.fr\/wp-content\/uploads\/2014\/03\/BLUE-IS-THE-WARMEST-COLOR-la-vie-dad%C3%A8le.jpg?resize=180%2C180&ssl=1",180,180,true],"sow-carousel-default":["https:\/\/i0.wp.com\/www.joyana.fr\/wp-content\/uploads\/2014\/03\/BLUE-IS-THE-WARMEST-COLOR-la-vie-dad%C3%A8le.jpg?resize=272%2C182&ssl=1",272,182,true]},"uagb_author_info":{"display_name":"Jo Yana","author_link":"https:\/\/www.joyana.fr\/ja\/author\/joyana\/"},"uagb_comment_info":4,"uagb_excerpt":"BLUE IS THE WARMEST COLOR\u00a0c&#8217;est le titre en angla&hellip;","coauthors":[],"tax_additional":{"categories":{"linked":["<a href=\"https:\/\/www.joyana.fr\/ja\/category\/blog\/\" class=\"advgb-post-tax-term\">BLOG<\/a>","<a href=\"https:\/\/www.joyana.fr\/ja\/category\/blog\/culture\/\" class=\"advgb-post-tax-term\">CULTURE<\/a>"],"unlinked":["<span class=\"advgb-post-tax-term\">BLOG<\/span>","<span class=\"advgb-post-tax-term\">CULTURE<\/span>"]},"tags":{"linked":["<a href=\"https:\/\/www.joyana.fr\/ja\/category\/blog\/culture\/\" class=\"advgb-post-tax-term\">Cinema<\/a>","<a href=\"https:\/\/www.joyana.fr\/ja\/category\/blog\/culture\/\" class=\"advgb-post-tax-term\">La Vie d&#039;Ad\u00e8le<\/a>"],"unlinked":["<span class=\"advgb-post-tax-term\">Cinema<\/span>","<span class=\"advgb-post-tax-term\">La Vie d&#039;Ad\u00e8le<\/span>"]}},"comment_count":0,"relative_dates":{"created":"Posted 12\u5e74 ago","modified":"Updated 12\u5e74 ago"},"absolute_dates":{"created":"Posted on 5 3\u6708 2014","modified":"Updated on 5 3\u6708 2014"},"absolute_dates_time":{"created":"Posted on 5 3\u6708 2014 22:07","modified":"Updated on 5 3\u6708 2014 22:07"},"featured_img_caption":"","series_order":"","jetpack_sharing_enabled":true,"jetpack_shortlink":"https:\/\/wp.me\/p9bteI-28w","jetpack-related-posts":[],"_links":{"self":[{"href":"https:\/\/www.joyana.fr\/ja\/wp-json\/wp\/v2\/posts\/8216","targetHints":{"allow":["GET"]}}],"collection":[{"href":"https:\/\/www.joyana.fr\/ja\/wp-json\/wp\/v2\/posts"}],"about":[{"href":"https:\/\/www.joyana.fr\/ja\/wp-json\/wp\/v2\/types\/post"}],"author":[{"embeddable":true,"href":"https:\/\/www.joyana.fr\/ja\/wp-json\/wp\/v2\/users\/3"}],"replies":[{"embeddable":true,"href":"https:\/\/www.joyana.fr\/ja\/wp-json\/wp\/v2\/comments?post=8216"}],"version-history":[{"count":0,"href":"https:\/\/www.joyana.fr\/ja\/wp-json\/wp\/v2\/posts\/8216\/revisions"}],"wp:featuredmedia":[{"embeddable":true,"href":"https:\/\/www.joyana.fr\/ja\/wp-json\/wp\/v2\/media\/8217"}],"wp:attachment":[{"href":"https:\/\/www.joyana.fr\/ja\/wp-json\/wp\/v2\/media?parent=8216"}],"wp:term":[{"taxonomy":"category","embeddable":true,"href":"https:\/\/www.joyana.fr\/ja\/wp-json\/wp\/v2\/categories?post=8216"},{"taxonomy":"post_tag","embeddable":true,"href":"https:\/\/www.joyana.fr\/ja\/wp-json\/wp\/v2\/tags?post=8216"}],"curies":[{"name":"wp","href":"https:\/\/api.w.org\/{rel}","templated":true}]}}