{"id":6529,"date":"2013-10-02T20:09:17","date_gmt":"2013-10-02T18:09:17","guid":{"rendered":"https:\/\/joyana.fr\/?p=6529"},"modified":"2013-10-02T20:09:17","modified_gmt":"2013-10-02T18:09:17","slug":"vans-vault-x-diemme-collection-aw13","status":"publish","type":"post","link":"https:\/\/www.joyana.fr\/ja\/vans-vault-x-diemme-collection-aw13\/6529\/","title":{"rendered":"VANS VAULT x DIEMME Collection A\/W13"},"content":{"rendered":"<p><img data-recalc-dims=\"1\" fetchpriority=\"high\" decoding=\"async\" data-attachment-id=\"6530\" data-permalink=\"https:\/\/www.joyana.fr\/ja\/vans-vault-x-diemme-collection-aw13\/6529\/vans-diemme-2013\/\" data-orig-file=\"https:\/\/i0.wp.com\/www.joyana.fr\/wp-content\/uploads\/2013\/10\/VANS-DIEMME-2013.jpg?fit=650%2C294&amp;ssl=1\" data-orig-size=\"650,294\" data-comments-opened=\"1\" data-image-meta=\"{&quot;aperture&quot;:&quot;0&quot;,&quot;credit&quot;:&quot;&quot;,&quot;camera&quot;:&quot;&quot;,&quot;caption&quot;:&quot;&quot;,&quot;created_timestamp&quot;:&quot;0&quot;,&quot;copyright&quot;:&quot;&quot;,&quot;focal_length&quot;:&quot;0&quot;,&quot;iso&quot;:&quot;0&quot;,&quot;shutter_speed&quot;:&quot;0&quot;,&quot;title&quot;:&quot;&quot;,&quot;orientation&quot;:&quot;1&quot;}\" data-image-title=\"VANS VAULT x DIEMME Collection A\/W13\" data-image-description=\"&lt;p&gt;VANS VAULT x DIEMME Collection A\/W13&lt;\/p&gt;\n\" data-image-caption=\"\" data-medium-file=\"https:\/\/i0.wp.com\/www.joyana.fr\/wp-content\/uploads\/2013\/10\/VANS-DIEMME-2013.jpg?fit=389%2C176&amp;ssl=1\" data-large-file=\"https:\/\/i0.wp.com\/www.joyana.fr\/wp-content\/uploads\/2013\/10\/VANS-DIEMME-2013.jpg?fit=650%2C294&amp;ssl=1\" class=\"alignnone size-full wp-image-6530\" alt=\"VANS VAULT x DIEMME Collection A\/W13\" src=\"https:\/\/i0.wp.com\/joyana.fr\/wp-content\/uploads\/2013\/10\/VANS-DIEMME-2013.jpg?resize=650%2C294&#038;ssl=1\" width=\"650\" height=\"294\" srcset=\"https:\/\/i0.wp.com\/www.joyana.fr\/wp-content\/uploads\/2013\/10\/VANS-DIEMME-2013.jpg?w=650&amp;ssl=1 650w, https:\/\/i0.wp.com\/www.joyana.fr\/wp-content\/uploads\/2013\/10\/VANS-DIEMME-2013.jpg?resize=389%2C176&amp;ssl=1 389w, https:\/\/i0.wp.com\/www.joyana.fr\/wp-content\/uploads\/2013\/10\/VANS-DIEMME-2013.jpg?resize=600%2C271&amp;ssl=1 600w\" sizes=\"(max-width: 650px) 100vw, 650px\" \/><\/p>\n<p>Vous ne trouvez pas les\u00a0<strong>Vans<\/strong>\u00a0assez chics pour vos pieds ? Voici une superbe collaboration entre\u00a0<strong><a title=\"Vans Vault\" href=\"https:\/\/joyana.fr\/tag\/vans-vault\/\" target=\"_blank\">Vans Vault<\/a><\/strong>\u00a0et le fabricant de chaussures italiennes\u00a0<strong><a title=\"DIEMME\" href=\"https:\/\/joyana.fr\/tag\/diemme\/\" target=\"_blank\">Diemme<\/a>,\u00a0<\/strong>qui donne naissance \u00e0 de tr\u00e8s beaux mod\u00e8les en cuir haut de gamme&#8230; Ma pr\u00e9f\u00e9rence pour les rouges montantes et vous ?<\/p>\n<p><!--more--><\/p>\n<p><a href=\"https:\/\/i0.wp.com\/joyana.fr\/wp-content\/uploads\/2013\/10\/VansxDiemme_1.jpg?ssl=1\"><img data-recalc-dims=\"1\" decoding=\"async\" data-attachment-id=\"6531\" data-permalink=\"https:\/\/www.joyana.fr\/ja\/vans-vault-x-diemme-collection-aw13\/6529\/vansxdiemme_1\/\" data-orig-file=\"https:\/\/i0.wp.com\/www.joyana.fr\/wp-content\/uploads\/2013\/10\/VansxDiemme_1.jpg?fit=777%2C595&amp;ssl=1\" data-orig-size=\"777,595\" data-comments-opened=\"1\" data-image-meta=\"{&quot;aperture&quot;:&quot;0&quot;,&quot;credit&quot;:&quot;&quot;,&quot;camera&quot;:&quot;&quot;,&quot;caption&quot;:&quot;&quot;,&quot;created_timestamp&quot;:&quot;0&quot;,&quot;copyright&quot;:&quot;&quot;,&quot;focal_length&quot;:&quot;0&quot;,&quot;iso&quot;:&quot;0&quot;,&quot;shutter_speed&quot;:&quot;0&quot;,&quot;title&quot;:&quot;&quot;,&quot;orientation&quot;:&quot;1&quot;}\" data-image-title=\"VansxDiemme_1\" data-image-description=\"&lt;p&gt;VANS VAULT x DIEMME Collection A\/W13&lt;\/p&gt;\n\" data-image-caption=\"\" data-medium-file=\"https:\/\/i0.wp.com\/www.joyana.fr\/wp-content\/uploads\/2013\/10\/VansxDiemme_1.jpg?fit=389%2C298&amp;ssl=1\" data-large-file=\"https:\/\/i0.wp.com\/www.joyana.fr\/wp-content\/uploads\/2013\/10\/VansxDiemme_1.jpg?fit=777%2C595&amp;ssl=1\" class=\"alignnone size-large wp-image-6531\" alt=\"VansxDiemme_1\" src=\"https:\/\/i0.wp.com\/joyana.fr\/wp-content\/uploads\/2013\/10\/VansxDiemme_1-650x497.jpg?resize=650%2C497&#038;ssl=1\" width=\"650\" height=\"497\" \/><\/a><\/p>\n<p><a href=\"https:\/\/i0.wp.com\/joyana.fr\/wp-content\/uploads\/2013\/10\/VansxDiemme_2.jpg?ssl=1\"><img data-recalc-dims=\"1\" decoding=\"async\" data-attachment-id=\"6532\" data-permalink=\"https:\/\/www.joyana.fr\/ja\/vans-vault-x-diemme-collection-aw13\/6529\/vansxdiemme_2\/\" data-orig-file=\"https:\/\/i0.wp.com\/www.joyana.fr\/wp-content\/uploads\/2013\/10\/VansxDiemme_2.jpg?fit=777%2C595&amp;ssl=1\" data-orig-size=\"777,595\" data-comments-opened=\"1\" data-image-meta=\"{&quot;aperture&quot;:&quot;0&quot;,&quot;credit&quot;:&quot;&quot;,&quot;camera&quot;:&quot;&quot;,&quot;caption&quot;:&quot;&quot;,&quot;created_timestamp&quot;:&quot;0&quot;,&quot;copyright&quot;:&quot;&quot;,&quot;focal_length&quot;:&quot;0&quot;,&quot;iso&quot;:&quot;0&quot;,&quot;shutter_speed&quot;:&quot;0&quot;,&quot;title&quot;:&quot;&quot;,&quot;orientation&quot;:&quot;1&quot;}\" data-image-title=\"VANS VAULT x DIEMME Collection A\/W13\" data-image-description=\"&lt;p&gt;VANS VAULT x DIEMME Collection A\/W13&lt;\/p&gt;\n\" data-image-caption=\"\" data-medium-file=\"https:\/\/i0.wp.com\/www.joyana.fr\/wp-content\/uploads\/2013\/10\/VansxDiemme_2.jpg?fit=389%2C298&amp;ssl=1\" data-large-file=\"https:\/\/i0.wp.com\/www.joyana.fr\/wp-content\/uploads\/2013\/10\/VansxDiemme_2.jpg?fit=777%2C595&amp;ssl=1\" class=\"alignnone size-large wp-image-6532\" alt=\"VANS VAULT x DIEMME Collection A\/W13\" src=\"https:\/\/i0.wp.com\/joyana.fr\/wp-content\/uploads\/2013\/10\/VansxDiemme_2-650x497.jpg?resize=650%2C497&#038;ssl=1\" width=\"650\" height=\"497\" \/><\/a><\/p>\n<p><a href=\"https:\/\/i0.wp.com\/joyana.fr\/wp-content\/uploads\/2013\/10\/VansxDiemme3.jpg?ssl=1\"><img data-recalc-dims=\"1\" loading=\"lazy\" decoding=\"async\" data-attachment-id=\"6533\" data-permalink=\"https:\/\/www.joyana.fr\/ja\/vans-vault-x-diemme-collection-aw13\/6529\/vansxdiemme3\/\" data-orig-file=\"https:\/\/i0.wp.com\/www.joyana.fr\/wp-content\/uploads\/2013\/10\/VansxDiemme3.jpg?fit=777%2C595&amp;ssl=1\" data-orig-size=\"777,595\" data-comments-opened=\"1\" data-image-meta=\"{&quot;aperture&quot;:&quot;0&quot;,&quot;credit&quot;:&quot;&quot;,&quot;camera&quot;:&quot;&quot;,&quot;caption&quot;:&quot;&quot;,&quot;created_timestamp&quot;:&quot;0&quot;,&quot;copyright&quot;:&quot;&quot;,&quot;focal_length&quot;:&quot;0&quot;,&quot;iso&quot;:&quot;0&quot;,&quot;shutter_speed&quot;:&quot;0&quot;,&quot;title&quot;:&quot;&quot;,&quot;orientation&quot;:&quot;1&quot;}\" data-image-title=\"VANS VAULT x DIEMME Collection A\/W13\" data-image-description=\"&lt;p&gt;VANS VAULT x DIEMME Collection A\/W13&lt;\/p&gt;\n\" data-image-caption=\"\" data-medium-file=\"https:\/\/i0.wp.com\/www.joyana.fr\/wp-content\/uploads\/2013\/10\/VansxDiemme3.jpg?fit=389%2C298&amp;ssl=1\" data-large-file=\"https:\/\/i0.wp.com\/www.joyana.fr\/wp-content\/uploads\/2013\/10\/VansxDiemme3.jpg?fit=777%2C595&amp;ssl=1\" class=\"alignnone size-large wp-image-6533\" alt=\"VANS VAULT x DIEMME Collection A\/W13\" src=\"https:\/\/i0.wp.com\/joyana.fr\/wp-content\/uploads\/2013\/10\/VansxDiemme3-650x497.jpg?resize=650%2C497&#038;ssl=1\" width=\"650\" height=\"497\" \/><\/a><\/p>\n<p style=\"text-align: center;\">\u00a0Disponibles chez <a href=\"http:\/\/www.endclothing.co.uk\" target=\"_blank\">END CLOTHING\u00a0<\/a><\/p>\n<p style=\"text-align: center;\"><span style=\"color: #ffffff;\">.<\/span><\/p>\n<p style=\"text-align: left;\"><a href=\"http:\/\/clk.tradedoubler.com\/click?p=217372&amp;a=2128477&amp;g=20302468\" target=\"_blank\"><img data-recalc-dims=\"1\" loading=\"lazy\" decoding=\"async\" data-attachment-id=\"6372\" data-permalink=\"https:\/\/www.joyana.fr\/ja\/trousse-de-toilette-mismo-bleu-fonce-ms-carry\/6364\/pub-menlook\/\" data-orig-file=\"https:\/\/i0.wp.com\/www.joyana.fr\/wp-content\/uploads\/2013\/09\/PUB-MENLOOK.jpg?fit=650%2C120&amp;ssl=1\" data-orig-size=\"650,120\" data-comments-opened=\"1\" data-image-meta=\"{&quot;aperture&quot;:&quot;0&quot;,&quot;credit&quot;:&quot;&quot;,&quot;camera&quot;:&quot;&quot;,&quot;caption&quot;:&quot;&quot;,&quot;created_timestamp&quot;:&quot;0&quot;,&quot;copyright&quot;:&quot;&quot;,&quot;focal_length&quot;:&quot;0&quot;,&quot;iso&quot;:&quot;0&quot;,&quot;shutter_speed&quot;:&quot;0&quot;,&quot;title&quot;:&quot;&quot;,&quot;orientation&quot;:&quot;1&quot;}\" data-image-title=\"PUB MENLOOK\" data-image-description=\"&lt;p&gt;pub menlook&lt;\/p&gt;\n\" data-image-caption=\"\" data-medium-file=\"https:\/\/i0.wp.com\/www.joyana.fr\/wp-content\/uploads\/2013\/09\/PUB-MENLOOK.jpg?fit=389%2C72&amp;ssl=1\" data-large-file=\"https:\/\/i0.wp.com\/www.joyana.fr\/wp-content\/uploads\/2013\/09\/PUB-MENLOOK.jpg?fit=650%2C120&amp;ssl=1\" class=\"alignnone size-full wp-image-6372\" alt=\"PUB MENLOOK\" src=\"https:\/\/i0.wp.com\/joyana.fr\/wp-content\/uploads\/2013\/09\/PUB-MENLOOK.jpg?resize=650%2C120&#038;ssl=1\" width=\"650\" height=\"120\" srcset=\"https:\/\/i0.wp.com\/www.joyana.fr\/wp-content\/uploads\/2013\/09\/PUB-MENLOOK.jpg?w=650&amp;ssl=1 650w, https:\/\/i0.wp.com\/www.joyana.fr\/wp-content\/uploads\/2013\/09\/PUB-MENLOOK.jpg?resize=600%2C111&amp;ssl=1 600w\" sizes=\"(max-width: 650px) 100vw, 650px\" \/><\/a><\/p>\n","protected":false},"excerpt":{"rendered":"<p>Vous ne trouvez pas les\u00a0Vans\u00a0assez chics pour vos pieds ? Voici une superbe collaboration entre\u00a0Vans Vault\u00a0et  [&hellip;]<\/p>\n","protected":false},"author":3,"featured_media":6530,"comment_status":"open","ping_status":"open","sticky":false,"template":"","format":"standard","meta":{"_coblocks_attr":"","_coblocks_dimensions":"","_coblocks_responsive_height":"","_coblocks_accordion_ie_support":"","_uag_custom_page_level_css":"","advgb_blocks_editor_width":"","advgb_blocks_columns_visual_guide":"","_genesis_hide_title":false,"_genesis_hide_breadcrumbs":false,"_genesis_hide_singular_image":false,"_genesis_hide_footer_widgets":false,"_genesis_custom_body_class":"","_genesis_custom_post_class":"","_genesis_layout":"","_themeisle_gutenberg_block_has_review":false,"_jetpack_newsletter_access":"","_jetpack_dont_email_post_to_subs":false,"_jetpack_newsletter_tier_id":0,"_jetpack_memberships_contains_paywalled_content":false,"_jetpack_memberships_contains_paid_content":false,"footnotes":""},"categories":[99],"tags":[81,112,421,422,25,170,423],"class_list":{"0":"post-6529","1":"post","2":"type-post","3":"status-publish","4":"format-standard","5":"has-post-thumbnail","7":"category-the-journal","8":"tag-collaboration","9":"tag-cuir","10":"tag-diemme","11":"tag-end-clothing","12":"tag-sneakers","13":"tag-vans","14":"tag-vans-vault","15":"entry"},"featured_image_urls":{"full":["https:\/\/i0.wp.com\/www.joyana.fr\/wp-content\/uploads\/2013\/10\/VANS-DIEMME-2013.jpg?fit=650%2C294&ssl=1",650,294,false],"thumbnail":["https:\/\/i0.wp.com\/www.joyana.fr\/wp-content\/uploads\/2013\/10\/VANS-DIEMME-2013.jpg?resize=150%2C150&ssl=1",150,150,true],"medium":["https:\/\/i0.wp.com\/www.joyana.fr\/wp-content\/uploads\/2013\/10\/VANS-DIEMME-2013.jpg?fit=389%2C176&ssl=1",389,176,true],"medium_large":["https:\/\/i0.wp.com\/www.joyana.fr\/wp-content\/uploads\/2013\/10\/VANS-DIEMME-2013.jpg?fit=650%2C294&ssl=1",650,294,true],"large":["https:\/\/i0.wp.com\/www.joyana.fr\/wp-content\/uploads\/2013\/10\/VANS-DIEMME-2013.jpg?fit=650%2C294&ssl=1",650,294,true],"1536x1536":["https:\/\/i0.wp.com\/www.joyana.fr\/wp-content\/uploads\/2013\/10\/VANS-DIEMME-2013.jpg?fit=650%2C294&ssl=1",650,294,true],"2048x2048":["https:\/\/i0.wp.com\/www.joyana.fr\/wp-content\/uploads\/2013\/10\/VANS-DIEMME-2013.jpg?fit=650%2C294&ssl=1",650,294,true],"featured-thumb":["https:\/\/i0.wp.com\/www.joyana.fr\/wp-content\/uploads\/2013\/10\/VANS-DIEMME-2013.jpg?resize=650%2C294&ssl=1",650,294,true],"ab-block-post-grid-landscape":["https:\/\/i0.wp.com\/www.joyana.fr\/wp-content\/uploads\/2013\/10\/VANS-DIEMME-2013.jpg?resize=600%2C294&ssl=1",600,294,true],"ab-block-post-grid-square":["https:\/\/i0.wp.com\/www.joyana.fr\/wp-content\/uploads\/2013\/10\/VANS-DIEMME-2013.jpg?resize=600%2C294&ssl=1",600,294,true],"author-pro-image":["https:\/\/i0.wp.com\/www.joyana.fr\/wp-content\/uploads\/2013\/10\/VANS-DIEMME-2013.jpg?resize=360%2C294&ssl=1",360,294,true],"slider":["https:\/\/i0.wp.com\/www.joyana.fr\/wp-content\/uploads\/2013\/10\/VANS-DIEMME-2013.jpg?resize=650%2C294&ssl=1",650,294,true],"woocommerce_thumbnail":["https:\/\/i0.wp.com\/www.joyana.fr\/wp-content\/uploads\/2013\/10\/VANS-DIEMME-2013.jpg?resize=450%2C294&ssl=1",450,294,true],"woocommerce_single":["https:\/\/i0.wp.com\/www.joyana.fr\/wp-content\/uploads\/2013\/10\/VANS-DIEMME-2013.jpg?fit=650%2C294&ssl=1",650,294,true],"woocommerce_gallery_thumbnail":["https:\/\/i0.wp.com\/www.joyana.fr\/wp-content\/uploads\/2013\/10\/VANS-DIEMME-2013.jpg?resize=180%2C180&ssl=1",180,180,true],"sow-carousel-default":["https:\/\/i0.wp.com\/www.joyana.fr\/wp-content\/uploads\/2013\/10\/VANS-DIEMME-2013.jpg?resize=272%2C182&ssl=1",272,182,true]},"post_excerpt_stackable":"<p>Vous ne trouvez pas les\u00a0Vans\u00a0assez chics pour vos pieds ? Voici une superbe collaboration entre\u00a0Vans&hellip;<\/p>\n","category_list":"<a href=\"https:\/\/www.joyana.fr\/ja\/category\/the-journal\/\" rel=\"category tag\">THE JOURNAL<\/a>","author_info":{"display_name":"Jo Yana","author_link":"https:\/\/www.joyana.fr\/ja\/author\/joyana\/"},"comments_num":"0 comments","featured_image_urls_v2":{"full":["https:\/\/i0.wp.com\/www.joyana.fr\/wp-content\/uploads\/2013\/10\/VANS-DIEMME-2013.jpg?fit=650%2C294&ssl=1",650,294,false],"thumbnail":["https:\/\/i0.wp.com\/www.joyana.fr\/wp-content\/uploads\/2013\/10\/VANS-DIEMME-2013.jpg?resize=150%2C150&ssl=1",150,150,true],"medium":["https:\/\/i0.wp.com\/www.joyana.fr\/wp-content\/uploads\/2013\/10\/VANS-DIEMME-2013.jpg?fit=389%2C176&ssl=1",389,176,true],"medium_large":["https:\/\/i0.wp.com\/www.joyana.fr\/wp-content\/uploads\/2013\/10\/VANS-DIEMME-2013.jpg?fit=650%2C294&ssl=1",650,294,true],"large":["https:\/\/i0.wp.com\/www.joyana.fr\/wp-content\/uploads\/2013\/10\/VANS-DIEMME-2013.jpg?fit=650%2C294&ssl=1",650,294,true],"1536x1536":["https:\/\/i0.wp.com\/www.joyana.fr\/wp-content\/uploads\/2013\/10\/VANS-DIEMME-2013.jpg?fit=650%2C294&ssl=1",650,294,true],"2048x2048":["https:\/\/i0.wp.com\/www.joyana.fr\/wp-content\/uploads\/2013\/10\/VANS-DIEMME-2013.jpg?fit=650%2C294&ssl=1",650,294,true],"featured-thumb":["https:\/\/i0.wp.com\/www.joyana.fr\/wp-content\/uploads\/2013\/10\/VANS-DIEMME-2013.jpg?resize=650%2C294&ssl=1",650,294,true],"ab-block-post-grid-landscape":["https:\/\/i0.wp.com\/www.joyana.fr\/wp-content\/uploads\/2013\/10\/VANS-DIEMME-2013.jpg?resize=600%2C294&ssl=1",600,294,true],"ab-block-post-grid-square":["https:\/\/i0.wp.com\/www.joyana.fr\/wp-content\/uploads\/2013\/10\/VANS-DIEMME-2013.jpg?resize=600%2C294&ssl=1",600,294,true],"author-pro-image":["https:\/\/i0.wp.com\/www.joyana.fr\/wp-content\/uploads\/2013\/10\/VANS-DIEMME-2013.jpg?resize=360%2C294&ssl=1",360,294,true],"slider":["https:\/\/i0.wp.com\/www.joyana.fr\/wp-content\/uploads\/2013\/10\/VANS-DIEMME-2013.jpg?resize=650%2C294&ssl=1",650,294,true],"woocommerce_thumbnail":["https:\/\/i0.wp.com\/www.joyana.fr\/wp-content\/uploads\/2013\/10\/VANS-DIEMME-2013.jpg?resize=450%2C294&ssl=1",450,294,true],"woocommerce_single":["https:\/\/i0.wp.com\/www.joyana.fr\/wp-content\/uploads\/2013\/10\/VANS-DIEMME-2013.jpg?fit=650%2C294&ssl=1",650,294,true],"woocommerce_gallery_thumbnail":["https:\/\/i0.wp.com\/www.joyana.fr\/wp-content\/uploads\/2013\/10\/VANS-DIEMME-2013.jpg?resize=180%2C180&ssl=1",180,180,true],"sow-carousel-default":["https:\/\/i0.wp.com\/www.joyana.fr\/wp-content\/uploads\/2013\/10\/VANS-DIEMME-2013.jpg?resize=272%2C182&ssl=1",272,182,true]},"post_excerpt_stackable_v2":"<p>Vous ne trouvez pas les\u00a0Vans\u00a0assez chics pour vos pieds ? Voici une superbe collaboration entre\u00a0Vans&hellip;<\/p>\n","category_list_v2":"<a href=\"https:\/\/www.joyana.fr\/ja\/category\/the-journal\/\" rel=\"category tag\">THE JOURNAL<\/a>","author_info_v2":{"name":"Jo Yana","url":"https:\/\/www.joyana.fr\/ja\/author\/joyana\/"},"comments_num_v2":"0 comments","yoast_head":"<!-- This site is optimized with the Yoast SEO plugin v26.8 - https:\/\/yoast.com\/product\/yoast-seo-wordpress\/ -->\n<title>VANS VAULT x DIEMME Collection A\/W13 - JO YANA<\/title>\n<meta name=\"robots\" content=\"index, follow, max-snippet:-1, max-image-preview:large, max-video-preview:-1\" \/>\n<link rel=\"canonical\" href=\"https:\/\/www.joyana.fr\/ja\/vans-vault-x-diemme-collection-aw13\/6529\/\" \/>\n<meta property=\"og:locale\" content=\"ja_JP\" \/>\n<meta property=\"og:locale:alternate\" content=\"fr_FR\" \/>\n<meta property=\"og:locale:alternate\" content=\"en_US\" \/>\n<meta property=\"og:type\" content=\"article\" \/>\n<meta property=\"og:title\" content=\"VANS VAULT x DIEMME Collection A\/W13 - JO YANA\" \/>\n<meta property=\"og:description\" content=\"Vous ne trouvez pas les\u00a0Vans\u00a0assez chics pour vos pieds ? Voici une superbe collaboration entre\u00a0Vans Vault\u00a0et [&hellip;]\" \/>\n<meta property=\"og:url\" content=\"https:\/\/www.joyana.fr\/ja\/vans-vault-x-diemme-collection-aw13\/6529\/\" \/>\n<meta property=\"og:site_name\" content=\"JO YANA\" \/>\n<meta property=\"article:published_time\" content=\"2013-10-02T18:09:17+00:00\" \/>\n<meta property=\"og:image\" content=\"https:\/\/www.joyana.fr\/wp-content\/uploads\/2013\/10\/VANS-DIEMME-2013.jpg\" \/>\n\t<meta property=\"og:image:width\" content=\"650\" \/>\n\t<meta property=\"og:image:height\" content=\"294\" \/>\n\t<meta property=\"og:image:type\" content=\"image\/jpeg\" \/>\n<meta name=\"author\" content=\"Jo Yana\" \/>\n<meta name=\"twitter:card\" content=\"summary_large_image\" \/>\n<meta name=\"twitter:creator\" content=\"@Jo_Yana\" \/>\n<meta name=\"twitter:site\" content=\"@Jo_Yana\" \/>\n<meta name=\"twitter:label1\" content=\"\u57f7\u7b46\u8005\" \/>\n\t<meta name=\"twitter:data1\" content=\"Jo Yana\" \/>\n<script type=\"application\/ld+json\" class=\"yoast-schema-graph\">{\"@context\":\"https:\/\/schema.org\",\"@graph\":[{\"@type\":\"Article\",\"@id\":\"https:\/\/www.joyana.fr\/vans-vault-x-diemme-collection-aw13\/6529\/#article\",\"isPartOf\":{\"@id\":\"https:\/\/www.joyana.fr\/vans-vault-x-diemme-collection-aw13\/6529\/\"},\"author\":{\"name\":\"Jo Yana\",\"@id\":\"https:\/\/joyana.fr\/#\/schema\/person\/cf2a1ad12a27c12c21801075bf37407c\"},\"headline\":\"VANS VAULT x DIEMME Collection A\/W13\",\"datePublished\":\"2013-10-02T18:09:17+00:00\",\"mainEntityOfPage\":{\"@id\":\"https:\/\/www.joyana.fr\/vans-vault-x-diemme-collection-aw13\/6529\/\"},\"wordCount\":60,\"commentCount\":0,\"publisher\":{\"@id\":\"https:\/\/joyana.fr\/#\/schema\/person\/cf2a1ad12a27c12c21801075bf37407c\"},\"image\":{\"@id\":\"https:\/\/www.joyana.fr\/vans-vault-x-diemme-collection-aw13\/6529\/#primaryimage\"},\"thumbnailUrl\":\"https:\/\/i0.wp.com\/www.joyana.fr\/wp-content\/uploads\/2013\/10\/VANS-DIEMME-2013.jpg?fit=650%2C294&ssl=1\",\"keywords\":[\"Collaboration\",\"Cuir\",\"Diemme\",\"End Clothing\",\"Sneakers\",\"Vans\",\"Vans Vault\"],\"articleSection\":[\"THE JOURNAL\"],\"inLanguage\":\"ja\",\"potentialAction\":[{\"@type\":\"CommentAction\",\"name\":\"Comment\",\"target\":[\"https:\/\/www.joyana.fr\/vans-vault-x-diemme-collection-aw13\/6529\/#respond\"]}]},{\"@type\":\"WebPage\",\"@id\":\"https:\/\/www.joyana.fr\/vans-vault-x-diemme-collection-aw13\/6529\/\",\"url\":\"https:\/\/www.joyana.fr\/vans-vault-x-diemme-collection-aw13\/6529\/\",\"name\":\"VANS VAULT x DIEMME Collection A\/W13 - JO YANA\",\"isPartOf\":{\"@id\":\"https:\/\/joyana.fr\/#website\"},\"primaryImageOfPage\":{\"@id\":\"https:\/\/www.joyana.fr\/vans-vault-x-diemme-collection-aw13\/6529\/#primaryimage\"},\"image\":{\"@id\":\"https:\/\/www.joyana.fr\/vans-vault-x-diemme-collection-aw13\/6529\/#primaryimage\"},\"thumbnailUrl\":\"https:\/\/i0.wp.com\/www.joyana.fr\/wp-content\/uploads\/2013\/10\/VANS-DIEMME-2013.jpg?fit=650%2C294&ssl=1\",\"datePublished\":\"2013-10-02T18:09:17+00:00\",\"breadcrumb\":{\"@id\":\"https:\/\/www.joyana.fr\/vans-vault-x-diemme-collection-aw13\/6529\/#breadcrumb\"},\"inLanguage\":\"ja\",\"potentialAction\":[{\"@type\":\"ReadAction\",\"target\":[\"https:\/\/www.joyana.fr\/vans-vault-x-diemme-collection-aw13\/6529\/\"]}]},{\"@type\":\"ImageObject\",\"inLanguage\":\"ja\",\"@id\":\"https:\/\/www.joyana.fr\/vans-vault-x-diemme-collection-aw13\/6529\/#primaryimage\",\"url\":\"https:\/\/i0.wp.com\/www.joyana.fr\/wp-content\/uploads\/2013\/10\/VANS-DIEMME-2013.jpg?fit=650%2C294&ssl=1\",\"contentUrl\":\"https:\/\/i0.wp.com\/www.joyana.fr\/wp-content\/uploads\/2013\/10\/VANS-DIEMME-2013.jpg?fit=650%2C294&ssl=1\",\"width\":650,\"height\":294},{\"@type\":\"BreadcrumbList\",\"@id\":\"https:\/\/www.joyana.fr\/vans-vault-x-diemme-collection-aw13\/6529\/#breadcrumb\",\"itemListElement\":[{\"@type\":\"ListItem\",\"position\":1,\"name\":\"Accueil\",\"item\":\"https:\/\/joyana.fr\/\"},{\"@type\":\"ListItem\",\"position\":2,\"name\":\"VANS VAULT x DIEMME Collection A\/W13\"}]},{\"@type\":\"WebSite\",\"@id\":\"https:\/\/joyana.fr\/#website\",\"url\":\"https:\/\/joyana.fr\/\",\"name\":\"JO YANA\",\"description\":\"Blog Mode Homme, Lifestyle, D\u00e9co-Design\",\"publisher\":{\"@id\":\"https:\/\/joyana.fr\/#\/schema\/person\/cf2a1ad12a27c12c21801075bf37407c\"},\"potentialAction\":[{\"@type\":\"SearchAction\",\"target\":{\"@type\":\"EntryPoint\",\"urlTemplate\":\"https:\/\/joyana.fr\/?s={search_term_string}\"},\"query-input\":{\"@type\":\"PropertyValueSpecification\",\"valueRequired\":true,\"valueName\":\"search_term_string\"}}],\"inLanguage\":\"ja\"},{\"@type\":[\"Person\",\"Organization\"],\"@id\":\"https:\/\/joyana.fr\/#\/schema\/person\/cf2a1ad12a27c12c21801075bf37407c\",\"name\":\"Jo Yana\",\"image\":{\"@type\":\"ImageObject\",\"inLanguage\":\"ja\",\"@id\":\"https:\/\/joyana.fr\/#\/schema\/person\/image\/\",\"url\":\"https:\/\/i0.wp.com\/www.joyana.fr\/wp-content\/uploads\/2016\/08\/cropped-joyana-logo-black-360x180.png?fit=343%2C164&ssl=1\",\"contentUrl\":\"https:\/\/i0.wp.com\/www.joyana.fr\/wp-content\/uploads\/2016\/08\/cropped-joyana-logo-black-360x180.png?fit=343%2C164&ssl=1\",\"width\":343,\"height\":164,\"caption\":\"Jo Yana\"},\"logo\":{\"@id\":\"https:\/\/joyana.fr\/#\/schema\/person\/image\/\"},\"description\":\"Jo Yana est le cr\u00e9ateur et r\u00e9dacteur en chef des sites DECO-DESIGN. Passionn\u00e9 de Design, Mode, Photo, Luxe, Lifestyle, Musique, mais avant tout Blogueur ! Le plaisir de partager l'anime et a comme devise \\\"POUR L'AMOUR DU BEAU\\\". Retrouvez le aussi sur son blog personnel - https:\/\/joyana.fr...\",\"sameAs\":[\"https:\/\/joyana.fr\/\"],\"url\":\"https:\/\/www.joyana.fr\/ja\/author\/joyana\/\"}]}<\/script>\n<!-- \/ Yoast SEO plugin. -->","yoast_head_json":{"title":"VANS VAULT x DIEMME Collection A\/W13 - JO YANA","robots":{"index":"index","follow":"follow","max-snippet":"max-snippet:-1","max-image-preview":"max-image-preview:large","max-video-preview":"max-video-preview:-1"},"canonical":"https:\/\/www.joyana.fr\/ja\/vans-vault-x-diemme-collection-aw13\/6529\/","og_locale":"ja_JP","og_type":"article","og_title":"VANS VAULT x DIEMME Collection A\/W13 - JO YANA","og_description":"Vous ne trouvez pas les\u00a0Vans\u00a0assez chics pour vos pieds ? Voici une superbe collaboration entre\u00a0Vans Vault\u00a0et [&hellip;]","og_url":"https:\/\/www.joyana.fr\/ja\/vans-vault-x-diemme-collection-aw13\/6529\/","og_site_name":"JO YANA","article_published_time":"2013-10-02T18:09:17+00:00","og_image":[{"width":650,"height":294,"url":"https:\/\/www.joyana.fr\/wp-content\/uploads\/2013\/10\/VANS-DIEMME-2013.jpg","type":"image\/jpeg"}],"author":"Jo Yana","twitter_card":"summary_large_image","twitter_creator":"@Jo_Yana","twitter_site":"@Jo_Yana","twitter_misc":{"\u57f7\u7b46\u8005":"Jo Yana"},"schema":{"@context":"https:\/\/schema.org","@graph":[{"@type":"Article","@id":"https:\/\/www.joyana.fr\/vans-vault-x-diemme-collection-aw13\/6529\/#article","isPartOf":{"@id":"https:\/\/www.joyana.fr\/vans-vault-x-diemme-collection-aw13\/6529\/"},"author":{"name":"Jo Yana","@id":"https:\/\/joyana.fr\/#\/schema\/person\/cf2a1ad12a27c12c21801075bf37407c"},"headline":"VANS VAULT x DIEMME Collection A\/W13","datePublished":"2013-10-02T18:09:17+00:00","mainEntityOfPage":{"@id":"https:\/\/www.joyana.fr\/vans-vault-x-diemme-collection-aw13\/6529\/"},"wordCount":60,"commentCount":0,"publisher":{"@id":"https:\/\/joyana.fr\/#\/schema\/person\/cf2a1ad12a27c12c21801075bf37407c"},"image":{"@id":"https:\/\/www.joyana.fr\/vans-vault-x-diemme-collection-aw13\/6529\/#primaryimage"},"thumbnailUrl":"https:\/\/i0.wp.com\/www.joyana.fr\/wp-content\/uploads\/2013\/10\/VANS-DIEMME-2013.jpg?fit=650%2C294&ssl=1","keywords":["Collaboration","Cuir","Diemme","End Clothing","Sneakers","Vans","Vans Vault"],"articleSection":["THE JOURNAL"],"inLanguage":"ja","potentialAction":[{"@type":"CommentAction","name":"Comment","target":["https:\/\/www.joyana.fr\/vans-vault-x-diemme-collection-aw13\/6529\/#respond"]}]},{"@type":"WebPage","@id":"https:\/\/www.joyana.fr\/vans-vault-x-diemme-collection-aw13\/6529\/","url":"https:\/\/www.joyana.fr\/vans-vault-x-diemme-collection-aw13\/6529\/","name":"VANS VAULT x DIEMME Collection A\/W13 - JO YANA","isPartOf":{"@id":"https:\/\/joyana.fr\/#website"},"primaryImageOfPage":{"@id":"https:\/\/www.joyana.fr\/vans-vault-x-diemme-collection-aw13\/6529\/#primaryimage"},"image":{"@id":"https:\/\/www.joyana.fr\/vans-vault-x-diemme-collection-aw13\/6529\/#primaryimage"},"thumbnailUrl":"https:\/\/i0.wp.com\/www.joyana.fr\/wp-content\/uploads\/2013\/10\/VANS-DIEMME-2013.jpg?fit=650%2C294&ssl=1","datePublished":"2013-10-02T18:09:17+00:00","breadcrumb":{"@id":"https:\/\/www.joyana.fr\/vans-vault-x-diemme-collection-aw13\/6529\/#breadcrumb"},"inLanguage":"ja","potentialAction":[{"@type":"ReadAction","target":["https:\/\/www.joyana.fr\/vans-vault-x-diemme-collection-aw13\/6529\/"]}]},{"@type":"ImageObject","inLanguage":"ja","@id":"https:\/\/www.joyana.fr\/vans-vault-x-diemme-collection-aw13\/6529\/#primaryimage","url":"https:\/\/i0.wp.com\/www.joyana.fr\/wp-content\/uploads\/2013\/10\/VANS-DIEMME-2013.jpg?fit=650%2C294&ssl=1","contentUrl":"https:\/\/i0.wp.com\/www.joyana.fr\/wp-content\/uploads\/2013\/10\/VANS-DIEMME-2013.jpg?fit=650%2C294&ssl=1","width":650,"height":294},{"@type":"BreadcrumbList","@id":"https:\/\/www.joyana.fr\/vans-vault-x-diemme-collection-aw13\/6529\/#breadcrumb","itemListElement":[{"@type":"ListItem","position":1,"name":"Accueil","item":"https:\/\/joyana.fr\/"},{"@type":"ListItem","position":2,"name":"VANS VAULT x DIEMME Collection A\/W13"}]},{"@type":"WebSite","@id":"https:\/\/joyana.fr\/#website","url":"https:\/\/joyana.fr\/","name":"JO YANA","description":"Blog Mode Homme, Lifestyle, D\u00e9co-Design","publisher":{"@id":"https:\/\/joyana.fr\/#\/schema\/person\/cf2a1ad12a27c12c21801075bf37407c"},"potentialAction":[{"@type":"SearchAction","target":{"@type":"EntryPoint","urlTemplate":"https:\/\/joyana.fr\/?s={search_term_string}"},"query-input":{"@type":"PropertyValueSpecification","valueRequired":true,"valueName":"search_term_string"}}],"inLanguage":"ja"},{"@type":["Person","Organization"],"@id":"https:\/\/joyana.fr\/#\/schema\/person\/cf2a1ad12a27c12c21801075bf37407c","name":"Jo Yana","image":{"@type":"ImageObject","inLanguage":"ja","@id":"https:\/\/joyana.fr\/#\/schema\/person\/image\/","url":"https:\/\/i0.wp.com\/www.joyana.fr\/wp-content\/uploads\/2016\/08\/cropped-joyana-logo-black-360x180.png?fit=343%2C164&ssl=1","contentUrl":"https:\/\/i0.wp.com\/www.joyana.fr\/wp-content\/uploads\/2016\/08\/cropped-joyana-logo-black-360x180.png?fit=343%2C164&ssl=1","width":343,"height":164,"caption":"Jo Yana"},"logo":{"@id":"https:\/\/joyana.fr\/#\/schema\/person\/image\/"},"description":"Jo Yana est le cr\u00e9ateur et r\u00e9dacteur en chef des sites DECO-DESIGN. Passionn\u00e9 de Design, Mode, Photo, Luxe, Lifestyle, Musique, mais avant tout Blogueur ! Le plaisir de partager l'anime et a comme devise \"POUR L'AMOUR DU BEAU\". Retrouvez le aussi sur son blog personnel - https:\/\/joyana.fr...","sameAs":["https:\/\/joyana.fr\/"],"url":"https:\/\/www.joyana.fr\/ja\/author\/joyana\/"}]}},"author_meta":{"display_name":"Jo Yana","author_link":"https:\/\/www.joyana.fr\/ja\/author\/joyana\/"},"featured_img":"https:\/\/i0.wp.com\/www.joyana.fr\/wp-content\/uploads\/2013\/10\/VANS-DIEMME-2013.jpg?fit=389%2C176&ssl=1","featured_image_src":"https:\/\/i0.wp.com\/www.joyana.fr\/wp-content\/uploads\/2013\/10\/VANS-DIEMME-2013.jpg?resize=600%2C294&ssl=1","featured_image_src_square":"https:\/\/i0.wp.com\/www.joyana.fr\/wp-content\/uploads\/2013\/10\/VANS-DIEMME-2013.jpg?resize=600%2C294&ssl=1","jetpack_featured_media_url":"https:\/\/i0.wp.com\/www.joyana.fr\/wp-content\/uploads\/2013\/10\/VANS-DIEMME-2013.jpg?fit=650%2C294&ssl=1","uagb_featured_image_src":{"full":["https:\/\/i0.wp.com\/www.joyana.fr\/wp-content\/uploads\/2013\/10\/VANS-DIEMME-2013.jpg?fit=650%2C294&ssl=1",650,294,false],"thumbnail":["https:\/\/i0.wp.com\/www.joyana.fr\/wp-content\/uploads\/2013\/10\/VANS-DIEMME-2013.jpg?resize=150%2C150&ssl=1",150,150,true],"medium":["https:\/\/i0.wp.com\/www.joyana.fr\/wp-content\/uploads\/2013\/10\/VANS-DIEMME-2013.jpg?fit=389%2C176&ssl=1",389,176,true],"medium_large":["https:\/\/i0.wp.com\/www.joyana.fr\/wp-content\/uploads\/2013\/10\/VANS-DIEMME-2013.jpg?fit=650%2C294&ssl=1",650,294,true],"large":["https:\/\/i0.wp.com\/www.joyana.fr\/wp-content\/uploads\/2013\/10\/VANS-DIEMME-2013.jpg?fit=650%2C294&ssl=1",650,294,true],"1536x1536":["https:\/\/i0.wp.com\/www.joyana.fr\/wp-content\/uploads\/2013\/10\/VANS-DIEMME-2013.jpg?fit=650%2C294&ssl=1",650,294,true],"2048x2048":["https:\/\/i0.wp.com\/www.joyana.fr\/wp-content\/uploads\/2013\/10\/VANS-DIEMME-2013.jpg?fit=650%2C294&ssl=1",650,294,true],"featured-thumb":["https:\/\/i0.wp.com\/www.joyana.fr\/wp-content\/uploads\/2013\/10\/VANS-DIEMME-2013.jpg?resize=650%2C294&ssl=1",650,294,true],"ab-block-post-grid-landscape":["https:\/\/i0.wp.com\/www.joyana.fr\/wp-content\/uploads\/2013\/10\/VANS-DIEMME-2013.jpg?resize=600%2C294&ssl=1",600,294,true],"ab-block-post-grid-square":["https:\/\/i0.wp.com\/www.joyana.fr\/wp-content\/uploads\/2013\/10\/VANS-DIEMME-2013.jpg?resize=600%2C294&ssl=1",600,294,true],"author-pro-image":["https:\/\/i0.wp.com\/www.joyana.fr\/wp-content\/uploads\/2013\/10\/VANS-DIEMME-2013.jpg?resize=360%2C294&ssl=1",360,294,true],"slider":["https:\/\/i0.wp.com\/www.joyana.fr\/wp-content\/uploads\/2013\/10\/VANS-DIEMME-2013.jpg?resize=650%2C294&ssl=1",650,294,true],"woocommerce_thumbnail":["https:\/\/i0.wp.com\/www.joyana.fr\/wp-content\/uploads\/2013\/10\/VANS-DIEMME-2013.jpg?resize=450%2C294&ssl=1",450,294,true],"woocommerce_single":["https:\/\/i0.wp.com\/www.joyana.fr\/wp-content\/uploads\/2013\/10\/VANS-DIEMME-2013.jpg?fit=650%2C294&ssl=1",650,294,true],"woocommerce_gallery_thumbnail":["https:\/\/i0.wp.com\/www.joyana.fr\/wp-content\/uploads\/2013\/10\/VANS-DIEMME-2013.jpg?resize=180%2C180&ssl=1",180,180,true],"sow-carousel-default":["https:\/\/i0.wp.com\/www.joyana.fr\/wp-content\/uploads\/2013\/10\/VANS-DIEMME-2013.jpg?resize=272%2C182&ssl=1",272,182,true]},"uagb_author_info":{"display_name":"Jo Yana","author_link":"https:\/\/www.joyana.fr\/ja\/author\/joyana\/"},"uagb_comment_info":0,"uagb_excerpt":"Vous ne trouvez pas les\u00a0Vans\u00a0assez chics pour vos pieds&hellip;","coauthors":[],"tax_additional":{"categories":{"linked":["<a href=\"https:\/\/www.joyana.fr\/ja\/category\/the-journal\/\" class=\"advgb-post-tax-term\">THE JOURNAL<\/a>"],"unlinked":["<span class=\"advgb-post-tax-term\">THE JOURNAL<\/span>"]},"tags":{"linked":["<a href=\"https:\/\/www.joyana.fr\/ja\/category\/the-journal\/\" class=\"advgb-post-tax-term\">Collaboration<\/a>","<a href=\"https:\/\/www.joyana.fr\/ja\/category\/the-journal\/\" class=\"advgb-post-tax-term\">Cuir<\/a>","<a href=\"https:\/\/www.joyana.fr\/ja\/category\/the-journal\/\" class=\"advgb-post-tax-term\">Diemme<\/a>","<a href=\"https:\/\/www.joyana.fr\/ja\/category\/the-journal\/\" class=\"advgb-post-tax-term\">End Clothing<\/a>","<a href=\"https:\/\/www.joyana.fr\/ja\/category\/the-journal\/\" class=\"advgb-post-tax-term\">Sneakers<\/a>","<a href=\"https:\/\/www.joyana.fr\/ja\/category\/the-journal\/\" class=\"advgb-post-tax-term\">Vans<\/a>","<a href=\"https:\/\/www.joyana.fr\/ja\/category\/the-journal\/\" class=\"advgb-post-tax-term\">Vans Vault<\/a>"],"unlinked":["<span class=\"advgb-post-tax-term\">Collaboration<\/span>","<span class=\"advgb-post-tax-term\">Cuir<\/span>","<span class=\"advgb-post-tax-term\">Diemme<\/span>","<span class=\"advgb-post-tax-term\">End Clothing<\/span>","<span class=\"advgb-post-tax-term\">Sneakers<\/span>","<span class=\"advgb-post-tax-term\">Vans<\/span>","<span class=\"advgb-post-tax-term\">Vans Vault<\/span>"]}},"comment_count":0,"relative_dates":{"created":"Posted 13\u5e74 ago","modified":"Updated 13\u5e74 ago"},"absolute_dates":{"created":"Posted on 2 10\u6708 2013","modified":"Updated on 2 10\u6708 2013"},"absolute_dates_time":{"created":"Posted on 2 10\u6708 2013 20:09","modified":"Updated on 2 10\u6708 2013 20:09"},"featured_img_caption":"","series_order":"","jetpack_sharing_enabled":true,"jetpack_shortlink":"https:\/\/wp.me\/p9bteI-1Hj","jetpack-related-posts":[],"_links":{"self":[{"href":"https:\/\/www.joyana.fr\/ja\/wp-json\/wp\/v2\/posts\/6529","targetHints":{"allow":["GET"]}}],"collection":[{"href":"https:\/\/www.joyana.fr\/ja\/wp-json\/wp\/v2\/posts"}],"about":[{"href":"https:\/\/www.joyana.fr\/ja\/wp-json\/wp\/v2\/types\/post"}],"author":[{"embeddable":true,"href":"https:\/\/www.joyana.fr\/ja\/wp-json\/wp\/v2\/users\/3"}],"replies":[{"embeddable":true,"href":"https:\/\/www.joyana.fr\/ja\/wp-json\/wp\/v2\/comments?post=6529"}],"version-history":[{"count":0,"href":"https:\/\/www.joyana.fr\/ja\/wp-json\/wp\/v2\/posts\/6529\/revisions"}],"wp:featuredmedia":[{"embeddable":true,"href":"https:\/\/www.joyana.fr\/ja\/wp-json\/wp\/v2\/media\/6530"}],"wp:attachment":[{"href":"https:\/\/www.joyana.fr\/ja\/wp-json\/wp\/v2\/media?parent=6529"}],"wp:term":[{"taxonomy":"category","embeddable":true,"href":"https:\/\/www.joyana.fr\/ja\/wp-json\/wp\/v2\/categories?post=6529"},{"taxonomy":"post_tag","embeddable":true,"href":"https:\/\/www.joyana.fr\/ja\/wp-json\/wp\/v2\/tags?post=6529"}],"curies":[{"name":"wp","href":"https:\/\/api.w.org\/{rel}","templated":true}]}}