{"id":6387,"date":"2013-09-19T18:07:35","date_gmt":"2013-09-19T16:07:35","guid":{"rendered":"https:\/\/joyana.fr\/?p=6387"},"modified":"2013-09-19T18:07:35","modified_gmt":"2013-09-19T16:07:35","slug":"shopping-sac-martin-mrkt","status":"publish","type":"post","link":"https:\/\/www.joyana.fr\/ja\/shopping-sac-martin-mrkt\/6387\/","title":{"rendered":"#Shopping &#8211; Sac Martin M.R.K.T."},"content":{"rendered":"<p><img data-recalc-dims=\"1\" fetchpriority=\"high\" decoding=\"async\" src=\"https:\/\/i0.wp.com\/joyana.fr\/wp-content\/uploads\/2013\/09\/BLOG_SAC_MARTIN_7.jpg?resize=650%2C650&#038;ssl=1\" alt=\"BLOG_SAC_MARTIN_7\" width=\"650\" height=\"650\" \/><\/p>\n<p>Je vous pr\u00e9sente mon nouveau <strong>sac Martin<\/strong> <strong><a title=\"MRKT\" href=\"https:\/\/joyana.fr\/tag\/MRKT\/\" target=\"_blank\">M.R.K.T.<\/a><\/strong>\u00a0&#8211; que vous avez pu apercevoir sur le <a title=\"Look NEON JO YANA\" href=\"https:\/\/joyana.fr\/neon-italia-independent-foleez-ronnie-fieg-filling-pieces\/6284\/\" target=\"_blank\">look NEON<\/a> &#8211; r\u00e9cemment shopp\u00e9 chez <a title=\"foleez\" href=\"http:\/\/foleez.com\/boutique\/fr\/\" target=\"_blank\">Foleez<\/a>. Le voici sur ce post sous toutes les coutures, avec mon ressenti depuis que je l&#8217;utilise&#8230;<\/p>\n<p><!--more--><\/p>\n<p><img data-recalc-dims=\"1\" decoding=\"async\" src=\"https:\/\/i0.wp.com\/joyana.fr\/wp-content\/uploads\/2013\/09\/BLOG_SAC_MARTIN_5.jpg?resize=650%2C650&#038;ssl=1\" alt=\"BLOG_SAC_MARTIN_5\" width=\"650\" height=\"650\" \/><\/p>\n<p>Quatre jours en <a href=\"https:\/\/joyana.fr\/en-escapade-chez-tony-lemale\/6315\/\" target=\"_blank\">escapade<\/a>, parfait pour tester le <strong>sac Martin M.R.K.T. &#8211; aka Mad Rabbit Kicking Tiger<\/strong>\u00a0marque qui nous vient directement de Chine* ! Premi\u00e8rement revenons au produit : j&#8217;aime les mat\u00e9riaux utilis\u00e9s, la laine recycl\u00e9e et microfibre contraste \u00e0 merveille. En parlant de contraste, c&#8217;est le zip fluo qui m&#8217;a fait craquer, et vu le succ\u00e8s qu&#8217;il a rencontr\u00e9 \u00e0 Paris** je ne suis pas le seul&#8230; La forme est juste parfaite, ni trop gros, ni trop petit ; il peut aussi bien vous accompagner en week-end, ou servir pour une journ\u00e9e bien remplie. Ne vous inqui\u00e9tez pas, vous n&#8217;aurez pas l&#8217;air de partir en voyage avec le sac en main. Mentions sp\u00e9ciales pour les plus organis\u00e9s qui vont adorer ses multiples poches &#8211; int\u00e9rieures et ext\u00e9rieures &#8211; et pour la solidit\u00e9 des coutures qui sont de bonne facture&#8230;<\/p>\n<p>Parlons finance ! Ne vous affolez pas, <strong>Martin<\/strong> ne co\u00fbte pas cher&#8230; 130\u20ac uniquement. Je ne peux que saluer l&#8217;excellent rapport qualit\u00e9\/prix. Si je devais lui faire quelques reproches ce serait un l\u00e9ger manque de rigidit\u00e9 au niveau du zip, et la couleur de l&#8217;int\u00e9rieur qui je pense peut vite se salir***&#8230;<\/p>\n<p><img data-recalc-dims=\"1\" decoding=\"async\" data-attachment-id=\"6389\" data-permalink=\"https:\/\/www.joyana.fr\/ja\/shopping-sac-martin-mrkt\/6387\/blog_sac_martin_3\/\" data-orig-file=\"https:\/\/i0.wp.com\/www.joyana.fr\/wp-content\/uploads\/2013\/09\/BLOG_SAC_MARTIN_3.jpg?fit=650%2C650&amp;ssl=1\" data-orig-size=\"650,650\" data-comments-opened=\"1\" data-image-meta=\"{&quot;aperture&quot;:&quot;0&quot;,&quot;credit&quot;:&quot;&quot;,&quot;camera&quot;:&quot;&quot;,&quot;caption&quot;:&quot;&quot;,&quot;created_timestamp&quot;:&quot;0&quot;,&quot;copyright&quot;:&quot;&quot;,&quot;focal_length&quot;:&quot;0&quot;,&quot;iso&quot;:&quot;0&quot;,&quot;shutter_speed&quot;:&quot;0&quot;,&quot;title&quot;:&quot;&quot;,&quot;orientation&quot;:&quot;1&quot;}\" data-image-title=\"BLOG_SAC_MARTIN_3\" data-image-description=\"&lt;p&gt;#Shopping &#8211; Sac Martin MRKT &lt;\/p&gt;\n\" data-image-caption=\"\" data-medium-file=\"https:\/\/i0.wp.com\/www.joyana.fr\/wp-content\/uploads\/2013\/09\/BLOG_SAC_MARTIN_3.jpg?fit=389%2C389&amp;ssl=1\" data-large-file=\"https:\/\/i0.wp.com\/www.joyana.fr\/wp-content\/uploads\/2013\/09\/BLOG_SAC_MARTIN_3.jpg?fit=650%2C650&amp;ssl=1\" class=\"alignnone size-full wp-image-6389\" src=\"https:\/\/i0.wp.com\/joyana.fr\/wp-content\/uploads\/2013\/09\/BLOG_SAC_MARTIN_3.jpg?resize=650%2C650&#038;ssl=1\" alt=\"BLOG_SAC_MARTIN_3\" width=\"650\" height=\"650\" srcset=\"https:\/\/i0.wp.com\/www.joyana.fr\/wp-content\/uploads\/2013\/09\/BLOG_SAC_MARTIN_3.jpg?w=650&amp;ssl=1 650w, https:\/\/i0.wp.com\/www.joyana.fr\/wp-content\/uploads\/2013\/09\/BLOG_SAC_MARTIN_3.jpg?resize=300%2C300&amp;ssl=1 300w, https:\/\/i0.wp.com\/www.joyana.fr\/wp-content\/uploads\/2013\/09\/BLOG_SAC_MARTIN_3.jpg?resize=100%2C100&amp;ssl=1 100w, https:\/\/i0.wp.com\/www.joyana.fr\/wp-content\/uploads\/2013\/09\/BLOG_SAC_MARTIN_3.jpg?resize=600%2C600&amp;ssl=1 600w\" sizes=\"(max-width: 650px) 100vw, 650px\" \/><\/p>\n<p><img data-recalc-dims=\"1\" loading=\"lazy\" decoding=\"async\" data-attachment-id=\"6390\" data-permalink=\"https:\/\/www.joyana.fr\/ja\/shopping-sac-martin-mrkt\/6387\/blog_sac_martin_4\/\" data-orig-file=\"https:\/\/i0.wp.com\/www.joyana.fr\/wp-content\/uploads\/2013\/09\/BLOG_SAC_MARTIN_4.jpg?fit=650%2C650&amp;ssl=1\" data-orig-size=\"650,650\" data-comments-opened=\"1\" data-image-meta=\"{&quot;aperture&quot;:&quot;0&quot;,&quot;credit&quot;:&quot;&quot;,&quot;camera&quot;:&quot;&quot;,&quot;caption&quot;:&quot;&quot;,&quot;created_timestamp&quot;:&quot;0&quot;,&quot;copyright&quot;:&quot;&quot;,&quot;focal_length&quot;:&quot;0&quot;,&quot;iso&quot;:&quot;0&quot;,&quot;shutter_speed&quot;:&quot;0&quot;,&quot;title&quot;:&quot;&quot;,&quot;orientation&quot;:&quot;1&quot;}\" data-image-title=\"BLOG_SAC_MARTIN_4\" data-image-description=\"&lt;p&gt;#Shopping &#8211; Sac Martin MRKT &lt;\/p&gt;\n\" data-image-caption=\"\" data-medium-file=\"https:\/\/i0.wp.com\/www.joyana.fr\/wp-content\/uploads\/2013\/09\/BLOG_SAC_MARTIN_4.jpg?fit=389%2C389&amp;ssl=1\" data-large-file=\"https:\/\/i0.wp.com\/www.joyana.fr\/wp-content\/uploads\/2013\/09\/BLOG_SAC_MARTIN_4.jpg?fit=650%2C650&amp;ssl=1\" class=\"alignnone size-full wp-image-6390\" src=\"https:\/\/i0.wp.com\/joyana.fr\/wp-content\/uploads\/2013\/09\/BLOG_SAC_MARTIN_4.jpg?resize=650%2C650&#038;ssl=1\" alt=\"BLOG_SAC_MARTIN_4\" width=\"650\" height=\"650\" srcset=\"https:\/\/i0.wp.com\/www.joyana.fr\/wp-content\/uploads\/2013\/09\/BLOG_SAC_MARTIN_4.jpg?w=650&amp;ssl=1 650w, https:\/\/i0.wp.com\/www.joyana.fr\/wp-content\/uploads\/2013\/09\/BLOG_SAC_MARTIN_4.jpg?resize=300%2C300&amp;ssl=1 300w, https:\/\/i0.wp.com\/www.joyana.fr\/wp-content\/uploads\/2013\/09\/BLOG_SAC_MARTIN_4.jpg?resize=100%2C100&amp;ssl=1 100w, https:\/\/i0.wp.com\/www.joyana.fr\/wp-content\/uploads\/2013\/09\/BLOG_SAC_MARTIN_4.jpg?resize=600%2C600&amp;ssl=1 600w\" sizes=\"(max-width: 650px) 100vw, 650px\" \/><\/p>\n<p><img data-recalc-dims=\"1\" loading=\"lazy\" decoding=\"async\" data-attachment-id=\"6395\" data-permalink=\"https:\/\/www.joyana.fr\/ja\/shopping-sac-martin-mrkt\/6387\/blog_sac-martin_1-2\/\" data-orig-file=\"https:\/\/i0.wp.com\/www.joyana.fr\/wp-content\/uploads\/2013\/09\/BLOG_SAC-MARTIN_11.jpg?fit=650%2C650&amp;ssl=1\" data-orig-size=\"650,650\" data-comments-opened=\"1\" data-image-meta=\"{&quot;aperture&quot;:&quot;0&quot;,&quot;credit&quot;:&quot;&quot;,&quot;camera&quot;:&quot;&quot;,&quot;caption&quot;:&quot;&quot;,&quot;created_timestamp&quot;:&quot;0&quot;,&quot;copyright&quot;:&quot;&quot;,&quot;focal_length&quot;:&quot;0&quot;,&quot;iso&quot;:&quot;0&quot;,&quot;shutter_speed&quot;:&quot;0&quot;,&quot;title&quot;:&quot;&quot;,&quot;orientation&quot;:&quot;1&quot;}\" data-image-title=\"BLOG_SAC MARTIN_1\" data-image-description=\"\" data-image-caption=\"\" data-medium-file=\"https:\/\/i0.wp.com\/www.joyana.fr\/wp-content\/uploads\/2013\/09\/BLOG_SAC-MARTIN_11.jpg?fit=389%2C389&amp;ssl=1\" data-large-file=\"https:\/\/i0.wp.com\/www.joyana.fr\/wp-content\/uploads\/2013\/09\/BLOG_SAC-MARTIN_11.jpg?fit=650%2C650&amp;ssl=1\" class=\"alignnone size-full wp-image-6395\" src=\"https:\/\/i0.wp.com\/joyana.fr\/wp-content\/uploads\/2013\/09\/BLOG_SAC-MARTIN_11.jpg?resize=650%2C650&#038;ssl=1\" alt=\"BLOG_SAC MARTIN_1\" width=\"650\" height=\"650\" srcset=\"https:\/\/i0.wp.com\/www.joyana.fr\/wp-content\/uploads\/2013\/09\/BLOG_SAC-MARTIN_11.jpg?w=650&amp;ssl=1 650w, https:\/\/i0.wp.com\/www.joyana.fr\/wp-content\/uploads\/2013\/09\/BLOG_SAC-MARTIN_11.jpg?resize=300%2C300&amp;ssl=1 300w, https:\/\/i0.wp.com\/www.joyana.fr\/wp-content\/uploads\/2013\/09\/BLOG_SAC-MARTIN_11.jpg?resize=100%2C100&amp;ssl=1 100w, https:\/\/i0.wp.com\/www.joyana.fr\/wp-content\/uploads\/2013\/09\/BLOG_SAC-MARTIN_11.jpg?resize=600%2C600&amp;ssl=1 600w\" sizes=\"(max-width: 650px) 100vw, 650px\" \/><\/p>\n<p>* Entendons nous bien. Il y a Made in China et Made in China&#8230;<\/p>\n<p>** Je me suis fait aborder trois fois dans la rue pour savoir o\u00f9 j&#8217;ai pu trouver cette merveille. Alors dans ce cas vous donnez ou pas votre source chers lecteurs ? Soit vous passez pour un \u00e9go\u00efste qui ne donne partage pas ses bons plans, soit vous allez voir dans quelques temps votre sac ador\u00e9 dans les bras de tout le monde&#8230; Gros dilemme !<\/p>\n<p>*** Mais bon cela contribue \u00e0 l&#8217;esth\u00e9tique du sac, \u00e9vitez juste de mettre de la nourriture ou un stylo fuyant \u00e0 l&#8217;int\u00e9rieur&#8230;<\/p>\n<p><img data-recalc-dims=\"1\" loading=\"lazy\" decoding=\"async\" data-attachment-id=\"6393\" data-permalink=\"https:\/\/www.joyana.fr\/ja\/shopping-sac-martin-mrkt\/6387\/sac_martin_blog_2\/\" data-orig-file=\"https:\/\/i0.wp.com\/www.joyana.fr\/wp-content\/uploads\/2013\/09\/SAC_MARTIN_BLOG_2.jpg?fit=650%2C650&amp;ssl=1\" data-orig-size=\"650,650\" data-comments-opened=\"1\" data-image-meta=\"{&quot;aperture&quot;:&quot;0&quot;,&quot;credit&quot;:&quot;&quot;,&quot;camera&quot;:&quot;&quot;,&quot;caption&quot;:&quot;&quot;,&quot;created_timestamp&quot;:&quot;0&quot;,&quot;copyright&quot;:&quot;&quot;,&quot;focal_length&quot;:&quot;0&quot;,&quot;iso&quot;:&quot;0&quot;,&quot;shutter_speed&quot;:&quot;0&quot;,&quot;title&quot;:&quot;&quot;,&quot;orientation&quot;:&quot;1&quot;}\" data-image-title=\"SAC_MARTIN_BLOG_2\" data-image-description=\"&lt;p&gt;#Shopping &#8211; Sac Martin MRKT &lt;\/p&gt;\n\" data-image-caption=\"\" data-medium-file=\"https:\/\/i0.wp.com\/www.joyana.fr\/wp-content\/uploads\/2013\/09\/SAC_MARTIN_BLOG_2.jpg?fit=389%2C389&amp;ssl=1\" data-large-file=\"https:\/\/i0.wp.com\/www.joyana.fr\/wp-content\/uploads\/2013\/09\/SAC_MARTIN_BLOG_2.jpg?fit=650%2C650&amp;ssl=1\" class=\"alignnone size-full wp-image-6393\" src=\"https:\/\/i0.wp.com\/joyana.fr\/wp-content\/uploads\/2013\/09\/SAC_MARTIN_BLOG_2.jpg?resize=650%2C650&#038;ssl=1\" alt=\"SAC_MARTIN_BLOG_2\" width=\"650\" height=\"650\" srcset=\"https:\/\/i0.wp.com\/www.joyana.fr\/wp-content\/uploads\/2013\/09\/SAC_MARTIN_BLOG_2.jpg?w=650&amp;ssl=1 650w, https:\/\/i0.wp.com\/www.joyana.fr\/wp-content\/uploads\/2013\/09\/SAC_MARTIN_BLOG_2.jpg?resize=300%2C300&amp;ssl=1 300w, https:\/\/i0.wp.com\/www.joyana.fr\/wp-content\/uploads\/2013\/09\/SAC_MARTIN_BLOG_2.jpg?resize=100%2C100&amp;ssl=1 100w, https:\/\/i0.wp.com\/www.joyana.fr\/wp-content\/uploads\/2013\/09\/SAC_MARTIN_BLOG_2.jpg?resize=600%2C600&amp;ssl=1 600w\" sizes=\"(max-width: 650px) 100vw, 650px\" \/><\/p>\n<p style=\"text-align: center;\">Sac Martin <a href=\"http:\/\/www.mrktstore.com\/\" target=\"_blank\">M.R.K.T.<\/a>\u00a0chez <a title=\"FOLEEZ\" href=\"http:\/\/foleez.com\/boutique\/fr\/178-ipad-mcbook-air-mcbook-pro-leather-sleeve.html\" target=\"_blank\">FOLEEZ<\/a><\/p>\n<p style=\"text-align: center;\"><span style=\"color: #ffffff;\">..<\/span><\/p>\n","protected":false},"excerpt":{"rendered":"<p>Je vous pr\u00e9sente mon nouveau sac Martin M.R.K.T.\u00a0&#8211; que vous avez pu apercevoir sur le look NEON &#8211;  [&hellip;]<\/p>\n","protected":false},"author":3,"featured_media":6394,"comment_status":"open","ping_status":"open","sticky":false,"template":"","format":"standard","meta":{"_coblocks_attr":"","_coblocks_dimensions":"","_coblocks_responsive_height":"","_coblocks_accordion_ie_support":"","_uag_custom_page_level_css":"","advgb_blocks_editor_width":"","advgb_blocks_columns_visual_guide":"","_genesis_hide_title":false,"_genesis_hide_breadcrumbs":false,"_genesis_hide_singular_image":false,"_genesis_hide_footer_widgets":false,"_genesis_custom_body_class":"","_genesis_custom_post_class":"","_genesis_layout":"","_themeisle_gutenberg_block_has_review":false,"_jetpack_newsletter_access":"","_jetpack_dont_email_post_to_subs":false,"_jetpack_newsletter_tier_id":0,"_jetpack_memberships_contains_paywalled_content":false,"_jetpack_memberships_contains_paid_content":false,"footnotes":""},"categories":[60,16],"tags":[394,395,157,396,144,386],"class_list":{"0":"post-6387","1":"post","2":"type-post","3":"status-publish","4":"format-standard","5":"has-post-thumbnail","7":"category-blog","8":"category-mode-homme","9":"tag-foleez","10":"tag-mrkt","11":"tag-maroquinerie","12":"tag-neon","13":"tag-sac","14":"tag-shopping","15":"entry"},"featured_image_urls":{"full":["https:\/\/i0.wp.com\/www.joyana.fr\/wp-content\/uploads\/2013\/09\/SAC_MARTIN_C.jpg?fit=975%2C375&ssl=1",975,375,false],"thumbnail":["https:\/\/i0.wp.com\/www.joyana.fr\/wp-content\/uploads\/2013\/09\/SAC_MARTIN_C.jpg?resize=150%2C150&ssl=1",150,150,true],"medium":["https:\/\/i0.wp.com\/www.joyana.fr\/wp-content\/uploads\/2013\/09\/SAC_MARTIN_C.jpg?fit=389%2C150&ssl=1",389,150,true],"medium_large":["https:\/\/i0.wp.com\/www.joyana.fr\/wp-content\/uploads\/2013\/09\/SAC_MARTIN_C.jpg?fit=768%2C295&ssl=1",768,295,true],"large":["https:\/\/i0.wp.com\/www.joyana.fr\/wp-content\/uploads\/2013\/09\/SAC_MARTIN_C.jpg?fit=975%2C375&ssl=1",975,375,true],"1536x1536":["https:\/\/i0.wp.com\/www.joyana.fr\/wp-content\/uploads\/2013\/09\/SAC_MARTIN_C.jpg?fit=975%2C375&ssl=1",975,375,true],"2048x2048":["https:\/\/i0.wp.com\/www.joyana.fr\/wp-content\/uploads\/2013\/09\/SAC_MARTIN_C.jpg?fit=975%2C375&ssl=1",975,375,true],"featured-thumb":["https:\/\/i0.wp.com\/www.joyana.fr\/wp-content\/uploads\/2013\/09\/SAC_MARTIN_C.jpg?resize=975%2C375&ssl=1",975,375,true],"ab-block-post-grid-landscape":["https:\/\/i0.wp.com\/www.joyana.fr\/wp-content\/uploads\/2013\/09\/SAC_MARTIN_C.jpg?resize=600%2C375&ssl=1",600,375,true],"ab-block-post-grid-square":["https:\/\/i0.wp.com\/www.joyana.fr\/wp-content\/uploads\/2013\/09\/SAC_MARTIN_C.jpg?resize=600%2C375&ssl=1",600,375,true],"author-pro-image":["https:\/\/i0.wp.com\/www.joyana.fr\/wp-content\/uploads\/2013\/09\/SAC_MARTIN_C.jpg?resize=360%2C375&ssl=1",360,375,true],"slider":["https:\/\/i0.wp.com\/www.joyana.fr\/wp-content\/uploads\/2013\/09\/SAC_MARTIN_C.jpg?resize=920%2C375&ssl=1",920,375,true],"woocommerce_thumbnail":["https:\/\/i0.wp.com\/www.joyana.fr\/wp-content\/uploads\/2013\/09\/SAC_MARTIN_C.jpg?resize=450%2C375&ssl=1",450,375,true],"woocommerce_single":["https:\/\/i0.wp.com\/www.joyana.fr\/wp-content\/uploads\/2013\/09\/SAC_MARTIN_C.jpg?fit=920%2C354&ssl=1",920,354,true],"woocommerce_gallery_thumbnail":["https:\/\/i0.wp.com\/www.joyana.fr\/wp-content\/uploads\/2013\/09\/SAC_MARTIN_C.jpg?resize=180%2C180&ssl=1",180,180,true],"sow-carousel-default":["https:\/\/i0.wp.com\/www.joyana.fr\/wp-content\/uploads\/2013\/09\/SAC_MARTIN_C.jpg?resize=272%2C182&ssl=1",272,182,true]},"post_excerpt_stackable":"<p>Je vous pr\u00e9sente mon nouveau sac Martin M.R.K.T.\u00a0&#8211; que vous avez pu apercevoir sur le look NEO&hellip;<\/p>\n","category_list":"<a href=\"https:\/\/www.joyana.fr\/ja\/category\/blog\/\" rel=\"category tag\">BLOG<\/a>, <a href=\"https:\/\/www.joyana.fr\/ja\/category\/blog\/mode-homme\/\" rel=\"category tag\">MODE HOMME<\/a>","author_info":{"display_name":"Jo Yana","author_link":"https:\/\/www.joyana.fr\/ja\/author\/joyana\/"},"comments_num":"0 comments","featured_image_urls_v2":{"full":["https:\/\/i0.wp.com\/www.joyana.fr\/wp-content\/uploads\/2013\/09\/SAC_MARTIN_C.jpg?fit=975%2C375&ssl=1",975,375,false],"thumbnail":["https:\/\/i0.wp.com\/www.joyana.fr\/wp-content\/uploads\/2013\/09\/SAC_MARTIN_C.jpg?resize=150%2C150&ssl=1",150,150,true],"medium":["https:\/\/i0.wp.com\/www.joyana.fr\/wp-content\/uploads\/2013\/09\/SAC_MARTIN_C.jpg?fit=389%2C150&ssl=1",389,150,true],"medium_large":["https:\/\/i0.wp.com\/www.joyana.fr\/wp-content\/uploads\/2013\/09\/SAC_MARTIN_C.jpg?fit=768%2C295&ssl=1",768,295,true],"large":["https:\/\/i0.wp.com\/www.joyana.fr\/wp-content\/uploads\/2013\/09\/SAC_MARTIN_C.jpg?fit=975%2C375&ssl=1",975,375,true],"1536x1536":["https:\/\/i0.wp.com\/www.joyana.fr\/wp-content\/uploads\/2013\/09\/SAC_MARTIN_C.jpg?fit=975%2C375&ssl=1",975,375,true],"2048x2048":["https:\/\/i0.wp.com\/www.joyana.fr\/wp-content\/uploads\/2013\/09\/SAC_MARTIN_C.jpg?fit=975%2C375&ssl=1",975,375,true],"featured-thumb":["https:\/\/i0.wp.com\/www.joyana.fr\/wp-content\/uploads\/2013\/09\/SAC_MARTIN_C.jpg?resize=975%2C375&ssl=1",975,375,true],"ab-block-post-grid-landscape":["https:\/\/i0.wp.com\/www.joyana.fr\/wp-content\/uploads\/2013\/09\/SAC_MARTIN_C.jpg?resize=600%2C375&ssl=1",600,375,true],"ab-block-post-grid-square":["https:\/\/i0.wp.com\/www.joyana.fr\/wp-content\/uploads\/2013\/09\/SAC_MARTIN_C.jpg?resize=600%2C375&ssl=1",600,375,true],"author-pro-image":["https:\/\/i0.wp.com\/www.joyana.fr\/wp-content\/uploads\/2013\/09\/SAC_MARTIN_C.jpg?resize=360%2C375&ssl=1",360,375,true],"slider":["https:\/\/i0.wp.com\/www.joyana.fr\/wp-content\/uploads\/2013\/09\/SAC_MARTIN_C.jpg?resize=920%2C375&ssl=1",920,375,true],"woocommerce_thumbnail":["https:\/\/i0.wp.com\/www.joyana.fr\/wp-content\/uploads\/2013\/09\/SAC_MARTIN_C.jpg?resize=450%2C375&ssl=1",450,375,true],"woocommerce_single":["https:\/\/i0.wp.com\/www.joyana.fr\/wp-content\/uploads\/2013\/09\/SAC_MARTIN_C.jpg?fit=920%2C354&ssl=1",920,354,true],"woocommerce_gallery_thumbnail":["https:\/\/i0.wp.com\/www.joyana.fr\/wp-content\/uploads\/2013\/09\/SAC_MARTIN_C.jpg?resize=180%2C180&ssl=1",180,180,true],"sow-carousel-default":["https:\/\/i0.wp.com\/www.joyana.fr\/wp-content\/uploads\/2013\/09\/SAC_MARTIN_C.jpg?resize=272%2C182&ssl=1",272,182,true]},"post_excerpt_stackable_v2":"<p>Je vous pr\u00e9sente mon nouveau sac Martin M.R.K.T.\u00a0&#8211; que vous avez pu apercevoir sur le look NEO&hellip;<\/p>\n","category_list_v2":"<a href=\"https:\/\/www.joyana.fr\/ja\/category\/blog\/\" rel=\"category tag\">BLOG<\/a>, <a href=\"https:\/\/www.joyana.fr\/ja\/category\/blog\/mode-homme\/\" rel=\"category tag\">MODE HOMME<\/a>","author_info_v2":{"name":"Jo Yana","url":"https:\/\/www.joyana.fr\/ja\/author\/joyana\/"},"comments_num_v2":"0 comments","yoast_head":"<!-- This site is optimized with the Yoast SEO plugin v26.8 - https:\/\/yoast.com\/product\/yoast-seo-wordpress\/ -->\n<title>#Shopping - Sac Martin M.R.K.T. - JO YANA<\/title>\n<meta name=\"robots\" content=\"index, follow, max-snippet:-1, max-image-preview:large, max-video-preview:-1\" \/>\n<link rel=\"canonical\" href=\"https:\/\/joyana.fr\/ja\/shopping-sac-martin-mrkt\/6387\/\" \/>\n<meta property=\"og:locale\" content=\"ja_JP\" \/>\n<meta property=\"og:locale:alternate\" content=\"fr_FR\" \/>\n<meta property=\"og:locale:alternate\" content=\"en_US\" \/>\n<meta property=\"og:type\" content=\"article\" \/>\n<meta property=\"og:title\" content=\"#Shopping - Sac Martin M.R.K.T. - JO YANA\" \/>\n<meta property=\"og:description\" content=\"Je vous pr\u00e9sente mon nouveau sac Martin M.R.K.T.\u00a0&#8211; que vous avez pu apercevoir sur le look NEON &#8211; [&hellip;]\" \/>\n<meta property=\"og:url\" content=\"https:\/\/www.joyana.fr\/ja\/shopping-sac-martin-mrkt\/6387\/\" \/>\n<meta property=\"og:site_name\" content=\"JO YANA\" \/>\n<meta property=\"article:published_time\" content=\"2013-09-19T16:07:35+00:00\" \/>\n<meta property=\"og:image\" content=\"https:\/\/joyana.fr\/wp-content\/uploads\/2013\/09\/SAC_MARTIN_C.jpg\" \/>\n\t<meta property=\"og:image:width\" content=\"975\" \/>\n\t<meta property=\"og:image:height\" content=\"375\" \/>\n\t<meta property=\"og:image:type\" content=\"image\/jpeg\" \/>\n<meta name=\"author\" content=\"Jo Yana\" \/>\n<meta name=\"twitter:card\" content=\"summary_large_image\" \/>\n<meta name=\"twitter:creator\" content=\"@Jo_Yana\" \/>\n<meta name=\"twitter:site\" content=\"@Jo_Yana\" \/>\n<meta name=\"twitter:label1\" content=\"\u57f7\u7b46\u8005\" \/>\n\t<meta name=\"twitter:data1\" content=\"Jo Yana\" \/>\n\t<meta name=\"twitter:label2\" content=\"\u63a8\u5b9a\u8aad\u307f\u53d6\u308a\u6642\u9593\" \/>\n\t<meta name=\"twitter:data2\" content=\"2\u5206\" \/>\n<script type=\"application\/ld+json\" class=\"yoast-schema-graph\">{\"@context\":\"https:\/\/schema.org\",\"@graph\":[{\"@type\":\"Article\",\"@id\":\"https:\/\/joyana.fr\/ja\/shopping-sac-martin-mrkt\/6387\/#article\",\"isPartOf\":{\"@id\":\"https:\/\/joyana.fr\/ja\/shopping-sac-martin-mrkt\/6387\/\"},\"author\":{\"name\":\"Jo Yana\",\"@id\":\"https:\/\/joyana.fr\/#\/schema\/person\/cf2a1ad12a27c12c21801075bf37407c\"},\"headline\":\"#Shopping &#8211; Sac Martin M.R.K.T.\",\"datePublished\":\"2013-09-19T16:07:35+00:00\",\"mainEntityOfPage\":{\"@id\":\"https:\/\/joyana.fr\/ja\/shopping-sac-martin-mrkt\/6387\/\"},\"wordCount\":374,\"commentCount\":0,\"publisher\":{\"@id\":\"https:\/\/joyana.fr\/#\/schema\/person\/cf2a1ad12a27c12c21801075bf37407c\"},\"image\":{\"@id\":\"https:\/\/joyana.fr\/ja\/shopping-sac-martin-mrkt\/6387\/#primaryimage\"},\"thumbnailUrl\":\"https:\/\/i0.wp.com\/www.joyana.fr\/wp-content\/uploads\/2013\/09\/SAC_MARTIN_C.jpg?fit=975%2C375&ssl=1\",\"keywords\":[\"Foleez\",\"M.R.K.T.\",\"Maroquinerie\",\"Neon\",\"Sac\",\"SHOPPING\"],\"articleSection\":[\"BLOG\",\"MODE HOMME\"],\"inLanguage\":\"ja\",\"potentialAction\":[{\"@type\":\"CommentAction\",\"name\":\"Comment\",\"target\":[\"https:\/\/joyana.fr\/ja\/shopping-sac-martin-mrkt\/6387\/#respond\"]}]},{\"@type\":\"WebPage\",\"@id\":\"https:\/\/joyana.fr\/ja\/shopping-sac-martin-mrkt\/6387\/\",\"url\":\"https:\/\/joyana.fr\/ja\/shopping-sac-martin-mrkt\/6387\/\",\"name\":\"#Shopping - Sac Martin M.R.K.T. - JO YANA\",\"isPartOf\":{\"@id\":\"https:\/\/joyana.fr\/#website\"},\"primaryImageOfPage\":{\"@id\":\"https:\/\/joyana.fr\/ja\/shopping-sac-martin-mrkt\/6387\/#primaryimage\"},\"image\":{\"@id\":\"https:\/\/joyana.fr\/ja\/shopping-sac-martin-mrkt\/6387\/#primaryimage\"},\"thumbnailUrl\":\"https:\/\/i0.wp.com\/www.joyana.fr\/wp-content\/uploads\/2013\/09\/SAC_MARTIN_C.jpg?fit=975%2C375&ssl=1\",\"datePublished\":\"2013-09-19T16:07:35+00:00\",\"breadcrumb\":{\"@id\":\"https:\/\/joyana.fr\/ja\/shopping-sac-martin-mrkt\/6387\/#breadcrumb\"},\"inLanguage\":\"ja\",\"potentialAction\":[{\"@type\":\"ReadAction\",\"target\":[\"https:\/\/joyana.fr\/ja\/shopping-sac-martin-mrkt\/6387\/\"]}]},{\"@type\":\"ImageObject\",\"inLanguage\":\"ja\",\"@id\":\"https:\/\/joyana.fr\/ja\/shopping-sac-martin-mrkt\/6387\/#primaryimage\",\"url\":\"https:\/\/i0.wp.com\/www.joyana.fr\/wp-content\/uploads\/2013\/09\/SAC_MARTIN_C.jpg?fit=975%2C375&ssl=1\",\"contentUrl\":\"https:\/\/i0.wp.com\/www.joyana.fr\/wp-content\/uploads\/2013\/09\/SAC_MARTIN_C.jpg?fit=975%2C375&ssl=1\",\"width\":975,\"height\":375},{\"@type\":\"BreadcrumbList\",\"@id\":\"https:\/\/joyana.fr\/ja\/shopping-sac-martin-mrkt\/6387\/#breadcrumb\",\"itemListElement\":[{\"@type\":\"ListItem\",\"position\":1,\"name\":\"Accueil\",\"item\":\"https:\/\/joyana.fr\/\"},{\"@type\":\"ListItem\",\"position\":2,\"name\":\"#Shopping &#8211; Sac Martin M.R.K.T.\"}]},{\"@type\":\"WebSite\",\"@id\":\"https:\/\/joyana.fr\/#website\",\"url\":\"https:\/\/joyana.fr\/\",\"name\":\"JO YANA\",\"description\":\"Blog Mode Homme, Lifestyle, D\u00e9co-Design\",\"publisher\":{\"@id\":\"https:\/\/joyana.fr\/#\/schema\/person\/cf2a1ad12a27c12c21801075bf37407c\"},\"potentialAction\":[{\"@type\":\"SearchAction\",\"target\":{\"@type\":\"EntryPoint\",\"urlTemplate\":\"https:\/\/joyana.fr\/?s={search_term_string}\"},\"query-input\":{\"@type\":\"PropertyValueSpecification\",\"valueRequired\":true,\"valueName\":\"search_term_string\"}}],\"inLanguage\":\"ja\"},{\"@type\":[\"Person\",\"Organization\"],\"@id\":\"https:\/\/joyana.fr\/#\/schema\/person\/cf2a1ad12a27c12c21801075bf37407c\",\"name\":\"Jo Yana\",\"image\":{\"@type\":\"ImageObject\",\"inLanguage\":\"ja\",\"@id\":\"https:\/\/joyana.fr\/#\/schema\/person\/image\/\",\"url\":\"https:\/\/i0.wp.com\/www.joyana.fr\/wp-content\/uploads\/2016\/08\/cropped-joyana-logo-black-360x180.png?fit=343%2C164&ssl=1\",\"contentUrl\":\"https:\/\/i0.wp.com\/www.joyana.fr\/wp-content\/uploads\/2016\/08\/cropped-joyana-logo-black-360x180.png?fit=343%2C164&ssl=1\",\"width\":343,\"height\":164,\"caption\":\"Jo Yana\"},\"logo\":{\"@id\":\"https:\/\/joyana.fr\/#\/schema\/person\/image\/\"},\"description\":\"Jo Yana est le cr\u00e9ateur et r\u00e9dacteur en chef des sites DECO-DESIGN. Passionn\u00e9 de Design, Mode, Photo, Luxe, Lifestyle, Musique, mais avant tout Blogueur ! Le plaisir de partager l'anime et a comme devise \\\"POUR L'AMOUR DU BEAU\\\". Retrouvez le aussi sur son blog personnel - https:\/\/joyana.fr...\",\"sameAs\":[\"https:\/\/joyana.fr\/\"],\"url\":\"https:\/\/www.joyana.fr\/ja\/author\/joyana\/\"}]}<\/script>\n<!-- \/ Yoast SEO plugin. -->","yoast_head_json":{"title":"#Shopping - Sac Martin M.R.K.T. - JO YANA","robots":{"index":"index","follow":"follow","max-snippet":"max-snippet:-1","max-image-preview":"max-image-preview:large","max-video-preview":"max-video-preview:-1"},"canonical":"https:\/\/joyana.fr\/ja\/shopping-sac-martin-mrkt\/6387\/","og_locale":"ja_JP","og_type":"article","og_title":"#Shopping - Sac Martin M.R.K.T. - JO YANA","og_description":"Je vous pr\u00e9sente mon nouveau sac Martin M.R.K.T.\u00a0&#8211; que vous avez pu apercevoir sur le look NEON &#8211; [&hellip;]","og_url":"https:\/\/www.joyana.fr\/ja\/shopping-sac-martin-mrkt\/6387\/","og_site_name":"JO YANA","article_published_time":"2013-09-19T16:07:35+00:00","og_image":[{"width":975,"height":375,"url":"https:\/\/joyana.fr\/wp-content\/uploads\/2013\/09\/SAC_MARTIN_C.jpg","type":"image\/jpeg"}],"author":"Jo Yana","twitter_card":"summary_large_image","twitter_creator":"@Jo_Yana","twitter_site":"@Jo_Yana","twitter_misc":{"\u57f7\u7b46\u8005":"Jo Yana","\u63a8\u5b9a\u8aad\u307f\u53d6\u308a\u6642\u9593":"2\u5206"},"schema":{"@context":"https:\/\/schema.org","@graph":[{"@type":"Article","@id":"https:\/\/joyana.fr\/ja\/shopping-sac-martin-mrkt\/6387\/#article","isPartOf":{"@id":"https:\/\/joyana.fr\/ja\/shopping-sac-martin-mrkt\/6387\/"},"author":{"name":"Jo Yana","@id":"https:\/\/joyana.fr\/#\/schema\/person\/cf2a1ad12a27c12c21801075bf37407c"},"headline":"#Shopping &#8211; Sac Martin M.R.K.T.","datePublished":"2013-09-19T16:07:35+00:00","mainEntityOfPage":{"@id":"https:\/\/joyana.fr\/ja\/shopping-sac-martin-mrkt\/6387\/"},"wordCount":374,"commentCount":0,"publisher":{"@id":"https:\/\/joyana.fr\/#\/schema\/person\/cf2a1ad12a27c12c21801075bf37407c"},"image":{"@id":"https:\/\/joyana.fr\/ja\/shopping-sac-martin-mrkt\/6387\/#primaryimage"},"thumbnailUrl":"https:\/\/i0.wp.com\/www.joyana.fr\/wp-content\/uploads\/2013\/09\/SAC_MARTIN_C.jpg?fit=975%2C375&ssl=1","keywords":["Foleez","M.R.K.T.","Maroquinerie","Neon","Sac","SHOPPING"],"articleSection":["BLOG","MODE HOMME"],"inLanguage":"ja","potentialAction":[{"@type":"CommentAction","name":"Comment","target":["https:\/\/joyana.fr\/ja\/shopping-sac-martin-mrkt\/6387\/#respond"]}]},{"@type":"WebPage","@id":"https:\/\/joyana.fr\/ja\/shopping-sac-martin-mrkt\/6387\/","url":"https:\/\/joyana.fr\/ja\/shopping-sac-martin-mrkt\/6387\/","name":"#Shopping - Sac Martin M.R.K.T. - JO YANA","isPartOf":{"@id":"https:\/\/joyana.fr\/#website"},"primaryImageOfPage":{"@id":"https:\/\/joyana.fr\/ja\/shopping-sac-martin-mrkt\/6387\/#primaryimage"},"image":{"@id":"https:\/\/joyana.fr\/ja\/shopping-sac-martin-mrkt\/6387\/#primaryimage"},"thumbnailUrl":"https:\/\/i0.wp.com\/www.joyana.fr\/wp-content\/uploads\/2013\/09\/SAC_MARTIN_C.jpg?fit=975%2C375&ssl=1","datePublished":"2013-09-19T16:07:35+00:00","breadcrumb":{"@id":"https:\/\/joyana.fr\/ja\/shopping-sac-martin-mrkt\/6387\/#breadcrumb"},"inLanguage":"ja","potentialAction":[{"@type":"ReadAction","target":["https:\/\/joyana.fr\/ja\/shopping-sac-martin-mrkt\/6387\/"]}]},{"@type":"ImageObject","inLanguage":"ja","@id":"https:\/\/joyana.fr\/ja\/shopping-sac-martin-mrkt\/6387\/#primaryimage","url":"https:\/\/i0.wp.com\/www.joyana.fr\/wp-content\/uploads\/2013\/09\/SAC_MARTIN_C.jpg?fit=975%2C375&ssl=1","contentUrl":"https:\/\/i0.wp.com\/www.joyana.fr\/wp-content\/uploads\/2013\/09\/SAC_MARTIN_C.jpg?fit=975%2C375&ssl=1","width":975,"height":375},{"@type":"BreadcrumbList","@id":"https:\/\/joyana.fr\/ja\/shopping-sac-martin-mrkt\/6387\/#breadcrumb","itemListElement":[{"@type":"ListItem","position":1,"name":"Accueil","item":"https:\/\/joyana.fr\/"},{"@type":"ListItem","position":2,"name":"#Shopping &#8211; Sac Martin M.R.K.T."}]},{"@type":"WebSite","@id":"https:\/\/joyana.fr\/#website","url":"https:\/\/joyana.fr\/","name":"JO YANA","description":"Blog Mode Homme, Lifestyle, D\u00e9co-Design","publisher":{"@id":"https:\/\/joyana.fr\/#\/schema\/person\/cf2a1ad12a27c12c21801075bf37407c"},"potentialAction":[{"@type":"SearchAction","target":{"@type":"EntryPoint","urlTemplate":"https:\/\/joyana.fr\/?s={search_term_string}"},"query-input":{"@type":"PropertyValueSpecification","valueRequired":true,"valueName":"search_term_string"}}],"inLanguage":"ja"},{"@type":["Person","Organization"],"@id":"https:\/\/joyana.fr\/#\/schema\/person\/cf2a1ad12a27c12c21801075bf37407c","name":"Jo Yana","image":{"@type":"ImageObject","inLanguage":"ja","@id":"https:\/\/joyana.fr\/#\/schema\/person\/image\/","url":"https:\/\/i0.wp.com\/www.joyana.fr\/wp-content\/uploads\/2016\/08\/cropped-joyana-logo-black-360x180.png?fit=343%2C164&ssl=1","contentUrl":"https:\/\/i0.wp.com\/www.joyana.fr\/wp-content\/uploads\/2016\/08\/cropped-joyana-logo-black-360x180.png?fit=343%2C164&ssl=1","width":343,"height":164,"caption":"Jo Yana"},"logo":{"@id":"https:\/\/joyana.fr\/#\/schema\/person\/image\/"},"description":"Jo Yana est le cr\u00e9ateur et r\u00e9dacteur en chef des sites DECO-DESIGN. Passionn\u00e9 de Design, Mode, Photo, Luxe, Lifestyle, Musique, mais avant tout Blogueur ! Le plaisir de partager l'anime et a comme devise \"POUR L'AMOUR DU BEAU\". Retrouvez le aussi sur son blog personnel - https:\/\/joyana.fr...","sameAs":["https:\/\/joyana.fr\/"],"url":"https:\/\/www.joyana.fr\/ja\/author\/joyana\/"}]}},"author_meta":{"display_name":"Jo Yana","author_link":"https:\/\/www.joyana.fr\/ja\/author\/joyana\/"},"featured_img":"https:\/\/i0.wp.com\/www.joyana.fr\/wp-content\/uploads\/2013\/09\/SAC_MARTIN_C.jpg?fit=389%2C150&ssl=1","featured_image_src":"https:\/\/i0.wp.com\/www.joyana.fr\/wp-content\/uploads\/2013\/09\/SAC_MARTIN_C.jpg?resize=600%2C375&ssl=1","featured_image_src_square":"https:\/\/i0.wp.com\/www.joyana.fr\/wp-content\/uploads\/2013\/09\/SAC_MARTIN_C.jpg?resize=600%2C375&ssl=1","jetpack_featured_media_url":"https:\/\/i0.wp.com\/www.joyana.fr\/wp-content\/uploads\/2013\/09\/SAC_MARTIN_C.jpg?fit=975%2C375&ssl=1","uagb_featured_image_src":{"full":["https:\/\/i0.wp.com\/www.joyana.fr\/wp-content\/uploads\/2013\/09\/SAC_MARTIN_C.jpg?fit=975%2C375&ssl=1",975,375,false],"thumbnail":["https:\/\/i0.wp.com\/www.joyana.fr\/wp-content\/uploads\/2013\/09\/SAC_MARTIN_C.jpg?resize=150%2C150&ssl=1",150,150,true],"medium":["https:\/\/i0.wp.com\/www.joyana.fr\/wp-content\/uploads\/2013\/09\/SAC_MARTIN_C.jpg?fit=389%2C150&ssl=1",389,150,true],"medium_large":["https:\/\/i0.wp.com\/www.joyana.fr\/wp-content\/uploads\/2013\/09\/SAC_MARTIN_C.jpg?fit=768%2C295&ssl=1",768,295,true],"large":["https:\/\/i0.wp.com\/www.joyana.fr\/wp-content\/uploads\/2013\/09\/SAC_MARTIN_C.jpg?fit=975%2C375&ssl=1",975,375,true],"1536x1536":["https:\/\/i0.wp.com\/www.joyana.fr\/wp-content\/uploads\/2013\/09\/SAC_MARTIN_C.jpg?fit=975%2C375&ssl=1",975,375,true],"2048x2048":["https:\/\/i0.wp.com\/www.joyana.fr\/wp-content\/uploads\/2013\/09\/SAC_MARTIN_C.jpg?fit=975%2C375&ssl=1",975,375,true],"featured-thumb":["https:\/\/i0.wp.com\/www.joyana.fr\/wp-content\/uploads\/2013\/09\/SAC_MARTIN_C.jpg?resize=975%2C375&ssl=1",975,375,true],"ab-block-post-grid-landscape":["https:\/\/i0.wp.com\/www.joyana.fr\/wp-content\/uploads\/2013\/09\/SAC_MARTIN_C.jpg?resize=600%2C375&ssl=1",600,375,true],"ab-block-post-grid-square":["https:\/\/i0.wp.com\/www.joyana.fr\/wp-content\/uploads\/2013\/09\/SAC_MARTIN_C.jpg?resize=600%2C375&ssl=1",600,375,true],"author-pro-image":["https:\/\/i0.wp.com\/www.joyana.fr\/wp-content\/uploads\/2013\/09\/SAC_MARTIN_C.jpg?resize=360%2C375&ssl=1",360,375,true],"slider":["https:\/\/i0.wp.com\/www.joyana.fr\/wp-content\/uploads\/2013\/09\/SAC_MARTIN_C.jpg?resize=920%2C375&ssl=1",920,375,true],"woocommerce_thumbnail":["https:\/\/i0.wp.com\/www.joyana.fr\/wp-content\/uploads\/2013\/09\/SAC_MARTIN_C.jpg?resize=450%2C375&ssl=1",450,375,true],"woocommerce_single":["https:\/\/i0.wp.com\/www.joyana.fr\/wp-content\/uploads\/2013\/09\/SAC_MARTIN_C.jpg?fit=920%2C354&ssl=1",920,354,true],"woocommerce_gallery_thumbnail":["https:\/\/i0.wp.com\/www.joyana.fr\/wp-content\/uploads\/2013\/09\/SAC_MARTIN_C.jpg?resize=180%2C180&ssl=1",180,180,true],"sow-carousel-default":["https:\/\/i0.wp.com\/www.joyana.fr\/wp-content\/uploads\/2013\/09\/SAC_MARTIN_C.jpg?resize=272%2C182&ssl=1",272,182,true]},"uagb_author_info":{"display_name":"Jo Yana","author_link":"https:\/\/www.joyana.fr\/ja\/author\/joyana\/"},"uagb_comment_info":0,"uagb_excerpt":"Je vous pr\u00e9sente mon nouveau sac Martin M.R.K.T.\u00a0&#8211&hellip;","coauthors":[],"tax_additional":{"categories":{"linked":["<a href=\"https:\/\/www.joyana.fr\/ja\/category\/blog\/\" class=\"advgb-post-tax-term\">BLOG<\/a>","<a href=\"https:\/\/www.joyana.fr\/ja\/category\/blog\/mode-homme\/\" class=\"advgb-post-tax-term\">MODE HOMME<\/a>"],"unlinked":["<span class=\"advgb-post-tax-term\">BLOG<\/span>","<span class=\"advgb-post-tax-term\">MODE HOMME<\/span>"]},"tags":{"linked":["<a href=\"https:\/\/www.joyana.fr\/ja\/category\/blog\/mode-homme\/\" class=\"advgb-post-tax-term\">Foleez<\/a>","<a href=\"https:\/\/www.joyana.fr\/ja\/category\/blog\/mode-homme\/\" class=\"advgb-post-tax-term\">M.R.K.T.<\/a>","<a href=\"https:\/\/www.joyana.fr\/ja\/category\/blog\/mode-homme\/\" class=\"advgb-post-tax-term\">Maroquinerie<\/a>","<a href=\"https:\/\/www.joyana.fr\/ja\/category\/blog\/mode-homme\/\" class=\"advgb-post-tax-term\">Neon<\/a>","<a href=\"https:\/\/www.joyana.fr\/ja\/category\/blog\/mode-homme\/\" class=\"advgb-post-tax-term\">Sac<\/a>","<a href=\"https:\/\/www.joyana.fr\/ja\/category\/blog\/mode-homme\/\" class=\"advgb-post-tax-term\">SHOPPING<\/a>"],"unlinked":["<span class=\"advgb-post-tax-term\">Foleez<\/span>","<span class=\"advgb-post-tax-term\">M.R.K.T.<\/span>","<span class=\"advgb-post-tax-term\">Maroquinerie<\/span>","<span class=\"advgb-post-tax-term\">Neon<\/span>","<span class=\"advgb-post-tax-term\">Sac<\/span>","<span class=\"advgb-post-tax-term\">SHOPPING<\/span>"]}},"comment_count":0,"relative_dates":{"created":"Posted 13\u5e74 ago","modified":"Updated 13\u5e74 ago"},"absolute_dates":{"created":"Posted on 19 9\u6708 2013","modified":"Updated on 19 9\u6708 2013"},"absolute_dates_time":{"created":"Posted on 19 9\u6708 2013 18:07","modified":"Updated on 19 9\u6708 2013 18:07"},"featured_img_caption":"","series_order":"","jetpack_sharing_enabled":true,"jetpack_shortlink":"https:\/\/wp.me\/p9bteI-1F1","jetpack-related-posts":[],"_links":{"self":[{"href":"https:\/\/www.joyana.fr\/ja\/wp-json\/wp\/v2\/posts\/6387","targetHints":{"allow":["GET"]}}],"collection":[{"href":"https:\/\/www.joyana.fr\/ja\/wp-json\/wp\/v2\/posts"}],"about":[{"href":"https:\/\/www.joyana.fr\/ja\/wp-json\/wp\/v2\/types\/post"}],"author":[{"embeddable":true,"href":"https:\/\/www.joyana.fr\/ja\/wp-json\/wp\/v2\/users\/3"}],"replies":[{"embeddable":true,"href":"https:\/\/www.joyana.fr\/ja\/wp-json\/wp\/v2\/comments?post=6387"}],"version-history":[{"count":0,"href":"https:\/\/www.joyana.fr\/ja\/wp-json\/wp\/v2\/posts\/6387\/revisions"}],"wp:featuredmedia":[{"embeddable":true,"href":"https:\/\/www.joyana.fr\/ja\/wp-json\/wp\/v2\/media\/6394"}],"wp:attachment":[{"href":"https:\/\/www.joyana.fr\/ja\/wp-json\/wp\/v2\/media?parent=6387"}],"wp:term":[{"taxonomy":"category","embeddable":true,"href":"https:\/\/www.joyana.fr\/ja\/wp-json\/wp\/v2\/categories?post=6387"},{"taxonomy":"post_tag","embeddable":true,"href":"https:\/\/www.joyana.fr\/ja\/wp-json\/wp\/v2\/tags?post=6387"}],"curies":[{"name":"wp","href":"https:\/\/api.w.org\/{rel}","templated":true}]}}