{"id":2771,"date":"2011-08-13T14:02:42","date_gmt":"2011-08-13T12:02:42","guid":{"rendered":"https:\/\/joyana.fr\/?p=2771"},"modified":"2011-08-13T14:02:42","modified_gmt":"2011-08-13T12:02:42","slug":"le-son-des-vacances","status":"publish","type":"post","link":"https:\/\/www.joyana.fr\/ja\/le-son-des-vacances\/2771\/","title":{"rendered":"Le SON des Vacances&#8230;"},"content":{"rendered":"<p><a href=\"https:\/\/i0.wp.com\/joyana.fr\/wp-content\/uploads\/2011\/08\/PLAYLIST_SEPTEMBRE_2011_CAT.jpg?ssl=1\"><img data-recalc-dims=\"1\" fetchpriority=\"high\" decoding=\"async\" class=\"alignnone size-full wp-image-2773\" title=\"Le SON des Vacances...\" src=\"https:\/\/i0.wp.com\/joyana.fr\/wp-content\/uploads\/2011\/08\/PLAYLIST_SEPTEMBRE_2011_CAT.jpg?resize=650%2C303&#038;ssl=1\" alt=\"\" width=\"650\" height=\"303\" \/><\/a><\/p>\n<p>Il y a des <strong><span style=\"color: #ff99cc;\">sons<\/span><\/strong> comme \u00e7a qui vous accompagnent durant l&#8217;<strong><span style=\"color: #ff99cc;\">\u00e9t\u00e9<\/span><\/strong>&#8230; Voici ma s\u00e9lection qui me suivra durant les <strong><span style=\"color: #ff99cc;\">vacances<\/span><\/strong>, et surtout dont seront issues les 15 titres qui composeront ma nouvelle <strong><span style=\"color: #ff99cc;\">playlist<\/span><\/strong> \u00e0 la rentr\u00e9e !!!<\/p>\n<p>Oui parce que faire une playlist, c&#8217;est des heures d&#8217;\u00e9coutes, une vingtaine d&#8217;albums \u00e9pluch\u00e9s, des analyses BPM (bite par minute) pour faire de beaux enchainements, pour au final sortir 15 titres et environ 60 minutes de musique !!! Heureusement que mon acolyte DEAFMIND m&#8217;aide durant cette s\u00e9lection&#8230;<\/p>\n<p><!--more--><\/p>\n<p style=\"text-align: center;\">Dans le d\u00e9sordre :<\/p>\n<p style=\"text-align: center;\">SIRIUSMO &#8211; Mosaik<br \/>\nJAMIE JONES &#8211; Fabric 59<br \/>\nCOBRA STARSHIP ft. PLASTISCINES &#8211; Fool Like Me<br \/>\nJOY DIVISION &amp; NEW ORDER &#8211; Total<br \/>\nKANYE WEST &#8211; Christian Dior Denim Flow<br \/>\nKANYE WEST &amp; JAY Z &#8211; Watch the Throne Deluxe<br \/>\nANDRE &amp; GILDAS &#8211; Kitsun\u00e9 Parisien<br \/>\nBLACK DEVIL DISCO CLUB &#8211; Circus<br \/>\nBON IVER &#8211; Bon Iver<br \/>\nGIL SCOTT-HERON &amp; JAMIE XX &#8211; We&#8217;re New Here<br \/>\nJUNIOR BOYS &#8211; It&#8217;s All True<br \/>\nSBTRKT &#8211; SBTRKT<br \/>\nTHE GLITCH MOB &#8211; We Can Make The World Stop<br \/>\nTHEOPHILUS LONDON &#8211; Timez Are Weird These Days<\/p>\n<p style=\"text-align: center;\">et bien sur je vais me re\u00e9couter avec plaisir <a title=\"ESCAPE FROM NEW-TORK KARIM RASHID\" href=\"https:\/\/joyana.fr\/deco-design-playlist-escape-from-new-york-karim-rashid\/7442\/\">ESCAPE FROM NEW-YORK<\/a>&#8230;<\/p>\n<p><span style=\"color: #808080;\">.<\/span><br \/>\nEt vous c&#8217;est quoi votre son de l&#8217;\u00e9t\u00e9 ???<\/p>\n","protected":false},"excerpt":{"rendered":"<p>Il y a des sons comme \u00e7a qui vous accompagnent durant l&#8217;\u00e9t\u00e9&#8230; Voici ma s\u00e9lection qui me suivra dura [&hellip;]<\/p>\n","protected":false},"author":3,"featured_media":2772,"comment_status":"open","ping_status":"open","sticky":false,"template":"","format":"standard","meta":{"_coblocks_attr":"","_coblocks_dimensions":"","_coblocks_responsive_height":"","_coblocks_accordion_ie_support":"","_uag_custom_page_level_css":"","advgb_blocks_editor_width":"","advgb_blocks_columns_visual_guide":"","_genesis_hide_title":false,"_genesis_hide_breadcrumbs":false,"_genesis_hide_singular_image":false,"_genesis_hide_footer_widgets":false,"_genesis_custom_body_class":"","_genesis_custom_post_class":"","_genesis_layout":"","_themeisle_gutenberg_block_has_review":false,"_jetpack_newsletter_access":"","_jetpack_dont_email_post_to_subs":false,"_jetpack_newsletter_tier_id":0,"_jetpack_memberships_contains_paywalled_content":false,"_jetpack_memberships_contains_paid_content":false,"footnotes":""},"categories":[80,60,11],"tags":[63],"class_list":{"0":"post-2771","1":"post","2":"type-post","3":"status-publish","4":"format-standard","5":"has-post-thumbnail","7":"category-news","8":"category-blog","9":"category-music-jo","10":"tag-playlist","11":"entry"},"featured_image_urls":{"full":"","thumbnail":"","medium":"","medium_large":"","large":"","1536x1536":"","2048x2048":"","featured-thumb":"","ab-block-post-grid-landscape":"","ab-block-post-grid-square":"","author-pro-image":"","slider":"","woocommerce_thumbnail":"","woocommerce_single":"","woocommerce_gallery_thumbnail":"","sow-carousel-default":""},"post_excerpt_stackable":"<p>Il y a des sons comme \u00e7a qui vous accompagnent durant l&#8217;\u00e9t\u00e9&#8230; Voici ma s\u00e9lection qui me s&hellip;<\/p>\n","category_list":"<a href=\"https:\/\/www.joyana.fr\/ja\/category\/blog\/news\/\" rel=\"category tag\">A LA UNE<\/a>, <a href=\"https:\/\/www.joyana.fr\/ja\/category\/blog\/\" rel=\"category tag\">BLOG<\/a>, <a href=\"https:\/\/www.joyana.fr\/ja\/category\/blog\/music-jo\/\" rel=\"category tag\">MUSIC<\/a>","author_info":{"display_name":"Jo Yana","author_link":"https:\/\/www.joyana.fr\/ja\/author\/joyana\/"},"comments_num":"0 comments","featured_image_urls_v2":{"full":"","thumbnail":"","medium":"","medium_large":"","large":"","1536x1536":"","2048x2048":"","featured-thumb":"","ab-block-post-grid-landscape":"","ab-block-post-grid-square":"","author-pro-image":"","slider":"","woocommerce_thumbnail":"","woocommerce_single":"","woocommerce_gallery_thumbnail":"","sow-carousel-default":""},"post_excerpt_stackable_v2":"<p>Il y a des sons comme \u00e7a qui vous accompagnent durant l&#8217;\u00e9t\u00e9&#8230; Voici ma s\u00e9lection qui me s&hellip;<\/p>\n","category_list_v2":"<a href=\"https:\/\/www.joyana.fr\/ja\/category\/blog\/news\/\" rel=\"category tag\">A LA UNE<\/a>, <a href=\"https:\/\/www.joyana.fr\/ja\/category\/blog\/\" rel=\"category tag\">BLOG<\/a>, <a href=\"https:\/\/www.joyana.fr\/ja\/category\/blog\/music-jo\/\" rel=\"category tag\">MUSIC<\/a>","author_info_v2":{"name":"Jo Yana","url":"https:\/\/www.joyana.fr\/ja\/author\/joyana\/"},"comments_num_v2":"0 comments","yoast_head":"<!-- This site is optimized with the Yoast SEO plugin v26.8 - https:\/\/yoast.com\/product\/yoast-seo-wordpress\/ -->\n<title>Le SON des Vacances... - JO YANA<\/title>\n<meta name=\"robots\" content=\"index, follow, max-snippet:-1, max-image-preview:large, max-video-preview:-1\" \/>\n<link rel=\"canonical\" href=\"https:\/\/www.joyana.fr\/ja\/le-son-des-vacances\/2771\/\" \/>\n<meta property=\"og:locale\" content=\"ja_JP\" \/>\n<meta property=\"og:locale:alternate\" content=\"fr_FR\" \/>\n<meta property=\"og:locale:alternate\" content=\"en_US\" \/>\n<meta property=\"og:type\" content=\"article\" \/>\n<meta property=\"og:title\" content=\"Le SON des Vacances... - JO YANA\" \/>\n<meta property=\"og:description\" content=\"Il y a des sons comme \u00e7a qui vous accompagnent durant l&#8217;\u00e9t\u00e9&#8230; Voici ma s\u00e9lection qui me suivra dura [&hellip;]\" \/>\n<meta property=\"og:url\" content=\"https:\/\/www.joyana.fr\/ja\/le-son-des-vacances\/2771\/\" \/>\n<meta property=\"og:site_name\" content=\"JO YANA\" \/>\n<meta property=\"article:published_time\" content=\"2011-08-13T12:02:42+00:00\" \/>\n<meta name=\"author\" content=\"Jo Yana\" \/>\n<meta name=\"twitter:card\" content=\"summary_large_image\" \/>\n<meta name=\"twitter:creator\" content=\"@Jo_Yana\" \/>\n<meta name=\"twitter:site\" content=\"@Jo_Yana\" \/>\n<meta name=\"twitter:label1\" content=\"\u57f7\u7b46\u8005\" \/>\n\t<meta name=\"twitter:data1\" content=\"Jo Yana\" \/>\n\t<meta name=\"twitter:label2\" content=\"\u63a8\u5b9a\u8aad\u307f\u53d6\u308a\u6642\u9593\" \/>\n\t<meta name=\"twitter:data2\" content=\"1\u5206\" \/>\n<script type=\"application\/ld+json\" class=\"yoast-schema-graph\">{\"@context\":\"https:\/\/schema.org\",\"@graph\":[{\"@type\":\"Article\",\"@id\":\"https:\/\/www.joyana.fr\/le-son-des-vacances\/2771\/#article\",\"isPartOf\":{\"@id\":\"https:\/\/www.joyana.fr\/le-son-des-vacances\/2771\/\"},\"author\":{\"name\":\"Jo Yana\",\"@id\":\"https:\/\/www.joyana.fr\/ja\/#\/schema\/person\/cf2a1ad12a27c12c21801075bf37407c\"},\"headline\":\"Le SON des Vacances&#8230;\",\"datePublished\":\"2011-08-13T12:02:42+00:00\",\"mainEntityOfPage\":{\"@id\":\"https:\/\/www.joyana.fr\/le-son-des-vacances\/2771\/\"},\"wordCount\":213,\"commentCount\":0,\"publisher\":{\"@id\":\"https:\/\/www.joyana.fr\/ja\/#\/schema\/person\/cf2a1ad12a27c12c21801075bf37407c\"},\"image\":{\"@id\":\"https:\/\/www.joyana.fr\/le-son-des-vacances\/2771\/#primaryimage\"},\"thumbnailUrl\":\"\",\"keywords\":[\"Playlist\"],\"articleSection\":[\"A LA UNE\",\"BLOG\",\"MUSIC\"],\"inLanguage\":\"ja\",\"potentialAction\":[{\"@type\":\"CommentAction\",\"name\":\"Comment\",\"target\":[\"https:\/\/www.joyana.fr\/le-son-des-vacances\/2771\/#respond\"]}]},{\"@type\":\"WebPage\",\"@id\":\"https:\/\/www.joyana.fr\/le-son-des-vacances\/2771\/\",\"url\":\"https:\/\/www.joyana.fr\/le-son-des-vacances\/2771\/\",\"name\":\"Le SON des Vacances... - JO YANA\",\"isPartOf\":{\"@id\":\"https:\/\/www.joyana.fr\/ja\/#website\"},\"primaryImageOfPage\":{\"@id\":\"https:\/\/www.joyana.fr\/le-son-des-vacances\/2771\/#primaryimage\"},\"image\":{\"@id\":\"https:\/\/www.joyana.fr\/le-son-des-vacances\/2771\/#primaryimage\"},\"thumbnailUrl\":\"\",\"datePublished\":\"2011-08-13T12:02:42+00:00\",\"breadcrumb\":{\"@id\":\"https:\/\/www.joyana.fr\/le-son-des-vacances\/2771\/#breadcrumb\"},\"inLanguage\":\"ja\",\"potentialAction\":[{\"@type\":\"ReadAction\",\"target\":[\"https:\/\/www.joyana.fr\/le-son-des-vacances\/2771\/\"]}]},{\"@type\":\"ImageObject\",\"inLanguage\":\"ja\",\"@id\":\"https:\/\/www.joyana.fr\/le-son-des-vacances\/2771\/#primaryimage\",\"url\":\"\",\"contentUrl\":\"\"},{\"@type\":\"BreadcrumbList\",\"@id\":\"https:\/\/www.joyana.fr\/le-son-des-vacances\/2771\/#breadcrumb\",\"itemListElement\":[{\"@type\":\"ListItem\",\"position\":1,\"name\":\"Accueil\",\"item\":\"https:\/\/www.joyana.fr\/ja\/\"},{\"@type\":\"ListItem\",\"position\":2,\"name\":\"Le SON des Vacances&#8230;\"}]},{\"@type\":\"WebSite\",\"@id\":\"https:\/\/www.joyana.fr\/ja\/#website\",\"url\":\"https:\/\/www.joyana.fr\/ja\/\",\"name\":\"JO YANA\",\"description\":\"Blog Mode Homme, Lifestyle, D\u00e9co-Design\",\"publisher\":{\"@id\":\"https:\/\/www.joyana.fr\/ja\/#\/schema\/person\/cf2a1ad12a27c12c21801075bf37407c\"},\"potentialAction\":[{\"@type\":\"SearchAction\",\"target\":{\"@type\":\"EntryPoint\",\"urlTemplate\":\"https:\/\/www.joyana.fr\/ja\/?s={search_term_string}\"},\"query-input\":{\"@type\":\"PropertyValueSpecification\",\"valueRequired\":true,\"valueName\":\"search_term_string\"}}],\"inLanguage\":\"ja\"},{\"@type\":[\"Person\",\"Organization\"],\"@id\":\"https:\/\/www.joyana.fr\/ja\/#\/schema\/person\/cf2a1ad12a27c12c21801075bf37407c\",\"name\":\"Jo Yana\",\"image\":{\"@type\":\"ImageObject\",\"inLanguage\":\"ja\",\"@id\":\"https:\/\/www.joyana.fr\/ja\/#\/schema\/person\/image\/\",\"url\":\"https:\/\/i0.wp.com\/www.joyana.fr\/wp-content\/uploads\/2016\/08\/cropped-joyana-logo-black-360x180.png?fit=343%2C164&ssl=1\",\"contentUrl\":\"https:\/\/i0.wp.com\/www.joyana.fr\/wp-content\/uploads\/2016\/08\/cropped-joyana-logo-black-360x180.png?fit=343%2C164&ssl=1\",\"width\":343,\"height\":164,\"caption\":\"Jo Yana\"},\"logo\":{\"@id\":\"https:\/\/www.joyana.fr\/ja\/#\/schema\/person\/image\/\"},\"description\":\"Jo Yana est le cr\u00e9ateur et r\u00e9dacteur en chef des sites DECO-DESIGN. Passionn\u00e9 de Design, Mode, Photo, Luxe, Lifestyle, Musique, mais avant tout Blogueur ! Le plaisir de partager l'anime et a comme devise \\\"POUR L'AMOUR DU BEAU\\\". Retrouvez le aussi sur son blog personnel - https:\/\/joyana.fr...\",\"sameAs\":[\"https:\/\/joyana.fr\/\"],\"url\":\"https:\/\/www.joyana.fr\/ja\/author\/joyana\/\"}]}<\/script>\n<!-- \/ Yoast SEO plugin. -->","yoast_head_json":{"title":"Le SON des Vacances... - JO YANA","robots":{"index":"index","follow":"follow","max-snippet":"max-snippet:-1","max-image-preview":"max-image-preview:large","max-video-preview":"max-video-preview:-1"},"canonical":"https:\/\/www.joyana.fr\/ja\/le-son-des-vacances\/2771\/","og_locale":"ja_JP","og_type":"article","og_title":"Le SON des Vacances... - JO YANA","og_description":"Il y a des sons comme \u00e7a qui vous accompagnent durant l&#8217;\u00e9t\u00e9&#8230; Voici ma s\u00e9lection qui me suivra dura [&hellip;]","og_url":"https:\/\/www.joyana.fr\/ja\/le-son-des-vacances\/2771\/","og_site_name":"JO YANA","article_published_time":"2011-08-13T12:02:42+00:00","author":"Jo Yana","twitter_card":"summary_large_image","twitter_creator":"@Jo_Yana","twitter_site":"@Jo_Yana","twitter_misc":{"\u57f7\u7b46\u8005":"Jo Yana","\u63a8\u5b9a\u8aad\u307f\u53d6\u308a\u6642\u9593":"1\u5206"},"schema":{"@context":"https:\/\/schema.org","@graph":[{"@type":"Article","@id":"https:\/\/www.joyana.fr\/le-son-des-vacances\/2771\/#article","isPartOf":{"@id":"https:\/\/www.joyana.fr\/le-son-des-vacances\/2771\/"},"author":{"name":"Jo Yana","@id":"https:\/\/www.joyana.fr\/ja\/#\/schema\/person\/cf2a1ad12a27c12c21801075bf37407c"},"headline":"Le SON des Vacances&#8230;","datePublished":"2011-08-13T12:02:42+00:00","mainEntityOfPage":{"@id":"https:\/\/www.joyana.fr\/le-son-des-vacances\/2771\/"},"wordCount":213,"commentCount":0,"publisher":{"@id":"https:\/\/www.joyana.fr\/ja\/#\/schema\/person\/cf2a1ad12a27c12c21801075bf37407c"},"image":{"@id":"https:\/\/www.joyana.fr\/le-son-des-vacances\/2771\/#primaryimage"},"thumbnailUrl":"","keywords":["Playlist"],"articleSection":["A LA UNE","BLOG","MUSIC"],"inLanguage":"ja","potentialAction":[{"@type":"CommentAction","name":"Comment","target":["https:\/\/www.joyana.fr\/le-son-des-vacances\/2771\/#respond"]}]},{"@type":"WebPage","@id":"https:\/\/www.joyana.fr\/le-son-des-vacances\/2771\/","url":"https:\/\/www.joyana.fr\/le-son-des-vacances\/2771\/","name":"Le SON des Vacances... - JO YANA","isPartOf":{"@id":"https:\/\/www.joyana.fr\/ja\/#website"},"primaryImageOfPage":{"@id":"https:\/\/www.joyana.fr\/le-son-des-vacances\/2771\/#primaryimage"},"image":{"@id":"https:\/\/www.joyana.fr\/le-son-des-vacances\/2771\/#primaryimage"},"thumbnailUrl":"","datePublished":"2011-08-13T12:02:42+00:00","breadcrumb":{"@id":"https:\/\/www.joyana.fr\/le-son-des-vacances\/2771\/#breadcrumb"},"inLanguage":"ja","potentialAction":[{"@type":"ReadAction","target":["https:\/\/www.joyana.fr\/le-son-des-vacances\/2771\/"]}]},{"@type":"ImageObject","inLanguage":"ja","@id":"https:\/\/www.joyana.fr\/le-son-des-vacances\/2771\/#primaryimage","url":"","contentUrl":""},{"@type":"BreadcrumbList","@id":"https:\/\/www.joyana.fr\/le-son-des-vacances\/2771\/#breadcrumb","itemListElement":[{"@type":"ListItem","position":1,"name":"Accueil","item":"https:\/\/www.joyana.fr\/ja\/"},{"@type":"ListItem","position":2,"name":"Le SON des Vacances&#8230;"}]},{"@type":"WebSite","@id":"https:\/\/www.joyana.fr\/ja\/#website","url":"https:\/\/www.joyana.fr\/ja\/","name":"JO YANA","description":"Blog Mode Homme, Lifestyle, D\u00e9co-Design","publisher":{"@id":"https:\/\/www.joyana.fr\/ja\/#\/schema\/person\/cf2a1ad12a27c12c21801075bf37407c"},"potentialAction":[{"@type":"SearchAction","target":{"@type":"EntryPoint","urlTemplate":"https:\/\/www.joyana.fr\/ja\/?s={search_term_string}"},"query-input":{"@type":"PropertyValueSpecification","valueRequired":true,"valueName":"search_term_string"}}],"inLanguage":"ja"},{"@type":["Person","Organization"],"@id":"https:\/\/www.joyana.fr\/ja\/#\/schema\/person\/cf2a1ad12a27c12c21801075bf37407c","name":"Jo Yana","image":{"@type":"ImageObject","inLanguage":"ja","@id":"https:\/\/www.joyana.fr\/ja\/#\/schema\/person\/image\/","url":"https:\/\/i0.wp.com\/www.joyana.fr\/wp-content\/uploads\/2016\/08\/cropped-joyana-logo-black-360x180.png?fit=343%2C164&ssl=1","contentUrl":"https:\/\/i0.wp.com\/www.joyana.fr\/wp-content\/uploads\/2016\/08\/cropped-joyana-logo-black-360x180.png?fit=343%2C164&ssl=1","width":343,"height":164,"caption":"Jo Yana"},"logo":{"@id":"https:\/\/www.joyana.fr\/ja\/#\/schema\/person\/image\/"},"description":"Jo Yana est le cr\u00e9ateur et r\u00e9dacteur en chef des sites DECO-DESIGN. Passionn\u00e9 de Design, Mode, Photo, Luxe, Lifestyle, Musique, mais avant tout Blogueur ! Le plaisir de partager l'anime et a comme devise \"POUR L'AMOUR DU BEAU\". Retrouvez le aussi sur son blog personnel - https:\/\/joyana.fr...","sameAs":["https:\/\/joyana.fr\/"],"url":"https:\/\/www.joyana.fr\/ja\/author\/joyana\/"}]}},"author_meta":{"display_name":"Jo Yana","author_link":"https:\/\/www.joyana.fr\/ja\/author\/joyana\/"},"featured_img":null,"featured_image_src":null,"featured_image_src_square":null,"jetpack_featured_media_url":"","uagb_featured_image_src":{"full":false,"thumbnail":false,"medium":false,"medium_large":false,"large":false,"1536x1536":false,"2048x2048":false,"featured-thumb":false,"ab-block-post-grid-landscape":false,"ab-block-post-grid-square":false,"author-pro-image":false,"slider":false,"woocommerce_thumbnail":false,"woocommerce_single":false,"woocommerce_gallery_thumbnail":false,"sow-carousel-default":false},"uagb_author_info":{"display_name":"Jo Yana","author_link":"https:\/\/www.joyana.fr\/ja\/author\/joyana\/"},"uagb_comment_info":0,"uagb_excerpt":"Il y a des sons comme \u00e7a qui vous accompagnent durant l&hellip;","coauthors":[],"tax_additional":{"categories":{"linked":["<a href=\"https:\/\/www.joyana.fr\/ja\/category\/blog\/news\/\" class=\"advgb-post-tax-term\">A LA UNE<\/a>","<a href=\"https:\/\/www.joyana.fr\/ja\/category\/blog\/\" class=\"advgb-post-tax-term\">BLOG<\/a>","<a href=\"https:\/\/www.joyana.fr\/ja\/category\/blog\/music-jo\/\" class=\"advgb-post-tax-term\">MUSIC<\/a>"],"unlinked":["<span class=\"advgb-post-tax-term\">A LA UNE<\/span>","<span class=\"advgb-post-tax-term\">BLOG<\/span>","<span class=\"advgb-post-tax-term\">MUSIC<\/span>"]},"tags":{"linked":["<a href=\"https:\/\/www.joyana.fr\/ja\/category\/blog\/music-jo\/\" class=\"advgb-post-tax-term\">Playlist<\/a>"],"unlinked":["<span class=\"advgb-post-tax-term\">Playlist<\/span>"]}},"comment_count":0,"relative_dates":{"created":"Posted 15\u5e74 ago","modified":"Updated 15\u5e74 ago"},"absolute_dates":{"created":"Posted on 13 8\u6708 2011","modified":"Updated on 13 8\u6708 2011"},"absolute_dates_time":{"created":"Posted on 13 8\u6708 2011 14:02","modified":"Updated on 13 8\u6708 2011 14:02"},"featured_img_caption":"","series_order":"","jetpack_sharing_enabled":true,"jetpack_shortlink":"https:\/\/wp.me\/p9bteI-IH","jetpack-related-posts":[],"_links":{"self":[{"href":"https:\/\/www.joyana.fr\/ja\/wp-json\/wp\/v2\/posts\/2771","targetHints":{"allow":["GET"]}}],"collection":[{"href":"https:\/\/www.joyana.fr\/ja\/wp-json\/wp\/v2\/posts"}],"about":[{"href":"https:\/\/www.joyana.fr\/ja\/wp-json\/wp\/v2\/types\/post"}],"author":[{"embeddable":true,"href":"https:\/\/www.joyana.fr\/ja\/wp-json\/wp\/v2\/users\/3"}],"replies":[{"embeddable":true,"href":"https:\/\/www.joyana.fr\/ja\/wp-json\/wp\/v2\/comments?post=2771"}],"version-history":[{"count":0,"href":"https:\/\/www.joyana.fr\/ja\/wp-json\/wp\/v2\/posts\/2771\/revisions"}],"wp:featuredmedia":[{"embeddable":true,"href":"https:\/\/www.joyana.fr\/ja\/wp-json\/"}],"wp:attachment":[{"href":"https:\/\/www.joyana.fr\/ja\/wp-json\/wp\/v2\/media?parent=2771"}],"wp:term":[{"taxonomy":"category","embeddable":true,"href":"https:\/\/www.joyana.fr\/ja\/wp-json\/wp\/v2\/categories?post=2771"},{"taxonomy":"post_tag","embeddable":true,"href":"https:\/\/www.joyana.fr\/ja\/wp-json\/wp\/v2\/tags?post=2771"}],"curies":[{"name":"wp","href":"https:\/\/api.w.org\/{rel}","templated":true}]}}