{"id":17851,"date":"2015-09-28T20:32:15","date_gmt":"2015-09-28T18:32:15","guid":{"rendered":"https:\/\/joyana.fr\/?p=17851"},"modified":"2015-09-28T20:32:15","modified_gmt":"2015-09-28T18:32:15","slug":"karim-rashid-loft-in-new-york","status":"publish","type":"post","link":"https:\/\/www.joyana.fr\/ja\/karim-rashid-loft-in-new-york\/17851\/","title":{"rendered":"KARIM RASHID\u2019S LOFT IN NEW YORK"},"content":{"rendered":"<p><a href=\"https:\/\/i0.wp.com\/joyana.fr\/wp-content\/uploads\/2015\/09\/BLOG_KARIM-RASHID-LOFT-NYC.jpg?ssl=1\"><img data-recalc-dims=\"1\" fetchpriority=\"high\" decoding=\"async\" data-attachment-id=\"17861\" data-permalink=\"https:\/\/www.joyana.fr\/ja\/karim-rashid-loft-in-new-york\/17851\/blog_karim-rashid-loft-nyc\/\" data-orig-file=\"https:\/\/i0.wp.com\/www.joyana.fr\/wp-content\/uploads\/2015\/09\/BLOG_KARIM-RASHID-LOFT-NYC.jpg?fit=1700%2C1700&amp;ssl=1\" data-orig-size=\"1700,1700\" data-comments-opened=\"1\" data-image-meta=\"{&quot;aperture&quot;:&quot;0&quot;,&quot;credit&quot;:&quot;&quot;,&quot;camera&quot;:&quot;&quot;,&quot;caption&quot;:&quot;&quot;,&quot;created_timestamp&quot;:&quot;0&quot;,&quot;copyright&quot;:&quot;&quot;,&quot;focal_length&quot;:&quot;0&quot;,&quot;iso&quot;:&quot;0&quot;,&quot;shutter_speed&quot;:&quot;0&quot;,&quot;title&quot;:&quot;&quot;,&quot;orientation&quot;:&quot;1&quot;}\" data-image-title=\"BLOG_KARIM RASHID LOFT NYC\" data-image-description=\"\" data-image-caption=\"\" data-medium-file=\"https:\/\/i0.wp.com\/www.joyana.fr\/wp-content\/uploads\/2015\/09\/BLOG_KARIM-RASHID-LOFT-NYC.jpg?fit=389%2C389&amp;ssl=1\" data-large-file=\"https:\/\/i0.wp.com\/www.joyana.fr\/wp-content\/uploads\/2015\/09\/BLOG_KARIM-RASHID-LOFT-NYC.jpg?fit=1024%2C1024&amp;ssl=1\" class=\"alignnone wp-image-17861 size-large\" src=\"https:\/\/i0.wp.com\/joyana.fr\/wp-content\/uploads\/2015\/09\/BLOG_KARIM-RASHID-LOFT-NYC-650x650.jpg?resize=650%2C650&#038;ssl=1\" alt=\"BLOG_KARIM RASHID LOFT NYC\" width=\"650\" height=\"650\" \/><\/a><\/p>\n<p style=\"text-align: justify;\">Je viens de me r\u00e9veiller&#8230; A l&#8217;heure o\u00f9 j&#8217;\u00e9cris ces lignes je suis dans une chambre arty, aux murs d&#8217;un blanc immacul\u00e9 qui flirte avec les motifs psych\u00e9d\u00e9liques de ma housse de couette. Cet univers c&#8217;est celui du loft de mon ami <a href=\"https:\/\/joyana.fr\/tag\/karim-rashid\/\" target=\"_blank\">Karim Rashid<\/a> &#8211; qui a eu la gentillesse de m&#8217;accueillir 5 jours \u00e0 New York*&#8230;<\/p>\n<p style=\"text-align: justify;\"><!--more--><\/p>\n<p style=\"text-align: justify;\">Un r\u00eave pour moi de partager la vie de ce d\u00e9signer que j&#8217;admire depuis des ann\u00e9es**, de parler de ses projets, de sa vision de la vie, de c\u00f4toyer ses amis, sa famille, de f\u00eater avec lui son anniversaire***, et surtout de vivre dans ce loft o\u00f9 chaque pi\u00e8ce est un pur bonheur pour Instagram !<\/p>\n<p style=\"text-align: justify;\">New York est d\u00e9cid\u00e9ment une ville qui me touche au plus profond, et la quitter est si difficile \u00e0 chaque fois. Mais ce sentiment me pousse chaque jour \u00e0 me d\u00e9passer et pourquoi pas un jour y vivre&#8230;<\/p>\n<p style=\"text-align: justify;\">*souvenez-vous il m&#8217;avait d\u00e9j\u00e0 accueillit \u00e0 <a href=\"https:\/\/joyana.fr\/tag\/miami\/\" target=\"_blank\">Miami<\/a>.<br \/>\n**vu comme je vous en parle depuis la cr\u00e9ation de mes blogs je pense vous le savez d\u00e9j\u00e0 en fait&#8230; ^^<br \/>\n***une <em>Pink Party<\/em> inoubliable. Et personne ne se moque de la vid\u00e9o ou je danse svp&#8230;<\/p>\n<p><a href=\"https:\/\/i0.wp.com\/joyana.fr\/wp-content\/uploads\/2015\/09\/BLOG_KARIM-RASHID-LOFT-NYC_2.jpg?ssl=1\"><img data-recalc-dims=\"1\" decoding=\"async\" data-attachment-id=\"17852\" data-permalink=\"https:\/\/www.joyana.fr\/ja\/karim-rashid-loft-in-new-york\/17851\/blog_karim-rashid-loft-nyc_2\/\" data-orig-file=\"https:\/\/i0.wp.com\/www.joyana.fr\/wp-content\/uploads\/2015\/09\/BLOG_KARIM-RASHID-LOFT-NYC_2.jpg?fit=1700%2C1700&amp;ssl=1\" data-orig-size=\"1700,1700\" data-comments-opened=\"1\" data-image-meta=\"{&quot;aperture&quot;:&quot;0&quot;,&quot;credit&quot;:&quot;&quot;,&quot;camera&quot;:&quot;&quot;,&quot;caption&quot;:&quot;&quot;,&quot;created_timestamp&quot;:&quot;0&quot;,&quot;copyright&quot;:&quot;&quot;,&quot;focal_length&quot;:&quot;0&quot;,&quot;iso&quot;:&quot;0&quot;,&quot;shutter_speed&quot;:&quot;0&quot;,&quot;title&quot;:&quot;&quot;,&quot;orientation&quot;:&quot;1&quot;}\" data-image-title=\"BLOG_KARIM RASHID LOFT NYC_2\" data-image-description=\"\" data-image-caption=\"\" data-medium-file=\"https:\/\/i0.wp.com\/www.joyana.fr\/wp-content\/uploads\/2015\/09\/BLOG_KARIM-RASHID-LOFT-NYC_2.jpg?fit=389%2C389&amp;ssl=1\" data-large-file=\"https:\/\/i0.wp.com\/www.joyana.fr\/wp-content\/uploads\/2015\/09\/BLOG_KARIM-RASHID-LOFT-NYC_2.jpg?fit=1024%2C1024&amp;ssl=1\" class=\"alignnone size-large wp-image-17852\" src=\"https:\/\/i0.wp.com\/joyana.fr\/wp-content\/uploads\/2015\/09\/BLOG_KARIM-RASHID-LOFT-NYC_2-650x650.jpg?resize=650%2C650&#038;ssl=1\" alt=\"BLOG_KARIM RASHID LOFT NYC_2\" width=\"650\" height=\"650\" \/><\/a><\/p>\n<p><a href=\"https:\/\/i0.wp.com\/joyana.fr\/wp-content\/uploads\/2015\/09\/BLOG_KARIM-RASHID-LOFT-NYC_3.jpg?ssl=1\"><img data-recalc-dims=\"1\" decoding=\"async\" data-attachment-id=\"17853\" data-permalink=\"https:\/\/www.joyana.fr\/ja\/karim-rashid-loft-in-new-york\/17851\/blog_karim-rashid-loft-nyc_3\/\" data-orig-file=\"https:\/\/i0.wp.com\/www.joyana.fr\/wp-content\/uploads\/2015\/09\/BLOG_KARIM-RASHID-LOFT-NYC_3.jpg?fit=1700%2C1700&amp;ssl=1\" data-orig-size=\"1700,1700\" data-comments-opened=\"1\" data-image-meta=\"{&quot;aperture&quot;:&quot;0&quot;,&quot;credit&quot;:&quot;&quot;,&quot;camera&quot;:&quot;&quot;,&quot;caption&quot;:&quot;&quot;,&quot;created_timestamp&quot;:&quot;0&quot;,&quot;copyright&quot;:&quot;&quot;,&quot;focal_length&quot;:&quot;0&quot;,&quot;iso&quot;:&quot;0&quot;,&quot;shutter_speed&quot;:&quot;0&quot;,&quot;title&quot;:&quot;&quot;,&quot;orientation&quot;:&quot;1&quot;}\" data-image-title=\"BLOG_KARIM RASHID LOFT NYC_3\" data-image-description=\"\" data-image-caption=\"\" data-medium-file=\"https:\/\/i0.wp.com\/www.joyana.fr\/wp-content\/uploads\/2015\/09\/BLOG_KARIM-RASHID-LOFT-NYC_3.jpg?fit=389%2C389&amp;ssl=1\" data-large-file=\"https:\/\/i0.wp.com\/www.joyana.fr\/wp-content\/uploads\/2015\/09\/BLOG_KARIM-RASHID-LOFT-NYC_3.jpg?fit=1024%2C1024&amp;ssl=1\" class=\"alignnone size-large wp-image-17853\" src=\"https:\/\/i0.wp.com\/joyana.fr\/wp-content\/uploads\/2015\/09\/BLOG_KARIM-RASHID-LOFT-NYC_3-650x650.jpg?resize=650%2C650&#038;ssl=1\" alt=\"BLOG_KARIM RASHID LOFT NYC_3\" width=\"650\" height=\"650\" \/><\/a><\/p>\n<p><a href=\"https:\/\/i0.wp.com\/joyana.fr\/wp-content\/uploads\/2015\/09\/BLOG_KARIM-RASHID-LOFT-NYC_5.jpg?ssl=1\"><img data-recalc-dims=\"1\" loading=\"lazy\" decoding=\"async\" data-attachment-id=\"17855\" data-permalink=\"https:\/\/www.joyana.fr\/ja\/karim-rashid-loft-in-new-york\/17851\/blog_karim-rashid-loft-nyc_5\/\" data-orig-file=\"https:\/\/i0.wp.com\/www.joyana.fr\/wp-content\/uploads\/2015\/09\/BLOG_KARIM-RASHID-LOFT-NYC_5.jpg?fit=1700%2C1700&amp;ssl=1\" data-orig-size=\"1700,1700\" data-comments-opened=\"1\" data-image-meta=\"{&quot;aperture&quot;:&quot;0&quot;,&quot;credit&quot;:&quot;&quot;,&quot;camera&quot;:&quot;&quot;,&quot;caption&quot;:&quot;&quot;,&quot;created_timestamp&quot;:&quot;0&quot;,&quot;copyright&quot;:&quot;&quot;,&quot;focal_length&quot;:&quot;0&quot;,&quot;iso&quot;:&quot;0&quot;,&quot;shutter_speed&quot;:&quot;0&quot;,&quot;title&quot;:&quot;&quot;,&quot;orientation&quot;:&quot;1&quot;}\" data-image-title=\"BLOG_KARIM RASHID LOFT NYC_5\" data-image-description=\"\" data-image-caption=\"\" data-medium-file=\"https:\/\/i0.wp.com\/www.joyana.fr\/wp-content\/uploads\/2015\/09\/BLOG_KARIM-RASHID-LOFT-NYC_5.jpg?fit=389%2C389&amp;ssl=1\" data-large-file=\"https:\/\/i0.wp.com\/www.joyana.fr\/wp-content\/uploads\/2015\/09\/BLOG_KARIM-RASHID-LOFT-NYC_5.jpg?fit=1024%2C1024&amp;ssl=1\" class=\"alignnone size-large wp-image-17855\" src=\"https:\/\/i0.wp.com\/joyana.fr\/wp-content\/uploads\/2015\/09\/BLOG_KARIM-RASHID-LOFT-NYC_5-650x650.jpg?resize=650%2C650&#038;ssl=1\" alt=\"BLOG_KARIM RASHID LOFT NYC_5\" width=\"650\" height=\"650\" \/><\/a><\/p>\n<p><img data-recalc-dims=\"1\" loading=\"lazy\" decoding=\"async\" data-attachment-id=\"17854\" data-permalink=\"https:\/\/www.joyana.fr\/ja\/karim-rashid-loft-in-new-york\/17851\/blog_karim-rashid-loft-nyc_4\/\" data-orig-file=\"https:\/\/i0.wp.com\/www.joyana.fr\/wp-content\/uploads\/2015\/09\/BLOG_KARIM-RASHID-LOFT-NYC_4.jpg?fit=1700%2C1700&amp;ssl=1\" data-orig-size=\"1700,1700\" data-comments-opened=\"1\" data-image-meta=\"{&quot;aperture&quot;:&quot;0&quot;,&quot;credit&quot;:&quot;&quot;,&quot;camera&quot;:&quot;&quot;,&quot;caption&quot;:&quot;&quot;,&quot;created_timestamp&quot;:&quot;0&quot;,&quot;copyright&quot;:&quot;&quot;,&quot;focal_length&quot;:&quot;0&quot;,&quot;iso&quot;:&quot;0&quot;,&quot;shutter_speed&quot;:&quot;0&quot;,&quot;title&quot;:&quot;&quot;,&quot;orientation&quot;:&quot;1&quot;}\" data-image-title=\"BLOG_KARIM RASHID LOFT NYC_4\" data-image-description=\"\" data-image-caption=\"\" data-medium-file=\"https:\/\/i0.wp.com\/www.joyana.fr\/wp-content\/uploads\/2015\/09\/BLOG_KARIM-RASHID-LOFT-NYC_4.jpg?fit=389%2C389&amp;ssl=1\" data-large-file=\"https:\/\/i0.wp.com\/www.joyana.fr\/wp-content\/uploads\/2015\/09\/BLOG_KARIM-RASHID-LOFT-NYC_4.jpg?fit=1024%2C1024&amp;ssl=1\" class=\"alignnone size-large wp-image-17854\" src=\"https:\/\/i0.wp.com\/joyana.fr\/wp-content\/uploads\/2015\/09\/BLOG_KARIM-RASHID-LOFT-NYC_4-650x650.jpg?resize=650%2C650&#038;ssl=1\" alt=\"BLOG_KARIM RASHID LOFT NYC_4\" width=\"650\" height=\"650\" \/><\/p>\n<p style=\"text-align: justify;\"><em><span style=\"color: #808080;\">I just woke up &#8230; At the time I write this I am in a arty room, walls pristine white flirting with psychedelic patterns of my duvet cover. This universe is that of my friend Karim Rashid loft &#8211; who was kind enough to welcome me five days in New York &#8230; *<\/span><\/em><\/p>\n<p style=\"text-align: justify;\"><em><span style=\"color: #808080;\">A dream for me to share the life of that designer who I admire for years**, to talk about his plans, his vision of life, to rub his friends, his family, to celebrate his birthday with him*** and above live in this loft where every room is pure bliss for Instagram !<\/span><\/em><\/p>\n<p style=\"text-align: justify;\"><em><span style=\"color: #808080;\">New York is definitely a city that touches me deep, and is so hard to leave each time. But this feeling drives me every day to push myself and maybe one day live there&#8230;<\/span><\/em><\/p>\n<p style=\"text-align: justify;\"><em><span style=\"color: #808080;\">*remember he already had greeted me in Miami.<\/span><\/em><br \/>\n<em><span style=\"color: #808080;\"> **seen as I speak to you from the foundation of my blogs I think you already know actually &#8230; ^^<\/span><\/em><br \/>\n<em><span style=\"color: #808080;\"> ***a unforgettable Pink Party. And no one makes fun of the video where I dance please &#8230;<\/span><\/em><\/p>\n<p><img data-recalc-dims=\"1\" loading=\"lazy\" decoding=\"async\" data-attachment-id=\"17858\" data-permalink=\"https:\/\/www.joyana.fr\/ja\/karim-rashid-loft-in-new-york\/17851\/blog_karim-rashid-loft-nyc_9\/\" data-orig-file=\"https:\/\/i0.wp.com\/www.joyana.fr\/wp-content\/uploads\/2015\/09\/BLOG_KARIM-RASHID-LOFT-NYC_9.jpg?fit=1700%2C1700&amp;ssl=1\" data-orig-size=\"1700,1700\" data-comments-opened=\"1\" data-image-meta=\"{&quot;aperture&quot;:&quot;0&quot;,&quot;credit&quot;:&quot;&quot;,&quot;camera&quot;:&quot;&quot;,&quot;caption&quot;:&quot;&quot;,&quot;created_timestamp&quot;:&quot;0&quot;,&quot;copyright&quot;:&quot;&quot;,&quot;focal_length&quot;:&quot;0&quot;,&quot;iso&quot;:&quot;0&quot;,&quot;shutter_speed&quot;:&quot;0&quot;,&quot;title&quot;:&quot;&quot;,&quot;orientation&quot;:&quot;1&quot;}\" data-image-title=\"BLOG_KARIM RASHID LOFT NYC_9\" data-image-description=\"\" data-image-caption=\"\" data-medium-file=\"https:\/\/i0.wp.com\/www.joyana.fr\/wp-content\/uploads\/2015\/09\/BLOG_KARIM-RASHID-LOFT-NYC_9.jpg?fit=389%2C389&amp;ssl=1\" data-large-file=\"https:\/\/i0.wp.com\/www.joyana.fr\/wp-content\/uploads\/2015\/09\/BLOG_KARIM-RASHID-LOFT-NYC_9.jpg?fit=1024%2C1024&amp;ssl=1\" class=\"alignnone size-large wp-image-17858\" src=\"https:\/\/i0.wp.com\/joyana.fr\/wp-content\/uploads\/2015\/09\/BLOG_KARIM-RASHID-LOFT-NYC_9-650x650.jpg?resize=650%2C650&#038;ssl=1\" alt=\"BLOG_KARIM RASHID LOFT NYC_9\" width=\"650\" height=\"650\" \/><\/p>\n<p><img data-recalc-dims=\"1\" loading=\"lazy\" decoding=\"async\" data-attachment-id=\"17859\" data-permalink=\"https:\/\/www.joyana.fr\/ja\/karim-rashid-loft-in-new-york\/17851\/blog_karim-rashid-loft-nyc_10\/\" data-orig-file=\"https:\/\/i0.wp.com\/www.joyana.fr\/wp-content\/uploads\/2015\/09\/BLOG_KARIM-RASHID-LOFT-NYC_10.jpg?fit=1700%2C1700&amp;ssl=1\" data-orig-size=\"1700,1700\" data-comments-opened=\"1\" data-image-meta=\"{&quot;aperture&quot;:&quot;0&quot;,&quot;credit&quot;:&quot;&quot;,&quot;camera&quot;:&quot;&quot;,&quot;caption&quot;:&quot;&quot;,&quot;created_timestamp&quot;:&quot;0&quot;,&quot;copyright&quot;:&quot;&quot;,&quot;focal_length&quot;:&quot;0&quot;,&quot;iso&quot;:&quot;0&quot;,&quot;shutter_speed&quot;:&quot;0&quot;,&quot;title&quot;:&quot;&quot;,&quot;orientation&quot;:&quot;1&quot;}\" data-image-title=\"BLOG_KARIM RASHID LOFT NYC_10\" data-image-description=\"\" data-image-caption=\"\" data-medium-file=\"https:\/\/i0.wp.com\/www.joyana.fr\/wp-content\/uploads\/2015\/09\/BLOG_KARIM-RASHID-LOFT-NYC_10.jpg?fit=389%2C389&amp;ssl=1\" data-large-file=\"https:\/\/i0.wp.com\/www.joyana.fr\/wp-content\/uploads\/2015\/09\/BLOG_KARIM-RASHID-LOFT-NYC_10.jpg?fit=1024%2C1024&amp;ssl=1\" class=\"alignnone size-large wp-image-17859\" src=\"https:\/\/i0.wp.com\/joyana.fr\/wp-content\/uploads\/2015\/09\/BLOG_KARIM-RASHID-LOFT-NYC_10-650x650.jpg?resize=650%2C650&#038;ssl=1\" alt=\"BLOG_KARIM RASHID LOFT NYC_10\" width=\"650\" height=\"650\" \/><\/p>\n<p><a href=\"https:\/\/i0.wp.com\/joyana.fr\/wp-content\/uploads\/2015\/09\/BLOG_KARIM-RASHID-LOFT-NYC_6.jpg?ssl=1\"><img data-recalc-dims=\"1\" loading=\"lazy\" decoding=\"async\" data-attachment-id=\"17856\" data-permalink=\"https:\/\/www.joyana.fr\/ja\/karim-rashid-loft-in-new-york\/17851\/blog_karim-rashid-loft-nyc_6\/\" data-orig-file=\"https:\/\/i0.wp.com\/www.joyana.fr\/wp-content\/uploads\/2015\/09\/BLOG_KARIM-RASHID-LOFT-NYC_6.jpg?fit=1700%2C1700&amp;ssl=1\" data-orig-size=\"1700,1700\" data-comments-opened=\"1\" data-image-meta=\"{&quot;aperture&quot;:&quot;0&quot;,&quot;credit&quot;:&quot;&quot;,&quot;camera&quot;:&quot;&quot;,&quot;caption&quot;:&quot;&quot;,&quot;created_timestamp&quot;:&quot;0&quot;,&quot;copyright&quot;:&quot;&quot;,&quot;focal_length&quot;:&quot;0&quot;,&quot;iso&quot;:&quot;0&quot;,&quot;shutter_speed&quot;:&quot;0&quot;,&quot;title&quot;:&quot;&quot;,&quot;orientation&quot;:&quot;1&quot;}\" data-image-title=\"BLOG_KARIM RASHID LOFT NYC_6\" data-image-description=\"\" data-image-caption=\"\" data-medium-file=\"https:\/\/i0.wp.com\/www.joyana.fr\/wp-content\/uploads\/2015\/09\/BLOG_KARIM-RASHID-LOFT-NYC_6.jpg?fit=389%2C389&amp;ssl=1\" data-large-file=\"https:\/\/i0.wp.com\/www.joyana.fr\/wp-content\/uploads\/2015\/09\/BLOG_KARIM-RASHID-LOFT-NYC_6.jpg?fit=1024%2C1024&amp;ssl=1\" class=\"alignnone size-large wp-image-17856\" src=\"https:\/\/i0.wp.com\/joyana.fr\/wp-content\/uploads\/2015\/09\/BLOG_KARIM-RASHID-LOFT-NYC_6-650x650.jpg?resize=650%2C650&#038;ssl=1\" alt=\"BLOG_KARIM RASHID LOFT NYC_6\" width=\"650\" height=\"650\" \/><\/a><\/p>\n<p><a href=\"https:\/\/i0.wp.com\/joyana.fr\/wp-content\/uploads\/2015\/09\/BLOG_KARIM-RASHID-LOFT-NYC_8.jpg?ssl=1\"><img data-recalc-dims=\"1\" loading=\"lazy\" decoding=\"async\" data-attachment-id=\"17857\" data-permalink=\"https:\/\/www.joyana.fr\/ja\/karim-rashid-loft-in-new-york\/17851\/blog_karim-rashid-loft-nyc_8\/\" data-orig-file=\"https:\/\/i0.wp.com\/www.joyana.fr\/wp-content\/uploads\/2015\/09\/BLOG_KARIM-RASHID-LOFT-NYC_8.jpg?fit=1700%2C1700&amp;ssl=1\" data-orig-size=\"1700,1700\" data-comments-opened=\"1\" data-image-meta=\"{&quot;aperture&quot;:&quot;0&quot;,&quot;credit&quot;:&quot;&quot;,&quot;camera&quot;:&quot;&quot;,&quot;caption&quot;:&quot;&quot;,&quot;created_timestamp&quot;:&quot;0&quot;,&quot;copyright&quot;:&quot;&quot;,&quot;focal_length&quot;:&quot;0&quot;,&quot;iso&quot;:&quot;0&quot;,&quot;shutter_speed&quot;:&quot;0&quot;,&quot;title&quot;:&quot;&quot;,&quot;orientation&quot;:&quot;1&quot;}\" data-image-title=\"BLOG_KARIM RASHID LOFT NYC_8\" data-image-description=\"\" data-image-caption=\"\" data-medium-file=\"https:\/\/i0.wp.com\/www.joyana.fr\/wp-content\/uploads\/2015\/09\/BLOG_KARIM-RASHID-LOFT-NYC_8.jpg?fit=389%2C389&amp;ssl=1\" data-large-file=\"https:\/\/i0.wp.com\/www.joyana.fr\/wp-content\/uploads\/2015\/09\/BLOG_KARIM-RASHID-LOFT-NYC_8.jpg?fit=1024%2C1024&amp;ssl=1\" class=\"alignnone wp-image-17857 size-large\" src=\"https:\/\/i0.wp.com\/joyana.fr\/wp-content\/uploads\/2015\/09\/BLOG_KARIM-RASHID-LOFT-NYC_8-650x650.jpg?resize=650%2C650&#038;ssl=1\" alt=\"BLOG_KARIM RASHID LOFT NYC_8\" width=\"650\" height=\"650\" \/><\/a><\/p>\n<p style=\"text-align: center;\">Sweat <a href=\"http:\/\/etudes-studio.com\" target=\"_blank\">ETUDES STUDIO<\/a> | Pantalon <a href=\"http:\/\/www.amiparis.fr\" target=\"_blank\">AMI PARIS<\/a> | Sneakers <a href=\"http:\/\/www.converse.com\/regular\/cons-cts-fragment-design\/MP_2817.html\" target=\"_blank\">CONVERSE x FRAGMENT DESIGN<\/a> | Montre <a href=\"http:\/\/www.nooka.com\/shop\/nooka-watches\/yogurt\/\" target=\"_blank\">NOOKA x KARIM RASHID<\/a> | Lunettes <a href=\"http:\/\/www.lesplusbelleslunettesdemarseille.com\/designers\/emmanuelle-khanh\/\" target=\"_blank\">EMMANUEL KHANH<\/a><\/p>\n<p><a href=\"https:\/\/i0.wp.com\/joyana.fr\/wp-content\/uploads\/2015\/09\/BLOG_KARIM-RASHID-LOFT-NYC_11.jpg?ssl=1\"><img data-recalc-dims=\"1\" loading=\"lazy\" decoding=\"async\" data-attachment-id=\"17860\" data-permalink=\"https:\/\/www.joyana.fr\/ja\/karim-rashid-loft-in-new-york\/17851\/blog_karim-rashid-loft-nyc_11\/\" data-orig-file=\"https:\/\/i0.wp.com\/www.joyana.fr\/wp-content\/uploads\/2015\/09\/BLOG_KARIM-RASHID-LOFT-NYC_11.jpg?fit=1700%2C1700&amp;ssl=1\" data-orig-size=\"1700,1700\" data-comments-opened=\"1\" data-image-meta=\"{&quot;aperture&quot;:&quot;0&quot;,&quot;credit&quot;:&quot;&quot;,&quot;camera&quot;:&quot;&quot;,&quot;caption&quot;:&quot;&quot;,&quot;created_timestamp&quot;:&quot;0&quot;,&quot;copyright&quot;:&quot;&quot;,&quot;focal_length&quot;:&quot;0&quot;,&quot;iso&quot;:&quot;0&quot;,&quot;shutter_speed&quot;:&quot;0&quot;,&quot;title&quot;:&quot;&quot;,&quot;orientation&quot;:&quot;1&quot;}\" data-image-title=\"BLOG_KARIM RASHID LOFT NYC_11\" data-image-description=\"\" data-image-caption=\"\" data-medium-file=\"https:\/\/i0.wp.com\/www.joyana.fr\/wp-content\/uploads\/2015\/09\/BLOG_KARIM-RASHID-LOFT-NYC_11.jpg?fit=389%2C389&amp;ssl=1\" data-large-file=\"https:\/\/i0.wp.com\/www.joyana.fr\/wp-content\/uploads\/2015\/09\/BLOG_KARIM-RASHID-LOFT-NYC_11.jpg?fit=1024%2C1024&amp;ssl=1\" class=\"alignnone wp-image-17860 size-large\" src=\"https:\/\/i0.wp.com\/joyana.fr\/wp-content\/uploads\/2015\/09\/BLOG_KARIM-RASHID-LOFT-NYC_11-650x650.jpg?resize=650%2C650&#038;ssl=1\" alt=\"BLOG_KARIM RASHID LOFT NYC_11\" width=\"650\" height=\"650\" \/><\/a><\/p>\n<p style=\"text-align: justify;\">Thanks to my friend <a href=\"http:\/\/www.georgewhiteside.com\" target=\"_blank\">George Whiteside<\/a>\u00a0for the help \ud83d\ude09<\/p>\n","protected":false},"excerpt":{"rendered":"<p>A l&#8217;heure o\u00f9 j&#8217;\u00e9cris ces lignes, je suis dans le loft de mon ami Karim Rashid &#8211; qui a eu la gentillesse de m&#8217;accueillir 5 jours \u00e0 New York*&#8230;<\/p>\n","protected":false},"author":3,"featured_media":17861,"comment_status":"open","ping_status":"open","sticky":false,"template":"","format":"standard","meta":{"_coblocks_attr":"","_coblocks_dimensions":"","_coblocks_responsive_height":"","_coblocks_accordion_ie_support":"","_uag_custom_page_level_css":"","advgb_blocks_editor_width":"","advgb_blocks_columns_visual_guide":"","_genesis_hide_title":false,"_genesis_hide_breadcrumbs":false,"_genesis_hide_singular_image":false,"_genesis_hide_footer_widgets":false,"_genesis_custom_body_class":"","_genesis_custom_post_class":"","_genesis_layout":"","_themeisle_gutenberg_block_has_review":false,"_jetpack_newsletter_access":"","_jetpack_dont_email_post_to_subs":false,"_jetpack_newsletter_tier_id":0,"_jetpack_memberships_contains_paywalled_content":false,"_jetpack_memberships_contains_paid_content":false,"footnotes":""},"categories":[80,60,905,3,136,16],"tags":[880,258,881,740,44,829,151,291],"class_list":{"0":"post-17851","1":"post","2":"type-post","3":"status-publish","4":"format-standard","5":"has-post-thumbnail","7":"category-news","8":"category-blog","9":"category-deco-design","10":"category-design-jo","11":"category-lookbook","12":"category-mode-homme","13":"tag-ami-paris","14":"tag-converse","15":"tag-etudes-studio","16":"tag-fragment-design","17":"tag-karim-rashid","18":"tag-loft","19":"tag-look","20":"tag-new-york","21":"entry"},"featured_image_urls":{"full":["https:\/\/i0.wp.com\/www.joyana.fr\/wp-content\/uploads\/2015\/09\/BLOG_KARIM-RASHID-LOFT-NYC.jpg?fit=1700%2C1700&ssl=1",1700,1700,false],"thumbnail":["https:\/\/i0.wp.com\/www.joyana.fr\/wp-content\/uploads\/2015\/09\/BLOG_KARIM-RASHID-LOFT-NYC.jpg?resize=150%2C150&ssl=1",150,150,true],"medium":["https:\/\/i0.wp.com\/www.joyana.fr\/wp-content\/uploads\/2015\/09\/BLOG_KARIM-RASHID-LOFT-NYC.jpg?fit=389%2C389&ssl=1",389,389,true],"medium_large":["https:\/\/i0.wp.com\/www.joyana.fr\/wp-content\/uploads\/2015\/09\/BLOG_KARIM-RASHID-LOFT-NYC.jpg?fit=768%2C768&ssl=1",768,768,true],"large":["https:\/\/i0.wp.com\/www.joyana.fr\/wp-content\/uploads\/2015\/09\/BLOG_KARIM-RASHID-LOFT-NYC.jpg?fit=1024%2C1024&ssl=1",1024,1024,true],"1536x1536":["https:\/\/i0.wp.com\/www.joyana.fr\/wp-content\/uploads\/2015\/09\/BLOG_KARIM-RASHID-LOFT-NYC.jpg?fit=1536%2C1536&ssl=1",1536,1536,true],"2048x2048":["https:\/\/i0.wp.com\/www.joyana.fr\/wp-content\/uploads\/2015\/09\/BLOG_KARIM-RASHID-LOFT-NYC.jpg?fit=1700%2C1700&ssl=1",1700,1700,true],"featured-thumb":["https:\/\/i0.wp.com\/www.joyana.fr\/wp-content\/uploads\/2015\/09\/BLOG_KARIM-RASHID-LOFT-NYC.jpg?resize=1700%2C750&ssl=1",1700,750,true],"ab-block-post-grid-landscape":["https:\/\/i0.wp.com\/www.joyana.fr\/wp-content\/uploads\/2015\/09\/BLOG_KARIM-RASHID-LOFT-NYC.jpg?resize=600%2C400&ssl=1",600,400,true],"ab-block-post-grid-square":["https:\/\/i0.wp.com\/www.joyana.fr\/wp-content\/uploads\/2015\/09\/BLOG_KARIM-RASHID-LOFT-NYC.jpg?resize=600%2C600&ssl=1",600,600,true],"author-pro-image":["https:\/\/i0.wp.com\/www.joyana.fr\/wp-content\/uploads\/2015\/09\/BLOG_KARIM-RASHID-LOFT-NYC.jpg?resize=360%2C570&ssl=1",360,570,true],"slider":["https:\/\/i0.wp.com\/www.joyana.fr\/wp-content\/uploads\/2015\/09\/BLOG_KARIM-RASHID-LOFT-NYC.jpg?resize=920%2C400&ssl=1",920,400,true],"woocommerce_thumbnail":["https:\/\/i0.wp.com\/www.joyana.fr\/wp-content\/uploads\/2015\/09\/BLOG_KARIM-RASHID-LOFT-NYC.jpg?resize=450%2C450&ssl=1",450,450,true],"woocommerce_single":["https:\/\/i0.wp.com\/www.joyana.fr\/wp-content\/uploads\/2015\/09\/BLOG_KARIM-RASHID-LOFT-NYC.jpg?fit=920%2C920&ssl=1",920,920,true],"woocommerce_gallery_thumbnail":["https:\/\/i0.wp.com\/www.joyana.fr\/wp-content\/uploads\/2015\/09\/BLOG_KARIM-RASHID-LOFT-NYC.jpg?resize=180%2C180&ssl=1",180,180,true],"sow-carousel-default":["https:\/\/i0.wp.com\/www.joyana.fr\/wp-content\/uploads\/2015\/09\/BLOG_KARIM-RASHID-LOFT-NYC.jpg?resize=272%2C182&ssl=1",272,182,true]},"post_excerpt_stackable":"<p>A l&#8217;heure o\u00f9 j&#8217;\u00e9cris ces lignes, je suis dans le loft de mon ami Karim Rashid &#8211; qui a eu la gentillesse de m&#8217;accueillir 5 jours \u00e0 New York*&#8230;<\/p>\n","category_list":"<a href=\"https:\/\/www.joyana.fr\/ja\/category\/blog\/news\/\" rel=\"category tag\">A LA UNE<\/a>, <a href=\"https:\/\/www.joyana.fr\/ja\/category\/blog\/\" rel=\"category tag\">BLOG<\/a>, <a href=\"https:\/\/www.joyana.fr\/ja\/category\/deco-design\/\" rel=\"category tag\">DECO-DESIGN<\/a>, <a href=\"https:\/\/www.joyana.fr\/ja\/category\/blog\/design-jo\/\" rel=\"category tag\">DESIGN<\/a>, <a href=\"https:\/\/www.joyana.fr\/ja\/category\/blog\/lookbook\/\" rel=\"category tag\">LOOKBOOK<\/a>, <a href=\"https:\/\/www.joyana.fr\/ja\/category\/blog\/mode-homme\/\" rel=\"category tag\">MODE HOMME<\/a>","author_info":{"display_name":"Jo Yana","author_link":"https:\/\/www.joyana.fr\/ja\/author\/joyana\/"},"comments_num":"0 comments","featured_image_urls_v2":{"full":["https:\/\/i0.wp.com\/www.joyana.fr\/wp-content\/uploads\/2015\/09\/BLOG_KARIM-RASHID-LOFT-NYC.jpg?fit=1700%2C1700&ssl=1",1700,1700,false],"thumbnail":["https:\/\/i0.wp.com\/www.joyana.fr\/wp-content\/uploads\/2015\/09\/BLOG_KARIM-RASHID-LOFT-NYC.jpg?resize=150%2C150&ssl=1",150,150,true],"medium":["https:\/\/i0.wp.com\/www.joyana.fr\/wp-content\/uploads\/2015\/09\/BLOG_KARIM-RASHID-LOFT-NYC.jpg?fit=389%2C389&ssl=1",389,389,true],"medium_large":["https:\/\/i0.wp.com\/www.joyana.fr\/wp-content\/uploads\/2015\/09\/BLOG_KARIM-RASHID-LOFT-NYC.jpg?fit=768%2C768&ssl=1",768,768,true],"large":["https:\/\/i0.wp.com\/www.joyana.fr\/wp-content\/uploads\/2015\/09\/BLOG_KARIM-RASHID-LOFT-NYC.jpg?fit=1024%2C1024&ssl=1",1024,1024,true],"1536x1536":["https:\/\/i0.wp.com\/www.joyana.fr\/wp-content\/uploads\/2015\/09\/BLOG_KARIM-RASHID-LOFT-NYC.jpg?fit=1536%2C1536&ssl=1",1536,1536,true],"2048x2048":["https:\/\/i0.wp.com\/www.joyana.fr\/wp-content\/uploads\/2015\/09\/BLOG_KARIM-RASHID-LOFT-NYC.jpg?fit=1700%2C1700&ssl=1",1700,1700,true],"featured-thumb":["https:\/\/i0.wp.com\/www.joyana.fr\/wp-content\/uploads\/2015\/09\/BLOG_KARIM-RASHID-LOFT-NYC.jpg?resize=1700%2C750&ssl=1",1700,750,true],"ab-block-post-grid-landscape":["https:\/\/i0.wp.com\/www.joyana.fr\/wp-content\/uploads\/2015\/09\/BLOG_KARIM-RASHID-LOFT-NYC.jpg?resize=600%2C400&ssl=1",600,400,true],"ab-block-post-grid-square":["https:\/\/i0.wp.com\/www.joyana.fr\/wp-content\/uploads\/2015\/09\/BLOG_KARIM-RASHID-LOFT-NYC.jpg?resize=600%2C600&ssl=1",600,600,true],"author-pro-image":["https:\/\/i0.wp.com\/www.joyana.fr\/wp-content\/uploads\/2015\/09\/BLOG_KARIM-RASHID-LOFT-NYC.jpg?resize=360%2C570&ssl=1",360,570,true],"slider":["https:\/\/i0.wp.com\/www.joyana.fr\/wp-content\/uploads\/2015\/09\/BLOG_KARIM-RASHID-LOFT-NYC.jpg?resize=920%2C400&ssl=1",920,400,true],"woocommerce_thumbnail":["https:\/\/i0.wp.com\/www.joyana.fr\/wp-content\/uploads\/2015\/09\/BLOG_KARIM-RASHID-LOFT-NYC.jpg?resize=450%2C450&ssl=1",450,450,true],"woocommerce_single":["https:\/\/i0.wp.com\/www.joyana.fr\/wp-content\/uploads\/2015\/09\/BLOG_KARIM-RASHID-LOFT-NYC.jpg?fit=920%2C920&ssl=1",920,920,true],"woocommerce_gallery_thumbnail":["https:\/\/i0.wp.com\/www.joyana.fr\/wp-content\/uploads\/2015\/09\/BLOG_KARIM-RASHID-LOFT-NYC.jpg?resize=180%2C180&ssl=1",180,180,true],"sow-carousel-default":["https:\/\/i0.wp.com\/www.joyana.fr\/wp-content\/uploads\/2015\/09\/BLOG_KARIM-RASHID-LOFT-NYC.jpg?resize=272%2C182&ssl=1",272,182,true]},"post_excerpt_stackable_v2":"<p>A l&#8217;heure o\u00f9 j&#8217;\u00e9cris ces lignes, je suis dans le loft de mon ami Karim Rashid &#8211; qui a eu la gentillesse de m&#8217;accueillir 5 jours \u00e0 New York*&#8230;<\/p>\n","category_list_v2":"<a href=\"https:\/\/www.joyana.fr\/ja\/category\/blog\/news\/\" rel=\"category tag\">A LA UNE<\/a>, <a href=\"https:\/\/www.joyana.fr\/ja\/category\/blog\/\" rel=\"category tag\">BLOG<\/a>, <a href=\"https:\/\/www.joyana.fr\/ja\/category\/deco-design\/\" rel=\"category tag\">DECO-DESIGN<\/a>, <a href=\"https:\/\/www.joyana.fr\/ja\/category\/blog\/design-jo\/\" rel=\"category tag\">DESIGN<\/a>, <a href=\"https:\/\/www.joyana.fr\/ja\/category\/blog\/lookbook\/\" rel=\"category tag\">LOOKBOOK<\/a>, <a href=\"https:\/\/www.joyana.fr\/ja\/category\/blog\/mode-homme\/\" rel=\"category tag\">MODE HOMME<\/a>","author_info_v2":{"name":"Jo Yana","url":"https:\/\/www.joyana.fr\/ja\/author\/joyana\/"},"comments_num_v2":"0 comments","yoast_head":"<!-- This site is optimized with the Yoast SEO plugin v26.8 - https:\/\/yoast.com\/product\/yoast-seo-wordpress\/ -->\n<title>KARIM RASHID\u2019S LOFT IN NEW YORK | Blog Mode Homme<\/title>\n<meta name=\"description\" content=\"A l&#039;heure o\u00f9 j&#039;\u00e9cris ces lignes, je suis dans le loft de mon ami Karim Rashid - qui a eu la gentillesse de m&#039;accueillir 5 jours \u00e0 New York*...\" \/>\n<meta name=\"robots\" content=\"index, follow, max-snippet:-1, max-image-preview:large, max-video-preview:-1\" \/>\n<link rel=\"canonical\" href=\"https:\/\/joyana.fr\/en\/karim-rashid-loft-in-new-york\/17851\/\" \/>\n<meta property=\"og:locale\" content=\"ja_JP\" \/>\n<meta property=\"og:locale:alternate\" content=\"fr_FR\" \/>\n<meta property=\"og:locale:alternate\" content=\"en_US\" \/>\n<meta property=\"og:type\" content=\"article\" \/>\n<meta property=\"og:title\" content=\"KARIM RASHID\u2019S LOFT IN NEW YORK | Blog Mode Homme\" \/>\n<meta property=\"og:description\" content=\"A l&#039;heure o\u00f9 j&#039;\u00e9cris ces lignes, je suis dans le loft de mon ami Karim Rashid - qui a eu la gentillesse de m&#039;accueillir 5 jours \u00e0 New York*...\" \/>\n<meta property=\"og:url\" content=\"https:\/\/www.joyana.fr\/ja\/karim-rashid-loft-in-new-york\/17851\/\" \/>\n<meta property=\"og:site_name\" content=\"JO YANA\" \/>\n<meta property=\"article:published_time\" content=\"2015-09-28T18:32:15+00:00\" \/>\n<meta property=\"og:image\" content=\"https:\/\/joyana.fr\/wp-content\/uploads\/2015\/09\/BLOG_KARIM-RASHID-LOFT-NYC.jpg\" \/>\n\t<meta property=\"og:image:width\" content=\"1700\" \/>\n\t<meta property=\"og:image:height\" content=\"1700\" \/>\n\t<meta property=\"og:image:type\" content=\"image\/jpeg\" \/>\n<meta name=\"author\" content=\"Jo Yana\" \/>\n<meta name=\"twitter:card\" content=\"summary_large_image\" \/>\n<meta name=\"twitter:creator\" content=\"@Jo_Yana\" \/>\n<meta name=\"twitter:site\" content=\"@Jo_Yana\" \/>\n<meta name=\"twitter:label1\" content=\"\u57f7\u7b46\u8005\" \/>\n\t<meta name=\"twitter:data1\" content=\"Jo Yana\" \/>\n\t<meta name=\"twitter:label2\" content=\"\u63a8\u5b9a\u8aad\u307f\u53d6\u308a\u6642\u9593\" \/>\n\t<meta name=\"twitter:data2\" content=\"2\u5206\" \/>\n<script type=\"application\/ld+json\" class=\"yoast-schema-graph\">{\"@context\":\"https:\/\/schema.org\",\"@graph\":[{\"@type\":\"Article\",\"@id\":\"https:\/\/joyana.fr\/en\/karim-rashid-loft-in-new-york\/17851\/#article\",\"isPartOf\":{\"@id\":\"https:\/\/joyana.fr\/en\/karim-rashid-loft-in-new-york\/17851\/\"},\"author\":{\"name\":\"Jo Yana\",\"@id\":\"https:\/\/joyana.fr\/#\/schema\/person\/cf2a1ad12a27c12c21801075bf37407c\"},\"headline\":\"KARIM RASHID\u2019S LOFT IN NEW YORK\",\"datePublished\":\"2015-09-28T18:32:15+00:00\",\"mainEntityOfPage\":{\"@id\":\"https:\/\/joyana.fr\/en\/karim-rashid-loft-in-new-york\/17851\/\"},\"wordCount\":423,\"commentCount\":0,\"publisher\":{\"@id\":\"https:\/\/joyana.fr\/#\/schema\/person\/cf2a1ad12a27c12c21801075bf37407c\"},\"image\":{\"@id\":\"https:\/\/joyana.fr\/en\/karim-rashid-loft-in-new-york\/17851\/#primaryimage\"},\"thumbnailUrl\":\"https:\/\/i0.wp.com\/www.joyana.fr\/wp-content\/uploads\/2015\/09\/BLOG_KARIM-RASHID-LOFT-NYC.jpg?fit=1700%2C1700&ssl=1\",\"keywords\":[\"Ami Paris\",\"Converse\",\"Etudes Studio\",\"Fragment Design\",\"Karim RASHID\",\"Loft\",\"Look\",\"New York\"],\"articleSection\":[\"A LA UNE\",\"BLOG\",\"DECO-DESIGN\",\"DESIGN\",\"LOOKBOOK\",\"MODE HOMME\"],\"inLanguage\":\"ja\",\"potentialAction\":[{\"@type\":\"CommentAction\",\"name\":\"Comment\",\"target\":[\"https:\/\/joyana.fr\/en\/karim-rashid-loft-in-new-york\/17851\/#respond\"]}]},{\"@type\":\"WebPage\",\"@id\":\"https:\/\/joyana.fr\/en\/karim-rashid-loft-in-new-york\/17851\/\",\"url\":\"https:\/\/joyana.fr\/en\/karim-rashid-loft-in-new-york\/17851\/\",\"name\":\"KARIM RASHID\u2019S LOFT IN NEW YORK | Blog Mode Homme\",\"isPartOf\":{\"@id\":\"https:\/\/joyana.fr\/#website\"},\"primaryImageOfPage\":{\"@id\":\"https:\/\/joyana.fr\/en\/karim-rashid-loft-in-new-york\/17851\/#primaryimage\"},\"image\":{\"@id\":\"https:\/\/joyana.fr\/en\/karim-rashid-loft-in-new-york\/17851\/#primaryimage\"},\"thumbnailUrl\":\"https:\/\/i0.wp.com\/www.joyana.fr\/wp-content\/uploads\/2015\/09\/BLOG_KARIM-RASHID-LOFT-NYC.jpg?fit=1700%2C1700&ssl=1\",\"datePublished\":\"2015-09-28T18:32:15+00:00\",\"description\":\"A l'heure o\u00f9 j'\u00e9cris ces lignes, je suis dans le loft de mon ami Karim Rashid - qui a eu la gentillesse de m'accueillir 5 jours \u00e0 New York*...\",\"breadcrumb\":{\"@id\":\"https:\/\/joyana.fr\/en\/karim-rashid-loft-in-new-york\/17851\/#breadcrumb\"},\"inLanguage\":\"ja\",\"potentialAction\":[{\"@type\":\"ReadAction\",\"target\":[\"https:\/\/joyana.fr\/en\/karim-rashid-loft-in-new-york\/17851\/\"]}]},{\"@type\":\"ImageObject\",\"inLanguage\":\"ja\",\"@id\":\"https:\/\/joyana.fr\/en\/karim-rashid-loft-in-new-york\/17851\/#primaryimage\",\"url\":\"https:\/\/i0.wp.com\/www.joyana.fr\/wp-content\/uploads\/2015\/09\/BLOG_KARIM-RASHID-LOFT-NYC.jpg?fit=1700%2C1700&ssl=1\",\"contentUrl\":\"https:\/\/i0.wp.com\/www.joyana.fr\/wp-content\/uploads\/2015\/09\/BLOG_KARIM-RASHID-LOFT-NYC.jpg?fit=1700%2C1700&ssl=1\",\"width\":1700,\"height\":1700},{\"@type\":\"BreadcrumbList\",\"@id\":\"https:\/\/joyana.fr\/en\/karim-rashid-loft-in-new-york\/17851\/#breadcrumb\",\"itemListElement\":[{\"@type\":\"ListItem\",\"position\":1,\"name\":\"Accueil\",\"item\":\"https:\/\/joyana.fr\/\"},{\"@type\":\"ListItem\",\"position\":2,\"name\":\"KARIM RASHID\u2019S LOFT IN NEW YORK\"}]},{\"@type\":\"WebSite\",\"@id\":\"https:\/\/joyana.fr\/#website\",\"url\":\"https:\/\/joyana.fr\/\",\"name\":\"JO YANA\",\"description\":\"Blog Mode Homme, Lifestyle, D\u00e9co-Design\",\"publisher\":{\"@id\":\"https:\/\/joyana.fr\/#\/schema\/person\/cf2a1ad12a27c12c21801075bf37407c\"},\"potentialAction\":[{\"@type\":\"SearchAction\",\"target\":{\"@type\":\"EntryPoint\",\"urlTemplate\":\"https:\/\/joyana.fr\/?s={search_term_string}\"},\"query-input\":{\"@type\":\"PropertyValueSpecification\",\"valueRequired\":true,\"valueName\":\"search_term_string\"}}],\"inLanguage\":\"ja\"},{\"@type\":[\"Person\",\"Organization\"],\"@id\":\"https:\/\/joyana.fr\/#\/schema\/person\/cf2a1ad12a27c12c21801075bf37407c\",\"name\":\"Jo Yana\",\"image\":{\"@type\":\"ImageObject\",\"inLanguage\":\"ja\",\"@id\":\"https:\/\/joyana.fr\/#\/schema\/person\/image\/\",\"url\":\"https:\/\/i0.wp.com\/www.joyana.fr\/wp-content\/uploads\/2016\/08\/cropped-joyana-logo-black-360x180.png?fit=343%2C164&ssl=1\",\"contentUrl\":\"https:\/\/i0.wp.com\/www.joyana.fr\/wp-content\/uploads\/2016\/08\/cropped-joyana-logo-black-360x180.png?fit=343%2C164&ssl=1\",\"width\":343,\"height\":164,\"caption\":\"Jo Yana\"},\"logo\":{\"@id\":\"https:\/\/joyana.fr\/#\/schema\/person\/image\/\"},\"description\":\"Jo Yana est le cr\u00e9ateur et r\u00e9dacteur en chef des sites DECO-DESIGN. Passionn\u00e9 de Design, Mode, Photo, Luxe, Lifestyle, Musique, mais avant tout Blogueur ! Le plaisir de partager l'anime et a comme devise \\\"POUR L'AMOUR DU BEAU\\\". Retrouvez le aussi sur son blog personnel - https:\/\/joyana.fr...\",\"sameAs\":[\"https:\/\/joyana.fr\/\"],\"url\":\"https:\/\/www.joyana.fr\/ja\/author\/joyana\/\"}]}<\/script>\n<!-- \/ Yoast SEO plugin. -->","yoast_head_json":{"title":"KARIM RASHID\u2019S LOFT IN NEW YORK | Blog Mode Homme","description":"A l'heure o\u00f9 j'\u00e9cris ces lignes, je suis dans le loft de mon ami Karim Rashid - qui a eu la gentillesse de m'accueillir 5 jours \u00e0 New York*...","robots":{"index":"index","follow":"follow","max-snippet":"max-snippet:-1","max-image-preview":"max-image-preview:large","max-video-preview":"max-video-preview:-1"},"canonical":"https:\/\/joyana.fr\/en\/karim-rashid-loft-in-new-york\/17851\/","og_locale":"ja_JP","og_type":"article","og_title":"KARIM RASHID\u2019S LOFT IN NEW YORK | Blog Mode Homme","og_description":"A l'heure o\u00f9 j'\u00e9cris ces lignes, je suis dans le loft de mon ami Karim Rashid - qui a eu la gentillesse de m'accueillir 5 jours \u00e0 New York*...","og_url":"https:\/\/www.joyana.fr\/ja\/karim-rashid-loft-in-new-york\/17851\/","og_site_name":"JO YANA","article_published_time":"2015-09-28T18:32:15+00:00","og_image":[{"width":1700,"height":1700,"url":"https:\/\/joyana.fr\/wp-content\/uploads\/2015\/09\/BLOG_KARIM-RASHID-LOFT-NYC.jpg","type":"image\/jpeg"}],"author":"Jo Yana","twitter_card":"summary_large_image","twitter_creator":"@Jo_Yana","twitter_site":"@Jo_Yana","twitter_misc":{"\u57f7\u7b46\u8005":"Jo Yana","\u63a8\u5b9a\u8aad\u307f\u53d6\u308a\u6642\u9593":"2\u5206"},"schema":{"@context":"https:\/\/schema.org","@graph":[{"@type":"Article","@id":"https:\/\/joyana.fr\/en\/karim-rashid-loft-in-new-york\/17851\/#article","isPartOf":{"@id":"https:\/\/joyana.fr\/en\/karim-rashid-loft-in-new-york\/17851\/"},"author":{"name":"Jo Yana","@id":"https:\/\/joyana.fr\/#\/schema\/person\/cf2a1ad12a27c12c21801075bf37407c"},"headline":"KARIM RASHID\u2019S LOFT IN NEW YORK","datePublished":"2015-09-28T18:32:15+00:00","mainEntityOfPage":{"@id":"https:\/\/joyana.fr\/en\/karim-rashid-loft-in-new-york\/17851\/"},"wordCount":423,"commentCount":0,"publisher":{"@id":"https:\/\/joyana.fr\/#\/schema\/person\/cf2a1ad12a27c12c21801075bf37407c"},"image":{"@id":"https:\/\/joyana.fr\/en\/karim-rashid-loft-in-new-york\/17851\/#primaryimage"},"thumbnailUrl":"https:\/\/i0.wp.com\/www.joyana.fr\/wp-content\/uploads\/2015\/09\/BLOG_KARIM-RASHID-LOFT-NYC.jpg?fit=1700%2C1700&ssl=1","keywords":["Ami Paris","Converse","Etudes Studio","Fragment Design","Karim RASHID","Loft","Look","New York"],"articleSection":["A LA UNE","BLOG","DECO-DESIGN","DESIGN","LOOKBOOK","MODE HOMME"],"inLanguage":"ja","potentialAction":[{"@type":"CommentAction","name":"Comment","target":["https:\/\/joyana.fr\/en\/karim-rashid-loft-in-new-york\/17851\/#respond"]}]},{"@type":"WebPage","@id":"https:\/\/joyana.fr\/en\/karim-rashid-loft-in-new-york\/17851\/","url":"https:\/\/joyana.fr\/en\/karim-rashid-loft-in-new-york\/17851\/","name":"KARIM RASHID\u2019S LOFT IN NEW YORK | Blog Mode Homme","isPartOf":{"@id":"https:\/\/joyana.fr\/#website"},"primaryImageOfPage":{"@id":"https:\/\/joyana.fr\/en\/karim-rashid-loft-in-new-york\/17851\/#primaryimage"},"image":{"@id":"https:\/\/joyana.fr\/en\/karim-rashid-loft-in-new-york\/17851\/#primaryimage"},"thumbnailUrl":"https:\/\/i0.wp.com\/www.joyana.fr\/wp-content\/uploads\/2015\/09\/BLOG_KARIM-RASHID-LOFT-NYC.jpg?fit=1700%2C1700&ssl=1","datePublished":"2015-09-28T18:32:15+00:00","description":"A l'heure o\u00f9 j'\u00e9cris ces lignes, je suis dans le loft de mon ami Karim Rashid - qui a eu la gentillesse de m'accueillir 5 jours \u00e0 New York*...","breadcrumb":{"@id":"https:\/\/joyana.fr\/en\/karim-rashid-loft-in-new-york\/17851\/#breadcrumb"},"inLanguage":"ja","potentialAction":[{"@type":"ReadAction","target":["https:\/\/joyana.fr\/en\/karim-rashid-loft-in-new-york\/17851\/"]}]},{"@type":"ImageObject","inLanguage":"ja","@id":"https:\/\/joyana.fr\/en\/karim-rashid-loft-in-new-york\/17851\/#primaryimage","url":"https:\/\/i0.wp.com\/www.joyana.fr\/wp-content\/uploads\/2015\/09\/BLOG_KARIM-RASHID-LOFT-NYC.jpg?fit=1700%2C1700&ssl=1","contentUrl":"https:\/\/i0.wp.com\/www.joyana.fr\/wp-content\/uploads\/2015\/09\/BLOG_KARIM-RASHID-LOFT-NYC.jpg?fit=1700%2C1700&ssl=1","width":1700,"height":1700},{"@type":"BreadcrumbList","@id":"https:\/\/joyana.fr\/en\/karim-rashid-loft-in-new-york\/17851\/#breadcrumb","itemListElement":[{"@type":"ListItem","position":1,"name":"Accueil","item":"https:\/\/joyana.fr\/"},{"@type":"ListItem","position":2,"name":"KARIM RASHID\u2019S LOFT IN NEW YORK"}]},{"@type":"WebSite","@id":"https:\/\/joyana.fr\/#website","url":"https:\/\/joyana.fr\/","name":"JO YANA","description":"Blog Mode Homme, Lifestyle, D\u00e9co-Design","publisher":{"@id":"https:\/\/joyana.fr\/#\/schema\/person\/cf2a1ad12a27c12c21801075bf37407c"},"potentialAction":[{"@type":"SearchAction","target":{"@type":"EntryPoint","urlTemplate":"https:\/\/joyana.fr\/?s={search_term_string}"},"query-input":{"@type":"PropertyValueSpecification","valueRequired":true,"valueName":"search_term_string"}}],"inLanguage":"ja"},{"@type":["Person","Organization"],"@id":"https:\/\/joyana.fr\/#\/schema\/person\/cf2a1ad12a27c12c21801075bf37407c","name":"Jo Yana","image":{"@type":"ImageObject","inLanguage":"ja","@id":"https:\/\/joyana.fr\/#\/schema\/person\/image\/","url":"https:\/\/i0.wp.com\/www.joyana.fr\/wp-content\/uploads\/2016\/08\/cropped-joyana-logo-black-360x180.png?fit=343%2C164&ssl=1","contentUrl":"https:\/\/i0.wp.com\/www.joyana.fr\/wp-content\/uploads\/2016\/08\/cropped-joyana-logo-black-360x180.png?fit=343%2C164&ssl=1","width":343,"height":164,"caption":"Jo Yana"},"logo":{"@id":"https:\/\/joyana.fr\/#\/schema\/person\/image\/"},"description":"Jo Yana est le cr\u00e9ateur et r\u00e9dacteur en chef des sites DECO-DESIGN. Passionn\u00e9 de Design, Mode, Photo, Luxe, Lifestyle, Musique, mais avant tout Blogueur ! Le plaisir de partager l'anime et a comme devise \"POUR L'AMOUR DU BEAU\". Retrouvez le aussi sur son blog personnel - https:\/\/joyana.fr...","sameAs":["https:\/\/joyana.fr\/"],"url":"https:\/\/www.joyana.fr\/ja\/author\/joyana\/"}]}},"author_meta":{"display_name":"Jo Yana","author_link":"https:\/\/www.joyana.fr\/ja\/author\/joyana\/"},"featured_img":"https:\/\/i0.wp.com\/www.joyana.fr\/wp-content\/uploads\/2015\/09\/BLOG_KARIM-RASHID-LOFT-NYC.jpg?fit=389%2C389&ssl=1","featured_image_src":"https:\/\/i0.wp.com\/www.joyana.fr\/wp-content\/uploads\/2015\/09\/BLOG_KARIM-RASHID-LOFT-NYC.jpg?resize=600%2C400&ssl=1","featured_image_src_square":"https:\/\/i0.wp.com\/www.joyana.fr\/wp-content\/uploads\/2015\/09\/BLOG_KARIM-RASHID-LOFT-NYC.jpg?resize=600%2C600&ssl=1","jetpack_featured_media_url":"https:\/\/i0.wp.com\/www.joyana.fr\/wp-content\/uploads\/2015\/09\/BLOG_KARIM-RASHID-LOFT-NYC.jpg?fit=1700%2C1700&ssl=1","uagb_featured_image_src":{"full":["https:\/\/i0.wp.com\/www.joyana.fr\/wp-content\/uploads\/2015\/09\/BLOG_KARIM-RASHID-LOFT-NYC.jpg?fit=1700%2C1700&ssl=1",1700,1700,false],"thumbnail":["https:\/\/i0.wp.com\/www.joyana.fr\/wp-content\/uploads\/2015\/09\/BLOG_KARIM-RASHID-LOFT-NYC.jpg?resize=150%2C150&ssl=1",150,150,true],"medium":["https:\/\/i0.wp.com\/www.joyana.fr\/wp-content\/uploads\/2015\/09\/BLOG_KARIM-RASHID-LOFT-NYC.jpg?fit=389%2C389&ssl=1",389,389,true],"medium_large":["https:\/\/i0.wp.com\/www.joyana.fr\/wp-content\/uploads\/2015\/09\/BLOG_KARIM-RASHID-LOFT-NYC.jpg?fit=768%2C768&ssl=1",768,768,true],"large":["https:\/\/i0.wp.com\/www.joyana.fr\/wp-content\/uploads\/2015\/09\/BLOG_KARIM-RASHID-LOFT-NYC.jpg?fit=1024%2C1024&ssl=1",1024,1024,true],"1536x1536":["https:\/\/i0.wp.com\/www.joyana.fr\/wp-content\/uploads\/2015\/09\/BLOG_KARIM-RASHID-LOFT-NYC.jpg?fit=1536%2C1536&ssl=1",1536,1536,true],"2048x2048":["https:\/\/i0.wp.com\/www.joyana.fr\/wp-content\/uploads\/2015\/09\/BLOG_KARIM-RASHID-LOFT-NYC.jpg?fit=1700%2C1700&ssl=1",1700,1700,true],"featured-thumb":["https:\/\/i0.wp.com\/www.joyana.fr\/wp-content\/uploads\/2015\/09\/BLOG_KARIM-RASHID-LOFT-NYC.jpg?resize=1700%2C750&ssl=1",1700,750,true],"ab-block-post-grid-landscape":["https:\/\/i0.wp.com\/www.joyana.fr\/wp-content\/uploads\/2015\/09\/BLOG_KARIM-RASHID-LOFT-NYC.jpg?resize=600%2C400&ssl=1",600,400,true],"ab-block-post-grid-square":["https:\/\/i0.wp.com\/www.joyana.fr\/wp-content\/uploads\/2015\/09\/BLOG_KARIM-RASHID-LOFT-NYC.jpg?resize=600%2C600&ssl=1",600,600,true],"author-pro-image":["https:\/\/i0.wp.com\/www.joyana.fr\/wp-content\/uploads\/2015\/09\/BLOG_KARIM-RASHID-LOFT-NYC.jpg?resize=360%2C570&ssl=1",360,570,true],"slider":["https:\/\/i0.wp.com\/www.joyana.fr\/wp-content\/uploads\/2015\/09\/BLOG_KARIM-RASHID-LOFT-NYC.jpg?resize=920%2C400&ssl=1",920,400,true],"woocommerce_thumbnail":["https:\/\/i0.wp.com\/www.joyana.fr\/wp-content\/uploads\/2015\/09\/BLOG_KARIM-RASHID-LOFT-NYC.jpg?resize=450%2C450&ssl=1",450,450,true],"woocommerce_single":["https:\/\/i0.wp.com\/www.joyana.fr\/wp-content\/uploads\/2015\/09\/BLOG_KARIM-RASHID-LOFT-NYC.jpg?fit=920%2C920&ssl=1",920,920,true],"woocommerce_gallery_thumbnail":["https:\/\/i0.wp.com\/www.joyana.fr\/wp-content\/uploads\/2015\/09\/BLOG_KARIM-RASHID-LOFT-NYC.jpg?resize=180%2C180&ssl=1",180,180,true],"sow-carousel-default":["https:\/\/i0.wp.com\/www.joyana.fr\/wp-content\/uploads\/2015\/09\/BLOG_KARIM-RASHID-LOFT-NYC.jpg?resize=272%2C182&ssl=1",272,182,true]},"uagb_author_info":{"display_name":"Jo Yana","author_link":"https:\/\/www.joyana.fr\/ja\/author\/joyana\/"},"uagb_comment_info":3,"uagb_excerpt":"A l'heure o\u00f9 j'\u00e9cris ces lignes, je suis dans le loft d&hellip;","coauthors":[],"tax_additional":{"categories":{"linked":["<a href=\"https:\/\/www.joyana.fr\/ja\/category\/blog\/news\/\" class=\"advgb-post-tax-term\">A LA UNE<\/a>","<a href=\"https:\/\/www.joyana.fr\/ja\/category\/blog\/\" class=\"advgb-post-tax-term\">BLOG<\/a>","<a href=\"https:\/\/www.joyana.fr\/ja\/category\/deco-design\/\" class=\"advgb-post-tax-term\">DECO-DESIGN<\/a>","<a href=\"https:\/\/www.joyana.fr\/ja\/category\/blog\/design-jo\/\" class=\"advgb-post-tax-term\">DESIGN<\/a>","<a href=\"https:\/\/www.joyana.fr\/ja\/category\/blog\/lookbook\/\" class=\"advgb-post-tax-term\">LOOKBOOK<\/a>","<a href=\"https:\/\/www.joyana.fr\/ja\/category\/blog\/mode-homme\/\" class=\"advgb-post-tax-term\">MODE HOMME<\/a>"],"unlinked":["<span class=\"advgb-post-tax-term\">A LA UNE<\/span>","<span class=\"advgb-post-tax-term\">BLOG<\/span>","<span class=\"advgb-post-tax-term\">DECO-DESIGN<\/span>","<span class=\"advgb-post-tax-term\">DESIGN<\/span>","<span class=\"advgb-post-tax-term\">LOOKBOOK<\/span>","<span class=\"advgb-post-tax-term\">MODE HOMME<\/span>"]},"tags":{"linked":["<a href=\"https:\/\/www.joyana.fr\/ja\/category\/blog\/mode-homme\/\" class=\"advgb-post-tax-term\">Ami Paris<\/a>","<a href=\"https:\/\/www.joyana.fr\/ja\/category\/blog\/mode-homme\/\" class=\"advgb-post-tax-term\">Converse<\/a>","<a href=\"https:\/\/www.joyana.fr\/ja\/category\/blog\/mode-homme\/\" class=\"advgb-post-tax-term\">Etudes Studio<\/a>","<a href=\"https:\/\/www.joyana.fr\/ja\/category\/blog\/mode-homme\/\" class=\"advgb-post-tax-term\">Fragment Design<\/a>","<a href=\"https:\/\/www.joyana.fr\/ja\/category\/blog\/mode-homme\/\" class=\"advgb-post-tax-term\">Karim RASHID<\/a>","<a href=\"https:\/\/www.joyana.fr\/ja\/category\/blog\/mode-homme\/\" class=\"advgb-post-tax-term\">Loft<\/a>","<a href=\"https:\/\/www.joyana.fr\/ja\/category\/blog\/mode-homme\/\" class=\"advgb-post-tax-term\">Look<\/a>","<a href=\"https:\/\/www.joyana.fr\/ja\/category\/blog\/mode-homme\/\" class=\"advgb-post-tax-term\">New York<\/a>"],"unlinked":["<span class=\"advgb-post-tax-term\">Ami Paris<\/span>","<span class=\"advgb-post-tax-term\">Converse<\/span>","<span class=\"advgb-post-tax-term\">Etudes Studio<\/span>","<span class=\"advgb-post-tax-term\">Fragment Design<\/span>","<span class=\"advgb-post-tax-term\">Karim RASHID<\/span>","<span class=\"advgb-post-tax-term\">Loft<\/span>","<span class=\"advgb-post-tax-term\">Look<\/span>","<span class=\"advgb-post-tax-term\">New York<\/span>"]}},"comment_count":0,"relative_dates":{"created":"Posted 11\u5e74 ago","modified":"Updated 11\u5e74 ago"},"absolute_dates":{"created":"Posted on 28 9\u6708 2015","modified":"Updated on 28 9\u6708 2015"},"absolute_dates_time":{"created":"Posted on 28 9\u6708 2015 20:32","modified":"Updated on 28 9\u6708 2015 20:32"},"featured_img_caption":"","series_order":"","jetpack_sharing_enabled":true,"jetpack_shortlink":"https:\/\/wp.me\/p9bteI-4DV","jetpack-related-posts":[],"_links":{"self":[{"href":"https:\/\/www.joyana.fr\/ja\/wp-json\/wp\/v2\/posts\/17851","targetHints":{"allow":["GET"]}}],"collection":[{"href":"https:\/\/www.joyana.fr\/ja\/wp-json\/wp\/v2\/posts"}],"about":[{"href":"https:\/\/www.joyana.fr\/ja\/wp-json\/wp\/v2\/types\/post"}],"author":[{"embeddable":true,"href":"https:\/\/www.joyana.fr\/ja\/wp-json\/wp\/v2\/users\/3"}],"replies":[{"embeddable":true,"href":"https:\/\/www.joyana.fr\/ja\/wp-json\/wp\/v2\/comments?post=17851"}],"version-history":[{"count":0,"href":"https:\/\/www.joyana.fr\/ja\/wp-json\/wp\/v2\/posts\/17851\/revisions"}],"wp:featuredmedia":[{"embeddable":true,"href":"https:\/\/www.joyana.fr\/ja\/wp-json\/wp\/v2\/media\/17861"}],"wp:attachment":[{"href":"https:\/\/www.joyana.fr\/ja\/wp-json\/wp\/v2\/media?parent=17851"}],"wp:term":[{"taxonomy":"category","embeddable":true,"href":"https:\/\/www.joyana.fr\/ja\/wp-json\/wp\/v2\/categories?post=17851"},{"taxonomy":"post_tag","embeddable":true,"href":"https:\/\/www.joyana.fr\/ja\/wp-json\/wp\/v2\/tags?post=17851"}],"curies":[{"name":"wp","href":"https:\/\/api.w.org\/{rel}","templated":true}]}}