{"id":125644,"date":"2017-10-22T23:41:26","date_gmt":"2017-10-22T22:41:26","guid":{"rendered":"https:\/\/joyana.fr\/?p=125644"},"modified":"2017-10-23T17:31:52","modified_gmt":"2017-10-23T16:31:52","slug":"lunettes-zeiss-verres-adaptes-vie-digitale","status":"publish","type":"post","link":"https:\/\/www.joyana.fr\/ja\/lunettes-zeiss-verres-adaptes-vie-digitale\/125644\/","title":{"rendered":"ZEISS les verres adapt\u00e9s \u00e0 la vie digitale"},"content":{"rendered":"<p style=\"text-align: justify;\">Si vous suivez ce blog depuis 10 ans (et oui bient\u00f4t!), vous savez que j&#8217;ai toujours port\u00e9 des <a href=\"https:\/\/joyana.fr\/tag\/lunettes\/\">lunettes<\/a>, et que toutes mes photos ont \u00e9t\u00e9 r\u00e9alis\u00e9es avec des objectifs ZEISS. Je ne pouvais qu&#8217;\u00eatre ravi lorsque la marque allemande m&#8217;a contact\u00e9 pour tester ses verres ZEISS DriveSafe trait\u00e9s DuraVision\u00ae BlueProtect &#8211; qui s&#8217;adapteront parfaitement aux besoins de ma vie digitale&#8230;<\/p>\n<p><!--more--><\/p>\n<p><img data-recalc-dims=\"1\" fetchpriority=\"high\" decoding=\"async\" data-attachment-id=\"125650\" data-permalink=\"https:\/\/www.joyana.fr\/ja\/lunettes-zeiss-verres-adaptes-vie-digitale\/125644\/verres-zeiss-jo-yana-2\/\" data-orig-file=\"https:\/\/i0.wp.com\/www.joyana.fr\/wp-content\/uploads\/2017\/09\/VERRES-ZEISS-JO-YANA-1.jpg?fit=1700%2C1700&amp;ssl=1\" data-orig-size=\"1700,1700\" data-comments-opened=\"1\" data-image-meta=\"{&quot;aperture&quot;:&quot;0&quot;,&quot;credit&quot;:&quot;&quot;,&quot;camera&quot;:&quot;&quot;,&quot;caption&quot;:&quot;&quot;,&quot;created_timestamp&quot;:&quot;0&quot;,&quot;copyright&quot;:&quot;&quot;,&quot;focal_length&quot;:&quot;0&quot;,&quot;iso&quot;:&quot;0&quot;,&quot;shutter_speed&quot;:&quot;0&quot;,&quot;title&quot;:&quot;&quot;,&quot;orientation&quot;:&quot;0&quot;}\" data-image-title=\"VERRES-ZEISS-JO-YANA\" data-image-description=\"\" data-image-caption=\"\" data-medium-file=\"https:\/\/i0.wp.com\/www.joyana.fr\/wp-content\/uploads\/2017\/09\/VERRES-ZEISS-JO-YANA-1.jpg?fit=389%2C389&amp;ssl=1\" data-large-file=\"https:\/\/i0.wp.com\/www.joyana.fr\/wp-content\/uploads\/2017\/09\/VERRES-ZEISS-JO-YANA-1.jpg?fit=1024%2C1024&amp;ssl=1\" class=\"alignnone size-full wp-image-125650\" src=\"https:\/\/i0.wp.com\/joyana.fr\/wp-content\/uploads\/2017\/09\/VERRES-ZEISS-JO-YANA-1.jpg?resize=1700%2C1700&#038;ssl=1\" alt=\"ZEISS les verres adapt\u00e9s \u00e0 la vie digitale\" width=\"1700\" height=\"1700\" srcset=\"https:\/\/i0.wp.com\/www.joyana.fr\/wp-content\/uploads\/2017\/09\/VERRES-ZEISS-JO-YANA-1.jpg?w=1700&amp;ssl=1 1700w, https:\/\/i0.wp.com\/www.joyana.fr\/wp-content\/uploads\/2017\/09\/VERRES-ZEISS-JO-YANA-1.jpg?resize=300%2C300&amp;ssl=1 300w, https:\/\/i0.wp.com\/www.joyana.fr\/wp-content\/uploads\/2017\/09\/VERRES-ZEISS-JO-YANA-1.jpg?resize=100%2C100&amp;ssl=1 100w, https:\/\/i0.wp.com\/www.joyana.fr\/wp-content\/uploads\/2017\/09\/VERRES-ZEISS-JO-YANA-1.jpg?resize=600%2C600&amp;ssl=1 600w\" sizes=\"(max-width: 1000px) 100vw, 1000px\" \/><\/p>\n<p style=\"text-align: justify;\">Mais justement quels sont mes besoins aujourd&#8217;hui ? J&#8217;ai toujours \u00e9t\u00e9 tr\u00e8s bien \u00e9quip\u00e9 en lunettes, mais mes contraintes du quotidien ont \u00e9volu\u00e9&#8230; Je passe plus de 15 heures par jour devant des \u00e9crans, la lumi\u00e8re bleue devient de plus en plus fatigante&#8230; Je suis un maniaque de l&#8217;image, donc je veux le meilleur contraste possible&#8230; Et pour finir je suis un conducteur qui a beaucoup de mal \u00e0 rouler de nuit, car \u00e9bloui par les phares de voitures&#8230;<\/p>\n<h2 style=\"text-align: center;\"><span style=\"color: #ff99cc;\">La technologie ZEISS<\/span><\/h2>\n<p style=\"text-align: justify;\">Rendez-vous chez un opticien professionnel &#8211; <a href=\"http:\/\/www.lecaribou-opticiens.fr\">Le Caribou Opticiens \u00e0 Paris<\/a>, qui a le mat\u00e9riel de mesure adapt\u00e9 pour r\u00e9aliser ce genre de verres. En effet, la fabrication de verres ZEISS implique de faire une mesure num\u00e9rique tr\u00e8s pr\u00e9cise de vos yeux.\u00a0Contrairement aux mesures standards, la technologie de la colonne i.Terminal 2 de ZEISS permet de prendre les mesures au 1\/10 mm. \u2028Ecarts inter-pupillaires, c\u00f4tes de la monture, distance verre-\u0153il, inclinaison naturelle de la t\u00eate vont \u00eatre mesur\u00e9s et int\u00e9gr\u00e9s dans la calcul des verres de lunettes qui seront fabriqu\u00e9s au micron pr\u00eat.\u00a0Ces verres sont fabriqu\u00e9s en France sur le site de Foug\u00e8res&#8230;<\/p>\n<p><img data-recalc-dims=\"1\" decoding=\"async\" data-attachment-id=\"125649\" data-permalink=\"https:\/\/www.joyana.fr\/ja\/lunettes-zeiss-verres-adaptes-vie-digitale\/125644\/verres-zeiss-jo-yana_4\/\" data-orig-file=\"https:\/\/i0.wp.com\/www.joyana.fr\/wp-content\/uploads\/2017\/09\/VERRES-ZEISS-JO-YANA_4.jpg?fit=1700%2C1700&amp;ssl=1\" data-orig-size=\"1700,1700\" data-comments-opened=\"1\" data-image-meta=\"{&quot;aperture&quot;:&quot;0&quot;,&quot;credit&quot;:&quot;&quot;,&quot;camera&quot;:&quot;&quot;,&quot;caption&quot;:&quot;&quot;,&quot;created_timestamp&quot;:&quot;0&quot;,&quot;copyright&quot;:&quot;&quot;,&quot;focal_length&quot;:&quot;0&quot;,&quot;iso&quot;:&quot;0&quot;,&quot;shutter_speed&quot;:&quot;0&quot;,&quot;title&quot;:&quot;&quot;,&quot;orientation&quot;:&quot;0&quot;}\" data-image-title=\"VERRES-ZEISS-JO-YANA_4\" data-image-description=\"\" data-image-caption=\"\" data-medium-file=\"https:\/\/i0.wp.com\/www.joyana.fr\/wp-content\/uploads\/2017\/09\/VERRES-ZEISS-JO-YANA_4.jpg?fit=389%2C389&amp;ssl=1\" data-large-file=\"https:\/\/i0.wp.com\/www.joyana.fr\/wp-content\/uploads\/2017\/09\/VERRES-ZEISS-JO-YANA_4.jpg?fit=1024%2C1024&amp;ssl=1\" class=\"alignnone size-full wp-image-125649\" src=\"https:\/\/i0.wp.com\/joyana.fr\/wp-content\/uploads\/2017\/09\/VERRES-ZEISS-JO-YANA_4.jpg?resize=1700%2C1700&#038;ssl=1\" alt=\"ZEISS les verres adapt\u00e9s \u00e0 la vie digitale\" width=\"1700\" height=\"1700\" srcset=\"https:\/\/i0.wp.com\/www.joyana.fr\/wp-content\/uploads\/2017\/09\/VERRES-ZEISS-JO-YANA_4.jpg?w=1700&amp;ssl=1 1700w, https:\/\/i0.wp.com\/www.joyana.fr\/wp-content\/uploads\/2017\/09\/VERRES-ZEISS-JO-YANA_4.jpg?resize=300%2C300&amp;ssl=1 300w, https:\/\/i0.wp.com\/www.joyana.fr\/wp-content\/uploads\/2017\/09\/VERRES-ZEISS-JO-YANA_4.jpg?resize=100%2C100&amp;ssl=1 100w, https:\/\/i0.wp.com\/www.joyana.fr\/wp-content\/uploads\/2017\/09\/VERRES-ZEISS-JO-YANA_4.jpg?resize=600%2C600&amp;ssl=1 600w\" sizes=\"(max-width: 1000px) 100vw, 1000px\" \/><\/p>\n<p style=\"text-align: justify;\">Pour rappel, ZEISS est une entreprise sp\u00e9cialis\u00e9e en optique de pr\u00e9cision depuis toujours ! Connue du public pour ses objectifs photographiques haut de gamme (par moi aussi ^^), elle est en fait compos\u00e9e de six divisions : microscopie, semi-conducteurs, m\u00e9trologie, optronique, chirurgie (instruments et IOL), et ce qui nous int\u00e9resse ici, la vision&#8230;<\/p>\n<p style=\"text-align: justify;\">J&#8217;ai donc expliqu\u00e9 mes diff\u00e9rents besoins (cit\u00e9s plus haut) \u00e0 l&#8217;\u00e9quipe ZEISS, et c&#8217;est naturellement qu&#8217;ils m&#8217;ont aiguill\u00e9 vers des verres de lunettes <a href=\"http:\/\/www.zeiss.fr\/vision-care\/fr_fr\/products-services\/verres-de-lunettes\/verres_drivesafe.html\">DriveSafe<\/a> avec la technologie ZEISS DuraVision BlueProtect &#8211; adapt\u00e9s sur mesure \u00e0 mes yeux, pour une vision plus claire et plus nette, avec davantage de contrastes, et b\u00e9n\u00e9ficier d&#8217;une vision plus pr\u00e9cise, notamment la nuit au volant pour un effet anti-\u00e9blouissements&#8230;\u00a0les verres ZEISS DriveSafe sont des verres de tous les jours optimis\u00e9s pour la conduite\u00a0(des verres qui permettent d\u2019att\u00e9nuer les halos lumineux des phares par exemple)&#8230;<\/p>\n<p style=\"text-align: justify;\">Un l\u00e9ger traitement anti lumi\u00e8re bleue <i>\u00ab\u00a0<a href=\"http:\/\/www.zeiss.fr\/vision-care\/fr_fr\/zeiss-products\/duravision-blueprotect.html\">ZEISS DuraVision\u00ae BlueProtect<\/a><\/i><i>\u00a0<\/i><i>\u00bb<\/i>\u00a0<a href=\"https:\/\/www.zeiss.fr\/vision-care\/fr_fr\/better-vision\/digital-adapt.html\">Digital Adapt<\/a>, est rajout\u00e9, pour que mes yeux ne soient pas trop agress\u00e9s au quotidien par mes \u00e9crans. Je dis l\u00e9ger, car j&#8217;avais pu d\u00e9j\u00e0 voir des verres anti lumi\u00e8re bleue, et le blanc devenait jaune lorsque vous regardiez avec&#8230; En tant que photographe, je ne pouvais pas me permettre une telle d\u00e9formation des couleurs !<\/p>\n<p><img data-recalc-dims=\"1\" decoding=\"async\" data-attachment-id=\"125647\" data-permalink=\"https:\/\/www.joyana.fr\/ja\/lunettes-zeiss-verres-adaptes-vie-digitale\/125644\/verres-zeiss-jo-yana_2\/\" data-orig-file=\"https:\/\/i0.wp.com\/www.joyana.fr\/wp-content\/uploads\/2017\/09\/VERRES-ZEISS-JO-YANA_2.jpg?fit=1700%2C1700&amp;ssl=1\" data-orig-size=\"1700,1700\" data-comments-opened=\"1\" data-image-meta=\"{&quot;aperture&quot;:&quot;0&quot;,&quot;credit&quot;:&quot;&quot;,&quot;camera&quot;:&quot;&quot;,&quot;caption&quot;:&quot;&quot;,&quot;created_timestamp&quot;:&quot;0&quot;,&quot;copyright&quot;:&quot;&quot;,&quot;focal_length&quot;:&quot;0&quot;,&quot;iso&quot;:&quot;0&quot;,&quot;shutter_speed&quot;:&quot;0&quot;,&quot;title&quot;:&quot;&quot;,&quot;orientation&quot;:&quot;0&quot;}\" data-image-title=\"VERRES-ZEISS-JO-YANA_2\" data-image-description=\"\" data-image-caption=\"\" data-medium-file=\"https:\/\/i0.wp.com\/www.joyana.fr\/wp-content\/uploads\/2017\/09\/VERRES-ZEISS-JO-YANA_2.jpg?fit=389%2C389&amp;ssl=1\" data-large-file=\"https:\/\/i0.wp.com\/www.joyana.fr\/wp-content\/uploads\/2017\/09\/VERRES-ZEISS-JO-YANA_2.jpg?fit=1024%2C1024&amp;ssl=1\" class=\"alignnone size-full wp-image-125647\" src=\"https:\/\/i0.wp.com\/joyana.fr\/wp-content\/uploads\/2017\/09\/VERRES-ZEISS-JO-YANA_2.jpg?resize=1700%2C1700&#038;ssl=1\" alt=\"ZEISS les verres technologiques i.Scription\" width=\"1700\" height=\"1700\" srcset=\"https:\/\/i0.wp.com\/www.joyana.fr\/wp-content\/uploads\/2017\/09\/VERRES-ZEISS-JO-YANA_2.jpg?w=1700&amp;ssl=1 1700w, https:\/\/i0.wp.com\/www.joyana.fr\/wp-content\/uploads\/2017\/09\/VERRES-ZEISS-JO-YANA_2.jpg?resize=300%2C300&amp;ssl=1 300w, https:\/\/i0.wp.com\/www.joyana.fr\/wp-content\/uploads\/2017\/09\/VERRES-ZEISS-JO-YANA_2.jpg?resize=100%2C100&amp;ssl=1 100w, https:\/\/i0.wp.com\/www.joyana.fr\/wp-content\/uploads\/2017\/09\/VERRES-ZEISS-JO-YANA_2.jpg?resize=600%2C600&amp;ssl=1 600w\" sizes=\"(max-width: 1000px) 100vw, 1000px\" \/><\/p>\n<pre style=\"text-align: center;\"><em>chemise col mao <a href=\"http:\/\/bit.ly\/2wWUc3m\">ASOS<\/a><\/em><\/pre>\n<p><span style=\"color: #ffffff;\">.<\/span><\/p>\n<p style=\"text-align: justify;\">Apr\u00e8s avoir choisi cette superbe monture \u00e0 clip LEISURE SOCIETY &#8211; marque am\u00e9ricaine qui fait fabriquer ses lunettes au Japon &#8211; mes verres sur-mesure ZEISS ont \u00e9t\u00e9 mont\u00e9s par l&#8217;opticien&#8230;<\/p>\n<p style=\"text-align: justify;\">D\u00e8s r\u00e9ception au premier essayage, l&#8217;adaptation aux verres est imm\u00e9diate ! Je compare avec mes verres pr\u00e9c\u00e9dents (d\u00e9j\u00e0 tr\u00e8s bons), la nettet\u00e9 et les contrastes sont renforc\u00e9s, et le traitement anti lumi\u00e8re bleue ne modifie pas les couleurs ! J&#8217;ai voulu laisser passer quelques mois d&#8217;utilisation pour \u00e9crire cet article, et je dois vous avouer que parmi ma collection de paires de lunettes, au quotidien je ne porte plus que celles la !<\/p>\n<p style=\"text-align: justify;\">Le confort est optimal, je ressens vraiment une baisse de ma fatigue visuelle apr\u00e8s mes longues journ\u00e9es&#8230; Mes 15 heures d&#8217;\u00e9crans quotidien deviennent plus agr\u00e9ables, et je me sens en meilleure forme arriv\u00e9 le soir&#8230;<\/p>\n<p><img data-recalc-dims=\"1\" loading=\"lazy\" decoding=\"async\" data-attachment-id=\"125648\" data-permalink=\"https:\/\/www.joyana.fr\/ja\/lunettes-zeiss-verres-adaptes-vie-digitale\/125644\/verres-zeiss-jo-yana_3\/\" data-orig-file=\"https:\/\/i0.wp.com\/www.joyana.fr\/wp-content\/uploads\/2017\/09\/VERRES-ZEISS-JO-YANA_3.jpg?fit=1700%2C1700&amp;ssl=1\" data-orig-size=\"1700,1700\" data-comments-opened=\"1\" data-image-meta=\"{&quot;aperture&quot;:&quot;0&quot;,&quot;credit&quot;:&quot;&quot;,&quot;camera&quot;:&quot;&quot;,&quot;caption&quot;:&quot;&quot;,&quot;created_timestamp&quot;:&quot;0&quot;,&quot;copyright&quot;:&quot;&quot;,&quot;focal_length&quot;:&quot;0&quot;,&quot;iso&quot;:&quot;0&quot;,&quot;shutter_speed&quot;:&quot;0&quot;,&quot;title&quot;:&quot;&quot;,&quot;orientation&quot;:&quot;0&quot;}\" data-image-title=\"VERRES-ZEISS-JO-YANA_3\" data-image-description=\"\" data-image-caption=\"\" data-medium-file=\"https:\/\/i0.wp.com\/www.joyana.fr\/wp-content\/uploads\/2017\/09\/VERRES-ZEISS-JO-YANA_3.jpg?fit=389%2C389&amp;ssl=1\" data-large-file=\"https:\/\/i0.wp.com\/www.joyana.fr\/wp-content\/uploads\/2017\/09\/VERRES-ZEISS-JO-YANA_3.jpg?fit=1024%2C1024&amp;ssl=1\" class=\"alignnone size-full wp-image-125648\" src=\"https:\/\/i0.wp.com\/joyana.fr\/wp-content\/uploads\/2017\/09\/VERRES-ZEISS-JO-YANA_3.jpg?resize=1700%2C1700&#038;ssl=1\" alt=\"ZEISS les verres technologiques i.Scription\" width=\"1700\" height=\"1700\" srcset=\"https:\/\/i0.wp.com\/www.joyana.fr\/wp-content\/uploads\/2017\/09\/VERRES-ZEISS-JO-YANA_3.jpg?w=1700&amp;ssl=1 1700w, https:\/\/i0.wp.com\/www.joyana.fr\/wp-content\/uploads\/2017\/09\/VERRES-ZEISS-JO-YANA_3.jpg?resize=300%2C300&amp;ssl=1 300w, https:\/\/i0.wp.com\/www.joyana.fr\/wp-content\/uploads\/2017\/09\/VERRES-ZEISS-JO-YANA_3.jpg?resize=100%2C100&amp;ssl=1 100w, https:\/\/i0.wp.com\/www.joyana.fr\/wp-content\/uploads\/2017\/09\/VERRES-ZEISS-JO-YANA_3.jpg?resize=600%2C600&amp;ssl=1 600w\" sizes=\"(max-width: 1000px) 100vw, 1000px\" \/><\/p>\n<p style=\"text-align: justify;\">Petit apart\u00e9 lunettes &#8211; regardez moi ce martelage \u00e0 la main de la monture. Merci la finesse japonaise, c&#8217;est de toute beaut\u00e9 !!!<\/p>\n<p><img data-recalc-dims=\"1\" loading=\"lazy\" decoding=\"async\" data-attachment-id=\"125651\" data-permalink=\"https:\/\/www.joyana.fr\/ja\/lunettes-zeiss-verres-adaptes-vie-digitale\/125644\/verres_zeiss_joyana_zoom-2\/\" data-orig-file=\"https:\/\/i0.wp.com\/www.joyana.fr\/wp-content\/uploads\/2017\/09\/VERRES_ZEISS_JOYANA_ZOOM-1.jpg?fit=1700%2C1700&amp;ssl=1\" data-orig-size=\"1700,1700\" data-comments-opened=\"1\" data-image-meta=\"{&quot;aperture&quot;:&quot;0&quot;,&quot;credit&quot;:&quot;&quot;,&quot;camera&quot;:&quot;&quot;,&quot;caption&quot;:&quot;&quot;,&quot;created_timestamp&quot;:&quot;1388052995&quot;,&quot;copyright&quot;:&quot;&quot;,&quot;focal_length&quot;:&quot;0&quot;,&quot;iso&quot;:&quot;0&quot;,&quot;shutter_speed&quot;:&quot;0&quot;,&quot;title&quot;:&quot;&quot;,&quot;orientation&quot;:&quot;1&quot;}\" data-image-title=\"VERRES_ZEISS_JOYANA_ZOOM\" data-image-description=\"\" data-image-caption=\"\" data-medium-file=\"https:\/\/i0.wp.com\/www.joyana.fr\/wp-content\/uploads\/2017\/09\/VERRES_ZEISS_JOYANA_ZOOM-1.jpg?fit=389%2C389&amp;ssl=1\" data-large-file=\"https:\/\/i0.wp.com\/www.joyana.fr\/wp-content\/uploads\/2017\/09\/VERRES_ZEISS_JOYANA_ZOOM-1.jpg?fit=1024%2C1024&amp;ssl=1\" class=\"alignnone size-full wp-image-125651\" src=\"https:\/\/i0.wp.com\/joyana.fr\/wp-content\/uploads\/2017\/09\/VERRES_ZEISS_JOYANA_ZOOM-1.jpg?resize=1700%2C1700&#038;ssl=1\" alt=\"\" width=\"1700\" height=\"1700\" srcset=\"https:\/\/i0.wp.com\/www.joyana.fr\/wp-content\/uploads\/2017\/09\/VERRES_ZEISS_JOYANA_ZOOM-1.jpg?w=1700&amp;ssl=1 1700w, https:\/\/i0.wp.com\/www.joyana.fr\/wp-content\/uploads\/2017\/09\/VERRES_ZEISS_JOYANA_ZOOM-1.jpg?resize=389%2C389&amp;ssl=1 389w, https:\/\/i0.wp.com\/www.joyana.fr\/wp-content\/uploads\/2017\/09\/VERRES_ZEISS_JOYANA_ZOOM-1.jpg?resize=1024%2C1024&amp;ssl=1 1024w, https:\/\/i0.wp.com\/www.joyana.fr\/wp-content\/uploads\/2017\/09\/VERRES_ZEISS_JOYANA_ZOOM-1.jpg?resize=150%2C150&amp;ssl=1 150w, https:\/\/i0.wp.com\/www.joyana.fr\/wp-content\/uploads\/2017\/09\/VERRES_ZEISS_JOYANA_ZOOM-1.jpg?resize=768%2C768&amp;ssl=1 768w, https:\/\/i0.wp.com\/www.joyana.fr\/wp-content\/uploads\/2017\/09\/VERRES_ZEISS_JOYANA_ZOOM-1.jpg?resize=1536%2C1536&amp;ssl=1 1536w, https:\/\/i0.wp.com\/www.joyana.fr\/wp-content\/uploads\/2017\/09\/VERRES_ZEISS_JOYANA_ZOOM-1.jpg?resize=600%2C600&amp;ssl=1 600w, https:\/\/i0.wp.com\/www.joyana.fr\/wp-content\/uploads\/2017\/09\/VERRES_ZEISS_JOYANA_ZOOM-1.jpg?resize=450%2C450&amp;ssl=1 450w, https:\/\/i0.wp.com\/www.joyana.fr\/wp-content\/uploads\/2017\/09\/VERRES_ZEISS_JOYANA_ZOOM-1.jpg?resize=920%2C920&amp;ssl=1 920w, https:\/\/i0.wp.com\/www.joyana.fr\/wp-content\/uploads\/2017\/09\/VERRES_ZEISS_JOYANA_ZOOM-1.jpg?resize=180%2C180&amp;ssl=1 180w, https:\/\/i0.wp.com\/www.joyana.fr\/wp-content\/uploads\/2017\/09\/VERRES_ZEISS_JOYANA_ZOOM-1.jpg?resize=300%2C300&amp;ssl=1 300w, https:\/\/i0.wp.com\/www.joyana.fr\/wp-content\/uploads\/2017\/09\/VERRES_ZEISS_JOYANA_ZOOM-1.jpg?resize=100%2C100&amp;ssl=1 100w\" sizes=\"(max-width: 1000px) 100vw, 1000px\" \/><\/p>\n<p style=\"text-align: center;\">En savoir + sur la technologie <strong><a href=\"https:\/\/www.zeiss.fr\/vision-care\/fr_fr\/products-services\/verres-de-lunettes\/verres_drivesafe.html\">ZEISS Drive Safe<\/a><\/strong><\/p>\n","protected":false},"excerpt":{"rendered":"<p>ZEISS m&#8217;a contact\u00e9 pour tester ses verres de lunettes technologiques Drive Safe et DuraVision BlueProtect &#8211; qui s&#8217;adapteront \u00e0 ma vie digitale&#8230;<\/p>\n","protected":false},"author":3,"featured_media":125651,"comment_status":"open","ping_status":"open","sticky":false,"template":"","format":"standard","meta":{"_coblocks_attr":"","_coblocks_dimensions":"","_coblocks_responsive_height":"","_coblocks_accordion_ie_support":"","_uag_custom_page_level_css":"","advgb_blocks_editor_width":"","advgb_blocks_columns_visual_guide":"","_genesis_hide_title":false,"_genesis_hide_breadcrumbs":false,"_genesis_hide_singular_image":false,"_genesis_hide_footer_widgets":false,"_genesis_custom_body_class":"","_genesis_custom_post_class":"","_genesis_layout":"","_themeisle_gutenberg_block_has_review":false,"_jetpack_newsletter_access":"","_jetpack_dont_email_post_to_subs":false,"_jetpack_newsletter_tier_id":0,"_jetpack_memberships_contains_paywalled_content":false,"_jetpack_memberships_contains_paid_content":false,"footnotes":""},"categories":[80,21,16],"tags":[599,160,2409,2408,64,2407],"class_list":{"0":"post-125644","1":"post","2":"type-post","3":"status-publish","4":"format-standard","5":"has-post-thumbnail","7":"category-news","8":"category-lifestyle","9":"category-mode-homme","10":"tag-carl-zeiss","11":"tag-chemise","12":"tag-le-caribou-opticiens","13":"tag-leisure-society","14":"tag-lunettes","15":"tag-zeiss","16":"entry"},"featured_image_urls":{"full":["https:\/\/i0.wp.com\/www.joyana.fr\/wp-content\/uploads\/2017\/09\/VERRES_ZEISS_JOYANA_ZOOM-1.jpg?fit=1700%2C1700&ssl=1",1700,1700,false],"thumbnail":["https:\/\/i0.wp.com\/www.joyana.fr\/wp-content\/uploads\/2017\/09\/VERRES_ZEISS_JOYANA_ZOOM-1.jpg?resize=150%2C150&ssl=1",150,150,true],"medium":["https:\/\/i0.wp.com\/www.joyana.fr\/wp-content\/uploads\/2017\/09\/VERRES_ZEISS_JOYANA_ZOOM-1.jpg?fit=389%2C389&ssl=1",389,389,true],"medium_large":["https:\/\/i0.wp.com\/www.joyana.fr\/wp-content\/uploads\/2017\/09\/VERRES_ZEISS_JOYANA_ZOOM-1.jpg?fit=768%2C768&ssl=1",768,768,true],"large":["https:\/\/i0.wp.com\/www.joyana.fr\/wp-content\/uploads\/2017\/09\/VERRES_ZEISS_JOYANA_ZOOM-1.jpg?fit=1024%2C1024&ssl=1",1024,1024,true],"1536x1536":["https:\/\/i0.wp.com\/www.joyana.fr\/wp-content\/uploads\/2017\/09\/VERRES_ZEISS_JOYANA_ZOOM-1.jpg?fit=1536%2C1536&ssl=1",1536,1536,true],"2048x2048":["https:\/\/i0.wp.com\/www.joyana.fr\/wp-content\/uploads\/2017\/09\/VERRES_ZEISS_JOYANA_ZOOM-1.jpg?fit=1700%2C1700&ssl=1",1700,1700,true],"featured-thumb":["https:\/\/i0.wp.com\/www.joyana.fr\/wp-content\/uploads\/2017\/09\/VERRES_ZEISS_JOYANA_ZOOM-1.jpg?resize=1700%2C750&ssl=1",1700,750,true],"ab-block-post-grid-landscape":["https:\/\/i0.wp.com\/www.joyana.fr\/wp-content\/uploads\/2017\/09\/VERRES_ZEISS_JOYANA_ZOOM-1.jpg?resize=600%2C400&ssl=1",600,400,true],"ab-block-post-grid-square":["https:\/\/i0.wp.com\/www.joyana.fr\/wp-content\/uploads\/2017\/09\/VERRES_ZEISS_JOYANA_ZOOM-1.jpg?resize=600%2C600&ssl=1",600,600,true],"author-pro-image":["https:\/\/i0.wp.com\/www.joyana.fr\/wp-content\/uploads\/2017\/09\/VERRES_ZEISS_JOYANA_ZOOM-1.jpg?resize=360%2C570&ssl=1",360,570,true],"slider":["https:\/\/i0.wp.com\/www.joyana.fr\/wp-content\/uploads\/2017\/09\/VERRES_ZEISS_JOYANA_ZOOM-1.jpg?resize=920%2C400&ssl=1",920,400,true],"woocommerce_thumbnail":["https:\/\/i0.wp.com\/www.joyana.fr\/wp-content\/uploads\/2017\/09\/VERRES_ZEISS_JOYANA_ZOOM-1.jpg?resize=450%2C450&ssl=1",450,450,true],"woocommerce_single":["https:\/\/i0.wp.com\/www.joyana.fr\/wp-content\/uploads\/2017\/09\/VERRES_ZEISS_JOYANA_ZOOM-1.jpg?fit=920%2C920&ssl=1",920,920,true],"woocommerce_gallery_thumbnail":["https:\/\/i0.wp.com\/www.joyana.fr\/wp-content\/uploads\/2017\/09\/VERRES_ZEISS_JOYANA_ZOOM-1.jpg?resize=180%2C180&ssl=1",180,180,true],"sow-carousel-default":["https:\/\/i0.wp.com\/www.joyana.fr\/wp-content\/uploads\/2017\/09\/VERRES_ZEISS_JOYANA_ZOOM-1.jpg?resize=272%2C182&ssl=1",272,182,true]},"post_excerpt_stackable":"<p>ZEISS m&#8217;a contact\u00e9 pour tester ses verres de lunettes technologiques Drive Safe et DuraVision BlueProtect &#8211; qui s&#8217;adapteront \u00e0 ma vie digitale&#8230;<\/p>\n","category_list":"<a href=\"https:\/\/www.joyana.fr\/ja\/category\/blog\/news\/\" rel=\"category tag\">A LA UNE<\/a>, <a href=\"https:\/\/www.joyana.fr\/ja\/category\/blog\/lifestyle\/\" rel=\"category tag\">LIFESTYLE<\/a>, <a href=\"https:\/\/www.joyana.fr\/ja\/category\/blog\/mode-homme\/\" rel=\"category tag\">MODE HOMME<\/a>","author_info":{"display_name":"Jo Yana","author_link":"https:\/\/www.joyana.fr\/ja\/author\/joyana\/"},"comments_num":"0 comments","featured_image_urls_v2":{"full":["https:\/\/i0.wp.com\/www.joyana.fr\/wp-content\/uploads\/2017\/09\/VERRES_ZEISS_JOYANA_ZOOM-1.jpg?fit=1700%2C1700&ssl=1",1700,1700,false],"thumbnail":["https:\/\/i0.wp.com\/www.joyana.fr\/wp-content\/uploads\/2017\/09\/VERRES_ZEISS_JOYANA_ZOOM-1.jpg?resize=150%2C150&ssl=1",150,150,true],"medium":["https:\/\/i0.wp.com\/www.joyana.fr\/wp-content\/uploads\/2017\/09\/VERRES_ZEISS_JOYANA_ZOOM-1.jpg?fit=389%2C389&ssl=1",389,389,true],"medium_large":["https:\/\/i0.wp.com\/www.joyana.fr\/wp-content\/uploads\/2017\/09\/VERRES_ZEISS_JOYANA_ZOOM-1.jpg?fit=768%2C768&ssl=1",768,768,true],"large":["https:\/\/i0.wp.com\/www.joyana.fr\/wp-content\/uploads\/2017\/09\/VERRES_ZEISS_JOYANA_ZOOM-1.jpg?fit=1024%2C1024&ssl=1",1024,1024,true],"1536x1536":["https:\/\/i0.wp.com\/www.joyana.fr\/wp-content\/uploads\/2017\/09\/VERRES_ZEISS_JOYANA_ZOOM-1.jpg?fit=1536%2C1536&ssl=1",1536,1536,true],"2048x2048":["https:\/\/i0.wp.com\/www.joyana.fr\/wp-content\/uploads\/2017\/09\/VERRES_ZEISS_JOYANA_ZOOM-1.jpg?fit=1700%2C1700&ssl=1",1700,1700,true],"featured-thumb":["https:\/\/i0.wp.com\/www.joyana.fr\/wp-content\/uploads\/2017\/09\/VERRES_ZEISS_JOYANA_ZOOM-1.jpg?resize=1700%2C750&ssl=1",1700,750,true],"ab-block-post-grid-landscape":["https:\/\/i0.wp.com\/www.joyana.fr\/wp-content\/uploads\/2017\/09\/VERRES_ZEISS_JOYANA_ZOOM-1.jpg?resize=600%2C400&ssl=1",600,400,true],"ab-block-post-grid-square":["https:\/\/i0.wp.com\/www.joyana.fr\/wp-content\/uploads\/2017\/09\/VERRES_ZEISS_JOYANA_ZOOM-1.jpg?resize=600%2C600&ssl=1",600,600,true],"author-pro-image":["https:\/\/i0.wp.com\/www.joyana.fr\/wp-content\/uploads\/2017\/09\/VERRES_ZEISS_JOYANA_ZOOM-1.jpg?resize=360%2C570&ssl=1",360,570,true],"slider":["https:\/\/i0.wp.com\/www.joyana.fr\/wp-content\/uploads\/2017\/09\/VERRES_ZEISS_JOYANA_ZOOM-1.jpg?resize=920%2C400&ssl=1",920,400,true],"woocommerce_thumbnail":["https:\/\/i0.wp.com\/www.joyana.fr\/wp-content\/uploads\/2017\/09\/VERRES_ZEISS_JOYANA_ZOOM-1.jpg?resize=450%2C450&ssl=1",450,450,true],"woocommerce_single":["https:\/\/i0.wp.com\/www.joyana.fr\/wp-content\/uploads\/2017\/09\/VERRES_ZEISS_JOYANA_ZOOM-1.jpg?fit=920%2C920&ssl=1",920,920,true],"woocommerce_gallery_thumbnail":["https:\/\/i0.wp.com\/www.joyana.fr\/wp-content\/uploads\/2017\/09\/VERRES_ZEISS_JOYANA_ZOOM-1.jpg?resize=180%2C180&ssl=1",180,180,true],"sow-carousel-default":["https:\/\/i0.wp.com\/www.joyana.fr\/wp-content\/uploads\/2017\/09\/VERRES_ZEISS_JOYANA_ZOOM-1.jpg?resize=272%2C182&ssl=1",272,182,true]},"post_excerpt_stackable_v2":"<p>ZEISS m&#8217;a contact\u00e9 pour tester ses verres de lunettes technologiques Drive Safe et DuraVision BlueProtect &#8211; qui s&#8217;adapteront \u00e0 ma vie digitale&#8230;<\/p>\n","category_list_v2":"<a href=\"https:\/\/www.joyana.fr\/ja\/category\/blog\/news\/\" rel=\"category tag\">A LA UNE<\/a>, <a href=\"https:\/\/www.joyana.fr\/ja\/category\/blog\/lifestyle\/\" rel=\"category tag\">LIFESTYLE<\/a>, <a href=\"https:\/\/www.joyana.fr\/ja\/category\/blog\/mode-homme\/\" rel=\"category tag\">MODE HOMME<\/a>","author_info_v2":{"name":"Jo Yana","url":"https:\/\/www.joyana.fr\/ja\/author\/joyana\/"},"comments_num_v2":"0 comments","yoast_head":"<!-- This site is optimized with the Yoast SEO plugin v26.8 - https:\/\/yoast.com\/product\/yoast-seo-wordpress\/ -->\n<title>ZEISS les verres adapt\u00e9s \u00e0 la vie digitale | JO YANA<\/title>\n<meta name=\"description\" content=\"ZEISS m&#039;a contact\u00e9 pour tester ses verres de lunettes technologiques Drive Safe et DuraVision BlueProtect - qui s&#039;adapteront \u00e0 ma vie digitale...\" \/>\n<meta name=\"robots\" content=\"index, follow, max-snippet:-1, max-image-preview:large, max-video-preview:-1\" \/>\n<link rel=\"canonical\" href=\"https:\/\/joyana.fr\/en\/lunettes-zeiss-verres-adaptes-vie-digitale\/125644\/\" \/>\n<meta property=\"og:locale\" content=\"ja_JP\" \/>\n<meta property=\"og:locale:alternate\" content=\"fr_FR\" \/>\n<meta property=\"og:locale:alternate\" content=\"en_US\" \/>\n<meta property=\"og:type\" content=\"article\" \/>\n<meta property=\"og:title\" content=\"ZEISS les verres adapt\u00e9s \u00e0 la vie digitale | JO YANA\" \/>\n<meta property=\"og:description\" content=\"ZEISS m&#039;a contact\u00e9 pour tester ses verres de lunettes technologiques Drive Safe et DuraVision BlueProtect - qui s&#039;adapteront \u00e0 ma vie digitale...\" \/>\n<meta property=\"og:url\" content=\"https:\/\/www.joyana.fr\/ja\/lunettes-zeiss-verres-adaptes-vie-digitale\/125644\/\" \/>\n<meta property=\"og:site_name\" content=\"JO YANA\" \/>\n<meta property=\"article:published_time\" content=\"2017-10-22T22:41:26+00:00\" \/>\n<meta property=\"article:modified_time\" content=\"2017-10-23T16:31:52+00:00\" \/>\n<meta property=\"og:image\" content=\"https:\/\/joyana.fr\/wp-content\/uploads\/2017\/09\/VERRES-ZEISS-JO-YANA-1.jpg\" \/>\n\t<meta property=\"og:image:width\" content=\"1700\" \/>\n\t<meta property=\"og:image:height\" content=\"1700\" \/>\n\t<meta property=\"og:image:type\" content=\"image\/jpeg\" \/>\n<meta name=\"author\" content=\"Jo Yana\" \/>\n<meta name=\"twitter:card\" content=\"summary_large_image\" \/>\n<meta name=\"twitter:creator\" content=\"@Jo_Yana\" \/>\n<meta name=\"twitter:site\" content=\"@Jo_Yana\" \/>\n<meta name=\"twitter:label1\" content=\"\u57f7\u7b46\u8005\" \/>\n\t<meta name=\"twitter:data1\" content=\"Jo Yana\" \/>\n\t<meta name=\"twitter:label2\" content=\"\u63a8\u5b9a\u8aad\u307f\u53d6\u308a\u6642\u9593\" \/>\n\t<meta name=\"twitter:data2\" content=\"3\u5206\" \/>\n<script type=\"application\/ld+json\" class=\"yoast-schema-graph\">{\"@context\":\"https:\/\/schema.org\",\"@graph\":[{\"@type\":\"Article\",\"@id\":\"https:\/\/joyana.fr\/en\/lunettes-zeiss-verres-adaptes-vie-digitale\/125644\/#article\",\"isPartOf\":{\"@id\":\"https:\/\/joyana.fr\/en\/lunettes-zeiss-verres-adaptes-vie-digitale\/125644\/\"},\"author\":{\"name\":\"Jo Yana\",\"@id\":\"https:\/\/joyana.fr\/#\/schema\/person\/cf2a1ad12a27c12c21801075bf37407c\"},\"headline\":\"ZEISS les verres adapt\u00e9s \u00e0 la vie digitale\",\"datePublished\":\"2017-10-22T22:41:26+00:00\",\"dateModified\":\"2017-10-23T16:31:52+00:00\",\"mainEntityOfPage\":{\"@id\":\"https:\/\/joyana.fr\/en\/lunettes-zeiss-verres-adaptes-vie-digitale\/125644\/\"},\"wordCount\":694,\"commentCount\":0,\"publisher\":{\"@id\":\"https:\/\/joyana.fr\/#\/schema\/person\/cf2a1ad12a27c12c21801075bf37407c\"},\"image\":{\"@id\":\"https:\/\/joyana.fr\/en\/lunettes-zeiss-verres-adaptes-vie-digitale\/125644\/#primaryimage\"},\"thumbnailUrl\":\"https:\/\/i0.wp.com\/www.joyana.fr\/wp-content\/uploads\/2017\/09\/VERRES_ZEISS_JOYANA_ZOOM-1.jpg?fit=1700%2C1700&ssl=1\",\"keywords\":[\"Carl Zeiss\",\"Chemise\",\"Le Caribou Opticiens\",\"Leisure Society\",\"Lunettes\",\"ZEISS\"],\"articleSection\":[\"A LA UNE\",\"LIFESTYLE\",\"MODE HOMME\"],\"inLanguage\":\"ja\",\"potentialAction\":[{\"@type\":\"CommentAction\",\"name\":\"Comment\",\"target\":[\"https:\/\/joyana.fr\/en\/lunettes-zeiss-verres-adaptes-vie-digitale\/125644\/#respond\"]}]},{\"@type\":\"WebPage\",\"@id\":\"https:\/\/joyana.fr\/en\/lunettes-zeiss-verres-adaptes-vie-digitale\/125644\/\",\"url\":\"https:\/\/joyana.fr\/en\/lunettes-zeiss-verres-adaptes-vie-digitale\/125644\/\",\"name\":\"ZEISS les verres adapt\u00e9s \u00e0 la vie digitale | JO YANA\",\"isPartOf\":{\"@id\":\"https:\/\/joyana.fr\/#website\"},\"primaryImageOfPage\":{\"@id\":\"https:\/\/joyana.fr\/en\/lunettes-zeiss-verres-adaptes-vie-digitale\/125644\/#primaryimage\"},\"image\":{\"@id\":\"https:\/\/joyana.fr\/en\/lunettes-zeiss-verres-adaptes-vie-digitale\/125644\/#primaryimage\"},\"thumbnailUrl\":\"https:\/\/i0.wp.com\/www.joyana.fr\/wp-content\/uploads\/2017\/09\/VERRES_ZEISS_JOYANA_ZOOM-1.jpg?fit=1700%2C1700&ssl=1\",\"datePublished\":\"2017-10-22T22:41:26+00:00\",\"dateModified\":\"2017-10-23T16:31:52+00:00\",\"description\":\"ZEISS m'a contact\u00e9 pour tester ses verres de lunettes technologiques Drive Safe et DuraVision BlueProtect - qui s'adapteront \u00e0 ma vie digitale...\",\"breadcrumb\":{\"@id\":\"https:\/\/joyana.fr\/en\/lunettes-zeiss-verres-adaptes-vie-digitale\/125644\/#breadcrumb\"},\"inLanguage\":\"ja\",\"potentialAction\":[{\"@type\":\"ReadAction\",\"target\":[\"https:\/\/joyana.fr\/en\/lunettes-zeiss-verres-adaptes-vie-digitale\/125644\/\"]}]},{\"@type\":\"ImageObject\",\"inLanguage\":\"ja\",\"@id\":\"https:\/\/joyana.fr\/en\/lunettes-zeiss-verres-adaptes-vie-digitale\/125644\/#primaryimage\",\"url\":\"https:\/\/i0.wp.com\/www.joyana.fr\/wp-content\/uploads\/2017\/09\/VERRES_ZEISS_JOYANA_ZOOM-1.jpg?fit=1700%2C1700&ssl=1\",\"contentUrl\":\"https:\/\/i0.wp.com\/www.joyana.fr\/wp-content\/uploads\/2017\/09\/VERRES_ZEISS_JOYANA_ZOOM-1.jpg?fit=1700%2C1700&ssl=1\",\"width\":1700,\"height\":1700},{\"@type\":\"BreadcrumbList\",\"@id\":\"https:\/\/joyana.fr\/en\/lunettes-zeiss-verres-adaptes-vie-digitale\/125644\/#breadcrumb\",\"itemListElement\":[{\"@type\":\"ListItem\",\"position\":1,\"name\":\"Accueil\",\"item\":\"https:\/\/joyana.fr\/\"},{\"@type\":\"ListItem\",\"position\":2,\"name\":\"ZEISS les verres adapt\u00e9s \u00e0 la vie digitale\"}]},{\"@type\":\"WebSite\",\"@id\":\"https:\/\/joyana.fr\/#website\",\"url\":\"https:\/\/joyana.fr\/\",\"name\":\"JO YANA\",\"description\":\"Blog Mode Homme, Lifestyle, D\u00e9co-Design\",\"publisher\":{\"@id\":\"https:\/\/joyana.fr\/#\/schema\/person\/cf2a1ad12a27c12c21801075bf37407c\"},\"potentialAction\":[{\"@type\":\"SearchAction\",\"target\":{\"@type\":\"EntryPoint\",\"urlTemplate\":\"https:\/\/joyana.fr\/?s={search_term_string}\"},\"query-input\":{\"@type\":\"PropertyValueSpecification\",\"valueRequired\":true,\"valueName\":\"search_term_string\"}}],\"inLanguage\":\"ja\"},{\"@type\":[\"Person\",\"Organization\"],\"@id\":\"https:\/\/joyana.fr\/#\/schema\/person\/cf2a1ad12a27c12c21801075bf37407c\",\"name\":\"Jo Yana\",\"image\":{\"@type\":\"ImageObject\",\"inLanguage\":\"ja\",\"@id\":\"https:\/\/joyana.fr\/#\/schema\/person\/image\/\",\"url\":\"https:\/\/i0.wp.com\/www.joyana.fr\/wp-content\/uploads\/2016\/08\/cropped-joyana-logo-black-360x180.png?fit=343%2C164&ssl=1\",\"contentUrl\":\"https:\/\/i0.wp.com\/www.joyana.fr\/wp-content\/uploads\/2016\/08\/cropped-joyana-logo-black-360x180.png?fit=343%2C164&ssl=1\",\"width\":343,\"height\":164,\"caption\":\"Jo Yana\"},\"logo\":{\"@id\":\"https:\/\/joyana.fr\/#\/schema\/person\/image\/\"},\"description\":\"Jo Yana est le cr\u00e9ateur et r\u00e9dacteur en chef des sites DECO-DESIGN. Passionn\u00e9 de Design, Mode, Photo, Luxe, Lifestyle, Musique, mais avant tout Blogueur ! Le plaisir de partager l'anime et a comme devise \\\"POUR L'AMOUR DU BEAU\\\". Retrouvez le aussi sur son blog personnel - https:\/\/joyana.fr...\",\"sameAs\":[\"https:\/\/joyana.fr\/\"],\"url\":\"https:\/\/www.joyana.fr\/ja\/author\/joyana\/\"}]}<\/script>\n<!-- \/ Yoast SEO plugin. -->","yoast_head_json":{"title":"ZEISS les verres adapt\u00e9s \u00e0 la vie digitale | JO YANA","description":"ZEISS m'a contact\u00e9 pour tester ses verres de lunettes technologiques Drive Safe et DuraVision BlueProtect - qui s'adapteront \u00e0 ma vie digitale...","robots":{"index":"index","follow":"follow","max-snippet":"max-snippet:-1","max-image-preview":"max-image-preview:large","max-video-preview":"max-video-preview:-1"},"canonical":"https:\/\/joyana.fr\/en\/lunettes-zeiss-verres-adaptes-vie-digitale\/125644\/","og_locale":"ja_JP","og_type":"article","og_title":"ZEISS les verres adapt\u00e9s \u00e0 la vie digitale | JO YANA","og_description":"ZEISS m'a contact\u00e9 pour tester ses verres de lunettes technologiques Drive Safe et DuraVision BlueProtect - qui s'adapteront \u00e0 ma vie digitale...","og_url":"https:\/\/www.joyana.fr\/ja\/lunettes-zeiss-verres-adaptes-vie-digitale\/125644\/","og_site_name":"JO YANA","article_published_time":"2017-10-22T22:41:26+00:00","article_modified_time":"2017-10-23T16:31:52+00:00","og_image":[{"width":1700,"height":1700,"url":"https:\/\/joyana.fr\/wp-content\/uploads\/2017\/09\/VERRES-ZEISS-JO-YANA-1.jpg","type":"image\/jpeg"}],"author":"Jo Yana","twitter_card":"summary_large_image","twitter_creator":"@Jo_Yana","twitter_site":"@Jo_Yana","twitter_misc":{"\u57f7\u7b46\u8005":"Jo Yana","\u63a8\u5b9a\u8aad\u307f\u53d6\u308a\u6642\u9593":"3\u5206"},"schema":{"@context":"https:\/\/schema.org","@graph":[{"@type":"Article","@id":"https:\/\/joyana.fr\/en\/lunettes-zeiss-verres-adaptes-vie-digitale\/125644\/#article","isPartOf":{"@id":"https:\/\/joyana.fr\/en\/lunettes-zeiss-verres-adaptes-vie-digitale\/125644\/"},"author":{"name":"Jo Yana","@id":"https:\/\/joyana.fr\/#\/schema\/person\/cf2a1ad12a27c12c21801075bf37407c"},"headline":"ZEISS les verres adapt\u00e9s \u00e0 la vie digitale","datePublished":"2017-10-22T22:41:26+00:00","dateModified":"2017-10-23T16:31:52+00:00","mainEntityOfPage":{"@id":"https:\/\/joyana.fr\/en\/lunettes-zeiss-verres-adaptes-vie-digitale\/125644\/"},"wordCount":694,"commentCount":0,"publisher":{"@id":"https:\/\/joyana.fr\/#\/schema\/person\/cf2a1ad12a27c12c21801075bf37407c"},"image":{"@id":"https:\/\/joyana.fr\/en\/lunettes-zeiss-verres-adaptes-vie-digitale\/125644\/#primaryimage"},"thumbnailUrl":"https:\/\/i0.wp.com\/www.joyana.fr\/wp-content\/uploads\/2017\/09\/VERRES_ZEISS_JOYANA_ZOOM-1.jpg?fit=1700%2C1700&ssl=1","keywords":["Carl Zeiss","Chemise","Le Caribou Opticiens","Leisure Society","Lunettes","ZEISS"],"articleSection":["A LA UNE","LIFESTYLE","MODE HOMME"],"inLanguage":"ja","potentialAction":[{"@type":"CommentAction","name":"Comment","target":["https:\/\/joyana.fr\/en\/lunettes-zeiss-verres-adaptes-vie-digitale\/125644\/#respond"]}]},{"@type":"WebPage","@id":"https:\/\/joyana.fr\/en\/lunettes-zeiss-verres-adaptes-vie-digitale\/125644\/","url":"https:\/\/joyana.fr\/en\/lunettes-zeiss-verres-adaptes-vie-digitale\/125644\/","name":"ZEISS les verres adapt\u00e9s \u00e0 la vie digitale | JO YANA","isPartOf":{"@id":"https:\/\/joyana.fr\/#website"},"primaryImageOfPage":{"@id":"https:\/\/joyana.fr\/en\/lunettes-zeiss-verres-adaptes-vie-digitale\/125644\/#primaryimage"},"image":{"@id":"https:\/\/joyana.fr\/en\/lunettes-zeiss-verres-adaptes-vie-digitale\/125644\/#primaryimage"},"thumbnailUrl":"https:\/\/i0.wp.com\/www.joyana.fr\/wp-content\/uploads\/2017\/09\/VERRES_ZEISS_JOYANA_ZOOM-1.jpg?fit=1700%2C1700&ssl=1","datePublished":"2017-10-22T22:41:26+00:00","dateModified":"2017-10-23T16:31:52+00:00","description":"ZEISS m'a contact\u00e9 pour tester ses verres de lunettes technologiques Drive Safe et DuraVision BlueProtect - qui s'adapteront \u00e0 ma vie digitale...","breadcrumb":{"@id":"https:\/\/joyana.fr\/en\/lunettes-zeiss-verres-adaptes-vie-digitale\/125644\/#breadcrumb"},"inLanguage":"ja","potentialAction":[{"@type":"ReadAction","target":["https:\/\/joyana.fr\/en\/lunettes-zeiss-verres-adaptes-vie-digitale\/125644\/"]}]},{"@type":"ImageObject","inLanguage":"ja","@id":"https:\/\/joyana.fr\/en\/lunettes-zeiss-verres-adaptes-vie-digitale\/125644\/#primaryimage","url":"https:\/\/i0.wp.com\/www.joyana.fr\/wp-content\/uploads\/2017\/09\/VERRES_ZEISS_JOYANA_ZOOM-1.jpg?fit=1700%2C1700&ssl=1","contentUrl":"https:\/\/i0.wp.com\/www.joyana.fr\/wp-content\/uploads\/2017\/09\/VERRES_ZEISS_JOYANA_ZOOM-1.jpg?fit=1700%2C1700&ssl=1","width":1700,"height":1700},{"@type":"BreadcrumbList","@id":"https:\/\/joyana.fr\/en\/lunettes-zeiss-verres-adaptes-vie-digitale\/125644\/#breadcrumb","itemListElement":[{"@type":"ListItem","position":1,"name":"Accueil","item":"https:\/\/joyana.fr\/"},{"@type":"ListItem","position":2,"name":"ZEISS les verres adapt\u00e9s \u00e0 la vie digitale"}]},{"@type":"WebSite","@id":"https:\/\/joyana.fr\/#website","url":"https:\/\/joyana.fr\/","name":"JO YANA","description":"Blog Mode Homme, Lifestyle, D\u00e9co-Design","publisher":{"@id":"https:\/\/joyana.fr\/#\/schema\/person\/cf2a1ad12a27c12c21801075bf37407c"},"potentialAction":[{"@type":"SearchAction","target":{"@type":"EntryPoint","urlTemplate":"https:\/\/joyana.fr\/?s={search_term_string}"},"query-input":{"@type":"PropertyValueSpecification","valueRequired":true,"valueName":"search_term_string"}}],"inLanguage":"ja"},{"@type":["Person","Organization"],"@id":"https:\/\/joyana.fr\/#\/schema\/person\/cf2a1ad12a27c12c21801075bf37407c","name":"Jo Yana","image":{"@type":"ImageObject","inLanguage":"ja","@id":"https:\/\/joyana.fr\/#\/schema\/person\/image\/","url":"https:\/\/i0.wp.com\/www.joyana.fr\/wp-content\/uploads\/2016\/08\/cropped-joyana-logo-black-360x180.png?fit=343%2C164&ssl=1","contentUrl":"https:\/\/i0.wp.com\/www.joyana.fr\/wp-content\/uploads\/2016\/08\/cropped-joyana-logo-black-360x180.png?fit=343%2C164&ssl=1","width":343,"height":164,"caption":"Jo Yana"},"logo":{"@id":"https:\/\/joyana.fr\/#\/schema\/person\/image\/"},"description":"Jo Yana est le cr\u00e9ateur et r\u00e9dacteur en chef des sites DECO-DESIGN. Passionn\u00e9 de Design, Mode, Photo, Luxe, Lifestyle, Musique, mais avant tout Blogueur ! Le plaisir de partager l'anime et a comme devise \"POUR L'AMOUR DU BEAU\". Retrouvez le aussi sur son blog personnel - https:\/\/joyana.fr...","sameAs":["https:\/\/joyana.fr\/"],"url":"https:\/\/www.joyana.fr\/ja\/author\/joyana\/"}]}},"author_meta":{"display_name":"Jo Yana","author_link":"https:\/\/www.joyana.fr\/ja\/author\/joyana\/"},"featured_img":"https:\/\/i0.wp.com\/www.joyana.fr\/wp-content\/uploads\/2017\/09\/VERRES_ZEISS_JOYANA_ZOOM-1.jpg?fit=389%2C389&ssl=1","featured_image_src":"https:\/\/i0.wp.com\/www.joyana.fr\/wp-content\/uploads\/2017\/09\/VERRES_ZEISS_JOYANA_ZOOM-1.jpg?resize=600%2C400&ssl=1","featured_image_src_square":"https:\/\/i0.wp.com\/www.joyana.fr\/wp-content\/uploads\/2017\/09\/VERRES_ZEISS_JOYANA_ZOOM-1.jpg?resize=600%2C600&ssl=1","jetpack_featured_media_url":"https:\/\/i0.wp.com\/www.joyana.fr\/wp-content\/uploads\/2017\/09\/VERRES_ZEISS_JOYANA_ZOOM-1.jpg?fit=1700%2C1700&ssl=1","uagb_featured_image_src":{"full":["https:\/\/i0.wp.com\/www.joyana.fr\/wp-content\/uploads\/2017\/09\/VERRES_ZEISS_JOYANA_ZOOM-1.jpg?fit=1700%2C1700&ssl=1",1700,1700,false],"thumbnail":["https:\/\/i0.wp.com\/www.joyana.fr\/wp-content\/uploads\/2017\/09\/VERRES_ZEISS_JOYANA_ZOOM-1.jpg?resize=150%2C150&ssl=1",150,150,true],"medium":["https:\/\/i0.wp.com\/www.joyana.fr\/wp-content\/uploads\/2017\/09\/VERRES_ZEISS_JOYANA_ZOOM-1.jpg?fit=389%2C389&ssl=1",389,389,true],"medium_large":["https:\/\/i0.wp.com\/www.joyana.fr\/wp-content\/uploads\/2017\/09\/VERRES_ZEISS_JOYANA_ZOOM-1.jpg?fit=768%2C768&ssl=1",768,768,true],"large":["https:\/\/i0.wp.com\/www.joyana.fr\/wp-content\/uploads\/2017\/09\/VERRES_ZEISS_JOYANA_ZOOM-1.jpg?fit=1024%2C1024&ssl=1",1024,1024,true],"1536x1536":["https:\/\/i0.wp.com\/www.joyana.fr\/wp-content\/uploads\/2017\/09\/VERRES_ZEISS_JOYANA_ZOOM-1.jpg?fit=1536%2C1536&ssl=1",1536,1536,true],"2048x2048":["https:\/\/i0.wp.com\/www.joyana.fr\/wp-content\/uploads\/2017\/09\/VERRES_ZEISS_JOYANA_ZOOM-1.jpg?fit=1700%2C1700&ssl=1",1700,1700,true],"featured-thumb":["https:\/\/i0.wp.com\/www.joyana.fr\/wp-content\/uploads\/2017\/09\/VERRES_ZEISS_JOYANA_ZOOM-1.jpg?resize=1700%2C750&ssl=1",1700,750,true],"ab-block-post-grid-landscape":["https:\/\/i0.wp.com\/www.joyana.fr\/wp-content\/uploads\/2017\/09\/VERRES_ZEISS_JOYANA_ZOOM-1.jpg?resize=600%2C400&ssl=1",600,400,true],"ab-block-post-grid-square":["https:\/\/i0.wp.com\/www.joyana.fr\/wp-content\/uploads\/2017\/09\/VERRES_ZEISS_JOYANA_ZOOM-1.jpg?resize=600%2C600&ssl=1",600,600,true],"author-pro-image":["https:\/\/i0.wp.com\/www.joyana.fr\/wp-content\/uploads\/2017\/09\/VERRES_ZEISS_JOYANA_ZOOM-1.jpg?resize=360%2C570&ssl=1",360,570,true],"slider":["https:\/\/i0.wp.com\/www.joyana.fr\/wp-content\/uploads\/2017\/09\/VERRES_ZEISS_JOYANA_ZOOM-1.jpg?resize=920%2C400&ssl=1",920,400,true],"woocommerce_thumbnail":["https:\/\/i0.wp.com\/www.joyana.fr\/wp-content\/uploads\/2017\/09\/VERRES_ZEISS_JOYANA_ZOOM-1.jpg?resize=450%2C450&ssl=1",450,450,true],"woocommerce_single":["https:\/\/i0.wp.com\/www.joyana.fr\/wp-content\/uploads\/2017\/09\/VERRES_ZEISS_JOYANA_ZOOM-1.jpg?fit=920%2C920&ssl=1",920,920,true],"woocommerce_gallery_thumbnail":["https:\/\/i0.wp.com\/www.joyana.fr\/wp-content\/uploads\/2017\/09\/VERRES_ZEISS_JOYANA_ZOOM-1.jpg?resize=180%2C180&ssl=1",180,180,true],"sow-carousel-default":["https:\/\/i0.wp.com\/www.joyana.fr\/wp-content\/uploads\/2017\/09\/VERRES_ZEISS_JOYANA_ZOOM-1.jpg?resize=272%2C182&ssl=1",272,182,true]},"uagb_author_info":{"display_name":"Jo Yana","author_link":"https:\/\/www.joyana.fr\/ja\/author\/joyana\/"},"uagb_comment_info":14,"uagb_excerpt":"ZEISS m'a contact\u00e9 pour tester ses verres de lunettes t&hellip;","coauthors":[],"tax_additional":{"categories":{"linked":["<a href=\"https:\/\/www.joyana.fr\/ja\/category\/blog\/news\/\" class=\"advgb-post-tax-term\">A LA UNE<\/a>","<a href=\"https:\/\/www.joyana.fr\/ja\/category\/blog\/lifestyle\/\" class=\"advgb-post-tax-term\">LIFESTYLE<\/a>","<a href=\"https:\/\/www.joyana.fr\/ja\/category\/blog\/mode-homme\/\" class=\"advgb-post-tax-term\">MODE HOMME<\/a>"],"unlinked":["<span class=\"advgb-post-tax-term\">A LA UNE<\/span>","<span class=\"advgb-post-tax-term\">LIFESTYLE<\/span>","<span class=\"advgb-post-tax-term\">MODE HOMME<\/span>"]},"tags":{"linked":["<a href=\"https:\/\/www.joyana.fr\/ja\/category\/blog\/mode-homme\/\" class=\"advgb-post-tax-term\">Carl Zeiss<\/a>","<a href=\"https:\/\/www.joyana.fr\/ja\/category\/blog\/mode-homme\/\" class=\"advgb-post-tax-term\">Chemise<\/a>","<a href=\"https:\/\/www.joyana.fr\/ja\/category\/blog\/mode-homme\/\" class=\"advgb-post-tax-term\">Le Caribou Opticiens<\/a>","<a href=\"https:\/\/www.joyana.fr\/ja\/category\/blog\/mode-homme\/\" class=\"advgb-post-tax-term\">Leisure Society<\/a>","<a href=\"https:\/\/www.joyana.fr\/ja\/category\/blog\/mode-homme\/\" class=\"advgb-post-tax-term\">Lunettes<\/a>","<a href=\"https:\/\/www.joyana.fr\/ja\/category\/blog\/mode-homme\/\" class=\"advgb-post-tax-term\">ZEISS<\/a>"],"unlinked":["<span class=\"advgb-post-tax-term\">Carl Zeiss<\/span>","<span class=\"advgb-post-tax-term\">Chemise<\/span>","<span class=\"advgb-post-tax-term\">Le Caribou Opticiens<\/span>","<span class=\"advgb-post-tax-term\">Leisure Society<\/span>","<span class=\"advgb-post-tax-term\">Lunettes<\/span>","<span class=\"advgb-post-tax-term\">ZEISS<\/span>"]}},"comment_count":0,"relative_dates":{"created":"Posted 9\u5e74 ago","modified":"Updated 9\u5e74 ago"},"absolute_dates":{"created":"Posted on 22 10\u6708 2017","modified":"Updated on 23 10\u6708 2017"},"absolute_dates_time":{"created":"Posted on 22 10\u6708 2017 23:41","modified":"Updated on 23 10\u6708 2017 17:31"},"featured_img_caption":"","series_order":"","jetpack_sharing_enabled":true,"jetpack_shortlink":"https:\/\/wp.me\/p9bteI-wGw","jetpack-related-posts":[],"_links":{"self":[{"href":"https:\/\/www.joyana.fr\/ja\/wp-json\/wp\/v2\/posts\/125644","targetHints":{"allow":["GET"]}}],"collection":[{"href":"https:\/\/www.joyana.fr\/ja\/wp-json\/wp\/v2\/posts"}],"about":[{"href":"https:\/\/www.joyana.fr\/ja\/wp-json\/wp\/v2\/types\/post"}],"author":[{"embeddable":true,"href":"https:\/\/www.joyana.fr\/ja\/wp-json\/wp\/v2\/users\/3"}],"replies":[{"embeddable":true,"href":"https:\/\/www.joyana.fr\/ja\/wp-json\/wp\/v2\/comments?post=125644"}],"version-history":[{"count":19,"href":"https:\/\/www.joyana.fr\/ja\/wp-json\/wp\/v2\/posts\/125644\/revisions"}],"predecessor-version":[{"id":125848,"href":"https:\/\/www.joyana.fr\/ja\/wp-json\/wp\/v2\/posts\/125644\/revisions\/125848"}],"wp:featuredmedia":[{"embeddable":true,"href":"https:\/\/www.joyana.fr\/ja\/wp-json\/wp\/v2\/media\/125651"}],"wp:attachment":[{"href":"https:\/\/www.joyana.fr\/ja\/wp-json\/wp\/v2\/media?parent=125644"}],"wp:term":[{"taxonomy":"category","embeddable":true,"href":"https:\/\/www.joyana.fr\/ja\/wp-json\/wp\/v2\/categories?post=125644"},{"taxonomy":"post_tag","embeddable":true,"href":"https:\/\/www.joyana.fr\/ja\/wp-json\/wp\/v2\/tags?post=125644"}],"curies":[{"name":"wp","href":"https:\/\/api.w.org\/{rel}","templated":true}]}}