{"id":125549,"date":"2017-07-18T17:23:38","date_gmt":"2017-07-18T16:23:38","guid":{"rendered":"https:\/\/joyana.fr\/?p=125549"},"modified":"2017-07-18T17:36:22","modified_gmt":"2017-07-18T16:36:22","slug":"ikea-democratic-design-days-2017","status":"publish","type":"post","link":"https:\/\/www.joyana.fr\/ja\/ikea-democratic-design-days-2017\/125549\/","title":{"rendered":"IKEA &#8211; DEMOCRATIC DESIGN DAYS 2017"},"content":{"rendered":"<p style=\"text-align: justify;\">Il y a quelques semaines, j&#8217;\u00e9tais convi\u00e9 \u00e0 \u00c4lmhult en Su\u00e8de, pour les Democratic Design Days o\u00f9 <a href=\"https:\/\/joyana.fr\/tag\/ikea\/\"><strong>IKEA<\/strong><\/a> pr\u00e9sentait ses nouveaut\u00e9s 2017-2018, ainsi que les futures collaborations \u00e0 venir&#8230; Des noms comme Virgil Abloh, Tom Dixon, Chris Stamp, ou encore Sarah Andelman (aka Sarah Colette) \u00e9taient sur cette impressionnante liste&#8230; J&#8217;ai eu la chance de d\u00e9couvrir toutes les collections capsules et collaborations exclusives \u00e0 venir, et d&#8217;interviewer certains des cr\u00e9ateurs&#8230;<\/p>\n<p><!--more--><\/p>\n<p><img data-recalc-dims=\"1\" fetchpriority=\"high\" decoding=\"async\" data-attachment-id=\"125561\" data-permalink=\"https:\/\/www.joyana.fr\/ja\/ikea-democratic-design-days-2017\/125549\/visite-ikea-suede-collab_hay\/\" data-orig-file=\"https:\/\/i0.wp.com\/www.joyana.fr\/wp-content\/uploads\/2017\/07\/VISITE-IKEA-SUEDE-COLLAB_HAY.jpg?fit=900%2C900&amp;ssl=1\" data-orig-size=\"900,900\" data-comments-opened=\"1\" data-image-meta=\"{&quot;aperture&quot;:&quot;0&quot;,&quot;credit&quot;:&quot;&quot;,&quot;camera&quot;:&quot;&quot;,&quot;caption&quot;:&quot;&quot;,&quot;created_timestamp&quot;:&quot;0&quot;,&quot;copyright&quot;:&quot;&quot;,&quot;focal_length&quot;:&quot;0&quot;,&quot;iso&quot;:&quot;0&quot;,&quot;shutter_speed&quot;:&quot;0&quot;,&quot;title&quot;:&quot;&quot;,&quot;orientation&quot;:&quot;0&quot;}\" data-image-title=\"VISITE-IKEA-SUEDE-COLLAB_HAY\" data-image-description=\"\" data-image-caption=\"\" data-medium-file=\"https:\/\/i0.wp.com\/www.joyana.fr\/wp-content\/uploads\/2017\/07\/VISITE-IKEA-SUEDE-COLLAB_HAY.jpg?fit=389%2C389&amp;ssl=1\" data-large-file=\"https:\/\/i0.wp.com\/www.joyana.fr\/wp-content\/uploads\/2017\/07\/VISITE-IKEA-SUEDE-COLLAB_HAY.jpg?fit=900%2C900&amp;ssl=1\" class=\"alignnone size-full wp-image-125561\" src=\"https:\/\/i0.wp.com\/joyana.fr\/wp-content\/uploads\/2017\/07\/VISITE-IKEA-SUEDE-COLLAB_HAY.jpg?resize=900%2C900&#038;ssl=1\" alt=\"\" width=\"900\" height=\"900\" srcset=\"https:\/\/i0.wp.com\/www.joyana.fr\/wp-content\/uploads\/2017\/07\/VISITE-IKEA-SUEDE-COLLAB_HAY.jpg?w=900&amp;ssl=1 900w, https:\/\/i0.wp.com\/www.joyana.fr\/wp-content\/uploads\/2017\/07\/VISITE-IKEA-SUEDE-COLLAB_HAY.jpg?resize=300%2C300&amp;ssl=1 300w, https:\/\/i0.wp.com\/www.joyana.fr\/wp-content\/uploads\/2017\/07\/VISITE-IKEA-SUEDE-COLLAB_HAY.jpg?resize=100%2C100&amp;ssl=1 100w, https:\/\/i0.wp.com\/www.joyana.fr\/wp-content\/uploads\/2017\/07\/VISITE-IKEA-SUEDE-COLLAB_HAY.jpg?resize=600%2C600&amp;ssl=1 600w\" sizes=\"(max-width: 900px) 100vw, 900px\" \/><\/p>\n<p><img data-recalc-dims=\"1\" decoding=\"async\" data-attachment-id=\"125560\" data-permalink=\"https:\/\/www.joyana.fr\/ja\/ikea-democratic-design-days-2017\/125549\/visite-ikea-suede-art\/\" data-orig-file=\"https:\/\/i0.wp.com\/www.joyana.fr\/wp-content\/uploads\/2017\/07\/VISITE-IKEA-SUEDE-ART.jpg?fit=900%2C900&amp;ssl=1\" data-orig-size=\"900,900\" data-comments-opened=\"1\" data-image-meta=\"{&quot;aperture&quot;:&quot;0&quot;,&quot;credit&quot;:&quot;&quot;,&quot;camera&quot;:&quot;&quot;,&quot;caption&quot;:&quot;&quot;,&quot;created_timestamp&quot;:&quot;0&quot;,&quot;copyright&quot;:&quot;&quot;,&quot;focal_length&quot;:&quot;0&quot;,&quot;iso&quot;:&quot;0&quot;,&quot;shutter_speed&quot;:&quot;0&quot;,&quot;title&quot;:&quot;&quot;,&quot;orientation&quot;:&quot;0&quot;}\" data-image-title=\"VISITE-IKEA-SUEDE-ART\" data-image-description=\"\" data-image-caption=\"\" data-medium-file=\"https:\/\/i0.wp.com\/www.joyana.fr\/wp-content\/uploads\/2017\/07\/VISITE-IKEA-SUEDE-ART.jpg?fit=389%2C389&amp;ssl=1\" data-large-file=\"https:\/\/i0.wp.com\/www.joyana.fr\/wp-content\/uploads\/2017\/07\/VISITE-IKEA-SUEDE-ART.jpg?fit=900%2C900&amp;ssl=1\" class=\"alignnone size-full wp-image-125560\" src=\"https:\/\/i0.wp.com\/joyana.fr\/wp-content\/uploads\/2017\/07\/VISITE-IKEA-SUEDE-ART.jpg?resize=900%2C900&#038;ssl=1\" alt=\"\" width=\"900\" height=\"900\" srcset=\"https:\/\/i0.wp.com\/www.joyana.fr\/wp-content\/uploads\/2017\/07\/VISITE-IKEA-SUEDE-ART.jpg?w=900&amp;ssl=1 900w, https:\/\/i0.wp.com\/www.joyana.fr\/wp-content\/uploads\/2017\/07\/VISITE-IKEA-SUEDE-ART.jpg?resize=300%2C300&amp;ssl=1 300w, https:\/\/i0.wp.com\/www.joyana.fr\/wp-content\/uploads\/2017\/07\/VISITE-IKEA-SUEDE-ART.jpg?resize=100%2C100&amp;ssl=1 100w, https:\/\/i0.wp.com\/www.joyana.fr\/wp-content\/uploads\/2017\/07\/VISITE-IKEA-SUEDE-ART.jpg?resize=600%2C600&amp;ssl=1 600w\" sizes=\"(max-width: 900px) 100vw, 900px\" \/><\/p>\n<p><img data-recalc-dims=\"1\" decoding=\"async\" data-attachment-id=\"125567\" data-permalink=\"https:\/\/www.joyana.fr\/ja\/ikea-democratic-design-days-2017\/125549\/visite-ikea-suede-nouveautes-2018\/\" data-orig-file=\"https:\/\/i0.wp.com\/www.joyana.fr\/wp-content\/uploads\/2017\/07\/VISITE-IKEA-SUEDE-NOUVEAUTES-2018.jpg?fit=1700%2C1700&amp;ssl=1\" data-orig-size=\"1700,1700\" data-comments-opened=\"1\" data-image-meta=\"{&quot;aperture&quot;:&quot;0&quot;,&quot;credit&quot;:&quot;&quot;,&quot;camera&quot;:&quot;&quot;,&quot;caption&quot;:&quot;&quot;,&quot;created_timestamp&quot;:&quot;0&quot;,&quot;copyright&quot;:&quot;&quot;,&quot;focal_length&quot;:&quot;0&quot;,&quot;iso&quot;:&quot;0&quot;,&quot;shutter_speed&quot;:&quot;0&quot;,&quot;title&quot;:&quot;&quot;,&quot;orientation&quot;:&quot;0&quot;}\" data-image-title=\"VISITE-IKEA-SUEDE-NOUVEAUTES-2018\" data-image-description=\"\" data-image-caption=\"\" data-medium-file=\"https:\/\/i0.wp.com\/www.joyana.fr\/wp-content\/uploads\/2017\/07\/VISITE-IKEA-SUEDE-NOUVEAUTES-2018.jpg?fit=389%2C389&amp;ssl=1\" data-large-file=\"https:\/\/i0.wp.com\/www.joyana.fr\/wp-content\/uploads\/2017\/07\/VISITE-IKEA-SUEDE-NOUVEAUTES-2018.jpg?fit=1024%2C1024&amp;ssl=1\" class=\"alignnone size-full wp-image-125567\" src=\"https:\/\/i0.wp.com\/joyana.fr\/wp-content\/uploads\/2017\/07\/VISITE-IKEA-SUEDE-NOUVEAUTES-2018.jpg?resize=1700%2C1700&#038;ssl=1\" alt=\"\" width=\"1700\" height=\"1700\" srcset=\"https:\/\/i0.wp.com\/www.joyana.fr\/wp-content\/uploads\/2017\/07\/VISITE-IKEA-SUEDE-NOUVEAUTES-2018.jpg?w=1700&amp;ssl=1 1700w, https:\/\/i0.wp.com\/www.joyana.fr\/wp-content\/uploads\/2017\/07\/VISITE-IKEA-SUEDE-NOUVEAUTES-2018.jpg?resize=300%2C300&amp;ssl=1 300w, https:\/\/i0.wp.com\/www.joyana.fr\/wp-content\/uploads\/2017\/07\/VISITE-IKEA-SUEDE-NOUVEAUTES-2018.jpg?resize=100%2C100&amp;ssl=1 100w, https:\/\/i0.wp.com\/www.joyana.fr\/wp-content\/uploads\/2017\/07\/VISITE-IKEA-SUEDE-NOUVEAUTES-2018.jpg?resize=600%2C600&amp;ssl=1 600w\" sizes=\"(max-width: 1000px) 100vw, 1000px\" \/><\/p>\n<p>Plus de 300 journalistes et blogueurs de plus de 45 pays \u00e9taient pr\u00e9sents pour ne rien manquer des nouveaut\u00e9s du g\u00e9ant su\u00e9dois, et j&#8217;\u00e9tais flatt\u00e9 d&#8217;en faire parti !!! Pour ces collections 2018, IKEA pense de plus en plus \u00e0 la mobilit\u00e9, au rangement, \u00e0 la praticit\u00e9 pour les petits espaces&#8230; Et j&#8217;ai senti une envie claire de monter en gamme sur certaines collections, comme celle de HAY ou TOM DIXON&#8230;<\/p>\n<p style=\"text-align: justify;\">Si vous devez retenir quelques noms, voici les collections \u00e0 venir en 2017-2018 : YPPERLIG (avec HAY), DELAKTIG (Tom Dixon), SPANST (avec Chris STAMP), OMELDEBAR (Bea Akerlund, styliste de Lady Gaga), INDUSTRIELL (avec Piet Ein Heek) ; et les principales collaborations annonc\u00e9es \u00e0 venir pour plus tard donc : BYREDO : autour de l\u2019univers du parfum et des souvenirs, NASA : s\u2019inspirer de la vie dans l\u2019espace pour developper un assortiment de rangements optimal, VIRGIL ABLOH : collection autour de la vie dans de petits espaces&#8230;<\/p>\n<p style=\"text-align: justify;\">J&#8217;avais pu en d\u00e9couvrir une partie lors de la <a href=\"https:\/\/joyana.fr\/milan-design-week-ikea-nouveautes-2017-2018\/125211\/\" target=\"_blank\" rel=\"noopener\">Milan Design Week 2017<\/a>, mais de belles surprises m&#8217;attendaient \u00e0 \u00c4lmhult comme le canap\u00e9 issue de leur collab avec HAY, ou encore la sublime et masculine collection r\u00e9alis\u00e9e avec Chris Stamp ! Et bien d&#8217;autres choses vous vous en doutez, je vous laisse d\u00e9couvrir mes clich\u00e9s&#8230;<\/p>\n<p><img data-recalc-dims=\"1\" loading=\"lazy\" decoding=\"async\" data-attachment-id=\"125576\" data-permalink=\"https:\/\/www.joyana.fr\/ja\/ikea-democratic-design-days-2017\/125549\/fullsizerender-16-2\/\" data-orig-file=\"https:\/\/i0.wp.com\/www.joyana.fr\/wp-content\/uploads\/2017\/07\/FullSizeRender-16.jpg?fit=2039%2C2048&amp;ssl=1\" data-orig-size=\"2039,2048\" data-comments-opened=\"1\" data-image-meta=\"{&quot;aperture&quot;:&quot;2.2&quot;,&quot;credit&quot;:&quot;&quot;,&quot;camera&quot;:&quot;ILCE-7SM2&quot;,&quot;caption&quot;:&quot;&quot;,&quot;created_timestamp&quot;:&quot;1496840055&quot;,&quot;copyright&quot;:&quot;&quot;,&quot;focal_length&quot;:&quot;55&quot;,&quot;iso&quot;:&quot;1600&quot;,&quot;shutter_speed&quot;:&quot;0.00625&quot;,&quot;title&quot;:&quot;&quot;,&quot;orientation&quot;:&quot;1&quot;}\" data-image-title=\"FullSizeRender-16\" data-image-description=\"\" data-image-caption=\"\" data-medium-file=\"https:\/\/i0.wp.com\/www.joyana.fr\/wp-content\/uploads\/2017\/07\/FullSizeRender-16.jpg?fit=387%2C389&amp;ssl=1\" data-large-file=\"https:\/\/i0.wp.com\/www.joyana.fr\/wp-content\/uploads\/2017\/07\/FullSizeRender-16.jpg?fit=1020%2C1024&amp;ssl=1\" class=\"alignnone size-full wp-image-125576\" src=\"https:\/\/i0.wp.com\/joyana.fr\/wp-content\/uploads\/2017\/07\/FullSizeRender-16.jpg?resize=2688%2C2700&#038;ssl=1\" alt=\"\" width=\"2688\" height=\"2700\" srcset=\"https:\/\/i0.wp.com\/www.joyana.fr\/wp-content\/uploads\/2017\/07\/FullSizeRender-16.jpg?w=2039&amp;ssl=1 2039w, https:\/\/i0.wp.com\/www.joyana.fr\/wp-content\/uploads\/2017\/07\/FullSizeRender-16.jpg?resize=300%2C300&amp;ssl=1 300w, https:\/\/i0.wp.com\/www.joyana.fr\/wp-content\/uploads\/2017\/07\/FullSizeRender-16.jpg?resize=100%2C100&amp;ssl=1 100w, https:\/\/i0.wp.com\/www.joyana.fr\/wp-content\/uploads\/2017\/07\/FullSizeRender-16.jpg?resize=600%2C603&amp;ssl=1 600w\" sizes=\"(max-width: 1000px) 100vw, 1000px\" \/><\/p>\n<p style=\"text-align: center;\">IKEA x TOM DIXON<\/p>\n<p><img data-recalc-dims=\"1\" loading=\"lazy\" decoding=\"async\" data-attachment-id=\"125577\" data-permalink=\"https:\/\/www.joyana.fr\/ja\/ikea-democratic-design-days-2017\/125549\/ikea-democratic-design-days-2017_2\/\" data-orig-file=\"https:\/\/i0.wp.com\/www.joyana.fr\/wp-content\/uploads\/2017\/07\/IKEA-DEMOCRATIC-DESIGN-DAYS-2017_2.jpg?fit=1700%2C1700&amp;ssl=1\" data-orig-size=\"1700,1700\" data-comments-opened=\"1\" data-image-meta=\"{&quot;aperture&quot;:&quot;0&quot;,&quot;credit&quot;:&quot;&quot;,&quot;camera&quot;:&quot;&quot;,&quot;caption&quot;:&quot;&quot;,&quot;created_timestamp&quot;:&quot;0&quot;,&quot;copyright&quot;:&quot;&quot;,&quot;focal_length&quot;:&quot;0&quot;,&quot;iso&quot;:&quot;0&quot;,&quot;shutter_speed&quot;:&quot;0&quot;,&quot;title&quot;:&quot;&quot;,&quot;orientation&quot;:&quot;1&quot;}\" data-image-title=\"IKEA-DEMOCRATIC-DESIGN-DAYS-2017_2\" data-image-description=\"\" data-image-caption=\"\" data-medium-file=\"https:\/\/i0.wp.com\/www.joyana.fr\/wp-content\/uploads\/2017\/07\/IKEA-DEMOCRATIC-DESIGN-DAYS-2017_2.jpg?fit=389%2C389&amp;ssl=1\" data-large-file=\"https:\/\/i0.wp.com\/www.joyana.fr\/wp-content\/uploads\/2017\/07\/IKEA-DEMOCRATIC-DESIGN-DAYS-2017_2.jpg?fit=1024%2C1024&amp;ssl=1\" class=\"alignnone size-full wp-image-125577\" src=\"https:\/\/i0.wp.com\/joyana.fr\/wp-content\/uploads\/2017\/07\/IKEA-DEMOCRATIC-DESIGN-DAYS-2017_2.jpg?resize=1700%2C1700&#038;ssl=1\" alt=\"\" width=\"1700\" height=\"1700\" srcset=\"https:\/\/i0.wp.com\/www.joyana.fr\/wp-content\/uploads\/2017\/07\/IKEA-DEMOCRATIC-DESIGN-DAYS-2017_2.jpg?w=1700&amp;ssl=1 1700w, https:\/\/i0.wp.com\/www.joyana.fr\/wp-content\/uploads\/2017\/07\/IKEA-DEMOCRATIC-DESIGN-DAYS-2017_2.jpg?resize=300%2C300&amp;ssl=1 300w, https:\/\/i0.wp.com\/www.joyana.fr\/wp-content\/uploads\/2017\/07\/IKEA-DEMOCRATIC-DESIGN-DAYS-2017_2.jpg?resize=100%2C100&amp;ssl=1 100w, https:\/\/i0.wp.com\/www.joyana.fr\/wp-content\/uploads\/2017\/07\/IKEA-DEMOCRATIC-DESIGN-DAYS-2017_2.jpg?resize=600%2C600&amp;ssl=1 600w\" sizes=\"(max-width: 1000px) 100vw, 1000px\" \/><\/p>\n<p style=\"text-align: center;\">IKEA x HAY<\/p>\n<p><img data-recalc-dims=\"1\" loading=\"lazy\" decoding=\"async\" data-attachment-id=\"125565\" data-permalink=\"https:\/\/www.joyana.fr\/ja\/ikea-democratic-design-days-2017\/125549\/visite-ikea-suede-collab-stampd_4\/\" data-orig-file=\"https:\/\/i0.wp.com\/www.joyana.fr\/wp-content\/uploads\/2017\/07\/VISITE-IKEA-SUEDE-collab-stampd_4.jpg?fit=1700%2C1700&amp;ssl=1\" data-orig-size=\"1700,1700\" data-comments-opened=\"1\" data-image-meta=\"{&quot;aperture&quot;:&quot;0&quot;,&quot;credit&quot;:&quot;&quot;,&quot;camera&quot;:&quot;&quot;,&quot;caption&quot;:&quot;&quot;,&quot;created_timestamp&quot;:&quot;0&quot;,&quot;copyright&quot;:&quot;&quot;,&quot;focal_length&quot;:&quot;0&quot;,&quot;iso&quot;:&quot;0&quot;,&quot;shutter_speed&quot;:&quot;0&quot;,&quot;title&quot;:&quot;&quot;,&quot;orientation&quot;:&quot;0&quot;}\" data-image-title=\"VISITE-IKEA-SUEDE-collab-stampd_4\" data-image-description=\"\" data-image-caption=\"\" data-medium-file=\"https:\/\/i0.wp.com\/www.joyana.fr\/wp-content\/uploads\/2017\/07\/VISITE-IKEA-SUEDE-collab-stampd_4.jpg?fit=389%2C389&amp;ssl=1\" data-large-file=\"https:\/\/i0.wp.com\/www.joyana.fr\/wp-content\/uploads\/2017\/07\/VISITE-IKEA-SUEDE-collab-stampd_4.jpg?fit=1024%2C1024&amp;ssl=1\" class=\"alignnone size-full wp-image-125565\" src=\"https:\/\/i0.wp.com\/joyana.fr\/wp-content\/uploads\/2017\/07\/VISITE-IKEA-SUEDE-collab-stampd_4.jpg?resize=1700%2C1700&#038;ssl=1\" alt=\"\" width=\"1700\" height=\"1700\" srcset=\"https:\/\/i0.wp.com\/www.joyana.fr\/wp-content\/uploads\/2017\/07\/VISITE-IKEA-SUEDE-collab-stampd_4.jpg?w=1700&amp;ssl=1 1700w, https:\/\/i0.wp.com\/www.joyana.fr\/wp-content\/uploads\/2017\/07\/VISITE-IKEA-SUEDE-collab-stampd_4.jpg?resize=300%2C300&amp;ssl=1 300w, https:\/\/i0.wp.com\/www.joyana.fr\/wp-content\/uploads\/2017\/07\/VISITE-IKEA-SUEDE-collab-stampd_4.jpg?resize=100%2C100&amp;ssl=1 100w, https:\/\/i0.wp.com\/www.joyana.fr\/wp-content\/uploads\/2017\/07\/VISITE-IKEA-SUEDE-collab-stampd_4.jpg?resize=600%2C600&amp;ssl=1 600w\" sizes=\"(max-width: 1000px) 100vw, 1000px\" \/><\/p>\n<p><img data-recalc-dims=\"1\" loading=\"lazy\" decoding=\"async\" data-attachment-id=\"125566\" data-permalink=\"https:\/\/www.joyana.fr\/ja\/ikea-democratic-design-days-2017\/125549\/visite-ikea-suede-collab-stampd\/\" data-orig-file=\"https:\/\/i0.wp.com\/www.joyana.fr\/wp-content\/uploads\/2017\/07\/VISITE-IKEA-SUEDE-collab-stampd.jpg?fit=1700%2C1700&amp;ssl=1\" data-orig-size=\"1700,1700\" data-comments-opened=\"1\" data-image-meta=\"{&quot;aperture&quot;:&quot;0&quot;,&quot;credit&quot;:&quot;&quot;,&quot;camera&quot;:&quot;&quot;,&quot;caption&quot;:&quot;&quot;,&quot;created_timestamp&quot;:&quot;0&quot;,&quot;copyright&quot;:&quot;&quot;,&quot;focal_length&quot;:&quot;0&quot;,&quot;iso&quot;:&quot;0&quot;,&quot;shutter_speed&quot;:&quot;0&quot;,&quot;title&quot;:&quot;&quot;,&quot;orientation&quot;:&quot;0&quot;}\" data-image-title=\"VISITE-IKEA-SUEDE-collab-stampd\" data-image-description=\"\" data-image-caption=\"\" data-medium-file=\"https:\/\/i0.wp.com\/www.joyana.fr\/wp-content\/uploads\/2017\/07\/VISITE-IKEA-SUEDE-collab-stampd.jpg?fit=389%2C389&amp;ssl=1\" data-large-file=\"https:\/\/i0.wp.com\/www.joyana.fr\/wp-content\/uploads\/2017\/07\/VISITE-IKEA-SUEDE-collab-stampd.jpg?fit=1024%2C1024&amp;ssl=1\" class=\"alignnone size-full wp-image-125566\" src=\"https:\/\/i0.wp.com\/joyana.fr\/wp-content\/uploads\/2017\/07\/VISITE-IKEA-SUEDE-collab-stampd.jpg?resize=1700%2C1700&#038;ssl=1\" alt=\"\" width=\"1700\" height=\"1700\" srcset=\"https:\/\/i0.wp.com\/www.joyana.fr\/wp-content\/uploads\/2017\/07\/VISITE-IKEA-SUEDE-collab-stampd.jpg?w=1700&amp;ssl=1 1700w, https:\/\/i0.wp.com\/www.joyana.fr\/wp-content\/uploads\/2017\/07\/VISITE-IKEA-SUEDE-collab-stampd.jpg?resize=300%2C300&amp;ssl=1 300w, https:\/\/i0.wp.com\/www.joyana.fr\/wp-content\/uploads\/2017\/07\/VISITE-IKEA-SUEDE-collab-stampd.jpg?resize=100%2C100&amp;ssl=1 100w, https:\/\/i0.wp.com\/www.joyana.fr\/wp-content\/uploads\/2017\/07\/VISITE-IKEA-SUEDE-collab-stampd.jpg?resize=600%2C600&amp;ssl=1 600w\" sizes=\"(max-width: 1000px) 100vw, 1000px\" \/><\/p>\n<p><img data-recalc-dims=\"1\" loading=\"lazy\" decoding=\"async\" data-attachment-id=\"125564\" data-permalink=\"https:\/\/www.joyana.fr\/ja\/ikea-democratic-design-days-2017\/125549\/visite-ikea-suede-collab-stampd_3\/\" data-orig-file=\"https:\/\/i0.wp.com\/www.joyana.fr\/wp-content\/uploads\/2017\/07\/VISITE-IKEA-SUEDE-collab-stampd_3.jpg?fit=1700%2C1700&amp;ssl=1\" data-orig-size=\"1700,1700\" data-comments-opened=\"1\" data-image-meta=\"{&quot;aperture&quot;:&quot;0&quot;,&quot;credit&quot;:&quot;&quot;,&quot;camera&quot;:&quot;&quot;,&quot;caption&quot;:&quot;&quot;,&quot;created_timestamp&quot;:&quot;0&quot;,&quot;copyright&quot;:&quot;&quot;,&quot;focal_length&quot;:&quot;0&quot;,&quot;iso&quot;:&quot;0&quot;,&quot;shutter_speed&quot;:&quot;0&quot;,&quot;title&quot;:&quot;&quot;,&quot;orientation&quot;:&quot;0&quot;}\" data-image-title=\"VISITE-IKEA-SUEDE-collab-stampd_3\" data-image-description=\"\" data-image-caption=\"\" data-medium-file=\"https:\/\/i0.wp.com\/www.joyana.fr\/wp-content\/uploads\/2017\/07\/VISITE-IKEA-SUEDE-collab-stampd_3.jpg?fit=389%2C389&amp;ssl=1\" data-large-file=\"https:\/\/i0.wp.com\/www.joyana.fr\/wp-content\/uploads\/2017\/07\/VISITE-IKEA-SUEDE-collab-stampd_3.jpg?fit=1024%2C1024&amp;ssl=1\" class=\"alignnone size-full wp-image-125564\" src=\"https:\/\/i0.wp.com\/joyana.fr\/wp-content\/uploads\/2017\/07\/VISITE-IKEA-SUEDE-collab-stampd_3.jpg?resize=1700%2C1700&#038;ssl=1\" alt=\"\" width=\"1700\" height=\"1700\" srcset=\"https:\/\/i0.wp.com\/www.joyana.fr\/wp-content\/uploads\/2017\/07\/VISITE-IKEA-SUEDE-collab-stampd_3.jpg?w=1700&amp;ssl=1 1700w, https:\/\/i0.wp.com\/www.joyana.fr\/wp-content\/uploads\/2017\/07\/VISITE-IKEA-SUEDE-collab-stampd_3.jpg?resize=300%2C300&amp;ssl=1 300w, https:\/\/i0.wp.com\/www.joyana.fr\/wp-content\/uploads\/2017\/07\/VISITE-IKEA-SUEDE-collab-stampd_3.jpg?resize=100%2C100&amp;ssl=1 100w, https:\/\/i0.wp.com\/www.joyana.fr\/wp-content\/uploads\/2017\/07\/VISITE-IKEA-SUEDE-collab-stampd_3.jpg?resize=600%2C600&amp;ssl=1 600w\" sizes=\"(max-width: 1000px) 100vw, 1000px\" \/><\/p>\n<p><img data-recalc-dims=\"1\" loading=\"lazy\" decoding=\"async\" data-attachment-id=\"125563\" data-permalink=\"https:\/\/www.joyana.fr\/ja\/ikea-democratic-design-days-2017\/125549\/visite-ikea-suede-collab-stampd_2\/\" data-orig-file=\"https:\/\/i0.wp.com\/www.joyana.fr\/wp-content\/uploads\/2017\/07\/VISITE-IKEA-SUEDE-collab-stampd_2.jpg?fit=1700%2C1700&amp;ssl=1\" data-orig-size=\"1700,1700\" data-comments-opened=\"1\" data-image-meta=\"{&quot;aperture&quot;:&quot;0&quot;,&quot;credit&quot;:&quot;&quot;,&quot;camera&quot;:&quot;&quot;,&quot;caption&quot;:&quot;&quot;,&quot;created_timestamp&quot;:&quot;0&quot;,&quot;copyright&quot;:&quot;&quot;,&quot;focal_length&quot;:&quot;0&quot;,&quot;iso&quot;:&quot;0&quot;,&quot;shutter_speed&quot;:&quot;0&quot;,&quot;title&quot;:&quot;&quot;,&quot;orientation&quot;:&quot;0&quot;}\" data-image-title=\"VISITE-IKEA-SUEDE-collab-stampd_2\" data-image-description=\"\" data-image-caption=\"\" data-medium-file=\"https:\/\/i0.wp.com\/www.joyana.fr\/wp-content\/uploads\/2017\/07\/VISITE-IKEA-SUEDE-collab-stampd_2.jpg?fit=389%2C389&amp;ssl=1\" data-large-file=\"https:\/\/i0.wp.com\/www.joyana.fr\/wp-content\/uploads\/2017\/07\/VISITE-IKEA-SUEDE-collab-stampd_2.jpg?fit=1024%2C1024&amp;ssl=1\" class=\"alignnone size-full wp-image-125563\" src=\"https:\/\/i0.wp.com\/joyana.fr\/wp-content\/uploads\/2017\/07\/VISITE-IKEA-SUEDE-collab-stampd_2.jpg?resize=1700%2C1700&#038;ssl=1\" alt=\"\" width=\"1700\" height=\"1700\" srcset=\"https:\/\/i0.wp.com\/www.joyana.fr\/wp-content\/uploads\/2017\/07\/VISITE-IKEA-SUEDE-collab-stampd_2.jpg?w=1700&amp;ssl=1 1700w, https:\/\/i0.wp.com\/www.joyana.fr\/wp-content\/uploads\/2017\/07\/VISITE-IKEA-SUEDE-collab-stampd_2.jpg?resize=300%2C300&amp;ssl=1 300w, https:\/\/i0.wp.com\/www.joyana.fr\/wp-content\/uploads\/2017\/07\/VISITE-IKEA-SUEDE-collab-stampd_2.jpg?resize=100%2C100&amp;ssl=1 100w, https:\/\/i0.wp.com\/www.joyana.fr\/wp-content\/uploads\/2017\/07\/VISITE-IKEA-SUEDE-collab-stampd_2.jpg?resize=600%2C600&amp;ssl=1 600w\" sizes=\"(max-width: 1000px) 100vw, 1000px\" \/><\/p>\n<p style=\"text-align: center;\"><img data-recalc-dims=\"1\" loading=\"lazy\" decoding=\"async\" data-attachment-id=\"125574\" data-permalink=\"https:\/\/www.joyana.fr\/ja\/ikea-democratic-design-days-2017\/125549\/fullsizerender-13\/\" data-orig-file=\"https:\/\/i0.wp.com\/www.joyana.fr\/wp-content\/uploads\/2017\/07\/FullSizeRender-13.jpg?fit=1978%2C1978&amp;ssl=1\" data-orig-size=\"1978,1978\" data-comments-opened=\"1\" data-image-meta=\"{&quot;aperture&quot;:&quot;2.2&quot;,&quot;credit&quot;:&quot;&quot;,&quot;camera&quot;:&quot;ILCE-7SM2&quot;,&quot;caption&quot;:&quot;&quot;,&quot;created_timestamp&quot;:&quot;1496840210&quot;,&quot;copyright&quot;:&quot;&quot;,&quot;focal_length&quot;:&quot;55&quot;,&quot;iso&quot;:&quot;2500&quot;,&quot;shutter_speed&quot;:&quot;0.01&quot;,&quot;title&quot;:&quot;&quot;,&quot;orientation&quot;:&quot;1&quot;}\" data-image-title=\"FullSizeRender-13\" data-image-description=\"\" data-image-caption=\"\" data-medium-file=\"https:\/\/i0.wp.com\/www.joyana.fr\/wp-content\/uploads\/2017\/07\/FullSizeRender-13.jpg?fit=389%2C389&amp;ssl=1\" data-large-file=\"https:\/\/i0.wp.com\/www.joyana.fr\/wp-content\/uploads\/2017\/07\/FullSizeRender-13.jpg?fit=1024%2C1024&amp;ssl=1\" class=\"alignnone size-full wp-image-125574\" src=\"https:\/\/i0.wp.com\/joyana.fr\/wp-content\/uploads\/2017\/07\/FullSizeRender-13.jpg?resize=1978%2C1978&#038;ssl=1\" alt=\"\" width=\"1978\" height=\"1978\" srcset=\"https:\/\/i0.wp.com\/www.joyana.fr\/wp-content\/uploads\/2017\/07\/FullSizeRender-13.jpg?w=1978&amp;ssl=1 1978w, https:\/\/i0.wp.com\/www.joyana.fr\/wp-content\/uploads\/2017\/07\/FullSizeRender-13.jpg?resize=300%2C300&amp;ssl=1 300w, https:\/\/i0.wp.com\/www.joyana.fr\/wp-content\/uploads\/2017\/07\/FullSizeRender-13.jpg?resize=100%2C100&amp;ssl=1 100w, https:\/\/i0.wp.com\/www.joyana.fr\/wp-content\/uploads\/2017\/07\/FullSizeRender-13.jpg?resize=600%2C600&amp;ssl=1 600w\" sizes=\"(max-width: 1000px) 100vw, 1000px\" \/><\/p>\n<p style=\"text-align: center;\">IKEA x STAMPD<\/p>\n<p><img data-recalc-dims=\"1\" loading=\"lazy\" decoding=\"async\" data-attachment-id=\"125562\" data-permalink=\"https:\/\/www.joyana.fr\/ja\/ikea-democratic-design-days-2017\/125549\/visite-ikea-suede-collab-colette\/\" data-orig-file=\"https:\/\/i0.wp.com\/www.joyana.fr\/wp-content\/uploads\/2017\/07\/VISITE-IKEA-SUEDE-COLLAB-COLETTE.jpg?fit=900%2C900&amp;ssl=1\" data-orig-size=\"900,900\" data-comments-opened=\"1\" data-image-meta=\"{&quot;aperture&quot;:&quot;0&quot;,&quot;credit&quot;:&quot;&quot;,&quot;camera&quot;:&quot;&quot;,&quot;caption&quot;:&quot;&quot;,&quot;created_timestamp&quot;:&quot;0&quot;,&quot;copyright&quot;:&quot;&quot;,&quot;focal_length&quot;:&quot;0&quot;,&quot;iso&quot;:&quot;0&quot;,&quot;shutter_speed&quot;:&quot;0&quot;,&quot;title&quot;:&quot;&quot;,&quot;orientation&quot;:&quot;0&quot;}\" data-image-title=\"VISITE-IKEA-SUEDE-COLLAB-COLETTE\" data-image-description=\"\" data-image-caption=\"\" data-medium-file=\"https:\/\/i0.wp.com\/www.joyana.fr\/wp-content\/uploads\/2017\/07\/VISITE-IKEA-SUEDE-COLLAB-COLETTE.jpg?fit=389%2C389&amp;ssl=1\" data-large-file=\"https:\/\/i0.wp.com\/www.joyana.fr\/wp-content\/uploads\/2017\/07\/VISITE-IKEA-SUEDE-COLLAB-COLETTE.jpg?fit=900%2C900&amp;ssl=1\" class=\"alignnone size-full wp-image-125562\" src=\"https:\/\/i0.wp.com\/joyana.fr\/wp-content\/uploads\/2017\/07\/VISITE-IKEA-SUEDE-COLLAB-COLETTE.jpg?resize=900%2C900&#038;ssl=1\" alt=\"\" width=\"900\" height=\"900\" srcset=\"https:\/\/i0.wp.com\/www.joyana.fr\/wp-content\/uploads\/2017\/07\/VISITE-IKEA-SUEDE-COLLAB-COLETTE.jpg?w=900&amp;ssl=1 900w, https:\/\/i0.wp.com\/www.joyana.fr\/wp-content\/uploads\/2017\/07\/VISITE-IKEA-SUEDE-COLLAB-COLETTE.jpg?resize=300%2C300&amp;ssl=1 300w, https:\/\/i0.wp.com\/www.joyana.fr\/wp-content\/uploads\/2017\/07\/VISITE-IKEA-SUEDE-COLLAB-COLETTE.jpg?resize=100%2C100&amp;ssl=1 100w, https:\/\/i0.wp.com\/www.joyana.fr\/wp-content\/uploads\/2017\/07\/VISITE-IKEA-SUEDE-COLLAB-COLETTE.jpg?resize=600%2C600&amp;ssl=1 600w\" sizes=\"(max-width: 900px) 100vw, 900px\" \/><\/p>\n<p style=\"text-align: center;\">IKEA x COLETTE<\/p>\n<p><span style=\"color: #ffffff;\">.<\/span><\/p>\n<p style=\"text-align: justify;\">IKEA m&#8217;avait r\u00e9serv\u00e9 une belle surprise, j&#8217;ai eu la chance d&#8217;interviewer des personnalit\u00e9s de la street culture que j&#8217;admire depuis des ann\u00e9es. Virgil Abloh, Chris Stamp, et Sarah de Colette (mon QG \u00e0 Paris)&#8230;<\/p>\n<p><img data-recalc-dims=\"1\" loading=\"lazy\" decoding=\"async\" data-attachment-id=\"125581\" data-permalink=\"https:\/\/www.joyana.fr\/ja\/ikea-democratic-design-days-2017\/125549\/ikea-virgil-abloh-off-white-copie-3\/\" data-orig-file=\"https:\/\/i0.wp.com\/www.joyana.fr\/wp-content\/uploads\/2017\/07\/IKEA-VIRGIL-ABLOH-OFF-WHITE-copie-2.jpg?fit=1622%2C1622&amp;ssl=1\" data-orig-size=\"1622,1622\" data-comments-opened=\"1\" data-image-meta=\"{&quot;aperture&quot;:&quot;2.2&quot;,&quot;credit&quot;:&quot;&quot;,&quot;camera&quot;:&quot;iPhone 7&quot;,&quot;caption&quot;:&quot;&quot;,&quot;created_timestamp&quot;:&quot;1496910493&quot;,&quot;copyright&quot;:&quot;&quot;,&quot;focal_length&quot;:&quot;2.87&quot;,&quot;iso&quot;:&quot;1000&quot;,&quot;shutter_speed&quot;:&quot;0.058823529411765&quot;,&quot;title&quot;:&quot;&quot;,&quot;orientation&quot;:&quot;1&quot;}\" data-image-title=\"IKEA VIRGIL ABLOH OFF WHITE copie\" data-image-description=\"\" data-image-caption=\"\" data-medium-file=\"https:\/\/i0.wp.com\/www.joyana.fr\/wp-content\/uploads\/2017\/07\/IKEA-VIRGIL-ABLOH-OFF-WHITE-copie-2.jpg?fit=389%2C389&amp;ssl=1\" data-large-file=\"https:\/\/i0.wp.com\/www.joyana.fr\/wp-content\/uploads\/2017\/07\/IKEA-VIRGIL-ABLOH-OFF-WHITE-copie-2.jpg?fit=1024%2C1024&amp;ssl=1\" class=\"alignnone size-full wp-image-125581\" src=\"https:\/\/i0.wp.com\/joyana.fr\/wp-content\/uploads\/2017\/07\/IKEA-VIRGIL-ABLOH-OFF-WHITE-copie-2.jpg?resize=1622%2C1622&#038;ssl=1\" alt=\"\" width=\"1622\" height=\"1622\" srcset=\"https:\/\/i0.wp.com\/www.joyana.fr\/wp-content\/uploads\/2017\/07\/IKEA-VIRGIL-ABLOH-OFF-WHITE-copie-2.jpg?w=1622&amp;ssl=1 1622w, https:\/\/i0.wp.com\/www.joyana.fr\/wp-content\/uploads\/2017\/07\/IKEA-VIRGIL-ABLOH-OFF-WHITE-copie-2.jpg?resize=300%2C300&amp;ssl=1 300w, https:\/\/i0.wp.com\/www.joyana.fr\/wp-content\/uploads\/2017\/07\/IKEA-VIRGIL-ABLOH-OFF-WHITE-copie-2.jpg?resize=100%2C100&amp;ssl=1 100w, https:\/\/i0.wp.com\/www.joyana.fr\/wp-content\/uploads\/2017\/07\/IKEA-VIRGIL-ABLOH-OFF-WHITE-copie-2.jpg?resize=600%2C600&amp;ssl=1 600w\" sizes=\"(max-width: 1000px) 100vw, 1000px\" \/><\/p>\n<h3 style=\"text-align: center;\"><span style=\"color: #ff99cc;\">\u2013 INTERVIEW VIRGIL ABLOH \u2013<\/span><\/h3>\n<p style=\"text-align: center;\"><span style=\"color: #ff99cc;\">JO YANA<\/span> <span style=\"color: #ff99cc;\">\u2013 So what is the next move with IKEA ?<\/span><\/p>\n<p style=\"text-align: center;\"><span style=\"color: #333333;\">VIRGIL ABLOH \u2013<\/span> There\u2019s no direct plan as of yet, its still open ended ! I look at it like a studio, the design process for furniture is long and it starts with a lot of research \u2026 we are still in this phase.<\/p>\n<p style=\"text-align: center;\"><span style=\"color: #ff99cc;\">\u2013 What is &#8220;beauty&#8221; for you ?<\/span><\/p>\n<p style=\"text-align: center;\">\u2013 It depends on the format, it\u2019s different if it\u2019s an object, or a visual, a sensation or an experience. These all impact the definition of beauty. I love the concept of beauty as it strives to make the world a better place\u2026<\/p>\n<p style=\"text-align: center;\"><span style=\"color: #ff99cc;\">\u2013 If I say beauty and a place in the world&#8230;<\/span>\u00a0Somewhere in nature&#8230;<\/p>\n<p style=\"text-align: center;\"><span style=\"color: #ff99cc;\">\u2013 If I say beauty and a Fashion brand&#8230;<\/span>\u00a0Something that is careful&#8230;<\/p>\n<p style=\"text-align: center;\"><span style=\"color: #ff99cc;\">\u2013 If I say beauty and a piece of furniture&#8230;<\/span>\u00a0Something that is appealing\u2026<\/p>\n<p style=\"text-align: center;\"><span style=\"color: #ff99cc;\">\u2013 If I say beauty and an object&#8230;<\/span>\u00a0Something that you can accept&#8230;<\/p>\n<p style=\"text-align: center;\"><span style=\"color: #ff99cc;\">\u2013 If I say beauty and a book&#8230;<\/span>\u00a0Something pleasing to oneself&#8230;<\/p>\n<p style=\"text-align: center;\"><span style=\"color: #ff99cc;\">\u2013 If I say beauty and a music album&#8230;<\/span>\u00a0Same thing, something easy to listen to\u2026<\/p>\n<p style=\"text-align: center;\"><span style=\"color: #ff99cc;\">\u2013 If I say beauty and a Movie&#8230;<\/span>\u00a0Again, something that gives you good sensations&#8230;<\/p>\n<p style=\"text-align: center;\"><span style=\"color: #ff99cc;\">\u2013 If I say beauty and an art Exhibition&#8230;<\/span>\u00a0Something that educates, that inspires and teaches you something\u2026<\/p>\n<p style=\"text-align: center;\"><span style=\"color: #ff99cc;\">\u2013 If I say beauty and a moment&#8230;<\/span>\u00a0Something pure !<\/p>\n<p><img data-recalc-dims=\"1\" loading=\"lazy\" decoding=\"async\" data-attachment-id=\"125580\" data-permalink=\"https:\/\/www.joyana.fr\/ja\/ikea-democratic-design-days-2017\/125549\/ikea-collab-stampd-2\/\" data-orig-file=\"https:\/\/i0.wp.com\/www.joyana.fr\/wp-content\/uploads\/2017\/07\/IKEA-COLLAB-STAMPD-1.jpg?fit=1622%2C1634&amp;ssl=1\" data-orig-size=\"1622,1634\" data-comments-opened=\"1\" data-image-meta=\"{&quot;aperture&quot;:&quot;0&quot;,&quot;credit&quot;:&quot;&quot;,&quot;camera&quot;:&quot;&quot;,&quot;caption&quot;:&quot;&quot;,&quot;created_timestamp&quot;:&quot;0&quot;,&quot;copyright&quot;:&quot;&quot;,&quot;focal_length&quot;:&quot;0&quot;,&quot;iso&quot;:&quot;0&quot;,&quot;shutter_speed&quot;:&quot;0&quot;,&quot;title&quot;:&quot;&quot;,&quot;orientation&quot;:&quot;1&quot;}\" data-image-title=\"IKEA COLLAB STAMPD\" data-image-description=\"\" data-image-caption=\"\" data-medium-file=\"https:\/\/i0.wp.com\/www.joyana.fr\/wp-content\/uploads\/2017\/07\/IKEA-COLLAB-STAMPD-1.jpg?fit=386%2C389&amp;ssl=1\" data-large-file=\"https:\/\/i0.wp.com\/www.joyana.fr\/wp-content\/uploads\/2017\/07\/IKEA-COLLAB-STAMPD-1.jpg?fit=1016%2C1024&amp;ssl=1\" class=\"alignnone size-full wp-image-125580\" src=\"https:\/\/i0.wp.com\/joyana.fr\/wp-content\/uploads\/2017\/07\/IKEA-COLLAB-STAMPD-1.jpg?resize=1622%2C1634&#038;ssl=1\" alt=\"\" width=\"1622\" height=\"1634\" srcset=\"https:\/\/i0.wp.com\/www.joyana.fr\/wp-content\/uploads\/2017\/07\/IKEA-COLLAB-STAMPD-1.jpg?w=1622&amp;ssl=1 1622w, https:\/\/i0.wp.com\/www.joyana.fr\/wp-content\/uploads\/2017\/07\/IKEA-COLLAB-STAMPD-1.jpg?resize=100%2C100&amp;ssl=1 100w, https:\/\/i0.wp.com\/www.joyana.fr\/wp-content\/uploads\/2017\/07\/IKEA-COLLAB-STAMPD-1.jpg?resize=600%2C604&amp;ssl=1 600w\" sizes=\"(max-width: 1000px) 100vw, 1000px\" \/><\/p>\n<h3 style=\"text-align: center;\"><span style=\"color: #ff99cc;\">\u2013 INTERVIEW CHRIS STAMP (STAMPD) \u2013<\/span><\/h3>\n<p style=\"text-align: center;\"><span style=\"color: #ff99cc;\">JO YANA \u2013 What is &#8220;beauty&#8221; for you ?<\/span><\/p>\n<p style=\"text-align: center;\"><span style=\"color: #333333;\">CHRIS STAMP<\/span> \u2013\u00a0<span lang=\"en\">A timeless design, which you can enjoy in the near future, or in 10 years, 20 years<\/span><span lang=\"en\">&#8230;<\/span><\/p>\n<p style=\"text-align: center;\"><span style=\"color: #ff99cc;\">\u2013 If I say beauty and a place in the world&#8230;\u00a0<span style=\"color: #333333;\">Copenhagen&#8230;<\/span><\/span><\/p>\n<p style=\"text-align: center;\"><span style=\"color: #ff99cc;\">\u2013 If I say beauty and a Fashion brand&#8230;\u00a0<span style=\"color: #333333;\">Can I say STAMPD ? (lol) I think VUITTON&#8230;<\/span><\/span><\/p>\n<p style=\"text-align: center;\"><span style=\"color: #ff99cc;\">\u2013 If I say beauty and a piece of furniture&#8230;<\/span>\u00a0<span style=\"color: #333333;\">All EAMES chair&#8230;<\/span><\/p>\n<p style=\"text-align: center;\"><span style=\"color: #ff99cc;\">\u2013 If I say beauty and a piece of furniture by IKEA&#8230;<\/span> <span style=\"color: #333333;\">The black table STAMPD x IKEA&#8230;<\/span><\/p>\n<p style=\"text-align: center;\"><span style=\"color: #ff99cc;\">\u2013 If I say beauty and an object&#8230;<\/span>\u00a0<span style=\"color: #333333;\">iPhone&#8230;<\/span><\/p>\n<p style=\"text-align: center;\"><span style=\"color: #ff99cc;\">\u2013 If I say beauty and an IKEA object&#8230;<\/span>\u00a0<span style=\"color: #333333;\">A timeless IKEA piece, I hope the acrylic shoes box that we designed&#8230;<\/span><\/p>\n<p style=\"text-align: center;\"><span style=\"color: #ff99cc;\">\u2013 If I say beauty and a book&#8230;<\/span>\u00a0<span style=\"color: #333333;\">HELMUT NEWTON (Taschen)&#8230;<\/span><\/p>\n<p style=\"text-align: center;\"><span style=\"color: #ff99cc;\">\u2013 If I say beauty and a Movie&#8230;<\/span>\u00a0<span style=\"color: #333333;\">Lost in Translation&#8230;<\/span><\/p>\n<p style=\"text-align: center;\"><span style=\"color: #ff99cc;\">\u2013 If I say beauty and an art Exhibition&#8230;<\/span> <span style=\"color: #333333;\">Daniel ARSHAM in New York&#8230;<\/span><\/p>\n<p style=\"text-align: center;\"><span style=\"color: #ff99cc;\">\u2013 If I say beauty and a moment&#8230;<\/span>\u00a0<span style=\"color: #333333;\">Sakura&#8217;s season in Tokyo&#8230;<\/span><\/p>\n<p><img data-recalc-dims=\"1\" loading=\"lazy\" decoding=\"async\" data-attachment-id=\"125582\" data-permalink=\"https:\/\/www.joyana.fr\/ja\/ikea-democratic-design-days-2017\/125549\/interview-colette-ikea-2018-collab\/\" data-orig-file=\"https:\/\/i0.wp.com\/www.joyana.fr\/wp-content\/uploads\/2017\/07\/interview-colette-ikea-2018-collab.jpg?fit=854%2C857&amp;ssl=1\" data-orig-size=\"854,857\" data-comments-opened=\"1\" data-image-meta=\"{&quot;aperture&quot;:&quot;0&quot;,&quot;credit&quot;:&quot;&quot;,&quot;camera&quot;:&quot;&quot;,&quot;caption&quot;:&quot;&quot;,&quot;created_timestamp&quot;:&quot;0&quot;,&quot;copyright&quot;:&quot;&quot;,&quot;focal_length&quot;:&quot;0&quot;,&quot;iso&quot;:&quot;0&quot;,&quot;shutter_speed&quot;:&quot;0&quot;,&quot;title&quot;:&quot;&quot;,&quot;orientation&quot;:&quot;1&quot;}\" data-image-title=\"interview colette ikea 2018 collab\" data-image-description=\"\" data-image-caption=\"\" data-medium-file=\"https:\/\/i0.wp.com\/www.joyana.fr\/wp-content\/uploads\/2017\/07\/interview-colette-ikea-2018-collab.jpg?fit=389%2C389&amp;ssl=1\" data-large-file=\"https:\/\/i0.wp.com\/www.joyana.fr\/wp-content\/uploads\/2017\/07\/interview-colette-ikea-2018-collab.jpg?fit=854%2C857&amp;ssl=1\" class=\"alignnone size-full wp-image-125582\" src=\"https:\/\/i0.wp.com\/joyana.fr\/wp-content\/uploads\/2017\/07\/interview-colette-ikea-2018-collab.jpg?resize=854%2C857&#038;ssl=1\" alt=\"\" width=\"854\" height=\"857\" srcset=\"https:\/\/i0.wp.com\/www.joyana.fr\/wp-content\/uploads\/2017\/07\/interview-colette-ikea-2018-collab.jpg?w=854&amp;ssl=1 854w, https:\/\/i0.wp.com\/www.joyana.fr\/wp-content\/uploads\/2017\/07\/interview-colette-ikea-2018-collab.jpg?resize=300%2C300&amp;ssl=1 300w, https:\/\/i0.wp.com\/www.joyana.fr\/wp-content\/uploads\/2017\/07\/interview-colette-ikea-2018-collab.jpg?resize=100%2C100&amp;ssl=1 100w, https:\/\/i0.wp.com\/www.joyana.fr\/wp-content\/uploads\/2017\/07\/interview-colette-ikea-2018-collab.jpg?resize=600%2C602&amp;ssl=1 600w\" sizes=\"(max-width: 854px) 100vw, 854px\" \/><\/p>\n<h3 style=\"text-align: center;\"><span style=\"color: #ff99cc;\">\u2013 INTERVIEW SARAH (COLETTE) &amp; DARCEL \u2013<\/span><\/h3>\n<p style=\"text-align: center;\"><span style=\"color: #ff99cc;\">JO YANA \u2013 What is &#8220;beauty&#8221; for you ?<\/span><\/p>\n<p style=\"text-align: center;\"><span style=\"color: #000080;\">SARAH COLETTE \u2013 Timeless<\/span><\/p>\n<p style=\"text-align: center;\">DARCEL \u2013 Beauty for me is probably that feeling of satisfaction you get when you executing something that you feel is perfect&#8230;<\/p>\n<p style=\"text-align: center;\"><span style=\"color: #ff99cc;\">\u2013 If I say beauty and a place in the world&#8230;\u00a0<\/span><\/p>\n<p style=\"text-align: center;\"><span style=\"color: #000080;\">\u2013 Paris&#8230;<\/span><\/p>\n<p style=\"text-align: center;\">\u2013 New York&#8230; Disgusting but beautiful !<\/p>\n<p style=\"text-align: center;\"><span style=\"color: #ff99cc;\">\u2013 If I say beauty and a Fashion brand&#8230;\u00a0<\/span><\/p>\n<p style=\"text-align: center;\"><span style=\"color: #000080;\">\u2013 Comme Des Garcons<\/span><\/p>\n<p style=\"text-align: center;\">\u2013 Anything from RAF SIMONS !<\/p>\n<p style=\"text-align: center;\"><span style=\"color: #ff99cc;\">\u2013 If I say beauty and a piece of furniture&#8230; <\/span><\/p>\n<p style=\"text-align: center;\">\u2013 <span style=\"color: #000080;\">The collection IKEA DARCEL COLLETTE<\/span><\/p>\n<p style=\"text-align: center;\">\u2013 Anything from our collection&#8230;<\/p>\n<p style=\"text-align: center;\"><span style=\"color: #ff99cc;\">\u2013 If I say beauty and an object&#8230; <\/span><\/p>\n<p style=\"text-align: center;\"><span style=\"color: #000080;\">\u2013 Idem lol<\/span><\/p>\n<p style=\"text-align: center;\">\u2013 Something form by nature, may be a rock&#8230;<\/p>\n<p style=\"text-align: center;\"><span style=\"color: #ff99cc;\">\u2013 If I say beauty and a music album&#8230;\u00a0<\/span><\/p>\n<p style=\"text-align: center;\"><span style=\"color: #000080;\">\u2013 All the Serge Gainsboug discography &#8230;<\/span><\/p>\n<p style=\"text-align: center;\">\u2013 Pretty much anything from the Blue Valentine Soundtrack<\/p>\n<p style=\"text-align: center;\"><span style=\"color: #ff99cc;\">\u2013 If I say beauty and a book&#8230;\u00a0<\/span><\/p>\n<p style=\"text-align: center;\"><span style=\"color: #000080;\">\u2013 Roxanne 2 &#8211; Viviane Sassen<\/span><\/p>\n<p style=\"text-align: center;\">\u2013 The end of Eddy<\/p>\n<p style=\"text-align: center;\"><span style=\"color: #ff99cc;\">\u2013 If I say beauty and a Movie&#8230; <\/span><\/p>\n<p style=\"text-align: center;\"><span style=\"color: #000080;\">\u2013 Thomas Crown<\/span><\/p>\n<p style=\"text-align: center;\">\u2013 The Brothers Grimm<\/p>\n<p style=\"text-align: center;\"><span style=\"color: #ff99cc;\">\u2013 If I say beauty and an art Exhibition&#8230; <\/span><\/p>\n<p style=\"text-align: center;\"><span style=\"color: #000080;\">\u2013 Damien Hirst in Venise&#8230;<\/span><\/p>\n<p style=\"text-align: center;\">\u2013 All the museums in Paris&#8230;<\/p>\n<p style=\"text-align: center;\"><span style=\"color: #ff99cc;\">\u2013 If I say beauty and a moment&#8230;<\/span><\/p>\n<p style=\"text-align: center;\"><span style=\"color: #000080;\">\u2013 Awakening&#8230;<\/span><\/p>\n<p style=\"text-align: center;\">\u2013 Beeing with someone you love&#8230;<\/p>\n<p>.<\/p>\n<p style=\"text-align: justify;\">J&#8217;ai pu aussi me perdre dans quelques recoins autoris\u00e9s au public du DESIGN LAB IKEA, et aussi vous faire d\u00e9couvrir la prochaine couverture du catalogue IKEA 2018 ahah&#8230; Encore merci IKEA pour ce beau moment parmi vous&#8230;<\/p>\n<p><img data-recalc-dims=\"1\" loading=\"lazy\" decoding=\"async\" data-attachment-id=\"125571\" data-permalink=\"https:\/\/www.joyana.fr\/ja\/ikea-democratic-design-days-2017\/125549\/visite-ikea-suede-prototype\/\" data-orig-file=\"https:\/\/i0.wp.com\/www.joyana.fr\/wp-content\/uploads\/2017\/07\/VISITE-IKEA-SUEDE-PROTOTYPE.jpg?fit=900%2C900&amp;ssl=1\" data-orig-size=\"900,900\" data-comments-opened=\"1\" data-image-meta=\"{&quot;aperture&quot;:&quot;0&quot;,&quot;credit&quot;:&quot;&quot;,&quot;camera&quot;:&quot;&quot;,&quot;caption&quot;:&quot;&quot;,&quot;created_timestamp&quot;:&quot;0&quot;,&quot;copyright&quot;:&quot;&quot;,&quot;focal_length&quot;:&quot;0&quot;,&quot;iso&quot;:&quot;0&quot;,&quot;shutter_speed&quot;:&quot;0&quot;,&quot;title&quot;:&quot;&quot;,&quot;orientation&quot;:&quot;0&quot;}\" data-image-title=\"VISITE-IKEA-SUEDE-PROTOTYPE\" data-image-description=\"\" data-image-caption=\"\" data-medium-file=\"https:\/\/i0.wp.com\/www.joyana.fr\/wp-content\/uploads\/2017\/07\/VISITE-IKEA-SUEDE-PROTOTYPE.jpg?fit=389%2C389&amp;ssl=1\" data-large-file=\"https:\/\/i0.wp.com\/www.joyana.fr\/wp-content\/uploads\/2017\/07\/VISITE-IKEA-SUEDE-PROTOTYPE.jpg?fit=900%2C900&amp;ssl=1\" class=\"alignnone size-full wp-image-125571\" src=\"https:\/\/i0.wp.com\/joyana.fr\/wp-content\/uploads\/2017\/07\/VISITE-IKEA-SUEDE-PROTOTYPE.jpg?resize=900%2C900&#038;ssl=1\" alt=\"\" width=\"900\" height=\"900\" srcset=\"https:\/\/i0.wp.com\/www.joyana.fr\/wp-content\/uploads\/2017\/07\/VISITE-IKEA-SUEDE-PROTOTYPE.jpg?w=900&amp;ssl=1 900w, https:\/\/i0.wp.com\/www.joyana.fr\/wp-content\/uploads\/2017\/07\/VISITE-IKEA-SUEDE-PROTOTYPE.jpg?resize=300%2C300&amp;ssl=1 300w, https:\/\/i0.wp.com\/www.joyana.fr\/wp-content\/uploads\/2017\/07\/VISITE-IKEA-SUEDE-PROTOTYPE.jpg?resize=100%2C100&amp;ssl=1 100w, https:\/\/i0.wp.com\/www.joyana.fr\/wp-content\/uploads\/2017\/07\/VISITE-IKEA-SUEDE-PROTOTYPE.jpg?resize=600%2C600&amp;ssl=1 600w\" sizes=\"(max-width: 900px) 100vw, 900px\" \/><\/p>\n<p><img data-recalc-dims=\"1\" loading=\"lazy\" decoding=\"async\" data-attachment-id=\"125570\" data-permalink=\"https:\/\/www.joyana.fr\/ja\/ikea-democratic-design-days-2017\/125549\/visite-ikea-suede-prototype_4\/\" data-orig-file=\"https:\/\/i0.wp.com\/www.joyana.fr\/wp-content\/uploads\/2017\/07\/VISITE-IKEA-SUEDE-PROTOTYPE_4.jpg?fit=900%2C900&amp;ssl=1\" data-orig-size=\"900,900\" data-comments-opened=\"1\" data-image-meta=\"{&quot;aperture&quot;:&quot;0&quot;,&quot;credit&quot;:&quot;&quot;,&quot;camera&quot;:&quot;&quot;,&quot;caption&quot;:&quot;&quot;,&quot;created_timestamp&quot;:&quot;0&quot;,&quot;copyright&quot;:&quot;&quot;,&quot;focal_length&quot;:&quot;0&quot;,&quot;iso&quot;:&quot;0&quot;,&quot;shutter_speed&quot;:&quot;0&quot;,&quot;title&quot;:&quot;&quot;,&quot;orientation&quot;:&quot;0&quot;}\" data-image-title=\"VISITE-IKEA-SUEDE-PROTOTYPE_4\" data-image-description=\"\" data-image-caption=\"\" data-medium-file=\"https:\/\/i0.wp.com\/www.joyana.fr\/wp-content\/uploads\/2017\/07\/VISITE-IKEA-SUEDE-PROTOTYPE_4.jpg?fit=389%2C389&amp;ssl=1\" data-large-file=\"https:\/\/i0.wp.com\/www.joyana.fr\/wp-content\/uploads\/2017\/07\/VISITE-IKEA-SUEDE-PROTOTYPE_4.jpg?fit=900%2C900&amp;ssl=1\" class=\"alignnone size-full wp-image-125570\" src=\"https:\/\/i0.wp.com\/joyana.fr\/wp-content\/uploads\/2017\/07\/VISITE-IKEA-SUEDE-PROTOTYPE_4.jpg?resize=900%2C900&#038;ssl=1\" alt=\"\" width=\"900\" height=\"900\" srcset=\"https:\/\/i0.wp.com\/www.joyana.fr\/wp-content\/uploads\/2017\/07\/VISITE-IKEA-SUEDE-PROTOTYPE_4.jpg?w=900&amp;ssl=1 900w, https:\/\/i0.wp.com\/www.joyana.fr\/wp-content\/uploads\/2017\/07\/VISITE-IKEA-SUEDE-PROTOTYPE_4.jpg?resize=300%2C300&amp;ssl=1 300w, https:\/\/i0.wp.com\/www.joyana.fr\/wp-content\/uploads\/2017\/07\/VISITE-IKEA-SUEDE-PROTOTYPE_4.jpg?resize=100%2C100&amp;ssl=1 100w, https:\/\/i0.wp.com\/www.joyana.fr\/wp-content\/uploads\/2017\/07\/VISITE-IKEA-SUEDE-PROTOTYPE_4.jpg?resize=600%2C600&amp;ssl=1 600w\" sizes=\"(max-width: 900px) 100vw, 900px\" \/><\/p>\n<p><img data-recalc-dims=\"1\" loading=\"lazy\" decoding=\"async\" data-attachment-id=\"125569\" data-permalink=\"https:\/\/www.joyana.fr\/ja\/ikea-democratic-design-days-2017\/125549\/visite-ikea-suede-prototype_3\/\" data-orig-file=\"https:\/\/i0.wp.com\/www.joyana.fr\/wp-content\/uploads\/2017\/07\/VISITE-IKEA-SUEDE-PROTOTYPE_3.jpg?fit=900%2C900&amp;ssl=1\" data-orig-size=\"900,900\" data-comments-opened=\"1\" data-image-meta=\"{&quot;aperture&quot;:&quot;0&quot;,&quot;credit&quot;:&quot;&quot;,&quot;camera&quot;:&quot;&quot;,&quot;caption&quot;:&quot;&quot;,&quot;created_timestamp&quot;:&quot;0&quot;,&quot;copyright&quot;:&quot;&quot;,&quot;focal_length&quot;:&quot;0&quot;,&quot;iso&quot;:&quot;0&quot;,&quot;shutter_speed&quot;:&quot;0&quot;,&quot;title&quot;:&quot;&quot;,&quot;orientation&quot;:&quot;0&quot;}\" data-image-title=\"VISITE-IKEA-SUEDE-PROTOTYPE_3\" data-image-description=\"\" data-image-caption=\"\" data-medium-file=\"https:\/\/i0.wp.com\/www.joyana.fr\/wp-content\/uploads\/2017\/07\/VISITE-IKEA-SUEDE-PROTOTYPE_3.jpg?fit=389%2C389&amp;ssl=1\" data-large-file=\"https:\/\/i0.wp.com\/www.joyana.fr\/wp-content\/uploads\/2017\/07\/VISITE-IKEA-SUEDE-PROTOTYPE_3.jpg?fit=900%2C900&amp;ssl=1\" class=\"alignnone size-full wp-image-125569\" src=\"https:\/\/i0.wp.com\/joyana.fr\/wp-content\/uploads\/2017\/07\/VISITE-IKEA-SUEDE-PROTOTYPE_3.jpg?resize=900%2C900&#038;ssl=1\" alt=\"\" width=\"900\" height=\"900\" srcset=\"https:\/\/i0.wp.com\/www.joyana.fr\/wp-content\/uploads\/2017\/07\/VISITE-IKEA-SUEDE-PROTOTYPE_3.jpg?w=900&amp;ssl=1 900w, https:\/\/i0.wp.com\/www.joyana.fr\/wp-content\/uploads\/2017\/07\/VISITE-IKEA-SUEDE-PROTOTYPE_3.jpg?resize=300%2C300&amp;ssl=1 300w, https:\/\/i0.wp.com\/www.joyana.fr\/wp-content\/uploads\/2017\/07\/VISITE-IKEA-SUEDE-PROTOTYPE_3.jpg?resize=100%2C100&amp;ssl=1 100w, https:\/\/i0.wp.com\/www.joyana.fr\/wp-content\/uploads\/2017\/07\/VISITE-IKEA-SUEDE-PROTOTYPE_3.jpg?resize=600%2C600&amp;ssl=1 600w\" sizes=\"(max-width: 900px) 100vw, 900px\" \/><\/p>\n<p><img data-recalc-dims=\"1\" loading=\"lazy\" decoding=\"async\" data-attachment-id=\"125568\" data-permalink=\"https:\/\/www.joyana.fr\/ja\/ikea-democratic-design-days-2017\/125549\/visite-ikea-suede-prototype_2\/\" data-orig-file=\"https:\/\/i0.wp.com\/www.joyana.fr\/wp-content\/uploads\/2017\/07\/VISITE-IKEA-SUEDE-PROTOTYPE_2.jpg?fit=900%2C900&amp;ssl=1\" data-orig-size=\"900,900\" data-comments-opened=\"1\" data-image-meta=\"{&quot;aperture&quot;:&quot;0&quot;,&quot;credit&quot;:&quot;&quot;,&quot;camera&quot;:&quot;&quot;,&quot;caption&quot;:&quot;&quot;,&quot;created_timestamp&quot;:&quot;0&quot;,&quot;copyright&quot;:&quot;&quot;,&quot;focal_length&quot;:&quot;0&quot;,&quot;iso&quot;:&quot;0&quot;,&quot;shutter_speed&quot;:&quot;0&quot;,&quot;title&quot;:&quot;&quot;,&quot;orientation&quot;:&quot;0&quot;}\" data-image-title=\"VISITE-IKEA-SUEDE-PROTOTYPE_2\" data-image-description=\"\" data-image-caption=\"\" data-medium-file=\"https:\/\/i0.wp.com\/www.joyana.fr\/wp-content\/uploads\/2017\/07\/VISITE-IKEA-SUEDE-PROTOTYPE_2.jpg?fit=389%2C389&amp;ssl=1\" data-large-file=\"https:\/\/i0.wp.com\/www.joyana.fr\/wp-content\/uploads\/2017\/07\/VISITE-IKEA-SUEDE-PROTOTYPE_2.jpg?fit=900%2C900&amp;ssl=1\" class=\"alignnone size-full wp-image-125568\" src=\"https:\/\/i0.wp.com\/joyana.fr\/wp-content\/uploads\/2017\/07\/VISITE-IKEA-SUEDE-PROTOTYPE_2.jpg?resize=900%2C900&#038;ssl=1\" alt=\"\" width=\"900\" height=\"900\" srcset=\"https:\/\/i0.wp.com\/www.joyana.fr\/wp-content\/uploads\/2017\/07\/VISITE-IKEA-SUEDE-PROTOTYPE_2.jpg?w=900&amp;ssl=1 900w, https:\/\/i0.wp.com\/www.joyana.fr\/wp-content\/uploads\/2017\/07\/VISITE-IKEA-SUEDE-PROTOTYPE_2.jpg?resize=300%2C300&amp;ssl=1 300w, https:\/\/i0.wp.com\/www.joyana.fr\/wp-content\/uploads\/2017\/07\/VISITE-IKEA-SUEDE-PROTOTYPE_2.jpg?resize=100%2C100&amp;ssl=1 100w, https:\/\/i0.wp.com\/www.joyana.fr\/wp-content\/uploads\/2017\/07\/VISITE-IKEA-SUEDE-PROTOTYPE_2.jpg?resize=600%2C600&amp;ssl=1 600w\" sizes=\"(max-width: 900px) 100vw, 900px\" \/><\/p>\n<p><img data-recalc-dims=\"1\" loading=\"lazy\" decoding=\"async\" data-attachment-id=\"125575\" data-permalink=\"https:\/\/www.joyana.fr\/ja\/ikea-democratic-design-days-2017\/125549\/fullsizerender-15-2\/\" data-orig-file=\"https:\/\/i0.wp.com\/www.joyana.fr\/wp-content\/uploads\/2017\/07\/FullSizeRender-15.jpg?fit=2048%2C2048&amp;ssl=1\" data-orig-size=\"2048,2048\" data-comments-opened=\"1\" data-image-meta=\"{&quot;aperture&quot;:&quot;3.5&quot;,&quot;credit&quot;:&quot;&quot;,&quot;camera&quot;:&quot;ILCE-7SM2&quot;,&quot;caption&quot;:&quot;&quot;,&quot;created_timestamp&quot;:&quot;1496908101&quot;,&quot;copyright&quot;:&quot;&quot;,&quot;focal_length&quot;:&quot;55&quot;,&quot;iso&quot;:&quot;800&quot;,&quot;shutter_speed&quot;:&quot;0.016666666666667&quot;,&quot;title&quot;:&quot;&quot;,&quot;orientation&quot;:&quot;1&quot;}\" data-image-title=\"FullSizeRender-15\" data-image-description=\"\" data-image-caption=\"\" data-medium-file=\"https:\/\/i0.wp.com\/www.joyana.fr\/wp-content\/uploads\/2017\/07\/FullSizeRender-15.jpg?fit=389%2C389&amp;ssl=1\" data-large-file=\"https:\/\/i0.wp.com\/www.joyana.fr\/wp-content\/uploads\/2017\/07\/FullSizeRender-15.jpg?fit=1024%2C1024&amp;ssl=1\" class=\"alignnone size-full wp-image-125575\" src=\"https:\/\/i0.wp.com\/joyana.fr\/wp-content\/uploads\/2017\/07\/FullSizeRender-15.jpg?resize=2273%2C2273&#038;ssl=1\" alt=\"\" width=\"2273\" height=\"2273\" srcset=\"https:\/\/i0.wp.com\/www.joyana.fr\/wp-content\/uploads\/2017\/07\/FullSizeRender-15.jpg?w=2048&amp;ssl=1 2048w, https:\/\/i0.wp.com\/www.joyana.fr\/wp-content\/uploads\/2017\/07\/FullSizeRender-15.jpg?resize=300%2C300&amp;ssl=1 300w, https:\/\/i0.wp.com\/www.joyana.fr\/wp-content\/uploads\/2017\/07\/FullSizeRender-15.jpg?resize=100%2C100&amp;ssl=1 100w, https:\/\/i0.wp.com\/www.joyana.fr\/wp-content\/uploads\/2017\/07\/FullSizeRender-15.jpg?resize=600%2C600&amp;ssl=1 600w\" sizes=\"(max-width: 1000px) 100vw, 1000px\" \/><\/p>\n<p style=\"text-align: center;\">En savoir + sur <a href=\"http:\/\/www.ikea.com\/fr\/fr\/\"><strong>IKEA<\/strong><\/a><\/p>\n","protected":false},"excerpt":{"rendered":"<p>J&#8217;\u00e9tais convi\u00e9 \u00e0 \u00c4lmhult en Su\u00e8de, pour les Democratic Design Days o\u00f9 IKEA pr\u00e9sentait ses nouveaut\u00e9s 2017-2018, ainsi que les futures collaborations \u00e0 venir&#8230;<\/p>\n","protected":false},"author":3,"featured_media":125573,"comment_status":"open","ping_status":"open","sticky":false,"template":"","format":"standard","meta":{"_coblocks_attr":"","_coblocks_dimensions":"","_coblocks_responsive_height":"","_coblocks_accordion_ie_support":"","_uag_custom_page_level_css":"","advgb_blocks_editor_width":"","advgb_blocks_columns_visual_guide":"","_genesis_hide_title":false,"_genesis_hide_breadcrumbs":false,"_genesis_hide_singular_image":false,"_genesis_hide_footer_widgets":false,"_genesis_custom_body_class":"","_genesis_custom_post_class":"","_genesis_layout":"","_themeisle_gutenberg_block_has_review":false,"_jetpack_newsletter_access":"","_jetpack_dont_email_post_to_subs":false,"_jetpack_newsletter_tier_id":0,"_jetpack_memberships_contains_paywalled_content":false,"_jetpack_memberships_contains_paid_content":false,"footnotes":""},"categories":[80,905],"tags":[2400,5,2401,1010,384,2402,2399],"class_list":{"0":"post-125549","1":"post","2":"type-post","3":"status-publish","4":"format-standard","5":"has-post-thumbnail","7":"category-news","8":"category-deco-design","9":"tag-chris-stamp","10":"tag-colette","11":"tag-darcel","12":"tag-ikea","13":"tag-stampd","14":"tag-tom-dixon","15":"tag-virgil-abloh","16":"entry"},"featured_image_urls":{"full":["https:\/\/i0.wp.com\/www.joyana.fr\/wp-content\/uploads\/2017\/07\/IKEA-DEMOCRATIC-DESIGN-DAYS-2017.jpg?fit=1700%2C1700&ssl=1",1700,1700,false],"thumbnail":["https:\/\/i0.wp.com\/www.joyana.fr\/wp-content\/uploads\/2017\/07\/IKEA-DEMOCRATIC-DESIGN-DAYS-2017.jpg?resize=150%2C150&ssl=1",150,150,true],"medium":["https:\/\/i0.wp.com\/www.joyana.fr\/wp-content\/uploads\/2017\/07\/IKEA-DEMOCRATIC-DESIGN-DAYS-2017.jpg?fit=389%2C389&ssl=1",389,389,true],"medium_large":["https:\/\/i0.wp.com\/www.joyana.fr\/wp-content\/uploads\/2017\/07\/IKEA-DEMOCRATIC-DESIGN-DAYS-2017.jpg?fit=768%2C768&ssl=1",768,768,true],"large":["https:\/\/i0.wp.com\/www.joyana.fr\/wp-content\/uploads\/2017\/07\/IKEA-DEMOCRATIC-DESIGN-DAYS-2017.jpg?fit=1024%2C1024&ssl=1",1024,1024,true],"1536x1536":["https:\/\/i0.wp.com\/www.joyana.fr\/wp-content\/uploads\/2017\/07\/IKEA-DEMOCRATIC-DESIGN-DAYS-2017.jpg?fit=1536%2C1536&ssl=1",1536,1536,true],"2048x2048":["https:\/\/i0.wp.com\/www.joyana.fr\/wp-content\/uploads\/2017\/07\/IKEA-DEMOCRATIC-DESIGN-DAYS-2017.jpg?fit=1700%2C1700&ssl=1",1700,1700,true],"featured-thumb":["https:\/\/i0.wp.com\/www.joyana.fr\/wp-content\/uploads\/2017\/07\/IKEA-DEMOCRATIC-DESIGN-DAYS-2017.jpg?resize=1700%2C750&ssl=1",1700,750,true],"ab-block-post-grid-landscape":["https:\/\/i0.wp.com\/www.joyana.fr\/wp-content\/uploads\/2017\/07\/IKEA-DEMOCRATIC-DESIGN-DAYS-2017.jpg?resize=600%2C400&ssl=1",600,400,true],"ab-block-post-grid-square":["https:\/\/i0.wp.com\/www.joyana.fr\/wp-content\/uploads\/2017\/07\/IKEA-DEMOCRATIC-DESIGN-DAYS-2017.jpg?resize=600%2C600&ssl=1",600,600,true],"author-pro-image":["https:\/\/i0.wp.com\/www.joyana.fr\/wp-content\/uploads\/2017\/07\/IKEA-DEMOCRATIC-DESIGN-DAYS-2017.jpg?resize=360%2C570&ssl=1",360,570,true],"slider":["https:\/\/i0.wp.com\/www.joyana.fr\/wp-content\/uploads\/2017\/07\/IKEA-DEMOCRATIC-DESIGN-DAYS-2017.jpg?resize=920%2C400&ssl=1",920,400,true],"woocommerce_thumbnail":["https:\/\/i0.wp.com\/www.joyana.fr\/wp-content\/uploads\/2017\/07\/IKEA-DEMOCRATIC-DESIGN-DAYS-2017.jpg?resize=450%2C450&ssl=1",450,450,true],"woocommerce_single":["https:\/\/i0.wp.com\/www.joyana.fr\/wp-content\/uploads\/2017\/07\/IKEA-DEMOCRATIC-DESIGN-DAYS-2017.jpg?fit=920%2C920&ssl=1",920,920,true],"woocommerce_gallery_thumbnail":["https:\/\/i0.wp.com\/www.joyana.fr\/wp-content\/uploads\/2017\/07\/IKEA-DEMOCRATIC-DESIGN-DAYS-2017.jpg?resize=180%2C180&ssl=1",180,180,true],"sow-carousel-default":["https:\/\/i0.wp.com\/www.joyana.fr\/wp-content\/uploads\/2017\/07\/IKEA-DEMOCRATIC-DESIGN-DAYS-2017.jpg?resize=272%2C182&ssl=1",272,182,true]},"post_excerpt_stackable":"<p>J&#8217;\u00e9tais convi\u00e9 \u00e0 \u00c4lmhult en Su\u00e8de, pour les Democratic Design Days o\u00f9 IKEA pr\u00e9sentait ses nouveaut\u00e9s 2017-2018, ainsi que les futures collaborations \u00e0 venir&#8230;<\/p>\n","category_list":"<a href=\"https:\/\/www.joyana.fr\/ja\/category\/blog\/news\/\" rel=\"category tag\">A LA UNE<\/a>, <a href=\"https:\/\/www.joyana.fr\/ja\/category\/deco-design\/\" rel=\"category tag\">DECO-DESIGN<\/a>","author_info":{"display_name":"Jo Yana","author_link":"https:\/\/www.joyana.fr\/ja\/author\/joyana\/"},"comments_num":"0 comments","featured_image_urls_v2":{"full":["https:\/\/i0.wp.com\/www.joyana.fr\/wp-content\/uploads\/2017\/07\/IKEA-DEMOCRATIC-DESIGN-DAYS-2017.jpg?fit=1700%2C1700&ssl=1",1700,1700,false],"thumbnail":["https:\/\/i0.wp.com\/www.joyana.fr\/wp-content\/uploads\/2017\/07\/IKEA-DEMOCRATIC-DESIGN-DAYS-2017.jpg?resize=150%2C150&ssl=1",150,150,true],"medium":["https:\/\/i0.wp.com\/www.joyana.fr\/wp-content\/uploads\/2017\/07\/IKEA-DEMOCRATIC-DESIGN-DAYS-2017.jpg?fit=389%2C389&ssl=1",389,389,true],"medium_large":["https:\/\/i0.wp.com\/www.joyana.fr\/wp-content\/uploads\/2017\/07\/IKEA-DEMOCRATIC-DESIGN-DAYS-2017.jpg?fit=768%2C768&ssl=1",768,768,true],"large":["https:\/\/i0.wp.com\/www.joyana.fr\/wp-content\/uploads\/2017\/07\/IKEA-DEMOCRATIC-DESIGN-DAYS-2017.jpg?fit=1024%2C1024&ssl=1",1024,1024,true],"1536x1536":["https:\/\/i0.wp.com\/www.joyana.fr\/wp-content\/uploads\/2017\/07\/IKEA-DEMOCRATIC-DESIGN-DAYS-2017.jpg?fit=1536%2C1536&ssl=1",1536,1536,true],"2048x2048":["https:\/\/i0.wp.com\/www.joyana.fr\/wp-content\/uploads\/2017\/07\/IKEA-DEMOCRATIC-DESIGN-DAYS-2017.jpg?fit=1700%2C1700&ssl=1",1700,1700,true],"featured-thumb":["https:\/\/i0.wp.com\/www.joyana.fr\/wp-content\/uploads\/2017\/07\/IKEA-DEMOCRATIC-DESIGN-DAYS-2017.jpg?resize=1700%2C750&ssl=1",1700,750,true],"ab-block-post-grid-landscape":["https:\/\/i0.wp.com\/www.joyana.fr\/wp-content\/uploads\/2017\/07\/IKEA-DEMOCRATIC-DESIGN-DAYS-2017.jpg?resize=600%2C400&ssl=1",600,400,true],"ab-block-post-grid-square":["https:\/\/i0.wp.com\/www.joyana.fr\/wp-content\/uploads\/2017\/07\/IKEA-DEMOCRATIC-DESIGN-DAYS-2017.jpg?resize=600%2C600&ssl=1",600,600,true],"author-pro-image":["https:\/\/i0.wp.com\/www.joyana.fr\/wp-content\/uploads\/2017\/07\/IKEA-DEMOCRATIC-DESIGN-DAYS-2017.jpg?resize=360%2C570&ssl=1",360,570,true],"slider":["https:\/\/i0.wp.com\/www.joyana.fr\/wp-content\/uploads\/2017\/07\/IKEA-DEMOCRATIC-DESIGN-DAYS-2017.jpg?resize=920%2C400&ssl=1",920,400,true],"woocommerce_thumbnail":["https:\/\/i0.wp.com\/www.joyana.fr\/wp-content\/uploads\/2017\/07\/IKEA-DEMOCRATIC-DESIGN-DAYS-2017.jpg?resize=450%2C450&ssl=1",450,450,true],"woocommerce_single":["https:\/\/i0.wp.com\/www.joyana.fr\/wp-content\/uploads\/2017\/07\/IKEA-DEMOCRATIC-DESIGN-DAYS-2017.jpg?fit=920%2C920&ssl=1",920,920,true],"woocommerce_gallery_thumbnail":["https:\/\/i0.wp.com\/www.joyana.fr\/wp-content\/uploads\/2017\/07\/IKEA-DEMOCRATIC-DESIGN-DAYS-2017.jpg?resize=180%2C180&ssl=1",180,180,true],"sow-carousel-default":["https:\/\/i0.wp.com\/www.joyana.fr\/wp-content\/uploads\/2017\/07\/IKEA-DEMOCRATIC-DESIGN-DAYS-2017.jpg?resize=272%2C182&ssl=1",272,182,true]},"post_excerpt_stackable_v2":"<p>J&#8217;\u00e9tais convi\u00e9 \u00e0 \u00c4lmhult en Su\u00e8de, pour les Democratic Design Days o\u00f9 IKEA pr\u00e9sentait ses nouveaut\u00e9s 2017-2018, ainsi que les futures collaborations \u00e0 venir&#8230;<\/p>\n","category_list_v2":"<a href=\"https:\/\/www.joyana.fr\/ja\/category\/blog\/news\/\" rel=\"category tag\">A LA UNE<\/a>, <a href=\"https:\/\/www.joyana.fr\/ja\/category\/deco-design\/\" rel=\"category tag\">DECO-DESIGN<\/a>","author_info_v2":{"name":"Jo Yana","url":"https:\/\/www.joyana.fr\/ja\/author\/joyana\/"},"comments_num_v2":"0 comments","yoast_head":"<!-- This site is optimized with the Yoast SEO plugin v26.8 - https:\/\/yoast.com\/product\/yoast-seo-wordpress\/ -->\n<title>IKEA - DEMOCRATIC DESIGN DAYS 2017 | Blog Design JO YANA<\/title>\n<meta name=\"description\" content=\"J&#039;\u00e9tais convi\u00e9 \u00e0 \u00c4lmhult en Su\u00e8de, pour les Democratic Design Days o\u00f9 IKEA pr\u00e9sentait ses nouveaut\u00e9s 2017-2018, ainsi que les futures collaborations \u00e0 venir...\" \/>\n<meta name=\"robots\" content=\"index, follow, max-snippet:-1, max-image-preview:large, max-video-preview:-1\" \/>\n<link rel=\"canonical\" href=\"https:\/\/www.joyana.fr\/ja\/ikea-democratic-design-days-2017\/125549\/\" \/>\n<meta property=\"og:locale\" content=\"ja_JP\" \/>\n<meta property=\"og:locale:alternate\" content=\"fr_FR\" \/>\n<meta property=\"og:locale:alternate\" content=\"en_US\" \/>\n<meta property=\"og:type\" content=\"article\" \/>\n<meta property=\"og:title\" content=\"IKEA - DEMOCRATIC DESIGN DAYS 2017 | Blog Design JO YANA\" \/>\n<meta property=\"og:description\" content=\"J&#039;\u00e9tais convi\u00e9 \u00e0 \u00c4lmhult en Su\u00e8de, pour les Democratic Design Days o\u00f9 IKEA pr\u00e9sentait ses nouveaut\u00e9s 2017-2018, ainsi que les futures collaborations \u00e0 venir...\" \/>\n<meta property=\"og:url\" content=\"https:\/\/www.joyana.fr\/ja\/ikea-democratic-design-days-2017\/125549\/\" \/>\n<meta property=\"og:site_name\" content=\"JO YANA\" \/>\n<meta property=\"article:published_time\" content=\"2017-07-18T16:23:38+00:00\" \/>\n<meta property=\"article:modified_time\" content=\"2017-07-18T16:36:22+00:00\" \/>\n<meta property=\"og:image\" content=\"https:\/\/www.joyana.fr\/wp-content\/uploads\/2017\/07\/IKEA-DEMOCRATIC-DESIGN-DAYS-2017.jpg\" \/>\n\t<meta property=\"og:image:width\" content=\"1700\" \/>\n\t<meta property=\"og:image:height\" content=\"1700\" \/>\n\t<meta property=\"og:image:type\" content=\"image\/jpeg\" \/>\n<meta name=\"author\" content=\"Jo Yana\" \/>\n<meta name=\"twitter:card\" content=\"summary_large_image\" \/>\n<meta name=\"twitter:creator\" content=\"@Jo_Yana\" \/>\n<meta name=\"twitter:site\" content=\"@Jo_Yana\" \/>\n<meta name=\"twitter:label1\" content=\"\u57f7\u7b46\u8005\" \/>\n\t<meta name=\"twitter:data1\" content=\"Jo Yana\" \/>\n\t<meta name=\"twitter:label2\" content=\"\u63a8\u5b9a\u8aad\u307f\u53d6\u308a\u6642\u9593\" \/>\n\t<meta name=\"twitter:data2\" content=\"5\u5206\" \/>\n<script type=\"application\/ld+json\" class=\"yoast-schema-graph\">{\"@context\":\"https:\/\/schema.org\",\"@graph\":[{\"@type\":\"Article\",\"@id\":\"https:\/\/www.joyana.fr\/ikea-democratic-design-days-2017\/125549\/#article\",\"isPartOf\":{\"@id\":\"https:\/\/www.joyana.fr\/ikea-democratic-design-days-2017\/125549\/\"},\"author\":{\"name\":\"Jo Yana\",\"@id\":\"https:\/\/joyana.fr\/#\/schema\/person\/cf2a1ad12a27c12c21801075bf37407c\"},\"headline\":\"IKEA &#8211; DEMOCRATIC DESIGN DAYS 2017\",\"datePublished\":\"2017-07-18T16:23:38+00:00\",\"dateModified\":\"2017-07-18T16:36:22+00:00\",\"mainEntityOfPage\":{\"@id\":\"https:\/\/www.joyana.fr\/ikea-democratic-design-days-2017\/125549\/\"},\"wordCount\":948,\"commentCount\":0,\"publisher\":{\"@id\":\"https:\/\/joyana.fr\/#\/schema\/person\/cf2a1ad12a27c12c21801075bf37407c\"},\"image\":{\"@id\":\"https:\/\/www.joyana.fr\/ikea-democratic-design-days-2017\/125549\/#primaryimage\"},\"thumbnailUrl\":\"https:\/\/i0.wp.com\/www.joyana.fr\/wp-content\/uploads\/2017\/07\/IKEA-DEMOCRATIC-DESIGN-DAYS-2017.jpg?fit=1700%2C1700&ssl=1\",\"keywords\":[\"Chris STAMP\",\"Colette\",\"Darcel\",\"IKEA\",\"STAMPD\",\"Tom DIXON\",\"Virgil ABLOH\"],\"articleSection\":[\"A LA UNE\",\"DECO-DESIGN\"],\"inLanguage\":\"ja\",\"potentialAction\":[{\"@type\":\"CommentAction\",\"name\":\"Comment\",\"target\":[\"https:\/\/www.joyana.fr\/ikea-democratic-design-days-2017\/125549\/#respond\"]}]},{\"@type\":\"WebPage\",\"@id\":\"https:\/\/www.joyana.fr\/ikea-democratic-design-days-2017\/125549\/\",\"url\":\"https:\/\/www.joyana.fr\/ikea-democratic-design-days-2017\/125549\/\",\"name\":\"IKEA - DEMOCRATIC DESIGN DAYS 2017 | Blog Design JO YANA\",\"isPartOf\":{\"@id\":\"https:\/\/joyana.fr\/#website\"},\"primaryImageOfPage\":{\"@id\":\"https:\/\/www.joyana.fr\/ikea-democratic-design-days-2017\/125549\/#primaryimage\"},\"image\":{\"@id\":\"https:\/\/www.joyana.fr\/ikea-democratic-design-days-2017\/125549\/#primaryimage\"},\"thumbnailUrl\":\"https:\/\/i0.wp.com\/www.joyana.fr\/wp-content\/uploads\/2017\/07\/IKEA-DEMOCRATIC-DESIGN-DAYS-2017.jpg?fit=1700%2C1700&ssl=1\",\"datePublished\":\"2017-07-18T16:23:38+00:00\",\"dateModified\":\"2017-07-18T16:36:22+00:00\",\"description\":\"J'\u00e9tais convi\u00e9 \u00e0 \u00c4lmhult en Su\u00e8de, pour les Democratic Design Days o\u00f9 IKEA pr\u00e9sentait ses nouveaut\u00e9s 2017-2018, ainsi que les futures collaborations \u00e0 venir...\",\"breadcrumb\":{\"@id\":\"https:\/\/www.joyana.fr\/ikea-democratic-design-days-2017\/125549\/#breadcrumb\"},\"inLanguage\":\"ja\",\"potentialAction\":[{\"@type\":\"ReadAction\",\"target\":[\"https:\/\/www.joyana.fr\/ikea-democratic-design-days-2017\/125549\/\"]}]},{\"@type\":\"ImageObject\",\"inLanguage\":\"ja\",\"@id\":\"https:\/\/www.joyana.fr\/ikea-democratic-design-days-2017\/125549\/#primaryimage\",\"url\":\"https:\/\/i0.wp.com\/www.joyana.fr\/wp-content\/uploads\/2017\/07\/IKEA-DEMOCRATIC-DESIGN-DAYS-2017.jpg?fit=1700%2C1700&ssl=1\",\"contentUrl\":\"https:\/\/i0.wp.com\/www.joyana.fr\/wp-content\/uploads\/2017\/07\/IKEA-DEMOCRATIC-DESIGN-DAYS-2017.jpg?fit=1700%2C1700&ssl=1\",\"width\":1700,\"height\":1700},{\"@type\":\"BreadcrumbList\",\"@id\":\"https:\/\/www.joyana.fr\/ikea-democratic-design-days-2017\/125549\/#breadcrumb\",\"itemListElement\":[{\"@type\":\"ListItem\",\"position\":1,\"name\":\"Accueil\",\"item\":\"https:\/\/joyana.fr\/\"},{\"@type\":\"ListItem\",\"position\":2,\"name\":\"IKEA &#8211; DEMOCRATIC DESIGN DAYS 2017\"}]},{\"@type\":\"WebSite\",\"@id\":\"https:\/\/joyana.fr\/#website\",\"url\":\"https:\/\/joyana.fr\/\",\"name\":\"JO YANA\",\"description\":\"Blog Mode Homme, Lifestyle, D\u00e9co-Design\",\"publisher\":{\"@id\":\"https:\/\/joyana.fr\/#\/schema\/person\/cf2a1ad12a27c12c21801075bf37407c\"},\"potentialAction\":[{\"@type\":\"SearchAction\",\"target\":{\"@type\":\"EntryPoint\",\"urlTemplate\":\"https:\/\/joyana.fr\/?s={search_term_string}\"},\"query-input\":{\"@type\":\"PropertyValueSpecification\",\"valueRequired\":true,\"valueName\":\"search_term_string\"}}],\"inLanguage\":\"ja\"},{\"@type\":[\"Person\",\"Organization\"],\"@id\":\"https:\/\/joyana.fr\/#\/schema\/person\/cf2a1ad12a27c12c21801075bf37407c\",\"name\":\"Jo Yana\",\"image\":{\"@type\":\"ImageObject\",\"inLanguage\":\"ja\",\"@id\":\"https:\/\/joyana.fr\/#\/schema\/person\/image\/\",\"url\":\"https:\/\/i0.wp.com\/www.joyana.fr\/wp-content\/uploads\/2016\/08\/cropped-joyana-logo-black-360x180.png?fit=343%2C164&ssl=1\",\"contentUrl\":\"https:\/\/i0.wp.com\/www.joyana.fr\/wp-content\/uploads\/2016\/08\/cropped-joyana-logo-black-360x180.png?fit=343%2C164&ssl=1\",\"width\":343,\"height\":164,\"caption\":\"Jo Yana\"},\"logo\":{\"@id\":\"https:\/\/joyana.fr\/#\/schema\/person\/image\/\"},\"description\":\"Jo Yana est le cr\u00e9ateur et r\u00e9dacteur en chef des sites DECO-DESIGN. Passionn\u00e9 de Design, Mode, Photo, Luxe, Lifestyle, Musique, mais avant tout Blogueur ! Le plaisir de partager l'anime et a comme devise \\\"POUR L'AMOUR DU BEAU\\\". Retrouvez le aussi sur son blog personnel - https:\/\/joyana.fr...\",\"sameAs\":[\"https:\/\/joyana.fr\/\"],\"url\":\"https:\/\/www.joyana.fr\/ja\/author\/joyana\/\"}]}<\/script>\n<!-- \/ Yoast SEO plugin. -->","yoast_head_json":{"title":"IKEA - DEMOCRATIC DESIGN DAYS 2017 | Blog Design JO YANA","description":"J'\u00e9tais convi\u00e9 \u00e0 \u00c4lmhult en Su\u00e8de, pour les Democratic Design Days o\u00f9 IKEA pr\u00e9sentait ses nouveaut\u00e9s 2017-2018, ainsi que les futures collaborations \u00e0 venir...","robots":{"index":"index","follow":"follow","max-snippet":"max-snippet:-1","max-image-preview":"max-image-preview:large","max-video-preview":"max-video-preview:-1"},"canonical":"https:\/\/www.joyana.fr\/ja\/ikea-democratic-design-days-2017\/125549\/","og_locale":"ja_JP","og_type":"article","og_title":"IKEA - DEMOCRATIC DESIGN DAYS 2017 | Blog Design JO YANA","og_description":"J'\u00e9tais convi\u00e9 \u00e0 \u00c4lmhult en Su\u00e8de, pour les Democratic Design Days o\u00f9 IKEA pr\u00e9sentait ses nouveaut\u00e9s 2017-2018, ainsi que les futures collaborations \u00e0 venir...","og_url":"https:\/\/www.joyana.fr\/ja\/ikea-democratic-design-days-2017\/125549\/","og_site_name":"JO YANA","article_published_time":"2017-07-18T16:23:38+00:00","article_modified_time":"2017-07-18T16:36:22+00:00","og_image":[{"width":1700,"height":1700,"url":"https:\/\/www.joyana.fr\/wp-content\/uploads\/2017\/07\/IKEA-DEMOCRATIC-DESIGN-DAYS-2017.jpg","type":"image\/jpeg"}],"author":"Jo Yana","twitter_card":"summary_large_image","twitter_creator":"@Jo_Yana","twitter_site":"@Jo_Yana","twitter_misc":{"\u57f7\u7b46\u8005":"Jo Yana","\u63a8\u5b9a\u8aad\u307f\u53d6\u308a\u6642\u9593":"5\u5206"},"schema":{"@context":"https:\/\/schema.org","@graph":[{"@type":"Article","@id":"https:\/\/www.joyana.fr\/ikea-democratic-design-days-2017\/125549\/#article","isPartOf":{"@id":"https:\/\/www.joyana.fr\/ikea-democratic-design-days-2017\/125549\/"},"author":{"name":"Jo Yana","@id":"https:\/\/joyana.fr\/#\/schema\/person\/cf2a1ad12a27c12c21801075bf37407c"},"headline":"IKEA &#8211; DEMOCRATIC DESIGN DAYS 2017","datePublished":"2017-07-18T16:23:38+00:00","dateModified":"2017-07-18T16:36:22+00:00","mainEntityOfPage":{"@id":"https:\/\/www.joyana.fr\/ikea-democratic-design-days-2017\/125549\/"},"wordCount":948,"commentCount":0,"publisher":{"@id":"https:\/\/joyana.fr\/#\/schema\/person\/cf2a1ad12a27c12c21801075bf37407c"},"image":{"@id":"https:\/\/www.joyana.fr\/ikea-democratic-design-days-2017\/125549\/#primaryimage"},"thumbnailUrl":"https:\/\/i0.wp.com\/www.joyana.fr\/wp-content\/uploads\/2017\/07\/IKEA-DEMOCRATIC-DESIGN-DAYS-2017.jpg?fit=1700%2C1700&ssl=1","keywords":["Chris STAMP","Colette","Darcel","IKEA","STAMPD","Tom DIXON","Virgil ABLOH"],"articleSection":["A LA UNE","DECO-DESIGN"],"inLanguage":"ja","potentialAction":[{"@type":"CommentAction","name":"Comment","target":["https:\/\/www.joyana.fr\/ikea-democratic-design-days-2017\/125549\/#respond"]}]},{"@type":"WebPage","@id":"https:\/\/www.joyana.fr\/ikea-democratic-design-days-2017\/125549\/","url":"https:\/\/www.joyana.fr\/ikea-democratic-design-days-2017\/125549\/","name":"IKEA - DEMOCRATIC DESIGN DAYS 2017 | Blog Design JO YANA","isPartOf":{"@id":"https:\/\/joyana.fr\/#website"},"primaryImageOfPage":{"@id":"https:\/\/www.joyana.fr\/ikea-democratic-design-days-2017\/125549\/#primaryimage"},"image":{"@id":"https:\/\/www.joyana.fr\/ikea-democratic-design-days-2017\/125549\/#primaryimage"},"thumbnailUrl":"https:\/\/i0.wp.com\/www.joyana.fr\/wp-content\/uploads\/2017\/07\/IKEA-DEMOCRATIC-DESIGN-DAYS-2017.jpg?fit=1700%2C1700&ssl=1","datePublished":"2017-07-18T16:23:38+00:00","dateModified":"2017-07-18T16:36:22+00:00","description":"J'\u00e9tais convi\u00e9 \u00e0 \u00c4lmhult en Su\u00e8de, pour les Democratic Design Days o\u00f9 IKEA pr\u00e9sentait ses nouveaut\u00e9s 2017-2018, ainsi que les futures collaborations \u00e0 venir...","breadcrumb":{"@id":"https:\/\/www.joyana.fr\/ikea-democratic-design-days-2017\/125549\/#breadcrumb"},"inLanguage":"ja","potentialAction":[{"@type":"ReadAction","target":["https:\/\/www.joyana.fr\/ikea-democratic-design-days-2017\/125549\/"]}]},{"@type":"ImageObject","inLanguage":"ja","@id":"https:\/\/www.joyana.fr\/ikea-democratic-design-days-2017\/125549\/#primaryimage","url":"https:\/\/i0.wp.com\/www.joyana.fr\/wp-content\/uploads\/2017\/07\/IKEA-DEMOCRATIC-DESIGN-DAYS-2017.jpg?fit=1700%2C1700&ssl=1","contentUrl":"https:\/\/i0.wp.com\/www.joyana.fr\/wp-content\/uploads\/2017\/07\/IKEA-DEMOCRATIC-DESIGN-DAYS-2017.jpg?fit=1700%2C1700&ssl=1","width":1700,"height":1700},{"@type":"BreadcrumbList","@id":"https:\/\/www.joyana.fr\/ikea-democratic-design-days-2017\/125549\/#breadcrumb","itemListElement":[{"@type":"ListItem","position":1,"name":"Accueil","item":"https:\/\/joyana.fr\/"},{"@type":"ListItem","position":2,"name":"IKEA &#8211; DEMOCRATIC DESIGN DAYS 2017"}]},{"@type":"WebSite","@id":"https:\/\/joyana.fr\/#website","url":"https:\/\/joyana.fr\/","name":"JO YANA","description":"Blog Mode Homme, Lifestyle, D\u00e9co-Design","publisher":{"@id":"https:\/\/joyana.fr\/#\/schema\/person\/cf2a1ad12a27c12c21801075bf37407c"},"potentialAction":[{"@type":"SearchAction","target":{"@type":"EntryPoint","urlTemplate":"https:\/\/joyana.fr\/?s={search_term_string}"},"query-input":{"@type":"PropertyValueSpecification","valueRequired":true,"valueName":"search_term_string"}}],"inLanguage":"ja"},{"@type":["Person","Organization"],"@id":"https:\/\/joyana.fr\/#\/schema\/person\/cf2a1ad12a27c12c21801075bf37407c","name":"Jo Yana","image":{"@type":"ImageObject","inLanguage":"ja","@id":"https:\/\/joyana.fr\/#\/schema\/person\/image\/","url":"https:\/\/i0.wp.com\/www.joyana.fr\/wp-content\/uploads\/2016\/08\/cropped-joyana-logo-black-360x180.png?fit=343%2C164&ssl=1","contentUrl":"https:\/\/i0.wp.com\/www.joyana.fr\/wp-content\/uploads\/2016\/08\/cropped-joyana-logo-black-360x180.png?fit=343%2C164&ssl=1","width":343,"height":164,"caption":"Jo Yana"},"logo":{"@id":"https:\/\/joyana.fr\/#\/schema\/person\/image\/"},"description":"Jo Yana est le cr\u00e9ateur et r\u00e9dacteur en chef des sites DECO-DESIGN. Passionn\u00e9 de Design, Mode, Photo, Luxe, Lifestyle, Musique, mais avant tout Blogueur ! Le plaisir de partager l'anime et a comme devise \"POUR L'AMOUR DU BEAU\". Retrouvez le aussi sur son blog personnel - https:\/\/joyana.fr...","sameAs":["https:\/\/joyana.fr\/"],"url":"https:\/\/www.joyana.fr\/ja\/author\/joyana\/"}]}},"author_meta":{"display_name":"Jo Yana","author_link":"https:\/\/www.joyana.fr\/ja\/author\/joyana\/"},"featured_img":"https:\/\/i0.wp.com\/www.joyana.fr\/wp-content\/uploads\/2017\/07\/IKEA-DEMOCRATIC-DESIGN-DAYS-2017.jpg?fit=389%2C389&ssl=1","featured_image_src":"https:\/\/i0.wp.com\/www.joyana.fr\/wp-content\/uploads\/2017\/07\/IKEA-DEMOCRATIC-DESIGN-DAYS-2017.jpg?resize=600%2C400&ssl=1","featured_image_src_square":"https:\/\/i0.wp.com\/www.joyana.fr\/wp-content\/uploads\/2017\/07\/IKEA-DEMOCRATIC-DESIGN-DAYS-2017.jpg?resize=600%2C600&ssl=1","jetpack_featured_media_url":"https:\/\/i0.wp.com\/www.joyana.fr\/wp-content\/uploads\/2017\/07\/IKEA-DEMOCRATIC-DESIGN-DAYS-2017.jpg?fit=1700%2C1700&ssl=1","uagb_featured_image_src":{"full":["https:\/\/i0.wp.com\/www.joyana.fr\/wp-content\/uploads\/2017\/07\/IKEA-DEMOCRATIC-DESIGN-DAYS-2017.jpg?fit=1700%2C1700&ssl=1",1700,1700,false],"thumbnail":["https:\/\/i0.wp.com\/www.joyana.fr\/wp-content\/uploads\/2017\/07\/IKEA-DEMOCRATIC-DESIGN-DAYS-2017.jpg?resize=150%2C150&ssl=1",150,150,true],"medium":["https:\/\/i0.wp.com\/www.joyana.fr\/wp-content\/uploads\/2017\/07\/IKEA-DEMOCRATIC-DESIGN-DAYS-2017.jpg?fit=389%2C389&ssl=1",389,389,true],"medium_large":["https:\/\/i0.wp.com\/www.joyana.fr\/wp-content\/uploads\/2017\/07\/IKEA-DEMOCRATIC-DESIGN-DAYS-2017.jpg?fit=768%2C768&ssl=1",768,768,true],"large":["https:\/\/i0.wp.com\/www.joyana.fr\/wp-content\/uploads\/2017\/07\/IKEA-DEMOCRATIC-DESIGN-DAYS-2017.jpg?fit=1024%2C1024&ssl=1",1024,1024,true],"1536x1536":["https:\/\/i0.wp.com\/www.joyana.fr\/wp-content\/uploads\/2017\/07\/IKEA-DEMOCRATIC-DESIGN-DAYS-2017.jpg?fit=1536%2C1536&ssl=1",1536,1536,true],"2048x2048":["https:\/\/i0.wp.com\/www.joyana.fr\/wp-content\/uploads\/2017\/07\/IKEA-DEMOCRATIC-DESIGN-DAYS-2017.jpg?fit=1700%2C1700&ssl=1",1700,1700,true],"featured-thumb":["https:\/\/i0.wp.com\/www.joyana.fr\/wp-content\/uploads\/2017\/07\/IKEA-DEMOCRATIC-DESIGN-DAYS-2017.jpg?resize=1700%2C750&ssl=1",1700,750,true],"ab-block-post-grid-landscape":["https:\/\/i0.wp.com\/www.joyana.fr\/wp-content\/uploads\/2017\/07\/IKEA-DEMOCRATIC-DESIGN-DAYS-2017.jpg?resize=600%2C400&ssl=1",600,400,true],"ab-block-post-grid-square":["https:\/\/i0.wp.com\/www.joyana.fr\/wp-content\/uploads\/2017\/07\/IKEA-DEMOCRATIC-DESIGN-DAYS-2017.jpg?resize=600%2C600&ssl=1",600,600,true],"author-pro-image":["https:\/\/i0.wp.com\/www.joyana.fr\/wp-content\/uploads\/2017\/07\/IKEA-DEMOCRATIC-DESIGN-DAYS-2017.jpg?resize=360%2C570&ssl=1",360,570,true],"slider":["https:\/\/i0.wp.com\/www.joyana.fr\/wp-content\/uploads\/2017\/07\/IKEA-DEMOCRATIC-DESIGN-DAYS-2017.jpg?resize=920%2C400&ssl=1",920,400,true],"woocommerce_thumbnail":["https:\/\/i0.wp.com\/www.joyana.fr\/wp-content\/uploads\/2017\/07\/IKEA-DEMOCRATIC-DESIGN-DAYS-2017.jpg?resize=450%2C450&ssl=1",450,450,true],"woocommerce_single":["https:\/\/i0.wp.com\/www.joyana.fr\/wp-content\/uploads\/2017\/07\/IKEA-DEMOCRATIC-DESIGN-DAYS-2017.jpg?fit=920%2C920&ssl=1",920,920,true],"woocommerce_gallery_thumbnail":["https:\/\/i0.wp.com\/www.joyana.fr\/wp-content\/uploads\/2017\/07\/IKEA-DEMOCRATIC-DESIGN-DAYS-2017.jpg?resize=180%2C180&ssl=1",180,180,true],"sow-carousel-default":["https:\/\/i0.wp.com\/www.joyana.fr\/wp-content\/uploads\/2017\/07\/IKEA-DEMOCRATIC-DESIGN-DAYS-2017.jpg?resize=272%2C182&ssl=1",272,182,true]},"uagb_author_info":{"display_name":"Jo Yana","author_link":"https:\/\/www.joyana.fr\/ja\/author\/joyana\/"},"uagb_comment_info":13,"uagb_excerpt":"J'\u00e9tais convi\u00e9 \u00e0 \u00c4lmhult en Su\u00e8de, pour les Democratic &hellip;","coauthors":[],"tax_additional":{"categories":{"linked":["<a href=\"https:\/\/www.joyana.fr\/ja\/category\/blog\/news\/\" class=\"advgb-post-tax-term\">A LA UNE<\/a>","<a href=\"https:\/\/www.joyana.fr\/ja\/category\/deco-design\/\" class=\"advgb-post-tax-term\">DECO-DESIGN<\/a>"],"unlinked":["<span class=\"advgb-post-tax-term\">A LA UNE<\/span>","<span class=\"advgb-post-tax-term\">DECO-DESIGN<\/span>"]},"tags":{"linked":["<a href=\"https:\/\/www.joyana.fr\/ja\/category\/deco-design\/\" class=\"advgb-post-tax-term\">Chris STAMP<\/a>","<a href=\"https:\/\/www.joyana.fr\/ja\/category\/deco-design\/\" class=\"advgb-post-tax-term\">Colette<\/a>","<a href=\"https:\/\/www.joyana.fr\/ja\/category\/deco-design\/\" class=\"advgb-post-tax-term\">Darcel<\/a>","<a href=\"https:\/\/www.joyana.fr\/ja\/category\/deco-design\/\" class=\"advgb-post-tax-term\">IKEA<\/a>","<a href=\"https:\/\/www.joyana.fr\/ja\/category\/deco-design\/\" class=\"advgb-post-tax-term\">STAMPD<\/a>","<a href=\"https:\/\/www.joyana.fr\/ja\/category\/deco-design\/\" class=\"advgb-post-tax-term\">Tom DIXON<\/a>","<a href=\"https:\/\/www.joyana.fr\/ja\/category\/deco-design\/\" class=\"advgb-post-tax-term\">Virgil ABLOH<\/a>"],"unlinked":["<span class=\"advgb-post-tax-term\">Chris STAMP<\/span>","<span class=\"advgb-post-tax-term\">Colette<\/span>","<span class=\"advgb-post-tax-term\">Darcel<\/span>","<span class=\"advgb-post-tax-term\">IKEA<\/span>","<span class=\"advgb-post-tax-term\">STAMPD<\/span>","<span class=\"advgb-post-tax-term\">Tom DIXON<\/span>","<span class=\"advgb-post-tax-term\">Virgil ABLOH<\/span>"]}},"comment_count":0,"relative_dates":{"created":"Posted 9\u5e74 ago","modified":"Updated 9\u5e74 ago"},"absolute_dates":{"created":"Posted on 18 7\u6708 2017","modified":"Updated on 18 7\u6708 2017"},"absolute_dates_time":{"created":"Posted on 18 7\u6708 2017 17:23","modified":"Updated on 18 7\u6708 2017 17:36"},"featured_img_caption":"","series_order":"","jetpack_sharing_enabled":true,"jetpack_shortlink":"https:\/\/wp.me\/p9bteI-wEZ","jetpack-related-posts":[],"_links":{"self":[{"href":"https:\/\/www.joyana.fr\/ja\/wp-json\/wp\/v2\/posts\/125549","targetHints":{"allow":["GET"]}}],"collection":[{"href":"https:\/\/www.joyana.fr\/ja\/wp-json\/wp\/v2\/posts"}],"about":[{"href":"https:\/\/www.joyana.fr\/ja\/wp-json\/wp\/v2\/types\/post"}],"author":[{"embeddable":true,"href":"https:\/\/www.joyana.fr\/ja\/wp-json\/wp\/v2\/users\/3"}],"replies":[{"embeddable":true,"href":"https:\/\/www.joyana.fr\/ja\/wp-json\/wp\/v2\/comments?post=125549"}],"version-history":[{"count":12,"href":"https:\/\/www.joyana.fr\/ja\/wp-json\/wp\/v2\/posts\/125549\/revisions"}],"predecessor-version":[{"id":125587,"href":"https:\/\/www.joyana.fr\/ja\/wp-json\/wp\/v2\/posts\/125549\/revisions\/125587"}],"wp:featuredmedia":[{"embeddable":true,"href":"https:\/\/www.joyana.fr\/ja\/wp-json\/wp\/v2\/media\/125573"}],"wp:attachment":[{"href":"https:\/\/www.joyana.fr\/ja\/wp-json\/wp\/v2\/media?parent=125549"}],"wp:term":[{"taxonomy":"category","embeddable":true,"href":"https:\/\/www.joyana.fr\/ja\/wp-json\/wp\/v2\/categories?post=125549"},{"taxonomy":"post_tag","embeddable":true,"href":"https:\/\/www.joyana.fr\/ja\/wp-json\/wp\/v2\/tags?post=125549"}],"curies":[{"name":"wp","href":"https:\/\/api.w.org\/{rel}","templated":true}]}}