{"id":124485,"date":"2016-09-30T11:01:46","date_gmt":"2016-09-30T10:01:46","guid":{"rendered":"https:\/\/joyana.fr\/?p=124485"},"modified":"2016-09-30T11:07:11","modified_gmt":"2016-09-30T10:07:11","slug":"parfums-starck-paris","status":"publish","type":"post","link":"https:\/\/www.joyana.fr\/ja\/parfums-starck-paris\/124485\/","title":{"rendered":"PARFUMS STARCK PARIS"},"content":{"rendered":"<p style=\"text-align: justify;\">Philippe Starck (un de mes designers pr\u00e9f\u00e9r\u00e9s, qu&#8217;on ne pr\u00e9sente plus) lance PARFUMS STARCK PARIS &#8211; avec trois fragrances PEAU DE SOIE, PEAU DE PIERRE, PEAU D\u2019AILLEURS. Qu\u2019importe le flacon pourvu qu\u2019on ait l\u2019ivresse cr\u00e9ative de Philippe Starck non ? &#8230;<br \/>\n<!--more--><\/p>\n<p><img data-recalc-dims=\"1\" fetchpriority=\"high\" decoding=\"async\" data-attachment-id=\"124487\" data-permalink=\"https:\/\/www.joyana.fr\/ja\/parfums-starck-paris\/124485\/parfum-starck-paris-mode-homme\/\" data-orig-file=\"https:\/\/i0.wp.com\/www.joyana.fr\/wp-content\/uploads\/2016\/09\/PARFUM-STARCK-PARIS-MODE-HOMME.jpg?fit=1700%2C1700&amp;ssl=1\" data-orig-size=\"1700,1700\" data-comments-opened=\"1\" data-image-meta=\"{&quot;aperture&quot;:&quot;0&quot;,&quot;credit&quot;:&quot;&quot;,&quot;camera&quot;:&quot;&quot;,&quot;caption&quot;:&quot;&quot;,&quot;created_timestamp&quot;:&quot;0&quot;,&quot;copyright&quot;:&quot;&quot;,&quot;focal_length&quot;:&quot;0&quot;,&quot;iso&quot;:&quot;0&quot;,&quot;shutter_speed&quot;:&quot;0&quot;,&quot;title&quot;:&quot;&quot;,&quot;orientation&quot;:&quot;1&quot;}\" data-image-title=\"parfum-starck-paris-mode-homme\" data-image-description=\"\" data-image-caption=\"\" data-medium-file=\"https:\/\/i0.wp.com\/www.joyana.fr\/wp-content\/uploads\/2016\/09\/PARFUM-STARCK-PARIS-MODE-HOMME.jpg?fit=389%2C389&amp;ssl=1\" data-large-file=\"https:\/\/i0.wp.com\/www.joyana.fr\/wp-content\/uploads\/2016\/09\/PARFUM-STARCK-PARIS-MODE-HOMME.jpg?fit=1024%2C1024&amp;ssl=1\" class=\"alignnone size-full wp-image-124487\" src=\"https:\/\/i0.wp.com\/joyana.fr\/wp-content\/uploads\/2016\/09\/PARFUM-STARCK-PARIS-MODE-HOMME.jpg?resize=1700%2C1700&#038;ssl=1\" alt=\"parfum-starck-paris-mode-homme\" width=\"1700\" height=\"1700\" srcset=\"https:\/\/i0.wp.com\/www.joyana.fr\/wp-content\/uploads\/2016\/09\/PARFUM-STARCK-PARIS-MODE-HOMME.jpg?w=1700&amp;ssl=1 1700w, https:\/\/i0.wp.com\/www.joyana.fr\/wp-content\/uploads\/2016\/09\/PARFUM-STARCK-PARIS-MODE-HOMME.jpg?resize=389%2C389&amp;ssl=1 389w, https:\/\/i0.wp.com\/www.joyana.fr\/wp-content\/uploads\/2016\/09\/PARFUM-STARCK-PARIS-MODE-HOMME.jpg?resize=1024%2C1024&amp;ssl=1 1024w, https:\/\/i0.wp.com\/www.joyana.fr\/wp-content\/uploads\/2016\/09\/PARFUM-STARCK-PARIS-MODE-HOMME.jpg?resize=150%2C150&amp;ssl=1 150w, https:\/\/i0.wp.com\/www.joyana.fr\/wp-content\/uploads\/2016\/09\/PARFUM-STARCK-PARIS-MODE-HOMME.jpg?resize=768%2C768&amp;ssl=1 768w, https:\/\/i0.wp.com\/www.joyana.fr\/wp-content\/uploads\/2016\/09\/PARFUM-STARCK-PARIS-MODE-HOMME.jpg?resize=1536%2C1536&amp;ssl=1 1536w, https:\/\/i0.wp.com\/www.joyana.fr\/wp-content\/uploads\/2016\/09\/PARFUM-STARCK-PARIS-MODE-HOMME.jpg?resize=600%2C600&amp;ssl=1 600w, https:\/\/i0.wp.com\/www.joyana.fr\/wp-content\/uploads\/2016\/09\/PARFUM-STARCK-PARIS-MODE-HOMME.jpg?resize=450%2C450&amp;ssl=1 450w, https:\/\/i0.wp.com\/www.joyana.fr\/wp-content\/uploads\/2016\/09\/PARFUM-STARCK-PARIS-MODE-HOMME.jpg?resize=920%2C920&amp;ssl=1 920w, https:\/\/i0.wp.com\/www.joyana.fr\/wp-content\/uploads\/2016\/09\/PARFUM-STARCK-PARIS-MODE-HOMME.jpg?resize=180%2C180&amp;ssl=1 180w, https:\/\/i0.wp.com\/www.joyana.fr\/wp-content\/uploads\/2016\/09\/PARFUM-STARCK-PARIS-MODE-HOMME.jpg?resize=300%2C300&amp;ssl=1 300w, https:\/\/i0.wp.com\/www.joyana.fr\/wp-content\/uploads\/2016\/09\/PARFUM-STARCK-PARIS-MODE-HOMME.jpg?resize=100%2C100&amp;ssl=1 100w\" sizes=\"(max-width: 1000px) 100vw, 1000px\" \/><\/p>\n<p style=\"text-align: justify;\">Le designer Philippe Starck se r\u00e9v\u00e8le \u00e0 travers le sillage de trois senteurs singuli\u00e8res &#8211; La t\u00eate, le coeur, le fond, pour sa nouvelle marque de parfums, Starck Paris. Il a appr\u00e9hend\u00e9 cet univers, d\u00e9couvert dans son enfance, \u00e0 sa fa\u00e7on: en livrant \u00e0 l\u2019interpr\u00e9tation de ma\u00eetres parfumeurs r\u00e9put\u00e9s une vision personnelle anim\u00e9e par la curiosit\u00e9, l\u2019impertinence, la sensibilit\u00e9, l\u2019\u00e9l\u00e9gance, la g\u00e9n\u00e9rosit\u00e9. N\u00e9e de ses r\u00eaves d\u2019enfant, de son imaginaire d\u00e9brid\u00e9 de visionnaire, la collection PPEAU DE SOIE, PEAU DE PIERRE, et PEAU D\u2019AILLEURS se pr\u00e9sente comme un floril\u00e8ge de po\u00e8mes olfactifs inattendus dont les mots sont des\u00a0odeurs et chaque peau un palimpseste r\u00e9v\u00e9lateur de tous les possibles&#8230;<\/p>\n<p style=\"text-align: justify;\"><span style=\"color: #ffffff;\">.<\/span><\/p>\n<h2 style=\"text-align: center;\"><span style=\"color: #ff99cc;\">\u2013\u00a0PARFUMS STARCK PARIS | LES ODEURS \u2013<\/span><\/h2>\n<p style=\"text-align: justify;\">Difficile de retranscrire l&#8217;\u00e9motion que l&#8217;on ressent lorsqu&#8217;on d\u00e9couvre ces fragrances, je pr\u00e9f\u00e8re citer\u00a0Daphn\u00e9 Bugey, Annick M\u00e9nardo et Dominique Ropion &#8211;\u00a0les trois ma\u00eetres parfumeurs qui ont accompagn\u00e9 Starck pour\u00a0l\u2019\u00e9laboration de cette premi\u00e8re collection :<\/p>\n<p style=\"text-align: justify;\"><em>&#8220;PEAU DE SOIE est un paradoxe, celui d\u2019un parfum dont la f\u00e9minit\u00e9 se d\u00e9voile autour d\u2019un coeur d\u2019homme. Un parfum qui s\u2019attache \u00e0 r\u00e9v\u00e9ler cet entre-deux, entre la surface et le noyau, o\u00f9 s\u2019exprime l\u2019\u00e9vocation de la r\u00e9alit\u00e9 myst\u00e9rieuse de la femme&#8230;&#8221;\u00a0<\/em>Daphn\u00e9 Bugey<\/p>\n<p style=\"text-align: justify;\">&#8220;PEAU DE PIERRE est un parfum masculin qui d\u00e9voile au coeur la part f\u00e9minine de l\u2019homme. Il est cette membrane, symbole de cette permanente ambigu\u00eft\u00e9 et \u00e0 travers laquelle passent nos diff\u00e9rences et notre personnalit\u00e9&#8230;&#8221;\u00a0Annick M\u00e9nardo<\/p>\n<p style=\"text-align: justify;\"><em>&#8220;PEAU D&#8217;AILLEURS est \u00e9trange, ind\u00e9finissable, insaisissable. Une exploration \u00e0 travers nous, \u00e0 travers l\u2019Ailleurs et<\/em>\u00a0<em>l\u2019inconscient, son parfum est aussi une \u00e9vasion vers le territoire infini de la d\u00e9mat\u00e9rialisation o\u00f9 l\u2019odeur du vide cosmique rencontre celui d\u2019une Terra Incognita&#8230;&#8221;\u00a0<\/em>Dominique Ropion<\/p>\n<p style=\"text-align: justify;\"><span style=\"color: #ffffff;\">.<\/span><\/p>\n<h2 style=\"text-align: center;\"><span style=\"color: #ff99cc;\">\u2013 PARFUMS STARCK PARIS | LE DESIGN \u2013<\/span><\/h2>\n<p style=\"text-align: justify;\"><em>&#8220;L\u2019objet n\u2019est pas l\u2019important !&#8221;<\/em>, aime r\u00e9p\u00e9ter le designer.\u00a0Ici, ce sont les parfums qui comptent, les \u00e9motions qu\u2019ils\u00a0produisent, le lien sensoriel et sensuel qu\u2019ils cr\u00e9ent, ce qu\u2019ils\u00a0nous racontent. Des histoires d\u2019hommes et de femmes, des\u00a0aventures aux confins de l\u2019imaginaire, du cosmos. Ou tout\u00a0autre chose, qui sait ?<\/p>\n<p style=\"text-align: justify;\">Mais n&#8217;en d\u00e9plaise \u00e0 son cr\u00e9ateur, ses flacons arborent un superbe design tr\u00e8s r\u00e9fl\u00e9chi. Avec une pipette quasi invisible, qui laisse imaginer que le pr\u00e9cieux liquide est en levitation et sort comme par magie \u00e0 chaque pression&#8230;<\/p>\n<p style=\"text-align: justify;\">J&#8217;ai eu le privil\u00e8ge d&#8217;\u00eatre choisi par STARCK PARFUMS PARIS pour vous livrer mon interpr\u00e9tation de cette collection.\u00a0J&#8217;esp\u00e8re que ma photo vous plaira&#8230;<\/p>\n<p><span style=\"color: #ffffff;\">.<\/span><\/p>\n<p style=\"text-align: center;\">D\u00e9couvrez la\u00a0collection Peau par <a href=\"http:\/\/www.starckparfums.com\/fr\/?\"><strong>STARCK PARFUMS<\/strong><\/a>\u00a0&#8230;<\/p>\n","protected":false},"excerpt":{"rendered":"<p>PARFUMS STARCK PARIS pr\u00e9sente trois fragrances &#8211; PEAU DE SOIE, PEAU DE PIERRE, PEAU D\u2019AILLEURS. Qu\u2019importe le flacon pourvu qu\u2019on ait l\u2019ivresse cr\u00e9ative de Philippe Starck ? <\/p>\n","protected":false},"author":3,"featured_media":124487,"comment_status":"open","ping_status":"open","sticky":false,"template":"","format":"standard","meta":{"_coblocks_attr":"","_coblocks_dimensions":"","_coblocks_responsive_height":"","_coblocks_accordion_ie_support":"","_uag_custom_page_level_css":"","advgb_blocks_editor_width":"","advgb_blocks_columns_visual_guide":"","_genesis_hide_title":false,"_genesis_hide_breadcrumbs":false,"_genesis_hide_singular_image":false,"_genesis_hide_footer_widgets":false,"_genesis_custom_body_class":"","_genesis_custom_post_class":"","_genesis_layout":"","_themeisle_gutenberg_block_has_review":false,"_jetpack_newsletter_access":"","_jetpack_dont_email_post_to_subs":false,"_jetpack_newsletter_tier_id":0,"_jetpack_memberships_contains_paywalled_content":false,"_jetpack_memberships_contains_paid_content":false,"footnotes":""},"categories":[80,905,21,19],"tags":[884,35,225,82,9],"class_list":{"0":"post-124485","1":"post","2":"type-post","3":"status-publish","4":"format-standard","5":"has-post-thumbnail","7":"category-news","8":"category-deco-design","9":"category-lifestyle","10":"category-photo","11":"tag-packaging","12":"tag-parfum","13":"tag-philippe-starck","14":"tag-photo","15":"tag-starck","16":"entry"},"featured_image_urls":{"full":["https:\/\/i0.wp.com\/www.joyana.fr\/wp-content\/uploads\/2016\/09\/PARFUM-STARCK-PARIS-MODE-HOMME.jpg?fit=1700%2C1700&ssl=1",1700,1700,false],"thumbnail":["https:\/\/i0.wp.com\/www.joyana.fr\/wp-content\/uploads\/2016\/09\/PARFUM-STARCK-PARIS-MODE-HOMME.jpg?resize=150%2C150&ssl=1",150,150,true],"medium":["https:\/\/i0.wp.com\/www.joyana.fr\/wp-content\/uploads\/2016\/09\/PARFUM-STARCK-PARIS-MODE-HOMME.jpg?fit=389%2C389&ssl=1",389,389,true],"medium_large":["https:\/\/i0.wp.com\/www.joyana.fr\/wp-content\/uploads\/2016\/09\/PARFUM-STARCK-PARIS-MODE-HOMME.jpg?fit=768%2C768&ssl=1",768,768,true],"large":["https:\/\/i0.wp.com\/www.joyana.fr\/wp-content\/uploads\/2016\/09\/PARFUM-STARCK-PARIS-MODE-HOMME.jpg?fit=1024%2C1024&ssl=1",1024,1024,true],"1536x1536":["https:\/\/i0.wp.com\/www.joyana.fr\/wp-content\/uploads\/2016\/09\/PARFUM-STARCK-PARIS-MODE-HOMME.jpg?fit=1536%2C1536&ssl=1",1536,1536,true],"2048x2048":["https:\/\/i0.wp.com\/www.joyana.fr\/wp-content\/uploads\/2016\/09\/PARFUM-STARCK-PARIS-MODE-HOMME.jpg?fit=1700%2C1700&ssl=1",1700,1700,true],"featured-thumb":["https:\/\/i0.wp.com\/www.joyana.fr\/wp-content\/uploads\/2016\/09\/PARFUM-STARCK-PARIS-MODE-HOMME.jpg?resize=1700%2C750&ssl=1",1700,750,true],"ab-block-post-grid-landscape":["https:\/\/i0.wp.com\/www.joyana.fr\/wp-content\/uploads\/2016\/09\/PARFUM-STARCK-PARIS-MODE-HOMME.jpg?resize=600%2C400&ssl=1",600,400,true],"ab-block-post-grid-square":["https:\/\/i0.wp.com\/www.joyana.fr\/wp-content\/uploads\/2016\/09\/PARFUM-STARCK-PARIS-MODE-HOMME.jpg?resize=600%2C600&ssl=1",600,600,true],"author-pro-image":["https:\/\/i0.wp.com\/www.joyana.fr\/wp-content\/uploads\/2016\/09\/PARFUM-STARCK-PARIS-MODE-HOMME.jpg?resize=360%2C570&ssl=1",360,570,true],"slider":["https:\/\/i0.wp.com\/www.joyana.fr\/wp-content\/uploads\/2016\/09\/PARFUM-STARCK-PARIS-MODE-HOMME.jpg?resize=920%2C400&ssl=1",920,400,true],"woocommerce_thumbnail":["https:\/\/i0.wp.com\/www.joyana.fr\/wp-content\/uploads\/2016\/09\/PARFUM-STARCK-PARIS-MODE-HOMME.jpg?resize=450%2C450&ssl=1",450,450,true],"woocommerce_single":["https:\/\/i0.wp.com\/www.joyana.fr\/wp-content\/uploads\/2016\/09\/PARFUM-STARCK-PARIS-MODE-HOMME.jpg?fit=920%2C920&ssl=1",920,920,true],"woocommerce_gallery_thumbnail":["https:\/\/i0.wp.com\/www.joyana.fr\/wp-content\/uploads\/2016\/09\/PARFUM-STARCK-PARIS-MODE-HOMME.jpg?resize=180%2C180&ssl=1",180,180,true],"sow-carousel-default":["https:\/\/i0.wp.com\/www.joyana.fr\/wp-content\/uploads\/2016\/09\/PARFUM-STARCK-PARIS-MODE-HOMME.jpg?resize=272%2C182&ssl=1",272,182,true]},"post_excerpt_stackable":"<p>PARFUMS STARCK PARIS pr\u00e9sente trois fragrances &#8211; PEAU DE SOIE, PEAU DE PIERRE, PEAU D\u2019AILLEURS. Qu\u2019importe le flacon pourvu qu\u2019on ait l\u2019ivresse cr\u00e9ative de Philippe Starck ? <\/p>\n","category_list":"<a href=\"https:\/\/www.joyana.fr\/ja\/category\/blog\/news\/\" rel=\"category tag\">A LA UNE<\/a>, <a href=\"https:\/\/www.joyana.fr\/ja\/category\/deco-design\/\" rel=\"category tag\">DECO-DESIGN<\/a>, <a href=\"https:\/\/www.joyana.fr\/ja\/category\/blog\/lifestyle\/\" rel=\"category tag\">LIFESTYLE<\/a>, <a href=\"https:\/\/www.joyana.fr\/ja\/category\/blog\/photo\/\" rel=\"category tag\">PHOTO<\/a>","author_info":{"display_name":"Jo Yana","author_link":"https:\/\/www.joyana.fr\/ja\/author\/joyana\/"},"comments_num":"3 comments","featured_image_urls_v2":{"full":["https:\/\/i0.wp.com\/www.joyana.fr\/wp-content\/uploads\/2016\/09\/PARFUM-STARCK-PARIS-MODE-HOMME.jpg?fit=1700%2C1700&ssl=1",1700,1700,false],"thumbnail":["https:\/\/i0.wp.com\/www.joyana.fr\/wp-content\/uploads\/2016\/09\/PARFUM-STARCK-PARIS-MODE-HOMME.jpg?resize=150%2C150&ssl=1",150,150,true],"medium":["https:\/\/i0.wp.com\/www.joyana.fr\/wp-content\/uploads\/2016\/09\/PARFUM-STARCK-PARIS-MODE-HOMME.jpg?fit=389%2C389&ssl=1",389,389,true],"medium_large":["https:\/\/i0.wp.com\/www.joyana.fr\/wp-content\/uploads\/2016\/09\/PARFUM-STARCK-PARIS-MODE-HOMME.jpg?fit=768%2C768&ssl=1",768,768,true],"large":["https:\/\/i0.wp.com\/www.joyana.fr\/wp-content\/uploads\/2016\/09\/PARFUM-STARCK-PARIS-MODE-HOMME.jpg?fit=1024%2C1024&ssl=1",1024,1024,true],"1536x1536":["https:\/\/i0.wp.com\/www.joyana.fr\/wp-content\/uploads\/2016\/09\/PARFUM-STARCK-PARIS-MODE-HOMME.jpg?fit=1536%2C1536&ssl=1",1536,1536,true],"2048x2048":["https:\/\/i0.wp.com\/www.joyana.fr\/wp-content\/uploads\/2016\/09\/PARFUM-STARCK-PARIS-MODE-HOMME.jpg?fit=1700%2C1700&ssl=1",1700,1700,true],"featured-thumb":["https:\/\/i0.wp.com\/www.joyana.fr\/wp-content\/uploads\/2016\/09\/PARFUM-STARCK-PARIS-MODE-HOMME.jpg?resize=1700%2C750&ssl=1",1700,750,true],"ab-block-post-grid-landscape":["https:\/\/i0.wp.com\/www.joyana.fr\/wp-content\/uploads\/2016\/09\/PARFUM-STARCK-PARIS-MODE-HOMME.jpg?resize=600%2C400&ssl=1",600,400,true],"ab-block-post-grid-square":["https:\/\/i0.wp.com\/www.joyana.fr\/wp-content\/uploads\/2016\/09\/PARFUM-STARCK-PARIS-MODE-HOMME.jpg?resize=600%2C600&ssl=1",600,600,true],"author-pro-image":["https:\/\/i0.wp.com\/www.joyana.fr\/wp-content\/uploads\/2016\/09\/PARFUM-STARCK-PARIS-MODE-HOMME.jpg?resize=360%2C570&ssl=1",360,570,true],"slider":["https:\/\/i0.wp.com\/www.joyana.fr\/wp-content\/uploads\/2016\/09\/PARFUM-STARCK-PARIS-MODE-HOMME.jpg?resize=920%2C400&ssl=1",920,400,true],"woocommerce_thumbnail":["https:\/\/i0.wp.com\/www.joyana.fr\/wp-content\/uploads\/2016\/09\/PARFUM-STARCK-PARIS-MODE-HOMME.jpg?resize=450%2C450&ssl=1",450,450,true],"woocommerce_single":["https:\/\/i0.wp.com\/www.joyana.fr\/wp-content\/uploads\/2016\/09\/PARFUM-STARCK-PARIS-MODE-HOMME.jpg?fit=920%2C920&ssl=1",920,920,true],"woocommerce_gallery_thumbnail":["https:\/\/i0.wp.com\/www.joyana.fr\/wp-content\/uploads\/2016\/09\/PARFUM-STARCK-PARIS-MODE-HOMME.jpg?resize=180%2C180&ssl=1",180,180,true],"sow-carousel-default":["https:\/\/i0.wp.com\/www.joyana.fr\/wp-content\/uploads\/2016\/09\/PARFUM-STARCK-PARIS-MODE-HOMME.jpg?resize=272%2C182&ssl=1",272,182,true]},"post_excerpt_stackable_v2":"<p>PARFUMS STARCK PARIS pr\u00e9sente trois fragrances &#8211; PEAU DE SOIE, PEAU DE PIERRE, PEAU D\u2019AILLEURS. Qu\u2019importe le flacon pourvu qu\u2019on ait l\u2019ivresse cr\u00e9ative de Philippe Starck ? <\/p>\n","category_list_v2":"<a href=\"https:\/\/www.joyana.fr\/ja\/category\/blog\/news\/\" rel=\"category tag\">A LA UNE<\/a>, <a href=\"https:\/\/www.joyana.fr\/ja\/category\/deco-design\/\" rel=\"category tag\">DECO-DESIGN<\/a>, <a href=\"https:\/\/www.joyana.fr\/ja\/category\/blog\/lifestyle\/\" rel=\"category tag\">LIFESTYLE<\/a>, <a href=\"https:\/\/www.joyana.fr\/ja\/category\/blog\/photo\/\" rel=\"category tag\">PHOTO<\/a>","author_info_v2":{"name":"Jo Yana","url":"https:\/\/www.joyana.fr\/ja\/author\/joyana\/"},"comments_num_v2":"3 comments","yoast_head":"<!-- This site is optimized with the Yoast SEO plugin v26.8 - https:\/\/yoast.com\/product\/yoast-seo-wordpress\/ -->\n<title>PARFUMS STARCK PARIS | JO YANA<\/title>\n<meta name=\"description\" content=\"PARFUMS STARCK PARIS pr\u00e9sente trois fragrances - PEAU DE SOIE, PEAU DE PIERRE, PEAU D\u2019AILLEURS. Qu\u2019importe le flacon pourvu qu\u2019on ait l\u2019ivresse cr\u00e9ative de Philippe Starck ?\" \/>\n<meta name=\"robots\" content=\"index, follow, max-snippet:-1, max-image-preview:large, max-video-preview:-1\" \/>\n<link rel=\"canonical\" href=\"https:\/\/www.joyana.fr\/ja\/parfums-starck-paris\/124485\/\" \/>\n<meta property=\"og:locale\" content=\"ja_JP\" \/>\n<meta property=\"og:locale:alternate\" content=\"fr_FR\" \/>\n<meta property=\"og:locale:alternate\" content=\"en_US\" \/>\n<meta property=\"og:type\" content=\"article\" \/>\n<meta property=\"og:title\" content=\"PARFUMS STARCK PARIS | JO YANA\" \/>\n<meta property=\"og:description\" content=\"PARFUMS STARCK PARIS pr\u00e9sente trois fragrances - PEAU DE SOIE, PEAU DE PIERRE, PEAU D\u2019AILLEURS. Qu\u2019importe le flacon pourvu qu\u2019on ait l\u2019ivresse cr\u00e9ative de Philippe Starck ?\" \/>\n<meta property=\"og:url\" content=\"https:\/\/www.joyana.fr\/ja\/parfums-starck-paris\/124485\/\" \/>\n<meta property=\"og:site_name\" content=\"JO YANA\" \/>\n<meta property=\"article:published_time\" content=\"2016-09-30T10:01:46+00:00\" \/>\n<meta property=\"article:modified_time\" content=\"2016-09-30T10:07:11+00:00\" \/>\n<meta property=\"og:image\" content=\"https:\/\/www.joyana.fr\/wp-content\/uploads\/2016\/09\/PARFUM-STARCK-PARIS-MODE-HOMME.jpg\" \/>\n\t<meta property=\"og:image:width\" content=\"1700\" \/>\n\t<meta property=\"og:image:height\" content=\"1700\" \/>\n\t<meta property=\"og:image:type\" content=\"image\/jpeg\" \/>\n<meta name=\"author\" content=\"Jo Yana\" \/>\n<meta name=\"twitter:card\" content=\"summary_large_image\" \/>\n<meta name=\"twitter:creator\" content=\"@Jo_Yana\" \/>\n<meta name=\"twitter:site\" content=\"@Jo_Yana\" \/>\n<meta name=\"twitter:label1\" content=\"\u57f7\u7b46\u8005\" \/>\n\t<meta name=\"twitter:data1\" content=\"Jo Yana\" \/>\n\t<meta name=\"twitter:label2\" content=\"\u63a8\u5b9a\u8aad\u307f\u53d6\u308a\u6642\u9593\" \/>\n\t<meta name=\"twitter:data2\" content=\"3\u5206\" \/>\n<script type=\"application\/ld+json\" class=\"yoast-schema-graph\">{\"@context\":\"https:\/\/schema.org\",\"@graph\":[{\"@type\":\"Article\",\"@id\":\"https:\/\/www.joyana.fr\/ja\/parfums-starck-paris\/124485\/#article\",\"isPartOf\":{\"@id\":\"https:\/\/www.joyana.fr\/ja\/parfums-starck-paris\/124485\/\"},\"author\":{\"name\":\"Jo Yana\",\"@id\":\"https:\/\/joyana.fr\/#\/schema\/person\/cf2a1ad12a27c12c21801075bf37407c\"},\"headline\":\"PARFUMS STARCK PARIS\",\"datePublished\":\"2016-09-30T10:01:46+00:00\",\"dateModified\":\"2016-09-30T10:07:11+00:00\",\"mainEntityOfPage\":{\"@id\":\"https:\/\/www.joyana.fr\/ja\/parfums-starck-paris\/124485\/\"},\"wordCount\":527,\"commentCount\":1,\"publisher\":{\"@id\":\"https:\/\/joyana.fr\/#\/schema\/person\/cf2a1ad12a27c12c21801075bf37407c\"},\"image\":{\"@id\":\"https:\/\/www.joyana.fr\/ja\/parfums-starck-paris\/124485\/#primaryimage\"},\"thumbnailUrl\":\"https:\/\/i0.wp.com\/www.joyana.fr\/wp-content\/uploads\/2016\/09\/PARFUM-STARCK-PARIS-MODE-HOMME.jpg?fit=1700%2C1700&ssl=1\",\"keywords\":[\"Packaging\",\"Parfum\",\"Philippe STARCK\",\"PHOTO\",\"STARCK\"],\"articleSection\":[\"A LA UNE\",\"DECO-DESIGN\",\"LIFESTYLE\",\"PHOTO\"],\"inLanguage\":\"ja\",\"potentialAction\":[{\"@type\":\"CommentAction\",\"name\":\"Comment\",\"target\":[\"https:\/\/www.joyana.fr\/ja\/parfums-starck-paris\/124485\/#respond\"]}]},{\"@type\":\"WebPage\",\"@id\":\"https:\/\/www.joyana.fr\/ja\/parfums-starck-paris\/124485\/\",\"url\":\"https:\/\/www.joyana.fr\/ja\/parfums-starck-paris\/124485\/\",\"name\":\"PARFUMS STARCK PARIS | JO YANA\",\"isPartOf\":{\"@id\":\"https:\/\/joyana.fr\/#website\"},\"primaryImageOfPage\":{\"@id\":\"https:\/\/www.joyana.fr\/ja\/parfums-starck-paris\/124485\/#primaryimage\"},\"image\":{\"@id\":\"https:\/\/www.joyana.fr\/ja\/parfums-starck-paris\/124485\/#primaryimage\"},\"thumbnailUrl\":\"https:\/\/i0.wp.com\/www.joyana.fr\/wp-content\/uploads\/2016\/09\/PARFUM-STARCK-PARIS-MODE-HOMME.jpg?fit=1700%2C1700&ssl=1\",\"datePublished\":\"2016-09-30T10:01:46+00:00\",\"dateModified\":\"2016-09-30T10:07:11+00:00\",\"description\":\"PARFUMS STARCK PARIS pr\u00e9sente trois fragrances - PEAU DE SOIE, PEAU DE PIERRE, PEAU D\u2019AILLEURS. Qu\u2019importe le flacon pourvu qu\u2019on ait l\u2019ivresse cr\u00e9ative de Philippe Starck ?\",\"breadcrumb\":{\"@id\":\"https:\/\/www.joyana.fr\/ja\/parfums-starck-paris\/124485\/#breadcrumb\"},\"inLanguage\":\"ja\",\"potentialAction\":[{\"@type\":\"ReadAction\",\"target\":[\"https:\/\/www.joyana.fr\/ja\/parfums-starck-paris\/124485\/\"]}]},{\"@type\":\"ImageObject\",\"inLanguage\":\"ja\",\"@id\":\"https:\/\/www.joyana.fr\/ja\/parfums-starck-paris\/124485\/#primaryimage\",\"url\":\"https:\/\/i0.wp.com\/www.joyana.fr\/wp-content\/uploads\/2016\/09\/PARFUM-STARCK-PARIS-MODE-HOMME.jpg?fit=1700%2C1700&ssl=1\",\"contentUrl\":\"https:\/\/i0.wp.com\/www.joyana.fr\/wp-content\/uploads\/2016\/09\/PARFUM-STARCK-PARIS-MODE-HOMME.jpg?fit=1700%2C1700&ssl=1\",\"width\":1700,\"height\":1700},{\"@type\":\"BreadcrumbList\",\"@id\":\"https:\/\/www.joyana.fr\/ja\/parfums-starck-paris\/124485\/#breadcrumb\",\"itemListElement\":[{\"@type\":\"ListItem\",\"position\":1,\"name\":\"Accueil\",\"item\":\"https:\/\/joyana.fr\/\"},{\"@type\":\"ListItem\",\"position\":2,\"name\":\"PARFUMS STARCK PARIS\"}]},{\"@type\":\"WebSite\",\"@id\":\"https:\/\/joyana.fr\/#website\",\"url\":\"https:\/\/joyana.fr\/\",\"name\":\"JO YANA\",\"description\":\"Blog Mode Homme, Lifestyle, D\u00e9co-Design\",\"publisher\":{\"@id\":\"https:\/\/joyana.fr\/#\/schema\/person\/cf2a1ad12a27c12c21801075bf37407c\"},\"potentialAction\":[{\"@type\":\"SearchAction\",\"target\":{\"@type\":\"EntryPoint\",\"urlTemplate\":\"https:\/\/joyana.fr\/?s={search_term_string}\"},\"query-input\":{\"@type\":\"PropertyValueSpecification\",\"valueRequired\":true,\"valueName\":\"search_term_string\"}}],\"inLanguage\":\"ja\"},{\"@type\":[\"Person\",\"Organization\"],\"@id\":\"https:\/\/joyana.fr\/#\/schema\/person\/cf2a1ad12a27c12c21801075bf37407c\",\"name\":\"Jo Yana\",\"image\":{\"@type\":\"ImageObject\",\"inLanguage\":\"ja\",\"@id\":\"https:\/\/joyana.fr\/#\/schema\/person\/image\/\",\"url\":\"https:\/\/i0.wp.com\/www.joyana.fr\/wp-content\/uploads\/2016\/08\/cropped-joyana-logo-black-360x180.png?fit=343%2C164&ssl=1\",\"contentUrl\":\"https:\/\/i0.wp.com\/www.joyana.fr\/wp-content\/uploads\/2016\/08\/cropped-joyana-logo-black-360x180.png?fit=343%2C164&ssl=1\",\"width\":343,\"height\":164,\"caption\":\"Jo Yana\"},\"logo\":{\"@id\":\"https:\/\/joyana.fr\/#\/schema\/person\/image\/\"},\"description\":\"Jo Yana est le cr\u00e9ateur et r\u00e9dacteur en chef des sites DECO-DESIGN. Passionn\u00e9 de Design, Mode, Photo, Luxe, Lifestyle, Musique, mais avant tout Blogueur ! Le plaisir de partager l'anime et a comme devise \\\"POUR L'AMOUR DU BEAU\\\". Retrouvez le aussi sur son blog personnel - https:\/\/joyana.fr...\",\"sameAs\":[\"https:\/\/joyana.fr\/\"],\"url\":\"https:\/\/www.joyana.fr\/ja\/author\/joyana\/\"}]}<\/script>\n<!-- \/ Yoast SEO plugin. -->","yoast_head_json":{"title":"PARFUMS STARCK PARIS | JO YANA","description":"PARFUMS STARCK PARIS pr\u00e9sente trois fragrances - PEAU DE SOIE, PEAU DE PIERRE, PEAU D\u2019AILLEURS. Qu\u2019importe le flacon pourvu qu\u2019on ait l\u2019ivresse cr\u00e9ative de Philippe Starck ?","robots":{"index":"index","follow":"follow","max-snippet":"max-snippet:-1","max-image-preview":"max-image-preview:large","max-video-preview":"max-video-preview:-1"},"canonical":"https:\/\/www.joyana.fr\/ja\/parfums-starck-paris\/124485\/","og_locale":"ja_JP","og_type":"article","og_title":"PARFUMS STARCK PARIS | JO YANA","og_description":"PARFUMS STARCK PARIS pr\u00e9sente trois fragrances - PEAU DE SOIE, PEAU DE PIERRE, PEAU D\u2019AILLEURS. Qu\u2019importe le flacon pourvu qu\u2019on ait l\u2019ivresse cr\u00e9ative de Philippe Starck ?","og_url":"https:\/\/www.joyana.fr\/ja\/parfums-starck-paris\/124485\/","og_site_name":"JO YANA","article_published_time":"2016-09-30T10:01:46+00:00","article_modified_time":"2016-09-30T10:07:11+00:00","og_image":[{"width":1700,"height":1700,"url":"https:\/\/www.joyana.fr\/wp-content\/uploads\/2016\/09\/PARFUM-STARCK-PARIS-MODE-HOMME.jpg","type":"image\/jpeg"}],"author":"Jo Yana","twitter_card":"summary_large_image","twitter_creator":"@Jo_Yana","twitter_site":"@Jo_Yana","twitter_misc":{"\u57f7\u7b46\u8005":"Jo Yana","\u63a8\u5b9a\u8aad\u307f\u53d6\u308a\u6642\u9593":"3\u5206"},"schema":{"@context":"https:\/\/schema.org","@graph":[{"@type":"Article","@id":"https:\/\/www.joyana.fr\/ja\/parfums-starck-paris\/124485\/#article","isPartOf":{"@id":"https:\/\/www.joyana.fr\/ja\/parfums-starck-paris\/124485\/"},"author":{"name":"Jo Yana","@id":"https:\/\/joyana.fr\/#\/schema\/person\/cf2a1ad12a27c12c21801075bf37407c"},"headline":"PARFUMS STARCK PARIS","datePublished":"2016-09-30T10:01:46+00:00","dateModified":"2016-09-30T10:07:11+00:00","mainEntityOfPage":{"@id":"https:\/\/www.joyana.fr\/ja\/parfums-starck-paris\/124485\/"},"wordCount":527,"commentCount":1,"publisher":{"@id":"https:\/\/joyana.fr\/#\/schema\/person\/cf2a1ad12a27c12c21801075bf37407c"},"image":{"@id":"https:\/\/www.joyana.fr\/ja\/parfums-starck-paris\/124485\/#primaryimage"},"thumbnailUrl":"https:\/\/i0.wp.com\/www.joyana.fr\/wp-content\/uploads\/2016\/09\/PARFUM-STARCK-PARIS-MODE-HOMME.jpg?fit=1700%2C1700&ssl=1","keywords":["Packaging","Parfum","Philippe STARCK","PHOTO","STARCK"],"articleSection":["A LA UNE","DECO-DESIGN","LIFESTYLE","PHOTO"],"inLanguage":"ja","potentialAction":[{"@type":"CommentAction","name":"Comment","target":["https:\/\/www.joyana.fr\/ja\/parfums-starck-paris\/124485\/#respond"]}]},{"@type":"WebPage","@id":"https:\/\/www.joyana.fr\/ja\/parfums-starck-paris\/124485\/","url":"https:\/\/www.joyana.fr\/ja\/parfums-starck-paris\/124485\/","name":"PARFUMS STARCK PARIS | JO YANA","isPartOf":{"@id":"https:\/\/joyana.fr\/#website"},"primaryImageOfPage":{"@id":"https:\/\/www.joyana.fr\/ja\/parfums-starck-paris\/124485\/#primaryimage"},"image":{"@id":"https:\/\/www.joyana.fr\/ja\/parfums-starck-paris\/124485\/#primaryimage"},"thumbnailUrl":"https:\/\/i0.wp.com\/www.joyana.fr\/wp-content\/uploads\/2016\/09\/PARFUM-STARCK-PARIS-MODE-HOMME.jpg?fit=1700%2C1700&ssl=1","datePublished":"2016-09-30T10:01:46+00:00","dateModified":"2016-09-30T10:07:11+00:00","description":"PARFUMS STARCK PARIS pr\u00e9sente trois fragrances - PEAU DE SOIE, PEAU DE PIERRE, PEAU D\u2019AILLEURS. Qu\u2019importe le flacon pourvu qu\u2019on ait l\u2019ivresse cr\u00e9ative de Philippe Starck ?","breadcrumb":{"@id":"https:\/\/www.joyana.fr\/ja\/parfums-starck-paris\/124485\/#breadcrumb"},"inLanguage":"ja","potentialAction":[{"@type":"ReadAction","target":["https:\/\/www.joyana.fr\/ja\/parfums-starck-paris\/124485\/"]}]},{"@type":"ImageObject","inLanguage":"ja","@id":"https:\/\/www.joyana.fr\/ja\/parfums-starck-paris\/124485\/#primaryimage","url":"https:\/\/i0.wp.com\/www.joyana.fr\/wp-content\/uploads\/2016\/09\/PARFUM-STARCK-PARIS-MODE-HOMME.jpg?fit=1700%2C1700&ssl=1","contentUrl":"https:\/\/i0.wp.com\/www.joyana.fr\/wp-content\/uploads\/2016\/09\/PARFUM-STARCK-PARIS-MODE-HOMME.jpg?fit=1700%2C1700&ssl=1","width":1700,"height":1700},{"@type":"BreadcrumbList","@id":"https:\/\/www.joyana.fr\/ja\/parfums-starck-paris\/124485\/#breadcrumb","itemListElement":[{"@type":"ListItem","position":1,"name":"Accueil","item":"https:\/\/joyana.fr\/"},{"@type":"ListItem","position":2,"name":"PARFUMS STARCK PARIS"}]},{"@type":"WebSite","@id":"https:\/\/joyana.fr\/#website","url":"https:\/\/joyana.fr\/","name":"JO YANA","description":"Blog Mode Homme, Lifestyle, D\u00e9co-Design","publisher":{"@id":"https:\/\/joyana.fr\/#\/schema\/person\/cf2a1ad12a27c12c21801075bf37407c"},"potentialAction":[{"@type":"SearchAction","target":{"@type":"EntryPoint","urlTemplate":"https:\/\/joyana.fr\/?s={search_term_string}"},"query-input":{"@type":"PropertyValueSpecification","valueRequired":true,"valueName":"search_term_string"}}],"inLanguage":"ja"},{"@type":["Person","Organization"],"@id":"https:\/\/joyana.fr\/#\/schema\/person\/cf2a1ad12a27c12c21801075bf37407c","name":"Jo Yana","image":{"@type":"ImageObject","inLanguage":"ja","@id":"https:\/\/joyana.fr\/#\/schema\/person\/image\/","url":"https:\/\/i0.wp.com\/www.joyana.fr\/wp-content\/uploads\/2016\/08\/cropped-joyana-logo-black-360x180.png?fit=343%2C164&ssl=1","contentUrl":"https:\/\/i0.wp.com\/www.joyana.fr\/wp-content\/uploads\/2016\/08\/cropped-joyana-logo-black-360x180.png?fit=343%2C164&ssl=1","width":343,"height":164,"caption":"Jo Yana"},"logo":{"@id":"https:\/\/joyana.fr\/#\/schema\/person\/image\/"},"description":"Jo Yana est le cr\u00e9ateur et r\u00e9dacteur en chef des sites DECO-DESIGN. Passionn\u00e9 de Design, Mode, Photo, Luxe, Lifestyle, Musique, mais avant tout Blogueur ! Le plaisir de partager l'anime et a comme devise \"POUR L'AMOUR DU BEAU\". Retrouvez le aussi sur son blog personnel - https:\/\/joyana.fr...","sameAs":["https:\/\/joyana.fr\/"],"url":"https:\/\/www.joyana.fr\/ja\/author\/joyana\/"}]}},"author_meta":{"display_name":"Jo Yana","author_link":"https:\/\/www.joyana.fr\/ja\/author\/joyana\/"},"featured_img":"https:\/\/i0.wp.com\/www.joyana.fr\/wp-content\/uploads\/2016\/09\/PARFUM-STARCK-PARIS-MODE-HOMME.jpg?fit=389%2C389&ssl=1","featured_image_src":"https:\/\/i0.wp.com\/www.joyana.fr\/wp-content\/uploads\/2016\/09\/PARFUM-STARCK-PARIS-MODE-HOMME.jpg?resize=600%2C400&ssl=1","featured_image_src_square":"https:\/\/i0.wp.com\/www.joyana.fr\/wp-content\/uploads\/2016\/09\/PARFUM-STARCK-PARIS-MODE-HOMME.jpg?resize=600%2C600&ssl=1","jetpack_featured_media_url":"https:\/\/i0.wp.com\/www.joyana.fr\/wp-content\/uploads\/2016\/09\/PARFUM-STARCK-PARIS-MODE-HOMME.jpg?fit=1700%2C1700&ssl=1","uagb_featured_image_src":{"full":["https:\/\/i0.wp.com\/www.joyana.fr\/wp-content\/uploads\/2016\/09\/PARFUM-STARCK-PARIS-MODE-HOMME.jpg?fit=1700%2C1700&ssl=1",1700,1700,false],"thumbnail":["https:\/\/i0.wp.com\/www.joyana.fr\/wp-content\/uploads\/2016\/09\/PARFUM-STARCK-PARIS-MODE-HOMME.jpg?resize=150%2C150&ssl=1",150,150,true],"medium":["https:\/\/i0.wp.com\/www.joyana.fr\/wp-content\/uploads\/2016\/09\/PARFUM-STARCK-PARIS-MODE-HOMME.jpg?fit=389%2C389&ssl=1",389,389,true],"medium_large":["https:\/\/i0.wp.com\/www.joyana.fr\/wp-content\/uploads\/2016\/09\/PARFUM-STARCK-PARIS-MODE-HOMME.jpg?fit=768%2C768&ssl=1",768,768,true],"large":["https:\/\/i0.wp.com\/www.joyana.fr\/wp-content\/uploads\/2016\/09\/PARFUM-STARCK-PARIS-MODE-HOMME.jpg?fit=1024%2C1024&ssl=1",1024,1024,true],"1536x1536":["https:\/\/i0.wp.com\/www.joyana.fr\/wp-content\/uploads\/2016\/09\/PARFUM-STARCK-PARIS-MODE-HOMME.jpg?fit=1536%2C1536&ssl=1",1536,1536,true],"2048x2048":["https:\/\/i0.wp.com\/www.joyana.fr\/wp-content\/uploads\/2016\/09\/PARFUM-STARCK-PARIS-MODE-HOMME.jpg?fit=1700%2C1700&ssl=1",1700,1700,true],"featured-thumb":["https:\/\/i0.wp.com\/www.joyana.fr\/wp-content\/uploads\/2016\/09\/PARFUM-STARCK-PARIS-MODE-HOMME.jpg?resize=1700%2C750&ssl=1",1700,750,true],"ab-block-post-grid-landscape":["https:\/\/i0.wp.com\/www.joyana.fr\/wp-content\/uploads\/2016\/09\/PARFUM-STARCK-PARIS-MODE-HOMME.jpg?resize=600%2C400&ssl=1",600,400,true],"ab-block-post-grid-square":["https:\/\/i0.wp.com\/www.joyana.fr\/wp-content\/uploads\/2016\/09\/PARFUM-STARCK-PARIS-MODE-HOMME.jpg?resize=600%2C600&ssl=1",600,600,true],"author-pro-image":["https:\/\/i0.wp.com\/www.joyana.fr\/wp-content\/uploads\/2016\/09\/PARFUM-STARCK-PARIS-MODE-HOMME.jpg?resize=360%2C570&ssl=1",360,570,true],"slider":["https:\/\/i0.wp.com\/www.joyana.fr\/wp-content\/uploads\/2016\/09\/PARFUM-STARCK-PARIS-MODE-HOMME.jpg?resize=920%2C400&ssl=1",920,400,true],"woocommerce_thumbnail":["https:\/\/i0.wp.com\/www.joyana.fr\/wp-content\/uploads\/2016\/09\/PARFUM-STARCK-PARIS-MODE-HOMME.jpg?resize=450%2C450&ssl=1",450,450,true],"woocommerce_single":["https:\/\/i0.wp.com\/www.joyana.fr\/wp-content\/uploads\/2016\/09\/PARFUM-STARCK-PARIS-MODE-HOMME.jpg?fit=920%2C920&ssl=1",920,920,true],"woocommerce_gallery_thumbnail":["https:\/\/i0.wp.com\/www.joyana.fr\/wp-content\/uploads\/2016\/09\/PARFUM-STARCK-PARIS-MODE-HOMME.jpg?resize=180%2C180&ssl=1",180,180,true],"sow-carousel-default":["https:\/\/i0.wp.com\/www.joyana.fr\/wp-content\/uploads\/2016\/09\/PARFUM-STARCK-PARIS-MODE-HOMME.jpg?resize=272%2C182&ssl=1",272,182,true]},"uagb_author_info":{"display_name":"Jo Yana","author_link":"https:\/\/www.joyana.fr\/ja\/author\/joyana\/"},"uagb_comment_info":4,"uagb_excerpt":"PARFUMS STARCK PARIS pr\u00e9sente trois fragrances - PEAU D&hellip;","coauthors":[],"tax_additional":{"categories":{"linked":["<a href=\"https:\/\/www.joyana.fr\/ja\/category\/blog\/news\/\" class=\"advgb-post-tax-term\">A LA UNE<\/a>","<a href=\"https:\/\/www.joyana.fr\/ja\/category\/deco-design\/\" class=\"advgb-post-tax-term\">DECO-DESIGN<\/a>","<a href=\"https:\/\/www.joyana.fr\/ja\/category\/blog\/lifestyle\/\" class=\"advgb-post-tax-term\">LIFESTYLE<\/a>","<a href=\"https:\/\/www.joyana.fr\/ja\/category\/blog\/photo\/\" class=\"advgb-post-tax-term\">PHOTO<\/a>"],"unlinked":["<span class=\"advgb-post-tax-term\">A LA UNE<\/span>","<span class=\"advgb-post-tax-term\">DECO-DESIGN<\/span>","<span class=\"advgb-post-tax-term\">LIFESTYLE<\/span>","<span class=\"advgb-post-tax-term\">PHOTO<\/span>"]},"tags":{"linked":["<a href=\"https:\/\/www.joyana.fr\/ja\/category\/blog\/photo\/\" class=\"advgb-post-tax-term\">Packaging<\/a>","<a href=\"https:\/\/www.joyana.fr\/ja\/category\/blog\/photo\/\" class=\"advgb-post-tax-term\">Parfum<\/a>","<a href=\"https:\/\/www.joyana.fr\/ja\/category\/blog\/photo\/\" class=\"advgb-post-tax-term\">Philippe STARCK<\/a>","<a href=\"https:\/\/www.joyana.fr\/ja\/category\/blog\/photo\/\" class=\"advgb-post-tax-term\">PHOTO<\/a>","<a href=\"https:\/\/www.joyana.fr\/ja\/category\/blog\/photo\/\" class=\"advgb-post-tax-term\">STARCK<\/a>"],"unlinked":["<span class=\"advgb-post-tax-term\">Packaging<\/span>","<span class=\"advgb-post-tax-term\">Parfum<\/span>","<span class=\"advgb-post-tax-term\">Philippe STARCK<\/span>","<span class=\"advgb-post-tax-term\">PHOTO<\/span>","<span class=\"advgb-post-tax-term\">STARCK<\/span>"]}},"comment_count":3,"relative_dates":{"created":"Posted 10\u5e74 ago","modified":"Updated 10\u5e74 ago"},"absolute_dates":{"created":"Posted on 30 9\u6708 2016","modified":"Updated on 30 9\u6708 2016"},"absolute_dates_time":{"created":"Posted on 30 9\u6708 2016 11:01","modified":"Updated on 30 9\u6708 2016 11:07"},"featured_img_caption":"","series_order":"","jetpack_sharing_enabled":true,"jetpack_shortlink":"https:\/\/wp.me\/p9bteI-wnP","jetpack-related-posts":[],"_links":{"self":[{"href":"https:\/\/www.joyana.fr\/ja\/wp-json\/wp\/v2\/posts\/124485","targetHints":{"allow":["GET"]}}],"collection":[{"href":"https:\/\/www.joyana.fr\/ja\/wp-json\/wp\/v2\/posts"}],"about":[{"href":"https:\/\/www.joyana.fr\/ja\/wp-json\/wp\/v2\/types\/post"}],"author":[{"embeddable":true,"href":"https:\/\/www.joyana.fr\/ja\/wp-json\/wp\/v2\/users\/3"}],"replies":[{"embeddable":true,"href":"https:\/\/www.joyana.fr\/ja\/wp-json\/wp\/v2\/comments?post=124485"}],"version-history":[{"count":3,"href":"https:\/\/www.joyana.fr\/ja\/wp-json\/wp\/v2\/posts\/124485\/revisions"}],"predecessor-version":[{"id":124490,"href":"https:\/\/www.joyana.fr\/ja\/wp-json\/wp\/v2\/posts\/124485\/revisions\/124490"}],"wp:featuredmedia":[{"embeddable":true,"href":"https:\/\/www.joyana.fr\/ja\/wp-json\/wp\/v2\/media\/124487"}],"wp:attachment":[{"href":"https:\/\/www.joyana.fr\/ja\/wp-json\/wp\/v2\/media?parent=124485"}],"wp:term":[{"taxonomy":"category","embeddable":true,"href":"https:\/\/www.joyana.fr\/ja\/wp-json\/wp\/v2\/categories?post=124485"},{"taxonomy":"post_tag","embeddable":true,"href":"https:\/\/www.joyana.fr\/ja\/wp-json\/wp\/v2\/tags?post=124485"}],"curies":[{"name":"wp","href":"https:\/\/api.w.org\/{rel}","templated":true}]}}