{"id":123958,"date":"2016-06-03T13:09:17","date_gmt":"2016-06-03T12:09:17","guid":{"rendered":"https:\/\/joyana.fr\/?p=123958"},"modified":"2016-06-14T06:30:34","modified_gmt":"2016-06-14T05:30:34","slug":"concours-parfum-carven-pour-homme","status":"publish","type":"post","link":"https:\/\/www.joyana.fr\/ja\/concours-parfum-carven-pour-homme\/123958\/","title":{"rendered":"#CONCOURS &#8211; CARVEN POUR HOMME"},"content":{"rendered":"<p style=\"text-align: justify;\">J&#8217;ai m\u00eal\u00e9 les odeurs de pluie de ma semaine du design parisienne, au sillage chic de celui de <strong>Carven Pour Homme<\/strong>. Une essence rac\u00e9e et \u00e9l\u00e9gante, une fragrance aux notes bois\u00e9es, \u00e9pic\u00e9es et aromatiques, que je vous propose de gagner dans la suite de l&#8217;article&#8230;<!--more--><\/p>\n<p style=\"text-align: justify;\">Carven Pour Homme c&#8217;est le chic parisien a la fra\u00eecheur des petits matins, des cols relev\u00e9s, les mains dans les poches. Sa sensualit\u00e9 est tir\u00e9e de la feuille de Violette qui domine en t\u00eate. Sa fra\u00eecheur spontan\u00e9e se plait en compagnie de celle du Pamplemousse. Un trio \u00e9pic\u00e9 de Muscade, de Bois de C\u00e8dre et de Sauge apporte toute sa chaleur au coeur de la fragrance. Le v\u00e9tiver, dans toute la richesse de ses facettes, s&#8217;impose en fond comme une \u00e9vidence, envelopp\u00e9 des notes lact\u00e9es du Santal&#8230;<\/p>\n<h2 style=\"text-align: center;\"><span style=\"color: #ff99cc;\">\u2013 CONCOURS CARVEN POUR HOMME \u2013<\/span><\/h2>\n<p style=\"text-align: justify;\">Je m\u2019associe \u00e0 Carven\u00a0pour vous faire gagner deux coffrets <strong>CARVEN POUR HOMME<\/strong> &#8211; avec parfum, baume apr\u00e8s rasage, et gel douche. Un \u00e0 gagner sur <a href=\"https:\/\/www.instagram.com\/p\/BGMSMWDLLwq\/?taken-by=jo_yana\" target=\"_blank\">Instagram<\/a>, et un autre sur <a href=\"https:\/\/www.facebook.com\/JO.YANA.officiel\/photos\/a.229611997141529.31761.229606870475375\/720477771388280\/?type=3&amp;theater\" target=\"_blank\">Facebook<\/a>&#8230;<\/p>\n<p style=\"text-align: justify;\">Date limite de participation : le Dimanche 12 Juin minuit. Le lot sera envoy\u00e9 d\u00e8s Lundi 13 Juin au gagnant\u2026<\/p>\n<p style=\"text-align: justify;\">Good luck !<\/p>\n<h3 style=\"text-align: center;\"><span style=\"color: #ff99cc;\">\u2013 UPDATE GAGNANTS \u2013\u00a0<\/span><\/h3>\n<p style=\"text-align: center;\">Bravo, les gagnants sont :<\/p>\n<p style=\"text-align: center;\">&#8211; @AIRV16 sur Instagram<\/p>\n<p style=\"text-align: center;\">&#8211; Geraldine Gautier<\/p>\n<p>&nbsp;<\/p>\n<p><a href=\"https:\/\/i0.wp.com\/joyana.fr\/wp-content\/uploads\/2016\/06\/BLOG_CONCOURS-CARVEN.jpg?ssl=1\"><img data-recalc-dims=\"1\" fetchpriority=\"high\" decoding=\"async\" data-attachment-id=\"123962\" data-permalink=\"https:\/\/www.joyana.fr\/ja\/concours-parfum-carven-pour-homme\/123958\/blog_concours-carven\/\" data-orig-file=\"https:\/\/i0.wp.com\/www.joyana.fr\/wp-content\/uploads\/2016\/06\/BLOG_CONCOURS-CARVEN.jpg?fit=1700%2C1700&amp;ssl=1\" data-orig-size=\"1700,1700\" data-comments-opened=\"1\" data-image-meta=\"{&quot;aperture&quot;:&quot;0&quot;,&quot;credit&quot;:&quot;&quot;,&quot;camera&quot;:&quot;&quot;,&quot;caption&quot;:&quot;&quot;,&quot;created_timestamp&quot;:&quot;0&quot;,&quot;copyright&quot;:&quot;&quot;,&quot;focal_length&quot;:&quot;0&quot;,&quot;iso&quot;:&quot;0&quot;,&quot;shutter_speed&quot;:&quot;0&quot;,&quot;title&quot;:&quot;&quot;,&quot;orientation&quot;:&quot;1&quot;}\" data-image-title=\"BLOG_CONCOURS CARVEN\" data-image-description=\"\" data-image-caption=\"\" data-medium-file=\"https:\/\/i0.wp.com\/www.joyana.fr\/wp-content\/uploads\/2016\/06\/BLOG_CONCOURS-CARVEN.jpg?fit=389%2C389&amp;ssl=1\" data-large-file=\"https:\/\/i0.wp.com\/www.joyana.fr\/wp-content\/uploads\/2016\/06\/BLOG_CONCOURS-CARVEN.jpg?fit=1024%2C1024&amp;ssl=1\" class=\"alignnone size-full wp-image-123962\" src=\"https:\/\/i0.wp.com\/joyana.fr\/wp-content\/uploads\/2016\/06\/BLOG_CONCOURS-CARVEN.jpg?resize=1700%2C1700&#038;ssl=1\" alt=\"BLOG_CONCOURS CARVEN\" width=\"1700\" height=\"1700\" srcset=\"https:\/\/i0.wp.com\/www.joyana.fr\/wp-content\/uploads\/2016\/06\/BLOG_CONCOURS-CARVEN.jpg?w=1700&amp;ssl=1 1700w, https:\/\/i0.wp.com\/www.joyana.fr\/wp-content\/uploads\/2016\/06\/BLOG_CONCOURS-CARVEN.jpg?resize=300%2C300&amp;ssl=1 300w, https:\/\/i0.wp.com\/www.joyana.fr\/wp-content\/uploads\/2016\/06\/BLOG_CONCOURS-CARVEN.jpg?resize=100%2C100&amp;ssl=1 100w, https:\/\/i0.wp.com\/www.joyana.fr\/wp-content\/uploads\/2016\/06\/BLOG_CONCOURS-CARVEN.jpg?resize=600%2C600&amp;ssl=1 600w\" sizes=\"(max-width: 1000px) 100vw, 1000px\" \/><\/a><\/p>\n<p style=\"text-align: center;\">En savoir + sur <a href=\"http:\/\/www.carven.com\" target=\"_blank\">CARVEN<\/a><\/p>\n","protected":false},"excerpt":{"rendered":"<p>J&#8217;ai m\u00eal\u00e9 les odeurs de pluie de Paris, au sillage chic de celui de Carven Pour Homme. Une essence rac\u00e9e et \u00e9l\u00e9gante que je vous propose de gagner&#8230;<\/p>\n","protected":false},"author":3,"featured_media":123959,"comment_status":"open","ping_status":"open","sticky":false,"template":"","format":"standard","meta":{"_coblocks_attr":"","_coblocks_dimensions":"","_coblocks_responsive_height":"","_coblocks_accordion_ie_support":"","_uag_custom_page_level_css":"","advgb_blocks_editor_width":"","advgb_blocks_columns_visual_guide":"","_genesis_hide_title":false,"_genesis_hide_breadcrumbs":false,"_genesis_hide_singular_image":false,"_genesis_hide_footer_widgets":false,"_genesis_custom_body_class":"","_genesis_custom_post_class":"","_genesis_layout":"","_themeisle_gutenberg_block_has_review":false,"_jetpack_newsletter_access":"","_jetpack_dont_email_post_to_subs":false,"_jetpack_newsletter_tier_id":0,"_jetpack_memberships_contains_paywalled_content":false,"_jetpack_memberships_contains_paid_content":false,"footnotes":""},"categories":[80,21],"tags":[274,43,35],"class_list":{"0":"post-123958","1":"post","2":"type-post","3":"status-publish","4":"format-standard","5":"has-post-thumbnail","7":"category-news","8":"category-lifestyle","9":"tag-carven","10":"tag-concours","11":"tag-parfum","12":"entry"},"featured_image_urls":{"full":["https:\/\/i0.wp.com\/www.joyana.fr\/wp-content\/uploads\/2016\/06\/BLOG_CARVEN-FETE-DES-PERES.jpg?fit=1700%2C1700&ssl=1",1700,1700,false],"thumbnail":["https:\/\/i0.wp.com\/www.joyana.fr\/wp-content\/uploads\/2016\/06\/BLOG_CARVEN-FETE-DES-PERES.jpg?resize=150%2C150&ssl=1",150,150,true],"medium":["https:\/\/i0.wp.com\/www.joyana.fr\/wp-content\/uploads\/2016\/06\/BLOG_CARVEN-FETE-DES-PERES.jpg?fit=389%2C389&ssl=1",389,389,true],"medium_large":["https:\/\/i0.wp.com\/www.joyana.fr\/wp-content\/uploads\/2016\/06\/BLOG_CARVEN-FETE-DES-PERES.jpg?fit=768%2C768&ssl=1",768,768,true],"large":["https:\/\/i0.wp.com\/www.joyana.fr\/wp-content\/uploads\/2016\/06\/BLOG_CARVEN-FETE-DES-PERES.jpg?fit=1024%2C1024&ssl=1",1024,1024,true],"1536x1536":["https:\/\/i0.wp.com\/www.joyana.fr\/wp-content\/uploads\/2016\/06\/BLOG_CARVEN-FETE-DES-PERES.jpg?fit=1536%2C1536&ssl=1",1536,1536,true],"2048x2048":["https:\/\/i0.wp.com\/www.joyana.fr\/wp-content\/uploads\/2016\/06\/BLOG_CARVEN-FETE-DES-PERES.jpg?fit=1700%2C1700&ssl=1",1700,1700,true],"featured-thumb":["https:\/\/i0.wp.com\/www.joyana.fr\/wp-content\/uploads\/2016\/06\/BLOG_CARVEN-FETE-DES-PERES.jpg?resize=1700%2C750&ssl=1",1700,750,true],"ab-block-post-grid-landscape":["https:\/\/i0.wp.com\/www.joyana.fr\/wp-content\/uploads\/2016\/06\/BLOG_CARVEN-FETE-DES-PERES.jpg?resize=600%2C400&ssl=1",600,400,true],"ab-block-post-grid-square":["https:\/\/i0.wp.com\/www.joyana.fr\/wp-content\/uploads\/2016\/06\/BLOG_CARVEN-FETE-DES-PERES.jpg?resize=600%2C600&ssl=1",600,600,true],"author-pro-image":["https:\/\/i0.wp.com\/www.joyana.fr\/wp-content\/uploads\/2016\/06\/BLOG_CARVEN-FETE-DES-PERES.jpg?resize=360%2C570&ssl=1",360,570,true],"slider":["https:\/\/i0.wp.com\/www.joyana.fr\/wp-content\/uploads\/2016\/06\/BLOG_CARVEN-FETE-DES-PERES.jpg?resize=920%2C400&ssl=1",920,400,true],"woocommerce_thumbnail":["https:\/\/i0.wp.com\/www.joyana.fr\/wp-content\/uploads\/2016\/06\/BLOG_CARVEN-FETE-DES-PERES.jpg?resize=450%2C450&ssl=1",450,450,true],"woocommerce_single":["https:\/\/i0.wp.com\/www.joyana.fr\/wp-content\/uploads\/2016\/06\/BLOG_CARVEN-FETE-DES-PERES.jpg?fit=920%2C920&ssl=1",920,920,true],"woocommerce_gallery_thumbnail":["https:\/\/i0.wp.com\/www.joyana.fr\/wp-content\/uploads\/2016\/06\/BLOG_CARVEN-FETE-DES-PERES.jpg?resize=180%2C180&ssl=1",180,180,true],"sow-carousel-default":["https:\/\/i0.wp.com\/www.joyana.fr\/wp-content\/uploads\/2016\/06\/BLOG_CARVEN-FETE-DES-PERES.jpg?resize=272%2C182&ssl=1",272,182,true]},"post_excerpt_stackable":"<p>J&#8217;ai m\u00eal\u00e9 les odeurs de pluie de Paris, au sillage chic de celui de Carven Pour Homme. Une essence rac\u00e9e et \u00e9l\u00e9gante que je vous propose de gagner&#8230;<\/p>\n","category_list":"<a href=\"https:\/\/www.joyana.fr\/ja\/category\/blog\/news\/\" rel=\"category tag\">A LA UNE<\/a>, <a href=\"https:\/\/www.joyana.fr\/ja\/category\/blog\/lifestyle\/\" rel=\"category tag\">LIFESTYLE<\/a>","author_info":{"display_name":"Jo Yana","author_link":"https:\/\/www.joyana.fr\/ja\/author\/joyana\/"},"comments_num":"5 comments","featured_image_urls_v2":{"full":["https:\/\/i0.wp.com\/www.joyana.fr\/wp-content\/uploads\/2016\/06\/BLOG_CARVEN-FETE-DES-PERES.jpg?fit=1700%2C1700&ssl=1",1700,1700,false],"thumbnail":["https:\/\/i0.wp.com\/www.joyana.fr\/wp-content\/uploads\/2016\/06\/BLOG_CARVEN-FETE-DES-PERES.jpg?resize=150%2C150&ssl=1",150,150,true],"medium":["https:\/\/i0.wp.com\/www.joyana.fr\/wp-content\/uploads\/2016\/06\/BLOG_CARVEN-FETE-DES-PERES.jpg?fit=389%2C389&ssl=1",389,389,true],"medium_large":["https:\/\/i0.wp.com\/www.joyana.fr\/wp-content\/uploads\/2016\/06\/BLOG_CARVEN-FETE-DES-PERES.jpg?fit=768%2C768&ssl=1",768,768,true],"large":["https:\/\/i0.wp.com\/www.joyana.fr\/wp-content\/uploads\/2016\/06\/BLOG_CARVEN-FETE-DES-PERES.jpg?fit=1024%2C1024&ssl=1",1024,1024,true],"1536x1536":["https:\/\/i0.wp.com\/www.joyana.fr\/wp-content\/uploads\/2016\/06\/BLOG_CARVEN-FETE-DES-PERES.jpg?fit=1536%2C1536&ssl=1",1536,1536,true],"2048x2048":["https:\/\/i0.wp.com\/www.joyana.fr\/wp-content\/uploads\/2016\/06\/BLOG_CARVEN-FETE-DES-PERES.jpg?fit=1700%2C1700&ssl=1",1700,1700,true],"featured-thumb":["https:\/\/i0.wp.com\/www.joyana.fr\/wp-content\/uploads\/2016\/06\/BLOG_CARVEN-FETE-DES-PERES.jpg?resize=1700%2C750&ssl=1",1700,750,true],"ab-block-post-grid-landscape":["https:\/\/i0.wp.com\/www.joyana.fr\/wp-content\/uploads\/2016\/06\/BLOG_CARVEN-FETE-DES-PERES.jpg?resize=600%2C400&ssl=1",600,400,true],"ab-block-post-grid-square":["https:\/\/i0.wp.com\/www.joyana.fr\/wp-content\/uploads\/2016\/06\/BLOG_CARVEN-FETE-DES-PERES.jpg?resize=600%2C600&ssl=1",600,600,true],"author-pro-image":["https:\/\/i0.wp.com\/www.joyana.fr\/wp-content\/uploads\/2016\/06\/BLOG_CARVEN-FETE-DES-PERES.jpg?resize=360%2C570&ssl=1",360,570,true],"slider":["https:\/\/i0.wp.com\/www.joyana.fr\/wp-content\/uploads\/2016\/06\/BLOG_CARVEN-FETE-DES-PERES.jpg?resize=920%2C400&ssl=1",920,400,true],"woocommerce_thumbnail":["https:\/\/i0.wp.com\/www.joyana.fr\/wp-content\/uploads\/2016\/06\/BLOG_CARVEN-FETE-DES-PERES.jpg?resize=450%2C450&ssl=1",450,450,true],"woocommerce_single":["https:\/\/i0.wp.com\/www.joyana.fr\/wp-content\/uploads\/2016\/06\/BLOG_CARVEN-FETE-DES-PERES.jpg?fit=920%2C920&ssl=1",920,920,true],"woocommerce_gallery_thumbnail":["https:\/\/i0.wp.com\/www.joyana.fr\/wp-content\/uploads\/2016\/06\/BLOG_CARVEN-FETE-DES-PERES.jpg?resize=180%2C180&ssl=1",180,180,true],"sow-carousel-default":["https:\/\/i0.wp.com\/www.joyana.fr\/wp-content\/uploads\/2016\/06\/BLOG_CARVEN-FETE-DES-PERES.jpg?resize=272%2C182&ssl=1",272,182,true]},"post_excerpt_stackable_v2":"<p>J&#8217;ai m\u00eal\u00e9 les odeurs de pluie de Paris, au sillage chic de celui de Carven Pour Homme. Une essence rac\u00e9e et \u00e9l\u00e9gante que je vous propose de gagner&#8230;<\/p>\n","category_list_v2":"<a href=\"https:\/\/www.joyana.fr\/ja\/category\/blog\/news\/\" rel=\"category tag\">A LA UNE<\/a>, <a href=\"https:\/\/www.joyana.fr\/ja\/category\/blog\/lifestyle\/\" rel=\"category tag\">LIFESTYLE<\/a>","author_info_v2":{"name":"Jo Yana","url":"https:\/\/www.joyana.fr\/ja\/author\/joyana\/"},"comments_num_v2":"5 comments","yoast_head":"<!-- This site is optimized with the Yoast SEO plugin v26.8 - https:\/\/yoast.com\/product\/yoast-seo-wordpress\/ -->\n<title>#CONCOURS - CARVEN POUR HOMME | JO YANA<\/title>\n<meta name=\"description\" content=\"J&#039;ai m\u00eal\u00e9 les odeurs de pluie de Paris, au sillage chic de celui de Carven Pour Homme. Une essence rac\u00e9e et \u00e9l\u00e9gante que je vous propose de gagner...\" \/>\n<meta name=\"robots\" content=\"index, follow, max-snippet:-1, max-image-preview:large, max-video-preview:-1\" \/>\n<link rel=\"canonical\" href=\"https:\/\/joyana.fr\/concours-parfum-carven-pour-homme\/123958\/\" \/>\n<meta property=\"og:locale\" content=\"ja_JP\" \/>\n<meta property=\"og:locale:alternate\" content=\"fr_FR\" \/>\n<meta property=\"og:locale:alternate\" content=\"en_US\" \/>\n<meta property=\"og:type\" content=\"article\" \/>\n<meta property=\"og:title\" content=\"#CONCOURS - CARVEN POUR HOMME\" \/>\n<meta property=\"og:description\" content=\"J&#039;ai m\u00eal\u00e9 les odeurs de pluie de Paris, au sillage chic de celui de Carven Pour Homme. Une essence rac\u00e9e et \u00e9l\u00e9gante que je vous propose de gagner...\" \/>\n<meta property=\"og:url\" content=\"https:\/\/www.joyana.fr\/ja\/concours-parfum-carven-pour-homme\/123958\/\" \/>\n<meta property=\"og:site_name\" content=\"JO YANA\" \/>\n<meta property=\"article:published_time\" content=\"2016-06-03T12:09:17+00:00\" \/>\n<meta property=\"article:modified_time\" content=\"2016-06-14T05:30:34+00:00\" \/>\n<meta property=\"og:image\" content=\"https:\/\/joyana.fr\/wp-content\/uploads\/2016\/06\/BLOG_CONCOURS-CARVEN.jpg\" \/>\n\t<meta property=\"og:image:width\" content=\"1700\" \/>\n\t<meta property=\"og:image:height\" content=\"1700\" \/>\n\t<meta property=\"og:image:type\" content=\"image\/jpeg\" \/>\n<meta name=\"author\" content=\"Jo Yana\" \/>\n<meta name=\"twitter:card\" content=\"summary_large_image\" \/>\n<meta name=\"twitter:creator\" content=\"@Jo_Yana\" \/>\n<meta name=\"twitter:site\" content=\"@Jo_Yana\" \/>\n<meta name=\"twitter:label1\" content=\"\u57f7\u7b46\u8005\" \/>\n\t<meta name=\"twitter:data1\" content=\"Jo Yana\" \/>\n\t<meta name=\"twitter:label2\" content=\"\u63a8\u5b9a\u8aad\u307f\u53d6\u308a\u6642\u9593\" \/>\n\t<meta name=\"twitter:data2\" content=\"1\u5206\" \/>\n<script type=\"application\/ld+json\" class=\"yoast-schema-graph\">{\"@context\":\"https:\/\/schema.org\",\"@graph\":[{\"@type\":\"Article\",\"@id\":\"https:\/\/joyana.fr\/concours-parfum-carven-pour-homme\/123958\/#article\",\"isPartOf\":{\"@id\":\"https:\/\/joyana.fr\/concours-parfum-carven-pour-homme\/123958\/\"},\"author\":{\"name\":\"Jo Yana\",\"@id\":\"https:\/\/joyana.fr\/#\/schema\/person\/cf2a1ad12a27c12c21801075bf37407c\"},\"headline\":\"#CONCOURS &#8211; CARVEN POUR HOMME\",\"datePublished\":\"2016-06-03T12:09:17+00:00\",\"dateModified\":\"2016-06-14T05:30:34+00:00\",\"mainEntityOfPage\":{\"@id\":\"https:\/\/joyana.fr\/concours-parfum-carven-pour-homme\/123958\/\"},\"wordCount\":229,\"commentCount\":2,\"publisher\":{\"@id\":\"https:\/\/joyana.fr\/#\/schema\/person\/cf2a1ad12a27c12c21801075bf37407c\"},\"image\":{\"@id\":\"https:\/\/joyana.fr\/concours-parfum-carven-pour-homme\/123958\/#primaryimage\"},\"thumbnailUrl\":\"https:\/\/i0.wp.com\/www.joyana.fr\/wp-content\/uploads\/2016\/06\/BLOG_CARVEN-FETE-DES-PERES.jpg?fit=1700%2C1700&ssl=1\",\"keywords\":[\"Carven\",\"Concours\",\"Parfum\"],\"articleSection\":[\"A LA UNE\",\"LIFESTYLE\"],\"inLanguage\":\"ja\",\"potentialAction\":[{\"@type\":\"CommentAction\",\"name\":\"Comment\",\"target\":[\"https:\/\/joyana.fr\/concours-parfum-carven-pour-homme\/123958\/#respond\"]}]},{\"@type\":\"WebPage\",\"@id\":\"https:\/\/joyana.fr\/concours-parfum-carven-pour-homme\/123958\/\",\"url\":\"https:\/\/joyana.fr\/concours-parfum-carven-pour-homme\/123958\/\",\"name\":\"#CONCOURS - CARVEN POUR HOMME | JO YANA\",\"isPartOf\":{\"@id\":\"https:\/\/joyana.fr\/#website\"},\"primaryImageOfPage\":{\"@id\":\"https:\/\/joyana.fr\/concours-parfum-carven-pour-homme\/123958\/#primaryimage\"},\"image\":{\"@id\":\"https:\/\/joyana.fr\/concours-parfum-carven-pour-homme\/123958\/#primaryimage\"},\"thumbnailUrl\":\"https:\/\/i0.wp.com\/www.joyana.fr\/wp-content\/uploads\/2016\/06\/BLOG_CARVEN-FETE-DES-PERES.jpg?fit=1700%2C1700&ssl=1\",\"datePublished\":\"2016-06-03T12:09:17+00:00\",\"dateModified\":\"2016-06-14T05:30:34+00:00\",\"description\":\"J'ai m\u00eal\u00e9 les odeurs de pluie de Paris, au sillage chic de celui de Carven Pour Homme. Une essence rac\u00e9e et \u00e9l\u00e9gante que je vous propose de gagner...\",\"breadcrumb\":{\"@id\":\"https:\/\/joyana.fr\/concours-parfum-carven-pour-homme\/123958\/#breadcrumb\"},\"inLanguage\":\"ja\",\"potentialAction\":[{\"@type\":\"ReadAction\",\"target\":[\"https:\/\/joyana.fr\/concours-parfum-carven-pour-homme\/123958\/\"]}]},{\"@type\":\"ImageObject\",\"inLanguage\":\"ja\",\"@id\":\"https:\/\/joyana.fr\/concours-parfum-carven-pour-homme\/123958\/#primaryimage\",\"url\":\"https:\/\/i0.wp.com\/www.joyana.fr\/wp-content\/uploads\/2016\/06\/BLOG_CARVEN-FETE-DES-PERES.jpg?fit=1700%2C1700&ssl=1\",\"contentUrl\":\"https:\/\/i0.wp.com\/www.joyana.fr\/wp-content\/uploads\/2016\/06\/BLOG_CARVEN-FETE-DES-PERES.jpg?fit=1700%2C1700&ssl=1\",\"width\":1700,\"height\":1700},{\"@type\":\"BreadcrumbList\",\"@id\":\"https:\/\/joyana.fr\/concours-parfum-carven-pour-homme\/123958\/#breadcrumb\",\"itemListElement\":[{\"@type\":\"ListItem\",\"position\":1,\"name\":\"Accueil\",\"item\":\"https:\/\/joyana.fr\/\"},{\"@type\":\"ListItem\",\"position\":2,\"name\":\"#CONCOURS &#8211; CARVEN POUR HOMME\"}]},{\"@type\":\"WebSite\",\"@id\":\"https:\/\/joyana.fr\/#website\",\"url\":\"https:\/\/joyana.fr\/\",\"name\":\"JO YANA\",\"description\":\"Blog Mode Homme, Lifestyle, D\u00e9co-Design\",\"publisher\":{\"@id\":\"https:\/\/joyana.fr\/#\/schema\/person\/cf2a1ad12a27c12c21801075bf37407c\"},\"potentialAction\":[{\"@type\":\"SearchAction\",\"target\":{\"@type\":\"EntryPoint\",\"urlTemplate\":\"https:\/\/joyana.fr\/?s={search_term_string}\"},\"query-input\":{\"@type\":\"PropertyValueSpecification\",\"valueRequired\":true,\"valueName\":\"search_term_string\"}}],\"inLanguage\":\"ja\"},{\"@type\":[\"Person\",\"Organization\"],\"@id\":\"https:\/\/joyana.fr\/#\/schema\/person\/cf2a1ad12a27c12c21801075bf37407c\",\"name\":\"Jo Yana\",\"image\":{\"@type\":\"ImageObject\",\"inLanguage\":\"ja\",\"@id\":\"https:\/\/joyana.fr\/#\/schema\/person\/image\/\",\"url\":\"https:\/\/i0.wp.com\/www.joyana.fr\/wp-content\/uploads\/2016\/08\/cropped-joyana-logo-black-360x180.png?fit=343%2C164&ssl=1\",\"contentUrl\":\"https:\/\/i0.wp.com\/www.joyana.fr\/wp-content\/uploads\/2016\/08\/cropped-joyana-logo-black-360x180.png?fit=343%2C164&ssl=1\",\"width\":343,\"height\":164,\"caption\":\"Jo Yana\"},\"logo\":{\"@id\":\"https:\/\/joyana.fr\/#\/schema\/person\/image\/\"},\"description\":\"Jo Yana est le cr\u00e9ateur et r\u00e9dacteur en chef des sites DECO-DESIGN. Passionn\u00e9 de Design, Mode, Photo, Luxe, Lifestyle, Musique, mais avant tout Blogueur ! Le plaisir de partager l'anime et a comme devise \\\"POUR L'AMOUR DU BEAU\\\". Retrouvez le aussi sur son blog personnel - https:\/\/joyana.fr...\",\"sameAs\":[\"https:\/\/joyana.fr\/\"],\"url\":\"https:\/\/www.joyana.fr\/ja\/author\/joyana\/\"}]}<\/script>\n<!-- \/ Yoast SEO plugin. -->","yoast_head_json":{"title":"#CONCOURS - CARVEN POUR HOMME | JO YANA","description":"J'ai m\u00eal\u00e9 les odeurs de pluie de Paris, au sillage chic de celui de Carven Pour Homme. Une essence rac\u00e9e et \u00e9l\u00e9gante que je vous propose de gagner...","robots":{"index":"index","follow":"follow","max-snippet":"max-snippet:-1","max-image-preview":"max-image-preview:large","max-video-preview":"max-video-preview:-1"},"canonical":"https:\/\/joyana.fr\/concours-parfum-carven-pour-homme\/123958\/","og_locale":"ja_JP","og_type":"article","og_title":"#CONCOURS - CARVEN POUR HOMME","og_description":"J'ai m\u00eal\u00e9 les odeurs de pluie de Paris, au sillage chic de celui de Carven Pour Homme. Une essence rac\u00e9e et \u00e9l\u00e9gante que je vous propose de gagner...","og_url":"https:\/\/www.joyana.fr\/ja\/concours-parfum-carven-pour-homme\/123958\/","og_site_name":"JO YANA","article_published_time":"2016-06-03T12:09:17+00:00","article_modified_time":"2016-06-14T05:30:34+00:00","og_image":[{"width":1700,"height":1700,"url":"https:\/\/joyana.fr\/wp-content\/uploads\/2016\/06\/BLOG_CONCOURS-CARVEN.jpg","type":"image\/jpeg"}],"author":"Jo Yana","twitter_card":"summary_large_image","twitter_creator":"@Jo_Yana","twitter_site":"@Jo_Yana","twitter_misc":{"\u57f7\u7b46\u8005":"Jo Yana","\u63a8\u5b9a\u8aad\u307f\u53d6\u308a\u6642\u9593":"1\u5206"},"schema":{"@context":"https:\/\/schema.org","@graph":[{"@type":"Article","@id":"https:\/\/joyana.fr\/concours-parfum-carven-pour-homme\/123958\/#article","isPartOf":{"@id":"https:\/\/joyana.fr\/concours-parfum-carven-pour-homme\/123958\/"},"author":{"name":"Jo Yana","@id":"https:\/\/joyana.fr\/#\/schema\/person\/cf2a1ad12a27c12c21801075bf37407c"},"headline":"#CONCOURS &#8211; CARVEN POUR HOMME","datePublished":"2016-06-03T12:09:17+00:00","dateModified":"2016-06-14T05:30:34+00:00","mainEntityOfPage":{"@id":"https:\/\/joyana.fr\/concours-parfum-carven-pour-homme\/123958\/"},"wordCount":229,"commentCount":2,"publisher":{"@id":"https:\/\/joyana.fr\/#\/schema\/person\/cf2a1ad12a27c12c21801075bf37407c"},"image":{"@id":"https:\/\/joyana.fr\/concours-parfum-carven-pour-homme\/123958\/#primaryimage"},"thumbnailUrl":"https:\/\/i0.wp.com\/www.joyana.fr\/wp-content\/uploads\/2016\/06\/BLOG_CARVEN-FETE-DES-PERES.jpg?fit=1700%2C1700&ssl=1","keywords":["Carven","Concours","Parfum"],"articleSection":["A LA UNE","LIFESTYLE"],"inLanguage":"ja","potentialAction":[{"@type":"CommentAction","name":"Comment","target":["https:\/\/joyana.fr\/concours-parfum-carven-pour-homme\/123958\/#respond"]}]},{"@type":"WebPage","@id":"https:\/\/joyana.fr\/concours-parfum-carven-pour-homme\/123958\/","url":"https:\/\/joyana.fr\/concours-parfum-carven-pour-homme\/123958\/","name":"#CONCOURS - CARVEN POUR HOMME | JO YANA","isPartOf":{"@id":"https:\/\/joyana.fr\/#website"},"primaryImageOfPage":{"@id":"https:\/\/joyana.fr\/concours-parfum-carven-pour-homme\/123958\/#primaryimage"},"image":{"@id":"https:\/\/joyana.fr\/concours-parfum-carven-pour-homme\/123958\/#primaryimage"},"thumbnailUrl":"https:\/\/i0.wp.com\/www.joyana.fr\/wp-content\/uploads\/2016\/06\/BLOG_CARVEN-FETE-DES-PERES.jpg?fit=1700%2C1700&ssl=1","datePublished":"2016-06-03T12:09:17+00:00","dateModified":"2016-06-14T05:30:34+00:00","description":"J'ai m\u00eal\u00e9 les odeurs de pluie de Paris, au sillage chic de celui de Carven Pour Homme. Une essence rac\u00e9e et \u00e9l\u00e9gante que je vous propose de gagner...","breadcrumb":{"@id":"https:\/\/joyana.fr\/concours-parfum-carven-pour-homme\/123958\/#breadcrumb"},"inLanguage":"ja","potentialAction":[{"@type":"ReadAction","target":["https:\/\/joyana.fr\/concours-parfum-carven-pour-homme\/123958\/"]}]},{"@type":"ImageObject","inLanguage":"ja","@id":"https:\/\/joyana.fr\/concours-parfum-carven-pour-homme\/123958\/#primaryimage","url":"https:\/\/i0.wp.com\/www.joyana.fr\/wp-content\/uploads\/2016\/06\/BLOG_CARVEN-FETE-DES-PERES.jpg?fit=1700%2C1700&ssl=1","contentUrl":"https:\/\/i0.wp.com\/www.joyana.fr\/wp-content\/uploads\/2016\/06\/BLOG_CARVEN-FETE-DES-PERES.jpg?fit=1700%2C1700&ssl=1","width":1700,"height":1700},{"@type":"BreadcrumbList","@id":"https:\/\/joyana.fr\/concours-parfum-carven-pour-homme\/123958\/#breadcrumb","itemListElement":[{"@type":"ListItem","position":1,"name":"Accueil","item":"https:\/\/joyana.fr\/"},{"@type":"ListItem","position":2,"name":"#CONCOURS &#8211; CARVEN POUR HOMME"}]},{"@type":"WebSite","@id":"https:\/\/joyana.fr\/#website","url":"https:\/\/joyana.fr\/","name":"JO YANA","description":"Blog Mode Homme, Lifestyle, D\u00e9co-Design","publisher":{"@id":"https:\/\/joyana.fr\/#\/schema\/person\/cf2a1ad12a27c12c21801075bf37407c"},"potentialAction":[{"@type":"SearchAction","target":{"@type":"EntryPoint","urlTemplate":"https:\/\/joyana.fr\/?s={search_term_string}"},"query-input":{"@type":"PropertyValueSpecification","valueRequired":true,"valueName":"search_term_string"}}],"inLanguage":"ja"},{"@type":["Person","Organization"],"@id":"https:\/\/joyana.fr\/#\/schema\/person\/cf2a1ad12a27c12c21801075bf37407c","name":"Jo Yana","image":{"@type":"ImageObject","inLanguage":"ja","@id":"https:\/\/joyana.fr\/#\/schema\/person\/image\/","url":"https:\/\/i0.wp.com\/www.joyana.fr\/wp-content\/uploads\/2016\/08\/cropped-joyana-logo-black-360x180.png?fit=343%2C164&ssl=1","contentUrl":"https:\/\/i0.wp.com\/www.joyana.fr\/wp-content\/uploads\/2016\/08\/cropped-joyana-logo-black-360x180.png?fit=343%2C164&ssl=1","width":343,"height":164,"caption":"Jo Yana"},"logo":{"@id":"https:\/\/joyana.fr\/#\/schema\/person\/image\/"},"description":"Jo Yana est le cr\u00e9ateur et r\u00e9dacteur en chef des sites DECO-DESIGN. Passionn\u00e9 de Design, Mode, Photo, Luxe, Lifestyle, Musique, mais avant tout Blogueur ! Le plaisir de partager l'anime et a comme devise \"POUR L'AMOUR DU BEAU\". Retrouvez le aussi sur son blog personnel - https:\/\/joyana.fr...","sameAs":["https:\/\/joyana.fr\/"],"url":"https:\/\/www.joyana.fr\/ja\/author\/joyana\/"}]}},"author_meta":{"display_name":"Jo Yana","author_link":"https:\/\/www.joyana.fr\/ja\/author\/joyana\/"},"featured_img":"https:\/\/i0.wp.com\/www.joyana.fr\/wp-content\/uploads\/2016\/06\/BLOG_CARVEN-FETE-DES-PERES.jpg?fit=389%2C389&ssl=1","featured_image_src":"https:\/\/i0.wp.com\/www.joyana.fr\/wp-content\/uploads\/2016\/06\/BLOG_CARVEN-FETE-DES-PERES.jpg?resize=600%2C400&ssl=1","featured_image_src_square":"https:\/\/i0.wp.com\/www.joyana.fr\/wp-content\/uploads\/2016\/06\/BLOG_CARVEN-FETE-DES-PERES.jpg?resize=600%2C600&ssl=1","jetpack_featured_media_url":"https:\/\/i0.wp.com\/www.joyana.fr\/wp-content\/uploads\/2016\/06\/BLOG_CARVEN-FETE-DES-PERES.jpg?fit=1700%2C1700&ssl=1","uagb_featured_image_src":{"full":["https:\/\/i0.wp.com\/www.joyana.fr\/wp-content\/uploads\/2016\/06\/BLOG_CARVEN-FETE-DES-PERES.jpg?fit=1700%2C1700&ssl=1",1700,1700,false],"thumbnail":["https:\/\/i0.wp.com\/www.joyana.fr\/wp-content\/uploads\/2016\/06\/BLOG_CARVEN-FETE-DES-PERES.jpg?resize=150%2C150&ssl=1",150,150,true],"medium":["https:\/\/i0.wp.com\/www.joyana.fr\/wp-content\/uploads\/2016\/06\/BLOG_CARVEN-FETE-DES-PERES.jpg?fit=389%2C389&ssl=1",389,389,true],"medium_large":["https:\/\/i0.wp.com\/www.joyana.fr\/wp-content\/uploads\/2016\/06\/BLOG_CARVEN-FETE-DES-PERES.jpg?fit=768%2C768&ssl=1",768,768,true],"large":["https:\/\/i0.wp.com\/www.joyana.fr\/wp-content\/uploads\/2016\/06\/BLOG_CARVEN-FETE-DES-PERES.jpg?fit=1024%2C1024&ssl=1",1024,1024,true],"1536x1536":["https:\/\/i0.wp.com\/www.joyana.fr\/wp-content\/uploads\/2016\/06\/BLOG_CARVEN-FETE-DES-PERES.jpg?fit=1536%2C1536&ssl=1",1536,1536,true],"2048x2048":["https:\/\/i0.wp.com\/www.joyana.fr\/wp-content\/uploads\/2016\/06\/BLOG_CARVEN-FETE-DES-PERES.jpg?fit=1700%2C1700&ssl=1",1700,1700,true],"featured-thumb":["https:\/\/i0.wp.com\/www.joyana.fr\/wp-content\/uploads\/2016\/06\/BLOG_CARVEN-FETE-DES-PERES.jpg?resize=1700%2C750&ssl=1",1700,750,true],"ab-block-post-grid-landscape":["https:\/\/i0.wp.com\/www.joyana.fr\/wp-content\/uploads\/2016\/06\/BLOG_CARVEN-FETE-DES-PERES.jpg?resize=600%2C400&ssl=1",600,400,true],"ab-block-post-grid-square":["https:\/\/i0.wp.com\/www.joyana.fr\/wp-content\/uploads\/2016\/06\/BLOG_CARVEN-FETE-DES-PERES.jpg?resize=600%2C600&ssl=1",600,600,true],"author-pro-image":["https:\/\/i0.wp.com\/www.joyana.fr\/wp-content\/uploads\/2016\/06\/BLOG_CARVEN-FETE-DES-PERES.jpg?resize=360%2C570&ssl=1",360,570,true],"slider":["https:\/\/i0.wp.com\/www.joyana.fr\/wp-content\/uploads\/2016\/06\/BLOG_CARVEN-FETE-DES-PERES.jpg?resize=920%2C400&ssl=1",920,400,true],"woocommerce_thumbnail":["https:\/\/i0.wp.com\/www.joyana.fr\/wp-content\/uploads\/2016\/06\/BLOG_CARVEN-FETE-DES-PERES.jpg?resize=450%2C450&ssl=1",450,450,true],"woocommerce_single":["https:\/\/i0.wp.com\/www.joyana.fr\/wp-content\/uploads\/2016\/06\/BLOG_CARVEN-FETE-DES-PERES.jpg?fit=920%2C920&ssl=1",920,920,true],"woocommerce_gallery_thumbnail":["https:\/\/i0.wp.com\/www.joyana.fr\/wp-content\/uploads\/2016\/06\/BLOG_CARVEN-FETE-DES-PERES.jpg?resize=180%2C180&ssl=1",180,180,true],"sow-carousel-default":["https:\/\/i0.wp.com\/www.joyana.fr\/wp-content\/uploads\/2016\/06\/BLOG_CARVEN-FETE-DES-PERES.jpg?resize=272%2C182&ssl=1",272,182,true]},"uagb_author_info":{"display_name":"Jo Yana","author_link":"https:\/\/www.joyana.fr\/ja\/author\/joyana\/"},"uagb_comment_info":11,"uagb_excerpt":"J'ai m\u00eal\u00e9 les odeurs de pluie de Paris, au sillage chic&hellip;","coauthors":[],"tax_additional":{"categories":{"linked":["<a href=\"https:\/\/www.joyana.fr\/ja\/category\/blog\/news\/\" class=\"advgb-post-tax-term\">A LA UNE<\/a>","<a href=\"https:\/\/www.joyana.fr\/ja\/category\/blog\/lifestyle\/\" class=\"advgb-post-tax-term\">LIFESTYLE<\/a>"],"unlinked":["<span class=\"advgb-post-tax-term\">A LA UNE<\/span>","<span class=\"advgb-post-tax-term\">LIFESTYLE<\/span>"]},"tags":{"linked":["<a href=\"https:\/\/www.joyana.fr\/ja\/category\/blog\/lifestyle\/\" class=\"advgb-post-tax-term\">Carven<\/a>","<a href=\"https:\/\/www.joyana.fr\/ja\/category\/blog\/lifestyle\/\" class=\"advgb-post-tax-term\">Concours<\/a>","<a href=\"https:\/\/www.joyana.fr\/ja\/category\/blog\/lifestyle\/\" class=\"advgb-post-tax-term\">Parfum<\/a>"],"unlinked":["<span class=\"advgb-post-tax-term\">Carven<\/span>","<span class=\"advgb-post-tax-term\">Concours<\/span>","<span class=\"advgb-post-tax-term\">Parfum<\/span>"]}},"comment_count":5,"relative_dates":{"created":"Posted 10\u5e74 ago","modified":"Updated 10\u5e74 ago"},"absolute_dates":{"created":"Posted on 3 6\u6708 2016","modified":"Updated on 14 6\u6708 2016"},"absolute_dates_time":{"created":"Posted on 3 6\u6708 2016 13:09","modified":"Updated on 14 6\u6708 2016 6:30"},"featured_img_caption":"","series_order":"","jetpack_sharing_enabled":true,"jetpack_shortlink":"https:\/\/wp.me\/p9bteI-wfk","jetpack-related-posts":[],"_links":{"self":[{"href":"https:\/\/www.joyana.fr\/ja\/wp-json\/wp\/v2\/posts\/123958","targetHints":{"allow":["GET"]}}],"collection":[{"href":"https:\/\/www.joyana.fr\/ja\/wp-json\/wp\/v2\/posts"}],"about":[{"href":"https:\/\/www.joyana.fr\/ja\/wp-json\/wp\/v2\/types\/post"}],"author":[{"embeddable":true,"href":"https:\/\/www.joyana.fr\/ja\/wp-json\/wp\/v2\/users\/3"}],"replies":[{"embeddable":true,"href":"https:\/\/www.joyana.fr\/ja\/wp-json\/wp\/v2\/comments?post=123958"}],"version-history":[{"count":5,"href":"https:\/\/www.joyana.fr\/ja\/wp-json\/wp\/v2\/posts\/123958\/revisions"}],"predecessor-version":[{"id":124067,"href":"https:\/\/www.joyana.fr\/ja\/wp-json\/wp\/v2\/posts\/123958\/revisions\/124067"}],"wp:featuredmedia":[{"embeddable":true,"href":"https:\/\/www.joyana.fr\/ja\/wp-json\/wp\/v2\/media\/123959"}],"wp:attachment":[{"href":"https:\/\/www.joyana.fr\/ja\/wp-json\/wp\/v2\/media?parent=123958"}],"wp:term":[{"taxonomy":"category","embeddable":true,"href":"https:\/\/www.joyana.fr\/ja\/wp-json\/wp\/v2\/categories?post=123958"},{"taxonomy":"post_tag","embeddable":true,"href":"https:\/\/www.joyana.fr\/ja\/wp-json\/wp\/v2\/tags?post=123958"}],"curies":[{"name":"wp","href":"https:\/\/api.w.org\/{rel}","templated":true}]}}