{"id":123359,"date":"2016-03-25T10:19:30","date_gmt":"2016-03-25T09:19:30","guid":{"rendered":"https:\/\/joyana.fr\/?p=123359"},"modified":"2016-03-25T10:19:30","modified_gmt":"2016-03-25T09:19:30","slug":"chaise-opera-meritalia-mario-bellini","status":"publish","type":"post","link":"https:\/\/www.joyana.fr\/ja\/chaise-opera-meritalia-mario-bellini\/123359\/","title":{"rendered":"Chaise OPERA &#8211; MERITALIA x Mario BELLINI"},"content":{"rendered":"<p style=\"text-align: justify;\">Coup de coeur pour la <strong>chaise OPERA<\/strong> imagin\u00e9e par <strong>Mario Bellini<\/strong> pour <strong>MERITALIA<\/strong>. Suite logique de la <a href=\"http:\/\/www.meritalia.it\/opera.html\" target=\"_blank\">collection OPERA<\/a> et sa marque distinctive de superposition de bois, elle g\u00e9n\u00e8re d\u00e9sormais une chaise&#8230;<\/p>\n<p><a href=\"https:\/\/i0.wp.com\/joyana.fr\/wp-content\/uploads\/2016\/03\/Seat-Opera_01.jpg?ssl=1\"><img data-recalc-dims=\"1\" fetchpriority=\"high\" decoding=\"async\" data-attachment-id=\"123360\" data-permalink=\"https:\/\/www.joyana.fr\/ja\/chaise-opera-meritalia-mario-bellini\/123359\/seat-opera_01\/\" data-orig-file=\"https:\/\/i0.wp.com\/www.joyana.fr\/wp-content\/uploads\/2016\/03\/Seat-Opera_01.jpg?fit=2048%2C2048&amp;ssl=1\" data-orig-size=\"2048,2048\" data-comments-opened=\"1\" data-image-meta=\"{&quot;aperture&quot;:&quot;0&quot;,&quot;credit&quot;:&quot;&quot;,&quot;camera&quot;:&quot;&quot;,&quot;caption&quot;:&quot;&quot;,&quot;created_timestamp&quot;:&quot;0&quot;,&quot;copyright&quot;:&quot;&quot;,&quot;focal_length&quot;:&quot;0&quot;,&quot;iso&quot;:&quot;0&quot;,&quot;shutter_speed&quot;:&quot;0&quot;,&quot;title&quot;:&quot;&quot;,&quot;orientation&quot;:&quot;1&quot;}\" data-image-title=\"Seat Opera_01\" data-image-description=\"\" data-image-caption=\"\" data-medium-file=\"https:\/\/i0.wp.com\/www.joyana.fr\/wp-content\/uploads\/2016\/03\/Seat-Opera_01.jpg?fit=389%2C389&amp;ssl=1\" data-large-file=\"https:\/\/i0.wp.com\/www.joyana.fr\/wp-content\/uploads\/2016\/03\/Seat-Opera_01.jpg?fit=1024%2C1024&amp;ssl=1\" class=\"alignnone size-full wp-image-123360\" src=\"https:\/\/i0.wp.com\/joyana.fr\/wp-content\/uploads\/2016\/03\/Seat-Opera_01.jpg?resize=3500%2C3500&#038;ssl=1\" alt=\"Chaise OPERA - MERITALIA x Mario BELLINI\" width=\"3500\" height=\"3500\" srcset=\"https:\/\/i0.wp.com\/www.joyana.fr\/wp-content\/uploads\/2016\/03\/Seat-Opera_01.jpg?w=2048&amp;ssl=1 2048w, https:\/\/i0.wp.com\/www.joyana.fr\/wp-content\/uploads\/2016\/03\/Seat-Opera_01.jpg?resize=300%2C300&amp;ssl=1 300w, https:\/\/i0.wp.com\/www.joyana.fr\/wp-content\/uploads\/2016\/03\/Seat-Opera_01.jpg?resize=100%2C100&amp;ssl=1 100w, https:\/\/i0.wp.com\/www.joyana.fr\/wp-content\/uploads\/2016\/03\/Seat-Opera_01.jpg?resize=600%2C600&amp;ssl=1 600w\" sizes=\"(max-width: 1000px) 100vw, 1000px\" \/><\/a><\/p>\n<p style=\"text-align: justify;\">Pour la chaise OPERA, cette fois la technique du panier invers\u00e9 contient et soutient une assise d&#8217;une seule pi\u00e8ce transparente. Ces deux \u00e9l\u00e9ments associ\u00e9s augmentent ainsi leur valeur mutuelle dans une nouvelle symbiose esth\u00e9tique surprenante imagin\u00e9e par le designer et architecte italien Mario Bellini. Une belle dualit\u00e9 entre la structure en ch\u00eane massif avec effet de fartage et le si\u00e8ge interne en m\u00e9thacrylate thermoform\u00e9 extraclear&#8230;<\/p>\n<p><a href=\"https:\/\/i0.wp.com\/joyana.fr\/wp-content\/uploads\/2016\/03\/Seat-Opera_02.jpg?ssl=1\"><img data-recalc-dims=\"1\" decoding=\"async\" data-attachment-id=\"123361\" data-permalink=\"https:\/\/www.joyana.fr\/ja\/chaise-opera-meritalia-mario-bellini\/123359\/seat-opera_02\/\" data-orig-file=\"https:\/\/i0.wp.com\/www.joyana.fr\/wp-content\/uploads\/2016\/03\/Seat-Opera_02.jpg?fit=1448%2C2048&amp;ssl=1\" data-orig-size=\"1448,2048\" data-comments-opened=\"1\" data-image-meta=\"{&quot;aperture&quot;:&quot;0&quot;,&quot;credit&quot;:&quot;&quot;,&quot;camera&quot;:&quot;&quot;,&quot;caption&quot;:&quot;&quot;,&quot;created_timestamp&quot;:&quot;0&quot;,&quot;copyright&quot;:&quot;&quot;,&quot;focal_length&quot;:&quot;0&quot;,&quot;iso&quot;:&quot;0&quot;,&quot;shutter_speed&quot;:&quot;0&quot;,&quot;title&quot;:&quot;&quot;,&quot;orientation&quot;:&quot;1&quot;}\" data-image-title=\"Seat Opera_02\" data-image-description=\"\" data-image-caption=\"\" data-medium-file=\"https:\/\/i0.wp.com\/www.joyana.fr\/wp-content\/uploads\/2016\/03\/Seat-Opera_02.jpg?fit=275%2C389&amp;ssl=1\" data-large-file=\"https:\/\/i0.wp.com\/www.joyana.fr\/wp-content\/uploads\/2016\/03\/Seat-Opera_02.jpg?fit=724%2C1024&amp;ssl=1\" class=\"alignnone size-full wp-image-123361\" src=\"https:\/\/i0.wp.com\/joyana.fr\/wp-content\/uploads\/2016\/03\/Seat-Opera_02.jpg?resize=2475%2C3500&#038;ssl=1\" alt=\"Seat Opera_02\" width=\"2475\" height=\"3500\" srcset=\"https:\/\/i0.wp.com\/www.joyana.fr\/wp-content\/uploads\/2016\/03\/Seat-Opera_02.jpg?w=1448&amp;ssl=1 1448w, https:\/\/i0.wp.com\/www.joyana.fr\/wp-content\/uploads\/2016\/03\/Seat-Opera_02.jpg?resize=600%2C848&amp;ssl=1 600w\" sizes=\"(max-width: 1000px) 100vw, 1000px\" \/><\/a><\/p>\n<p style=\"text-align: center;\">En savoir + sur <a href=\"http:\/\/www.meritalia.it\" target=\"_blank\">MERITALIA<\/a>\u00a0&amp; <a href=\"http:\/\/www.bellini.it\" target=\"_blank\">Mario BELLINI<\/a><\/p>\n","protected":false},"excerpt":{"rendered":"<p>Coup de coeur pour la chaise OPERA imagin\u00e9e par Mario Bellini pour MERITALIA&#8230;<\/p>\n","protected":false},"author":3,"featured_media":123362,"comment_status":"open","ping_status":"open","sticky":false,"template":"","format":"standard","meta":{"_coblocks_attr":"","_coblocks_dimensions":"","_coblocks_responsive_height":"","_coblocks_accordion_ie_support":"","_uag_custom_page_level_css":"","advgb_blocks_editor_width":"","advgb_blocks_columns_visual_guide":"","_genesis_hide_title":false,"_genesis_hide_breadcrumbs":false,"_genesis_hide_singular_image":false,"_genesis_hide_footer_widgets":false,"_genesis_custom_body_class":"","_genesis_custom_post_class":"","_genesis_layout":"","_themeisle_gutenberg_block_has_review":false,"_jetpack_newsletter_access":"","_jetpack_dont_email_post_to_subs":false,"_jetpack_newsletter_tier_id":0,"_jetpack_memberships_contains_paywalled_content":false,"_jetpack_memberships_contains_paid_content":false,"footnotes":""},"categories":[905,99],"tags":[482,1127,1266,2230,2231],"class_list":{"0":"post-123359","1":"post","2":"type-post","3":"status-publish","4":"format-standard","5":"has-post-thumbnail","7":"category-deco-design","8":"category-the-journal","9":"tag-bois","10":"tag-chaise-design","11":"tag-design-scandinave","12":"tag-mario-bellini","13":"tag-meritalia","14":"entry"},"featured_image_urls":{"full":["https:\/\/i0.wp.com\/www.joyana.fr\/wp-content\/uploads\/2016\/03\/Seat-Opera_03.jpg?fit=2048%2C1448&ssl=1",2048,1448,false],"thumbnail":["https:\/\/i0.wp.com\/www.joyana.fr\/wp-content\/uploads\/2016\/03\/Seat-Opera_03.jpg?resize=150%2C150&ssl=1",150,150,true],"medium":["https:\/\/i0.wp.com\/www.joyana.fr\/wp-content\/uploads\/2016\/03\/Seat-Opera_03.jpg?fit=389%2C275&ssl=1",389,275,true],"medium_large":["https:\/\/i0.wp.com\/www.joyana.fr\/wp-content\/uploads\/2016\/03\/Seat-Opera_03.jpg?fit=768%2C543&ssl=1",768,543,true],"large":["https:\/\/i0.wp.com\/www.joyana.fr\/wp-content\/uploads\/2016\/03\/Seat-Opera_03.jpg?fit=1024%2C724&ssl=1",1024,724,true],"1536x1536":["https:\/\/i0.wp.com\/www.joyana.fr\/wp-content\/uploads\/2016\/03\/Seat-Opera_03.jpg?fit=1536%2C1086&ssl=1",1536,1086,true],"2048x2048":["https:\/\/i0.wp.com\/www.joyana.fr\/wp-content\/uploads\/2016\/03\/Seat-Opera_03.jpg?fit=2048%2C1448&ssl=1",2048,1448,true],"featured-thumb":["https:\/\/i0.wp.com\/www.joyana.fr\/wp-content\/uploads\/2016\/03\/Seat-Opera_03.jpg?resize=1903%2C750&ssl=1",1903,750,true],"ab-block-post-grid-landscape":["https:\/\/i0.wp.com\/www.joyana.fr\/wp-content\/uploads\/2016\/03\/Seat-Opera_03.jpg?resize=600%2C400&ssl=1",600,400,true],"ab-block-post-grid-square":["https:\/\/i0.wp.com\/www.joyana.fr\/wp-content\/uploads\/2016\/03\/Seat-Opera_03.jpg?resize=600%2C600&ssl=1",600,600,true],"author-pro-image":["https:\/\/i0.wp.com\/www.joyana.fr\/wp-content\/uploads\/2016\/03\/Seat-Opera_03.jpg?resize=360%2C570&ssl=1",360,570,true],"slider":["https:\/\/i0.wp.com\/www.joyana.fr\/wp-content\/uploads\/2016\/03\/Seat-Opera_03.jpg?resize=920%2C400&ssl=1",920,400,true],"woocommerce_thumbnail":["https:\/\/i0.wp.com\/www.joyana.fr\/wp-content\/uploads\/2016\/03\/Seat-Opera_03.jpg?resize=450%2C450&ssl=1",450,450,true],"woocommerce_single":["https:\/\/i0.wp.com\/www.joyana.fr\/wp-content\/uploads\/2016\/03\/Seat-Opera_03.jpg?fit=920%2C650&ssl=1",920,650,true],"woocommerce_gallery_thumbnail":["https:\/\/i0.wp.com\/www.joyana.fr\/wp-content\/uploads\/2016\/03\/Seat-Opera_03.jpg?resize=180%2C180&ssl=1",180,180,true],"sow-carousel-default":["https:\/\/i0.wp.com\/www.joyana.fr\/wp-content\/uploads\/2016\/03\/Seat-Opera_03.jpg?resize=272%2C182&ssl=1",272,182,true]},"post_excerpt_stackable":"<p>Coup de coeur pour la chaise OPERA imagin\u00e9e par Mario Bellini pour MERITALIA&#8230;<\/p>\n","category_list":"<a href=\"https:\/\/www.joyana.fr\/ja\/category\/deco-design\/\" rel=\"category tag\">DECO-DESIGN<\/a>, <a href=\"https:\/\/www.joyana.fr\/ja\/category\/the-journal\/\" rel=\"category tag\">THE JOURNAL<\/a>","author_info":{"display_name":"Jo Yana","author_link":"https:\/\/www.joyana.fr\/ja\/author\/joyana\/"},"comments_num":"0 comments","featured_image_urls_v2":{"full":["https:\/\/i0.wp.com\/www.joyana.fr\/wp-content\/uploads\/2016\/03\/Seat-Opera_03.jpg?fit=2048%2C1448&ssl=1",2048,1448,false],"thumbnail":["https:\/\/i0.wp.com\/www.joyana.fr\/wp-content\/uploads\/2016\/03\/Seat-Opera_03.jpg?resize=150%2C150&ssl=1",150,150,true],"medium":["https:\/\/i0.wp.com\/www.joyana.fr\/wp-content\/uploads\/2016\/03\/Seat-Opera_03.jpg?fit=389%2C275&ssl=1",389,275,true],"medium_large":["https:\/\/i0.wp.com\/www.joyana.fr\/wp-content\/uploads\/2016\/03\/Seat-Opera_03.jpg?fit=768%2C543&ssl=1",768,543,true],"large":["https:\/\/i0.wp.com\/www.joyana.fr\/wp-content\/uploads\/2016\/03\/Seat-Opera_03.jpg?fit=1024%2C724&ssl=1",1024,724,true],"1536x1536":["https:\/\/i0.wp.com\/www.joyana.fr\/wp-content\/uploads\/2016\/03\/Seat-Opera_03.jpg?fit=1536%2C1086&ssl=1",1536,1086,true],"2048x2048":["https:\/\/i0.wp.com\/www.joyana.fr\/wp-content\/uploads\/2016\/03\/Seat-Opera_03.jpg?fit=2048%2C1448&ssl=1",2048,1448,true],"featured-thumb":["https:\/\/i0.wp.com\/www.joyana.fr\/wp-content\/uploads\/2016\/03\/Seat-Opera_03.jpg?resize=1903%2C750&ssl=1",1903,750,true],"ab-block-post-grid-landscape":["https:\/\/i0.wp.com\/www.joyana.fr\/wp-content\/uploads\/2016\/03\/Seat-Opera_03.jpg?resize=600%2C400&ssl=1",600,400,true],"ab-block-post-grid-square":["https:\/\/i0.wp.com\/www.joyana.fr\/wp-content\/uploads\/2016\/03\/Seat-Opera_03.jpg?resize=600%2C600&ssl=1",600,600,true],"author-pro-image":["https:\/\/i0.wp.com\/www.joyana.fr\/wp-content\/uploads\/2016\/03\/Seat-Opera_03.jpg?resize=360%2C570&ssl=1",360,570,true],"slider":["https:\/\/i0.wp.com\/www.joyana.fr\/wp-content\/uploads\/2016\/03\/Seat-Opera_03.jpg?resize=920%2C400&ssl=1",920,400,true],"woocommerce_thumbnail":["https:\/\/i0.wp.com\/www.joyana.fr\/wp-content\/uploads\/2016\/03\/Seat-Opera_03.jpg?resize=450%2C450&ssl=1",450,450,true],"woocommerce_single":["https:\/\/i0.wp.com\/www.joyana.fr\/wp-content\/uploads\/2016\/03\/Seat-Opera_03.jpg?fit=920%2C650&ssl=1",920,650,true],"woocommerce_gallery_thumbnail":["https:\/\/i0.wp.com\/www.joyana.fr\/wp-content\/uploads\/2016\/03\/Seat-Opera_03.jpg?resize=180%2C180&ssl=1",180,180,true],"sow-carousel-default":["https:\/\/i0.wp.com\/www.joyana.fr\/wp-content\/uploads\/2016\/03\/Seat-Opera_03.jpg?resize=272%2C182&ssl=1",272,182,true]},"post_excerpt_stackable_v2":"<p>Coup de coeur pour la chaise OPERA imagin\u00e9e par Mario Bellini pour MERITALIA&#8230;<\/p>\n","category_list_v2":"<a href=\"https:\/\/www.joyana.fr\/ja\/category\/deco-design\/\" rel=\"category tag\">DECO-DESIGN<\/a>, <a href=\"https:\/\/www.joyana.fr\/ja\/category\/the-journal\/\" rel=\"category tag\">THE JOURNAL<\/a>","author_info_v2":{"name":"Jo Yana","url":"https:\/\/www.joyana.fr\/ja\/author\/joyana\/"},"comments_num_v2":"0 comments","yoast_head":"<!-- This site is optimized with the Yoast SEO plugin v26.8 - https:\/\/yoast.com\/product\/yoast-seo-wordpress\/ -->\n<title>Chaise OPERA - MERITALIA x Mario BELLINI - JO YANA<\/title>\n<meta name=\"description\" content=\"Coup de coeur pour la\u00a0chaise OPERA\u00a0imagin\u00e9e par\u00a0Mario Bellini\u00a0pour\u00a0MERITALIA...\" \/>\n<meta name=\"robots\" content=\"index, follow, max-snippet:-1, max-image-preview:large, max-video-preview:-1\" \/>\n<link rel=\"canonical\" href=\"https:\/\/www.joyana.fr\/ja\/chaise-opera-meritalia-mario-bellini\/123359\/\" \/>\n<meta property=\"og:locale\" content=\"ja_JP\" \/>\n<meta property=\"og:locale:alternate\" content=\"fr_FR\" \/>\n<meta property=\"og:locale:alternate\" content=\"en_US\" \/>\n<meta property=\"og:type\" content=\"article\" \/>\n<meta property=\"og:title\" content=\"Chaise OPERA - MERITALIA x Mario BELLINI - JO YANA\" \/>\n<meta property=\"og:description\" content=\"Coup de coeur pour la\u00a0chaise OPERA\u00a0imagin\u00e9e par\u00a0Mario Bellini\u00a0pour\u00a0MERITALIA...\" \/>\n<meta property=\"og:url\" content=\"https:\/\/www.joyana.fr\/ja\/chaise-opera-meritalia-mario-bellini\/123359\/\" \/>\n<meta property=\"og:site_name\" content=\"JO YANA\" \/>\n<meta property=\"article:published_time\" content=\"2016-03-25T09:19:30+00:00\" \/>\n<meta property=\"og:image\" content=\"https:\/\/www.joyana.fr\/wp-content\/uploads\/2016\/03\/Seat-Opera_03.jpg\" \/>\n\t<meta property=\"og:image:width\" content=\"2048\" \/>\n\t<meta property=\"og:image:height\" content=\"1448\" \/>\n\t<meta property=\"og:image:type\" content=\"image\/jpeg\" \/>\n<meta name=\"author\" content=\"Jo Yana\" \/>\n<meta name=\"twitter:card\" content=\"summary_large_image\" \/>\n<meta name=\"twitter:creator\" content=\"@Jo_Yana\" \/>\n<meta name=\"twitter:site\" content=\"@Jo_Yana\" \/>\n<meta name=\"twitter:label1\" content=\"\u57f7\u7b46\u8005\" \/>\n\t<meta name=\"twitter:data1\" content=\"Jo Yana\" \/>\n\t<meta name=\"twitter:label2\" content=\"\u63a8\u5b9a\u8aad\u307f\u53d6\u308a\u6642\u9593\" \/>\n\t<meta name=\"twitter:data2\" content=\"1\u5206\" \/>\n<script type=\"application\/ld+json\" class=\"yoast-schema-graph\">{\"@context\":\"https:\/\/schema.org\",\"@graph\":[{\"@type\":\"Article\",\"@id\":\"https:\/\/www.joyana.fr\/en\/chaise-opera-meritalia-mario-bellini\/123359\/#article\",\"isPartOf\":{\"@id\":\"https:\/\/www.joyana.fr\/en\/chaise-opera-meritalia-mario-bellini\/123359\/\"},\"author\":{\"name\":\"Jo Yana\",\"@id\":\"https:\/\/www.joyana.fr\/ja\/#\/schema\/person\/cf2a1ad12a27c12c21801075bf37407c\"},\"headline\":\"Chaise OPERA &#8211; MERITALIA x Mario BELLINI\",\"datePublished\":\"2016-03-25T09:19:30+00:00\",\"mainEntityOfPage\":{\"@id\":\"https:\/\/www.joyana.fr\/en\/chaise-opera-meritalia-mario-bellini\/123359\/\"},\"wordCount\":124,\"commentCount\":0,\"publisher\":{\"@id\":\"https:\/\/www.joyana.fr\/ja\/#\/schema\/person\/cf2a1ad12a27c12c21801075bf37407c\"},\"image\":{\"@id\":\"https:\/\/www.joyana.fr\/en\/chaise-opera-meritalia-mario-bellini\/123359\/#primaryimage\"},\"thumbnailUrl\":\"https:\/\/i0.wp.com\/www.joyana.fr\/wp-content\/uploads\/2016\/03\/Seat-Opera_03.jpg?fit=2048%2C1448&ssl=1\",\"keywords\":[\"Bois\",\"Chaise design\",\"Design Scandinave\",\"Mario BELLINI\",\"MERITALIA\"],\"articleSection\":[\"DECO-DESIGN\",\"THE JOURNAL\"],\"inLanguage\":\"ja\",\"potentialAction\":[{\"@type\":\"CommentAction\",\"name\":\"Comment\",\"target\":[\"https:\/\/www.joyana.fr\/en\/chaise-opera-meritalia-mario-bellini\/123359\/#respond\"]}]},{\"@type\":\"WebPage\",\"@id\":\"https:\/\/www.joyana.fr\/en\/chaise-opera-meritalia-mario-bellini\/123359\/\",\"url\":\"https:\/\/www.joyana.fr\/en\/chaise-opera-meritalia-mario-bellini\/123359\/\",\"name\":\"Chaise OPERA - MERITALIA x Mario BELLINI - JO YANA\",\"isPartOf\":{\"@id\":\"https:\/\/www.joyana.fr\/ja\/#website\"},\"primaryImageOfPage\":{\"@id\":\"https:\/\/www.joyana.fr\/en\/chaise-opera-meritalia-mario-bellini\/123359\/#primaryimage\"},\"image\":{\"@id\":\"https:\/\/www.joyana.fr\/en\/chaise-opera-meritalia-mario-bellini\/123359\/#primaryimage\"},\"thumbnailUrl\":\"https:\/\/i0.wp.com\/www.joyana.fr\/wp-content\/uploads\/2016\/03\/Seat-Opera_03.jpg?fit=2048%2C1448&ssl=1\",\"datePublished\":\"2016-03-25T09:19:30+00:00\",\"description\":\"Coup de coeur pour la\u00a0chaise OPERA\u00a0imagin\u00e9e par\u00a0Mario Bellini\u00a0pour\u00a0MERITALIA...\",\"breadcrumb\":{\"@id\":\"https:\/\/www.joyana.fr\/en\/chaise-opera-meritalia-mario-bellini\/123359\/#breadcrumb\"},\"inLanguage\":\"ja\",\"potentialAction\":[{\"@type\":\"ReadAction\",\"target\":[\"https:\/\/www.joyana.fr\/en\/chaise-opera-meritalia-mario-bellini\/123359\/\"]}]},{\"@type\":\"ImageObject\",\"inLanguage\":\"ja\",\"@id\":\"https:\/\/www.joyana.fr\/en\/chaise-opera-meritalia-mario-bellini\/123359\/#primaryimage\",\"url\":\"https:\/\/i0.wp.com\/www.joyana.fr\/wp-content\/uploads\/2016\/03\/Seat-Opera_03.jpg?fit=2048%2C1448&ssl=1\",\"contentUrl\":\"https:\/\/i0.wp.com\/www.joyana.fr\/wp-content\/uploads\/2016\/03\/Seat-Opera_03.jpg?fit=2048%2C1448&ssl=1\",\"width\":2048,\"height\":1448},{\"@type\":\"BreadcrumbList\",\"@id\":\"https:\/\/www.joyana.fr\/en\/chaise-opera-meritalia-mario-bellini\/123359\/#breadcrumb\",\"itemListElement\":[{\"@type\":\"ListItem\",\"position\":1,\"name\":\"Accueil\",\"item\":\"https:\/\/www.joyana.fr\/ja\/\"},{\"@type\":\"ListItem\",\"position\":2,\"name\":\"Chaise OPERA &#8211; MERITALIA x Mario BELLINI\"}]},{\"@type\":\"WebSite\",\"@id\":\"https:\/\/www.joyana.fr\/ja\/#website\",\"url\":\"https:\/\/www.joyana.fr\/ja\/\",\"name\":\"JO YANA\",\"description\":\"Blog Mode Homme, Lifestyle, D\u00e9co-Design\",\"publisher\":{\"@id\":\"https:\/\/www.joyana.fr\/ja\/#\/schema\/person\/cf2a1ad12a27c12c21801075bf37407c\"},\"potentialAction\":[{\"@type\":\"SearchAction\",\"target\":{\"@type\":\"EntryPoint\",\"urlTemplate\":\"https:\/\/www.joyana.fr\/ja\/?s={search_term_string}\"},\"query-input\":{\"@type\":\"PropertyValueSpecification\",\"valueRequired\":true,\"valueName\":\"search_term_string\"}}],\"inLanguage\":\"ja\"},{\"@type\":[\"Person\",\"Organization\"],\"@id\":\"https:\/\/www.joyana.fr\/ja\/#\/schema\/person\/cf2a1ad12a27c12c21801075bf37407c\",\"name\":\"Jo Yana\",\"image\":{\"@type\":\"ImageObject\",\"inLanguage\":\"ja\",\"@id\":\"https:\/\/www.joyana.fr\/ja\/#\/schema\/person\/image\/\",\"url\":\"https:\/\/i0.wp.com\/www.joyana.fr\/wp-content\/uploads\/2016\/08\/cropped-joyana-logo-black-360x180.png?fit=343%2C164&ssl=1\",\"contentUrl\":\"https:\/\/i0.wp.com\/www.joyana.fr\/wp-content\/uploads\/2016\/08\/cropped-joyana-logo-black-360x180.png?fit=343%2C164&ssl=1\",\"width\":343,\"height\":164,\"caption\":\"Jo Yana\"},\"logo\":{\"@id\":\"https:\/\/www.joyana.fr\/ja\/#\/schema\/person\/image\/\"},\"description\":\"Jo Yana est le cr\u00e9ateur et r\u00e9dacteur en chef des sites DECO-DESIGN. Passionn\u00e9 de Design, Mode, Photo, Luxe, Lifestyle, Musique, mais avant tout Blogueur ! Le plaisir de partager l'anime et a comme devise \\\"POUR L'AMOUR DU BEAU\\\". Retrouvez le aussi sur son blog personnel - https:\/\/joyana.fr...\",\"sameAs\":[\"https:\/\/joyana.fr\/\"],\"url\":\"https:\/\/www.joyana.fr\/ja\/author\/joyana\/\"}]}<\/script>\n<!-- \/ Yoast SEO plugin. -->","yoast_head_json":{"title":"Chaise OPERA - MERITALIA x Mario BELLINI - JO YANA","description":"Coup de coeur pour la\u00a0chaise OPERA\u00a0imagin\u00e9e par\u00a0Mario Bellini\u00a0pour\u00a0MERITALIA...","robots":{"index":"index","follow":"follow","max-snippet":"max-snippet:-1","max-image-preview":"max-image-preview:large","max-video-preview":"max-video-preview:-1"},"canonical":"https:\/\/www.joyana.fr\/ja\/chaise-opera-meritalia-mario-bellini\/123359\/","og_locale":"ja_JP","og_type":"article","og_title":"Chaise OPERA - MERITALIA x Mario BELLINI - JO YANA","og_description":"Coup de coeur pour la\u00a0chaise OPERA\u00a0imagin\u00e9e par\u00a0Mario Bellini\u00a0pour\u00a0MERITALIA...","og_url":"https:\/\/www.joyana.fr\/ja\/chaise-opera-meritalia-mario-bellini\/123359\/","og_site_name":"JO YANA","article_published_time":"2016-03-25T09:19:30+00:00","og_image":[{"width":2048,"height":1448,"url":"https:\/\/www.joyana.fr\/wp-content\/uploads\/2016\/03\/Seat-Opera_03.jpg","type":"image\/jpeg"}],"author":"Jo Yana","twitter_card":"summary_large_image","twitter_creator":"@Jo_Yana","twitter_site":"@Jo_Yana","twitter_misc":{"\u57f7\u7b46\u8005":"Jo Yana","\u63a8\u5b9a\u8aad\u307f\u53d6\u308a\u6642\u9593":"1\u5206"},"schema":{"@context":"https:\/\/schema.org","@graph":[{"@type":"Article","@id":"https:\/\/www.joyana.fr\/en\/chaise-opera-meritalia-mario-bellini\/123359\/#article","isPartOf":{"@id":"https:\/\/www.joyana.fr\/en\/chaise-opera-meritalia-mario-bellini\/123359\/"},"author":{"name":"Jo Yana","@id":"https:\/\/www.joyana.fr\/ja\/#\/schema\/person\/cf2a1ad12a27c12c21801075bf37407c"},"headline":"Chaise OPERA &#8211; MERITALIA x Mario BELLINI","datePublished":"2016-03-25T09:19:30+00:00","mainEntityOfPage":{"@id":"https:\/\/www.joyana.fr\/en\/chaise-opera-meritalia-mario-bellini\/123359\/"},"wordCount":124,"commentCount":0,"publisher":{"@id":"https:\/\/www.joyana.fr\/ja\/#\/schema\/person\/cf2a1ad12a27c12c21801075bf37407c"},"image":{"@id":"https:\/\/www.joyana.fr\/en\/chaise-opera-meritalia-mario-bellini\/123359\/#primaryimage"},"thumbnailUrl":"https:\/\/i0.wp.com\/www.joyana.fr\/wp-content\/uploads\/2016\/03\/Seat-Opera_03.jpg?fit=2048%2C1448&ssl=1","keywords":["Bois","Chaise design","Design Scandinave","Mario BELLINI","MERITALIA"],"articleSection":["DECO-DESIGN","THE JOURNAL"],"inLanguage":"ja","potentialAction":[{"@type":"CommentAction","name":"Comment","target":["https:\/\/www.joyana.fr\/en\/chaise-opera-meritalia-mario-bellini\/123359\/#respond"]}]},{"@type":"WebPage","@id":"https:\/\/www.joyana.fr\/en\/chaise-opera-meritalia-mario-bellini\/123359\/","url":"https:\/\/www.joyana.fr\/en\/chaise-opera-meritalia-mario-bellini\/123359\/","name":"Chaise OPERA - MERITALIA x Mario BELLINI - JO YANA","isPartOf":{"@id":"https:\/\/www.joyana.fr\/ja\/#website"},"primaryImageOfPage":{"@id":"https:\/\/www.joyana.fr\/en\/chaise-opera-meritalia-mario-bellini\/123359\/#primaryimage"},"image":{"@id":"https:\/\/www.joyana.fr\/en\/chaise-opera-meritalia-mario-bellini\/123359\/#primaryimage"},"thumbnailUrl":"https:\/\/i0.wp.com\/www.joyana.fr\/wp-content\/uploads\/2016\/03\/Seat-Opera_03.jpg?fit=2048%2C1448&ssl=1","datePublished":"2016-03-25T09:19:30+00:00","description":"Coup de coeur pour la\u00a0chaise OPERA\u00a0imagin\u00e9e par\u00a0Mario Bellini\u00a0pour\u00a0MERITALIA...","breadcrumb":{"@id":"https:\/\/www.joyana.fr\/en\/chaise-opera-meritalia-mario-bellini\/123359\/#breadcrumb"},"inLanguage":"ja","potentialAction":[{"@type":"ReadAction","target":["https:\/\/www.joyana.fr\/en\/chaise-opera-meritalia-mario-bellini\/123359\/"]}]},{"@type":"ImageObject","inLanguage":"ja","@id":"https:\/\/www.joyana.fr\/en\/chaise-opera-meritalia-mario-bellini\/123359\/#primaryimage","url":"https:\/\/i0.wp.com\/www.joyana.fr\/wp-content\/uploads\/2016\/03\/Seat-Opera_03.jpg?fit=2048%2C1448&ssl=1","contentUrl":"https:\/\/i0.wp.com\/www.joyana.fr\/wp-content\/uploads\/2016\/03\/Seat-Opera_03.jpg?fit=2048%2C1448&ssl=1","width":2048,"height":1448},{"@type":"BreadcrumbList","@id":"https:\/\/www.joyana.fr\/en\/chaise-opera-meritalia-mario-bellini\/123359\/#breadcrumb","itemListElement":[{"@type":"ListItem","position":1,"name":"Accueil","item":"https:\/\/www.joyana.fr\/ja\/"},{"@type":"ListItem","position":2,"name":"Chaise OPERA &#8211; MERITALIA x Mario BELLINI"}]},{"@type":"WebSite","@id":"https:\/\/www.joyana.fr\/ja\/#website","url":"https:\/\/www.joyana.fr\/ja\/","name":"JO YANA","description":"Blog Mode Homme, Lifestyle, D\u00e9co-Design","publisher":{"@id":"https:\/\/www.joyana.fr\/ja\/#\/schema\/person\/cf2a1ad12a27c12c21801075bf37407c"},"potentialAction":[{"@type":"SearchAction","target":{"@type":"EntryPoint","urlTemplate":"https:\/\/www.joyana.fr\/ja\/?s={search_term_string}"},"query-input":{"@type":"PropertyValueSpecification","valueRequired":true,"valueName":"search_term_string"}}],"inLanguage":"ja"},{"@type":["Person","Organization"],"@id":"https:\/\/www.joyana.fr\/ja\/#\/schema\/person\/cf2a1ad12a27c12c21801075bf37407c","name":"Jo Yana","image":{"@type":"ImageObject","inLanguage":"ja","@id":"https:\/\/www.joyana.fr\/ja\/#\/schema\/person\/image\/","url":"https:\/\/i0.wp.com\/www.joyana.fr\/wp-content\/uploads\/2016\/08\/cropped-joyana-logo-black-360x180.png?fit=343%2C164&ssl=1","contentUrl":"https:\/\/i0.wp.com\/www.joyana.fr\/wp-content\/uploads\/2016\/08\/cropped-joyana-logo-black-360x180.png?fit=343%2C164&ssl=1","width":343,"height":164,"caption":"Jo Yana"},"logo":{"@id":"https:\/\/www.joyana.fr\/ja\/#\/schema\/person\/image\/"},"description":"Jo Yana est le cr\u00e9ateur et r\u00e9dacteur en chef des sites DECO-DESIGN. Passionn\u00e9 de Design, Mode, Photo, Luxe, Lifestyle, Musique, mais avant tout Blogueur ! Le plaisir de partager l'anime et a comme devise \"POUR L'AMOUR DU BEAU\". Retrouvez le aussi sur son blog personnel - https:\/\/joyana.fr...","sameAs":["https:\/\/joyana.fr\/"],"url":"https:\/\/www.joyana.fr\/ja\/author\/joyana\/"}]}},"author_meta":{"display_name":"Jo Yana","author_link":"https:\/\/www.joyana.fr\/ja\/author\/joyana\/"},"featured_img":"https:\/\/i0.wp.com\/www.joyana.fr\/wp-content\/uploads\/2016\/03\/Seat-Opera_03.jpg?fit=389%2C275&ssl=1","featured_image_src":"https:\/\/i0.wp.com\/www.joyana.fr\/wp-content\/uploads\/2016\/03\/Seat-Opera_03.jpg?resize=600%2C400&ssl=1","featured_image_src_square":"https:\/\/i0.wp.com\/www.joyana.fr\/wp-content\/uploads\/2016\/03\/Seat-Opera_03.jpg?resize=600%2C600&ssl=1","jetpack_featured_media_url":"https:\/\/i0.wp.com\/www.joyana.fr\/wp-content\/uploads\/2016\/03\/Seat-Opera_03.jpg?fit=2048%2C1448&ssl=1","uagb_featured_image_src":{"full":["https:\/\/i0.wp.com\/www.joyana.fr\/wp-content\/uploads\/2016\/03\/Seat-Opera_03.jpg?fit=2048%2C1448&ssl=1",2048,1448,false],"thumbnail":["https:\/\/i0.wp.com\/www.joyana.fr\/wp-content\/uploads\/2016\/03\/Seat-Opera_03.jpg?resize=150%2C150&ssl=1",150,150,true],"medium":["https:\/\/i0.wp.com\/www.joyana.fr\/wp-content\/uploads\/2016\/03\/Seat-Opera_03.jpg?fit=389%2C275&ssl=1",389,275,true],"medium_large":["https:\/\/i0.wp.com\/www.joyana.fr\/wp-content\/uploads\/2016\/03\/Seat-Opera_03.jpg?fit=768%2C543&ssl=1",768,543,true],"large":["https:\/\/i0.wp.com\/www.joyana.fr\/wp-content\/uploads\/2016\/03\/Seat-Opera_03.jpg?fit=1024%2C724&ssl=1",1024,724,true],"1536x1536":["https:\/\/i0.wp.com\/www.joyana.fr\/wp-content\/uploads\/2016\/03\/Seat-Opera_03.jpg?fit=1536%2C1086&ssl=1",1536,1086,true],"2048x2048":["https:\/\/i0.wp.com\/www.joyana.fr\/wp-content\/uploads\/2016\/03\/Seat-Opera_03.jpg?fit=2048%2C1448&ssl=1",2048,1448,true],"featured-thumb":["https:\/\/i0.wp.com\/www.joyana.fr\/wp-content\/uploads\/2016\/03\/Seat-Opera_03.jpg?resize=1903%2C750&ssl=1",1903,750,true],"ab-block-post-grid-landscape":["https:\/\/i0.wp.com\/www.joyana.fr\/wp-content\/uploads\/2016\/03\/Seat-Opera_03.jpg?resize=600%2C400&ssl=1",600,400,true],"ab-block-post-grid-square":["https:\/\/i0.wp.com\/www.joyana.fr\/wp-content\/uploads\/2016\/03\/Seat-Opera_03.jpg?resize=600%2C600&ssl=1",600,600,true],"author-pro-image":["https:\/\/i0.wp.com\/www.joyana.fr\/wp-content\/uploads\/2016\/03\/Seat-Opera_03.jpg?resize=360%2C570&ssl=1",360,570,true],"slider":["https:\/\/i0.wp.com\/www.joyana.fr\/wp-content\/uploads\/2016\/03\/Seat-Opera_03.jpg?resize=920%2C400&ssl=1",920,400,true],"woocommerce_thumbnail":["https:\/\/i0.wp.com\/www.joyana.fr\/wp-content\/uploads\/2016\/03\/Seat-Opera_03.jpg?resize=450%2C450&ssl=1",450,450,true],"woocommerce_single":["https:\/\/i0.wp.com\/www.joyana.fr\/wp-content\/uploads\/2016\/03\/Seat-Opera_03.jpg?fit=920%2C650&ssl=1",920,650,true],"woocommerce_gallery_thumbnail":["https:\/\/i0.wp.com\/www.joyana.fr\/wp-content\/uploads\/2016\/03\/Seat-Opera_03.jpg?resize=180%2C180&ssl=1",180,180,true],"sow-carousel-default":["https:\/\/i0.wp.com\/www.joyana.fr\/wp-content\/uploads\/2016\/03\/Seat-Opera_03.jpg?resize=272%2C182&ssl=1",272,182,true]},"uagb_author_info":{"display_name":"Jo Yana","author_link":"https:\/\/www.joyana.fr\/ja\/author\/joyana\/"},"uagb_comment_info":2,"uagb_excerpt":"Coup de coeur pour la chaise OPERA imagin\u00e9e par Mario B&hellip;","coauthors":[],"tax_additional":{"categories":{"linked":["<a href=\"https:\/\/www.joyana.fr\/ja\/category\/deco-design\/\" class=\"advgb-post-tax-term\">DECO-DESIGN<\/a>","<a href=\"https:\/\/www.joyana.fr\/ja\/category\/the-journal\/\" class=\"advgb-post-tax-term\">THE JOURNAL<\/a>"],"unlinked":["<span class=\"advgb-post-tax-term\">DECO-DESIGN<\/span>","<span class=\"advgb-post-tax-term\">THE JOURNAL<\/span>"]},"tags":{"linked":["<a href=\"https:\/\/www.joyana.fr\/ja\/category\/the-journal\/\" class=\"advgb-post-tax-term\">Bois<\/a>","<a href=\"https:\/\/www.joyana.fr\/ja\/category\/the-journal\/\" class=\"advgb-post-tax-term\">Chaise design<\/a>","<a href=\"https:\/\/www.joyana.fr\/ja\/category\/the-journal\/\" class=\"advgb-post-tax-term\">Design Scandinave<\/a>","<a href=\"https:\/\/www.joyana.fr\/ja\/category\/the-journal\/\" class=\"advgb-post-tax-term\">Mario BELLINI<\/a>","<a href=\"https:\/\/www.joyana.fr\/ja\/category\/the-journal\/\" class=\"advgb-post-tax-term\">MERITALIA<\/a>"],"unlinked":["<span class=\"advgb-post-tax-term\">Bois<\/span>","<span class=\"advgb-post-tax-term\">Chaise design<\/span>","<span class=\"advgb-post-tax-term\">Design Scandinave<\/span>","<span class=\"advgb-post-tax-term\">Mario BELLINI<\/span>","<span class=\"advgb-post-tax-term\">MERITALIA<\/span>"]}},"comment_count":0,"relative_dates":{"created":"Posted 10\u5e74 ago","modified":"Updated 10\u5e74 ago"},"absolute_dates":{"created":"Posted on 25 3\u6708 2016","modified":"Updated on 25 3\u6708 2016"},"absolute_dates_time":{"created":"Posted on 25 3\u6708 2016 10:19","modified":"Updated on 25 3\u6708 2016 10:19"},"featured_img_caption":"","series_order":"","jetpack_sharing_enabled":true,"jetpack_shortlink":"https:\/\/wp.me\/p9bteI-w5F","jetpack-related-posts":[],"_links":{"self":[{"href":"https:\/\/www.joyana.fr\/ja\/wp-json\/wp\/v2\/posts\/123359","targetHints":{"allow":["GET"]}}],"collection":[{"href":"https:\/\/www.joyana.fr\/ja\/wp-json\/wp\/v2\/posts"}],"about":[{"href":"https:\/\/www.joyana.fr\/ja\/wp-json\/wp\/v2\/types\/post"}],"author":[{"embeddable":true,"href":"https:\/\/www.joyana.fr\/ja\/wp-json\/wp\/v2\/users\/3"}],"replies":[{"embeddable":true,"href":"https:\/\/www.joyana.fr\/ja\/wp-json\/wp\/v2\/comments?post=123359"}],"version-history":[{"count":1,"href":"https:\/\/www.joyana.fr\/ja\/wp-json\/wp\/v2\/posts\/123359\/revisions"}],"predecessor-version":[{"id":123363,"href":"https:\/\/www.joyana.fr\/ja\/wp-json\/wp\/v2\/posts\/123359\/revisions\/123363"}],"wp:featuredmedia":[{"embeddable":true,"href":"https:\/\/www.joyana.fr\/ja\/wp-json\/wp\/v2\/media\/123362"}],"wp:attachment":[{"href":"https:\/\/www.joyana.fr\/ja\/wp-json\/wp\/v2\/media?parent=123359"}],"wp:term":[{"taxonomy":"category","embeddable":true,"href":"https:\/\/www.joyana.fr\/ja\/wp-json\/wp\/v2\/categories?post=123359"},{"taxonomy":"post_tag","embeddable":true,"href":"https:\/\/www.joyana.fr\/ja\/wp-json\/wp\/v2\/tags?post=123359"}],"curies":[{"name":"wp","href":"https:\/\/api.w.org\/{rel}","templated":true}]}}