{"id":123173,"date":"2016-03-08T10:30:12","date_gmt":"2016-03-08T09:30:12","guid":{"rendered":"https:\/\/joyana.fr\/?p=123173"},"modified":"2016-03-08T10:32:20","modified_gmt":"2016-03-08T09:32:20","slug":"petit-dejeuner-pieter-ceizer-colette","status":"publish","type":"post","link":"https:\/\/www.joyana.fr\/ja\/petit-dejeuner-pieter-ceizer-colette\/123173\/","title":{"rendered":"Petit D\u00e9jeuner &#8211; PIETER CEIZER x COLETTE"},"content":{"rendered":"<p><a href=\"https:\/\/i0.wp.com\/joyana.fr\/wp-content\/uploads\/2016\/03\/pieter-ceizer-colette-plates-mugs-01.jpg?ssl=1\"><img data-recalc-dims=\"1\" fetchpriority=\"high\" decoding=\"async\" data-attachment-id=\"123174\" data-permalink=\"https:\/\/www.joyana.fr\/ja\/petit-dejeuner-pieter-ceizer-colette\/123173\/pieter-ceizer-colette-plates-mugs-01\/\" data-orig-file=\"https:\/\/i0.wp.com\/www.joyana.fr\/wp-content\/uploads\/2016\/03\/pieter-ceizer-colette-plates-mugs-01.jpg?fit=1000%2C666&amp;ssl=1\" data-orig-size=\"1000,666\" data-comments-opened=\"1\" data-image-meta=\"{&quot;aperture&quot;:&quot;0&quot;,&quot;credit&quot;:&quot;&quot;,&quot;camera&quot;:&quot;&quot;,&quot;caption&quot;:&quot;&quot;,&quot;created_timestamp&quot;:&quot;0&quot;,&quot;copyright&quot;:&quot;&quot;,&quot;focal_length&quot;:&quot;0&quot;,&quot;iso&quot;:&quot;0&quot;,&quot;shutter_speed&quot;:&quot;0&quot;,&quot;title&quot;:&quot;&quot;,&quot;orientation&quot;:&quot;0&quot;}\" data-image-title=\"pieter-ceizer-colette-plates-mugs-01\" data-image-description=\"\" data-image-caption=\"\" data-medium-file=\"https:\/\/i0.wp.com\/www.joyana.fr\/wp-content\/uploads\/2016\/03\/pieter-ceizer-colette-plates-mugs-01.jpg?fit=389%2C259&amp;ssl=1\" data-large-file=\"https:\/\/i0.wp.com\/www.joyana.fr\/wp-content\/uploads\/2016\/03\/pieter-ceizer-colette-plates-mugs-01.jpg?fit=1000%2C666&amp;ssl=1\" class=\"alignnone size-full wp-image-123174\" src=\"https:\/\/i0.wp.com\/joyana.fr\/wp-content\/uploads\/2016\/03\/pieter-ceizer-colette-plates-mugs-01.jpg?resize=1000%2C666&#038;ssl=1\" alt=\"pieter-ceizer-colette-plates-mugs-01\" width=\"1000\" height=\"666\" srcset=\"https:\/\/i0.wp.com\/www.joyana.fr\/wp-content\/uploads\/2016\/03\/pieter-ceizer-colette-plates-mugs-01.jpg?w=1000&amp;ssl=1 1000w, https:\/\/i0.wp.com\/www.joyana.fr\/wp-content\/uploads\/2016\/03\/pieter-ceizer-colette-plates-mugs-01.jpg?resize=389%2C259&amp;ssl=1 389w, https:\/\/i0.wp.com\/www.joyana.fr\/wp-content\/uploads\/2016\/03\/pieter-ceizer-colette-plates-mugs-01.jpg?resize=768%2C511&amp;ssl=1 768w, https:\/\/i0.wp.com\/www.joyana.fr\/wp-content\/uploads\/2016\/03\/pieter-ceizer-colette-plates-mugs-01.jpg?resize=600%2C400&amp;ssl=1 600w, https:\/\/i0.wp.com\/www.joyana.fr\/wp-content\/uploads\/2016\/03\/pieter-ceizer-colette-plates-mugs-01.jpg?resize=920%2C613&amp;ssl=1 920w, https:\/\/i0.wp.com\/www.joyana.fr\/wp-content\/uploads\/2016\/03\/pieter-ceizer-colette-plates-mugs-01.jpg?resize=272%2C182&amp;ssl=1 272w\" sizes=\"(max-width: 1000px) 100vw, 1000px\" \/><\/a><\/p>\n<p style=\"text-align: justify;\">L&#8217;artiste n\u00e9erlandais bas\u00e9 \u00e0 Paris, <strong>Pieter Ceizer<\/strong>, a imagin\u00e9 une assiette et un mug pour le concept-store Colette. Ce pack &#8220;<strong>Petit D\u00e9jeuner<\/strong>&#8221; arbore l&#8217;univers graphique connu de l&#8217;artiste, avec ce lettrage manuscrit qui a fait sa r\u00e9putation&#8230;<\/p>\n<div data-carousel-extra='{\"blog_id\":1,\"permalink\":\"https:\\\/\\\/www.joyana.fr\\\/ja\\\/petit-dejeuner-pieter-ceizer-colette\\\/123173\\\/\"}' id='gallery-1' class='gallery galleryid-123173 gallery-columns-4 gallery-size-thumbnail'><figure class='gallery-item'>\r\n\t\t\t<div class='gallery-icon landscape'>\r\n\t\t\t\t<a href=\"https:\/\/i0.wp.com\/www.joyana.fr\/wp-content\/uploads\/2016\/03\/pieter-ceizer-colette-plates-mugs-05.jpg?ssl=1\"><img decoding=\"async\" width=\"150\" height=\"150\" src=\"https:\/\/i0.wp.com\/www.joyana.fr\/wp-content\/uploads\/2016\/03\/pieter-ceizer-colette-plates-mugs-05.jpg?resize=150%2C150&amp;ssl=1\" class=\"attachment-thumbnail size-thumbnail\" alt=\"\" srcset=\"https:\/\/i0.wp.com\/www.joyana.fr\/wp-content\/uploads\/2016\/03\/pieter-ceizer-colette-plates-mugs-05.jpg?resize=300%2C300&amp;ssl=1 300w, https:\/\/i0.wp.com\/www.joyana.fr\/wp-content\/uploads\/2016\/03\/pieter-ceizer-colette-plates-mugs-05.jpg?resize=100%2C100&amp;ssl=1 100w, https:\/\/i0.wp.com\/www.joyana.fr\/wp-content\/uploads\/2016\/03\/pieter-ceizer-colette-plates-mugs-05.jpg?zoom=3&amp;resize=150%2C150&amp;ssl=1 450w\" sizes=\"(max-width: 150px) 100vw, 150px\" data-attachment-id=\"123178\" data-permalink=\"https:\/\/www.joyana.fr\/ja\/petit-dejeuner-pieter-ceizer-colette\/123173\/pieter-ceizer-colette-plates-mugs-05\/\" data-orig-file=\"https:\/\/i0.wp.com\/www.joyana.fr\/wp-content\/uploads\/2016\/03\/pieter-ceizer-colette-plates-mugs-05.jpg?fit=999%2C666&amp;ssl=1\" data-orig-size=\"999,666\" data-comments-opened=\"1\" data-image-meta=\"{&quot;aperture&quot;:&quot;0&quot;,&quot;credit&quot;:&quot;&quot;,&quot;camera&quot;:&quot;&quot;,&quot;caption&quot;:&quot;&quot;,&quot;created_timestamp&quot;:&quot;0&quot;,&quot;copyright&quot;:&quot;&quot;,&quot;focal_length&quot;:&quot;0&quot;,&quot;iso&quot;:&quot;0&quot;,&quot;shutter_speed&quot;:&quot;0&quot;,&quot;title&quot;:&quot;&quot;,&quot;orientation&quot;:&quot;0&quot;}\" data-image-title=\"pieter-ceizer-colette-plates-mugs-05\" data-image-description=\"\" data-image-caption=\"\" data-medium-file=\"https:\/\/i0.wp.com\/www.joyana.fr\/wp-content\/uploads\/2016\/03\/pieter-ceizer-colette-plates-mugs-05.jpg?fit=389%2C259&amp;ssl=1\" data-large-file=\"https:\/\/i0.wp.com\/www.joyana.fr\/wp-content\/uploads\/2016\/03\/pieter-ceizer-colette-plates-mugs-05.jpg?fit=999%2C666&amp;ssl=1\" \/><\/a>\r\n\t\t\t<\/div><\/figure><figure class='gallery-item'>\r\n\t\t\t<div class='gallery-icon landscape'>\r\n\t\t\t\t<a href=\"https:\/\/i0.wp.com\/www.joyana.fr\/wp-content\/uploads\/2016\/03\/pieter-ceizer-colette-plates-mugs-03.jpg?ssl=1\"><img decoding=\"async\" width=\"150\" height=\"150\" src=\"https:\/\/i0.wp.com\/www.joyana.fr\/wp-content\/uploads\/2016\/03\/pieter-ceizer-colette-plates-mugs-03.jpg?resize=150%2C150&amp;ssl=1\" class=\"attachment-thumbnail size-thumbnail\" alt=\"\" srcset=\"https:\/\/i0.wp.com\/www.joyana.fr\/wp-content\/uploads\/2016\/03\/pieter-ceizer-colette-plates-mugs-03.jpg?resize=300%2C300&amp;ssl=1 300w, https:\/\/i0.wp.com\/www.joyana.fr\/wp-content\/uploads\/2016\/03\/pieter-ceizer-colette-plates-mugs-03.jpg?resize=100%2C100&amp;ssl=1 100w, https:\/\/i0.wp.com\/www.joyana.fr\/wp-content\/uploads\/2016\/03\/pieter-ceizer-colette-plates-mugs-03.jpg?zoom=3&amp;resize=150%2C150&amp;ssl=1 450w\" sizes=\"(max-width: 150px) 100vw, 150px\" data-attachment-id=\"123176\" data-permalink=\"https:\/\/www.joyana.fr\/ja\/petit-dejeuner-pieter-ceizer-colette\/123173\/pieter-ceizer-colette-plates-mugs-03\/\" data-orig-file=\"https:\/\/i0.wp.com\/www.joyana.fr\/wp-content\/uploads\/2016\/03\/pieter-ceizer-colette-plates-mugs-03.jpg?fit=1000%2C666&amp;ssl=1\" data-orig-size=\"1000,666\" data-comments-opened=\"1\" data-image-meta=\"{&quot;aperture&quot;:&quot;0&quot;,&quot;credit&quot;:&quot;&quot;,&quot;camera&quot;:&quot;&quot;,&quot;caption&quot;:&quot;&quot;,&quot;created_timestamp&quot;:&quot;0&quot;,&quot;copyright&quot;:&quot;&quot;,&quot;focal_length&quot;:&quot;0&quot;,&quot;iso&quot;:&quot;0&quot;,&quot;shutter_speed&quot;:&quot;0&quot;,&quot;title&quot;:&quot;&quot;,&quot;orientation&quot;:&quot;0&quot;}\" data-image-title=\"pieter-ceizer-colette-plates-mugs-03\" data-image-description=\"\" data-image-caption=\"\" data-medium-file=\"https:\/\/i0.wp.com\/www.joyana.fr\/wp-content\/uploads\/2016\/03\/pieter-ceizer-colette-plates-mugs-03.jpg?fit=389%2C259&amp;ssl=1\" data-large-file=\"https:\/\/i0.wp.com\/www.joyana.fr\/wp-content\/uploads\/2016\/03\/pieter-ceizer-colette-plates-mugs-03.jpg?fit=1000%2C666&amp;ssl=1\" \/><\/a>\r\n\t\t\t<\/div><\/figure><figure class='gallery-item'>\r\n\t\t\t<div class='gallery-icon landscape'>\r\n\t\t\t\t<a href=\"https:\/\/i0.wp.com\/www.joyana.fr\/wp-content\/uploads\/2016\/03\/pieter-ceizer-colette-plates-mugs-06.jpg?ssl=1\"><img loading=\"lazy\" decoding=\"async\" width=\"150\" height=\"150\" src=\"https:\/\/i0.wp.com\/www.joyana.fr\/wp-content\/uploads\/2016\/03\/pieter-ceizer-colette-plates-mugs-06.jpg?resize=150%2C150&amp;ssl=1\" class=\"attachment-thumbnail size-thumbnail\" alt=\"\" srcset=\"https:\/\/i0.wp.com\/www.joyana.fr\/wp-content\/uploads\/2016\/03\/pieter-ceizer-colette-plates-mugs-06.jpg?resize=300%2C300&amp;ssl=1 300w, https:\/\/i0.wp.com\/www.joyana.fr\/wp-content\/uploads\/2016\/03\/pieter-ceizer-colette-plates-mugs-06.jpg?resize=100%2C100&amp;ssl=1 100w, https:\/\/i0.wp.com\/www.joyana.fr\/wp-content\/uploads\/2016\/03\/pieter-ceizer-colette-plates-mugs-06.jpg?zoom=3&amp;resize=150%2C150&amp;ssl=1 450w\" sizes=\"(max-width: 150px) 100vw, 150px\" data-attachment-id=\"123179\" data-permalink=\"https:\/\/www.joyana.fr\/ja\/petit-dejeuner-pieter-ceizer-colette\/123173\/pieter-ceizer-colette-plates-mugs-06\/\" data-orig-file=\"https:\/\/i0.wp.com\/www.joyana.fr\/wp-content\/uploads\/2016\/03\/pieter-ceizer-colette-plates-mugs-06.jpg?fit=1000%2C666&amp;ssl=1\" data-orig-size=\"1000,666\" data-comments-opened=\"1\" data-image-meta=\"{&quot;aperture&quot;:&quot;0&quot;,&quot;credit&quot;:&quot;&quot;,&quot;camera&quot;:&quot;&quot;,&quot;caption&quot;:&quot;&quot;,&quot;created_timestamp&quot;:&quot;0&quot;,&quot;copyright&quot;:&quot;&quot;,&quot;focal_length&quot;:&quot;0&quot;,&quot;iso&quot;:&quot;0&quot;,&quot;shutter_speed&quot;:&quot;0&quot;,&quot;title&quot;:&quot;&quot;,&quot;orientation&quot;:&quot;0&quot;}\" data-image-title=\"pieter-ceizer-colette-plates-mugs-06\" data-image-description=\"\" data-image-caption=\"\" data-medium-file=\"https:\/\/i0.wp.com\/www.joyana.fr\/wp-content\/uploads\/2016\/03\/pieter-ceizer-colette-plates-mugs-06.jpg?fit=389%2C259&amp;ssl=1\" data-large-file=\"https:\/\/i0.wp.com\/www.joyana.fr\/wp-content\/uploads\/2016\/03\/pieter-ceizer-colette-plates-mugs-06.jpg?fit=1000%2C666&amp;ssl=1\" \/><\/a>\r\n\t\t\t<\/div><\/figure><figure class='gallery-item'>\r\n\t\t\t<div class='gallery-icon landscape'>\r\n\t\t\t\t<a href=\"https:\/\/i0.wp.com\/www.joyana.fr\/wp-content\/uploads\/2016\/03\/pieter-ceizer-colette-plates-mugs-02.jpg?ssl=1\"><img loading=\"lazy\" decoding=\"async\" width=\"150\" height=\"150\" src=\"https:\/\/i0.wp.com\/www.joyana.fr\/wp-content\/uploads\/2016\/03\/pieter-ceizer-colette-plates-mugs-02.jpg?resize=150%2C150&amp;ssl=1\" class=\"attachment-thumbnail size-thumbnail\" alt=\"\" srcset=\"https:\/\/i0.wp.com\/www.joyana.fr\/wp-content\/uploads\/2016\/03\/pieter-ceizer-colette-plates-mugs-02.jpg?resize=300%2C300&amp;ssl=1 300w, https:\/\/i0.wp.com\/www.joyana.fr\/wp-content\/uploads\/2016\/03\/pieter-ceizer-colette-plates-mugs-02.jpg?resize=100%2C100&amp;ssl=1 100w, https:\/\/i0.wp.com\/www.joyana.fr\/wp-content\/uploads\/2016\/03\/pieter-ceizer-colette-plates-mugs-02.jpg?zoom=3&amp;resize=150%2C150&amp;ssl=1 450w\" sizes=\"(max-width: 150px) 100vw, 150px\" data-attachment-id=\"123175\" data-permalink=\"https:\/\/www.joyana.fr\/ja\/petit-dejeuner-pieter-ceizer-colette\/123173\/pieter-ceizer-colette-plates-mugs-02\/\" data-orig-file=\"https:\/\/i0.wp.com\/www.joyana.fr\/wp-content\/uploads\/2016\/03\/pieter-ceizer-colette-plates-mugs-02.jpg?fit=1000%2C666&amp;ssl=1\" data-orig-size=\"1000,666\" data-comments-opened=\"1\" data-image-meta=\"{&quot;aperture&quot;:&quot;0&quot;,&quot;credit&quot;:&quot;&quot;,&quot;camera&quot;:&quot;&quot;,&quot;caption&quot;:&quot;&quot;,&quot;created_timestamp&quot;:&quot;0&quot;,&quot;copyright&quot;:&quot;&quot;,&quot;focal_length&quot;:&quot;0&quot;,&quot;iso&quot;:&quot;0&quot;,&quot;shutter_speed&quot;:&quot;0&quot;,&quot;title&quot;:&quot;&quot;,&quot;orientation&quot;:&quot;0&quot;}\" data-image-title=\"pieter-ceizer-colette-plates-mugs-02\" data-image-description=\"\" data-image-caption=\"\" data-medium-file=\"https:\/\/i0.wp.com\/www.joyana.fr\/wp-content\/uploads\/2016\/03\/pieter-ceizer-colette-plates-mugs-02.jpg?fit=389%2C259&amp;ssl=1\" data-large-file=\"https:\/\/i0.wp.com\/www.joyana.fr\/wp-content\/uploads\/2016\/03\/pieter-ceizer-colette-plates-mugs-02.jpg?fit=1000%2C666&amp;ssl=1\" \/><\/a>\r\n\t\t\t<\/div><\/figure><\/div>\n\n<p style=\"text-align: justify;\">Pour Colette, il a con\u00e7u une tasse de caf\u00e9 avec un graphique &#8220;Bonjour&#8221; et une assiette qui dit &#8220;Bon App\u00e9tit&#8221;. Les deux articles sont imprim\u00e9s dans le bleu Pantone signature de Colette. Le pack <strong>Petit D\u00e9jeuner PIETER CEIZER x COLETT<\/strong>E est maintenant disponible en quantit\u00e9s limit\u00e9es, en exclusivit\u00e9 chez <strong><a href=\"http:\/\/www.colette.fr\/catalogsearch\/result\/?q=ceizer\" target=\"_blank\">COLETTE<\/a><\/strong>&#8230;<\/p>\n","protected":false},"excerpt":{"rendered":"<p>L&#8217;artiste n\u00e9erlandais bas\u00e9 \u00e0 Paris, Pieter Ceizer, a imagin\u00e9 une assiette et un mug pour le concept-stor [&hellip;]<\/p>\n","protected":false},"author":3,"featured_media":123174,"comment_status":"open","ping_status":"open","sticky":false,"template":"","format":"standard","meta":{"_coblocks_attr":"","_coblocks_dimensions":"","_coblocks_responsive_height":"","_coblocks_accordion_ie_support":"","_uag_custom_page_level_css":"","advgb_blocks_editor_width":"","advgb_blocks_columns_visual_guide":"","_genesis_hide_title":false,"_genesis_hide_breadcrumbs":false,"_genesis_hide_singular_image":false,"_genesis_hide_footer_widgets":false,"_genesis_custom_body_class":"","_genesis_custom_post_class":"","_genesis_layout":"","_themeisle_gutenberg_block_has_review":false,"_jetpack_newsletter_access":"","_jetpack_dont_email_post_to_subs":false,"_jetpack_newsletter_tier_id":0,"_jetpack_memberships_contains_paywalled_content":false,"_jetpack_memberships_contains_paid_content":false,"footnotes":""},"categories":[905,99],"tags":[1162,5,4,367],"class_list":{"0":"post-123173","1":"post","2":"type-post","3":"status-publish","4":"format-standard","5":"has-post-thumbnail","7":"category-deco-design","8":"category-the-journal","9":"tag-art-de-la-table","10":"tag-colette","11":"tag-limited","12":"tag-pieter-ceizer","13":"entry"},"featured_image_urls":{"full":["https:\/\/i0.wp.com\/www.joyana.fr\/wp-content\/uploads\/2016\/03\/pieter-ceizer-colette-plates-mugs-01.jpg?fit=1000%2C666&ssl=1",1000,666,false],"thumbnail":["https:\/\/i0.wp.com\/www.joyana.fr\/wp-content\/uploads\/2016\/03\/pieter-ceizer-colette-plates-mugs-01.jpg?resize=150%2C150&ssl=1",150,150,true],"medium":["https:\/\/i0.wp.com\/www.joyana.fr\/wp-content\/uploads\/2016\/03\/pieter-ceizer-colette-plates-mugs-01.jpg?fit=389%2C259&ssl=1",389,259,true],"medium_large":["https:\/\/i0.wp.com\/www.joyana.fr\/wp-content\/uploads\/2016\/03\/pieter-ceizer-colette-plates-mugs-01.jpg?fit=768%2C511&ssl=1",768,511,true],"large":["https:\/\/i0.wp.com\/www.joyana.fr\/wp-content\/uploads\/2016\/03\/pieter-ceizer-colette-plates-mugs-01.jpg?fit=1000%2C666&ssl=1",1000,666,true],"1536x1536":["https:\/\/i0.wp.com\/www.joyana.fr\/wp-content\/uploads\/2016\/03\/pieter-ceizer-colette-plates-mugs-01.jpg?fit=1000%2C666&ssl=1",1000,666,true],"2048x2048":["https:\/\/i0.wp.com\/www.joyana.fr\/wp-content\/uploads\/2016\/03\/pieter-ceizer-colette-plates-mugs-01.jpg?fit=1000%2C666&ssl=1",1000,666,true],"featured-thumb":["https:\/\/i0.wp.com\/www.joyana.fr\/wp-content\/uploads\/2016\/03\/pieter-ceizer-colette-plates-mugs-01.jpg?resize=1000%2C666&ssl=1",1000,666,true],"ab-block-post-grid-landscape":["https:\/\/i0.wp.com\/www.joyana.fr\/wp-content\/uploads\/2016\/03\/pieter-ceizer-colette-plates-mugs-01.jpg?resize=600%2C400&ssl=1",600,400,true],"ab-block-post-grid-square":["https:\/\/i0.wp.com\/www.joyana.fr\/wp-content\/uploads\/2016\/03\/pieter-ceizer-colette-plates-mugs-01.jpg?resize=600%2C600&ssl=1",600,600,true],"author-pro-image":["https:\/\/i0.wp.com\/www.joyana.fr\/wp-content\/uploads\/2016\/03\/pieter-ceizer-colette-plates-mugs-01.jpg?resize=360%2C570&ssl=1",360,570,true],"slider":["https:\/\/i0.wp.com\/www.joyana.fr\/wp-content\/uploads\/2016\/03\/pieter-ceizer-colette-plates-mugs-01.jpg?resize=920%2C400&ssl=1",920,400,true],"woocommerce_thumbnail":["https:\/\/i0.wp.com\/www.joyana.fr\/wp-content\/uploads\/2016\/03\/pieter-ceizer-colette-plates-mugs-01.jpg?resize=450%2C450&ssl=1",450,450,true],"woocommerce_single":["https:\/\/i0.wp.com\/www.joyana.fr\/wp-content\/uploads\/2016\/03\/pieter-ceizer-colette-plates-mugs-01.jpg?fit=920%2C613&ssl=1",920,613,true],"woocommerce_gallery_thumbnail":["https:\/\/i0.wp.com\/www.joyana.fr\/wp-content\/uploads\/2016\/03\/pieter-ceizer-colette-plates-mugs-01.jpg?resize=180%2C180&ssl=1",180,180,true],"sow-carousel-default":["https:\/\/i0.wp.com\/www.joyana.fr\/wp-content\/uploads\/2016\/03\/pieter-ceizer-colette-plates-mugs-01.jpg?resize=272%2C182&ssl=1",272,182,true]},"post_excerpt_stackable":"<p>L&#8217;artiste n\u00e9erlandais bas\u00e9 \u00e0 Paris, Pieter Ceizer, a imagin\u00e9 une assiette et un mug pour le co&hellip;<\/p>\n","category_list":"<a href=\"https:\/\/www.joyana.fr\/ja\/category\/deco-design\/\" rel=\"category tag\">DECO-DESIGN<\/a>, <a href=\"https:\/\/www.joyana.fr\/ja\/category\/the-journal\/\" rel=\"category tag\">THE JOURNAL<\/a>","author_info":{"display_name":"Jo Yana","author_link":"https:\/\/www.joyana.fr\/ja\/author\/joyana\/"},"comments_num":"0 comments","featured_image_urls_v2":{"full":["https:\/\/i0.wp.com\/www.joyana.fr\/wp-content\/uploads\/2016\/03\/pieter-ceizer-colette-plates-mugs-01.jpg?fit=1000%2C666&ssl=1",1000,666,false],"thumbnail":["https:\/\/i0.wp.com\/www.joyana.fr\/wp-content\/uploads\/2016\/03\/pieter-ceizer-colette-plates-mugs-01.jpg?resize=150%2C150&ssl=1",150,150,true],"medium":["https:\/\/i0.wp.com\/www.joyana.fr\/wp-content\/uploads\/2016\/03\/pieter-ceizer-colette-plates-mugs-01.jpg?fit=389%2C259&ssl=1",389,259,true],"medium_large":["https:\/\/i0.wp.com\/www.joyana.fr\/wp-content\/uploads\/2016\/03\/pieter-ceizer-colette-plates-mugs-01.jpg?fit=768%2C511&ssl=1",768,511,true],"large":["https:\/\/i0.wp.com\/www.joyana.fr\/wp-content\/uploads\/2016\/03\/pieter-ceizer-colette-plates-mugs-01.jpg?fit=1000%2C666&ssl=1",1000,666,true],"1536x1536":["https:\/\/i0.wp.com\/www.joyana.fr\/wp-content\/uploads\/2016\/03\/pieter-ceizer-colette-plates-mugs-01.jpg?fit=1000%2C666&ssl=1",1000,666,true],"2048x2048":["https:\/\/i0.wp.com\/www.joyana.fr\/wp-content\/uploads\/2016\/03\/pieter-ceizer-colette-plates-mugs-01.jpg?fit=1000%2C666&ssl=1",1000,666,true],"featured-thumb":["https:\/\/i0.wp.com\/www.joyana.fr\/wp-content\/uploads\/2016\/03\/pieter-ceizer-colette-plates-mugs-01.jpg?resize=1000%2C666&ssl=1",1000,666,true],"ab-block-post-grid-landscape":["https:\/\/i0.wp.com\/www.joyana.fr\/wp-content\/uploads\/2016\/03\/pieter-ceizer-colette-plates-mugs-01.jpg?resize=600%2C400&ssl=1",600,400,true],"ab-block-post-grid-square":["https:\/\/i0.wp.com\/www.joyana.fr\/wp-content\/uploads\/2016\/03\/pieter-ceizer-colette-plates-mugs-01.jpg?resize=600%2C600&ssl=1",600,600,true],"author-pro-image":["https:\/\/i0.wp.com\/www.joyana.fr\/wp-content\/uploads\/2016\/03\/pieter-ceizer-colette-plates-mugs-01.jpg?resize=360%2C570&ssl=1",360,570,true],"slider":["https:\/\/i0.wp.com\/www.joyana.fr\/wp-content\/uploads\/2016\/03\/pieter-ceizer-colette-plates-mugs-01.jpg?resize=920%2C400&ssl=1",920,400,true],"woocommerce_thumbnail":["https:\/\/i0.wp.com\/www.joyana.fr\/wp-content\/uploads\/2016\/03\/pieter-ceizer-colette-plates-mugs-01.jpg?resize=450%2C450&ssl=1",450,450,true],"woocommerce_single":["https:\/\/i0.wp.com\/www.joyana.fr\/wp-content\/uploads\/2016\/03\/pieter-ceizer-colette-plates-mugs-01.jpg?fit=920%2C613&ssl=1",920,613,true],"woocommerce_gallery_thumbnail":["https:\/\/i0.wp.com\/www.joyana.fr\/wp-content\/uploads\/2016\/03\/pieter-ceizer-colette-plates-mugs-01.jpg?resize=180%2C180&ssl=1",180,180,true],"sow-carousel-default":["https:\/\/i0.wp.com\/www.joyana.fr\/wp-content\/uploads\/2016\/03\/pieter-ceizer-colette-plates-mugs-01.jpg?resize=272%2C182&ssl=1",272,182,true]},"post_excerpt_stackable_v2":"<p>L&#8217;artiste n\u00e9erlandais bas\u00e9 \u00e0 Paris, Pieter Ceizer, a imagin\u00e9 une assiette et un mug pour le co&hellip;<\/p>\n","category_list_v2":"<a href=\"https:\/\/www.joyana.fr\/ja\/category\/deco-design\/\" rel=\"category tag\">DECO-DESIGN<\/a>, <a href=\"https:\/\/www.joyana.fr\/ja\/category\/the-journal\/\" rel=\"category tag\">THE JOURNAL<\/a>","author_info_v2":{"name":"Jo Yana","url":"https:\/\/www.joyana.fr\/ja\/author\/joyana\/"},"comments_num_v2":"0 comments","yoast_head":"<!-- This site is optimized with the Yoast SEO plugin v26.8 - https:\/\/yoast.com\/product\/yoast-seo-wordpress\/ -->\n<title>Petit D\u00e9jeuner - PIETER CEIZER x COLETTE - JO YANA<\/title>\n<meta name=\"description\" content=\"L&#039;artiste n\u00e9erlandais bas\u00e9 \u00e0 Paris,\u00a0Pieter Ceizer, a imagin\u00e9 une assiette et un mug pour le concept-store Colette. Ce pack &quot;Petit D\u00e9jeuner&quot;...\" \/>\n<meta name=\"robots\" content=\"index, follow, max-snippet:-1, max-image-preview:large, max-video-preview:-1\" \/>\n<link rel=\"canonical\" href=\"https:\/\/www.joyana.fr\/ja\/petit-dejeuner-pieter-ceizer-colette\/123173\/\" \/>\n<meta property=\"og:locale\" content=\"ja_JP\" \/>\n<meta property=\"og:locale:alternate\" content=\"fr_FR\" \/>\n<meta property=\"og:locale:alternate\" content=\"en_US\" \/>\n<meta property=\"og:type\" content=\"article\" \/>\n<meta property=\"og:title\" content=\"Petit D\u00e9jeuner - PIETER CEIZER x COLETTE - JO YANA\" \/>\n<meta property=\"og:description\" content=\"L&#039;artiste n\u00e9erlandais bas\u00e9 \u00e0 Paris,\u00a0Pieter Ceizer, a imagin\u00e9 une assiette et un mug pour le concept-store Colette. Ce pack &quot;Petit D\u00e9jeuner&quot;...\" \/>\n<meta property=\"og:url\" content=\"https:\/\/www.joyana.fr\/ja\/petit-dejeuner-pieter-ceizer-colette\/123173\/\" \/>\n<meta property=\"og:site_name\" content=\"JO YANA\" \/>\n<meta property=\"article:published_time\" content=\"2016-03-08T09:30:12+00:00\" \/>\n<meta property=\"article:modified_time\" content=\"2016-03-08T09:32:20+00:00\" \/>\n<meta property=\"og:image\" content=\"https:\/\/www.joyana.fr\/wp-content\/uploads\/2016\/03\/pieter-ceizer-colette-plates-mugs-01.jpg\" \/>\n\t<meta property=\"og:image:width\" content=\"1000\" \/>\n\t<meta property=\"og:image:height\" content=\"666\" \/>\n\t<meta property=\"og:image:type\" content=\"image\/jpeg\" \/>\n<meta name=\"author\" content=\"Jo Yana\" \/>\n<meta name=\"twitter:card\" content=\"summary_large_image\" \/>\n<meta name=\"twitter:creator\" content=\"@Jo_Yana\" \/>\n<meta name=\"twitter:site\" content=\"@Jo_Yana\" \/>\n<meta name=\"twitter:label1\" content=\"\u57f7\u7b46\u8005\" \/>\n\t<meta name=\"twitter:data1\" content=\"Jo Yana\" \/>\n\t<meta name=\"twitter:label2\" content=\"\u63a8\u5b9a\u8aad\u307f\u53d6\u308a\u6642\u9593\" \/>\n\t<meta name=\"twitter:data2\" content=\"1\u5206\" \/>\n<script type=\"application\/ld+json\" class=\"yoast-schema-graph\">{\"@context\":\"https:\/\/schema.org\",\"@graph\":[{\"@type\":\"Article\",\"@id\":\"https:\/\/www.joyana.fr\/ja\/petit-dejeuner-pieter-ceizer-colette\/123173\/#article\",\"isPartOf\":{\"@id\":\"https:\/\/www.joyana.fr\/ja\/petit-dejeuner-pieter-ceizer-colette\/123173\/\"},\"author\":{\"name\":\"Jo Yana\",\"@id\":\"https:\/\/joyana.fr\/#\/schema\/person\/cf2a1ad12a27c12c21801075bf37407c\"},\"headline\":\"Petit D\u00e9jeuner &#8211; PIETER CEIZER x COLETTE\",\"datePublished\":\"2016-03-08T09:30:12+00:00\",\"dateModified\":\"2016-03-08T09:32:20+00:00\",\"mainEntityOfPage\":{\"@id\":\"https:\/\/www.joyana.fr\/ja\/petit-dejeuner-pieter-ceizer-colette\/123173\/\"},\"wordCount\":111,\"commentCount\":0,\"publisher\":{\"@id\":\"https:\/\/joyana.fr\/#\/schema\/person\/cf2a1ad12a27c12c21801075bf37407c\"},\"image\":{\"@id\":\"https:\/\/www.joyana.fr\/ja\/petit-dejeuner-pieter-ceizer-colette\/123173\/#primaryimage\"},\"thumbnailUrl\":\"https:\/\/i0.wp.com\/www.joyana.fr\/wp-content\/uploads\/2016\/03\/pieter-ceizer-colette-plates-mugs-01.jpg?fit=1000%2C666&ssl=1\",\"keywords\":[\"Art de la Table\",\"Colette\",\"Limited\",\"Pieter CEIZER\"],\"articleSection\":[\"DECO-DESIGN\",\"THE JOURNAL\"],\"inLanguage\":\"ja\",\"potentialAction\":[{\"@type\":\"CommentAction\",\"name\":\"Comment\",\"target\":[\"https:\/\/www.joyana.fr\/ja\/petit-dejeuner-pieter-ceizer-colette\/123173\/#respond\"]}]},{\"@type\":\"WebPage\",\"@id\":\"https:\/\/www.joyana.fr\/ja\/petit-dejeuner-pieter-ceizer-colette\/123173\/\",\"url\":\"https:\/\/www.joyana.fr\/ja\/petit-dejeuner-pieter-ceizer-colette\/123173\/\",\"name\":\"Petit D\u00e9jeuner - PIETER CEIZER x COLETTE - JO YANA\",\"isPartOf\":{\"@id\":\"https:\/\/joyana.fr\/#website\"},\"primaryImageOfPage\":{\"@id\":\"https:\/\/www.joyana.fr\/ja\/petit-dejeuner-pieter-ceizer-colette\/123173\/#primaryimage\"},\"image\":{\"@id\":\"https:\/\/www.joyana.fr\/ja\/petit-dejeuner-pieter-ceizer-colette\/123173\/#primaryimage\"},\"thumbnailUrl\":\"https:\/\/i0.wp.com\/www.joyana.fr\/wp-content\/uploads\/2016\/03\/pieter-ceizer-colette-plates-mugs-01.jpg?fit=1000%2C666&ssl=1\",\"datePublished\":\"2016-03-08T09:30:12+00:00\",\"dateModified\":\"2016-03-08T09:32:20+00:00\",\"description\":\"L'artiste n\u00e9erlandais bas\u00e9 \u00e0 Paris,\u00a0Pieter Ceizer, a imagin\u00e9 une assiette et un mug pour le concept-store Colette. Ce pack \\\"Petit D\u00e9jeuner\\\"...\",\"breadcrumb\":{\"@id\":\"https:\/\/www.joyana.fr\/ja\/petit-dejeuner-pieter-ceizer-colette\/123173\/#breadcrumb\"},\"inLanguage\":\"ja\",\"potentialAction\":[{\"@type\":\"ReadAction\",\"target\":[\"https:\/\/www.joyana.fr\/ja\/petit-dejeuner-pieter-ceizer-colette\/123173\/\"]}]},{\"@type\":\"ImageObject\",\"inLanguage\":\"ja\",\"@id\":\"https:\/\/www.joyana.fr\/ja\/petit-dejeuner-pieter-ceizer-colette\/123173\/#primaryimage\",\"url\":\"https:\/\/i0.wp.com\/www.joyana.fr\/wp-content\/uploads\/2016\/03\/pieter-ceizer-colette-plates-mugs-01.jpg?fit=1000%2C666&ssl=1\",\"contentUrl\":\"https:\/\/i0.wp.com\/www.joyana.fr\/wp-content\/uploads\/2016\/03\/pieter-ceizer-colette-plates-mugs-01.jpg?fit=1000%2C666&ssl=1\",\"width\":1000,\"height\":666},{\"@type\":\"BreadcrumbList\",\"@id\":\"https:\/\/www.joyana.fr\/ja\/petit-dejeuner-pieter-ceizer-colette\/123173\/#breadcrumb\",\"itemListElement\":[{\"@type\":\"ListItem\",\"position\":1,\"name\":\"Accueil\",\"item\":\"https:\/\/joyana.fr\/\"},{\"@type\":\"ListItem\",\"position\":2,\"name\":\"Petit D\u00e9jeuner &#8211; PIETER CEIZER x COLETTE\"}]},{\"@type\":\"WebSite\",\"@id\":\"https:\/\/joyana.fr\/#website\",\"url\":\"https:\/\/joyana.fr\/\",\"name\":\"JO YANA\",\"description\":\"Blog Mode Homme, Lifestyle, D\u00e9co-Design\",\"publisher\":{\"@id\":\"https:\/\/joyana.fr\/#\/schema\/person\/cf2a1ad12a27c12c21801075bf37407c\"},\"potentialAction\":[{\"@type\":\"SearchAction\",\"target\":{\"@type\":\"EntryPoint\",\"urlTemplate\":\"https:\/\/joyana.fr\/?s={search_term_string}\"},\"query-input\":{\"@type\":\"PropertyValueSpecification\",\"valueRequired\":true,\"valueName\":\"search_term_string\"}}],\"inLanguage\":\"ja\"},{\"@type\":[\"Person\",\"Organization\"],\"@id\":\"https:\/\/joyana.fr\/#\/schema\/person\/cf2a1ad12a27c12c21801075bf37407c\",\"name\":\"Jo Yana\",\"image\":{\"@type\":\"ImageObject\",\"inLanguage\":\"ja\",\"@id\":\"https:\/\/joyana.fr\/#\/schema\/person\/image\/\",\"url\":\"https:\/\/i0.wp.com\/www.joyana.fr\/wp-content\/uploads\/2016\/08\/cropped-joyana-logo-black-360x180.png?fit=343%2C164&ssl=1\",\"contentUrl\":\"https:\/\/i0.wp.com\/www.joyana.fr\/wp-content\/uploads\/2016\/08\/cropped-joyana-logo-black-360x180.png?fit=343%2C164&ssl=1\",\"width\":343,\"height\":164,\"caption\":\"Jo Yana\"},\"logo\":{\"@id\":\"https:\/\/joyana.fr\/#\/schema\/person\/image\/\"},\"description\":\"Jo Yana est le cr\u00e9ateur et r\u00e9dacteur en chef des sites DECO-DESIGN. Passionn\u00e9 de Design, Mode, Photo, Luxe, Lifestyle, Musique, mais avant tout Blogueur ! Le plaisir de partager l'anime et a comme devise \\\"POUR L'AMOUR DU BEAU\\\". Retrouvez le aussi sur son blog personnel - https:\/\/joyana.fr...\",\"sameAs\":[\"https:\/\/joyana.fr\/\"],\"url\":\"https:\/\/www.joyana.fr\/ja\/author\/joyana\/\"}]}<\/script>\n<!-- \/ Yoast SEO plugin. -->","yoast_head_json":{"title":"Petit D\u00e9jeuner - PIETER CEIZER x COLETTE - JO YANA","description":"L'artiste n\u00e9erlandais bas\u00e9 \u00e0 Paris,\u00a0Pieter Ceizer, a imagin\u00e9 une assiette et un mug pour le concept-store Colette. Ce pack \"Petit D\u00e9jeuner\"...","robots":{"index":"index","follow":"follow","max-snippet":"max-snippet:-1","max-image-preview":"max-image-preview:large","max-video-preview":"max-video-preview:-1"},"canonical":"https:\/\/www.joyana.fr\/ja\/petit-dejeuner-pieter-ceizer-colette\/123173\/","og_locale":"ja_JP","og_type":"article","og_title":"Petit D\u00e9jeuner - PIETER CEIZER x COLETTE - JO YANA","og_description":"L'artiste n\u00e9erlandais bas\u00e9 \u00e0 Paris,\u00a0Pieter Ceizer, a imagin\u00e9 une assiette et un mug pour le concept-store Colette. Ce pack \"Petit D\u00e9jeuner\"...","og_url":"https:\/\/www.joyana.fr\/ja\/petit-dejeuner-pieter-ceizer-colette\/123173\/","og_site_name":"JO YANA","article_published_time":"2016-03-08T09:30:12+00:00","article_modified_time":"2016-03-08T09:32:20+00:00","og_image":[{"width":1000,"height":666,"url":"https:\/\/www.joyana.fr\/wp-content\/uploads\/2016\/03\/pieter-ceizer-colette-plates-mugs-01.jpg","type":"image\/jpeg"}],"author":"Jo Yana","twitter_card":"summary_large_image","twitter_creator":"@Jo_Yana","twitter_site":"@Jo_Yana","twitter_misc":{"\u57f7\u7b46\u8005":"Jo Yana","\u63a8\u5b9a\u8aad\u307f\u53d6\u308a\u6642\u9593":"1\u5206"},"schema":{"@context":"https:\/\/schema.org","@graph":[{"@type":"Article","@id":"https:\/\/www.joyana.fr\/ja\/petit-dejeuner-pieter-ceizer-colette\/123173\/#article","isPartOf":{"@id":"https:\/\/www.joyana.fr\/ja\/petit-dejeuner-pieter-ceizer-colette\/123173\/"},"author":{"name":"Jo Yana","@id":"https:\/\/joyana.fr\/#\/schema\/person\/cf2a1ad12a27c12c21801075bf37407c"},"headline":"Petit D\u00e9jeuner &#8211; PIETER CEIZER x COLETTE","datePublished":"2016-03-08T09:30:12+00:00","dateModified":"2016-03-08T09:32:20+00:00","mainEntityOfPage":{"@id":"https:\/\/www.joyana.fr\/ja\/petit-dejeuner-pieter-ceizer-colette\/123173\/"},"wordCount":111,"commentCount":0,"publisher":{"@id":"https:\/\/joyana.fr\/#\/schema\/person\/cf2a1ad12a27c12c21801075bf37407c"},"image":{"@id":"https:\/\/www.joyana.fr\/ja\/petit-dejeuner-pieter-ceizer-colette\/123173\/#primaryimage"},"thumbnailUrl":"https:\/\/i0.wp.com\/www.joyana.fr\/wp-content\/uploads\/2016\/03\/pieter-ceizer-colette-plates-mugs-01.jpg?fit=1000%2C666&ssl=1","keywords":["Art de la Table","Colette","Limited","Pieter CEIZER"],"articleSection":["DECO-DESIGN","THE JOURNAL"],"inLanguage":"ja","potentialAction":[{"@type":"CommentAction","name":"Comment","target":["https:\/\/www.joyana.fr\/ja\/petit-dejeuner-pieter-ceizer-colette\/123173\/#respond"]}]},{"@type":"WebPage","@id":"https:\/\/www.joyana.fr\/ja\/petit-dejeuner-pieter-ceizer-colette\/123173\/","url":"https:\/\/www.joyana.fr\/ja\/petit-dejeuner-pieter-ceizer-colette\/123173\/","name":"Petit D\u00e9jeuner - PIETER CEIZER x COLETTE - JO YANA","isPartOf":{"@id":"https:\/\/joyana.fr\/#website"},"primaryImageOfPage":{"@id":"https:\/\/www.joyana.fr\/ja\/petit-dejeuner-pieter-ceizer-colette\/123173\/#primaryimage"},"image":{"@id":"https:\/\/www.joyana.fr\/ja\/petit-dejeuner-pieter-ceizer-colette\/123173\/#primaryimage"},"thumbnailUrl":"https:\/\/i0.wp.com\/www.joyana.fr\/wp-content\/uploads\/2016\/03\/pieter-ceizer-colette-plates-mugs-01.jpg?fit=1000%2C666&ssl=1","datePublished":"2016-03-08T09:30:12+00:00","dateModified":"2016-03-08T09:32:20+00:00","description":"L'artiste n\u00e9erlandais bas\u00e9 \u00e0 Paris,\u00a0Pieter Ceizer, a imagin\u00e9 une assiette et un mug pour le concept-store Colette. Ce pack \"Petit D\u00e9jeuner\"...","breadcrumb":{"@id":"https:\/\/www.joyana.fr\/ja\/petit-dejeuner-pieter-ceizer-colette\/123173\/#breadcrumb"},"inLanguage":"ja","potentialAction":[{"@type":"ReadAction","target":["https:\/\/www.joyana.fr\/ja\/petit-dejeuner-pieter-ceizer-colette\/123173\/"]}]},{"@type":"ImageObject","inLanguage":"ja","@id":"https:\/\/www.joyana.fr\/ja\/petit-dejeuner-pieter-ceizer-colette\/123173\/#primaryimage","url":"https:\/\/i0.wp.com\/www.joyana.fr\/wp-content\/uploads\/2016\/03\/pieter-ceizer-colette-plates-mugs-01.jpg?fit=1000%2C666&ssl=1","contentUrl":"https:\/\/i0.wp.com\/www.joyana.fr\/wp-content\/uploads\/2016\/03\/pieter-ceizer-colette-plates-mugs-01.jpg?fit=1000%2C666&ssl=1","width":1000,"height":666},{"@type":"BreadcrumbList","@id":"https:\/\/www.joyana.fr\/ja\/petit-dejeuner-pieter-ceizer-colette\/123173\/#breadcrumb","itemListElement":[{"@type":"ListItem","position":1,"name":"Accueil","item":"https:\/\/joyana.fr\/"},{"@type":"ListItem","position":2,"name":"Petit D\u00e9jeuner &#8211; PIETER CEIZER x COLETTE"}]},{"@type":"WebSite","@id":"https:\/\/joyana.fr\/#website","url":"https:\/\/joyana.fr\/","name":"JO YANA","description":"Blog Mode Homme, Lifestyle, D\u00e9co-Design","publisher":{"@id":"https:\/\/joyana.fr\/#\/schema\/person\/cf2a1ad12a27c12c21801075bf37407c"},"potentialAction":[{"@type":"SearchAction","target":{"@type":"EntryPoint","urlTemplate":"https:\/\/joyana.fr\/?s={search_term_string}"},"query-input":{"@type":"PropertyValueSpecification","valueRequired":true,"valueName":"search_term_string"}}],"inLanguage":"ja"},{"@type":["Person","Organization"],"@id":"https:\/\/joyana.fr\/#\/schema\/person\/cf2a1ad12a27c12c21801075bf37407c","name":"Jo Yana","image":{"@type":"ImageObject","inLanguage":"ja","@id":"https:\/\/joyana.fr\/#\/schema\/person\/image\/","url":"https:\/\/i0.wp.com\/www.joyana.fr\/wp-content\/uploads\/2016\/08\/cropped-joyana-logo-black-360x180.png?fit=343%2C164&ssl=1","contentUrl":"https:\/\/i0.wp.com\/www.joyana.fr\/wp-content\/uploads\/2016\/08\/cropped-joyana-logo-black-360x180.png?fit=343%2C164&ssl=1","width":343,"height":164,"caption":"Jo Yana"},"logo":{"@id":"https:\/\/joyana.fr\/#\/schema\/person\/image\/"},"description":"Jo Yana est le cr\u00e9ateur et r\u00e9dacteur en chef des sites DECO-DESIGN. Passionn\u00e9 de Design, Mode, Photo, Luxe, Lifestyle, Musique, mais avant tout Blogueur ! Le plaisir de partager l'anime et a comme devise \"POUR L'AMOUR DU BEAU\". Retrouvez le aussi sur son blog personnel - https:\/\/joyana.fr...","sameAs":["https:\/\/joyana.fr\/"],"url":"https:\/\/www.joyana.fr\/ja\/author\/joyana\/"}]}},"author_meta":{"display_name":"Jo Yana","author_link":"https:\/\/www.joyana.fr\/ja\/author\/joyana\/"},"featured_img":"https:\/\/i0.wp.com\/www.joyana.fr\/wp-content\/uploads\/2016\/03\/pieter-ceizer-colette-plates-mugs-01.jpg?fit=389%2C259&ssl=1","featured_image_src":"https:\/\/i0.wp.com\/www.joyana.fr\/wp-content\/uploads\/2016\/03\/pieter-ceizer-colette-plates-mugs-01.jpg?resize=600%2C400&ssl=1","featured_image_src_square":"https:\/\/i0.wp.com\/www.joyana.fr\/wp-content\/uploads\/2016\/03\/pieter-ceizer-colette-plates-mugs-01.jpg?resize=600%2C600&ssl=1","jetpack_featured_media_url":"https:\/\/i0.wp.com\/www.joyana.fr\/wp-content\/uploads\/2016\/03\/pieter-ceizer-colette-plates-mugs-01.jpg?fit=1000%2C666&ssl=1","uagb_featured_image_src":{"full":["https:\/\/i0.wp.com\/www.joyana.fr\/wp-content\/uploads\/2016\/03\/pieter-ceizer-colette-plates-mugs-01.jpg?fit=1000%2C666&ssl=1",1000,666,false],"thumbnail":["https:\/\/i0.wp.com\/www.joyana.fr\/wp-content\/uploads\/2016\/03\/pieter-ceizer-colette-plates-mugs-01.jpg?resize=150%2C150&ssl=1",150,150,true],"medium":["https:\/\/i0.wp.com\/www.joyana.fr\/wp-content\/uploads\/2016\/03\/pieter-ceizer-colette-plates-mugs-01.jpg?fit=389%2C259&ssl=1",389,259,true],"medium_large":["https:\/\/i0.wp.com\/www.joyana.fr\/wp-content\/uploads\/2016\/03\/pieter-ceizer-colette-plates-mugs-01.jpg?fit=768%2C511&ssl=1",768,511,true],"large":["https:\/\/i0.wp.com\/www.joyana.fr\/wp-content\/uploads\/2016\/03\/pieter-ceizer-colette-plates-mugs-01.jpg?fit=1000%2C666&ssl=1",1000,666,true],"1536x1536":["https:\/\/i0.wp.com\/www.joyana.fr\/wp-content\/uploads\/2016\/03\/pieter-ceizer-colette-plates-mugs-01.jpg?fit=1000%2C666&ssl=1",1000,666,true],"2048x2048":["https:\/\/i0.wp.com\/www.joyana.fr\/wp-content\/uploads\/2016\/03\/pieter-ceizer-colette-plates-mugs-01.jpg?fit=1000%2C666&ssl=1",1000,666,true],"featured-thumb":["https:\/\/i0.wp.com\/www.joyana.fr\/wp-content\/uploads\/2016\/03\/pieter-ceizer-colette-plates-mugs-01.jpg?resize=1000%2C666&ssl=1",1000,666,true],"ab-block-post-grid-landscape":["https:\/\/i0.wp.com\/www.joyana.fr\/wp-content\/uploads\/2016\/03\/pieter-ceizer-colette-plates-mugs-01.jpg?resize=600%2C400&ssl=1",600,400,true],"ab-block-post-grid-square":["https:\/\/i0.wp.com\/www.joyana.fr\/wp-content\/uploads\/2016\/03\/pieter-ceizer-colette-plates-mugs-01.jpg?resize=600%2C600&ssl=1",600,600,true],"author-pro-image":["https:\/\/i0.wp.com\/www.joyana.fr\/wp-content\/uploads\/2016\/03\/pieter-ceizer-colette-plates-mugs-01.jpg?resize=360%2C570&ssl=1",360,570,true],"slider":["https:\/\/i0.wp.com\/www.joyana.fr\/wp-content\/uploads\/2016\/03\/pieter-ceizer-colette-plates-mugs-01.jpg?resize=920%2C400&ssl=1",920,400,true],"woocommerce_thumbnail":["https:\/\/i0.wp.com\/www.joyana.fr\/wp-content\/uploads\/2016\/03\/pieter-ceizer-colette-plates-mugs-01.jpg?resize=450%2C450&ssl=1",450,450,true],"woocommerce_single":["https:\/\/i0.wp.com\/www.joyana.fr\/wp-content\/uploads\/2016\/03\/pieter-ceizer-colette-plates-mugs-01.jpg?fit=920%2C613&ssl=1",920,613,true],"woocommerce_gallery_thumbnail":["https:\/\/i0.wp.com\/www.joyana.fr\/wp-content\/uploads\/2016\/03\/pieter-ceizer-colette-plates-mugs-01.jpg?resize=180%2C180&ssl=1",180,180,true],"sow-carousel-default":["https:\/\/i0.wp.com\/www.joyana.fr\/wp-content\/uploads\/2016\/03\/pieter-ceizer-colette-plates-mugs-01.jpg?resize=272%2C182&ssl=1",272,182,true]},"uagb_author_info":{"display_name":"Jo Yana","author_link":"https:\/\/www.joyana.fr\/ja\/author\/joyana\/"},"uagb_comment_info":4,"uagb_excerpt":"L&#8217;artiste n\u00e9erlandais bas\u00e9 \u00e0 Paris, Pieter Ceizer&hellip;","coauthors":[],"tax_additional":{"categories":{"linked":["<a href=\"https:\/\/www.joyana.fr\/ja\/category\/deco-design\/\" class=\"advgb-post-tax-term\">DECO-DESIGN<\/a>","<a href=\"https:\/\/www.joyana.fr\/ja\/category\/the-journal\/\" class=\"advgb-post-tax-term\">THE JOURNAL<\/a>"],"unlinked":["<span class=\"advgb-post-tax-term\">DECO-DESIGN<\/span>","<span class=\"advgb-post-tax-term\">THE JOURNAL<\/span>"]},"tags":{"linked":["<a href=\"https:\/\/www.joyana.fr\/ja\/category\/the-journal\/\" class=\"advgb-post-tax-term\">Art de la Table<\/a>","<a href=\"https:\/\/www.joyana.fr\/ja\/category\/the-journal\/\" class=\"advgb-post-tax-term\">Colette<\/a>","<a href=\"https:\/\/www.joyana.fr\/ja\/category\/the-journal\/\" class=\"advgb-post-tax-term\">Limited<\/a>","<a href=\"https:\/\/www.joyana.fr\/ja\/category\/the-journal\/\" class=\"advgb-post-tax-term\">Pieter CEIZER<\/a>"],"unlinked":["<span class=\"advgb-post-tax-term\">Art de la Table<\/span>","<span class=\"advgb-post-tax-term\">Colette<\/span>","<span class=\"advgb-post-tax-term\">Limited<\/span>","<span class=\"advgb-post-tax-term\">Pieter CEIZER<\/span>"]}},"comment_count":0,"relative_dates":{"created":"Posted 10\u5e74 ago","modified":"Updated 10\u5e74 ago"},"absolute_dates":{"created":"Posted on 8 3\u6708 2016","modified":"Updated on 8 3\u6708 2016"},"absolute_dates_time":{"created":"Posted on 8 3\u6708 2016 10:30","modified":"Updated on 8 3\u6708 2016 10:32"},"featured_img_caption":"","series_order":"","jetpack_sharing_enabled":true,"jetpack_shortlink":"https:\/\/wp.me\/p9bteI-w2F","jetpack-related-posts":[],"_links":{"self":[{"href":"https:\/\/www.joyana.fr\/ja\/wp-json\/wp\/v2\/posts\/123173","targetHints":{"allow":["GET"]}}],"collection":[{"href":"https:\/\/www.joyana.fr\/ja\/wp-json\/wp\/v2\/posts"}],"about":[{"href":"https:\/\/www.joyana.fr\/ja\/wp-json\/wp\/v2\/types\/post"}],"author":[{"embeddable":true,"href":"https:\/\/www.joyana.fr\/ja\/wp-json\/wp\/v2\/users\/3"}],"replies":[{"embeddable":true,"href":"https:\/\/www.joyana.fr\/ja\/wp-json\/wp\/v2\/comments?post=123173"}],"version-history":[{"count":1,"href":"https:\/\/www.joyana.fr\/ja\/wp-json\/wp\/v2\/posts\/123173\/revisions"}],"predecessor-version":[{"id":123180,"href":"https:\/\/www.joyana.fr\/ja\/wp-json\/wp\/v2\/posts\/123173\/revisions\/123180"}],"wp:featuredmedia":[{"embeddable":true,"href":"https:\/\/www.joyana.fr\/ja\/wp-json\/wp\/v2\/media\/123174"}],"wp:attachment":[{"href":"https:\/\/www.joyana.fr\/ja\/wp-json\/wp\/v2\/media?parent=123173"}],"wp:term":[{"taxonomy":"category","embeddable":true,"href":"https:\/\/www.joyana.fr\/ja\/wp-json\/wp\/v2\/categories?post=123173"},{"taxonomy":"post_tag","embeddable":true,"href":"https:\/\/www.joyana.fr\/ja\/wp-json\/wp\/v2\/tags?post=123173"}],"curies":[{"name":"wp","href":"https:\/\/api.w.org\/{rel}","templated":true}]}}