{"id":122853,"date":"2016-02-05T19:16:08","date_gmt":"2016-02-05T18:16:08","guid":{"rendered":"https:\/\/joyana.fr\/?p=122853"},"modified":"2016-02-11T19:15:36","modified_gmt":"2016-02-11T18:15:36","slug":"julien-raynaud-x-jo-yana","status":"publish","type":"post","link":"https:\/\/www.joyana.fr\/ja\/julien-raynaud-x-jo-yana\/122853\/","title":{"rendered":"JULIEN RAYNAUD x JO YANA"},"content":{"rendered":"<p style=\"text-align: justify;\">Collaborer avec un artiste comme <strong>Julien Raynaud<\/strong> est un vrai privil\u00e8ge, mais lorsqu&#8217;en plus c&#8217;est un ami le plaisir est d\u00e9cupl\u00e9 ! Il faut que je vous le pr\u00e9sente dans un premier temps (si vous ne le connaissez pas d\u00e9j\u00e0), et ensuite que je vous parle de cette cr\u00e9ation ci-dessus &#8211; qu&#8217;on a imagin\u00e9 ensemble&#8230;<\/p>\n<p style=\"text-align: justify;\">Julien, c&#8217;est une vraie succ\u00e8s story \u00e0 la marseillaise ! Parti de rien, sans background artistique, vivant de petits boulots en petits boulots. Un matin plus difficile que les autres le pousse \u00e0 tout plaquer et \u00e0 se d\u00e9mener pour essayer de vivre de la seule chose qui le rend heureux&#8230; dessiner ! <strong>Julien Raynaud<\/strong> se fait d&#8217;abord la main sur les murs de la ville. Le talent emm\u00e8ne le succ\u00e8s, et les commandes commencent \u00e0 arriver, il doit donc exporter son art sur toile&#8230; Aujourd&#8217;hui \u00e0 28 ans, sa passion est devenu son metier depuis maintenant quelques ann\u00e9es. Ses peintures sont une quete d&#8217;une realit\u00e9 meilleure, remplies de sincerit\u00e9, d&#8217;amour et d&#8217;espoir&#8230;<\/p>\n<p style=\"text-align: justify;\"><a href=\"https:\/\/i0.wp.com\/joyana.fr\/wp-content\/uploads\/2016\/02\/BLOG_JULIEN-RAYNAUD-x-JO-YANA_2_C.jpg?ssl=1\"><img data-recalc-dims=\"1\" fetchpriority=\"high\" decoding=\"async\" data-attachment-id=\"122854\" data-permalink=\"https:\/\/www.joyana.fr\/ja\/julien-raynaud-x-jo-yana\/122853\/blog_julien-raynaud-x-jo-yana_2_c\/\" data-orig-file=\"https:\/\/i0.wp.com\/www.joyana.fr\/wp-content\/uploads\/2016\/02\/BLOG_JULIEN-RAYNAUD-x-JO-YANA_2_C.jpg?fit=1700%2C1700&amp;ssl=1\" data-orig-size=\"1700,1700\" data-comments-opened=\"1\" data-image-meta=\"{&quot;aperture&quot;:&quot;0&quot;,&quot;credit&quot;:&quot;&quot;,&quot;camera&quot;:&quot;&quot;,&quot;caption&quot;:&quot;&quot;,&quot;created_timestamp&quot;:&quot;0&quot;,&quot;copyright&quot;:&quot;&quot;,&quot;focal_length&quot;:&quot;0&quot;,&quot;iso&quot;:&quot;0&quot;,&quot;shutter_speed&quot;:&quot;0&quot;,&quot;title&quot;:&quot;&quot;,&quot;orientation&quot;:&quot;1&quot;}\" data-image-title=\"BLOG_JULIEN RAYNAUD x JO YANA_2_C\" data-image-description=\"\" data-image-caption=\"\" data-medium-file=\"https:\/\/i0.wp.com\/www.joyana.fr\/wp-content\/uploads\/2016\/02\/BLOG_JULIEN-RAYNAUD-x-JO-YANA_2_C.jpg?fit=389%2C389&amp;ssl=1\" data-large-file=\"https:\/\/i0.wp.com\/www.joyana.fr\/wp-content\/uploads\/2016\/02\/BLOG_JULIEN-RAYNAUD-x-JO-YANA_2_C.jpg?fit=1024%2C1024&amp;ssl=1\" class=\"alignnone size-full wp-image-122854\" src=\"https:\/\/i0.wp.com\/joyana.fr\/wp-content\/uploads\/2016\/02\/BLOG_JULIEN-RAYNAUD-x-JO-YANA_2_C.jpg?resize=1700%2C1700&#038;ssl=1\" alt=\"BLOG_JULIEN RAYNAUD x JO YANA_2_C\" width=\"1700\" height=\"1700\" srcset=\"https:\/\/i0.wp.com\/www.joyana.fr\/wp-content\/uploads\/2016\/02\/BLOG_JULIEN-RAYNAUD-x-JO-YANA_2_C.jpg?w=1700&amp;ssl=1 1700w, https:\/\/i0.wp.com\/www.joyana.fr\/wp-content\/uploads\/2016\/02\/BLOG_JULIEN-RAYNAUD-x-JO-YANA_2_C.jpg?resize=300%2C300&amp;ssl=1 300w, https:\/\/i0.wp.com\/www.joyana.fr\/wp-content\/uploads\/2016\/02\/BLOG_JULIEN-RAYNAUD-x-JO-YANA_2_C.jpg?resize=100%2C100&amp;ssl=1 100w, https:\/\/i0.wp.com\/www.joyana.fr\/wp-content\/uploads\/2016\/02\/BLOG_JULIEN-RAYNAUD-x-JO-YANA_2_C.jpg?resize=600%2C600&amp;ssl=1 600w\" sizes=\"(max-width: 1000px) 100vw, 1000px\" \/><\/a><\/p>\n<p style=\"text-align: justify;\">Et c&#8217;est en visitant son atelier pour lui poser mes questions habituelles, que j&#8217;ai pu admirer son art de plus pr\u00e8s. Tombant amoureux de ses formes, ses couleurs, ses silhouettes, j&#8217;ai voulu m&#8217;offrir une pi\u00e8ce. Ma premi\u00e8re pi\u00e8ce d&#8217;art contemporain ! Cela faisait longtemps que je voulais un triptyque de planches de skate, Julien a ador\u00e9 l&#8217;id\u00e9e &#8211; la voyant comme un d\u00e9fi, car le support est pleins de contraintes. Et cerise sur le gateau, j&#8217;ai eu la surprise de d\u00e9couvrir que l&#8217;oeuvre qu&#8217;il avait imagin\u00e9, c&#8217;\u00e9tait mon portrait&#8230; Fier ! ^^<\/p>\n<p><img data-recalc-dims=\"1\" decoding=\"async\" data-attachment-id=\"122856\" data-permalink=\"https:\/\/www.joyana.fr\/ja\/julien-raynaud-x-jo-yana\/122853\/blog_julien-raynaud_remember_2\/\" data-orig-file=\"https:\/\/i0.wp.com\/www.joyana.fr\/wp-content\/uploads\/2016\/02\/BLOG_JULIEN-RAYNAUD_REMEMBER_2.jpg?fit=1700%2C1700&amp;ssl=1\" data-orig-size=\"1700,1700\" data-comments-opened=\"1\" data-image-meta=\"{&quot;aperture&quot;:&quot;0&quot;,&quot;credit&quot;:&quot;&quot;,&quot;camera&quot;:&quot;&quot;,&quot;caption&quot;:&quot;&quot;,&quot;created_timestamp&quot;:&quot;0&quot;,&quot;copyright&quot;:&quot;&quot;,&quot;focal_length&quot;:&quot;0&quot;,&quot;iso&quot;:&quot;0&quot;,&quot;shutter_speed&quot;:&quot;0&quot;,&quot;title&quot;:&quot;&quot;,&quot;orientation&quot;:&quot;1&quot;}\" data-image-title=\"BLOG_JULIEN RAYNAUD_REMEMBER_2\" data-image-description=\"\" data-image-caption=\"\" data-medium-file=\"https:\/\/i0.wp.com\/www.joyana.fr\/wp-content\/uploads\/2016\/02\/BLOG_JULIEN-RAYNAUD_REMEMBER_2.jpg?fit=389%2C389&amp;ssl=1\" data-large-file=\"https:\/\/i0.wp.com\/www.joyana.fr\/wp-content\/uploads\/2016\/02\/BLOG_JULIEN-RAYNAUD_REMEMBER_2.jpg?fit=1024%2C1024&amp;ssl=1\" class=\"alignnone size-full wp-image-122856\" src=\"https:\/\/i0.wp.com\/joyana.fr\/wp-content\/uploads\/2016\/02\/BLOG_JULIEN-RAYNAUD_REMEMBER_2.jpg?resize=1700%2C1700&#038;ssl=1\" alt=\"BLOG_JULIEN RAYNAUD_REMEMBER_2\" width=\"1700\" height=\"1700\" srcset=\"https:\/\/i0.wp.com\/www.joyana.fr\/wp-content\/uploads\/2016\/02\/BLOG_JULIEN-RAYNAUD_REMEMBER_2.jpg?w=1700&amp;ssl=1 1700w, https:\/\/i0.wp.com\/www.joyana.fr\/wp-content\/uploads\/2016\/02\/BLOG_JULIEN-RAYNAUD_REMEMBER_2.jpg?resize=300%2C300&amp;ssl=1 300w, https:\/\/i0.wp.com\/www.joyana.fr\/wp-content\/uploads\/2016\/02\/BLOG_JULIEN-RAYNAUD_REMEMBER_2.jpg?resize=100%2C100&amp;ssl=1 100w, https:\/\/i0.wp.com\/www.joyana.fr\/wp-content\/uploads\/2016\/02\/BLOG_JULIEN-RAYNAUD_REMEMBER_2.jpg?resize=600%2C600&amp;ssl=1 600w\" sizes=\"(max-width: 1000px) 100vw, 1000px\" \/><\/p>\n<p><a href=\"https:\/\/i0.wp.com\/joyana.fr\/wp-content\/uploads\/2016\/02\/BLOG_JULIEN-RAYNAUD_REMEMBER_31.jpg?ssl=1\"><img data-recalc-dims=\"1\" decoding=\"async\" data-attachment-id=\"122868\" data-permalink=\"https:\/\/www.joyana.fr\/ja\/julien-raynaud-x-jo-yana\/122853\/blog_julien-raynaud_remember_3-2\/\" data-orig-file=\"https:\/\/i0.wp.com\/www.joyana.fr\/wp-content\/uploads\/2016\/02\/BLOG_JULIEN-RAYNAUD_REMEMBER_31.jpg?fit=1700%2C1700&amp;ssl=1\" data-orig-size=\"1700,1700\" data-comments-opened=\"1\" data-image-meta=\"{&quot;aperture&quot;:&quot;0&quot;,&quot;credit&quot;:&quot;&quot;,&quot;camera&quot;:&quot;&quot;,&quot;caption&quot;:&quot;&quot;,&quot;created_timestamp&quot;:&quot;0&quot;,&quot;copyright&quot;:&quot;&quot;,&quot;focal_length&quot;:&quot;0&quot;,&quot;iso&quot;:&quot;0&quot;,&quot;shutter_speed&quot;:&quot;0&quot;,&quot;title&quot;:&quot;&quot;,&quot;orientation&quot;:&quot;1&quot;}\" data-image-title=\"BLOG_JULIEN RAYNAUD_REMEMBER_3\" data-image-description=\"\" data-image-caption=\"\" data-medium-file=\"https:\/\/i0.wp.com\/www.joyana.fr\/wp-content\/uploads\/2016\/02\/BLOG_JULIEN-RAYNAUD_REMEMBER_31.jpg?fit=389%2C389&amp;ssl=1\" data-large-file=\"https:\/\/i0.wp.com\/www.joyana.fr\/wp-content\/uploads\/2016\/02\/BLOG_JULIEN-RAYNAUD_REMEMBER_31.jpg?fit=1024%2C1024&amp;ssl=1\" class=\"alignnone size-full wp-image-122868\" src=\"https:\/\/i0.wp.com\/joyana.fr\/wp-content\/uploads\/2016\/02\/BLOG_JULIEN-RAYNAUD_REMEMBER_31.jpg?resize=1700%2C1700&#038;ssl=1\" alt=\"BLOG_JULIEN RAYNAUD_REMEMBER_3\" width=\"1700\" height=\"1700\" srcset=\"https:\/\/i0.wp.com\/www.joyana.fr\/wp-content\/uploads\/2016\/02\/BLOG_JULIEN-RAYNAUD_REMEMBER_31.jpg?w=1700&amp;ssl=1 1700w, https:\/\/i0.wp.com\/www.joyana.fr\/wp-content\/uploads\/2016\/02\/BLOG_JULIEN-RAYNAUD_REMEMBER_31.jpg?resize=300%2C300&amp;ssl=1 300w, https:\/\/i0.wp.com\/www.joyana.fr\/wp-content\/uploads\/2016\/02\/BLOG_JULIEN-RAYNAUD_REMEMBER_31.jpg?resize=100%2C100&amp;ssl=1 100w, https:\/\/i0.wp.com\/www.joyana.fr\/wp-content\/uploads\/2016\/02\/BLOG_JULIEN-RAYNAUD_REMEMBER_31.jpg?resize=600%2C600&amp;ssl=1 600w\" sizes=\"(max-width: 1000px) 100vw, 1000px\" \/><\/a><\/p>\n<p><a href=\"https:\/\/i0.wp.com\/joyana.fr\/wp-content\/uploads\/2016\/02\/BLOG_JULIEN-RAYNAUD_REMEMBER_5.jpg?ssl=1\"><img data-recalc-dims=\"1\" loading=\"lazy\" decoding=\"async\" data-attachment-id=\"122859\" data-permalink=\"https:\/\/www.joyana.fr\/ja\/julien-raynaud-x-jo-yana\/122853\/blog_julien-raynaud_remember_5\/\" data-orig-file=\"https:\/\/i0.wp.com\/www.joyana.fr\/wp-content\/uploads\/2016\/02\/BLOG_JULIEN-RAYNAUD_REMEMBER_5.jpg?fit=1700%2C1700&amp;ssl=1\" data-orig-size=\"1700,1700\" data-comments-opened=\"1\" data-image-meta=\"{&quot;aperture&quot;:&quot;0&quot;,&quot;credit&quot;:&quot;&quot;,&quot;camera&quot;:&quot;&quot;,&quot;caption&quot;:&quot;&quot;,&quot;created_timestamp&quot;:&quot;0&quot;,&quot;copyright&quot;:&quot;&quot;,&quot;focal_length&quot;:&quot;0&quot;,&quot;iso&quot;:&quot;0&quot;,&quot;shutter_speed&quot;:&quot;0&quot;,&quot;title&quot;:&quot;&quot;,&quot;orientation&quot;:&quot;1&quot;}\" data-image-title=\"BLOG_JULIEN RAYNAUD_REMEMBER_5\" data-image-description=\"\" data-image-caption=\"\" data-medium-file=\"https:\/\/i0.wp.com\/www.joyana.fr\/wp-content\/uploads\/2016\/02\/BLOG_JULIEN-RAYNAUD_REMEMBER_5.jpg?fit=389%2C389&amp;ssl=1\" data-large-file=\"https:\/\/i0.wp.com\/www.joyana.fr\/wp-content\/uploads\/2016\/02\/BLOG_JULIEN-RAYNAUD_REMEMBER_5.jpg?fit=1024%2C1024&amp;ssl=1\" class=\"alignnone size-full wp-image-122859\" src=\"https:\/\/i0.wp.com\/joyana.fr\/wp-content\/uploads\/2016\/02\/BLOG_JULIEN-RAYNAUD_REMEMBER_5.jpg?resize=1700%2C1700&#038;ssl=1\" alt=\"BLOG_JULIEN RAYNAUD_REMEMBER_5\" width=\"1700\" height=\"1700\" srcset=\"https:\/\/i0.wp.com\/www.joyana.fr\/wp-content\/uploads\/2016\/02\/BLOG_JULIEN-RAYNAUD_REMEMBER_5.jpg?w=1700&amp;ssl=1 1700w, https:\/\/i0.wp.com\/www.joyana.fr\/wp-content\/uploads\/2016\/02\/BLOG_JULIEN-RAYNAUD_REMEMBER_5.jpg?resize=300%2C300&amp;ssl=1 300w, https:\/\/i0.wp.com\/www.joyana.fr\/wp-content\/uploads\/2016\/02\/BLOG_JULIEN-RAYNAUD_REMEMBER_5.jpg?resize=100%2C100&amp;ssl=1 100w, https:\/\/i0.wp.com\/www.joyana.fr\/wp-content\/uploads\/2016\/02\/BLOG_JULIEN-RAYNAUD_REMEMBER_5.jpg?resize=600%2C600&amp;ssl=1 600w\" sizes=\"(max-width: 1000px) 100vw, 1000px\" \/><\/a><\/p>\n<p><a href=\"https:\/\/i0.wp.com\/joyana.fr\/wp-content\/uploads\/2016\/02\/BLOG_JULIEN-RAYNAUD_REMEMBER_8.jpg?ssl=1\"><img data-recalc-dims=\"1\" loading=\"lazy\" decoding=\"async\" data-attachment-id=\"122862\" data-permalink=\"https:\/\/www.joyana.fr\/ja\/julien-raynaud-x-jo-yana\/122853\/blog_julien-raynaud_remember_8\/\" data-orig-file=\"https:\/\/i0.wp.com\/www.joyana.fr\/wp-content\/uploads\/2016\/02\/BLOG_JULIEN-RAYNAUD_REMEMBER_8.jpg?fit=1700%2C1700&amp;ssl=1\" data-orig-size=\"1700,1700\" data-comments-opened=\"1\" data-image-meta=\"{&quot;aperture&quot;:&quot;0&quot;,&quot;credit&quot;:&quot;&quot;,&quot;camera&quot;:&quot;&quot;,&quot;caption&quot;:&quot;&quot;,&quot;created_timestamp&quot;:&quot;0&quot;,&quot;copyright&quot;:&quot;&quot;,&quot;focal_length&quot;:&quot;0&quot;,&quot;iso&quot;:&quot;0&quot;,&quot;shutter_speed&quot;:&quot;0&quot;,&quot;title&quot;:&quot;&quot;,&quot;orientation&quot;:&quot;1&quot;}\" data-image-title=\"BLOG_JULIEN RAYNAUD_REMEMBER_8\" data-image-description=\"\" data-image-caption=\"\" data-medium-file=\"https:\/\/i0.wp.com\/www.joyana.fr\/wp-content\/uploads\/2016\/02\/BLOG_JULIEN-RAYNAUD_REMEMBER_8.jpg?fit=389%2C389&amp;ssl=1\" data-large-file=\"https:\/\/i0.wp.com\/www.joyana.fr\/wp-content\/uploads\/2016\/02\/BLOG_JULIEN-RAYNAUD_REMEMBER_8.jpg?fit=1024%2C1024&amp;ssl=1\" class=\"alignnone size-full wp-image-122862\" src=\"https:\/\/i0.wp.com\/joyana.fr\/wp-content\/uploads\/2016\/02\/BLOG_JULIEN-RAYNAUD_REMEMBER_8.jpg?resize=1700%2C1700&#038;ssl=1\" alt=\"BLOG_JULIEN RAYNAUD_REMEMBER_8\" width=\"1700\" height=\"1700\" srcset=\"https:\/\/i0.wp.com\/www.joyana.fr\/wp-content\/uploads\/2016\/02\/BLOG_JULIEN-RAYNAUD_REMEMBER_8.jpg?w=1700&amp;ssl=1 1700w, https:\/\/i0.wp.com\/www.joyana.fr\/wp-content\/uploads\/2016\/02\/BLOG_JULIEN-RAYNAUD_REMEMBER_8.jpg?resize=300%2C300&amp;ssl=1 300w, https:\/\/i0.wp.com\/www.joyana.fr\/wp-content\/uploads\/2016\/02\/BLOG_JULIEN-RAYNAUD_REMEMBER_8.jpg?resize=100%2C100&amp;ssl=1 100w, https:\/\/i0.wp.com\/www.joyana.fr\/wp-content\/uploads\/2016\/02\/BLOG_JULIEN-RAYNAUD_REMEMBER_8.jpg?resize=600%2C600&amp;ssl=1 600w\" sizes=\"(max-width: 1000px) 100vw, 1000px\" \/><\/a><\/p>\n<p><a href=\"https:\/\/i0.wp.com\/joyana.fr\/wp-content\/uploads\/2016\/02\/BLOG_JULIEN-RAYNAUD_REMEMBER_4.jpg?ssl=1\"><img data-recalc-dims=\"1\" loading=\"lazy\" decoding=\"async\" data-attachment-id=\"122858\" data-permalink=\"https:\/\/www.joyana.fr\/ja\/julien-raynaud-x-jo-yana\/122853\/blog_julien-raynaud_remember_4\/\" data-orig-file=\"https:\/\/i0.wp.com\/www.joyana.fr\/wp-content\/uploads\/2016\/02\/BLOG_JULIEN-RAYNAUD_REMEMBER_4.jpg?fit=1700%2C1700&amp;ssl=1\" data-orig-size=\"1700,1700\" data-comments-opened=\"1\" data-image-meta=\"{&quot;aperture&quot;:&quot;0&quot;,&quot;credit&quot;:&quot;&quot;,&quot;camera&quot;:&quot;&quot;,&quot;caption&quot;:&quot;&quot;,&quot;created_timestamp&quot;:&quot;0&quot;,&quot;copyright&quot;:&quot;&quot;,&quot;focal_length&quot;:&quot;0&quot;,&quot;iso&quot;:&quot;0&quot;,&quot;shutter_speed&quot;:&quot;0&quot;,&quot;title&quot;:&quot;&quot;,&quot;orientation&quot;:&quot;1&quot;}\" data-image-title=\"BLOG_JULIEN RAYNAUD_REMEMBER_4\" data-image-description=\"\" data-image-caption=\"\" data-medium-file=\"https:\/\/i0.wp.com\/www.joyana.fr\/wp-content\/uploads\/2016\/02\/BLOG_JULIEN-RAYNAUD_REMEMBER_4.jpg?fit=389%2C389&amp;ssl=1\" data-large-file=\"https:\/\/i0.wp.com\/www.joyana.fr\/wp-content\/uploads\/2016\/02\/BLOG_JULIEN-RAYNAUD_REMEMBER_4.jpg?fit=1024%2C1024&amp;ssl=1\" class=\"alignnone wp-image-122858 size-full\" src=\"https:\/\/i0.wp.com\/joyana.fr\/wp-content\/uploads\/2016\/02\/BLOG_JULIEN-RAYNAUD_REMEMBER_4.jpg?resize=1700%2C1700&#038;ssl=1\" alt=\"BLOG_JULIEN RAYNAUD_REMEMBER_4\" width=\"1700\" height=\"1700\" srcset=\"https:\/\/i0.wp.com\/www.joyana.fr\/wp-content\/uploads\/2016\/02\/BLOG_JULIEN-RAYNAUD_REMEMBER_4.jpg?w=1700&amp;ssl=1 1700w, https:\/\/i0.wp.com\/www.joyana.fr\/wp-content\/uploads\/2016\/02\/BLOG_JULIEN-RAYNAUD_REMEMBER_4.jpg?resize=300%2C300&amp;ssl=1 300w, https:\/\/i0.wp.com\/www.joyana.fr\/wp-content\/uploads\/2016\/02\/BLOG_JULIEN-RAYNAUD_REMEMBER_4.jpg?resize=100%2C100&amp;ssl=1 100w, https:\/\/i0.wp.com\/www.joyana.fr\/wp-content\/uploads\/2016\/02\/BLOG_JULIEN-RAYNAUD_REMEMBER_4.jpg?resize=600%2C600&amp;ssl=1 600w\" sizes=\"(max-width: 1000px) 100vw, 1000px\" \/><\/a><\/p>\n<p><a href=\"https:\/\/i0.wp.com\/joyana.fr\/wp-content\/uploads\/2016\/02\/BLOG_JULIEN-RAYNAUD_REMEMBER_7.jpg?ssl=1\"><img data-recalc-dims=\"1\" loading=\"lazy\" decoding=\"async\" data-attachment-id=\"122861\" data-permalink=\"https:\/\/www.joyana.fr\/ja\/julien-raynaud-x-jo-yana\/122853\/blog_julien-raynaud_remember_7\/\" data-orig-file=\"https:\/\/i0.wp.com\/www.joyana.fr\/wp-content\/uploads\/2016\/02\/BLOG_JULIEN-RAYNAUD_REMEMBER_7.jpg?fit=1700%2C1700&amp;ssl=1\" data-orig-size=\"1700,1700\" data-comments-opened=\"1\" data-image-meta=\"{&quot;aperture&quot;:&quot;0&quot;,&quot;credit&quot;:&quot;&quot;,&quot;camera&quot;:&quot;&quot;,&quot;caption&quot;:&quot;&quot;,&quot;created_timestamp&quot;:&quot;0&quot;,&quot;copyright&quot;:&quot;&quot;,&quot;focal_length&quot;:&quot;0&quot;,&quot;iso&quot;:&quot;0&quot;,&quot;shutter_speed&quot;:&quot;0&quot;,&quot;title&quot;:&quot;&quot;,&quot;orientation&quot;:&quot;1&quot;}\" data-image-title=\"BLOG_JULIEN RAYNAUD_REMEMBER_7\" data-image-description=\"\" data-image-caption=\"\" data-medium-file=\"https:\/\/i0.wp.com\/www.joyana.fr\/wp-content\/uploads\/2016\/02\/BLOG_JULIEN-RAYNAUD_REMEMBER_7.jpg?fit=389%2C389&amp;ssl=1\" data-large-file=\"https:\/\/i0.wp.com\/www.joyana.fr\/wp-content\/uploads\/2016\/02\/BLOG_JULIEN-RAYNAUD_REMEMBER_7.jpg?fit=1024%2C1024&amp;ssl=1\" class=\"alignnone wp-image-122861 size-full\" src=\"https:\/\/i0.wp.com\/joyana.fr\/wp-content\/uploads\/2016\/02\/BLOG_JULIEN-RAYNAUD_REMEMBER_7.jpg?resize=1700%2C1700&#038;ssl=1\" alt=\"BLOG_JULIEN RAYNAUD_REMEMBER_7\" width=\"1700\" height=\"1700\" srcset=\"https:\/\/i0.wp.com\/www.joyana.fr\/wp-content\/uploads\/2016\/02\/BLOG_JULIEN-RAYNAUD_REMEMBER_7.jpg?w=1700&amp;ssl=1 1700w, https:\/\/i0.wp.com\/www.joyana.fr\/wp-content\/uploads\/2016\/02\/BLOG_JULIEN-RAYNAUD_REMEMBER_7.jpg?resize=300%2C300&amp;ssl=1 300w, https:\/\/i0.wp.com\/www.joyana.fr\/wp-content\/uploads\/2016\/02\/BLOG_JULIEN-RAYNAUD_REMEMBER_7.jpg?resize=100%2C100&amp;ssl=1 100w, https:\/\/i0.wp.com\/www.joyana.fr\/wp-content\/uploads\/2016\/02\/BLOG_JULIEN-RAYNAUD_REMEMBER_7.jpg?resize=600%2C600&amp;ssl=1 600w\" sizes=\"(max-width: 1000px) 100vw, 1000px\" \/><\/a><\/p>\n<h2 style=\"text-align: center;\"><span style=\"color: #ff99cc;\">\u2013 INTERVIEW JULIEN RAYNAUD \u2013\u00a0<\/span><\/h2>\n<p style=\"text-align: justify;\"><span style=\"color: #ff99cc;\">Jo Yana \u2013 Qu&#8217;est ce que le Beau pour toi ?<\/span><br \/>\nJulien Raynaud \u2013 Le beau c&#8217;est pour moi tout ce qui va r\u00e9ussir pendant un instant \u00e0 me faire oublier la r\u00e9alit\u00e9&#8230;<\/p>\n<p style=\"text-align: justify;\"><span style=\"color: #ff99cc;\">\u2013 Si je dis Beau dans un lieu dans le monde&#8230;<\/span> Les goudes, \u00e0 Marseille.<\/p>\n<p style=\"text-align: justify;\"><span style=\"color: #ff99cc;\">\u2013 Si je dis Beau et une marque de mode&#8230;<\/span> Mon dernier coup de coeur , la marque &#8220;<a href=\"http:\/\/www.reeljeane.com\" target=\"_blank\">Reel Jeane<\/a>&#8221; !<\/p>\n<p style=\"text-align: justify;\"><span style=\"color: #ff99cc;\">\u2013 Si je dis Beau et un meuble&#8230;<\/span> La table T06 de <a href=\"http:\/\/www.raboniakmobilierdesign.com\" target=\"_blank\">Raboniak<\/a>, Nous avons d\u2019ailleurs fait une collaboration il y\u2019a peu de temps, j\u2019ai customis\u00e9 une de leurs tables&#8230;<\/p>\n<p style=\"text-align: justify;\"><span style=\"color: #ff99cc;\">\u2013 Si je dis Beau et un Objet&#8230;<\/span> le Tabouret &#8220;<a href=\"https:\/\/joyana.fr\/henri-par-alexandre-reignier\/2368\/\" target=\"_blank\">Henri<\/a>&#8221; d&#8217;Alexandre Reignier.<\/p>\n<p style=\"text-align: justify;\"><span style=\"color: #ff99cc;\">\u2013 Si je dis beau et un album de musique&#8230;<\/span> Phil Weeks &#8220;Pimpin&#8217; Ain&#8217;t Easy&#8221;.<\/p>\n<p style=\"text-align: justify;\"><span style=\"color: #ff99cc;\">\u2013 Si je dis beau et un film&#8230;<\/span> Remember the Titans de Boaz Yakin, pour ses valeurs&#8230;<\/p>\n<p style=\"text-align: justify;\"><span style=\"color: #ff99cc;\">\u2013 Si je dis beau et un livre&#8230;<\/span> Les fleurs du mal de Baudelaire.<\/p>\n<p style=\"text-align: justify;\"><span style=\"color: #ff99cc;\">\u2013 Si je dis beau et une actuelle exposition d&#8217;art&#8230;<\/span> Tieri Trademark \u00e0 L&#8217;Appartement \u00e0 Marseille.<\/p>\n<p style=\"text-align: justify;\"><span style=\"color: #ff99cc;\">\u2013 Si je dis beau et un moment&#8230;<\/span> \u00c0 chaque fois que je me sens vivant&#8230;<\/p>\n<p><a href=\"https:\/\/i0.wp.com\/joyana.fr\/wp-content\/uploads\/2016\/02\/BLOG_JULIEN-RAYNAUD_REMEMBER_6.jpg?ssl=1\"><img data-recalc-dims=\"1\" loading=\"lazy\" decoding=\"async\" data-attachment-id=\"122860\" data-permalink=\"https:\/\/www.joyana.fr\/ja\/julien-raynaud-x-jo-yana\/122853\/blog_julien-raynaud_remember_6\/\" data-orig-file=\"https:\/\/i0.wp.com\/www.joyana.fr\/wp-content\/uploads\/2016\/02\/BLOG_JULIEN-RAYNAUD_REMEMBER_6.jpg?fit=1700%2C1700&amp;ssl=1\" data-orig-size=\"1700,1700\" data-comments-opened=\"1\" data-image-meta=\"{&quot;aperture&quot;:&quot;0&quot;,&quot;credit&quot;:&quot;&quot;,&quot;camera&quot;:&quot;&quot;,&quot;caption&quot;:&quot;&quot;,&quot;created_timestamp&quot;:&quot;0&quot;,&quot;copyright&quot;:&quot;&quot;,&quot;focal_length&quot;:&quot;0&quot;,&quot;iso&quot;:&quot;0&quot;,&quot;shutter_speed&quot;:&quot;0&quot;,&quot;title&quot;:&quot;&quot;,&quot;orientation&quot;:&quot;1&quot;}\" data-image-title=\"BLOG_JULIEN RAYNAUD_REMEMBER_6\" data-image-description=\"\" data-image-caption=\"\" data-medium-file=\"https:\/\/i0.wp.com\/www.joyana.fr\/wp-content\/uploads\/2016\/02\/BLOG_JULIEN-RAYNAUD_REMEMBER_6.jpg?fit=389%2C389&amp;ssl=1\" data-large-file=\"https:\/\/i0.wp.com\/www.joyana.fr\/wp-content\/uploads\/2016\/02\/BLOG_JULIEN-RAYNAUD_REMEMBER_6.jpg?fit=1024%2C1024&amp;ssl=1\" class=\"alignnone size-full wp-image-122860\" src=\"https:\/\/i0.wp.com\/joyana.fr\/wp-content\/uploads\/2016\/02\/BLOG_JULIEN-RAYNAUD_REMEMBER_6.jpg?resize=1700%2C1700&#038;ssl=1\" alt=\"BLOG_JULIEN RAYNAUD_REMEMBER_6\" width=\"1700\" height=\"1700\" srcset=\"https:\/\/i0.wp.com\/www.joyana.fr\/wp-content\/uploads\/2016\/02\/BLOG_JULIEN-RAYNAUD_REMEMBER_6.jpg?w=1700&amp;ssl=1 1700w, https:\/\/i0.wp.com\/www.joyana.fr\/wp-content\/uploads\/2016\/02\/BLOG_JULIEN-RAYNAUD_REMEMBER_6.jpg?resize=389%2C389&amp;ssl=1 389w, https:\/\/i0.wp.com\/www.joyana.fr\/wp-content\/uploads\/2016\/02\/BLOG_JULIEN-RAYNAUD_REMEMBER_6.jpg?resize=1024%2C1024&amp;ssl=1 1024w, https:\/\/i0.wp.com\/www.joyana.fr\/wp-content\/uploads\/2016\/02\/BLOG_JULIEN-RAYNAUD_REMEMBER_6.jpg?resize=150%2C150&amp;ssl=1 150w, https:\/\/i0.wp.com\/www.joyana.fr\/wp-content\/uploads\/2016\/02\/BLOG_JULIEN-RAYNAUD_REMEMBER_6.jpg?resize=768%2C768&amp;ssl=1 768w, https:\/\/i0.wp.com\/www.joyana.fr\/wp-content\/uploads\/2016\/02\/BLOG_JULIEN-RAYNAUD_REMEMBER_6.jpg?resize=1536%2C1536&amp;ssl=1 1536w, https:\/\/i0.wp.com\/www.joyana.fr\/wp-content\/uploads\/2016\/02\/BLOG_JULIEN-RAYNAUD_REMEMBER_6.jpg?resize=600%2C600&amp;ssl=1 600w, https:\/\/i0.wp.com\/www.joyana.fr\/wp-content\/uploads\/2016\/02\/BLOG_JULIEN-RAYNAUD_REMEMBER_6.jpg?resize=450%2C450&amp;ssl=1 450w, https:\/\/i0.wp.com\/www.joyana.fr\/wp-content\/uploads\/2016\/02\/BLOG_JULIEN-RAYNAUD_REMEMBER_6.jpg?resize=920%2C920&amp;ssl=1 920w, https:\/\/i0.wp.com\/www.joyana.fr\/wp-content\/uploads\/2016\/02\/BLOG_JULIEN-RAYNAUD_REMEMBER_6.jpg?resize=180%2C180&amp;ssl=1 180w, https:\/\/i0.wp.com\/www.joyana.fr\/wp-content\/uploads\/2016\/02\/BLOG_JULIEN-RAYNAUD_REMEMBER_6.jpg?resize=300%2C300&amp;ssl=1 300w, https:\/\/i0.wp.com\/www.joyana.fr\/wp-content\/uploads\/2016\/02\/BLOG_JULIEN-RAYNAUD_REMEMBER_6.jpg?resize=100%2C100&amp;ssl=1 100w\" sizes=\"(max-width: 1000px) 100vw, 1000px\" \/><\/a><\/p>\n<p style=\"text-align: center;\">En savoir + sur <strong><a href=\"http:\/\/julienraynaudart.com\" target=\"_blank\">Julien RAYNAUD<\/a><\/strong><\/p>\n","protected":false},"excerpt":{"rendered":"<p>Collaborer avec un artiste comme Julien Raynaud est un vrai privil\u00e8ge, mais lorsqu&#8217;en plus c&#8217;est u [&hellip;]<\/p>\n","protected":false},"author":3,"featured_media":122860,"comment_status":"open","ping_status":"open","sticky":false,"template":"","format":"standard","meta":{"_coblocks_attr":"","_coblocks_dimensions":"","_coblocks_responsive_height":"","_coblocks_accordion_ie_support":"","_uag_custom_page_level_css":"","advgb_blocks_editor_width":"","advgb_blocks_columns_visual_guide":"","_genesis_hide_title":false,"_genesis_hide_breadcrumbs":false,"_genesis_hide_singular_image":false,"_genesis_hide_footer_widgets":false,"_genesis_custom_body_class":"","_genesis_custom_post_class":"","_genesis_layout":"","_themeisle_gutenberg_block_has_review":false,"_jetpack_newsletter_access":"","_jetpack_dont_email_post_to_subs":false,"_jetpack_newsletter_tier_id":0,"_jetpack_memberships_contains_paywalled_content":false,"_jetpack_memberships_contains_paid_content":false,"footnotes":""},"categories":[80,905],"tags":[943,2189,24,2188,2138],"class_list":{"0":"post-122853","1":"post","2":"type-post","3":"status-publish","4":"format-standard","5":"has-post-thumbnail","7":"category-news","8":"category-deco-design","9":"tag-art-contemporain","10":"tag-atelier","11":"tag-jo-yana","12":"tag-julien-raynaud","13":"tag-visite-privee","14":"entry"},"featured_image_urls":{"full":["https:\/\/i0.wp.com\/www.joyana.fr\/wp-content\/uploads\/2016\/02\/BLOG_JULIEN-RAYNAUD_REMEMBER_6.jpg?fit=1700%2C1700&ssl=1",1700,1700,false],"thumbnail":["https:\/\/i0.wp.com\/www.joyana.fr\/wp-content\/uploads\/2016\/02\/BLOG_JULIEN-RAYNAUD_REMEMBER_6.jpg?resize=150%2C150&ssl=1",150,150,true],"medium":["https:\/\/i0.wp.com\/www.joyana.fr\/wp-content\/uploads\/2016\/02\/BLOG_JULIEN-RAYNAUD_REMEMBER_6.jpg?fit=389%2C389&ssl=1",389,389,true],"medium_large":["https:\/\/i0.wp.com\/www.joyana.fr\/wp-content\/uploads\/2016\/02\/BLOG_JULIEN-RAYNAUD_REMEMBER_6.jpg?fit=768%2C768&ssl=1",768,768,true],"large":["https:\/\/i0.wp.com\/www.joyana.fr\/wp-content\/uploads\/2016\/02\/BLOG_JULIEN-RAYNAUD_REMEMBER_6.jpg?fit=1024%2C1024&ssl=1",1024,1024,true],"1536x1536":["https:\/\/i0.wp.com\/www.joyana.fr\/wp-content\/uploads\/2016\/02\/BLOG_JULIEN-RAYNAUD_REMEMBER_6.jpg?fit=1536%2C1536&ssl=1",1536,1536,true],"2048x2048":["https:\/\/i0.wp.com\/www.joyana.fr\/wp-content\/uploads\/2016\/02\/BLOG_JULIEN-RAYNAUD_REMEMBER_6.jpg?fit=1700%2C1700&ssl=1",1700,1700,true],"featured-thumb":["https:\/\/i0.wp.com\/www.joyana.fr\/wp-content\/uploads\/2016\/02\/BLOG_JULIEN-RAYNAUD_REMEMBER_6.jpg?resize=1700%2C750&ssl=1",1700,750,true],"ab-block-post-grid-landscape":["https:\/\/i0.wp.com\/www.joyana.fr\/wp-content\/uploads\/2016\/02\/BLOG_JULIEN-RAYNAUD_REMEMBER_6.jpg?resize=600%2C400&ssl=1",600,400,true],"ab-block-post-grid-square":["https:\/\/i0.wp.com\/www.joyana.fr\/wp-content\/uploads\/2016\/02\/BLOG_JULIEN-RAYNAUD_REMEMBER_6.jpg?resize=600%2C600&ssl=1",600,600,true],"author-pro-image":["https:\/\/i0.wp.com\/www.joyana.fr\/wp-content\/uploads\/2016\/02\/BLOG_JULIEN-RAYNAUD_REMEMBER_6.jpg?resize=360%2C570&ssl=1",360,570,true],"slider":["https:\/\/i0.wp.com\/www.joyana.fr\/wp-content\/uploads\/2016\/02\/BLOG_JULIEN-RAYNAUD_REMEMBER_6.jpg?resize=920%2C400&ssl=1",920,400,true],"woocommerce_thumbnail":["https:\/\/i0.wp.com\/www.joyana.fr\/wp-content\/uploads\/2016\/02\/BLOG_JULIEN-RAYNAUD_REMEMBER_6.jpg?resize=450%2C450&ssl=1",450,450,true],"woocommerce_single":["https:\/\/i0.wp.com\/www.joyana.fr\/wp-content\/uploads\/2016\/02\/BLOG_JULIEN-RAYNAUD_REMEMBER_6.jpg?fit=920%2C920&ssl=1",920,920,true],"woocommerce_gallery_thumbnail":["https:\/\/i0.wp.com\/www.joyana.fr\/wp-content\/uploads\/2016\/02\/BLOG_JULIEN-RAYNAUD_REMEMBER_6.jpg?resize=180%2C180&ssl=1",180,180,true],"sow-carousel-default":["https:\/\/i0.wp.com\/www.joyana.fr\/wp-content\/uploads\/2016\/02\/BLOG_JULIEN-RAYNAUD_REMEMBER_6.jpg?resize=272%2C182&ssl=1",272,182,true]},"post_excerpt_stackable":"<p>Collaborer avec un artiste comme Julien Raynaud est un vrai privil\u00e8ge, mais lorsqu&#8217;en plus c&#038;#&hellip;<\/p>\n","category_list":"<a href=\"https:\/\/www.joyana.fr\/ja\/category\/blog\/news\/\" rel=\"category tag\">A LA UNE<\/a>, <a href=\"https:\/\/www.joyana.fr\/ja\/category\/deco-design\/\" rel=\"category tag\">DECO-DESIGN<\/a>","author_info":{"display_name":"Jo Yana","author_link":"https:\/\/www.joyana.fr\/ja\/author\/joyana\/"},"comments_num":"3 comments","featured_image_urls_v2":{"full":["https:\/\/i0.wp.com\/www.joyana.fr\/wp-content\/uploads\/2016\/02\/BLOG_JULIEN-RAYNAUD_REMEMBER_6.jpg?fit=1700%2C1700&ssl=1",1700,1700,false],"thumbnail":["https:\/\/i0.wp.com\/www.joyana.fr\/wp-content\/uploads\/2016\/02\/BLOG_JULIEN-RAYNAUD_REMEMBER_6.jpg?resize=150%2C150&ssl=1",150,150,true],"medium":["https:\/\/i0.wp.com\/www.joyana.fr\/wp-content\/uploads\/2016\/02\/BLOG_JULIEN-RAYNAUD_REMEMBER_6.jpg?fit=389%2C389&ssl=1",389,389,true],"medium_large":["https:\/\/i0.wp.com\/www.joyana.fr\/wp-content\/uploads\/2016\/02\/BLOG_JULIEN-RAYNAUD_REMEMBER_6.jpg?fit=768%2C768&ssl=1",768,768,true],"large":["https:\/\/i0.wp.com\/www.joyana.fr\/wp-content\/uploads\/2016\/02\/BLOG_JULIEN-RAYNAUD_REMEMBER_6.jpg?fit=1024%2C1024&ssl=1",1024,1024,true],"1536x1536":["https:\/\/i0.wp.com\/www.joyana.fr\/wp-content\/uploads\/2016\/02\/BLOG_JULIEN-RAYNAUD_REMEMBER_6.jpg?fit=1536%2C1536&ssl=1",1536,1536,true],"2048x2048":["https:\/\/i0.wp.com\/www.joyana.fr\/wp-content\/uploads\/2016\/02\/BLOG_JULIEN-RAYNAUD_REMEMBER_6.jpg?fit=1700%2C1700&ssl=1",1700,1700,true],"featured-thumb":["https:\/\/i0.wp.com\/www.joyana.fr\/wp-content\/uploads\/2016\/02\/BLOG_JULIEN-RAYNAUD_REMEMBER_6.jpg?resize=1700%2C750&ssl=1",1700,750,true],"ab-block-post-grid-landscape":["https:\/\/i0.wp.com\/www.joyana.fr\/wp-content\/uploads\/2016\/02\/BLOG_JULIEN-RAYNAUD_REMEMBER_6.jpg?resize=600%2C400&ssl=1",600,400,true],"ab-block-post-grid-square":["https:\/\/i0.wp.com\/www.joyana.fr\/wp-content\/uploads\/2016\/02\/BLOG_JULIEN-RAYNAUD_REMEMBER_6.jpg?resize=600%2C600&ssl=1",600,600,true],"author-pro-image":["https:\/\/i0.wp.com\/www.joyana.fr\/wp-content\/uploads\/2016\/02\/BLOG_JULIEN-RAYNAUD_REMEMBER_6.jpg?resize=360%2C570&ssl=1",360,570,true],"slider":["https:\/\/i0.wp.com\/www.joyana.fr\/wp-content\/uploads\/2016\/02\/BLOG_JULIEN-RAYNAUD_REMEMBER_6.jpg?resize=920%2C400&ssl=1",920,400,true],"woocommerce_thumbnail":["https:\/\/i0.wp.com\/www.joyana.fr\/wp-content\/uploads\/2016\/02\/BLOG_JULIEN-RAYNAUD_REMEMBER_6.jpg?resize=450%2C450&ssl=1",450,450,true],"woocommerce_single":["https:\/\/i0.wp.com\/www.joyana.fr\/wp-content\/uploads\/2016\/02\/BLOG_JULIEN-RAYNAUD_REMEMBER_6.jpg?fit=920%2C920&ssl=1",920,920,true],"woocommerce_gallery_thumbnail":["https:\/\/i0.wp.com\/www.joyana.fr\/wp-content\/uploads\/2016\/02\/BLOG_JULIEN-RAYNAUD_REMEMBER_6.jpg?resize=180%2C180&ssl=1",180,180,true],"sow-carousel-default":["https:\/\/i0.wp.com\/www.joyana.fr\/wp-content\/uploads\/2016\/02\/BLOG_JULIEN-RAYNAUD_REMEMBER_6.jpg?resize=272%2C182&ssl=1",272,182,true]},"post_excerpt_stackable_v2":"<p>Collaborer avec un artiste comme Julien Raynaud est un vrai privil\u00e8ge, mais lorsqu&#8217;en plus c&#038;#&hellip;<\/p>\n","category_list_v2":"<a href=\"https:\/\/www.joyana.fr\/ja\/category\/blog\/news\/\" rel=\"category tag\">A LA UNE<\/a>, <a href=\"https:\/\/www.joyana.fr\/ja\/category\/deco-design\/\" rel=\"category tag\">DECO-DESIGN<\/a>","author_info_v2":{"name":"Jo Yana","url":"https:\/\/www.joyana.fr\/ja\/author\/joyana\/"},"comments_num_v2":"3 comments","yoast_head":"<!-- This site is optimized with the Yoast SEO plugin v26.8 - https:\/\/yoast.com\/product\/yoast-seo-wordpress\/ -->\n<title>JULIEN RAYNAUD x JO YANA | Blog Art Contemporain<\/title>\n<meta name=\"description\" content=\"Collaborer avec un artiste comme\u00a0Julien Raynaud\u00a0est un vrai privil\u00e8ge, mais lorsqu&#039;en plus c&#039;est un ami le plaisir est d\u00e9cupl\u00e9...\" \/>\n<meta name=\"robots\" content=\"index, follow, max-snippet:-1, max-image-preview:large, max-video-preview:-1\" \/>\n<link rel=\"canonical\" href=\"https:\/\/www.joyana.fr\/ja\/julien-raynaud-x-jo-yana\/122853\/\" \/>\n<meta property=\"og:locale\" content=\"ja_JP\" \/>\n<meta property=\"og:locale:alternate\" content=\"fr_FR\" \/>\n<meta property=\"og:locale:alternate\" content=\"en_US\" \/>\n<meta property=\"og:type\" content=\"article\" \/>\n<meta property=\"og:title\" content=\"JULIEN RAYNAUD x JO YANA | Blog Art Contemporain\" \/>\n<meta property=\"og:description\" content=\"Collaborer avec un artiste comme\u00a0Julien Raynaud\u00a0est un vrai privil\u00e8ge, mais lorsqu&#039;en plus c&#039;est un ami le plaisir est d\u00e9cupl\u00e9...\" \/>\n<meta property=\"og:url\" content=\"https:\/\/www.joyana.fr\/ja\/julien-raynaud-x-jo-yana\/122853\/\" \/>\n<meta property=\"og:site_name\" content=\"JO YANA\" \/>\n<meta property=\"article:published_time\" content=\"2016-02-05T18:16:08+00:00\" \/>\n<meta property=\"article:modified_time\" content=\"2016-02-11T18:15:36+00:00\" \/>\n<meta property=\"og:image\" content=\"https:\/\/www.joyana.fr\/wp-content\/uploads\/2016\/02\/BLOG_JULIEN-RAYNAUD-x-JO-YANA_2_C.jpg\" \/>\n\t<meta property=\"og:image:width\" content=\"1700\" \/>\n\t<meta property=\"og:image:height\" content=\"1700\" \/>\n\t<meta property=\"og:image:type\" content=\"image\/jpeg\" \/>\n<meta name=\"author\" content=\"Jo Yana\" \/>\n<meta name=\"twitter:card\" content=\"summary_large_image\" \/>\n<meta name=\"twitter:creator\" content=\"@Jo_Yana\" \/>\n<meta name=\"twitter:site\" content=\"@Jo_Yana\" \/>\n<meta name=\"twitter:label1\" content=\"\u57f7\u7b46\u8005\" \/>\n\t<meta name=\"twitter:data1\" content=\"Jo Yana\" \/>\n\t<meta name=\"twitter:label2\" content=\"\u63a8\u5b9a\u8aad\u307f\u53d6\u308a\u6642\u9593\" \/>\n\t<meta name=\"twitter:data2\" content=\"2\u5206\" \/>\n<script type=\"application\/ld+json\" class=\"yoast-schema-graph\">{\"@context\":\"https:\/\/schema.org\",\"@graph\":[{\"@type\":\"Article\",\"@id\":\"https:\/\/www.joyana.fr\/julien-raynaud-x-jo-yana\/122853\/#article\",\"isPartOf\":{\"@id\":\"https:\/\/www.joyana.fr\/julien-raynaud-x-jo-yana\/122853\/\"},\"author\":{\"name\":\"Jo Yana\",\"@id\":\"https:\/\/joyana.fr\/en\/#\/schema\/person\/cf2a1ad12a27c12c21801075bf37407c\"},\"headline\":\"JULIEN RAYNAUD x JO YANA\",\"datePublished\":\"2016-02-05T18:16:08+00:00\",\"dateModified\":\"2016-02-11T18:15:36+00:00\",\"mainEntityOfPage\":{\"@id\":\"https:\/\/www.joyana.fr\/julien-raynaud-x-jo-yana\/122853\/\"},\"wordCount\":479,\"commentCount\":1,\"publisher\":{\"@id\":\"https:\/\/joyana.fr\/en\/#\/schema\/person\/cf2a1ad12a27c12c21801075bf37407c\"},\"image\":{\"@id\":\"https:\/\/www.joyana.fr\/julien-raynaud-x-jo-yana\/122853\/#primaryimage\"},\"thumbnailUrl\":\"https:\/\/i0.wp.com\/www.joyana.fr\/wp-content\/uploads\/2016\/02\/BLOG_JULIEN-RAYNAUD_REMEMBER_6.jpg?fit=1700%2C1700&ssl=1\",\"keywords\":[\"Art Contemporain\",\"Atelier\",\"Jo Yana\",\"Julien RAYNAUD\",\"Visite Priv\u00e9e\"],\"articleSection\":[\"A LA UNE\",\"DECO-DESIGN\"],\"inLanguage\":\"ja\",\"potentialAction\":[{\"@type\":\"CommentAction\",\"name\":\"Comment\",\"target\":[\"https:\/\/www.joyana.fr\/julien-raynaud-x-jo-yana\/122853\/#respond\"]}]},{\"@type\":\"WebPage\",\"@id\":\"https:\/\/www.joyana.fr\/julien-raynaud-x-jo-yana\/122853\/\",\"url\":\"https:\/\/www.joyana.fr\/julien-raynaud-x-jo-yana\/122853\/\",\"name\":\"JULIEN RAYNAUD x JO YANA | Blog Art Contemporain\",\"isPartOf\":{\"@id\":\"https:\/\/joyana.fr\/en\/#website\"},\"primaryImageOfPage\":{\"@id\":\"https:\/\/www.joyana.fr\/julien-raynaud-x-jo-yana\/122853\/#primaryimage\"},\"image\":{\"@id\":\"https:\/\/www.joyana.fr\/julien-raynaud-x-jo-yana\/122853\/#primaryimage\"},\"thumbnailUrl\":\"https:\/\/i0.wp.com\/www.joyana.fr\/wp-content\/uploads\/2016\/02\/BLOG_JULIEN-RAYNAUD_REMEMBER_6.jpg?fit=1700%2C1700&ssl=1\",\"datePublished\":\"2016-02-05T18:16:08+00:00\",\"dateModified\":\"2016-02-11T18:15:36+00:00\",\"description\":\"Collaborer avec un artiste comme\u00a0Julien Raynaud\u00a0est un vrai privil\u00e8ge, mais lorsqu'en plus c'est un ami le plaisir est d\u00e9cupl\u00e9...\",\"breadcrumb\":{\"@id\":\"https:\/\/www.joyana.fr\/julien-raynaud-x-jo-yana\/122853\/#breadcrumb\"},\"inLanguage\":\"ja\",\"potentialAction\":[{\"@type\":\"ReadAction\",\"target\":[\"https:\/\/www.joyana.fr\/julien-raynaud-x-jo-yana\/122853\/\"]}]},{\"@type\":\"ImageObject\",\"inLanguage\":\"ja\",\"@id\":\"https:\/\/www.joyana.fr\/julien-raynaud-x-jo-yana\/122853\/#primaryimage\",\"url\":\"https:\/\/i0.wp.com\/www.joyana.fr\/wp-content\/uploads\/2016\/02\/BLOG_JULIEN-RAYNAUD_REMEMBER_6.jpg?fit=1700%2C1700&ssl=1\",\"contentUrl\":\"https:\/\/i0.wp.com\/www.joyana.fr\/wp-content\/uploads\/2016\/02\/BLOG_JULIEN-RAYNAUD_REMEMBER_6.jpg?fit=1700%2C1700&ssl=1\",\"width\":1700,\"height\":1700},{\"@type\":\"BreadcrumbList\",\"@id\":\"https:\/\/www.joyana.fr\/julien-raynaud-x-jo-yana\/122853\/#breadcrumb\",\"itemListElement\":[{\"@type\":\"ListItem\",\"position\":1,\"name\":\"Accueil\",\"item\":\"https:\/\/joyana.fr\/en\/\"},{\"@type\":\"ListItem\",\"position\":2,\"name\":\"JULIEN RAYNAUD x JO YANA\"}]},{\"@type\":\"WebSite\",\"@id\":\"https:\/\/joyana.fr\/en\/#website\",\"url\":\"https:\/\/joyana.fr\/en\/\",\"name\":\"JO YANA\",\"description\":\"Blog Mode Homme, Lifestyle, D\u00e9co-Design\",\"publisher\":{\"@id\":\"https:\/\/joyana.fr\/en\/#\/schema\/person\/cf2a1ad12a27c12c21801075bf37407c\"},\"potentialAction\":[{\"@type\":\"SearchAction\",\"target\":{\"@type\":\"EntryPoint\",\"urlTemplate\":\"https:\/\/joyana.fr\/en\/?s={search_term_string}\"},\"query-input\":{\"@type\":\"PropertyValueSpecification\",\"valueRequired\":true,\"valueName\":\"search_term_string\"}}],\"inLanguage\":\"ja\"},{\"@type\":[\"Person\",\"Organization\"],\"@id\":\"https:\/\/joyana.fr\/en\/#\/schema\/person\/cf2a1ad12a27c12c21801075bf37407c\",\"name\":\"Jo Yana\",\"image\":{\"@type\":\"ImageObject\",\"inLanguage\":\"ja\",\"@id\":\"https:\/\/joyana.fr\/en\/#\/schema\/person\/image\/\",\"url\":\"https:\/\/i0.wp.com\/www.joyana.fr\/wp-content\/uploads\/2016\/08\/cropped-joyana-logo-black-360x180.png?fit=343%2C164&ssl=1\",\"contentUrl\":\"https:\/\/i0.wp.com\/www.joyana.fr\/wp-content\/uploads\/2016\/08\/cropped-joyana-logo-black-360x180.png?fit=343%2C164&ssl=1\",\"width\":343,\"height\":164,\"caption\":\"Jo Yana\"},\"logo\":{\"@id\":\"https:\/\/joyana.fr\/en\/#\/schema\/person\/image\/\"},\"description\":\"Jo Yana est le cr\u00e9ateur et r\u00e9dacteur en chef des sites DECO-DESIGN. Passionn\u00e9 de Design, Mode, Photo, Luxe, Lifestyle, Musique, mais avant tout Blogueur ! Le plaisir de partager l'anime et a comme devise \\\"POUR L'AMOUR DU BEAU\\\". Retrouvez le aussi sur son blog personnel - https:\/\/joyana.fr...\",\"sameAs\":[\"https:\/\/joyana.fr\/\"],\"url\":\"https:\/\/www.joyana.fr\/ja\/author\/joyana\/\"}]}<\/script>\n<!-- \/ Yoast SEO plugin. -->","yoast_head_json":{"title":"JULIEN RAYNAUD x JO YANA | Blog Art Contemporain","description":"Collaborer avec un artiste comme\u00a0Julien Raynaud\u00a0est un vrai privil\u00e8ge, mais lorsqu'en plus c'est un ami le plaisir est d\u00e9cupl\u00e9...","robots":{"index":"index","follow":"follow","max-snippet":"max-snippet:-1","max-image-preview":"max-image-preview:large","max-video-preview":"max-video-preview:-1"},"canonical":"https:\/\/www.joyana.fr\/ja\/julien-raynaud-x-jo-yana\/122853\/","og_locale":"ja_JP","og_type":"article","og_title":"JULIEN RAYNAUD x JO YANA | Blog Art Contemporain","og_description":"Collaborer avec un artiste comme\u00a0Julien Raynaud\u00a0est un vrai privil\u00e8ge, mais lorsqu'en plus c'est un ami le plaisir est d\u00e9cupl\u00e9...","og_url":"https:\/\/www.joyana.fr\/ja\/julien-raynaud-x-jo-yana\/122853\/","og_site_name":"JO YANA","article_published_time":"2016-02-05T18:16:08+00:00","article_modified_time":"2016-02-11T18:15:36+00:00","og_image":[{"width":1700,"height":1700,"url":"https:\/\/www.joyana.fr\/wp-content\/uploads\/2016\/02\/BLOG_JULIEN-RAYNAUD-x-JO-YANA_2_C.jpg","type":"image\/jpeg"}],"author":"Jo Yana","twitter_card":"summary_large_image","twitter_creator":"@Jo_Yana","twitter_site":"@Jo_Yana","twitter_misc":{"\u57f7\u7b46\u8005":"Jo Yana","\u63a8\u5b9a\u8aad\u307f\u53d6\u308a\u6642\u9593":"2\u5206"},"schema":{"@context":"https:\/\/schema.org","@graph":[{"@type":"Article","@id":"https:\/\/www.joyana.fr\/julien-raynaud-x-jo-yana\/122853\/#article","isPartOf":{"@id":"https:\/\/www.joyana.fr\/julien-raynaud-x-jo-yana\/122853\/"},"author":{"name":"Jo Yana","@id":"https:\/\/joyana.fr\/en\/#\/schema\/person\/cf2a1ad12a27c12c21801075bf37407c"},"headline":"JULIEN RAYNAUD x JO YANA","datePublished":"2016-02-05T18:16:08+00:00","dateModified":"2016-02-11T18:15:36+00:00","mainEntityOfPage":{"@id":"https:\/\/www.joyana.fr\/julien-raynaud-x-jo-yana\/122853\/"},"wordCount":479,"commentCount":1,"publisher":{"@id":"https:\/\/joyana.fr\/en\/#\/schema\/person\/cf2a1ad12a27c12c21801075bf37407c"},"image":{"@id":"https:\/\/www.joyana.fr\/julien-raynaud-x-jo-yana\/122853\/#primaryimage"},"thumbnailUrl":"https:\/\/i0.wp.com\/www.joyana.fr\/wp-content\/uploads\/2016\/02\/BLOG_JULIEN-RAYNAUD_REMEMBER_6.jpg?fit=1700%2C1700&ssl=1","keywords":["Art Contemporain","Atelier","Jo Yana","Julien RAYNAUD","Visite Priv\u00e9e"],"articleSection":["A LA UNE","DECO-DESIGN"],"inLanguage":"ja","potentialAction":[{"@type":"CommentAction","name":"Comment","target":["https:\/\/www.joyana.fr\/julien-raynaud-x-jo-yana\/122853\/#respond"]}]},{"@type":"WebPage","@id":"https:\/\/www.joyana.fr\/julien-raynaud-x-jo-yana\/122853\/","url":"https:\/\/www.joyana.fr\/julien-raynaud-x-jo-yana\/122853\/","name":"JULIEN RAYNAUD x JO YANA | Blog Art Contemporain","isPartOf":{"@id":"https:\/\/joyana.fr\/en\/#website"},"primaryImageOfPage":{"@id":"https:\/\/www.joyana.fr\/julien-raynaud-x-jo-yana\/122853\/#primaryimage"},"image":{"@id":"https:\/\/www.joyana.fr\/julien-raynaud-x-jo-yana\/122853\/#primaryimage"},"thumbnailUrl":"https:\/\/i0.wp.com\/www.joyana.fr\/wp-content\/uploads\/2016\/02\/BLOG_JULIEN-RAYNAUD_REMEMBER_6.jpg?fit=1700%2C1700&ssl=1","datePublished":"2016-02-05T18:16:08+00:00","dateModified":"2016-02-11T18:15:36+00:00","description":"Collaborer avec un artiste comme\u00a0Julien Raynaud\u00a0est un vrai privil\u00e8ge, mais lorsqu'en plus c'est un ami le plaisir est d\u00e9cupl\u00e9...","breadcrumb":{"@id":"https:\/\/www.joyana.fr\/julien-raynaud-x-jo-yana\/122853\/#breadcrumb"},"inLanguage":"ja","potentialAction":[{"@type":"ReadAction","target":["https:\/\/www.joyana.fr\/julien-raynaud-x-jo-yana\/122853\/"]}]},{"@type":"ImageObject","inLanguage":"ja","@id":"https:\/\/www.joyana.fr\/julien-raynaud-x-jo-yana\/122853\/#primaryimage","url":"https:\/\/i0.wp.com\/www.joyana.fr\/wp-content\/uploads\/2016\/02\/BLOG_JULIEN-RAYNAUD_REMEMBER_6.jpg?fit=1700%2C1700&ssl=1","contentUrl":"https:\/\/i0.wp.com\/www.joyana.fr\/wp-content\/uploads\/2016\/02\/BLOG_JULIEN-RAYNAUD_REMEMBER_6.jpg?fit=1700%2C1700&ssl=1","width":1700,"height":1700},{"@type":"BreadcrumbList","@id":"https:\/\/www.joyana.fr\/julien-raynaud-x-jo-yana\/122853\/#breadcrumb","itemListElement":[{"@type":"ListItem","position":1,"name":"Accueil","item":"https:\/\/joyana.fr\/en\/"},{"@type":"ListItem","position":2,"name":"JULIEN RAYNAUD x JO YANA"}]},{"@type":"WebSite","@id":"https:\/\/joyana.fr\/en\/#website","url":"https:\/\/joyana.fr\/en\/","name":"JO YANA","description":"Blog Mode Homme, Lifestyle, D\u00e9co-Design","publisher":{"@id":"https:\/\/joyana.fr\/en\/#\/schema\/person\/cf2a1ad12a27c12c21801075bf37407c"},"potentialAction":[{"@type":"SearchAction","target":{"@type":"EntryPoint","urlTemplate":"https:\/\/joyana.fr\/en\/?s={search_term_string}"},"query-input":{"@type":"PropertyValueSpecification","valueRequired":true,"valueName":"search_term_string"}}],"inLanguage":"ja"},{"@type":["Person","Organization"],"@id":"https:\/\/joyana.fr\/en\/#\/schema\/person\/cf2a1ad12a27c12c21801075bf37407c","name":"Jo Yana","image":{"@type":"ImageObject","inLanguage":"ja","@id":"https:\/\/joyana.fr\/en\/#\/schema\/person\/image\/","url":"https:\/\/i0.wp.com\/www.joyana.fr\/wp-content\/uploads\/2016\/08\/cropped-joyana-logo-black-360x180.png?fit=343%2C164&ssl=1","contentUrl":"https:\/\/i0.wp.com\/www.joyana.fr\/wp-content\/uploads\/2016\/08\/cropped-joyana-logo-black-360x180.png?fit=343%2C164&ssl=1","width":343,"height":164,"caption":"Jo Yana"},"logo":{"@id":"https:\/\/joyana.fr\/en\/#\/schema\/person\/image\/"},"description":"Jo Yana est le cr\u00e9ateur et r\u00e9dacteur en chef des sites DECO-DESIGN. Passionn\u00e9 de Design, Mode, Photo, Luxe, Lifestyle, Musique, mais avant tout Blogueur ! Le plaisir de partager l'anime et a comme devise \"POUR L'AMOUR DU BEAU\". Retrouvez le aussi sur son blog personnel - https:\/\/joyana.fr...","sameAs":["https:\/\/joyana.fr\/"],"url":"https:\/\/www.joyana.fr\/ja\/author\/joyana\/"}]}},"author_meta":{"display_name":"Jo Yana","author_link":"https:\/\/www.joyana.fr\/ja\/author\/joyana\/"},"featured_img":"https:\/\/i0.wp.com\/www.joyana.fr\/wp-content\/uploads\/2016\/02\/BLOG_JULIEN-RAYNAUD_REMEMBER_6.jpg?fit=389%2C389&ssl=1","featured_image_src":"https:\/\/i0.wp.com\/www.joyana.fr\/wp-content\/uploads\/2016\/02\/BLOG_JULIEN-RAYNAUD_REMEMBER_6.jpg?resize=600%2C400&ssl=1","featured_image_src_square":"https:\/\/i0.wp.com\/www.joyana.fr\/wp-content\/uploads\/2016\/02\/BLOG_JULIEN-RAYNAUD_REMEMBER_6.jpg?resize=600%2C600&ssl=1","jetpack_featured_media_url":"https:\/\/i0.wp.com\/www.joyana.fr\/wp-content\/uploads\/2016\/02\/BLOG_JULIEN-RAYNAUD_REMEMBER_6.jpg?fit=1700%2C1700&ssl=1","uagb_featured_image_src":{"full":["https:\/\/i0.wp.com\/www.joyana.fr\/wp-content\/uploads\/2016\/02\/BLOG_JULIEN-RAYNAUD_REMEMBER_6.jpg?fit=1700%2C1700&ssl=1",1700,1700,false],"thumbnail":["https:\/\/i0.wp.com\/www.joyana.fr\/wp-content\/uploads\/2016\/02\/BLOG_JULIEN-RAYNAUD_REMEMBER_6.jpg?resize=150%2C150&ssl=1",150,150,true],"medium":["https:\/\/i0.wp.com\/www.joyana.fr\/wp-content\/uploads\/2016\/02\/BLOG_JULIEN-RAYNAUD_REMEMBER_6.jpg?fit=389%2C389&ssl=1",389,389,true],"medium_large":["https:\/\/i0.wp.com\/www.joyana.fr\/wp-content\/uploads\/2016\/02\/BLOG_JULIEN-RAYNAUD_REMEMBER_6.jpg?fit=768%2C768&ssl=1",768,768,true],"large":["https:\/\/i0.wp.com\/www.joyana.fr\/wp-content\/uploads\/2016\/02\/BLOG_JULIEN-RAYNAUD_REMEMBER_6.jpg?fit=1024%2C1024&ssl=1",1024,1024,true],"1536x1536":["https:\/\/i0.wp.com\/www.joyana.fr\/wp-content\/uploads\/2016\/02\/BLOG_JULIEN-RAYNAUD_REMEMBER_6.jpg?fit=1536%2C1536&ssl=1",1536,1536,true],"2048x2048":["https:\/\/i0.wp.com\/www.joyana.fr\/wp-content\/uploads\/2016\/02\/BLOG_JULIEN-RAYNAUD_REMEMBER_6.jpg?fit=1700%2C1700&ssl=1",1700,1700,true],"featured-thumb":["https:\/\/i0.wp.com\/www.joyana.fr\/wp-content\/uploads\/2016\/02\/BLOG_JULIEN-RAYNAUD_REMEMBER_6.jpg?resize=1700%2C750&ssl=1",1700,750,true],"ab-block-post-grid-landscape":["https:\/\/i0.wp.com\/www.joyana.fr\/wp-content\/uploads\/2016\/02\/BLOG_JULIEN-RAYNAUD_REMEMBER_6.jpg?resize=600%2C400&ssl=1",600,400,true],"ab-block-post-grid-square":["https:\/\/i0.wp.com\/www.joyana.fr\/wp-content\/uploads\/2016\/02\/BLOG_JULIEN-RAYNAUD_REMEMBER_6.jpg?resize=600%2C600&ssl=1",600,600,true],"author-pro-image":["https:\/\/i0.wp.com\/www.joyana.fr\/wp-content\/uploads\/2016\/02\/BLOG_JULIEN-RAYNAUD_REMEMBER_6.jpg?resize=360%2C570&ssl=1",360,570,true],"slider":["https:\/\/i0.wp.com\/www.joyana.fr\/wp-content\/uploads\/2016\/02\/BLOG_JULIEN-RAYNAUD_REMEMBER_6.jpg?resize=920%2C400&ssl=1",920,400,true],"woocommerce_thumbnail":["https:\/\/i0.wp.com\/www.joyana.fr\/wp-content\/uploads\/2016\/02\/BLOG_JULIEN-RAYNAUD_REMEMBER_6.jpg?resize=450%2C450&ssl=1",450,450,true],"woocommerce_single":["https:\/\/i0.wp.com\/www.joyana.fr\/wp-content\/uploads\/2016\/02\/BLOG_JULIEN-RAYNAUD_REMEMBER_6.jpg?fit=920%2C920&ssl=1",920,920,true],"woocommerce_gallery_thumbnail":["https:\/\/i0.wp.com\/www.joyana.fr\/wp-content\/uploads\/2016\/02\/BLOG_JULIEN-RAYNAUD_REMEMBER_6.jpg?resize=180%2C180&ssl=1",180,180,true],"sow-carousel-default":["https:\/\/i0.wp.com\/www.joyana.fr\/wp-content\/uploads\/2016\/02\/BLOG_JULIEN-RAYNAUD_REMEMBER_6.jpg?resize=272%2C182&ssl=1",272,182,true]},"uagb_author_info":{"display_name":"Jo Yana","author_link":"https:\/\/www.joyana.fr\/ja\/author\/joyana\/"},"uagb_comment_info":7,"uagb_excerpt":"Collaborer avec un artiste comme Julien Raynaud est un &hellip;","coauthors":[],"tax_additional":{"categories":{"linked":["<a href=\"https:\/\/www.joyana.fr\/ja\/category\/blog\/news\/\" class=\"advgb-post-tax-term\">A LA UNE<\/a>","<a href=\"https:\/\/www.joyana.fr\/ja\/category\/deco-design\/\" class=\"advgb-post-tax-term\">DECO-DESIGN<\/a>"],"unlinked":["<span class=\"advgb-post-tax-term\">A LA UNE<\/span>","<span class=\"advgb-post-tax-term\">DECO-DESIGN<\/span>"]},"tags":{"linked":["<a href=\"https:\/\/www.joyana.fr\/ja\/category\/deco-design\/\" class=\"advgb-post-tax-term\">Art Contemporain<\/a>","<a href=\"https:\/\/www.joyana.fr\/ja\/category\/deco-design\/\" class=\"advgb-post-tax-term\">Atelier<\/a>","<a href=\"https:\/\/www.joyana.fr\/ja\/category\/deco-design\/\" class=\"advgb-post-tax-term\">Jo Yana<\/a>","<a href=\"https:\/\/www.joyana.fr\/ja\/category\/deco-design\/\" class=\"advgb-post-tax-term\">Julien RAYNAUD<\/a>","<a href=\"https:\/\/www.joyana.fr\/ja\/category\/deco-design\/\" class=\"advgb-post-tax-term\">Visite Priv\u00e9e<\/a>"],"unlinked":["<span class=\"advgb-post-tax-term\">Art Contemporain<\/span>","<span class=\"advgb-post-tax-term\">Atelier<\/span>","<span class=\"advgb-post-tax-term\">Jo Yana<\/span>","<span class=\"advgb-post-tax-term\">Julien RAYNAUD<\/span>","<span class=\"advgb-post-tax-term\">Visite Priv\u00e9e<\/span>"]}},"comment_count":3,"relative_dates":{"created":"Posted 10\u5e74 ago","modified":"Updated 10\u5e74 ago"},"absolute_dates":{"created":"Posted on 5 2\u6708 2016","modified":"Updated on 11 2\u6708 2016"},"absolute_dates_time":{"created":"Posted on 5 2\u6708 2016 19:16","modified":"Updated on 11 2\u6708 2016 19:15"},"featured_img_caption":"","series_order":"","jetpack_sharing_enabled":true,"jetpack_shortlink":"https:\/\/wp.me\/p9bteI-vXv","jetpack-related-posts":[],"_links":{"self":[{"href":"https:\/\/www.joyana.fr\/ja\/wp-json\/wp\/v2\/posts\/122853","targetHints":{"allow":["GET"]}}],"collection":[{"href":"https:\/\/www.joyana.fr\/ja\/wp-json\/wp\/v2\/posts"}],"about":[{"href":"https:\/\/www.joyana.fr\/ja\/wp-json\/wp\/v2\/types\/post"}],"author":[{"embeddable":true,"href":"https:\/\/www.joyana.fr\/ja\/wp-json\/wp\/v2\/users\/3"}],"replies":[{"embeddable":true,"href":"https:\/\/www.joyana.fr\/ja\/wp-json\/wp\/v2\/comments?post=122853"}],"version-history":[{"count":6,"href":"https:\/\/www.joyana.fr\/ja\/wp-json\/wp\/v2\/posts\/122853\/revisions"}],"predecessor-version":[{"id":122865,"href":"https:\/\/www.joyana.fr\/ja\/wp-json\/wp\/v2\/posts\/122853\/revisions\/122865"}],"wp:featuredmedia":[{"embeddable":true,"href":"https:\/\/www.joyana.fr\/ja\/wp-json\/wp\/v2\/media\/122860"}],"wp:attachment":[{"href":"https:\/\/www.joyana.fr\/ja\/wp-json\/wp\/v2\/media?parent=122853"}],"wp:term":[{"taxonomy":"category","embeddable":true,"href":"https:\/\/www.joyana.fr\/ja\/wp-json\/wp\/v2\/categories?post=122853"},{"taxonomy":"post_tag","embeddable":true,"href":"https:\/\/www.joyana.fr\/ja\/wp-json\/wp\/v2\/tags?post=122853"}],"curies":[{"name":"wp","href":"https:\/\/api.w.org\/{rel}","templated":true}]}}