{"id":122671,"date":"2016-01-19T15:56:39","date_gmt":"2016-01-19T14:56:39","guid":{"rendered":"https:\/\/joyana.fr\/?p=122671"},"modified":"2016-01-19T16:03:53","modified_gmt":"2016-01-19T15:03:53","slug":"defile-louis-vuitton-homme-automne-hiver-2016","status":"publish","type":"post","link":"https:\/\/www.joyana.fr\/ja\/defile-louis-vuitton-homme-automne-hiver-2016\/122671\/","title":{"rendered":"D\u00e9fil\u00e9 LOUIS VUITTON Homme Automne-Hiver 2016"},"content":{"rendered":"<p style=\"text-align: justify;\">Je me suis associ\u00e9 \u00e0 <strong>Louis Vuitton<\/strong> pour vous proposer un live du <strong>d\u00e9fil\u00e9 Homme Automne-Hiver 2016<\/strong>. Vous aurez ainsi ce m\u00eame privil\u00e8ge que quelques V.I.P. d&#8217;assister \u00e0 ce sublime \u00e9v\u00e8nement &#8211; qui se d\u00e9roulera \u00e0 la tomb\u00e9e de nuit sous la verri\u00e8re du parc Andr\u00e9 Citro\u00ebn&#8230;<!--more--><\/p>\n<p style=\"text-align: justify;\"><a href=\"https:\/\/i0.wp.com\/joyana.fr\/wp-content\/uploads\/2016\/01\/MensFW1617LouisVuitton.jpg?ssl=1\"><img data-recalc-dims=\"1\" fetchpriority=\"high\" decoding=\"async\" data-attachment-id=\"122673\" data-permalink=\"https:\/\/www.joyana.fr\/ja\/defile-louis-vuitton-homme-automne-hiver-2016\/122671\/mensfw1617louisvuitton\/\" data-orig-file=\"https:\/\/i0.wp.com\/www.joyana.fr\/wp-content\/uploads\/2016\/01\/MensFW1617LouisVuitton.jpg?fit=1024%2C1024&amp;ssl=1\" data-orig-size=\"1024,1024\" data-comments-opened=\"1\" data-image-meta=\"{&quot;aperture&quot;:&quot;0&quot;,&quot;credit&quot;:&quot;&quot;,&quot;camera&quot;:&quot;&quot;,&quot;caption&quot;:&quot;&quot;,&quot;created_timestamp&quot;:&quot;0&quot;,&quot;copyright&quot;:&quot;&quot;,&quot;focal_length&quot;:&quot;0&quot;,&quot;iso&quot;:&quot;0&quot;,&quot;shutter_speed&quot;:&quot;0&quot;,&quot;title&quot;:&quot;&quot;,&quot;orientation&quot;:&quot;0&quot;}\" data-image-title=\"MensFW1617LouisVuitton\" data-image-description=\"\" data-image-caption=\"\" data-medium-file=\"https:\/\/i0.wp.com\/www.joyana.fr\/wp-content\/uploads\/2016\/01\/MensFW1617LouisVuitton.jpg?fit=389%2C389&amp;ssl=1\" data-large-file=\"https:\/\/i0.wp.com\/www.joyana.fr\/wp-content\/uploads\/2016\/01\/MensFW1617LouisVuitton.jpg?fit=1024%2C1024&amp;ssl=1\" class=\"alignnone size-full wp-image-122673\" src=\"https:\/\/i0.wp.com\/joyana.fr\/wp-content\/uploads\/2016\/01\/MensFW1617LouisVuitton.jpg?resize=1024%2C1024&#038;ssl=1\" alt=\"MensFW1617LouisVuitton\" width=\"1024\" height=\"1024\" srcset=\"https:\/\/i0.wp.com\/www.joyana.fr\/wp-content\/uploads\/2016\/01\/MensFW1617LouisVuitton.jpg?w=1024&amp;ssl=1 1024w, https:\/\/i0.wp.com\/www.joyana.fr\/wp-content\/uploads\/2016\/01\/MensFW1617LouisVuitton.jpg?resize=300%2C300&amp;ssl=1 300w, https:\/\/i0.wp.com\/www.joyana.fr\/wp-content\/uploads\/2016\/01\/MensFW1617LouisVuitton.jpg?resize=100%2C100&amp;ssl=1 100w, https:\/\/i0.wp.com\/www.joyana.fr\/wp-content\/uploads\/2016\/01\/MensFW1617LouisVuitton.jpg?resize=600%2C600&amp;ssl=1 600w\" sizes=\"(max-width: 1000px) 100vw, 1000px\" \/><\/a><\/p>\n<p style=\"text-align: justify;\">Soyez au rendez-vous sur le blog, ce Jeudi 21 Janvier 2016 \u00e0 17h&#8230;\u00a0Vous pouvez suivre le d\u00e9fil\u00e9 ci-dessous :<\/p>\n<div id=\"fcplayer_container\"><\/div>\n<p><script type=\"text\/javascript\"\nsrc=\"http:\/\/player.louisvuitton.com\/embed\/1070520.js\"><\/script><\/p>\n<p style=\"text-align: center;\">En savoir + sur <strong><a href=\"http:\/\/fr.louisvuitton.com\/fra-fr\/homepage\" target=\"_blank\">LOUIS VUITTON<\/a><\/strong><\/p>\n","protected":false},"excerpt":{"rendered":"<p>Je me suis associ\u00e9 \u00e0 Louis Vuitton pour vous proposer un live du d\u00e9fil\u00e9 Homme Automne-Hiver 2016. Vous aurez a [&hellip;]<\/p>\n","protected":false},"author":3,"featured_media":122672,"comment_status":"open","ping_status":"open","sticky":false,"template":"","format":"standard","meta":{"_coblocks_attr":"","_coblocks_dimensions":"","_coblocks_responsive_height":"","_coblocks_accordion_ie_support":"","_uag_custom_page_level_css":"","advgb_blocks_editor_width":"","advgb_blocks_columns_visual_guide":"","_genesis_hide_title":false,"_genesis_hide_breadcrumbs":false,"_genesis_hide_singular_image":false,"_genesis_hide_footer_widgets":false,"_genesis_custom_body_class":"","_genesis_custom_post_class":"","_genesis_layout":"","_themeisle_gutenberg_block_has_review":false,"_jetpack_newsletter_access":"","_jetpack_dont_email_post_to_subs":false,"_jetpack_newsletter_tier_id":0,"_jetpack_memberships_contains_paywalled_content":false,"_jetpack_memberships_contains_paid_content":false,"footnotes":""},"categories":[16,99],"tags":[537,2169,131],"class_list":{"0":"post-122671","1":"post","2":"type-post","3":"status-publish","4":"format-standard","5":"has-post-thumbnail","7":"category-mode-homme","8":"category-the-journal","9":"tag-defile","10":"tag-fallwinter-2016","11":"tag-louis-vuitton","12":"entry"},"featured_image_urls":{"full":["https:\/\/i0.wp.com\/www.joyana.fr\/wp-content\/uploads\/2016\/01\/DI3.jpg?fit=2000%2C1125&ssl=1",2000,1125,false],"thumbnail":["https:\/\/i0.wp.com\/www.joyana.fr\/wp-content\/uploads\/2016\/01\/DI3.jpg?resize=150%2C150&ssl=1",150,150,true],"medium":["https:\/\/i0.wp.com\/www.joyana.fr\/wp-content\/uploads\/2016\/01\/DI3.jpg?fit=389%2C219&ssl=1",389,219,true],"medium_large":["https:\/\/i0.wp.com\/www.joyana.fr\/wp-content\/uploads\/2016\/01\/DI3.jpg?fit=768%2C432&ssl=1",768,432,true],"large":["https:\/\/i0.wp.com\/www.joyana.fr\/wp-content\/uploads\/2016\/01\/DI3.jpg?fit=1024%2C576&ssl=1",1024,576,true],"1536x1536":["https:\/\/i0.wp.com\/www.joyana.fr\/wp-content\/uploads\/2016\/01\/DI3.jpg?fit=1536%2C864&ssl=1",1536,864,true],"2048x2048":["https:\/\/i0.wp.com\/www.joyana.fr\/wp-content\/uploads\/2016\/01\/DI3.jpg?fit=2000%2C1125&ssl=1",2000,1125,true],"featured-thumb":["https:\/\/i0.wp.com\/www.joyana.fr\/wp-content\/uploads\/2016\/01\/DI3.jpg?resize=1903%2C750&ssl=1",1903,750,true],"ab-block-post-grid-landscape":["https:\/\/i0.wp.com\/www.joyana.fr\/wp-content\/uploads\/2016\/01\/DI3.jpg?resize=600%2C400&ssl=1",600,400,true],"ab-block-post-grid-square":["https:\/\/i0.wp.com\/www.joyana.fr\/wp-content\/uploads\/2016\/01\/DI3.jpg?resize=600%2C600&ssl=1",600,600,true],"author-pro-image":["https:\/\/i0.wp.com\/www.joyana.fr\/wp-content\/uploads\/2016\/01\/DI3.jpg?resize=360%2C570&ssl=1",360,570,true],"slider":["https:\/\/i0.wp.com\/www.joyana.fr\/wp-content\/uploads\/2016\/01\/DI3.jpg?resize=920%2C400&ssl=1",920,400,true],"woocommerce_thumbnail":["https:\/\/i0.wp.com\/www.joyana.fr\/wp-content\/uploads\/2016\/01\/DI3.jpg?resize=450%2C450&ssl=1",450,450,true],"woocommerce_single":["https:\/\/i0.wp.com\/www.joyana.fr\/wp-content\/uploads\/2016\/01\/DI3.jpg?fit=920%2C518&ssl=1",920,518,true],"woocommerce_gallery_thumbnail":["https:\/\/i0.wp.com\/www.joyana.fr\/wp-content\/uploads\/2016\/01\/DI3.jpg?resize=180%2C180&ssl=1",180,180,true],"sow-carousel-default":["https:\/\/i0.wp.com\/www.joyana.fr\/wp-content\/uploads\/2016\/01\/DI3.jpg?resize=272%2C182&ssl=1",272,182,true]},"post_excerpt_stackable":"<p>Je me suis associ\u00e9 \u00e0 Louis Vuitton pour vous proposer un live du d\u00e9fil\u00e9 Homme Automne-Hiver 2016. Vo&hellip;<\/p>\n","category_list":"<a href=\"https:\/\/www.joyana.fr\/ja\/category\/blog\/mode-homme\/\" rel=\"category tag\">MODE HOMME<\/a>, <a href=\"https:\/\/www.joyana.fr\/ja\/category\/the-journal\/\" rel=\"category tag\">THE JOURNAL<\/a>","author_info":{"display_name":"Jo Yana","author_link":"https:\/\/www.joyana.fr\/ja\/author\/joyana\/"},"comments_num":"0 comments","featured_image_urls_v2":{"full":["https:\/\/i0.wp.com\/www.joyana.fr\/wp-content\/uploads\/2016\/01\/DI3.jpg?fit=2000%2C1125&ssl=1",2000,1125,false],"thumbnail":["https:\/\/i0.wp.com\/www.joyana.fr\/wp-content\/uploads\/2016\/01\/DI3.jpg?resize=150%2C150&ssl=1",150,150,true],"medium":["https:\/\/i0.wp.com\/www.joyana.fr\/wp-content\/uploads\/2016\/01\/DI3.jpg?fit=389%2C219&ssl=1",389,219,true],"medium_large":["https:\/\/i0.wp.com\/www.joyana.fr\/wp-content\/uploads\/2016\/01\/DI3.jpg?fit=768%2C432&ssl=1",768,432,true],"large":["https:\/\/i0.wp.com\/www.joyana.fr\/wp-content\/uploads\/2016\/01\/DI3.jpg?fit=1024%2C576&ssl=1",1024,576,true],"1536x1536":["https:\/\/i0.wp.com\/www.joyana.fr\/wp-content\/uploads\/2016\/01\/DI3.jpg?fit=1536%2C864&ssl=1",1536,864,true],"2048x2048":["https:\/\/i0.wp.com\/www.joyana.fr\/wp-content\/uploads\/2016\/01\/DI3.jpg?fit=2000%2C1125&ssl=1",2000,1125,true],"featured-thumb":["https:\/\/i0.wp.com\/www.joyana.fr\/wp-content\/uploads\/2016\/01\/DI3.jpg?resize=1903%2C750&ssl=1",1903,750,true],"ab-block-post-grid-landscape":["https:\/\/i0.wp.com\/www.joyana.fr\/wp-content\/uploads\/2016\/01\/DI3.jpg?resize=600%2C400&ssl=1",600,400,true],"ab-block-post-grid-square":["https:\/\/i0.wp.com\/www.joyana.fr\/wp-content\/uploads\/2016\/01\/DI3.jpg?resize=600%2C600&ssl=1",600,600,true],"author-pro-image":["https:\/\/i0.wp.com\/www.joyana.fr\/wp-content\/uploads\/2016\/01\/DI3.jpg?resize=360%2C570&ssl=1",360,570,true],"slider":["https:\/\/i0.wp.com\/www.joyana.fr\/wp-content\/uploads\/2016\/01\/DI3.jpg?resize=920%2C400&ssl=1",920,400,true],"woocommerce_thumbnail":["https:\/\/i0.wp.com\/www.joyana.fr\/wp-content\/uploads\/2016\/01\/DI3.jpg?resize=450%2C450&ssl=1",450,450,true],"woocommerce_single":["https:\/\/i0.wp.com\/www.joyana.fr\/wp-content\/uploads\/2016\/01\/DI3.jpg?fit=920%2C518&ssl=1",920,518,true],"woocommerce_gallery_thumbnail":["https:\/\/i0.wp.com\/www.joyana.fr\/wp-content\/uploads\/2016\/01\/DI3.jpg?resize=180%2C180&ssl=1",180,180,true],"sow-carousel-default":["https:\/\/i0.wp.com\/www.joyana.fr\/wp-content\/uploads\/2016\/01\/DI3.jpg?resize=272%2C182&ssl=1",272,182,true]},"post_excerpt_stackable_v2":"<p>Je me suis associ\u00e9 \u00e0 Louis Vuitton pour vous proposer un live du d\u00e9fil\u00e9 Homme Automne-Hiver 2016. Vo&hellip;<\/p>\n","category_list_v2":"<a href=\"https:\/\/www.joyana.fr\/ja\/category\/blog\/mode-homme\/\" rel=\"category tag\">MODE HOMME<\/a>, <a href=\"https:\/\/www.joyana.fr\/ja\/category\/the-journal\/\" rel=\"category tag\">THE JOURNAL<\/a>","author_info_v2":{"name":"Jo Yana","url":"https:\/\/www.joyana.fr\/ja\/author\/joyana\/"},"comments_num_v2":"0 comments","yoast_head":"<!-- This site is optimized with the Yoast SEO plugin v26.8 - https:\/\/yoast.com\/product\/yoast-seo-wordpress\/ -->\n<title>D\u00e9fil\u00e9 LOUIS VUITTON Homme Automne-Hiver 2016 | JO YANA<\/title>\n<meta name=\"description\" content=\"Je me suis associ\u00e9 \u00e0\u00a0Louis Vuitton\u00a0pour vous proposer un live du d\u00e9fil\u00e9 Homme Automne-Hiver 2016...\" \/>\n<meta name=\"robots\" content=\"index, follow, max-snippet:-1, max-image-preview:large, max-video-preview:-1\" \/>\n<link rel=\"canonical\" href=\"https:\/\/www.joyana.fr\/ja\/defile-louis-vuitton-homme-automne-hiver-2016\/122671\/\" \/>\n<meta property=\"og:locale\" content=\"ja_JP\" \/>\n<meta property=\"og:locale:alternate\" content=\"fr_FR\" \/>\n<meta property=\"og:locale:alternate\" content=\"en_US\" \/>\n<meta property=\"og:type\" content=\"article\" \/>\n<meta property=\"og:title\" content=\"D\u00e9fil\u00e9 LOUIS VUITTON Homme Automne-Hiver 2016 | JO YANA\" \/>\n<meta property=\"og:description\" content=\"Je me suis associ\u00e9 \u00e0\u00a0Louis Vuitton\u00a0pour vous proposer un live du d\u00e9fil\u00e9 Homme Automne-Hiver 2016...\" \/>\n<meta property=\"og:url\" content=\"https:\/\/www.joyana.fr\/ja\/defile-louis-vuitton-homme-automne-hiver-2016\/122671\/\" \/>\n<meta property=\"og:site_name\" content=\"JO YANA\" \/>\n<meta property=\"article:published_time\" content=\"2016-01-19T14:56:39+00:00\" \/>\n<meta property=\"article:modified_time\" content=\"2016-01-19T15:03:53+00:00\" \/>\n<meta property=\"og:image\" content=\"https:\/\/www.joyana.fr\/wp-content\/uploads\/2016\/01\/DI3.jpg\" \/>\n\t<meta property=\"og:image:width\" content=\"2000\" \/>\n\t<meta property=\"og:image:height\" content=\"1125\" \/>\n\t<meta property=\"og:image:type\" content=\"image\/jpeg\" \/>\n<meta name=\"author\" content=\"Jo Yana\" \/>\n<meta name=\"twitter:card\" content=\"summary_large_image\" \/>\n<meta name=\"twitter:creator\" content=\"@Jo_Yana\" \/>\n<meta name=\"twitter:site\" content=\"@Jo_Yana\" \/>\n<meta name=\"twitter:label1\" content=\"\u57f7\u7b46\u8005\" \/>\n\t<meta name=\"twitter:data1\" content=\"Jo Yana\" \/>\n<script type=\"application\/ld+json\" class=\"yoast-schema-graph\">{\"@context\":\"https:\/\/schema.org\",\"@graph\":[{\"@type\":\"Article\",\"@id\":\"https:\/\/www.joyana.fr\/ja\/defile-louis-vuitton-homme-automne-hiver-2016\/122671\/#article\",\"isPartOf\":{\"@id\":\"https:\/\/www.joyana.fr\/ja\/defile-louis-vuitton-homme-automne-hiver-2016\/122671\/\"},\"author\":{\"name\":\"Jo Yana\",\"@id\":\"https:\/\/joyana.fr\/#\/schema\/person\/cf2a1ad12a27c12c21801075bf37407c\"},\"headline\":\"D\u00e9fil\u00e9 LOUIS VUITTON Homme Automne-Hiver 2016\",\"datePublished\":\"2016-01-19T14:56:39+00:00\",\"dateModified\":\"2016-01-19T15:03:53+00:00\",\"mainEntityOfPage\":{\"@id\":\"https:\/\/www.joyana.fr\/ja\/defile-louis-vuitton-homme-automne-hiver-2016\/122671\/\"},\"wordCount\":82,\"commentCount\":0,\"publisher\":{\"@id\":\"https:\/\/joyana.fr\/#\/schema\/person\/cf2a1ad12a27c12c21801075bf37407c\"},\"image\":{\"@id\":\"https:\/\/www.joyana.fr\/ja\/defile-louis-vuitton-homme-automne-hiver-2016\/122671\/#primaryimage\"},\"thumbnailUrl\":\"https:\/\/i0.wp.com\/www.joyana.fr\/wp-content\/uploads\/2016\/01\/DI3.jpg?fit=2000%2C1125&ssl=1\",\"keywords\":[\"D\u00e9fil\u00e9\",\"Fall\/Winter 2016\",\"Louis Vuitton\"],\"articleSection\":[\"MODE HOMME\",\"THE JOURNAL\"],\"inLanguage\":\"ja\",\"potentialAction\":[{\"@type\":\"CommentAction\",\"name\":\"Comment\",\"target\":[\"https:\/\/www.joyana.fr\/ja\/defile-louis-vuitton-homme-automne-hiver-2016\/122671\/#respond\"]}]},{\"@type\":\"WebPage\",\"@id\":\"https:\/\/www.joyana.fr\/ja\/defile-louis-vuitton-homme-automne-hiver-2016\/122671\/\",\"url\":\"https:\/\/www.joyana.fr\/ja\/defile-louis-vuitton-homme-automne-hiver-2016\/122671\/\",\"name\":\"D\u00e9fil\u00e9 LOUIS VUITTON Homme Automne-Hiver 2016 | JO YANA\",\"isPartOf\":{\"@id\":\"https:\/\/joyana.fr\/#website\"},\"primaryImageOfPage\":{\"@id\":\"https:\/\/www.joyana.fr\/ja\/defile-louis-vuitton-homme-automne-hiver-2016\/122671\/#primaryimage\"},\"image\":{\"@id\":\"https:\/\/www.joyana.fr\/ja\/defile-louis-vuitton-homme-automne-hiver-2016\/122671\/#primaryimage\"},\"thumbnailUrl\":\"https:\/\/i0.wp.com\/www.joyana.fr\/wp-content\/uploads\/2016\/01\/DI3.jpg?fit=2000%2C1125&ssl=1\",\"datePublished\":\"2016-01-19T14:56:39+00:00\",\"dateModified\":\"2016-01-19T15:03:53+00:00\",\"description\":\"Je me suis associ\u00e9 \u00e0\u00a0Louis Vuitton\u00a0pour vous proposer un live du d\u00e9fil\u00e9 Homme Automne-Hiver 2016...\",\"breadcrumb\":{\"@id\":\"https:\/\/www.joyana.fr\/ja\/defile-louis-vuitton-homme-automne-hiver-2016\/122671\/#breadcrumb\"},\"inLanguage\":\"ja\",\"potentialAction\":[{\"@type\":\"ReadAction\",\"target\":[\"https:\/\/www.joyana.fr\/ja\/defile-louis-vuitton-homme-automne-hiver-2016\/122671\/\"]}]},{\"@type\":\"ImageObject\",\"inLanguage\":\"ja\",\"@id\":\"https:\/\/www.joyana.fr\/ja\/defile-louis-vuitton-homme-automne-hiver-2016\/122671\/#primaryimage\",\"url\":\"https:\/\/i0.wp.com\/www.joyana.fr\/wp-content\/uploads\/2016\/01\/DI3.jpg?fit=2000%2C1125&ssl=1\",\"contentUrl\":\"https:\/\/i0.wp.com\/www.joyana.fr\/wp-content\/uploads\/2016\/01\/DI3.jpg?fit=2000%2C1125&ssl=1\",\"width\":2000,\"height\":1125},{\"@type\":\"BreadcrumbList\",\"@id\":\"https:\/\/www.joyana.fr\/ja\/defile-louis-vuitton-homme-automne-hiver-2016\/122671\/#breadcrumb\",\"itemListElement\":[{\"@type\":\"ListItem\",\"position\":1,\"name\":\"Accueil\",\"item\":\"https:\/\/joyana.fr\/\"},{\"@type\":\"ListItem\",\"position\":2,\"name\":\"D\u00e9fil\u00e9 LOUIS VUITTON Homme Automne-Hiver 2016\"}]},{\"@type\":\"WebSite\",\"@id\":\"https:\/\/joyana.fr\/#website\",\"url\":\"https:\/\/joyana.fr\/\",\"name\":\"JO YANA\",\"description\":\"Blog Mode Homme, Lifestyle, D\u00e9co-Design\",\"publisher\":{\"@id\":\"https:\/\/joyana.fr\/#\/schema\/person\/cf2a1ad12a27c12c21801075bf37407c\"},\"potentialAction\":[{\"@type\":\"SearchAction\",\"target\":{\"@type\":\"EntryPoint\",\"urlTemplate\":\"https:\/\/joyana.fr\/?s={search_term_string}\"},\"query-input\":{\"@type\":\"PropertyValueSpecification\",\"valueRequired\":true,\"valueName\":\"search_term_string\"}}],\"inLanguage\":\"ja\"},{\"@type\":[\"Person\",\"Organization\"],\"@id\":\"https:\/\/joyana.fr\/#\/schema\/person\/cf2a1ad12a27c12c21801075bf37407c\",\"name\":\"Jo Yana\",\"image\":{\"@type\":\"ImageObject\",\"inLanguage\":\"ja\",\"@id\":\"https:\/\/joyana.fr\/#\/schema\/person\/image\/\",\"url\":\"https:\/\/i0.wp.com\/www.joyana.fr\/wp-content\/uploads\/2016\/08\/cropped-joyana-logo-black-360x180.png?fit=343%2C164&ssl=1\",\"contentUrl\":\"https:\/\/i0.wp.com\/www.joyana.fr\/wp-content\/uploads\/2016\/08\/cropped-joyana-logo-black-360x180.png?fit=343%2C164&ssl=1\",\"width\":343,\"height\":164,\"caption\":\"Jo Yana\"},\"logo\":{\"@id\":\"https:\/\/joyana.fr\/#\/schema\/person\/image\/\"},\"description\":\"Jo Yana est le cr\u00e9ateur et r\u00e9dacteur en chef des sites DECO-DESIGN. Passionn\u00e9 de Design, Mode, Photo, Luxe, Lifestyle, Musique, mais avant tout Blogueur ! Le plaisir de partager l'anime et a comme devise \\\"POUR L'AMOUR DU BEAU\\\". Retrouvez le aussi sur son blog personnel - https:\/\/joyana.fr...\",\"sameAs\":[\"https:\/\/joyana.fr\/\"],\"url\":\"https:\/\/www.joyana.fr\/ja\/author\/joyana\/\"}]}<\/script>\n<!-- \/ Yoast SEO plugin. -->","yoast_head_json":{"title":"D\u00e9fil\u00e9 LOUIS VUITTON Homme Automne-Hiver 2016 | JO YANA","description":"Je me suis associ\u00e9 \u00e0\u00a0Louis Vuitton\u00a0pour vous proposer un live du d\u00e9fil\u00e9 Homme Automne-Hiver 2016...","robots":{"index":"index","follow":"follow","max-snippet":"max-snippet:-1","max-image-preview":"max-image-preview:large","max-video-preview":"max-video-preview:-1"},"canonical":"https:\/\/www.joyana.fr\/ja\/defile-louis-vuitton-homme-automne-hiver-2016\/122671\/","og_locale":"ja_JP","og_type":"article","og_title":"D\u00e9fil\u00e9 LOUIS VUITTON Homme Automne-Hiver 2016 | JO YANA","og_description":"Je me suis associ\u00e9 \u00e0\u00a0Louis Vuitton\u00a0pour vous proposer un live du d\u00e9fil\u00e9 Homme Automne-Hiver 2016...","og_url":"https:\/\/www.joyana.fr\/ja\/defile-louis-vuitton-homme-automne-hiver-2016\/122671\/","og_site_name":"JO YANA","article_published_time":"2016-01-19T14:56:39+00:00","article_modified_time":"2016-01-19T15:03:53+00:00","og_image":[{"width":2000,"height":1125,"url":"https:\/\/www.joyana.fr\/wp-content\/uploads\/2016\/01\/DI3.jpg","type":"image\/jpeg"}],"author":"Jo Yana","twitter_card":"summary_large_image","twitter_creator":"@Jo_Yana","twitter_site":"@Jo_Yana","twitter_misc":{"\u57f7\u7b46\u8005":"Jo Yana"},"schema":{"@context":"https:\/\/schema.org","@graph":[{"@type":"Article","@id":"https:\/\/www.joyana.fr\/ja\/defile-louis-vuitton-homme-automne-hiver-2016\/122671\/#article","isPartOf":{"@id":"https:\/\/www.joyana.fr\/ja\/defile-louis-vuitton-homme-automne-hiver-2016\/122671\/"},"author":{"name":"Jo Yana","@id":"https:\/\/joyana.fr\/#\/schema\/person\/cf2a1ad12a27c12c21801075bf37407c"},"headline":"D\u00e9fil\u00e9 LOUIS VUITTON Homme Automne-Hiver 2016","datePublished":"2016-01-19T14:56:39+00:00","dateModified":"2016-01-19T15:03:53+00:00","mainEntityOfPage":{"@id":"https:\/\/www.joyana.fr\/ja\/defile-louis-vuitton-homme-automne-hiver-2016\/122671\/"},"wordCount":82,"commentCount":0,"publisher":{"@id":"https:\/\/joyana.fr\/#\/schema\/person\/cf2a1ad12a27c12c21801075bf37407c"},"image":{"@id":"https:\/\/www.joyana.fr\/ja\/defile-louis-vuitton-homme-automne-hiver-2016\/122671\/#primaryimage"},"thumbnailUrl":"https:\/\/i0.wp.com\/www.joyana.fr\/wp-content\/uploads\/2016\/01\/DI3.jpg?fit=2000%2C1125&ssl=1","keywords":["D\u00e9fil\u00e9","Fall\/Winter 2016","Louis Vuitton"],"articleSection":["MODE HOMME","THE JOURNAL"],"inLanguage":"ja","potentialAction":[{"@type":"CommentAction","name":"Comment","target":["https:\/\/www.joyana.fr\/ja\/defile-louis-vuitton-homme-automne-hiver-2016\/122671\/#respond"]}]},{"@type":"WebPage","@id":"https:\/\/www.joyana.fr\/ja\/defile-louis-vuitton-homme-automne-hiver-2016\/122671\/","url":"https:\/\/www.joyana.fr\/ja\/defile-louis-vuitton-homme-automne-hiver-2016\/122671\/","name":"D\u00e9fil\u00e9 LOUIS VUITTON Homme Automne-Hiver 2016 | JO YANA","isPartOf":{"@id":"https:\/\/joyana.fr\/#website"},"primaryImageOfPage":{"@id":"https:\/\/www.joyana.fr\/ja\/defile-louis-vuitton-homme-automne-hiver-2016\/122671\/#primaryimage"},"image":{"@id":"https:\/\/www.joyana.fr\/ja\/defile-louis-vuitton-homme-automne-hiver-2016\/122671\/#primaryimage"},"thumbnailUrl":"https:\/\/i0.wp.com\/www.joyana.fr\/wp-content\/uploads\/2016\/01\/DI3.jpg?fit=2000%2C1125&ssl=1","datePublished":"2016-01-19T14:56:39+00:00","dateModified":"2016-01-19T15:03:53+00:00","description":"Je me suis associ\u00e9 \u00e0\u00a0Louis Vuitton\u00a0pour vous proposer un live du d\u00e9fil\u00e9 Homme Automne-Hiver 2016...","breadcrumb":{"@id":"https:\/\/www.joyana.fr\/ja\/defile-louis-vuitton-homme-automne-hiver-2016\/122671\/#breadcrumb"},"inLanguage":"ja","potentialAction":[{"@type":"ReadAction","target":["https:\/\/www.joyana.fr\/ja\/defile-louis-vuitton-homme-automne-hiver-2016\/122671\/"]}]},{"@type":"ImageObject","inLanguage":"ja","@id":"https:\/\/www.joyana.fr\/ja\/defile-louis-vuitton-homme-automne-hiver-2016\/122671\/#primaryimage","url":"https:\/\/i0.wp.com\/www.joyana.fr\/wp-content\/uploads\/2016\/01\/DI3.jpg?fit=2000%2C1125&ssl=1","contentUrl":"https:\/\/i0.wp.com\/www.joyana.fr\/wp-content\/uploads\/2016\/01\/DI3.jpg?fit=2000%2C1125&ssl=1","width":2000,"height":1125},{"@type":"BreadcrumbList","@id":"https:\/\/www.joyana.fr\/ja\/defile-louis-vuitton-homme-automne-hiver-2016\/122671\/#breadcrumb","itemListElement":[{"@type":"ListItem","position":1,"name":"Accueil","item":"https:\/\/joyana.fr\/"},{"@type":"ListItem","position":2,"name":"D\u00e9fil\u00e9 LOUIS VUITTON Homme Automne-Hiver 2016"}]},{"@type":"WebSite","@id":"https:\/\/joyana.fr\/#website","url":"https:\/\/joyana.fr\/","name":"JO YANA","description":"Blog Mode Homme, Lifestyle, D\u00e9co-Design","publisher":{"@id":"https:\/\/joyana.fr\/#\/schema\/person\/cf2a1ad12a27c12c21801075bf37407c"},"potentialAction":[{"@type":"SearchAction","target":{"@type":"EntryPoint","urlTemplate":"https:\/\/joyana.fr\/?s={search_term_string}"},"query-input":{"@type":"PropertyValueSpecification","valueRequired":true,"valueName":"search_term_string"}}],"inLanguage":"ja"},{"@type":["Person","Organization"],"@id":"https:\/\/joyana.fr\/#\/schema\/person\/cf2a1ad12a27c12c21801075bf37407c","name":"Jo Yana","image":{"@type":"ImageObject","inLanguage":"ja","@id":"https:\/\/joyana.fr\/#\/schema\/person\/image\/","url":"https:\/\/i0.wp.com\/www.joyana.fr\/wp-content\/uploads\/2016\/08\/cropped-joyana-logo-black-360x180.png?fit=343%2C164&ssl=1","contentUrl":"https:\/\/i0.wp.com\/www.joyana.fr\/wp-content\/uploads\/2016\/08\/cropped-joyana-logo-black-360x180.png?fit=343%2C164&ssl=1","width":343,"height":164,"caption":"Jo Yana"},"logo":{"@id":"https:\/\/joyana.fr\/#\/schema\/person\/image\/"},"description":"Jo Yana est le cr\u00e9ateur et r\u00e9dacteur en chef des sites DECO-DESIGN. Passionn\u00e9 de Design, Mode, Photo, Luxe, Lifestyle, Musique, mais avant tout Blogueur ! Le plaisir de partager l'anime et a comme devise \"POUR L'AMOUR DU BEAU\". Retrouvez le aussi sur son blog personnel - https:\/\/joyana.fr...","sameAs":["https:\/\/joyana.fr\/"],"url":"https:\/\/www.joyana.fr\/ja\/author\/joyana\/"}]}},"author_meta":{"display_name":"Jo Yana","author_link":"https:\/\/www.joyana.fr\/ja\/author\/joyana\/"},"featured_img":"https:\/\/i0.wp.com\/www.joyana.fr\/wp-content\/uploads\/2016\/01\/DI3.jpg?fit=389%2C219&ssl=1","featured_image_src":"https:\/\/i0.wp.com\/www.joyana.fr\/wp-content\/uploads\/2016\/01\/DI3.jpg?resize=600%2C400&ssl=1","featured_image_src_square":"https:\/\/i0.wp.com\/www.joyana.fr\/wp-content\/uploads\/2016\/01\/DI3.jpg?resize=600%2C600&ssl=1","jetpack_featured_media_url":"https:\/\/i0.wp.com\/www.joyana.fr\/wp-content\/uploads\/2016\/01\/DI3.jpg?fit=2000%2C1125&ssl=1","uagb_featured_image_src":{"full":["https:\/\/i0.wp.com\/www.joyana.fr\/wp-content\/uploads\/2016\/01\/DI3.jpg?fit=2000%2C1125&ssl=1",2000,1125,false],"thumbnail":["https:\/\/i0.wp.com\/www.joyana.fr\/wp-content\/uploads\/2016\/01\/DI3.jpg?resize=150%2C150&ssl=1",150,150,true],"medium":["https:\/\/i0.wp.com\/www.joyana.fr\/wp-content\/uploads\/2016\/01\/DI3.jpg?fit=389%2C219&ssl=1",389,219,true],"medium_large":["https:\/\/i0.wp.com\/www.joyana.fr\/wp-content\/uploads\/2016\/01\/DI3.jpg?fit=768%2C432&ssl=1",768,432,true],"large":["https:\/\/i0.wp.com\/www.joyana.fr\/wp-content\/uploads\/2016\/01\/DI3.jpg?fit=1024%2C576&ssl=1",1024,576,true],"1536x1536":["https:\/\/i0.wp.com\/www.joyana.fr\/wp-content\/uploads\/2016\/01\/DI3.jpg?fit=1536%2C864&ssl=1",1536,864,true],"2048x2048":["https:\/\/i0.wp.com\/www.joyana.fr\/wp-content\/uploads\/2016\/01\/DI3.jpg?fit=2000%2C1125&ssl=1",2000,1125,true],"featured-thumb":["https:\/\/i0.wp.com\/www.joyana.fr\/wp-content\/uploads\/2016\/01\/DI3.jpg?resize=1903%2C750&ssl=1",1903,750,true],"ab-block-post-grid-landscape":["https:\/\/i0.wp.com\/www.joyana.fr\/wp-content\/uploads\/2016\/01\/DI3.jpg?resize=600%2C400&ssl=1",600,400,true],"ab-block-post-grid-square":["https:\/\/i0.wp.com\/www.joyana.fr\/wp-content\/uploads\/2016\/01\/DI3.jpg?resize=600%2C600&ssl=1",600,600,true],"author-pro-image":["https:\/\/i0.wp.com\/www.joyana.fr\/wp-content\/uploads\/2016\/01\/DI3.jpg?resize=360%2C570&ssl=1",360,570,true],"slider":["https:\/\/i0.wp.com\/www.joyana.fr\/wp-content\/uploads\/2016\/01\/DI3.jpg?resize=920%2C400&ssl=1",920,400,true],"woocommerce_thumbnail":["https:\/\/i0.wp.com\/www.joyana.fr\/wp-content\/uploads\/2016\/01\/DI3.jpg?resize=450%2C450&ssl=1",450,450,true],"woocommerce_single":["https:\/\/i0.wp.com\/www.joyana.fr\/wp-content\/uploads\/2016\/01\/DI3.jpg?fit=920%2C518&ssl=1",920,518,true],"woocommerce_gallery_thumbnail":["https:\/\/i0.wp.com\/www.joyana.fr\/wp-content\/uploads\/2016\/01\/DI3.jpg?resize=180%2C180&ssl=1",180,180,true],"sow-carousel-default":["https:\/\/i0.wp.com\/www.joyana.fr\/wp-content\/uploads\/2016\/01\/DI3.jpg?resize=272%2C182&ssl=1",272,182,true]},"uagb_author_info":{"display_name":"Jo Yana","author_link":"https:\/\/www.joyana.fr\/ja\/author\/joyana\/"},"uagb_comment_info":3,"uagb_excerpt":"Je me suis associ\u00e9 \u00e0 Louis Vuitton pour vous proposer u&hellip;","coauthors":[],"tax_additional":{"categories":{"linked":["<a href=\"https:\/\/www.joyana.fr\/ja\/category\/blog\/mode-homme\/\" class=\"advgb-post-tax-term\">MODE HOMME<\/a>","<a href=\"https:\/\/www.joyana.fr\/ja\/category\/the-journal\/\" class=\"advgb-post-tax-term\">THE JOURNAL<\/a>"],"unlinked":["<span class=\"advgb-post-tax-term\">MODE HOMME<\/span>","<span class=\"advgb-post-tax-term\">THE JOURNAL<\/span>"]},"tags":{"linked":["<a href=\"https:\/\/www.joyana.fr\/ja\/category\/the-journal\/\" class=\"advgb-post-tax-term\">D\u00e9fil\u00e9<\/a>","<a href=\"https:\/\/www.joyana.fr\/ja\/category\/the-journal\/\" class=\"advgb-post-tax-term\">Fall\/Winter 2016<\/a>","<a href=\"https:\/\/www.joyana.fr\/ja\/category\/the-journal\/\" class=\"advgb-post-tax-term\">Louis Vuitton<\/a>"],"unlinked":["<span class=\"advgb-post-tax-term\">D\u00e9fil\u00e9<\/span>","<span class=\"advgb-post-tax-term\">Fall\/Winter 2016<\/span>","<span class=\"advgb-post-tax-term\">Louis Vuitton<\/span>"]}},"comment_count":0,"relative_dates":{"created":"Posted 10\u5e74 ago","modified":"Updated 10\u5e74 ago"},"absolute_dates":{"created":"Posted on 19 1\u6708 2016","modified":"Updated on 19 1\u6708 2016"},"absolute_dates_time":{"created":"Posted on 19 1\u6708 2016 15:56","modified":"Updated on 19 1\u6708 2016 16:03"},"featured_img_caption":"","series_order":"","jetpack_sharing_enabled":true,"jetpack_shortlink":"https:\/\/wp.me\/p9bteI-vUz","jetpack-related-posts":[],"_links":{"self":[{"href":"https:\/\/www.joyana.fr\/ja\/wp-json\/wp\/v2\/posts\/122671","targetHints":{"allow":["GET"]}}],"collection":[{"href":"https:\/\/www.joyana.fr\/ja\/wp-json\/wp\/v2\/posts"}],"about":[{"href":"https:\/\/www.joyana.fr\/ja\/wp-json\/wp\/v2\/types\/post"}],"author":[{"embeddable":true,"href":"https:\/\/www.joyana.fr\/ja\/wp-json\/wp\/v2\/users\/3"}],"replies":[{"embeddable":true,"href":"https:\/\/www.joyana.fr\/ja\/wp-json\/wp\/v2\/comments?post=122671"}],"version-history":[{"count":4,"href":"https:\/\/www.joyana.fr\/ja\/wp-json\/wp\/v2\/posts\/122671\/revisions"}],"predecessor-version":[{"id":122677,"href":"https:\/\/www.joyana.fr\/ja\/wp-json\/wp\/v2\/posts\/122671\/revisions\/122677"}],"wp:featuredmedia":[{"embeddable":true,"href":"https:\/\/www.joyana.fr\/ja\/wp-json\/wp\/v2\/media\/122672"}],"wp:attachment":[{"href":"https:\/\/www.joyana.fr\/ja\/wp-json\/wp\/v2\/media?parent=122671"}],"wp:term":[{"taxonomy":"category","embeddable":true,"href":"https:\/\/www.joyana.fr\/ja\/wp-json\/wp\/v2\/categories?post=122671"},{"taxonomy":"post_tag","embeddable":true,"href":"https:\/\/www.joyana.fr\/ja\/wp-json\/wp\/v2\/tags?post=122671"}],"curies":[{"name":"wp","href":"https:\/\/api.w.org\/{rel}","templated":true}]}}