{"id":121944,"date":"2015-12-10T15:47:32","date_gmt":"2015-12-10T14:47:32","guid":{"rendered":"https:\/\/joyana.fr\/?p=121944"},"modified":"2015-12-14T20:29:14","modified_gmt":"2015-12-14T19:29:14","slug":"chez-la-designer-margaux-keller","status":"publish","type":"post","link":"https:\/\/www.joyana.fr\/ja\/chez-la-designer-margaux-keller\/121944\/","title":{"rendered":"Chez la Designer MARGAUX KELLER"},"content":{"rendered":"<p style=\"text-align: justify;\">Si un nom r\u00e9sonne en ce moment dans le milieu du design marseillais, c&#8217;est bien celui de <strong>Margaux Keller<\/strong> ! La jeune <strong>designer<\/strong> et architecte d&#8217;int\u00e9rieur m&#8217;a re\u00e7u dans son nouvel <strong>appartement<\/strong> &#8211; situ\u00e9 dans les hauteurs du <strong>Marseille arty<\/strong>&#8230;<!--more--><\/p>\n<p><a href=\"https:\/\/i0.wp.com\/joyana.fr\/wp-content\/uploads\/2015\/12\/BLOG_CHEZ-LA-DESIGNER-MARGAUX-KELLER.jpg?ssl=1\"><img data-recalc-dims=\"1\" fetchpriority=\"high\" decoding=\"async\" data-attachment-id=\"121958\" data-permalink=\"https:\/\/www.joyana.fr\/ja\/chez-la-designer-margaux-keller\/121944\/blog_chez-la-designer-margaux-keller\/\" data-orig-file=\"https:\/\/i0.wp.com\/www.joyana.fr\/wp-content\/uploads\/2015\/12\/BLOG_CHEZ-LA-DESIGNER-MARGAUX-KELLER.jpg?fit=1700%2C1700&amp;ssl=1\" data-orig-size=\"1700,1700\" data-comments-opened=\"1\" data-image-meta=\"{&quot;aperture&quot;:&quot;0&quot;,&quot;credit&quot;:&quot;&quot;,&quot;camera&quot;:&quot;&quot;,&quot;caption&quot;:&quot;&quot;,&quot;created_timestamp&quot;:&quot;0&quot;,&quot;copyright&quot;:&quot;&quot;,&quot;focal_length&quot;:&quot;0&quot;,&quot;iso&quot;:&quot;0&quot;,&quot;shutter_speed&quot;:&quot;0&quot;,&quot;title&quot;:&quot;&quot;,&quot;orientation&quot;:&quot;1&quot;}\" data-image-title=\"BLOG_CHEZ LA DESIGNER MARGAUX KELLER\" data-image-description=\"\" data-image-caption=\"\" data-medium-file=\"https:\/\/i0.wp.com\/www.joyana.fr\/wp-content\/uploads\/2015\/12\/BLOG_CHEZ-LA-DESIGNER-MARGAUX-KELLER.jpg?fit=389%2C389&amp;ssl=1\" data-large-file=\"https:\/\/i0.wp.com\/www.joyana.fr\/wp-content\/uploads\/2015\/12\/BLOG_CHEZ-LA-DESIGNER-MARGAUX-KELLER.jpg?fit=1024%2C1024&amp;ssl=1\" class=\"alignnone size-full wp-image-121958\" src=\"https:\/\/i0.wp.com\/joyana.fr\/wp-content\/uploads\/2015\/12\/BLOG_CHEZ-LA-DESIGNER-MARGAUX-KELLER.jpg?resize=1700%2C1700&#038;ssl=1\" alt=\"BLOG_CHEZ LA DESIGNER MARGAUX KELLER\" width=\"1700\" height=\"1700\" srcset=\"https:\/\/i0.wp.com\/www.joyana.fr\/wp-content\/uploads\/2015\/12\/BLOG_CHEZ-LA-DESIGNER-MARGAUX-KELLER.jpg?w=1700&amp;ssl=1 1700w, https:\/\/i0.wp.com\/www.joyana.fr\/wp-content\/uploads\/2015\/12\/BLOG_CHEZ-LA-DESIGNER-MARGAUX-KELLER.jpg?resize=300%2C300&amp;ssl=1 300w, https:\/\/i0.wp.com\/www.joyana.fr\/wp-content\/uploads\/2015\/12\/BLOG_CHEZ-LA-DESIGNER-MARGAUX-KELLER.jpg?resize=100%2C100&amp;ssl=1 100w, https:\/\/i0.wp.com\/www.joyana.fr\/wp-content\/uploads\/2015\/12\/BLOG_CHEZ-LA-DESIGNER-MARGAUX-KELLER.jpg?resize=600%2C600&amp;ssl=1 600w\" sizes=\"(max-width: 1000px) 100vw, 1000px\" \/><\/a><\/p>\n<p style=\"text-align: justify;\">Apr\u00e8s des \u00e9tudes \u00e0 l&#8217;\u00e9cole Boulle, un passage chez Philippe Starck aux cot\u00e9s d&#8217;Eugeni Quittlet, et une ann\u00e9e de r\u00e9sidence en Italie \u00e0 la Fabrica &#8211; sous la direction artistique de Sam Baron &#8211; Margaux Keller fonde son studio de design en 2011. Depuis les belles collaborations s&#8217;enchainent ! Roche Bobois, Habitat, La Redoute, Collection Particuli\u00e8re, etc. en parall\u00e8le de son activit\u00e9 d&#8217;architecte d&#8217;int\u00e9rieur*&#8230;<\/p>\n<p style=\"text-align: justify;\">J&#8217;ai souhait\u00e9 qu&#8217;elle inaugure cette nouvelle version de JoYana.fr, dans la cat\u00e9gorie &#8220;visite priv\u00e9e&#8221; &#8211; que vous retrouverez souvent d\u00e9sormais &#8211; tant j&#8217;admire son travail ! Je lui laisse la parole avec mon d\u00e9sormais traditionnel <em>interview du Beau<\/em>&#8230;<\/p>\n<p style=\"text-align: justify;\"><span style=\"color: #ffffff;\">.<\/span><\/p>\n<p style=\"text-align: justify;\">*oui le superbe salon de coiffure <a href=\"https:\/\/joyana.fr\/coiffeur-pascal-lancien-margaux-keller\/117300\/\" target=\"_blank\">Pascal Lancien<\/a> situ\u00e9 aux Terrasses du Port c&#8217;est elle !<\/p>\n<p><a href=\"https:\/\/i0.wp.com\/joyana.fr\/wp-content\/uploads\/2015\/12\/BLOG_CHEZ-LA-DESIGNER-MARGAUX-KELLER_8.jpg?ssl=1\"><img data-recalc-dims=\"1\" decoding=\"async\" data-attachment-id=\"121951\" data-permalink=\"https:\/\/www.joyana.fr\/ja\/chez-la-designer-margaux-keller\/121944\/blog_chez-la-designer-margaux-keller_8\/\" data-orig-file=\"https:\/\/i0.wp.com\/www.joyana.fr\/wp-content\/uploads\/2015\/12\/BLOG_CHEZ-LA-DESIGNER-MARGAUX-KELLER_8.jpg?fit=1700%2C1700&amp;ssl=1\" data-orig-size=\"1700,1700\" data-comments-opened=\"1\" data-image-meta=\"{&quot;aperture&quot;:&quot;0&quot;,&quot;credit&quot;:&quot;&quot;,&quot;camera&quot;:&quot;&quot;,&quot;caption&quot;:&quot;&quot;,&quot;created_timestamp&quot;:&quot;0&quot;,&quot;copyright&quot;:&quot;&quot;,&quot;focal_length&quot;:&quot;0&quot;,&quot;iso&quot;:&quot;0&quot;,&quot;shutter_speed&quot;:&quot;0&quot;,&quot;title&quot;:&quot;&quot;,&quot;orientation&quot;:&quot;1&quot;}\" data-image-title=\"BLOG_CHEZ LA DESIGNER MARGAUX KELLER_8\" data-image-description=\"\" data-image-caption=\"\" data-medium-file=\"https:\/\/i0.wp.com\/www.joyana.fr\/wp-content\/uploads\/2015\/12\/BLOG_CHEZ-LA-DESIGNER-MARGAUX-KELLER_8.jpg?fit=389%2C389&amp;ssl=1\" data-large-file=\"https:\/\/i0.wp.com\/www.joyana.fr\/wp-content\/uploads\/2015\/12\/BLOG_CHEZ-LA-DESIGNER-MARGAUX-KELLER_8.jpg?fit=1024%2C1024&amp;ssl=1\" class=\"alignnone size-full wp-image-121951\" src=\"https:\/\/i0.wp.com\/joyana.fr\/wp-content\/uploads\/2015\/12\/BLOG_CHEZ-LA-DESIGNER-MARGAUX-KELLER_8.jpg?resize=1700%2C1700&#038;ssl=1\" alt=\"BLOG_CHEZ LA DESIGNER MARGAUX KELLER_8\" width=\"1700\" height=\"1700\" srcset=\"https:\/\/i0.wp.com\/www.joyana.fr\/wp-content\/uploads\/2015\/12\/BLOG_CHEZ-LA-DESIGNER-MARGAUX-KELLER_8.jpg?w=1700&amp;ssl=1 1700w, https:\/\/i0.wp.com\/www.joyana.fr\/wp-content\/uploads\/2015\/12\/BLOG_CHEZ-LA-DESIGNER-MARGAUX-KELLER_8.jpg?resize=300%2C300&amp;ssl=1 300w, https:\/\/i0.wp.com\/www.joyana.fr\/wp-content\/uploads\/2015\/12\/BLOG_CHEZ-LA-DESIGNER-MARGAUX-KELLER_8.jpg?resize=100%2C100&amp;ssl=1 100w, https:\/\/i0.wp.com\/www.joyana.fr\/wp-content\/uploads\/2015\/12\/BLOG_CHEZ-LA-DESIGNER-MARGAUX-KELLER_8.jpg?resize=600%2C600&amp;ssl=1 600w\" sizes=\"(max-width: 1000px) 100vw, 1000px\" \/><\/a><\/p>\n<p><span style=\"color: #ffffff;\">.<\/span><\/p>\n<h3 style=\"text-align: center;\"><span style=\"color: #ff99cc;\">\u2013 INTERVIEW MARGAUX KELLER\u00a0\u2013<\/span><\/h3>\n<p><span style=\"color: #ffffff;\">.<\/span><\/p>\n<div style=\"text-align: justify;\"><span style=\"color: #ff99cc;\">&#8211; Jo Yana &#8211; Mon moto pour mon blog est le Beau. Je me r\u00e9veille chaque matin \u00abpour l\u2019amour du Beau. \u00bb (O.Wilde).\u00a0<\/span><br \/>\n<span style=\"color: #ff99cc;\">Qu\u2019est-ce que le \u00ab Beau \u00bb pour toi ?<\/span><\/div>\n<div style=\"text-align: justify;\"><\/div>\n<div style=\"text-align: justify;\">&#8211; Margaux Keller &#8211; Le Beau\u00a0est en lien avec l&#8217;harmonie, comme un orchestre o\u00f9 les instruments sont intelligemment associ\u00e9s. Forme, fonctions, sens, histoire, mat\u00e9riaux, couleurs, sont des instruments \u00e0 manier avec habilet\u00e9 pour cr\u00e9er du sens. La beaut\u00e9 est difficile \u00e0 d\u00e9finir tant elle est subjective, chacun \u00e0 sa propre notion de l&#8217;harmonie et de la beaut\u00e9, il y aurait donc environ 7 milliards de d\u00e9finitions pr\u00e9cises de la beaut\u00e9\u2026<\/div>\n<div style=\"text-align: justify;\"><span style=\"color: #ffffff;\">.<\/span><\/div>\n<div style=\"text-align: justify;\"><span style=\"color: #ff99cc;\">&#8211; Si je dis Beau et un lieu dans le monde\u2026<\/span><\/div>\n<div style=\"text-align: justify;\">&#8211; L&#8217;aperitivo secret Al Remer chach\u00e9 au d\u00e9tour d&#8217;une ruelle de Venise, risotto, spritz et soleil couchant sur le ponte Rialto\u2026<\/div>\n<div style=\"text-align: justify;\"><span style=\"color: #ffffff;\">.<\/span><\/div>\n<div style=\"text-align: justify;\"><span style=\"color: #ff99cc;\">&#8211; Si je dis Beau et une marque de mode\u2026<\/span><\/div>\n<div style=\"text-align: justify;\">&#8211; C\u00e9line &#8211; pour sa structure, son harmonie color\u00e9e, son innovation, son originalit\u00e9 tout en d\u00e9fiant les classiques.<\/div>\n<div style=\"text-align: justify;\"><span style=\"color: #ffffff;\">\u00a0.<\/span><\/div>\n<div style=\"text-align: justify;\"><span style=\"color: #ff99cc;\">&#8211; Si je dis Beau et un meuble&#8230;<\/span><\/div>\n<div style=\"text-align: justify;\">&#8211;\u00a0Le tabouret Butterfly de Sori Yanagi. Intemporel, prouesse esth\u00e9tique et technique, confort physique, il a tout.<\/div>\n<div style=\"text-align: justify;\"><span style=\"color: #ffffff;\">\u00a0.<\/span><\/div>\n<div style=\"text-align: justify;\"><span style=\"color: #ff99cc;\">&#8211;\u00a0Si je dis Beau et un objet\u2026<\/span><\/div>\n<div style=\"text-align: justify;\">&#8211; La lampe Snoopy de Castiglioni, harmonie des mat\u00e9riaux, po\u00e9sie du d\u00e9croch\u00e9 et du d\u00e9s\u00e9quilibre en contradiction avec le poids du marbre.<\/div>\n<div style=\"text-align: justify;\"><span style=\"color: #ffffff;\">\u00a0.<\/span><\/div>\n<div style=\"text-align: justify;\"><span style=\"color: #ff99cc;\">&#8211; Si je dis Beau et un livre\u2026<\/span><\/div>\n<div style=\"text-align: justify;\">&#8211;\u00a0Supernormal de Jasper Morrisson et Naoto Fukasawa, ils recensent tous les objets marquants par leur supernormalit\u00e9.<\/div>\n<div style=\"text-align: justify;\"><span style=\"color: #ffffff;\">\u00a0.<\/span><\/div>\n<div style=\"text-align: justify;\"><span style=\"color: #ff99cc;\">&#8211; Si je dis Beau et un album de musique\u2026 <\/span><\/div>\n<div style=\"text-align: justify;\">&#8211; Paolo Conte, en boucle.<\/div>\n<div style=\"text-align: justify;\"><span style=\"color: #ffffff;\">.<\/span><\/div>\n<div style=\"text-align: justify;\"><span style=\"color: #ff99cc;\">&#8211;\u00a0Si je dis Beau et un film\u2026 <\/span><\/div>\n<div style=\"text-align: justify;\">&#8211; Love actually, 1 fois par an seulement ! (ne pas abuser des bonnes choses\u2026 )<\/div>\n<div style=\"text-align: justify;\"><span style=\"color: #ffffff;\">.<\/span><\/div>\n<div style=\"text-align: justify;\"><span style=\"color: #ff99cc;\">&#8211; Si je dis Beau et une actuelle exposition d\u2019art\u2026\u00a0<\/span><\/div>\n<div style=\"text-align: justify;\">&#8211; Il faut que je trouve le temps d&#8217;aller voir Gilles Barbier \u00e0 la Friche de la Belle de Mai \u00e0 Marseille. Sinon les derni\u00e8res rencontres de la photo d&#8217;Arles \u00e9taient vraiment int\u00e9ressantes, fournies, vari\u00e9es, belles et inspirantes !<\/div>\n<div style=\"text-align: justify;\"><span style=\"color: #ffffff;\">.<\/span><\/div>\n<div style=\"text-align: justify;\"><span style=\"color: #ff99cc;\">&#8211; Si je dis Beau et un moment&#8230;<\/span><\/div>\n<div style=\"text-align: justify;\">&#8211; Le lever du soleil depuis ma fen\u00eatre sur les calanques de Marseille.<\/div>\n<p><span style=\"color: #ffffff;\">.<\/span><br \/>\n<a href=\"https:\/\/i0.wp.com\/joyana.fr\/wp-content\/uploads\/2015\/12\/BLOG_CHEZ-LA-DESIGNER-MARGAUX-KELLER_9.jpg?ssl=1\"><img data-recalc-dims=\"1\" decoding=\"async\" data-attachment-id=\"121956\" data-permalink=\"https:\/\/www.joyana.fr\/ja\/chez-la-designer-margaux-keller\/121944\/blog_chez-la-designer-margaux-keller_16\/\" data-orig-file=\"https:\/\/i0.wp.com\/www.joyana.fr\/wp-content\/uploads\/2015\/12\/BLOG_CHEZ-LA-DESIGNER-MARGAUX-KELLER_16.jpg?fit=1700%2C1700&amp;ssl=1\" data-orig-size=\"1700,1700\" data-comments-opened=\"1\" data-image-meta=\"{&quot;aperture&quot;:&quot;0&quot;,&quot;credit&quot;:&quot;&quot;,&quot;camera&quot;:&quot;&quot;,&quot;caption&quot;:&quot;&quot;,&quot;created_timestamp&quot;:&quot;0&quot;,&quot;copyright&quot;:&quot;&quot;,&quot;focal_length&quot;:&quot;0&quot;,&quot;iso&quot;:&quot;0&quot;,&quot;shutter_speed&quot;:&quot;0&quot;,&quot;title&quot;:&quot;&quot;,&quot;orientation&quot;:&quot;1&quot;}\" data-image-title=\"BLOG_CHEZ LA DESIGNER MARGAUX KELLER_16\" data-image-description=\"\" data-image-caption=\"\" data-medium-file=\"https:\/\/i0.wp.com\/www.joyana.fr\/wp-content\/uploads\/2015\/12\/BLOG_CHEZ-LA-DESIGNER-MARGAUX-KELLER_16.jpg?fit=389%2C389&amp;ssl=1\" data-large-file=\"https:\/\/i0.wp.com\/www.joyana.fr\/wp-content\/uploads\/2015\/12\/BLOG_CHEZ-LA-DESIGNER-MARGAUX-KELLER_16.jpg?fit=1024%2C1024&amp;ssl=1\" class=\"alignnone size-full wp-image-121956\" src=\"https:\/\/i0.wp.com\/joyana.fr\/wp-content\/uploads\/2015\/12\/BLOG_CHEZ-LA-DESIGNER-MARGAUX-KELLER_16.jpg?resize=1700%2C1700&#038;ssl=1\" alt=\"BLOG_CHEZ LA DESIGNER MARGAUX KELLER_16\" width=\"1700\" height=\"1700\" srcset=\"https:\/\/i0.wp.com\/www.joyana.fr\/wp-content\/uploads\/2015\/12\/BLOG_CHEZ-LA-DESIGNER-MARGAUX-KELLER_16.jpg?w=1700&amp;ssl=1 1700w, https:\/\/i0.wp.com\/www.joyana.fr\/wp-content\/uploads\/2015\/12\/BLOG_CHEZ-LA-DESIGNER-MARGAUX-KELLER_16.jpg?resize=300%2C300&amp;ssl=1 300w, https:\/\/i0.wp.com\/www.joyana.fr\/wp-content\/uploads\/2015\/12\/BLOG_CHEZ-LA-DESIGNER-MARGAUX-KELLER_16.jpg?resize=100%2C100&amp;ssl=1 100w, https:\/\/i0.wp.com\/www.joyana.fr\/wp-content\/uploads\/2015\/12\/BLOG_CHEZ-LA-DESIGNER-MARGAUX-KELLER_16.jpg?resize=600%2C600&amp;ssl=1 600w\" sizes=\"(max-width: 1000px) 100vw, 1000px\" \/><\/a><\/p>\n<p><a href=\"https:\/\/i0.wp.com\/joyana.fr\/wp-content\/uploads\/2015\/12\/BLOG_CHEZ-LA-DESIGNER-MARGAUX-KELLER_9.jpg?ssl=1\"><img data-recalc-dims=\"1\" loading=\"lazy\" decoding=\"async\" data-attachment-id=\"121955\" data-permalink=\"https:\/\/www.joyana.fr\/ja\/chez-la-designer-margaux-keller\/121944\/blog_chez-la-designer-margaux-keller_14\/\" data-orig-file=\"https:\/\/i0.wp.com\/www.joyana.fr\/wp-content\/uploads\/2015\/12\/BLOG_CHEZ-LA-DESIGNER-MARGAUX-KELLER_14.jpg?fit=1700%2C1700&amp;ssl=1\" data-orig-size=\"1700,1700\" data-comments-opened=\"1\" data-image-meta=\"{&quot;aperture&quot;:&quot;0&quot;,&quot;credit&quot;:&quot;&quot;,&quot;camera&quot;:&quot;&quot;,&quot;caption&quot;:&quot;&quot;,&quot;created_timestamp&quot;:&quot;0&quot;,&quot;copyright&quot;:&quot;&quot;,&quot;focal_length&quot;:&quot;0&quot;,&quot;iso&quot;:&quot;0&quot;,&quot;shutter_speed&quot;:&quot;0&quot;,&quot;title&quot;:&quot;&quot;,&quot;orientation&quot;:&quot;1&quot;}\" data-image-title=\"BLOG_CHEZ LA DESIGNER MARGAUX KELLER_14\" data-image-description=\"\" data-image-caption=\"\" data-medium-file=\"https:\/\/i0.wp.com\/www.joyana.fr\/wp-content\/uploads\/2015\/12\/BLOG_CHEZ-LA-DESIGNER-MARGAUX-KELLER_14.jpg?fit=389%2C389&amp;ssl=1\" data-large-file=\"https:\/\/i0.wp.com\/www.joyana.fr\/wp-content\/uploads\/2015\/12\/BLOG_CHEZ-LA-DESIGNER-MARGAUX-KELLER_14.jpg?fit=1024%2C1024&amp;ssl=1\" class=\"alignnone size-full wp-image-121955\" src=\"https:\/\/i0.wp.com\/joyana.fr\/wp-content\/uploads\/2015\/12\/BLOG_CHEZ-LA-DESIGNER-MARGAUX-KELLER_14.jpg?resize=1700%2C1700&#038;ssl=1\" alt=\"BLOG_CHEZ LA DESIGNER MARGAUX KELLER_14\" width=\"1700\" height=\"1700\" srcset=\"https:\/\/i0.wp.com\/www.joyana.fr\/wp-content\/uploads\/2015\/12\/BLOG_CHEZ-LA-DESIGNER-MARGAUX-KELLER_14.jpg?w=1700&amp;ssl=1 1700w, https:\/\/i0.wp.com\/www.joyana.fr\/wp-content\/uploads\/2015\/12\/BLOG_CHEZ-LA-DESIGNER-MARGAUX-KELLER_14.jpg?resize=300%2C300&amp;ssl=1 300w, https:\/\/i0.wp.com\/www.joyana.fr\/wp-content\/uploads\/2015\/12\/BLOG_CHEZ-LA-DESIGNER-MARGAUX-KELLER_14.jpg?resize=100%2C100&amp;ssl=1 100w, https:\/\/i0.wp.com\/www.joyana.fr\/wp-content\/uploads\/2015\/12\/BLOG_CHEZ-LA-DESIGNER-MARGAUX-KELLER_14.jpg?resize=600%2C600&amp;ssl=1 600w\" sizes=\"(max-width: 1000px) 100vw, 1000px\" \/><\/a><\/p>\n<p><a href=\"https:\/\/i0.wp.com\/joyana.fr\/wp-content\/uploads\/2015\/12\/BLOG_CHEZ-LA-DESIGNER-MARGAUX-KELLER_9.jpg?ssl=1\"><img data-recalc-dims=\"1\" loading=\"lazy\" decoding=\"async\" data-attachment-id=\"121952\" data-permalink=\"https:\/\/www.joyana.fr\/ja\/chez-la-designer-margaux-keller\/121944\/blog_chez-la-designer-margaux-keller_9\/\" data-orig-file=\"https:\/\/i0.wp.com\/www.joyana.fr\/wp-content\/uploads\/2015\/12\/BLOG_CHEZ-LA-DESIGNER-MARGAUX-KELLER_9.jpg?fit=1700%2C1700&amp;ssl=1\" data-orig-size=\"1700,1700\" data-comments-opened=\"1\" data-image-meta=\"{&quot;aperture&quot;:&quot;0&quot;,&quot;credit&quot;:&quot;&quot;,&quot;camera&quot;:&quot;&quot;,&quot;caption&quot;:&quot;&quot;,&quot;created_timestamp&quot;:&quot;0&quot;,&quot;copyright&quot;:&quot;&quot;,&quot;focal_length&quot;:&quot;0&quot;,&quot;iso&quot;:&quot;0&quot;,&quot;shutter_speed&quot;:&quot;0&quot;,&quot;title&quot;:&quot;&quot;,&quot;orientation&quot;:&quot;1&quot;}\" data-image-title=\"BLOG_CHEZ LA DESIGNER MARGAUX KELLER_9\" data-image-description=\"\" data-image-caption=\"\" data-medium-file=\"https:\/\/i0.wp.com\/www.joyana.fr\/wp-content\/uploads\/2015\/12\/BLOG_CHEZ-LA-DESIGNER-MARGAUX-KELLER_9.jpg?fit=389%2C389&amp;ssl=1\" data-large-file=\"https:\/\/i0.wp.com\/www.joyana.fr\/wp-content\/uploads\/2015\/12\/BLOG_CHEZ-LA-DESIGNER-MARGAUX-KELLER_9.jpg?fit=1024%2C1024&amp;ssl=1\" class=\"alignnone size-full wp-image-121952\" src=\"https:\/\/i0.wp.com\/joyana.fr\/wp-content\/uploads\/2015\/12\/BLOG_CHEZ-LA-DESIGNER-MARGAUX-KELLER_9.jpg?resize=1700%2C1700&#038;ssl=1\" alt=\"BLOG_CHEZ LA DESIGNER MARGAUX KELLER_9\" width=\"1700\" height=\"1700\" srcset=\"https:\/\/i0.wp.com\/www.joyana.fr\/wp-content\/uploads\/2015\/12\/BLOG_CHEZ-LA-DESIGNER-MARGAUX-KELLER_9.jpg?w=1700&amp;ssl=1 1700w, https:\/\/i0.wp.com\/www.joyana.fr\/wp-content\/uploads\/2015\/12\/BLOG_CHEZ-LA-DESIGNER-MARGAUX-KELLER_9.jpg?resize=300%2C300&amp;ssl=1 300w, https:\/\/i0.wp.com\/www.joyana.fr\/wp-content\/uploads\/2015\/12\/BLOG_CHEZ-LA-DESIGNER-MARGAUX-KELLER_9.jpg?resize=100%2C100&amp;ssl=1 100w, https:\/\/i0.wp.com\/www.joyana.fr\/wp-content\/uploads\/2015\/12\/BLOG_CHEZ-LA-DESIGNER-MARGAUX-KELLER_9.jpg?resize=600%2C600&amp;ssl=1 600w\" sizes=\"(max-width: 1000px) 100vw, 1000px\" \/><\/a><\/p>\n<p><a href=\"https:\/\/i0.wp.com\/joyana.fr\/wp-content\/uploads\/2015\/12\/BLOG_CHEZ-LA-DESIGNER-MARGAUX-KELLER_10.jpg?ssl=1\"><img data-recalc-dims=\"1\" loading=\"lazy\" decoding=\"async\" data-attachment-id=\"121953\" data-permalink=\"https:\/\/www.joyana.fr\/ja\/chez-la-designer-margaux-keller\/121944\/blog_chez-la-designer-margaux-keller_10\/\" data-orig-file=\"https:\/\/i0.wp.com\/www.joyana.fr\/wp-content\/uploads\/2015\/12\/BLOG_CHEZ-LA-DESIGNER-MARGAUX-KELLER_10.jpg?fit=1700%2C1700&amp;ssl=1\" data-orig-size=\"1700,1700\" data-comments-opened=\"1\" data-image-meta=\"{&quot;aperture&quot;:&quot;0&quot;,&quot;credit&quot;:&quot;&quot;,&quot;camera&quot;:&quot;&quot;,&quot;caption&quot;:&quot;&quot;,&quot;created_timestamp&quot;:&quot;0&quot;,&quot;copyright&quot;:&quot;&quot;,&quot;focal_length&quot;:&quot;0&quot;,&quot;iso&quot;:&quot;0&quot;,&quot;shutter_speed&quot;:&quot;0&quot;,&quot;title&quot;:&quot;&quot;,&quot;orientation&quot;:&quot;1&quot;}\" data-image-title=\"BLOG_CHEZ LA DESIGNER MARGAUX KELLER_10\" data-image-description=\"\" data-image-caption=\"\" data-medium-file=\"https:\/\/i0.wp.com\/www.joyana.fr\/wp-content\/uploads\/2015\/12\/BLOG_CHEZ-LA-DESIGNER-MARGAUX-KELLER_10.jpg?fit=389%2C389&amp;ssl=1\" data-large-file=\"https:\/\/i0.wp.com\/www.joyana.fr\/wp-content\/uploads\/2015\/12\/BLOG_CHEZ-LA-DESIGNER-MARGAUX-KELLER_10.jpg?fit=1024%2C1024&amp;ssl=1\" class=\"alignnone size-full wp-image-121953\" src=\"https:\/\/i0.wp.com\/joyana.fr\/wp-content\/uploads\/2015\/12\/BLOG_CHEZ-LA-DESIGNER-MARGAUX-KELLER_10.jpg?resize=1700%2C1700&#038;ssl=1\" alt=\"BLOG_CHEZ LA DESIGNER MARGAUX KELLER_10\" width=\"1700\" height=\"1700\" srcset=\"https:\/\/i0.wp.com\/www.joyana.fr\/wp-content\/uploads\/2015\/12\/BLOG_CHEZ-LA-DESIGNER-MARGAUX-KELLER_10.jpg?w=1700&amp;ssl=1 1700w, https:\/\/i0.wp.com\/www.joyana.fr\/wp-content\/uploads\/2015\/12\/BLOG_CHEZ-LA-DESIGNER-MARGAUX-KELLER_10.jpg?resize=300%2C300&amp;ssl=1 300w, https:\/\/i0.wp.com\/www.joyana.fr\/wp-content\/uploads\/2015\/12\/BLOG_CHEZ-LA-DESIGNER-MARGAUX-KELLER_10.jpg?resize=100%2C100&amp;ssl=1 100w, https:\/\/i0.wp.com\/www.joyana.fr\/wp-content\/uploads\/2015\/12\/BLOG_CHEZ-LA-DESIGNER-MARGAUX-KELLER_10.jpg?resize=600%2C600&amp;ssl=1 600w\" sizes=\"(max-width: 1000px) 100vw, 1000px\" \/><\/a><\/p>\n<div data-carousel-extra='{\"blog_id\":1,\"permalink\":\"https:\\\/\\\/www.joyana.fr\\\/ja\\\/chez-la-designer-margaux-keller\\\/121944\\\/\"}' id='gallery-1' class='gallery galleryid-121944 gallery-columns-4 gallery-size-thumbnail'><figure class='gallery-item'>\r\n\t\t\t<div class='gallery-icon landscape'>\r\n\t\t\t\t<a href=\"https:\/\/i0.wp.com\/www.joyana.fr\/wp-content\/uploads\/2015\/12\/BLOG_CHEZ-LA-DESIGNER-MARGAUX-KELLER.jpg?ssl=1\"><img loading=\"lazy\" decoding=\"async\" width=\"150\" height=\"150\" src=\"https:\/\/i0.wp.com\/www.joyana.fr\/wp-content\/uploads\/2015\/12\/BLOG_CHEZ-LA-DESIGNER-MARGAUX-KELLER.jpg?resize=150%2C150&amp;ssl=1\" class=\"attachment-thumbnail size-thumbnail\" alt=\"\" srcset=\"https:\/\/i0.wp.com\/www.joyana.fr\/wp-content\/uploads\/2015\/12\/BLOG_CHEZ-LA-DESIGNER-MARGAUX-KELLER.jpg?w=1700&amp;ssl=1 1700w, https:\/\/i0.wp.com\/www.joyana.fr\/wp-content\/uploads\/2015\/12\/BLOG_CHEZ-LA-DESIGNER-MARGAUX-KELLER.jpg?resize=300%2C300&amp;ssl=1 300w, https:\/\/i0.wp.com\/www.joyana.fr\/wp-content\/uploads\/2015\/12\/BLOG_CHEZ-LA-DESIGNER-MARGAUX-KELLER.jpg?resize=100%2C100&amp;ssl=1 100w, https:\/\/i0.wp.com\/www.joyana.fr\/wp-content\/uploads\/2015\/12\/BLOG_CHEZ-LA-DESIGNER-MARGAUX-KELLER.jpg?resize=600%2C600&amp;ssl=1 600w\" sizes=\"(max-width: 150px) 100vw, 150px\" data-attachment-id=\"121958\" data-permalink=\"https:\/\/www.joyana.fr\/ja\/chez-la-designer-margaux-keller\/121944\/blog_chez-la-designer-margaux-keller\/\" data-orig-file=\"https:\/\/i0.wp.com\/www.joyana.fr\/wp-content\/uploads\/2015\/12\/BLOG_CHEZ-LA-DESIGNER-MARGAUX-KELLER.jpg?fit=1700%2C1700&amp;ssl=1\" data-orig-size=\"1700,1700\" data-comments-opened=\"1\" data-image-meta=\"{&quot;aperture&quot;:&quot;0&quot;,&quot;credit&quot;:&quot;&quot;,&quot;camera&quot;:&quot;&quot;,&quot;caption&quot;:&quot;&quot;,&quot;created_timestamp&quot;:&quot;0&quot;,&quot;copyright&quot;:&quot;&quot;,&quot;focal_length&quot;:&quot;0&quot;,&quot;iso&quot;:&quot;0&quot;,&quot;shutter_speed&quot;:&quot;0&quot;,&quot;title&quot;:&quot;&quot;,&quot;orientation&quot;:&quot;1&quot;}\" data-image-title=\"BLOG_CHEZ LA DESIGNER MARGAUX KELLER\" data-image-description=\"\" data-image-caption=\"\" data-medium-file=\"https:\/\/i0.wp.com\/www.joyana.fr\/wp-content\/uploads\/2015\/12\/BLOG_CHEZ-LA-DESIGNER-MARGAUX-KELLER.jpg?fit=389%2C389&amp;ssl=1\" data-large-file=\"https:\/\/i0.wp.com\/www.joyana.fr\/wp-content\/uploads\/2015\/12\/BLOG_CHEZ-LA-DESIGNER-MARGAUX-KELLER.jpg?fit=1024%2C1024&amp;ssl=1\" \/><\/a>\r\n\t\t\t<\/div><\/figure><figure class='gallery-item'>\r\n\t\t\t<div class='gallery-icon landscape'>\r\n\t\t\t\t<a href=\"https:\/\/i0.wp.com\/www.joyana.fr\/wp-content\/uploads\/2015\/12\/BLOG_CHEZ-LA-DESIGNER-MARGAUX-KELLER_2.jpg?ssl=1\"><img loading=\"lazy\" decoding=\"async\" width=\"150\" height=\"150\" src=\"https:\/\/i0.wp.com\/www.joyana.fr\/wp-content\/uploads\/2015\/12\/BLOG_CHEZ-LA-DESIGNER-MARGAUX-KELLER_2.jpg?resize=150%2C150&amp;ssl=1\" class=\"attachment-thumbnail size-thumbnail\" alt=\"\" srcset=\"https:\/\/i0.wp.com\/www.joyana.fr\/wp-content\/uploads\/2015\/12\/BLOG_CHEZ-LA-DESIGNER-MARGAUX-KELLER_2.jpg?w=1700&amp;ssl=1 1700w, https:\/\/i0.wp.com\/www.joyana.fr\/wp-content\/uploads\/2015\/12\/BLOG_CHEZ-LA-DESIGNER-MARGAUX-KELLER_2.jpg?resize=389%2C389&amp;ssl=1 389w, https:\/\/i0.wp.com\/www.joyana.fr\/wp-content\/uploads\/2015\/12\/BLOG_CHEZ-LA-DESIGNER-MARGAUX-KELLER_2.jpg?resize=1024%2C1024&amp;ssl=1 1024w, https:\/\/i0.wp.com\/www.joyana.fr\/wp-content\/uploads\/2015\/12\/BLOG_CHEZ-LA-DESIGNER-MARGAUX-KELLER_2.jpg?resize=150%2C150&amp;ssl=1 150w, https:\/\/i0.wp.com\/www.joyana.fr\/wp-content\/uploads\/2015\/12\/BLOG_CHEZ-LA-DESIGNER-MARGAUX-KELLER_2.jpg?resize=768%2C768&amp;ssl=1 768w, https:\/\/i0.wp.com\/www.joyana.fr\/wp-content\/uploads\/2015\/12\/BLOG_CHEZ-LA-DESIGNER-MARGAUX-KELLER_2.jpg?resize=1536%2C1536&amp;ssl=1 1536w, https:\/\/i0.wp.com\/www.joyana.fr\/wp-content\/uploads\/2015\/12\/BLOG_CHEZ-LA-DESIGNER-MARGAUX-KELLER_2.jpg?resize=600%2C600&amp;ssl=1 600w, https:\/\/i0.wp.com\/www.joyana.fr\/wp-content\/uploads\/2015\/12\/BLOG_CHEZ-LA-DESIGNER-MARGAUX-KELLER_2.jpg?resize=450%2C450&amp;ssl=1 450w, https:\/\/i0.wp.com\/www.joyana.fr\/wp-content\/uploads\/2015\/12\/BLOG_CHEZ-LA-DESIGNER-MARGAUX-KELLER_2.jpg?resize=920%2C920&amp;ssl=1 920w, https:\/\/i0.wp.com\/www.joyana.fr\/wp-content\/uploads\/2015\/12\/BLOG_CHEZ-LA-DESIGNER-MARGAUX-KELLER_2.jpg?resize=180%2C180&amp;ssl=1 180w, https:\/\/i0.wp.com\/www.joyana.fr\/wp-content\/uploads\/2015\/12\/BLOG_CHEZ-LA-DESIGNER-MARGAUX-KELLER_2.jpg?resize=300%2C300&amp;ssl=1 300w, https:\/\/i0.wp.com\/www.joyana.fr\/wp-content\/uploads\/2015\/12\/BLOG_CHEZ-LA-DESIGNER-MARGAUX-KELLER_2.jpg?resize=100%2C100&amp;ssl=1 100w\" sizes=\"(max-width: 150px) 100vw, 150px\" data-attachment-id=\"121945\" data-permalink=\"https:\/\/www.joyana.fr\/ja\/chez-la-designer-margaux-keller\/121944\/blog_chez-la-designer-margaux-keller_2\/\" data-orig-file=\"https:\/\/i0.wp.com\/www.joyana.fr\/wp-content\/uploads\/2015\/12\/BLOG_CHEZ-LA-DESIGNER-MARGAUX-KELLER_2.jpg?fit=1700%2C1700&amp;ssl=1\" data-orig-size=\"1700,1700\" data-comments-opened=\"1\" data-image-meta=\"{&quot;aperture&quot;:&quot;0&quot;,&quot;credit&quot;:&quot;&quot;,&quot;camera&quot;:&quot;&quot;,&quot;caption&quot;:&quot;&quot;,&quot;created_timestamp&quot;:&quot;0&quot;,&quot;copyright&quot;:&quot;&quot;,&quot;focal_length&quot;:&quot;0&quot;,&quot;iso&quot;:&quot;0&quot;,&quot;shutter_speed&quot;:&quot;0&quot;,&quot;title&quot;:&quot;&quot;,&quot;orientation&quot;:&quot;1&quot;}\" data-image-title=\"BLOG_CHEZ LA DESIGNER MARGAUX KELLER_2\" data-image-description=\"\" data-image-caption=\"\" data-medium-file=\"https:\/\/i0.wp.com\/www.joyana.fr\/wp-content\/uploads\/2015\/12\/BLOG_CHEZ-LA-DESIGNER-MARGAUX-KELLER_2.jpg?fit=389%2C389&amp;ssl=1\" data-large-file=\"https:\/\/i0.wp.com\/www.joyana.fr\/wp-content\/uploads\/2015\/12\/BLOG_CHEZ-LA-DESIGNER-MARGAUX-KELLER_2.jpg?fit=1024%2C1024&amp;ssl=1\" \/><\/a>\r\n\t\t\t<\/div><\/figure><figure class='gallery-item'>\r\n\t\t\t<div class='gallery-icon landscape'>\r\n\t\t\t\t<a href=\"https:\/\/i0.wp.com\/www.joyana.fr\/wp-content\/uploads\/2015\/12\/BLOG_CHEZ-LA-DESIGNER-MARGAUX-KELLER_8.jpg?ssl=1\"><img loading=\"lazy\" decoding=\"async\" width=\"150\" height=\"150\" src=\"https:\/\/i0.wp.com\/www.joyana.fr\/wp-content\/uploads\/2015\/12\/BLOG_CHEZ-LA-DESIGNER-MARGAUX-KELLER_8.jpg?resize=150%2C150&amp;ssl=1\" class=\"attachment-thumbnail size-thumbnail\" alt=\"\" srcset=\"https:\/\/i0.wp.com\/www.joyana.fr\/wp-content\/uploads\/2015\/12\/BLOG_CHEZ-LA-DESIGNER-MARGAUX-KELLER_8.jpg?w=1700&amp;ssl=1 1700w, https:\/\/i0.wp.com\/www.joyana.fr\/wp-content\/uploads\/2015\/12\/BLOG_CHEZ-LA-DESIGNER-MARGAUX-KELLER_8.jpg?resize=300%2C300&amp;ssl=1 300w, https:\/\/i0.wp.com\/www.joyana.fr\/wp-content\/uploads\/2015\/12\/BLOG_CHEZ-LA-DESIGNER-MARGAUX-KELLER_8.jpg?resize=100%2C100&amp;ssl=1 100w, https:\/\/i0.wp.com\/www.joyana.fr\/wp-content\/uploads\/2015\/12\/BLOG_CHEZ-LA-DESIGNER-MARGAUX-KELLER_8.jpg?resize=600%2C600&amp;ssl=1 600w\" sizes=\"(max-width: 150px) 100vw, 150px\" data-attachment-id=\"121951\" data-permalink=\"https:\/\/www.joyana.fr\/ja\/chez-la-designer-margaux-keller\/121944\/blog_chez-la-designer-margaux-keller_8\/\" data-orig-file=\"https:\/\/i0.wp.com\/www.joyana.fr\/wp-content\/uploads\/2015\/12\/BLOG_CHEZ-LA-DESIGNER-MARGAUX-KELLER_8.jpg?fit=1700%2C1700&amp;ssl=1\" data-orig-size=\"1700,1700\" data-comments-opened=\"1\" data-image-meta=\"{&quot;aperture&quot;:&quot;0&quot;,&quot;credit&quot;:&quot;&quot;,&quot;camera&quot;:&quot;&quot;,&quot;caption&quot;:&quot;&quot;,&quot;created_timestamp&quot;:&quot;0&quot;,&quot;copyright&quot;:&quot;&quot;,&quot;focal_length&quot;:&quot;0&quot;,&quot;iso&quot;:&quot;0&quot;,&quot;shutter_speed&quot;:&quot;0&quot;,&quot;title&quot;:&quot;&quot;,&quot;orientation&quot;:&quot;1&quot;}\" data-image-title=\"BLOG_CHEZ LA DESIGNER MARGAUX KELLER_8\" data-image-description=\"\" data-image-caption=\"\" data-medium-file=\"https:\/\/i0.wp.com\/www.joyana.fr\/wp-content\/uploads\/2015\/12\/BLOG_CHEZ-LA-DESIGNER-MARGAUX-KELLER_8.jpg?fit=389%2C389&amp;ssl=1\" data-large-file=\"https:\/\/i0.wp.com\/www.joyana.fr\/wp-content\/uploads\/2015\/12\/BLOG_CHEZ-LA-DESIGNER-MARGAUX-KELLER_8.jpg?fit=1024%2C1024&amp;ssl=1\" \/><\/a>\r\n\t\t\t<\/div><\/figure><figure class='gallery-item'>\r\n\t\t\t<div class='gallery-icon landscape'>\r\n\t\t\t\t<a href=\"https:\/\/i0.wp.com\/www.joyana.fr\/wp-content\/uploads\/2015\/12\/BLOG_CHEZ-LA-DESIGNER-MARGAUX-KELLER_12.jpg?ssl=1\"><img loading=\"lazy\" decoding=\"async\" width=\"150\" height=\"150\" src=\"https:\/\/i0.wp.com\/www.joyana.fr\/wp-content\/uploads\/2015\/12\/BLOG_CHEZ-LA-DESIGNER-MARGAUX-KELLER_12.jpg?resize=150%2C150&amp;ssl=1\" class=\"attachment-thumbnail size-thumbnail\" alt=\"\" srcset=\"https:\/\/i0.wp.com\/www.joyana.fr\/wp-content\/uploads\/2015\/12\/BLOG_CHEZ-LA-DESIGNER-MARGAUX-KELLER_12.jpg?w=1700&amp;ssl=1 1700w, https:\/\/i0.wp.com\/www.joyana.fr\/wp-content\/uploads\/2015\/12\/BLOG_CHEZ-LA-DESIGNER-MARGAUX-KELLER_12.jpg?resize=300%2C300&amp;ssl=1 300w, https:\/\/i0.wp.com\/www.joyana.fr\/wp-content\/uploads\/2015\/12\/BLOG_CHEZ-LA-DESIGNER-MARGAUX-KELLER_12.jpg?resize=100%2C100&amp;ssl=1 100w, https:\/\/i0.wp.com\/www.joyana.fr\/wp-content\/uploads\/2015\/12\/BLOG_CHEZ-LA-DESIGNER-MARGAUX-KELLER_12.jpg?resize=600%2C600&amp;ssl=1 600w\" sizes=\"(max-width: 150px) 100vw, 150px\" data-attachment-id=\"121954\" data-permalink=\"https:\/\/www.joyana.fr\/ja\/chez-la-designer-margaux-keller\/121944\/blog_chez-la-designer-margaux-keller_12\/\" data-orig-file=\"https:\/\/i0.wp.com\/www.joyana.fr\/wp-content\/uploads\/2015\/12\/BLOG_CHEZ-LA-DESIGNER-MARGAUX-KELLER_12.jpg?fit=1700%2C1700&amp;ssl=1\" data-orig-size=\"1700,1700\" data-comments-opened=\"1\" data-image-meta=\"{&quot;aperture&quot;:&quot;0&quot;,&quot;credit&quot;:&quot;&quot;,&quot;camera&quot;:&quot;&quot;,&quot;caption&quot;:&quot;&quot;,&quot;created_timestamp&quot;:&quot;0&quot;,&quot;copyright&quot;:&quot;&quot;,&quot;focal_length&quot;:&quot;0&quot;,&quot;iso&quot;:&quot;0&quot;,&quot;shutter_speed&quot;:&quot;0&quot;,&quot;title&quot;:&quot;&quot;,&quot;orientation&quot;:&quot;1&quot;}\" data-image-title=\"BLOG_CHEZ LA DESIGNER MARGAUX KELLER_12\" data-image-description=\"\" data-image-caption=\"\" data-medium-file=\"https:\/\/i0.wp.com\/www.joyana.fr\/wp-content\/uploads\/2015\/12\/BLOG_CHEZ-LA-DESIGNER-MARGAUX-KELLER_12.jpg?fit=389%2C389&amp;ssl=1\" data-large-file=\"https:\/\/i0.wp.com\/www.joyana.fr\/wp-content\/uploads\/2015\/12\/BLOG_CHEZ-LA-DESIGNER-MARGAUX-KELLER_12.jpg?fit=1024%2C1024&amp;ssl=1\" \/><\/a>\r\n\t\t\t<\/div><\/figure><figure class='gallery-item'>\r\n\t\t\t<div class='gallery-icon landscape'>\r\n\t\t\t\t<a href=\"https:\/\/i0.wp.com\/www.joyana.fr\/wp-content\/uploads\/2015\/12\/BLOG_CHEZ-LA-DESIGNER-MARGAUX-KELLER_14.jpg?ssl=1\"><img loading=\"lazy\" decoding=\"async\" width=\"150\" height=\"150\" src=\"https:\/\/i0.wp.com\/www.joyana.fr\/wp-content\/uploads\/2015\/12\/BLOG_CHEZ-LA-DESIGNER-MARGAUX-KELLER_14.jpg?resize=150%2C150&amp;ssl=1\" class=\"attachment-thumbnail size-thumbnail\" alt=\"\" srcset=\"https:\/\/i0.wp.com\/www.joyana.fr\/wp-content\/uploads\/2015\/12\/BLOG_CHEZ-LA-DESIGNER-MARGAUX-KELLER_14.jpg?w=1700&amp;ssl=1 1700w, https:\/\/i0.wp.com\/www.joyana.fr\/wp-content\/uploads\/2015\/12\/BLOG_CHEZ-LA-DESIGNER-MARGAUX-KELLER_14.jpg?resize=300%2C300&amp;ssl=1 300w, https:\/\/i0.wp.com\/www.joyana.fr\/wp-content\/uploads\/2015\/12\/BLOG_CHEZ-LA-DESIGNER-MARGAUX-KELLER_14.jpg?resize=100%2C100&amp;ssl=1 100w, https:\/\/i0.wp.com\/www.joyana.fr\/wp-content\/uploads\/2015\/12\/BLOG_CHEZ-LA-DESIGNER-MARGAUX-KELLER_14.jpg?resize=600%2C600&amp;ssl=1 600w\" sizes=\"(max-width: 150px) 100vw, 150px\" data-attachment-id=\"121955\" data-permalink=\"https:\/\/www.joyana.fr\/ja\/chez-la-designer-margaux-keller\/121944\/blog_chez-la-designer-margaux-keller_14\/\" data-orig-file=\"https:\/\/i0.wp.com\/www.joyana.fr\/wp-content\/uploads\/2015\/12\/BLOG_CHEZ-LA-DESIGNER-MARGAUX-KELLER_14.jpg?fit=1700%2C1700&amp;ssl=1\" data-orig-size=\"1700,1700\" data-comments-opened=\"1\" data-image-meta=\"{&quot;aperture&quot;:&quot;0&quot;,&quot;credit&quot;:&quot;&quot;,&quot;camera&quot;:&quot;&quot;,&quot;caption&quot;:&quot;&quot;,&quot;created_timestamp&quot;:&quot;0&quot;,&quot;copyright&quot;:&quot;&quot;,&quot;focal_length&quot;:&quot;0&quot;,&quot;iso&quot;:&quot;0&quot;,&quot;shutter_speed&quot;:&quot;0&quot;,&quot;title&quot;:&quot;&quot;,&quot;orientation&quot;:&quot;1&quot;}\" data-image-title=\"BLOG_CHEZ LA DESIGNER MARGAUX KELLER_14\" data-image-description=\"\" data-image-caption=\"\" data-medium-file=\"https:\/\/i0.wp.com\/www.joyana.fr\/wp-content\/uploads\/2015\/12\/BLOG_CHEZ-LA-DESIGNER-MARGAUX-KELLER_14.jpg?fit=389%2C389&amp;ssl=1\" data-large-file=\"https:\/\/i0.wp.com\/www.joyana.fr\/wp-content\/uploads\/2015\/12\/BLOG_CHEZ-LA-DESIGNER-MARGAUX-KELLER_14.jpg?fit=1024%2C1024&amp;ssl=1\" \/><\/a>\r\n\t\t\t<\/div><\/figure><figure class='gallery-item'>\r\n\t\t\t<div class='gallery-icon landscape'>\r\n\t\t\t\t<a href=\"https:\/\/i0.wp.com\/www.joyana.fr\/wp-content\/uploads\/2015\/12\/BLOG_CHEZ-LA-DESIGNER-MARGAUX-KELLER_6.jpg?ssl=1\"><img loading=\"lazy\" decoding=\"async\" width=\"150\" height=\"150\" src=\"https:\/\/i0.wp.com\/www.joyana.fr\/wp-content\/uploads\/2015\/12\/BLOG_CHEZ-LA-DESIGNER-MARGAUX-KELLER_6.jpg?resize=150%2C150&amp;ssl=1\" class=\"attachment-thumbnail size-thumbnail\" alt=\"\" srcset=\"https:\/\/i0.wp.com\/www.joyana.fr\/wp-content\/uploads\/2015\/12\/BLOG_CHEZ-LA-DESIGNER-MARGAUX-KELLER_6.jpg?w=1700&amp;ssl=1 1700w, https:\/\/i0.wp.com\/www.joyana.fr\/wp-content\/uploads\/2015\/12\/BLOG_CHEZ-LA-DESIGNER-MARGAUX-KELLER_6.jpg?resize=300%2C300&amp;ssl=1 300w, https:\/\/i0.wp.com\/www.joyana.fr\/wp-content\/uploads\/2015\/12\/BLOG_CHEZ-LA-DESIGNER-MARGAUX-KELLER_6.jpg?resize=100%2C100&amp;ssl=1 100w, https:\/\/i0.wp.com\/www.joyana.fr\/wp-content\/uploads\/2015\/12\/BLOG_CHEZ-LA-DESIGNER-MARGAUX-KELLER_6.jpg?resize=600%2C600&amp;ssl=1 600w\" sizes=\"(max-width: 150px) 100vw, 150px\" data-attachment-id=\"121949\" data-permalink=\"https:\/\/www.joyana.fr\/ja\/chez-la-designer-margaux-keller\/121944\/blog_chez-la-designer-margaux-keller_6\/\" data-orig-file=\"https:\/\/i0.wp.com\/www.joyana.fr\/wp-content\/uploads\/2015\/12\/BLOG_CHEZ-LA-DESIGNER-MARGAUX-KELLER_6.jpg?fit=1700%2C1700&amp;ssl=1\" data-orig-size=\"1700,1700\" data-comments-opened=\"1\" data-image-meta=\"{&quot;aperture&quot;:&quot;0&quot;,&quot;credit&quot;:&quot;&quot;,&quot;camera&quot;:&quot;&quot;,&quot;caption&quot;:&quot;&quot;,&quot;created_timestamp&quot;:&quot;0&quot;,&quot;copyright&quot;:&quot;&quot;,&quot;focal_length&quot;:&quot;0&quot;,&quot;iso&quot;:&quot;0&quot;,&quot;shutter_speed&quot;:&quot;0&quot;,&quot;title&quot;:&quot;&quot;,&quot;orientation&quot;:&quot;1&quot;}\" data-image-title=\"BLOG_CHEZ LA DESIGNER MARGAUX KELLER_6\" data-image-description=\"\" data-image-caption=\"\" data-medium-file=\"https:\/\/i0.wp.com\/www.joyana.fr\/wp-content\/uploads\/2015\/12\/BLOG_CHEZ-LA-DESIGNER-MARGAUX-KELLER_6.jpg?fit=389%2C389&amp;ssl=1\" data-large-file=\"https:\/\/i0.wp.com\/www.joyana.fr\/wp-content\/uploads\/2015\/12\/BLOG_CHEZ-LA-DESIGNER-MARGAUX-KELLER_6.jpg?fit=1024%2C1024&amp;ssl=1\" \/><\/a>\r\n\t\t\t<\/div><\/figure><figure class='gallery-item'>\r\n\t\t\t<div class='gallery-icon landscape'>\r\n\t\t\t\t<a href=\"https:\/\/i0.wp.com\/www.joyana.fr\/wp-content\/uploads\/2015\/12\/BLOG_CHEZ-LA-DESIGNER-MARGAUX-KELLER_5.jpg?ssl=1\"><img loading=\"lazy\" decoding=\"async\" width=\"150\" height=\"150\" src=\"https:\/\/i0.wp.com\/www.joyana.fr\/wp-content\/uploads\/2015\/12\/BLOG_CHEZ-LA-DESIGNER-MARGAUX-KELLER_5.jpg?resize=150%2C150&amp;ssl=1\" class=\"attachment-thumbnail size-thumbnail\" alt=\"\" srcset=\"https:\/\/i0.wp.com\/www.joyana.fr\/wp-content\/uploads\/2015\/12\/BLOG_CHEZ-LA-DESIGNER-MARGAUX-KELLER_5.jpg?w=1700&amp;ssl=1 1700w, https:\/\/i0.wp.com\/www.joyana.fr\/wp-content\/uploads\/2015\/12\/BLOG_CHEZ-LA-DESIGNER-MARGAUX-KELLER_5.jpg?resize=300%2C300&amp;ssl=1 300w, https:\/\/i0.wp.com\/www.joyana.fr\/wp-content\/uploads\/2015\/12\/BLOG_CHEZ-LA-DESIGNER-MARGAUX-KELLER_5.jpg?resize=100%2C100&amp;ssl=1 100w, https:\/\/i0.wp.com\/www.joyana.fr\/wp-content\/uploads\/2015\/12\/BLOG_CHEZ-LA-DESIGNER-MARGAUX-KELLER_5.jpg?resize=600%2C600&amp;ssl=1 600w\" sizes=\"(max-width: 150px) 100vw, 150px\" data-attachment-id=\"121948\" data-permalink=\"https:\/\/www.joyana.fr\/ja\/chez-la-designer-margaux-keller\/121944\/blog_chez-la-designer-margaux-keller_5\/\" data-orig-file=\"https:\/\/i0.wp.com\/www.joyana.fr\/wp-content\/uploads\/2015\/12\/BLOG_CHEZ-LA-DESIGNER-MARGAUX-KELLER_5.jpg?fit=1700%2C1700&amp;ssl=1\" data-orig-size=\"1700,1700\" data-comments-opened=\"1\" data-image-meta=\"{&quot;aperture&quot;:&quot;0&quot;,&quot;credit&quot;:&quot;&quot;,&quot;camera&quot;:&quot;&quot;,&quot;caption&quot;:&quot;&quot;,&quot;created_timestamp&quot;:&quot;0&quot;,&quot;copyright&quot;:&quot;&quot;,&quot;focal_length&quot;:&quot;0&quot;,&quot;iso&quot;:&quot;0&quot;,&quot;shutter_speed&quot;:&quot;0&quot;,&quot;title&quot;:&quot;&quot;,&quot;orientation&quot;:&quot;1&quot;}\" data-image-title=\"BLOG_CHEZ LA DESIGNER MARGAUX KELLER_5\" data-image-description=\"\" data-image-caption=\"\" data-medium-file=\"https:\/\/i0.wp.com\/www.joyana.fr\/wp-content\/uploads\/2015\/12\/BLOG_CHEZ-LA-DESIGNER-MARGAUX-KELLER_5.jpg?fit=389%2C389&amp;ssl=1\" data-large-file=\"https:\/\/i0.wp.com\/www.joyana.fr\/wp-content\/uploads\/2015\/12\/BLOG_CHEZ-LA-DESIGNER-MARGAUX-KELLER_5.jpg?fit=1024%2C1024&amp;ssl=1\" \/><\/a>\r\n\t\t\t<\/div><\/figure><figure class='gallery-item'>\r\n\t\t\t<div class='gallery-icon landscape'>\r\n\t\t\t\t<a href=\"https:\/\/i0.wp.com\/www.joyana.fr\/wp-content\/uploads\/2015\/12\/BLOG_CHEZ-LA-DESIGNER-MARGAUX-KELLER_4.jpg?ssl=1\"><img loading=\"lazy\" decoding=\"async\" width=\"150\" height=\"150\" src=\"https:\/\/i0.wp.com\/www.joyana.fr\/wp-content\/uploads\/2015\/12\/BLOG_CHEZ-LA-DESIGNER-MARGAUX-KELLER_4.jpg?resize=150%2C150&amp;ssl=1\" class=\"attachment-thumbnail size-thumbnail\" alt=\"\" srcset=\"https:\/\/i0.wp.com\/www.joyana.fr\/wp-content\/uploads\/2015\/12\/BLOG_CHEZ-LA-DESIGNER-MARGAUX-KELLER_4.jpg?w=1700&amp;ssl=1 1700w, https:\/\/i0.wp.com\/www.joyana.fr\/wp-content\/uploads\/2015\/12\/BLOG_CHEZ-LA-DESIGNER-MARGAUX-KELLER_4.jpg?resize=300%2C300&amp;ssl=1 300w, https:\/\/i0.wp.com\/www.joyana.fr\/wp-content\/uploads\/2015\/12\/BLOG_CHEZ-LA-DESIGNER-MARGAUX-KELLER_4.jpg?resize=100%2C100&amp;ssl=1 100w, https:\/\/i0.wp.com\/www.joyana.fr\/wp-content\/uploads\/2015\/12\/BLOG_CHEZ-LA-DESIGNER-MARGAUX-KELLER_4.jpg?resize=600%2C600&amp;ssl=1 600w\" sizes=\"(max-width: 150px) 100vw, 150px\" data-attachment-id=\"121947\" data-permalink=\"https:\/\/www.joyana.fr\/ja\/chez-la-designer-margaux-keller\/121944\/blog_chez-la-designer-margaux-keller_4\/\" data-orig-file=\"https:\/\/i0.wp.com\/www.joyana.fr\/wp-content\/uploads\/2015\/12\/BLOG_CHEZ-LA-DESIGNER-MARGAUX-KELLER_4.jpg?fit=1700%2C1700&amp;ssl=1\" data-orig-size=\"1700,1700\" data-comments-opened=\"1\" data-image-meta=\"{&quot;aperture&quot;:&quot;0&quot;,&quot;credit&quot;:&quot;&quot;,&quot;camera&quot;:&quot;&quot;,&quot;caption&quot;:&quot;&quot;,&quot;created_timestamp&quot;:&quot;0&quot;,&quot;copyright&quot;:&quot;&quot;,&quot;focal_length&quot;:&quot;0&quot;,&quot;iso&quot;:&quot;0&quot;,&quot;shutter_speed&quot;:&quot;0&quot;,&quot;title&quot;:&quot;&quot;,&quot;orientation&quot;:&quot;1&quot;}\" data-image-title=\"BLOG_CHEZ LA DESIGNER MARGAUX KELLER_4\" data-image-description=\"\" data-image-caption=\"\" data-medium-file=\"https:\/\/i0.wp.com\/www.joyana.fr\/wp-content\/uploads\/2015\/12\/BLOG_CHEZ-LA-DESIGNER-MARGAUX-KELLER_4.jpg?fit=389%2C389&amp;ssl=1\" data-large-file=\"https:\/\/i0.wp.com\/www.joyana.fr\/wp-content\/uploads\/2015\/12\/BLOG_CHEZ-LA-DESIGNER-MARGAUX-KELLER_4.jpg?fit=1024%2C1024&amp;ssl=1\" \/><\/a>\r\n\t\t\t<\/div><\/figure><figure class='gallery-item'>\r\n\t\t\t<div class='gallery-icon landscape'>\r\n\t\t\t\t<a href=\"https:\/\/i0.wp.com\/www.joyana.fr\/wp-content\/uploads\/2015\/12\/BLOG_CHEZ-LA-DESIGNER-MARGAUX-KELLER_3.jpg?ssl=1\"><img loading=\"lazy\" decoding=\"async\" width=\"150\" height=\"150\" src=\"https:\/\/i0.wp.com\/www.joyana.fr\/wp-content\/uploads\/2015\/12\/BLOG_CHEZ-LA-DESIGNER-MARGAUX-KELLER_3.jpg?resize=150%2C150&amp;ssl=1\" class=\"attachment-thumbnail size-thumbnail\" alt=\"\" srcset=\"https:\/\/i0.wp.com\/www.joyana.fr\/wp-content\/uploads\/2015\/12\/BLOG_CHEZ-LA-DESIGNER-MARGAUX-KELLER_3.jpg?w=1700&amp;ssl=1 1700w, https:\/\/i0.wp.com\/www.joyana.fr\/wp-content\/uploads\/2015\/12\/BLOG_CHEZ-LA-DESIGNER-MARGAUX-KELLER_3.jpg?resize=300%2C300&amp;ssl=1 300w, https:\/\/i0.wp.com\/www.joyana.fr\/wp-content\/uploads\/2015\/12\/BLOG_CHEZ-LA-DESIGNER-MARGAUX-KELLER_3.jpg?resize=100%2C100&amp;ssl=1 100w, https:\/\/i0.wp.com\/www.joyana.fr\/wp-content\/uploads\/2015\/12\/BLOG_CHEZ-LA-DESIGNER-MARGAUX-KELLER_3.jpg?resize=600%2C600&amp;ssl=1 600w\" sizes=\"(max-width: 150px) 100vw, 150px\" data-attachment-id=\"121946\" data-permalink=\"https:\/\/www.joyana.fr\/ja\/chez-la-designer-margaux-keller\/121944\/blog_chez-la-designer-margaux-keller_3\/\" data-orig-file=\"https:\/\/i0.wp.com\/www.joyana.fr\/wp-content\/uploads\/2015\/12\/BLOG_CHEZ-LA-DESIGNER-MARGAUX-KELLER_3.jpg?fit=1700%2C1700&amp;ssl=1\" data-orig-size=\"1700,1700\" data-comments-opened=\"1\" data-image-meta=\"{&quot;aperture&quot;:&quot;0&quot;,&quot;credit&quot;:&quot;&quot;,&quot;camera&quot;:&quot;&quot;,&quot;caption&quot;:&quot;&quot;,&quot;created_timestamp&quot;:&quot;0&quot;,&quot;copyright&quot;:&quot;&quot;,&quot;focal_length&quot;:&quot;0&quot;,&quot;iso&quot;:&quot;0&quot;,&quot;shutter_speed&quot;:&quot;0&quot;,&quot;title&quot;:&quot;&quot;,&quot;orientation&quot;:&quot;1&quot;}\" data-image-title=\"BLOG_CHEZ LA DESIGNER MARGAUX KELLER_3\" data-image-description=\"\" data-image-caption=\"\" data-medium-file=\"https:\/\/i0.wp.com\/www.joyana.fr\/wp-content\/uploads\/2015\/12\/BLOG_CHEZ-LA-DESIGNER-MARGAUX-KELLER_3.jpg?fit=389%2C389&amp;ssl=1\" data-large-file=\"https:\/\/i0.wp.com\/www.joyana.fr\/wp-content\/uploads\/2015\/12\/BLOG_CHEZ-LA-DESIGNER-MARGAUX-KELLER_3.jpg?fit=1024%2C1024&amp;ssl=1\" \/><\/a>\r\n\t\t\t<\/div><\/figure><figure class='gallery-item'>\r\n\t\t\t<div class='gallery-icon landscape'>\r\n\t\t\t\t<a href=\"https:\/\/i0.wp.com\/www.joyana.fr\/wp-content\/uploads\/2015\/12\/BLOG_CHEZ-LA-DESIGNER-MARGAUX-KELLER_7.jpg?ssl=1\"><img loading=\"lazy\" decoding=\"async\" width=\"150\" height=\"150\" src=\"https:\/\/i0.wp.com\/www.joyana.fr\/wp-content\/uploads\/2015\/12\/BLOG_CHEZ-LA-DESIGNER-MARGAUX-KELLER_7.jpg?resize=150%2C150&amp;ssl=1\" class=\"attachment-thumbnail size-thumbnail\" alt=\"\" srcset=\"https:\/\/i0.wp.com\/www.joyana.fr\/wp-content\/uploads\/2015\/12\/BLOG_CHEZ-LA-DESIGNER-MARGAUX-KELLER_7.jpg?w=1700&amp;ssl=1 1700w, https:\/\/i0.wp.com\/www.joyana.fr\/wp-content\/uploads\/2015\/12\/BLOG_CHEZ-LA-DESIGNER-MARGAUX-KELLER_7.jpg?resize=300%2C300&amp;ssl=1 300w, https:\/\/i0.wp.com\/www.joyana.fr\/wp-content\/uploads\/2015\/12\/BLOG_CHEZ-LA-DESIGNER-MARGAUX-KELLER_7.jpg?resize=100%2C100&amp;ssl=1 100w, https:\/\/i0.wp.com\/www.joyana.fr\/wp-content\/uploads\/2015\/12\/BLOG_CHEZ-LA-DESIGNER-MARGAUX-KELLER_7.jpg?resize=600%2C600&amp;ssl=1 600w\" sizes=\"(max-width: 150px) 100vw, 150px\" data-attachment-id=\"121950\" data-permalink=\"https:\/\/www.joyana.fr\/ja\/chez-la-designer-margaux-keller\/121944\/blog_chez-la-designer-margaux-keller_7\/\" data-orig-file=\"https:\/\/i0.wp.com\/www.joyana.fr\/wp-content\/uploads\/2015\/12\/BLOG_CHEZ-LA-DESIGNER-MARGAUX-KELLER_7.jpg?fit=1700%2C1700&amp;ssl=1\" data-orig-size=\"1700,1700\" data-comments-opened=\"1\" data-image-meta=\"{&quot;aperture&quot;:&quot;0&quot;,&quot;credit&quot;:&quot;&quot;,&quot;camera&quot;:&quot;&quot;,&quot;caption&quot;:&quot;&quot;,&quot;created_timestamp&quot;:&quot;0&quot;,&quot;copyright&quot;:&quot;&quot;,&quot;focal_length&quot;:&quot;0&quot;,&quot;iso&quot;:&quot;0&quot;,&quot;shutter_speed&quot;:&quot;0&quot;,&quot;title&quot;:&quot;&quot;,&quot;orientation&quot;:&quot;1&quot;}\" data-image-title=\"BLOG_CHEZ LA DESIGNER MARGAUX KELLER_7\" data-image-description=\"\" data-image-caption=\"\" data-medium-file=\"https:\/\/i0.wp.com\/www.joyana.fr\/wp-content\/uploads\/2015\/12\/BLOG_CHEZ-LA-DESIGNER-MARGAUX-KELLER_7.jpg?fit=389%2C389&amp;ssl=1\" data-large-file=\"https:\/\/i0.wp.com\/www.joyana.fr\/wp-content\/uploads\/2015\/12\/BLOG_CHEZ-LA-DESIGNER-MARGAUX-KELLER_7.jpg?fit=1024%2C1024&amp;ssl=1\" \/><\/a>\r\n\t\t\t<\/div><\/figure><figure class='gallery-item'>\r\n\t\t\t<div class='gallery-icon landscape'>\r\n\t\t\t\t<a href=\"https:\/\/i0.wp.com\/www.joyana.fr\/wp-content\/uploads\/2015\/12\/BLOG_CHEZ-LA-DESIGNER-MARGAUX-KELLER_16.jpg?ssl=1\"><img loading=\"lazy\" decoding=\"async\" width=\"150\" height=\"150\" src=\"https:\/\/i0.wp.com\/www.joyana.fr\/wp-content\/uploads\/2015\/12\/BLOG_CHEZ-LA-DESIGNER-MARGAUX-KELLER_16.jpg?resize=150%2C150&amp;ssl=1\" class=\"attachment-thumbnail size-thumbnail\" alt=\"\" srcset=\"https:\/\/i0.wp.com\/www.joyana.fr\/wp-content\/uploads\/2015\/12\/BLOG_CHEZ-LA-DESIGNER-MARGAUX-KELLER_16.jpg?w=1700&amp;ssl=1 1700w, https:\/\/i0.wp.com\/www.joyana.fr\/wp-content\/uploads\/2015\/12\/BLOG_CHEZ-LA-DESIGNER-MARGAUX-KELLER_16.jpg?resize=300%2C300&amp;ssl=1 300w, https:\/\/i0.wp.com\/www.joyana.fr\/wp-content\/uploads\/2015\/12\/BLOG_CHEZ-LA-DESIGNER-MARGAUX-KELLER_16.jpg?resize=100%2C100&amp;ssl=1 100w, https:\/\/i0.wp.com\/www.joyana.fr\/wp-content\/uploads\/2015\/12\/BLOG_CHEZ-LA-DESIGNER-MARGAUX-KELLER_16.jpg?resize=600%2C600&amp;ssl=1 600w\" sizes=\"(max-width: 150px) 100vw, 150px\" data-attachment-id=\"121956\" data-permalink=\"https:\/\/www.joyana.fr\/ja\/chez-la-designer-margaux-keller\/121944\/blog_chez-la-designer-margaux-keller_16\/\" data-orig-file=\"https:\/\/i0.wp.com\/www.joyana.fr\/wp-content\/uploads\/2015\/12\/BLOG_CHEZ-LA-DESIGNER-MARGAUX-KELLER_16.jpg?fit=1700%2C1700&amp;ssl=1\" data-orig-size=\"1700,1700\" data-comments-opened=\"1\" data-image-meta=\"{&quot;aperture&quot;:&quot;0&quot;,&quot;credit&quot;:&quot;&quot;,&quot;camera&quot;:&quot;&quot;,&quot;caption&quot;:&quot;&quot;,&quot;created_timestamp&quot;:&quot;0&quot;,&quot;copyright&quot;:&quot;&quot;,&quot;focal_length&quot;:&quot;0&quot;,&quot;iso&quot;:&quot;0&quot;,&quot;shutter_speed&quot;:&quot;0&quot;,&quot;title&quot;:&quot;&quot;,&quot;orientation&quot;:&quot;1&quot;}\" data-image-title=\"BLOG_CHEZ LA DESIGNER MARGAUX KELLER_16\" data-image-description=\"\" data-image-caption=\"\" data-medium-file=\"https:\/\/i0.wp.com\/www.joyana.fr\/wp-content\/uploads\/2015\/12\/BLOG_CHEZ-LA-DESIGNER-MARGAUX-KELLER_16.jpg?fit=389%2C389&amp;ssl=1\" data-large-file=\"https:\/\/i0.wp.com\/www.joyana.fr\/wp-content\/uploads\/2015\/12\/BLOG_CHEZ-LA-DESIGNER-MARGAUX-KELLER_16.jpg?fit=1024%2C1024&amp;ssl=1\" \/><\/a>\r\n\t\t\t<\/div><\/figure><figure class='gallery-item'>\r\n\t\t\t<div class='gallery-icon landscape'>\r\n\t\t\t\t<a href=\"https:\/\/i0.wp.com\/www.joyana.fr\/wp-content\/uploads\/2015\/12\/BLOG_CHEZ-LA-DESIGNER-MARGAUX-KELLER_17.jpg?ssl=1\"><img loading=\"lazy\" decoding=\"async\" width=\"150\" height=\"150\" src=\"https:\/\/i0.wp.com\/www.joyana.fr\/wp-content\/uploads\/2015\/12\/BLOG_CHEZ-LA-DESIGNER-MARGAUX-KELLER_17.jpg?resize=150%2C150&amp;ssl=1\" class=\"attachment-thumbnail size-thumbnail\" alt=\"\" srcset=\"https:\/\/i0.wp.com\/www.joyana.fr\/wp-content\/uploads\/2015\/12\/BLOG_CHEZ-LA-DESIGNER-MARGAUX-KELLER_17.jpg?w=1700&amp;ssl=1 1700w, https:\/\/i0.wp.com\/www.joyana.fr\/wp-content\/uploads\/2015\/12\/BLOG_CHEZ-LA-DESIGNER-MARGAUX-KELLER_17.jpg?resize=300%2C300&amp;ssl=1 300w, https:\/\/i0.wp.com\/www.joyana.fr\/wp-content\/uploads\/2015\/12\/BLOG_CHEZ-LA-DESIGNER-MARGAUX-KELLER_17.jpg?resize=100%2C100&amp;ssl=1 100w, https:\/\/i0.wp.com\/www.joyana.fr\/wp-content\/uploads\/2015\/12\/BLOG_CHEZ-LA-DESIGNER-MARGAUX-KELLER_17.jpg?resize=600%2C600&amp;ssl=1 600w\" sizes=\"(max-width: 150px) 100vw, 150px\" data-attachment-id=\"121957\" data-permalink=\"https:\/\/www.joyana.fr\/ja\/chez-la-designer-margaux-keller\/121944\/blog_chez-la-designer-margaux-keller_17\/\" data-orig-file=\"https:\/\/i0.wp.com\/www.joyana.fr\/wp-content\/uploads\/2015\/12\/BLOG_CHEZ-LA-DESIGNER-MARGAUX-KELLER_17.jpg?fit=1700%2C1700&amp;ssl=1\" data-orig-size=\"1700,1700\" data-comments-opened=\"1\" data-image-meta=\"{&quot;aperture&quot;:&quot;0&quot;,&quot;credit&quot;:&quot;&quot;,&quot;camera&quot;:&quot;&quot;,&quot;caption&quot;:&quot;&quot;,&quot;created_timestamp&quot;:&quot;0&quot;,&quot;copyright&quot;:&quot;&quot;,&quot;focal_length&quot;:&quot;0&quot;,&quot;iso&quot;:&quot;0&quot;,&quot;shutter_speed&quot;:&quot;0&quot;,&quot;title&quot;:&quot;&quot;,&quot;orientation&quot;:&quot;1&quot;}\" data-image-title=\"BLOG_CHEZ LA DESIGNER MARGAUX KELLER_17\" data-image-description=\"\" data-image-caption=\"\" data-medium-file=\"https:\/\/i0.wp.com\/www.joyana.fr\/wp-content\/uploads\/2015\/12\/BLOG_CHEZ-LA-DESIGNER-MARGAUX-KELLER_17.jpg?fit=389%2C389&amp;ssl=1\" data-large-file=\"https:\/\/i0.wp.com\/www.joyana.fr\/wp-content\/uploads\/2015\/12\/BLOG_CHEZ-LA-DESIGNER-MARGAUX-KELLER_17.jpg?fit=1024%2C1024&amp;ssl=1\" \/><\/a>\r\n\t\t\t<\/div><\/figure><\/div>\n\n<p><a href=\"https:\/\/i0.wp.com\/joyana.fr\/wp-content\/uploads\/2015\/12\/BLOG_CHEZ-LA-DESIGNER-MARGAUX-KELLER_3.jpg?ssl=1\"><img data-recalc-dims=\"1\" loading=\"lazy\" decoding=\"async\" data-attachment-id=\"121946\" data-permalink=\"https:\/\/www.joyana.fr\/ja\/chez-la-designer-margaux-keller\/121944\/blog_chez-la-designer-margaux-keller_3\/\" data-orig-file=\"https:\/\/i0.wp.com\/www.joyana.fr\/wp-content\/uploads\/2015\/12\/BLOG_CHEZ-LA-DESIGNER-MARGAUX-KELLER_3.jpg?fit=1700%2C1700&amp;ssl=1\" data-orig-size=\"1700,1700\" data-comments-opened=\"1\" data-image-meta=\"{&quot;aperture&quot;:&quot;0&quot;,&quot;credit&quot;:&quot;&quot;,&quot;camera&quot;:&quot;&quot;,&quot;caption&quot;:&quot;&quot;,&quot;created_timestamp&quot;:&quot;0&quot;,&quot;copyright&quot;:&quot;&quot;,&quot;focal_length&quot;:&quot;0&quot;,&quot;iso&quot;:&quot;0&quot;,&quot;shutter_speed&quot;:&quot;0&quot;,&quot;title&quot;:&quot;&quot;,&quot;orientation&quot;:&quot;1&quot;}\" data-image-title=\"BLOG_CHEZ LA DESIGNER MARGAUX KELLER_3\" data-image-description=\"\" data-image-caption=\"\" data-medium-file=\"https:\/\/i0.wp.com\/www.joyana.fr\/wp-content\/uploads\/2015\/12\/BLOG_CHEZ-LA-DESIGNER-MARGAUX-KELLER_3.jpg?fit=389%2C389&amp;ssl=1\" data-large-file=\"https:\/\/i0.wp.com\/www.joyana.fr\/wp-content\/uploads\/2015\/12\/BLOG_CHEZ-LA-DESIGNER-MARGAUX-KELLER_3.jpg?fit=1024%2C1024&amp;ssl=1\" class=\"alignnone size-full wp-image-121946\" src=\"https:\/\/i0.wp.com\/joyana.fr\/wp-content\/uploads\/2015\/12\/BLOG_CHEZ-LA-DESIGNER-MARGAUX-KELLER_3.jpg?resize=1700%2C1700&#038;ssl=1\" alt=\"BLOG_CHEZ LA DESIGNER MARGAUX KELLER_3\" width=\"1700\" height=\"1700\" srcset=\"https:\/\/i0.wp.com\/www.joyana.fr\/wp-content\/uploads\/2015\/12\/BLOG_CHEZ-LA-DESIGNER-MARGAUX-KELLER_3.jpg?w=1700&amp;ssl=1 1700w, https:\/\/i0.wp.com\/www.joyana.fr\/wp-content\/uploads\/2015\/12\/BLOG_CHEZ-LA-DESIGNER-MARGAUX-KELLER_3.jpg?resize=300%2C300&amp;ssl=1 300w, https:\/\/i0.wp.com\/www.joyana.fr\/wp-content\/uploads\/2015\/12\/BLOG_CHEZ-LA-DESIGNER-MARGAUX-KELLER_3.jpg?resize=100%2C100&amp;ssl=1 100w, https:\/\/i0.wp.com\/www.joyana.fr\/wp-content\/uploads\/2015\/12\/BLOG_CHEZ-LA-DESIGNER-MARGAUX-KELLER_3.jpg?resize=600%2C600&amp;ssl=1 600w\" sizes=\"(max-width: 1000px) 100vw, 1000px\" \/><\/a><\/p>\n<p>&nbsp;<\/p>\n<p style=\"text-align: center;\">En savoir + sur <strong><a href=\"http:\/\/www.margauxkeller.com\" target=\"_blank\">Margaux KELLER<\/a><\/strong><\/p>\n<p style=\"text-align: center;\"><span style=\"color: #ffffff;\">.<\/span><\/p>\n","protected":false},"excerpt":{"rendered":"<p>Si un nom r\u00e9sonne en ce moment dans le milieu du design marseillais, c&#8217;est bien celui de Margaux Keller  [&hellip;]<\/p>\n","protected":false},"author":3,"featured_media":121945,"comment_status":"open","ping_status":"open","sticky":false,"template":"","format":"standard","meta":{"_coblocks_attr":"","_coblocks_dimensions":"","_coblocks_responsive_height":"","_coblocks_accordion_ie_support":"","_uag_custom_page_level_css":"","advgb_blocks_editor_width":"","advgb_blocks_columns_visual_guide":"","_genesis_hide_title":false,"_genesis_hide_breadcrumbs":false,"_genesis_hide_singular_image":false,"_genesis_hide_footer_widgets":false,"_genesis_custom_body_class":"","_genesis_custom_post_class":"","_genesis_layout":"","_themeisle_gutenberg_block_has_review":false,"_jetpack_newsletter_access":"","_jetpack_dont_email_post_to_subs":false,"_jetpack_newsletter_tier_id":0,"_jetpack_memberships_contains_paywalled_content":false,"_jetpack_memberships_contains_paid_content":false,"footnotes":""},"categories":[80,905],"tags":[1632,1165,1923,1740,31,2138],"class_list":{"0":"post-121944","1":"post","2":"type-post","3":"status-publish","4":"format-standard","5":"has-post-thumbnail","7":"category-news","8":"category-deco-design","9":"tag-appartement-scandinave","10":"tag-designer","11":"tag-maison-de-designer","12":"tag-margaux-keller","13":"tag-marseille","14":"tag-visite-privee","15":"entry"},"featured_image_urls":{"full":["https:\/\/i0.wp.com\/www.joyana.fr\/wp-content\/uploads\/2015\/12\/BLOG_CHEZ-LA-DESIGNER-MARGAUX-KELLER_2.jpg?fit=1700%2C1700&ssl=1",1700,1700,false],"thumbnail":["https:\/\/i0.wp.com\/www.joyana.fr\/wp-content\/uploads\/2015\/12\/BLOG_CHEZ-LA-DESIGNER-MARGAUX-KELLER_2.jpg?resize=150%2C150&ssl=1",150,150,true],"medium":["https:\/\/i0.wp.com\/www.joyana.fr\/wp-content\/uploads\/2015\/12\/BLOG_CHEZ-LA-DESIGNER-MARGAUX-KELLER_2.jpg?fit=389%2C389&ssl=1",389,389,true],"medium_large":["https:\/\/i0.wp.com\/www.joyana.fr\/wp-content\/uploads\/2015\/12\/BLOG_CHEZ-LA-DESIGNER-MARGAUX-KELLER_2.jpg?fit=768%2C768&ssl=1",768,768,true],"large":["https:\/\/i0.wp.com\/www.joyana.fr\/wp-content\/uploads\/2015\/12\/BLOG_CHEZ-LA-DESIGNER-MARGAUX-KELLER_2.jpg?fit=1024%2C1024&ssl=1",1024,1024,true],"1536x1536":["https:\/\/i0.wp.com\/www.joyana.fr\/wp-content\/uploads\/2015\/12\/BLOG_CHEZ-LA-DESIGNER-MARGAUX-KELLER_2.jpg?fit=1536%2C1536&ssl=1",1536,1536,true],"2048x2048":["https:\/\/i0.wp.com\/www.joyana.fr\/wp-content\/uploads\/2015\/12\/BLOG_CHEZ-LA-DESIGNER-MARGAUX-KELLER_2.jpg?fit=1700%2C1700&ssl=1",1700,1700,true],"featured-thumb":["https:\/\/i0.wp.com\/www.joyana.fr\/wp-content\/uploads\/2015\/12\/BLOG_CHEZ-LA-DESIGNER-MARGAUX-KELLER_2.jpg?resize=1700%2C750&ssl=1",1700,750,true],"ab-block-post-grid-landscape":["https:\/\/i0.wp.com\/www.joyana.fr\/wp-content\/uploads\/2015\/12\/BLOG_CHEZ-LA-DESIGNER-MARGAUX-KELLER_2.jpg?resize=600%2C400&ssl=1",600,400,true],"ab-block-post-grid-square":["https:\/\/i0.wp.com\/www.joyana.fr\/wp-content\/uploads\/2015\/12\/BLOG_CHEZ-LA-DESIGNER-MARGAUX-KELLER_2.jpg?resize=600%2C600&ssl=1",600,600,true],"author-pro-image":["https:\/\/i0.wp.com\/www.joyana.fr\/wp-content\/uploads\/2015\/12\/BLOG_CHEZ-LA-DESIGNER-MARGAUX-KELLER_2.jpg?resize=360%2C570&ssl=1",360,570,true],"slider":["https:\/\/i0.wp.com\/www.joyana.fr\/wp-content\/uploads\/2015\/12\/BLOG_CHEZ-LA-DESIGNER-MARGAUX-KELLER_2.jpg?resize=920%2C400&ssl=1",920,400,true],"woocommerce_thumbnail":["https:\/\/i0.wp.com\/www.joyana.fr\/wp-content\/uploads\/2015\/12\/BLOG_CHEZ-LA-DESIGNER-MARGAUX-KELLER_2.jpg?resize=450%2C450&ssl=1",450,450,true],"woocommerce_single":["https:\/\/i0.wp.com\/www.joyana.fr\/wp-content\/uploads\/2015\/12\/BLOG_CHEZ-LA-DESIGNER-MARGAUX-KELLER_2.jpg?fit=920%2C920&ssl=1",920,920,true],"woocommerce_gallery_thumbnail":["https:\/\/i0.wp.com\/www.joyana.fr\/wp-content\/uploads\/2015\/12\/BLOG_CHEZ-LA-DESIGNER-MARGAUX-KELLER_2.jpg?resize=180%2C180&ssl=1",180,180,true],"sow-carousel-default":["https:\/\/i0.wp.com\/www.joyana.fr\/wp-content\/uploads\/2015\/12\/BLOG_CHEZ-LA-DESIGNER-MARGAUX-KELLER_2.jpg?resize=272%2C182&ssl=1",272,182,true]},"post_excerpt_stackable":"<p>Si un nom r\u00e9sonne en ce moment dans le milieu du design marseillais, c&#8217;est bien celui de Marga&hellip;<\/p>\n","category_list":"<a href=\"https:\/\/www.joyana.fr\/ja\/category\/blog\/news\/\" rel=\"category tag\">A LA UNE<\/a>, <a href=\"https:\/\/www.joyana.fr\/ja\/category\/deco-design\/\" rel=\"category tag\">DECO-DESIGN<\/a>","author_info":{"display_name":"Jo Yana","author_link":"https:\/\/www.joyana.fr\/ja\/author\/joyana\/"},"comments_num":"3 comments","featured_image_urls_v2":{"full":["https:\/\/i0.wp.com\/www.joyana.fr\/wp-content\/uploads\/2015\/12\/BLOG_CHEZ-LA-DESIGNER-MARGAUX-KELLER_2.jpg?fit=1700%2C1700&ssl=1",1700,1700,false],"thumbnail":["https:\/\/i0.wp.com\/www.joyana.fr\/wp-content\/uploads\/2015\/12\/BLOG_CHEZ-LA-DESIGNER-MARGAUX-KELLER_2.jpg?resize=150%2C150&ssl=1",150,150,true],"medium":["https:\/\/i0.wp.com\/www.joyana.fr\/wp-content\/uploads\/2015\/12\/BLOG_CHEZ-LA-DESIGNER-MARGAUX-KELLER_2.jpg?fit=389%2C389&ssl=1",389,389,true],"medium_large":["https:\/\/i0.wp.com\/www.joyana.fr\/wp-content\/uploads\/2015\/12\/BLOG_CHEZ-LA-DESIGNER-MARGAUX-KELLER_2.jpg?fit=768%2C768&ssl=1",768,768,true],"large":["https:\/\/i0.wp.com\/www.joyana.fr\/wp-content\/uploads\/2015\/12\/BLOG_CHEZ-LA-DESIGNER-MARGAUX-KELLER_2.jpg?fit=1024%2C1024&ssl=1",1024,1024,true],"1536x1536":["https:\/\/i0.wp.com\/www.joyana.fr\/wp-content\/uploads\/2015\/12\/BLOG_CHEZ-LA-DESIGNER-MARGAUX-KELLER_2.jpg?fit=1536%2C1536&ssl=1",1536,1536,true],"2048x2048":["https:\/\/i0.wp.com\/www.joyana.fr\/wp-content\/uploads\/2015\/12\/BLOG_CHEZ-LA-DESIGNER-MARGAUX-KELLER_2.jpg?fit=1700%2C1700&ssl=1",1700,1700,true],"featured-thumb":["https:\/\/i0.wp.com\/www.joyana.fr\/wp-content\/uploads\/2015\/12\/BLOG_CHEZ-LA-DESIGNER-MARGAUX-KELLER_2.jpg?resize=1700%2C750&ssl=1",1700,750,true],"ab-block-post-grid-landscape":["https:\/\/i0.wp.com\/www.joyana.fr\/wp-content\/uploads\/2015\/12\/BLOG_CHEZ-LA-DESIGNER-MARGAUX-KELLER_2.jpg?resize=600%2C400&ssl=1",600,400,true],"ab-block-post-grid-square":["https:\/\/i0.wp.com\/www.joyana.fr\/wp-content\/uploads\/2015\/12\/BLOG_CHEZ-LA-DESIGNER-MARGAUX-KELLER_2.jpg?resize=600%2C600&ssl=1",600,600,true],"author-pro-image":["https:\/\/i0.wp.com\/www.joyana.fr\/wp-content\/uploads\/2015\/12\/BLOG_CHEZ-LA-DESIGNER-MARGAUX-KELLER_2.jpg?resize=360%2C570&ssl=1",360,570,true],"slider":["https:\/\/i0.wp.com\/www.joyana.fr\/wp-content\/uploads\/2015\/12\/BLOG_CHEZ-LA-DESIGNER-MARGAUX-KELLER_2.jpg?resize=920%2C400&ssl=1",920,400,true],"woocommerce_thumbnail":["https:\/\/i0.wp.com\/www.joyana.fr\/wp-content\/uploads\/2015\/12\/BLOG_CHEZ-LA-DESIGNER-MARGAUX-KELLER_2.jpg?resize=450%2C450&ssl=1",450,450,true],"woocommerce_single":["https:\/\/i0.wp.com\/www.joyana.fr\/wp-content\/uploads\/2015\/12\/BLOG_CHEZ-LA-DESIGNER-MARGAUX-KELLER_2.jpg?fit=920%2C920&ssl=1",920,920,true],"woocommerce_gallery_thumbnail":["https:\/\/i0.wp.com\/www.joyana.fr\/wp-content\/uploads\/2015\/12\/BLOG_CHEZ-LA-DESIGNER-MARGAUX-KELLER_2.jpg?resize=180%2C180&ssl=1",180,180,true],"sow-carousel-default":["https:\/\/i0.wp.com\/www.joyana.fr\/wp-content\/uploads\/2015\/12\/BLOG_CHEZ-LA-DESIGNER-MARGAUX-KELLER_2.jpg?resize=272%2C182&ssl=1",272,182,true]},"post_excerpt_stackable_v2":"<p>Si un nom r\u00e9sonne en ce moment dans le milieu du design marseillais, c&#8217;est bien celui de Marga&hellip;<\/p>\n","category_list_v2":"<a href=\"https:\/\/www.joyana.fr\/ja\/category\/blog\/news\/\" rel=\"category tag\">A LA UNE<\/a>, <a href=\"https:\/\/www.joyana.fr\/ja\/category\/deco-design\/\" rel=\"category tag\">DECO-DESIGN<\/a>","author_info_v2":{"name":"Jo Yana","url":"https:\/\/www.joyana.fr\/ja\/author\/joyana\/"},"comments_num_v2":"3 comments","yoast_head":"<!-- This site is optimized with the Yoast SEO plugin v26.8 - https:\/\/yoast.com\/product\/yoast-seo-wordpress\/ -->\n<title>Chez la Designer MARGAUX KELLER | JO YANA Blog Design<\/title>\n<meta name=\"description\" content=\"Un nom r\u00e9sonne en ce moment dans le milieu du design marseillais, c&#039;est\u00a0Margaux Keller\u00a0! La\u00a0designer\u00a0m&#039;a re\u00e7u chez elle...\" \/>\n<meta name=\"robots\" content=\"index, follow, max-snippet:-1, max-image-preview:large, max-video-preview:-1\" \/>\n<link rel=\"canonical\" href=\"https:\/\/www.joyana.fr\/ja\/chez-la-designer-margaux-keller\/121944\/\" \/>\n<meta property=\"og:locale\" content=\"ja_JP\" \/>\n<meta property=\"og:locale:alternate\" content=\"fr_FR\" \/>\n<meta property=\"og:locale:alternate\" content=\"en_US\" \/>\n<meta property=\"og:type\" content=\"article\" \/>\n<meta property=\"og:title\" content=\"Chez la Designer MARGAUX KELLER | JO YANA Blog Design\" \/>\n<meta property=\"og:description\" content=\"Un nom r\u00e9sonne en ce moment dans le milieu du design marseillais, c&#039;est\u00a0Margaux Keller\u00a0! La\u00a0designer\u00a0m&#039;a re\u00e7u chez elle...\" \/>\n<meta property=\"og:url\" content=\"https:\/\/www.joyana.fr\/ja\/chez-la-designer-margaux-keller\/121944\/\" \/>\n<meta property=\"og:site_name\" content=\"JO YANA\" \/>\n<meta property=\"article:published_time\" content=\"2015-12-10T14:47:32+00:00\" \/>\n<meta property=\"article:modified_time\" content=\"2015-12-14T19:29:14+00:00\" \/>\n<meta property=\"og:image\" content=\"https:\/\/www.joyana.fr\/wp-content\/uploads\/2015\/12\/BLOG_CHEZ-LA-DESIGNER-MARGAUX-KELLER_2.jpg\" \/>\n\t<meta property=\"og:image:width\" content=\"1700\" \/>\n\t<meta property=\"og:image:height\" content=\"1700\" \/>\n\t<meta property=\"og:image:type\" content=\"image\/jpeg\" \/>\n<meta name=\"author\" content=\"Jo Yana\" \/>\n<meta name=\"twitter:card\" content=\"summary_large_image\" \/>\n<meta name=\"twitter:creator\" content=\"@Jo_Yana\" \/>\n<meta name=\"twitter:site\" content=\"@Jo_Yana\" \/>\n<meta name=\"twitter:label1\" content=\"\u57f7\u7b46\u8005\" \/>\n\t<meta name=\"twitter:data1\" content=\"Jo Yana\" \/>\n\t<meta name=\"twitter:label2\" content=\"\u63a8\u5b9a\u8aad\u307f\u53d6\u308a\u6642\u9593\" \/>\n\t<meta name=\"twitter:data2\" content=\"3\u5206\" \/>\n<script type=\"application\/ld+json\" class=\"yoast-schema-graph\">{\"@context\":\"https:\/\/schema.org\",\"@graph\":[{\"@type\":\"Article\",\"@id\":\"https:\/\/www.joyana.fr\/chez-la-designer-margaux-keller\/121944\/#article\",\"isPartOf\":{\"@id\":\"https:\/\/www.joyana.fr\/chez-la-designer-margaux-keller\/121944\/\"},\"author\":{\"name\":\"Jo Yana\",\"@id\":\"https:\/\/joyana.fr\/#\/schema\/person\/cf2a1ad12a27c12c21801075bf37407c\"},\"headline\":\"Chez la Designer MARGAUX KELLER\",\"datePublished\":\"2015-12-10T14:47:32+00:00\",\"dateModified\":\"2015-12-14T19:29:14+00:00\",\"mainEntityOfPage\":{\"@id\":\"https:\/\/www.joyana.fr\/chez-la-designer-margaux-keller\/121944\/\"},\"wordCount\":566,\"commentCount\":1,\"publisher\":{\"@id\":\"https:\/\/joyana.fr\/#\/schema\/person\/cf2a1ad12a27c12c21801075bf37407c\"},\"image\":{\"@id\":\"https:\/\/www.joyana.fr\/chez-la-designer-margaux-keller\/121944\/#primaryimage\"},\"thumbnailUrl\":\"https:\/\/i0.wp.com\/www.joyana.fr\/wp-content\/uploads\/2015\/12\/BLOG_CHEZ-LA-DESIGNER-MARGAUX-KELLER_2.jpg?fit=1700%2C1700&ssl=1\",\"keywords\":[\"Appartement Scandinave\",\"Designer\",\"Maison de designer\",\"Margaux KELLER\",\"Marseille\",\"Visite Priv\u00e9e\"],\"articleSection\":[\"A LA UNE\",\"DECO-DESIGN\"],\"inLanguage\":\"ja\",\"potentialAction\":[{\"@type\":\"CommentAction\",\"name\":\"Comment\",\"target\":[\"https:\/\/www.joyana.fr\/chez-la-designer-margaux-keller\/121944\/#respond\"]}]},{\"@type\":\"WebPage\",\"@id\":\"https:\/\/www.joyana.fr\/chez-la-designer-margaux-keller\/121944\/\",\"url\":\"https:\/\/www.joyana.fr\/chez-la-designer-margaux-keller\/121944\/\",\"name\":\"Chez la Designer MARGAUX KELLER | JO YANA Blog Design\",\"isPartOf\":{\"@id\":\"https:\/\/joyana.fr\/#website\"},\"primaryImageOfPage\":{\"@id\":\"https:\/\/www.joyana.fr\/chez-la-designer-margaux-keller\/121944\/#primaryimage\"},\"image\":{\"@id\":\"https:\/\/www.joyana.fr\/chez-la-designer-margaux-keller\/121944\/#primaryimage\"},\"thumbnailUrl\":\"https:\/\/i0.wp.com\/www.joyana.fr\/wp-content\/uploads\/2015\/12\/BLOG_CHEZ-LA-DESIGNER-MARGAUX-KELLER_2.jpg?fit=1700%2C1700&ssl=1\",\"datePublished\":\"2015-12-10T14:47:32+00:00\",\"dateModified\":\"2015-12-14T19:29:14+00:00\",\"description\":\"Un nom r\u00e9sonne en ce moment dans le milieu du design marseillais, c'est\u00a0Margaux Keller\u00a0! La\u00a0designer\u00a0m'a re\u00e7u chez elle...\",\"breadcrumb\":{\"@id\":\"https:\/\/www.joyana.fr\/chez-la-designer-margaux-keller\/121944\/#breadcrumb\"},\"inLanguage\":\"ja\",\"potentialAction\":[{\"@type\":\"ReadAction\",\"target\":[\"https:\/\/www.joyana.fr\/chez-la-designer-margaux-keller\/121944\/\"]}]},{\"@type\":\"ImageObject\",\"inLanguage\":\"ja\",\"@id\":\"https:\/\/www.joyana.fr\/chez-la-designer-margaux-keller\/121944\/#primaryimage\",\"url\":\"https:\/\/i0.wp.com\/www.joyana.fr\/wp-content\/uploads\/2015\/12\/BLOG_CHEZ-LA-DESIGNER-MARGAUX-KELLER_2.jpg?fit=1700%2C1700&ssl=1\",\"contentUrl\":\"https:\/\/i0.wp.com\/www.joyana.fr\/wp-content\/uploads\/2015\/12\/BLOG_CHEZ-LA-DESIGNER-MARGAUX-KELLER_2.jpg?fit=1700%2C1700&ssl=1\",\"width\":1700,\"height\":1700},{\"@type\":\"BreadcrumbList\",\"@id\":\"https:\/\/www.joyana.fr\/chez-la-designer-margaux-keller\/121944\/#breadcrumb\",\"itemListElement\":[{\"@type\":\"ListItem\",\"position\":1,\"name\":\"Accueil\",\"item\":\"https:\/\/joyana.fr\/\"},{\"@type\":\"ListItem\",\"position\":2,\"name\":\"Chez la Designer MARGAUX KELLER\"}]},{\"@type\":\"WebSite\",\"@id\":\"https:\/\/joyana.fr\/#website\",\"url\":\"https:\/\/joyana.fr\/\",\"name\":\"JO YANA\",\"description\":\"Blog Mode Homme, Lifestyle, D\u00e9co-Design\",\"publisher\":{\"@id\":\"https:\/\/joyana.fr\/#\/schema\/person\/cf2a1ad12a27c12c21801075bf37407c\"},\"potentialAction\":[{\"@type\":\"SearchAction\",\"target\":{\"@type\":\"EntryPoint\",\"urlTemplate\":\"https:\/\/joyana.fr\/?s={search_term_string}\"},\"query-input\":{\"@type\":\"PropertyValueSpecification\",\"valueRequired\":true,\"valueName\":\"search_term_string\"}}],\"inLanguage\":\"ja\"},{\"@type\":[\"Person\",\"Organization\"],\"@id\":\"https:\/\/joyana.fr\/#\/schema\/person\/cf2a1ad12a27c12c21801075bf37407c\",\"name\":\"Jo Yana\",\"image\":{\"@type\":\"ImageObject\",\"inLanguage\":\"ja\",\"@id\":\"https:\/\/joyana.fr\/#\/schema\/person\/image\/\",\"url\":\"https:\/\/i0.wp.com\/www.joyana.fr\/wp-content\/uploads\/2016\/08\/cropped-joyana-logo-black-360x180.png?fit=343%2C164&ssl=1\",\"contentUrl\":\"https:\/\/i0.wp.com\/www.joyana.fr\/wp-content\/uploads\/2016\/08\/cropped-joyana-logo-black-360x180.png?fit=343%2C164&ssl=1\",\"width\":343,\"height\":164,\"caption\":\"Jo Yana\"},\"logo\":{\"@id\":\"https:\/\/joyana.fr\/#\/schema\/person\/image\/\"},\"description\":\"Jo Yana est le cr\u00e9ateur et r\u00e9dacteur en chef des sites DECO-DESIGN. Passionn\u00e9 de Design, Mode, Photo, Luxe, Lifestyle, Musique, mais avant tout Blogueur ! Le plaisir de partager l'anime et a comme devise \\\"POUR L'AMOUR DU BEAU\\\". Retrouvez le aussi sur son blog personnel - https:\/\/joyana.fr...\",\"sameAs\":[\"https:\/\/joyana.fr\/\"],\"url\":\"https:\/\/www.joyana.fr\/ja\/author\/joyana\/\"}]}<\/script>\n<!-- \/ Yoast SEO plugin. -->","yoast_head_json":{"title":"Chez la Designer MARGAUX KELLER | JO YANA Blog Design","description":"Un nom r\u00e9sonne en ce moment dans le milieu du design marseillais, c'est\u00a0Margaux Keller\u00a0! La\u00a0designer\u00a0m'a re\u00e7u chez elle...","robots":{"index":"index","follow":"follow","max-snippet":"max-snippet:-1","max-image-preview":"max-image-preview:large","max-video-preview":"max-video-preview:-1"},"canonical":"https:\/\/www.joyana.fr\/ja\/chez-la-designer-margaux-keller\/121944\/","og_locale":"ja_JP","og_type":"article","og_title":"Chez la Designer MARGAUX KELLER | JO YANA Blog Design","og_description":"Un nom r\u00e9sonne en ce moment dans le milieu du design marseillais, c'est\u00a0Margaux Keller\u00a0! La\u00a0designer\u00a0m'a re\u00e7u chez elle...","og_url":"https:\/\/www.joyana.fr\/ja\/chez-la-designer-margaux-keller\/121944\/","og_site_name":"JO YANA","article_published_time":"2015-12-10T14:47:32+00:00","article_modified_time":"2015-12-14T19:29:14+00:00","og_image":[{"width":1700,"height":1700,"url":"https:\/\/www.joyana.fr\/wp-content\/uploads\/2015\/12\/BLOG_CHEZ-LA-DESIGNER-MARGAUX-KELLER_2.jpg","type":"image\/jpeg"}],"author":"Jo Yana","twitter_card":"summary_large_image","twitter_creator":"@Jo_Yana","twitter_site":"@Jo_Yana","twitter_misc":{"\u57f7\u7b46\u8005":"Jo Yana","\u63a8\u5b9a\u8aad\u307f\u53d6\u308a\u6642\u9593":"3\u5206"},"schema":{"@context":"https:\/\/schema.org","@graph":[{"@type":"Article","@id":"https:\/\/www.joyana.fr\/chez-la-designer-margaux-keller\/121944\/#article","isPartOf":{"@id":"https:\/\/www.joyana.fr\/chez-la-designer-margaux-keller\/121944\/"},"author":{"name":"Jo Yana","@id":"https:\/\/joyana.fr\/#\/schema\/person\/cf2a1ad12a27c12c21801075bf37407c"},"headline":"Chez la Designer MARGAUX KELLER","datePublished":"2015-12-10T14:47:32+00:00","dateModified":"2015-12-14T19:29:14+00:00","mainEntityOfPage":{"@id":"https:\/\/www.joyana.fr\/chez-la-designer-margaux-keller\/121944\/"},"wordCount":566,"commentCount":1,"publisher":{"@id":"https:\/\/joyana.fr\/#\/schema\/person\/cf2a1ad12a27c12c21801075bf37407c"},"image":{"@id":"https:\/\/www.joyana.fr\/chez-la-designer-margaux-keller\/121944\/#primaryimage"},"thumbnailUrl":"https:\/\/i0.wp.com\/www.joyana.fr\/wp-content\/uploads\/2015\/12\/BLOG_CHEZ-LA-DESIGNER-MARGAUX-KELLER_2.jpg?fit=1700%2C1700&ssl=1","keywords":["Appartement Scandinave","Designer","Maison de designer","Margaux KELLER","Marseille","Visite Priv\u00e9e"],"articleSection":["A LA UNE","DECO-DESIGN"],"inLanguage":"ja","potentialAction":[{"@type":"CommentAction","name":"Comment","target":["https:\/\/www.joyana.fr\/chez-la-designer-margaux-keller\/121944\/#respond"]}]},{"@type":"WebPage","@id":"https:\/\/www.joyana.fr\/chez-la-designer-margaux-keller\/121944\/","url":"https:\/\/www.joyana.fr\/chez-la-designer-margaux-keller\/121944\/","name":"Chez la Designer MARGAUX KELLER | JO YANA Blog Design","isPartOf":{"@id":"https:\/\/joyana.fr\/#website"},"primaryImageOfPage":{"@id":"https:\/\/www.joyana.fr\/chez-la-designer-margaux-keller\/121944\/#primaryimage"},"image":{"@id":"https:\/\/www.joyana.fr\/chez-la-designer-margaux-keller\/121944\/#primaryimage"},"thumbnailUrl":"https:\/\/i0.wp.com\/www.joyana.fr\/wp-content\/uploads\/2015\/12\/BLOG_CHEZ-LA-DESIGNER-MARGAUX-KELLER_2.jpg?fit=1700%2C1700&ssl=1","datePublished":"2015-12-10T14:47:32+00:00","dateModified":"2015-12-14T19:29:14+00:00","description":"Un nom r\u00e9sonne en ce moment dans le milieu du design marseillais, c'est\u00a0Margaux Keller\u00a0! La\u00a0designer\u00a0m'a re\u00e7u chez elle...","breadcrumb":{"@id":"https:\/\/www.joyana.fr\/chez-la-designer-margaux-keller\/121944\/#breadcrumb"},"inLanguage":"ja","potentialAction":[{"@type":"ReadAction","target":["https:\/\/www.joyana.fr\/chez-la-designer-margaux-keller\/121944\/"]}]},{"@type":"ImageObject","inLanguage":"ja","@id":"https:\/\/www.joyana.fr\/chez-la-designer-margaux-keller\/121944\/#primaryimage","url":"https:\/\/i0.wp.com\/www.joyana.fr\/wp-content\/uploads\/2015\/12\/BLOG_CHEZ-LA-DESIGNER-MARGAUX-KELLER_2.jpg?fit=1700%2C1700&ssl=1","contentUrl":"https:\/\/i0.wp.com\/www.joyana.fr\/wp-content\/uploads\/2015\/12\/BLOG_CHEZ-LA-DESIGNER-MARGAUX-KELLER_2.jpg?fit=1700%2C1700&ssl=1","width":1700,"height":1700},{"@type":"BreadcrumbList","@id":"https:\/\/www.joyana.fr\/chez-la-designer-margaux-keller\/121944\/#breadcrumb","itemListElement":[{"@type":"ListItem","position":1,"name":"Accueil","item":"https:\/\/joyana.fr\/"},{"@type":"ListItem","position":2,"name":"Chez la Designer MARGAUX KELLER"}]},{"@type":"WebSite","@id":"https:\/\/joyana.fr\/#website","url":"https:\/\/joyana.fr\/","name":"JO YANA","description":"Blog Mode Homme, Lifestyle, D\u00e9co-Design","publisher":{"@id":"https:\/\/joyana.fr\/#\/schema\/person\/cf2a1ad12a27c12c21801075bf37407c"},"potentialAction":[{"@type":"SearchAction","target":{"@type":"EntryPoint","urlTemplate":"https:\/\/joyana.fr\/?s={search_term_string}"},"query-input":{"@type":"PropertyValueSpecification","valueRequired":true,"valueName":"search_term_string"}}],"inLanguage":"ja"},{"@type":["Person","Organization"],"@id":"https:\/\/joyana.fr\/#\/schema\/person\/cf2a1ad12a27c12c21801075bf37407c","name":"Jo Yana","image":{"@type":"ImageObject","inLanguage":"ja","@id":"https:\/\/joyana.fr\/#\/schema\/person\/image\/","url":"https:\/\/i0.wp.com\/www.joyana.fr\/wp-content\/uploads\/2016\/08\/cropped-joyana-logo-black-360x180.png?fit=343%2C164&ssl=1","contentUrl":"https:\/\/i0.wp.com\/www.joyana.fr\/wp-content\/uploads\/2016\/08\/cropped-joyana-logo-black-360x180.png?fit=343%2C164&ssl=1","width":343,"height":164,"caption":"Jo Yana"},"logo":{"@id":"https:\/\/joyana.fr\/#\/schema\/person\/image\/"},"description":"Jo Yana est le cr\u00e9ateur et r\u00e9dacteur en chef des sites DECO-DESIGN. Passionn\u00e9 de Design, Mode, Photo, Luxe, Lifestyle, Musique, mais avant tout Blogueur ! Le plaisir de partager l'anime et a comme devise \"POUR L'AMOUR DU BEAU\". Retrouvez le aussi sur son blog personnel - https:\/\/joyana.fr...","sameAs":["https:\/\/joyana.fr\/"],"url":"https:\/\/www.joyana.fr\/ja\/author\/joyana\/"}]}},"author_meta":{"display_name":"Jo Yana","author_link":"https:\/\/www.joyana.fr\/ja\/author\/joyana\/"},"featured_img":"https:\/\/i0.wp.com\/www.joyana.fr\/wp-content\/uploads\/2015\/12\/BLOG_CHEZ-LA-DESIGNER-MARGAUX-KELLER_2.jpg?fit=389%2C389&ssl=1","featured_image_src":"https:\/\/i0.wp.com\/www.joyana.fr\/wp-content\/uploads\/2015\/12\/BLOG_CHEZ-LA-DESIGNER-MARGAUX-KELLER_2.jpg?resize=600%2C400&ssl=1","featured_image_src_square":"https:\/\/i0.wp.com\/www.joyana.fr\/wp-content\/uploads\/2015\/12\/BLOG_CHEZ-LA-DESIGNER-MARGAUX-KELLER_2.jpg?resize=600%2C600&ssl=1","jetpack_featured_media_url":"https:\/\/i0.wp.com\/www.joyana.fr\/wp-content\/uploads\/2015\/12\/BLOG_CHEZ-LA-DESIGNER-MARGAUX-KELLER_2.jpg?fit=1700%2C1700&ssl=1","uagb_featured_image_src":{"full":["https:\/\/i0.wp.com\/www.joyana.fr\/wp-content\/uploads\/2015\/12\/BLOG_CHEZ-LA-DESIGNER-MARGAUX-KELLER_2.jpg?fit=1700%2C1700&ssl=1",1700,1700,false],"thumbnail":["https:\/\/i0.wp.com\/www.joyana.fr\/wp-content\/uploads\/2015\/12\/BLOG_CHEZ-LA-DESIGNER-MARGAUX-KELLER_2.jpg?resize=150%2C150&ssl=1",150,150,true],"medium":["https:\/\/i0.wp.com\/www.joyana.fr\/wp-content\/uploads\/2015\/12\/BLOG_CHEZ-LA-DESIGNER-MARGAUX-KELLER_2.jpg?fit=389%2C389&ssl=1",389,389,true],"medium_large":["https:\/\/i0.wp.com\/www.joyana.fr\/wp-content\/uploads\/2015\/12\/BLOG_CHEZ-LA-DESIGNER-MARGAUX-KELLER_2.jpg?fit=768%2C768&ssl=1",768,768,true],"large":["https:\/\/i0.wp.com\/www.joyana.fr\/wp-content\/uploads\/2015\/12\/BLOG_CHEZ-LA-DESIGNER-MARGAUX-KELLER_2.jpg?fit=1024%2C1024&ssl=1",1024,1024,true],"1536x1536":["https:\/\/i0.wp.com\/www.joyana.fr\/wp-content\/uploads\/2015\/12\/BLOG_CHEZ-LA-DESIGNER-MARGAUX-KELLER_2.jpg?fit=1536%2C1536&ssl=1",1536,1536,true],"2048x2048":["https:\/\/i0.wp.com\/www.joyana.fr\/wp-content\/uploads\/2015\/12\/BLOG_CHEZ-LA-DESIGNER-MARGAUX-KELLER_2.jpg?fit=1700%2C1700&ssl=1",1700,1700,true],"featured-thumb":["https:\/\/i0.wp.com\/www.joyana.fr\/wp-content\/uploads\/2015\/12\/BLOG_CHEZ-LA-DESIGNER-MARGAUX-KELLER_2.jpg?resize=1700%2C750&ssl=1",1700,750,true],"ab-block-post-grid-landscape":["https:\/\/i0.wp.com\/www.joyana.fr\/wp-content\/uploads\/2015\/12\/BLOG_CHEZ-LA-DESIGNER-MARGAUX-KELLER_2.jpg?resize=600%2C400&ssl=1",600,400,true],"ab-block-post-grid-square":["https:\/\/i0.wp.com\/www.joyana.fr\/wp-content\/uploads\/2015\/12\/BLOG_CHEZ-LA-DESIGNER-MARGAUX-KELLER_2.jpg?resize=600%2C600&ssl=1",600,600,true],"author-pro-image":["https:\/\/i0.wp.com\/www.joyana.fr\/wp-content\/uploads\/2015\/12\/BLOG_CHEZ-LA-DESIGNER-MARGAUX-KELLER_2.jpg?resize=360%2C570&ssl=1",360,570,true],"slider":["https:\/\/i0.wp.com\/www.joyana.fr\/wp-content\/uploads\/2015\/12\/BLOG_CHEZ-LA-DESIGNER-MARGAUX-KELLER_2.jpg?resize=920%2C400&ssl=1",920,400,true],"woocommerce_thumbnail":["https:\/\/i0.wp.com\/www.joyana.fr\/wp-content\/uploads\/2015\/12\/BLOG_CHEZ-LA-DESIGNER-MARGAUX-KELLER_2.jpg?resize=450%2C450&ssl=1",450,450,true],"woocommerce_single":["https:\/\/i0.wp.com\/www.joyana.fr\/wp-content\/uploads\/2015\/12\/BLOG_CHEZ-LA-DESIGNER-MARGAUX-KELLER_2.jpg?fit=920%2C920&ssl=1",920,920,true],"woocommerce_gallery_thumbnail":["https:\/\/i0.wp.com\/www.joyana.fr\/wp-content\/uploads\/2015\/12\/BLOG_CHEZ-LA-DESIGNER-MARGAUX-KELLER_2.jpg?resize=180%2C180&ssl=1",180,180,true],"sow-carousel-default":["https:\/\/i0.wp.com\/www.joyana.fr\/wp-content\/uploads\/2015\/12\/BLOG_CHEZ-LA-DESIGNER-MARGAUX-KELLER_2.jpg?resize=272%2C182&ssl=1",272,182,true]},"uagb_author_info":{"display_name":"Jo Yana","author_link":"https:\/\/www.joyana.fr\/ja\/author\/joyana\/"},"uagb_comment_info":5,"uagb_excerpt":"Si un nom r\u00e9sonne en ce moment dans le milieu du design&hellip;","coauthors":[],"tax_additional":{"categories":{"linked":["<a href=\"https:\/\/www.joyana.fr\/ja\/category\/blog\/news\/\" class=\"advgb-post-tax-term\">A LA UNE<\/a>","<a href=\"https:\/\/www.joyana.fr\/ja\/category\/deco-design\/\" class=\"advgb-post-tax-term\">DECO-DESIGN<\/a>"],"unlinked":["<span class=\"advgb-post-tax-term\">A LA UNE<\/span>","<span class=\"advgb-post-tax-term\">DECO-DESIGN<\/span>"]},"tags":{"linked":["<a href=\"https:\/\/www.joyana.fr\/ja\/category\/deco-design\/\" class=\"advgb-post-tax-term\">Appartement Scandinave<\/a>","<a href=\"https:\/\/www.joyana.fr\/ja\/category\/deco-design\/\" class=\"advgb-post-tax-term\">Designer<\/a>","<a href=\"https:\/\/www.joyana.fr\/ja\/category\/deco-design\/\" class=\"advgb-post-tax-term\">Maison de designer<\/a>","<a href=\"https:\/\/www.joyana.fr\/ja\/category\/deco-design\/\" class=\"advgb-post-tax-term\">Margaux KELLER<\/a>","<a href=\"https:\/\/www.joyana.fr\/ja\/category\/deco-design\/\" class=\"advgb-post-tax-term\">Marseille<\/a>","<a href=\"https:\/\/www.joyana.fr\/ja\/category\/deco-design\/\" class=\"advgb-post-tax-term\">Visite Priv\u00e9e<\/a>"],"unlinked":["<span class=\"advgb-post-tax-term\">Appartement Scandinave<\/span>","<span class=\"advgb-post-tax-term\">Designer<\/span>","<span class=\"advgb-post-tax-term\">Maison de designer<\/span>","<span class=\"advgb-post-tax-term\">Margaux KELLER<\/span>","<span class=\"advgb-post-tax-term\">Marseille<\/span>","<span class=\"advgb-post-tax-term\">Visite Priv\u00e9e<\/span>"]}},"comment_count":3,"relative_dates":{"created":"Posted 10\u5e74 ago","modified":"Updated 10\u5e74 ago"},"absolute_dates":{"created":"Posted on 10 12\u6708 2015","modified":"Updated on 14 12\u6708 2015"},"absolute_dates_time":{"created":"Posted on 10 12\u6708 2015 15:47","modified":"Updated on 14 12\u6708 2015 20:29"},"featured_img_caption":"","series_order":"","jetpack_sharing_enabled":true,"jetpack_shortlink":"https:\/\/wp.me\/p9bteI-vIQ","jetpack-related-posts":[],"_links":{"self":[{"href":"https:\/\/www.joyana.fr\/ja\/wp-json\/wp\/v2\/posts\/121944","targetHints":{"allow":["GET"]}}],"collection":[{"href":"https:\/\/www.joyana.fr\/ja\/wp-json\/wp\/v2\/posts"}],"about":[{"href":"https:\/\/www.joyana.fr\/ja\/wp-json\/wp\/v2\/types\/post"}],"author":[{"embeddable":true,"href":"https:\/\/www.joyana.fr\/ja\/wp-json\/wp\/v2\/users\/3"}],"replies":[{"embeddable":true,"href":"https:\/\/www.joyana.fr\/ja\/wp-json\/wp\/v2\/comments?post=121944"}],"version-history":[{"count":10,"href":"https:\/\/www.joyana.fr\/ja\/wp-json\/wp\/v2\/posts\/121944\/revisions"}],"predecessor-version":[{"id":121979,"href":"https:\/\/www.joyana.fr\/ja\/wp-json\/wp\/v2\/posts\/121944\/revisions\/121979"}],"wp:featuredmedia":[{"embeddable":true,"href":"https:\/\/www.joyana.fr\/ja\/wp-json\/wp\/v2\/media\/121945"}],"wp:attachment":[{"href":"https:\/\/www.joyana.fr\/ja\/wp-json\/wp\/v2\/media?parent=121944"}],"wp:term":[{"taxonomy":"category","embeddable":true,"href":"https:\/\/www.joyana.fr\/ja\/wp-json\/wp\/v2\/categories?post=121944"},{"taxonomy":"post_tag","embeddable":true,"href":"https:\/\/www.joyana.fr\/ja\/wp-json\/wp\/v2\/tags?post=121944"}],"curies":[{"name":"wp","href":"https:\/\/api.w.org\/{rel}","templated":true}]}}