{"id":121500,"date":"2015-09-02T16:31:04","date_gmt":"2015-09-02T15:31:04","guid":{"rendered":"https:\/\/joyana.fr\/?p=21500"},"modified":"2015-09-02T16:31:04","modified_gmt":"2015-09-02T15:31:04","slug":"architecture-loft-867-de-bougainville-bourgeois-lechasseur-architectes","status":"publish","type":"post","link":"https:\/\/www.joyana.fr\/ja\/architecture-loft-867-de-bougainville-bourgeois-lechasseur-architectes\/121500\/","title":{"rendered":"Loft 867 De Bougainville par Bourgeois \/ Lechasseur architectes"},"content":{"rendered":"<p style=\"text-align: justify;\"><strong>Bourgeois \/ Lechasseur architectes<\/strong> nous pr\u00e9sentent leur dernier projet, le <strong>loft 867<\/strong> De Bougainville &#8211; n r\u00e9am\u00e9nagement complet d\u2019un logement situ\u00e9 au rez-de-chauss\u00e9e d\u2019un b\u00e2timent datant de 1924, situ\u00e9 dans le quartier Montcalm \u00e0 Qu\u00e9bec&#8230;<\/p>\n<p><a href=\"https:\/\/i0.wp.com\/joyana.fr\/wp-content\/uploads\/2015\/09\/21065-preview_low_1527-1_21065_sc_v2com.jpg?ssl=1\"><img data-recalc-dims=\"1\" fetchpriority=\"high\" decoding=\"async\" class=\"alignnone size-full wp-image-21501\" src=\"https:\/\/i0.wp.com\/joyana.fr\/wp-content\/uploads\/2015\/09\/21065-preview_low_1527-1_21065_sc_v2com.jpg?resize=1000%2C1500&#038;ssl=1\" alt=\"Loft 867 De Bougainville par Bourgeois \/ Lechasseur architectes\" width=\"1000\" height=\"1500\" \/><\/a><\/p>\n<p style=\"text-align: justify;\">Dans ce <strong>loft 867 De Bougainville<\/strong> l\u2019espace est remodel\u00e9 afin de le rendre a\u00e9r\u00e9, lumineux et plus fonctionnel. Les aires de vie se succ\u00e8dent dans une grande pi\u00e8ce lin\u00e9aire qui traverse d\u2019est en ouest le b\u00e2timent. La lumi\u00e8re peut maintenant mieux y p\u00e9n\u00e9trer.<\/p>\n<p style=\"text-align: justify;\">Lors de la d\u00e9molition, un mur mitoyen en brique apparait comme un \u00e9l\u00e9ment d\u2019int\u00e9r\u00eat \u00e0 conserver et mettre en valeur (chez Deco-Design on adore !). \u00c0 l\u2019autre extr\u00e9mit\u00e9, un mur de planches de bois d\u2019origine est \u00e9galement conserv\u00e9 pour amener une touche chaleureuse aux chambres&#8230;<\/p>\n<p><a href=\"https:\/\/i0.wp.com\/joyana.fr\/wp-content\/uploads\/2015\/09\/21066-preview_low_1527-1_21066_sc_v2com.jpg?ssl=1\"><img data-recalc-dims=\"1\" decoding=\"async\" class=\"alignnone size-full wp-image-21502\" src=\"https:\/\/i0.wp.com\/joyana.fr\/wp-content\/uploads\/2015\/09\/21066-preview_low_1527-1_21066_sc_v2com.jpg?resize=1000%2C1500&#038;ssl=1\" alt=\"Loft 867 De Bougainville par Bourgeois \/ Lechasseur architectes\" width=\"1000\" height=\"1500\" \/><\/a><\/p>\n<p><a href=\"https:\/\/i0.wp.com\/joyana.fr\/wp-content\/uploads\/2015\/09\/21068-preview_low_1527-1_21068_sc_v2com.jpg?ssl=1\"><img data-recalc-dims=\"1\" decoding=\"async\" class=\"alignnone size-full wp-image-21504\" src=\"https:\/\/i0.wp.com\/joyana.fr\/wp-content\/uploads\/2015\/09\/21068-preview_low_1527-1_21068_sc_v2com.jpg?resize=1000%2C1500&#038;ssl=1\" alt=\"Loft 867 De Bougainville par Bourgeois \/ Lechasseur architectes\" width=\"1000\" height=\"1500\" \/><\/a><\/p>\n<p><a href=\"https:\/\/i0.wp.com\/joyana.fr\/wp-content\/uploads\/2015\/09\/21069-preview_low_1527-1_21069_sc_v2com.jpg?ssl=1\"><img data-recalc-dims=\"1\" loading=\"lazy\" decoding=\"async\" class=\"alignnone size-full wp-image-21505\" src=\"https:\/\/i0.wp.com\/joyana.fr\/wp-content\/uploads\/2015\/09\/21069-preview_low_1527-1_21069_sc_v2com.jpg?resize=1000%2C1500&#038;ssl=1\" alt=\"Loft 867 De Bougainville par Bourgeois \/ Lechasseur architectes\" width=\"1000\" height=\"1500\" \/><\/a><\/p>\n<p style=\"text-align: justify;\">Au plancher, un merisier naturel est install\u00e9 pour rappeler le plancher d\u2019origine qui n\u2019a finalement pas pu \u00eatre conserv\u00e9. Des \u00e9l\u00e9ments d\u2019acier sont ajout\u00e9s afin de permettre de lib\u00e9rer l\u2019espace et de pouvoir percer g\u00e9n\u00e9reusement la fa\u00e7ade arri\u00e8re.<\/p>\n<p style=\"text-align: justify;\">L\u2019acier, la brique et le bois sont ainsi d\u00e9nud\u00e9s et laiss\u00e9s \u00e0 l\u2019\u00e9tat brut, venant colorer l\u2019espace&#8230;<\/p>\n<p><a href=\"https:\/\/i0.wp.com\/joyana.fr\/wp-content\/uploads\/2015\/09\/21070-preview_low_1527-1_21070_sc_v2com.jpg?ssl=1\"><img data-recalc-dims=\"1\" loading=\"lazy\" decoding=\"async\" class=\"alignnone size-full wp-image-21506\" src=\"https:\/\/i0.wp.com\/joyana.fr\/wp-content\/uploads\/2015\/09\/21070-preview_low_1527-1_21070_sc_v2com.jpg?resize=1000%2C1500&#038;ssl=1\" alt=\"Loft 867 De Bougainville par Bourgeois \/ Lechasseur architectes\" width=\"1000\" height=\"1500\" \/><\/a><\/p>\n<p><a href=\"https:\/\/i0.wp.com\/joyana.fr\/wp-content\/uploads\/2015\/09\/21071-preview_low_1527-1_21071_sc_v2com.jpg?ssl=1\"><img data-recalc-dims=\"1\" loading=\"lazy\" decoding=\"async\" class=\"alignnone size-full wp-image-21507\" src=\"https:\/\/i0.wp.com\/joyana.fr\/wp-content\/uploads\/2015\/09\/21071-preview_low_1527-1_21071_sc_v2com.jpg?resize=1000%2C1500&#038;ssl=1\" alt=\"Loft 867 De Bougainville par Bourgeois \/ Lechasseur architectes\" width=\"1000\" height=\"1500\" \/><\/a><\/p>\n<p><a href=\"https:\/\/i0.wp.com\/joyana.fr\/wp-content\/uploads\/2015\/09\/21072-preview_low_1527-1_21072_sc_v2com.jpg?ssl=1\"><img data-recalc-dims=\"1\" loading=\"lazy\" decoding=\"async\" class=\"alignnone size-full wp-image-21508\" src=\"https:\/\/i0.wp.com\/joyana.fr\/wp-content\/uploads\/2015\/09\/21072-preview_low_1527-1_21072_sc_v2com.jpg?resize=1000%2C1500&#038;ssl=1\" alt=\"Loft 867 De Bougainville par Bourgeois \/ Lechasseur architectes\" width=\"1000\" height=\"1500\" \/><\/a><\/p>\n<p><a href=\"https:\/\/i0.wp.com\/joyana.fr\/wp-content\/uploads\/2015\/09\/ARCHITECTURE-867-De-Bougainville.jpg?ssl=1\"><img data-recalc-dims=\"1\" loading=\"lazy\" decoding=\"async\" class=\"alignnone size-full wp-image-21513\" src=\"https:\/\/i0.wp.com\/joyana.fr\/wp-content\/uploads\/2015\/09\/ARCHITECTURE-867-De-Bougainville.jpg?resize=1700%2C1360&#038;ssl=1\" alt=\"ARCHITECTURE-867-De-Bougainville\" width=\"1700\" height=\"1360\" \/><\/a><\/p>\n<p>&nbsp;<\/p>\n\n<p><a href=\"https:\/\/i0.wp.com\/joyana.fr\/wp-content\/uploads\/2015\/09\/21075-preview_low_1527-1_21075_sc_v2com.jpg?ssl=1\"><img data-recalc-dims=\"1\" loading=\"lazy\" decoding=\"async\" class=\"alignnone size-full wp-image-21511\" src=\"https:\/\/i0.wp.com\/joyana.fr\/wp-content\/uploads\/2015\/09\/21075-preview_low_1527-1_21075_sc_v2com.jpg?resize=1000%2C1500&#038;ssl=1\" alt=\"Loft 867 De Bougainville par Bourgeois \/ Lechasseur architectes\" width=\"1000\" height=\"1500\" \/><\/a><\/p>\n<p>&nbsp;<\/p>\n<p style=\"text-align: center;\">En savoir + sur\u00a0<strong><a href=\"http:\/\/bourgeoislechasseur.com\" target=\"_blank\">Bourgeois \/ Lechasseur architectes<\/a><\/strong><\/p>\n<p style=\"text-align: center;\">\n","protected":false},"excerpt":{"rendered":"<p>Bourgeois \/ Lechasseur architectes nous pr\u00e9sentent leur dernier projet, le loft 867 De Bougainville &#8211; n r\u00e9am\u00e9nagement complet d\u2019un logement situ\u00e9 \u00e0 Qu\u00e9bec&#8230;<\/p>\n","protected":false},"author":3,"featured_media":121513,"comment_status":"open","ping_status":"open","sticky":false,"template":"","format":"aside","meta":{"_coblocks_attr":"","_coblocks_dimensions":"","_coblocks_responsive_height":"","_coblocks_accordion_ie_support":"","_uag_custom_page_level_css":"","advgb_blocks_editor_width":"","advgb_blocks_columns_visual_guide":"","_genesis_hide_title":false,"_genesis_hide_breadcrumbs":false,"_genesis_hide_singular_image":false,"_genesis_hide_footer_widgets":false,"_genesis_custom_body_class":"","_genesis_custom_post_class":"","_genesis_layout":"","_themeisle_gutenberg_block_has_review":false,"_jetpack_newsletter_access":"","_jetpack_dont_email_post_to_subs":false,"_jetpack_newsletter_tier_id":0,"_jetpack_memberships_contains_paywalled_content":false,"_jetpack_memberships_contains_paid_content":false,"footnotes":""},"categories":[1036,71,905,978],"tags":[501,2093,829,2094],"class_list":{"0":"post-121500","1":"post","2":"type-post","3":"status-publish","4":"format-aside","5":"has-post-thumbnail","7":"category-a-la-une","8":"category-architecture","9":"category-deco-design","10":"category-loft","11":"tag-architecture-2","12":"tag-bourgeois-lechasseur-architectes","13":"tag-loft","14":"tag-quebec","15":"post_format-post-format-aside","16":"entry"},"featured_image_urls":{"full":["https:\/\/i0.wp.com\/www.joyana.fr\/wp-content\/uploads\/2015\/09\/ARCHITECTURE-867-De-Bougainville.jpg?fit=1700%2C1360&ssl=1",1700,1360,false],"thumbnail":["https:\/\/i0.wp.com\/www.joyana.fr\/wp-content\/uploads\/2015\/09\/ARCHITECTURE-867-De-Bougainville.jpg?resize=150%2C150&ssl=1",150,150,true],"medium":["https:\/\/i0.wp.com\/www.joyana.fr\/wp-content\/uploads\/2015\/09\/ARCHITECTURE-867-De-Bougainville.jpg?fit=389%2C311&ssl=1",389,311,true],"medium_large":["https:\/\/i0.wp.com\/www.joyana.fr\/wp-content\/uploads\/2015\/09\/ARCHITECTURE-867-De-Bougainville.jpg?fit=768%2C614&ssl=1",768,614,true],"large":["https:\/\/i0.wp.com\/www.joyana.fr\/wp-content\/uploads\/2015\/09\/ARCHITECTURE-867-De-Bougainville.jpg?fit=1024%2C819&ssl=1",1024,819,true],"1536x1536":["https:\/\/i0.wp.com\/www.joyana.fr\/wp-content\/uploads\/2015\/09\/ARCHITECTURE-867-De-Bougainville.jpg?fit=1536%2C1229&ssl=1",1536,1229,true],"2048x2048":["https:\/\/i0.wp.com\/www.joyana.fr\/wp-content\/uploads\/2015\/09\/ARCHITECTURE-867-De-Bougainville.jpg?fit=1700%2C1360&ssl=1",1700,1360,true],"featured-thumb":["https:\/\/i0.wp.com\/www.joyana.fr\/wp-content\/uploads\/2015\/09\/ARCHITECTURE-867-De-Bougainville.jpg?resize=1700%2C750&ssl=1",1700,750,true],"ab-block-post-grid-landscape":["https:\/\/i0.wp.com\/www.joyana.fr\/wp-content\/uploads\/2015\/09\/ARCHITECTURE-867-De-Bougainville.jpg?resize=600%2C400&ssl=1",600,400,true],"ab-block-post-grid-square":["https:\/\/i0.wp.com\/www.joyana.fr\/wp-content\/uploads\/2015\/09\/ARCHITECTURE-867-De-Bougainville.jpg?resize=600%2C600&ssl=1",600,600,true],"author-pro-image":["https:\/\/i0.wp.com\/www.joyana.fr\/wp-content\/uploads\/2015\/09\/ARCHITECTURE-867-De-Bougainville.jpg?resize=360%2C570&ssl=1",360,570,true],"slider":["https:\/\/i0.wp.com\/www.joyana.fr\/wp-content\/uploads\/2015\/09\/ARCHITECTURE-867-De-Bougainville.jpg?resize=920%2C400&ssl=1",920,400,true],"woocommerce_thumbnail":["https:\/\/i0.wp.com\/www.joyana.fr\/wp-content\/uploads\/2015\/09\/ARCHITECTURE-867-De-Bougainville.jpg?resize=450%2C450&ssl=1",450,450,true],"woocommerce_single":["https:\/\/i0.wp.com\/www.joyana.fr\/wp-content\/uploads\/2015\/09\/ARCHITECTURE-867-De-Bougainville.jpg?fit=920%2C736&ssl=1",920,736,true],"woocommerce_gallery_thumbnail":["https:\/\/i0.wp.com\/www.joyana.fr\/wp-content\/uploads\/2015\/09\/ARCHITECTURE-867-De-Bougainville.jpg?resize=180%2C180&ssl=1",180,180,true],"sow-carousel-default":["https:\/\/i0.wp.com\/www.joyana.fr\/wp-content\/uploads\/2015\/09\/ARCHITECTURE-867-De-Bougainville.jpg?resize=272%2C182&ssl=1",272,182,true]},"post_excerpt_stackable":"<p>Bourgeois \/ Lechasseur architectes nous pr\u00e9sentent leur dernier projet, le loft 867 De Bougainville &#8211; n r\u00e9am\u00e9nagement complet d\u2019un logement situ\u00e9 \u00e0 Qu\u00e9bec&#8230;<\/p>\n","category_list":"<a href=\"https:\/\/www.joyana.fr\/ja\/category\/a-la-une\/\" rel=\"category tag\">A la une !!!<\/a>, <a href=\"https:\/\/www.joyana.fr\/ja\/category\/portfolio\/architecture\/\" rel=\"category tag\">ARCHITECTURE<\/a>, <a href=\"https:\/\/www.joyana.fr\/ja\/category\/deco-design\/\" rel=\"category tag\">DECO-DESIGN<\/a>, <a href=\"https:\/\/www.joyana.fr\/ja\/category\/deco-design\/architecture-deco-design\/lieux-design\/loft\/\" rel=\"category tag\">Loft<\/a>","author_info":{"display_name":"Jo Yana","author_link":"https:\/\/www.joyana.fr\/ja\/author\/joyana\/"},"comments_num":"0 comments","featured_image_urls_v2":{"full":["https:\/\/i0.wp.com\/www.joyana.fr\/wp-content\/uploads\/2015\/09\/ARCHITECTURE-867-De-Bougainville.jpg?fit=1700%2C1360&ssl=1",1700,1360,false],"thumbnail":["https:\/\/i0.wp.com\/www.joyana.fr\/wp-content\/uploads\/2015\/09\/ARCHITECTURE-867-De-Bougainville.jpg?resize=150%2C150&ssl=1",150,150,true],"medium":["https:\/\/i0.wp.com\/www.joyana.fr\/wp-content\/uploads\/2015\/09\/ARCHITECTURE-867-De-Bougainville.jpg?fit=389%2C311&ssl=1",389,311,true],"medium_large":["https:\/\/i0.wp.com\/www.joyana.fr\/wp-content\/uploads\/2015\/09\/ARCHITECTURE-867-De-Bougainville.jpg?fit=768%2C614&ssl=1",768,614,true],"large":["https:\/\/i0.wp.com\/www.joyana.fr\/wp-content\/uploads\/2015\/09\/ARCHITECTURE-867-De-Bougainville.jpg?fit=1024%2C819&ssl=1",1024,819,true],"1536x1536":["https:\/\/i0.wp.com\/www.joyana.fr\/wp-content\/uploads\/2015\/09\/ARCHITECTURE-867-De-Bougainville.jpg?fit=1536%2C1229&ssl=1",1536,1229,true],"2048x2048":["https:\/\/i0.wp.com\/www.joyana.fr\/wp-content\/uploads\/2015\/09\/ARCHITECTURE-867-De-Bougainville.jpg?fit=1700%2C1360&ssl=1",1700,1360,true],"featured-thumb":["https:\/\/i0.wp.com\/www.joyana.fr\/wp-content\/uploads\/2015\/09\/ARCHITECTURE-867-De-Bougainville.jpg?resize=1700%2C750&ssl=1",1700,750,true],"ab-block-post-grid-landscape":["https:\/\/i0.wp.com\/www.joyana.fr\/wp-content\/uploads\/2015\/09\/ARCHITECTURE-867-De-Bougainville.jpg?resize=600%2C400&ssl=1",600,400,true],"ab-block-post-grid-square":["https:\/\/i0.wp.com\/www.joyana.fr\/wp-content\/uploads\/2015\/09\/ARCHITECTURE-867-De-Bougainville.jpg?resize=600%2C600&ssl=1",600,600,true],"author-pro-image":["https:\/\/i0.wp.com\/www.joyana.fr\/wp-content\/uploads\/2015\/09\/ARCHITECTURE-867-De-Bougainville.jpg?resize=360%2C570&ssl=1",360,570,true],"slider":["https:\/\/i0.wp.com\/www.joyana.fr\/wp-content\/uploads\/2015\/09\/ARCHITECTURE-867-De-Bougainville.jpg?resize=920%2C400&ssl=1",920,400,true],"woocommerce_thumbnail":["https:\/\/i0.wp.com\/www.joyana.fr\/wp-content\/uploads\/2015\/09\/ARCHITECTURE-867-De-Bougainville.jpg?resize=450%2C450&ssl=1",450,450,true],"woocommerce_single":["https:\/\/i0.wp.com\/www.joyana.fr\/wp-content\/uploads\/2015\/09\/ARCHITECTURE-867-De-Bougainville.jpg?fit=920%2C736&ssl=1",920,736,true],"woocommerce_gallery_thumbnail":["https:\/\/i0.wp.com\/www.joyana.fr\/wp-content\/uploads\/2015\/09\/ARCHITECTURE-867-De-Bougainville.jpg?resize=180%2C180&ssl=1",180,180,true],"sow-carousel-default":["https:\/\/i0.wp.com\/www.joyana.fr\/wp-content\/uploads\/2015\/09\/ARCHITECTURE-867-De-Bougainville.jpg?resize=272%2C182&ssl=1",272,182,true]},"post_excerpt_stackable_v2":"<p>Bourgeois \/ Lechasseur architectes nous pr\u00e9sentent leur dernier projet, le loft 867 De Bougainville &#8211; n r\u00e9am\u00e9nagement complet d\u2019un logement situ\u00e9 \u00e0 Qu\u00e9bec&#8230;<\/p>\n","category_list_v2":"<a href=\"https:\/\/www.joyana.fr\/ja\/category\/a-la-une\/\" rel=\"category tag\">A la une !!!<\/a>, <a href=\"https:\/\/www.joyana.fr\/ja\/category\/portfolio\/architecture\/\" rel=\"category tag\">ARCHITECTURE<\/a>, <a href=\"https:\/\/www.joyana.fr\/ja\/category\/deco-design\/\" rel=\"category tag\">DECO-DESIGN<\/a>, <a href=\"https:\/\/www.joyana.fr\/ja\/category\/deco-design\/architecture-deco-design\/lieux-design\/loft\/\" rel=\"category tag\">Loft<\/a>","author_info_v2":{"name":"Jo Yana","url":"https:\/\/www.joyana.fr\/ja\/author\/joyana\/"},"comments_num_v2":"0 comments","yoast_head":"<!-- This site is optimized with the Yoast SEO plugin v26.8 - https:\/\/yoast.com\/product\/yoast-seo-wordpress\/ -->\n<title>Loft 867 De Bougainville par Bourgeois \/ Lechasseur architectes | DECO-DESIGN<\/title>\n<meta name=\"description\" content=\"Bourgeois \/ Lechasseur architectes nous pr\u00e9sentent leur dernier projet, le loft 867 De Bougainville - n r\u00e9am\u00e9nagement complet d\u2019un logement situ\u00e9 \u00e0 Qu\u00e9bec...\" \/>\n<meta name=\"robots\" content=\"index, follow, max-snippet:-1, max-image-preview:large, max-video-preview:-1\" \/>\n<link rel=\"canonical\" href=\"https:\/\/www.joyana.fr\/ja\/architecture-loft-867-de-bougainville-bourgeois-lechasseur-architectes\/121500\/\" \/>\n<meta property=\"og:locale\" content=\"ja_JP\" \/>\n<meta property=\"og:locale:alternate\" content=\"fr_FR\" \/>\n<meta property=\"og:locale:alternate\" content=\"en_US\" \/>\n<meta property=\"og:type\" content=\"article\" \/>\n<meta property=\"og:title\" content=\"Loft 867 De Bougainville par Bourgeois \/ Lechasseur architectes | DECO-DESIGN\" \/>\n<meta property=\"og:description\" content=\"Bourgeois \/ Lechasseur architectes nous pr\u00e9sentent leur dernier projet, le loft 867 De Bougainville - n r\u00e9am\u00e9nagement complet d\u2019un logement situ\u00e9 \u00e0 Qu\u00e9bec...\" \/>\n<meta property=\"og:url\" content=\"https:\/\/www.joyana.fr\/ja\/architecture-loft-867-de-bougainville-bourgeois-lechasseur-architectes\/121500\/\" \/>\n<meta property=\"og:site_name\" content=\"JO YANA\" \/>\n<meta property=\"article:published_time\" content=\"2015-09-02T15:31:04+00:00\" \/>\n<meta property=\"og:image\" content=\"https:\/\/www.joyana.fr\/wp-content\/uploads\/2015\/09\/ARCHITECTURE-867-De-Bougainville.jpg\" \/>\n\t<meta property=\"og:image:width\" content=\"1700\" \/>\n\t<meta property=\"og:image:height\" content=\"1360\" \/>\n\t<meta property=\"og:image:type\" content=\"image\/jpeg\" \/>\n<meta name=\"author\" content=\"Jo Yana\" \/>\n<meta name=\"twitter:card\" content=\"summary_large_image\" \/>\n<meta name=\"twitter:creator\" content=\"@Jo_Yana\" \/>\n<meta name=\"twitter:site\" content=\"@Jo_Yana\" \/>\n<meta name=\"twitter:label1\" content=\"\u57f7\u7b46\u8005\" \/>\n\t<meta name=\"twitter:data1\" content=\"Jo Yana\" \/>\n\t<meta name=\"twitter:label2\" content=\"\u63a8\u5b9a\u8aad\u307f\u53d6\u308a\u6642\u9593\" \/>\n\t<meta name=\"twitter:data2\" content=\"1\u5206\" \/>\n<script type=\"application\/ld+json\" class=\"yoast-schema-graph\">{\"@context\":\"https:\/\/schema.org\",\"@graph\":[{\"@type\":\"Article\",\"@id\":\"https:\/\/www.joyana.fr\/ja\/architecture-loft-867-de-bougainville-bourgeois-lechasseur-architectes\/121500\/#article\",\"isPartOf\":{\"@id\":\"https:\/\/www.joyana.fr\/ja\/architecture-loft-867-de-bougainville-bourgeois-lechasseur-architectes\/121500\/\"},\"author\":{\"name\":\"Jo Yana\",\"@id\":\"https:\/\/joyana.fr\/#\/schema\/person\/cf2a1ad12a27c12c21801075bf37407c\"},\"headline\":\"Loft 867 De Bougainville par Bourgeois \/ Lechasseur architectes\",\"datePublished\":\"2015-09-02T15:31:04+00:00\",\"mainEntityOfPage\":{\"@id\":\"https:\/\/www.joyana.fr\/ja\/architecture-loft-867-de-bougainville-bourgeois-lechasseur-architectes\/121500\/\"},\"wordCount\":232,\"commentCount\":0,\"publisher\":{\"@id\":\"https:\/\/joyana.fr\/#\/schema\/person\/cf2a1ad12a27c12c21801075bf37407c\"},\"image\":{\"@id\":\"https:\/\/www.joyana.fr\/ja\/architecture-loft-867-de-bougainville-bourgeois-lechasseur-architectes\/121500\/#primaryimage\"},\"thumbnailUrl\":\"https:\/\/i0.wp.com\/www.joyana.fr\/wp-content\/uploads\/2015\/09\/ARCHITECTURE-867-De-Bougainville.jpg?fit=1700%2C1360&ssl=1\",\"keywords\":[\"Architecture\",\"Bourgeois \/ Lechasseur architectes\",\"Loft\",\"Quebec\"],\"articleSection\":[\"A la une !!!\",\"ARCHITECTURE\",\"DECO-DESIGN\",\"Loft\"],\"inLanguage\":\"ja\",\"potentialAction\":[{\"@type\":\"CommentAction\",\"name\":\"Comment\",\"target\":[\"https:\/\/www.joyana.fr\/ja\/architecture-loft-867-de-bougainville-bourgeois-lechasseur-architectes\/121500\/#respond\"]}]},{\"@type\":\"WebPage\",\"@id\":\"https:\/\/www.joyana.fr\/ja\/architecture-loft-867-de-bougainville-bourgeois-lechasseur-architectes\/121500\/\",\"url\":\"https:\/\/www.joyana.fr\/ja\/architecture-loft-867-de-bougainville-bourgeois-lechasseur-architectes\/121500\/\",\"name\":\"Loft 867 De Bougainville par Bourgeois \/ Lechasseur architectes | DECO-DESIGN\",\"isPartOf\":{\"@id\":\"https:\/\/joyana.fr\/#website\"},\"primaryImageOfPage\":{\"@id\":\"https:\/\/www.joyana.fr\/ja\/architecture-loft-867-de-bougainville-bourgeois-lechasseur-architectes\/121500\/#primaryimage\"},\"image\":{\"@id\":\"https:\/\/www.joyana.fr\/ja\/architecture-loft-867-de-bougainville-bourgeois-lechasseur-architectes\/121500\/#primaryimage\"},\"thumbnailUrl\":\"https:\/\/i0.wp.com\/www.joyana.fr\/wp-content\/uploads\/2015\/09\/ARCHITECTURE-867-De-Bougainville.jpg?fit=1700%2C1360&ssl=1\",\"datePublished\":\"2015-09-02T15:31:04+00:00\",\"description\":\"Bourgeois \/ Lechasseur architectes nous pr\u00e9sentent leur dernier projet, le loft 867 De Bougainville - n r\u00e9am\u00e9nagement complet d\u2019un logement situ\u00e9 \u00e0 Qu\u00e9bec...\",\"breadcrumb\":{\"@id\":\"https:\/\/www.joyana.fr\/ja\/architecture-loft-867-de-bougainville-bourgeois-lechasseur-architectes\/121500\/#breadcrumb\"},\"inLanguage\":\"ja\",\"potentialAction\":[{\"@type\":\"ReadAction\",\"target\":[\"https:\/\/www.joyana.fr\/ja\/architecture-loft-867-de-bougainville-bourgeois-lechasseur-architectes\/121500\/\"]}]},{\"@type\":\"ImageObject\",\"inLanguage\":\"ja\",\"@id\":\"https:\/\/www.joyana.fr\/ja\/architecture-loft-867-de-bougainville-bourgeois-lechasseur-architectes\/121500\/#primaryimage\",\"url\":\"https:\/\/i0.wp.com\/www.joyana.fr\/wp-content\/uploads\/2015\/09\/ARCHITECTURE-867-De-Bougainville.jpg?fit=1700%2C1360&ssl=1\",\"contentUrl\":\"https:\/\/i0.wp.com\/www.joyana.fr\/wp-content\/uploads\/2015\/09\/ARCHITECTURE-867-De-Bougainville.jpg?fit=1700%2C1360&ssl=1\",\"width\":1700,\"height\":1360},{\"@type\":\"BreadcrumbList\",\"@id\":\"https:\/\/www.joyana.fr\/ja\/architecture-loft-867-de-bougainville-bourgeois-lechasseur-architectes\/121500\/#breadcrumb\",\"itemListElement\":[{\"@type\":\"ListItem\",\"position\":1,\"name\":\"Accueil\",\"item\":\"https:\/\/joyana.fr\/\"},{\"@type\":\"ListItem\",\"position\":2,\"name\":\"Loft 867 De Bougainville par Bourgeois \/ Lechasseur architectes\"}]},{\"@type\":\"WebSite\",\"@id\":\"https:\/\/joyana.fr\/#website\",\"url\":\"https:\/\/joyana.fr\/\",\"name\":\"JO YANA\",\"description\":\"Blog Mode Homme, Lifestyle, D\u00e9co-Design\",\"publisher\":{\"@id\":\"https:\/\/joyana.fr\/#\/schema\/person\/cf2a1ad12a27c12c21801075bf37407c\"},\"potentialAction\":[{\"@type\":\"SearchAction\",\"target\":{\"@type\":\"EntryPoint\",\"urlTemplate\":\"https:\/\/joyana.fr\/?s={search_term_string}\"},\"query-input\":{\"@type\":\"PropertyValueSpecification\",\"valueRequired\":true,\"valueName\":\"search_term_string\"}}],\"inLanguage\":\"ja\"},{\"@type\":[\"Person\",\"Organization\"],\"@id\":\"https:\/\/joyana.fr\/#\/schema\/person\/cf2a1ad12a27c12c21801075bf37407c\",\"name\":\"Jo Yana\",\"image\":{\"@type\":\"ImageObject\",\"inLanguage\":\"ja\",\"@id\":\"https:\/\/joyana.fr\/#\/schema\/person\/image\/\",\"url\":\"https:\/\/i0.wp.com\/www.joyana.fr\/wp-content\/uploads\/2016\/08\/cropped-joyana-logo-black-360x180.png?fit=343%2C164&ssl=1\",\"contentUrl\":\"https:\/\/i0.wp.com\/www.joyana.fr\/wp-content\/uploads\/2016\/08\/cropped-joyana-logo-black-360x180.png?fit=343%2C164&ssl=1\",\"width\":343,\"height\":164,\"caption\":\"Jo Yana\"},\"logo\":{\"@id\":\"https:\/\/joyana.fr\/#\/schema\/person\/image\/\"},\"description\":\"Jo Yana est le cr\u00e9ateur et r\u00e9dacteur en chef des sites DECO-DESIGN. Passionn\u00e9 de Design, Mode, Photo, Luxe, Lifestyle, Musique, mais avant tout Blogueur ! Le plaisir de partager l'anime et a comme devise \\\"POUR L'AMOUR DU BEAU\\\". Retrouvez le aussi sur son blog personnel - https:\/\/joyana.fr...\",\"sameAs\":[\"https:\/\/joyana.fr\/\"],\"url\":\"https:\/\/www.joyana.fr\/ja\/author\/joyana\/\"}]}<\/script>\n<!-- \/ Yoast SEO plugin. -->","yoast_head_json":{"title":"Loft 867 De Bougainville par Bourgeois \/ Lechasseur architectes | DECO-DESIGN","description":"Bourgeois \/ Lechasseur architectes nous pr\u00e9sentent leur dernier projet, le loft 867 De Bougainville - n r\u00e9am\u00e9nagement complet d\u2019un logement situ\u00e9 \u00e0 Qu\u00e9bec...","robots":{"index":"index","follow":"follow","max-snippet":"max-snippet:-1","max-image-preview":"max-image-preview:large","max-video-preview":"max-video-preview:-1"},"canonical":"https:\/\/www.joyana.fr\/ja\/architecture-loft-867-de-bougainville-bourgeois-lechasseur-architectes\/121500\/","og_locale":"ja_JP","og_type":"article","og_title":"Loft 867 De Bougainville par Bourgeois \/ Lechasseur architectes | DECO-DESIGN","og_description":"Bourgeois \/ Lechasseur architectes nous pr\u00e9sentent leur dernier projet, le loft 867 De Bougainville - n r\u00e9am\u00e9nagement complet d\u2019un logement situ\u00e9 \u00e0 Qu\u00e9bec...","og_url":"https:\/\/www.joyana.fr\/ja\/architecture-loft-867-de-bougainville-bourgeois-lechasseur-architectes\/121500\/","og_site_name":"JO YANA","article_published_time":"2015-09-02T15:31:04+00:00","og_image":[{"width":1700,"height":1360,"url":"https:\/\/www.joyana.fr\/wp-content\/uploads\/2015\/09\/ARCHITECTURE-867-De-Bougainville.jpg","type":"image\/jpeg"}],"author":"Jo Yana","twitter_card":"summary_large_image","twitter_creator":"@Jo_Yana","twitter_site":"@Jo_Yana","twitter_misc":{"\u57f7\u7b46\u8005":"Jo Yana","\u63a8\u5b9a\u8aad\u307f\u53d6\u308a\u6642\u9593":"1\u5206"},"schema":{"@context":"https:\/\/schema.org","@graph":[{"@type":"Article","@id":"https:\/\/www.joyana.fr\/ja\/architecture-loft-867-de-bougainville-bourgeois-lechasseur-architectes\/121500\/#article","isPartOf":{"@id":"https:\/\/www.joyana.fr\/ja\/architecture-loft-867-de-bougainville-bourgeois-lechasseur-architectes\/121500\/"},"author":{"name":"Jo Yana","@id":"https:\/\/joyana.fr\/#\/schema\/person\/cf2a1ad12a27c12c21801075bf37407c"},"headline":"Loft 867 De Bougainville par Bourgeois \/ Lechasseur architectes","datePublished":"2015-09-02T15:31:04+00:00","mainEntityOfPage":{"@id":"https:\/\/www.joyana.fr\/ja\/architecture-loft-867-de-bougainville-bourgeois-lechasseur-architectes\/121500\/"},"wordCount":232,"commentCount":0,"publisher":{"@id":"https:\/\/joyana.fr\/#\/schema\/person\/cf2a1ad12a27c12c21801075bf37407c"},"image":{"@id":"https:\/\/www.joyana.fr\/ja\/architecture-loft-867-de-bougainville-bourgeois-lechasseur-architectes\/121500\/#primaryimage"},"thumbnailUrl":"https:\/\/i0.wp.com\/www.joyana.fr\/wp-content\/uploads\/2015\/09\/ARCHITECTURE-867-De-Bougainville.jpg?fit=1700%2C1360&ssl=1","keywords":["Architecture","Bourgeois \/ Lechasseur architectes","Loft","Quebec"],"articleSection":["A la une !!!","ARCHITECTURE","DECO-DESIGN","Loft"],"inLanguage":"ja","potentialAction":[{"@type":"CommentAction","name":"Comment","target":["https:\/\/www.joyana.fr\/ja\/architecture-loft-867-de-bougainville-bourgeois-lechasseur-architectes\/121500\/#respond"]}]},{"@type":"WebPage","@id":"https:\/\/www.joyana.fr\/ja\/architecture-loft-867-de-bougainville-bourgeois-lechasseur-architectes\/121500\/","url":"https:\/\/www.joyana.fr\/ja\/architecture-loft-867-de-bougainville-bourgeois-lechasseur-architectes\/121500\/","name":"Loft 867 De Bougainville par Bourgeois \/ Lechasseur architectes | DECO-DESIGN","isPartOf":{"@id":"https:\/\/joyana.fr\/#website"},"primaryImageOfPage":{"@id":"https:\/\/www.joyana.fr\/ja\/architecture-loft-867-de-bougainville-bourgeois-lechasseur-architectes\/121500\/#primaryimage"},"image":{"@id":"https:\/\/www.joyana.fr\/ja\/architecture-loft-867-de-bougainville-bourgeois-lechasseur-architectes\/121500\/#primaryimage"},"thumbnailUrl":"https:\/\/i0.wp.com\/www.joyana.fr\/wp-content\/uploads\/2015\/09\/ARCHITECTURE-867-De-Bougainville.jpg?fit=1700%2C1360&ssl=1","datePublished":"2015-09-02T15:31:04+00:00","description":"Bourgeois \/ Lechasseur architectes nous pr\u00e9sentent leur dernier projet, le loft 867 De Bougainville - n r\u00e9am\u00e9nagement complet d\u2019un logement situ\u00e9 \u00e0 Qu\u00e9bec...","breadcrumb":{"@id":"https:\/\/www.joyana.fr\/ja\/architecture-loft-867-de-bougainville-bourgeois-lechasseur-architectes\/121500\/#breadcrumb"},"inLanguage":"ja","potentialAction":[{"@type":"ReadAction","target":["https:\/\/www.joyana.fr\/ja\/architecture-loft-867-de-bougainville-bourgeois-lechasseur-architectes\/121500\/"]}]},{"@type":"ImageObject","inLanguage":"ja","@id":"https:\/\/www.joyana.fr\/ja\/architecture-loft-867-de-bougainville-bourgeois-lechasseur-architectes\/121500\/#primaryimage","url":"https:\/\/i0.wp.com\/www.joyana.fr\/wp-content\/uploads\/2015\/09\/ARCHITECTURE-867-De-Bougainville.jpg?fit=1700%2C1360&ssl=1","contentUrl":"https:\/\/i0.wp.com\/www.joyana.fr\/wp-content\/uploads\/2015\/09\/ARCHITECTURE-867-De-Bougainville.jpg?fit=1700%2C1360&ssl=1","width":1700,"height":1360},{"@type":"BreadcrumbList","@id":"https:\/\/www.joyana.fr\/ja\/architecture-loft-867-de-bougainville-bourgeois-lechasseur-architectes\/121500\/#breadcrumb","itemListElement":[{"@type":"ListItem","position":1,"name":"Accueil","item":"https:\/\/joyana.fr\/"},{"@type":"ListItem","position":2,"name":"Loft 867 De Bougainville par Bourgeois \/ Lechasseur architectes"}]},{"@type":"WebSite","@id":"https:\/\/joyana.fr\/#website","url":"https:\/\/joyana.fr\/","name":"JO YANA","description":"Blog Mode Homme, Lifestyle, D\u00e9co-Design","publisher":{"@id":"https:\/\/joyana.fr\/#\/schema\/person\/cf2a1ad12a27c12c21801075bf37407c"},"potentialAction":[{"@type":"SearchAction","target":{"@type":"EntryPoint","urlTemplate":"https:\/\/joyana.fr\/?s={search_term_string}"},"query-input":{"@type":"PropertyValueSpecification","valueRequired":true,"valueName":"search_term_string"}}],"inLanguage":"ja"},{"@type":["Person","Organization"],"@id":"https:\/\/joyana.fr\/#\/schema\/person\/cf2a1ad12a27c12c21801075bf37407c","name":"Jo Yana","image":{"@type":"ImageObject","inLanguage":"ja","@id":"https:\/\/joyana.fr\/#\/schema\/person\/image\/","url":"https:\/\/i0.wp.com\/www.joyana.fr\/wp-content\/uploads\/2016\/08\/cropped-joyana-logo-black-360x180.png?fit=343%2C164&ssl=1","contentUrl":"https:\/\/i0.wp.com\/www.joyana.fr\/wp-content\/uploads\/2016\/08\/cropped-joyana-logo-black-360x180.png?fit=343%2C164&ssl=1","width":343,"height":164,"caption":"Jo Yana"},"logo":{"@id":"https:\/\/joyana.fr\/#\/schema\/person\/image\/"},"description":"Jo Yana est le cr\u00e9ateur et r\u00e9dacteur en chef des sites DECO-DESIGN. Passionn\u00e9 de Design, Mode, Photo, Luxe, Lifestyle, Musique, mais avant tout Blogueur ! Le plaisir de partager l'anime et a comme devise \"POUR L'AMOUR DU BEAU\". Retrouvez le aussi sur son blog personnel - https:\/\/joyana.fr...","sameAs":["https:\/\/joyana.fr\/"],"url":"https:\/\/www.joyana.fr\/ja\/author\/joyana\/"}]}},"author_meta":{"display_name":"Jo Yana","author_link":"https:\/\/www.joyana.fr\/ja\/author\/joyana\/"},"featured_img":"https:\/\/i0.wp.com\/www.joyana.fr\/wp-content\/uploads\/2015\/09\/ARCHITECTURE-867-De-Bougainville.jpg?fit=389%2C311&ssl=1","featured_image_src":"https:\/\/i0.wp.com\/www.joyana.fr\/wp-content\/uploads\/2015\/09\/ARCHITECTURE-867-De-Bougainville.jpg?resize=600%2C400&ssl=1","featured_image_src_square":"https:\/\/i0.wp.com\/www.joyana.fr\/wp-content\/uploads\/2015\/09\/ARCHITECTURE-867-De-Bougainville.jpg?resize=600%2C600&ssl=1","jetpack_featured_media_url":"https:\/\/i0.wp.com\/www.joyana.fr\/wp-content\/uploads\/2015\/09\/ARCHITECTURE-867-De-Bougainville.jpg?fit=1700%2C1360&ssl=1","uagb_featured_image_src":{"full":["https:\/\/i0.wp.com\/www.joyana.fr\/wp-content\/uploads\/2015\/09\/ARCHITECTURE-867-De-Bougainville.jpg?fit=1700%2C1360&ssl=1",1700,1360,false],"thumbnail":["https:\/\/i0.wp.com\/www.joyana.fr\/wp-content\/uploads\/2015\/09\/ARCHITECTURE-867-De-Bougainville.jpg?resize=150%2C150&ssl=1",150,150,true],"medium":["https:\/\/i0.wp.com\/www.joyana.fr\/wp-content\/uploads\/2015\/09\/ARCHITECTURE-867-De-Bougainville.jpg?fit=389%2C311&ssl=1",389,311,true],"medium_large":["https:\/\/i0.wp.com\/www.joyana.fr\/wp-content\/uploads\/2015\/09\/ARCHITECTURE-867-De-Bougainville.jpg?fit=768%2C614&ssl=1",768,614,true],"large":["https:\/\/i0.wp.com\/www.joyana.fr\/wp-content\/uploads\/2015\/09\/ARCHITECTURE-867-De-Bougainville.jpg?fit=1024%2C819&ssl=1",1024,819,true],"1536x1536":["https:\/\/i0.wp.com\/www.joyana.fr\/wp-content\/uploads\/2015\/09\/ARCHITECTURE-867-De-Bougainville.jpg?fit=1536%2C1229&ssl=1",1536,1229,true],"2048x2048":["https:\/\/i0.wp.com\/www.joyana.fr\/wp-content\/uploads\/2015\/09\/ARCHITECTURE-867-De-Bougainville.jpg?fit=1700%2C1360&ssl=1",1700,1360,true],"featured-thumb":["https:\/\/i0.wp.com\/www.joyana.fr\/wp-content\/uploads\/2015\/09\/ARCHITECTURE-867-De-Bougainville.jpg?resize=1700%2C750&ssl=1",1700,750,true],"ab-block-post-grid-landscape":["https:\/\/i0.wp.com\/www.joyana.fr\/wp-content\/uploads\/2015\/09\/ARCHITECTURE-867-De-Bougainville.jpg?resize=600%2C400&ssl=1",600,400,true],"ab-block-post-grid-square":["https:\/\/i0.wp.com\/www.joyana.fr\/wp-content\/uploads\/2015\/09\/ARCHITECTURE-867-De-Bougainville.jpg?resize=600%2C600&ssl=1",600,600,true],"author-pro-image":["https:\/\/i0.wp.com\/www.joyana.fr\/wp-content\/uploads\/2015\/09\/ARCHITECTURE-867-De-Bougainville.jpg?resize=360%2C570&ssl=1",360,570,true],"slider":["https:\/\/i0.wp.com\/www.joyana.fr\/wp-content\/uploads\/2015\/09\/ARCHITECTURE-867-De-Bougainville.jpg?resize=920%2C400&ssl=1",920,400,true],"woocommerce_thumbnail":["https:\/\/i0.wp.com\/www.joyana.fr\/wp-content\/uploads\/2015\/09\/ARCHITECTURE-867-De-Bougainville.jpg?resize=450%2C450&ssl=1",450,450,true],"woocommerce_single":["https:\/\/i0.wp.com\/www.joyana.fr\/wp-content\/uploads\/2015\/09\/ARCHITECTURE-867-De-Bougainville.jpg?fit=920%2C736&ssl=1",920,736,true],"woocommerce_gallery_thumbnail":["https:\/\/i0.wp.com\/www.joyana.fr\/wp-content\/uploads\/2015\/09\/ARCHITECTURE-867-De-Bougainville.jpg?resize=180%2C180&ssl=1",180,180,true],"sow-carousel-default":["https:\/\/i0.wp.com\/www.joyana.fr\/wp-content\/uploads\/2015\/09\/ARCHITECTURE-867-De-Bougainville.jpg?resize=272%2C182&ssl=1",272,182,true]},"uagb_author_info":{"display_name":"Jo Yana","author_link":"https:\/\/www.joyana.fr\/ja\/author\/joyana\/"},"uagb_comment_info":1,"uagb_excerpt":"Bourgeois \/ Lechasseur architectes nous pr\u00e9sentent leur&hellip;","coauthors":[],"tax_additional":{"categories":{"linked":["<a href=\"https:\/\/www.joyana.fr\/ja\/category\/a-la-une\/\" class=\"advgb-post-tax-term\">A la une !!!<\/a>","<a href=\"https:\/\/www.joyana.fr\/ja\/category\/portfolio\/architecture\/\" class=\"advgb-post-tax-term\">ARCHITECTURE<\/a>","<a href=\"https:\/\/www.joyana.fr\/ja\/category\/deco-design\/\" class=\"advgb-post-tax-term\">DECO-DESIGN<\/a>","<a href=\"https:\/\/www.joyana.fr\/ja\/category\/deco-design\/architecture-deco-design\/lieux-design\/loft\/\" class=\"advgb-post-tax-term\">Loft<\/a>"],"unlinked":["<span class=\"advgb-post-tax-term\">A la une !!!<\/span>","<span class=\"advgb-post-tax-term\">ARCHITECTURE<\/span>","<span class=\"advgb-post-tax-term\">DECO-DESIGN<\/span>","<span class=\"advgb-post-tax-term\">Loft<\/span>"]},"tags":{"linked":["<a href=\"https:\/\/www.joyana.fr\/ja\/category\/deco-design\/architecture-deco-design\/lieux-design\/loft\/\" class=\"advgb-post-tax-term\">Architecture<\/a>","<a href=\"https:\/\/www.joyana.fr\/ja\/category\/deco-design\/architecture-deco-design\/lieux-design\/loft\/\" class=\"advgb-post-tax-term\">Bourgeois \/ Lechasseur architectes<\/a>","<a href=\"https:\/\/www.joyana.fr\/ja\/category\/deco-design\/architecture-deco-design\/lieux-design\/loft\/\" class=\"advgb-post-tax-term\">Loft<\/a>","<a href=\"https:\/\/www.joyana.fr\/ja\/category\/deco-design\/architecture-deco-design\/lieux-design\/loft\/\" class=\"advgb-post-tax-term\">Quebec<\/a>"],"unlinked":["<span class=\"advgb-post-tax-term\">Architecture<\/span>","<span class=\"advgb-post-tax-term\">Bourgeois \/ Lechasseur architectes<\/span>","<span class=\"advgb-post-tax-term\">Loft<\/span>","<span class=\"advgb-post-tax-term\">Quebec<\/span>"]}},"comment_count":0,"relative_dates":{"created":"Posted 11\u5e74 ago","modified":"Updated 11\u5e74 ago"},"absolute_dates":{"created":"Posted on 2 9\u6708 2015","modified":"Updated on 2 9\u6708 2015"},"absolute_dates_time":{"created":"Posted on 2 9\u6708 2015 16:31","modified":"Updated on 2 9\u6708 2015 16:31"},"featured_img_caption":"","series_order":"","jetpack_sharing_enabled":true,"jetpack_shortlink":"https:\/\/wp.me\/p9bteI-vBG","jetpack-related-posts":[],"_links":{"self":[{"href":"https:\/\/www.joyana.fr\/ja\/wp-json\/wp\/v2\/posts\/121500","targetHints":{"allow":["GET"]}}],"collection":[{"href":"https:\/\/www.joyana.fr\/ja\/wp-json\/wp\/v2\/posts"}],"about":[{"href":"https:\/\/www.joyana.fr\/ja\/wp-json\/wp\/v2\/types\/post"}],"author":[{"embeddable":true,"href":"https:\/\/www.joyana.fr\/ja\/wp-json\/wp\/v2\/users\/3"}],"replies":[{"embeddable":true,"href":"https:\/\/www.joyana.fr\/ja\/wp-json\/wp\/v2\/comments?post=121500"}],"version-history":[{"count":0,"href":"https:\/\/www.joyana.fr\/ja\/wp-json\/wp\/v2\/posts\/121500\/revisions"}],"wp:featuredmedia":[{"embeddable":true,"href":"https:\/\/www.joyana.fr\/ja\/wp-json\/wp\/v2\/media\/121513"}],"wp:attachment":[{"href":"https:\/\/www.joyana.fr\/ja\/wp-json\/wp\/v2\/media?parent=121500"}],"wp:term":[{"taxonomy":"category","embeddable":true,"href":"https:\/\/www.joyana.fr\/ja\/wp-json\/wp\/v2\/categories?post=121500"},{"taxonomy":"post_tag","embeddable":true,"href":"https:\/\/www.joyana.fr\/ja\/wp-json\/wp\/v2\/tags?post=121500"}],"curies":[{"name":"wp","href":"https:\/\/api.w.org\/{rel}","templated":true}]}}