{"id":121196,"date":"2015-06-19T16:27:33","date_gmt":"2015-06-19T15:27:33","guid":{"rendered":"https:\/\/joyana.fr\/?p=21196"},"modified":"2015-06-19T16:27:33","modified_gmt":"2015-06-19T15:27:33","slug":"lampe-soffio-margaux-keller-x-american-vintage","status":"publish","type":"post","link":"https:\/\/www.joyana.fr\/ja\/lampe-soffio-margaux-keller-x-american-vintage\/121196\/","title":{"rendered":"Lampe SOFFIO par Margaux KELLER x American Vintage"},"content":{"rendered":"<p style=\"text-align: justify;\"><strong><a href=\"https:\/\/joyana.fr\/category\/designer\/margaux-keller\/\" target=\"_blank\">Margaux Keller<\/a><\/strong> &#8211; une designer fid\u00e8le de <a href=\"https:\/\/joyana.fr\" target=\"_blank\">Deco-Design<\/a> &#8211; nous pr\u00e9sente en avant premi\u00e8re la <strong>lampe SOFFIO<\/strong>, issue de sa collaboration avec <strong>American Vintage<\/strong>&#8230;<\/p>\n<p><a href=\"https:\/\/i0.wp.com\/joyana.fr\/wp-content\/uploads\/2015\/06\/AmV-CoBranding-ambiancebis.jpg?ssl=1\"><img data-recalc-dims=\"1\" fetchpriority=\"high\" decoding=\"async\" class=\"alignnone size-full wp-image-21197\" src=\"https:\/\/i0.wp.com\/joyana.fr\/wp-content\/uploads\/2015\/06\/AmV-CoBranding-ambiancebis.jpg?resize=2708%2C2506&#038;ssl=1\" alt=\"AmV-CoBranding-ambiancebis\" width=\"2708\" height=\"2506\" \/><\/a><\/p>\n<p style=\"text-align: justify;\">Pour ses 10 ans <strong>American Vintage<\/strong> collabor\u00e9 avec artistes et designers pour la cr\u00e9ation d&#8217;objets d\u00e9riv\u00e9s de leur univers. La designer <strong>Margaux Keller<\/strong> en fait parti, et puise son inspiration dans les bulles pour la cr\u00e9ation de cette<strong> lampe SOFFIO<\/strong>. Comme une \u00e9vocation \u00e0 la douceur, \u00e0 la l\u00e9g\u00e8ret\u00e9 et au p\u00e9tillant, caract\u00e9ristiques phares de la marque. Une lampe \u00e9pur\u00e9e et a\u00e9rienne aux allures d\u2019antan. Le verre souffl\u00e9 \u00e9merge avec gr\u00e2ce d\u2019un anneau de bois cr\u00e9ant une lumi\u00e8re myst\u00e9rieuse et d\u00e9licate&#8230;<\/p>\n<p><a href=\"https:\/\/i0.wp.com\/joyana.fr\/wp-content\/uploads\/2015\/06\/LogoAMV-MKDS.jpg?ssl=1\"><img data-recalc-dims=\"1\" decoding=\"async\" class=\"alignnone size-full wp-image-21200\" src=\"https:\/\/i0.wp.com\/joyana.fr\/wp-content\/uploads\/2015\/06\/LogoAMV-MKDS.jpg?resize=1497%2C1249&#038;ssl=1\" alt=\"LogoAMV-MKDS\" width=\"1497\" height=\"1249\" \/><\/a><\/p>\n<p><a href=\"https:\/\/i0.wp.com\/joyana.fr\/wp-content\/uploads\/2015\/06\/mkeller-allum%C3%A9e2-carr%C3%A9e.jpg?ssl=1\"><img data-recalc-dims=\"1\" decoding=\"async\" class=\"alignnone size-full wp-image-21201\" src=\"https:\/\/i0.wp.com\/joyana.fr\/wp-content\/uploads\/2015\/06\/mkeller-allum%C3%A9e2-carr%C3%A9e.jpg?resize=2947%2C2953&#038;ssl=1\" alt=\"mkeller-allum\u00e9e2-carr\u00e9e\" width=\"2947\" height=\"2953\" \/><\/a><\/p>\n\n<p>La lampe SOFFIO Margaux Keller x American Vintage sera disponible \u00e0 la vente en Septembre 2015&#8230;<\/p>\n<p><a href=\"https:\/\/i0.wp.com\/joyana.fr\/wp-content\/uploads\/2015\/06\/mkeller-eteinte.jpg?ssl=1\"><img data-recalc-dims=\"1\" loading=\"lazy\" decoding=\"async\" class=\"alignnone size-full wp-image-21203\" src=\"https:\/\/i0.wp.com\/joyana.fr\/wp-content\/uploads\/2015\/06\/mkeller-eteinte.jpg?resize=4430%2C2953&#038;ssl=1\" alt=\"mkeller-eteinte\" width=\"4430\" height=\"2953\" \/><\/a><\/p>\n<p>En savoir + sur <a href=\"http:\/\/www.margauxkeller.com\/about-1\/\" target=\"_blank\">MARGAUX KELLER<\/a> &amp; <a href=\"http:\/\/www.americanvintage-store.com\/fr\/?gclid=CNvY266InMYCFYXItAod-iIAPw\" target=\"_blank\">AMERICAN VINTAGE<\/a><\/p>\n","protected":false},"excerpt":{"rendered":"<p>Margaux Keller &#8211; une designer fid\u00e8le de Deco-Design &#8211; nous pr\u00e9sente en avant premi\u00e8re la lampe SOFFIO, issue de sa collaboration avec American Vintage&#8230;<\/p>\n","protected":false},"author":3,"featured_media":121201,"comment_status":"open","ping_status":"open","sticky":false,"template":"","format":"aside","meta":{"_coblocks_attr":"","_coblocks_dimensions":"","_coblocks_responsive_height":"","_coblocks_accordion_ie_support":"","_uag_custom_page_level_css":"","advgb_blocks_editor_width":"","advgb_blocks_columns_visual_guide":"","_genesis_hide_title":false,"_genesis_hide_breadcrumbs":false,"_genesis_hide_singular_image":false,"_genesis_hide_footer_widgets":false,"_genesis_custom_body_class":"","_genesis_custom_post_class":"","_genesis_layout":"","_themeisle_gutenberg_block_has_review":false,"_jetpack_newsletter_access":"","_jetpack_dont_email_post_to_subs":false,"_jetpack_newsletter_tier_id":0,"_jetpack_memberships_contains_paywalled_content":false,"_jetpack_memberships_contains_paid_content":false,"footnotes":""},"categories":[905,927,917,1739],"tags":[315,1266,1133,1740],"class_list":{"0":"post-121196","1":"post","2":"type-post","3":"status-publish","4":"format-aside","5":"has-post-thumbnail","7":"category-deco-design","8":"category-lampe","9":"category-luminaire","10":"category-margaux-keller","11":"tag-american-vintage","12":"tag-design-scandinave","13":"tag-lampe-design","14":"tag-margaux-keller","15":"post_format-post-format-aside","16":"entry"},"featured_image_urls":{"full":["https:\/\/i0.wp.com\/www.joyana.fr\/wp-content\/uploads\/2015\/06\/mkeller-allum%C3%83%C2%A9e2-carr%C3%83%C2%A9e.jpg?fit=%2C&ssl=1",false,false,false],"thumbnail":["https:\/\/i0.wp.com\/www.joyana.fr\/wp-content\/uploads\/2015\/06\/mkeller-allum%C3%83%C2%A9e2-carr%C3%83%C2%A9e.jpg?resize=150%2C150&ssl=1",false,false,true],"medium":["https:\/\/i0.wp.com\/www.joyana.fr\/wp-content\/uploads\/2015\/06\/mkeller-allum%C3%83%C2%A9e2-carr%C3%83%C2%A9e.jpg?fit=389%2C389&ssl=1",false,false,true],"medium_large":["https:\/\/i0.wp.com\/www.joyana.fr\/wp-content\/uploads\/2015\/06\/mkeller-allum%C3%83%C2%A9e2-carr%C3%83%C2%A9e.jpg?w=768&ssl=1",false,false,true],"large":["https:\/\/i0.wp.com\/www.joyana.fr\/wp-content\/uploads\/2015\/06\/mkeller-allum%C3%83%C2%A9e2-carr%C3%83%C2%A9e.jpg?fit=1024%2C1024&ssl=1",false,false,true],"1536x1536":["https:\/\/i0.wp.com\/www.joyana.fr\/wp-content\/uploads\/2015\/06\/mkeller-allum%C3%83%C2%A9e2-carr%C3%83%C2%A9e.jpg?fit=1536%2C1536&ssl=1",false,false,true],"2048x2048":["https:\/\/i0.wp.com\/www.joyana.fr\/wp-content\/uploads\/2015\/06\/mkeller-allum%C3%83%C2%A9e2-carr%C3%83%C2%A9e.jpg?fit=2048%2C2048&ssl=1",false,false,true],"featured-thumb":["https:\/\/i0.wp.com\/www.joyana.fr\/wp-content\/uploads\/2015\/06\/mkeller-allum%C3%83%C2%A9e2-carr%C3%83%C2%A9e.jpg?resize=1903%2C750&ssl=1",false,false,true],"ab-block-post-grid-landscape":["https:\/\/i0.wp.com\/www.joyana.fr\/wp-content\/uploads\/2015\/06\/mkeller-allum%C3%83%C2%A9e2-carr%C3%83%C2%A9e.jpg?resize=600%2C400&ssl=1",false,false,true],"ab-block-post-grid-square":["https:\/\/i0.wp.com\/www.joyana.fr\/wp-content\/uploads\/2015\/06\/mkeller-allum%C3%83%C2%A9e2-carr%C3%83%C2%A9e.jpg?resize=600%2C600&ssl=1",false,false,true],"author-pro-image":["https:\/\/i0.wp.com\/www.joyana.fr\/wp-content\/uploads\/2015\/06\/mkeller-allum%C3%83%C2%A9e2-carr%C3%83%C2%A9e.jpg?resize=360%2C570&ssl=1",false,false,true],"slider":["https:\/\/i0.wp.com\/www.joyana.fr\/wp-content\/uploads\/2015\/06\/mkeller-allum%C3%83%C2%A9e2-carr%C3%83%C2%A9e.jpg?resize=920%2C400&ssl=1",false,false,true],"woocommerce_thumbnail":["https:\/\/i0.wp.com\/www.joyana.fr\/wp-content\/uploads\/2015\/06\/mkeller-allum%C3%83%C2%A9e2-carr%C3%83%C2%A9e.jpg?resize=450%2C450&ssl=1",false,false,true],"woocommerce_single":["https:\/\/i0.wp.com\/www.joyana.fr\/wp-content\/uploads\/2015\/06\/mkeller-allum%C3%83%C2%A9e2-carr%C3%83%C2%A9e.jpg?w=920&ssl=1",false,false,true],"woocommerce_gallery_thumbnail":["https:\/\/i0.wp.com\/www.joyana.fr\/wp-content\/uploads\/2015\/06\/mkeller-allum%C3%83%C2%A9e2-carr%C3%83%C2%A9e.jpg?resize=180%2C180&ssl=1",false,false,true],"sow-carousel-default":["https:\/\/i0.wp.com\/www.joyana.fr\/wp-content\/uploads\/2015\/06\/mkeller-allum%C3%83%C2%A9e2-carr%C3%83%C2%A9e.jpg?resize=272%2C182&ssl=1",false,false,true]},"post_excerpt_stackable":"<p>Margaux Keller &#8211; une designer fid\u00e8le de Deco-Design &#8211; nous pr\u00e9sente en avant premi\u00e8re la lampe SOFFIO, issue de sa collaboration avec American Vintage&#8230;<\/p>\n","category_list":"<a href=\"https:\/\/www.joyana.fr\/ja\/category\/deco-design\/\" rel=\"category tag\">DECO-DESIGN<\/a>, <a href=\"https:\/\/www.joyana.fr\/ja\/category\/deco-design\/luminaire\/lampe\/\" rel=\"category tag\">Lampe<\/a>, <a href=\"https:\/\/www.joyana.fr\/ja\/category\/deco-design\/luminaire\/\" rel=\"category tag\">Luminaire<\/a>, <a href=\"https:\/\/www.joyana.fr\/ja\/category\/deco-design\/designer\/margaux-keller\/\" rel=\"category tag\">Margaux KELLER<\/a>","author_info":{"display_name":"Jo Yana","author_link":"https:\/\/www.joyana.fr\/ja\/author\/joyana\/"},"comments_num":"0 comments","featured_image_urls_v2":{"full":["https:\/\/i0.wp.com\/www.joyana.fr\/wp-content\/uploads\/2015\/06\/mkeller-allum%C3%83%C2%A9e2-carr%C3%83%C2%A9e.jpg?fit=%2C&ssl=1",false,false,false],"thumbnail":["https:\/\/i0.wp.com\/www.joyana.fr\/wp-content\/uploads\/2015\/06\/mkeller-allum%C3%83%C2%A9e2-carr%C3%83%C2%A9e.jpg?resize=150%2C150&ssl=1",false,false,true],"medium":["https:\/\/i0.wp.com\/www.joyana.fr\/wp-content\/uploads\/2015\/06\/mkeller-allum%C3%83%C2%A9e2-carr%C3%83%C2%A9e.jpg?fit=389%2C389&ssl=1",false,false,true],"medium_large":["https:\/\/i0.wp.com\/www.joyana.fr\/wp-content\/uploads\/2015\/06\/mkeller-allum%C3%83%C2%A9e2-carr%C3%83%C2%A9e.jpg?w=768&ssl=1",false,false,true],"large":["https:\/\/i0.wp.com\/www.joyana.fr\/wp-content\/uploads\/2015\/06\/mkeller-allum%C3%83%C2%A9e2-carr%C3%83%C2%A9e.jpg?fit=1024%2C1024&ssl=1",false,false,true],"1536x1536":["https:\/\/i0.wp.com\/www.joyana.fr\/wp-content\/uploads\/2015\/06\/mkeller-allum%C3%83%C2%A9e2-carr%C3%83%C2%A9e.jpg?fit=1536%2C1536&ssl=1",false,false,true],"2048x2048":["https:\/\/i0.wp.com\/www.joyana.fr\/wp-content\/uploads\/2015\/06\/mkeller-allum%C3%83%C2%A9e2-carr%C3%83%C2%A9e.jpg?fit=2048%2C2048&ssl=1",false,false,true],"featured-thumb":["https:\/\/i0.wp.com\/www.joyana.fr\/wp-content\/uploads\/2015\/06\/mkeller-allum%C3%83%C2%A9e2-carr%C3%83%C2%A9e.jpg?resize=1903%2C750&ssl=1",false,false,true],"ab-block-post-grid-landscape":["https:\/\/i0.wp.com\/www.joyana.fr\/wp-content\/uploads\/2015\/06\/mkeller-allum%C3%83%C2%A9e2-carr%C3%83%C2%A9e.jpg?resize=600%2C400&ssl=1",false,false,true],"ab-block-post-grid-square":["https:\/\/i0.wp.com\/www.joyana.fr\/wp-content\/uploads\/2015\/06\/mkeller-allum%C3%83%C2%A9e2-carr%C3%83%C2%A9e.jpg?resize=600%2C600&ssl=1",false,false,true],"author-pro-image":["https:\/\/i0.wp.com\/www.joyana.fr\/wp-content\/uploads\/2015\/06\/mkeller-allum%C3%83%C2%A9e2-carr%C3%83%C2%A9e.jpg?resize=360%2C570&ssl=1",false,false,true],"slider":["https:\/\/i0.wp.com\/www.joyana.fr\/wp-content\/uploads\/2015\/06\/mkeller-allum%C3%83%C2%A9e2-carr%C3%83%C2%A9e.jpg?resize=920%2C400&ssl=1",false,false,true],"woocommerce_thumbnail":["https:\/\/i0.wp.com\/www.joyana.fr\/wp-content\/uploads\/2015\/06\/mkeller-allum%C3%83%C2%A9e2-carr%C3%83%C2%A9e.jpg?resize=450%2C450&ssl=1",false,false,true],"woocommerce_single":["https:\/\/i0.wp.com\/www.joyana.fr\/wp-content\/uploads\/2015\/06\/mkeller-allum%C3%83%C2%A9e2-carr%C3%83%C2%A9e.jpg?w=920&ssl=1",false,false,true],"woocommerce_gallery_thumbnail":["https:\/\/i0.wp.com\/www.joyana.fr\/wp-content\/uploads\/2015\/06\/mkeller-allum%C3%83%C2%A9e2-carr%C3%83%C2%A9e.jpg?resize=180%2C180&ssl=1",false,false,true],"sow-carousel-default":["https:\/\/i0.wp.com\/www.joyana.fr\/wp-content\/uploads\/2015\/06\/mkeller-allum%C3%83%C2%A9e2-carr%C3%83%C2%A9e.jpg?resize=272%2C182&ssl=1",false,false,true]},"post_excerpt_stackable_v2":"<p>Margaux Keller &#8211; une designer fid\u00e8le de Deco-Design &#8211; nous pr\u00e9sente en avant premi\u00e8re la lampe SOFFIO, issue de sa collaboration avec American Vintage&#8230;<\/p>\n","category_list_v2":"<a href=\"https:\/\/www.joyana.fr\/ja\/category\/deco-design\/\" rel=\"category tag\">DECO-DESIGN<\/a>, <a href=\"https:\/\/www.joyana.fr\/ja\/category\/deco-design\/luminaire\/lampe\/\" rel=\"category tag\">Lampe<\/a>, <a href=\"https:\/\/www.joyana.fr\/ja\/category\/deco-design\/luminaire\/\" rel=\"category tag\">Luminaire<\/a>, <a href=\"https:\/\/www.joyana.fr\/ja\/category\/deco-design\/designer\/margaux-keller\/\" rel=\"category tag\">Margaux KELLER<\/a>","author_info_v2":{"name":"Jo Yana","url":"https:\/\/www.joyana.fr\/ja\/author\/joyana\/"},"comments_num_v2":"0 comments","yoast_head":"<!-- This site is optimized with the Yoast SEO plugin v26.8 - https:\/\/yoast.com\/product\/yoast-seo-wordpress\/ -->\n<title>Lampe SOFFIO par Margaux KELLER x American Vintage l DECO-DESIGN<\/title>\n<meta name=\"description\" content=\"Margaux Keller - une designer fid\u00e8le de Deco-Design - nous pr\u00e9sente en avant premi\u00e8re la lampe SOFFIO, issue de sa collaboration avec American Vintage...\" \/>\n<meta name=\"robots\" content=\"index, follow, max-snippet:-1, max-image-preview:large, max-video-preview:-1\" \/>\n<link rel=\"canonical\" href=\"https:\/\/joyana.fr\/en\/lampe-soffio-margaux-keller-x-american-vintage\/121196\/\" \/>\n<meta property=\"og:locale\" content=\"ja_JP\" \/>\n<meta property=\"og:locale:alternate\" content=\"fr_FR\" \/>\n<meta property=\"og:locale:alternate\" content=\"en_US\" \/>\n<meta property=\"og:type\" content=\"article\" \/>\n<meta property=\"og:title\" content=\"Lampe SOFFIO par Margaux KELLER x American Vintage l DECO-DESIGN\" \/>\n<meta property=\"og:description\" content=\"Margaux Keller - une designer fid\u00e8le de Deco-Design - nous pr\u00e9sente en avant premi\u00e8re la lampe SOFFIO, issue de sa collaboration avec American Vintage...\" \/>\n<meta property=\"og:url\" content=\"https:\/\/www.joyana.fr\/ja\/lampe-soffio-margaux-keller-x-american-vintage\/121196\/\" \/>\n<meta property=\"og:site_name\" content=\"JO YANA\" \/>\n<meta property=\"article:published_time\" content=\"2015-06-19T15:27:33+00:00\" \/>\n<meta property=\"og:image\" content=\"https:\/\/joyana.fr\/wp-content\/uploads\/2015\/06\/mkeller-allum\u00c3\u00a9e2-carr\u00c3\u00a9e.jpg\" \/>\n\t<meta property=\"og:image:width\" content=\"1\" \/>\n\t<meta property=\"og:image:height\" content=\"1\" \/>\n\t<meta property=\"og:image:type\" content=\"image\/jpeg\" \/>\n<meta name=\"author\" content=\"Jo Yana\" \/>\n<meta name=\"twitter:card\" content=\"summary_large_image\" \/>\n<meta name=\"twitter:creator\" content=\"@Jo_Yana\" \/>\n<meta name=\"twitter:site\" content=\"@Jo_Yana\" \/>\n<meta name=\"twitter:label1\" content=\"\u57f7\u7b46\u8005\" \/>\n\t<meta name=\"twitter:data1\" content=\"Jo Yana\" \/>\n\t<meta name=\"twitter:label2\" content=\"\u63a8\u5b9a\u8aad\u307f\u53d6\u308a\u6642\u9593\" \/>\n\t<meta name=\"twitter:data2\" content=\"1\u5206\" \/>\n<script type=\"application\/ld+json\" class=\"yoast-schema-graph\">{\"@context\":\"https:\/\/schema.org\",\"@graph\":[{\"@type\":\"Article\",\"@id\":\"https:\/\/joyana.fr\/en\/lampe-soffio-margaux-keller-x-american-vintage\/121196\/#article\",\"isPartOf\":{\"@id\":\"https:\/\/joyana.fr\/en\/lampe-soffio-margaux-keller-x-american-vintage\/121196\/\"},\"author\":{\"name\":\"Jo Yana\",\"@id\":\"https:\/\/joyana.fr\/#\/schema\/person\/cf2a1ad12a27c12c21801075bf37407c\"},\"headline\":\"Lampe SOFFIO par Margaux KELLER x American Vintage\",\"datePublished\":\"2015-06-19T15:27:33+00:00\",\"mainEntityOfPage\":{\"@id\":\"https:\/\/joyana.fr\/en\/lampe-soffio-margaux-keller-x-american-vintage\/121196\/\"},\"wordCount\":158,\"commentCount\":0,\"publisher\":{\"@id\":\"https:\/\/joyana.fr\/#\/schema\/person\/cf2a1ad12a27c12c21801075bf37407c\"},\"image\":{\"@id\":\"https:\/\/joyana.fr\/en\/lampe-soffio-margaux-keller-x-american-vintage\/121196\/#primaryimage\"},\"thumbnailUrl\":\"https:\/\/i0.wp.com\/www.joyana.fr\/wp-content\/uploads\/2015\/06\/mkeller-allum%C3%83%C2%A9e2-carr%C3%83%C2%A9e.jpg?fit=%2C&ssl=1\",\"keywords\":[\"American Vintage\",\"Design Scandinave\",\"Lampe design\",\"Margaux KELLER\"],\"articleSection\":[\"DECO-DESIGN\",\"Lampe\",\"Luminaire\",\"Margaux KELLER\"],\"inLanguage\":\"ja\",\"potentialAction\":[{\"@type\":\"CommentAction\",\"name\":\"Comment\",\"target\":[\"https:\/\/joyana.fr\/en\/lampe-soffio-margaux-keller-x-american-vintage\/121196\/#respond\"]}]},{\"@type\":\"WebPage\",\"@id\":\"https:\/\/joyana.fr\/en\/lampe-soffio-margaux-keller-x-american-vintage\/121196\/\",\"url\":\"https:\/\/joyana.fr\/en\/lampe-soffio-margaux-keller-x-american-vintage\/121196\/\",\"name\":\"Lampe SOFFIO par Margaux KELLER x American Vintage l DECO-DESIGN\",\"isPartOf\":{\"@id\":\"https:\/\/joyana.fr\/#website\"},\"primaryImageOfPage\":{\"@id\":\"https:\/\/joyana.fr\/en\/lampe-soffio-margaux-keller-x-american-vintage\/121196\/#primaryimage\"},\"image\":{\"@id\":\"https:\/\/joyana.fr\/en\/lampe-soffio-margaux-keller-x-american-vintage\/121196\/#primaryimage\"},\"thumbnailUrl\":\"https:\/\/i0.wp.com\/www.joyana.fr\/wp-content\/uploads\/2015\/06\/mkeller-allum%C3%83%C2%A9e2-carr%C3%83%C2%A9e.jpg?fit=%2C&ssl=1\",\"datePublished\":\"2015-06-19T15:27:33+00:00\",\"description\":\"Margaux Keller - une designer fid\u00e8le de Deco-Design - nous pr\u00e9sente en avant premi\u00e8re la lampe SOFFIO, issue de sa collaboration avec American Vintage...\",\"breadcrumb\":{\"@id\":\"https:\/\/joyana.fr\/en\/lampe-soffio-margaux-keller-x-american-vintage\/121196\/#breadcrumb\"},\"inLanguage\":\"ja\",\"potentialAction\":[{\"@type\":\"ReadAction\",\"target\":[\"https:\/\/joyana.fr\/en\/lampe-soffio-margaux-keller-x-american-vintage\/121196\/\"]}]},{\"@type\":\"ImageObject\",\"inLanguage\":\"ja\",\"@id\":\"https:\/\/joyana.fr\/en\/lampe-soffio-margaux-keller-x-american-vintage\/121196\/#primaryimage\",\"url\":\"https:\/\/i0.wp.com\/www.joyana.fr\/wp-content\/uploads\/2015\/06\/mkeller-allum%C3%83%C2%A9e2-carr%C3%83%C2%A9e.jpg?fit=%2C&ssl=1\",\"contentUrl\":\"https:\/\/i0.wp.com\/www.joyana.fr\/wp-content\/uploads\/2015\/06\/mkeller-allum%C3%83%C2%A9e2-carr%C3%83%C2%A9e.jpg?fit=%2C&ssl=1\"},{\"@type\":\"BreadcrumbList\",\"@id\":\"https:\/\/joyana.fr\/en\/lampe-soffio-margaux-keller-x-american-vintage\/121196\/#breadcrumb\",\"itemListElement\":[{\"@type\":\"ListItem\",\"position\":1,\"name\":\"Accueil\",\"item\":\"https:\/\/joyana.fr\/\"},{\"@type\":\"ListItem\",\"position\":2,\"name\":\"Lampe SOFFIO par Margaux KELLER x American Vintage\"}]},{\"@type\":\"WebSite\",\"@id\":\"https:\/\/joyana.fr\/#website\",\"url\":\"https:\/\/joyana.fr\/\",\"name\":\"JO YANA\",\"description\":\"Blog Mode Homme, Lifestyle, D\u00e9co-Design\",\"publisher\":{\"@id\":\"https:\/\/joyana.fr\/#\/schema\/person\/cf2a1ad12a27c12c21801075bf37407c\"},\"potentialAction\":[{\"@type\":\"SearchAction\",\"target\":{\"@type\":\"EntryPoint\",\"urlTemplate\":\"https:\/\/joyana.fr\/?s={search_term_string}\"},\"query-input\":{\"@type\":\"PropertyValueSpecification\",\"valueRequired\":true,\"valueName\":\"search_term_string\"}}],\"inLanguage\":\"ja\"},{\"@type\":[\"Person\",\"Organization\"],\"@id\":\"https:\/\/joyana.fr\/#\/schema\/person\/cf2a1ad12a27c12c21801075bf37407c\",\"name\":\"Jo Yana\",\"image\":{\"@type\":\"ImageObject\",\"inLanguage\":\"ja\",\"@id\":\"https:\/\/joyana.fr\/#\/schema\/person\/image\/\",\"url\":\"https:\/\/i0.wp.com\/www.joyana.fr\/wp-content\/uploads\/2016\/08\/cropped-joyana-logo-black-360x180.png?fit=343%2C164&ssl=1\",\"contentUrl\":\"https:\/\/i0.wp.com\/www.joyana.fr\/wp-content\/uploads\/2016\/08\/cropped-joyana-logo-black-360x180.png?fit=343%2C164&ssl=1\",\"width\":343,\"height\":164,\"caption\":\"Jo Yana\"},\"logo\":{\"@id\":\"https:\/\/joyana.fr\/#\/schema\/person\/image\/\"},\"description\":\"Jo Yana est le cr\u00e9ateur et r\u00e9dacteur en chef des sites DECO-DESIGN. Passionn\u00e9 de Design, Mode, Photo, Luxe, Lifestyle, Musique, mais avant tout Blogueur ! Le plaisir de partager l'anime et a comme devise \\\"POUR L'AMOUR DU BEAU\\\". Retrouvez le aussi sur son blog personnel - https:\/\/joyana.fr...\",\"sameAs\":[\"https:\/\/joyana.fr\/\"],\"url\":\"https:\/\/www.joyana.fr\/ja\/author\/joyana\/\"}]}<\/script>\n<!-- \/ Yoast SEO plugin. -->","yoast_head_json":{"title":"Lampe SOFFIO par Margaux KELLER x American Vintage l DECO-DESIGN","description":"Margaux Keller - une designer fid\u00e8le de Deco-Design - nous pr\u00e9sente en avant premi\u00e8re la lampe SOFFIO, issue de sa collaboration avec American Vintage...","robots":{"index":"index","follow":"follow","max-snippet":"max-snippet:-1","max-image-preview":"max-image-preview:large","max-video-preview":"max-video-preview:-1"},"canonical":"https:\/\/joyana.fr\/en\/lampe-soffio-margaux-keller-x-american-vintage\/121196\/","og_locale":"ja_JP","og_type":"article","og_title":"Lampe SOFFIO par Margaux KELLER x American Vintage l DECO-DESIGN","og_description":"Margaux Keller - une designer fid\u00e8le de Deco-Design - nous pr\u00e9sente en avant premi\u00e8re la lampe SOFFIO, issue de sa collaboration avec American Vintage...","og_url":"https:\/\/www.joyana.fr\/ja\/lampe-soffio-margaux-keller-x-american-vintage\/121196\/","og_site_name":"JO YANA","article_published_time":"2015-06-19T15:27:33+00:00","og_image":[{"url":"https:\/\/joyana.fr\/wp-content\/uploads\/2015\/06\/mkeller-allum\u00c3\u00a9e2-carr\u00c3\u00a9e.jpg","width":1,"height":1,"type":"image\/jpeg"}],"author":"Jo Yana","twitter_card":"summary_large_image","twitter_creator":"@Jo_Yana","twitter_site":"@Jo_Yana","twitter_misc":{"\u57f7\u7b46\u8005":"Jo Yana","\u63a8\u5b9a\u8aad\u307f\u53d6\u308a\u6642\u9593":"1\u5206"},"schema":{"@context":"https:\/\/schema.org","@graph":[{"@type":"Article","@id":"https:\/\/joyana.fr\/en\/lampe-soffio-margaux-keller-x-american-vintage\/121196\/#article","isPartOf":{"@id":"https:\/\/joyana.fr\/en\/lampe-soffio-margaux-keller-x-american-vintage\/121196\/"},"author":{"name":"Jo Yana","@id":"https:\/\/joyana.fr\/#\/schema\/person\/cf2a1ad12a27c12c21801075bf37407c"},"headline":"Lampe SOFFIO par Margaux KELLER x American Vintage","datePublished":"2015-06-19T15:27:33+00:00","mainEntityOfPage":{"@id":"https:\/\/joyana.fr\/en\/lampe-soffio-margaux-keller-x-american-vintage\/121196\/"},"wordCount":158,"commentCount":0,"publisher":{"@id":"https:\/\/joyana.fr\/#\/schema\/person\/cf2a1ad12a27c12c21801075bf37407c"},"image":{"@id":"https:\/\/joyana.fr\/en\/lampe-soffio-margaux-keller-x-american-vintage\/121196\/#primaryimage"},"thumbnailUrl":"https:\/\/i0.wp.com\/www.joyana.fr\/wp-content\/uploads\/2015\/06\/mkeller-allum%C3%83%C2%A9e2-carr%C3%83%C2%A9e.jpg?fit=%2C&ssl=1","keywords":["American Vintage","Design Scandinave","Lampe design","Margaux KELLER"],"articleSection":["DECO-DESIGN","Lampe","Luminaire","Margaux KELLER"],"inLanguage":"ja","potentialAction":[{"@type":"CommentAction","name":"Comment","target":["https:\/\/joyana.fr\/en\/lampe-soffio-margaux-keller-x-american-vintage\/121196\/#respond"]}]},{"@type":"WebPage","@id":"https:\/\/joyana.fr\/en\/lampe-soffio-margaux-keller-x-american-vintage\/121196\/","url":"https:\/\/joyana.fr\/en\/lampe-soffio-margaux-keller-x-american-vintage\/121196\/","name":"Lampe SOFFIO par Margaux KELLER x American Vintage l DECO-DESIGN","isPartOf":{"@id":"https:\/\/joyana.fr\/#website"},"primaryImageOfPage":{"@id":"https:\/\/joyana.fr\/en\/lampe-soffio-margaux-keller-x-american-vintage\/121196\/#primaryimage"},"image":{"@id":"https:\/\/joyana.fr\/en\/lampe-soffio-margaux-keller-x-american-vintage\/121196\/#primaryimage"},"thumbnailUrl":"https:\/\/i0.wp.com\/www.joyana.fr\/wp-content\/uploads\/2015\/06\/mkeller-allum%C3%83%C2%A9e2-carr%C3%83%C2%A9e.jpg?fit=%2C&ssl=1","datePublished":"2015-06-19T15:27:33+00:00","description":"Margaux Keller - une designer fid\u00e8le de Deco-Design - nous pr\u00e9sente en avant premi\u00e8re la lampe SOFFIO, issue de sa collaboration avec American Vintage...","breadcrumb":{"@id":"https:\/\/joyana.fr\/en\/lampe-soffio-margaux-keller-x-american-vintage\/121196\/#breadcrumb"},"inLanguage":"ja","potentialAction":[{"@type":"ReadAction","target":["https:\/\/joyana.fr\/en\/lampe-soffio-margaux-keller-x-american-vintage\/121196\/"]}]},{"@type":"ImageObject","inLanguage":"ja","@id":"https:\/\/joyana.fr\/en\/lampe-soffio-margaux-keller-x-american-vintage\/121196\/#primaryimage","url":"https:\/\/i0.wp.com\/www.joyana.fr\/wp-content\/uploads\/2015\/06\/mkeller-allum%C3%83%C2%A9e2-carr%C3%83%C2%A9e.jpg?fit=%2C&ssl=1","contentUrl":"https:\/\/i0.wp.com\/www.joyana.fr\/wp-content\/uploads\/2015\/06\/mkeller-allum%C3%83%C2%A9e2-carr%C3%83%C2%A9e.jpg?fit=%2C&ssl=1"},{"@type":"BreadcrumbList","@id":"https:\/\/joyana.fr\/en\/lampe-soffio-margaux-keller-x-american-vintage\/121196\/#breadcrumb","itemListElement":[{"@type":"ListItem","position":1,"name":"Accueil","item":"https:\/\/joyana.fr\/"},{"@type":"ListItem","position":2,"name":"Lampe SOFFIO par Margaux KELLER x American Vintage"}]},{"@type":"WebSite","@id":"https:\/\/joyana.fr\/#website","url":"https:\/\/joyana.fr\/","name":"JO YANA","description":"Blog Mode Homme, Lifestyle, D\u00e9co-Design","publisher":{"@id":"https:\/\/joyana.fr\/#\/schema\/person\/cf2a1ad12a27c12c21801075bf37407c"},"potentialAction":[{"@type":"SearchAction","target":{"@type":"EntryPoint","urlTemplate":"https:\/\/joyana.fr\/?s={search_term_string}"},"query-input":{"@type":"PropertyValueSpecification","valueRequired":true,"valueName":"search_term_string"}}],"inLanguage":"ja"},{"@type":["Person","Organization"],"@id":"https:\/\/joyana.fr\/#\/schema\/person\/cf2a1ad12a27c12c21801075bf37407c","name":"Jo Yana","image":{"@type":"ImageObject","inLanguage":"ja","@id":"https:\/\/joyana.fr\/#\/schema\/person\/image\/","url":"https:\/\/i0.wp.com\/www.joyana.fr\/wp-content\/uploads\/2016\/08\/cropped-joyana-logo-black-360x180.png?fit=343%2C164&ssl=1","contentUrl":"https:\/\/i0.wp.com\/www.joyana.fr\/wp-content\/uploads\/2016\/08\/cropped-joyana-logo-black-360x180.png?fit=343%2C164&ssl=1","width":343,"height":164,"caption":"Jo Yana"},"logo":{"@id":"https:\/\/joyana.fr\/#\/schema\/person\/image\/"},"description":"Jo Yana est le cr\u00e9ateur et r\u00e9dacteur en chef des sites DECO-DESIGN. Passionn\u00e9 de Design, Mode, Photo, Luxe, Lifestyle, Musique, mais avant tout Blogueur ! Le plaisir de partager l'anime et a comme devise \"POUR L'AMOUR DU BEAU\". Retrouvez le aussi sur son blog personnel - https:\/\/joyana.fr...","sameAs":["https:\/\/joyana.fr\/"],"url":"https:\/\/www.joyana.fr\/ja\/author\/joyana\/"}]}},"author_meta":{"display_name":"Jo Yana","author_link":"https:\/\/www.joyana.fr\/ja\/author\/joyana\/"},"featured_img":"https:\/\/i0.wp.com\/www.joyana.fr\/wp-content\/uploads\/2015\/06\/mkeller-allum%C3%83%C2%A9e2-carr%C3%83%C2%A9e.jpg?fit=389%2C389&ssl=1","featured_image_src":"https:\/\/i0.wp.com\/www.joyana.fr\/wp-content\/uploads\/2015\/06\/mkeller-allum%C3%83%C2%A9e2-carr%C3%83%C2%A9e.jpg?resize=600%2C400&ssl=1","featured_image_src_square":"https:\/\/i0.wp.com\/www.joyana.fr\/wp-content\/uploads\/2015\/06\/mkeller-allum%C3%83%C2%A9e2-carr%C3%83%C2%A9e.jpg?resize=600%2C600&ssl=1","jetpack_featured_media_url":"https:\/\/i0.wp.com\/www.joyana.fr\/wp-content\/uploads\/2015\/06\/mkeller-allum%C3%83%C2%A9e2-carr%C3%83%C2%A9e.jpg?fit=%2C&ssl=1","uagb_featured_image_src":{"full":["https:\/\/i0.wp.com\/www.joyana.fr\/wp-content\/uploads\/2015\/06\/mkeller-allum%C3%83%C2%A9e2-carr%C3%83%C2%A9e.jpg?fit=%2C&ssl=1",false,false,false],"thumbnail":["https:\/\/i0.wp.com\/www.joyana.fr\/wp-content\/uploads\/2015\/06\/mkeller-allum%C3%83%C2%A9e2-carr%C3%83%C2%A9e.jpg?resize=150%2C150&ssl=1",false,false,true],"medium":["https:\/\/i0.wp.com\/www.joyana.fr\/wp-content\/uploads\/2015\/06\/mkeller-allum%C3%83%C2%A9e2-carr%C3%83%C2%A9e.jpg?fit=389%2C389&ssl=1",false,false,true],"medium_large":["https:\/\/i0.wp.com\/www.joyana.fr\/wp-content\/uploads\/2015\/06\/mkeller-allum%C3%83%C2%A9e2-carr%C3%83%C2%A9e.jpg?w=768&ssl=1",false,false,true],"large":["https:\/\/i0.wp.com\/www.joyana.fr\/wp-content\/uploads\/2015\/06\/mkeller-allum%C3%83%C2%A9e2-carr%C3%83%C2%A9e.jpg?fit=1024%2C1024&ssl=1",false,false,true],"1536x1536":["https:\/\/i0.wp.com\/www.joyana.fr\/wp-content\/uploads\/2015\/06\/mkeller-allum%C3%83%C2%A9e2-carr%C3%83%C2%A9e.jpg?fit=1536%2C1536&ssl=1",false,false,true],"2048x2048":["https:\/\/i0.wp.com\/www.joyana.fr\/wp-content\/uploads\/2015\/06\/mkeller-allum%C3%83%C2%A9e2-carr%C3%83%C2%A9e.jpg?fit=2048%2C2048&ssl=1",false,false,true],"featured-thumb":["https:\/\/i0.wp.com\/www.joyana.fr\/wp-content\/uploads\/2015\/06\/mkeller-allum%C3%83%C2%A9e2-carr%C3%83%C2%A9e.jpg?resize=1903%2C750&ssl=1",false,false,true],"ab-block-post-grid-landscape":["https:\/\/i0.wp.com\/www.joyana.fr\/wp-content\/uploads\/2015\/06\/mkeller-allum%C3%83%C2%A9e2-carr%C3%83%C2%A9e.jpg?resize=600%2C400&ssl=1",false,false,true],"ab-block-post-grid-square":["https:\/\/i0.wp.com\/www.joyana.fr\/wp-content\/uploads\/2015\/06\/mkeller-allum%C3%83%C2%A9e2-carr%C3%83%C2%A9e.jpg?resize=600%2C600&ssl=1",false,false,true],"author-pro-image":["https:\/\/i0.wp.com\/www.joyana.fr\/wp-content\/uploads\/2015\/06\/mkeller-allum%C3%83%C2%A9e2-carr%C3%83%C2%A9e.jpg?resize=360%2C570&ssl=1",false,false,true],"slider":["https:\/\/i0.wp.com\/www.joyana.fr\/wp-content\/uploads\/2015\/06\/mkeller-allum%C3%83%C2%A9e2-carr%C3%83%C2%A9e.jpg?resize=920%2C400&ssl=1",false,false,true],"woocommerce_thumbnail":["https:\/\/i0.wp.com\/www.joyana.fr\/wp-content\/uploads\/2015\/06\/mkeller-allum%C3%83%C2%A9e2-carr%C3%83%C2%A9e.jpg?resize=450%2C450&ssl=1",false,false,true],"woocommerce_single":["https:\/\/i0.wp.com\/www.joyana.fr\/wp-content\/uploads\/2015\/06\/mkeller-allum%C3%83%C2%A9e2-carr%C3%83%C2%A9e.jpg?w=920&ssl=1",false,false,true],"woocommerce_gallery_thumbnail":["https:\/\/i0.wp.com\/www.joyana.fr\/wp-content\/uploads\/2015\/06\/mkeller-allum%C3%83%C2%A9e2-carr%C3%83%C2%A9e.jpg?resize=180%2C180&ssl=1",false,false,true],"sow-carousel-default":["https:\/\/i0.wp.com\/www.joyana.fr\/wp-content\/uploads\/2015\/06\/mkeller-allum%C3%83%C2%A9e2-carr%C3%83%C2%A9e.jpg?resize=272%2C182&ssl=1",false,false,true]},"uagb_author_info":{"display_name":"Jo Yana","author_link":"https:\/\/www.joyana.fr\/ja\/author\/joyana\/"},"uagb_comment_info":1,"uagb_excerpt":"Margaux Keller - une designer fid\u00e8le de Deco-Design - n&hellip;","coauthors":[],"tax_additional":{"categories":{"linked":["<a href=\"https:\/\/www.joyana.fr\/ja\/category\/deco-design\/\" class=\"advgb-post-tax-term\">DECO-DESIGN<\/a>","<a href=\"https:\/\/www.joyana.fr\/ja\/category\/deco-design\/luminaire\/lampe\/\" class=\"advgb-post-tax-term\">Lampe<\/a>","<a href=\"https:\/\/www.joyana.fr\/ja\/category\/deco-design\/luminaire\/\" class=\"advgb-post-tax-term\">Luminaire<\/a>","<a href=\"https:\/\/www.joyana.fr\/ja\/category\/deco-design\/designer\/margaux-keller\/\" class=\"advgb-post-tax-term\">Margaux KELLER<\/a>"],"unlinked":["<span class=\"advgb-post-tax-term\">DECO-DESIGN<\/span>","<span class=\"advgb-post-tax-term\">Lampe<\/span>","<span class=\"advgb-post-tax-term\">Luminaire<\/span>","<span class=\"advgb-post-tax-term\">Margaux KELLER<\/span>"]},"tags":{"linked":["<a href=\"https:\/\/www.joyana.fr\/ja\/category\/deco-design\/designer\/margaux-keller\/\" class=\"advgb-post-tax-term\">American Vintage<\/a>","<a href=\"https:\/\/www.joyana.fr\/ja\/category\/deco-design\/designer\/margaux-keller\/\" class=\"advgb-post-tax-term\">Design Scandinave<\/a>","<a href=\"https:\/\/www.joyana.fr\/ja\/category\/deco-design\/designer\/margaux-keller\/\" class=\"advgb-post-tax-term\">Lampe design<\/a>","<a href=\"https:\/\/www.joyana.fr\/ja\/category\/deco-design\/designer\/margaux-keller\/\" class=\"advgb-post-tax-term\">Margaux KELLER<\/a>"],"unlinked":["<span class=\"advgb-post-tax-term\">American Vintage<\/span>","<span class=\"advgb-post-tax-term\">Design Scandinave<\/span>","<span class=\"advgb-post-tax-term\">Lampe design<\/span>","<span class=\"advgb-post-tax-term\">Margaux KELLER<\/span>"]}},"comment_count":0,"relative_dates":{"created":"Posted 11\u5e74 ago","modified":"Updated 11\u5e74 ago"},"absolute_dates":{"created":"Posted on 19 6\u6708 2015","modified":"Updated on 19 6\u6708 2015"},"absolute_dates_time":{"created":"Posted on 19 6\u6708 2015 16:27","modified":"Updated on 19 6\u6708 2015 16:27"},"featured_img_caption":"","series_order":"","jetpack_sharing_enabled":true,"jetpack_shortlink":"https:\/\/wp.me\/p9bteI-vwM","jetpack-related-posts":[],"_links":{"self":[{"href":"https:\/\/www.joyana.fr\/ja\/wp-json\/wp\/v2\/posts\/121196","targetHints":{"allow":["GET"]}}],"collection":[{"href":"https:\/\/www.joyana.fr\/ja\/wp-json\/wp\/v2\/posts"}],"about":[{"href":"https:\/\/www.joyana.fr\/ja\/wp-json\/wp\/v2\/types\/post"}],"author":[{"embeddable":true,"href":"https:\/\/www.joyana.fr\/ja\/wp-json\/wp\/v2\/users\/3"}],"replies":[{"embeddable":true,"href":"https:\/\/www.joyana.fr\/ja\/wp-json\/wp\/v2\/comments?post=121196"}],"version-history":[{"count":0,"href":"https:\/\/www.joyana.fr\/ja\/wp-json\/wp\/v2\/posts\/121196\/revisions"}],"wp:featuredmedia":[{"embeddable":true,"href":"https:\/\/www.joyana.fr\/ja\/wp-json\/wp\/v2\/media\/121201"}],"wp:attachment":[{"href":"https:\/\/www.joyana.fr\/ja\/wp-json\/wp\/v2\/media?parent=121196"}],"wp:term":[{"taxonomy":"category","embeddable":true,"href":"https:\/\/www.joyana.fr\/ja\/wp-json\/wp\/v2\/categories?post=121196"},{"taxonomy":"post_tag","embeddable":true,"href":"https:\/\/www.joyana.fr\/ja\/wp-json\/wp\/v2\/tags?post=121196"}],"curies":[{"name":"wp","href":"https:\/\/api.w.org\/{rel}","templated":true}]}}