{"id":120294,"date":"2015-03-14T10:48:02","date_gmt":"2015-03-14T09:48:02","guid":{"rendered":"https:\/\/joyana.fr\/?p=20294"},"modified":"2015-03-14T10:48:02","modified_gmt":"2015-03-14T09:48:02","slug":"paravent-nodus-par-il-hoon-roh","status":"publish","type":"post","link":"https:\/\/www.joyana.fr\/ja\/paravent-nodus-par-il-hoon-roh\/120294\/","title":{"rendered":"Paravent NODUS par Il HOON ROH"},"content":{"rendered":"<p style=\"text-align: justify;\">Au coeur de la <strong>Cit\u00e9 du Design<\/strong>, nous croisons le designer <strong>Il Hoon Roh<\/strong> concepteur de ce <strong>paravent NODUS<\/strong> &#8211; r\u00e9alis\u00e9 en fibre de carbone et c\u00e2bles de fibre optique&#8230;<\/p>\n<p><a href=\"https:\/\/i0.wp.com\/joyana.fr\/wp-content\/uploads\/2015\/03\/NODUS-BIENNALEDESIGN-15-DECODESIGN-DSC07490.jpg?ssl=1\"><img data-recalc-dims=\"1\" fetchpriority=\"high\" decoding=\"async\" class=\"alignnone size-full wp-image-20295\" src=\"https:\/\/i0.wp.com\/joyana.fr\/wp-content\/uploads\/2015\/03\/NODUS-BIENNALEDESIGN-15-DECODESIGN-DSC07490.jpg?resize=1000%2C839&#038;ssl=1\" alt=\"NODUS BIENNALEDESIGN 15 DECODESIGN DSC07490\" width=\"1000\" height=\"839\" \/><\/a><\/p>\n<p style=\"text-align: justify;\">Le <strong>paravent NODUS<\/strong> est une \u00e9dition limit\u00e9e \u00e0 20 exemplaires. R\u00e9alis\u00e9 en fibre de carbone, c\u00e2bles de fibre optique, LED, qui ont \u00e9t\u00e9 tiss\u00e9s dans plus de 10 000 n\u0153uds en utilisant des techniques employ\u00e9es par les artistes de papercraft cor\u00e9ens du pass\u00e9. <strong>NODUS<\/strong>, qui signifie \u00ab n\u0153uds \u00bb en latin, a \u00e9t\u00e9 inspir\u00e9 par le papercraft cor\u00e9en traditionnel datant du 12\u00e8me si\u00e8cle.<\/p>\n<p style=\"text-align: justify;\">Ce projet a \u00e9t\u00e9 aimablement sponsoris\u00e9 par Samsung Electronics&#8230;<\/p>\n<p><a href=\"https:\/\/i0.wp.com\/joyana.fr\/wp-content\/uploads\/2015\/03\/NODUS-BIENNALEDESIGN-15-DECODESIGN-DSC07492.jpg?ssl=1\"><img data-recalc-dims=\"1\" decoding=\"async\" class=\"alignnone size-full wp-image-20296\" src=\"https:\/\/i0.wp.com\/joyana.fr\/wp-content\/uploads\/2015\/03\/NODUS-BIENNALEDESIGN-15-DECODESIGN-DSC07492.jpg?resize=1000%2C758&#038;ssl=1\" alt=\"NODUS BIENNALEDESIGN 15 DECODESIGN DSC07492\" width=\"1000\" height=\"758\" \/><\/a><\/p>\n\n<p><a href=\"https:\/\/i0.wp.com\/joyana.fr\/wp-content\/uploads\/2015\/03\/NODUS-DSC07491-copie.jpg?ssl=1\"><img data-recalc-dims=\"1\" decoding=\"async\" class=\"alignnone size-full wp-image-20297\" src=\"https:\/\/i0.wp.com\/joyana.fr\/wp-content\/uploads\/2015\/03\/NODUS-DSC07491-copie.jpg?resize=1000%2C1141&#038;ssl=1\" alt=\"NODUS DSC07491 copie\" width=\"1000\" height=\"1141\" \/><\/a><\/p>\n<p style=\"text-align: center;\">En savoir + sur <a href=\"http:\/\/ilhoon.com\/?page_id=7\" target=\"_blank\"><strong>Il HOON-ROW<\/strong><\/a><\/p>\n","protected":false},"excerpt":{"rendered":"<p>Au coeur de la Cit\u00e9 du Design, nous croisons le designer Il Hoon Roh concepteur de ce paravent NODUS &#8211; r\u00e9alis\u00e9 en fibre de carbone et c\u00e2bles de fibre optique&#8230;<\/p>\n","protected":false},"author":3,"featured_media":120298,"comment_status":"open","ping_status":"open","sticky":false,"template":"","format":"aside","meta":{"_coblocks_attr":"","_coblocks_dimensions":"","_coblocks_responsive_height":"","_coblocks_accordion_ie_support":"","_uag_custom_page_level_css":"","advgb_blocks_editor_width":"","advgb_blocks_columns_visual_guide":"","_genesis_hide_title":false,"_genesis_hide_breadcrumbs":false,"_genesis_hide_singular_image":false,"_genesis_hide_footer_widgets":false,"_genesis_custom_body_class":"","_genesis_custom_post_class":"","_genesis_layout":"","_themeisle_gutenberg_block_has_review":false,"_jetpack_newsletter_access":"","_jetpack_dont_email_post_to_subs":false,"_jetpack_newsletter_tier_id":0,"_jetpack_memberships_contains_paywalled_content":false,"_jetpack_memberships_contains_paid_content":false,"footnotes":""},"categories":[1035,905,1986],"tags":[1982,1284,1985,1987],"class_list":{"0":"post-120294","1":"post","2":"type-post","3":"status-publish","4":"format-aside","5":"has-post-thumbnail","7":"category-biennale-design-internationale-saint-etienne","8":"category-deco-design","9":"category-paravent","10":"tag-biennaledesign15","11":"tag-biennale-du-design-de-saint-etienne","12":"tag-il-hoon-row","13":"tag-paravent-design","14":"post_format-post-format-aside","15":"entry"},"featured_image_urls":{"full":["https:\/\/i0.wp.com\/www.joyana.fr\/wp-content\/uploads\/2015\/03\/nodus_s_-6.jpg?fit=850%2C1048&ssl=1",850,1048,false],"thumbnail":["https:\/\/i0.wp.com\/www.joyana.fr\/wp-content\/uploads\/2015\/03\/nodus_s_-6.jpg?resize=150%2C150&ssl=1",150,150,true],"medium":["https:\/\/i0.wp.com\/www.joyana.fr\/wp-content\/uploads\/2015\/03\/nodus_s_-6.jpg?fit=316%2C389&ssl=1",316,389,true],"medium_large":["https:\/\/i0.wp.com\/www.joyana.fr\/wp-content\/uploads\/2015\/03\/nodus_s_-6.jpg?fit=768%2C947&ssl=1",768,947,true],"large":["https:\/\/i0.wp.com\/www.joyana.fr\/wp-content\/uploads\/2015\/03\/nodus_s_-6.jpg?fit=831%2C1024&ssl=1",831,1024,true],"1536x1536":["https:\/\/i0.wp.com\/www.joyana.fr\/wp-content\/uploads\/2015\/03\/nodus_s_-6.jpg?fit=850%2C1048&ssl=1",850,1048,true],"2048x2048":["https:\/\/i0.wp.com\/www.joyana.fr\/wp-content\/uploads\/2015\/03\/nodus_s_-6.jpg?fit=850%2C1048&ssl=1",850,1048,true],"featured-thumb":["https:\/\/i0.wp.com\/www.joyana.fr\/wp-content\/uploads\/2015\/03\/nodus_s_-6.jpg?resize=850%2C750&ssl=1",850,750,true],"ab-block-post-grid-landscape":["https:\/\/i0.wp.com\/www.joyana.fr\/wp-content\/uploads\/2015\/03\/nodus_s_-6.jpg?resize=600%2C400&ssl=1",600,400,true],"ab-block-post-grid-square":["https:\/\/i0.wp.com\/www.joyana.fr\/wp-content\/uploads\/2015\/03\/nodus_s_-6.jpg?resize=600%2C600&ssl=1",600,600,true],"author-pro-image":["https:\/\/i0.wp.com\/www.joyana.fr\/wp-content\/uploads\/2015\/03\/nodus_s_-6.jpg?resize=360%2C570&ssl=1",360,570,true],"slider":["https:\/\/i0.wp.com\/www.joyana.fr\/wp-content\/uploads\/2015\/03\/nodus_s_-6.jpg?resize=850%2C400&ssl=1",850,400,true],"woocommerce_thumbnail":["https:\/\/i0.wp.com\/www.joyana.fr\/wp-content\/uploads\/2015\/03\/nodus_s_-6.jpg?resize=450%2C450&ssl=1",450,450,true],"woocommerce_single":["https:\/\/i0.wp.com\/www.joyana.fr\/wp-content\/uploads\/2015\/03\/nodus_s_-6.jpg?fit=850%2C1048&ssl=1",850,1048,true],"woocommerce_gallery_thumbnail":["https:\/\/i0.wp.com\/www.joyana.fr\/wp-content\/uploads\/2015\/03\/nodus_s_-6.jpg?resize=180%2C180&ssl=1",180,180,true],"sow-carousel-default":["https:\/\/i0.wp.com\/www.joyana.fr\/wp-content\/uploads\/2015\/03\/nodus_s_-6.jpg?resize=272%2C182&ssl=1",272,182,true]},"post_excerpt_stackable":"<p>Au coeur de la Cit\u00e9 du Design, nous croisons le designer Il Hoon Roh concepteur de ce paravent NODUS &#8211; r\u00e9alis\u00e9 en fibre de carbone et c\u00e2bles de fibre optique&#8230;<\/p>\n","category_list":"<a href=\"https:\/\/www.joyana.fr\/ja\/category\/deco-design\/actualite\/salon\/biennale-design-internationale-saint-etienne\/\" rel=\"category tag\">Biennale Internationale Design (Saint-Etienne)<\/a>, <a href=\"https:\/\/www.joyana.fr\/ja\/category\/deco-design\/\" rel=\"category tag\">DECO-DESIGN<\/a>, <a href=\"https:\/\/www.joyana.fr\/ja\/category\/deco-design\/decoration\/accessoires\/paravent\/\" rel=\"category tag\">Paravent<\/a>","author_info":{"display_name":"Jo Yana","author_link":"https:\/\/www.joyana.fr\/ja\/author\/joyana\/"},"comments_num":"0 comments","featured_image_urls_v2":{"full":["https:\/\/i0.wp.com\/www.joyana.fr\/wp-content\/uploads\/2015\/03\/nodus_s_-6.jpg?fit=850%2C1048&ssl=1",850,1048,false],"thumbnail":["https:\/\/i0.wp.com\/www.joyana.fr\/wp-content\/uploads\/2015\/03\/nodus_s_-6.jpg?resize=150%2C150&ssl=1",150,150,true],"medium":["https:\/\/i0.wp.com\/www.joyana.fr\/wp-content\/uploads\/2015\/03\/nodus_s_-6.jpg?fit=316%2C389&ssl=1",316,389,true],"medium_large":["https:\/\/i0.wp.com\/www.joyana.fr\/wp-content\/uploads\/2015\/03\/nodus_s_-6.jpg?fit=768%2C947&ssl=1",768,947,true],"large":["https:\/\/i0.wp.com\/www.joyana.fr\/wp-content\/uploads\/2015\/03\/nodus_s_-6.jpg?fit=831%2C1024&ssl=1",831,1024,true],"1536x1536":["https:\/\/i0.wp.com\/www.joyana.fr\/wp-content\/uploads\/2015\/03\/nodus_s_-6.jpg?fit=850%2C1048&ssl=1",850,1048,true],"2048x2048":["https:\/\/i0.wp.com\/www.joyana.fr\/wp-content\/uploads\/2015\/03\/nodus_s_-6.jpg?fit=850%2C1048&ssl=1",850,1048,true],"featured-thumb":["https:\/\/i0.wp.com\/www.joyana.fr\/wp-content\/uploads\/2015\/03\/nodus_s_-6.jpg?resize=850%2C750&ssl=1",850,750,true],"ab-block-post-grid-landscape":["https:\/\/i0.wp.com\/www.joyana.fr\/wp-content\/uploads\/2015\/03\/nodus_s_-6.jpg?resize=600%2C400&ssl=1",600,400,true],"ab-block-post-grid-square":["https:\/\/i0.wp.com\/www.joyana.fr\/wp-content\/uploads\/2015\/03\/nodus_s_-6.jpg?resize=600%2C600&ssl=1",600,600,true],"author-pro-image":["https:\/\/i0.wp.com\/www.joyana.fr\/wp-content\/uploads\/2015\/03\/nodus_s_-6.jpg?resize=360%2C570&ssl=1",360,570,true],"slider":["https:\/\/i0.wp.com\/www.joyana.fr\/wp-content\/uploads\/2015\/03\/nodus_s_-6.jpg?resize=850%2C400&ssl=1",850,400,true],"woocommerce_thumbnail":["https:\/\/i0.wp.com\/www.joyana.fr\/wp-content\/uploads\/2015\/03\/nodus_s_-6.jpg?resize=450%2C450&ssl=1",450,450,true],"woocommerce_single":["https:\/\/i0.wp.com\/www.joyana.fr\/wp-content\/uploads\/2015\/03\/nodus_s_-6.jpg?fit=850%2C1048&ssl=1",850,1048,true],"woocommerce_gallery_thumbnail":["https:\/\/i0.wp.com\/www.joyana.fr\/wp-content\/uploads\/2015\/03\/nodus_s_-6.jpg?resize=180%2C180&ssl=1",180,180,true],"sow-carousel-default":["https:\/\/i0.wp.com\/www.joyana.fr\/wp-content\/uploads\/2015\/03\/nodus_s_-6.jpg?resize=272%2C182&ssl=1",272,182,true]},"post_excerpt_stackable_v2":"<p>Au coeur de la Cit\u00e9 du Design, nous croisons le designer Il Hoon Roh concepteur de ce paravent NODUS &#8211; r\u00e9alis\u00e9 en fibre de carbone et c\u00e2bles de fibre optique&#8230;<\/p>\n","category_list_v2":"<a href=\"https:\/\/www.joyana.fr\/ja\/category\/deco-design\/actualite\/salon\/biennale-design-internationale-saint-etienne\/\" rel=\"category tag\">Biennale Internationale Design (Saint-Etienne)<\/a>, <a href=\"https:\/\/www.joyana.fr\/ja\/category\/deco-design\/\" rel=\"category tag\">DECO-DESIGN<\/a>, <a href=\"https:\/\/www.joyana.fr\/ja\/category\/deco-design\/decoration\/accessoires\/paravent\/\" rel=\"category tag\">Paravent<\/a>","author_info_v2":{"name":"Jo Yana","url":"https:\/\/www.joyana.fr\/ja\/author\/joyana\/"},"comments_num_v2":"0 comments","yoast_head":"<!-- This site is optimized with the Yoast SEO plugin v26.8 - https:\/\/yoast.com\/product\/yoast-seo-wordpress\/ -->\n<title>Paravent NODUS par Il HOON ROH | DECO-DESIGN<\/title>\n<meta name=\"description\" content=\"Au coeur de la Cit\u00e9 du Design, nous croisons le designer Il Hoon Roh concepteur de ce paravent NODUS - r\u00e9alis\u00e9 en fibre de carbone et c\u00e2bles de fibre optique...\" \/>\n<meta name=\"robots\" content=\"index, follow, max-snippet:-1, max-image-preview:large, max-video-preview:-1\" \/>\n<link rel=\"canonical\" href=\"https:\/\/www.joyana.fr\/ja\/paravent-nodus-par-il-hoon-roh\/120294\/\" \/>\n<meta property=\"og:locale\" content=\"ja_JP\" \/>\n<meta property=\"og:locale:alternate\" content=\"fr_FR\" \/>\n<meta property=\"og:locale:alternate\" content=\"en_US\" \/>\n<meta property=\"og:type\" content=\"article\" \/>\n<meta property=\"og:title\" content=\"Paravent NODUS par Il HOON ROH | DECO-DESIGN\" \/>\n<meta property=\"og:description\" content=\"Au coeur de la Cit\u00e9 du Design, nous croisons le designer Il Hoon Roh concepteur de ce paravent NODUS - r\u00e9alis\u00e9 en fibre de carbone et c\u00e2bles de fibre optique...\" \/>\n<meta property=\"og:url\" content=\"https:\/\/www.joyana.fr\/ja\/paravent-nodus-par-il-hoon-roh\/120294\/\" \/>\n<meta property=\"og:site_name\" content=\"JO YANA\" \/>\n<meta property=\"article:published_time\" content=\"2015-03-14T09:48:02+00:00\" \/>\n<meta property=\"og:image\" content=\"https:\/\/www.joyana.fr\/wp-content\/uploads\/2015\/03\/nodus_s_-6.jpg\" \/>\n\t<meta property=\"og:image:width\" content=\"850\" \/>\n\t<meta property=\"og:image:height\" content=\"1048\" \/>\n\t<meta property=\"og:image:type\" content=\"image\/jpeg\" \/>\n<meta name=\"author\" content=\"Jo Yana\" \/>\n<meta name=\"twitter:card\" content=\"summary_large_image\" \/>\n<meta name=\"twitter:creator\" content=\"@Jo_Yana\" \/>\n<meta name=\"twitter:site\" content=\"@Jo_Yana\" \/>\n<meta name=\"twitter:label1\" content=\"\u57f7\u7b46\u8005\" \/>\n\t<meta name=\"twitter:data1\" content=\"Jo Yana\" \/>\n\t<meta name=\"twitter:label2\" content=\"\u63a8\u5b9a\u8aad\u307f\u53d6\u308a\u6642\u9593\" \/>\n\t<meta name=\"twitter:data2\" content=\"1\u5206\" \/>\n<script type=\"application\/ld+json\" class=\"yoast-schema-graph\">{\"@context\":\"https:\/\/schema.org\",\"@graph\":[{\"@type\":\"Article\",\"@id\":\"https:\/\/www.joyana.fr\/ja\/paravent-nodus-par-il-hoon-roh\/120294\/#article\",\"isPartOf\":{\"@id\":\"https:\/\/www.joyana.fr\/ja\/paravent-nodus-par-il-hoon-roh\/120294\/\"},\"author\":{\"name\":\"Jo Yana\",\"@id\":\"https:\/\/joyana.fr\/#\/schema\/person\/cf2a1ad12a27c12c21801075bf37407c\"},\"headline\":\"Paravent NODUS par Il HOON ROH\",\"datePublished\":\"2015-03-14T09:48:02+00:00\",\"mainEntityOfPage\":{\"@id\":\"https:\/\/www.joyana.fr\/ja\/paravent-nodus-par-il-hoon-roh\/120294\/\"},\"wordCount\":124,\"commentCount\":0,\"publisher\":{\"@id\":\"https:\/\/joyana.fr\/#\/schema\/person\/cf2a1ad12a27c12c21801075bf37407c\"},\"image\":{\"@id\":\"https:\/\/www.joyana.fr\/ja\/paravent-nodus-par-il-hoon-roh\/120294\/#primaryimage\"},\"thumbnailUrl\":\"https:\/\/i0.wp.com\/www.joyana.fr\/wp-content\/uploads\/2015\/03\/nodus_s_-6.jpg?fit=850%2C1048&ssl=1\",\"keywords\":[\"#Biennaledesign15\",\"Biennale du Design de Saint-Etienne\",\"Il HOON ROW\",\"Paravent design\"],\"articleSection\":[\"Biennale Internationale Design (Saint-Etienne)\",\"DECO-DESIGN\",\"Paravent\"],\"inLanguage\":\"ja\",\"potentialAction\":[{\"@type\":\"CommentAction\",\"name\":\"Comment\",\"target\":[\"https:\/\/www.joyana.fr\/ja\/paravent-nodus-par-il-hoon-roh\/120294\/#respond\"]}]},{\"@type\":\"WebPage\",\"@id\":\"https:\/\/www.joyana.fr\/ja\/paravent-nodus-par-il-hoon-roh\/120294\/\",\"url\":\"https:\/\/www.joyana.fr\/ja\/paravent-nodus-par-il-hoon-roh\/120294\/\",\"name\":\"Paravent NODUS par Il HOON ROH | DECO-DESIGN\",\"isPartOf\":{\"@id\":\"https:\/\/joyana.fr\/#website\"},\"primaryImageOfPage\":{\"@id\":\"https:\/\/www.joyana.fr\/ja\/paravent-nodus-par-il-hoon-roh\/120294\/#primaryimage\"},\"image\":{\"@id\":\"https:\/\/www.joyana.fr\/ja\/paravent-nodus-par-il-hoon-roh\/120294\/#primaryimage\"},\"thumbnailUrl\":\"https:\/\/i0.wp.com\/www.joyana.fr\/wp-content\/uploads\/2015\/03\/nodus_s_-6.jpg?fit=850%2C1048&ssl=1\",\"datePublished\":\"2015-03-14T09:48:02+00:00\",\"description\":\"Au coeur de la Cit\u00e9 du Design, nous croisons le designer Il Hoon Roh concepteur de ce paravent NODUS - r\u00e9alis\u00e9 en fibre de carbone et c\u00e2bles de fibre optique...\",\"breadcrumb\":{\"@id\":\"https:\/\/www.joyana.fr\/ja\/paravent-nodus-par-il-hoon-roh\/120294\/#breadcrumb\"},\"inLanguage\":\"ja\",\"potentialAction\":[{\"@type\":\"ReadAction\",\"target\":[\"https:\/\/www.joyana.fr\/ja\/paravent-nodus-par-il-hoon-roh\/120294\/\"]}]},{\"@type\":\"ImageObject\",\"inLanguage\":\"ja\",\"@id\":\"https:\/\/www.joyana.fr\/ja\/paravent-nodus-par-il-hoon-roh\/120294\/#primaryimage\",\"url\":\"https:\/\/i0.wp.com\/www.joyana.fr\/wp-content\/uploads\/2015\/03\/nodus_s_-6.jpg?fit=850%2C1048&ssl=1\",\"contentUrl\":\"https:\/\/i0.wp.com\/www.joyana.fr\/wp-content\/uploads\/2015\/03\/nodus_s_-6.jpg?fit=850%2C1048&ssl=1\",\"width\":850,\"height\":1048},{\"@type\":\"BreadcrumbList\",\"@id\":\"https:\/\/www.joyana.fr\/ja\/paravent-nodus-par-il-hoon-roh\/120294\/#breadcrumb\",\"itemListElement\":[{\"@type\":\"ListItem\",\"position\":1,\"name\":\"Accueil\",\"item\":\"https:\/\/joyana.fr\/\"},{\"@type\":\"ListItem\",\"position\":2,\"name\":\"Paravent NODUS par Il HOON ROH\"}]},{\"@type\":\"WebSite\",\"@id\":\"https:\/\/joyana.fr\/#website\",\"url\":\"https:\/\/joyana.fr\/\",\"name\":\"JO YANA\",\"description\":\"Blog Mode Homme, Lifestyle, D\u00e9co-Design\",\"publisher\":{\"@id\":\"https:\/\/joyana.fr\/#\/schema\/person\/cf2a1ad12a27c12c21801075bf37407c\"},\"potentialAction\":[{\"@type\":\"SearchAction\",\"target\":{\"@type\":\"EntryPoint\",\"urlTemplate\":\"https:\/\/joyana.fr\/?s={search_term_string}\"},\"query-input\":{\"@type\":\"PropertyValueSpecification\",\"valueRequired\":true,\"valueName\":\"search_term_string\"}}],\"inLanguage\":\"ja\"},{\"@type\":[\"Person\",\"Organization\"],\"@id\":\"https:\/\/joyana.fr\/#\/schema\/person\/cf2a1ad12a27c12c21801075bf37407c\",\"name\":\"Jo Yana\",\"image\":{\"@type\":\"ImageObject\",\"inLanguage\":\"ja\",\"@id\":\"https:\/\/joyana.fr\/#\/schema\/person\/image\/\",\"url\":\"https:\/\/i0.wp.com\/www.joyana.fr\/wp-content\/uploads\/2016\/08\/cropped-joyana-logo-black-360x180.png?fit=343%2C164&ssl=1\",\"contentUrl\":\"https:\/\/i0.wp.com\/www.joyana.fr\/wp-content\/uploads\/2016\/08\/cropped-joyana-logo-black-360x180.png?fit=343%2C164&ssl=1\",\"width\":343,\"height\":164,\"caption\":\"Jo Yana\"},\"logo\":{\"@id\":\"https:\/\/joyana.fr\/#\/schema\/person\/image\/\"},\"description\":\"Jo Yana est le cr\u00e9ateur et r\u00e9dacteur en chef des sites DECO-DESIGN. Passionn\u00e9 de Design, Mode, Photo, Luxe, Lifestyle, Musique, mais avant tout Blogueur ! Le plaisir de partager l'anime et a comme devise \\\"POUR L'AMOUR DU BEAU\\\". Retrouvez le aussi sur son blog personnel - https:\/\/joyana.fr...\",\"sameAs\":[\"https:\/\/joyana.fr\/\"],\"url\":\"https:\/\/www.joyana.fr\/ja\/author\/joyana\/\"}]}<\/script>\n<!-- \/ Yoast SEO plugin. -->","yoast_head_json":{"title":"Paravent NODUS par Il HOON ROH | DECO-DESIGN","description":"Au coeur de la Cit\u00e9 du Design, nous croisons le designer Il Hoon Roh concepteur de ce paravent NODUS - r\u00e9alis\u00e9 en fibre de carbone et c\u00e2bles de fibre optique...","robots":{"index":"index","follow":"follow","max-snippet":"max-snippet:-1","max-image-preview":"max-image-preview:large","max-video-preview":"max-video-preview:-1"},"canonical":"https:\/\/www.joyana.fr\/ja\/paravent-nodus-par-il-hoon-roh\/120294\/","og_locale":"ja_JP","og_type":"article","og_title":"Paravent NODUS par Il HOON ROH | DECO-DESIGN","og_description":"Au coeur de la Cit\u00e9 du Design, nous croisons le designer Il Hoon Roh concepteur de ce paravent NODUS - r\u00e9alis\u00e9 en fibre de carbone et c\u00e2bles de fibre optique...","og_url":"https:\/\/www.joyana.fr\/ja\/paravent-nodus-par-il-hoon-roh\/120294\/","og_site_name":"JO YANA","article_published_time":"2015-03-14T09:48:02+00:00","og_image":[{"width":850,"height":1048,"url":"https:\/\/www.joyana.fr\/wp-content\/uploads\/2015\/03\/nodus_s_-6.jpg","type":"image\/jpeg"}],"author":"Jo Yana","twitter_card":"summary_large_image","twitter_creator":"@Jo_Yana","twitter_site":"@Jo_Yana","twitter_misc":{"\u57f7\u7b46\u8005":"Jo Yana","\u63a8\u5b9a\u8aad\u307f\u53d6\u308a\u6642\u9593":"1\u5206"},"schema":{"@context":"https:\/\/schema.org","@graph":[{"@type":"Article","@id":"https:\/\/www.joyana.fr\/ja\/paravent-nodus-par-il-hoon-roh\/120294\/#article","isPartOf":{"@id":"https:\/\/www.joyana.fr\/ja\/paravent-nodus-par-il-hoon-roh\/120294\/"},"author":{"name":"Jo Yana","@id":"https:\/\/joyana.fr\/#\/schema\/person\/cf2a1ad12a27c12c21801075bf37407c"},"headline":"Paravent NODUS par Il HOON ROH","datePublished":"2015-03-14T09:48:02+00:00","mainEntityOfPage":{"@id":"https:\/\/www.joyana.fr\/ja\/paravent-nodus-par-il-hoon-roh\/120294\/"},"wordCount":124,"commentCount":0,"publisher":{"@id":"https:\/\/joyana.fr\/#\/schema\/person\/cf2a1ad12a27c12c21801075bf37407c"},"image":{"@id":"https:\/\/www.joyana.fr\/ja\/paravent-nodus-par-il-hoon-roh\/120294\/#primaryimage"},"thumbnailUrl":"https:\/\/i0.wp.com\/www.joyana.fr\/wp-content\/uploads\/2015\/03\/nodus_s_-6.jpg?fit=850%2C1048&ssl=1","keywords":["#Biennaledesign15","Biennale du Design de Saint-Etienne","Il HOON ROW","Paravent design"],"articleSection":["Biennale Internationale Design (Saint-Etienne)","DECO-DESIGN","Paravent"],"inLanguage":"ja","potentialAction":[{"@type":"CommentAction","name":"Comment","target":["https:\/\/www.joyana.fr\/ja\/paravent-nodus-par-il-hoon-roh\/120294\/#respond"]}]},{"@type":"WebPage","@id":"https:\/\/www.joyana.fr\/ja\/paravent-nodus-par-il-hoon-roh\/120294\/","url":"https:\/\/www.joyana.fr\/ja\/paravent-nodus-par-il-hoon-roh\/120294\/","name":"Paravent NODUS par Il HOON ROH | DECO-DESIGN","isPartOf":{"@id":"https:\/\/joyana.fr\/#website"},"primaryImageOfPage":{"@id":"https:\/\/www.joyana.fr\/ja\/paravent-nodus-par-il-hoon-roh\/120294\/#primaryimage"},"image":{"@id":"https:\/\/www.joyana.fr\/ja\/paravent-nodus-par-il-hoon-roh\/120294\/#primaryimage"},"thumbnailUrl":"https:\/\/i0.wp.com\/www.joyana.fr\/wp-content\/uploads\/2015\/03\/nodus_s_-6.jpg?fit=850%2C1048&ssl=1","datePublished":"2015-03-14T09:48:02+00:00","description":"Au coeur de la Cit\u00e9 du Design, nous croisons le designer Il Hoon Roh concepteur de ce paravent NODUS - r\u00e9alis\u00e9 en fibre de carbone et c\u00e2bles de fibre optique...","breadcrumb":{"@id":"https:\/\/www.joyana.fr\/ja\/paravent-nodus-par-il-hoon-roh\/120294\/#breadcrumb"},"inLanguage":"ja","potentialAction":[{"@type":"ReadAction","target":["https:\/\/www.joyana.fr\/ja\/paravent-nodus-par-il-hoon-roh\/120294\/"]}]},{"@type":"ImageObject","inLanguage":"ja","@id":"https:\/\/www.joyana.fr\/ja\/paravent-nodus-par-il-hoon-roh\/120294\/#primaryimage","url":"https:\/\/i0.wp.com\/www.joyana.fr\/wp-content\/uploads\/2015\/03\/nodus_s_-6.jpg?fit=850%2C1048&ssl=1","contentUrl":"https:\/\/i0.wp.com\/www.joyana.fr\/wp-content\/uploads\/2015\/03\/nodus_s_-6.jpg?fit=850%2C1048&ssl=1","width":850,"height":1048},{"@type":"BreadcrumbList","@id":"https:\/\/www.joyana.fr\/ja\/paravent-nodus-par-il-hoon-roh\/120294\/#breadcrumb","itemListElement":[{"@type":"ListItem","position":1,"name":"Accueil","item":"https:\/\/joyana.fr\/"},{"@type":"ListItem","position":2,"name":"Paravent NODUS par Il HOON ROH"}]},{"@type":"WebSite","@id":"https:\/\/joyana.fr\/#website","url":"https:\/\/joyana.fr\/","name":"JO YANA","description":"Blog Mode Homme, Lifestyle, D\u00e9co-Design","publisher":{"@id":"https:\/\/joyana.fr\/#\/schema\/person\/cf2a1ad12a27c12c21801075bf37407c"},"potentialAction":[{"@type":"SearchAction","target":{"@type":"EntryPoint","urlTemplate":"https:\/\/joyana.fr\/?s={search_term_string}"},"query-input":{"@type":"PropertyValueSpecification","valueRequired":true,"valueName":"search_term_string"}}],"inLanguage":"ja"},{"@type":["Person","Organization"],"@id":"https:\/\/joyana.fr\/#\/schema\/person\/cf2a1ad12a27c12c21801075bf37407c","name":"Jo Yana","image":{"@type":"ImageObject","inLanguage":"ja","@id":"https:\/\/joyana.fr\/#\/schema\/person\/image\/","url":"https:\/\/i0.wp.com\/www.joyana.fr\/wp-content\/uploads\/2016\/08\/cropped-joyana-logo-black-360x180.png?fit=343%2C164&ssl=1","contentUrl":"https:\/\/i0.wp.com\/www.joyana.fr\/wp-content\/uploads\/2016\/08\/cropped-joyana-logo-black-360x180.png?fit=343%2C164&ssl=1","width":343,"height":164,"caption":"Jo Yana"},"logo":{"@id":"https:\/\/joyana.fr\/#\/schema\/person\/image\/"},"description":"Jo Yana est le cr\u00e9ateur et r\u00e9dacteur en chef des sites DECO-DESIGN. Passionn\u00e9 de Design, Mode, Photo, Luxe, Lifestyle, Musique, mais avant tout Blogueur ! Le plaisir de partager l'anime et a comme devise \"POUR L'AMOUR DU BEAU\". Retrouvez le aussi sur son blog personnel - https:\/\/joyana.fr...","sameAs":["https:\/\/joyana.fr\/"],"url":"https:\/\/www.joyana.fr\/ja\/author\/joyana\/"}]}},"author_meta":{"display_name":"Jo Yana","author_link":"https:\/\/www.joyana.fr\/ja\/author\/joyana\/"},"featured_img":"https:\/\/i0.wp.com\/www.joyana.fr\/wp-content\/uploads\/2015\/03\/nodus_s_-6.jpg?fit=316%2C389&ssl=1","featured_image_src":"https:\/\/i0.wp.com\/www.joyana.fr\/wp-content\/uploads\/2015\/03\/nodus_s_-6.jpg?resize=600%2C400&ssl=1","featured_image_src_square":"https:\/\/i0.wp.com\/www.joyana.fr\/wp-content\/uploads\/2015\/03\/nodus_s_-6.jpg?resize=600%2C600&ssl=1","jetpack_featured_media_url":"https:\/\/i0.wp.com\/www.joyana.fr\/wp-content\/uploads\/2015\/03\/nodus_s_-6.jpg?fit=850%2C1048&ssl=1","uagb_featured_image_src":{"full":["https:\/\/i0.wp.com\/www.joyana.fr\/wp-content\/uploads\/2015\/03\/nodus_s_-6.jpg?fit=850%2C1048&ssl=1",850,1048,false],"thumbnail":["https:\/\/i0.wp.com\/www.joyana.fr\/wp-content\/uploads\/2015\/03\/nodus_s_-6.jpg?resize=150%2C150&ssl=1",150,150,true],"medium":["https:\/\/i0.wp.com\/www.joyana.fr\/wp-content\/uploads\/2015\/03\/nodus_s_-6.jpg?fit=316%2C389&ssl=1",316,389,true],"medium_large":["https:\/\/i0.wp.com\/www.joyana.fr\/wp-content\/uploads\/2015\/03\/nodus_s_-6.jpg?fit=768%2C947&ssl=1",768,947,true],"large":["https:\/\/i0.wp.com\/www.joyana.fr\/wp-content\/uploads\/2015\/03\/nodus_s_-6.jpg?fit=831%2C1024&ssl=1",831,1024,true],"1536x1536":["https:\/\/i0.wp.com\/www.joyana.fr\/wp-content\/uploads\/2015\/03\/nodus_s_-6.jpg?fit=850%2C1048&ssl=1",850,1048,true],"2048x2048":["https:\/\/i0.wp.com\/www.joyana.fr\/wp-content\/uploads\/2015\/03\/nodus_s_-6.jpg?fit=850%2C1048&ssl=1",850,1048,true],"featured-thumb":["https:\/\/i0.wp.com\/www.joyana.fr\/wp-content\/uploads\/2015\/03\/nodus_s_-6.jpg?resize=850%2C750&ssl=1",850,750,true],"ab-block-post-grid-landscape":["https:\/\/i0.wp.com\/www.joyana.fr\/wp-content\/uploads\/2015\/03\/nodus_s_-6.jpg?resize=600%2C400&ssl=1",600,400,true],"ab-block-post-grid-square":["https:\/\/i0.wp.com\/www.joyana.fr\/wp-content\/uploads\/2015\/03\/nodus_s_-6.jpg?resize=600%2C600&ssl=1",600,600,true],"author-pro-image":["https:\/\/i0.wp.com\/www.joyana.fr\/wp-content\/uploads\/2015\/03\/nodus_s_-6.jpg?resize=360%2C570&ssl=1",360,570,true],"slider":["https:\/\/i0.wp.com\/www.joyana.fr\/wp-content\/uploads\/2015\/03\/nodus_s_-6.jpg?resize=850%2C400&ssl=1",850,400,true],"woocommerce_thumbnail":["https:\/\/i0.wp.com\/www.joyana.fr\/wp-content\/uploads\/2015\/03\/nodus_s_-6.jpg?resize=450%2C450&ssl=1",450,450,true],"woocommerce_single":["https:\/\/i0.wp.com\/www.joyana.fr\/wp-content\/uploads\/2015\/03\/nodus_s_-6.jpg?fit=850%2C1048&ssl=1",850,1048,true],"woocommerce_gallery_thumbnail":["https:\/\/i0.wp.com\/www.joyana.fr\/wp-content\/uploads\/2015\/03\/nodus_s_-6.jpg?resize=180%2C180&ssl=1",180,180,true],"sow-carousel-default":["https:\/\/i0.wp.com\/www.joyana.fr\/wp-content\/uploads\/2015\/03\/nodus_s_-6.jpg?resize=272%2C182&ssl=1",272,182,true]},"uagb_author_info":{"display_name":"Jo Yana","author_link":"https:\/\/www.joyana.fr\/ja\/author\/joyana\/"},"uagb_comment_info":5,"uagb_excerpt":"Au coeur de la Cit\u00e9 du Design, nous croisons le designe&hellip;","coauthors":[],"tax_additional":{"categories":{"linked":["<a href=\"https:\/\/www.joyana.fr\/ja\/category\/deco-design\/actualite\/salon\/biennale-design-internationale-saint-etienne\/\" class=\"advgb-post-tax-term\">Biennale Internationale Design (Saint-Etienne)<\/a>","<a href=\"https:\/\/www.joyana.fr\/ja\/category\/deco-design\/\" class=\"advgb-post-tax-term\">DECO-DESIGN<\/a>","<a href=\"https:\/\/www.joyana.fr\/ja\/category\/deco-design\/decoration\/accessoires\/paravent\/\" class=\"advgb-post-tax-term\">Paravent<\/a>"],"unlinked":["<span class=\"advgb-post-tax-term\">Biennale Internationale Design (Saint-Etienne)<\/span>","<span class=\"advgb-post-tax-term\">DECO-DESIGN<\/span>","<span class=\"advgb-post-tax-term\">Paravent<\/span>"]},"tags":{"linked":["<a href=\"https:\/\/www.joyana.fr\/ja\/category\/deco-design\/decoration\/accessoires\/paravent\/\" class=\"advgb-post-tax-term\">#Biennaledesign15<\/a>","<a href=\"https:\/\/www.joyana.fr\/ja\/category\/deco-design\/decoration\/accessoires\/paravent\/\" class=\"advgb-post-tax-term\">Biennale du Design de Saint-Etienne<\/a>","<a href=\"https:\/\/www.joyana.fr\/ja\/category\/deco-design\/decoration\/accessoires\/paravent\/\" class=\"advgb-post-tax-term\">Il HOON ROW<\/a>","<a href=\"https:\/\/www.joyana.fr\/ja\/category\/deco-design\/decoration\/accessoires\/paravent\/\" class=\"advgb-post-tax-term\">Paravent design<\/a>"],"unlinked":["<span class=\"advgb-post-tax-term\">#Biennaledesign15<\/span>","<span class=\"advgb-post-tax-term\">Biennale du Design de Saint-Etienne<\/span>","<span class=\"advgb-post-tax-term\">Il HOON ROW<\/span>","<span class=\"advgb-post-tax-term\">Paravent design<\/span>"]}},"comment_count":0,"relative_dates":{"created":"Posted 11\u5e74 ago","modified":"Updated 11\u5e74 ago"},"absolute_dates":{"created":"Posted on 14 3\u6708 2015","modified":"Updated on 14 3\u6708 2015"},"absolute_dates_time":{"created":"Posted on 14 3\u6708 2015 10:48","modified":"Updated on 14 3\u6708 2015 10:48"},"featured_img_caption":"","series_order":"","jetpack_sharing_enabled":true,"jetpack_shortlink":"https:\/\/wp.me\/p9bteI-vie","jetpack-related-posts":[],"_links":{"self":[{"href":"https:\/\/www.joyana.fr\/ja\/wp-json\/wp\/v2\/posts\/120294","targetHints":{"allow":["GET"]}}],"collection":[{"href":"https:\/\/www.joyana.fr\/ja\/wp-json\/wp\/v2\/posts"}],"about":[{"href":"https:\/\/www.joyana.fr\/ja\/wp-json\/wp\/v2\/types\/post"}],"author":[{"embeddable":true,"href":"https:\/\/www.joyana.fr\/ja\/wp-json\/wp\/v2\/users\/3"}],"replies":[{"embeddable":true,"href":"https:\/\/www.joyana.fr\/ja\/wp-json\/wp\/v2\/comments?post=120294"}],"version-history":[{"count":0,"href":"https:\/\/www.joyana.fr\/ja\/wp-json\/wp\/v2\/posts\/120294\/revisions"}],"wp:featuredmedia":[{"embeddable":true,"href":"https:\/\/www.joyana.fr\/ja\/wp-json\/wp\/v2\/media\/120298"}],"wp:attachment":[{"href":"https:\/\/www.joyana.fr\/ja\/wp-json\/wp\/v2\/media?parent=120294"}],"wp:term":[{"taxonomy":"category","embeddable":true,"href":"https:\/\/www.joyana.fr\/ja\/wp-json\/wp\/v2\/categories?post=120294"},{"taxonomy":"post_tag","embeddable":true,"href":"https:\/\/www.joyana.fr\/ja\/wp-json\/wp\/v2\/tags?post=120294"}],"curies":[{"name":"wp","href":"https:\/\/api.w.org\/{rel}","templated":true}]}}