{"id":120071,"date":"2015-02-18T14:16:38","date_gmt":"2015-02-18T13:16:38","guid":{"rendered":"https:\/\/joyana.fr\/?p=20071"},"modified":"2015-02-18T14:16:38","modified_gmt":"2015-02-18T13:16:38","slug":"musee-des-confluences-lyon-coop-himmelblau","status":"publish","type":"post","link":"https:\/\/www.joyana.fr\/ja\/musee-des-confluences-lyon-coop-himmelblau\/120071\/","title":{"rendered":"LE MUS\u00c9E DES CONFLUENCES (Lyon)"},"content":{"rendered":"<p style=\"text-align: justify;\"><a title=\"DECODESIGN\" href=\"https:\/\/joyana.fr\" target=\"_blank\">Deco-Design<\/a> s&#8217;est balad\u00e9 du cot\u00e9 de <strong>Lyon<\/strong>\u00a0pour d\u00e9couvrir le <strong>Mus\u00e9e des Confluences<\/strong>,\u00a0dont l&#8217;<strong>architecture<\/strong> a \u00e9t\u00e9 con\u00e7ue par l\u2019agence autrichienne <strong>Coop Himmelb(l)au<\/strong>&#8230;<\/p>\n<p><a href=\"https:\/\/i0.wp.com\/joyana.fr\/wp-content\/uploads\/2015\/02\/MUSEE-CONFLUENCE-2-%EF%BF%BD-Q.-Lafont-mus-%EF%BF%BDe-des-Confluences-Lyon.jpg?ssl=1\"><img data-recalc-dims=\"1\" fetchpriority=\"high\" decoding=\"async\" class=\"alignnone size-full wp-image-20072\" src=\"https:\/\/i0.wp.com\/joyana.fr\/wp-content\/uploads\/2015\/02\/MUSEE-CONFLUENCE-2-%EF%BF%BD-Q.-Lafont-mus-%EF%BF%BDe-des-Confluences-Lyon.jpg?resize=818%2C1200&#038;ssl=1\" alt=\"MUSEE-CONFLUENCE-2--\ufffd-Q.-Lafont,-mus+\ufffde-des-Confluences,-Lyon\" width=\"818\" height=\"1200\" \/><\/a><\/p>\n<p style=\"text-align: justify;\">L\u2019<strong>architecture<\/strong> du <strong>Mus\u00e9e des Confluences<\/strong> sugg\u00e8re l\u2019infinie diversit\u00e9 des connaissances et la pluralit\u00e9 des vocations d\u2019un espace mixte, un lieu de d\u00e9couverte, d\u2019\u00e9merveillement, de partage des savoirs d\u00e9di\u00e9 \u00e0 tous les publics.<\/p>\n<p style=\"text-align: justify;\">R\u00e9put\u00e9e dans le monde entier pour ses b\u00e2timents \u00e0 l\u2019architecture d\u00e9construite,\u00a0l\u2019agence autrichienne\u00a0<strong>Coop Himmelb(l)au <\/strong>signe\u00a0leur premi\u00e8re r\u00e9alisation en France. Le lieu symbolique d\u2019implantation appelait un geste architectural fort ; d\u2019o\u00f9 l\u2019id\u00e9e de CoopHimmelb(l)au de r\u00e9pondre au projet culturel du mus\u00e9e par la combinaison de trois unit\u00e9s architecturales : le Cristal, le Nuage et le Socle&#8230;<\/p>\n<p><a href=\"https:\/\/i0.wp.com\/joyana.fr\/wp-content\/uploads\/2015\/02\/MUSEE-CONFLUENCE-mus-%EF%BF%BDe-exterieur1-%EF%BF%BD-Q.-Lafont-mus-%EF%BF%BDe-des-Confluences-Lyon.jpg?ssl=1\"><img data-recalc-dims=\"1\" decoding=\"async\" class=\"alignnone size-full wp-image-20073\" src=\"https:\/\/i0.wp.com\/joyana.fr\/wp-content\/uploads\/2015\/02\/MUSEE-CONFLUENCE-mus-%EF%BF%BDe-exterieur1-%EF%BF%BD-Q.-Lafont-mus-%EF%BF%BDe-des-Confluences-Lyon.jpg?resize=1200%2C900&#038;ssl=1\" alt=\"MUSEE-CONFLUENCE-mus+\ufffde-exterieur1--\ufffd-Q.-Lafont,-mus+\ufffde-des-Confluences,-Lyon\" width=\"1200\" height=\"900\" \/><\/a><\/p>\n<p><iframe src=\"\/\/player.vimeo.com\/video\/108253562?autoplay=1&amp;loop=1&amp;color=ff0179&amp;title=0&amp;byline=0&amp;portrait=0\" width=\"650\" height=\"365\" frameborder=\"0\" allowfullscreen=\"allowfullscreen\"><\/iframe><\/p>\n<p style=\"text-align: justify;\">A l&#8217;int\u00e9rieur du <strong>Mus\u00e9e des Confluences<\/strong>, sur plus de 3 000 m2, le parcours permanent propose une lecture de l\u2019aventure humaine \u00e0 travers la pr\u00e9sentation de plus de 3 000 pi\u00e8ces de la collection&#8230;<\/p>\n<p style=\"text-align: justify;\">Apr\u00e8s la visite, n&#8217;oubliez pas de passer par la boutique&#8230; Son architecture &#8211; qui a \u00e9t\u00e9 am\u00e9nag\u00e9e par Julien Kolmont de Rogier de l\u2019agence <a href=\"http:\/\/www.plusmplusk.com\/\" target=\"_blank\">+M+K ARCHITECTURE INT\u00c9RIEURE<\/a> &#8211;\u00a0fait\u00a0\u00e9cho \u00e0 l\u2019architecture de verre et de m\u00e9tal du b\u00e2timent. Les mat\u00e9riaux et les couleurs entre cristal et nuage (blanc, gris, zinc), utilis\u00e9s en aplat, en alternance \u00e0 des effets de brillance, animent l&#8217;espace ; des pr\u00e9sentations \u00e0 g\u00e9om\u00e9trie variable cr\u00e9ent une sc\u00e9nographie immersive en parfaite ad\u00e9quation avec le <strong>Mus\u00e9e des Confluences<\/strong>&#8230;<\/p>\n<p><a href=\"https:\/\/i0.wp.com\/joyana.fr\/wp-content\/uploads\/2015\/02\/MUSEE-DE-CONFLUENCE-IMG_8030_1_2_3_4HDR.jpg?ssl=1\"><img data-recalc-dims=\"1\" decoding=\"async\" class=\"alignnone size-full wp-image-20074\" src=\"https:\/\/i0.wp.com\/joyana.fr\/wp-content\/uploads\/2015\/02\/MUSEE-DE-CONFLUENCE-IMG_8030_1_2_3_4HDR.jpg?resize=800%2C533&#038;ssl=1\" alt=\"MUSEE-DE-CONFLUENCE-IMG_8030_1_2_3_4HDR\" width=\"800\" height=\"533\" \/><\/a><\/p>\n<p><a href=\"https:\/\/i0.wp.com\/joyana.fr\/wp-content\/uploads\/2015\/02\/MUSEE-DE-CONFLUENCE-IMG_8081_2_3_4_5HDR.jpg?ssl=1\"><img data-recalc-dims=\"1\" loading=\"lazy\" decoding=\"async\" class=\"alignnone size-full wp-image-20075\" src=\"https:\/\/i0.wp.com\/joyana.fr\/wp-content\/uploads\/2015\/02\/MUSEE-DE-CONFLUENCE-IMG_8081_2_3_4_5HDR.jpg?resize=800%2C533&#038;ssl=1\" alt=\"MUSEE-DE-CONFLUENCE-IMG_8081_2_3_4_5HDR\" width=\"800\" height=\"533\" \/><\/a><\/p>\n<p><a href=\"https:\/\/i0.wp.com\/joyana.fr\/wp-content\/uploads\/2015\/02\/MUSEE-DE-CONFLUENCE-origines-011.jpg?ssl=1\"><img data-recalc-dims=\"1\" loading=\"lazy\" decoding=\"async\" class=\"alignnone size-full wp-image-20082\" src=\"https:\/\/i0.wp.com\/joyana.fr\/wp-content\/uploads\/2015\/02\/MUSEE-DE-CONFLUENCE-origines-011.jpg?resize=800%2C533&#038;ssl=1\" alt=\"MUSEE-DE-CONFLUENCE-origines-01\" width=\"800\" height=\"533\" \/><\/a><\/p>\n<p><a href=\"https:\/\/i0.wp.com\/joyana.fr\/wp-content\/uploads\/2015\/02\/MUSEE-DE-CONFLUENCE-presse_q.l_07_18122014.jpg?ssl=1\"><img data-recalc-dims=\"1\" loading=\"lazy\" decoding=\"async\" class=\"alignnone size-full wp-image-20078\" src=\"https:\/\/i0.wp.com\/joyana.fr\/wp-content\/uploads\/2015\/02\/MUSEE-DE-CONFLUENCE-presse_q.l_07_18122014.jpg?resize=800%2C533&#038;ssl=1\" alt=\"MUSEE-DE-CONFLUENCE-presse_q.l_07_18122014\" width=\"800\" height=\"533\" \/><\/a><\/p>\n<p><a href=\"https:\/\/i0.wp.com\/joyana.fr\/wp-content\/uploads\/2015\/02\/MUSEE-DE-CONFLUENCE-presse_q.l_20_18122014.jpg?ssl=1\"><img data-recalc-dims=\"1\" loading=\"lazy\" decoding=\"async\" class=\"alignnone size-full wp-image-20079\" src=\"https:\/\/i0.wp.com\/joyana.fr\/wp-content\/uploads\/2015\/02\/MUSEE-DE-CONFLUENCE-presse_q.l_20_18122014.jpg?resize=800%2C533&#038;ssl=1\" alt=\"MUSEE-DE-CONFLUENCE-presse_q.l_20_18122014\" width=\"800\" height=\"533\" \/><\/a><\/p>\n<p style=\"text-align: center;\">En savoir + sur le <a href=\"http:\/\/www.museedesconfluences.fr\/\" target=\"_blank\"><strong>MUS\u00c9E DES CONFLUENCES<\/strong><\/a><\/p>\n<p style=\"text-align: center;\">\n","protected":false},"excerpt":{"rendered":"<p>Deco-Design s&#8217;est balad\u00e9 \u00e0 Lyon pour d\u00e9couvrir le Mus\u00e9e des Confluences, dont l&#8217;architecture a \u00e9t\u00e9 con\u00e7ue par l\u2019agence autrichienne Coop Himmelb(l)au&#8230;<\/p>\n","protected":false},"author":3,"featured_media":120076,"comment_status":"open","ping_status":"open","sticky":false,"template":"","format":"aside","meta":{"_coblocks_attr":"","_coblocks_dimensions":"","_coblocks_responsive_height":"","_coblocks_accordion_ie_support":"","_uag_custom_page_level_css":"","advgb_blocks_editor_width":"","advgb_blocks_columns_visual_guide":"","_genesis_hide_title":false,"_genesis_hide_breadcrumbs":false,"_genesis_hide_singular_image":false,"_genesis_hide_footer_widgets":false,"_genesis_custom_body_class":"","_genesis_custom_post_class":"","_genesis_layout":"","_themeisle_gutenberg_block_has_review":false,"_jetpack_newsletter_access":"","_jetpack_dont_email_post_to_subs":false,"_jetpack_newsletter_tier_id":0,"_jetpack_memberships_contains_paywalled_content":false,"_jetpack_memberships_contains_paid_content":false,"footnotes":""},"categories":[71,1018,905,1039],"tags":[1961,501,1962,782,1963],"class_list":{"0":"post-120071","1":"post","2":"type-post","3":"status-publish","4":"format-aside","5":"has-post-thumbnail","7":"category-architecture","8":"category-boutique","9":"category-deco-design","10":"category-france","11":"tag-mk-architecture-interieure","12":"tag-architecture-2","13":"tag-coop-himmelblau","14":"tag-lyon","15":"tag-musee-des-confluences","16":"post_format-post-format-aside","17":"entry"},"featured_image_urls":{"full":["https:\/\/i0.wp.com\/www.joyana.fr\/wp-content\/uploads\/2015\/02\/MUSEE-DE-CONFLUENCE-IMG_8149_50_51HDR.jpg?fit=1000%2C1500&ssl=1",1000,1500,false],"thumbnail":["https:\/\/i0.wp.com\/www.joyana.fr\/wp-content\/uploads\/2015\/02\/MUSEE-DE-CONFLUENCE-IMG_8149_50_51HDR.jpg?resize=150%2C150&ssl=1",150,150,true],"medium":["https:\/\/i0.wp.com\/www.joyana.fr\/wp-content\/uploads\/2015\/02\/MUSEE-DE-CONFLUENCE-IMG_8149_50_51HDR.jpg?fit=259%2C389&ssl=1",259,389,true],"medium_large":["https:\/\/i0.wp.com\/www.joyana.fr\/wp-content\/uploads\/2015\/02\/MUSEE-DE-CONFLUENCE-IMG_8149_50_51HDR.jpg?fit=768%2C1152&ssl=1",768,1152,true],"large":["https:\/\/i0.wp.com\/www.joyana.fr\/wp-content\/uploads\/2015\/02\/MUSEE-DE-CONFLUENCE-IMG_8149_50_51HDR.jpg?fit=683%2C1024&ssl=1",683,1024,true],"1536x1536":["https:\/\/i0.wp.com\/www.joyana.fr\/wp-content\/uploads\/2015\/02\/MUSEE-DE-CONFLUENCE-IMG_8149_50_51HDR.jpg?fit=1000%2C1500&ssl=1",1000,1500,true],"2048x2048":["https:\/\/i0.wp.com\/www.joyana.fr\/wp-content\/uploads\/2015\/02\/MUSEE-DE-CONFLUENCE-IMG_8149_50_51HDR.jpg?fit=1000%2C1500&ssl=1",1000,1500,true],"featured-thumb":["https:\/\/i0.wp.com\/www.joyana.fr\/wp-content\/uploads\/2015\/02\/MUSEE-DE-CONFLUENCE-IMG_8149_50_51HDR.jpg?resize=1000%2C750&ssl=1",1000,750,true],"ab-block-post-grid-landscape":["https:\/\/i0.wp.com\/www.joyana.fr\/wp-content\/uploads\/2015\/02\/MUSEE-DE-CONFLUENCE-IMG_8149_50_51HDR.jpg?resize=600%2C400&ssl=1",600,400,true],"ab-block-post-grid-square":["https:\/\/i0.wp.com\/www.joyana.fr\/wp-content\/uploads\/2015\/02\/MUSEE-DE-CONFLUENCE-IMG_8149_50_51HDR.jpg?resize=600%2C600&ssl=1",600,600,true],"author-pro-image":["https:\/\/i0.wp.com\/www.joyana.fr\/wp-content\/uploads\/2015\/02\/MUSEE-DE-CONFLUENCE-IMG_8149_50_51HDR.jpg?resize=360%2C570&ssl=1",360,570,true],"slider":["https:\/\/i0.wp.com\/www.joyana.fr\/wp-content\/uploads\/2015\/02\/MUSEE-DE-CONFLUENCE-IMG_8149_50_51HDR.jpg?resize=920%2C400&ssl=1",920,400,true],"woocommerce_thumbnail":["https:\/\/i0.wp.com\/www.joyana.fr\/wp-content\/uploads\/2015\/02\/MUSEE-DE-CONFLUENCE-IMG_8149_50_51HDR.jpg?resize=450%2C450&ssl=1",450,450,true],"woocommerce_single":["https:\/\/i0.wp.com\/www.joyana.fr\/wp-content\/uploads\/2015\/02\/MUSEE-DE-CONFLUENCE-IMG_8149_50_51HDR.jpg?fit=920%2C1380&ssl=1",920,1380,true],"woocommerce_gallery_thumbnail":["https:\/\/i0.wp.com\/www.joyana.fr\/wp-content\/uploads\/2015\/02\/MUSEE-DE-CONFLUENCE-IMG_8149_50_51HDR.jpg?resize=180%2C180&ssl=1",180,180,true],"sow-carousel-default":["https:\/\/i0.wp.com\/www.joyana.fr\/wp-content\/uploads\/2015\/02\/MUSEE-DE-CONFLUENCE-IMG_8149_50_51HDR.jpg?resize=272%2C182&ssl=1",272,182,true]},"post_excerpt_stackable":"<p>Deco-Design s&#8217;est balad\u00e9 \u00e0 Lyon pour d\u00e9couvrir le Mus\u00e9e des Confluences, dont l&#8217;architecture a \u00e9t\u00e9 con\u00e7ue par l\u2019agence autrichienne Coop Himmelb(l)au&#8230;<\/p>\n","category_list":"<a href=\"https:\/\/www.joyana.fr\/ja\/category\/portfolio\/architecture\/\" rel=\"category tag\">ARCHITECTURE<\/a>, <a href=\"https:\/\/www.joyana.fr\/ja\/category\/deco-design\/architecture-deco-design\/lieux-design\/boutique\/\" rel=\"category tag\">Boutique<\/a>, <a href=\"https:\/\/www.joyana.fr\/ja\/category\/deco-design\/\" rel=\"category tag\">DECO-DESIGN<\/a>, <a href=\"https:\/\/www.joyana.fr\/ja\/category\/deco-design\/architecture-deco-design\/pays\/france\/\" rel=\"category tag\">France<\/a>","author_info":{"display_name":"Jo Yana","author_link":"https:\/\/www.joyana.fr\/ja\/author\/joyana\/"},"comments_num":"0 comments","featured_image_urls_v2":{"full":["https:\/\/i0.wp.com\/www.joyana.fr\/wp-content\/uploads\/2015\/02\/MUSEE-DE-CONFLUENCE-IMG_8149_50_51HDR.jpg?fit=1000%2C1500&ssl=1",1000,1500,false],"thumbnail":["https:\/\/i0.wp.com\/www.joyana.fr\/wp-content\/uploads\/2015\/02\/MUSEE-DE-CONFLUENCE-IMG_8149_50_51HDR.jpg?resize=150%2C150&ssl=1",150,150,true],"medium":["https:\/\/i0.wp.com\/www.joyana.fr\/wp-content\/uploads\/2015\/02\/MUSEE-DE-CONFLUENCE-IMG_8149_50_51HDR.jpg?fit=259%2C389&ssl=1",259,389,true],"medium_large":["https:\/\/i0.wp.com\/www.joyana.fr\/wp-content\/uploads\/2015\/02\/MUSEE-DE-CONFLUENCE-IMG_8149_50_51HDR.jpg?fit=768%2C1152&ssl=1",768,1152,true],"large":["https:\/\/i0.wp.com\/www.joyana.fr\/wp-content\/uploads\/2015\/02\/MUSEE-DE-CONFLUENCE-IMG_8149_50_51HDR.jpg?fit=683%2C1024&ssl=1",683,1024,true],"1536x1536":["https:\/\/i0.wp.com\/www.joyana.fr\/wp-content\/uploads\/2015\/02\/MUSEE-DE-CONFLUENCE-IMG_8149_50_51HDR.jpg?fit=1000%2C1500&ssl=1",1000,1500,true],"2048x2048":["https:\/\/i0.wp.com\/www.joyana.fr\/wp-content\/uploads\/2015\/02\/MUSEE-DE-CONFLUENCE-IMG_8149_50_51HDR.jpg?fit=1000%2C1500&ssl=1",1000,1500,true],"featured-thumb":["https:\/\/i0.wp.com\/www.joyana.fr\/wp-content\/uploads\/2015\/02\/MUSEE-DE-CONFLUENCE-IMG_8149_50_51HDR.jpg?resize=1000%2C750&ssl=1",1000,750,true],"ab-block-post-grid-landscape":["https:\/\/i0.wp.com\/www.joyana.fr\/wp-content\/uploads\/2015\/02\/MUSEE-DE-CONFLUENCE-IMG_8149_50_51HDR.jpg?resize=600%2C400&ssl=1",600,400,true],"ab-block-post-grid-square":["https:\/\/i0.wp.com\/www.joyana.fr\/wp-content\/uploads\/2015\/02\/MUSEE-DE-CONFLUENCE-IMG_8149_50_51HDR.jpg?resize=600%2C600&ssl=1",600,600,true],"author-pro-image":["https:\/\/i0.wp.com\/www.joyana.fr\/wp-content\/uploads\/2015\/02\/MUSEE-DE-CONFLUENCE-IMG_8149_50_51HDR.jpg?resize=360%2C570&ssl=1",360,570,true],"slider":["https:\/\/i0.wp.com\/www.joyana.fr\/wp-content\/uploads\/2015\/02\/MUSEE-DE-CONFLUENCE-IMG_8149_50_51HDR.jpg?resize=920%2C400&ssl=1",920,400,true],"woocommerce_thumbnail":["https:\/\/i0.wp.com\/www.joyana.fr\/wp-content\/uploads\/2015\/02\/MUSEE-DE-CONFLUENCE-IMG_8149_50_51HDR.jpg?resize=450%2C450&ssl=1",450,450,true],"woocommerce_single":["https:\/\/i0.wp.com\/www.joyana.fr\/wp-content\/uploads\/2015\/02\/MUSEE-DE-CONFLUENCE-IMG_8149_50_51HDR.jpg?fit=920%2C1380&ssl=1",920,1380,true],"woocommerce_gallery_thumbnail":["https:\/\/i0.wp.com\/www.joyana.fr\/wp-content\/uploads\/2015\/02\/MUSEE-DE-CONFLUENCE-IMG_8149_50_51HDR.jpg?resize=180%2C180&ssl=1",180,180,true],"sow-carousel-default":["https:\/\/i0.wp.com\/www.joyana.fr\/wp-content\/uploads\/2015\/02\/MUSEE-DE-CONFLUENCE-IMG_8149_50_51HDR.jpg?resize=272%2C182&ssl=1",272,182,true]},"post_excerpt_stackable_v2":"<p>Deco-Design s&#8217;est balad\u00e9 \u00e0 Lyon pour d\u00e9couvrir le Mus\u00e9e des Confluences, dont l&#8217;architecture a \u00e9t\u00e9 con\u00e7ue par l\u2019agence autrichienne Coop Himmelb(l)au&#8230;<\/p>\n","category_list_v2":"<a href=\"https:\/\/www.joyana.fr\/ja\/category\/portfolio\/architecture\/\" rel=\"category tag\">ARCHITECTURE<\/a>, <a href=\"https:\/\/www.joyana.fr\/ja\/category\/deco-design\/architecture-deco-design\/lieux-design\/boutique\/\" rel=\"category tag\">Boutique<\/a>, <a href=\"https:\/\/www.joyana.fr\/ja\/category\/deco-design\/\" rel=\"category tag\">DECO-DESIGN<\/a>, <a href=\"https:\/\/www.joyana.fr\/ja\/category\/deco-design\/architecture-deco-design\/pays\/france\/\" rel=\"category tag\">France<\/a>","author_info_v2":{"name":"Jo Yana","url":"https:\/\/www.joyana.fr\/ja\/author\/joyana\/"},"comments_num_v2":"0 comments","yoast_head":"<!-- This site is optimized with the Yoast SEO plugin v26.8 - https:\/\/yoast.com\/product\/yoast-seo-wordpress\/ -->\n<title>LE MUS\u00c9E DES CONFLUENCES (Lyon) | DECO-DESIGN<\/title>\n<meta name=\"description\" content=\"Deco-Design s&#039;est balad\u00e9 \u00e0 Lyon pour d\u00e9couvrir le Mus\u00e9e des Confluences, dont l&#039;architecture a \u00e9t\u00e9 con\u00e7ue par l\u2019agence autrichienne Coop Himmelb(l)au...\" \/>\n<meta name=\"robots\" content=\"index, follow, max-snippet:-1, max-image-preview:large, max-video-preview:-1\" \/>\n<link rel=\"canonical\" href=\"https:\/\/joyana.fr\/en\/musee-des-confluences-lyon-coop-himmelblau\/120071\/\" \/>\n<meta property=\"og:locale\" content=\"ja_JP\" \/>\n<meta property=\"og:locale:alternate\" content=\"fr_FR\" \/>\n<meta property=\"og:locale:alternate\" content=\"en_US\" \/>\n<meta property=\"og:type\" content=\"article\" \/>\n<meta property=\"og:title\" content=\"LE MUS\u00c9E DES CONFLUENCES (Lyon) | DECO-DESIGN\" \/>\n<meta property=\"og:description\" content=\"Deco-Design s&#039;est balad\u00e9 \u00e0 Lyon pour d\u00e9couvrir le Mus\u00e9e des Confluences, dont l&#039;architecture a \u00e9t\u00e9 con\u00e7ue par l\u2019agence autrichienne Coop Himmelb(l)au...\" \/>\n<meta property=\"og:url\" content=\"https:\/\/www.joyana.fr\/ja\/musee-des-confluences-lyon-coop-himmelblau\/120071\/\" \/>\n<meta property=\"og:site_name\" content=\"JO YANA\" \/>\n<meta property=\"article:published_time\" content=\"2015-02-18T13:16:38+00:00\" \/>\n<meta property=\"og:image\" content=\"https:\/\/joyana.fr\/wp-content\/uploads\/2015\/02\/MUSEE-DE-CONFLUENCE-IMG_8149_50_51HDR.jpg\" \/>\n\t<meta property=\"og:image:width\" content=\"1000\" \/>\n\t<meta property=\"og:image:height\" content=\"1500\" \/>\n\t<meta property=\"og:image:type\" content=\"image\/jpeg\" \/>\n<meta name=\"author\" content=\"Jo Yana\" \/>\n<meta name=\"twitter:card\" content=\"summary_large_image\" \/>\n<meta name=\"twitter:creator\" content=\"@Jo_Yana\" \/>\n<meta name=\"twitter:site\" content=\"@Jo_Yana\" \/>\n<meta name=\"twitter:label1\" content=\"\u57f7\u7b46\u8005\" \/>\n\t<meta name=\"twitter:data1\" content=\"Jo Yana\" \/>\n\t<meta name=\"twitter:label2\" content=\"\u63a8\u5b9a\u8aad\u307f\u53d6\u308a\u6642\u9593\" \/>\n\t<meta name=\"twitter:data2\" content=\"1\u5206\" \/>\n<script type=\"application\/ld+json\" class=\"yoast-schema-graph\">{\"@context\":\"https:\/\/schema.org\",\"@graph\":[{\"@type\":\"Article\",\"@id\":\"https:\/\/joyana.fr\/en\/musee-des-confluences-lyon-coop-himmelblau\/120071\/#article\",\"isPartOf\":{\"@id\":\"https:\/\/joyana.fr\/en\/musee-des-confluences-lyon-coop-himmelblau\/120071\/\"},\"author\":{\"name\":\"Jo Yana\",\"@id\":\"https:\/\/joyana.fr\/#\/schema\/person\/cf2a1ad12a27c12c21801075bf37407c\"},\"headline\":\"LE MUS\u00c9E DES CONFLUENCES (Lyon)\",\"datePublished\":\"2015-02-18T13:16:38+00:00\",\"mainEntityOfPage\":{\"@id\":\"https:\/\/joyana.fr\/en\/musee-des-confluences-lyon-coop-himmelblau\/120071\/\"},\"wordCount\":289,\"commentCount\":0,\"publisher\":{\"@id\":\"https:\/\/joyana.fr\/#\/schema\/person\/cf2a1ad12a27c12c21801075bf37407c\"},\"image\":{\"@id\":\"https:\/\/joyana.fr\/en\/musee-des-confluences-lyon-coop-himmelblau\/120071\/#primaryimage\"},\"thumbnailUrl\":\"https:\/\/i0.wp.com\/www.joyana.fr\/wp-content\/uploads\/2015\/02\/MUSEE-DE-CONFLUENCE-IMG_8149_50_51HDR.jpg?fit=1000%2C1500&ssl=1\",\"keywords\":[\"+M+K ARCHITECTURE INT\u00c9RIEURE\",\"Architecture\",\"Coop Himmelb(l)au\",\"Lyon\",\"Mus\u00e9e des Confluences\"],\"articleSection\":[\"ARCHITECTURE\",\"Boutique\",\"DECO-DESIGN\",\"France\"],\"inLanguage\":\"ja\",\"potentialAction\":[{\"@type\":\"CommentAction\",\"name\":\"Comment\",\"target\":[\"https:\/\/joyana.fr\/en\/musee-des-confluences-lyon-coop-himmelblau\/120071\/#respond\"]}]},{\"@type\":\"WebPage\",\"@id\":\"https:\/\/joyana.fr\/en\/musee-des-confluences-lyon-coop-himmelblau\/120071\/\",\"url\":\"https:\/\/joyana.fr\/en\/musee-des-confluences-lyon-coop-himmelblau\/120071\/\",\"name\":\"LE MUS\u00c9E DES CONFLUENCES (Lyon) | DECO-DESIGN\",\"isPartOf\":{\"@id\":\"https:\/\/joyana.fr\/#website\"},\"primaryImageOfPage\":{\"@id\":\"https:\/\/joyana.fr\/en\/musee-des-confluences-lyon-coop-himmelblau\/120071\/#primaryimage\"},\"image\":{\"@id\":\"https:\/\/joyana.fr\/en\/musee-des-confluences-lyon-coop-himmelblau\/120071\/#primaryimage\"},\"thumbnailUrl\":\"https:\/\/i0.wp.com\/www.joyana.fr\/wp-content\/uploads\/2015\/02\/MUSEE-DE-CONFLUENCE-IMG_8149_50_51HDR.jpg?fit=1000%2C1500&ssl=1\",\"datePublished\":\"2015-02-18T13:16:38+00:00\",\"description\":\"Deco-Design s'est balad\u00e9 \u00e0 Lyon pour d\u00e9couvrir le Mus\u00e9e des Confluences, dont l'architecture a \u00e9t\u00e9 con\u00e7ue par l\u2019agence autrichienne Coop Himmelb(l)au...\",\"breadcrumb\":{\"@id\":\"https:\/\/joyana.fr\/en\/musee-des-confluences-lyon-coop-himmelblau\/120071\/#breadcrumb\"},\"inLanguage\":\"ja\",\"potentialAction\":[{\"@type\":\"ReadAction\",\"target\":[\"https:\/\/joyana.fr\/en\/musee-des-confluences-lyon-coop-himmelblau\/120071\/\"]}]},{\"@type\":\"ImageObject\",\"inLanguage\":\"ja\",\"@id\":\"https:\/\/joyana.fr\/en\/musee-des-confluences-lyon-coop-himmelblau\/120071\/#primaryimage\",\"url\":\"https:\/\/i0.wp.com\/www.joyana.fr\/wp-content\/uploads\/2015\/02\/MUSEE-DE-CONFLUENCE-IMG_8149_50_51HDR.jpg?fit=1000%2C1500&ssl=1\",\"contentUrl\":\"https:\/\/i0.wp.com\/www.joyana.fr\/wp-content\/uploads\/2015\/02\/MUSEE-DE-CONFLUENCE-IMG_8149_50_51HDR.jpg?fit=1000%2C1500&ssl=1\",\"width\":1000,\"height\":1500},{\"@type\":\"BreadcrumbList\",\"@id\":\"https:\/\/joyana.fr\/en\/musee-des-confluences-lyon-coop-himmelblau\/120071\/#breadcrumb\",\"itemListElement\":[{\"@type\":\"ListItem\",\"position\":1,\"name\":\"Accueil\",\"item\":\"https:\/\/joyana.fr\/\"},{\"@type\":\"ListItem\",\"position\":2,\"name\":\"LE MUS\u00c9E DES CONFLUENCES (Lyon)\"}]},{\"@type\":\"WebSite\",\"@id\":\"https:\/\/joyana.fr\/#website\",\"url\":\"https:\/\/joyana.fr\/\",\"name\":\"JO YANA\",\"description\":\"Blog Mode Homme, Lifestyle, D\u00e9co-Design\",\"publisher\":{\"@id\":\"https:\/\/joyana.fr\/#\/schema\/person\/cf2a1ad12a27c12c21801075bf37407c\"},\"potentialAction\":[{\"@type\":\"SearchAction\",\"target\":{\"@type\":\"EntryPoint\",\"urlTemplate\":\"https:\/\/joyana.fr\/?s={search_term_string}\"},\"query-input\":{\"@type\":\"PropertyValueSpecification\",\"valueRequired\":true,\"valueName\":\"search_term_string\"}}],\"inLanguage\":\"ja\"},{\"@type\":[\"Person\",\"Organization\"],\"@id\":\"https:\/\/joyana.fr\/#\/schema\/person\/cf2a1ad12a27c12c21801075bf37407c\",\"name\":\"Jo Yana\",\"image\":{\"@type\":\"ImageObject\",\"inLanguage\":\"ja\",\"@id\":\"https:\/\/joyana.fr\/#\/schema\/person\/image\/\",\"url\":\"https:\/\/i0.wp.com\/www.joyana.fr\/wp-content\/uploads\/2016\/08\/cropped-joyana-logo-black-360x180.png?fit=343%2C164&ssl=1\",\"contentUrl\":\"https:\/\/i0.wp.com\/www.joyana.fr\/wp-content\/uploads\/2016\/08\/cropped-joyana-logo-black-360x180.png?fit=343%2C164&ssl=1\",\"width\":343,\"height\":164,\"caption\":\"Jo Yana\"},\"logo\":{\"@id\":\"https:\/\/joyana.fr\/#\/schema\/person\/image\/\"},\"description\":\"Jo Yana est le cr\u00e9ateur et r\u00e9dacteur en chef des sites DECO-DESIGN. Passionn\u00e9 de Design, Mode, Photo, Luxe, Lifestyle, Musique, mais avant tout Blogueur ! Le plaisir de partager l'anime et a comme devise \\\"POUR L'AMOUR DU BEAU\\\". Retrouvez le aussi sur son blog personnel - https:\/\/joyana.fr...\",\"sameAs\":[\"https:\/\/joyana.fr\/\"],\"url\":\"https:\/\/www.joyana.fr\/ja\/author\/joyana\/\"}]}<\/script>\n<!-- \/ Yoast SEO plugin. -->","yoast_head_json":{"title":"LE MUS\u00c9E DES CONFLUENCES (Lyon) | DECO-DESIGN","description":"Deco-Design s'est balad\u00e9 \u00e0 Lyon pour d\u00e9couvrir le Mus\u00e9e des Confluences, dont l'architecture a \u00e9t\u00e9 con\u00e7ue par l\u2019agence autrichienne Coop Himmelb(l)au...","robots":{"index":"index","follow":"follow","max-snippet":"max-snippet:-1","max-image-preview":"max-image-preview:large","max-video-preview":"max-video-preview:-1"},"canonical":"https:\/\/joyana.fr\/en\/musee-des-confluences-lyon-coop-himmelblau\/120071\/","og_locale":"ja_JP","og_type":"article","og_title":"LE MUS\u00c9E DES CONFLUENCES (Lyon) | DECO-DESIGN","og_description":"Deco-Design s'est balad\u00e9 \u00e0 Lyon pour d\u00e9couvrir le Mus\u00e9e des Confluences, dont l'architecture a \u00e9t\u00e9 con\u00e7ue par l\u2019agence autrichienne Coop Himmelb(l)au...","og_url":"https:\/\/www.joyana.fr\/ja\/musee-des-confluences-lyon-coop-himmelblau\/120071\/","og_site_name":"JO YANA","article_published_time":"2015-02-18T13:16:38+00:00","og_image":[{"width":1000,"height":1500,"url":"https:\/\/joyana.fr\/wp-content\/uploads\/2015\/02\/MUSEE-DE-CONFLUENCE-IMG_8149_50_51HDR.jpg","type":"image\/jpeg"}],"author":"Jo Yana","twitter_card":"summary_large_image","twitter_creator":"@Jo_Yana","twitter_site":"@Jo_Yana","twitter_misc":{"\u57f7\u7b46\u8005":"Jo Yana","\u63a8\u5b9a\u8aad\u307f\u53d6\u308a\u6642\u9593":"1\u5206"},"schema":{"@context":"https:\/\/schema.org","@graph":[{"@type":"Article","@id":"https:\/\/joyana.fr\/en\/musee-des-confluences-lyon-coop-himmelblau\/120071\/#article","isPartOf":{"@id":"https:\/\/joyana.fr\/en\/musee-des-confluences-lyon-coop-himmelblau\/120071\/"},"author":{"name":"Jo Yana","@id":"https:\/\/joyana.fr\/#\/schema\/person\/cf2a1ad12a27c12c21801075bf37407c"},"headline":"LE MUS\u00c9E DES CONFLUENCES (Lyon)","datePublished":"2015-02-18T13:16:38+00:00","mainEntityOfPage":{"@id":"https:\/\/joyana.fr\/en\/musee-des-confluences-lyon-coop-himmelblau\/120071\/"},"wordCount":289,"commentCount":0,"publisher":{"@id":"https:\/\/joyana.fr\/#\/schema\/person\/cf2a1ad12a27c12c21801075bf37407c"},"image":{"@id":"https:\/\/joyana.fr\/en\/musee-des-confluences-lyon-coop-himmelblau\/120071\/#primaryimage"},"thumbnailUrl":"https:\/\/i0.wp.com\/www.joyana.fr\/wp-content\/uploads\/2015\/02\/MUSEE-DE-CONFLUENCE-IMG_8149_50_51HDR.jpg?fit=1000%2C1500&ssl=1","keywords":["+M+K ARCHITECTURE INT\u00c9RIEURE","Architecture","Coop Himmelb(l)au","Lyon","Mus\u00e9e des Confluences"],"articleSection":["ARCHITECTURE","Boutique","DECO-DESIGN","France"],"inLanguage":"ja","potentialAction":[{"@type":"CommentAction","name":"Comment","target":["https:\/\/joyana.fr\/en\/musee-des-confluences-lyon-coop-himmelblau\/120071\/#respond"]}]},{"@type":"WebPage","@id":"https:\/\/joyana.fr\/en\/musee-des-confluences-lyon-coop-himmelblau\/120071\/","url":"https:\/\/joyana.fr\/en\/musee-des-confluences-lyon-coop-himmelblau\/120071\/","name":"LE MUS\u00c9E DES CONFLUENCES (Lyon) | DECO-DESIGN","isPartOf":{"@id":"https:\/\/joyana.fr\/#website"},"primaryImageOfPage":{"@id":"https:\/\/joyana.fr\/en\/musee-des-confluences-lyon-coop-himmelblau\/120071\/#primaryimage"},"image":{"@id":"https:\/\/joyana.fr\/en\/musee-des-confluences-lyon-coop-himmelblau\/120071\/#primaryimage"},"thumbnailUrl":"https:\/\/i0.wp.com\/www.joyana.fr\/wp-content\/uploads\/2015\/02\/MUSEE-DE-CONFLUENCE-IMG_8149_50_51HDR.jpg?fit=1000%2C1500&ssl=1","datePublished":"2015-02-18T13:16:38+00:00","description":"Deco-Design s'est balad\u00e9 \u00e0 Lyon pour d\u00e9couvrir le Mus\u00e9e des Confluences, dont l'architecture a \u00e9t\u00e9 con\u00e7ue par l\u2019agence autrichienne Coop Himmelb(l)au...","breadcrumb":{"@id":"https:\/\/joyana.fr\/en\/musee-des-confluences-lyon-coop-himmelblau\/120071\/#breadcrumb"},"inLanguage":"ja","potentialAction":[{"@type":"ReadAction","target":["https:\/\/joyana.fr\/en\/musee-des-confluences-lyon-coop-himmelblau\/120071\/"]}]},{"@type":"ImageObject","inLanguage":"ja","@id":"https:\/\/joyana.fr\/en\/musee-des-confluences-lyon-coop-himmelblau\/120071\/#primaryimage","url":"https:\/\/i0.wp.com\/www.joyana.fr\/wp-content\/uploads\/2015\/02\/MUSEE-DE-CONFLUENCE-IMG_8149_50_51HDR.jpg?fit=1000%2C1500&ssl=1","contentUrl":"https:\/\/i0.wp.com\/www.joyana.fr\/wp-content\/uploads\/2015\/02\/MUSEE-DE-CONFLUENCE-IMG_8149_50_51HDR.jpg?fit=1000%2C1500&ssl=1","width":1000,"height":1500},{"@type":"BreadcrumbList","@id":"https:\/\/joyana.fr\/en\/musee-des-confluences-lyon-coop-himmelblau\/120071\/#breadcrumb","itemListElement":[{"@type":"ListItem","position":1,"name":"Accueil","item":"https:\/\/joyana.fr\/"},{"@type":"ListItem","position":2,"name":"LE MUS\u00c9E DES CONFLUENCES (Lyon)"}]},{"@type":"WebSite","@id":"https:\/\/joyana.fr\/#website","url":"https:\/\/joyana.fr\/","name":"JO YANA","description":"Blog Mode Homme, Lifestyle, D\u00e9co-Design","publisher":{"@id":"https:\/\/joyana.fr\/#\/schema\/person\/cf2a1ad12a27c12c21801075bf37407c"},"potentialAction":[{"@type":"SearchAction","target":{"@type":"EntryPoint","urlTemplate":"https:\/\/joyana.fr\/?s={search_term_string}"},"query-input":{"@type":"PropertyValueSpecification","valueRequired":true,"valueName":"search_term_string"}}],"inLanguage":"ja"},{"@type":["Person","Organization"],"@id":"https:\/\/joyana.fr\/#\/schema\/person\/cf2a1ad12a27c12c21801075bf37407c","name":"Jo Yana","image":{"@type":"ImageObject","inLanguage":"ja","@id":"https:\/\/joyana.fr\/#\/schema\/person\/image\/","url":"https:\/\/i0.wp.com\/www.joyana.fr\/wp-content\/uploads\/2016\/08\/cropped-joyana-logo-black-360x180.png?fit=343%2C164&ssl=1","contentUrl":"https:\/\/i0.wp.com\/www.joyana.fr\/wp-content\/uploads\/2016\/08\/cropped-joyana-logo-black-360x180.png?fit=343%2C164&ssl=1","width":343,"height":164,"caption":"Jo Yana"},"logo":{"@id":"https:\/\/joyana.fr\/#\/schema\/person\/image\/"},"description":"Jo Yana est le cr\u00e9ateur et r\u00e9dacteur en chef des sites DECO-DESIGN. Passionn\u00e9 de Design, Mode, Photo, Luxe, Lifestyle, Musique, mais avant tout Blogueur ! Le plaisir de partager l'anime et a comme devise \"POUR L'AMOUR DU BEAU\". Retrouvez le aussi sur son blog personnel - https:\/\/joyana.fr...","sameAs":["https:\/\/joyana.fr\/"],"url":"https:\/\/www.joyana.fr\/ja\/author\/joyana\/"}]}},"author_meta":{"display_name":"Jo Yana","author_link":"https:\/\/www.joyana.fr\/ja\/author\/joyana\/"},"featured_img":"https:\/\/i0.wp.com\/www.joyana.fr\/wp-content\/uploads\/2015\/02\/MUSEE-DE-CONFLUENCE-IMG_8149_50_51HDR.jpg?fit=259%2C389&ssl=1","featured_image_src":"https:\/\/i0.wp.com\/www.joyana.fr\/wp-content\/uploads\/2015\/02\/MUSEE-DE-CONFLUENCE-IMG_8149_50_51HDR.jpg?resize=600%2C400&ssl=1","featured_image_src_square":"https:\/\/i0.wp.com\/www.joyana.fr\/wp-content\/uploads\/2015\/02\/MUSEE-DE-CONFLUENCE-IMG_8149_50_51HDR.jpg?resize=600%2C600&ssl=1","jetpack_featured_media_url":"https:\/\/i0.wp.com\/www.joyana.fr\/wp-content\/uploads\/2015\/02\/MUSEE-DE-CONFLUENCE-IMG_8149_50_51HDR.jpg?fit=1000%2C1500&ssl=1","uagb_featured_image_src":{"full":["https:\/\/i0.wp.com\/www.joyana.fr\/wp-content\/uploads\/2015\/02\/MUSEE-DE-CONFLUENCE-IMG_8149_50_51HDR.jpg?fit=1000%2C1500&ssl=1",1000,1500,false],"thumbnail":["https:\/\/i0.wp.com\/www.joyana.fr\/wp-content\/uploads\/2015\/02\/MUSEE-DE-CONFLUENCE-IMG_8149_50_51HDR.jpg?resize=150%2C150&ssl=1",150,150,true],"medium":["https:\/\/i0.wp.com\/www.joyana.fr\/wp-content\/uploads\/2015\/02\/MUSEE-DE-CONFLUENCE-IMG_8149_50_51HDR.jpg?fit=259%2C389&ssl=1",259,389,true],"medium_large":["https:\/\/i0.wp.com\/www.joyana.fr\/wp-content\/uploads\/2015\/02\/MUSEE-DE-CONFLUENCE-IMG_8149_50_51HDR.jpg?fit=768%2C1152&ssl=1",768,1152,true],"large":["https:\/\/i0.wp.com\/www.joyana.fr\/wp-content\/uploads\/2015\/02\/MUSEE-DE-CONFLUENCE-IMG_8149_50_51HDR.jpg?fit=683%2C1024&ssl=1",683,1024,true],"1536x1536":["https:\/\/i0.wp.com\/www.joyana.fr\/wp-content\/uploads\/2015\/02\/MUSEE-DE-CONFLUENCE-IMG_8149_50_51HDR.jpg?fit=1000%2C1500&ssl=1",1000,1500,true],"2048x2048":["https:\/\/i0.wp.com\/www.joyana.fr\/wp-content\/uploads\/2015\/02\/MUSEE-DE-CONFLUENCE-IMG_8149_50_51HDR.jpg?fit=1000%2C1500&ssl=1",1000,1500,true],"featured-thumb":["https:\/\/i0.wp.com\/www.joyana.fr\/wp-content\/uploads\/2015\/02\/MUSEE-DE-CONFLUENCE-IMG_8149_50_51HDR.jpg?resize=1000%2C750&ssl=1",1000,750,true],"ab-block-post-grid-landscape":["https:\/\/i0.wp.com\/www.joyana.fr\/wp-content\/uploads\/2015\/02\/MUSEE-DE-CONFLUENCE-IMG_8149_50_51HDR.jpg?resize=600%2C400&ssl=1",600,400,true],"ab-block-post-grid-square":["https:\/\/i0.wp.com\/www.joyana.fr\/wp-content\/uploads\/2015\/02\/MUSEE-DE-CONFLUENCE-IMG_8149_50_51HDR.jpg?resize=600%2C600&ssl=1",600,600,true],"author-pro-image":["https:\/\/i0.wp.com\/www.joyana.fr\/wp-content\/uploads\/2015\/02\/MUSEE-DE-CONFLUENCE-IMG_8149_50_51HDR.jpg?resize=360%2C570&ssl=1",360,570,true],"slider":["https:\/\/i0.wp.com\/www.joyana.fr\/wp-content\/uploads\/2015\/02\/MUSEE-DE-CONFLUENCE-IMG_8149_50_51HDR.jpg?resize=920%2C400&ssl=1",920,400,true],"woocommerce_thumbnail":["https:\/\/i0.wp.com\/www.joyana.fr\/wp-content\/uploads\/2015\/02\/MUSEE-DE-CONFLUENCE-IMG_8149_50_51HDR.jpg?resize=450%2C450&ssl=1",450,450,true],"woocommerce_single":["https:\/\/i0.wp.com\/www.joyana.fr\/wp-content\/uploads\/2015\/02\/MUSEE-DE-CONFLUENCE-IMG_8149_50_51HDR.jpg?fit=920%2C1380&ssl=1",920,1380,true],"woocommerce_gallery_thumbnail":["https:\/\/i0.wp.com\/www.joyana.fr\/wp-content\/uploads\/2015\/02\/MUSEE-DE-CONFLUENCE-IMG_8149_50_51HDR.jpg?resize=180%2C180&ssl=1",180,180,true],"sow-carousel-default":["https:\/\/i0.wp.com\/www.joyana.fr\/wp-content\/uploads\/2015\/02\/MUSEE-DE-CONFLUENCE-IMG_8149_50_51HDR.jpg?resize=272%2C182&ssl=1",272,182,true]},"uagb_author_info":{"display_name":"Jo Yana","author_link":"https:\/\/www.joyana.fr\/ja\/author\/joyana\/"},"uagb_comment_info":3,"uagb_excerpt":"Deco-Design s'est balad\u00e9 \u00e0 Lyon pour d\u00e9couvrir le Mus\u00e9e&hellip;","coauthors":[],"tax_additional":{"categories":{"linked":["<a href=\"https:\/\/www.joyana.fr\/ja\/category\/portfolio\/architecture\/\" class=\"advgb-post-tax-term\">ARCHITECTURE<\/a>","<a href=\"https:\/\/www.joyana.fr\/ja\/category\/deco-design\/architecture-deco-design\/lieux-design\/boutique\/\" class=\"advgb-post-tax-term\">Boutique<\/a>","<a href=\"https:\/\/www.joyana.fr\/ja\/category\/deco-design\/\" class=\"advgb-post-tax-term\">DECO-DESIGN<\/a>","<a href=\"https:\/\/www.joyana.fr\/ja\/category\/deco-design\/architecture-deco-design\/pays\/france\/\" class=\"advgb-post-tax-term\">France<\/a>"],"unlinked":["<span class=\"advgb-post-tax-term\">ARCHITECTURE<\/span>","<span class=\"advgb-post-tax-term\">Boutique<\/span>","<span class=\"advgb-post-tax-term\">DECO-DESIGN<\/span>","<span class=\"advgb-post-tax-term\">France<\/span>"]},"tags":{"linked":["<a href=\"https:\/\/www.joyana.fr\/ja\/category\/deco-design\/architecture-deco-design\/pays\/france\/\" class=\"advgb-post-tax-term\">+M+K ARCHITECTURE INT\u00c9RIEURE<\/a>","<a href=\"https:\/\/www.joyana.fr\/ja\/category\/deco-design\/architecture-deco-design\/pays\/france\/\" class=\"advgb-post-tax-term\">Architecture<\/a>","<a href=\"https:\/\/www.joyana.fr\/ja\/category\/deco-design\/architecture-deco-design\/pays\/france\/\" class=\"advgb-post-tax-term\">Coop Himmelb(l)au<\/a>","<a href=\"https:\/\/www.joyana.fr\/ja\/category\/deco-design\/architecture-deco-design\/pays\/france\/\" class=\"advgb-post-tax-term\">Lyon<\/a>","<a href=\"https:\/\/www.joyana.fr\/ja\/category\/deco-design\/architecture-deco-design\/pays\/france\/\" class=\"advgb-post-tax-term\">Mus\u00e9e des Confluences<\/a>"],"unlinked":["<span class=\"advgb-post-tax-term\">+M+K ARCHITECTURE INT\u00c9RIEURE<\/span>","<span class=\"advgb-post-tax-term\">Architecture<\/span>","<span class=\"advgb-post-tax-term\">Coop Himmelb(l)au<\/span>","<span class=\"advgb-post-tax-term\">Lyon<\/span>","<span class=\"advgb-post-tax-term\">Mus\u00e9e des Confluences<\/span>"]}},"comment_count":0,"relative_dates":{"created":"Posted 11\u5e74 ago","modified":"Updated 11\u5e74 ago"},"absolute_dates":{"created":"Posted on 18 2\u6708 2015","modified":"Updated on 18 2\u6708 2015"},"absolute_dates_time":{"created":"Posted on 18 2\u6708 2015 14:16","modified":"Updated on 18 2\u6708 2015 14:16"},"featured_img_caption":"","series_order":"","jetpack_sharing_enabled":true,"jetpack_shortlink":"https:\/\/wp.me\/p9bteI-veD","jetpack-related-posts":[],"_links":{"self":[{"href":"https:\/\/www.joyana.fr\/ja\/wp-json\/wp\/v2\/posts\/120071","targetHints":{"allow":["GET"]}}],"collection":[{"href":"https:\/\/www.joyana.fr\/ja\/wp-json\/wp\/v2\/posts"}],"about":[{"href":"https:\/\/www.joyana.fr\/ja\/wp-json\/wp\/v2\/types\/post"}],"author":[{"embeddable":true,"href":"https:\/\/www.joyana.fr\/ja\/wp-json\/wp\/v2\/users\/3"}],"replies":[{"embeddable":true,"href":"https:\/\/www.joyana.fr\/ja\/wp-json\/wp\/v2\/comments?post=120071"}],"version-history":[{"count":0,"href":"https:\/\/www.joyana.fr\/ja\/wp-json\/wp\/v2\/posts\/120071\/revisions"}],"wp:featuredmedia":[{"embeddable":true,"href":"https:\/\/www.joyana.fr\/ja\/wp-json\/wp\/v2\/media\/120076"}],"wp:attachment":[{"href":"https:\/\/www.joyana.fr\/ja\/wp-json\/wp\/v2\/media?parent=120071"}],"wp:term":[{"taxonomy":"category","embeddable":true,"href":"https:\/\/www.joyana.fr\/ja\/wp-json\/wp\/v2\/categories?post=120071"},{"taxonomy":"post_tag","embeddable":true,"href":"https:\/\/www.joyana.fr\/ja\/wp-json\/wp\/v2\/tags?post=120071"}],"curies":[{"name":"wp","href":"https:\/\/api.w.org\/{rel}","templated":true}]}}