{"id":118771,"date":"2014-10-28T10:21:48","date_gmt":"2014-10-28T09:21:48","guid":{"rendered":"https:\/\/joyana.fr\/?p=18771"},"modified":"2014-10-28T10:21:48","modified_gmt":"2014-10-28T09:21:48","slug":"fiac-2014-people-deco-design-art-tony-lemale","status":"publish","type":"post","link":"https:\/\/www.joyana.fr\/ja\/fiac-2014-people-deco-design-art-tony-lemale\/118771\/","title":{"rendered":"FIAC 2014"},"content":{"rendered":"<p style=\"text-align: justify;\">Invit\u00e9 au cocktail de vernissage d\u2019Orange de la <strong>FIAC 2014<\/strong>, et \u00e0 un brunch offert par Paris-Premi\u00e8re le surlendemain, nous avons crois\u00e9 du beau monde et de belles oeuvres&#8230;<\/p>\n<p><a href=\"https:\/\/i0.wp.com\/joyana.fr\/wp-content\/uploads\/2014\/10\/FIAC-2014-DSC01076.jpg?ssl=1\"><img data-recalc-dims=\"1\" fetchpriority=\"high\" decoding=\"async\" class=\"alignnone size-full wp-image-18781\" src=\"https:\/\/i0.wp.com\/joyana.fr\/wp-content\/uploads\/2014\/10\/FIAC-2014-DSC01088.jpg?resize=800%2C595&#038;ssl=1\" alt=\"FIAC-2014-DSC01088\" width=\"800\" height=\"595\" \/><\/a><\/p>\n<p>&nbsp;<\/p>\n<h2 style=\"text-align: center;\">FIAC 2014 &#8211; C\u00f4t\u00e9 People<\/h2>\n<p style=\"text-align: justify;\">Dans plusieurs cat\u00e9gories :<br \/>\n&#8211; Les \u0153uvres d\u2019art vivantes : Orlan, Eva et Ad\u00e8le : vous aimez ou vous n\u2019aimez pas ces artistes qui jouent de leur corps, mais leur pr\u00e9sence \u00e9tait forc\u00e9ment l\u00e9gitime !<br \/>\n&#8211; Les grands acteurs ou chanteurs (grand par le talent) : Marina Fo\u00efs, Karin Viard, Abd al Malik\u2026 Les deux premi\u00e8res, retrouv\u00e9es dans les all\u00e9es, sont de v\u00e9ritables passionn\u00e9es d\u2019art contemporain, surtout Marina Fo\u00efs, avide de d\u00e9couvertes et d\u2019explications. Une raison de plus pour aimer cette star \u00e0 la t\u00eate bien faite !<br \/>\n&#8211; Les animateurs t\u00e9l\u00e9s : Aida Touihri (la jolie brune de \u00ab Grand Public \u00bb sur France 2), Daphn\u00e9 B\u00fcrki, Karine Le Marchand, St\u00e9phane Plaza (les deux derniers, vu la place de l\u2019art dans leurs \u00e9missions, on se demande bien ce qu\u2019ils faisaient l\u00e0\u2026 ).<br \/>\n&#8211; Les comiques : Michel Boujenah, Bruno Gaccio, Arnaud Tsamere. Il est vrai qu\u2019\u00e0 la <strong>FIAC<\/strong>, parfois, on se poile.<br \/>\n&#8211; Les ovnis : Chris Marques et Lorie (ces deux-l\u00e0 ont d\u00fb voir de la lumi\u00e8re et entrer, y a pas de mal \u00e0 \u00e7a\u2026).<\/p>\n<p style=\"text-align: justify;\">La palme revient cependant \u00e0 une grande artiste et actrice qui n\u2019\u00e9tait pas l\u00e0 physiquement, mais qui illuminait de sa pr\u00e9sence une \u0153uvre de l\u2019artiste am\u00e9ricaine Roni Horn (galerie Hauser &amp; Wirth), Or1 : il s\u2019agit d\u2019une s\u00e9rie de 50 portraits (photos couleur) d\u2019Isabelle Huppert, avec cinquante expressions toutes diff\u00e9rentes : d\u2019une intensit\u00e9 et d\u2019une beaut\u00e9 \u00e0 couper le souffle !<\/p>\n<p><img data-recalc-dims=\"1\" decoding=\"async\" class=\"alignnone size-full wp-image-18775\" src=\"https:\/\/i0.wp.com\/joyana.fr\/wp-content\/uploads\/2014\/10\/FIAC-2014-DSC01076.jpg?resize=800%2C600&#038;ssl=1\" alt=\"FIAC-2014-DSC01076\" width=\"800\" height=\"600\" \/><\/p>\n<p>&nbsp;<\/p>\n<h2 style=\"text-align: center;\">FIAC 2014 &#8211; C\u00f4t\u00e9 Art<\/h2>\n<p style=\"text-align: justify;\">Peu de surprises, mais quelques coups de coeur, la promenade dans ce temple du march\u00e9 de l\u2019art est toujours hautement int\u00e9ressante. Voici quelques d\u00e9couvertes ou r\u00e9flexions au hasard des all\u00e9es :<\/p>\n<p style=\"text-align: justify;\">&#8211; Le retour (heureux) du n\u00e9on, chez des artistes de toutes les g\u00e9n\u00e9rations, du plus ancien, Sarkis, (d\u2019apr\u00e8s Urushi \u00ab 6.11.2012 \u00bb) \u00e0 Joris Van De Moortel (Zig Zag) en passant par Claire Fontaine : Etranger partout. Et bien sur \u00a0l&#8217;installation de Mounir Fatmi &#8220;Jusqu&#8217;\u00e0 preuve du contraire&#8221; qui fait notre une&#8230;<\/p>\n<p style=\"text-align: justify;\">&#8211; L \u2018\u0153uvre myst\u00e8re : un cercle brun quasi-identique (comme un iris tachet\u00e9) de l\u2019artiste Latifa Echakhch, sans titre, pr\u00e9sent\u00e9 par quatre galeries diff\u00e9rentes : voil\u00e0 de quoi intriguer !<\/p>\n<p style=\"text-align: justify;\">&#8211; Le jacuzzi impertinent du pauvre, un jacuzzi cr\u00e9\u00e9 avec un carton recouvert \u00e0 l\u2019int\u00e9rieur de peinture bleue : Oprah Winfrey Jacuzzi de Mike Bouchet.<\/p>\n<p style=\"text-align: justify;\">&#8211; Qu\u2019est-ce que nous mettrions bien dans les bureaux de Deco-Design\u00a0(si nous pouvions\u00a0nous l\u2019acheter) ?<br \/>\nNi un Picasso (les plus beaux sont au Mus\u00e9e), ni un Dubuffet, encore moi un Fontana \u00e0 3 millions d\u2019euro (en couverture de Challenges). Plut\u00f4t\u2026 : la Pumpkin de Yayoi Kusama (citrouille g\u00e9ante affubl\u00e9e de pois rouges yayoiesques), les sandales \u00e0 talons pleines de clous de Hans Peter Feldman, le distributeur de billets en or de Stefan Nikolaev (Cry me a river)&#8230;<\/p>\n<p style=\"text-align: justify;\"><a href=\"https:\/\/i0.wp.com\/joyana.fr\/wp-content\/uploads\/2014\/10\/FIAC-2014-DSC01140.jpg?ssl=1\"><img data-recalc-dims=\"1\" decoding=\"async\" class=\"alignnone size-full wp-image-18798\" src=\"https:\/\/i0.wp.com\/joyana.fr\/wp-content\/uploads\/2014\/10\/FIAC-2014-DSC01140.jpg?resize=800%2C600&#038;ssl=1\" alt=\"FIAC-2014-DSC01140\" width=\"800\" height=\"600\" \/><\/a><\/p>\n<p style=\"text-align: justify;\"><a href=\"https:\/\/i0.wp.com\/joyana.fr\/wp-content\/uploads\/2014\/10\/FIAC-2014-DSC01171.jpg?ssl=1\"><img data-recalc-dims=\"1\" loading=\"lazy\" decoding=\"async\" class=\"alignnone size-full wp-image-18811\" src=\"https:\/\/i0.wp.com\/joyana.fr\/wp-content\/uploads\/2014\/10\/FIAC-2014-DSC01171.jpg?resize=800%2C608&#038;ssl=1\" alt=\"FIAC-2014-DSC01171\" width=\"800\" height=\"608\" \/><\/a><\/p>\n<p style=\"text-align: justify;\"><a href=\"https:\/\/i0.wp.com\/joyana.fr\/wp-content\/uploads\/2014\/10\/FIAC-2014-TONY-LEMALE.jpg?ssl=1\"><img data-recalc-dims=\"1\" loading=\"lazy\" decoding=\"async\" class=\"alignnone size-full wp-image-18812\" src=\"https:\/\/i0.wp.com\/joyana.fr\/wp-content\/uploads\/2014\/10\/FIAC-2014-TONY-LEMALE.jpg?resize=800%2C644&#038;ssl=1\" alt=\"FIAC-2014-TONY-LEMALE\" width=\"800\" height=\"644\" \/><\/a><\/p>\n<p><a href=\"https:\/\/i0.wp.com\/joyana.fr\/wp-content\/uploads\/2014\/10\/FIAC-2014-DSC01076.jpg?ssl=1\"><img data-recalc-dims=\"1\" loading=\"lazy\" decoding=\"async\" class=\"alignnone size-full wp-image-18779\" src=\"https:\/\/i0.wp.com\/joyana.fr\/wp-content\/uploads\/2014\/10\/FIAC-2014-DSC01084.jpg?resize=800%2C646&#038;ssl=1\" alt=\"FIAC-2014-DSC01084\" width=\"800\" height=\"646\" \/><\/a><\/p>\n<p><a href=\"https:\/\/i0.wp.com\/joyana.fr\/wp-content\/uploads\/2014\/10\/FIAC-2014-DSC01087.jpg?ssl=1\"><img data-recalc-dims=\"1\" loading=\"lazy\" decoding=\"async\" class=\"alignnone size-full wp-image-18780\" src=\"https:\/\/i0.wp.com\/joyana.fr\/wp-content\/uploads\/2014\/10\/FIAC-2014-DSC01087.jpg?resize=800%2C576&#038;ssl=1\" alt=\"FIAC-2014-DSC01087\" width=\"800\" height=\"576\" \/><\/a><\/p>\n<p><a href=\"https:\/\/i0.wp.com\/joyana.fr\/wp-content\/uploads\/2014\/10\/FIAC-2014-DSC01094.jpg?ssl=1\"><img data-recalc-dims=\"1\" loading=\"lazy\" decoding=\"async\" class=\"alignnone size-full wp-image-18782\" src=\"https:\/\/i0.wp.com\/joyana.fr\/wp-content\/uploads\/2014\/10\/FIAC-2014-DSC01094.jpg?resize=800%2C600&#038;ssl=1\" alt=\"FIAC-2014-DSC01094\" width=\"800\" height=\"600\" \/><\/a><\/p>\n<p><a href=\"https:\/\/i0.wp.com\/joyana.fr\/wp-content\/uploads\/2014\/10\/FIAC-2014-DSC01114.jpg?ssl=1\"><img data-recalc-dims=\"1\" loading=\"lazy\" decoding=\"async\" class=\"alignnone size-full wp-image-18788\" src=\"https:\/\/i0.wp.com\/joyana.fr\/wp-content\/uploads\/2014\/10\/FIAC-2014-DSC01114.jpg?resize=800%2C644&#038;ssl=1\" alt=\"FIAC-2014-DSC01114\" width=\"800\" height=\"644\" \/><\/a><\/p>\n<p><a href=\"https:\/\/i0.wp.com\/joyana.fr\/wp-content\/uploads\/2014\/10\/FIAC-2014-DSC01123.jpg?ssl=1\"><img data-recalc-dims=\"1\" loading=\"lazy\" decoding=\"async\" class=\"alignnone size-full wp-image-18789\" src=\"https:\/\/i0.wp.com\/joyana.fr\/wp-content\/uploads\/2014\/10\/FIAC-2014-DSC01123.jpg?resize=800%2C608&#038;ssl=1\" alt=\"FIAC-2014-DSC01123\" width=\"800\" height=\"608\" \/><\/a><\/p>\n<p><a href=\"https:\/\/i0.wp.com\/joyana.fr\/wp-content\/uploads\/2014\/10\/FIAC-2014-DSC01136.jpg?ssl=1\"><img data-recalc-dims=\"1\" loading=\"lazy\" decoding=\"async\" class=\"alignnone size-full wp-image-18796\" src=\"https:\/\/i0.wp.com\/joyana.fr\/wp-content\/uploads\/2014\/10\/FIAC-2014-DSC01136.jpg?resize=800%2C600&#038;ssl=1\" alt=\"FIAC-2014-DSC01136\" width=\"800\" height=\"600\" \/><\/a><\/p>\n<p><br \/>\n<a href=\"https:\/\/i0.wp.com\/joyana.fr\/wp-content\/uploads\/2014\/10\/FIAC-2014-DSC01162.jpg?ssl=1\"><img data-recalc-dims=\"1\" loading=\"lazy\" decoding=\"async\" class=\"alignnone size-full wp-image-18807\" src=\"https:\/\/i0.wp.com\/joyana.fr\/wp-content\/uploads\/2014\/10\/FIAC-2014-DSC01162.jpg?resize=800%2C600&#038;ssl=1\" alt=\"FIAC-2014-DSC01162\" width=\"800\" height=\"600\" \/><\/a><\/p>\n<p style=\"text-align: center;\">En savoir + sur la <strong><a title=\"FIAC\" href=\"http:\/\/www.fiac.com\" target=\"_blank\">FIAC<\/a><\/strong><\/p>\n","protected":false},"excerpt":{"rendered":"<p>Invit\u00e9 au cocktail de vernissage d\u2019Orange de la FIAC 2014, et \u00e0 un brunch offert par Paris-Premi\u00e8re le surlend [&hellip;]<\/p>\n","protected":false},"author":5,"featured_media":119246,"comment_status":"open","ping_status":"open","sticky":false,"template":"","format":"aside","meta":{"_coblocks_attr":"","_coblocks_dimensions":"","_coblocks_responsive_height":"","_coblocks_accordion_ie_support":"","_uag_custom_page_level_css":"","advgb_blocks_editor_width":"","advgb_blocks_columns_visual_guide":"","_genesis_hide_title":false,"_genesis_hide_breadcrumbs":false,"_genesis_hide_singular_image":false,"_genesis_hide_footer_widgets":false,"_genesis_custom_body_class":"","_genesis_custom_post_class":"","_genesis_layout":"","_themeisle_gutenberg_block_has_review":false,"_jetpack_newsletter_access":"","_jetpack_dont_email_post_to_subs":false,"_jetpack_newsletter_tier_id":0,"_jetpack_memberships_contains_paywalled_content":false,"_jetpack_memberships_contains_paid_content":false,"footnotes":""},"categories":[1036,940,905,1015],"tags":[36,943,1852],"class_list":{"0":"post-118771","1":"post","2":"type-post","3":"status-publish","4":"format-aside","5":"has-post-thumbnail","7":"category-a-la-une","8":"category-art-contemporain","9":"category-deco-design","10":"category-salon","11":"tag-art","12":"tag-art-contemporain","13":"tag-fiac","14":"post_format-post-format-aside","15":"entry"},"featured_image_urls":{"full":["https:\/\/i0.wp.com\/www.joyana.fr\/wp-content\/uploads\/2014\/10\/FIAC-2014.jpg?fit=1700%2C1227&ssl=1",1700,1227,false],"thumbnail":["https:\/\/i0.wp.com\/www.joyana.fr\/wp-content\/uploads\/2014\/10\/FIAC-2014.jpg?resize=150%2C150&ssl=1",150,150,true],"medium":["https:\/\/i0.wp.com\/www.joyana.fr\/wp-content\/uploads\/2014\/10\/FIAC-2014.jpg?fit=389%2C281&ssl=1",389,281,true],"medium_large":["https:\/\/i0.wp.com\/www.joyana.fr\/wp-content\/uploads\/2014\/10\/FIAC-2014.jpg?fit=768%2C554&ssl=1",768,554,true],"large":["https:\/\/i0.wp.com\/www.joyana.fr\/wp-content\/uploads\/2014\/10\/FIAC-2014.jpg?fit=1024%2C739&ssl=1",1024,739,true],"1536x1536":["https:\/\/i0.wp.com\/www.joyana.fr\/wp-content\/uploads\/2014\/10\/FIAC-2014.jpg?fit=1536%2C1109&ssl=1",1536,1109,true],"2048x2048":["https:\/\/i0.wp.com\/www.joyana.fr\/wp-content\/uploads\/2014\/10\/FIAC-2014.jpg?fit=1700%2C1227&ssl=1",1700,1227,true],"featured-thumb":["https:\/\/i0.wp.com\/www.joyana.fr\/wp-content\/uploads\/2014\/10\/FIAC-2014.jpg?resize=1700%2C750&ssl=1",1700,750,true],"ab-block-post-grid-landscape":["https:\/\/i0.wp.com\/www.joyana.fr\/wp-content\/uploads\/2014\/10\/FIAC-2014.jpg?resize=600%2C400&ssl=1",600,400,true],"ab-block-post-grid-square":["https:\/\/i0.wp.com\/www.joyana.fr\/wp-content\/uploads\/2014\/10\/FIAC-2014.jpg?resize=600%2C600&ssl=1",600,600,true],"author-pro-image":["https:\/\/i0.wp.com\/www.joyana.fr\/wp-content\/uploads\/2014\/10\/FIAC-2014.jpg?resize=360%2C570&ssl=1",360,570,true],"slider":["https:\/\/i0.wp.com\/www.joyana.fr\/wp-content\/uploads\/2014\/10\/FIAC-2014.jpg?resize=920%2C400&ssl=1",920,400,true],"woocommerce_thumbnail":["https:\/\/i0.wp.com\/www.joyana.fr\/wp-content\/uploads\/2014\/10\/FIAC-2014.jpg?resize=450%2C450&ssl=1",450,450,true],"woocommerce_single":["https:\/\/i0.wp.com\/www.joyana.fr\/wp-content\/uploads\/2014\/10\/FIAC-2014.jpg?fit=920%2C664&ssl=1",920,664,true],"woocommerce_gallery_thumbnail":["https:\/\/i0.wp.com\/www.joyana.fr\/wp-content\/uploads\/2014\/10\/FIAC-2014.jpg?resize=180%2C180&ssl=1",180,180,true],"sow-carousel-default":["https:\/\/i0.wp.com\/www.joyana.fr\/wp-content\/uploads\/2014\/10\/FIAC-2014.jpg?resize=272%2C182&ssl=1",272,182,true]},"post_excerpt_stackable":"<p>Invit\u00e9 au cocktail de vernissage d\u2019Orange de la FIAC 2014, et \u00e0 un brunch offert par Paris-Premi\u00e8re &hellip;<\/p>\n","category_list":"<a href=\"https:\/\/www.joyana.fr\/ja\/category\/a-la-une\/\" rel=\"category tag\">A la une !!!<\/a>, <a href=\"https:\/\/www.joyana.fr\/ja\/category\/deco-design\/actualite\/art-contemporain\/\" rel=\"category tag\">Art Contemporain<\/a>, <a href=\"https:\/\/www.joyana.fr\/ja\/category\/deco-design\/\" rel=\"category tag\">DECO-DESIGN<\/a>, <a href=\"https:\/\/www.joyana.fr\/ja\/category\/deco-design\/actualite\/salon\/\" rel=\"category tag\">Salon &amp; Ev\u00e8nement<\/a>","author_info":{"display_name":"Tony Lem\u00e2le","author_link":"https:\/\/www.joyana.fr\/ja\/author\/tony-lemale\/"},"comments_num":"0 comments","featured_image_urls_v2":{"full":["https:\/\/i0.wp.com\/www.joyana.fr\/wp-content\/uploads\/2014\/10\/FIAC-2014.jpg?fit=1700%2C1227&ssl=1",1700,1227,false],"thumbnail":["https:\/\/i0.wp.com\/www.joyana.fr\/wp-content\/uploads\/2014\/10\/FIAC-2014.jpg?resize=150%2C150&ssl=1",150,150,true],"medium":["https:\/\/i0.wp.com\/www.joyana.fr\/wp-content\/uploads\/2014\/10\/FIAC-2014.jpg?fit=389%2C281&ssl=1",389,281,true],"medium_large":["https:\/\/i0.wp.com\/www.joyana.fr\/wp-content\/uploads\/2014\/10\/FIAC-2014.jpg?fit=768%2C554&ssl=1",768,554,true],"large":["https:\/\/i0.wp.com\/www.joyana.fr\/wp-content\/uploads\/2014\/10\/FIAC-2014.jpg?fit=1024%2C739&ssl=1",1024,739,true],"1536x1536":["https:\/\/i0.wp.com\/www.joyana.fr\/wp-content\/uploads\/2014\/10\/FIAC-2014.jpg?fit=1536%2C1109&ssl=1",1536,1109,true],"2048x2048":["https:\/\/i0.wp.com\/www.joyana.fr\/wp-content\/uploads\/2014\/10\/FIAC-2014.jpg?fit=1700%2C1227&ssl=1",1700,1227,true],"featured-thumb":["https:\/\/i0.wp.com\/www.joyana.fr\/wp-content\/uploads\/2014\/10\/FIAC-2014.jpg?resize=1700%2C750&ssl=1",1700,750,true],"ab-block-post-grid-landscape":["https:\/\/i0.wp.com\/www.joyana.fr\/wp-content\/uploads\/2014\/10\/FIAC-2014.jpg?resize=600%2C400&ssl=1",600,400,true],"ab-block-post-grid-square":["https:\/\/i0.wp.com\/www.joyana.fr\/wp-content\/uploads\/2014\/10\/FIAC-2014.jpg?resize=600%2C600&ssl=1",600,600,true],"author-pro-image":["https:\/\/i0.wp.com\/www.joyana.fr\/wp-content\/uploads\/2014\/10\/FIAC-2014.jpg?resize=360%2C570&ssl=1",360,570,true],"slider":["https:\/\/i0.wp.com\/www.joyana.fr\/wp-content\/uploads\/2014\/10\/FIAC-2014.jpg?resize=920%2C400&ssl=1",920,400,true],"woocommerce_thumbnail":["https:\/\/i0.wp.com\/www.joyana.fr\/wp-content\/uploads\/2014\/10\/FIAC-2014.jpg?resize=450%2C450&ssl=1",450,450,true],"woocommerce_single":["https:\/\/i0.wp.com\/www.joyana.fr\/wp-content\/uploads\/2014\/10\/FIAC-2014.jpg?fit=920%2C664&ssl=1",920,664,true],"woocommerce_gallery_thumbnail":["https:\/\/i0.wp.com\/www.joyana.fr\/wp-content\/uploads\/2014\/10\/FIAC-2014.jpg?resize=180%2C180&ssl=1",180,180,true],"sow-carousel-default":["https:\/\/i0.wp.com\/www.joyana.fr\/wp-content\/uploads\/2014\/10\/FIAC-2014.jpg?resize=272%2C182&ssl=1",272,182,true]},"post_excerpt_stackable_v2":"<p>Invit\u00e9 au cocktail de vernissage d\u2019Orange de la FIAC 2014, et \u00e0 un brunch offert par Paris-Premi\u00e8re &hellip;<\/p>\n","category_list_v2":"<a href=\"https:\/\/www.joyana.fr\/ja\/category\/a-la-une\/\" rel=\"category tag\">A la une !!!<\/a>, <a href=\"https:\/\/www.joyana.fr\/ja\/category\/deco-design\/actualite\/art-contemporain\/\" rel=\"category tag\">Art Contemporain<\/a>, <a href=\"https:\/\/www.joyana.fr\/ja\/category\/deco-design\/\" rel=\"category tag\">DECO-DESIGN<\/a>, <a href=\"https:\/\/www.joyana.fr\/ja\/category\/deco-design\/actualite\/salon\/\" rel=\"category tag\">Salon &amp; Ev\u00e8nement<\/a>","author_info_v2":{"name":"Tony Lem\u00e2le","url":"https:\/\/www.joyana.fr\/ja\/author\/tony-lemale\/"},"comments_num_v2":"0 comments","yoast_head":"<!-- This site is optimized with the Yoast SEO plugin v26.8 - https:\/\/yoast.com\/product\/yoast-seo-wordpress\/ -->\n<title>FIAC 2014 - JO YANA<\/title>\n<meta name=\"robots\" content=\"index, follow, max-snippet:-1, max-image-preview:large, max-video-preview:-1\" \/>\n<link rel=\"canonical\" href=\"https:\/\/www.joyana.fr\/ja\/fiac-2014-people-deco-design-art-tony-lemale\/118771\/\" \/>\n<meta property=\"og:locale\" content=\"ja_JP\" \/>\n<meta property=\"og:locale:alternate\" content=\"fr_FR\" \/>\n<meta property=\"og:locale:alternate\" content=\"en_US\" \/>\n<meta property=\"og:type\" content=\"article\" \/>\n<meta property=\"og:title\" content=\"FIAC 2014 - JO YANA\" \/>\n<meta property=\"og:description\" content=\"Invit\u00e9 au cocktail de vernissage d\u2019Orange de la FIAC 2014, et \u00e0 un brunch offert par Paris-Premi\u00e8re le surlend [&hellip;]\" \/>\n<meta property=\"og:url\" content=\"https:\/\/www.joyana.fr\/ja\/fiac-2014-people-deco-design-art-tony-lemale\/118771\/\" \/>\n<meta property=\"og:site_name\" content=\"JO YANA\" \/>\n<meta property=\"article:published_time\" content=\"2014-10-28T09:21:48+00:00\" \/>\n<meta property=\"og:image\" content=\"https:\/\/www.joyana.fr\/wp-content\/uploads\/2014\/10\/FIAC-2014.jpg\" \/>\n\t<meta property=\"og:image:width\" content=\"1700\" \/>\n\t<meta property=\"og:image:height\" content=\"1227\" \/>\n\t<meta property=\"og:image:type\" content=\"image\/jpeg\" \/>\n<meta name=\"author\" content=\"Tony Lem\u00e2le\" \/>\n<meta name=\"twitter:card\" content=\"summary_large_image\" \/>\n<meta name=\"twitter:creator\" content=\"@Jo_Yana\" \/>\n<meta name=\"twitter:site\" content=\"@Jo_Yana\" \/>\n<meta name=\"twitter:label1\" content=\"\u57f7\u7b46\u8005\" \/>\n\t<meta name=\"twitter:data1\" content=\"Tony Lem\u00e2le\" \/>\n\t<meta name=\"twitter:label2\" content=\"\u63a8\u5b9a\u8aad\u307f\u53d6\u308a\u6642\u9593\" \/>\n\t<meta name=\"twitter:data2\" content=\"3\u5206\" \/>\n<script type=\"application\/ld+json\" class=\"yoast-schema-graph\">{\"@context\":\"https:\/\/schema.org\",\"@graph\":[{\"@type\":\"Article\",\"@id\":\"https:\/\/www.joyana.fr\/fiac-2014-people-deco-design-art-tony-lemale\/118771\/#article\",\"isPartOf\":{\"@id\":\"https:\/\/www.joyana.fr\/fiac-2014-people-deco-design-art-tony-lemale\/118771\/\"},\"author\":{\"name\":\"Tony Lem\u00e2le\",\"@id\":\"https:\/\/joyana.fr\/#\/schema\/person\/dcb7a9fdac0551e31ade5b2eb206c503\"},\"headline\":\"FIAC 2014\",\"datePublished\":\"2014-10-28T09:21:48+00:00\",\"mainEntityOfPage\":{\"@id\":\"https:\/\/www.joyana.fr\/fiac-2014-people-deco-design-art-tony-lemale\/118771\/\"},\"wordCount\":531,\"commentCount\":0,\"publisher\":{\"@id\":\"https:\/\/joyana.fr\/#\/schema\/person\/cf2a1ad12a27c12c21801075bf37407c\"},\"image\":{\"@id\":\"https:\/\/www.joyana.fr\/fiac-2014-people-deco-design-art-tony-lemale\/118771\/#primaryimage\"},\"thumbnailUrl\":\"https:\/\/i0.wp.com\/www.joyana.fr\/wp-content\/uploads\/2014\/10\/FIAC-2014.jpg?fit=1700%2C1227&ssl=1\",\"keywords\":[\"ART\",\"Art Contemporain\",\"FIAC\"],\"articleSection\":[\"A la une !!!\",\"Art Contemporain\",\"DECO-DESIGN\",\"Salon &amp; Ev\u00e8nement\"],\"inLanguage\":\"ja\",\"potentialAction\":[{\"@type\":\"CommentAction\",\"name\":\"Comment\",\"target\":[\"https:\/\/www.joyana.fr\/fiac-2014-people-deco-design-art-tony-lemale\/118771\/#respond\"]}]},{\"@type\":\"WebPage\",\"@id\":\"https:\/\/www.joyana.fr\/fiac-2014-people-deco-design-art-tony-lemale\/118771\/\",\"url\":\"https:\/\/www.joyana.fr\/fiac-2014-people-deco-design-art-tony-lemale\/118771\/\",\"name\":\"FIAC 2014 - JO YANA\",\"isPartOf\":{\"@id\":\"https:\/\/joyana.fr\/#website\"},\"primaryImageOfPage\":{\"@id\":\"https:\/\/www.joyana.fr\/fiac-2014-people-deco-design-art-tony-lemale\/118771\/#primaryimage\"},\"image\":{\"@id\":\"https:\/\/www.joyana.fr\/fiac-2014-people-deco-design-art-tony-lemale\/118771\/#primaryimage\"},\"thumbnailUrl\":\"https:\/\/i0.wp.com\/www.joyana.fr\/wp-content\/uploads\/2014\/10\/FIAC-2014.jpg?fit=1700%2C1227&ssl=1\",\"datePublished\":\"2014-10-28T09:21:48+00:00\",\"breadcrumb\":{\"@id\":\"https:\/\/www.joyana.fr\/fiac-2014-people-deco-design-art-tony-lemale\/118771\/#breadcrumb\"},\"inLanguage\":\"ja\",\"potentialAction\":[{\"@type\":\"ReadAction\",\"target\":[\"https:\/\/www.joyana.fr\/fiac-2014-people-deco-design-art-tony-lemale\/118771\/\"]}]},{\"@type\":\"ImageObject\",\"inLanguage\":\"ja\",\"@id\":\"https:\/\/www.joyana.fr\/fiac-2014-people-deco-design-art-tony-lemale\/118771\/#primaryimage\",\"url\":\"https:\/\/i0.wp.com\/www.joyana.fr\/wp-content\/uploads\/2014\/10\/FIAC-2014.jpg?fit=1700%2C1227&ssl=1\",\"contentUrl\":\"https:\/\/i0.wp.com\/www.joyana.fr\/wp-content\/uploads\/2014\/10\/FIAC-2014.jpg?fit=1700%2C1227&ssl=1\",\"width\":1700,\"height\":1227},{\"@type\":\"BreadcrumbList\",\"@id\":\"https:\/\/www.joyana.fr\/fiac-2014-people-deco-design-art-tony-lemale\/118771\/#breadcrumb\",\"itemListElement\":[{\"@type\":\"ListItem\",\"position\":1,\"name\":\"Accueil\",\"item\":\"https:\/\/joyana.fr\/\"},{\"@type\":\"ListItem\",\"position\":2,\"name\":\"FIAC 2014\"}]},{\"@type\":\"WebSite\",\"@id\":\"https:\/\/joyana.fr\/#website\",\"url\":\"https:\/\/joyana.fr\/\",\"name\":\"JO YANA\",\"description\":\"Blog Mode Homme, Lifestyle, D\u00e9co-Design\",\"publisher\":{\"@id\":\"https:\/\/joyana.fr\/#\/schema\/person\/cf2a1ad12a27c12c21801075bf37407c\"},\"potentialAction\":[{\"@type\":\"SearchAction\",\"target\":{\"@type\":\"EntryPoint\",\"urlTemplate\":\"https:\/\/joyana.fr\/?s={search_term_string}\"},\"query-input\":{\"@type\":\"PropertyValueSpecification\",\"valueRequired\":true,\"valueName\":\"search_term_string\"}}],\"inLanguage\":\"ja\"},{\"@type\":[\"Person\",\"Organization\"],\"@id\":\"https:\/\/joyana.fr\/#\/schema\/person\/cf2a1ad12a27c12c21801075bf37407c\",\"name\":\"Jo Yana\",\"image\":{\"@type\":\"ImageObject\",\"inLanguage\":\"ja\",\"@id\":\"https:\/\/joyana.fr\/#\/schema\/person\/image\/\",\"url\":\"https:\/\/i0.wp.com\/www.joyana.fr\/wp-content\/uploads\/2016\/08\/cropped-joyana-logo-black-360x180.png?fit=343%2C164&ssl=1\",\"contentUrl\":\"https:\/\/i0.wp.com\/www.joyana.fr\/wp-content\/uploads\/2016\/08\/cropped-joyana-logo-black-360x180.png?fit=343%2C164&ssl=1\",\"width\":343,\"height\":164,\"caption\":\"Jo Yana\"},\"logo\":{\"@id\":\"https:\/\/joyana.fr\/#\/schema\/person\/image\/\"},\"description\":\"Jo Yana est le cr\u00e9ateur et r\u00e9dacteur en chef des sites DECO-DESIGN. Passionn\u00e9 de Design, Mode, Photo, Luxe, Lifestyle, Musique, mais avant tout Blogueur ! Le plaisir de partager l'anime et a comme devise \\\"POUR L'AMOUR DU BEAU\\\". Retrouvez le aussi sur son blog personnel - https:\/\/joyana.fr...\",\"sameAs\":[\"https:\/\/joyana.fr\/\"]},{\"@type\":\"Person\",\"@id\":\"https:\/\/joyana.fr\/#\/schema\/person\/dcb7a9fdac0551e31ade5b2eb206c503\",\"name\":\"Tony Lem\u00e2le\",\"image\":{\"@type\":\"ImageObject\",\"inLanguage\":\"ja\",\"@id\":\"https:\/\/joyana.fr\/#\/schema\/person\/image\/\",\"url\":\"https:\/\/secure.gravatar.com\/avatar\/de568a527e9a2ef115faf54e04768a96?s=96&d=retro&r=g\",\"contentUrl\":\"https:\/\/secure.gravatar.com\/avatar\/de568a527e9a2ef115faf54e04768a96?s=96&d=retro&r=g\",\"caption\":\"Tony Lem\u00e2le\"},\"description\":\"Tony Lem\u00e2le n\u00e9 en 1973, a un parcours tr\u00e8s atypique. Apr\u00e8s avoir \u00e9t\u00e9 attach\u00e9 de presse et de relations publiques pour Habitat pendant cinq ans, Tony d\u00e9cide de cr\u00e9er son agence d'architecture d'int\u00e9rieur en 2004. 10 ans d\u00e9j\u00e0 de beaux projets, de livres, de conf\u00e9rences,\u00a0l\u2019Agence Tony Lem\u00e2le est en plein essor et continue de faire r\u00eaver \u00e0 chaque r\u00e9alisation...\",\"sameAs\":[\"http:\/\/www.agencetonylemale.fr\"],\"url\":\"https:\/\/www.joyana.fr\/ja\/author\/tony-lemale\/\"}]}<\/script>\n<!-- \/ Yoast SEO plugin. -->","yoast_head_json":{"title":"FIAC 2014 - JO YANA","robots":{"index":"index","follow":"follow","max-snippet":"max-snippet:-1","max-image-preview":"max-image-preview:large","max-video-preview":"max-video-preview:-1"},"canonical":"https:\/\/www.joyana.fr\/ja\/fiac-2014-people-deco-design-art-tony-lemale\/118771\/","og_locale":"ja_JP","og_type":"article","og_title":"FIAC 2014 - JO YANA","og_description":"Invit\u00e9 au cocktail de vernissage d\u2019Orange de la FIAC 2014, et \u00e0 un brunch offert par Paris-Premi\u00e8re le surlend [&hellip;]","og_url":"https:\/\/www.joyana.fr\/ja\/fiac-2014-people-deco-design-art-tony-lemale\/118771\/","og_site_name":"JO YANA","article_published_time":"2014-10-28T09:21:48+00:00","og_image":[{"width":1700,"height":1227,"url":"https:\/\/www.joyana.fr\/wp-content\/uploads\/2014\/10\/FIAC-2014.jpg","type":"image\/jpeg"}],"author":"Tony Lem\u00e2le","twitter_card":"summary_large_image","twitter_creator":"@Jo_Yana","twitter_site":"@Jo_Yana","twitter_misc":{"\u57f7\u7b46\u8005":"Tony Lem\u00e2le","\u63a8\u5b9a\u8aad\u307f\u53d6\u308a\u6642\u9593":"3\u5206"},"schema":{"@context":"https:\/\/schema.org","@graph":[{"@type":"Article","@id":"https:\/\/www.joyana.fr\/fiac-2014-people-deco-design-art-tony-lemale\/118771\/#article","isPartOf":{"@id":"https:\/\/www.joyana.fr\/fiac-2014-people-deco-design-art-tony-lemale\/118771\/"},"author":{"name":"Tony Lem\u00e2le","@id":"https:\/\/joyana.fr\/#\/schema\/person\/dcb7a9fdac0551e31ade5b2eb206c503"},"headline":"FIAC 2014","datePublished":"2014-10-28T09:21:48+00:00","mainEntityOfPage":{"@id":"https:\/\/www.joyana.fr\/fiac-2014-people-deco-design-art-tony-lemale\/118771\/"},"wordCount":531,"commentCount":0,"publisher":{"@id":"https:\/\/joyana.fr\/#\/schema\/person\/cf2a1ad12a27c12c21801075bf37407c"},"image":{"@id":"https:\/\/www.joyana.fr\/fiac-2014-people-deco-design-art-tony-lemale\/118771\/#primaryimage"},"thumbnailUrl":"https:\/\/i0.wp.com\/www.joyana.fr\/wp-content\/uploads\/2014\/10\/FIAC-2014.jpg?fit=1700%2C1227&ssl=1","keywords":["ART","Art Contemporain","FIAC"],"articleSection":["A la une !!!","Art Contemporain","DECO-DESIGN","Salon &amp; Ev\u00e8nement"],"inLanguage":"ja","potentialAction":[{"@type":"CommentAction","name":"Comment","target":["https:\/\/www.joyana.fr\/fiac-2014-people-deco-design-art-tony-lemale\/118771\/#respond"]}]},{"@type":"WebPage","@id":"https:\/\/www.joyana.fr\/fiac-2014-people-deco-design-art-tony-lemale\/118771\/","url":"https:\/\/www.joyana.fr\/fiac-2014-people-deco-design-art-tony-lemale\/118771\/","name":"FIAC 2014 - JO YANA","isPartOf":{"@id":"https:\/\/joyana.fr\/#website"},"primaryImageOfPage":{"@id":"https:\/\/www.joyana.fr\/fiac-2014-people-deco-design-art-tony-lemale\/118771\/#primaryimage"},"image":{"@id":"https:\/\/www.joyana.fr\/fiac-2014-people-deco-design-art-tony-lemale\/118771\/#primaryimage"},"thumbnailUrl":"https:\/\/i0.wp.com\/www.joyana.fr\/wp-content\/uploads\/2014\/10\/FIAC-2014.jpg?fit=1700%2C1227&ssl=1","datePublished":"2014-10-28T09:21:48+00:00","breadcrumb":{"@id":"https:\/\/www.joyana.fr\/fiac-2014-people-deco-design-art-tony-lemale\/118771\/#breadcrumb"},"inLanguage":"ja","potentialAction":[{"@type":"ReadAction","target":["https:\/\/www.joyana.fr\/fiac-2014-people-deco-design-art-tony-lemale\/118771\/"]}]},{"@type":"ImageObject","inLanguage":"ja","@id":"https:\/\/www.joyana.fr\/fiac-2014-people-deco-design-art-tony-lemale\/118771\/#primaryimage","url":"https:\/\/i0.wp.com\/www.joyana.fr\/wp-content\/uploads\/2014\/10\/FIAC-2014.jpg?fit=1700%2C1227&ssl=1","contentUrl":"https:\/\/i0.wp.com\/www.joyana.fr\/wp-content\/uploads\/2014\/10\/FIAC-2014.jpg?fit=1700%2C1227&ssl=1","width":1700,"height":1227},{"@type":"BreadcrumbList","@id":"https:\/\/www.joyana.fr\/fiac-2014-people-deco-design-art-tony-lemale\/118771\/#breadcrumb","itemListElement":[{"@type":"ListItem","position":1,"name":"Accueil","item":"https:\/\/joyana.fr\/"},{"@type":"ListItem","position":2,"name":"FIAC 2014"}]},{"@type":"WebSite","@id":"https:\/\/joyana.fr\/#website","url":"https:\/\/joyana.fr\/","name":"JO YANA","description":"Blog Mode Homme, Lifestyle, D\u00e9co-Design","publisher":{"@id":"https:\/\/joyana.fr\/#\/schema\/person\/cf2a1ad12a27c12c21801075bf37407c"},"potentialAction":[{"@type":"SearchAction","target":{"@type":"EntryPoint","urlTemplate":"https:\/\/joyana.fr\/?s={search_term_string}"},"query-input":{"@type":"PropertyValueSpecification","valueRequired":true,"valueName":"search_term_string"}}],"inLanguage":"ja"},{"@type":["Person","Organization"],"@id":"https:\/\/joyana.fr\/#\/schema\/person\/cf2a1ad12a27c12c21801075bf37407c","name":"Jo Yana","image":{"@type":"ImageObject","inLanguage":"ja","@id":"https:\/\/joyana.fr\/#\/schema\/person\/image\/","url":"https:\/\/i0.wp.com\/www.joyana.fr\/wp-content\/uploads\/2016\/08\/cropped-joyana-logo-black-360x180.png?fit=343%2C164&ssl=1","contentUrl":"https:\/\/i0.wp.com\/www.joyana.fr\/wp-content\/uploads\/2016\/08\/cropped-joyana-logo-black-360x180.png?fit=343%2C164&ssl=1","width":343,"height":164,"caption":"Jo Yana"},"logo":{"@id":"https:\/\/joyana.fr\/#\/schema\/person\/image\/"},"description":"Jo Yana est le cr\u00e9ateur et r\u00e9dacteur en chef des sites DECO-DESIGN. Passionn\u00e9 de Design, Mode, Photo, Luxe, Lifestyle, Musique, mais avant tout Blogueur ! Le plaisir de partager l'anime et a comme devise \"POUR L'AMOUR DU BEAU\". Retrouvez le aussi sur son blog personnel - https:\/\/joyana.fr...","sameAs":["https:\/\/joyana.fr\/"]},{"@type":"Person","@id":"https:\/\/joyana.fr\/#\/schema\/person\/dcb7a9fdac0551e31ade5b2eb206c503","name":"Tony Lem\u00e2le","image":{"@type":"ImageObject","inLanguage":"ja","@id":"https:\/\/joyana.fr\/#\/schema\/person\/image\/","url":"https:\/\/secure.gravatar.com\/avatar\/de568a527e9a2ef115faf54e04768a96?s=96&d=retro&r=g","contentUrl":"https:\/\/secure.gravatar.com\/avatar\/de568a527e9a2ef115faf54e04768a96?s=96&d=retro&r=g","caption":"Tony Lem\u00e2le"},"description":"Tony Lem\u00e2le n\u00e9 en 1973, a un parcours tr\u00e8s atypique. Apr\u00e8s avoir \u00e9t\u00e9 attach\u00e9 de presse et de relations publiques pour Habitat pendant cinq ans, Tony d\u00e9cide de cr\u00e9er son agence d'architecture d'int\u00e9rieur en 2004. 10 ans d\u00e9j\u00e0 de beaux projets, de livres, de conf\u00e9rences,\u00a0l\u2019Agence Tony Lem\u00e2le est en plein essor et continue de faire r\u00eaver \u00e0 chaque r\u00e9alisation...","sameAs":["http:\/\/www.agencetonylemale.fr"],"url":"https:\/\/www.joyana.fr\/ja\/author\/tony-lemale\/"}]}},"author_meta":{"display_name":"Tony Lem\u00e2le","author_link":"https:\/\/www.joyana.fr\/ja\/author\/tony-lemale\/"},"featured_img":"https:\/\/i0.wp.com\/www.joyana.fr\/wp-content\/uploads\/2014\/10\/FIAC-2014.jpg?fit=389%2C281&ssl=1","featured_image_src":"https:\/\/i0.wp.com\/www.joyana.fr\/wp-content\/uploads\/2014\/10\/FIAC-2014.jpg?resize=600%2C400&ssl=1","featured_image_src_square":"https:\/\/i0.wp.com\/www.joyana.fr\/wp-content\/uploads\/2014\/10\/FIAC-2014.jpg?resize=600%2C600&ssl=1","jetpack_featured_media_url":"https:\/\/i0.wp.com\/www.joyana.fr\/wp-content\/uploads\/2014\/10\/FIAC-2014.jpg?fit=1700%2C1227&ssl=1","uagb_featured_image_src":{"full":["https:\/\/i0.wp.com\/www.joyana.fr\/wp-content\/uploads\/2014\/10\/FIAC-2014.jpg?fit=1700%2C1227&ssl=1",1700,1227,false],"thumbnail":["https:\/\/i0.wp.com\/www.joyana.fr\/wp-content\/uploads\/2014\/10\/FIAC-2014.jpg?resize=150%2C150&ssl=1",150,150,true],"medium":["https:\/\/i0.wp.com\/www.joyana.fr\/wp-content\/uploads\/2014\/10\/FIAC-2014.jpg?fit=389%2C281&ssl=1",389,281,true],"medium_large":["https:\/\/i0.wp.com\/www.joyana.fr\/wp-content\/uploads\/2014\/10\/FIAC-2014.jpg?fit=768%2C554&ssl=1",768,554,true],"large":["https:\/\/i0.wp.com\/www.joyana.fr\/wp-content\/uploads\/2014\/10\/FIAC-2014.jpg?fit=1024%2C739&ssl=1",1024,739,true],"1536x1536":["https:\/\/i0.wp.com\/www.joyana.fr\/wp-content\/uploads\/2014\/10\/FIAC-2014.jpg?fit=1536%2C1109&ssl=1",1536,1109,true],"2048x2048":["https:\/\/i0.wp.com\/www.joyana.fr\/wp-content\/uploads\/2014\/10\/FIAC-2014.jpg?fit=1700%2C1227&ssl=1",1700,1227,true],"featured-thumb":["https:\/\/i0.wp.com\/www.joyana.fr\/wp-content\/uploads\/2014\/10\/FIAC-2014.jpg?resize=1700%2C750&ssl=1",1700,750,true],"ab-block-post-grid-landscape":["https:\/\/i0.wp.com\/www.joyana.fr\/wp-content\/uploads\/2014\/10\/FIAC-2014.jpg?resize=600%2C400&ssl=1",600,400,true],"ab-block-post-grid-square":["https:\/\/i0.wp.com\/www.joyana.fr\/wp-content\/uploads\/2014\/10\/FIAC-2014.jpg?resize=600%2C600&ssl=1",600,600,true],"author-pro-image":["https:\/\/i0.wp.com\/www.joyana.fr\/wp-content\/uploads\/2014\/10\/FIAC-2014.jpg?resize=360%2C570&ssl=1",360,570,true],"slider":["https:\/\/i0.wp.com\/www.joyana.fr\/wp-content\/uploads\/2014\/10\/FIAC-2014.jpg?resize=920%2C400&ssl=1",920,400,true],"woocommerce_thumbnail":["https:\/\/i0.wp.com\/www.joyana.fr\/wp-content\/uploads\/2014\/10\/FIAC-2014.jpg?resize=450%2C450&ssl=1",450,450,true],"woocommerce_single":["https:\/\/i0.wp.com\/www.joyana.fr\/wp-content\/uploads\/2014\/10\/FIAC-2014.jpg?fit=920%2C664&ssl=1",920,664,true],"woocommerce_gallery_thumbnail":["https:\/\/i0.wp.com\/www.joyana.fr\/wp-content\/uploads\/2014\/10\/FIAC-2014.jpg?resize=180%2C180&ssl=1",180,180,true],"sow-carousel-default":["https:\/\/i0.wp.com\/www.joyana.fr\/wp-content\/uploads\/2014\/10\/FIAC-2014.jpg?resize=272%2C182&ssl=1",272,182,true]},"uagb_author_info":{"display_name":"Tony Lem\u00e2le","author_link":"https:\/\/www.joyana.fr\/ja\/author\/tony-lemale\/"},"uagb_comment_info":0,"uagb_excerpt":"Invit\u00e9 au cocktail de vernissage d\u2019Orange de la FIAC 20&hellip;","coauthors":[],"tax_additional":{"categories":{"linked":["<a href=\"https:\/\/www.joyana.fr\/ja\/category\/a-la-une\/\" class=\"advgb-post-tax-term\">A la une !!!<\/a>","<a href=\"https:\/\/www.joyana.fr\/ja\/category\/deco-design\/actualite\/art-contemporain\/\" class=\"advgb-post-tax-term\">Art Contemporain<\/a>","<a href=\"https:\/\/www.joyana.fr\/ja\/category\/deco-design\/\" class=\"advgb-post-tax-term\">DECO-DESIGN<\/a>","<a href=\"https:\/\/www.joyana.fr\/ja\/category\/deco-design\/actualite\/salon\/\" class=\"advgb-post-tax-term\">Salon &amp; Ev\u00e8nement<\/a>"],"unlinked":["<span class=\"advgb-post-tax-term\">A la une !!!<\/span>","<span class=\"advgb-post-tax-term\">Art Contemporain<\/span>","<span class=\"advgb-post-tax-term\">DECO-DESIGN<\/span>","<span class=\"advgb-post-tax-term\">Salon &amp; Ev\u00e8nement<\/span>"]},"tags":{"linked":["<a href=\"https:\/\/www.joyana.fr\/ja\/category\/deco-design\/actualite\/salon\/\" class=\"advgb-post-tax-term\">ART<\/a>","<a href=\"https:\/\/www.joyana.fr\/ja\/category\/deco-design\/actualite\/salon\/\" class=\"advgb-post-tax-term\">Art Contemporain<\/a>","<a href=\"https:\/\/www.joyana.fr\/ja\/category\/deco-design\/actualite\/salon\/\" class=\"advgb-post-tax-term\">FIAC<\/a>"],"unlinked":["<span class=\"advgb-post-tax-term\">ART<\/span>","<span class=\"advgb-post-tax-term\">Art Contemporain<\/span>","<span class=\"advgb-post-tax-term\">FIAC<\/span>"]}},"comment_count":0,"relative_dates":{"created":"Posted 12\u5e74 ago","modified":"Updated 12\u5e74 ago"},"absolute_dates":{"created":"Posted on 28 10\u6708 2014","modified":"Updated on 28 10\u6708 2014"},"absolute_dates_time":{"created":"Posted on 28 10\u6708 2014 10:21","modified":"Updated on 28 10\u6708 2014 10:21"},"featured_img_caption":"","series_order":"","jetpack_sharing_enabled":true,"jetpack_shortlink":"https:\/\/wp.me\/p9bteI-uTF","jetpack-related-posts":[],"_links":{"self":[{"href":"https:\/\/www.joyana.fr\/ja\/wp-json\/wp\/v2\/posts\/118771","targetHints":{"allow":["GET"]}}],"collection":[{"href":"https:\/\/www.joyana.fr\/ja\/wp-json\/wp\/v2\/posts"}],"about":[{"href":"https:\/\/www.joyana.fr\/ja\/wp-json\/wp\/v2\/types\/post"}],"author":[{"embeddable":true,"href":"https:\/\/www.joyana.fr\/ja\/wp-json\/wp\/v2\/users\/5"}],"replies":[{"embeddable":true,"href":"https:\/\/www.joyana.fr\/ja\/wp-json\/wp\/v2\/comments?post=118771"}],"version-history":[{"count":0,"href":"https:\/\/www.joyana.fr\/ja\/wp-json\/wp\/v2\/posts\/118771\/revisions"}],"wp:featuredmedia":[{"embeddable":true,"href":"https:\/\/www.joyana.fr\/ja\/wp-json\/wp\/v2\/media\/119246"}],"wp:attachment":[{"href":"https:\/\/www.joyana.fr\/ja\/wp-json\/wp\/v2\/media?parent=118771"}],"wp:term":[{"taxonomy":"category","embeddable":true,"href":"https:\/\/www.joyana.fr\/ja\/wp-json\/wp\/v2\/categories?post=118771"},{"taxonomy":"post_tag","embeddable":true,"href":"https:\/\/www.joyana.fr\/ja\/wp-json\/wp\/v2\/tags?post=118771"}],"curies":[{"name":"wp","href":"https:\/\/api.w.org\/{rel}","templated":true}]}}