{"id":118051,"date":"2014-08-05T05:50:51","date_gmt":"2014-08-05T04:50:51","guid":{"rendered":"https:\/\/joyana.fr\/?p=18051"},"modified":"2014-08-05T05:50:51","modified_gmt":"2014-08-05T04:50:51","slug":"decoration-style-maritime","status":"publish","type":"post","link":"https:\/\/www.joyana.fr\/ja\/decoration-style-maritime\/118051\/","title":{"rendered":"D\u00c9CORATION &#8211; Style Maritime"},"content":{"rendered":"<p style=\"text-align: justify;\">En cette p\u00e9riode estivale, nous cherchons tous un peu de vacances dans l&#8217;univers qui nous entoure. De les vivre pleinement m\u00eame dans notre d\u00e9coration ! Quand le bord de mer s\u2019invite chez vous, les acc\u00e9ssoires d\u00e9co et le mobilier au <strong>style maritime<\/strong> se fondent \u00e0 merveille dans votre int\u00e9rieur&#8230;<\/p>\n<p><a href=\"https:\/\/i0.wp.com\/joyana.fr\/wp-content\/uploads\/2014\/08\/11.jpg?ssl=1\"><img data-recalc-dims=\"1\" fetchpriority=\"high\" decoding=\"async\" class=\"alignnone size-full wp-image-18053\" src=\"https:\/\/i0.wp.com\/joyana.fr\/wp-content\/uploads\/2014\/08\/11.jpg?resize=538%2C400&#038;ssl=1\" alt=\"1[1]\" width=\"538\" height=\"400\" \/><\/a><\/p>\n<p style=\"text-align: justify;\"><em>La mer est toujours associ\u00e9e aux vacances : le bruit des vagues, l\u2019iode, et le sable chaud sous les pieds\u2026<\/em><br \/>\n<em> Le <strong>style maritime<\/strong> s\u2019offre \u00e0 ceux qui veulent un int\u00e9rieur lumineux et confortable. Pour rester dans l\u2019esprit nautique, d\u00e9corez votre int\u00e9rieur avec des tissus simples et des murs aux teintes bleues.<\/em><\/p>\n<p style=\"text-align: justify;\"><em>Toutes les mati\u00e8res naturelles sont \u00e0 l\u2019honneur, le bois, le rotin, le lin ! On recherche donc des meubles aux couleurs neutres comme le blanc qui se marie avec tout type d\u2019int\u00e9rieur. On jouera plus sur les accessoires rappelant le milieu maritime, comme une sculpture de corail qui mettra une touche de couleur vive dans votre salon ou encore un plat bleu turquoise rappelant les bords de la M\u00e9diterran\u00e9e.<\/em><\/p>\n<p style=\"text-align: justify;\"><em> Afin de vous installer confortablement, choisissez un fauteuil en rotin, couleur naturelle, qui rappellera les bois flottants que l\u2019on trouve sur la plage. Garnissez-le de coussins aux couleurs maritimes : bleu et blanc. Selon les motifs, les coussins pourront \u00e9voquer certaines destinations de la m\u00e9diterran\u00e9e comme la Gr\u00e8ce.<\/em><\/p>\n<p style=\"text-align: justify;\"><em> Afin de cloisonner une grande pi\u00e8ce tout en restant dans le style maritime, posez un paravent en bois blanc au milieu, agr\u00e9mentez votre pi\u00e8ce d\u2019une commode blanche pour que celle-ci reste dans l\u2019esprit \u00ab bord de mer \u00bb tout en \u00e9tant tr\u00e8s design.<\/em><\/p>\n<p><a href=\"https:\/\/i0.wp.com\/joyana.fr\/wp-content\/uploads\/2014\/08\/1.jpg?ssl=1\"><img data-recalc-dims=\"1\" decoding=\"async\" class=\"alignnone size-full wp-image-18052\" src=\"https:\/\/i0.wp.com\/joyana.fr\/wp-content\/uploads\/2014\/08\/1.jpg?resize=650%2C434&#038;ssl=1\" alt=\"1\" width=\"650\" height=\"434\" \/><\/a><\/p>\n<p style=\"text-align: justify;\"><em> A l\u2019ext\u00e9rieur ou dans le salon, d\u00e9pliez une chaise longue. Cet accessoire donnera un air de vacances \u00e0 votre int\u00e9rieur maritime. Ajoutez des accessoires comme un plateau en bois, des lampes restant dans les couleurs azur\u00e9es. Pour un design toujours plus tendance, mixez les formes : pied de lampe rectangulaire avec un abat-jour circulaire.<\/em><br \/>\n<em> Afin d\u2019avoir un int\u00e9rieur confortable toute l\u2019ann\u00e9e, un canap\u00e9 en velours blanc surpiqu\u00e9, style Chersterfield mettra votre pi\u00e8ce en valeur. Ajoutez un tapis et de belles petites tables style art-nouveau&#8230;<\/em><\/p>\n<p><img data-recalc-dims=\"1\" decoding=\"async\" class=\"alignnone size-full wp-image-18054\" src=\"https:\/\/i0.wp.com\/joyana.fr\/wp-content\/uploads\/2014\/08\/2.jpg?resize=650%2C388&#038;ssl=1\" alt=\"2\" width=\"650\" height=\"388\" \/><\/p>\n<p><em>Id\u00e9e propos\u00e9e par\u00a0<a href=\"http:\/\/www.westwing.fr\">Westwing<\/a><\/em><\/p>\n","protected":false},"excerpt":{"rendered":"<p>En cette p\u00e9riode estivale, nous cherchons tous un peu de vacances dans l&#8217;univers qui nous entoure. De les vivre pleinement m\u00eame dans notre d\u00e9coration ! Quand le bord de mer s\u2019invite chez vous, les acc\u00e9ssoires d\u00e9co et le mobilier au style maritime se fondent \u00e0 merveille dans votre int\u00e9rieur&#8230; <\/p>\n","protected":false},"author":2,"featured_media":118055,"comment_status":"open","ping_status":"open","sticky":false,"template":"","format":"aside","meta":{"_coblocks_attr":"","_coblocks_dimensions":"","_coblocks_responsive_height":"","_coblocks_accordion_ie_support":"","_uag_custom_page_level_css":"","advgb_blocks_editor_width":"","advgb_blocks_columns_visual_guide":"","_genesis_hide_title":false,"_genesis_hide_breadcrumbs":false,"_genesis_hide_singular_image":false,"_genesis_hide_footer_widgets":false,"_genesis_custom_body_class":"","_genesis_custom_post_class":"","_genesis_layout":"","_themeisle_gutenberg_block_has_review":false,"_jetpack_newsletter_access":"","_jetpack_dont_email_post_to_subs":false,"_jetpack_newsletter_tier_id":0,"_jetpack_memberships_contains_paywalled_content":false,"_jetpack_memberships_contains_paid_content":false,"footnotes":""},"categories":[905,935],"tags":[934,95,1791,1792],"class_list":{"0":"post-118051","1":"post","2":"type-post","3":"status-publish","4":"format-aside","5":"has-post-thumbnail","7":"category-deco-design","8":"category-decoration","9":"tag-deco","10":"tag-decoration","11":"tag-maritime","12":"tag-style-maritime","13":"post_format-post-format-aside","14":"entry"},"featured_image_urls":{"full":["https:\/\/i0.wp.com\/www.joyana.fr\/wp-content\/uploads\/2014\/08\/3.jpg?fit=650%2C433&ssl=1",650,433,false],"thumbnail":["https:\/\/i0.wp.com\/www.joyana.fr\/wp-content\/uploads\/2014\/08\/3.jpg?resize=150%2C150&ssl=1",150,150,true],"medium":["https:\/\/i0.wp.com\/www.joyana.fr\/wp-content\/uploads\/2014\/08\/3.jpg?fit=389%2C259&ssl=1",389,259,true],"medium_large":["https:\/\/i0.wp.com\/www.joyana.fr\/wp-content\/uploads\/2014\/08\/3.jpg?fit=650%2C433&ssl=1",650,433,true],"large":["https:\/\/i0.wp.com\/www.joyana.fr\/wp-content\/uploads\/2014\/08\/3.jpg?fit=650%2C433&ssl=1",650,433,true],"1536x1536":["https:\/\/i0.wp.com\/www.joyana.fr\/wp-content\/uploads\/2014\/08\/3.jpg?fit=650%2C433&ssl=1",650,433,true],"2048x2048":["https:\/\/i0.wp.com\/www.joyana.fr\/wp-content\/uploads\/2014\/08\/3.jpg?fit=650%2C433&ssl=1",650,433,true],"featured-thumb":["https:\/\/i0.wp.com\/www.joyana.fr\/wp-content\/uploads\/2014\/08\/3.jpg?resize=650%2C433&ssl=1",650,433,true],"ab-block-post-grid-landscape":["https:\/\/i0.wp.com\/www.joyana.fr\/wp-content\/uploads\/2014\/08\/3.jpg?resize=600%2C400&ssl=1",600,400,true],"ab-block-post-grid-square":["https:\/\/i0.wp.com\/www.joyana.fr\/wp-content\/uploads\/2014\/08\/3.jpg?resize=600%2C433&ssl=1",600,433,true],"author-pro-image":["https:\/\/i0.wp.com\/www.joyana.fr\/wp-content\/uploads\/2014\/08\/3.jpg?resize=360%2C433&ssl=1",360,433,true],"slider":["https:\/\/i0.wp.com\/www.joyana.fr\/wp-content\/uploads\/2014\/08\/3.jpg?resize=650%2C400&ssl=1",650,400,true],"woocommerce_thumbnail":["https:\/\/i0.wp.com\/www.joyana.fr\/wp-content\/uploads\/2014\/08\/3.jpg?resize=450%2C433&ssl=1",450,433,true],"woocommerce_single":["https:\/\/i0.wp.com\/www.joyana.fr\/wp-content\/uploads\/2014\/08\/3.jpg?fit=650%2C433&ssl=1",650,433,true],"woocommerce_gallery_thumbnail":["https:\/\/i0.wp.com\/www.joyana.fr\/wp-content\/uploads\/2014\/08\/3.jpg?resize=180%2C180&ssl=1",180,180,true],"sow-carousel-default":["https:\/\/i0.wp.com\/www.joyana.fr\/wp-content\/uploads\/2014\/08\/3.jpg?resize=272%2C182&ssl=1",272,182,true]},"post_excerpt_stackable":"<p>En cette p\u00e9riode estivale, nous cherchons tous un peu de vacances dans l&#8217;univers qui nous entoure. De les vivre pleinement m\u00eame dans notre d\u00e9coration ! Quand le bord de mer s\u2019invite chez vous, les acc\u00e9ssoires d\u00e9co et le mobilier au style maritime se fondent \u00e0 merveille dans votre int\u00e9rieur&#8230; <\/p>\n","category_list":"<a href=\"https:\/\/www.joyana.fr\/ja\/category\/deco-design\/\" rel=\"category tag\">DECO-DESIGN<\/a>, <a href=\"https:\/\/www.joyana.fr\/ja\/category\/deco-design\/decoration\/\" rel=\"category tag\">D\u00e9coration<\/a>","author_info":{"display_name":"J\u00e9r\u00e9my Frob\u00e9nius","author_link":"https:\/\/www.joyana.fr\/ja\/author\/influence\/"},"comments_num":"0 comments","featured_image_urls_v2":{"full":["https:\/\/i0.wp.com\/www.joyana.fr\/wp-content\/uploads\/2014\/08\/3.jpg?fit=650%2C433&ssl=1",650,433,false],"thumbnail":["https:\/\/i0.wp.com\/www.joyana.fr\/wp-content\/uploads\/2014\/08\/3.jpg?resize=150%2C150&ssl=1",150,150,true],"medium":["https:\/\/i0.wp.com\/www.joyana.fr\/wp-content\/uploads\/2014\/08\/3.jpg?fit=389%2C259&ssl=1",389,259,true],"medium_large":["https:\/\/i0.wp.com\/www.joyana.fr\/wp-content\/uploads\/2014\/08\/3.jpg?fit=650%2C433&ssl=1",650,433,true],"large":["https:\/\/i0.wp.com\/www.joyana.fr\/wp-content\/uploads\/2014\/08\/3.jpg?fit=650%2C433&ssl=1",650,433,true],"1536x1536":["https:\/\/i0.wp.com\/www.joyana.fr\/wp-content\/uploads\/2014\/08\/3.jpg?fit=650%2C433&ssl=1",650,433,true],"2048x2048":["https:\/\/i0.wp.com\/www.joyana.fr\/wp-content\/uploads\/2014\/08\/3.jpg?fit=650%2C433&ssl=1",650,433,true],"featured-thumb":["https:\/\/i0.wp.com\/www.joyana.fr\/wp-content\/uploads\/2014\/08\/3.jpg?resize=650%2C433&ssl=1",650,433,true],"ab-block-post-grid-landscape":["https:\/\/i0.wp.com\/www.joyana.fr\/wp-content\/uploads\/2014\/08\/3.jpg?resize=600%2C400&ssl=1",600,400,true],"ab-block-post-grid-square":["https:\/\/i0.wp.com\/www.joyana.fr\/wp-content\/uploads\/2014\/08\/3.jpg?resize=600%2C433&ssl=1",600,433,true],"author-pro-image":["https:\/\/i0.wp.com\/www.joyana.fr\/wp-content\/uploads\/2014\/08\/3.jpg?resize=360%2C433&ssl=1",360,433,true],"slider":["https:\/\/i0.wp.com\/www.joyana.fr\/wp-content\/uploads\/2014\/08\/3.jpg?resize=650%2C400&ssl=1",650,400,true],"woocommerce_thumbnail":["https:\/\/i0.wp.com\/www.joyana.fr\/wp-content\/uploads\/2014\/08\/3.jpg?resize=450%2C433&ssl=1",450,433,true],"woocommerce_single":["https:\/\/i0.wp.com\/www.joyana.fr\/wp-content\/uploads\/2014\/08\/3.jpg?fit=650%2C433&ssl=1",650,433,true],"woocommerce_gallery_thumbnail":["https:\/\/i0.wp.com\/www.joyana.fr\/wp-content\/uploads\/2014\/08\/3.jpg?resize=180%2C180&ssl=1",180,180,true],"sow-carousel-default":["https:\/\/i0.wp.com\/www.joyana.fr\/wp-content\/uploads\/2014\/08\/3.jpg?resize=272%2C182&ssl=1",272,182,true]},"post_excerpt_stackable_v2":"<p>En cette p\u00e9riode estivale, nous cherchons tous un peu de vacances dans l&#8217;univers qui nous entoure. De les vivre pleinement m\u00eame dans notre d\u00e9coration ! Quand le bord de mer s\u2019invite chez vous, les acc\u00e9ssoires d\u00e9co et le mobilier au style maritime se fondent \u00e0 merveille dans votre int\u00e9rieur&#8230; <\/p>\n","category_list_v2":"<a href=\"https:\/\/www.joyana.fr\/ja\/category\/deco-design\/\" rel=\"category tag\">DECO-DESIGN<\/a>, <a href=\"https:\/\/www.joyana.fr\/ja\/category\/deco-design\/decoration\/\" rel=\"category tag\">D\u00e9coration<\/a>","author_info_v2":{"name":"J\u00e9r\u00e9my Frob\u00e9nius","url":"https:\/\/www.joyana.fr\/ja\/author\/influence\/"},"comments_num_v2":"0 comments","yoast_head":"<!-- This site is optimized with the Yoast SEO plugin v26.8 - https:\/\/yoast.com\/product\/yoast-seo-wordpress\/ -->\n<title>D\u00c9CORATION - Style Maritime | D\u00e9co-Design<\/title>\n<meta name=\"description\" content=\"Quand le bord de mer s\u2019invite chez vous, les acc\u00e9ssoires d\u00e9co et le mobilier au style maritime se fondent \u00e0 merveille dans votre int\u00e9rieur...\" \/>\n<meta name=\"robots\" content=\"index, follow, max-snippet:-1, max-image-preview:large, max-video-preview:-1\" \/>\n<link rel=\"canonical\" href=\"https:\/\/joyana.fr\/ja\/decoration-style-maritime\/118051\/\" \/>\n<meta property=\"og:locale\" content=\"ja_JP\" \/>\n<meta property=\"og:locale:alternate\" content=\"fr_FR\" \/>\n<meta property=\"og:locale:alternate\" content=\"en_US\" \/>\n<meta property=\"og:type\" content=\"article\" \/>\n<meta property=\"og:title\" content=\"D\u00c9CORATION - Style Maritime | D\u00e9co-Design\" \/>\n<meta property=\"og:description\" content=\"Quand le bord de mer s\u2019invite chez vous, les acc\u00e9ssoires d\u00e9co et le mobilier au style maritime se fondent \u00e0 merveille dans votre int\u00e9rieur...\" \/>\n<meta property=\"og:url\" content=\"https:\/\/www.joyana.fr\/ja\/decoration-style-maritime\/118051\/\" \/>\n<meta property=\"og:site_name\" content=\"JO YANA\" \/>\n<meta property=\"article:published_time\" content=\"2014-08-05T04:50:51+00:00\" \/>\n<meta property=\"og:image\" content=\"https:\/\/joyana.fr\/wp-content\/uploads\/2014\/08\/3.jpg\" \/>\n\t<meta property=\"og:image:width\" content=\"650\" \/>\n\t<meta property=\"og:image:height\" content=\"433\" \/>\n\t<meta property=\"og:image:type\" content=\"image\/jpeg\" \/>\n<meta name=\"author\" content=\"J\u00e9r\u00e9my Frob\u00e9nius\" \/>\n<meta name=\"twitter:card\" content=\"summary_large_image\" \/>\n<meta name=\"twitter:creator\" content=\"@Jo_Yana\" \/>\n<meta name=\"twitter:site\" content=\"@Jo_Yana\" \/>\n<meta name=\"twitter:label1\" content=\"\u57f7\u7b46\u8005\" \/>\n\t<meta name=\"twitter:data1\" content=\"J\u00e9r\u00e9my Frob\u00e9nius\" \/>\n\t<meta name=\"twitter:label2\" content=\"\u63a8\u5b9a\u8aad\u307f\u53d6\u308a\u6642\u9593\" \/>\n\t<meta name=\"twitter:data2\" content=\"2\u5206\" \/>\n<script type=\"application\/ld+json\" class=\"yoast-schema-graph\">{\"@context\":\"https:\/\/schema.org\",\"@graph\":[{\"@type\":\"Article\",\"@id\":\"https:\/\/joyana.fr\/ja\/decoration-style-maritime\/118051\/#article\",\"isPartOf\":{\"@id\":\"https:\/\/joyana.fr\/ja\/decoration-style-maritime\/118051\/\"},\"author\":{\"name\":\"J\u00e9r\u00e9my Frob\u00e9nius\",\"@id\":\"https:\/\/joyana.fr\/#\/schema\/person\/30e35bdb5bc60b25602df18045191b72\"},\"headline\":\"D\u00c9CORATION &#8211; Style Maritime\",\"datePublished\":\"2014-08-05T04:50:51+00:00\",\"mainEntityOfPage\":{\"@id\":\"https:\/\/joyana.fr\/ja\/decoration-style-maritime\/118051\/\"},\"wordCount\":385,\"commentCount\":0,\"publisher\":{\"@id\":\"https:\/\/joyana.fr\/#\/schema\/person\/cf2a1ad12a27c12c21801075bf37407c\"},\"image\":{\"@id\":\"https:\/\/joyana.fr\/ja\/decoration-style-maritime\/118051\/#primaryimage\"},\"thumbnailUrl\":\"https:\/\/i0.wp.com\/www.joyana.fr\/wp-content\/uploads\/2014\/08\/3.jpg?fit=650%2C433&ssl=1\",\"keywords\":[\"D\u00e9co\",\"Decoration\",\"Maritime\",\"Style Maritime\"],\"articleSection\":[\"DECO-DESIGN\",\"D\u00e9coration\"],\"inLanguage\":\"ja\",\"potentialAction\":[{\"@type\":\"CommentAction\",\"name\":\"Comment\",\"target\":[\"https:\/\/joyana.fr\/ja\/decoration-style-maritime\/118051\/#respond\"]}]},{\"@type\":\"WebPage\",\"@id\":\"https:\/\/joyana.fr\/ja\/decoration-style-maritime\/118051\/\",\"url\":\"https:\/\/joyana.fr\/ja\/decoration-style-maritime\/118051\/\",\"name\":\"D\u00c9CORATION - Style Maritime | D\u00e9co-Design\",\"isPartOf\":{\"@id\":\"https:\/\/joyana.fr\/#website\"},\"primaryImageOfPage\":{\"@id\":\"https:\/\/joyana.fr\/ja\/decoration-style-maritime\/118051\/#primaryimage\"},\"image\":{\"@id\":\"https:\/\/joyana.fr\/ja\/decoration-style-maritime\/118051\/#primaryimage\"},\"thumbnailUrl\":\"https:\/\/i0.wp.com\/www.joyana.fr\/wp-content\/uploads\/2014\/08\/3.jpg?fit=650%2C433&ssl=1\",\"datePublished\":\"2014-08-05T04:50:51+00:00\",\"description\":\"Quand le bord de mer s\u2019invite chez vous, les acc\u00e9ssoires d\u00e9co et le mobilier au style maritime se fondent \u00e0 merveille dans votre int\u00e9rieur...\",\"breadcrumb\":{\"@id\":\"https:\/\/joyana.fr\/ja\/decoration-style-maritime\/118051\/#breadcrumb\"},\"inLanguage\":\"ja\",\"potentialAction\":[{\"@type\":\"ReadAction\",\"target\":[\"https:\/\/joyana.fr\/ja\/decoration-style-maritime\/118051\/\"]}]},{\"@type\":\"ImageObject\",\"inLanguage\":\"ja\",\"@id\":\"https:\/\/joyana.fr\/ja\/decoration-style-maritime\/118051\/#primaryimage\",\"url\":\"https:\/\/i0.wp.com\/www.joyana.fr\/wp-content\/uploads\/2014\/08\/3.jpg?fit=650%2C433&ssl=1\",\"contentUrl\":\"https:\/\/i0.wp.com\/www.joyana.fr\/wp-content\/uploads\/2014\/08\/3.jpg?fit=650%2C433&ssl=1\",\"width\":650,\"height\":433},{\"@type\":\"BreadcrumbList\",\"@id\":\"https:\/\/joyana.fr\/ja\/decoration-style-maritime\/118051\/#breadcrumb\",\"itemListElement\":[{\"@type\":\"ListItem\",\"position\":1,\"name\":\"Accueil\",\"item\":\"https:\/\/joyana.fr\/\"},{\"@type\":\"ListItem\",\"position\":2,\"name\":\"D\u00c9CORATION &#8211; Style Maritime\"}]},{\"@type\":\"WebSite\",\"@id\":\"https:\/\/joyana.fr\/#website\",\"url\":\"https:\/\/joyana.fr\/\",\"name\":\"JO YANA\",\"description\":\"Blog Mode Homme, Lifestyle, D\u00e9co-Design\",\"publisher\":{\"@id\":\"https:\/\/joyana.fr\/#\/schema\/person\/cf2a1ad12a27c12c21801075bf37407c\"},\"potentialAction\":[{\"@type\":\"SearchAction\",\"target\":{\"@type\":\"EntryPoint\",\"urlTemplate\":\"https:\/\/joyana.fr\/?s={search_term_string}\"},\"query-input\":{\"@type\":\"PropertyValueSpecification\",\"valueRequired\":true,\"valueName\":\"search_term_string\"}}],\"inLanguage\":\"ja\"},{\"@type\":[\"Person\",\"Organization\"],\"@id\":\"https:\/\/joyana.fr\/#\/schema\/person\/cf2a1ad12a27c12c21801075bf37407c\",\"name\":\"Jo Yana\",\"image\":{\"@type\":\"ImageObject\",\"inLanguage\":\"ja\",\"@id\":\"https:\/\/joyana.fr\/#\/schema\/person\/image\/\",\"url\":\"https:\/\/i0.wp.com\/www.joyana.fr\/wp-content\/uploads\/2016\/08\/cropped-joyana-logo-black-360x180.png?fit=343%2C164&ssl=1\",\"contentUrl\":\"https:\/\/i0.wp.com\/www.joyana.fr\/wp-content\/uploads\/2016\/08\/cropped-joyana-logo-black-360x180.png?fit=343%2C164&ssl=1\",\"width\":343,\"height\":164,\"caption\":\"Jo Yana\"},\"logo\":{\"@id\":\"https:\/\/joyana.fr\/#\/schema\/person\/image\/\"},\"description\":\"Jo Yana est le cr\u00e9ateur et r\u00e9dacteur en chef des sites DECO-DESIGN. Passionn\u00e9 de Design, Mode, Photo, Luxe, Lifestyle, Musique, mais avant tout Blogueur ! Le plaisir de partager l'anime et a comme devise \\\"POUR L'AMOUR DU BEAU\\\". Retrouvez le aussi sur son blog personnel - https:\/\/joyana.fr...\",\"sameAs\":[\"https:\/\/joyana.fr\/\"]},{\"@type\":\"Person\",\"@id\":\"https:\/\/joyana.fr\/#\/schema\/person\/30e35bdb5bc60b25602df18045191b72\",\"name\":\"J\u00e9r\u00e9my Frob\u00e9nius\",\"image\":{\"@type\":\"ImageObject\",\"inLanguage\":\"ja\",\"@id\":\"https:\/\/joyana.fr\/#\/schema\/person\/image\/\",\"url\":\"https:\/\/secure.gravatar.com\/avatar\/b53fa5515b55c193a883253e48e39765?s=96&d=retro&r=g\",\"contentUrl\":\"https:\/\/secure.gravatar.com\/avatar\/b53fa5515b55c193a883253e48e39765?s=96&d=retro&r=g\",\"caption\":\"J\u00e9r\u00e9my Frob\u00e9nius\"},\"description\":\"Jeremy Frobenius est un amateur d\u2019architecture et de design depuis de nombreuses ann\u00e9es. Il a rejoint le Forum Deco-Design en 2007 en int\u00e9grant l\u2019\u00e9quipe de mod\u00e9rateurs, et depuis il couvre certains \u00e9v\u00e8nements comme Maison &amp; Objet, ou les Designer's Days... Passionn\u00e9 d\u2019automobiles, il s\u2019exerce aussi \u00e0 la photographie lors de ses voyages et d\u00e9ambulations urbaine.\",\"url\":\"https:\/\/www.joyana.fr\/ja\/author\/influence\/\"}]}<\/script>\n<!-- \/ Yoast SEO plugin. -->","yoast_head_json":{"title":"D\u00c9CORATION - Style Maritime | D\u00e9co-Design","description":"Quand le bord de mer s\u2019invite chez vous, les acc\u00e9ssoires d\u00e9co et le mobilier au style maritime se fondent \u00e0 merveille dans votre int\u00e9rieur...","robots":{"index":"index","follow":"follow","max-snippet":"max-snippet:-1","max-image-preview":"max-image-preview:large","max-video-preview":"max-video-preview:-1"},"canonical":"https:\/\/joyana.fr\/ja\/decoration-style-maritime\/118051\/","og_locale":"ja_JP","og_type":"article","og_title":"D\u00c9CORATION - Style Maritime | D\u00e9co-Design","og_description":"Quand le bord de mer s\u2019invite chez vous, les acc\u00e9ssoires d\u00e9co et le mobilier au style maritime se fondent \u00e0 merveille dans votre int\u00e9rieur...","og_url":"https:\/\/www.joyana.fr\/ja\/decoration-style-maritime\/118051\/","og_site_name":"JO YANA","article_published_time":"2014-08-05T04:50:51+00:00","og_image":[{"width":650,"height":433,"url":"https:\/\/joyana.fr\/wp-content\/uploads\/2014\/08\/3.jpg","type":"image\/jpeg"}],"author":"J\u00e9r\u00e9my Frob\u00e9nius","twitter_card":"summary_large_image","twitter_creator":"@Jo_Yana","twitter_site":"@Jo_Yana","twitter_misc":{"\u57f7\u7b46\u8005":"J\u00e9r\u00e9my Frob\u00e9nius","\u63a8\u5b9a\u8aad\u307f\u53d6\u308a\u6642\u9593":"2\u5206"},"schema":{"@context":"https:\/\/schema.org","@graph":[{"@type":"Article","@id":"https:\/\/joyana.fr\/ja\/decoration-style-maritime\/118051\/#article","isPartOf":{"@id":"https:\/\/joyana.fr\/ja\/decoration-style-maritime\/118051\/"},"author":{"name":"J\u00e9r\u00e9my Frob\u00e9nius","@id":"https:\/\/joyana.fr\/#\/schema\/person\/30e35bdb5bc60b25602df18045191b72"},"headline":"D\u00c9CORATION &#8211; Style Maritime","datePublished":"2014-08-05T04:50:51+00:00","mainEntityOfPage":{"@id":"https:\/\/joyana.fr\/ja\/decoration-style-maritime\/118051\/"},"wordCount":385,"commentCount":0,"publisher":{"@id":"https:\/\/joyana.fr\/#\/schema\/person\/cf2a1ad12a27c12c21801075bf37407c"},"image":{"@id":"https:\/\/joyana.fr\/ja\/decoration-style-maritime\/118051\/#primaryimage"},"thumbnailUrl":"https:\/\/i0.wp.com\/www.joyana.fr\/wp-content\/uploads\/2014\/08\/3.jpg?fit=650%2C433&ssl=1","keywords":["D\u00e9co","Decoration","Maritime","Style Maritime"],"articleSection":["DECO-DESIGN","D\u00e9coration"],"inLanguage":"ja","potentialAction":[{"@type":"CommentAction","name":"Comment","target":["https:\/\/joyana.fr\/ja\/decoration-style-maritime\/118051\/#respond"]}]},{"@type":"WebPage","@id":"https:\/\/joyana.fr\/ja\/decoration-style-maritime\/118051\/","url":"https:\/\/joyana.fr\/ja\/decoration-style-maritime\/118051\/","name":"D\u00c9CORATION - Style Maritime | D\u00e9co-Design","isPartOf":{"@id":"https:\/\/joyana.fr\/#website"},"primaryImageOfPage":{"@id":"https:\/\/joyana.fr\/ja\/decoration-style-maritime\/118051\/#primaryimage"},"image":{"@id":"https:\/\/joyana.fr\/ja\/decoration-style-maritime\/118051\/#primaryimage"},"thumbnailUrl":"https:\/\/i0.wp.com\/www.joyana.fr\/wp-content\/uploads\/2014\/08\/3.jpg?fit=650%2C433&ssl=1","datePublished":"2014-08-05T04:50:51+00:00","description":"Quand le bord de mer s\u2019invite chez vous, les acc\u00e9ssoires d\u00e9co et le mobilier au style maritime se fondent \u00e0 merveille dans votre int\u00e9rieur...","breadcrumb":{"@id":"https:\/\/joyana.fr\/ja\/decoration-style-maritime\/118051\/#breadcrumb"},"inLanguage":"ja","potentialAction":[{"@type":"ReadAction","target":["https:\/\/joyana.fr\/ja\/decoration-style-maritime\/118051\/"]}]},{"@type":"ImageObject","inLanguage":"ja","@id":"https:\/\/joyana.fr\/ja\/decoration-style-maritime\/118051\/#primaryimage","url":"https:\/\/i0.wp.com\/www.joyana.fr\/wp-content\/uploads\/2014\/08\/3.jpg?fit=650%2C433&ssl=1","contentUrl":"https:\/\/i0.wp.com\/www.joyana.fr\/wp-content\/uploads\/2014\/08\/3.jpg?fit=650%2C433&ssl=1","width":650,"height":433},{"@type":"BreadcrumbList","@id":"https:\/\/joyana.fr\/ja\/decoration-style-maritime\/118051\/#breadcrumb","itemListElement":[{"@type":"ListItem","position":1,"name":"Accueil","item":"https:\/\/joyana.fr\/"},{"@type":"ListItem","position":2,"name":"D\u00c9CORATION &#8211; Style Maritime"}]},{"@type":"WebSite","@id":"https:\/\/joyana.fr\/#website","url":"https:\/\/joyana.fr\/","name":"JO YANA","description":"Blog Mode Homme, Lifestyle, D\u00e9co-Design","publisher":{"@id":"https:\/\/joyana.fr\/#\/schema\/person\/cf2a1ad12a27c12c21801075bf37407c"},"potentialAction":[{"@type":"SearchAction","target":{"@type":"EntryPoint","urlTemplate":"https:\/\/joyana.fr\/?s={search_term_string}"},"query-input":{"@type":"PropertyValueSpecification","valueRequired":true,"valueName":"search_term_string"}}],"inLanguage":"ja"},{"@type":["Person","Organization"],"@id":"https:\/\/joyana.fr\/#\/schema\/person\/cf2a1ad12a27c12c21801075bf37407c","name":"Jo Yana","image":{"@type":"ImageObject","inLanguage":"ja","@id":"https:\/\/joyana.fr\/#\/schema\/person\/image\/","url":"https:\/\/i0.wp.com\/www.joyana.fr\/wp-content\/uploads\/2016\/08\/cropped-joyana-logo-black-360x180.png?fit=343%2C164&ssl=1","contentUrl":"https:\/\/i0.wp.com\/www.joyana.fr\/wp-content\/uploads\/2016\/08\/cropped-joyana-logo-black-360x180.png?fit=343%2C164&ssl=1","width":343,"height":164,"caption":"Jo Yana"},"logo":{"@id":"https:\/\/joyana.fr\/#\/schema\/person\/image\/"},"description":"Jo Yana est le cr\u00e9ateur et r\u00e9dacteur en chef des sites DECO-DESIGN. Passionn\u00e9 de Design, Mode, Photo, Luxe, Lifestyle, Musique, mais avant tout Blogueur ! Le plaisir de partager l'anime et a comme devise \"POUR L'AMOUR DU BEAU\". Retrouvez le aussi sur son blog personnel - https:\/\/joyana.fr...","sameAs":["https:\/\/joyana.fr\/"]},{"@type":"Person","@id":"https:\/\/joyana.fr\/#\/schema\/person\/30e35bdb5bc60b25602df18045191b72","name":"J\u00e9r\u00e9my Frob\u00e9nius","image":{"@type":"ImageObject","inLanguage":"ja","@id":"https:\/\/joyana.fr\/#\/schema\/person\/image\/","url":"https:\/\/secure.gravatar.com\/avatar\/b53fa5515b55c193a883253e48e39765?s=96&d=retro&r=g","contentUrl":"https:\/\/secure.gravatar.com\/avatar\/b53fa5515b55c193a883253e48e39765?s=96&d=retro&r=g","caption":"J\u00e9r\u00e9my Frob\u00e9nius"},"description":"Jeremy Frobenius est un amateur d\u2019architecture et de design depuis de nombreuses ann\u00e9es. Il a rejoint le Forum Deco-Design en 2007 en int\u00e9grant l\u2019\u00e9quipe de mod\u00e9rateurs, et depuis il couvre certains \u00e9v\u00e8nements comme Maison &amp; Objet, ou les Designer's Days... Passionn\u00e9 d\u2019automobiles, il s\u2019exerce aussi \u00e0 la photographie lors de ses voyages et d\u00e9ambulations urbaine.","url":"https:\/\/www.joyana.fr\/ja\/author\/influence\/"}]}},"author_meta":{"display_name":"J\u00e9r\u00e9my Frob\u00e9nius","author_link":"https:\/\/www.joyana.fr\/ja\/author\/influence\/"},"featured_img":"https:\/\/i0.wp.com\/www.joyana.fr\/wp-content\/uploads\/2014\/08\/3.jpg?fit=389%2C259&ssl=1","featured_image_src":"https:\/\/i0.wp.com\/www.joyana.fr\/wp-content\/uploads\/2014\/08\/3.jpg?resize=600%2C400&ssl=1","featured_image_src_square":"https:\/\/i0.wp.com\/www.joyana.fr\/wp-content\/uploads\/2014\/08\/3.jpg?resize=600%2C433&ssl=1","jetpack_featured_media_url":"https:\/\/i0.wp.com\/www.joyana.fr\/wp-content\/uploads\/2014\/08\/3.jpg?fit=650%2C433&ssl=1","uagb_featured_image_src":{"full":["https:\/\/i0.wp.com\/www.joyana.fr\/wp-content\/uploads\/2014\/08\/3.jpg?fit=650%2C433&ssl=1",650,433,false],"thumbnail":["https:\/\/i0.wp.com\/www.joyana.fr\/wp-content\/uploads\/2014\/08\/3.jpg?resize=150%2C150&ssl=1",150,150,true],"medium":["https:\/\/i0.wp.com\/www.joyana.fr\/wp-content\/uploads\/2014\/08\/3.jpg?fit=389%2C259&ssl=1",389,259,true],"medium_large":["https:\/\/i0.wp.com\/www.joyana.fr\/wp-content\/uploads\/2014\/08\/3.jpg?fit=650%2C433&ssl=1",650,433,true],"large":["https:\/\/i0.wp.com\/www.joyana.fr\/wp-content\/uploads\/2014\/08\/3.jpg?fit=650%2C433&ssl=1",650,433,true],"1536x1536":["https:\/\/i0.wp.com\/www.joyana.fr\/wp-content\/uploads\/2014\/08\/3.jpg?fit=650%2C433&ssl=1",650,433,true],"2048x2048":["https:\/\/i0.wp.com\/www.joyana.fr\/wp-content\/uploads\/2014\/08\/3.jpg?fit=650%2C433&ssl=1",650,433,true],"featured-thumb":["https:\/\/i0.wp.com\/www.joyana.fr\/wp-content\/uploads\/2014\/08\/3.jpg?resize=650%2C433&ssl=1",650,433,true],"ab-block-post-grid-landscape":["https:\/\/i0.wp.com\/www.joyana.fr\/wp-content\/uploads\/2014\/08\/3.jpg?resize=600%2C400&ssl=1",600,400,true],"ab-block-post-grid-square":["https:\/\/i0.wp.com\/www.joyana.fr\/wp-content\/uploads\/2014\/08\/3.jpg?resize=600%2C433&ssl=1",600,433,true],"author-pro-image":["https:\/\/i0.wp.com\/www.joyana.fr\/wp-content\/uploads\/2014\/08\/3.jpg?resize=360%2C433&ssl=1",360,433,true],"slider":["https:\/\/i0.wp.com\/www.joyana.fr\/wp-content\/uploads\/2014\/08\/3.jpg?resize=650%2C400&ssl=1",650,400,true],"woocommerce_thumbnail":["https:\/\/i0.wp.com\/www.joyana.fr\/wp-content\/uploads\/2014\/08\/3.jpg?resize=450%2C433&ssl=1",450,433,true],"woocommerce_single":["https:\/\/i0.wp.com\/www.joyana.fr\/wp-content\/uploads\/2014\/08\/3.jpg?fit=650%2C433&ssl=1",650,433,true],"woocommerce_gallery_thumbnail":["https:\/\/i0.wp.com\/www.joyana.fr\/wp-content\/uploads\/2014\/08\/3.jpg?resize=180%2C180&ssl=1",180,180,true],"sow-carousel-default":["https:\/\/i0.wp.com\/www.joyana.fr\/wp-content\/uploads\/2014\/08\/3.jpg?resize=272%2C182&ssl=1",272,182,true]},"uagb_author_info":{"display_name":"J\u00e9r\u00e9my Frob\u00e9nius","author_link":"https:\/\/www.joyana.fr\/ja\/author\/influence\/"},"uagb_comment_info":0,"uagb_excerpt":"En cette p\u00e9riode estivale, nous cherchons tous un peu d&hellip;","coauthors":[],"tax_additional":{"categories":{"linked":["<a href=\"https:\/\/www.joyana.fr\/ja\/category\/deco-design\/\" class=\"advgb-post-tax-term\">DECO-DESIGN<\/a>","<a href=\"https:\/\/www.joyana.fr\/ja\/category\/deco-design\/decoration\/\" class=\"advgb-post-tax-term\">D\u00e9coration<\/a>"],"unlinked":["<span class=\"advgb-post-tax-term\">DECO-DESIGN<\/span>","<span class=\"advgb-post-tax-term\">D\u00e9coration<\/span>"]},"tags":{"linked":["<a href=\"https:\/\/www.joyana.fr\/ja\/category\/deco-design\/decoration\/\" class=\"advgb-post-tax-term\">D\u00e9co<\/a>","<a href=\"https:\/\/www.joyana.fr\/ja\/category\/deco-design\/decoration\/\" class=\"advgb-post-tax-term\">Decoration<\/a>","<a href=\"https:\/\/www.joyana.fr\/ja\/category\/deco-design\/decoration\/\" class=\"advgb-post-tax-term\">Maritime<\/a>","<a href=\"https:\/\/www.joyana.fr\/ja\/category\/deco-design\/decoration\/\" class=\"advgb-post-tax-term\">Style Maritime<\/a>"],"unlinked":["<span class=\"advgb-post-tax-term\">D\u00e9co<\/span>","<span class=\"advgb-post-tax-term\">Decoration<\/span>","<span class=\"advgb-post-tax-term\">Maritime<\/span>","<span class=\"advgb-post-tax-term\">Style Maritime<\/span>"]}},"comment_count":0,"relative_dates":{"created":"Posted 12\u5e74 ago","modified":"Updated 12\u5e74 ago"},"absolute_dates":{"created":"Posted on 5 8\u6708 2014","modified":"Updated on 5 8\u6708 2014"},"absolute_dates_time":{"created":"Posted on 5 8\u6708 2014 5:50","modified":"Updated on 5 8\u6708 2014 5:50"},"featured_img_caption":"","series_order":"","jetpack_sharing_enabled":true,"jetpack_shortlink":"https:\/\/wp.me\/p9bteI-uI3","jetpack-related-posts":[],"_links":{"self":[{"href":"https:\/\/www.joyana.fr\/ja\/wp-json\/wp\/v2\/posts\/118051","targetHints":{"allow":["GET"]}}],"collection":[{"href":"https:\/\/www.joyana.fr\/ja\/wp-json\/wp\/v2\/posts"}],"about":[{"href":"https:\/\/www.joyana.fr\/ja\/wp-json\/wp\/v2\/types\/post"}],"author":[{"embeddable":true,"href":"https:\/\/www.joyana.fr\/ja\/wp-json\/wp\/v2\/users\/2"}],"replies":[{"embeddable":true,"href":"https:\/\/www.joyana.fr\/ja\/wp-json\/wp\/v2\/comments?post=118051"}],"version-history":[{"count":0,"href":"https:\/\/www.joyana.fr\/ja\/wp-json\/wp\/v2\/posts\/118051\/revisions"}],"wp:featuredmedia":[{"embeddable":true,"href":"https:\/\/www.joyana.fr\/ja\/wp-json\/wp\/v2\/media\/118055"}],"wp:attachment":[{"href":"https:\/\/www.joyana.fr\/ja\/wp-json\/wp\/v2\/media?parent=118051"}],"wp:term":[{"taxonomy":"category","embeddable":true,"href":"https:\/\/www.joyana.fr\/ja\/wp-json\/wp\/v2\/categories?post=118051"},{"taxonomy":"post_tag","embeddable":true,"href":"https:\/\/www.joyana.fr\/ja\/wp-json\/wp\/v2\/tags?post=118051"}],"curies":[{"name":"wp","href":"https:\/\/api.w.org\/{rel}","templated":true}]}}