{"id":117782,"date":"2014-07-09T09:19:08","date_gmt":"2014-07-09T08:19:08","guid":{"rendered":"https:\/\/joyana.fr\/?p=17782"},"modified":"2014-07-09T09:19:08","modified_gmt":"2014-07-09T08:19:08","slug":"carre-en-seine-pietriarchitectes-issy-les-moulineaux-france","status":"publish","type":"post","link":"https:\/\/www.joyana.fr\/ja\/carre-en-seine-pietriarchitectes-issy-les-moulineaux-france\/117782\/","title":{"rendered":"LE CARR\u00c9 EN SEINE par PietriArchitectes (Issy-les-Moulineaux, FRANCE)"},"content":{"rendered":"<p style=\"text-align: justify;\">Apr\u00e8s la tendance des <strong>maisons containers<\/strong>, le cabinet <strong>PietriArchitectes<\/strong> d\u00e9voile <strong>LE CARR\u00c9 EN SEINE<\/strong> &#8211; une r\u00e9sidence d&#8217;Issy-les-Moulineaux dont l&#8217;<strong>architecture,\u00a0<\/strong>pour l&#8217;extension des <strong>appartements<\/strong>, s&#8217;inspire de l&#8217;entassement de <strong>containers<\/strong>&#8230;<\/p>\n<p><a href=\"https:\/\/i0.wp.com\/joyana.fr\/wp-content\/uploads\/2014\/07\/14931-preview_low_1151-1_14931_sc_v2com.jpg?ssl=1\"><img data-recalc-dims=\"1\" fetchpriority=\"high\" decoding=\"async\" data-attachment-id=\"17784\" data-permalink=\"https:\/\/www.joyana.fr\/ja\/sneakers-sneakerness-paris-septembre-2015\/17770\/blog_sneakerness-paris-septembre-2015_22\/\" data-orig-file=\"https:\/\/i0.wp.com\/www.joyana.fr\/wp-content\/uploads\/2015\/09\/BLOG_SNEAKERNESS-PARIS-SEPTEMBRE-2015_22.jpg?fit=1700%2C1700&amp;ssl=1\" data-orig-size=\"1700,1700\" data-comments-opened=\"1\" data-image-meta=\"{&quot;aperture&quot;:&quot;0&quot;,&quot;credit&quot;:&quot;&quot;,&quot;camera&quot;:&quot;&quot;,&quot;caption&quot;:&quot;&quot;,&quot;created_timestamp&quot;:&quot;0&quot;,&quot;copyright&quot;:&quot;&quot;,&quot;focal_length&quot;:&quot;0&quot;,&quot;iso&quot;:&quot;0&quot;,&quot;shutter_speed&quot;:&quot;0&quot;,&quot;title&quot;:&quot;&quot;,&quot;orientation&quot;:&quot;1&quot;}\" data-image-title=\"BLOG_SNEAKERNESS PARIS SEPTEMBRE 2015_22\" data-image-description=\"\" data-image-caption=\"\" data-medium-file=\"https:\/\/i0.wp.com\/www.joyana.fr\/wp-content\/uploads\/2015\/09\/BLOG_SNEAKERNESS-PARIS-SEPTEMBRE-2015_22.jpg?fit=389%2C389&amp;ssl=1\" data-large-file=\"https:\/\/i0.wp.com\/www.joyana.fr\/wp-content\/uploads\/2015\/09\/BLOG_SNEAKERNESS-PARIS-SEPTEMBRE-2015_22.jpg?fit=1024%2C1024&amp;ssl=1\" class=\"alignnone size-full wp-image-17784\" src=\"https:\/\/i0.wp.com\/joyana.fr\/wp-content\/uploads\/2014\/07\/14931-preview_low_1151-1_14931_sc_v2com.jpg?resize=1000%2C667&#038;ssl=1\" alt=\"14931-preview_low_1151-1_14931_sc_v2com\" width=\"1000\" height=\"667\" \/><\/a><\/p>\n<p style=\"text-align: justify;\"><strong>LE CARR\u00c9 EN SEINE<\/strong> est une <strong>r\u00e9sidence d&#8217;Issy-les-Moulineaux<\/strong> o\u00f9 des\u00a0loggias ont \u00e9t\u00e9 imagin\u00e9es\u00a0pour offrir un \u2039 plus \u203a dans\u00a0un milieu urbain o\u00f9 la surface\u00a0fonci\u00e8re est tendue !<\/p>\n<p style=\"text-align: justify;\">Cette r\u00e9alisation est sign\u00e9e par le cabinet <strong>PietriArchitectures<\/strong>, qui reconqu\u00e9rit les friches de cet ancien secteur industriel afin de les relier harmonieusement avec le centre ville. <strong>CARR\u00c9 EN SEINE<\/strong> fait la d\u00e9monstration de techniques inhabituelles dans le logement pour r\u00e9pondre \u00e0 un cahier des charges exigeant en mati\u00e8re de HQE et de r\u00e9glementation thermique (RT 2005 \/ 65kw\/h\/m\u00b2\/an). De volum\u00e9trie simple, la particularit\u00e9 de ces logements r\u00e9side dans sa haute qualit\u00e9 environnementale et dans le traitement innovant des espaces ext\u00e9rieurs qui se d\u00e9tachent de la fa\u00e7ade pour former des \u00ab bo\u00eetes \u00bb en zinc orient\u00e9es selon les vues et l\u2019ensoleillement&#8230;<\/p>\n<p style=\"text-align: justify;\">Les loggias agissent comme des greffes conceptuelles et participent \u00e0 la seconde sp\u00e9cificit\u00e9 de ce programme. Eiffage, l\u2019architecte Jean-Baptiste Pietri, les ont imagin\u00e9es pour r\u00e9pondre \u00e0 une volont\u00e9 d\u2019offrir un \u00ab plus \u00bb dans un milieu urbain o\u00f9 la surface fonci\u00e8re est tendue&#8230;<\/p>\n<p><a href=\"https:\/\/i0.wp.com\/joyana.fr\/wp-content\/uploads\/2014\/07\/14927-preview_low_1151-1_14927_sc_v2com.jpg?ssl=1\"><img data-recalc-dims=\"1\" decoding=\"async\" data-attachment-id=\"17785\" data-permalink=\"https:\/\/www.joyana.fr\/ja\/sneakers-sneakerness-paris-septembre-2015\/17770\/blog_sneakerness-paris-septembre-2015_23\/\" data-orig-file=\"https:\/\/i0.wp.com\/www.joyana.fr\/wp-content\/uploads\/2015\/09\/BLOG_SNEAKERNESS-PARIS-SEPTEMBRE-2015_23.jpg?fit=1700%2C1700&amp;ssl=1\" data-orig-size=\"1700,1700\" data-comments-opened=\"1\" data-image-meta=\"{&quot;aperture&quot;:&quot;0&quot;,&quot;credit&quot;:&quot;&quot;,&quot;camera&quot;:&quot;&quot;,&quot;caption&quot;:&quot;&quot;,&quot;created_timestamp&quot;:&quot;0&quot;,&quot;copyright&quot;:&quot;&quot;,&quot;focal_length&quot;:&quot;0&quot;,&quot;iso&quot;:&quot;0&quot;,&quot;shutter_speed&quot;:&quot;0&quot;,&quot;title&quot;:&quot;&quot;,&quot;orientation&quot;:&quot;1&quot;}\" data-image-title=\"BLOG_SNEAKERNESS PARIS SEPTEMBRE 2015_23\" data-image-description=\"\" data-image-caption=\"\" data-medium-file=\"https:\/\/i0.wp.com\/www.joyana.fr\/wp-content\/uploads\/2015\/09\/BLOG_SNEAKERNESS-PARIS-SEPTEMBRE-2015_23.jpg?fit=389%2C389&amp;ssl=1\" data-large-file=\"https:\/\/i0.wp.com\/www.joyana.fr\/wp-content\/uploads\/2015\/09\/BLOG_SNEAKERNESS-PARIS-SEPTEMBRE-2015_23.jpg?fit=1024%2C1024&amp;ssl=1\" class=\"alignnone size-full wp-image-17785\" src=\"https:\/\/i0.wp.com\/joyana.fr\/wp-content\/uploads\/2014\/07\/14927-preview_low_1151-1_14927_sc_v2com.jpg?resize=1000%2C1000&#038;ssl=1\" alt=\"14927-preview_low_1151-1_14927_sc_v2com\" width=\"1000\" height=\"1000\" \/><\/a><\/p>\n<p><a href=\"https:\/\/i0.wp.com\/joyana.fr\/wp-content\/uploads\/2014\/07\/14929-preview_low_1151-1_14929_sc_v2com.jpg?ssl=1\"><img data-recalc-dims=\"1\" decoding=\"async\" data-attachment-id=\"17786\" data-permalink=\"https:\/\/www.joyana.fr\/ja\/sneakers-sneakerness-paris-septembre-2015\/17770\/blog_sneakerness-paris-septembre-2015_24\/\" data-orig-file=\"https:\/\/i0.wp.com\/www.joyana.fr\/wp-content\/uploads\/2015\/09\/BLOG_SNEAKERNESS-PARIS-SEPTEMBRE-2015_24.jpg?fit=1700%2C1700&amp;ssl=1\" data-orig-size=\"1700,1700\" data-comments-opened=\"1\" data-image-meta=\"{&quot;aperture&quot;:&quot;0&quot;,&quot;credit&quot;:&quot;&quot;,&quot;camera&quot;:&quot;&quot;,&quot;caption&quot;:&quot;&quot;,&quot;created_timestamp&quot;:&quot;0&quot;,&quot;copyright&quot;:&quot;&quot;,&quot;focal_length&quot;:&quot;0&quot;,&quot;iso&quot;:&quot;0&quot;,&quot;shutter_speed&quot;:&quot;0&quot;,&quot;title&quot;:&quot;&quot;,&quot;orientation&quot;:&quot;1&quot;}\" data-image-title=\"BLOG_SNEAKERNESS PARIS SEPTEMBRE 2015_24\" data-image-description=\"\" data-image-caption=\"\" data-medium-file=\"https:\/\/i0.wp.com\/www.joyana.fr\/wp-content\/uploads\/2015\/09\/BLOG_SNEAKERNESS-PARIS-SEPTEMBRE-2015_24.jpg?fit=389%2C389&amp;ssl=1\" data-large-file=\"https:\/\/i0.wp.com\/www.joyana.fr\/wp-content\/uploads\/2015\/09\/BLOG_SNEAKERNESS-PARIS-SEPTEMBRE-2015_24.jpg?fit=1024%2C1024&amp;ssl=1\" class=\"alignnone size-full wp-image-17786\" src=\"https:\/\/i0.wp.com\/joyana.fr\/wp-content\/uploads\/2014\/07\/14929-preview_low_1151-1_14929_sc_v2com.jpg?resize=1000%2C1000&#038;ssl=1\" alt=\"14929-preview_low_1151-1_14929_sc_v2com\" width=\"1000\" height=\"1000\" \/><\/a><\/p>\n<p><a href=\"https:\/\/i0.wp.com\/joyana.fr\/wp-content\/uploads\/2014\/07\/14938-preview_low_1151-1_14938_sc_v2com.jpg?ssl=1\"><img data-recalc-dims=\"1\" loading=\"lazy\" decoding=\"async\" class=\"alignnone size-full wp-image-17790\" src=\"https:\/\/i0.wp.com\/joyana.fr\/wp-content\/uploads\/2014\/07\/14938-preview_low_1151-1_14938_sc_v2com.jpg?resize=1000%2C419&#038;ssl=1\" alt=\"14938-preview_low_1151-1_14938_sc_v2com\" width=\"1000\" height=\"419\" \/><\/a><\/p>\n<p><a href=\"https:\/\/i0.wp.com\/joyana.fr\/wp-content\/uploads\/2014\/07\/14935-preview_low_1151-1_14935_sc_v2com.jpg?ssl=1\"><img data-recalc-dims=\"1\" loading=\"lazy\" decoding=\"async\" class=\"alignnone size-full wp-image-17791\" src=\"https:\/\/i0.wp.com\/joyana.fr\/wp-content\/uploads\/2014\/07\/14935-preview_low_1151-1_14935_sc_v2com.jpg?resize=1000%2C1000&#038;ssl=1\" alt=\"14935-preview_low_1151-1_14935_sc_v2com\" width=\"1000\" height=\"1000\" \/><\/a><\/p>\n<p><a href=\"https:\/\/i0.wp.com\/joyana.fr\/wp-content\/uploads\/2014\/07\/14926-preview_low_1151-1_14926_sc_v2com.jpg?ssl=1\"><img data-recalc-dims=\"1\" loading=\"lazy\" decoding=\"async\" class=\"alignnone size-full wp-image-17792\" src=\"https:\/\/i0.wp.com\/joyana.fr\/wp-content\/uploads\/2014\/07\/14926-preview_low_1151-1_14926_sc_v2com.jpg?resize=1000%2C765&#038;ssl=1\" alt=\"14926-preview_low_1151-1_14926_sc_v2com\" width=\"1000\" height=\"765\" \/><\/a><\/p>\n<p><a href=\"https:\/\/i0.wp.com\/joyana.fr\/wp-content\/uploads\/2014\/07\/14936-preview_low_1151-1_14936_sc_v2com.jpg?ssl=1\"><img data-recalc-dims=\"1\" loading=\"lazy\" decoding=\"async\" class=\"alignnone size-full wp-image-17795\" src=\"https:\/\/i0.wp.com\/joyana.fr\/wp-content\/uploads\/2014\/07\/14936-preview_low_1151-1_14936_sc_v2com.jpg?resize=1000%2C465&#038;ssl=1\" alt=\"14936-preview_low_1151-1_14936_sc_v2com\" width=\"1000\" height=\"465\" \/><\/a><\/p>\n<p><center><div data-carousel-extra='{\"blog_id\":1,\"permalink\":\"https:\\\/\\\/www.joyana.fr\\\/ja\\\/carre-en-seine-pietriarchitectes-issy-les-moulineaux-france\\\/117782\\\/\"}' id='gallery-1' class='gallery galleryid-117782 gallery-columns-4 gallery-size-thumbnail'><figure class='gallery-item'>\r\n\t\t\t<div class='gallery-icon landscape'>\r\n\t\t\t\t<a href=\"https:\/\/i0.wp.com\/www.joyana.fr\/wp-content\/uploads\/2015\/09\/BLOG_SNEAKERNESS-PARIS-SEPTEMBRE-2015.jpg?ssl=1\"><img loading=\"lazy\" decoding=\"async\" width=\"150\" height=\"150\" src=\"https:\/\/i0.wp.com\/www.joyana.fr\/wp-content\/uploads\/2015\/09\/BLOG_SNEAKERNESS-PARIS-SEPTEMBRE-2015.jpg?resize=150%2C150&amp;ssl=1\" class=\"attachment-thumbnail size-thumbnail\" alt=\"\" srcset=\"https:\/\/i0.wp.com\/www.joyana.fr\/wp-content\/uploads\/2015\/09\/BLOG_SNEAKERNESS-PARIS-SEPTEMBRE-2015.jpg?w=1700&amp;ssl=1 1700w, https:\/\/i0.wp.com\/www.joyana.fr\/wp-content\/uploads\/2015\/09\/BLOG_SNEAKERNESS-PARIS-SEPTEMBRE-2015.jpg?resize=300%2C300&amp;ssl=1 300w, https:\/\/i0.wp.com\/www.joyana.fr\/wp-content\/uploads\/2015\/09\/BLOG_SNEAKERNESS-PARIS-SEPTEMBRE-2015.jpg?resize=100%2C100&amp;ssl=1 100w, https:\/\/i0.wp.com\/www.joyana.fr\/wp-content\/uploads\/2015\/09\/BLOG_SNEAKERNESS-PARIS-SEPTEMBRE-2015.jpg?resize=600%2C600&amp;ssl=1 600w\" sizes=\"(max-width: 150px) 100vw, 150px\" data-attachment-id=\"17788\" data-permalink=\"https:\/\/www.joyana.fr\/ja\/sneakers-sneakerness-paris-septembre-2015\/17770\/blog_sneakerness-paris-septembre-2015\/\" data-orig-file=\"https:\/\/i0.wp.com\/www.joyana.fr\/wp-content\/uploads\/2015\/09\/BLOG_SNEAKERNESS-PARIS-SEPTEMBRE-2015.jpg?fit=1700%2C1700&amp;ssl=1\" data-orig-size=\"1700,1700\" data-comments-opened=\"1\" data-image-meta=\"{&quot;aperture&quot;:&quot;0&quot;,&quot;credit&quot;:&quot;&quot;,&quot;camera&quot;:&quot;&quot;,&quot;caption&quot;:&quot;&quot;,&quot;created_timestamp&quot;:&quot;0&quot;,&quot;copyright&quot;:&quot;&quot;,&quot;focal_length&quot;:&quot;0&quot;,&quot;iso&quot;:&quot;0&quot;,&quot;shutter_speed&quot;:&quot;0&quot;,&quot;title&quot;:&quot;&quot;,&quot;orientation&quot;:&quot;1&quot;}\" data-image-title=\"BLOG_SNEAKERNESS PARIS SEPTEMBRE 2015\" data-image-description=\"\" data-image-caption=\"\" data-medium-file=\"https:\/\/i0.wp.com\/www.joyana.fr\/wp-content\/uploads\/2015\/09\/BLOG_SNEAKERNESS-PARIS-SEPTEMBRE-2015.jpg?fit=389%2C389&amp;ssl=1\" data-large-file=\"https:\/\/i0.wp.com\/www.joyana.fr\/wp-content\/uploads\/2015\/09\/BLOG_SNEAKERNESS-PARIS-SEPTEMBRE-2015.jpg?fit=1024%2C1024&amp;ssl=1\" \/><\/a>\r\n\t\t\t<\/div><\/figure><figure class='gallery-item'>\r\n\t\t\t<div class='gallery-icon landscape'>\r\n\t\t\t\t<a href=\"https:\/\/i0.wp.com\/www.joyana.fr\/wp-content\/uploads\/2015\/09\/BLOG_SNEAKERNESS-PARIS-SEPTEMBRE-2015_25.jpg?ssl=1\"><img loading=\"lazy\" decoding=\"async\" width=\"150\" height=\"150\" src=\"https:\/\/i0.wp.com\/www.joyana.fr\/wp-content\/uploads\/2015\/09\/BLOG_SNEAKERNESS-PARIS-SEPTEMBRE-2015_25.jpg?resize=150%2C150&amp;ssl=1\" class=\"attachment-thumbnail size-thumbnail\" alt=\"\" srcset=\"https:\/\/i0.wp.com\/www.joyana.fr\/wp-content\/uploads\/2015\/09\/BLOG_SNEAKERNESS-PARIS-SEPTEMBRE-2015_25.jpg?w=1700&amp;ssl=1 1700w, https:\/\/i0.wp.com\/www.joyana.fr\/wp-content\/uploads\/2015\/09\/BLOG_SNEAKERNESS-PARIS-SEPTEMBRE-2015_25.jpg?resize=300%2C300&amp;ssl=1 300w, https:\/\/i0.wp.com\/www.joyana.fr\/wp-content\/uploads\/2015\/09\/BLOG_SNEAKERNESS-PARIS-SEPTEMBRE-2015_25.jpg?resize=100%2C100&amp;ssl=1 100w, https:\/\/i0.wp.com\/www.joyana.fr\/wp-content\/uploads\/2015\/09\/BLOG_SNEAKERNESS-PARIS-SEPTEMBRE-2015_25.jpg?resize=600%2C600&amp;ssl=1 600w\" sizes=\"(max-width: 150px) 100vw, 150px\" data-attachment-id=\"17787\" data-permalink=\"https:\/\/www.joyana.fr\/ja\/sneakers-sneakerness-paris-septembre-2015\/17770\/blog_sneakerness-paris-septembre-2015_25\/\" data-orig-file=\"https:\/\/i0.wp.com\/www.joyana.fr\/wp-content\/uploads\/2015\/09\/BLOG_SNEAKERNESS-PARIS-SEPTEMBRE-2015_25.jpg?fit=1700%2C1700&amp;ssl=1\" data-orig-size=\"1700,1700\" data-comments-opened=\"1\" data-image-meta=\"{&quot;aperture&quot;:&quot;0&quot;,&quot;credit&quot;:&quot;&quot;,&quot;camera&quot;:&quot;&quot;,&quot;caption&quot;:&quot;&quot;,&quot;created_timestamp&quot;:&quot;0&quot;,&quot;copyright&quot;:&quot;&quot;,&quot;focal_length&quot;:&quot;0&quot;,&quot;iso&quot;:&quot;0&quot;,&quot;shutter_speed&quot;:&quot;0&quot;,&quot;title&quot;:&quot;&quot;,&quot;orientation&quot;:&quot;1&quot;}\" data-image-title=\"BLOG_SNEAKERNESS PARIS SEPTEMBRE 2015_25\" data-image-description=\"\" data-image-caption=\"\" data-medium-file=\"https:\/\/i0.wp.com\/www.joyana.fr\/wp-content\/uploads\/2015\/09\/BLOG_SNEAKERNESS-PARIS-SEPTEMBRE-2015_25.jpg?fit=389%2C389&amp;ssl=1\" data-large-file=\"https:\/\/i0.wp.com\/www.joyana.fr\/wp-content\/uploads\/2015\/09\/BLOG_SNEAKERNESS-PARIS-SEPTEMBRE-2015_25.jpg?fit=1024%2C1024&amp;ssl=1\" \/><\/a>\r\n\t\t\t<\/div><\/figure><figure class='gallery-item'>\r\n\t\t\t<div class='gallery-icon landscape'>\r\n\t\t\t\t<a href=\"https:\/\/i0.wp.com\/www.joyana.fr\/wp-content\/uploads\/2015\/09\/BLOG_SNEAKERNESS-PARIS-SEPTEMBRE-2015_24.jpg?ssl=1\"><img loading=\"lazy\" decoding=\"async\" width=\"150\" height=\"150\" src=\"https:\/\/i0.wp.com\/www.joyana.fr\/wp-content\/uploads\/2015\/09\/BLOG_SNEAKERNESS-PARIS-SEPTEMBRE-2015_24.jpg?resize=150%2C150&amp;ssl=1\" class=\"attachment-thumbnail size-thumbnail\" alt=\"\" srcset=\"https:\/\/i0.wp.com\/www.joyana.fr\/wp-content\/uploads\/2015\/09\/BLOG_SNEAKERNESS-PARIS-SEPTEMBRE-2015_24.jpg?w=1700&amp;ssl=1 1700w, https:\/\/i0.wp.com\/www.joyana.fr\/wp-content\/uploads\/2015\/09\/BLOG_SNEAKERNESS-PARIS-SEPTEMBRE-2015_24.jpg?resize=300%2C300&amp;ssl=1 300w, https:\/\/i0.wp.com\/www.joyana.fr\/wp-content\/uploads\/2015\/09\/BLOG_SNEAKERNESS-PARIS-SEPTEMBRE-2015_24.jpg?resize=100%2C100&amp;ssl=1 100w, https:\/\/i0.wp.com\/www.joyana.fr\/wp-content\/uploads\/2015\/09\/BLOG_SNEAKERNESS-PARIS-SEPTEMBRE-2015_24.jpg?resize=600%2C600&amp;ssl=1 600w\" sizes=\"(max-width: 150px) 100vw, 150px\" data-attachment-id=\"17786\" data-permalink=\"https:\/\/www.joyana.fr\/ja\/sneakers-sneakerness-paris-septembre-2015\/17770\/blog_sneakerness-paris-septembre-2015_24\/\" data-orig-file=\"https:\/\/i0.wp.com\/www.joyana.fr\/wp-content\/uploads\/2015\/09\/BLOG_SNEAKERNESS-PARIS-SEPTEMBRE-2015_24.jpg?fit=1700%2C1700&amp;ssl=1\" data-orig-size=\"1700,1700\" data-comments-opened=\"1\" data-image-meta=\"{&quot;aperture&quot;:&quot;0&quot;,&quot;credit&quot;:&quot;&quot;,&quot;camera&quot;:&quot;&quot;,&quot;caption&quot;:&quot;&quot;,&quot;created_timestamp&quot;:&quot;0&quot;,&quot;copyright&quot;:&quot;&quot;,&quot;focal_length&quot;:&quot;0&quot;,&quot;iso&quot;:&quot;0&quot;,&quot;shutter_speed&quot;:&quot;0&quot;,&quot;title&quot;:&quot;&quot;,&quot;orientation&quot;:&quot;1&quot;}\" data-image-title=\"BLOG_SNEAKERNESS PARIS SEPTEMBRE 2015_24\" data-image-description=\"\" data-image-caption=\"\" data-medium-file=\"https:\/\/i0.wp.com\/www.joyana.fr\/wp-content\/uploads\/2015\/09\/BLOG_SNEAKERNESS-PARIS-SEPTEMBRE-2015_24.jpg?fit=389%2C389&amp;ssl=1\" data-large-file=\"https:\/\/i0.wp.com\/www.joyana.fr\/wp-content\/uploads\/2015\/09\/BLOG_SNEAKERNESS-PARIS-SEPTEMBRE-2015_24.jpg?fit=1024%2C1024&amp;ssl=1\" \/><\/a>\r\n\t\t\t<\/div><\/figure><figure class='gallery-item'>\r\n\t\t\t<div class='gallery-icon landscape'>\r\n\t\t\t\t<a href=\"https:\/\/i0.wp.com\/www.joyana.fr\/wp-content\/uploads\/2015\/09\/BLOG_SNEAKERNESS-PARIS-SEPTEMBRE-2015_23.jpg?ssl=1\"><img loading=\"lazy\" decoding=\"async\" width=\"150\" height=\"150\" src=\"https:\/\/i0.wp.com\/www.joyana.fr\/wp-content\/uploads\/2015\/09\/BLOG_SNEAKERNESS-PARIS-SEPTEMBRE-2015_23.jpg?resize=150%2C150&amp;ssl=1\" class=\"attachment-thumbnail size-thumbnail\" alt=\"\" srcset=\"https:\/\/i0.wp.com\/www.joyana.fr\/wp-content\/uploads\/2015\/09\/BLOG_SNEAKERNESS-PARIS-SEPTEMBRE-2015_23.jpg?w=1700&amp;ssl=1 1700w, https:\/\/i0.wp.com\/www.joyana.fr\/wp-content\/uploads\/2015\/09\/BLOG_SNEAKERNESS-PARIS-SEPTEMBRE-2015_23.jpg?resize=300%2C300&amp;ssl=1 300w, https:\/\/i0.wp.com\/www.joyana.fr\/wp-content\/uploads\/2015\/09\/BLOG_SNEAKERNESS-PARIS-SEPTEMBRE-2015_23.jpg?resize=100%2C100&amp;ssl=1 100w, https:\/\/i0.wp.com\/www.joyana.fr\/wp-content\/uploads\/2015\/09\/BLOG_SNEAKERNESS-PARIS-SEPTEMBRE-2015_23.jpg?resize=600%2C600&amp;ssl=1 600w\" sizes=\"(max-width: 150px) 100vw, 150px\" data-attachment-id=\"17785\" data-permalink=\"https:\/\/www.joyana.fr\/ja\/sneakers-sneakerness-paris-septembre-2015\/17770\/blog_sneakerness-paris-septembre-2015_23\/\" data-orig-file=\"https:\/\/i0.wp.com\/www.joyana.fr\/wp-content\/uploads\/2015\/09\/BLOG_SNEAKERNESS-PARIS-SEPTEMBRE-2015_23.jpg?fit=1700%2C1700&amp;ssl=1\" data-orig-size=\"1700,1700\" data-comments-opened=\"1\" data-image-meta=\"{&quot;aperture&quot;:&quot;0&quot;,&quot;credit&quot;:&quot;&quot;,&quot;camera&quot;:&quot;&quot;,&quot;caption&quot;:&quot;&quot;,&quot;created_timestamp&quot;:&quot;0&quot;,&quot;copyright&quot;:&quot;&quot;,&quot;focal_length&quot;:&quot;0&quot;,&quot;iso&quot;:&quot;0&quot;,&quot;shutter_speed&quot;:&quot;0&quot;,&quot;title&quot;:&quot;&quot;,&quot;orientation&quot;:&quot;1&quot;}\" data-image-title=\"BLOG_SNEAKERNESS PARIS SEPTEMBRE 2015_23\" data-image-description=\"\" data-image-caption=\"\" data-medium-file=\"https:\/\/i0.wp.com\/www.joyana.fr\/wp-content\/uploads\/2015\/09\/BLOG_SNEAKERNESS-PARIS-SEPTEMBRE-2015_23.jpg?fit=389%2C389&amp;ssl=1\" data-large-file=\"https:\/\/i0.wp.com\/www.joyana.fr\/wp-content\/uploads\/2015\/09\/BLOG_SNEAKERNESS-PARIS-SEPTEMBRE-2015_23.jpg?fit=1024%2C1024&amp;ssl=1\" \/><\/a>\r\n\t\t\t<\/div><\/figure><figure class='gallery-item'>\r\n\t\t\t<div class='gallery-icon landscape'>\r\n\t\t\t\t<a href=\"https:\/\/i0.wp.com\/www.joyana.fr\/wp-content\/uploads\/2015\/09\/BLOG_SNEAKERNESS-PARIS-SEPTEMBRE-2015_22.jpg?ssl=1\"><img loading=\"lazy\" decoding=\"async\" width=\"150\" height=\"150\" src=\"https:\/\/i0.wp.com\/www.joyana.fr\/wp-content\/uploads\/2015\/09\/BLOG_SNEAKERNESS-PARIS-SEPTEMBRE-2015_22.jpg?resize=150%2C150&amp;ssl=1\" class=\"attachment-thumbnail size-thumbnail\" alt=\"\" srcset=\"https:\/\/i0.wp.com\/www.joyana.fr\/wp-content\/uploads\/2015\/09\/BLOG_SNEAKERNESS-PARIS-SEPTEMBRE-2015_22.jpg?w=1700&amp;ssl=1 1700w, https:\/\/i0.wp.com\/www.joyana.fr\/wp-content\/uploads\/2015\/09\/BLOG_SNEAKERNESS-PARIS-SEPTEMBRE-2015_22.jpg?resize=300%2C300&amp;ssl=1 300w, https:\/\/i0.wp.com\/www.joyana.fr\/wp-content\/uploads\/2015\/09\/BLOG_SNEAKERNESS-PARIS-SEPTEMBRE-2015_22.jpg?resize=100%2C100&amp;ssl=1 100w, https:\/\/i0.wp.com\/www.joyana.fr\/wp-content\/uploads\/2015\/09\/BLOG_SNEAKERNESS-PARIS-SEPTEMBRE-2015_22.jpg?resize=600%2C600&amp;ssl=1 600w\" sizes=\"(max-width: 150px) 100vw, 150px\" data-attachment-id=\"17784\" data-permalink=\"https:\/\/www.joyana.fr\/ja\/sneakers-sneakerness-paris-septembre-2015\/17770\/blog_sneakerness-paris-septembre-2015_22\/\" data-orig-file=\"https:\/\/i0.wp.com\/www.joyana.fr\/wp-content\/uploads\/2015\/09\/BLOG_SNEAKERNESS-PARIS-SEPTEMBRE-2015_22.jpg?fit=1700%2C1700&amp;ssl=1\" data-orig-size=\"1700,1700\" data-comments-opened=\"1\" data-image-meta=\"{&quot;aperture&quot;:&quot;0&quot;,&quot;credit&quot;:&quot;&quot;,&quot;camera&quot;:&quot;&quot;,&quot;caption&quot;:&quot;&quot;,&quot;created_timestamp&quot;:&quot;0&quot;,&quot;copyright&quot;:&quot;&quot;,&quot;focal_length&quot;:&quot;0&quot;,&quot;iso&quot;:&quot;0&quot;,&quot;shutter_speed&quot;:&quot;0&quot;,&quot;title&quot;:&quot;&quot;,&quot;orientation&quot;:&quot;1&quot;}\" data-image-title=\"BLOG_SNEAKERNESS PARIS SEPTEMBRE 2015_22\" data-image-description=\"\" data-image-caption=\"\" data-medium-file=\"https:\/\/i0.wp.com\/www.joyana.fr\/wp-content\/uploads\/2015\/09\/BLOG_SNEAKERNESS-PARIS-SEPTEMBRE-2015_22.jpg?fit=389%2C389&amp;ssl=1\" data-large-file=\"https:\/\/i0.wp.com\/www.joyana.fr\/wp-content\/uploads\/2015\/09\/BLOG_SNEAKERNESS-PARIS-SEPTEMBRE-2015_22.jpg?fit=1024%2C1024&amp;ssl=1\" \/><\/a>\r\n\t\t\t<\/div><\/figure><figure class='gallery-item'>\r\n\t\t\t<div class='gallery-icon landscape'>\r\n\t\t\t\t<a href=\"https:\/\/i0.wp.com\/www.joyana.fr\/wp-content\/uploads\/2015\/09\/BLOG_SNEAKERNESS-PARIS-SEPTEMBRE-2015_20.jpg?ssl=1\"><img loading=\"lazy\" decoding=\"async\" width=\"150\" height=\"150\" src=\"https:\/\/i0.wp.com\/www.joyana.fr\/wp-content\/uploads\/2015\/09\/BLOG_SNEAKERNESS-PARIS-SEPTEMBRE-2015_20.jpg?resize=150%2C150&amp;ssl=1\" class=\"attachment-thumbnail size-thumbnail\" alt=\"\" srcset=\"https:\/\/i0.wp.com\/www.joyana.fr\/wp-content\/uploads\/2015\/09\/BLOG_SNEAKERNESS-PARIS-SEPTEMBRE-2015_20.jpg?w=1700&amp;ssl=1 1700w, https:\/\/i0.wp.com\/www.joyana.fr\/wp-content\/uploads\/2015\/09\/BLOG_SNEAKERNESS-PARIS-SEPTEMBRE-2015_20.jpg?resize=300%2C300&amp;ssl=1 300w, https:\/\/i0.wp.com\/www.joyana.fr\/wp-content\/uploads\/2015\/09\/BLOG_SNEAKERNESS-PARIS-SEPTEMBRE-2015_20.jpg?resize=100%2C100&amp;ssl=1 100w, https:\/\/i0.wp.com\/www.joyana.fr\/wp-content\/uploads\/2015\/09\/BLOG_SNEAKERNESS-PARIS-SEPTEMBRE-2015_20.jpg?resize=600%2C600&amp;ssl=1 600w\" sizes=\"(max-width: 150px) 100vw, 150px\" data-attachment-id=\"17783\" data-permalink=\"https:\/\/www.joyana.fr\/ja\/sneakers-sneakerness-paris-septembre-2015\/17770\/blog_sneakerness-paris-septembre-2015_20\/\" data-orig-file=\"https:\/\/i0.wp.com\/www.joyana.fr\/wp-content\/uploads\/2015\/09\/BLOG_SNEAKERNESS-PARIS-SEPTEMBRE-2015_20.jpg?fit=1700%2C1700&amp;ssl=1\" data-orig-size=\"1700,1700\" data-comments-opened=\"1\" data-image-meta=\"{&quot;aperture&quot;:&quot;0&quot;,&quot;credit&quot;:&quot;&quot;,&quot;camera&quot;:&quot;&quot;,&quot;caption&quot;:&quot;&quot;,&quot;created_timestamp&quot;:&quot;0&quot;,&quot;copyright&quot;:&quot;&quot;,&quot;focal_length&quot;:&quot;0&quot;,&quot;iso&quot;:&quot;0&quot;,&quot;shutter_speed&quot;:&quot;0&quot;,&quot;title&quot;:&quot;&quot;,&quot;orientation&quot;:&quot;1&quot;}\" data-image-title=\"BLOG_SNEAKERNESS PARIS SEPTEMBRE 2015_20\" data-image-description=\"\" data-image-caption=\"\" data-medium-file=\"https:\/\/i0.wp.com\/www.joyana.fr\/wp-content\/uploads\/2015\/09\/BLOG_SNEAKERNESS-PARIS-SEPTEMBRE-2015_20.jpg?fit=389%2C389&amp;ssl=1\" data-large-file=\"https:\/\/i0.wp.com\/www.joyana.fr\/wp-content\/uploads\/2015\/09\/BLOG_SNEAKERNESS-PARIS-SEPTEMBRE-2015_20.jpg?fit=1024%2C1024&amp;ssl=1\" \/><\/a>\r\n\t\t\t<\/div><\/figure><\/div>\n<\/center><\/p>\n<p><a href=\"https:\/\/i0.wp.com\/joyana.fr\/wp-content\/uploads\/2014\/07\/14925-preview_low_1151-1_14925_sc_v2com.jpg?ssl=1\"><img data-recalc-dims=\"1\" loading=\"lazy\" decoding=\"async\" class=\"alignnone size-full wp-image-17797\" src=\"https:\/\/i0.wp.com\/joyana.fr\/wp-content\/uploads\/2014\/07\/14925-preview_low_1151-1_14925_sc_v2com.jpg?resize=1000%2C1510&#038;ssl=1\" alt=\"14925-preview_low_1151-1_14925_sc_v2com\" width=\"1000\" height=\"1510\" \/><\/a><\/p>\n<p style=\"text-align: center;\">En savoir + sur <strong><a href=\"http:\/\/www.pietriarchitectes.com\" target=\"_blank\">PIETRIARCHITECTES<\/a><\/strong><\/p>\n","protected":false},"excerpt":{"rendered":"<p>Le cabinet PietriArchitectes d\u00e9voile LE CARR\u00c9 EN SEINE &#8211; une r\u00e9sidence d&#8217;Issy-les-Moulineaux dont l&#8217;architecture, pour l&#8217;extension des appartements, s&#8217;inspire de l&#8217;entassement de containers&#8230;<\/p>\n","protected":false},"author":3,"featured_media":117789,"comment_status":"open","ping_status":"open","sticky":false,"template":"","format":"aside","meta":{"_coblocks_attr":"","_coblocks_dimensions":"","_coblocks_responsive_height":"","_coblocks_accordion_ie_support":"","_uag_custom_page_level_css":"","advgb_blocks_editor_width":"","advgb_blocks_columns_visual_guide":"","_genesis_hide_title":false,"_genesis_hide_breadcrumbs":false,"_genesis_hide_singular_image":false,"_genesis_hide_footer_widgets":false,"_genesis_custom_body_class":"","_genesis_custom_post_class":"","_genesis_layout":"","_themeisle_gutenberg_block_has_review":false,"_jetpack_newsletter_access":"","_jetpack_dont_email_post_to_subs":false,"_jetpack_newsletter_tier_id":0,"_jetpack_memberships_contains_paywalled_content":false,"_jetpack_memberships_contains_paid_content":false,"footnotes":""},"categories":[1026,71,905,1039],"tags":[1227,501,1775,1776],"class_list":{"0":"post-117782","1":"post","2":"type-post","3":"status-publish","4":"format-aside","5":"has-post-thumbnail","7":"category-appartement","8":"category-architecture","9":"category-deco-design","10":"category-france","11":"tag-appartement-design","12":"tag-architecture-2","13":"tag-pietriarchitectes","14":"tag-residence","15":"post_format-post-format-aside","16":"entry"},"featured_image_urls":{"full":["https:\/\/i0.wp.com\/www.joyana.fr\/wp-content\/uploads\/2014\/07\/14933-preview_low_1151-1_14933_sc_v2com.jpg?fit=1000%2C1500&ssl=1",1000,1500,false],"thumbnail":["https:\/\/i0.wp.com\/www.joyana.fr\/wp-content\/uploads\/2014\/07\/14933-preview_low_1151-1_14933_sc_v2com.jpg?resize=150%2C150&ssl=1",150,150,true],"medium":["https:\/\/i0.wp.com\/www.joyana.fr\/wp-content\/uploads\/2014\/07\/14933-preview_low_1151-1_14933_sc_v2com.jpg?fit=259%2C389&ssl=1",259,389,true],"medium_large":["https:\/\/i0.wp.com\/www.joyana.fr\/wp-content\/uploads\/2014\/07\/14933-preview_low_1151-1_14933_sc_v2com.jpg?fit=768%2C1152&ssl=1",768,1152,true],"large":["https:\/\/i0.wp.com\/www.joyana.fr\/wp-content\/uploads\/2014\/07\/14933-preview_low_1151-1_14933_sc_v2com.jpg?fit=683%2C1024&ssl=1",683,1024,true],"1536x1536":["https:\/\/i0.wp.com\/www.joyana.fr\/wp-content\/uploads\/2014\/07\/14933-preview_low_1151-1_14933_sc_v2com.jpg?fit=1000%2C1500&ssl=1",1000,1500,true],"2048x2048":["https:\/\/i0.wp.com\/www.joyana.fr\/wp-content\/uploads\/2014\/07\/14933-preview_low_1151-1_14933_sc_v2com.jpg?fit=1000%2C1500&ssl=1",1000,1500,true],"featured-thumb":["https:\/\/i0.wp.com\/www.joyana.fr\/wp-content\/uploads\/2014\/07\/14933-preview_low_1151-1_14933_sc_v2com.jpg?resize=1000%2C750&ssl=1",1000,750,true],"ab-block-post-grid-landscape":["https:\/\/i0.wp.com\/www.joyana.fr\/wp-content\/uploads\/2014\/07\/14933-preview_low_1151-1_14933_sc_v2com.jpg?resize=600%2C400&ssl=1",600,400,true],"ab-block-post-grid-square":["https:\/\/i0.wp.com\/www.joyana.fr\/wp-content\/uploads\/2014\/07\/14933-preview_low_1151-1_14933_sc_v2com.jpg?resize=600%2C600&ssl=1",600,600,true],"author-pro-image":["https:\/\/i0.wp.com\/www.joyana.fr\/wp-content\/uploads\/2014\/07\/14933-preview_low_1151-1_14933_sc_v2com.jpg?resize=360%2C570&ssl=1",360,570,true],"slider":["https:\/\/i0.wp.com\/www.joyana.fr\/wp-content\/uploads\/2014\/07\/14933-preview_low_1151-1_14933_sc_v2com.jpg?resize=920%2C400&ssl=1",920,400,true],"woocommerce_thumbnail":["https:\/\/i0.wp.com\/www.joyana.fr\/wp-content\/uploads\/2014\/07\/14933-preview_low_1151-1_14933_sc_v2com.jpg?resize=450%2C450&ssl=1",450,450,true],"woocommerce_single":["https:\/\/i0.wp.com\/www.joyana.fr\/wp-content\/uploads\/2014\/07\/14933-preview_low_1151-1_14933_sc_v2com.jpg?fit=920%2C1380&ssl=1",920,1380,true],"woocommerce_gallery_thumbnail":["https:\/\/i0.wp.com\/www.joyana.fr\/wp-content\/uploads\/2014\/07\/14933-preview_low_1151-1_14933_sc_v2com.jpg?resize=180%2C180&ssl=1",180,180,true],"sow-carousel-default":["https:\/\/i0.wp.com\/www.joyana.fr\/wp-content\/uploads\/2014\/07\/14933-preview_low_1151-1_14933_sc_v2com.jpg?resize=272%2C182&ssl=1",272,182,true]},"post_excerpt_stackable":"<p>Le cabinet PietriArchitectes d\u00e9voile LE CARR\u00c9 EN SEINE &#8211; une r\u00e9sidence d&#8217;Issy-les-Moulineaux dont l&#8217;architecture, pour l&#8217;extension des appartements, s&#8217;inspire de l&#8217;entassement de containers&#8230;<\/p>\n","category_list":"<a href=\"https:\/\/www.joyana.fr\/ja\/category\/deco-design\/architecture-deco-design\/lieux-design\/appartement\/\" rel=\"category tag\">Appartement<\/a>, <a href=\"https:\/\/www.joyana.fr\/ja\/category\/portfolio\/architecture\/\" rel=\"category tag\">ARCHITECTURE<\/a>, <a href=\"https:\/\/www.joyana.fr\/ja\/category\/deco-design\/\" rel=\"category tag\">DECO-DESIGN<\/a>, <a href=\"https:\/\/www.joyana.fr\/ja\/category\/deco-design\/architecture-deco-design\/pays\/france\/\" rel=\"category tag\">France<\/a>","author_info":{"display_name":"Jo Yana","author_link":"https:\/\/www.joyana.fr\/ja\/author\/joyana\/"},"comments_num":"0 comments","featured_image_urls_v2":{"full":["https:\/\/i0.wp.com\/www.joyana.fr\/wp-content\/uploads\/2014\/07\/14933-preview_low_1151-1_14933_sc_v2com.jpg?fit=1000%2C1500&ssl=1",1000,1500,false],"thumbnail":["https:\/\/i0.wp.com\/www.joyana.fr\/wp-content\/uploads\/2014\/07\/14933-preview_low_1151-1_14933_sc_v2com.jpg?resize=150%2C150&ssl=1",150,150,true],"medium":["https:\/\/i0.wp.com\/www.joyana.fr\/wp-content\/uploads\/2014\/07\/14933-preview_low_1151-1_14933_sc_v2com.jpg?fit=259%2C389&ssl=1",259,389,true],"medium_large":["https:\/\/i0.wp.com\/www.joyana.fr\/wp-content\/uploads\/2014\/07\/14933-preview_low_1151-1_14933_sc_v2com.jpg?fit=768%2C1152&ssl=1",768,1152,true],"large":["https:\/\/i0.wp.com\/www.joyana.fr\/wp-content\/uploads\/2014\/07\/14933-preview_low_1151-1_14933_sc_v2com.jpg?fit=683%2C1024&ssl=1",683,1024,true],"1536x1536":["https:\/\/i0.wp.com\/www.joyana.fr\/wp-content\/uploads\/2014\/07\/14933-preview_low_1151-1_14933_sc_v2com.jpg?fit=1000%2C1500&ssl=1",1000,1500,true],"2048x2048":["https:\/\/i0.wp.com\/www.joyana.fr\/wp-content\/uploads\/2014\/07\/14933-preview_low_1151-1_14933_sc_v2com.jpg?fit=1000%2C1500&ssl=1",1000,1500,true],"featured-thumb":["https:\/\/i0.wp.com\/www.joyana.fr\/wp-content\/uploads\/2014\/07\/14933-preview_low_1151-1_14933_sc_v2com.jpg?resize=1000%2C750&ssl=1",1000,750,true],"ab-block-post-grid-landscape":["https:\/\/i0.wp.com\/www.joyana.fr\/wp-content\/uploads\/2014\/07\/14933-preview_low_1151-1_14933_sc_v2com.jpg?resize=600%2C400&ssl=1",600,400,true],"ab-block-post-grid-square":["https:\/\/i0.wp.com\/www.joyana.fr\/wp-content\/uploads\/2014\/07\/14933-preview_low_1151-1_14933_sc_v2com.jpg?resize=600%2C600&ssl=1",600,600,true],"author-pro-image":["https:\/\/i0.wp.com\/www.joyana.fr\/wp-content\/uploads\/2014\/07\/14933-preview_low_1151-1_14933_sc_v2com.jpg?resize=360%2C570&ssl=1",360,570,true],"slider":["https:\/\/i0.wp.com\/www.joyana.fr\/wp-content\/uploads\/2014\/07\/14933-preview_low_1151-1_14933_sc_v2com.jpg?resize=920%2C400&ssl=1",920,400,true],"woocommerce_thumbnail":["https:\/\/i0.wp.com\/www.joyana.fr\/wp-content\/uploads\/2014\/07\/14933-preview_low_1151-1_14933_sc_v2com.jpg?resize=450%2C450&ssl=1",450,450,true],"woocommerce_single":["https:\/\/i0.wp.com\/www.joyana.fr\/wp-content\/uploads\/2014\/07\/14933-preview_low_1151-1_14933_sc_v2com.jpg?fit=920%2C1380&ssl=1",920,1380,true],"woocommerce_gallery_thumbnail":["https:\/\/i0.wp.com\/www.joyana.fr\/wp-content\/uploads\/2014\/07\/14933-preview_low_1151-1_14933_sc_v2com.jpg?resize=180%2C180&ssl=1",180,180,true],"sow-carousel-default":["https:\/\/i0.wp.com\/www.joyana.fr\/wp-content\/uploads\/2014\/07\/14933-preview_low_1151-1_14933_sc_v2com.jpg?resize=272%2C182&ssl=1",272,182,true]},"post_excerpt_stackable_v2":"<p>Le cabinet PietriArchitectes d\u00e9voile LE CARR\u00c9 EN SEINE &#8211; une r\u00e9sidence d&#8217;Issy-les-Moulineaux dont l&#8217;architecture, pour l&#8217;extension des appartements, s&#8217;inspire de l&#8217;entassement de containers&#8230;<\/p>\n","category_list_v2":"<a href=\"https:\/\/www.joyana.fr\/ja\/category\/deco-design\/architecture-deco-design\/lieux-design\/appartement\/\" rel=\"category tag\">Appartement<\/a>, <a href=\"https:\/\/www.joyana.fr\/ja\/category\/portfolio\/architecture\/\" rel=\"category tag\">ARCHITECTURE<\/a>, <a href=\"https:\/\/www.joyana.fr\/ja\/category\/deco-design\/\" rel=\"category tag\">DECO-DESIGN<\/a>, <a href=\"https:\/\/www.joyana.fr\/ja\/category\/deco-design\/architecture-deco-design\/pays\/france\/\" rel=\"category tag\">France<\/a>","author_info_v2":{"name":"Jo Yana","url":"https:\/\/www.joyana.fr\/ja\/author\/joyana\/"},"comments_num_v2":"0 comments","yoast_head":"<!-- This site is optimized with the Yoast SEO plugin v26.8 - https:\/\/yoast.com\/product\/yoast-seo-wordpress\/ -->\n<title>LE CARR\u00c9 EN SEINE par PietriArchitectes (Issy-les-Moulineaux) | Deco-Design<\/title>\n<meta name=\"robots\" content=\"index, follow, max-snippet:-1, max-image-preview:large, max-video-preview:-1\" \/>\n<link rel=\"canonical\" href=\"https:\/\/joyana.fr\/en\/carre-en-seine-pietriarchitectes-issy-les-moulineaux-france\/117782\/\" \/>\n<meta property=\"og:locale\" content=\"ja_JP\" \/>\n<meta property=\"og:locale:alternate\" content=\"fr_FR\" \/>\n<meta property=\"og:locale:alternate\" content=\"en_US\" \/>\n<meta property=\"og:type\" content=\"article\" \/>\n<meta property=\"og:title\" content=\"LE CARR\u00c9 EN SEINE par PietriArchitectes (Issy-les-Moulineaux) | Deco-Design\" \/>\n<meta property=\"og:description\" content=\"Le cabinet PietriArchitectes d\u00e9voile LE CARR\u00c9 EN SEINE - une r\u00e9sidence d&#039;Issy-les-Moulineaux dont l&#039;architecture, pour l&#039;extension des appartements, s&#039;inspire de l&#039;entassement de containers...\" \/>\n<meta property=\"og:url\" content=\"https:\/\/www.joyana.fr\/ja\/carre-en-seine-pietriarchitectes-issy-les-moulineaux-france\/117782\/\" \/>\n<meta property=\"og:site_name\" content=\"JO YANA\" \/>\n<meta property=\"article:published_time\" content=\"2014-07-09T08:19:08+00:00\" \/>\n<meta property=\"og:image\" content=\"https:\/\/joyana.fr\/wp-content\/uploads\/2014\/07\/14933-preview_low_1151-1_14933_sc_v2com.jpg\" \/>\n\t<meta property=\"og:image:width\" content=\"1000\" \/>\n\t<meta property=\"og:image:height\" content=\"1500\" \/>\n\t<meta property=\"og:image:type\" content=\"image\/jpeg\" \/>\n<meta name=\"author\" content=\"Jo Yana\" \/>\n<meta name=\"twitter:card\" content=\"summary_large_image\" \/>\n<meta name=\"twitter:creator\" content=\"@Jo_Yana\" \/>\n<meta name=\"twitter:site\" content=\"@Jo_Yana\" \/>\n<meta name=\"twitter:label1\" content=\"\u57f7\u7b46\u8005\" \/>\n\t<meta name=\"twitter:data1\" content=\"Jo Yana\" \/>\n\t<meta name=\"twitter:label2\" content=\"\u63a8\u5b9a\u8aad\u307f\u53d6\u308a\u6642\u9593\" \/>\n\t<meta name=\"twitter:data2\" content=\"1\u5206\" \/>\n<script type=\"application\/ld+json\" class=\"yoast-schema-graph\">{\"@context\":\"https:\/\/schema.org\",\"@graph\":[{\"@type\":\"Article\",\"@id\":\"https:\/\/joyana.fr\/en\/carre-en-seine-pietriarchitectes-issy-les-moulineaux-france\/117782\/#article\",\"isPartOf\":{\"@id\":\"https:\/\/joyana.fr\/en\/carre-en-seine-pietriarchitectes-issy-les-moulineaux-france\/117782\/\"},\"author\":{\"name\":\"Jo Yana\",\"@id\":\"https:\/\/joyana.fr\/#\/schema\/person\/cf2a1ad12a27c12c21801075bf37407c\"},\"headline\":\"LE CARR\u00c9 EN SEINE par PietriArchitectes (Issy-les-Moulineaux, FRANCE)\",\"datePublished\":\"2014-07-09T08:19:08+00:00\",\"mainEntityOfPage\":{\"@id\":\"https:\/\/joyana.fr\/en\/carre-en-seine-pietriarchitectes-issy-les-moulineaux-france\/117782\/\"},\"wordCount\":244,\"commentCount\":0,\"publisher\":{\"@id\":\"https:\/\/joyana.fr\/#\/schema\/person\/cf2a1ad12a27c12c21801075bf37407c\"},\"image\":{\"@id\":\"https:\/\/joyana.fr\/en\/carre-en-seine-pietriarchitectes-issy-les-moulineaux-france\/117782\/#primaryimage\"},\"thumbnailUrl\":\"https:\/\/i0.wp.com\/www.joyana.fr\/wp-content\/uploads\/2014\/07\/14933-preview_low_1151-1_14933_sc_v2com.jpg?fit=1000%2C1500&ssl=1\",\"keywords\":[\"Appartement design\",\"Architecture\",\"PietriArchitectes\",\"R\u00e9sidence\"],\"articleSection\":[\"Appartement\",\"ARCHITECTURE\",\"DECO-DESIGN\",\"France\"],\"inLanguage\":\"ja\",\"potentialAction\":[{\"@type\":\"CommentAction\",\"name\":\"Comment\",\"target\":[\"https:\/\/joyana.fr\/en\/carre-en-seine-pietriarchitectes-issy-les-moulineaux-france\/117782\/#respond\"]}]},{\"@type\":\"WebPage\",\"@id\":\"https:\/\/joyana.fr\/en\/carre-en-seine-pietriarchitectes-issy-les-moulineaux-france\/117782\/\",\"url\":\"https:\/\/joyana.fr\/en\/carre-en-seine-pietriarchitectes-issy-les-moulineaux-france\/117782\/\",\"name\":\"LE CARR\u00c9 EN SEINE par PietriArchitectes (Issy-les-Moulineaux) | Deco-Design\",\"isPartOf\":{\"@id\":\"https:\/\/joyana.fr\/#website\"},\"primaryImageOfPage\":{\"@id\":\"https:\/\/joyana.fr\/en\/carre-en-seine-pietriarchitectes-issy-les-moulineaux-france\/117782\/#primaryimage\"},\"image\":{\"@id\":\"https:\/\/joyana.fr\/en\/carre-en-seine-pietriarchitectes-issy-les-moulineaux-france\/117782\/#primaryimage\"},\"thumbnailUrl\":\"https:\/\/i0.wp.com\/www.joyana.fr\/wp-content\/uploads\/2014\/07\/14933-preview_low_1151-1_14933_sc_v2com.jpg?fit=1000%2C1500&ssl=1\",\"datePublished\":\"2014-07-09T08:19:08+00:00\",\"breadcrumb\":{\"@id\":\"https:\/\/joyana.fr\/en\/carre-en-seine-pietriarchitectes-issy-les-moulineaux-france\/117782\/#breadcrumb\"},\"inLanguage\":\"ja\",\"potentialAction\":[{\"@type\":\"ReadAction\",\"target\":[\"https:\/\/joyana.fr\/en\/carre-en-seine-pietriarchitectes-issy-les-moulineaux-france\/117782\/\"]}]},{\"@type\":\"ImageObject\",\"inLanguage\":\"ja\",\"@id\":\"https:\/\/joyana.fr\/en\/carre-en-seine-pietriarchitectes-issy-les-moulineaux-france\/117782\/#primaryimage\",\"url\":\"https:\/\/i0.wp.com\/www.joyana.fr\/wp-content\/uploads\/2014\/07\/14933-preview_low_1151-1_14933_sc_v2com.jpg?fit=1000%2C1500&ssl=1\",\"contentUrl\":\"https:\/\/i0.wp.com\/www.joyana.fr\/wp-content\/uploads\/2014\/07\/14933-preview_low_1151-1_14933_sc_v2com.jpg?fit=1000%2C1500&ssl=1\",\"width\":1000,\"height\":1500},{\"@type\":\"BreadcrumbList\",\"@id\":\"https:\/\/joyana.fr\/en\/carre-en-seine-pietriarchitectes-issy-les-moulineaux-france\/117782\/#breadcrumb\",\"itemListElement\":[{\"@type\":\"ListItem\",\"position\":1,\"name\":\"Accueil\",\"item\":\"https:\/\/joyana.fr\/\"},{\"@type\":\"ListItem\",\"position\":2,\"name\":\"LE CARR\u00c9 EN SEINE par PietriArchitectes (Issy-les-Moulineaux, FRANCE)\"}]},{\"@type\":\"WebSite\",\"@id\":\"https:\/\/joyana.fr\/#website\",\"url\":\"https:\/\/joyana.fr\/\",\"name\":\"JO YANA\",\"description\":\"Blog Mode Homme, Lifestyle, D\u00e9co-Design\",\"publisher\":{\"@id\":\"https:\/\/joyana.fr\/#\/schema\/person\/cf2a1ad12a27c12c21801075bf37407c\"},\"potentialAction\":[{\"@type\":\"SearchAction\",\"target\":{\"@type\":\"EntryPoint\",\"urlTemplate\":\"https:\/\/joyana.fr\/?s={search_term_string}\"},\"query-input\":{\"@type\":\"PropertyValueSpecification\",\"valueRequired\":true,\"valueName\":\"search_term_string\"}}],\"inLanguage\":\"ja\"},{\"@type\":[\"Person\",\"Organization\"],\"@id\":\"https:\/\/joyana.fr\/#\/schema\/person\/cf2a1ad12a27c12c21801075bf37407c\",\"name\":\"Jo Yana\",\"image\":{\"@type\":\"ImageObject\",\"inLanguage\":\"ja\",\"@id\":\"https:\/\/joyana.fr\/#\/schema\/person\/image\/\",\"url\":\"https:\/\/i0.wp.com\/www.joyana.fr\/wp-content\/uploads\/2016\/08\/cropped-joyana-logo-black-360x180.png?fit=343%2C164&ssl=1\",\"contentUrl\":\"https:\/\/i0.wp.com\/www.joyana.fr\/wp-content\/uploads\/2016\/08\/cropped-joyana-logo-black-360x180.png?fit=343%2C164&ssl=1\",\"width\":343,\"height\":164,\"caption\":\"Jo Yana\"},\"logo\":{\"@id\":\"https:\/\/joyana.fr\/#\/schema\/person\/image\/\"},\"description\":\"Jo Yana est le cr\u00e9ateur et r\u00e9dacteur en chef des sites DECO-DESIGN. Passionn\u00e9 de Design, Mode, Photo, Luxe, Lifestyle, Musique, mais avant tout Blogueur ! Le plaisir de partager l'anime et a comme devise \\\"POUR L'AMOUR DU BEAU\\\". Retrouvez le aussi sur son blog personnel - https:\/\/joyana.fr...\",\"sameAs\":[\"https:\/\/joyana.fr\/\"],\"url\":\"https:\/\/www.joyana.fr\/ja\/author\/joyana\/\"}]}<\/script>\n<!-- \/ Yoast SEO plugin. -->","yoast_head_json":{"title":"LE CARR\u00c9 EN SEINE par PietriArchitectes (Issy-les-Moulineaux) | Deco-Design","robots":{"index":"index","follow":"follow","max-snippet":"max-snippet:-1","max-image-preview":"max-image-preview:large","max-video-preview":"max-video-preview:-1"},"canonical":"https:\/\/joyana.fr\/en\/carre-en-seine-pietriarchitectes-issy-les-moulineaux-france\/117782\/","og_locale":"ja_JP","og_type":"article","og_title":"LE CARR\u00c9 EN SEINE par PietriArchitectes (Issy-les-Moulineaux) | Deco-Design","og_description":"Le cabinet PietriArchitectes d\u00e9voile LE CARR\u00c9 EN SEINE - une r\u00e9sidence d'Issy-les-Moulineaux dont l'architecture, pour l'extension des appartements, s'inspire de l'entassement de containers...","og_url":"https:\/\/www.joyana.fr\/ja\/carre-en-seine-pietriarchitectes-issy-les-moulineaux-france\/117782\/","og_site_name":"JO YANA","article_published_time":"2014-07-09T08:19:08+00:00","og_image":[{"width":1000,"height":1500,"url":"https:\/\/joyana.fr\/wp-content\/uploads\/2014\/07\/14933-preview_low_1151-1_14933_sc_v2com.jpg","type":"image\/jpeg"}],"author":"Jo Yana","twitter_card":"summary_large_image","twitter_creator":"@Jo_Yana","twitter_site":"@Jo_Yana","twitter_misc":{"\u57f7\u7b46\u8005":"Jo Yana","\u63a8\u5b9a\u8aad\u307f\u53d6\u308a\u6642\u9593":"1\u5206"},"schema":{"@context":"https:\/\/schema.org","@graph":[{"@type":"Article","@id":"https:\/\/joyana.fr\/en\/carre-en-seine-pietriarchitectes-issy-les-moulineaux-france\/117782\/#article","isPartOf":{"@id":"https:\/\/joyana.fr\/en\/carre-en-seine-pietriarchitectes-issy-les-moulineaux-france\/117782\/"},"author":{"name":"Jo Yana","@id":"https:\/\/joyana.fr\/#\/schema\/person\/cf2a1ad12a27c12c21801075bf37407c"},"headline":"LE CARR\u00c9 EN SEINE par PietriArchitectes (Issy-les-Moulineaux, FRANCE)","datePublished":"2014-07-09T08:19:08+00:00","mainEntityOfPage":{"@id":"https:\/\/joyana.fr\/en\/carre-en-seine-pietriarchitectes-issy-les-moulineaux-france\/117782\/"},"wordCount":244,"commentCount":0,"publisher":{"@id":"https:\/\/joyana.fr\/#\/schema\/person\/cf2a1ad12a27c12c21801075bf37407c"},"image":{"@id":"https:\/\/joyana.fr\/en\/carre-en-seine-pietriarchitectes-issy-les-moulineaux-france\/117782\/#primaryimage"},"thumbnailUrl":"https:\/\/i0.wp.com\/www.joyana.fr\/wp-content\/uploads\/2014\/07\/14933-preview_low_1151-1_14933_sc_v2com.jpg?fit=1000%2C1500&ssl=1","keywords":["Appartement design","Architecture","PietriArchitectes","R\u00e9sidence"],"articleSection":["Appartement","ARCHITECTURE","DECO-DESIGN","France"],"inLanguage":"ja","potentialAction":[{"@type":"CommentAction","name":"Comment","target":["https:\/\/joyana.fr\/en\/carre-en-seine-pietriarchitectes-issy-les-moulineaux-france\/117782\/#respond"]}]},{"@type":"WebPage","@id":"https:\/\/joyana.fr\/en\/carre-en-seine-pietriarchitectes-issy-les-moulineaux-france\/117782\/","url":"https:\/\/joyana.fr\/en\/carre-en-seine-pietriarchitectes-issy-les-moulineaux-france\/117782\/","name":"LE CARR\u00c9 EN SEINE par PietriArchitectes (Issy-les-Moulineaux) | Deco-Design","isPartOf":{"@id":"https:\/\/joyana.fr\/#website"},"primaryImageOfPage":{"@id":"https:\/\/joyana.fr\/en\/carre-en-seine-pietriarchitectes-issy-les-moulineaux-france\/117782\/#primaryimage"},"image":{"@id":"https:\/\/joyana.fr\/en\/carre-en-seine-pietriarchitectes-issy-les-moulineaux-france\/117782\/#primaryimage"},"thumbnailUrl":"https:\/\/i0.wp.com\/www.joyana.fr\/wp-content\/uploads\/2014\/07\/14933-preview_low_1151-1_14933_sc_v2com.jpg?fit=1000%2C1500&ssl=1","datePublished":"2014-07-09T08:19:08+00:00","breadcrumb":{"@id":"https:\/\/joyana.fr\/en\/carre-en-seine-pietriarchitectes-issy-les-moulineaux-france\/117782\/#breadcrumb"},"inLanguage":"ja","potentialAction":[{"@type":"ReadAction","target":["https:\/\/joyana.fr\/en\/carre-en-seine-pietriarchitectes-issy-les-moulineaux-france\/117782\/"]}]},{"@type":"ImageObject","inLanguage":"ja","@id":"https:\/\/joyana.fr\/en\/carre-en-seine-pietriarchitectes-issy-les-moulineaux-france\/117782\/#primaryimage","url":"https:\/\/i0.wp.com\/www.joyana.fr\/wp-content\/uploads\/2014\/07\/14933-preview_low_1151-1_14933_sc_v2com.jpg?fit=1000%2C1500&ssl=1","contentUrl":"https:\/\/i0.wp.com\/www.joyana.fr\/wp-content\/uploads\/2014\/07\/14933-preview_low_1151-1_14933_sc_v2com.jpg?fit=1000%2C1500&ssl=1","width":1000,"height":1500},{"@type":"BreadcrumbList","@id":"https:\/\/joyana.fr\/en\/carre-en-seine-pietriarchitectes-issy-les-moulineaux-france\/117782\/#breadcrumb","itemListElement":[{"@type":"ListItem","position":1,"name":"Accueil","item":"https:\/\/joyana.fr\/"},{"@type":"ListItem","position":2,"name":"LE CARR\u00c9 EN SEINE par PietriArchitectes (Issy-les-Moulineaux, FRANCE)"}]},{"@type":"WebSite","@id":"https:\/\/joyana.fr\/#website","url":"https:\/\/joyana.fr\/","name":"JO YANA","description":"Blog Mode Homme, Lifestyle, D\u00e9co-Design","publisher":{"@id":"https:\/\/joyana.fr\/#\/schema\/person\/cf2a1ad12a27c12c21801075bf37407c"},"potentialAction":[{"@type":"SearchAction","target":{"@type":"EntryPoint","urlTemplate":"https:\/\/joyana.fr\/?s={search_term_string}"},"query-input":{"@type":"PropertyValueSpecification","valueRequired":true,"valueName":"search_term_string"}}],"inLanguage":"ja"},{"@type":["Person","Organization"],"@id":"https:\/\/joyana.fr\/#\/schema\/person\/cf2a1ad12a27c12c21801075bf37407c","name":"Jo Yana","image":{"@type":"ImageObject","inLanguage":"ja","@id":"https:\/\/joyana.fr\/#\/schema\/person\/image\/","url":"https:\/\/i0.wp.com\/www.joyana.fr\/wp-content\/uploads\/2016\/08\/cropped-joyana-logo-black-360x180.png?fit=343%2C164&ssl=1","contentUrl":"https:\/\/i0.wp.com\/www.joyana.fr\/wp-content\/uploads\/2016\/08\/cropped-joyana-logo-black-360x180.png?fit=343%2C164&ssl=1","width":343,"height":164,"caption":"Jo Yana"},"logo":{"@id":"https:\/\/joyana.fr\/#\/schema\/person\/image\/"},"description":"Jo Yana est le cr\u00e9ateur et r\u00e9dacteur en chef des sites DECO-DESIGN. Passionn\u00e9 de Design, Mode, Photo, Luxe, Lifestyle, Musique, mais avant tout Blogueur ! Le plaisir de partager l'anime et a comme devise \"POUR L'AMOUR DU BEAU\". Retrouvez le aussi sur son blog personnel - https:\/\/joyana.fr...","sameAs":["https:\/\/joyana.fr\/"],"url":"https:\/\/www.joyana.fr\/ja\/author\/joyana\/"}]}},"author_meta":{"display_name":"Jo Yana","author_link":"https:\/\/www.joyana.fr\/ja\/author\/joyana\/"},"featured_img":"https:\/\/i0.wp.com\/www.joyana.fr\/wp-content\/uploads\/2014\/07\/14933-preview_low_1151-1_14933_sc_v2com.jpg?fit=259%2C389&ssl=1","featured_image_src":"https:\/\/i0.wp.com\/www.joyana.fr\/wp-content\/uploads\/2014\/07\/14933-preview_low_1151-1_14933_sc_v2com.jpg?resize=600%2C400&ssl=1","featured_image_src_square":"https:\/\/i0.wp.com\/www.joyana.fr\/wp-content\/uploads\/2014\/07\/14933-preview_low_1151-1_14933_sc_v2com.jpg?resize=600%2C600&ssl=1","jetpack_featured_media_url":"https:\/\/i0.wp.com\/www.joyana.fr\/wp-content\/uploads\/2014\/07\/14933-preview_low_1151-1_14933_sc_v2com.jpg?fit=1000%2C1500&ssl=1","uagb_featured_image_src":{"full":["https:\/\/i0.wp.com\/www.joyana.fr\/wp-content\/uploads\/2014\/07\/14933-preview_low_1151-1_14933_sc_v2com.jpg?fit=1000%2C1500&ssl=1",1000,1500,false],"thumbnail":["https:\/\/i0.wp.com\/www.joyana.fr\/wp-content\/uploads\/2014\/07\/14933-preview_low_1151-1_14933_sc_v2com.jpg?resize=150%2C150&ssl=1",150,150,true],"medium":["https:\/\/i0.wp.com\/www.joyana.fr\/wp-content\/uploads\/2014\/07\/14933-preview_low_1151-1_14933_sc_v2com.jpg?fit=259%2C389&ssl=1",259,389,true],"medium_large":["https:\/\/i0.wp.com\/www.joyana.fr\/wp-content\/uploads\/2014\/07\/14933-preview_low_1151-1_14933_sc_v2com.jpg?fit=768%2C1152&ssl=1",768,1152,true],"large":["https:\/\/i0.wp.com\/www.joyana.fr\/wp-content\/uploads\/2014\/07\/14933-preview_low_1151-1_14933_sc_v2com.jpg?fit=683%2C1024&ssl=1",683,1024,true],"1536x1536":["https:\/\/i0.wp.com\/www.joyana.fr\/wp-content\/uploads\/2014\/07\/14933-preview_low_1151-1_14933_sc_v2com.jpg?fit=1000%2C1500&ssl=1",1000,1500,true],"2048x2048":["https:\/\/i0.wp.com\/www.joyana.fr\/wp-content\/uploads\/2014\/07\/14933-preview_low_1151-1_14933_sc_v2com.jpg?fit=1000%2C1500&ssl=1",1000,1500,true],"featured-thumb":["https:\/\/i0.wp.com\/www.joyana.fr\/wp-content\/uploads\/2014\/07\/14933-preview_low_1151-1_14933_sc_v2com.jpg?resize=1000%2C750&ssl=1",1000,750,true],"ab-block-post-grid-landscape":["https:\/\/i0.wp.com\/www.joyana.fr\/wp-content\/uploads\/2014\/07\/14933-preview_low_1151-1_14933_sc_v2com.jpg?resize=600%2C400&ssl=1",600,400,true],"ab-block-post-grid-square":["https:\/\/i0.wp.com\/www.joyana.fr\/wp-content\/uploads\/2014\/07\/14933-preview_low_1151-1_14933_sc_v2com.jpg?resize=600%2C600&ssl=1",600,600,true],"author-pro-image":["https:\/\/i0.wp.com\/www.joyana.fr\/wp-content\/uploads\/2014\/07\/14933-preview_low_1151-1_14933_sc_v2com.jpg?resize=360%2C570&ssl=1",360,570,true],"slider":["https:\/\/i0.wp.com\/www.joyana.fr\/wp-content\/uploads\/2014\/07\/14933-preview_low_1151-1_14933_sc_v2com.jpg?resize=920%2C400&ssl=1",920,400,true],"woocommerce_thumbnail":["https:\/\/i0.wp.com\/www.joyana.fr\/wp-content\/uploads\/2014\/07\/14933-preview_low_1151-1_14933_sc_v2com.jpg?resize=450%2C450&ssl=1",450,450,true],"woocommerce_single":["https:\/\/i0.wp.com\/www.joyana.fr\/wp-content\/uploads\/2014\/07\/14933-preview_low_1151-1_14933_sc_v2com.jpg?fit=920%2C1380&ssl=1",920,1380,true],"woocommerce_gallery_thumbnail":["https:\/\/i0.wp.com\/www.joyana.fr\/wp-content\/uploads\/2014\/07\/14933-preview_low_1151-1_14933_sc_v2com.jpg?resize=180%2C180&ssl=1",180,180,true],"sow-carousel-default":["https:\/\/i0.wp.com\/www.joyana.fr\/wp-content\/uploads\/2014\/07\/14933-preview_low_1151-1_14933_sc_v2com.jpg?resize=272%2C182&ssl=1",272,182,true]},"uagb_author_info":{"display_name":"Jo Yana","author_link":"https:\/\/www.joyana.fr\/ja\/author\/joyana\/"},"uagb_comment_info":5,"uagb_excerpt":"Le cabinet PietriArchitectes d\u00e9voile LE CARR\u00c9 EN SEINE &hellip;","coauthors":[],"tax_additional":{"categories":{"linked":["<a href=\"https:\/\/www.joyana.fr\/ja\/category\/deco-design\/architecture-deco-design\/lieux-design\/appartement\/\" class=\"advgb-post-tax-term\">Appartement<\/a>","<a href=\"https:\/\/www.joyana.fr\/ja\/category\/portfolio\/architecture\/\" class=\"advgb-post-tax-term\">ARCHITECTURE<\/a>","<a href=\"https:\/\/www.joyana.fr\/ja\/category\/deco-design\/\" class=\"advgb-post-tax-term\">DECO-DESIGN<\/a>","<a href=\"https:\/\/www.joyana.fr\/ja\/category\/deco-design\/architecture-deco-design\/pays\/france\/\" class=\"advgb-post-tax-term\">France<\/a>"],"unlinked":["<span class=\"advgb-post-tax-term\">Appartement<\/span>","<span class=\"advgb-post-tax-term\">ARCHITECTURE<\/span>","<span class=\"advgb-post-tax-term\">DECO-DESIGN<\/span>","<span class=\"advgb-post-tax-term\">France<\/span>"]},"tags":{"linked":["<a href=\"https:\/\/www.joyana.fr\/ja\/category\/deco-design\/architecture-deco-design\/pays\/france\/\" class=\"advgb-post-tax-term\">Appartement design<\/a>","<a href=\"https:\/\/www.joyana.fr\/ja\/category\/deco-design\/architecture-deco-design\/pays\/france\/\" class=\"advgb-post-tax-term\">Architecture<\/a>","<a href=\"https:\/\/www.joyana.fr\/ja\/category\/deco-design\/architecture-deco-design\/pays\/france\/\" class=\"advgb-post-tax-term\">PietriArchitectes<\/a>","<a href=\"https:\/\/www.joyana.fr\/ja\/category\/deco-design\/architecture-deco-design\/pays\/france\/\" class=\"advgb-post-tax-term\">R\u00e9sidence<\/a>"],"unlinked":["<span class=\"advgb-post-tax-term\">Appartement design<\/span>","<span class=\"advgb-post-tax-term\">Architecture<\/span>","<span class=\"advgb-post-tax-term\">PietriArchitectes<\/span>","<span class=\"advgb-post-tax-term\">R\u00e9sidence<\/span>"]}},"comment_count":0,"relative_dates":{"created":"Posted 12\u5e74 ago","modified":"Updated 12\u5e74 ago"},"absolute_dates":{"created":"Posted on 9 7\u6708 2014","modified":"Updated on 9 7\u6708 2014"},"absolute_dates_time":{"created":"Posted on 9 7\u6708 2014 9:19","modified":"Updated on 9 7\u6708 2014 9:19"},"featured_img_caption":"","series_order":"","jetpack_sharing_enabled":true,"jetpack_shortlink":"https:\/\/wp.me\/p9bteI-uDI","jetpack-related-posts":[],"_links":{"self":[{"href":"https:\/\/www.joyana.fr\/ja\/wp-json\/wp\/v2\/posts\/117782","targetHints":{"allow":["GET"]}}],"collection":[{"href":"https:\/\/www.joyana.fr\/ja\/wp-json\/wp\/v2\/posts"}],"about":[{"href":"https:\/\/www.joyana.fr\/ja\/wp-json\/wp\/v2\/types\/post"}],"author":[{"embeddable":true,"href":"https:\/\/www.joyana.fr\/ja\/wp-json\/wp\/v2\/users\/3"}],"replies":[{"embeddable":true,"href":"https:\/\/www.joyana.fr\/ja\/wp-json\/wp\/v2\/comments?post=117782"}],"version-history":[{"count":0,"href":"https:\/\/www.joyana.fr\/ja\/wp-json\/wp\/v2\/posts\/117782\/revisions"}],"wp:featuredmedia":[{"embeddable":true,"href":"https:\/\/www.joyana.fr\/ja\/wp-json\/wp\/v2\/media\/117789"}],"wp:attachment":[{"href":"https:\/\/www.joyana.fr\/ja\/wp-json\/wp\/v2\/media?parent=117782"}],"wp:term":[{"taxonomy":"category","embeddable":true,"href":"https:\/\/www.joyana.fr\/ja\/wp-json\/wp\/v2\/categories?post=117782"},{"taxonomy":"post_tag","embeddable":true,"href":"https:\/\/www.joyana.fr\/ja\/wp-json\/wp\/v2\/tags?post=117782"}],"curies":[{"name":"wp","href":"https:\/\/api.w.org\/{rel}","templated":true}]}}