{"id":116698,"date":"2014-04-11T17:26:42","date_gmt":"2014-04-11T16:26:42","guid":{"rendered":"https:\/\/joyana.fr\/?p=16698"},"modified":"2014-04-11T17:26:42","modified_gmt":"2014-04-11T16:26:42","slug":"appartement-dinspiration-scandinave-studio-mood-house","status":"publish","type":"post","link":"https:\/\/www.joyana.fr\/ja\/appartement-dinspiration-scandinave-studio-mood-house\/116698\/","title":{"rendered":"APPARTEMENT D&#8217;INSPIRATION SCANDINAVE PAR MOOD HOUSE"},"content":{"rendered":"<p>Cette semaine, petit tour dans le quartier su\u00e9dois de <strong>Gustavsberg<\/strong> \u00e0 <strong>Stockholm<\/strong> bien connu pour sa fabrique de Porcelaine o\u00f9 nous allons visiter un int\u00e9rieur douillet et tr\u00e8s color\u00e9. Un appartement id\u00e9al pour une famille avec des enfants.<\/p>\n<p><a style=\"line-height: 1.5em;\" href=\"https:\/\/joyana.fr\/appartement-dinspiration-scandinave-studio-mood-house\/16698\/wedding-of-princess-madeleine-and-mr-christopher-oneil-in-stockholm\/\" rel=\"attachment wp-att-16677\"><img data-recalc-dims=\"1\" fetchpriority=\"high\" decoding=\"async\" data-attachment-id=\"16677\" data-permalink=\"https:\/\/www.joyana.fr\/ja\/100-accounts-to-inspire-you-on-instagram\/16654\/capture-decran-2015-02-24-a-10-30-31\/\" data-orig-file=\"https:\/\/i0.wp.com\/www.joyana.fr\/wp-content\/uploads\/2015\/02\/Capture-d%E2%80%99%C3%A9cran-2015-02-24-%C3%A0-10.30.31.png?fit=1019%2C505&amp;ssl=1\" data-orig-size=\"1019,505\" data-comments-opened=\"1\" data-image-meta=\"{&quot;aperture&quot;:&quot;0&quot;,&quot;credit&quot;:&quot;&quot;,&quot;camera&quot;:&quot;&quot;,&quot;caption&quot;:&quot;&quot;,&quot;created_timestamp&quot;:&quot;0&quot;,&quot;copyright&quot;:&quot;&quot;,&quot;focal_length&quot;:&quot;0&quot;,&quot;iso&quot;:&quot;0&quot;,&quot;shutter_speed&quot;:&quot;0&quot;,&quot;title&quot;:&quot;&quot;,&quot;orientation&quot;:&quot;0&quot;}\" data-image-title=\"Capture d\u2019\u00e9cran 2015-02-24 \u00e0 10.30.31\" data-image-description=\"\" data-image-caption=\"\" data-medium-file=\"https:\/\/i0.wp.com\/www.joyana.fr\/wp-content\/uploads\/2015\/02\/Capture-d%E2%80%99%C3%A9cran-2015-02-24-%C3%A0-10.30.31.png?fit=389%2C193&amp;ssl=1\" data-large-file=\"https:\/\/i0.wp.com\/www.joyana.fr\/wp-content\/uploads\/2015\/02\/Capture-d%E2%80%99%C3%A9cran-2015-02-24-%C3%A0-10.30.31.png?fit=1019%2C505&amp;ssl=1\" class=\"alignnone size-large wp-image-16677\" alt=\"- Wedding of Princess Madeleine and Mr Christopher O'Neil in Stockholm\" src=\"https:\/\/i0.wp.com\/joyana.fr\/wp-content\/uploads\/2014\/04\/Chic-3-room-apartment-in-Gustavsberg-Sweden-1-950x633-650x433.jpg?resize=650%2C433&#038;ssl=1\" width=\"650\" height=\"433\" \/><\/a><\/p>\n<p>Photographi\u00e9 par <strong>Johan spinelle<\/strong>, cet appartement de 3 chambres est situ\u00e9 dans le \u00ab\u00a0quartier de la porcelaine\u00a0\u00bb (<strong>Porslinskvarteret<\/strong>), un endroit tr\u00e8s r\u00e9put\u00e9 dans l\u2019histoire des manufactures su\u00e9doises. Inspir\u00e9 par l&#8217;histoire de l&#8217;environnement, le<strong> Studio MOOD House<\/strong> le rappel avec de la vaisselle qui orne l&#8217;un des murs du coin-cuisine.<\/p>\n<p><a href=\"https:\/\/joyana.fr\/appartement-dinspiration-scandinave-studio-mood-house\/16698\/wedding-of-princess-madeleine-and-mr-christopher-oneil-in-stockholm-5\/\" rel=\"attachment wp-att-16681\"><img data-recalc-dims=\"1\" decoding=\"async\" data-attachment-id=\"16681\" data-permalink=\"https:\/\/www.joyana.fr\/ja\/100-accounts-to-inspire-you-on-instagram\/16654\/capture-decran-2015-02-24-a-10-32-35\/\" data-orig-file=\"https:\/\/i0.wp.com\/www.joyana.fr\/wp-content\/uploads\/2015\/02\/Capture-d%E2%80%99%C3%A9cran-2015-02-24-%C3%A0-10.32.35.png?fit=1019%2C508&amp;ssl=1\" data-orig-size=\"1019,508\" data-comments-opened=\"1\" data-image-meta=\"{&quot;aperture&quot;:&quot;0&quot;,&quot;credit&quot;:&quot;&quot;,&quot;camera&quot;:&quot;&quot;,&quot;caption&quot;:&quot;&quot;,&quot;created_timestamp&quot;:&quot;0&quot;,&quot;copyright&quot;:&quot;&quot;,&quot;focal_length&quot;:&quot;0&quot;,&quot;iso&quot;:&quot;0&quot;,&quot;shutter_speed&quot;:&quot;0&quot;,&quot;title&quot;:&quot;&quot;,&quot;orientation&quot;:&quot;0&quot;}\" data-image-title=\"Capture d\u2019\u00e9cran 2015-02-24 \u00e0 10.32.35\" data-image-description=\"\" data-image-caption=\"\" data-medium-file=\"https:\/\/i0.wp.com\/www.joyana.fr\/wp-content\/uploads\/2015\/02\/Capture-d%E2%80%99%C3%A9cran-2015-02-24-%C3%A0-10.32.35.png?fit=389%2C194&amp;ssl=1\" data-large-file=\"https:\/\/i0.wp.com\/www.joyana.fr\/wp-content\/uploads\/2015\/02\/Capture-d%E2%80%99%C3%A9cran-2015-02-24-%C3%A0-10.32.35.png?fit=1019%2C508&amp;ssl=1\" class=\"alignnone size-large wp-image-16681\" alt=\"- Wedding of Princess Madeleine and Mr Christopher O'Neil in Stockholm\" src=\"https:\/\/i0.wp.com\/joyana.fr\/wp-content\/uploads\/2014\/04\/Chic-3-room-apartment-in-Gustavsberg-Sweden-5-950x633-650x433.jpg?resize=650%2C433&#038;ssl=1\" width=\"650\" height=\"433\" \/><\/a><\/p>\n<p><a href=\"https:\/\/joyana.fr\/appartement-dinspiration-scandinave-studio-mood-house\/16698\/wedding-of-princess-madeleine-and-mr-christopher-oneil-in-stockholm-6\/\" rel=\"attachment wp-att-16682\"><img data-recalc-dims=\"1\" decoding=\"async\" data-attachment-id=\"16682\" data-permalink=\"https:\/\/www.joyana.fr\/ja\/100-accounts-to-inspire-you-on-instagram\/16654\/capture-decran-2015-02-24-a-10-33-12\/\" data-orig-file=\"https:\/\/i0.wp.com\/www.joyana.fr\/wp-content\/uploads\/2015\/02\/Capture-d%E2%80%99%C3%A9cran-2015-02-24-%C3%A0-10.33.12.png?fit=1020%2C508&amp;ssl=1\" data-orig-size=\"1020,508\" data-comments-opened=\"1\" data-image-meta=\"{&quot;aperture&quot;:&quot;0&quot;,&quot;credit&quot;:&quot;&quot;,&quot;camera&quot;:&quot;&quot;,&quot;caption&quot;:&quot;&quot;,&quot;created_timestamp&quot;:&quot;0&quot;,&quot;copyright&quot;:&quot;&quot;,&quot;focal_length&quot;:&quot;0&quot;,&quot;iso&quot;:&quot;0&quot;,&quot;shutter_speed&quot;:&quot;0&quot;,&quot;title&quot;:&quot;&quot;,&quot;orientation&quot;:&quot;0&quot;}\" data-image-title=\"Capture d\u2019\u00e9cran 2015-02-24 \u00e0 10.33.12\" data-image-description=\"\" data-image-caption=\"\" data-medium-file=\"https:\/\/i0.wp.com\/www.joyana.fr\/wp-content\/uploads\/2015\/02\/Capture-d%E2%80%99%C3%A9cran-2015-02-24-%C3%A0-10.33.12.png?fit=389%2C194&amp;ssl=1\" data-large-file=\"https:\/\/i0.wp.com\/www.joyana.fr\/wp-content\/uploads\/2015\/02\/Capture-d%E2%80%99%C3%A9cran-2015-02-24-%C3%A0-10.33.12.png?fit=1020%2C508&amp;ssl=1\" class=\"alignnone size-large wp-image-16682\" alt=\"- Wedding of Princess Madeleine and Mr Christopher O'Neil in Stockholm\" src=\"https:\/\/i0.wp.com\/joyana.fr\/wp-content\/uploads\/2014\/04\/Chic-3-room-apartment-in-Gustavsberg-Sweden-6-950x633-650x433.jpg?resize=650%2C433&#038;ssl=1\" width=\"650\" height=\"433\" \/><\/a><\/p>\n<p><a href=\"https:\/\/joyana.fr\/appartement-dinspiration-scandinave-studio-mood-house\/16698\/wedding-of-princess-madeleine-and-mr-christopher-oneil-in-stockholm-7\/\" rel=\"attachment wp-att-16683\"><img data-recalc-dims=\"1\" loading=\"lazy\" decoding=\"async\" data-attachment-id=\"16683\" data-permalink=\"https:\/\/www.joyana.fr\/ja\/100-accounts-to-inspire-you-on-instagram\/16654\/capture-decran-2015-02-24-a-10-34-06\/\" data-orig-file=\"https:\/\/i0.wp.com\/www.joyana.fr\/wp-content\/uploads\/2015\/02\/Capture-d%E2%80%99%C3%A9cran-2015-02-24-%C3%A0-10.34.06.png?fit=1022%2C521&amp;ssl=1\" data-orig-size=\"1022,521\" data-comments-opened=\"1\" data-image-meta=\"{&quot;aperture&quot;:&quot;0&quot;,&quot;credit&quot;:&quot;&quot;,&quot;camera&quot;:&quot;&quot;,&quot;caption&quot;:&quot;&quot;,&quot;created_timestamp&quot;:&quot;0&quot;,&quot;copyright&quot;:&quot;&quot;,&quot;focal_length&quot;:&quot;0&quot;,&quot;iso&quot;:&quot;0&quot;,&quot;shutter_speed&quot;:&quot;0&quot;,&quot;title&quot;:&quot;&quot;,&quot;orientation&quot;:&quot;0&quot;}\" data-image-title=\"Capture d\u2019\u00e9cran 2015-02-24 \u00e0 10.34.06\" data-image-description=\"\" data-image-caption=\"\" data-medium-file=\"https:\/\/i0.wp.com\/www.joyana.fr\/wp-content\/uploads\/2015\/02\/Capture-d%E2%80%99%C3%A9cran-2015-02-24-%C3%A0-10.34.06.png?fit=389%2C198&amp;ssl=1\" data-large-file=\"https:\/\/i0.wp.com\/www.joyana.fr\/wp-content\/uploads\/2015\/02\/Capture-d%E2%80%99%C3%A9cran-2015-02-24-%C3%A0-10.34.06.png?fit=1022%2C521&amp;ssl=1\" class=\"alignnone size-large wp-image-16683\" alt=\"- Wedding of Princess Madeleine and Mr Christopher O'Neil in Stockholm\" src=\"https:\/\/i0.wp.com\/joyana.fr\/wp-content\/uploads\/2014\/04\/Chic-3-room-apartment-in-Gustavsberg-Sweden-7-650x951.jpg?resize=650%2C951&#038;ssl=1\" width=\"650\" height=\"951\" \/><\/a><\/p>\n<p>La chambre principale a \u00e9t\u00e9 divis\u00e9e en deux parties, un espace couchage et un petit espace de travail ou vous retrouvez un syst\u00e8me d\u2019\u00e9tag\u00e8res minimalistes<strong> STRING<\/strong> bien connu dans les pays scandinaves.<\/p>\n<p><a href=\"https:\/\/joyana.fr\/appartement-dinspiration-scandinave-studio-mood-house\/16698\/wedding-of-princess-madeleine-and-mr-christopher-oneil-in-stockholm-8\/\" rel=\"attachment wp-att-16684\"><img data-recalc-dims=\"1\" loading=\"lazy\" decoding=\"async\" data-attachment-id=\"16684\" data-permalink=\"https:\/\/www.joyana.fr\/ja\/100-accounts-to-inspire-you-on-instagram\/16654\/capture-decran-2015-02-24-a-10-35-16\/\" data-orig-file=\"https:\/\/i0.wp.com\/www.joyana.fr\/wp-content\/uploads\/2015\/02\/Capture-d%E2%80%99%C3%A9cran-2015-02-24-%C3%A0-10.35.16.png?fit=1020%2C509&amp;ssl=1\" data-orig-size=\"1020,509\" data-comments-opened=\"1\" data-image-meta=\"{&quot;aperture&quot;:&quot;0&quot;,&quot;credit&quot;:&quot;&quot;,&quot;camera&quot;:&quot;&quot;,&quot;caption&quot;:&quot;&quot;,&quot;created_timestamp&quot;:&quot;0&quot;,&quot;copyright&quot;:&quot;&quot;,&quot;focal_length&quot;:&quot;0&quot;,&quot;iso&quot;:&quot;0&quot;,&quot;shutter_speed&quot;:&quot;0&quot;,&quot;title&quot;:&quot;&quot;,&quot;orientation&quot;:&quot;0&quot;}\" data-image-title=\"Capture d\u2019\u00e9cran 2015-02-24 \u00e0 10.35.16\" data-image-description=\"\" data-image-caption=\"\" data-medium-file=\"https:\/\/i0.wp.com\/www.joyana.fr\/wp-content\/uploads\/2015\/02\/Capture-d%E2%80%99%C3%A9cran-2015-02-24-%C3%A0-10.35.16.png?fit=389%2C194&amp;ssl=1\" data-large-file=\"https:\/\/i0.wp.com\/www.joyana.fr\/wp-content\/uploads\/2015\/02\/Capture-d%E2%80%99%C3%A9cran-2015-02-24-%C3%A0-10.35.16.png?fit=1020%2C509&amp;ssl=1\" class=\"alignnone size-large wp-image-16684\" alt=\"- Wedding of Princess Madeleine and Mr Christopher O'Neil in Stockholm\" src=\"https:\/\/i0.wp.com\/joyana.fr\/wp-content\/uploads\/2014\/04\/Chic-3-room-apartment-in-Gustavsberg-Sweden-8-950x633-650x433.jpg?resize=650%2C433&#038;ssl=1\" width=\"650\" height=\"433\" \/><\/a><\/p>\n<p><a href=\"https:\/\/joyana.fr\/appartement-dinspiration-scandinave-studio-mood-house\/16698\/wedding-of-princess-madeleine-and-mr-christopher-oneil-in-stockholm-9\/\" rel=\"attachment wp-att-16685\"><img data-recalc-dims=\"1\" loading=\"lazy\" decoding=\"async\" data-attachment-id=\"16685\" data-permalink=\"https:\/\/www.joyana.fr\/ja\/100-accounts-to-inspire-you-on-instagram\/16654\/capture-decran-2015-02-24-a-10-41-01\/\" data-orig-file=\"https:\/\/i0.wp.com\/www.joyana.fr\/wp-content\/uploads\/2015\/02\/Capture-d%E2%80%99%C3%A9cran-2015-02-24-%C3%A0-10.41.01.png?fit=1020%2C508&amp;ssl=1\" data-orig-size=\"1020,508\" data-comments-opened=\"1\" data-image-meta=\"{&quot;aperture&quot;:&quot;0&quot;,&quot;credit&quot;:&quot;&quot;,&quot;camera&quot;:&quot;&quot;,&quot;caption&quot;:&quot;&quot;,&quot;created_timestamp&quot;:&quot;0&quot;,&quot;copyright&quot;:&quot;&quot;,&quot;focal_length&quot;:&quot;0&quot;,&quot;iso&quot;:&quot;0&quot;,&quot;shutter_speed&quot;:&quot;0&quot;,&quot;title&quot;:&quot;&quot;,&quot;orientation&quot;:&quot;0&quot;}\" data-image-title=\"Capture d\u2019\u00e9cran 2015-02-24 \u00e0 10.41.01\" data-image-description=\"\" data-image-caption=\"\" data-medium-file=\"https:\/\/i0.wp.com\/www.joyana.fr\/wp-content\/uploads\/2015\/02\/Capture-d%E2%80%99%C3%A9cran-2015-02-24-%C3%A0-10.41.01.png?fit=389%2C194&amp;ssl=1\" data-large-file=\"https:\/\/i0.wp.com\/www.joyana.fr\/wp-content\/uploads\/2015\/02\/Capture-d%E2%80%99%C3%A9cran-2015-02-24-%C3%A0-10.41.01.png?fit=1020%2C508&amp;ssl=1\" class=\"alignnone size-large wp-image-16685\" alt=\"- Wedding of Princess Madeleine and Mr Christopher O'Neil in Stockholm\" src=\"https:\/\/i0.wp.com\/joyana.fr\/wp-content\/uploads\/2014\/04\/Chic-3-room-apartment-in-Gustavsberg-Sweden-9-950x638-650x436.jpg?resize=650%2C436&#038;ssl=1\" width=\"650\" height=\"436\" \/><\/a><\/p>\n<p><a href=\"https:\/\/joyana.fr\/appartement-dinspiration-scandinave-studio-mood-house\/16698\/wedding-of-princess-madeleine-and-mr-christopher-oneil-in-stockholm-10\/\" rel=\"attachment wp-att-16686\"><img data-recalc-dims=\"1\" loading=\"lazy\" decoding=\"async\" data-attachment-id=\"16686\" data-permalink=\"https:\/\/www.joyana.fr\/ja\/100-accounts-to-inspire-you-on-instagram\/16654\/capture-decran-2015-02-24-a-10-41-25\/\" data-orig-file=\"https:\/\/i0.wp.com\/www.joyana.fr\/wp-content\/uploads\/2015\/02\/Capture-d%E2%80%99%C3%A9cran-2015-02-24-%C3%A0-10.41.25.png?fit=1017%2C504&amp;ssl=1\" data-orig-size=\"1017,504\" data-comments-opened=\"1\" data-image-meta=\"{&quot;aperture&quot;:&quot;0&quot;,&quot;credit&quot;:&quot;&quot;,&quot;camera&quot;:&quot;&quot;,&quot;caption&quot;:&quot;&quot;,&quot;created_timestamp&quot;:&quot;0&quot;,&quot;copyright&quot;:&quot;&quot;,&quot;focal_length&quot;:&quot;0&quot;,&quot;iso&quot;:&quot;0&quot;,&quot;shutter_speed&quot;:&quot;0&quot;,&quot;title&quot;:&quot;&quot;,&quot;orientation&quot;:&quot;0&quot;}\" data-image-title=\"Capture d\u2019\u00e9cran 2015-02-24 \u00e0 10.41.25\" data-image-description=\"\" data-image-caption=\"\" data-medium-file=\"https:\/\/i0.wp.com\/www.joyana.fr\/wp-content\/uploads\/2015\/02\/Capture-d%E2%80%99%C3%A9cran-2015-02-24-%C3%A0-10.41.25.png?fit=389%2C193&amp;ssl=1\" data-large-file=\"https:\/\/i0.wp.com\/www.joyana.fr\/wp-content\/uploads\/2015\/02\/Capture-d%E2%80%99%C3%A9cran-2015-02-24-%C3%A0-10.41.25.png?fit=1017%2C504&amp;ssl=1\" class=\"alignnone size-large wp-image-16686\" alt=\"- Wedding of Princess Madeleine and Mr Christopher O'Neil in Stockholm\" src=\"https:\/\/i0.wp.com\/joyana.fr\/wp-content\/uploads\/2014\/04\/Chic-3-room-apartment-in-Gustavsberg-Sweden-10-650x974.jpg?resize=650%2C974&#038;ssl=1\" width=\"650\" height=\"974\" \/><\/a><\/p>\n<p>Pour la chambre des enfants, les murs dans les tons de gris ont \u00e9t\u00e9 d\u00e9cor\u00e9s avec des cadres faits main et la sobri\u00e9t\u00e9 de l\u2019ensemble rehauss\u00e9 par les couleurs et formes g\u00e9om\u00e9triques des coussins de chez<strong> FERM LIVING<\/strong>.<\/p>\n<p><a href=\"https:\/\/joyana.fr\/appartement-dinspiration-scandinave-studio-mood-house\/16698\/wedding-of-princess-madeleine-and-mr-christopher-oneil-in-stockholm-11\/\" rel=\"attachment wp-att-16687\"><img data-recalc-dims=\"1\" loading=\"lazy\" decoding=\"async\" data-attachment-id=\"16687\" data-permalink=\"https:\/\/www.joyana.fr\/ja\/100-accounts-to-inspire-you-on-instagram\/16654\/capture-decran-2015-02-24-a-10-42-05\/\" data-orig-file=\"https:\/\/i0.wp.com\/www.joyana.fr\/wp-content\/uploads\/2015\/02\/Capture-d%E2%80%99%C3%A9cran-2015-02-24-%C3%A0-10.42.05.png?fit=1019%2C506&amp;ssl=1\" data-orig-size=\"1019,506\" data-comments-opened=\"1\" data-image-meta=\"{&quot;aperture&quot;:&quot;0&quot;,&quot;credit&quot;:&quot;&quot;,&quot;camera&quot;:&quot;&quot;,&quot;caption&quot;:&quot;&quot;,&quot;created_timestamp&quot;:&quot;0&quot;,&quot;copyright&quot;:&quot;&quot;,&quot;focal_length&quot;:&quot;0&quot;,&quot;iso&quot;:&quot;0&quot;,&quot;shutter_speed&quot;:&quot;0&quot;,&quot;title&quot;:&quot;&quot;,&quot;orientation&quot;:&quot;0&quot;}\" data-image-title=\"Capture d\u2019\u00e9cran 2015-02-24 \u00e0 10.42.05\" data-image-description=\"\" data-image-caption=\"\" data-medium-file=\"https:\/\/i0.wp.com\/www.joyana.fr\/wp-content\/uploads\/2015\/02\/Capture-d%E2%80%99%C3%A9cran-2015-02-24-%C3%A0-10.42.05.png?fit=389%2C193&amp;ssl=1\" data-large-file=\"https:\/\/i0.wp.com\/www.joyana.fr\/wp-content\/uploads\/2015\/02\/Capture-d%E2%80%99%C3%A9cran-2015-02-24-%C3%A0-10.42.05.png?fit=1019%2C506&amp;ssl=1\" class=\"alignnone size-large wp-image-16687\" alt=\"- Wedding of Princess Madeleine and Mr Christopher O'Neil in Stockholm\" src=\"https:\/\/i0.wp.com\/joyana.fr\/wp-content\/uploads\/2014\/04\/Chic-3-room-apartment-in-Gustavsberg-Sweden-11-950x633-650x433.jpg?resize=650%2C433&#038;ssl=1\" width=\"650\" height=\"433\" \/><\/a><\/p>\n<p>Un appartement id\u00e9al pour fonder une famille, pourquoi pas la votre\u00a0?<\/p>\n<div data-carousel-extra='{\"blog_id\":1,\"permalink\":\"https:\\\/\\\/www.joyana.fr\\\/ja\\\/appartement-dinspiration-scandinave-studio-mood-house\\\/116698\\\/\"}' id='gallery-1' class='gallery galleryid-116698 gallery-columns-3 gallery-size-thumbnail'><figure class='gallery-item'>\r\n\t\t\t<div class='gallery-icon landscape'>\r\n\t\t\t\t<a href='https:\/\/www.joyana.fr\/ja\/100-accounts-to-inspire-you-on-instagram\/16654\/capture-decran-2015-02-24-a-10-42-36\/'><img loading=\"lazy\" decoding=\"async\" width=\"150\" height=\"150\" src=\"https:\/\/i0.wp.com\/www.joyana.fr\/wp-content\/uploads\/2015\/02\/Capture-d%E2%80%99%C3%A9cran-2015-02-24-%C3%A0-10.42.36.png?resize=150%2C150&amp;ssl=1\" class=\"attachment-thumbnail size-thumbnail\" alt=\"\" data-attachment-id=\"16688\" data-permalink=\"https:\/\/www.joyana.fr\/ja\/100-accounts-to-inspire-you-on-instagram\/16654\/capture-decran-2015-02-24-a-10-42-36\/\" data-orig-file=\"https:\/\/i0.wp.com\/www.joyana.fr\/wp-content\/uploads\/2015\/02\/Capture-d%E2%80%99%C3%A9cran-2015-02-24-%C3%A0-10.42.36.png?fit=1022%2C506&amp;ssl=1\" data-orig-size=\"1022,506\" data-comments-opened=\"1\" data-image-meta=\"{&quot;aperture&quot;:&quot;0&quot;,&quot;credit&quot;:&quot;&quot;,&quot;camera&quot;:&quot;&quot;,&quot;caption&quot;:&quot;&quot;,&quot;created_timestamp&quot;:&quot;0&quot;,&quot;copyright&quot;:&quot;&quot;,&quot;focal_length&quot;:&quot;0&quot;,&quot;iso&quot;:&quot;0&quot;,&quot;shutter_speed&quot;:&quot;0&quot;,&quot;title&quot;:&quot;&quot;,&quot;orientation&quot;:&quot;0&quot;}\" data-image-title=\"Capture d\u2019\u00e9cran 2015-02-24 \u00e0 10.42.36\" data-image-description=\"\" data-image-caption=\"\" data-medium-file=\"https:\/\/i0.wp.com\/www.joyana.fr\/wp-content\/uploads\/2015\/02\/Capture-d%E2%80%99%C3%A9cran-2015-02-24-%C3%A0-10.42.36.png?fit=389%2C193&amp;ssl=1\" data-large-file=\"https:\/\/i0.wp.com\/www.joyana.fr\/wp-content\/uploads\/2015\/02\/Capture-d%E2%80%99%C3%A9cran-2015-02-24-%C3%A0-10.42.36.png?fit=1022%2C506&amp;ssl=1\" \/><\/a>\r\n\t\t\t<\/div><\/figure><figure class='gallery-item'>\r\n\t\t\t<div class='gallery-icon landscape'>\r\n\t\t\t\t<a href='https:\/\/www.joyana.fr\/ja\/100-accounts-to-inspire-you-on-instagram\/16654\/capture-decran-2015-02-24-a-10-42-54\/'><img loading=\"lazy\" decoding=\"async\" width=\"150\" height=\"150\" src=\"https:\/\/i0.wp.com\/www.joyana.fr\/wp-content\/uploads\/2015\/02\/Capture-d%E2%80%99%C3%A9cran-2015-02-24-%C3%A0-10.42.54.png?resize=150%2C150&amp;ssl=1\" class=\"attachment-thumbnail size-thumbnail\" alt=\"\" data-attachment-id=\"16689\" data-permalink=\"https:\/\/www.joyana.fr\/ja\/100-accounts-to-inspire-you-on-instagram\/16654\/capture-decran-2015-02-24-a-10-42-54\/\" data-orig-file=\"https:\/\/i0.wp.com\/www.joyana.fr\/wp-content\/uploads\/2015\/02\/Capture-d%E2%80%99%C3%A9cran-2015-02-24-%C3%A0-10.42.54.png?fit=1022%2C507&amp;ssl=1\" data-orig-size=\"1022,507\" data-comments-opened=\"1\" data-image-meta=\"{&quot;aperture&quot;:&quot;0&quot;,&quot;credit&quot;:&quot;&quot;,&quot;camera&quot;:&quot;&quot;,&quot;caption&quot;:&quot;&quot;,&quot;created_timestamp&quot;:&quot;0&quot;,&quot;copyright&quot;:&quot;&quot;,&quot;focal_length&quot;:&quot;0&quot;,&quot;iso&quot;:&quot;0&quot;,&quot;shutter_speed&quot;:&quot;0&quot;,&quot;title&quot;:&quot;&quot;,&quot;orientation&quot;:&quot;0&quot;}\" data-image-title=\"Capture d\u2019\u00e9cran 2015-02-24 \u00e0 10.42.54\" data-image-description=\"\" data-image-caption=\"\" data-medium-file=\"https:\/\/i0.wp.com\/www.joyana.fr\/wp-content\/uploads\/2015\/02\/Capture-d%E2%80%99%C3%A9cran-2015-02-24-%C3%A0-10.42.54.png?fit=389%2C193&amp;ssl=1\" data-large-file=\"https:\/\/i0.wp.com\/www.joyana.fr\/wp-content\/uploads\/2015\/02\/Capture-d%E2%80%99%C3%A9cran-2015-02-24-%C3%A0-10.42.54.png?fit=1022%2C507&amp;ssl=1\" \/><\/a>\r\n\t\t\t<\/div><\/figure><figure class='gallery-item'>\r\n\t\t\t<div class='gallery-icon landscape'>\r\n\t\t\t\t<a href='https:\/\/www.joyana.fr\/ja\/100-accounts-to-inspire-you-on-instagram\/16654\/capture-decran-2015-02-24-a-10-43-19\/'><img loading=\"lazy\" decoding=\"async\" width=\"150\" height=\"150\" src=\"https:\/\/i0.wp.com\/www.joyana.fr\/wp-content\/uploads\/2015\/02\/Capture-d%E2%80%99%C3%A9cran-2015-02-24-%C3%A0-10.43.19.png?resize=150%2C150&amp;ssl=1\" class=\"attachment-thumbnail size-thumbnail\" alt=\"\" data-attachment-id=\"16690\" data-permalink=\"https:\/\/www.joyana.fr\/ja\/100-accounts-to-inspire-you-on-instagram\/16654\/capture-decran-2015-02-24-a-10-43-19\/\" data-orig-file=\"https:\/\/i0.wp.com\/www.joyana.fr\/wp-content\/uploads\/2015\/02\/Capture-d%E2%80%99%C3%A9cran-2015-02-24-%C3%A0-10.43.19.png?fit=1020%2C507&amp;ssl=1\" data-orig-size=\"1020,507\" data-comments-opened=\"1\" data-image-meta=\"{&quot;aperture&quot;:&quot;0&quot;,&quot;credit&quot;:&quot;&quot;,&quot;camera&quot;:&quot;&quot;,&quot;caption&quot;:&quot;&quot;,&quot;created_timestamp&quot;:&quot;0&quot;,&quot;copyright&quot;:&quot;&quot;,&quot;focal_length&quot;:&quot;0&quot;,&quot;iso&quot;:&quot;0&quot;,&quot;shutter_speed&quot;:&quot;0&quot;,&quot;title&quot;:&quot;&quot;,&quot;orientation&quot;:&quot;0&quot;}\" data-image-title=\"Capture d\u2019\u00e9cran 2015-02-24 \u00e0 10.43.19\" data-image-description=\"\" data-image-caption=\"\" data-medium-file=\"https:\/\/i0.wp.com\/www.joyana.fr\/wp-content\/uploads\/2015\/02\/Capture-d%E2%80%99%C3%A9cran-2015-02-24-%C3%A0-10.43.19.png?fit=389%2C193&amp;ssl=1\" data-large-file=\"https:\/\/i0.wp.com\/www.joyana.fr\/wp-content\/uploads\/2015\/02\/Capture-d%E2%80%99%C3%A9cran-2015-02-24-%C3%A0-10.43.19.png?fit=1020%2C507&amp;ssl=1\" \/><\/a>\r\n\t\t\t<\/div><\/figure><figure class='gallery-item'>\r\n\t\t\t<div class='gallery-icon landscape'>\r\n\t\t\t\t<a href='https:\/\/www.joyana.fr\/ja\/100-accounts-to-inspire-you-on-instagram\/16654\/capture-decran-2015-02-24-a-10-43-55\/'><img loading=\"lazy\" decoding=\"async\" width=\"150\" height=\"150\" src=\"https:\/\/i0.wp.com\/www.joyana.fr\/wp-content\/uploads\/2015\/02\/Capture-d%E2%80%99%C3%A9cran-2015-02-24-%C3%A0-10.43.55.png?resize=150%2C150&amp;ssl=1\" class=\"attachment-thumbnail size-thumbnail\" alt=\"\" data-attachment-id=\"16691\" data-permalink=\"https:\/\/www.joyana.fr\/ja\/100-accounts-to-inspire-you-on-instagram\/16654\/capture-decran-2015-02-24-a-10-43-55\/\" data-orig-file=\"https:\/\/i0.wp.com\/www.joyana.fr\/wp-content\/uploads\/2015\/02\/Capture-d%E2%80%99%C3%A9cran-2015-02-24-%C3%A0-10.43.55.png?fit=1021%2C504&amp;ssl=1\" data-orig-size=\"1021,504\" data-comments-opened=\"1\" data-image-meta=\"{&quot;aperture&quot;:&quot;0&quot;,&quot;credit&quot;:&quot;&quot;,&quot;camera&quot;:&quot;&quot;,&quot;caption&quot;:&quot;&quot;,&quot;created_timestamp&quot;:&quot;0&quot;,&quot;copyright&quot;:&quot;&quot;,&quot;focal_length&quot;:&quot;0&quot;,&quot;iso&quot;:&quot;0&quot;,&quot;shutter_speed&quot;:&quot;0&quot;,&quot;title&quot;:&quot;&quot;,&quot;orientation&quot;:&quot;0&quot;}\" data-image-title=\"Capture d\u2019\u00e9cran 2015-02-24 \u00e0 10.43.55\" data-image-description=\"\" data-image-caption=\"\" data-medium-file=\"https:\/\/i0.wp.com\/www.joyana.fr\/wp-content\/uploads\/2015\/02\/Capture-d%E2%80%99%C3%A9cran-2015-02-24-%C3%A0-10.43.55.png?fit=389%2C192&amp;ssl=1\" data-large-file=\"https:\/\/i0.wp.com\/www.joyana.fr\/wp-content\/uploads\/2015\/02\/Capture-d%E2%80%99%C3%A9cran-2015-02-24-%C3%A0-10.43.55.png?fit=1021%2C504&amp;ssl=1\" \/><\/a>\r\n\t\t\t<\/div><\/figure><\/div>\n\n<p style=\"text-align: center;\">En savoir + sur \u00a0<a href=\"http:\/\/www.moodhouse.se\/\">MOOD HOUSE<\/a><\/p>\n","protected":false},"excerpt":{"rendered":"<p>Cette semaine, petit tour dans le quartier su\u00e9dois de Gustavsberg \u00e0 Stockholm bien connu pour sa fabrique de P [&hellip;]<\/p>\n","protected":false},"author":2,"featured_media":116678,"comment_status":"open","ping_status":"open","sticky":false,"template":"","format":"aside","meta":{"_coblocks_attr":"","_coblocks_dimensions":"","_coblocks_responsive_height":"","_coblocks_accordion_ie_support":"","_uag_custom_page_level_css":"","advgb_blocks_editor_width":"","advgb_blocks_columns_visual_guide":"","_genesis_hide_title":false,"_genesis_hide_breadcrumbs":false,"_genesis_hide_singular_image":false,"_genesis_hide_footer_widgets":false,"_genesis_custom_body_class":"","_genesis_custom_post_class":"","_genesis_layout":"","_themeisle_gutenberg_block_has_review":false,"_jetpack_newsletter_access":"","_jetpack_dont_email_post_to_subs":false,"_jetpack_newsletter_tier_id":0,"_jetpack_memberships_contains_paywalled_content":false,"_jetpack_memberships_contains_paid_content":false,"footnotes":""},"categories":[1026,71,905,1694],"tags":[1227,1632,1266,1633,1693],"class_list":{"0":"post-116698","1":"post","2":"type-post","3":"status-publish","4":"format-aside","5":"has-post-thumbnail","7":"category-appartement","8":"category-architecture","9":"category-deco-design","10":"category-suede","11":"tag-appartement-design","12":"tag-appartement-scandinave","13":"tag-design-scandinave","14":"tag-le-vendredi-scandinave","15":"tag-mood-house","16":"post_format-post-format-aside","17":"entry"},"featured_image_urls":{"full":"","thumbnail":"","medium":"","medium_large":"","large":"","1536x1536":"","2048x2048":"","featured-thumb":"","ab-block-post-grid-landscape":"","ab-block-post-grid-square":"","author-pro-image":"","slider":"","woocommerce_thumbnail":"","woocommerce_single":"","woocommerce_gallery_thumbnail":"","sow-carousel-default":""},"post_excerpt_stackable":"<p>Cette semaine, petit tour dans le quartier su\u00e9dois de Gustavsberg \u00e0 Stockholm bien connu pour sa fab&hellip;<\/p>\n","category_list":"<a href=\"https:\/\/www.joyana.fr\/ja\/category\/deco-design\/architecture-deco-design\/lieux-design\/appartement\/\" rel=\"category tag\">Appartement<\/a>, <a href=\"https:\/\/www.joyana.fr\/ja\/category\/portfolio\/architecture\/\" rel=\"category tag\">ARCHITECTURE<\/a>, <a href=\"https:\/\/www.joyana.fr\/ja\/category\/deco-design\/\" rel=\"category tag\">DECO-DESIGN<\/a>, <a href=\"https:\/\/www.joyana.fr\/ja\/category\/deco-design\/architecture-deco-design\/pays\/suede\/\" rel=\"category tag\">Su\u00e8de<\/a>","author_info":{"display_name":"J\u00e9r\u00e9my Frob\u00e9nius","author_link":"https:\/\/www.joyana.fr\/ja\/author\/influence\/"},"comments_num":"0 comments","featured_image_urls_v2":{"full":"","thumbnail":"","medium":"","medium_large":"","large":"","1536x1536":"","2048x2048":"","featured-thumb":"","ab-block-post-grid-landscape":"","ab-block-post-grid-square":"","author-pro-image":"","slider":"","woocommerce_thumbnail":"","woocommerce_single":"","woocommerce_gallery_thumbnail":"","sow-carousel-default":""},"post_excerpt_stackable_v2":"<p>Cette semaine, petit tour dans le quartier su\u00e9dois de Gustavsberg \u00e0 Stockholm bien connu pour sa fab&hellip;<\/p>\n","category_list_v2":"<a href=\"https:\/\/www.joyana.fr\/ja\/category\/deco-design\/architecture-deco-design\/lieux-design\/appartement\/\" rel=\"category tag\">Appartement<\/a>, <a href=\"https:\/\/www.joyana.fr\/ja\/category\/portfolio\/architecture\/\" rel=\"category tag\">ARCHITECTURE<\/a>, <a href=\"https:\/\/www.joyana.fr\/ja\/category\/deco-design\/\" rel=\"category tag\">DECO-DESIGN<\/a>, <a href=\"https:\/\/www.joyana.fr\/ja\/category\/deco-design\/architecture-deco-design\/pays\/suede\/\" rel=\"category tag\">Su\u00e8de<\/a>","author_info_v2":{"name":"J\u00e9r\u00e9my Frob\u00e9nius","url":"https:\/\/www.joyana.fr\/ja\/author\/influence\/"},"comments_num_v2":"0 comments","yoast_head":"<!-- This site is optimized with the Yoast SEO plugin v26.8 - https:\/\/yoast.com\/product\/yoast-seo-wordpress\/ -->\n<title>APPARTEMENT D&#039;INSPIRATION SCANDINAVE PAR MOOD HOUSE - JO YANA<\/title>\n<meta name=\"robots\" content=\"index, follow, max-snippet:-1, max-image-preview:large, max-video-preview:-1\" \/>\n<link rel=\"canonical\" href=\"https:\/\/www.joyana.fr\/ja\/appartement-dinspiration-scandinave-studio-mood-house\/116698\/\" \/>\n<meta property=\"og:locale\" content=\"ja_JP\" \/>\n<meta property=\"og:locale:alternate\" content=\"fr_FR\" \/>\n<meta property=\"og:locale:alternate\" content=\"en_US\" \/>\n<meta property=\"og:type\" content=\"article\" \/>\n<meta property=\"og:title\" content=\"APPARTEMENT D&#039;INSPIRATION SCANDINAVE PAR MOOD HOUSE - JO YANA\" \/>\n<meta property=\"og:description\" content=\"Cette semaine, petit tour dans le quartier su\u00e9dois de Gustavsberg \u00e0 Stockholm bien connu pour sa fabrique de P [&hellip;]\" \/>\n<meta property=\"og:url\" content=\"https:\/\/www.joyana.fr\/ja\/appartement-dinspiration-scandinave-studio-mood-house\/116698\/\" \/>\n<meta property=\"og:site_name\" content=\"JO YANA\" \/>\n<meta property=\"article:published_time\" content=\"2014-04-11T16:26:42+00:00\" \/>\n<meta name=\"author\" content=\"J\u00e9r\u00e9my Frob\u00e9nius\" \/>\n<meta name=\"twitter:card\" content=\"summary_large_image\" \/>\n<meta name=\"twitter:creator\" content=\"@Jo_Yana\" \/>\n<meta name=\"twitter:site\" content=\"@Jo_Yana\" \/>\n<meta name=\"twitter:label1\" content=\"\u57f7\u7b46\u8005\" \/>\n\t<meta name=\"twitter:data1\" content=\"J\u00e9r\u00e9my Frob\u00e9nius\" \/>\n\t<meta name=\"twitter:label2\" content=\"\u63a8\u5b9a\u8aad\u307f\u53d6\u308a\u6642\u9593\" \/>\n\t<meta name=\"twitter:data2\" content=\"1\u5206\" \/>\n<script type=\"application\/ld+json\" class=\"yoast-schema-graph\">{\"@context\":\"https:\/\/schema.org\",\"@graph\":[{\"@type\":\"Article\",\"@id\":\"https:\/\/www.joyana.fr\/en\/appartement-dinspiration-scandinave-studio-mood-house\/116698\/#article\",\"isPartOf\":{\"@id\":\"https:\/\/www.joyana.fr\/en\/appartement-dinspiration-scandinave-studio-mood-house\/116698\/\"},\"author\":{\"name\":\"J\u00e9r\u00e9my Frob\u00e9nius\",\"@id\":\"https:\/\/joyana.fr\/#\/schema\/person\/30e35bdb5bc60b25602df18045191b72\"},\"headline\":\"APPARTEMENT D&#8217;INSPIRATION SCANDINAVE PAR MOOD HOUSE\",\"datePublished\":\"2014-04-11T16:26:42+00:00\",\"mainEntityOfPage\":{\"@id\":\"https:\/\/www.joyana.fr\/en\/appartement-dinspiration-scandinave-studio-mood-house\/116698\/\"},\"wordCount\":202,\"commentCount\":0,\"publisher\":{\"@id\":\"https:\/\/joyana.fr\/#\/schema\/person\/cf2a1ad12a27c12c21801075bf37407c\"},\"image\":{\"@id\":\"https:\/\/www.joyana.fr\/en\/appartement-dinspiration-scandinave-studio-mood-house\/116698\/#primaryimage\"},\"thumbnailUrl\":\"\",\"keywords\":[\"Appartement design\",\"Appartement Scandinave\",\"Design Scandinave\",\"Le Vendredi Scandinave\",\"MOOD HOUSE\"],\"articleSection\":[\"Appartement\",\"ARCHITECTURE\",\"DECO-DESIGN\",\"Su\u00e8de\"],\"inLanguage\":\"ja\",\"potentialAction\":[{\"@type\":\"CommentAction\",\"name\":\"Comment\",\"target\":[\"https:\/\/www.joyana.fr\/en\/appartement-dinspiration-scandinave-studio-mood-house\/116698\/#respond\"]}]},{\"@type\":\"WebPage\",\"@id\":\"https:\/\/www.joyana.fr\/en\/appartement-dinspiration-scandinave-studio-mood-house\/116698\/\",\"url\":\"https:\/\/www.joyana.fr\/en\/appartement-dinspiration-scandinave-studio-mood-house\/116698\/\",\"name\":\"APPARTEMENT D'INSPIRATION SCANDINAVE PAR MOOD HOUSE - JO YANA\",\"isPartOf\":{\"@id\":\"https:\/\/joyana.fr\/#website\"},\"primaryImageOfPage\":{\"@id\":\"https:\/\/www.joyana.fr\/en\/appartement-dinspiration-scandinave-studio-mood-house\/116698\/#primaryimage\"},\"image\":{\"@id\":\"https:\/\/www.joyana.fr\/en\/appartement-dinspiration-scandinave-studio-mood-house\/116698\/#primaryimage\"},\"thumbnailUrl\":\"\",\"datePublished\":\"2014-04-11T16:26:42+00:00\",\"breadcrumb\":{\"@id\":\"https:\/\/www.joyana.fr\/en\/appartement-dinspiration-scandinave-studio-mood-house\/116698\/#breadcrumb\"},\"inLanguage\":\"ja\",\"potentialAction\":[{\"@type\":\"ReadAction\",\"target\":[\"https:\/\/www.joyana.fr\/en\/appartement-dinspiration-scandinave-studio-mood-house\/116698\/\"]}]},{\"@type\":\"ImageObject\",\"inLanguage\":\"ja\",\"@id\":\"https:\/\/www.joyana.fr\/en\/appartement-dinspiration-scandinave-studio-mood-house\/116698\/#primaryimage\",\"url\":\"\",\"contentUrl\":\"\"},{\"@type\":\"BreadcrumbList\",\"@id\":\"https:\/\/www.joyana.fr\/en\/appartement-dinspiration-scandinave-studio-mood-house\/116698\/#breadcrumb\",\"itemListElement\":[{\"@type\":\"ListItem\",\"position\":1,\"name\":\"Accueil\",\"item\":\"https:\/\/joyana.fr\/\"},{\"@type\":\"ListItem\",\"position\":2,\"name\":\"APPARTEMENT D&#8217;INSPIRATION SCANDINAVE PAR MOOD HOUSE\"}]},{\"@type\":\"WebSite\",\"@id\":\"https:\/\/joyana.fr\/#website\",\"url\":\"https:\/\/joyana.fr\/\",\"name\":\"JO YANA\",\"description\":\"Blog Mode Homme, Lifestyle, D\u00e9co-Design\",\"publisher\":{\"@id\":\"https:\/\/joyana.fr\/#\/schema\/person\/cf2a1ad12a27c12c21801075bf37407c\"},\"potentialAction\":[{\"@type\":\"SearchAction\",\"target\":{\"@type\":\"EntryPoint\",\"urlTemplate\":\"https:\/\/joyana.fr\/?s={search_term_string}\"},\"query-input\":{\"@type\":\"PropertyValueSpecification\",\"valueRequired\":true,\"valueName\":\"search_term_string\"}}],\"inLanguage\":\"ja\"},{\"@type\":[\"Person\",\"Organization\"],\"@id\":\"https:\/\/joyana.fr\/#\/schema\/person\/cf2a1ad12a27c12c21801075bf37407c\",\"name\":\"Jo Yana\",\"image\":{\"@type\":\"ImageObject\",\"inLanguage\":\"ja\",\"@id\":\"https:\/\/joyana.fr\/#\/schema\/person\/image\/\",\"url\":\"https:\/\/i0.wp.com\/www.joyana.fr\/wp-content\/uploads\/2016\/08\/cropped-joyana-logo-black-360x180.png?fit=343%2C164&ssl=1\",\"contentUrl\":\"https:\/\/i0.wp.com\/www.joyana.fr\/wp-content\/uploads\/2016\/08\/cropped-joyana-logo-black-360x180.png?fit=343%2C164&ssl=1\",\"width\":343,\"height\":164,\"caption\":\"Jo Yana\"},\"logo\":{\"@id\":\"https:\/\/joyana.fr\/#\/schema\/person\/image\/\"},\"description\":\"Jo Yana est le cr\u00e9ateur et r\u00e9dacteur en chef des sites DECO-DESIGN. Passionn\u00e9 de Design, Mode, Photo, Luxe, Lifestyle, Musique, mais avant tout Blogueur ! Le plaisir de partager l'anime et a comme devise \\\"POUR L'AMOUR DU BEAU\\\". Retrouvez le aussi sur son blog personnel - https:\/\/joyana.fr...\",\"sameAs\":[\"https:\/\/joyana.fr\/\"]},{\"@type\":\"Person\",\"@id\":\"https:\/\/joyana.fr\/#\/schema\/person\/30e35bdb5bc60b25602df18045191b72\",\"name\":\"J\u00e9r\u00e9my Frob\u00e9nius\",\"image\":{\"@type\":\"ImageObject\",\"inLanguage\":\"ja\",\"@id\":\"https:\/\/joyana.fr\/#\/schema\/person\/image\/\",\"url\":\"https:\/\/secure.gravatar.com\/avatar\/b53fa5515b55c193a883253e48e39765?s=96&d=retro&r=g\",\"contentUrl\":\"https:\/\/secure.gravatar.com\/avatar\/b53fa5515b55c193a883253e48e39765?s=96&d=retro&r=g\",\"caption\":\"J\u00e9r\u00e9my Frob\u00e9nius\"},\"description\":\"Jeremy Frobenius est un amateur d\u2019architecture et de design depuis de nombreuses ann\u00e9es. Il a rejoint le Forum Deco-Design en 2007 en int\u00e9grant l\u2019\u00e9quipe de mod\u00e9rateurs, et depuis il couvre certains \u00e9v\u00e8nements comme Maison &amp; Objet, ou les Designer's Days... Passionn\u00e9 d\u2019automobiles, il s\u2019exerce aussi \u00e0 la photographie lors de ses voyages et d\u00e9ambulations urbaine.\",\"url\":\"https:\/\/www.joyana.fr\/ja\/author\/influence\/\"}]}<\/script>\n<!-- \/ Yoast SEO plugin. -->","yoast_head_json":{"title":"APPARTEMENT D'INSPIRATION SCANDINAVE PAR MOOD HOUSE - JO YANA","robots":{"index":"index","follow":"follow","max-snippet":"max-snippet:-1","max-image-preview":"max-image-preview:large","max-video-preview":"max-video-preview:-1"},"canonical":"https:\/\/www.joyana.fr\/ja\/appartement-dinspiration-scandinave-studio-mood-house\/116698\/","og_locale":"ja_JP","og_type":"article","og_title":"APPARTEMENT D'INSPIRATION SCANDINAVE PAR MOOD HOUSE - JO YANA","og_description":"Cette semaine, petit tour dans le quartier su\u00e9dois de Gustavsberg \u00e0 Stockholm bien connu pour sa fabrique de P [&hellip;]","og_url":"https:\/\/www.joyana.fr\/ja\/appartement-dinspiration-scandinave-studio-mood-house\/116698\/","og_site_name":"JO YANA","article_published_time":"2014-04-11T16:26:42+00:00","author":"J\u00e9r\u00e9my Frob\u00e9nius","twitter_card":"summary_large_image","twitter_creator":"@Jo_Yana","twitter_site":"@Jo_Yana","twitter_misc":{"\u57f7\u7b46\u8005":"J\u00e9r\u00e9my Frob\u00e9nius","\u63a8\u5b9a\u8aad\u307f\u53d6\u308a\u6642\u9593":"1\u5206"},"schema":{"@context":"https:\/\/schema.org","@graph":[{"@type":"Article","@id":"https:\/\/www.joyana.fr\/en\/appartement-dinspiration-scandinave-studio-mood-house\/116698\/#article","isPartOf":{"@id":"https:\/\/www.joyana.fr\/en\/appartement-dinspiration-scandinave-studio-mood-house\/116698\/"},"author":{"name":"J\u00e9r\u00e9my Frob\u00e9nius","@id":"https:\/\/joyana.fr\/#\/schema\/person\/30e35bdb5bc60b25602df18045191b72"},"headline":"APPARTEMENT D&#8217;INSPIRATION SCANDINAVE PAR MOOD HOUSE","datePublished":"2014-04-11T16:26:42+00:00","mainEntityOfPage":{"@id":"https:\/\/www.joyana.fr\/en\/appartement-dinspiration-scandinave-studio-mood-house\/116698\/"},"wordCount":202,"commentCount":0,"publisher":{"@id":"https:\/\/joyana.fr\/#\/schema\/person\/cf2a1ad12a27c12c21801075bf37407c"},"image":{"@id":"https:\/\/www.joyana.fr\/en\/appartement-dinspiration-scandinave-studio-mood-house\/116698\/#primaryimage"},"thumbnailUrl":"","keywords":["Appartement design","Appartement Scandinave","Design Scandinave","Le Vendredi Scandinave","MOOD HOUSE"],"articleSection":["Appartement","ARCHITECTURE","DECO-DESIGN","Su\u00e8de"],"inLanguage":"ja","potentialAction":[{"@type":"CommentAction","name":"Comment","target":["https:\/\/www.joyana.fr\/en\/appartement-dinspiration-scandinave-studio-mood-house\/116698\/#respond"]}]},{"@type":"WebPage","@id":"https:\/\/www.joyana.fr\/en\/appartement-dinspiration-scandinave-studio-mood-house\/116698\/","url":"https:\/\/www.joyana.fr\/en\/appartement-dinspiration-scandinave-studio-mood-house\/116698\/","name":"APPARTEMENT D'INSPIRATION SCANDINAVE PAR MOOD HOUSE - JO YANA","isPartOf":{"@id":"https:\/\/joyana.fr\/#website"},"primaryImageOfPage":{"@id":"https:\/\/www.joyana.fr\/en\/appartement-dinspiration-scandinave-studio-mood-house\/116698\/#primaryimage"},"image":{"@id":"https:\/\/www.joyana.fr\/en\/appartement-dinspiration-scandinave-studio-mood-house\/116698\/#primaryimage"},"thumbnailUrl":"","datePublished":"2014-04-11T16:26:42+00:00","breadcrumb":{"@id":"https:\/\/www.joyana.fr\/en\/appartement-dinspiration-scandinave-studio-mood-house\/116698\/#breadcrumb"},"inLanguage":"ja","potentialAction":[{"@type":"ReadAction","target":["https:\/\/www.joyana.fr\/en\/appartement-dinspiration-scandinave-studio-mood-house\/116698\/"]}]},{"@type":"ImageObject","inLanguage":"ja","@id":"https:\/\/www.joyana.fr\/en\/appartement-dinspiration-scandinave-studio-mood-house\/116698\/#primaryimage","url":"","contentUrl":""},{"@type":"BreadcrumbList","@id":"https:\/\/www.joyana.fr\/en\/appartement-dinspiration-scandinave-studio-mood-house\/116698\/#breadcrumb","itemListElement":[{"@type":"ListItem","position":1,"name":"Accueil","item":"https:\/\/joyana.fr\/"},{"@type":"ListItem","position":2,"name":"APPARTEMENT D&#8217;INSPIRATION SCANDINAVE PAR MOOD HOUSE"}]},{"@type":"WebSite","@id":"https:\/\/joyana.fr\/#website","url":"https:\/\/joyana.fr\/","name":"JO YANA","description":"Blog Mode Homme, Lifestyle, D\u00e9co-Design","publisher":{"@id":"https:\/\/joyana.fr\/#\/schema\/person\/cf2a1ad12a27c12c21801075bf37407c"},"potentialAction":[{"@type":"SearchAction","target":{"@type":"EntryPoint","urlTemplate":"https:\/\/joyana.fr\/?s={search_term_string}"},"query-input":{"@type":"PropertyValueSpecification","valueRequired":true,"valueName":"search_term_string"}}],"inLanguage":"ja"},{"@type":["Person","Organization"],"@id":"https:\/\/joyana.fr\/#\/schema\/person\/cf2a1ad12a27c12c21801075bf37407c","name":"Jo Yana","image":{"@type":"ImageObject","inLanguage":"ja","@id":"https:\/\/joyana.fr\/#\/schema\/person\/image\/","url":"https:\/\/i0.wp.com\/www.joyana.fr\/wp-content\/uploads\/2016\/08\/cropped-joyana-logo-black-360x180.png?fit=343%2C164&ssl=1","contentUrl":"https:\/\/i0.wp.com\/www.joyana.fr\/wp-content\/uploads\/2016\/08\/cropped-joyana-logo-black-360x180.png?fit=343%2C164&ssl=1","width":343,"height":164,"caption":"Jo Yana"},"logo":{"@id":"https:\/\/joyana.fr\/#\/schema\/person\/image\/"},"description":"Jo Yana est le cr\u00e9ateur et r\u00e9dacteur en chef des sites DECO-DESIGN. Passionn\u00e9 de Design, Mode, Photo, Luxe, Lifestyle, Musique, mais avant tout Blogueur ! Le plaisir de partager l'anime et a comme devise \"POUR L'AMOUR DU BEAU\". Retrouvez le aussi sur son blog personnel - https:\/\/joyana.fr...","sameAs":["https:\/\/joyana.fr\/"]},{"@type":"Person","@id":"https:\/\/joyana.fr\/#\/schema\/person\/30e35bdb5bc60b25602df18045191b72","name":"J\u00e9r\u00e9my Frob\u00e9nius","image":{"@type":"ImageObject","inLanguage":"ja","@id":"https:\/\/joyana.fr\/#\/schema\/person\/image\/","url":"https:\/\/secure.gravatar.com\/avatar\/b53fa5515b55c193a883253e48e39765?s=96&d=retro&r=g","contentUrl":"https:\/\/secure.gravatar.com\/avatar\/b53fa5515b55c193a883253e48e39765?s=96&d=retro&r=g","caption":"J\u00e9r\u00e9my Frob\u00e9nius"},"description":"Jeremy Frobenius est un amateur d\u2019architecture et de design depuis de nombreuses ann\u00e9es. Il a rejoint le Forum Deco-Design en 2007 en int\u00e9grant l\u2019\u00e9quipe de mod\u00e9rateurs, et depuis il couvre certains \u00e9v\u00e8nements comme Maison &amp; Objet, ou les Designer's Days... Passionn\u00e9 d\u2019automobiles, il s\u2019exerce aussi \u00e0 la photographie lors de ses voyages et d\u00e9ambulations urbaine.","url":"https:\/\/www.joyana.fr\/ja\/author\/influence\/"}]}},"author_meta":{"display_name":"J\u00e9r\u00e9my Frob\u00e9nius","author_link":"https:\/\/www.joyana.fr\/ja\/author\/influence\/"},"featured_img":null,"featured_image_src":null,"featured_image_src_square":null,"jetpack_featured_media_url":"","uagb_featured_image_src":{"full":false,"thumbnail":false,"medium":false,"medium_large":false,"large":false,"1536x1536":false,"2048x2048":false,"featured-thumb":false,"ab-block-post-grid-landscape":false,"ab-block-post-grid-square":false,"author-pro-image":false,"slider":false,"woocommerce_thumbnail":false,"woocommerce_single":false,"woocommerce_gallery_thumbnail":false,"sow-carousel-default":false},"uagb_author_info":{"display_name":"J\u00e9r\u00e9my Frob\u00e9nius","author_link":"https:\/\/www.joyana.fr\/ja\/author\/influence\/"},"uagb_comment_info":0,"uagb_excerpt":"Cette semaine, petit tour dans le quartier su\u00e9dois de G&hellip;","coauthors":[],"tax_additional":{"categories":{"linked":["<a href=\"https:\/\/www.joyana.fr\/ja\/category\/deco-design\/architecture-deco-design\/lieux-design\/appartement\/\" class=\"advgb-post-tax-term\">Appartement<\/a>","<a href=\"https:\/\/www.joyana.fr\/ja\/category\/portfolio\/architecture\/\" class=\"advgb-post-tax-term\">ARCHITECTURE<\/a>","<a href=\"https:\/\/www.joyana.fr\/ja\/category\/deco-design\/\" class=\"advgb-post-tax-term\">DECO-DESIGN<\/a>","<a href=\"https:\/\/www.joyana.fr\/ja\/category\/deco-design\/architecture-deco-design\/pays\/suede\/\" class=\"advgb-post-tax-term\">Su\u00e8de<\/a>"],"unlinked":["<span class=\"advgb-post-tax-term\">Appartement<\/span>","<span class=\"advgb-post-tax-term\">ARCHITECTURE<\/span>","<span class=\"advgb-post-tax-term\">DECO-DESIGN<\/span>","<span class=\"advgb-post-tax-term\">Su\u00e8de<\/span>"]},"tags":{"linked":["<a href=\"https:\/\/www.joyana.fr\/ja\/category\/deco-design\/architecture-deco-design\/pays\/suede\/\" class=\"advgb-post-tax-term\">Appartement design<\/a>","<a href=\"https:\/\/www.joyana.fr\/ja\/category\/deco-design\/architecture-deco-design\/pays\/suede\/\" class=\"advgb-post-tax-term\">Appartement Scandinave<\/a>","<a href=\"https:\/\/www.joyana.fr\/ja\/category\/deco-design\/architecture-deco-design\/pays\/suede\/\" class=\"advgb-post-tax-term\">Design Scandinave<\/a>","<a href=\"https:\/\/www.joyana.fr\/ja\/category\/deco-design\/architecture-deco-design\/pays\/suede\/\" class=\"advgb-post-tax-term\">Le Vendredi Scandinave<\/a>","<a href=\"https:\/\/www.joyana.fr\/ja\/category\/deco-design\/architecture-deco-design\/pays\/suede\/\" class=\"advgb-post-tax-term\">MOOD HOUSE<\/a>"],"unlinked":["<span class=\"advgb-post-tax-term\">Appartement design<\/span>","<span class=\"advgb-post-tax-term\">Appartement Scandinave<\/span>","<span class=\"advgb-post-tax-term\">Design Scandinave<\/span>","<span class=\"advgb-post-tax-term\">Le Vendredi Scandinave<\/span>","<span class=\"advgb-post-tax-term\">MOOD HOUSE<\/span>"]}},"comment_count":0,"relative_dates":{"created":"Posted 12\u5e74 ago","modified":"Updated 12\u5e74 ago"},"absolute_dates":{"created":"Posted on 11 4\u6708 2014","modified":"Updated on 11 4\u6708 2014"},"absolute_dates_time":{"created":"Posted on 11 4\u6708 2014 17:26","modified":"Updated on 11 4\u6708 2014 17:26"},"featured_img_caption":"","series_order":"","jetpack_sharing_enabled":true,"jetpack_shortlink":"https:\/\/wp.me\/p9bteI-ume","jetpack-related-posts":[],"_links":{"self":[{"href":"https:\/\/www.joyana.fr\/ja\/wp-json\/wp\/v2\/posts\/116698","targetHints":{"allow":["GET"]}}],"collection":[{"href":"https:\/\/www.joyana.fr\/ja\/wp-json\/wp\/v2\/posts"}],"about":[{"href":"https:\/\/www.joyana.fr\/ja\/wp-json\/wp\/v2\/types\/post"}],"author":[{"embeddable":true,"href":"https:\/\/www.joyana.fr\/ja\/wp-json\/wp\/v2\/users\/2"}],"replies":[{"embeddable":true,"href":"https:\/\/www.joyana.fr\/ja\/wp-json\/wp\/v2\/comments?post=116698"}],"version-history":[{"count":0,"href":"https:\/\/www.joyana.fr\/ja\/wp-json\/wp\/v2\/posts\/116698\/revisions"}],"wp:featuredmedia":[{"embeddable":true,"href":"https:\/\/www.joyana.fr\/ja\/wp-json\/"}],"wp:attachment":[{"href":"https:\/\/www.joyana.fr\/ja\/wp-json\/wp\/v2\/media?parent=116698"}],"wp:term":[{"taxonomy":"category","embeddable":true,"href":"https:\/\/www.joyana.fr\/ja\/wp-json\/wp\/v2\/categories?post=116698"},{"taxonomy":"post_tag","embeddable":true,"href":"https:\/\/www.joyana.fr\/ja\/wp-json\/wp\/v2\/tags?post=116698"}],"curies":[{"name":"wp","href":"https:\/\/api.w.org\/{rel}","templated":true}]}}