{"id":114500,"date":"2013-10-01T08:57:48","date_gmt":"2013-10-01T07:57:48","guid":{"rendered":"https:\/\/joyana.fr\/?p=14500"},"modified":"2013-10-01T08:57:48","modified_gmt":"2013-10-01T07:57:48","slug":"appartement-p-par-regis-botta-paris","status":"publish","type":"post","link":"https:\/\/www.joyana.fr\/ja\/appartement-p-par-regis-botta-paris\/114500\/","title":{"rendered":"Appartement P par Regis BOTTA"},"content":{"rendered":"<p>L&#8217;architecte <strong>Regis Botta<\/strong> nous pr\u00e9sente son dernier projet &#8211; l&#8217;<strong>Appartement P<\/strong>, un duplex de 90m\u00b2 dans le Marais \u00e0 Paris, pour un danseur \u00e9toile de l\u2019Op\u00e9ra de Paris&#8230;<\/p>\n<p><img data-recalc-dims=\"1\" fetchpriority=\"high\" decoding=\"async\" alt=\"Appartement P par Regis BOTA \" src=\"https:\/\/i0.wp.com\/joyana.fr\/wp-content\/uploads\/2013\/10\/RB-A-P-02-576x383.jpg?resize=576%2C383&#038;ssl=1\" width=\"576\" height=\"383\" \/><\/p>\n<p>Le concept de l&#8217;<strong>Appartement P<\/strong> est la mise en place d\u2019un bloc pour diff\u00e9rencier les espaces sans les cloisonner. L\u2019escalier qui lie les niveaux est sculpt\u00e9 \u00e0 l\u2019int\u00e9rieur du bloc. Au RDC, le bloc articule l\u2019entr\u00e9e, le s\u00e9jour et la cuisine. A l\u2019\u00e9tage, il permet de cr\u00e9e dans la chambre un espace salle de bain et un dressing&#8230;<\/p>\n<p><img data-recalc-dims=\"1\" decoding=\"async\" class=\"alignnone size-large wp-image-14501\" alt=\"Appartement P par Regis BOTA \" src=\"https:\/\/i0.wp.com\/joyana.fr\/wp-content\/uploads\/2013\/10\/RB-A-P-01-576x570.jpg?resize=576%2C570&#038;ssl=1\" width=\"576\" height=\"570\" \/><\/p>\n<p>Au RDC, un rideau de lames larges (ci-dessus)\u00a0toute largeur c\u00f4t\u00e9 rue filtre la lumi\u00e8re naturelle et les vues. Le soir ces lames r\u00e9tro\u00e9clair\u00e9es assurent l\u2019ambiance lumineuse du s\u00e9jour. A l\u2019\u00e9tage, le plafond bi-pente est perfor\u00e9 par cinq ouvertures vers le ciel&#8230;.\u00a0Une paroi de verre film\u00e9 rose p\u00e2le est mise en place pour accentuer l\u2019effet de lanterne du canyon et apporter de l\u2019\u00e9clat.<\/p>\n<p>Le d\u00e9tail chic, du marbre de carrare est utilis\u00e9 pour les pi\u00e8ces humides et le plan de travail de la cuisine. et l\u2019ensemble de l\u2019agencement est en bois laqu\u00e9 mat&#8230;<\/p>\n<p><img data-recalc-dims=\"1\" decoding=\"async\" class=\"alignnone size-large wp-image-14509\" alt=\"Appartement P par Regis BOTA \" src=\"https:\/\/i0.wp.com\/joyana.fr\/wp-content\/uploads\/2013\/10\/REGIS-BOTA-APPARTEMENT-P-09-576x864.jpg?resize=576%2C864&#038;ssl=1\" width=\"576\" height=\"864\" \/><\/p>\n<p><img data-recalc-dims=\"1\" loading=\"lazy\" decoding=\"async\" class=\"alignnone size-large wp-image-14508\" alt=\"Appartement P par Regis BOTA \" src=\"https:\/\/i0.wp.com\/joyana.fr\/wp-content\/uploads\/2013\/10\/RB-A-P-08-576x621.jpg?resize=576%2C621&#038;ssl=1\" width=\"576\" height=\"621\" \/><\/p>\n<p><img data-recalc-dims=\"1\" loading=\"lazy\" decoding=\"async\" class=\"alignnone size-large wp-image-14507\" alt=\"Appartement P par Regis BOTA \" src=\"https:\/\/i0.wp.com\/joyana.fr\/wp-content\/uploads\/2013\/10\/RB-A-P-06-576x383.jpg?resize=576%2C383&#038;ssl=1\" width=\"576\" height=\"383\" \/><\/p>\n<p><img data-recalc-dims=\"1\" loading=\"lazy\" decoding=\"async\" class=\"alignnone size-large wp-image-14506\" alt=\"Appartement P par Regis BOTA \" src=\"https:\/\/i0.wp.com\/joyana.fr\/wp-content\/uploads\/2013\/10\/RB-A-P-05-576x820.jpg?resize=576%2C820&#038;ssl=1\" width=\"576\" height=\"820\" \/><\/p>\n<p><img data-recalc-dims=\"1\" loading=\"lazy\" decoding=\"async\" class=\"alignnone size-large wp-image-14505\" alt=\"Appartement P par Regis BOTA \" src=\"https:\/\/i0.wp.com\/joyana.fr\/wp-content\/uploads\/2013\/10\/RB-A-P-04-576x434.jpg?resize=576%2C434&#038;ssl=1\" width=\"576\" height=\"434\" \/><\/p>\n<p><strong>Regis Botta<\/strong> nous confie : <em>&#8220;J\u2019ai souhait\u00e9 rendre lisible le volume atypique de l\u2019appartement par la cr\u00e9ation d\u2019un &#8220;canyon&#8221; sculptural qui met en sc\u00e8ne le passage d\u2019un niveau \u00e0 l\u2019autre.&#8221;<\/em><\/p>\n<p><img data-recalc-dims=\"1\" loading=\"lazy\" decoding=\"async\" class=\"alignnone size-large wp-image-14504\" alt=\"Appartement P par Regis BOTA \" src=\"https:\/\/i0.wp.com\/joyana.fr\/wp-content\/uploads\/2013\/10\/RB-A-P-031-576x715.jpg?resize=576%2C715&#038;ssl=1\" width=\"576\" height=\"715\" \/><\/p>\n<p style=\"text-align: center;\">En savoir + sur <a title=\"REGIS BOTTA\" href=\"http:\/\/www.regisbotta.com\" target=\"_blank\"><strong>Regis BOTTA<\/strong><\/a><\/p>\n","protected":false},"excerpt":{"rendered":"<p>L&#8217;architecte Regis Botta nous pr\u00e9sente son dernier projet &#8211; l&#8217;Appartement P, un duplex de 90 [&hellip;]<\/p>\n","protected":false},"author":3,"featured_media":114501,"comment_status":"open","ping_status":"open","sticky":false,"template":"","format":"standard","meta":{"_coblocks_attr":"","_coblocks_dimensions":"","_coblocks_responsive_height":"","_coblocks_accordion_ie_support":"","_uag_custom_page_level_css":"","advgb_blocks_editor_width":"","advgb_blocks_columns_visual_guide":"","_genesis_hide_title":false,"_genesis_hide_breadcrumbs":false,"_genesis_hide_singular_image":false,"_genesis_hide_footer_widgets":false,"_genesis_custom_body_class":"","_genesis_custom_post_class":"","_genesis_layout":"","_themeisle_gutenberg_block_has_review":false,"_jetpack_newsletter_access":"","_jetpack_dont_email_post_to_subs":false,"_jetpack_newsletter_tier_id":0,"_jetpack_memberships_contains_paywalled_content":false,"_jetpack_memberships_contains_paid_content":false,"footnotes":""},"categories":[1026,71,905,1039],"tags":[1439,1227,919,501,448,12,1524],"class_list":{"0":"post-114500","1":"post","2":"type-post","3":"status-publish","4":"format-standard","5":"has-post-thumbnail","7":"category-appartement","8":"category-architecture","9":"category-deco-design","10":"category-france","11":"tag-appartement","12":"tag-appartement-design","13":"tag-architecte","14":"tag-architecture-2","15":"tag-france","16":"tag-paris","17":"tag-regis-botta","18":"entry"},"featured_image_urls":{"full":["https:\/\/i0.wp.com\/www.joyana.fr\/wp-content\/uploads\/2013\/10\/RB-A-P-01.jpg?fit=650%2C644&ssl=1",650,644,false],"thumbnail":["https:\/\/i0.wp.com\/www.joyana.fr\/wp-content\/uploads\/2013\/10\/RB-A-P-01.jpg?resize=150%2C150&ssl=1",150,150,true],"medium":["https:\/\/i0.wp.com\/www.joyana.fr\/wp-content\/uploads\/2013\/10\/RB-A-P-01.jpg?fit=389%2C385&ssl=1",389,385,true],"medium_large":["https:\/\/i0.wp.com\/www.joyana.fr\/wp-content\/uploads\/2013\/10\/RB-A-P-01.jpg?fit=650%2C644&ssl=1",650,644,true],"large":["https:\/\/i0.wp.com\/www.joyana.fr\/wp-content\/uploads\/2013\/10\/RB-A-P-01.jpg?fit=650%2C644&ssl=1",650,644,true],"1536x1536":["https:\/\/i0.wp.com\/www.joyana.fr\/wp-content\/uploads\/2013\/10\/RB-A-P-01.jpg?fit=650%2C644&ssl=1",650,644,true],"2048x2048":["https:\/\/i0.wp.com\/www.joyana.fr\/wp-content\/uploads\/2013\/10\/RB-A-P-01.jpg?fit=650%2C644&ssl=1",650,644,true],"featured-thumb":["https:\/\/i0.wp.com\/www.joyana.fr\/wp-content\/uploads\/2013\/10\/RB-A-P-01.jpg?resize=650%2C644&ssl=1",650,644,true],"ab-block-post-grid-landscape":["https:\/\/i0.wp.com\/www.joyana.fr\/wp-content\/uploads\/2013\/10\/RB-A-P-01.jpg?resize=600%2C400&ssl=1",600,400,true],"ab-block-post-grid-square":["https:\/\/i0.wp.com\/www.joyana.fr\/wp-content\/uploads\/2013\/10\/RB-A-P-01.jpg?resize=600%2C600&ssl=1",600,600,true],"author-pro-image":["https:\/\/i0.wp.com\/www.joyana.fr\/wp-content\/uploads\/2013\/10\/RB-A-P-01.jpg?resize=360%2C570&ssl=1",360,570,true],"slider":["https:\/\/i0.wp.com\/www.joyana.fr\/wp-content\/uploads\/2013\/10\/RB-A-P-01.jpg?resize=650%2C400&ssl=1",650,400,true],"woocommerce_thumbnail":["https:\/\/i0.wp.com\/www.joyana.fr\/wp-content\/uploads\/2013\/10\/RB-A-P-01.jpg?resize=450%2C450&ssl=1",450,450,true],"woocommerce_single":["https:\/\/i0.wp.com\/www.joyana.fr\/wp-content\/uploads\/2013\/10\/RB-A-P-01.jpg?fit=650%2C644&ssl=1",650,644,true],"woocommerce_gallery_thumbnail":["https:\/\/i0.wp.com\/www.joyana.fr\/wp-content\/uploads\/2013\/10\/RB-A-P-01.jpg?resize=180%2C180&ssl=1",180,180,true],"sow-carousel-default":["https:\/\/i0.wp.com\/www.joyana.fr\/wp-content\/uploads\/2013\/10\/RB-A-P-01.jpg?resize=272%2C182&ssl=1",272,182,true]},"post_excerpt_stackable":"<p>L&#8217;architecte Regis Botta nous pr\u00e9sente son dernier projet &#8211; l&#8217;Appartement P, un du&hellip;<\/p>\n","category_list":"<a href=\"https:\/\/www.joyana.fr\/ja\/category\/deco-design\/architecture-deco-design\/lieux-design\/appartement\/\" rel=\"category tag\">Appartement<\/a>, <a href=\"https:\/\/www.joyana.fr\/ja\/category\/portfolio\/architecture\/\" rel=\"category tag\">ARCHITECTURE<\/a>, <a href=\"https:\/\/www.joyana.fr\/ja\/category\/deco-design\/\" rel=\"category tag\">DECO-DESIGN<\/a>, <a href=\"https:\/\/www.joyana.fr\/ja\/category\/deco-design\/architecture-deco-design\/pays\/france\/\" rel=\"category tag\">France<\/a>","author_info":{"display_name":"Jo Yana","author_link":"https:\/\/www.joyana.fr\/ja\/author\/joyana\/"},"comments_num":"2 comments","featured_image_urls_v2":{"full":["https:\/\/i0.wp.com\/www.joyana.fr\/wp-content\/uploads\/2013\/10\/RB-A-P-01.jpg?fit=650%2C644&ssl=1",650,644,false],"thumbnail":["https:\/\/i0.wp.com\/www.joyana.fr\/wp-content\/uploads\/2013\/10\/RB-A-P-01.jpg?resize=150%2C150&ssl=1",150,150,true],"medium":["https:\/\/i0.wp.com\/www.joyana.fr\/wp-content\/uploads\/2013\/10\/RB-A-P-01.jpg?fit=389%2C385&ssl=1",389,385,true],"medium_large":["https:\/\/i0.wp.com\/www.joyana.fr\/wp-content\/uploads\/2013\/10\/RB-A-P-01.jpg?fit=650%2C644&ssl=1",650,644,true],"large":["https:\/\/i0.wp.com\/www.joyana.fr\/wp-content\/uploads\/2013\/10\/RB-A-P-01.jpg?fit=650%2C644&ssl=1",650,644,true],"1536x1536":["https:\/\/i0.wp.com\/www.joyana.fr\/wp-content\/uploads\/2013\/10\/RB-A-P-01.jpg?fit=650%2C644&ssl=1",650,644,true],"2048x2048":["https:\/\/i0.wp.com\/www.joyana.fr\/wp-content\/uploads\/2013\/10\/RB-A-P-01.jpg?fit=650%2C644&ssl=1",650,644,true],"featured-thumb":["https:\/\/i0.wp.com\/www.joyana.fr\/wp-content\/uploads\/2013\/10\/RB-A-P-01.jpg?resize=650%2C644&ssl=1",650,644,true],"ab-block-post-grid-landscape":["https:\/\/i0.wp.com\/www.joyana.fr\/wp-content\/uploads\/2013\/10\/RB-A-P-01.jpg?resize=600%2C400&ssl=1",600,400,true],"ab-block-post-grid-square":["https:\/\/i0.wp.com\/www.joyana.fr\/wp-content\/uploads\/2013\/10\/RB-A-P-01.jpg?resize=600%2C600&ssl=1",600,600,true],"author-pro-image":["https:\/\/i0.wp.com\/www.joyana.fr\/wp-content\/uploads\/2013\/10\/RB-A-P-01.jpg?resize=360%2C570&ssl=1",360,570,true],"slider":["https:\/\/i0.wp.com\/www.joyana.fr\/wp-content\/uploads\/2013\/10\/RB-A-P-01.jpg?resize=650%2C400&ssl=1",650,400,true],"woocommerce_thumbnail":["https:\/\/i0.wp.com\/www.joyana.fr\/wp-content\/uploads\/2013\/10\/RB-A-P-01.jpg?resize=450%2C450&ssl=1",450,450,true],"woocommerce_single":["https:\/\/i0.wp.com\/www.joyana.fr\/wp-content\/uploads\/2013\/10\/RB-A-P-01.jpg?fit=650%2C644&ssl=1",650,644,true],"woocommerce_gallery_thumbnail":["https:\/\/i0.wp.com\/www.joyana.fr\/wp-content\/uploads\/2013\/10\/RB-A-P-01.jpg?resize=180%2C180&ssl=1",180,180,true],"sow-carousel-default":["https:\/\/i0.wp.com\/www.joyana.fr\/wp-content\/uploads\/2013\/10\/RB-A-P-01.jpg?resize=272%2C182&ssl=1",272,182,true]},"post_excerpt_stackable_v2":"<p>L&#8217;architecte Regis Botta nous pr\u00e9sente son dernier projet &#8211; l&#8217;Appartement P, un du&hellip;<\/p>\n","category_list_v2":"<a href=\"https:\/\/www.joyana.fr\/ja\/category\/deco-design\/architecture-deco-design\/lieux-design\/appartement\/\" rel=\"category tag\">Appartement<\/a>, <a href=\"https:\/\/www.joyana.fr\/ja\/category\/portfolio\/architecture\/\" rel=\"category tag\">ARCHITECTURE<\/a>, <a href=\"https:\/\/www.joyana.fr\/ja\/category\/deco-design\/\" rel=\"category tag\">DECO-DESIGN<\/a>, <a href=\"https:\/\/www.joyana.fr\/ja\/category\/deco-design\/architecture-deco-design\/pays\/france\/\" rel=\"category tag\">France<\/a>","author_info_v2":{"name":"Jo Yana","url":"https:\/\/www.joyana.fr\/ja\/author\/joyana\/"},"comments_num_v2":"2 comments","yoast_head":"<!-- This site is optimized with the Yoast SEO plugin v26.8 - https:\/\/yoast.com\/product\/yoast-seo-wordpress\/ -->\n<title>Appartement P par Regis BOTTA - JO YANA<\/title>\n<meta name=\"robots\" content=\"index, follow, max-snippet:-1, max-image-preview:large, max-video-preview:-1\" \/>\n<link rel=\"canonical\" href=\"https:\/\/www.joyana.fr\/ja\/appartement-p-par-regis-botta-paris\/114500\/\" \/>\n<meta property=\"og:locale\" content=\"ja_JP\" \/>\n<meta property=\"og:locale:alternate\" content=\"fr_FR\" \/>\n<meta property=\"og:locale:alternate\" content=\"en_US\" \/>\n<meta property=\"og:type\" content=\"article\" \/>\n<meta property=\"og:title\" content=\"Appartement P par Regis BOTTA - JO YANA\" \/>\n<meta property=\"og:description\" content=\"L&#8217;architecte Regis Botta nous pr\u00e9sente son dernier projet &#8211; l&#8217;Appartement P, un duplex de 90 [&hellip;]\" \/>\n<meta property=\"og:url\" content=\"https:\/\/www.joyana.fr\/ja\/appartement-p-par-regis-botta-paris\/114500\/\" \/>\n<meta property=\"og:site_name\" content=\"JO YANA\" \/>\n<meta property=\"article:published_time\" content=\"2013-10-01T07:57:48+00:00\" \/>\n<meta property=\"og:image\" content=\"https:\/\/www.joyana.fr\/wp-content\/uploads\/2013\/10\/RB-A-P-01.jpg\" \/>\n\t<meta property=\"og:image:width\" content=\"650\" \/>\n\t<meta property=\"og:image:height\" content=\"644\" \/>\n\t<meta property=\"og:image:type\" content=\"image\/jpeg\" \/>\n<meta name=\"author\" content=\"Jo Yana\" \/>\n<meta name=\"twitter:card\" content=\"summary_large_image\" \/>\n<meta name=\"twitter:creator\" content=\"@Jo_Yana\" \/>\n<meta name=\"twitter:site\" content=\"@Jo_Yana\" \/>\n<meta name=\"twitter:label1\" content=\"\u57f7\u7b46\u8005\" \/>\n\t<meta name=\"twitter:data1\" content=\"Jo Yana\" \/>\n\t<meta name=\"twitter:label2\" content=\"\u63a8\u5b9a\u8aad\u307f\u53d6\u308a\u6642\u9593\" \/>\n\t<meta name=\"twitter:data2\" content=\"1\u5206\" \/>\n<script type=\"application\/ld+json\" class=\"yoast-schema-graph\">{\"@context\":\"https:\/\/schema.org\",\"@graph\":[{\"@type\":\"Article\",\"@id\":\"https:\/\/www.joyana.fr\/appartement-p-par-regis-botta-paris\/114500\/#article\",\"isPartOf\":{\"@id\":\"https:\/\/www.joyana.fr\/appartement-p-par-regis-botta-paris\/114500\/\"},\"author\":{\"name\":\"Jo Yana\",\"@id\":\"https:\/\/joyana.fr\/#\/schema\/person\/cf2a1ad12a27c12c21801075bf37407c\"},\"headline\":\"Appartement P par Regis BOTTA\",\"datePublished\":\"2013-10-01T07:57:48+00:00\",\"mainEntityOfPage\":{\"@id\":\"https:\/\/www.joyana.fr\/appartement-p-par-regis-botta-paris\/114500\/\"},\"wordCount\":254,\"commentCount\":1,\"publisher\":{\"@id\":\"https:\/\/joyana.fr\/#\/schema\/person\/cf2a1ad12a27c12c21801075bf37407c\"},\"image\":{\"@id\":\"https:\/\/www.joyana.fr\/appartement-p-par-regis-botta-paris\/114500\/#primaryimage\"},\"thumbnailUrl\":\"https:\/\/i0.wp.com\/www.joyana.fr\/wp-content\/uploads\/2013\/10\/RB-A-P-01.jpg?fit=650%2C644&ssl=1\",\"keywords\":[\"Appartement\",\"Appartement design\",\"Architecte\",\"Architecture\",\"France\",\"Paris\",\"Regis BOTTA\"],\"articleSection\":[\"Appartement\",\"ARCHITECTURE\",\"DECO-DESIGN\",\"France\"],\"inLanguage\":\"ja\",\"potentialAction\":[{\"@type\":\"CommentAction\",\"name\":\"Comment\",\"target\":[\"https:\/\/www.joyana.fr\/appartement-p-par-regis-botta-paris\/114500\/#respond\"]}]},{\"@type\":\"WebPage\",\"@id\":\"https:\/\/www.joyana.fr\/appartement-p-par-regis-botta-paris\/114500\/\",\"url\":\"https:\/\/www.joyana.fr\/appartement-p-par-regis-botta-paris\/114500\/\",\"name\":\"Appartement P par Regis BOTTA - JO YANA\",\"isPartOf\":{\"@id\":\"https:\/\/joyana.fr\/#website\"},\"primaryImageOfPage\":{\"@id\":\"https:\/\/www.joyana.fr\/appartement-p-par-regis-botta-paris\/114500\/#primaryimage\"},\"image\":{\"@id\":\"https:\/\/www.joyana.fr\/appartement-p-par-regis-botta-paris\/114500\/#primaryimage\"},\"thumbnailUrl\":\"https:\/\/i0.wp.com\/www.joyana.fr\/wp-content\/uploads\/2013\/10\/RB-A-P-01.jpg?fit=650%2C644&ssl=1\",\"datePublished\":\"2013-10-01T07:57:48+00:00\",\"breadcrumb\":{\"@id\":\"https:\/\/www.joyana.fr\/appartement-p-par-regis-botta-paris\/114500\/#breadcrumb\"},\"inLanguage\":\"ja\",\"potentialAction\":[{\"@type\":\"ReadAction\",\"target\":[\"https:\/\/www.joyana.fr\/appartement-p-par-regis-botta-paris\/114500\/\"]}]},{\"@type\":\"ImageObject\",\"inLanguage\":\"ja\",\"@id\":\"https:\/\/www.joyana.fr\/appartement-p-par-regis-botta-paris\/114500\/#primaryimage\",\"url\":\"https:\/\/i0.wp.com\/www.joyana.fr\/wp-content\/uploads\/2013\/10\/RB-A-P-01.jpg?fit=650%2C644&ssl=1\",\"contentUrl\":\"https:\/\/i0.wp.com\/www.joyana.fr\/wp-content\/uploads\/2013\/10\/RB-A-P-01.jpg?fit=650%2C644&ssl=1\",\"width\":650,\"height\":644},{\"@type\":\"BreadcrumbList\",\"@id\":\"https:\/\/www.joyana.fr\/appartement-p-par-regis-botta-paris\/114500\/#breadcrumb\",\"itemListElement\":[{\"@type\":\"ListItem\",\"position\":1,\"name\":\"Accueil\",\"item\":\"https:\/\/joyana.fr\/\"},{\"@type\":\"ListItem\",\"position\":2,\"name\":\"Appartement P par Regis BOTTA\"}]},{\"@type\":\"WebSite\",\"@id\":\"https:\/\/joyana.fr\/#website\",\"url\":\"https:\/\/joyana.fr\/\",\"name\":\"JO YANA\",\"description\":\"Blog Mode Homme, Lifestyle, D\u00e9co-Design\",\"publisher\":{\"@id\":\"https:\/\/joyana.fr\/#\/schema\/person\/cf2a1ad12a27c12c21801075bf37407c\"},\"potentialAction\":[{\"@type\":\"SearchAction\",\"target\":{\"@type\":\"EntryPoint\",\"urlTemplate\":\"https:\/\/joyana.fr\/?s={search_term_string}\"},\"query-input\":{\"@type\":\"PropertyValueSpecification\",\"valueRequired\":true,\"valueName\":\"search_term_string\"}}],\"inLanguage\":\"ja\"},{\"@type\":[\"Person\",\"Organization\"],\"@id\":\"https:\/\/joyana.fr\/#\/schema\/person\/cf2a1ad12a27c12c21801075bf37407c\",\"name\":\"Jo Yana\",\"image\":{\"@type\":\"ImageObject\",\"inLanguage\":\"ja\",\"@id\":\"https:\/\/joyana.fr\/#\/schema\/person\/image\/\",\"url\":\"https:\/\/i0.wp.com\/www.joyana.fr\/wp-content\/uploads\/2016\/08\/cropped-joyana-logo-black-360x180.png?fit=343%2C164&ssl=1\",\"contentUrl\":\"https:\/\/i0.wp.com\/www.joyana.fr\/wp-content\/uploads\/2016\/08\/cropped-joyana-logo-black-360x180.png?fit=343%2C164&ssl=1\",\"width\":343,\"height\":164,\"caption\":\"Jo Yana\"},\"logo\":{\"@id\":\"https:\/\/joyana.fr\/#\/schema\/person\/image\/\"},\"description\":\"Jo Yana est le cr\u00e9ateur et r\u00e9dacteur en chef des sites DECO-DESIGN. Passionn\u00e9 de Design, Mode, Photo, Luxe, Lifestyle, Musique, mais avant tout Blogueur ! Le plaisir de partager l'anime et a comme devise \\\"POUR L'AMOUR DU BEAU\\\". Retrouvez le aussi sur son blog personnel - https:\/\/joyana.fr...\",\"sameAs\":[\"https:\/\/joyana.fr\/\"],\"url\":\"https:\/\/www.joyana.fr\/ja\/author\/joyana\/\"}]}<\/script>\n<!-- \/ Yoast SEO plugin. -->","yoast_head_json":{"title":"Appartement P par Regis BOTTA - JO YANA","robots":{"index":"index","follow":"follow","max-snippet":"max-snippet:-1","max-image-preview":"max-image-preview:large","max-video-preview":"max-video-preview:-1"},"canonical":"https:\/\/www.joyana.fr\/ja\/appartement-p-par-regis-botta-paris\/114500\/","og_locale":"ja_JP","og_type":"article","og_title":"Appartement P par Regis BOTTA - JO YANA","og_description":"L&#8217;architecte Regis Botta nous pr\u00e9sente son dernier projet &#8211; l&#8217;Appartement P, un duplex de 90 [&hellip;]","og_url":"https:\/\/www.joyana.fr\/ja\/appartement-p-par-regis-botta-paris\/114500\/","og_site_name":"JO YANA","article_published_time":"2013-10-01T07:57:48+00:00","og_image":[{"width":650,"height":644,"url":"https:\/\/www.joyana.fr\/wp-content\/uploads\/2013\/10\/RB-A-P-01.jpg","type":"image\/jpeg"}],"author":"Jo Yana","twitter_card":"summary_large_image","twitter_creator":"@Jo_Yana","twitter_site":"@Jo_Yana","twitter_misc":{"\u57f7\u7b46\u8005":"Jo Yana","\u63a8\u5b9a\u8aad\u307f\u53d6\u308a\u6642\u9593":"1\u5206"},"schema":{"@context":"https:\/\/schema.org","@graph":[{"@type":"Article","@id":"https:\/\/www.joyana.fr\/appartement-p-par-regis-botta-paris\/114500\/#article","isPartOf":{"@id":"https:\/\/www.joyana.fr\/appartement-p-par-regis-botta-paris\/114500\/"},"author":{"name":"Jo Yana","@id":"https:\/\/joyana.fr\/#\/schema\/person\/cf2a1ad12a27c12c21801075bf37407c"},"headline":"Appartement P par Regis BOTTA","datePublished":"2013-10-01T07:57:48+00:00","mainEntityOfPage":{"@id":"https:\/\/www.joyana.fr\/appartement-p-par-regis-botta-paris\/114500\/"},"wordCount":254,"commentCount":1,"publisher":{"@id":"https:\/\/joyana.fr\/#\/schema\/person\/cf2a1ad12a27c12c21801075bf37407c"},"image":{"@id":"https:\/\/www.joyana.fr\/appartement-p-par-regis-botta-paris\/114500\/#primaryimage"},"thumbnailUrl":"https:\/\/i0.wp.com\/www.joyana.fr\/wp-content\/uploads\/2013\/10\/RB-A-P-01.jpg?fit=650%2C644&ssl=1","keywords":["Appartement","Appartement design","Architecte","Architecture","France","Paris","Regis BOTTA"],"articleSection":["Appartement","ARCHITECTURE","DECO-DESIGN","France"],"inLanguage":"ja","potentialAction":[{"@type":"CommentAction","name":"Comment","target":["https:\/\/www.joyana.fr\/appartement-p-par-regis-botta-paris\/114500\/#respond"]}]},{"@type":"WebPage","@id":"https:\/\/www.joyana.fr\/appartement-p-par-regis-botta-paris\/114500\/","url":"https:\/\/www.joyana.fr\/appartement-p-par-regis-botta-paris\/114500\/","name":"Appartement P par Regis BOTTA - JO YANA","isPartOf":{"@id":"https:\/\/joyana.fr\/#website"},"primaryImageOfPage":{"@id":"https:\/\/www.joyana.fr\/appartement-p-par-regis-botta-paris\/114500\/#primaryimage"},"image":{"@id":"https:\/\/www.joyana.fr\/appartement-p-par-regis-botta-paris\/114500\/#primaryimage"},"thumbnailUrl":"https:\/\/i0.wp.com\/www.joyana.fr\/wp-content\/uploads\/2013\/10\/RB-A-P-01.jpg?fit=650%2C644&ssl=1","datePublished":"2013-10-01T07:57:48+00:00","breadcrumb":{"@id":"https:\/\/www.joyana.fr\/appartement-p-par-regis-botta-paris\/114500\/#breadcrumb"},"inLanguage":"ja","potentialAction":[{"@type":"ReadAction","target":["https:\/\/www.joyana.fr\/appartement-p-par-regis-botta-paris\/114500\/"]}]},{"@type":"ImageObject","inLanguage":"ja","@id":"https:\/\/www.joyana.fr\/appartement-p-par-regis-botta-paris\/114500\/#primaryimage","url":"https:\/\/i0.wp.com\/www.joyana.fr\/wp-content\/uploads\/2013\/10\/RB-A-P-01.jpg?fit=650%2C644&ssl=1","contentUrl":"https:\/\/i0.wp.com\/www.joyana.fr\/wp-content\/uploads\/2013\/10\/RB-A-P-01.jpg?fit=650%2C644&ssl=1","width":650,"height":644},{"@type":"BreadcrumbList","@id":"https:\/\/www.joyana.fr\/appartement-p-par-regis-botta-paris\/114500\/#breadcrumb","itemListElement":[{"@type":"ListItem","position":1,"name":"Accueil","item":"https:\/\/joyana.fr\/"},{"@type":"ListItem","position":2,"name":"Appartement P par Regis BOTTA"}]},{"@type":"WebSite","@id":"https:\/\/joyana.fr\/#website","url":"https:\/\/joyana.fr\/","name":"JO YANA","description":"Blog Mode Homme, Lifestyle, D\u00e9co-Design","publisher":{"@id":"https:\/\/joyana.fr\/#\/schema\/person\/cf2a1ad12a27c12c21801075bf37407c"},"potentialAction":[{"@type":"SearchAction","target":{"@type":"EntryPoint","urlTemplate":"https:\/\/joyana.fr\/?s={search_term_string}"},"query-input":{"@type":"PropertyValueSpecification","valueRequired":true,"valueName":"search_term_string"}}],"inLanguage":"ja"},{"@type":["Person","Organization"],"@id":"https:\/\/joyana.fr\/#\/schema\/person\/cf2a1ad12a27c12c21801075bf37407c","name":"Jo Yana","image":{"@type":"ImageObject","inLanguage":"ja","@id":"https:\/\/joyana.fr\/#\/schema\/person\/image\/","url":"https:\/\/i0.wp.com\/www.joyana.fr\/wp-content\/uploads\/2016\/08\/cropped-joyana-logo-black-360x180.png?fit=343%2C164&ssl=1","contentUrl":"https:\/\/i0.wp.com\/www.joyana.fr\/wp-content\/uploads\/2016\/08\/cropped-joyana-logo-black-360x180.png?fit=343%2C164&ssl=1","width":343,"height":164,"caption":"Jo Yana"},"logo":{"@id":"https:\/\/joyana.fr\/#\/schema\/person\/image\/"},"description":"Jo Yana est le cr\u00e9ateur et r\u00e9dacteur en chef des sites DECO-DESIGN. Passionn\u00e9 de Design, Mode, Photo, Luxe, Lifestyle, Musique, mais avant tout Blogueur ! Le plaisir de partager l'anime et a comme devise \"POUR L'AMOUR DU BEAU\". Retrouvez le aussi sur son blog personnel - https:\/\/joyana.fr...","sameAs":["https:\/\/joyana.fr\/"],"url":"https:\/\/www.joyana.fr\/ja\/author\/joyana\/"}]}},"author_meta":{"display_name":"Jo Yana","author_link":"https:\/\/www.joyana.fr\/ja\/author\/joyana\/"},"featured_img":"https:\/\/i0.wp.com\/www.joyana.fr\/wp-content\/uploads\/2013\/10\/RB-A-P-01.jpg?fit=389%2C385&ssl=1","featured_image_src":"https:\/\/i0.wp.com\/www.joyana.fr\/wp-content\/uploads\/2013\/10\/RB-A-P-01.jpg?resize=600%2C400&ssl=1","featured_image_src_square":"https:\/\/i0.wp.com\/www.joyana.fr\/wp-content\/uploads\/2013\/10\/RB-A-P-01.jpg?resize=600%2C600&ssl=1","jetpack_featured_media_url":"https:\/\/i0.wp.com\/www.joyana.fr\/wp-content\/uploads\/2013\/10\/RB-A-P-01.jpg?fit=650%2C644&ssl=1","uagb_featured_image_src":{"full":["https:\/\/i0.wp.com\/www.joyana.fr\/wp-content\/uploads\/2013\/10\/RB-A-P-01.jpg?fit=650%2C644&ssl=1",650,644,false],"thumbnail":["https:\/\/i0.wp.com\/www.joyana.fr\/wp-content\/uploads\/2013\/10\/RB-A-P-01.jpg?resize=150%2C150&ssl=1",150,150,true],"medium":["https:\/\/i0.wp.com\/www.joyana.fr\/wp-content\/uploads\/2013\/10\/RB-A-P-01.jpg?fit=389%2C385&ssl=1",389,385,true],"medium_large":["https:\/\/i0.wp.com\/www.joyana.fr\/wp-content\/uploads\/2013\/10\/RB-A-P-01.jpg?fit=650%2C644&ssl=1",650,644,true],"large":["https:\/\/i0.wp.com\/www.joyana.fr\/wp-content\/uploads\/2013\/10\/RB-A-P-01.jpg?fit=650%2C644&ssl=1",650,644,true],"1536x1536":["https:\/\/i0.wp.com\/www.joyana.fr\/wp-content\/uploads\/2013\/10\/RB-A-P-01.jpg?fit=650%2C644&ssl=1",650,644,true],"2048x2048":["https:\/\/i0.wp.com\/www.joyana.fr\/wp-content\/uploads\/2013\/10\/RB-A-P-01.jpg?fit=650%2C644&ssl=1",650,644,true],"featured-thumb":["https:\/\/i0.wp.com\/www.joyana.fr\/wp-content\/uploads\/2013\/10\/RB-A-P-01.jpg?resize=650%2C644&ssl=1",650,644,true],"ab-block-post-grid-landscape":["https:\/\/i0.wp.com\/www.joyana.fr\/wp-content\/uploads\/2013\/10\/RB-A-P-01.jpg?resize=600%2C400&ssl=1",600,400,true],"ab-block-post-grid-square":["https:\/\/i0.wp.com\/www.joyana.fr\/wp-content\/uploads\/2013\/10\/RB-A-P-01.jpg?resize=600%2C600&ssl=1",600,600,true],"author-pro-image":["https:\/\/i0.wp.com\/www.joyana.fr\/wp-content\/uploads\/2013\/10\/RB-A-P-01.jpg?resize=360%2C570&ssl=1",360,570,true],"slider":["https:\/\/i0.wp.com\/www.joyana.fr\/wp-content\/uploads\/2013\/10\/RB-A-P-01.jpg?resize=650%2C400&ssl=1",650,400,true],"woocommerce_thumbnail":["https:\/\/i0.wp.com\/www.joyana.fr\/wp-content\/uploads\/2013\/10\/RB-A-P-01.jpg?resize=450%2C450&ssl=1",450,450,true],"woocommerce_single":["https:\/\/i0.wp.com\/www.joyana.fr\/wp-content\/uploads\/2013\/10\/RB-A-P-01.jpg?fit=650%2C644&ssl=1",650,644,true],"woocommerce_gallery_thumbnail":["https:\/\/i0.wp.com\/www.joyana.fr\/wp-content\/uploads\/2013\/10\/RB-A-P-01.jpg?resize=180%2C180&ssl=1",180,180,true],"sow-carousel-default":["https:\/\/i0.wp.com\/www.joyana.fr\/wp-content\/uploads\/2013\/10\/RB-A-P-01.jpg?resize=272%2C182&ssl=1",272,182,true]},"uagb_author_info":{"display_name":"Jo Yana","author_link":"https:\/\/www.joyana.fr\/ja\/author\/joyana\/"},"uagb_comment_info":2,"uagb_excerpt":"L&#8217;architecte Regis Botta nous pr\u00e9sente son dernie&hellip;","coauthors":[],"tax_additional":{"categories":{"linked":["<a href=\"https:\/\/www.joyana.fr\/ja\/category\/deco-design\/architecture-deco-design\/lieux-design\/appartement\/\" class=\"advgb-post-tax-term\">Appartement<\/a>","<a href=\"https:\/\/www.joyana.fr\/ja\/category\/portfolio\/architecture\/\" class=\"advgb-post-tax-term\">ARCHITECTURE<\/a>","<a href=\"https:\/\/www.joyana.fr\/ja\/category\/deco-design\/\" class=\"advgb-post-tax-term\">DECO-DESIGN<\/a>","<a href=\"https:\/\/www.joyana.fr\/ja\/category\/deco-design\/architecture-deco-design\/pays\/france\/\" class=\"advgb-post-tax-term\">France<\/a>"],"unlinked":["<span class=\"advgb-post-tax-term\">Appartement<\/span>","<span class=\"advgb-post-tax-term\">ARCHITECTURE<\/span>","<span class=\"advgb-post-tax-term\">DECO-DESIGN<\/span>","<span class=\"advgb-post-tax-term\">France<\/span>"]},"tags":{"linked":["<a href=\"https:\/\/www.joyana.fr\/ja\/category\/deco-design\/architecture-deco-design\/pays\/france\/\" class=\"advgb-post-tax-term\">Appartement<\/a>","<a href=\"https:\/\/www.joyana.fr\/ja\/category\/deco-design\/architecture-deco-design\/pays\/france\/\" class=\"advgb-post-tax-term\">Appartement design<\/a>","<a href=\"https:\/\/www.joyana.fr\/ja\/category\/deco-design\/architecture-deco-design\/pays\/france\/\" class=\"advgb-post-tax-term\">Architecte<\/a>","<a href=\"https:\/\/www.joyana.fr\/ja\/category\/deco-design\/architecture-deco-design\/pays\/france\/\" class=\"advgb-post-tax-term\">Architecture<\/a>","<a href=\"https:\/\/www.joyana.fr\/ja\/category\/deco-design\/architecture-deco-design\/pays\/france\/\" class=\"advgb-post-tax-term\">France<\/a>","<a href=\"https:\/\/www.joyana.fr\/ja\/category\/deco-design\/architecture-deco-design\/pays\/france\/\" class=\"advgb-post-tax-term\">Paris<\/a>","<a href=\"https:\/\/www.joyana.fr\/ja\/category\/deco-design\/architecture-deco-design\/pays\/france\/\" class=\"advgb-post-tax-term\">Regis BOTTA<\/a>"],"unlinked":["<span class=\"advgb-post-tax-term\">Appartement<\/span>","<span class=\"advgb-post-tax-term\">Appartement design<\/span>","<span class=\"advgb-post-tax-term\">Architecte<\/span>","<span class=\"advgb-post-tax-term\">Architecture<\/span>","<span class=\"advgb-post-tax-term\">France<\/span>","<span class=\"advgb-post-tax-term\">Paris<\/span>","<span class=\"advgb-post-tax-term\">Regis BOTTA<\/span>"]}},"comment_count":2,"relative_dates":{"created":"Posted 13\u5e74 ago","modified":"Updated 13\u5e74 ago"},"absolute_dates":{"created":"Posted on 1 10\u6708 2013","modified":"Updated on 1 10\u6708 2013"},"absolute_dates_time":{"created":"Posted on 1 10\u6708 2013 8:57","modified":"Updated on 1 10\u6708 2013 8:57"},"featured_img_caption":"","series_order":"","jetpack_sharing_enabled":true,"jetpack_shortlink":"https:\/\/wp.me\/p9bteI-tMM","jetpack-related-posts":[],"_links":{"self":[{"href":"https:\/\/www.joyana.fr\/ja\/wp-json\/wp\/v2\/posts\/114500","targetHints":{"allow":["GET"]}}],"collection":[{"href":"https:\/\/www.joyana.fr\/ja\/wp-json\/wp\/v2\/posts"}],"about":[{"href":"https:\/\/www.joyana.fr\/ja\/wp-json\/wp\/v2\/types\/post"}],"author":[{"embeddable":true,"href":"https:\/\/www.joyana.fr\/ja\/wp-json\/wp\/v2\/users\/3"}],"replies":[{"embeddable":true,"href":"https:\/\/www.joyana.fr\/ja\/wp-json\/wp\/v2\/comments?post=114500"}],"version-history":[{"count":0,"href":"https:\/\/www.joyana.fr\/ja\/wp-json\/wp\/v2\/posts\/114500\/revisions"}],"wp:featuredmedia":[{"embeddable":true,"href":"https:\/\/www.joyana.fr\/ja\/wp-json\/wp\/v2\/media\/114501"}],"wp:attachment":[{"href":"https:\/\/www.joyana.fr\/ja\/wp-json\/wp\/v2\/media?parent=114500"}],"wp:term":[{"taxonomy":"category","embeddable":true,"href":"https:\/\/www.joyana.fr\/ja\/wp-json\/wp\/v2\/categories?post=114500"},{"taxonomy":"post_tag","embeddable":true,"href":"https:\/\/www.joyana.fr\/ja\/wp-json\/wp\/v2\/tags?post=114500"}],"curies":[{"name":"wp","href":"https:\/\/api.w.org\/{rel}","templated":true}]}}