{"id":114459,"date":"2013-09-25T15:38:32","date_gmt":"2013-09-25T14:38:32","guid":{"rendered":"https:\/\/joyana.fr\/?p=14459"},"modified":"2013-09-25T15:38:32","modified_gmt":"2013-09-25T14:38:32","slug":"collection-de-carrelages-azulej-ramacieri-soligo-x-patricia-urquiola","status":"publish","type":"post","link":"https:\/\/www.joyana.fr\/ja\/collection-de-carrelages-azulej-ramacieri-soligo-x-patricia-urquiola\/114459\/","title":{"rendered":"Collection de C\u00e9ramiques AZULEJ par Ramacieri SOLIGO x Patricia URQUIOLA"},"content":{"rendered":"<p>La designer <strong>Patricia Urquiola<\/strong> collabore avec la maison de c\u00e9ramique <strong>Ramacieri Soligo<\/strong> pour la cr\u00e9ation de la collection <strong>AZULEJ<\/strong>&#8230;<\/p>\n<p><img data-recalc-dims=\"1\" fetchpriority=\"high\" decoding=\"async\" alt=\"Collection de carrelages AZULEJ RAMACIERI SOLIGO x Patricia URQUIOLA\" src=\"https:\/\/i0.wp.com\/joyana.fr\/wp-content\/uploads\/2013\/09\/carrelage-urquiola_798-04_03_sc_v2com-576x491.jpg?resize=576%2C491&#038;ssl=1\" width=\"576\" height=\"491\" \/><\/p>\n<p>Avec la collection tr\u00e8s polyvalente <strong>AZULEJ<\/strong>, <strong>Patricia Urquiola<\/strong> veut faire revivre la m\u00e9moire du ciment hydraulique, exp\u00e9rimenter une technique innovatrice d\u2019impression qui permet une grande production et diffusion du produit. Les motifs allient d\u00e9lib\u00e9r\u00e9ment plusieurs langages esth\u00e9tiques : souvenirs, repr\u00e9sentations g\u00e9om\u00e9triques, imprim\u00e9s floraux, tous d\u00e9velopp\u00e9s dans un alignement autant longitudinal que diagonal. Le r\u00e9sultat donne une palette infinie de combinaisons possibles&#8230; Maintenant, \u00e0 vous de jouer !<\/p>\n<p><img data-recalc-dims=\"1\" decoding=\"async\" class=\"alignnone size-large wp-image-14461\" alt=\"Collection de carrelages AZULEJ RAMACIERI SOLIGO x Patricia URQUIOLA\" src=\"https:\/\/i0.wp.com\/joyana.fr\/wp-content\/uploads\/2013\/09\/carrelage-urquiola_11-576x900.jpg?resize=576%2C900&#038;ssl=1\" width=\"576\" height=\"900\" \/><\/p>\n<p><img data-recalc-dims=\"1\" decoding=\"async\" class=\"alignnone size-large wp-image-14463\" alt=\"Collection de carrelages AZULEJ RAMACIERI SOLIGO x Patricia URQUIOLA\" src=\"https:\/\/i0.wp.com\/joyana.fr\/wp-content\/uploads\/2013\/09\/carrelage-urquiola_04_06_sc_v2com1-576x267.jpg?resize=576%2C267&#038;ssl=1\" width=\"576\" height=\"267\" \/><\/p>\n<p><img data-recalc-dims=\"1\" loading=\"lazy\" decoding=\"async\" class=\"alignnone size-large wp-image-14464\" alt=\"carrelage-urquiola_98-04_05_sc_v2com\" src=\"https:\/\/i0.wp.com\/joyana.fr\/wp-content\/uploads\/2013\/09\/carrelage-urquiola_98-04_05_sc_v2com-576x399.jpg?resize=576%2C399&#038;ssl=1\" width=\"576\" height=\"399\" \/><\/p>\n<p><img data-recalc-dims=\"1\" loading=\"lazy\" decoding=\"async\" class=\"alignnone size-large wp-image-14468\" alt=\"carrelage-urquiola_798-04_04_sc_v2com\" src=\"https:\/\/i0.wp.com\/joyana.fr\/wp-content\/uploads\/2013\/09\/carrelage-urquiola_798-04_04_sc_v2com-576x876.jpg?resize=576%2C876&#038;ssl=1\" width=\"576\" height=\"876\" \/><\/p>\n<p><strong>AZULEJ<\/strong> peut \u00eatre install\u00e9e autant au sol que sur les murs et convient aussi bien pour une installation int\u00e9rieure qu\u2019ext\u00e9rieure. Il s\u2019agit de carreaux rectifi\u00e9s et calibr\u00e9s individuellement&#8230;<\/p>\n<p><img data-recalc-dims=\"1\" loading=\"lazy\" decoding=\"async\" alt=\"carrelage-urquiola_798-04_02_sc_v2com\" src=\"https:\/\/i0.wp.com\/joyana.fr\/wp-content\/uploads\/2013\/09\/carrelage-urquiola_798-04_02_sc_v2com-576x334.jpg?resize=576%2C334&#038;ssl=1\" width=\"576\" height=\"334\" \/><\/p>\n<p style=\"text-align: center;\">En savoir + sur\u00a0<a href=\"http:\/\/www.ramacierisoligo.com\/?action=index2&#038;lg=fr\" target=\"_blank\"><strong>Ramacieri SOLIGO<\/strong><\/a> &#038; <a title=\"URQUIOLA\" href=\"http:\/\/www.patriciaurquiola.com\" target=\"_blank\"><strong>Patricia URQUIOLA<\/strong><\/a><\/p>\n","protected":false},"excerpt":{"rendered":"<p>La designer Patricia Urquiola collabore avec la maison de c\u00e9ramique Ramacieri Soligo pour la cr\u00e9ation de la co [&hellip;]<\/p>\n","protected":false},"author":3,"featured_media":114474,"comment_status":"open","ping_status":"open","sticky":false,"template":"","format":"standard","meta":{"_coblocks_attr":"","_coblocks_dimensions":"","_coblocks_responsive_height":"","_coblocks_accordion_ie_support":"","_uag_custom_page_level_css":"","advgb_blocks_editor_width":"","advgb_blocks_columns_visual_guide":"","_genesis_hide_title":false,"_genesis_hide_breadcrumbs":false,"_genesis_hide_singular_image":false,"_genesis_hide_footer_widgets":false,"_genesis_custom_body_class":"","_genesis_custom_post_class":"","_genesis_layout":"","_themeisle_gutenberg_block_has_review":false,"_jetpack_newsletter_access":"","_jetpack_dont_email_post_to_subs":false,"_jetpack_newsletter_tier_id":0,"_jetpack_memberships_contains_paywalled_content":false,"_jetpack_memberships_contains_paid_content":false,"footnotes":""},"categories":[1036,905,935,941,1516],"tags":[1513,1514,1515,78,1517,1518],"class_list":{"0":"post-114459","1":"post","2":"type-post","3":"status-publish","4":"format-standard","5":"has-post-thumbnail","7":"category-a-la-une","8":"category-deco-design","9":"category-decoration","10":"category-decoration-murale","11":"category-patricia-urquiola","12":"tag-carrelage","13":"tag-carrelage-design","14":"tag-ceramique","15":"tag-design","16":"tag-patricia-urquiola","17":"tag-ramacieri-soligo","18":"entry"},"featured_image_urls":{"full":["https:\/\/i0.wp.com\/www.joyana.fr\/wp-content\/uploads\/2013\/09\/CARRELAGE-PATRICIA-URQUIOLA-CAROUSSEL-DECODESIGN1.jpg?fit=1500%2C320&ssl=1",1500,320,false],"thumbnail":["https:\/\/i0.wp.com\/www.joyana.fr\/wp-content\/uploads\/2013\/09\/CARRELAGE-PATRICIA-URQUIOLA-CAROUSSEL-DECODESIGN1.jpg?resize=150%2C150&ssl=1",150,150,true],"medium":["https:\/\/i0.wp.com\/www.joyana.fr\/wp-content\/uploads\/2013\/09\/CARRELAGE-PATRICIA-URQUIOLA-CAROUSSEL-DECODESIGN1.jpg?fit=389%2C83&ssl=1",389,83,true],"medium_large":["https:\/\/i0.wp.com\/www.joyana.fr\/wp-content\/uploads\/2013\/09\/CARRELAGE-PATRICIA-URQUIOLA-CAROUSSEL-DECODESIGN1.jpg?fit=768%2C164&ssl=1",768,164,true],"large":["https:\/\/i0.wp.com\/www.joyana.fr\/wp-content\/uploads\/2013\/09\/CARRELAGE-PATRICIA-URQUIOLA-CAROUSSEL-DECODESIGN1.jpg?fit=1024%2C218&ssl=1",1024,218,true],"1536x1536":["https:\/\/i0.wp.com\/www.joyana.fr\/wp-content\/uploads\/2013\/09\/CARRELAGE-PATRICIA-URQUIOLA-CAROUSSEL-DECODESIGN1.jpg?fit=1500%2C320&ssl=1",1500,320,true],"2048x2048":["https:\/\/i0.wp.com\/www.joyana.fr\/wp-content\/uploads\/2013\/09\/CARRELAGE-PATRICIA-URQUIOLA-CAROUSSEL-DECODESIGN1.jpg?fit=1500%2C320&ssl=1",1500,320,true],"featured-thumb":["https:\/\/i0.wp.com\/www.joyana.fr\/wp-content\/uploads\/2013\/09\/CARRELAGE-PATRICIA-URQUIOLA-CAROUSSEL-DECODESIGN1.jpg?resize=1500%2C320&ssl=1",1500,320,true],"ab-block-post-grid-landscape":["https:\/\/i0.wp.com\/www.joyana.fr\/wp-content\/uploads\/2013\/09\/CARRELAGE-PATRICIA-URQUIOLA-CAROUSSEL-DECODESIGN1.jpg?resize=600%2C320&ssl=1",600,320,true],"ab-block-post-grid-square":["https:\/\/i0.wp.com\/www.joyana.fr\/wp-content\/uploads\/2013\/09\/CARRELAGE-PATRICIA-URQUIOLA-CAROUSSEL-DECODESIGN1.jpg?resize=600%2C320&ssl=1",600,320,true],"author-pro-image":["https:\/\/i0.wp.com\/www.joyana.fr\/wp-content\/uploads\/2013\/09\/CARRELAGE-PATRICIA-URQUIOLA-CAROUSSEL-DECODESIGN1.jpg?resize=360%2C320&ssl=1",360,320,true],"slider":["https:\/\/i0.wp.com\/www.joyana.fr\/wp-content\/uploads\/2013\/09\/CARRELAGE-PATRICIA-URQUIOLA-CAROUSSEL-DECODESIGN1.jpg?resize=920%2C320&ssl=1",920,320,true],"woocommerce_thumbnail":["https:\/\/i0.wp.com\/www.joyana.fr\/wp-content\/uploads\/2013\/09\/CARRELAGE-PATRICIA-URQUIOLA-CAROUSSEL-DECODESIGN1.jpg?resize=450%2C320&ssl=1",450,320,true],"woocommerce_single":["https:\/\/i0.wp.com\/www.joyana.fr\/wp-content\/uploads\/2013\/09\/CARRELAGE-PATRICIA-URQUIOLA-CAROUSSEL-DECODESIGN1.jpg?fit=920%2C196&ssl=1",920,196,true],"woocommerce_gallery_thumbnail":["https:\/\/i0.wp.com\/www.joyana.fr\/wp-content\/uploads\/2013\/09\/CARRELAGE-PATRICIA-URQUIOLA-CAROUSSEL-DECODESIGN1.jpg?resize=180%2C180&ssl=1",180,180,true],"sow-carousel-default":["https:\/\/i0.wp.com\/www.joyana.fr\/wp-content\/uploads\/2013\/09\/CARRELAGE-PATRICIA-URQUIOLA-CAROUSSEL-DECODESIGN1.jpg?resize=272%2C182&ssl=1",272,182,true]},"post_excerpt_stackable":"<p>La designer Patricia Urquiola collabore avec la maison de c\u00e9ramique Ramacieri Soligo pour la cr\u00e9atio&hellip;<\/p>\n","category_list":"<a href=\"https:\/\/www.joyana.fr\/ja\/category\/a-la-une\/\" rel=\"category tag\">A la une !!!<\/a>, <a href=\"https:\/\/www.joyana.fr\/ja\/category\/deco-design\/\" rel=\"category tag\">DECO-DESIGN<\/a>, <a href=\"https:\/\/www.joyana.fr\/ja\/category\/deco-design\/decoration\/\" rel=\"category tag\">D\u00e9coration<\/a>, <a href=\"https:\/\/www.joyana.fr\/ja\/category\/deco-design\/decoration\/decoration-murale\/\" rel=\"category tag\">D\u00e9coration Murale<\/a>, <a href=\"https:\/\/www.joyana.fr\/ja\/category\/deco-design\/designer\/patricia-urquiola\/\" rel=\"category tag\">Patricia URQUIOLA<\/a>","author_info":{"display_name":"Jo Yana","author_link":"https:\/\/www.joyana.fr\/ja\/author\/joyana\/"},"comments_num":"7 comments","featured_image_urls_v2":{"full":["https:\/\/i0.wp.com\/www.joyana.fr\/wp-content\/uploads\/2013\/09\/CARRELAGE-PATRICIA-URQUIOLA-CAROUSSEL-DECODESIGN1.jpg?fit=1500%2C320&ssl=1",1500,320,false],"thumbnail":["https:\/\/i0.wp.com\/www.joyana.fr\/wp-content\/uploads\/2013\/09\/CARRELAGE-PATRICIA-URQUIOLA-CAROUSSEL-DECODESIGN1.jpg?resize=150%2C150&ssl=1",150,150,true],"medium":["https:\/\/i0.wp.com\/www.joyana.fr\/wp-content\/uploads\/2013\/09\/CARRELAGE-PATRICIA-URQUIOLA-CAROUSSEL-DECODESIGN1.jpg?fit=389%2C83&ssl=1",389,83,true],"medium_large":["https:\/\/i0.wp.com\/www.joyana.fr\/wp-content\/uploads\/2013\/09\/CARRELAGE-PATRICIA-URQUIOLA-CAROUSSEL-DECODESIGN1.jpg?fit=768%2C164&ssl=1",768,164,true],"large":["https:\/\/i0.wp.com\/www.joyana.fr\/wp-content\/uploads\/2013\/09\/CARRELAGE-PATRICIA-URQUIOLA-CAROUSSEL-DECODESIGN1.jpg?fit=1024%2C218&ssl=1",1024,218,true],"1536x1536":["https:\/\/i0.wp.com\/www.joyana.fr\/wp-content\/uploads\/2013\/09\/CARRELAGE-PATRICIA-URQUIOLA-CAROUSSEL-DECODESIGN1.jpg?fit=1500%2C320&ssl=1",1500,320,true],"2048x2048":["https:\/\/i0.wp.com\/www.joyana.fr\/wp-content\/uploads\/2013\/09\/CARRELAGE-PATRICIA-URQUIOLA-CAROUSSEL-DECODESIGN1.jpg?fit=1500%2C320&ssl=1",1500,320,true],"featured-thumb":["https:\/\/i0.wp.com\/www.joyana.fr\/wp-content\/uploads\/2013\/09\/CARRELAGE-PATRICIA-URQUIOLA-CAROUSSEL-DECODESIGN1.jpg?resize=1500%2C320&ssl=1",1500,320,true],"ab-block-post-grid-landscape":["https:\/\/i0.wp.com\/www.joyana.fr\/wp-content\/uploads\/2013\/09\/CARRELAGE-PATRICIA-URQUIOLA-CAROUSSEL-DECODESIGN1.jpg?resize=600%2C320&ssl=1",600,320,true],"ab-block-post-grid-square":["https:\/\/i0.wp.com\/www.joyana.fr\/wp-content\/uploads\/2013\/09\/CARRELAGE-PATRICIA-URQUIOLA-CAROUSSEL-DECODESIGN1.jpg?resize=600%2C320&ssl=1",600,320,true],"author-pro-image":["https:\/\/i0.wp.com\/www.joyana.fr\/wp-content\/uploads\/2013\/09\/CARRELAGE-PATRICIA-URQUIOLA-CAROUSSEL-DECODESIGN1.jpg?resize=360%2C320&ssl=1",360,320,true],"slider":["https:\/\/i0.wp.com\/www.joyana.fr\/wp-content\/uploads\/2013\/09\/CARRELAGE-PATRICIA-URQUIOLA-CAROUSSEL-DECODESIGN1.jpg?resize=920%2C320&ssl=1",920,320,true],"woocommerce_thumbnail":["https:\/\/i0.wp.com\/www.joyana.fr\/wp-content\/uploads\/2013\/09\/CARRELAGE-PATRICIA-URQUIOLA-CAROUSSEL-DECODESIGN1.jpg?resize=450%2C320&ssl=1",450,320,true],"woocommerce_single":["https:\/\/i0.wp.com\/www.joyana.fr\/wp-content\/uploads\/2013\/09\/CARRELAGE-PATRICIA-URQUIOLA-CAROUSSEL-DECODESIGN1.jpg?fit=920%2C196&ssl=1",920,196,true],"woocommerce_gallery_thumbnail":["https:\/\/i0.wp.com\/www.joyana.fr\/wp-content\/uploads\/2013\/09\/CARRELAGE-PATRICIA-URQUIOLA-CAROUSSEL-DECODESIGN1.jpg?resize=180%2C180&ssl=1",180,180,true],"sow-carousel-default":["https:\/\/i0.wp.com\/www.joyana.fr\/wp-content\/uploads\/2013\/09\/CARRELAGE-PATRICIA-URQUIOLA-CAROUSSEL-DECODESIGN1.jpg?resize=272%2C182&ssl=1",272,182,true]},"post_excerpt_stackable_v2":"<p>La designer Patricia Urquiola collabore avec la maison de c\u00e9ramique Ramacieri Soligo pour la cr\u00e9atio&hellip;<\/p>\n","category_list_v2":"<a href=\"https:\/\/www.joyana.fr\/ja\/category\/a-la-une\/\" rel=\"category tag\">A la une !!!<\/a>, <a href=\"https:\/\/www.joyana.fr\/ja\/category\/deco-design\/\" rel=\"category tag\">DECO-DESIGN<\/a>, <a href=\"https:\/\/www.joyana.fr\/ja\/category\/deco-design\/decoration\/\" rel=\"category tag\">D\u00e9coration<\/a>, <a href=\"https:\/\/www.joyana.fr\/ja\/category\/deco-design\/decoration\/decoration-murale\/\" rel=\"category tag\">D\u00e9coration Murale<\/a>, <a href=\"https:\/\/www.joyana.fr\/ja\/category\/deco-design\/designer\/patricia-urquiola\/\" rel=\"category tag\">Patricia URQUIOLA<\/a>","author_info_v2":{"name":"Jo Yana","url":"https:\/\/www.joyana.fr\/ja\/author\/joyana\/"},"comments_num_v2":"7 comments","yoast_head":"<!-- This site is optimized with the Yoast SEO plugin v26.8 - https:\/\/yoast.com\/product\/yoast-seo-wordpress\/ -->\n<title>Collection de C\u00e9ramiques AZULEJ par Ramacieri SOLIGO x Patricia URQUIOLA - JO YANA<\/title>\n<meta name=\"robots\" content=\"index, follow, max-snippet:-1, max-image-preview:large, max-video-preview:-1\" \/>\n<link rel=\"canonical\" href=\"https:\/\/www.joyana.fr\/ja\/collection-de-carrelages-azulej-ramacieri-soligo-x-patricia-urquiola\/114459\/\" \/>\n<meta property=\"og:locale\" content=\"ja_JP\" \/>\n<meta property=\"og:locale:alternate\" content=\"fr_FR\" \/>\n<meta property=\"og:locale:alternate\" content=\"en_US\" \/>\n<meta property=\"og:type\" content=\"article\" \/>\n<meta property=\"og:title\" content=\"Collection de C\u00e9ramiques AZULEJ par Ramacieri SOLIGO x Patricia URQUIOLA - JO YANA\" \/>\n<meta property=\"og:description\" content=\"La designer Patricia Urquiola collabore avec la maison de c\u00e9ramique Ramacieri Soligo pour la cr\u00e9ation de la co [&hellip;]\" \/>\n<meta property=\"og:url\" content=\"https:\/\/www.joyana.fr\/ja\/collection-de-carrelages-azulej-ramacieri-soligo-x-patricia-urquiola\/114459\/\" \/>\n<meta property=\"og:site_name\" content=\"JO YANA\" \/>\n<meta property=\"article:published_time\" content=\"2013-09-25T14:38:32+00:00\" \/>\n<meta property=\"og:image\" content=\"https:\/\/www.joyana.fr\/wp-content\/uploads\/2013\/09\/CARRELAGE-PATRICIA-URQUIOLA-CAROUSSEL-DECODESIGN1.jpg\" \/>\n\t<meta property=\"og:image:width\" content=\"1500\" \/>\n\t<meta property=\"og:image:height\" content=\"320\" \/>\n\t<meta property=\"og:image:type\" content=\"image\/jpeg\" \/>\n<meta name=\"author\" content=\"Jo Yana\" \/>\n<meta name=\"twitter:card\" content=\"summary_large_image\" \/>\n<meta name=\"twitter:creator\" content=\"@Jo_Yana\" \/>\n<meta name=\"twitter:site\" content=\"@Jo_Yana\" \/>\n<meta name=\"twitter:label1\" content=\"\u57f7\u7b46\u8005\" \/>\n\t<meta name=\"twitter:data1\" content=\"Jo Yana\" \/>\n\t<meta name=\"twitter:label2\" content=\"\u63a8\u5b9a\u8aad\u307f\u53d6\u308a\u6642\u9593\" \/>\n\t<meta name=\"twitter:data2\" content=\"1\u5206\" \/>\n<script type=\"application\/ld+json\" class=\"yoast-schema-graph\">{\"@context\":\"https:\/\/schema.org\",\"@graph\":[{\"@type\":\"Article\",\"@id\":\"https:\/\/www.joyana.fr\/en\/collection-de-carrelages-azulej-ramacieri-soligo-x-patricia-urquiola\/114459\/#article\",\"isPartOf\":{\"@id\":\"https:\/\/www.joyana.fr\/en\/collection-de-carrelages-azulej-ramacieri-soligo-x-patricia-urquiola\/114459\/\"},\"author\":{\"name\":\"Jo Yana\",\"@id\":\"https:\/\/joyana.fr\/#\/schema\/person\/cf2a1ad12a27c12c21801075bf37407c\"},\"headline\":\"Collection de C\u00e9ramiques AZULEJ par Ramacieri SOLIGO x Patricia URQUIOLA\",\"datePublished\":\"2013-09-25T14:38:32+00:00\",\"mainEntityOfPage\":{\"@id\":\"https:\/\/www.joyana.fr\/en\/collection-de-carrelages-azulej-ramacieri-soligo-x-patricia-urquiola\/114459\/\"},\"wordCount\":153,\"commentCount\":3,\"publisher\":{\"@id\":\"https:\/\/joyana.fr\/#\/schema\/person\/cf2a1ad12a27c12c21801075bf37407c\"},\"image\":{\"@id\":\"https:\/\/www.joyana.fr\/en\/collection-de-carrelages-azulej-ramacieri-soligo-x-patricia-urquiola\/114459\/#primaryimage\"},\"thumbnailUrl\":\"https:\/\/i0.wp.com\/www.joyana.fr\/wp-content\/uploads\/2013\/09\/CARRELAGE-PATRICIA-URQUIOLA-CAROUSSEL-DECODESIGN1.jpg?fit=1500%2C320&ssl=1\",\"keywords\":[\"Carrelage\",\"Carrelage design\",\"C\u00e9ramique\",\"DESIGN\",\"Patricia URQUIOLA\",\"Ramacieri SOLIGO\"],\"articleSection\":[\"A la une !!!\",\"DECO-DESIGN\",\"D\u00e9coration\",\"D\u00e9coration Murale\",\"Patricia URQUIOLA\"],\"inLanguage\":\"ja\",\"potentialAction\":[{\"@type\":\"CommentAction\",\"name\":\"Comment\",\"target\":[\"https:\/\/www.joyana.fr\/en\/collection-de-carrelages-azulej-ramacieri-soligo-x-patricia-urquiola\/114459\/#respond\"]}]},{\"@type\":\"WebPage\",\"@id\":\"https:\/\/www.joyana.fr\/en\/collection-de-carrelages-azulej-ramacieri-soligo-x-patricia-urquiola\/114459\/\",\"url\":\"https:\/\/www.joyana.fr\/en\/collection-de-carrelages-azulej-ramacieri-soligo-x-patricia-urquiola\/114459\/\",\"name\":\"Collection de C\u00e9ramiques AZULEJ par Ramacieri SOLIGO x Patricia URQUIOLA - JO YANA\",\"isPartOf\":{\"@id\":\"https:\/\/joyana.fr\/#website\"},\"primaryImageOfPage\":{\"@id\":\"https:\/\/www.joyana.fr\/en\/collection-de-carrelages-azulej-ramacieri-soligo-x-patricia-urquiola\/114459\/#primaryimage\"},\"image\":{\"@id\":\"https:\/\/www.joyana.fr\/en\/collection-de-carrelages-azulej-ramacieri-soligo-x-patricia-urquiola\/114459\/#primaryimage\"},\"thumbnailUrl\":\"https:\/\/i0.wp.com\/www.joyana.fr\/wp-content\/uploads\/2013\/09\/CARRELAGE-PATRICIA-URQUIOLA-CAROUSSEL-DECODESIGN1.jpg?fit=1500%2C320&ssl=1\",\"datePublished\":\"2013-09-25T14:38:32+00:00\",\"breadcrumb\":{\"@id\":\"https:\/\/www.joyana.fr\/en\/collection-de-carrelages-azulej-ramacieri-soligo-x-patricia-urquiola\/114459\/#breadcrumb\"},\"inLanguage\":\"ja\",\"potentialAction\":[{\"@type\":\"ReadAction\",\"target\":[\"https:\/\/www.joyana.fr\/en\/collection-de-carrelages-azulej-ramacieri-soligo-x-patricia-urquiola\/114459\/\"]}]},{\"@type\":\"ImageObject\",\"inLanguage\":\"ja\",\"@id\":\"https:\/\/www.joyana.fr\/en\/collection-de-carrelages-azulej-ramacieri-soligo-x-patricia-urquiola\/114459\/#primaryimage\",\"url\":\"https:\/\/i0.wp.com\/www.joyana.fr\/wp-content\/uploads\/2013\/09\/CARRELAGE-PATRICIA-URQUIOLA-CAROUSSEL-DECODESIGN1.jpg?fit=1500%2C320&ssl=1\",\"contentUrl\":\"https:\/\/i0.wp.com\/www.joyana.fr\/wp-content\/uploads\/2013\/09\/CARRELAGE-PATRICIA-URQUIOLA-CAROUSSEL-DECODESIGN1.jpg?fit=1500%2C320&ssl=1\",\"width\":1500,\"height\":320},{\"@type\":\"BreadcrumbList\",\"@id\":\"https:\/\/www.joyana.fr\/en\/collection-de-carrelages-azulej-ramacieri-soligo-x-patricia-urquiola\/114459\/#breadcrumb\",\"itemListElement\":[{\"@type\":\"ListItem\",\"position\":1,\"name\":\"Accueil\",\"item\":\"https:\/\/joyana.fr\/\"},{\"@type\":\"ListItem\",\"position\":2,\"name\":\"Collection de C\u00e9ramiques AZULEJ par Ramacieri SOLIGO x Patricia URQUIOLA\"}]},{\"@type\":\"WebSite\",\"@id\":\"https:\/\/joyana.fr\/#website\",\"url\":\"https:\/\/joyana.fr\/\",\"name\":\"JO YANA\",\"description\":\"Blog Mode Homme, Lifestyle, D\u00e9co-Design\",\"publisher\":{\"@id\":\"https:\/\/joyana.fr\/#\/schema\/person\/cf2a1ad12a27c12c21801075bf37407c\"},\"potentialAction\":[{\"@type\":\"SearchAction\",\"target\":{\"@type\":\"EntryPoint\",\"urlTemplate\":\"https:\/\/joyana.fr\/?s={search_term_string}\"},\"query-input\":{\"@type\":\"PropertyValueSpecification\",\"valueRequired\":true,\"valueName\":\"search_term_string\"}}],\"inLanguage\":\"ja\"},{\"@type\":[\"Person\",\"Organization\"],\"@id\":\"https:\/\/joyana.fr\/#\/schema\/person\/cf2a1ad12a27c12c21801075bf37407c\",\"name\":\"Jo Yana\",\"image\":{\"@type\":\"ImageObject\",\"inLanguage\":\"ja\",\"@id\":\"https:\/\/joyana.fr\/#\/schema\/person\/image\/\",\"url\":\"https:\/\/i0.wp.com\/www.joyana.fr\/wp-content\/uploads\/2016\/08\/cropped-joyana-logo-black-360x180.png?fit=343%2C164&ssl=1\",\"contentUrl\":\"https:\/\/i0.wp.com\/www.joyana.fr\/wp-content\/uploads\/2016\/08\/cropped-joyana-logo-black-360x180.png?fit=343%2C164&ssl=1\",\"width\":343,\"height\":164,\"caption\":\"Jo Yana\"},\"logo\":{\"@id\":\"https:\/\/joyana.fr\/#\/schema\/person\/image\/\"},\"description\":\"Jo Yana est le cr\u00e9ateur et r\u00e9dacteur en chef des sites DECO-DESIGN. Passionn\u00e9 de Design, Mode, Photo, Luxe, Lifestyle, Musique, mais avant tout Blogueur ! Le plaisir de partager l'anime et a comme devise \\\"POUR L'AMOUR DU BEAU\\\". Retrouvez le aussi sur son blog personnel - https:\/\/joyana.fr...\",\"sameAs\":[\"https:\/\/joyana.fr\/\"],\"url\":\"https:\/\/www.joyana.fr\/ja\/author\/joyana\/\"}]}<\/script>\n<!-- \/ Yoast SEO plugin. -->","yoast_head_json":{"title":"Collection de C\u00e9ramiques AZULEJ par Ramacieri SOLIGO x Patricia URQUIOLA - JO YANA","robots":{"index":"index","follow":"follow","max-snippet":"max-snippet:-1","max-image-preview":"max-image-preview:large","max-video-preview":"max-video-preview:-1"},"canonical":"https:\/\/www.joyana.fr\/ja\/collection-de-carrelages-azulej-ramacieri-soligo-x-patricia-urquiola\/114459\/","og_locale":"ja_JP","og_type":"article","og_title":"Collection de C\u00e9ramiques AZULEJ par Ramacieri SOLIGO x Patricia URQUIOLA - JO YANA","og_description":"La designer Patricia Urquiola collabore avec la maison de c\u00e9ramique Ramacieri Soligo pour la cr\u00e9ation de la co [&hellip;]","og_url":"https:\/\/www.joyana.fr\/ja\/collection-de-carrelages-azulej-ramacieri-soligo-x-patricia-urquiola\/114459\/","og_site_name":"JO YANA","article_published_time":"2013-09-25T14:38:32+00:00","og_image":[{"width":1500,"height":320,"url":"https:\/\/www.joyana.fr\/wp-content\/uploads\/2013\/09\/CARRELAGE-PATRICIA-URQUIOLA-CAROUSSEL-DECODESIGN1.jpg","type":"image\/jpeg"}],"author":"Jo Yana","twitter_card":"summary_large_image","twitter_creator":"@Jo_Yana","twitter_site":"@Jo_Yana","twitter_misc":{"\u57f7\u7b46\u8005":"Jo Yana","\u63a8\u5b9a\u8aad\u307f\u53d6\u308a\u6642\u9593":"1\u5206"},"schema":{"@context":"https:\/\/schema.org","@graph":[{"@type":"Article","@id":"https:\/\/www.joyana.fr\/en\/collection-de-carrelages-azulej-ramacieri-soligo-x-patricia-urquiola\/114459\/#article","isPartOf":{"@id":"https:\/\/www.joyana.fr\/en\/collection-de-carrelages-azulej-ramacieri-soligo-x-patricia-urquiola\/114459\/"},"author":{"name":"Jo Yana","@id":"https:\/\/joyana.fr\/#\/schema\/person\/cf2a1ad12a27c12c21801075bf37407c"},"headline":"Collection de C\u00e9ramiques AZULEJ par Ramacieri SOLIGO x Patricia URQUIOLA","datePublished":"2013-09-25T14:38:32+00:00","mainEntityOfPage":{"@id":"https:\/\/www.joyana.fr\/en\/collection-de-carrelages-azulej-ramacieri-soligo-x-patricia-urquiola\/114459\/"},"wordCount":153,"commentCount":3,"publisher":{"@id":"https:\/\/joyana.fr\/#\/schema\/person\/cf2a1ad12a27c12c21801075bf37407c"},"image":{"@id":"https:\/\/www.joyana.fr\/en\/collection-de-carrelages-azulej-ramacieri-soligo-x-patricia-urquiola\/114459\/#primaryimage"},"thumbnailUrl":"https:\/\/i0.wp.com\/www.joyana.fr\/wp-content\/uploads\/2013\/09\/CARRELAGE-PATRICIA-URQUIOLA-CAROUSSEL-DECODESIGN1.jpg?fit=1500%2C320&ssl=1","keywords":["Carrelage","Carrelage design","C\u00e9ramique","DESIGN","Patricia URQUIOLA","Ramacieri SOLIGO"],"articleSection":["A la une !!!","DECO-DESIGN","D\u00e9coration","D\u00e9coration Murale","Patricia URQUIOLA"],"inLanguage":"ja","potentialAction":[{"@type":"CommentAction","name":"Comment","target":["https:\/\/www.joyana.fr\/en\/collection-de-carrelages-azulej-ramacieri-soligo-x-patricia-urquiola\/114459\/#respond"]}]},{"@type":"WebPage","@id":"https:\/\/www.joyana.fr\/en\/collection-de-carrelages-azulej-ramacieri-soligo-x-patricia-urquiola\/114459\/","url":"https:\/\/www.joyana.fr\/en\/collection-de-carrelages-azulej-ramacieri-soligo-x-patricia-urquiola\/114459\/","name":"Collection de C\u00e9ramiques AZULEJ par Ramacieri SOLIGO x Patricia URQUIOLA - JO YANA","isPartOf":{"@id":"https:\/\/joyana.fr\/#website"},"primaryImageOfPage":{"@id":"https:\/\/www.joyana.fr\/en\/collection-de-carrelages-azulej-ramacieri-soligo-x-patricia-urquiola\/114459\/#primaryimage"},"image":{"@id":"https:\/\/www.joyana.fr\/en\/collection-de-carrelages-azulej-ramacieri-soligo-x-patricia-urquiola\/114459\/#primaryimage"},"thumbnailUrl":"https:\/\/i0.wp.com\/www.joyana.fr\/wp-content\/uploads\/2013\/09\/CARRELAGE-PATRICIA-URQUIOLA-CAROUSSEL-DECODESIGN1.jpg?fit=1500%2C320&ssl=1","datePublished":"2013-09-25T14:38:32+00:00","breadcrumb":{"@id":"https:\/\/www.joyana.fr\/en\/collection-de-carrelages-azulej-ramacieri-soligo-x-patricia-urquiola\/114459\/#breadcrumb"},"inLanguage":"ja","potentialAction":[{"@type":"ReadAction","target":["https:\/\/www.joyana.fr\/en\/collection-de-carrelages-azulej-ramacieri-soligo-x-patricia-urquiola\/114459\/"]}]},{"@type":"ImageObject","inLanguage":"ja","@id":"https:\/\/www.joyana.fr\/en\/collection-de-carrelages-azulej-ramacieri-soligo-x-patricia-urquiola\/114459\/#primaryimage","url":"https:\/\/i0.wp.com\/www.joyana.fr\/wp-content\/uploads\/2013\/09\/CARRELAGE-PATRICIA-URQUIOLA-CAROUSSEL-DECODESIGN1.jpg?fit=1500%2C320&ssl=1","contentUrl":"https:\/\/i0.wp.com\/www.joyana.fr\/wp-content\/uploads\/2013\/09\/CARRELAGE-PATRICIA-URQUIOLA-CAROUSSEL-DECODESIGN1.jpg?fit=1500%2C320&ssl=1","width":1500,"height":320},{"@type":"BreadcrumbList","@id":"https:\/\/www.joyana.fr\/en\/collection-de-carrelages-azulej-ramacieri-soligo-x-patricia-urquiola\/114459\/#breadcrumb","itemListElement":[{"@type":"ListItem","position":1,"name":"Accueil","item":"https:\/\/joyana.fr\/"},{"@type":"ListItem","position":2,"name":"Collection de C\u00e9ramiques AZULEJ par Ramacieri SOLIGO x Patricia URQUIOLA"}]},{"@type":"WebSite","@id":"https:\/\/joyana.fr\/#website","url":"https:\/\/joyana.fr\/","name":"JO YANA","description":"Blog Mode Homme, Lifestyle, D\u00e9co-Design","publisher":{"@id":"https:\/\/joyana.fr\/#\/schema\/person\/cf2a1ad12a27c12c21801075bf37407c"},"potentialAction":[{"@type":"SearchAction","target":{"@type":"EntryPoint","urlTemplate":"https:\/\/joyana.fr\/?s={search_term_string}"},"query-input":{"@type":"PropertyValueSpecification","valueRequired":true,"valueName":"search_term_string"}}],"inLanguage":"ja"},{"@type":["Person","Organization"],"@id":"https:\/\/joyana.fr\/#\/schema\/person\/cf2a1ad12a27c12c21801075bf37407c","name":"Jo Yana","image":{"@type":"ImageObject","inLanguage":"ja","@id":"https:\/\/joyana.fr\/#\/schema\/person\/image\/","url":"https:\/\/i0.wp.com\/www.joyana.fr\/wp-content\/uploads\/2016\/08\/cropped-joyana-logo-black-360x180.png?fit=343%2C164&ssl=1","contentUrl":"https:\/\/i0.wp.com\/www.joyana.fr\/wp-content\/uploads\/2016\/08\/cropped-joyana-logo-black-360x180.png?fit=343%2C164&ssl=1","width":343,"height":164,"caption":"Jo Yana"},"logo":{"@id":"https:\/\/joyana.fr\/#\/schema\/person\/image\/"},"description":"Jo Yana est le cr\u00e9ateur et r\u00e9dacteur en chef des sites DECO-DESIGN. Passionn\u00e9 de Design, Mode, Photo, Luxe, Lifestyle, Musique, mais avant tout Blogueur ! Le plaisir de partager l'anime et a comme devise \"POUR L'AMOUR DU BEAU\". Retrouvez le aussi sur son blog personnel - https:\/\/joyana.fr...","sameAs":["https:\/\/joyana.fr\/"],"url":"https:\/\/www.joyana.fr\/ja\/author\/joyana\/"}]}},"author_meta":{"display_name":"Jo Yana","author_link":"https:\/\/www.joyana.fr\/ja\/author\/joyana\/"},"featured_img":"https:\/\/i0.wp.com\/www.joyana.fr\/wp-content\/uploads\/2013\/09\/CARRELAGE-PATRICIA-URQUIOLA-CAROUSSEL-DECODESIGN1.jpg?fit=389%2C83&ssl=1","featured_image_src":"https:\/\/i0.wp.com\/www.joyana.fr\/wp-content\/uploads\/2013\/09\/CARRELAGE-PATRICIA-URQUIOLA-CAROUSSEL-DECODESIGN1.jpg?resize=600%2C320&ssl=1","featured_image_src_square":"https:\/\/i0.wp.com\/www.joyana.fr\/wp-content\/uploads\/2013\/09\/CARRELAGE-PATRICIA-URQUIOLA-CAROUSSEL-DECODESIGN1.jpg?resize=600%2C320&ssl=1","jetpack_featured_media_url":"https:\/\/i0.wp.com\/www.joyana.fr\/wp-content\/uploads\/2013\/09\/CARRELAGE-PATRICIA-URQUIOLA-CAROUSSEL-DECODESIGN1.jpg?fit=1500%2C320&ssl=1","uagb_featured_image_src":{"full":["https:\/\/i0.wp.com\/www.joyana.fr\/wp-content\/uploads\/2013\/09\/CARRELAGE-PATRICIA-URQUIOLA-CAROUSSEL-DECODESIGN1.jpg?fit=1500%2C320&ssl=1",1500,320,false],"thumbnail":["https:\/\/i0.wp.com\/www.joyana.fr\/wp-content\/uploads\/2013\/09\/CARRELAGE-PATRICIA-URQUIOLA-CAROUSSEL-DECODESIGN1.jpg?resize=150%2C150&ssl=1",150,150,true],"medium":["https:\/\/i0.wp.com\/www.joyana.fr\/wp-content\/uploads\/2013\/09\/CARRELAGE-PATRICIA-URQUIOLA-CAROUSSEL-DECODESIGN1.jpg?fit=389%2C83&ssl=1",389,83,true],"medium_large":["https:\/\/i0.wp.com\/www.joyana.fr\/wp-content\/uploads\/2013\/09\/CARRELAGE-PATRICIA-URQUIOLA-CAROUSSEL-DECODESIGN1.jpg?fit=768%2C164&ssl=1",768,164,true],"large":["https:\/\/i0.wp.com\/www.joyana.fr\/wp-content\/uploads\/2013\/09\/CARRELAGE-PATRICIA-URQUIOLA-CAROUSSEL-DECODESIGN1.jpg?fit=1024%2C218&ssl=1",1024,218,true],"1536x1536":["https:\/\/i0.wp.com\/www.joyana.fr\/wp-content\/uploads\/2013\/09\/CARRELAGE-PATRICIA-URQUIOLA-CAROUSSEL-DECODESIGN1.jpg?fit=1500%2C320&ssl=1",1500,320,true],"2048x2048":["https:\/\/i0.wp.com\/www.joyana.fr\/wp-content\/uploads\/2013\/09\/CARRELAGE-PATRICIA-URQUIOLA-CAROUSSEL-DECODESIGN1.jpg?fit=1500%2C320&ssl=1",1500,320,true],"featured-thumb":["https:\/\/i0.wp.com\/www.joyana.fr\/wp-content\/uploads\/2013\/09\/CARRELAGE-PATRICIA-URQUIOLA-CAROUSSEL-DECODESIGN1.jpg?resize=1500%2C320&ssl=1",1500,320,true],"ab-block-post-grid-landscape":["https:\/\/i0.wp.com\/www.joyana.fr\/wp-content\/uploads\/2013\/09\/CARRELAGE-PATRICIA-URQUIOLA-CAROUSSEL-DECODESIGN1.jpg?resize=600%2C320&ssl=1",600,320,true],"ab-block-post-grid-square":["https:\/\/i0.wp.com\/www.joyana.fr\/wp-content\/uploads\/2013\/09\/CARRELAGE-PATRICIA-URQUIOLA-CAROUSSEL-DECODESIGN1.jpg?resize=600%2C320&ssl=1",600,320,true],"author-pro-image":["https:\/\/i0.wp.com\/www.joyana.fr\/wp-content\/uploads\/2013\/09\/CARRELAGE-PATRICIA-URQUIOLA-CAROUSSEL-DECODESIGN1.jpg?resize=360%2C320&ssl=1",360,320,true],"slider":["https:\/\/i0.wp.com\/www.joyana.fr\/wp-content\/uploads\/2013\/09\/CARRELAGE-PATRICIA-URQUIOLA-CAROUSSEL-DECODESIGN1.jpg?resize=920%2C320&ssl=1",920,320,true],"woocommerce_thumbnail":["https:\/\/i0.wp.com\/www.joyana.fr\/wp-content\/uploads\/2013\/09\/CARRELAGE-PATRICIA-URQUIOLA-CAROUSSEL-DECODESIGN1.jpg?resize=450%2C320&ssl=1",450,320,true],"woocommerce_single":["https:\/\/i0.wp.com\/www.joyana.fr\/wp-content\/uploads\/2013\/09\/CARRELAGE-PATRICIA-URQUIOLA-CAROUSSEL-DECODESIGN1.jpg?fit=920%2C196&ssl=1",920,196,true],"woocommerce_gallery_thumbnail":["https:\/\/i0.wp.com\/www.joyana.fr\/wp-content\/uploads\/2013\/09\/CARRELAGE-PATRICIA-URQUIOLA-CAROUSSEL-DECODESIGN1.jpg?resize=180%2C180&ssl=1",180,180,true],"sow-carousel-default":["https:\/\/i0.wp.com\/www.joyana.fr\/wp-content\/uploads\/2013\/09\/CARRELAGE-PATRICIA-URQUIOLA-CAROUSSEL-DECODESIGN1.jpg?resize=272%2C182&ssl=1",272,182,true]},"uagb_author_info":{"display_name":"Jo Yana","author_link":"https:\/\/www.joyana.fr\/ja\/author\/joyana\/"},"uagb_comment_info":7,"uagb_excerpt":"La designer Patricia Urquiola collabore avec la maison &hellip;","coauthors":[],"tax_additional":{"categories":{"linked":["<a href=\"https:\/\/www.joyana.fr\/ja\/category\/a-la-une\/\" class=\"advgb-post-tax-term\">A la une !!!<\/a>","<a href=\"https:\/\/www.joyana.fr\/ja\/category\/deco-design\/\" class=\"advgb-post-tax-term\">DECO-DESIGN<\/a>","<a href=\"https:\/\/www.joyana.fr\/ja\/category\/deco-design\/decoration\/\" class=\"advgb-post-tax-term\">D\u00e9coration<\/a>","<a href=\"https:\/\/www.joyana.fr\/ja\/category\/deco-design\/decoration\/decoration-murale\/\" class=\"advgb-post-tax-term\">D\u00e9coration Murale<\/a>","<a href=\"https:\/\/www.joyana.fr\/ja\/category\/deco-design\/designer\/patricia-urquiola\/\" class=\"advgb-post-tax-term\">Patricia URQUIOLA<\/a>"],"unlinked":["<span class=\"advgb-post-tax-term\">A la une !!!<\/span>","<span class=\"advgb-post-tax-term\">DECO-DESIGN<\/span>","<span class=\"advgb-post-tax-term\">D\u00e9coration<\/span>","<span class=\"advgb-post-tax-term\">D\u00e9coration Murale<\/span>","<span class=\"advgb-post-tax-term\">Patricia URQUIOLA<\/span>"]},"tags":{"linked":["<a href=\"https:\/\/www.joyana.fr\/ja\/category\/deco-design\/designer\/patricia-urquiola\/\" class=\"advgb-post-tax-term\">Carrelage<\/a>","<a href=\"https:\/\/www.joyana.fr\/ja\/category\/deco-design\/designer\/patricia-urquiola\/\" class=\"advgb-post-tax-term\">Carrelage design<\/a>","<a href=\"https:\/\/www.joyana.fr\/ja\/category\/deco-design\/designer\/patricia-urquiola\/\" class=\"advgb-post-tax-term\">C\u00e9ramique<\/a>","<a href=\"https:\/\/www.joyana.fr\/ja\/category\/deco-design\/designer\/patricia-urquiola\/\" class=\"advgb-post-tax-term\">DESIGN<\/a>","<a href=\"https:\/\/www.joyana.fr\/ja\/category\/deco-design\/designer\/patricia-urquiola\/\" class=\"advgb-post-tax-term\">Patricia URQUIOLA<\/a>","<a href=\"https:\/\/www.joyana.fr\/ja\/category\/deco-design\/designer\/patricia-urquiola\/\" class=\"advgb-post-tax-term\">Ramacieri SOLIGO<\/a>"],"unlinked":["<span class=\"advgb-post-tax-term\">Carrelage<\/span>","<span class=\"advgb-post-tax-term\">Carrelage design<\/span>","<span class=\"advgb-post-tax-term\">C\u00e9ramique<\/span>","<span class=\"advgb-post-tax-term\">DESIGN<\/span>","<span class=\"advgb-post-tax-term\">Patricia URQUIOLA<\/span>","<span class=\"advgb-post-tax-term\">Ramacieri SOLIGO<\/span>"]}},"comment_count":7,"relative_dates":{"created":"Posted 13\u5e74 ago","modified":"Updated 13\u5e74 ago"},"absolute_dates":{"created":"Posted on 25 9\u6708 2013","modified":"Updated on 25 9\u6708 2013"},"absolute_dates_time":{"created":"Posted on 25 9\u6708 2013 15:38","modified":"Updated on 25 9\u6708 2013 15:38"},"featured_img_caption":"","series_order":"","jetpack_sharing_enabled":true,"jetpack_shortlink":"https:\/\/wp.me\/p9bteI-tM7","jetpack-related-posts":[],"_links":{"self":[{"href":"https:\/\/www.joyana.fr\/ja\/wp-json\/wp\/v2\/posts\/114459","targetHints":{"allow":["GET"]}}],"collection":[{"href":"https:\/\/www.joyana.fr\/ja\/wp-json\/wp\/v2\/posts"}],"about":[{"href":"https:\/\/www.joyana.fr\/ja\/wp-json\/wp\/v2\/types\/post"}],"author":[{"embeddable":true,"href":"https:\/\/www.joyana.fr\/ja\/wp-json\/wp\/v2\/users\/3"}],"replies":[{"embeddable":true,"href":"https:\/\/www.joyana.fr\/ja\/wp-json\/wp\/v2\/comments?post=114459"}],"version-history":[{"count":0,"href":"https:\/\/www.joyana.fr\/ja\/wp-json\/wp\/v2\/posts\/114459\/revisions"}],"wp:featuredmedia":[{"embeddable":true,"href":"https:\/\/www.joyana.fr\/ja\/wp-json\/wp\/v2\/media\/114474"}],"wp:attachment":[{"href":"https:\/\/www.joyana.fr\/ja\/wp-json\/wp\/v2\/media?parent=114459"}],"wp:term":[{"taxonomy":"category","embeddable":true,"href":"https:\/\/www.joyana.fr\/ja\/wp-json\/wp\/v2\/categories?post=114459"},{"taxonomy":"post_tag","embeddable":true,"href":"https:\/\/www.joyana.fr\/ja\/wp-json\/wp\/v2\/tags?post=114459"}],"curies":[{"name":"wp","href":"https:\/\/api.w.org\/{rel}","templated":true}]}}