{"id":114454,"date":"2013-11-21T06:34:41","date_gmt":"2013-11-21T05:34:41","guid":{"rendered":"https:\/\/joyana.fr\/?p=14454"},"modified":"2013-11-21T06:34:41","modified_gmt":"2013-11-21T05:34:41","slug":"design-tour-marseille-2013-x-med-design-days-2013","status":"publish","type":"post","link":"https:\/\/www.joyana.fr\/ja\/design-tour-marseille-2013-x-med-design-days-2013\/114454\/","title":{"rendered":"DESIGN TOUR MARSEILLE 2013 x MED DESIGN DAYS 2013"},"content":{"rendered":"<p>Nous sortons de la conf\u00e9rence de presse du <strong>DESIGN TOUR MARSEILLE 2013<\/strong>, mais aussi (\u00e0 notre grande surprise) des <strong>MED DESIGN DAYS 2013<\/strong> &#8211; qui seront lanc\u00e9s durant la m\u00eame p\u00e9riode ! D\u00e9couvrez le programme de cette <strong>semaine de design<\/strong> \u00e0 <strong>Marseille<\/strong>&#8230;<\/p>\n<p><img data-recalc-dims=\"1\" fetchpriority=\"high\" decoding=\"async\" class=\"alignnone size-large wp-image-14455\" alt=\"DESIGN-TOUR-2013\" src=\"https:\/\/i0.wp.com\/joyana.fr\/wp-content\/uploads\/2013\/09\/DESIGN-TOUR-2013-576x371.jpg?resize=576%2C371&#038;ssl=1\" width=\"576\" height=\"371\" \/><\/p>\n<p>C\u2019est \u00e0 <strong>Marseille<\/strong>, Capitale europ\u00e9enne de la culture 2013, que se termine les \u00e9tapes du <strong>DESIGN TOUR 2013<\/strong>. Une seconde \u00e9dition avec ses fid\u00e8les et nouveaux lieux, o\u00f9 les designers de la m\u00e9diterran\u00e9e ont la part belle \u00e0 travers plusieurs expositions incontournables dans toute la ville !<\/p>\n<ul>\n<li>Une programmation culturelle grand public et gratuite avec plus de 130 designers &#038; maisons d\u2019\u00e9dition&#8230;<\/li>\n<li>Quatre expositions &#8211; Le Carr\u00e9 Orange &#8211; Homework, Une \u00c9cole St\u00e9phanoise &#8211; Labels VIA 2013 &#8211; Int\u00e9rieurs Cuir &#8211; Acte 3.<\/li>\n<li>Prix Rado Star Prize 2013 qui distingue la cr\u00e9ation de M\u00e9lanie Husson, designer.<\/li>\n<li>Pop-up store \u00abJapan Best\u00bb.<\/li>\n<\/ul>\n<p><a title=\"DECO DESIGN BLOG DECORATION ET DESIGN\" href=\"https:\/\/joyana.fr\/\" target=\"_blank\"><strong>Deco-Design<\/strong><\/a> d\u00e9cernera comme <a title=\"DESIGN TOUR MARSEILLE 2012\" href=\"https:\/\/joyana.fr\/design-tour-2012\/11241\/\" target=\"_blank\">l&#8217;ann\u00e9e derni\u00e8re<\/a> !<\/p>\n<p><img data-recalc-dims=\"1\" decoding=\"async\" alt=\"MED-DESIGN-DAYS-2013\" src=\"https:\/\/i0.wp.com\/joyana.fr\/wp-content\/uploads\/2013\/09\/MED-DESIGN-DAYS-2013-576x231.jpg?resize=576%2C231&#038;ssl=1\" width=\"576\" height=\"231\" \/><\/p>\n<p>Mais un \u00e9v\u00e8nement plus large se pr\u00e9pare dans la cit\u00e9e phoc\u00e9enne&#8230; Les <strong>Med Design Days<\/strong> &#8211; dans lequel s\u2019inscrit <strong>DESIGN TOUR &#8211;\u00a0 <\/strong>qui fera la part belle au design m\u00e9diterran\u00e9en \u00e0 travers une exposition, des colloques&#8230; la tourisme de Marseille pour d\u00e9couvrir DESIGN part belle au design m\u00e9diterran\u00e9en \u00e0 travers TOUR une exposition, des colloques&#8230;<\/p>\n<p>Le Palais de la Bourse sera au nombre des lieux d\u2019accueil en proposant une s\u00e9rie d\u2019\u00e9v\u00e8nements sur le design appliqu\u00e9 \u00e0 l\u2019entreprise et au territoire dans la r\u00e9gion m\u00e9diterran\u00e9enne, les <strong>Med Design Days 2013 :\u00a0<\/strong><\/p>\n<ul>\n<li>Le volet \u00abDesign et M\u00e9diterran\u00e9e\u00bb de l\u2019exposition collective <a href=\"http:\/\/www.alhoush.com\" target=\"_blank\">alhoush.com<\/a>, portail de 350 designers du monde arabe.<\/li>\n<li>Un workshop organis\u00e9 par les \u00e9coles de design (ESADM, Jean Perrin DSAA Design, Kedge Business School).<\/li>\n<li>Un colloque co-organis\u00e9 par la CCI Marseille Provence et l\u2019Association pour la promotion de la cr\u00e9ation industrielle, sera anim\u00e9 par de grands noms de la cr\u00e9ation internationale&#8230;<\/li>\n<\/ul>\n<p>Exposition du 22 novembre au 1er d\u00e9cembre 2013. Colloque le 28 novembre.<\/p>\n<p><img data-recalc-dims=\"1\" decoding=\"async\" class=\"alignnone size-large wp-image-14457\" alt=\"DESIGN TOUR MARSEILLE 2013 x MED DESIGN DAYS 2013\" src=\"https:\/\/i0.wp.com\/joyana.fr\/wp-content\/uploads\/2013\/09\/DESIGN-TOUR-MARSEILLE-2013-x-MED-DESIGN-DAYS-2013-576x203.jpg?resize=576%2C203&#038;ssl=1\" width=\"576\" height=\"203\" \/><\/p>\n<p style=\"text-align: center;\">En savoir + sur le <a title=\"DESIGN TOUR\" href=\"http:\/\/www.designtour.fr\/\" target=\"_blank\"><strong>DESIGN TOUR<\/strong><\/a><\/p>\n","protected":false},"excerpt":{"rendered":"<p>Nous sortons de la conf\u00e9rence de presse du DESIGN TOUR MARSEILLE 2013, mais aussi (\u00e0 notre grande surprise) de [&hellip;]<\/p>\n","protected":false},"author":3,"featured_media":114455,"comment_status":"open","ping_status":"open","sticky":false,"template":"","format":"standard","meta":{"_coblocks_attr":"","_coblocks_dimensions":"","_coblocks_responsive_height":"","_coblocks_accordion_ie_support":"","_uag_custom_page_level_css":"","advgb_blocks_editor_width":"","advgb_blocks_columns_visual_guide":"","_genesis_hide_title":false,"_genesis_hide_breadcrumbs":false,"_genesis_hide_singular_image":false,"_genesis_hide_footer_widgets":false,"_genesis_custom_body_class":"","_genesis_custom_post_class":"","_genesis_layout":"","_themeisle_gutenberg_block_has_review":false,"_jetpack_newsletter_access":"","_jetpack_dont_email_post_to_subs":false,"_jetpack_newsletter_tier_id":0,"_jetpack_memberships_contains_paywalled_content":false,"_jetpack_memberships_contains_paid_content":false,"footnotes":""},"categories":[905,1176,1407,1563],"tags":[1562,538,31,1564],"class_list":{"0":"post-114454","1":"post","2":"type-post","3":"status-publish","4":"format-standard","5":"has-post-thumbnail","7":"category-deco-design","8":"category-design-tour","9":"category-marseille-provence-2013","10":"category-med-design-days","11":"tag-design-tour-2013","12":"tag-evenement","13":"tag-marseille","14":"tag-med-design-days-2013","15":"entry"},"featured_image_urls":{"full":["https:\/\/i0.wp.com\/www.joyana.fr\/wp-content\/uploads\/2013\/09\/DESIGN-TOUR-2013.jpg?fit=650%2C419&ssl=1",650,419,false],"thumbnail":["https:\/\/i0.wp.com\/www.joyana.fr\/wp-content\/uploads\/2013\/09\/DESIGN-TOUR-2013.jpg?resize=150%2C150&ssl=1",150,150,true],"medium":["https:\/\/i0.wp.com\/www.joyana.fr\/wp-content\/uploads\/2013\/09\/DESIGN-TOUR-2013.jpg?fit=389%2C251&ssl=1",389,251,true],"medium_large":["https:\/\/i0.wp.com\/www.joyana.fr\/wp-content\/uploads\/2013\/09\/DESIGN-TOUR-2013.jpg?fit=650%2C419&ssl=1",650,419,true],"large":["https:\/\/i0.wp.com\/www.joyana.fr\/wp-content\/uploads\/2013\/09\/DESIGN-TOUR-2013.jpg?fit=650%2C419&ssl=1",650,419,true],"1536x1536":["https:\/\/i0.wp.com\/www.joyana.fr\/wp-content\/uploads\/2013\/09\/DESIGN-TOUR-2013.jpg?fit=650%2C419&ssl=1",650,419,true],"2048x2048":["https:\/\/i0.wp.com\/www.joyana.fr\/wp-content\/uploads\/2013\/09\/DESIGN-TOUR-2013.jpg?fit=650%2C419&ssl=1",650,419,true],"featured-thumb":["https:\/\/i0.wp.com\/www.joyana.fr\/wp-content\/uploads\/2013\/09\/DESIGN-TOUR-2013.jpg?resize=650%2C419&ssl=1",650,419,true],"ab-block-post-grid-landscape":["https:\/\/i0.wp.com\/www.joyana.fr\/wp-content\/uploads\/2013\/09\/DESIGN-TOUR-2013.jpg?resize=600%2C400&ssl=1",600,400,true],"ab-block-post-grid-square":["https:\/\/i0.wp.com\/www.joyana.fr\/wp-content\/uploads\/2013\/09\/DESIGN-TOUR-2013.jpg?resize=600%2C419&ssl=1",600,419,true],"author-pro-image":["https:\/\/i0.wp.com\/www.joyana.fr\/wp-content\/uploads\/2013\/09\/DESIGN-TOUR-2013.jpg?resize=360%2C419&ssl=1",360,419,true],"slider":["https:\/\/i0.wp.com\/www.joyana.fr\/wp-content\/uploads\/2013\/09\/DESIGN-TOUR-2013.jpg?resize=650%2C400&ssl=1",650,400,true],"woocommerce_thumbnail":["https:\/\/i0.wp.com\/www.joyana.fr\/wp-content\/uploads\/2013\/09\/DESIGN-TOUR-2013.jpg?resize=450%2C419&ssl=1",450,419,true],"woocommerce_single":["https:\/\/i0.wp.com\/www.joyana.fr\/wp-content\/uploads\/2013\/09\/DESIGN-TOUR-2013.jpg?fit=650%2C419&ssl=1",650,419,true],"woocommerce_gallery_thumbnail":["https:\/\/i0.wp.com\/www.joyana.fr\/wp-content\/uploads\/2013\/09\/DESIGN-TOUR-2013.jpg?resize=180%2C180&ssl=1",180,180,true],"sow-carousel-default":["https:\/\/i0.wp.com\/www.joyana.fr\/wp-content\/uploads\/2013\/09\/DESIGN-TOUR-2013.jpg?resize=272%2C182&ssl=1",272,182,true]},"post_excerpt_stackable":"<p>Nous sortons de la conf\u00e9rence de presse du DESIGN TOUR MARSEILLE 2013, mais aussi (\u00e0 notre grande su&hellip;<\/p>\n","category_list":"<a href=\"https:\/\/www.joyana.fr\/ja\/category\/deco-design\/\" rel=\"category tag\">DECO-DESIGN<\/a>, <a href=\"https:\/\/www.joyana.fr\/ja\/category\/deco-design\/actualite\/salon\/design-tour\/\" rel=\"category tag\">DESIGN TOUR<\/a>, <a href=\"https:\/\/www.joyana.fr\/ja\/category\/deco-design\/actualite\/marseille-provence-2013\/\" rel=\"category tag\">Marseille-Provence 2013<\/a>, <a href=\"https:\/\/www.joyana.fr\/ja\/category\/deco-design\/actualite\/salon\/med-design-days\/\" rel=\"category tag\">Med Design Days<\/a>","author_info":{"display_name":"Jo Yana","author_link":"https:\/\/www.joyana.fr\/ja\/author\/joyana\/"},"comments_num":"10 comments","featured_image_urls_v2":{"full":["https:\/\/i0.wp.com\/www.joyana.fr\/wp-content\/uploads\/2013\/09\/DESIGN-TOUR-2013.jpg?fit=650%2C419&ssl=1",650,419,false],"thumbnail":["https:\/\/i0.wp.com\/www.joyana.fr\/wp-content\/uploads\/2013\/09\/DESIGN-TOUR-2013.jpg?resize=150%2C150&ssl=1",150,150,true],"medium":["https:\/\/i0.wp.com\/www.joyana.fr\/wp-content\/uploads\/2013\/09\/DESIGN-TOUR-2013.jpg?fit=389%2C251&ssl=1",389,251,true],"medium_large":["https:\/\/i0.wp.com\/www.joyana.fr\/wp-content\/uploads\/2013\/09\/DESIGN-TOUR-2013.jpg?fit=650%2C419&ssl=1",650,419,true],"large":["https:\/\/i0.wp.com\/www.joyana.fr\/wp-content\/uploads\/2013\/09\/DESIGN-TOUR-2013.jpg?fit=650%2C419&ssl=1",650,419,true],"1536x1536":["https:\/\/i0.wp.com\/www.joyana.fr\/wp-content\/uploads\/2013\/09\/DESIGN-TOUR-2013.jpg?fit=650%2C419&ssl=1",650,419,true],"2048x2048":["https:\/\/i0.wp.com\/www.joyana.fr\/wp-content\/uploads\/2013\/09\/DESIGN-TOUR-2013.jpg?fit=650%2C419&ssl=1",650,419,true],"featured-thumb":["https:\/\/i0.wp.com\/www.joyana.fr\/wp-content\/uploads\/2013\/09\/DESIGN-TOUR-2013.jpg?resize=650%2C419&ssl=1",650,419,true],"ab-block-post-grid-landscape":["https:\/\/i0.wp.com\/www.joyana.fr\/wp-content\/uploads\/2013\/09\/DESIGN-TOUR-2013.jpg?resize=600%2C400&ssl=1",600,400,true],"ab-block-post-grid-square":["https:\/\/i0.wp.com\/www.joyana.fr\/wp-content\/uploads\/2013\/09\/DESIGN-TOUR-2013.jpg?resize=600%2C419&ssl=1",600,419,true],"author-pro-image":["https:\/\/i0.wp.com\/www.joyana.fr\/wp-content\/uploads\/2013\/09\/DESIGN-TOUR-2013.jpg?resize=360%2C419&ssl=1",360,419,true],"slider":["https:\/\/i0.wp.com\/www.joyana.fr\/wp-content\/uploads\/2013\/09\/DESIGN-TOUR-2013.jpg?resize=650%2C400&ssl=1",650,400,true],"woocommerce_thumbnail":["https:\/\/i0.wp.com\/www.joyana.fr\/wp-content\/uploads\/2013\/09\/DESIGN-TOUR-2013.jpg?resize=450%2C419&ssl=1",450,419,true],"woocommerce_single":["https:\/\/i0.wp.com\/www.joyana.fr\/wp-content\/uploads\/2013\/09\/DESIGN-TOUR-2013.jpg?fit=650%2C419&ssl=1",650,419,true],"woocommerce_gallery_thumbnail":["https:\/\/i0.wp.com\/www.joyana.fr\/wp-content\/uploads\/2013\/09\/DESIGN-TOUR-2013.jpg?resize=180%2C180&ssl=1",180,180,true],"sow-carousel-default":["https:\/\/i0.wp.com\/www.joyana.fr\/wp-content\/uploads\/2013\/09\/DESIGN-TOUR-2013.jpg?resize=272%2C182&ssl=1",272,182,true]},"post_excerpt_stackable_v2":"<p>Nous sortons de la conf\u00e9rence de presse du DESIGN TOUR MARSEILLE 2013, mais aussi (\u00e0 notre grande su&hellip;<\/p>\n","category_list_v2":"<a href=\"https:\/\/www.joyana.fr\/ja\/category\/deco-design\/\" rel=\"category tag\">DECO-DESIGN<\/a>, <a href=\"https:\/\/www.joyana.fr\/ja\/category\/deco-design\/actualite\/salon\/design-tour\/\" rel=\"category tag\">DESIGN TOUR<\/a>, <a href=\"https:\/\/www.joyana.fr\/ja\/category\/deco-design\/actualite\/marseille-provence-2013\/\" rel=\"category tag\">Marseille-Provence 2013<\/a>, <a href=\"https:\/\/www.joyana.fr\/ja\/category\/deco-design\/actualite\/salon\/med-design-days\/\" rel=\"category tag\">Med Design Days<\/a>","author_info_v2":{"name":"Jo Yana","url":"https:\/\/www.joyana.fr\/ja\/author\/joyana\/"},"comments_num_v2":"10 comments","yoast_head":"<!-- This site is optimized with the Yoast SEO plugin v26.8 - https:\/\/yoast.com\/product\/yoast-seo-wordpress\/ -->\n<title>DESIGN TOUR MARSEILLE 2013 x MED DESIGN DAYS 2013 - JO YANA<\/title>\n<meta name=\"robots\" content=\"index, follow, max-snippet:-1, max-image-preview:large, max-video-preview:-1\" \/>\n<link rel=\"canonical\" href=\"https:\/\/joyana.fr\/design-tour-marseille-2013-x-med-design-days-2013\/114454\/\" \/>\n<meta property=\"og:locale\" content=\"ja_JP\" \/>\n<meta property=\"og:locale:alternate\" content=\"fr_FR\" \/>\n<meta property=\"og:locale:alternate\" content=\"en_US\" \/>\n<meta property=\"og:type\" content=\"article\" \/>\n<meta property=\"og:title\" content=\"DESIGN TOUR MARSEILLE 2013 x MED DESIGN DAYS 2013 - JO YANA\" \/>\n<meta property=\"og:description\" content=\"Nous sortons de la conf\u00e9rence de presse du DESIGN TOUR MARSEILLE 2013, mais aussi (\u00e0 notre grande surprise) de [&hellip;]\" \/>\n<meta property=\"og:url\" content=\"https:\/\/www.joyana.fr\/ja\/design-tour-marseille-2013-x-med-design-days-2013\/114454\/\" \/>\n<meta property=\"og:site_name\" content=\"JO YANA\" \/>\n<meta property=\"article:published_time\" content=\"2013-11-21T05:34:41+00:00\" \/>\n<meta property=\"og:image\" content=\"https:\/\/joyana.fr\/wp-content\/uploads\/2013\/09\/DESIGN-TOUR-2013.jpg\" \/>\n\t<meta property=\"og:image:width\" content=\"650\" \/>\n\t<meta property=\"og:image:height\" content=\"419\" \/>\n\t<meta property=\"og:image:type\" content=\"image\/jpeg\" \/>\n<meta name=\"author\" content=\"Jo Yana\" \/>\n<meta name=\"twitter:card\" content=\"summary_large_image\" \/>\n<meta name=\"twitter:creator\" content=\"@Jo_Yana\" \/>\n<meta name=\"twitter:site\" content=\"@Jo_Yana\" \/>\n<meta name=\"twitter:label1\" content=\"\u57f7\u7b46\u8005\" \/>\n\t<meta name=\"twitter:data1\" content=\"Jo Yana\" \/>\n\t<meta name=\"twitter:label2\" content=\"\u63a8\u5b9a\u8aad\u307f\u53d6\u308a\u6642\u9593\" \/>\n\t<meta name=\"twitter:data2\" content=\"2\u5206\" \/>\n<script type=\"application\/ld+json\" class=\"yoast-schema-graph\">{\"@context\":\"https:\/\/schema.org\",\"@graph\":[{\"@type\":\"Article\",\"@id\":\"https:\/\/joyana.fr\/design-tour-marseille-2013-x-med-design-days-2013\/114454\/#article\",\"isPartOf\":{\"@id\":\"https:\/\/joyana.fr\/design-tour-marseille-2013-x-med-design-days-2013\/114454\/\"},\"author\":{\"name\":\"Jo Yana\",\"@id\":\"https:\/\/joyana.fr\/#\/schema\/person\/cf2a1ad12a27c12c21801075bf37407c\"},\"headline\":\"DESIGN TOUR MARSEILLE 2013 x MED DESIGN DAYS 2013\",\"datePublished\":\"2013-11-21T05:34:41+00:00\",\"mainEntityOfPage\":{\"@id\":\"https:\/\/joyana.fr\/design-tour-marseille-2013-x-med-design-days-2013\/114454\/\"},\"wordCount\":342,\"commentCount\":5,\"publisher\":{\"@id\":\"https:\/\/joyana.fr\/#\/schema\/person\/cf2a1ad12a27c12c21801075bf37407c\"},\"image\":{\"@id\":\"https:\/\/joyana.fr\/design-tour-marseille-2013-x-med-design-days-2013\/114454\/#primaryimage\"},\"thumbnailUrl\":\"https:\/\/i0.wp.com\/www.joyana.fr\/wp-content\/uploads\/2013\/09\/DESIGN-TOUR-2013.jpg?fit=650%2C419&ssl=1\",\"keywords\":[\"DESIGN TOUR 2013\",\"Ev\u00e8nement\",\"Marseille\",\"Med Design Days 2013\"],\"articleSection\":[\"DECO-DESIGN\",\"DESIGN TOUR\",\"Marseille-Provence 2013\",\"Med Design Days\"],\"inLanguage\":\"ja\",\"potentialAction\":[{\"@type\":\"CommentAction\",\"name\":\"Comment\",\"target\":[\"https:\/\/joyana.fr\/design-tour-marseille-2013-x-med-design-days-2013\/114454\/#respond\"]}]},{\"@type\":\"WebPage\",\"@id\":\"https:\/\/joyana.fr\/design-tour-marseille-2013-x-med-design-days-2013\/114454\/\",\"url\":\"https:\/\/joyana.fr\/design-tour-marseille-2013-x-med-design-days-2013\/114454\/\",\"name\":\"DESIGN TOUR MARSEILLE 2013 x MED DESIGN DAYS 2013 - JO YANA\",\"isPartOf\":{\"@id\":\"https:\/\/joyana.fr\/#website\"},\"primaryImageOfPage\":{\"@id\":\"https:\/\/joyana.fr\/design-tour-marseille-2013-x-med-design-days-2013\/114454\/#primaryimage\"},\"image\":{\"@id\":\"https:\/\/joyana.fr\/design-tour-marseille-2013-x-med-design-days-2013\/114454\/#primaryimage\"},\"thumbnailUrl\":\"https:\/\/i0.wp.com\/www.joyana.fr\/wp-content\/uploads\/2013\/09\/DESIGN-TOUR-2013.jpg?fit=650%2C419&ssl=1\",\"datePublished\":\"2013-11-21T05:34:41+00:00\",\"breadcrumb\":{\"@id\":\"https:\/\/joyana.fr\/design-tour-marseille-2013-x-med-design-days-2013\/114454\/#breadcrumb\"},\"inLanguage\":\"ja\",\"potentialAction\":[{\"@type\":\"ReadAction\",\"target\":[\"https:\/\/joyana.fr\/design-tour-marseille-2013-x-med-design-days-2013\/114454\/\"]}]},{\"@type\":\"ImageObject\",\"inLanguage\":\"ja\",\"@id\":\"https:\/\/joyana.fr\/design-tour-marseille-2013-x-med-design-days-2013\/114454\/#primaryimage\",\"url\":\"https:\/\/i0.wp.com\/www.joyana.fr\/wp-content\/uploads\/2013\/09\/DESIGN-TOUR-2013.jpg?fit=650%2C419&ssl=1\",\"contentUrl\":\"https:\/\/i0.wp.com\/www.joyana.fr\/wp-content\/uploads\/2013\/09\/DESIGN-TOUR-2013.jpg?fit=650%2C419&ssl=1\",\"width\":650,\"height\":419},{\"@type\":\"BreadcrumbList\",\"@id\":\"https:\/\/joyana.fr\/design-tour-marseille-2013-x-med-design-days-2013\/114454\/#breadcrumb\",\"itemListElement\":[{\"@type\":\"ListItem\",\"position\":1,\"name\":\"Accueil\",\"item\":\"https:\/\/joyana.fr\/\"},{\"@type\":\"ListItem\",\"position\":2,\"name\":\"DESIGN TOUR MARSEILLE 2013 x MED DESIGN DAYS 2013\"}]},{\"@type\":\"WebSite\",\"@id\":\"https:\/\/joyana.fr\/#website\",\"url\":\"https:\/\/joyana.fr\/\",\"name\":\"JO YANA\",\"description\":\"Blog Mode Homme, Lifestyle, D\u00e9co-Design\",\"publisher\":{\"@id\":\"https:\/\/joyana.fr\/#\/schema\/person\/cf2a1ad12a27c12c21801075bf37407c\"},\"potentialAction\":[{\"@type\":\"SearchAction\",\"target\":{\"@type\":\"EntryPoint\",\"urlTemplate\":\"https:\/\/joyana.fr\/?s={search_term_string}\"},\"query-input\":{\"@type\":\"PropertyValueSpecification\",\"valueRequired\":true,\"valueName\":\"search_term_string\"}}],\"inLanguage\":\"ja\"},{\"@type\":[\"Person\",\"Organization\"],\"@id\":\"https:\/\/joyana.fr\/#\/schema\/person\/cf2a1ad12a27c12c21801075bf37407c\",\"name\":\"Jo Yana\",\"image\":{\"@type\":\"ImageObject\",\"inLanguage\":\"ja\",\"@id\":\"https:\/\/joyana.fr\/#\/schema\/person\/image\/\",\"url\":\"https:\/\/i0.wp.com\/www.joyana.fr\/wp-content\/uploads\/2016\/08\/cropped-joyana-logo-black-360x180.png?fit=343%2C164&ssl=1\",\"contentUrl\":\"https:\/\/i0.wp.com\/www.joyana.fr\/wp-content\/uploads\/2016\/08\/cropped-joyana-logo-black-360x180.png?fit=343%2C164&ssl=1\",\"width\":343,\"height\":164,\"caption\":\"Jo Yana\"},\"logo\":{\"@id\":\"https:\/\/joyana.fr\/#\/schema\/person\/image\/\"},\"description\":\"Jo Yana est le cr\u00e9ateur et r\u00e9dacteur en chef des sites DECO-DESIGN. Passionn\u00e9 de Design, Mode, Photo, Luxe, Lifestyle, Musique, mais avant tout Blogueur ! Le plaisir de partager l'anime et a comme devise \\\"POUR L'AMOUR DU BEAU\\\". Retrouvez le aussi sur son blog personnel - https:\/\/joyana.fr...\",\"sameAs\":[\"https:\/\/joyana.fr\/\"],\"url\":\"https:\/\/www.joyana.fr\/ja\/author\/joyana\/\"}]}<\/script>\n<!-- \/ Yoast SEO plugin. -->","yoast_head_json":{"title":"DESIGN TOUR MARSEILLE 2013 x MED DESIGN DAYS 2013 - JO YANA","robots":{"index":"index","follow":"follow","max-snippet":"max-snippet:-1","max-image-preview":"max-image-preview:large","max-video-preview":"max-video-preview:-1"},"canonical":"https:\/\/joyana.fr\/design-tour-marseille-2013-x-med-design-days-2013\/114454\/","og_locale":"ja_JP","og_type":"article","og_title":"DESIGN TOUR MARSEILLE 2013 x MED DESIGN DAYS 2013 - JO YANA","og_description":"Nous sortons de la conf\u00e9rence de presse du DESIGN TOUR MARSEILLE 2013, mais aussi (\u00e0 notre grande surprise) de [&hellip;]","og_url":"https:\/\/www.joyana.fr\/ja\/design-tour-marseille-2013-x-med-design-days-2013\/114454\/","og_site_name":"JO YANA","article_published_time":"2013-11-21T05:34:41+00:00","og_image":[{"width":650,"height":419,"url":"https:\/\/joyana.fr\/wp-content\/uploads\/2013\/09\/DESIGN-TOUR-2013.jpg","type":"image\/jpeg"}],"author":"Jo Yana","twitter_card":"summary_large_image","twitter_creator":"@Jo_Yana","twitter_site":"@Jo_Yana","twitter_misc":{"\u57f7\u7b46\u8005":"Jo Yana","\u63a8\u5b9a\u8aad\u307f\u53d6\u308a\u6642\u9593":"2\u5206"},"schema":{"@context":"https:\/\/schema.org","@graph":[{"@type":"Article","@id":"https:\/\/joyana.fr\/design-tour-marseille-2013-x-med-design-days-2013\/114454\/#article","isPartOf":{"@id":"https:\/\/joyana.fr\/design-tour-marseille-2013-x-med-design-days-2013\/114454\/"},"author":{"name":"Jo Yana","@id":"https:\/\/joyana.fr\/#\/schema\/person\/cf2a1ad12a27c12c21801075bf37407c"},"headline":"DESIGN TOUR MARSEILLE 2013 x MED DESIGN DAYS 2013","datePublished":"2013-11-21T05:34:41+00:00","mainEntityOfPage":{"@id":"https:\/\/joyana.fr\/design-tour-marseille-2013-x-med-design-days-2013\/114454\/"},"wordCount":342,"commentCount":5,"publisher":{"@id":"https:\/\/joyana.fr\/#\/schema\/person\/cf2a1ad12a27c12c21801075bf37407c"},"image":{"@id":"https:\/\/joyana.fr\/design-tour-marseille-2013-x-med-design-days-2013\/114454\/#primaryimage"},"thumbnailUrl":"https:\/\/i0.wp.com\/www.joyana.fr\/wp-content\/uploads\/2013\/09\/DESIGN-TOUR-2013.jpg?fit=650%2C419&ssl=1","keywords":["DESIGN TOUR 2013","Ev\u00e8nement","Marseille","Med Design Days 2013"],"articleSection":["DECO-DESIGN","DESIGN TOUR","Marseille-Provence 2013","Med Design Days"],"inLanguage":"ja","potentialAction":[{"@type":"CommentAction","name":"Comment","target":["https:\/\/joyana.fr\/design-tour-marseille-2013-x-med-design-days-2013\/114454\/#respond"]}]},{"@type":"WebPage","@id":"https:\/\/joyana.fr\/design-tour-marseille-2013-x-med-design-days-2013\/114454\/","url":"https:\/\/joyana.fr\/design-tour-marseille-2013-x-med-design-days-2013\/114454\/","name":"DESIGN TOUR MARSEILLE 2013 x MED DESIGN DAYS 2013 - JO YANA","isPartOf":{"@id":"https:\/\/joyana.fr\/#website"},"primaryImageOfPage":{"@id":"https:\/\/joyana.fr\/design-tour-marseille-2013-x-med-design-days-2013\/114454\/#primaryimage"},"image":{"@id":"https:\/\/joyana.fr\/design-tour-marseille-2013-x-med-design-days-2013\/114454\/#primaryimage"},"thumbnailUrl":"https:\/\/i0.wp.com\/www.joyana.fr\/wp-content\/uploads\/2013\/09\/DESIGN-TOUR-2013.jpg?fit=650%2C419&ssl=1","datePublished":"2013-11-21T05:34:41+00:00","breadcrumb":{"@id":"https:\/\/joyana.fr\/design-tour-marseille-2013-x-med-design-days-2013\/114454\/#breadcrumb"},"inLanguage":"ja","potentialAction":[{"@type":"ReadAction","target":["https:\/\/joyana.fr\/design-tour-marseille-2013-x-med-design-days-2013\/114454\/"]}]},{"@type":"ImageObject","inLanguage":"ja","@id":"https:\/\/joyana.fr\/design-tour-marseille-2013-x-med-design-days-2013\/114454\/#primaryimage","url":"https:\/\/i0.wp.com\/www.joyana.fr\/wp-content\/uploads\/2013\/09\/DESIGN-TOUR-2013.jpg?fit=650%2C419&ssl=1","contentUrl":"https:\/\/i0.wp.com\/www.joyana.fr\/wp-content\/uploads\/2013\/09\/DESIGN-TOUR-2013.jpg?fit=650%2C419&ssl=1","width":650,"height":419},{"@type":"BreadcrumbList","@id":"https:\/\/joyana.fr\/design-tour-marseille-2013-x-med-design-days-2013\/114454\/#breadcrumb","itemListElement":[{"@type":"ListItem","position":1,"name":"Accueil","item":"https:\/\/joyana.fr\/"},{"@type":"ListItem","position":2,"name":"DESIGN TOUR MARSEILLE 2013 x MED DESIGN DAYS 2013"}]},{"@type":"WebSite","@id":"https:\/\/joyana.fr\/#website","url":"https:\/\/joyana.fr\/","name":"JO YANA","description":"Blog Mode Homme, Lifestyle, D\u00e9co-Design","publisher":{"@id":"https:\/\/joyana.fr\/#\/schema\/person\/cf2a1ad12a27c12c21801075bf37407c"},"potentialAction":[{"@type":"SearchAction","target":{"@type":"EntryPoint","urlTemplate":"https:\/\/joyana.fr\/?s={search_term_string}"},"query-input":{"@type":"PropertyValueSpecification","valueRequired":true,"valueName":"search_term_string"}}],"inLanguage":"ja"},{"@type":["Person","Organization"],"@id":"https:\/\/joyana.fr\/#\/schema\/person\/cf2a1ad12a27c12c21801075bf37407c","name":"Jo Yana","image":{"@type":"ImageObject","inLanguage":"ja","@id":"https:\/\/joyana.fr\/#\/schema\/person\/image\/","url":"https:\/\/i0.wp.com\/www.joyana.fr\/wp-content\/uploads\/2016\/08\/cropped-joyana-logo-black-360x180.png?fit=343%2C164&ssl=1","contentUrl":"https:\/\/i0.wp.com\/www.joyana.fr\/wp-content\/uploads\/2016\/08\/cropped-joyana-logo-black-360x180.png?fit=343%2C164&ssl=1","width":343,"height":164,"caption":"Jo Yana"},"logo":{"@id":"https:\/\/joyana.fr\/#\/schema\/person\/image\/"},"description":"Jo Yana est le cr\u00e9ateur et r\u00e9dacteur en chef des sites DECO-DESIGN. Passionn\u00e9 de Design, Mode, Photo, Luxe, Lifestyle, Musique, mais avant tout Blogueur ! Le plaisir de partager l'anime et a comme devise \"POUR L'AMOUR DU BEAU\". Retrouvez le aussi sur son blog personnel - https:\/\/joyana.fr...","sameAs":["https:\/\/joyana.fr\/"],"url":"https:\/\/www.joyana.fr\/ja\/author\/joyana\/"}]}},"author_meta":{"display_name":"Jo Yana","author_link":"https:\/\/www.joyana.fr\/ja\/author\/joyana\/"},"featured_img":"https:\/\/i0.wp.com\/www.joyana.fr\/wp-content\/uploads\/2013\/09\/DESIGN-TOUR-2013.jpg?fit=389%2C251&ssl=1","featured_image_src":"https:\/\/i0.wp.com\/www.joyana.fr\/wp-content\/uploads\/2013\/09\/DESIGN-TOUR-2013.jpg?resize=600%2C400&ssl=1","featured_image_src_square":"https:\/\/i0.wp.com\/www.joyana.fr\/wp-content\/uploads\/2013\/09\/DESIGN-TOUR-2013.jpg?resize=600%2C419&ssl=1","jetpack_featured_media_url":"https:\/\/i0.wp.com\/www.joyana.fr\/wp-content\/uploads\/2013\/09\/DESIGN-TOUR-2013.jpg?fit=650%2C419&ssl=1","uagb_featured_image_src":{"full":["https:\/\/i0.wp.com\/www.joyana.fr\/wp-content\/uploads\/2013\/09\/DESIGN-TOUR-2013.jpg?fit=650%2C419&ssl=1",650,419,false],"thumbnail":["https:\/\/i0.wp.com\/www.joyana.fr\/wp-content\/uploads\/2013\/09\/DESIGN-TOUR-2013.jpg?resize=150%2C150&ssl=1",150,150,true],"medium":["https:\/\/i0.wp.com\/www.joyana.fr\/wp-content\/uploads\/2013\/09\/DESIGN-TOUR-2013.jpg?fit=389%2C251&ssl=1",389,251,true],"medium_large":["https:\/\/i0.wp.com\/www.joyana.fr\/wp-content\/uploads\/2013\/09\/DESIGN-TOUR-2013.jpg?fit=650%2C419&ssl=1",650,419,true],"large":["https:\/\/i0.wp.com\/www.joyana.fr\/wp-content\/uploads\/2013\/09\/DESIGN-TOUR-2013.jpg?fit=650%2C419&ssl=1",650,419,true],"1536x1536":["https:\/\/i0.wp.com\/www.joyana.fr\/wp-content\/uploads\/2013\/09\/DESIGN-TOUR-2013.jpg?fit=650%2C419&ssl=1",650,419,true],"2048x2048":["https:\/\/i0.wp.com\/www.joyana.fr\/wp-content\/uploads\/2013\/09\/DESIGN-TOUR-2013.jpg?fit=650%2C419&ssl=1",650,419,true],"featured-thumb":["https:\/\/i0.wp.com\/www.joyana.fr\/wp-content\/uploads\/2013\/09\/DESIGN-TOUR-2013.jpg?resize=650%2C419&ssl=1",650,419,true],"ab-block-post-grid-landscape":["https:\/\/i0.wp.com\/www.joyana.fr\/wp-content\/uploads\/2013\/09\/DESIGN-TOUR-2013.jpg?resize=600%2C400&ssl=1",600,400,true],"ab-block-post-grid-square":["https:\/\/i0.wp.com\/www.joyana.fr\/wp-content\/uploads\/2013\/09\/DESIGN-TOUR-2013.jpg?resize=600%2C419&ssl=1",600,419,true],"author-pro-image":["https:\/\/i0.wp.com\/www.joyana.fr\/wp-content\/uploads\/2013\/09\/DESIGN-TOUR-2013.jpg?resize=360%2C419&ssl=1",360,419,true],"slider":["https:\/\/i0.wp.com\/www.joyana.fr\/wp-content\/uploads\/2013\/09\/DESIGN-TOUR-2013.jpg?resize=650%2C400&ssl=1",650,400,true],"woocommerce_thumbnail":["https:\/\/i0.wp.com\/www.joyana.fr\/wp-content\/uploads\/2013\/09\/DESIGN-TOUR-2013.jpg?resize=450%2C419&ssl=1",450,419,true],"woocommerce_single":["https:\/\/i0.wp.com\/www.joyana.fr\/wp-content\/uploads\/2013\/09\/DESIGN-TOUR-2013.jpg?fit=650%2C419&ssl=1",650,419,true],"woocommerce_gallery_thumbnail":["https:\/\/i0.wp.com\/www.joyana.fr\/wp-content\/uploads\/2013\/09\/DESIGN-TOUR-2013.jpg?resize=180%2C180&ssl=1",180,180,true],"sow-carousel-default":["https:\/\/i0.wp.com\/www.joyana.fr\/wp-content\/uploads\/2013\/09\/DESIGN-TOUR-2013.jpg?resize=272%2C182&ssl=1",272,182,true]},"uagb_author_info":{"display_name":"Jo Yana","author_link":"https:\/\/www.joyana.fr\/ja\/author\/joyana\/"},"uagb_comment_info":10,"uagb_excerpt":"Nous sortons de la conf\u00e9rence de presse du DESIGN TOUR &hellip;","coauthors":[],"tax_additional":{"categories":{"linked":["<a href=\"https:\/\/www.joyana.fr\/ja\/category\/deco-design\/\" class=\"advgb-post-tax-term\">DECO-DESIGN<\/a>","<a href=\"https:\/\/www.joyana.fr\/ja\/category\/deco-design\/actualite\/salon\/design-tour\/\" class=\"advgb-post-tax-term\">DESIGN TOUR<\/a>","<a href=\"https:\/\/www.joyana.fr\/ja\/category\/deco-design\/actualite\/marseille-provence-2013\/\" class=\"advgb-post-tax-term\">Marseille-Provence 2013<\/a>","<a href=\"https:\/\/www.joyana.fr\/ja\/category\/deco-design\/actualite\/salon\/med-design-days\/\" class=\"advgb-post-tax-term\">Med Design Days<\/a>"],"unlinked":["<span class=\"advgb-post-tax-term\">DECO-DESIGN<\/span>","<span class=\"advgb-post-tax-term\">DESIGN TOUR<\/span>","<span class=\"advgb-post-tax-term\">Marseille-Provence 2013<\/span>","<span class=\"advgb-post-tax-term\">Med Design Days<\/span>"]},"tags":{"linked":["<a href=\"https:\/\/www.joyana.fr\/ja\/category\/deco-design\/actualite\/salon\/med-design-days\/\" class=\"advgb-post-tax-term\">DESIGN TOUR 2013<\/a>","<a href=\"https:\/\/www.joyana.fr\/ja\/category\/deco-design\/actualite\/salon\/med-design-days\/\" class=\"advgb-post-tax-term\">Ev\u00e8nement<\/a>","<a href=\"https:\/\/www.joyana.fr\/ja\/category\/deco-design\/actualite\/salon\/med-design-days\/\" class=\"advgb-post-tax-term\">Marseille<\/a>","<a href=\"https:\/\/www.joyana.fr\/ja\/category\/deco-design\/actualite\/salon\/med-design-days\/\" class=\"advgb-post-tax-term\">Med Design Days 2013<\/a>"],"unlinked":["<span class=\"advgb-post-tax-term\">DESIGN TOUR 2013<\/span>","<span class=\"advgb-post-tax-term\">Ev\u00e8nement<\/span>","<span class=\"advgb-post-tax-term\">Marseille<\/span>","<span class=\"advgb-post-tax-term\">Med Design Days 2013<\/span>"]}},"comment_count":10,"relative_dates":{"created":"Posted 12\u5e74 ago","modified":"Updated 12\u5e74 ago"},"absolute_dates":{"created":"Posted on 21 11\u6708 2013","modified":"Updated on 21 11\u6708 2013"},"absolute_dates_time":{"created":"Posted on 21 11\u6708 2013 6:34","modified":"Updated on 21 11\u6708 2013 6:34"},"featured_img_caption":"","series_order":"","jetpack_sharing_enabled":true,"jetpack_shortlink":"https:\/\/wp.me\/p9bteI-tM2","jetpack-related-posts":[],"_links":{"self":[{"href":"https:\/\/www.joyana.fr\/ja\/wp-json\/wp\/v2\/posts\/114454","targetHints":{"allow":["GET"]}}],"collection":[{"href":"https:\/\/www.joyana.fr\/ja\/wp-json\/wp\/v2\/posts"}],"about":[{"href":"https:\/\/www.joyana.fr\/ja\/wp-json\/wp\/v2\/types\/post"}],"author":[{"embeddable":true,"href":"https:\/\/www.joyana.fr\/ja\/wp-json\/wp\/v2\/users\/3"}],"replies":[{"embeddable":true,"href":"https:\/\/www.joyana.fr\/ja\/wp-json\/wp\/v2\/comments?post=114454"}],"version-history":[{"count":0,"href":"https:\/\/www.joyana.fr\/ja\/wp-json\/wp\/v2\/posts\/114454\/revisions"}],"wp:featuredmedia":[{"embeddable":true,"href":"https:\/\/www.joyana.fr\/ja\/wp-json\/wp\/v2\/media\/114455"}],"wp:attachment":[{"href":"https:\/\/www.joyana.fr\/ja\/wp-json\/wp\/v2\/media?parent=114454"}],"wp:term":[{"taxonomy":"category","embeddable":true,"href":"https:\/\/www.joyana.fr\/ja\/wp-json\/wp\/v2\/categories?post=114454"},{"taxonomy":"post_tag","embeddable":true,"href":"https:\/\/www.joyana.fr\/ja\/wp-json\/wp\/v2\/tags?post=114454"}],"curies":[{"name":"wp","href":"https:\/\/api.w.org\/{rel}","templated":true}]}}