{"id":114392,"date":"2013-09-17T14:07:22","date_gmt":"2013-09-17T13:07:22","guid":{"rendered":"https:\/\/joyana.fr\/?p=14392"},"modified":"2013-09-17T14:07:22","modified_gmt":"2013-09-17T13:07:22","slug":"commerce-design-marseille-2013-les-10-laureats","status":"publish","type":"post","link":"https:\/\/www.joyana.fr\/ja\/commerce-design-marseille-2013-les-10-laureats\/114392\/","title":{"rendered":"COMMERCE DESIGN MARSEILLE 2013 &#8211; Les 10 Laur\u00e9ats !"},"content":{"rendered":"<p>Hier soir<strong> Deco-Design<\/strong> \u00e9tait convi\u00e9 \u00e0 la soir\u00e9e\u00a0<strong>Commerce Design Marseille 2013<\/strong>, o\u00f9 <strong>10 laur\u00e9ats<\/strong> ont re\u00e7u un prix pour l&#8217;originalit\u00e9, la d\u00e9coration, l&#8217;architecture de leur lieu ! Restaurant, h\u00f4tel, boutique, maintenant c&#8217;est au public de votez pour \u00e9lire le grand gagnant de cette 6\u00e8me Edition&#8230;<\/p>\n<p><img data-recalc-dims=\"1\" fetchpriority=\"high\" decoding=\"async\" alt=\"commerce-design-marseille-2013\" src=\"https:\/\/i0.wp.com\/joyana.fr\/wp-content\/uploads\/2013\/09\/commerce-design-marseille-20131-576x345.jpg?resize=576%2C345&#038;ssl=1\" width=\"576\" height=\"345\" \/><\/p>\n<p><span style=\"color: #000000;\">.<\/span><\/p>\n<h3 style=\"text-align: center;\">1 &#8211; AOC &#8211; PR\u00caT-\u00c0-PORTER<\/h3>\n<p>L\u2019acronyme en n\u00e9ons qui vous interpelle depuis la rue n\u2019est pas innocent. \u00ab Art, Objets, clothes \u00bb est un clin d\u2019\u0153il \u00e9vident au label de qualit\u00e9&#8230;<\/p>\n<p><img data-recalc-dims=\"1\" decoding=\"async\" alt=\"COMMERCE-DESIGN-MARSEILLE-aoc-04\" src=\"https:\/\/i0.wp.com\/joyana.fr\/wp-content\/uploads\/2013\/09\/COMMERCE-DESIGN-MARSEILLE-aoc-04-576x383.jpg?resize=576%2C383&#038;ssl=1\" width=\"576\" height=\"383\" \/><\/p>\n<p><img data-recalc-dims=\"1\" decoding=\"async\" alt=\"COMMERCE-DESIGN-MARSEILLE-aoc-01\" src=\"https:\/\/i0.wp.com\/joyana.fr\/wp-content\/uploads\/2013\/09\/COMMERCE-DESIGN-MARSEILLE-aoc-01-576x383.jpg?resize=576%2C383&#038;ssl=1\" width=\"576\" height=\"383\" \/><\/p>\n<p><span style=\"color: #000000;\">.<\/span><\/p>\n<h3 style=\"text-align: center;\">2 OUI MUM\u2019S &#8211; CONCEPT STORE FEMME ENCEINTE &#038; ENFANT<\/h3>\n<p>En ouvrant cette adresse, Marion Guez avait la ferme intention de proposer un lieu o\u00f9 les femmes enceintes et les jeunes mamans continuent d\u2019\u00eatre actives et f\u00e9minines&#8230;<\/p>\n<p><img data-recalc-dims=\"1\" loading=\"lazy\" decoding=\"async\" class=\"alignnone size-large wp-image-14395\" alt=\"COMMERCE-DESIGN-MARSEILLE-oui-mum-s-04\" src=\"https:\/\/i0.wp.com\/joyana.fr\/wp-content\/uploads\/2013\/09\/COMMERCE-DESIGN-MARSEILLE-oui-mum-s-04-576x383.jpg?resize=576%2C383&#038;ssl=1\" width=\"576\" height=\"383\" \/><\/p>\n<p><img data-recalc-dims=\"1\" loading=\"lazy\" decoding=\"async\" class=\"alignnone size-large wp-image-14397\" alt=\"COMMERCE-DESIGN-MARSEILLE-oui-mum-s-03\" src=\"https:\/\/i0.wp.com\/joyana.fr\/wp-content\/uploads\/2013\/09\/COMMERCE-DESIGN-MARSEILLE-oui-mum-s-031-576x383.jpg?resize=576%2C383&#038;ssl=1\" width=\"576\" height=\"383\" \/><\/p>\n<p><span style=\"color: #000000;\">.<\/span><\/p>\n<h3 style=\"text-align: center;\">3 H\u00d4TEL 96 &#8211; H\u00d4TEL<\/h3>\n<p>C\u2019est une histoire de famille que ce petit h\u00f4tel raconte aux visiteurs&#8230;<\/p>\n<p><img data-recalc-dims=\"1\" loading=\"lazy\" decoding=\"async\" class=\"alignnone size-large wp-image-14404\" alt=\"COMMERCE-DESIGN-MARSEILLE-hotel-96-04\" src=\"https:\/\/i0.wp.com\/joyana.fr\/wp-content\/uploads\/2013\/09\/COMMERCE-DESIGN-MARSEILLE-hotel-96-04-576x389.jpg?resize=576%2C389&#038;ssl=1\" width=\"576\" height=\"389\" \/><\/p>\n<p><img data-recalc-dims=\"1\" loading=\"lazy\" decoding=\"async\" class=\"alignnone size-large wp-image-14405\" alt=\"COMMERCE-DESIGN-MARSEILLE-hotel-96-02\" src=\"https:\/\/i0.wp.com\/joyana.fr\/wp-content\/uploads\/2013\/09\/COMMERCE-DESIGN-MARSEILLE-hotel-96-02-576x383.jpg?resize=576%2C383&#038;ssl=1\" width=\"576\" height=\"383\" \/><\/p>\n<p><span style=\"color: #000000;\">.<\/span><\/p>\n<h3 style=\"text-align: center;\">4 HORLOGE DU CAP EST &#8211; RESTAURANT<\/h3>\n<p>A l\u2019est du nouveau ! Ce restaurant sonne le renouveau du quartier de la Capelette et chamboule les codes de la brasserie traditionnelle sans rien renier des fondamentaux : la qualit\u00e9 des produits, la cuisine maison et un service impeccable&#8230;<\/p>\n<p><img data-recalc-dims=\"1\" loading=\"lazy\" decoding=\"async\" class=\"alignnone size-large wp-image-14407\" alt=\"COMMERCE-DESIGN-MARSEILLE-horloge-cap-Est-04\" src=\"https:\/\/i0.wp.com\/joyana.fr\/wp-content\/uploads\/2013\/09\/COMMERCE-DESIGN-MARSEILLE-horloge-cap-Est-041-576x430.jpg?resize=576%2C430&#038;ssl=1\" width=\"576\" height=\"430\" \/><\/p>\n<p><img data-recalc-dims=\"1\" loading=\"lazy\" decoding=\"async\" class=\"alignnone size-large wp-image-14408\" alt=\"COMMERCE-DESIGN-MARSEILLE-horloge-cap-Est-01\" src=\"https:\/\/i0.wp.com\/joyana.fr\/wp-content\/uploads\/2013\/09\/COMMERCE-DESIGN-MARSEILLE-horloge-cap-Est-01-576x430.jpg?resize=576%2C430&#038;ssl=1\" width=\"576\" height=\"430\" \/><\/p>\n<p><span style=\"color: #000000;\">.<\/span><\/p>\n<h3 style=\"text-align: center;\">5 LA TABLE 5 &#8211; RESTAURANT<\/h3>\n<p>En gastronomie, on trouve tr\u00e8s souvent des duos dans les assiettes mais rarement en cuisine. C\u2019est pourtant deux jeunes chefs d\u2019\u00e0 peine trente ans qui se sont rencontr\u00e9s sur les bancs de l\u2019\u00e9cole qui pr\u00e9sident aux destin\u00e9es de cette tr\u00e8s belle table&#8230;<\/p>\n<p><img data-recalc-dims=\"1\" loading=\"lazy\" decoding=\"async\" class=\"alignnone size-large wp-image-14400\" alt=\"COMMERCE-DESIGN-MARSEILLE-la-table-5-04\" src=\"https:\/\/i0.wp.com\/joyana.fr\/wp-content\/uploads\/2013\/09\/COMMERCE-DESIGN-MARSEILLE-la-table-5-04-576x383.jpg?resize=576%2C383&#038;ssl=1\" width=\"576\" height=\"383\" \/><\/p>\n<p><img data-recalc-dims=\"1\" loading=\"lazy\" decoding=\"async\" class=\"alignnone size-large wp-image-14401\" alt=\"COMMERCE-DESIGN-MARSEILLE-la-table-5-03\" src=\"https:\/\/i0.wp.com\/joyana.fr\/wp-content\/uploads\/2013\/09\/COMMERCE-DESIGN-MARSEILLE-la-table-5-03-576x404.jpg?resize=576%2C404&#038;ssl=1\" width=\"576\" height=\"404\" \/><\/p>\n<p><span style=\"color: #000000;\">.<\/span><\/p>\n<h3 style=\"text-align: center;\">6 MAISON EMPEREUR &#8211; QUINCAILLERIE<\/h3>\n<p>Un peigne \u00e0 moustache ou porte chaussette pour les dandys, un fauteuil en rotin pour se la jouer Emmanuelle, une collection d\u2019enclume pour les as du marteau ? &#8230;<\/p>\n<p><img data-recalc-dims=\"1\" loading=\"lazy\" decoding=\"async\" class=\"alignnone size-large wp-image-14398\" alt=\"COMMERCE-DESIGN-MARSEILLE-Maison-Empereur-03\" src=\"https:\/\/i0.wp.com\/joyana.fr\/wp-content\/uploads\/2013\/09\/COMMERCE-DESIGN-MARSEILLE-Maison-Empereur-03-576x383.jpg?resize=576%2C383&#038;ssl=1\" width=\"576\" height=\"383\" \/><\/p>\n<p><img data-recalc-dims=\"1\" loading=\"lazy\" decoding=\"async\" class=\"alignnone size-large wp-image-14399\" alt=\"COMMERCE-DESIGN-MARSEILLE-Maison-Empereur-02\" src=\"https:\/\/i0.wp.com\/joyana.fr\/wp-content\/uploads\/2013\/09\/COMMERCE-DESIGN-MARSEILLE-Maison-Empereur-02-576x383.jpg?resize=576%2C383&#038;ssl=1\" width=\"576\" height=\"383\" \/><\/p>\n<p><span style=\"color: #000000;\">.<\/span><\/p>\n<h3 style=\"text-align: center;\">7 IRO &#8211; PR\u00caT-\u00c0-PORTER<\/h3>\n<p>En une d\u00e9cennie seulement, la jeune marque fran\u00e7aise lanc\u00e9e par les deux fr\u00e8res Bitton a su se cr\u00e9er une place dans un univers de la mode que l\u2019on pensait satur\u00e9&#8230;<\/p>\n<p><img data-recalc-dims=\"1\" loading=\"lazy\" decoding=\"async\" class=\"alignnone size-large wp-image-14402\" alt=\"COMMERCE-DESIGN-MARSEILLE-iro-05\" src=\"https:\/\/i0.wp.com\/joyana.fr\/wp-content\/uploads\/2013\/09\/COMMERCE-DESIGN-MARSEILLE-iro-05-576x383.jpg?resize=576%2C383&#038;ssl=1\" width=\"576\" height=\"383\" \/><\/p>\n<p><img data-recalc-dims=\"1\" loading=\"lazy\" decoding=\"async\" class=\"alignnone size-large wp-image-14403\" alt=\"COMMERCE-DESIGN-MARSEILLE-iro-01\" src=\"https:\/\/i0.wp.com\/joyana.fr\/wp-content\/uploads\/2013\/09\/COMMERCE-DESIGN-MARSEILLE-iro-01-576x383.jpg?resize=576%2C383&#038;ssl=1\" width=\"576\" height=\"383\" \/><\/p>\n<p><span style=\"color: #000000;\">.<\/span><\/p>\n<h3 style=\"text-align: center;\">8 CUT AND MIX &#8211; SALON DE COIFFURE \/ CONCEPT STORE<\/h3>\n<p>Avec peu de moyens mais beaucoup d\u2019id\u00e9es, des architectes ont imagin\u00e9 pour un jeune couple un lieu hybride o\u00f9 ils ont pu marier leurs centres d\u2019int\u00e9r\u00eats \u00e0 leurs activit\u00e9s professionnelles&#8230;<\/p>\n<p><img data-recalc-dims=\"1\" loading=\"lazy\" decoding=\"async\" class=\"alignnone size-large wp-image-14409\" alt=\"COMMERCE-DESIGN-MARSEILLE-cut-and-mix-03\" src=\"https:\/\/i0.wp.com\/joyana.fr\/wp-content\/uploads\/2013\/09\/COMMERCE-DESIGN-MARSEILLE-cut-and-mix-03-576x323.jpg?resize=576%2C323&#038;ssl=1\" width=\"576\" height=\"323\" \/><\/p>\n<p><img data-recalc-dims=\"1\" loading=\"lazy\" decoding=\"async\" class=\"alignnone size-large wp-image-14410\" alt=\"COMMERCE-DESIGN-MARSEILLE-cut-and-mix-01\" src=\"https:\/\/i0.wp.com\/joyana.fr\/wp-content\/uploads\/2013\/09\/COMMERCE-DESIGN-MARSEILLE-cut-and-mix-01-576x323.jpg?resize=576%2C323&#038;ssl=1\" width=\"576\" height=\"323\" \/><\/p>\n<p><span style=\"color: #000000;\">.<\/span><\/p>\n<h3 style=\"text-align: center;\">9 WATT &#8211; LUMINAIRE<\/h3>\n<p>En r\u00e9novant un vaste local en rez-de-chauss\u00e9e d\u2019un immeuble bourgeois, un collectif de trois designers de luminaires souhaitait offrir plus de visibilit\u00e9 \u00e0 leurs cr\u00e9ations&#8230;<\/p>\n<p><img data-recalc-dims=\"1\" loading=\"lazy\" decoding=\"async\" class=\"alignnone size-large wp-image-14393\" alt=\"COMMERCE-DESIGN-MARSEILLE-Watt-02\" src=\"https:\/\/i0.wp.com\/joyana.fr\/wp-content\/uploads\/2013\/09\/COMMERCE-DESIGN-MARSEILLE-Watt-02-576x383.jpg?resize=576%2C383&#038;ssl=1\" width=\"576\" height=\"383\" \/><\/p>\n<p><img data-recalc-dims=\"1\" loading=\"lazy\" decoding=\"async\" class=\"alignnone size-large wp-image-14394\" alt=\"COMMERCE-DESIGN-MARSEILLE-Watt-01\" src=\"https:\/\/i0.wp.com\/joyana.fr\/wp-content\/uploads\/2013\/09\/COMMERCE-DESIGN-MARSEILLE-Watt-01-576x383.jpg?resize=576%2C383&#038;ssl=1\" width=\"576\" height=\"383\" \/><\/p>\n<p><span style=\"color: #000000;\">.<\/span><\/p>\n<h3 style=\"text-align: center;\">10 CAF\u00c9 DE LA BANQUE &#8211; BRASSERIE<\/h3>\n<p>Si le Caf\u00e9 de la Banque demeure aussi populaire dans le paysage marseillais, ce n\u2019est pas un hasard&#8230;<\/p>\n<p><img data-recalc-dims=\"1\" loading=\"lazy\" decoding=\"async\" class=\"alignnone size-large wp-image-14411\" alt=\"COMMERCE-DESIGN-MARSEILLE-cafe-de-la-banque-04\" src=\"https:\/\/i0.wp.com\/joyana.fr\/wp-content\/uploads\/2013\/09\/COMMERCE-DESIGN-MARSEILLE-cafe-de-la-banque-04-576x383.jpg?resize=576%2C383&#038;ssl=1\" width=\"576\" height=\"383\" \/><\/p>\n<p><img data-recalc-dims=\"1\" loading=\"lazy\" decoding=\"async\" class=\"alignnone size-large wp-image-14412\" alt=\"COMMERCE-DESIGN-MARSEILLE-cafe-de-la-banque-01\" src=\"https:\/\/i0.wp.com\/joyana.fr\/wp-content\/uploads\/2013\/09\/COMMERCE-DESIGN-MARSEILLE-cafe-de-la-banque-01-576x383.jpg?resize=576%2C383&#038;ssl=1\" width=\"576\" height=\"383\" \/><\/p>\n<p><span style=\"color: #000000;\">.<\/span><\/p>\n<p>Vous avez jusqu&#8217;au 17 Novembre 2013 pour voter pour votre coup de coeur <strong>Commerce Design Marseille<\/strong>. De plus en votant vous participez \u00e0 un tirage au sort pour gagner un vol Air France Aller-retour pour 2 personnes (destination au choix au d\u00e9part direct de Marseille), et une nuit en suite Junior \u00e0 l&#8217;InterContinental Marseille h\u00f4tel Dieu (petit-d\u00e9jeuner, d\u00eener \u00e0 la brasserie &#8220;Les Fen\u00eatres&#8221; deux soins au Spa by Clarins. Valeur de 2460 euros)&#8230;<\/p>\n<h2 style=\"text-align: center;\"><a href=\"http:\/\/www.commercedesignmarseille.ccimp.com\" target=\"_blank\">Allez VOTEZ !<\/a><\/h2>\n","protected":false},"excerpt":{"rendered":"<p>Hier soir Deco-Design \u00e9tait convi\u00e9 \u00e0 la soir\u00e9e\u00a0Commerce Design Marseille 2013, o\u00f9 10 laur\u00e9ats ont re\u00e7u un prix [&hellip;]<\/p>\n","protected":false},"author":3,"featured_media":114417,"comment_status":"open","ping_status":"open","sticky":false,"template":"","format":"standard","meta":{"_coblocks_attr":"","_coblocks_dimensions":"","_coblocks_responsive_height":"","_coblocks_accordion_ie_support":"","_uag_custom_page_level_css":"","advgb_blocks_editor_width":"","advgb_blocks_columns_visual_guide":"","_genesis_hide_title":false,"_genesis_hide_breadcrumbs":false,"_genesis_hide_singular_image":false,"_genesis_hide_footer_widgets":false,"_genesis_custom_body_class":"","_genesis_custom_post_class":"","_genesis_layout":"","_themeisle_gutenberg_block_has_review":false,"_jetpack_newsletter_access":"","_jetpack_dont_email_post_to_subs":false,"_jetpack_newsletter_tier_id":0,"_jetpack_memberships_contains_paywalled_content":false,"_jetpack_memberships_contains_paid_content":false,"footnotes":""},"categories":[71,1018,905,1032,1039,980,1407,1069],"tags":[501,1285,1508,1258,31,1399],"class_list":{"0":"post-114392","1":"post","2":"type-post","3":"status-publish","4":"format-standard","5":"has-post-thumbnail","7":"category-architecture","8":"category-boutique","9":"category-deco-design","10":"category-design-award","11":"category-france","12":"category-hotel","13":"category-marseille-provence-2013","14":"category-restaurant","15":"tag-architecture-2","16":"tag-boutique-design","17":"tag-commerce-design-marseille","18":"tag-hotel-design","19":"tag-marseille","20":"tag-restaurant-design","21":"entry"},"featured_image_urls":{"full":["https:\/\/i0.wp.com\/www.joyana.fr\/wp-content\/uploads\/2013\/09\/commerce-design-marseille-20131.jpg?fit=650%2C390&ssl=1",650,390,false],"thumbnail":["https:\/\/i0.wp.com\/www.joyana.fr\/wp-content\/uploads\/2013\/09\/commerce-design-marseille-20131.jpg?resize=150%2C150&ssl=1",150,150,true],"medium":["https:\/\/i0.wp.com\/www.joyana.fr\/wp-content\/uploads\/2013\/09\/commerce-design-marseille-20131.jpg?fit=389%2C233&ssl=1",389,233,true],"medium_large":["https:\/\/i0.wp.com\/www.joyana.fr\/wp-content\/uploads\/2013\/09\/commerce-design-marseille-20131.jpg?fit=650%2C390&ssl=1",650,390,true],"large":["https:\/\/i0.wp.com\/www.joyana.fr\/wp-content\/uploads\/2013\/09\/commerce-design-marseille-20131.jpg?fit=650%2C390&ssl=1",650,390,true],"1536x1536":["https:\/\/i0.wp.com\/www.joyana.fr\/wp-content\/uploads\/2013\/09\/commerce-design-marseille-20131.jpg?fit=650%2C390&ssl=1",650,390,true],"2048x2048":["https:\/\/i0.wp.com\/www.joyana.fr\/wp-content\/uploads\/2013\/09\/commerce-design-marseille-20131.jpg?fit=650%2C390&ssl=1",650,390,true],"featured-thumb":["https:\/\/i0.wp.com\/www.joyana.fr\/wp-content\/uploads\/2013\/09\/commerce-design-marseille-20131.jpg?resize=650%2C390&ssl=1",650,390,true],"ab-block-post-grid-landscape":["https:\/\/i0.wp.com\/www.joyana.fr\/wp-content\/uploads\/2013\/09\/commerce-design-marseille-20131.jpg?resize=600%2C390&ssl=1",600,390,true],"ab-block-post-grid-square":["https:\/\/i0.wp.com\/www.joyana.fr\/wp-content\/uploads\/2013\/09\/commerce-design-marseille-20131.jpg?resize=600%2C390&ssl=1",600,390,true],"author-pro-image":["https:\/\/i0.wp.com\/www.joyana.fr\/wp-content\/uploads\/2013\/09\/commerce-design-marseille-20131.jpg?resize=360%2C390&ssl=1",360,390,true],"slider":["https:\/\/i0.wp.com\/www.joyana.fr\/wp-content\/uploads\/2013\/09\/commerce-design-marseille-20131.jpg?resize=650%2C390&ssl=1",650,390,true],"woocommerce_thumbnail":["https:\/\/i0.wp.com\/www.joyana.fr\/wp-content\/uploads\/2013\/09\/commerce-design-marseille-20131.jpg?resize=450%2C390&ssl=1",450,390,true],"woocommerce_single":["https:\/\/i0.wp.com\/www.joyana.fr\/wp-content\/uploads\/2013\/09\/commerce-design-marseille-20131.jpg?fit=650%2C390&ssl=1",650,390,true],"woocommerce_gallery_thumbnail":["https:\/\/i0.wp.com\/www.joyana.fr\/wp-content\/uploads\/2013\/09\/commerce-design-marseille-20131.jpg?resize=180%2C180&ssl=1",180,180,true],"sow-carousel-default":["https:\/\/i0.wp.com\/www.joyana.fr\/wp-content\/uploads\/2013\/09\/commerce-design-marseille-20131.jpg?resize=272%2C182&ssl=1",272,182,true]},"post_excerpt_stackable":"<p>Hier soir Deco-Design \u00e9tait convi\u00e9 \u00e0 la soir\u00e9e\u00a0Commerce Design Marseille 2013, o\u00f9 10 laur\u00e9ats ont re&hellip;<\/p>\n","category_list":"<a href=\"https:\/\/www.joyana.fr\/ja\/category\/portfolio\/architecture\/\" rel=\"category tag\">ARCHITECTURE<\/a>, <a href=\"https:\/\/www.joyana.fr\/ja\/category\/deco-design\/architecture-deco-design\/lieux-design\/boutique\/\" rel=\"category tag\">Boutique<\/a>, <a href=\"https:\/\/www.joyana.fr\/ja\/category\/deco-design\/\" rel=\"category tag\">DECO-DESIGN<\/a>, <a href=\"https:\/\/www.joyana.fr\/ja\/category\/deco-design\/actualite\/design-award\/\" rel=\"category tag\">Design Award<\/a>, <a href=\"https:\/\/www.joyana.fr\/ja\/category\/deco-design\/architecture-deco-design\/pays\/france\/\" rel=\"category tag\">France<\/a>, <a href=\"https:\/\/www.joyana.fr\/ja\/category\/deco-design\/architecture-deco-design\/lieux-design\/hotel\/\" rel=\"category tag\">H\u00f4tel<\/a>, <a href=\"https:\/\/www.joyana.fr\/ja\/category\/deco-design\/actualite\/marseille-provence-2013\/\" rel=\"category tag\">Marseille-Provence 2013<\/a>, <a href=\"https:\/\/www.joyana.fr\/ja\/category\/deco-design\/architecture-deco-design\/lieux-design\/restaurant\/\" rel=\"category tag\">Restaurant<\/a>","author_info":{"display_name":"Jo Yana","author_link":"https:\/\/www.joyana.fr\/ja\/author\/joyana\/"},"comments_num":"2 comments","featured_image_urls_v2":{"full":["https:\/\/i0.wp.com\/www.joyana.fr\/wp-content\/uploads\/2013\/09\/commerce-design-marseille-20131.jpg?fit=650%2C390&ssl=1",650,390,false],"thumbnail":["https:\/\/i0.wp.com\/www.joyana.fr\/wp-content\/uploads\/2013\/09\/commerce-design-marseille-20131.jpg?resize=150%2C150&ssl=1",150,150,true],"medium":["https:\/\/i0.wp.com\/www.joyana.fr\/wp-content\/uploads\/2013\/09\/commerce-design-marseille-20131.jpg?fit=389%2C233&ssl=1",389,233,true],"medium_large":["https:\/\/i0.wp.com\/www.joyana.fr\/wp-content\/uploads\/2013\/09\/commerce-design-marseille-20131.jpg?fit=650%2C390&ssl=1",650,390,true],"large":["https:\/\/i0.wp.com\/www.joyana.fr\/wp-content\/uploads\/2013\/09\/commerce-design-marseille-20131.jpg?fit=650%2C390&ssl=1",650,390,true],"1536x1536":["https:\/\/i0.wp.com\/www.joyana.fr\/wp-content\/uploads\/2013\/09\/commerce-design-marseille-20131.jpg?fit=650%2C390&ssl=1",650,390,true],"2048x2048":["https:\/\/i0.wp.com\/www.joyana.fr\/wp-content\/uploads\/2013\/09\/commerce-design-marseille-20131.jpg?fit=650%2C390&ssl=1",650,390,true],"featured-thumb":["https:\/\/i0.wp.com\/www.joyana.fr\/wp-content\/uploads\/2013\/09\/commerce-design-marseille-20131.jpg?resize=650%2C390&ssl=1",650,390,true],"ab-block-post-grid-landscape":["https:\/\/i0.wp.com\/www.joyana.fr\/wp-content\/uploads\/2013\/09\/commerce-design-marseille-20131.jpg?resize=600%2C390&ssl=1",600,390,true],"ab-block-post-grid-square":["https:\/\/i0.wp.com\/www.joyana.fr\/wp-content\/uploads\/2013\/09\/commerce-design-marseille-20131.jpg?resize=600%2C390&ssl=1",600,390,true],"author-pro-image":["https:\/\/i0.wp.com\/www.joyana.fr\/wp-content\/uploads\/2013\/09\/commerce-design-marseille-20131.jpg?resize=360%2C390&ssl=1",360,390,true],"slider":["https:\/\/i0.wp.com\/www.joyana.fr\/wp-content\/uploads\/2013\/09\/commerce-design-marseille-20131.jpg?resize=650%2C390&ssl=1",650,390,true],"woocommerce_thumbnail":["https:\/\/i0.wp.com\/www.joyana.fr\/wp-content\/uploads\/2013\/09\/commerce-design-marseille-20131.jpg?resize=450%2C390&ssl=1",450,390,true],"woocommerce_single":["https:\/\/i0.wp.com\/www.joyana.fr\/wp-content\/uploads\/2013\/09\/commerce-design-marseille-20131.jpg?fit=650%2C390&ssl=1",650,390,true],"woocommerce_gallery_thumbnail":["https:\/\/i0.wp.com\/www.joyana.fr\/wp-content\/uploads\/2013\/09\/commerce-design-marseille-20131.jpg?resize=180%2C180&ssl=1",180,180,true],"sow-carousel-default":["https:\/\/i0.wp.com\/www.joyana.fr\/wp-content\/uploads\/2013\/09\/commerce-design-marseille-20131.jpg?resize=272%2C182&ssl=1",272,182,true]},"post_excerpt_stackable_v2":"<p>Hier soir Deco-Design \u00e9tait convi\u00e9 \u00e0 la soir\u00e9e\u00a0Commerce Design Marseille 2013, o\u00f9 10 laur\u00e9ats ont re&hellip;<\/p>\n","category_list_v2":"<a href=\"https:\/\/www.joyana.fr\/ja\/category\/portfolio\/architecture\/\" rel=\"category tag\">ARCHITECTURE<\/a>, <a href=\"https:\/\/www.joyana.fr\/ja\/category\/deco-design\/architecture-deco-design\/lieux-design\/boutique\/\" rel=\"category tag\">Boutique<\/a>, <a href=\"https:\/\/www.joyana.fr\/ja\/category\/deco-design\/\" rel=\"category tag\">DECO-DESIGN<\/a>, <a href=\"https:\/\/www.joyana.fr\/ja\/category\/deco-design\/actualite\/design-award\/\" rel=\"category tag\">Design Award<\/a>, <a href=\"https:\/\/www.joyana.fr\/ja\/category\/deco-design\/architecture-deco-design\/pays\/france\/\" rel=\"category tag\">France<\/a>, <a href=\"https:\/\/www.joyana.fr\/ja\/category\/deco-design\/architecture-deco-design\/lieux-design\/hotel\/\" rel=\"category tag\">H\u00f4tel<\/a>, <a href=\"https:\/\/www.joyana.fr\/ja\/category\/deco-design\/actualite\/marseille-provence-2013\/\" rel=\"category tag\">Marseille-Provence 2013<\/a>, <a href=\"https:\/\/www.joyana.fr\/ja\/category\/deco-design\/architecture-deco-design\/lieux-design\/restaurant\/\" rel=\"category tag\">Restaurant<\/a>","author_info_v2":{"name":"Jo Yana","url":"https:\/\/www.joyana.fr\/ja\/author\/joyana\/"},"comments_num_v2":"2 comments","yoast_head":"<!-- This site is optimized with the Yoast SEO plugin v26.8 - https:\/\/yoast.com\/product\/yoast-seo-wordpress\/ -->\n<title>COMMERCE DESIGN MARSEILLE 2013 - Les 10 Laur\u00e9ats ! - JO YANA<\/title>\n<meta name=\"robots\" content=\"index, follow, max-snippet:-1, max-image-preview:large, max-video-preview:-1\" \/>\n<link rel=\"canonical\" href=\"https:\/\/www.joyana.fr\/ja\/commerce-design-marseille-2013-les-10-laureats\/114392\/\" \/>\n<meta property=\"og:locale\" content=\"ja_JP\" \/>\n<meta property=\"og:locale:alternate\" content=\"fr_FR\" \/>\n<meta property=\"og:locale:alternate\" content=\"en_US\" \/>\n<meta property=\"og:type\" content=\"article\" \/>\n<meta property=\"og:title\" content=\"COMMERCE DESIGN MARSEILLE 2013 - Les 10 Laur\u00e9ats ! - JO YANA\" \/>\n<meta property=\"og:description\" content=\"Hier soir Deco-Design \u00e9tait convi\u00e9 \u00e0 la soir\u00e9e\u00a0Commerce Design Marseille 2013, o\u00f9 10 laur\u00e9ats ont re\u00e7u un prix [&hellip;]\" \/>\n<meta property=\"og:url\" content=\"https:\/\/www.joyana.fr\/ja\/commerce-design-marseille-2013-les-10-laureats\/114392\/\" \/>\n<meta property=\"og:site_name\" content=\"JO YANA\" \/>\n<meta property=\"article:published_time\" content=\"2013-09-17T13:07:22+00:00\" \/>\n<meta property=\"og:image\" content=\"https:\/\/www.joyana.fr\/wp-content\/uploads\/2013\/09\/commerce-design-marseille-20131.jpg\" \/>\n\t<meta property=\"og:image:width\" content=\"650\" \/>\n\t<meta property=\"og:image:height\" content=\"390\" \/>\n\t<meta property=\"og:image:type\" content=\"image\/jpeg\" \/>\n<meta name=\"author\" content=\"Jo Yana\" \/>\n<meta name=\"twitter:card\" content=\"summary_large_image\" \/>\n<meta name=\"twitter:creator\" content=\"@Jo_Yana\" \/>\n<meta name=\"twitter:site\" content=\"@Jo_Yana\" \/>\n<meta name=\"twitter:label1\" content=\"\u57f7\u7b46\u8005\" \/>\n\t<meta name=\"twitter:data1\" content=\"Jo Yana\" \/>\n\t<meta name=\"twitter:label2\" content=\"\u63a8\u5b9a\u8aad\u307f\u53d6\u308a\u6642\u9593\" \/>\n\t<meta name=\"twitter:data2\" content=\"2\u5206\" \/>\n<script type=\"application\/ld+json\" class=\"yoast-schema-graph\">{\"@context\":\"https:\/\/schema.org\",\"@graph\":[{\"@type\":\"Article\",\"@id\":\"https:\/\/www.joyana.fr\/ja\/commerce-design-marseille-2013-les-10-laureats\/114392\/#article\",\"isPartOf\":{\"@id\":\"https:\/\/www.joyana.fr\/ja\/commerce-design-marseille-2013-les-10-laureats\/114392\/\"},\"author\":{\"name\":\"Jo Yana\",\"@id\":\"https:\/\/joyana.fr\/#\/schema\/person\/cf2a1ad12a27c12c21801075bf37407c\"},\"headline\":\"COMMERCE DESIGN MARSEILLE 2013 &#8211; Les 10 Laur\u00e9ats !\",\"datePublished\":\"2013-09-17T13:07:22+00:00\",\"mainEntityOfPage\":{\"@id\":\"https:\/\/www.joyana.fr\/ja\/commerce-design-marseille-2013-les-10-laureats\/114392\/\"},\"wordCount\":493,\"commentCount\":1,\"publisher\":{\"@id\":\"https:\/\/joyana.fr\/#\/schema\/person\/cf2a1ad12a27c12c21801075bf37407c\"},\"image\":{\"@id\":\"https:\/\/www.joyana.fr\/ja\/commerce-design-marseille-2013-les-10-laureats\/114392\/#primaryimage\"},\"thumbnailUrl\":\"https:\/\/i0.wp.com\/www.joyana.fr\/wp-content\/uploads\/2013\/09\/commerce-design-marseille-20131.jpg?fit=650%2C390&ssl=1\",\"keywords\":[\"Architecture\",\"Boutique design\",\"Commerce Design Marseille\",\"H\u00f4tel design\",\"Marseille\",\"Restaurant design\"],\"articleSection\":[\"ARCHITECTURE\",\"Boutique\",\"DECO-DESIGN\",\"Design Award\",\"France\",\"H\u00f4tel\",\"Marseille-Provence 2013\",\"Restaurant\"],\"inLanguage\":\"ja\",\"potentialAction\":[{\"@type\":\"CommentAction\",\"name\":\"Comment\",\"target\":[\"https:\/\/www.joyana.fr\/ja\/commerce-design-marseille-2013-les-10-laureats\/114392\/#respond\"]}]},{\"@type\":\"WebPage\",\"@id\":\"https:\/\/www.joyana.fr\/ja\/commerce-design-marseille-2013-les-10-laureats\/114392\/\",\"url\":\"https:\/\/www.joyana.fr\/ja\/commerce-design-marseille-2013-les-10-laureats\/114392\/\",\"name\":\"COMMERCE DESIGN MARSEILLE 2013 - Les 10 Laur\u00e9ats ! - JO YANA\",\"isPartOf\":{\"@id\":\"https:\/\/joyana.fr\/#website\"},\"primaryImageOfPage\":{\"@id\":\"https:\/\/www.joyana.fr\/ja\/commerce-design-marseille-2013-les-10-laureats\/114392\/#primaryimage\"},\"image\":{\"@id\":\"https:\/\/www.joyana.fr\/ja\/commerce-design-marseille-2013-les-10-laureats\/114392\/#primaryimage\"},\"thumbnailUrl\":\"https:\/\/i0.wp.com\/www.joyana.fr\/wp-content\/uploads\/2013\/09\/commerce-design-marseille-20131.jpg?fit=650%2C390&ssl=1\",\"datePublished\":\"2013-09-17T13:07:22+00:00\",\"breadcrumb\":{\"@id\":\"https:\/\/www.joyana.fr\/ja\/commerce-design-marseille-2013-les-10-laureats\/114392\/#breadcrumb\"},\"inLanguage\":\"ja\",\"potentialAction\":[{\"@type\":\"ReadAction\",\"target\":[\"https:\/\/www.joyana.fr\/ja\/commerce-design-marseille-2013-les-10-laureats\/114392\/\"]}]},{\"@type\":\"ImageObject\",\"inLanguage\":\"ja\",\"@id\":\"https:\/\/www.joyana.fr\/ja\/commerce-design-marseille-2013-les-10-laureats\/114392\/#primaryimage\",\"url\":\"https:\/\/i0.wp.com\/www.joyana.fr\/wp-content\/uploads\/2013\/09\/commerce-design-marseille-20131.jpg?fit=650%2C390&ssl=1\",\"contentUrl\":\"https:\/\/i0.wp.com\/www.joyana.fr\/wp-content\/uploads\/2013\/09\/commerce-design-marseille-20131.jpg?fit=650%2C390&ssl=1\",\"width\":650,\"height\":390},{\"@type\":\"BreadcrumbList\",\"@id\":\"https:\/\/www.joyana.fr\/ja\/commerce-design-marseille-2013-les-10-laureats\/114392\/#breadcrumb\",\"itemListElement\":[{\"@type\":\"ListItem\",\"position\":1,\"name\":\"Accueil\",\"item\":\"https:\/\/joyana.fr\/\"},{\"@type\":\"ListItem\",\"position\":2,\"name\":\"COMMERCE DESIGN MARSEILLE 2013 &#8211; Les 10 Laur\u00e9ats !\"}]},{\"@type\":\"WebSite\",\"@id\":\"https:\/\/joyana.fr\/#website\",\"url\":\"https:\/\/joyana.fr\/\",\"name\":\"JO YANA\",\"description\":\"Blog Mode Homme, Lifestyle, D\u00e9co-Design\",\"publisher\":{\"@id\":\"https:\/\/joyana.fr\/#\/schema\/person\/cf2a1ad12a27c12c21801075bf37407c\"},\"potentialAction\":[{\"@type\":\"SearchAction\",\"target\":{\"@type\":\"EntryPoint\",\"urlTemplate\":\"https:\/\/joyana.fr\/?s={search_term_string}\"},\"query-input\":{\"@type\":\"PropertyValueSpecification\",\"valueRequired\":true,\"valueName\":\"search_term_string\"}}],\"inLanguage\":\"ja\"},{\"@type\":[\"Person\",\"Organization\"],\"@id\":\"https:\/\/joyana.fr\/#\/schema\/person\/cf2a1ad12a27c12c21801075bf37407c\",\"name\":\"Jo Yana\",\"image\":{\"@type\":\"ImageObject\",\"inLanguage\":\"ja\",\"@id\":\"https:\/\/joyana.fr\/#\/schema\/person\/image\/\",\"url\":\"https:\/\/i0.wp.com\/www.joyana.fr\/wp-content\/uploads\/2016\/08\/cropped-joyana-logo-black-360x180.png?fit=343%2C164&ssl=1\",\"contentUrl\":\"https:\/\/i0.wp.com\/www.joyana.fr\/wp-content\/uploads\/2016\/08\/cropped-joyana-logo-black-360x180.png?fit=343%2C164&ssl=1\",\"width\":343,\"height\":164,\"caption\":\"Jo Yana\"},\"logo\":{\"@id\":\"https:\/\/joyana.fr\/#\/schema\/person\/image\/\"},\"description\":\"Jo Yana est le cr\u00e9ateur et r\u00e9dacteur en chef des sites DECO-DESIGN. Passionn\u00e9 de Design, Mode, Photo, Luxe, Lifestyle, Musique, mais avant tout Blogueur ! Le plaisir de partager l'anime et a comme devise \\\"POUR L'AMOUR DU BEAU\\\". Retrouvez le aussi sur son blog personnel - https:\/\/joyana.fr...\",\"sameAs\":[\"https:\/\/joyana.fr\/\"],\"url\":\"https:\/\/www.joyana.fr\/ja\/author\/joyana\/\"}]}<\/script>\n<!-- \/ Yoast SEO plugin. -->","yoast_head_json":{"title":"COMMERCE DESIGN MARSEILLE 2013 - Les 10 Laur\u00e9ats ! - JO YANA","robots":{"index":"index","follow":"follow","max-snippet":"max-snippet:-1","max-image-preview":"max-image-preview:large","max-video-preview":"max-video-preview:-1"},"canonical":"https:\/\/www.joyana.fr\/ja\/commerce-design-marseille-2013-les-10-laureats\/114392\/","og_locale":"ja_JP","og_type":"article","og_title":"COMMERCE DESIGN MARSEILLE 2013 - Les 10 Laur\u00e9ats ! - JO YANA","og_description":"Hier soir Deco-Design \u00e9tait convi\u00e9 \u00e0 la soir\u00e9e\u00a0Commerce Design Marseille 2013, o\u00f9 10 laur\u00e9ats ont re\u00e7u un prix [&hellip;]","og_url":"https:\/\/www.joyana.fr\/ja\/commerce-design-marseille-2013-les-10-laureats\/114392\/","og_site_name":"JO YANA","article_published_time":"2013-09-17T13:07:22+00:00","og_image":[{"width":650,"height":390,"url":"https:\/\/www.joyana.fr\/wp-content\/uploads\/2013\/09\/commerce-design-marseille-20131.jpg","type":"image\/jpeg"}],"author":"Jo Yana","twitter_card":"summary_large_image","twitter_creator":"@Jo_Yana","twitter_site":"@Jo_Yana","twitter_misc":{"\u57f7\u7b46\u8005":"Jo Yana","\u63a8\u5b9a\u8aad\u307f\u53d6\u308a\u6642\u9593":"2\u5206"},"schema":{"@context":"https:\/\/schema.org","@graph":[{"@type":"Article","@id":"https:\/\/www.joyana.fr\/ja\/commerce-design-marseille-2013-les-10-laureats\/114392\/#article","isPartOf":{"@id":"https:\/\/www.joyana.fr\/ja\/commerce-design-marseille-2013-les-10-laureats\/114392\/"},"author":{"name":"Jo Yana","@id":"https:\/\/joyana.fr\/#\/schema\/person\/cf2a1ad12a27c12c21801075bf37407c"},"headline":"COMMERCE DESIGN MARSEILLE 2013 &#8211; Les 10 Laur\u00e9ats !","datePublished":"2013-09-17T13:07:22+00:00","mainEntityOfPage":{"@id":"https:\/\/www.joyana.fr\/ja\/commerce-design-marseille-2013-les-10-laureats\/114392\/"},"wordCount":493,"commentCount":1,"publisher":{"@id":"https:\/\/joyana.fr\/#\/schema\/person\/cf2a1ad12a27c12c21801075bf37407c"},"image":{"@id":"https:\/\/www.joyana.fr\/ja\/commerce-design-marseille-2013-les-10-laureats\/114392\/#primaryimage"},"thumbnailUrl":"https:\/\/i0.wp.com\/www.joyana.fr\/wp-content\/uploads\/2013\/09\/commerce-design-marseille-20131.jpg?fit=650%2C390&ssl=1","keywords":["Architecture","Boutique design","Commerce Design Marseille","H\u00f4tel design","Marseille","Restaurant design"],"articleSection":["ARCHITECTURE","Boutique","DECO-DESIGN","Design Award","France","H\u00f4tel","Marseille-Provence 2013","Restaurant"],"inLanguage":"ja","potentialAction":[{"@type":"CommentAction","name":"Comment","target":["https:\/\/www.joyana.fr\/ja\/commerce-design-marseille-2013-les-10-laureats\/114392\/#respond"]}]},{"@type":"WebPage","@id":"https:\/\/www.joyana.fr\/ja\/commerce-design-marseille-2013-les-10-laureats\/114392\/","url":"https:\/\/www.joyana.fr\/ja\/commerce-design-marseille-2013-les-10-laureats\/114392\/","name":"COMMERCE DESIGN MARSEILLE 2013 - Les 10 Laur\u00e9ats ! - JO YANA","isPartOf":{"@id":"https:\/\/joyana.fr\/#website"},"primaryImageOfPage":{"@id":"https:\/\/www.joyana.fr\/ja\/commerce-design-marseille-2013-les-10-laureats\/114392\/#primaryimage"},"image":{"@id":"https:\/\/www.joyana.fr\/ja\/commerce-design-marseille-2013-les-10-laureats\/114392\/#primaryimage"},"thumbnailUrl":"https:\/\/i0.wp.com\/www.joyana.fr\/wp-content\/uploads\/2013\/09\/commerce-design-marseille-20131.jpg?fit=650%2C390&ssl=1","datePublished":"2013-09-17T13:07:22+00:00","breadcrumb":{"@id":"https:\/\/www.joyana.fr\/ja\/commerce-design-marseille-2013-les-10-laureats\/114392\/#breadcrumb"},"inLanguage":"ja","potentialAction":[{"@type":"ReadAction","target":["https:\/\/www.joyana.fr\/ja\/commerce-design-marseille-2013-les-10-laureats\/114392\/"]}]},{"@type":"ImageObject","inLanguage":"ja","@id":"https:\/\/www.joyana.fr\/ja\/commerce-design-marseille-2013-les-10-laureats\/114392\/#primaryimage","url":"https:\/\/i0.wp.com\/www.joyana.fr\/wp-content\/uploads\/2013\/09\/commerce-design-marseille-20131.jpg?fit=650%2C390&ssl=1","contentUrl":"https:\/\/i0.wp.com\/www.joyana.fr\/wp-content\/uploads\/2013\/09\/commerce-design-marseille-20131.jpg?fit=650%2C390&ssl=1","width":650,"height":390},{"@type":"BreadcrumbList","@id":"https:\/\/www.joyana.fr\/ja\/commerce-design-marseille-2013-les-10-laureats\/114392\/#breadcrumb","itemListElement":[{"@type":"ListItem","position":1,"name":"Accueil","item":"https:\/\/joyana.fr\/"},{"@type":"ListItem","position":2,"name":"COMMERCE DESIGN MARSEILLE 2013 &#8211; Les 10 Laur\u00e9ats !"}]},{"@type":"WebSite","@id":"https:\/\/joyana.fr\/#website","url":"https:\/\/joyana.fr\/","name":"JO YANA","description":"Blog Mode Homme, Lifestyle, D\u00e9co-Design","publisher":{"@id":"https:\/\/joyana.fr\/#\/schema\/person\/cf2a1ad12a27c12c21801075bf37407c"},"potentialAction":[{"@type":"SearchAction","target":{"@type":"EntryPoint","urlTemplate":"https:\/\/joyana.fr\/?s={search_term_string}"},"query-input":{"@type":"PropertyValueSpecification","valueRequired":true,"valueName":"search_term_string"}}],"inLanguage":"ja"},{"@type":["Person","Organization"],"@id":"https:\/\/joyana.fr\/#\/schema\/person\/cf2a1ad12a27c12c21801075bf37407c","name":"Jo Yana","image":{"@type":"ImageObject","inLanguage":"ja","@id":"https:\/\/joyana.fr\/#\/schema\/person\/image\/","url":"https:\/\/i0.wp.com\/www.joyana.fr\/wp-content\/uploads\/2016\/08\/cropped-joyana-logo-black-360x180.png?fit=343%2C164&ssl=1","contentUrl":"https:\/\/i0.wp.com\/www.joyana.fr\/wp-content\/uploads\/2016\/08\/cropped-joyana-logo-black-360x180.png?fit=343%2C164&ssl=1","width":343,"height":164,"caption":"Jo Yana"},"logo":{"@id":"https:\/\/joyana.fr\/#\/schema\/person\/image\/"},"description":"Jo Yana est le cr\u00e9ateur et r\u00e9dacteur en chef des sites DECO-DESIGN. Passionn\u00e9 de Design, Mode, Photo, Luxe, Lifestyle, Musique, mais avant tout Blogueur ! Le plaisir de partager l'anime et a comme devise \"POUR L'AMOUR DU BEAU\". Retrouvez le aussi sur son blog personnel - https:\/\/joyana.fr...","sameAs":["https:\/\/joyana.fr\/"],"url":"https:\/\/www.joyana.fr\/ja\/author\/joyana\/"}]}},"author_meta":{"display_name":"Jo Yana","author_link":"https:\/\/www.joyana.fr\/ja\/author\/joyana\/"},"featured_img":"https:\/\/i0.wp.com\/www.joyana.fr\/wp-content\/uploads\/2013\/09\/commerce-design-marseille-20131.jpg?fit=389%2C233&ssl=1","featured_image_src":"https:\/\/i0.wp.com\/www.joyana.fr\/wp-content\/uploads\/2013\/09\/commerce-design-marseille-20131.jpg?resize=600%2C390&ssl=1","featured_image_src_square":"https:\/\/i0.wp.com\/www.joyana.fr\/wp-content\/uploads\/2013\/09\/commerce-design-marseille-20131.jpg?resize=600%2C390&ssl=1","jetpack_featured_media_url":"https:\/\/i0.wp.com\/www.joyana.fr\/wp-content\/uploads\/2013\/09\/commerce-design-marseille-20131.jpg?fit=650%2C390&ssl=1","uagb_featured_image_src":{"full":["https:\/\/i0.wp.com\/www.joyana.fr\/wp-content\/uploads\/2013\/09\/commerce-design-marseille-20131.jpg?fit=650%2C390&ssl=1",650,390,false],"thumbnail":["https:\/\/i0.wp.com\/www.joyana.fr\/wp-content\/uploads\/2013\/09\/commerce-design-marseille-20131.jpg?resize=150%2C150&ssl=1",150,150,true],"medium":["https:\/\/i0.wp.com\/www.joyana.fr\/wp-content\/uploads\/2013\/09\/commerce-design-marseille-20131.jpg?fit=389%2C233&ssl=1",389,233,true],"medium_large":["https:\/\/i0.wp.com\/www.joyana.fr\/wp-content\/uploads\/2013\/09\/commerce-design-marseille-20131.jpg?fit=650%2C390&ssl=1",650,390,true],"large":["https:\/\/i0.wp.com\/www.joyana.fr\/wp-content\/uploads\/2013\/09\/commerce-design-marseille-20131.jpg?fit=650%2C390&ssl=1",650,390,true],"1536x1536":["https:\/\/i0.wp.com\/www.joyana.fr\/wp-content\/uploads\/2013\/09\/commerce-design-marseille-20131.jpg?fit=650%2C390&ssl=1",650,390,true],"2048x2048":["https:\/\/i0.wp.com\/www.joyana.fr\/wp-content\/uploads\/2013\/09\/commerce-design-marseille-20131.jpg?fit=650%2C390&ssl=1",650,390,true],"featured-thumb":["https:\/\/i0.wp.com\/www.joyana.fr\/wp-content\/uploads\/2013\/09\/commerce-design-marseille-20131.jpg?resize=650%2C390&ssl=1",650,390,true],"ab-block-post-grid-landscape":["https:\/\/i0.wp.com\/www.joyana.fr\/wp-content\/uploads\/2013\/09\/commerce-design-marseille-20131.jpg?resize=600%2C390&ssl=1",600,390,true],"ab-block-post-grid-square":["https:\/\/i0.wp.com\/www.joyana.fr\/wp-content\/uploads\/2013\/09\/commerce-design-marseille-20131.jpg?resize=600%2C390&ssl=1",600,390,true],"author-pro-image":["https:\/\/i0.wp.com\/www.joyana.fr\/wp-content\/uploads\/2013\/09\/commerce-design-marseille-20131.jpg?resize=360%2C390&ssl=1",360,390,true],"slider":["https:\/\/i0.wp.com\/www.joyana.fr\/wp-content\/uploads\/2013\/09\/commerce-design-marseille-20131.jpg?resize=650%2C390&ssl=1",650,390,true],"woocommerce_thumbnail":["https:\/\/i0.wp.com\/www.joyana.fr\/wp-content\/uploads\/2013\/09\/commerce-design-marseille-20131.jpg?resize=450%2C390&ssl=1",450,390,true],"woocommerce_single":["https:\/\/i0.wp.com\/www.joyana.fr\/wp-content\/uploads\/2013\/09\/commerce-design-marseille-20131.jpg?fit=650%2C390&ssl=1",650,390,true],"woocommerce_gallery_thumbnail":["https:\/\/i0.wp.com\/www.joyana.fr\/wp-content\/uploads\/2013\/09\/commerce-design-marseille-20131.jpg?resize=180%2C180&ssl=1",180,180,true],"sow-carousel-default":["https:\/\/i0.wp.com\/www.joyana.fr\/wp-content\/uploads\/2013\/09\/commerce-design-marseille-20131.jpg?resize=272%2C182&ssl=1",272,182,true]},"uagb_author_info":{"display_name":"Jo Yana","author_link":"https:\/\/www.joyana.fr\/ja\/author\/joyana\/"},"uagb_comment_info":2,"uagb_excerpt":"Hier soir Deco-Design \u00e9tait convi\u00e9 \u00e0 la soir\u00e9e\u00a0Commerce&hellip;","coauthors":[],"tax_additional":{"categories":{"linked":["<a href=\"https:\/\/www.joyana.fr\/ja\/category\/portfolio\/architecture\/\" class=\"advgb-post-tax-term\">ARCHITECTURE<\/a>","<a href=\"https:\/\/www.joyana.fr\/ja\/category\/deco-design\/architecture-deco-design\/lieux-design\/boutique\/\" class=\"advgb-post-tax-term\">Boutique<\/a>","<a href=\"https:\/\/www.joyana.fr\/ja\/category\/deco-design\/\" class=\"advgb-post-tax-term\">DECO-DESIGN<\/a>","<a href=\"https:\/\/www.joyana.fr\/ja\/category\/deco-design\/actualite\/design-award\/\" class=\"advgb-post-tax-term\">Design Award<\/a>","<a href=\"https:\/\/www.joyana.fr\/ja\/category\/deco-design\/architecture-deco-design\/pays\/france\/\" class=\"advgb-post-tax-term\">France<\/a>","<a href=\"https:\/\/www.joyana.fr\/ja\/category\/deco-design\/architecture-deco-design\/lieux-design\/hotel\/\" class=\"advgb-post-tax-term\">H\u00f4tel<\/a>","<a href=\"https:\/\/www.joyana.fr\/ja\/category\/deco-design\/actualite\/marseille-provence-2013\/\" class=\"advgb-post-tax-term\">Marseille-Provence 2013<\/a>","<a href=\"https:\/\/www.joyana.fr\/ja\/category\/deco-design\/architecture-deco-design\/lieux-design\/restaurant\/\" class=\"advgb-post-tax-term\">Restaurant<\/a>"],"unlinked":["<span class=\"advgb-post-tax-term\">ARCHITECTURE<\/span>","<span class=\"advgb-post-tax-term\">Boutique<\/span>","<span class=\"advgb-post-tax-term\">DECO-DESIGN<\/span>","<span class=\"advgb-post-tax-term\">Design Award<\/span>","<span class=\"advgb-post-tax-term\">France<\/span>","<span class=\"advgb-post-tax-term\">H\u00f4tel<\/span>","<span class=\"advgb-post-tax-term\">Marseille-Provence 2013<\/span>","<span class=\"advgb-post-tax-term\">Restaurant<\/span>"]},"tags":{"linked":["<a href=\"https:\/\/www.joyana.fr\/ja\/category\/deco-design\/architecture-deco-design\/lieux-design\/restaurant\/\" class=\"advgb-post-tax-term\">Architecture<\/a>","<a href=\"https:\/\/www.joyana.fr\/ja\/category\/deco-design\/architecture-deco-design\/lieux-design\/restaurant\/\" class=\"advgb-post-tax-term\">Boutique design<\/a>","<a href=\"https:\/\/www.joyana.fr\/ja\/category\/deco-design\/architecture-deco-design\/lieux-design\/restaurant\/\" class=\"advgb-post-tax-term\">Commerce Design Marseille<\/a>","<a href=\"https:\/\/www.joyana.fr\/ja\/category\/deco-design\/architecture-deco-design\/lieux-design\/restaurant\/\" class=\"advgb-post-tax-term\">H\u00f4tel design<\/a>","<a href=\"https:\/\/www.joyana.fr\/ja\/category\/deco-design\/architecture-deco-design\/lieux-design\/restaurant\/\" class=\"advgb-post-tax-term\">Marseille<\/a>","<a href=\"https:\/\/www.joyana.fr\/ja\/category\/deco-design\/architecture-deco-design\/lieux-design\/restaurant\/\" class=\"advgb-post-tax-term\">Restaurant design<\/a>"],"unlinked":["<span class=\"advgb-post-tax-term\">Architecture<\/span>","<span class=\"advgb-post-tax-term\">Boutique design<\/span>","<span class=\"advgb-post-tax-term\">Commerce Design Marseille<\/span>","<span class=\"advgb-post-tax-term\">H\u00f4tel design<\/span>","<span class=\"advgb-post-tax-term\">Marseille<\/span>","<span class=\"advgb-post-tax-term\">Restaurant design<\/span>"]}},"comment_count":2,"relative_dates":{"created":"Posted 13\u5e74 ago","modified":"Updated 13\u5e74 ago"},"absolute_dates":{"created":"Posted on 17 9\u6708 2013","modified":"Updated on 17 9\u6708 2013"},"absolute_dates_time":{"created":"Posted on 17 9\u6708 2013 14:07","modified":"Updated on 17 9\u6708 2013 14:07"},"featured_img_caption":"","series_order":"","jetpack_sharing_enabled":true,"jetpack_shortlink":"https:\/\/wp.me\/p9bteI-tL2","jetpack-related-posts":[],"_links":{"self":[{"href":"https:\/\/www.joyana.fr\/ja\/wp-json\/wp\/v2\/posts\/114392","targetHints":{"allow":["GET"]}}],"collection":[{"href":"https:\/\/www.joyana.fr\/ja\/wp-json\/wp\/v2\/posts"}],"about":[{"href":"https:\/\/www.joyana.fr\/ja\/wp-json\/wp\/v2\/types\/post"}],"author":[{"embeddable":true,"href":"https:\/\/www.joyana.fr\/ja\/wp-json\/wp\/v2\/users\/3"}],"replies":[{"embeddable":true,"href":"https:\/\/www.joyana.fr\/ja\/wp-json\/wp\/v2\/comments?post=114392"}],"version-history":[{"count":0,"href":"https:\/\/www.joyana.fr\/ja\/wp-json\/wp\/v2\/posts\/114392\/revisions"}],"wp:featuredmedia":[{"embeddable":true,"href":"https:\/\/www.joyana.fr\/ja\/wp-json\/wp\/v2\/media\/114417"}],"wp:attachment":[{"href":"https:\/\/www.joyana.fr\/ja\/wp-json\/wp\/v2\/media?parent=114392"}],"wp:term":[{"taxonomy":"category","embeddable":true,"href":"https:\/\/www.joyana.fr\/ja\/wp-json\/wp\/v2\/categories?post=114392"},{"taxonomy":"post_tag","embeddable":true,"href":"https:\/\/www.joyana.fr\/ja\/wp-json\/wp\/v2\/tags?post=114392"}],"curies":[{"name":"wp","href":"https:\/\/api.w.org\/{rel}","templated":true}]}}