{"id":114367,"date":"2013-09-16T15:27:29","date_gmt":"2013-09-16T14:27:29","guid":{"rendered":"https:\/\/joyana.fr\/?p=14367"},"modified":"2013-09-16T15:27:29","modified_gmt":"2013-09-16T14:27:29","slug":"pdw13-norse-projects-x-kvadrat-x-fritz-hansen-chez-colette","status":"publish","type":"post","link":"https:\/\/www.joyana.fr\/ja\/pdw13-norse-projects-x-kvadrat-x-fritz-hansen-chez-colette\/114367\/","title":{"rendered":"#PDW13 &#8211; NORSE PROJECTS x KVADRAT x FRITZ HANSEN chez Colette"},"content":{"rendered":"<p>Direction la boutique hype parisienne <strong>Colette<\/strong> pour d\u00e9couvrir le mobilier issue de la collaboration entre <strong>Norse Projects<\/strong> x <strong>Kvadrat<\/strong> x <strong>Fritz Hansen<\/strong>&#8230;<\/p>\n<p><a href=\"https:\/\/i0.wp.com\/joyana.fr\/wp-content\/2013\/09\/KVADRAT-DSC09527.jpg?ssl=1\"><img data-recalc-dims=\"1\" fetchpriority=\"high\" decoding=\"async\" alt=\"KVADRAT-DSC09527\" src=\"https:\/\/i0.wp.com\/joyana.fr\/wp-content\/uploads\/2013\/09\/KVADRAT-DSC09527-576x739.jpg?resize=576%2C739&#038;ssl=1\" width=\"576\" height=\"739\" \/><\/a><\/p>\n<p>\u00c0 l\u2019occasion de la <strong>Paris Design Week<\/strong>, Colette met \u00e0 l\u2019honneur les mati\u00e8res Kvadrat via deux vitrines, l\u2019une pour la collaboration entre Norse Project et Fritz Hansen (sans oublier aussi celle avec <a title=\"VANS KVADRAT COLETTE\" href=\"https:\/\/joyana.fr\/norse-projects-x-kvadrat-x-vans-chez-colette\/6340\/\" target=\"_blank\">Vans<\/a>), l\u2019autre pour la nouvelle ligne hi-tech Ora \u00efto Mobility&#8230;<\/p>\n<p>Celle qui nous int\u00e9resse plus est celle de droite o\u00f9 nous d\u00e9couvrons la collection <strong>STOFLIGHTED<\/strong> qui se compose de panneaux muraux, de banc, et de tabouret d&#8217;appoint recouvert du sublime tissu <strong>Kvadrat<\/strong> !<\/p>\n<p><a href=\"https:\/\/i0.wp.com\/joyana.fr\/wp-content\/2013\/09\/KVADRAT-DSC09535.jpg?ssl=1\"><img data-recalc-dims=\"1\" decoding=\"async\" alt=\"KVADRAT-DSC09535\" src=\"https:\/\/i0.wp.com\/joyana.fr\/wp-content\/uploads\/2013\/09\/KVADRAT-DSC09535-576x410.jpg?resize=576%2C410&#038;ssl=1\" width=\"576\" height=\"410\" \/><\/a><\/p>\n<p><a href=\"https:\/\/i0.wp.com\/joyana.fr\/wp-content\/2013\/09\/KVADRAT-DSC09529.jpg?ssl=1\"><img data-recalc-dims=\"1\" decoding=\"async\" class=\"alignnone size-large wp-image-14369\" alt=\"KVADRAT-DSC09529\" src=\"https:\/\/i0.wp.com\/joyana.fr\/wp-content\/uploads\/2013\/09\/KVADRAT-DSC09529-576x354.jpg?resize=576%2C354&#038;ssl=1\" width=\"576\" height=\"354\" \/><\/a><\/p>\n<p><a href=\"https:\/\/i0.wp.com\/joyana.fr\/wp-content\/2013\/09\/KVADRAT-DSC09534.jpg?ssl=1\"><img data-recalc-dims=\"1\" loading=\"lazy\" decoding=\"async\" class=\"alignnone size-large wp-image-14372\" alt=\"KVADRAT-DSC09534\" src=\"https:\/\/i0.wp.com\/joyana.fr\/wp-content\/uploads\/2013\/09\/KVADRAT-DSC09534-576x383.jpg?resize=576%2C383&#038;ssl=1\" width=\"576\" height=\"383\" \/><\/a><\/p>\n<p><a href=\"https:\/\/i0.wp.com\/joyana.fr\/wp-content\/2013\/09\/KVADRAT-DSC095351.jpg?ssl=1\"><img data-recalc-dims=\"1\" loading=\"lazy\" decoding=\"async\" class=\"alignnone size-large wp-image-14374\" alt=\"KVADRAT-DSC09535\" src=\"https:\/\/i0.wp.com\/joyana.fr\/wp-content\/uploads\/2013\/09\/KVADRAT-DSC095351-576x410.jpg?resize=576%2C410&#038;ssl=1\" width=\"576\" height=\"410\" \/><\/a><\/p>\n<p><a href=\"https:\/\/i0.wp.com\/joyana.fr\/wp-content\/2013\/09\/KVADRAT-DSC09540.jpg?ssl=1\"><img data-recalc-dims=\"1\" loading=\"lazy\" decoding=\"async\" class=\"alignnone size-large wp-image-14375\" alt=\"KVADRAT-DSC09540\" src=\"https:\/\/i0.wp.com\/joyana.fr\/wp-content\/uploads\/2013\/09\/KVADRAT-DSC09540-576x395.jpg?resize=576%2C395&#038;ssl=1\" width=\"576\" height=\"395\" \/><\/a><\/p>\n<p><img data-recalc-dims=\"1\" loading=\"lazy\" decoding=\"async\" class=\"alignnone size-large wp-image-14376\" alt=\"KVADRAT-DSC09541\" src=\"https:\/\/i0.wp.com\/joyana.fr\/wp-content\/uploads\/2013\/09\/KVADRAT-DSC09541-576x383.jpg?resize=576%2C383&#038;ssl=1\" width=\"576\" height=\"383\" \/><\/p>\n<p><a href=\"https:\/\/i0.wp.com\/joyana.fr\/wp-content\/2013\/09\/KVADRAT-DSC09530.jpg?ssl=1\"><img data-recalc-dims=\"1\" loading=\"lazy\" decoding=\"async\" class=\"alignnone size-large wp-image-14370\" alt=\"KVADRAT-DSC09530\" src=\"https:\/\/i0.wp.com\/joyana.fr\/wp-content\/uploads\/2013\/09\/KVADRAT-DSC09530-576x375.jpg?resize=576%2C375&#038;ssl=1\" width=\"576\" height=\"375\" \/><\/a><\/p>\n<p>&nbsp;<\/p>\n<p style=\"text-align: center;\">En savoir + sur <a href=\"http:\/\/www.norseprojects.com\" target=\"_blank\">NORSE PROJECTS<\/a> &#038; <a href=\"http:\/\/kvadrat.dk\" target=\"_blank\">KVADRAT<\/a> &#038; <a href=\"http:\/\/www.fritzhansen.com\/en\/fritz-hansen\" target=\"_blank\">FRITZ HANSEN<\/a> &#038; <a href=\"http:\/\/www.colette.fr\/\" target=\"_blank\">COLETTE<\/a><\/p>\n","protected":false},"excerpt":{"rendered":"<p>Direction la boutique hype parisienne Colette pour d\u00e9couvrir le mobilier issue de la collaboration entre Norse [&hellip;]<\/p>\n","protected":false},"author":3,"featured_media":114375,"comment_status":"open","ping_status":"open","sticky":false,"template":"","format":"standard","meta":{"_coblocks_attr":"","_coblocks_dimensions":"","_coblocks_responsive_height":"","_coblocks_accordion_ie_support":"","_uag_custom_page_level_css":"","advgb_blocks_editor_width":"","advgb_blocks_columns_visual_guide":"","_genesis_hide_title":false,"_genesis_hide_breadcrumbs":false,"_genesis_hide_singular_image":false,"_genesis_hide_footer_widgets":false,"_genesis_custom_body_class":"","_genesis_custom_post_class":"","_genesis_layout":"","_themeisle_gutenberg_block_has_review":false,"_jetpack_newsletter_access":"","_jetpack_dont_email_post_to_subs":false,"_jetpack_newsletter_tier_id":0,"_jetpack_memberships_contains_paywalled_content":false,"_jetpack_memberships_contains_paid_content":false,"footnotes":""},"categories":[948,905,981,942,2124,1080],"tags":[1495,5,78,1333,397,398,12,1447],"class_list":{"0":"post-114367","1":"post","2":"type-post","3":"status-publish","4":"format-standard","5":"has-post-thumbnail","7":"category-assise","8":"category-deco-design","9":"category-kvadrat","10":"category-mobilier","11":"category-mode","12":"category-paris-design-week","13":"tag-pdw13","14":"tag-colette","15":"tag-design","16":"tag-fritz-hansen","17":"tag-kvadrat","18":"tag-norse-projects","19":"tag-paris","20":"tag-paris-design-week","21":"entry"},"featured_image_urls":{"full":["https:\/\/i0.wp.com\/www.joyana.fr\/wp-content\/uploads\/2013\/09\/KVADRAT-DSC09540.jpg?fit=650%2C446&ssl=1",650,446,false],"thumbnail":["https:\/\/i0.wp.com\/www.joyana.fr\/wp-content\/uploads\/2013\/09\/KVADRAT-DSC09540.jpg?resize=150%2C150&ssl=1",150,150,true],"medium":["https:\/\/i0.wp.com\/www.joyana.fr\/wp-content\/uploads\/2013\/09\/KVADRAT-DSC09540.jpg?fit=389%2C267&ssl=1",389,267,true],"medium_large":["https:\/\/i0.wp.com\/www.joyana.fr\/wp-content\/uploads\/2013\/09\/KVADRAT-DSC09540.jpg?fit=650%2C446&ssl=1",650,446,true],"large":["https:\/\/i0.wp.com\/www.joyana.fr\/wp-content\/uploads\/2013\/09\/KVADRAT-DSC09540.jpg?fit=650%2C446&ssl=1",650,446,true],"1536x1536":["https:\/\/i0.wp.com\/www.joyana.fr\/wp-content\/uploads\/2013\/09\/KVADRAT-DSC09540.jpg?fit=650%2C446&ssl=1",650,446,true],"2048x2048":["https:\/\/i0.wp.com\/www.joyana.fr\/wp-content\/uploads\/2013\/09\/KVADRAT-DSC09540.jpg?fit=650%2C446&ssl=1",650,446,true],"featured-thumb":["https:\/\/i0.wp.com\/www.joyana.fr\/wp-content\/uploads\/2013\/09\/KVADRAT-DSC09540.jpg?resize=650%2C446&ssl=1",650,446,true],"ab-block-post-grid-landscape":["https:\/\/i0.wp.com\/www.joyana.fr\/wp-content\/uploads\/2013\/09\/KVADRAT-DSC09540.jpg?resize=600%2C400&ssl=1",600,400,true],"ab-block-post-grid-square":["https:\/\/i0.wp.com\/www.joyana.fr\/wp-content\/uploads\/2013\/09\/KVADRAT-DSC09540.jpg?resize=600%2C446&ssl=1",600,446,true],"author-pro-image":["https:\/\/i0.wp.com\/www.joyana.fr\/wp-content\/uploads\/2013\/09\/KVADRAT-DSC09540.jpg?resize=360%2C446&ssl=1",360,446,true],"slider":["https:\/\/i0.wp.com\/www.joyana.fr\/wp-content\/uploads\/2013\/09\/KVADRAT-DSC09540.jpg?resize=650%2C400&ssl=1",650,400,true],"woocommerce_thumbnail":["https:\/\/i0.wp.com\/www.joyana.fr\/wp-content\/uploads\/2013\/09\/KVADRAT-DSC09540.jpg?resize=450%2C446&ssl=1",450,446,true],"woocommerce_single":["https:\/\/i0.wp.com\/www.joyana.fr\/wp-content\/uploads\/2013\/09\/KVADRAT-DSC09540.jpg?fit=650%2C446&ssl=1",650,446,true],"woocommerce_gallery_thumbnail":["https:\/\/i0.wp.com\/www.joyana.fr\/wp-content\/uploads\/2013\/09\/KVADRAT-DSC09540.jpg?resize=180%2C180&ssl=1",180,180,true],"sow-carousel-default":["https:\/\/i0.wp.com\/www.joyana.fr\/wp-content\/uploads\/2013\/09\/KVADRAT-DSC09540.jpg?resize=272%2C182&ssl=1",272,182,true]},"post_excerpt_stackable":"<p>Direction la boutique hype parisienne Colette pour d\u00e9couvrir le mobilier issue de la collaboration e&hellip;<\/p>\n","category_list":"<a href=\"https:\/\/www.joyana.fr\/ja\/category\/deco-design\/mobilier\/assise\/\" rel=\"category tag\">Assise<\/a>, <a href=\"https:\/\/www.joyana.fr\/ja\/category\/deco-design\/\" rel=\"category tag\">DECO-DESIGN<\/a>, <a href=\"https:\/\/www.joyana.fr\/ja\/category\/marques\/kvadrat\/\" rel=\"category tag\">Kvadrat<\/a>, <a href=\"https:\/\/www.joyana.fr\/ja\/category\/deco-design\/mobilier\/\" rel=\"category tag\">Mobilier<\/a>, <a href=\"https:\/\/www.joyana.fr\/ja\/category\/deco-design\/actualite\/mode\/\" rel=\"category tag\">Mode<\/a>, <a href=\"https:\/\/www.joyana.fr\/ja\/category\/deco-design\/actualite\/salon\/paris-design-week\/\" rel=\"category tag\">Paris Design Week<\/a>","author_info":{"display_name":"Jo Yana","author_link":"https:\/\/www.joyana.fr\/ja\/author\/joyana\/"},"comments_num":"0 comments","featured_image_urls_v2":{"full":["https:\/\/i0.wp.com\/www.joyana.fr\/wp-content\/uploads\/2013\/09\/KVADRAT-DSC09540.jpg?fit=650%2C446&ssl=1",650,446,false],"thumbnail":["https:\/\/i0.wp.com\/www.joyana.fr\/wp-content\/uploads\/2013\/09\/KVADRAT-DSC09540.jpg?resize=150%2C150&ssl=1",150,150,true],"medium":["https:\/\/i0.wp.com\/www.joyana.fr\/wp-content\/uploads\/2013\/09\/KVADRAT-DSC09540.jpg?fit=389%2C267&ssl=1",389,267,true],"medium_large":["https:\/\/i0.wp.com\/www.joyana.fr\/wp-content\/uploads\/2013\/09\/KVADRAT-DSC09540.jpg?fit=650%2C446&ssl=1",650,446,true],"large":["https:\/\/i0.wp.com\/www.joyana.fr\/wp-content\/uploads\/2013\/09\/KVADRAT-DSC09540.jpg?fit=650%2C446&ssl=1",650,446,true],"1536x1536":["https:\/\/i0.wp.com\/www.joyana.fr\/wp-content\/uploads\/2013\/09\/KVADRAT-DSC09540.jpg?fit=650%2C446&ssl=1",650,446,true],"2048x2048":["https:\/\/i0.wp.com\/www.joyana.fr\/wp-content\/uploads\/2013\/09\/KVADRAT-DSC09540.jpg?fit=650%2C446&ssl=1",650,446,true],"featured-thumb":["https:\/\/i0.wp.com\/www.joyana.fr\/wp-content\/uploads\/2013\/09\/KVADRAT-DSC09540.jpg?resize=650%2C446&ssl=1",650,446,true],"ab-block-post-grid-landscape":["https:\/\/i0.wp.com\/www.joyana.fr\/wp-content\/uploads\/2013\/09\/KVADRAT-DSC09540.jpg?resize=600%2C400&ssl=1",600,400,true],"ab-block-post-grid-square":["https:\/\/i0.wp.com\/www.joyana.fr\/wp-content\/uploads\/2013\/09\/KVADRAT-DSC09540.jpg?resize=600%2C446&ssl=1",600,446,true],"author-pro-image":["https:\/\/i0.wp.com\/www.joyana.fr\/wp-content\/uploads\/2013\/09\/KVADRAT-DSC09540.jpg?resize=360%2C446&ssl=1",360,446,true],"slider":["https:\/\/i0.wp.com\/www.joyana.fr\/wp-content\/uploads\/2013\/09\/KVADRAT-DSC09540.jpg?resize=650%2C400&ssl=1",650,400,true],"woocommerce_thumbnail":["https:\/\/i0.wp.com\/www.joyana.fr\/wp-content\/uploads\/2013\/09\/KVADRAT-DSC09540.jpg?resize=450%2C446&ssl=1",450,446,true],"woocommerce_single":["https:\/\/i0.wp.com\/www.joyana.fr\/wp-content\/uploads\/2013\/09\/KVADRAT-DSC09540.jpg?fit=650%2C446&ssl=1",650,446,true],"woocommerce_gallery_thumbnail":["https:\/\/i0.wp.com\/www.joyana.fr\/wp-content\/uploads\/2013\/09\/KVADRAT-DSC09540.jpg?resize=180%2C180&ssl=1",180,180,true],"sow-carousel-default":["https:\/\/i0.wp.com\/www.joyana.fr\/wp-content\/uploads\/2013\/09\/KVADRAT-DSC09540.jpg?resize=272%2C182&ssl=1",272,182,true]},"post_excerpt_stackable_v2":"<p>Direction la boutique hype parisienne Colette pour d\u00e9couvrir le mobilier issue de la collaboration e&hellip;<\/p>\n","category_list_v2":"<a href=\"https:\/\/www.joyana.fr\/ja\/category\/deco-design\/mobilier\/assise\/\" rel=\"category tag\">Assise<\/a>, <a href=\"https:\/\/www.joyana.fr\/ja\/category\/deco-design\/\" rel=\"category tag\">DECO-DESIGN<\/a>, <a href=\"https:\/\/www.joyana.fr\/ja\/category\/marques\/kvadrat\/\" rel=\"category tag\">Kvadrat<\/a>, <a href=\"https:\/\/www.joyana.fr\/ja\/category\/deco-design\/mobilier\/\" rel=\"category tag\">Mobilier<\/a>, <a href=\"https:\/\/www.joyana.fr\/ja\/category\/deco-design\/actualite\/mode\/\" rel=\"category tag\">Mode<\/a>, <a href=\"https:\/\/www.joyana.fr\/ja\/category\/deco-design\/actualite\/salon\/paris-design-week\/\" rel=\"category tag\">Paris Design Week<\/a>","author_info_v2":{"name":"Jo Yana","url":"https:\/\/www.joyana.fr\/ja\/author\/joyana\/"},"comments_num_v2":"0 comments","yoast_head":"<!-- This site is optimized with the Yoast SEO plugin v26.8 - https:\/\/yoast.com\/product\/yoast-seo-wordpress\/ -->\n<title>#PDW13 - NORSE PROJECTS x KVADRAT x FRITZ HANSEN chez Colette - JO YANA<\/title>\n<meta name=\"robots\" content=\"index, follow, max-snippet:-1, max-image-preview:large, max-video-preview:-1\" \/>\n<link rel=\"canonical\" href=\"https:\/\/www.joyana.fr\/ja\/pdw13-norse-projects-x-kvadrat-x-fritz-hansen-chez-colette\/114367\/\" \/>\n<meta property=\"og:locale\" content=\"ja_JP\" \/>\n<meta property=\"og:locale:alternate\" content=\"fr_FR\" \/>\n<meta property=\"og:locale:alternate\" content=\"en_US\" \/>\n<meta property=\"og:type\" content=\"article\" \/>\n<meta property=\"og:title\" content=\"#PDW13 - NORSE PROJECTS x KVADRAT x FRITZ HANSEN chez Colette - JO YANA\" \/>\n<meta property=\"og:description\" content=\"Direction la boutique hype parisienne Colette pour d\u00e9couvrir le mobilier issue de la collaboration entre Norse [&hellip;]\" \/>\n<meta property=\"og:url\" content=\"https:\/\/www.joyana.fr\/ja\/pdw13-norse-projects-x-kvadrat-x-fritz-hansen-chez-colette\/114367\/\" \/>\n<meta property=\"og:site_name\" content=\"JO YANA\" \/>\n<meta property=\"article:published_time\" content=\"2013-09-16T14:27:29+00:00\" \/>\n<meta property=\"og:image\" content=\"https:\/\/www.joyana.fr\/wp-content\/uploads\/2013\/09\/KVADRAT-DSC09540.jpg\" \/>\n\t<meta property=\"og:image:width\" content=\"650\" \/>\n\t<meta property=\"og:image:height\" content=\"446\" \/>\n\t<meta property=\"og:image:type\" content=\"image\/jpeg\" \/>\n<meta name=\"author\" content=\"Jo Yana\" \/>\n<meta name=\"twitter:card\" content=\"summary_large_image\" \/>\n<meta name=\"twitter:creator\" content=\"@Jo_Yana\" \/>\n<meta name=\"twitter:site\" content=\"@Jo_Yana\" \/>\n<meta name=\"twitter:label1\" content=\"\u57f7\u7b46\u8005\" \/>\n\t<meta name=\"twitter:data1\" content=\"Jo Yana\" \/>\n\t<meta name=\"twitter:label2\" content=\"\u63a8\u5b9a\u8aad\u307f\u53d6\u308a\u6642\u9593\" \/>\n\t<meta name=\"twitter:data2\" content=\"1\u5206\" \/>\n<script type=\"application\/ld+json\" class=\"yoast-schema-graph\">{\"@context\":\"https:\/\/schema.org\",\"@graph\":[{\"@type\":\"Article\",\"@id\":\"https:\/\/www.joyana.fr\/ja\/pdw13-norse-projects-x-kvadrat-x-fritz-hansen-chez-colette\/114367\/#article\",\"isPartOf\":{\"@id\":\"https:\/\/www.joyana.fr\/ja\/pdw13-norse-projects-x-kvadrat-x-fritz-hansen-chez-colette\/114367\/\"},\"author\":{\"name\":\"Jo Yana\",\"@id\":\"https:\/\/joyana.fr\/#\/schema\/person\/cf2a1ad12a27c12c21801075bf37407c\"},\"headline\":\"#PDW13 &#8211; NORSE PROJECTS x KVADRAT x FRITZ HANSEN chez Colette\",\"datePublished\":\"2013-09-16T14:27:29+00:00\",\"mainEntityOfPage\":{\"@id\":\"https:\/\/www.joyana.fr\/ja\/pdw13-norse-projects-x-kvadrat-x-fritz-hansen-chez-colette\/114367\/\"},\"wordCount\":124,\"commentCount\":0,\"publisher\":{\"@id\":\"https:\/\/joyana.fr\/#\/schema\/person\/cf2a1ad12a27c12c21801075bf37407c\"},\"image\":{\"@id\":\"https:\/\/www.joyana.fr\/ja\/pdw13-norse-projects-x-kvadrat-x-fritz-hansen-chez-colette\/114367\/#primaryimage\"},\"thumbnailUrl\":\"https:\/\/i0.wp.com\/www.joyana.fr\/wp-content\/uploads\/2013\/09\/KVADRAT-DSC09540.jpg?fit=650%2C446&ssl=1\",\"keywords\":[\"#PDW13\",\"Colette\",\"DESIGN\",\"Fritz Hansen\",\"Kvadrat\",\"Norse Projects\",\"Paris\",\"Paris Design Week\"],\"articleSection\":[\"Assise\",\"DECO-DESIGN\",\"Kvadrat\",\"Mobilier\",\"Mode\",\"Paris Design Week\"],\"inLanguage\":\"ja\",\"potentialAction\":[{\"@type\":\"CommentAction\",\"name\":\"Comment\",\"target\":[\"https:\/\/www.joyana.fr\/ja\/pdw13-norse-projects-x-kvadrat-x-fritz-hansen-chez-colette\/114367\/#respond\"]}]},{\"@type\":\"WebPage\",\"@id\":\"https:\/\/www.joyana.fr\/ja\/pdw13-norse-projects-x-kvadrat-x-fritz-hansen-chez-colette\/114367\/\",\"url\":\"https:\/\/www.joyana.fr\/ja\/pdw13-norse-projects-x-kvadrat-x-fritz-hansen-chez-colette\/114367\/\",\"name\":\"#PDW13 - NORSE PROJECTS x KVADRAT x FRITZ HANSEN chez Colette - JO YANA\",\"isPartOf\":{\"@id\":\"https:\/\/joyana.fr\/#website\"},\"primaryImageOfPage\":{\"@id\":\"https:\/\/www.joyana.fr\/ja\/pdw13-norse-projects-x-kvadrat-x-fritz-hansen-chez-colette\/114367\/#primaryimage\"},\"image\":{\"@id\":\"https:\/\/www.joyana.fr\/ja\/pdw13-norse-projects-x-kvadrat-x-fritz-hansen-chez-colette\/114367\/#primaryimage\"},\"thumbnailUrl\":\"https:\/\/i0.wp.com\/www.joyana.fr\/wp-content\/uploads\/2013\/09\/KVADRAT-DSC09540.jpg?fit=650%2C446&ssl=1\",\"datePublished\":\"2013-09-16T14:27:29+00:00\",\"breadcrumb\":{\"@id\":\"https:\/\/www.joyana.fr\/ja\/pdw13-norse-projects-x-kvadrat-x-fritz-hansen-chez-colette\/114367\/#breadcrumb\"},\"inLanguage\":\"ja\",\"potentialAction\":[{\"@type\":\"ReadAction\",\"target\":[\"https:\/\/www.joyana.fr\/ja\/pdw13-norse-projects-x-kvadrat-x-fritz-hansen-chez-colette\/114367\/\"]}]},{\"@type\":\"ImageObject\",\"inLanguage\":\"ja\",\"@id\":\"https:\/\/www.joyana.fr\/ja\/pdw13-norse-projects-x-kvadrat-x-fritz-hansen-chez-colette\/114367\/#primaryimage\",\"url\":\"https:\/\/i0.wp.com\/www.joyana.fr\/wp-content\/uploads\/2013\/09\/KVADRAT-DSC09540.jpg?fit=650%2C446&ssl=1\",\"contentUrl\":\"https:\/\/i0.wp.com\/www.joyana.fr\/wp-content\/uploads\/2013\/09\/KVADRAT-DSC09540.jpg?fit=650%2C446&ssl=1\",\"width\":650,\"height\":446},{\"@type\":\"BreadcrumbList\",\"@id\":\"https:\/\/www.joyana.fr\/ja\/pdw13-norse-projects-x-kvadrat-x-fritz-hansen-chez-colette\/114367\/#breadcrumb\",\"itemListElement\":[{\"@type\":\"ListItem\",\"position\":1,\"name\":\"Accueil\",\"item\":\"https:\/\/joyana.fr\/\"},{\"@type\":\"ListItem\",\"position\":2,\"name\":\"#PDW13 &#8211; NORSE PROJECTS x KVADRAT x FRITZ HANSEN chez Colette\"}]},{\"@type\":\"WebSite\",\"@id\":\"https:\/\/joyana.fr\/#website\",\"url\":\"https:\/\/joyana.fr\/\",\"name\":\"JO YANA\",\"description\":\"Blog Mode Homme, Lifestyle, D\u00e9co-Design\",\"publisher\":{\"@id\":\"https:\/\/joyana.fr\/#\/schema\/person\/cf2a1ad12a27c12c21801075bf37407c\"},\"potentialAction\":[{\"@type\":\"SearchAction\",\"target\":{\"@type\":\"EntryPoint\",\"urlTemplate\":\"https:\/\/joyana.fr\/?s={search_term_string}\"},\"query-input\":{\"@type\":\"PropertyValueSpecification\",\"valueRequired\":true,\"valueName\":\"search_term_string\"}}],\"inLanguage\":\"ja\"},{\"@type\":[\"Person\",\"Organization\"],\"@id\":\"https:\/\/joyana.fr\/#\/schema\/person\/cf2a1ad12a27c12c21801075bf37407c\",\"name\":\"Jo Yana\",\"image\":{\"@type\":\"ImageObject\",\"inLanguage\":\"ja\",\"@id\":\"https:\/\/joyana.fr\/#\/schema\/person\/image\/\",\"url\":\"https:\/\/i0.wp.com\/www.joyana.fr\/wp-content\/uploads\/2016\/08\/cropped-joyana-logo-black-360x180.png?fit=343%2C164&ssl=1\",\"contentUrl\":\"https:\/\/i0.wp.com\/www.joyana.fr\/wp-content\/uploads\/2016\/08\/cropped-joyana-logo-black-360x180.png?fit=343%2C164&ssl=1\",\"width\":343,\"height\":164,\"caption\":\"Jo Yana\"},\"logo\":{\"@id\":\"https:\/\/joyana.fr\/#\/schema\/person\/image\/\"},\"description\":\"Jo Yana est le cr\u00e9ateur et r\u00e9dacteur en chef des sites DECO-DESIGN. Passionn\u00e9 de Design, Mode, Photo, Luxe, Lifestyle, Musique, mais avant tout Blogueur ! Le plaisir de partager l'anime et a comme devise \\\"POUR L'AMOUR DU BEAU\\\". Retrouvez le aussi sur son blog personnel - https:\/\/joyana.fr...\",\"sameAs\":[\"https:\/\/joyana.fr\/\"],\"url\":\"https:\/\/www.joyana.fr\/ja\/author\/joyana\/\"}]}<\/script>\n<!-- \/ Yoast SEO plugin. -->","yoast_head_json":{"title":"#PDW13 - NORSE PROJECTS x KVADRAT x FRITZ HANSEN chez Colette - JO YANA","robots":{"index":"index","follow":"follow","max-snippet":"max-snippet:-1","max-image-preview":"max-image-preview:large","max-video-preview":"max-video-preview:-1"},"canonical":"https:\/\/www.joyana.fr\/ja\/pdw13-norse-projects-x-kvadrat-x-fritz-hansen-chez-colette\/114367\/","og_locale":"ja_JP","og_type":"article","og_title":"#PDW13 - NORSE PROJECTS x KVADRAT x FRITZ HANSEN chez Colette - JO YANA","og_description":"Direction la boutique hype parisienne Colette pour d\u00e9couvrir le mobilier issue de la collaboration entre Norse [&hellip;]","og_url":"https:\/\/www.joyana.fr\/ja\/pdw13-norse-projects-x-kvadrat-x-fritz-hansen-chez-colette\/114367\/","og_site_name":"JO YANA","article_published_time":"2013-09-16T14:27:29+00:00","og_image":[{"width":650,"height":446,"url":"https:\/\/www.joyana.fr\/wp-content\/uploads\/2013\/09\/KVADRAT-DSC09540.jpg","type":"image\/jpeg"}],"author":"Jo Yana","twitter_card":"summary_large_image","twitter_creator":"@Jo_Yana","twitter_site":"@Jo_Yana","twitter_misc":{"\u57f7\u7b46\u8005":"Jo Yana","\u63a8\u5b9a\u8aad\u307f\u53d6\u308a\u6642\u9593":"1\u5206"},"schema":{"@context":"https:\/\/schema.org","@graph":[{"@type":"Article","@id":"https:\/\/www.joyana.fr\/ja\/pdw13-norse-projects-x-kvadrat-x-fritz-hansen-chez-colette\/114367\/#article","isPartOf":{"@id":"https:\/\/www.joyana.fr\/ja\/pdw13-norse-projects-x-kvadrat-x-fritz-hansen-chez-colette\/114367\/"},"author":{"name":"Jo Yana","@id":"https:\/\/joyana.fr\/#\/schema\/person\/cf2a1ad12a27c12c21801075bf37407c"},"headline":"#PDW13 &#8211; NORSE PROJECTS x KVADRAT x FRITZ HANSEN chez Colette","datePublished":"2013-09-16T14:27:29+00:00","mainEntityOfPage":{"@id":"https:\/\/www.joyana.fr\/ja\/pdw13-norse-projects-x-kvadrat-x-fritz-hansen-chez-colette\/114367\/"},"wordCount":124,"commentCount":0,"publisher":{"@id":"https:\/\/joyana.fr\/#\/schema\/person\/cf2a1ad12a27c12c21801075bf37407c"},"image":{"@id":"https:\/\/www.joyana.fr\/ja\/pdw13-norse-projects-x-kvadrat-x-fritz-hansen-chez-colette\/114367\/#primaryimage"},"thumbnailUrl":"https:\/\/i0.wp.com\/www.joyana.fr\/wp-content\/uploads\/2013\/09\/KVADRAT-DSC09540.jpg?fit=650%2C446&ssl=1","keywords":["#PDW13","Colette","DESIGN","Fritz Hansen","Kvadrat","Norse Projects","Paris","Paris Design Week"],"articleSection":["Assise","DECO-DESIGN","Kvadrat","Mobilier","Mode","Paris Design Week"],"inLanguage":"ja","potentialAction":[{"@type":"CommentAction","name":"Comment","target":["https:\/\/www.joyana.fr\/ja\/pdw13-norse-projects-x-kvadrat-x-fritz-hansen-chez-colette\/114367\/#respond"]}]},{"@type":"WebPage","@id":"https:\/\/www.joyana.fr\/ja\/pdw13-norse-projects-x-kvadrat-x-fritz-hansen-chez-colette\/114367\/","url":"https:\/\/www.joyana.fr\/ja\/pdw13-norse-projects-x-kvadrat-x-fritz-hansen-chez-colette\/114367\/","name":"#PDW13 - NORSE PROJECTS x KVADRAT x FRITZ HANSEN chez Colette - JO YANA","isPartOf":{"@id":"https:\/\/joyana.fr\/#website"},"primaryImageOfPage":{"@id":"https:\/\/www.joyana.fr\/ja\/pdw13-norse-projects-x-kvadrat-x-fritz-hansen-chez-colette\/114367\/#primaryimage"},"image":{"@id":"https:\/\/www.joyana.fr\/ja\/pdw13-norse-projects-x-kvadrat-x-fritz-hansen-chez-colette\/114367\/#primaryimage"},"thumbnailUrl":"https:\/\/i0.wp.com\/www.joyana.fr\/wp-content\/uploads\/2013\/09\/KVADRAT-DSC09540.jpg?fit=650%2C446&ssl=1","datePublished":"2013-09-16T14:27:29+00:00","breadcrumb":{"@id":"https:\/\/www.joyana.fr\/ja\/pdw13-norse-projects-x-kvadrat-x-fritz-hansen-chez-colette\/114367\/#breadcrumb"},"inLanguage":"ja","potentialAction":[{"@type":"ReadAction","target":["https:\/\/www.joyana.fr\/ja\/pdw13-norse-projects-x-kvadrat-x-fritz-hansen-chez-colette\/114367\/"]}]},{"@type":"ImageObject","inLanguage":"ja","@id":"https:\/\/www.joyana.fr\/ja\/pdw13-norse-projects-x-kvadrat-x-fritz-hansen-chez-colette\/114367\/#primaryimage","url":"https:\/\/i0.wp.com\/www.joyana.fr\/wp-content\/uploads\/2013\/09\/KVADRAT-DSC09540.jpg?fit=650%2C446&ssl=1","contentUrl":"https:\/\/i0.wp.com\/www.joyana.fr\/wp-content\/uploads\/2013\/09\/KVADRAT-DSC09540.jpg?fit=650%2C446&ssl=1","width":650,"height":446},{"@type":"BreadcrumbList","@id":"https:\/\/www.joyana.fr\/ja\/pdw13-norse-projects-x-kvadrat-x-fritz-hansen-chez-colette\/114367\/#breadcrumb","itemListElement":[{"@type":"ListItem","position":1,"name":"Accueil","item":"https:\/\/joyana.fr\/"},{"@type":"ListItem","position":2,"name":"#PDW13 &#8211; NORSE PROJECTS x KVADRAT x FRITZ HANSEN chez Colette"}]},{"@type":"WebSite","@id":"https:\/\/joyana.fr\/#website","url":"https:\/\/joyana.fr\/","name":"JO YANA","description":"Blog Mode Homme, Lifestyle, D\u00e9co-Design","publisher":{"@id":"https:\/\/joyana.fr\/#\/schema\/person\/cf2a1ad12a27c12c21801075bf37407c"},"potentialAction":[{"@type":"SearchAction","target":{"@type":"EntryPoint","urlTemplate":"https:\/\/joyana.fr\/?s={search_term_string}"},"query-input":{"@type":"PropertyValueSpecification","valueRequired":true,"valueName":"search_term_string"}}],"inLanguage":"ja"},{"@type":["Person","Organization"],"@id":"https:\/\/joyana.fr\/#\/schema\/person\/cf2a1ad12a27c12c21801075bf37407c","name":"Jo Yana","image":{"@type":"ImageObject","inLanguage":"ja","@id":"https:\/\/joyana.fr\/#\/schema\/person\/image\/","url":"https:\/\/i0.wp.com\/www.joyana.fr\/wp-content\/uploads\/2016\/08\/cropped-joyana-logo-black-360x180.png?fit=343%2C164&ssl=1","contentUrl":"https:\/\/i0.wp.com\/www.joyana.fr\/wp-content\/uploads\/2016\/08\/cropped-joyana-logo-black-360x180.png?fit=343%2C164&ssl=1","width":343,"height":164,"caption":"Jo Yana"},"logo":{"@id":"https:\/\/joyana.fr\/#\/schema\/person\/image\/"},"description":"Jo Yana est le cr\u00e9ateur et r\u00e9dacteur en chef des sites DECO-DESIGN. Passionn\u00e9 de Design, Mode, Photo, Luxe, Lifestyle, Musique, mais avant tout Blogueur ! Le plaisir de partager l'anime et a comme devise \"POUR L'AMOUR DU BEAU\". Retrouvez le aussi sur son blog personnel - https:\/\/joyana.fr...","sameAs":["https:\/\/joyana.fr\/"],"url":"https:\/\/www.joyana.fr\/ja\/author\/joyana\/"}]}},"author_meta":{"display_name":"Jo Yana","author_link":"https:\/\/www.joyana.fr\/ja\/author\/joyana\/"},"featured_img":"https:\/\/i0.wp.com\/www.joyana.fr\/wp-content\/uploads\/2013\/09\/KVADRAT-DSC09540.jpg?fit=389%2C267&ssl=1","featured_image_src":"https:\/\/i0.wp.com\/www.joyana.fr\/wp-content\/uploads\/2013\/09\/KVADRAT-DSC09540.jpg?resize=600%2C400&ssl=1","featured_image_src_square":"https:\/\/i0.wp.com\/www.joyana.fr\/wp-content\/uploads\/2013\/09\/KVADRAT-DSC09540.jpg?resize=600%2C446&ssl=1","jetpack_featured_media_url":"https:\/\/i0.wp.com\/www.joyana.fr\/wp-content\/uploads\/2013\/09\/KVADRAT-DSC09540.jpg?fit=650%2C446&ssl=1","uagb_featured_image_src":{"full":["https:\/\/i0.wp.com\/www.joyana.fr\/wp-content\/uploads\/2013\/09\/KVADRAT-DSC09540.jpg?fit=650%2C446&ssl=1",650,446,false],"thumbnail":["https:\/\/i0.wp.com\/www.joyana.fr\/wp-content\/uploads\/2013\/09\/KVADRAT-DSC09540.jpg?resize=150%2C150&ssl=1",150,150,true],"medium":["https:\/\/i0.wp.com\/www.joyana.fr\/wp-content\/uploads\/2013\/09\/KVADRAT-DSC09540.jpg?fit=389%2C267&ssl=1",389,267,true],"medium_large":["https:\/\/i0.wp.com\/www.joyana.fr\/wp-content\/uploads\/2013\/09\/KVADRAT-DSC09540.jpg?fit=650%2C446&ssl=1",650,446,true],"large":["https:\/\/i0.wp.com\/www.joyana.fr\/wp-content\/uploads\/2013\/09\/KVADRAT-DSC09540.jpg?fit=650%2C446&ssl=1",650,446,true],"1536x1536":["https:\/\/i0.wp.com\/www.joyana.fr\/wp-content\/uploads\/2013\/09\/KVADRAT-DSC09540.jpg?fit=650%2C446&ssl=1",650,446,true],"2048x2048":["https:\/\/i0.wp.com\/www.joyana.fr\/wp-content\/uploads\/2013\/09\/KVADRAT-DSC09540.jpg?fit=650%2C446&ssl=1",650,446,true],"featured-thumb":["https:\/\/i0.wp.com\/www.joyana.fr\/wp-content\/uploads\/2013\/09\/KVADRAT-DSC09540.jpg?resize=650%2C446&ssl=1",650,446,true],"ab-block-post-grid-landscape":["https:\/\/i0.wp.com\/www.joyana.fr\/wp-content\/uploads\/2013\/09\/KVADRAT-DSC09540.jpg?resize=600%2C400&ssl=1",600,400,true],"ab-block-post-grid-square":["https:\/\/i0.wp.com\/www.joyana.fr\/wp-content\/uploads\/2013\/09\/KVADRAT-DSC09540.jpg?resize=600%2C446&ssl=1",600,446,true],"author-pro-image":["https:\/\/i0.wp.com\/www.joyana.fr\/wp-content\/uploads\/2013\/09\/KVADRAT-DSC09540.jpg?resize=360%2C446&ssl=1",360,446,true],"slider":["https:\/\/i0.wp.com\/www.joyana.fr\/wp-content\/uploads\/2013\/09\/KVADRAT-DSC09540.jpg?resize=650%2C400&ssl=1",650,400,true],"woocommerce_thumbnail":["https:\/\/i0.wp.com\/www.joyana.fr\/wp-content\/uploads\/2013\/09\/KVADRAT-DSC09540.jpg?resize=450%2C446&ssl=1",450,446,true],"woocommerce_single":["https:\/\/i0.wp.com\/www.joyana.fr\/wp-content\/uploads\/2013\/09\/KVADRAT-DSC09540.jpg?fit=650%2C446&ssl=1",650,446,true],"woocommerce_gallery_thumbnail":["https:\/\/i0.wp.com\/www.joyana.fr\/wp-content\/uploads\/2013\/09\/KVADRAT-DSC09540.jpg?resize=180%2C180&ssl=1",180,180,true],"sow-carousel-default":["https:\/\/i0.wp.com\/www.joyana.fr\/wp-content\/uploads\/2013\/09\/KVADRAT-DSC09540.jpg?resize=272%2C182&ssl=1",272,182,true]},"uagb_author_info":{"display_name":"Jo Yana","author_link":"https:\/\/www.joyana.fr\/ja\/author\/joyana\/"},"uagb_comment_info":0,"uagb_excerpt":"Direction la boutique hype parisienne Colette pour d\u00e9co&hellip;","coauthors":[],"tax_additional":{"categories":{"linked":["<a href=\"https:\/\/www.joyana.fr\/ja\/category\/deco-design\/mobilier\/assise\/\" class=\"advgb-post-tax-term\">Assise<\/a>","<a href=\"https:\/\/www.joyana.fr\/ja\/category\/deco-design\/\" class=\"advgb-post-tax-term\">DECO-DESIGN<\/a>","<a href=\"https:\/\/www.joyana.fr\/ja\/category\/marques\/kvadrat\/\" class=\"advgb-post-tax-term\">Kvadrat<\/a>","<a href=\"https:\/\/www.joyana.fr\/ja\/category\/deco-design\/mobilier\/\" class=\"advgb-post-tax-term\">Mobilier<\/a>","<a href=\"https:\/\/www.joyana.fr\/ja\/category\/deco-design\/actualite\/mode\/\" class=\"advgb-post-tax-term\">Mode<\/a>","<a href=\"https:\/\/www.joyana.fr\/ja\/category\/deco-design\/actualite\/salon\/paris-design-week\/\" class=\"advgb-post-tax-term\">Paris Design Week<\/a>"],"unlinked":["<span class=\"advgb-post-tax-term\">Assise<\/span>","<span class=\"advgb-post-tax-term\">DECO-DESIGN<\/span>","<span class=\"advgb-post-tax-term\">Kvadrat<\/span>","<span class=\"advgb-post-tax-term\">Mobilier<\/span>","<span class=\"advgb-post-tax-term\">Mode<\/span>","<span class=\"advgb-post-tax-term\">Paris Design Week<\/span>"]},"tags":{"linked":["<a href=\"https:\/\/www.joyana.fr\/ja\/category\/deco-design\/actualite\/salon\/paris-design-week\/\" class=\"advgb-post-tax-term\">#PDW13<\/a>","<a href=\"https:\/\/www.joyana.fr\/ja\/category\/deco-design\/actualite\/salon\/paris-design-week\/\" class=\"advgb-post-tax-term\">Colette<\/a>","<a href=\"https:\/\/www.joyana.fr\/ja\/category\/deco-design\/actualite\/salon\/paris-design-week\/\" class=\"advgb-post-tax-term\">DESIGN<\/a>","<a href=\"https:\/\/www.joyana.fr\/ja\/category\/deco-design\/actualite\/salon\/paris-design-week\/\" class=\"advgb-post-tax-term\">Fritz Hansen<\/a>","<a href=\"https:\/\/www.joyana.fr\/ja\/category\/deco-design\/actualite\/salon\/paris-design-week\/\" class=\"advgb-post-tax-term\">Kvadrat<\/a>","<a href=\"https:\/\/www.joyana.fr\/ja\/category\/deco-design\/actualite\/salon\/paris-design-week\/\" class=\"advgb-post-tax-term\">Norse Projects<\/a>","<a href=\"https:\/\/www.joyana.fr\/ja\/category\/deco-design\/actualite\/salon\/paris-design-week\/\" class=\"advgb-post-tax-term\">Paris<\/a>","<a href=\"https:\/\/www.joyana.fr\/ja\/category\/deco-design\/actualite\/salon\/paris-design-week\/\" class=\"advgb-post-tax-term\">Paris Design Week<\/a>"],"unlinked":["<span class=\"advgb-post-tax-term\">#PDW13<\/span>","<span class=\"advgb-post-tax-term\">Colette<\/span>","<span class=\"advgb-post-tax-term\">DESIGN<\/span>","<span class=\"advgb-post-tax-term\">Fritz Hansen<\/span>","<span class=\"advgb-post-tax-term\">Kvadrat<\/span>","<span class=\"advgb-post-tax-term\">Norse Projects<\/span>","<span class=\"advgb-post-tax-term\">Paris<\/span>","<span class=\"advgb-post-tax-term\">Paris Design Week<\/span>"]}},"comment_count":0,"relative_dates":{"created":"Posted 13\u5e74 ago","modified":"Updated 13\u5e74 ago"},"absolute_dates":{"created":"Posted on 16 9\u6708 2013","modified":"Updated on 16 9\u6708 2013"},"absolute_dates_time":{"created":"Posted on 16 9\u6708 2013 15:27","modified":"Updated on 16 9\u6708 2013 15:27"},"featured_img_caption":"","series_order":"","jetpack_sharing_enabled":true,"jetpack_shortlink":"https:\/\/wp.me\/p9bteI-tKD","jetpack-related-posts":[],"_links":{"self":[{"href":"https:\/\/www.joyana.fr\/ja\/wp-json\/wp\/v2\/posts\/114367","targetHints":{"allow":["GET"]}}],"collection":[{"href":"https:\/\/www.joyana.fr\/ja\/wp-json\/wp\/v2\/posts"}],"about":[{"href":"https:\/\/www.joyana.fr\/ja\/wp-json\/wp\/v2\/types\/post"}],"author":[{"embeddable":true,"href":"https:\/\/www.joyana.fr\/ja\/wp-json\/wp\/v2\/users\/3"}],"replies":[{"embeddable":true,"href":"https:\/\/www.joyana.fr\/ja\/wp-json\/wp\/v2\/comments?post=114367"}],"version-history":[{"count":0,"href":"https:\/\/www.joyana.fr\/ja\/wp-json\/wp\/v2\/posts\/114367\/revisions"}],"wp:featuredmedia":[{"embeddable":true,"href":"https:\/\/www.joyana.fr\/ja\/wp-json\/wp\/v2\/media\/114375"}],"wp:attachment":[{"href":"https:\/\/www.joyana.fr\/ja\/wp-json\/wp\/v2\/media?parent=114367"}],"wp:term":[{"taxonomy":"category","embeddable":true,"href":"https:\/\/www.joyana.fr\/ja\/wp-json\/wp\/v2\/categories?post=114367"},{"taxonomy":"post_tag","embeddable":true,"href":"https:\/\/www.joyana.fr\/ja\/wp-json\/wp\/v2\/tags?post=114367"}],"curies":[{"name":"wp","href":"https:\/\/api.w.org\/{rel}","templated":true}]}}