{"id":114281,"date":"2013-09-11T13:02:36","date_gmt":"2013-09-11T12:02:36","guid":{"rendered":"https:\/\/joyana.fr\/?p=14281"},"modified":"2013-09-11T13:02:36","modified_gmt":"2013-09-11T12:02:36","slug":"pdw13-japan-best-le-pop-up-store-du-design-japonais","status":"publish","type":"post","link":"https:\/\/www.joyana.fr\/ja\/pdw13-japan-best-le-pop-up-store-du-design-japonais\/114281\/","title":{"rendered":"#PDW13 &#8211; JAPAN-BEST &#8211; Le Pop Up store du Design Japonais"},"content":{"rendered":"<p>Premi\u00e8re \u00e9tape de notre <a title=\"PARIS DESIGN WEEK 2013\" href=\"https:\/\/joyana.fr\/category\/actualite\/salon\/paris-design-week\/\" target=\"_blank\"><strong>Paris Design Week 2013<\/strong><\/a>, la Cit\u00e9 de la Mode et du Design dont l&#8217;\u00e9tage M1 abrite le <strong>Pop Up store du Design Japonais<\/strong> &#8211; intitul\u00e9 <strong>JAPAN-BEST<\/strong>&#8230;<\/p>\n<p><img data-recalc-dims=\"1\" fetchpriority=\"high\" decoding=\"async\" alt=\"#PDW13 - JAPAN-BEST - Le Pop Up store du Design Japonais\" src=\"https:\/\/i0.wp.com\/joyana.fr\/wp-content\/uploads\/2013\/09\/M1-DSC095432-576x895.jpg?resize=576%2C895&#038;ssl=1\" width=\"576\" height=\"895\" \/><\/p>\n<p><strong>JAPAN-BEST<\/strong> ouvre ses portes durant la <strong>Paris Design Week<\/strong> et pour la premi\u00e8re fois en France, un magasin \u00e9ph\u00e9m\u00e8re va proposer une s\u00e9lection des plus belles marques du design japonais et pr\u00e9sentera une large s\u00e9lection de produits jamais vus en France&#8230;<\/p>\n<p>Des <strong>arts de la table<\/strong> \u00e0 la papeterie, de l\u2019objet de mode \u00e0 l\u2019univers de l\u2019enfant, ces accessoires accessibles et originaux tracent un trait d\u2019union entre art de vivre Fran\u00e7ais et les savoir-faire de l\u2019archipel nippon. Kawaii, craft, kime, tewari, minimal ou kokorokubari&#8230; JAPAN-BEST nous fait d\u00e9couvrir toutes les nuances d\u2019une cr\u00e9ation vive et innovante&#8230;<\/p>\n<p><img data-recalc-dims=\"1\" decoding=\"async\" class=\"alignnone size-large wp-image-14285\" alt=\"M1-DSC09545\" src=\"https:\/\/i0.wp.com\/joyana.fr\/wp-content\/uploads\/2013\/09\/M1-DSC09545-576x394.jpg?resize=576%2C394&#038;ssl=1\" width=\"576\" height=\"394\" \/><\/p>\n<p><img data-recalc-dims=\"1\" decoding=\"async\" class=\"alignnone size-large wp-image-14286\" alt=\"M1-DSC09546\" src=\"https:\/\/i0.wp.com\/joyana.fr\/wp-content\/uploads\/2013\/09\/M1-DSC09546-576x877.jpg?resize=576%2C877&#038;ssl=1\" width=\"576\" height=\"877\" \/><\/p>\n<p><img data-recalc-dims=\"1\" loading=\"lazy\" decoding=\"async\" class=\"alignnone size-large wp-image-14288\" alt=\"M1-DSC09547\" src=\"https:\/\/i0.wp.com\/joyana.fr\/wp-content\/uploads\/2013\/09\/M1-DSC095471-576x392.jpg?resize=576%2C392&#038;ssl=1\" width=\"576\" height=\"392\" \/><\/p>\n<p><img data-recalc-dims=\"1\" loading=\"lazy\" decoding=\"async\" class=\"alignnone size-large wp-image-14289\" alt=\"M1-DSC09548\" src=\"https:\/\/i0.wp.com\/joyana.fr\/wp-content\/uploads\/2013\/09\/M1-DSC09548-576x391.jpg?resize=576%2C391&#038;ssl=1\" width=\"576\" height=\"391\" \/><\/p>\n<p><img data-recalc-dims=\"1\" loading=\"lazy\" decoding=\"async\" class=\"alignnone size-large wp-image-14290\" alt=\"M1-DSC09549\" src=\"https:\/\/i0.wp.com\/joyana.fr\/wp-content\/uploads\/2013\/09\/M1-DSC09549-576x366.jpg?resize=576%2C366&#038;ssl=1\" width=\"576\" height=\"366\" \/><\/p>\n<p><img data-recalc-dims=\"1\" loading=\"lazy\" decoding=\"async\" class=\"alignnone size-large wp-image-14291\" alt=\"M1-DSC09552\" src=\"https:\/\/i0.wp.com\/joyana.fr\/wp-content\/uploads\/2013\/09\/M1-DSC09552-576x383.jpg?resize=576%2C383&#038;ssl=1\" width=\"576\" height=\"383\" \/><\/p>\n<p><img data-recalc-dims=\"1\" loading=\"lazy\" decoding=\"async\" class=\"alignnone size-large wp-image-14292\" alt=\"M1-DSC09553\" src=\"https:\/\/i0.wp.com\/joyana.fr\/wp-content\/uploads\/2013\/09\/M1-DSC09553-576x365.jpg?resize=576%2C365&#038;ssl=1\" width=\"576\" height=\"365\" \/><\/p>\n<p><img data-recalc-dims=\"1\" loading=\"lazy\" decoding=\"async\" alt=\"M1-DSC09544\" src=\"https:\/\/i0.wp.com\/joyana.fr\/wp-content\/uploads\/2013\/09\/M1-DSC095441-576x392.jpg?resize=576%2C392&#038;ssl=1\" width=\"576\" height=\"392\" \/><\/p>\n<p><img data-recalc-dims=\"1\" loading=\"lazy\" decoding=\"async\" class=\"alignnone size-large wp-image-14294\" alt=\"M1.JAPAN\" src=\"https:\/\/i0.wp.com\/joyana.fr\/wp-content\/uploads\/2013\/09\/M1.JAPAN_1-576x378.jpg?resize=576%2C378&#038;ssl=1\" width=\"576\" height=\"378\" \/><\/p>\n<p style=\"text-align: center;\">En savoir + sur <a title=\"JAPAN BEST\" href=\"http:\/\/www.japan-best.net\" target=\"_blank\"><strong>JAPAN-BEST<\/strong><\/a><\/p>\n","protected":false},"excerpt":{"rendered":"<p>Premi\u00e8re \u00e9tape de notre Paris Design Week 2013, la Cit\u00e9 de la Mode et du Design dont l&#8217;\u00e9tage M1 abrite l [&hellip;]<\/p>\n","protected":false},"author":3,"featured_media":114292,"comment_status":"open","ping_status":"open","sticky":false,"template":"","format":"standard","meta":{"_coblocks_attr":"","_coblocks_dimensions":"","_coblocks_responsive_height":"","_coblocks_accordion_ie_support":"","_uag_custom_page_level_css":"","advgb_blocks_editor_width":"","advgb_blocks_columns_visual_guide":"","_genesis_hide_title":false,"_genesis_hide_breadcrumbs":false,"_genesis_hide_singular_image":false,"_genesis_hide_footer_widgets":false,"_genesis_custom_body_class":"","_genesis_custom_post_class":"","_genesis_layout":"","_themeisle_gutenberg_block_has_review":false,"_jetpack_newsletter_access":"","_jetpack_dont_email_post_to_subs":false,"_jetpack_newsletter_tier_id":0,"_jetpack_memberships_contains_paywalled_content":false,"_jetpack_memberships_contains_paid_content":false,"footnotes":""},"categories":[71,1018,905,1039,1080],"tags":[1495,1285,1496,1447,299],"class_list":{"0":"post-114281","1":"post","2":"type-post","3":"status-publish","4":"format-standard","5":"has-post-thumbnail","7":"category-architecture","8":"category-boutique","9":"category-deco-design","10":"category-france","11":"category-paris-design-week","12":"tag-pdw13","13":"tag-boutique-design","14":"tag-japan-best","15":"tag-paris-design-week","16":"tag-shop","17":"entry"},"featured_image_urls":{"full":["https:\/\/i0.wp.com\/www.joyana.fr\/wp-content\/uploads\/2013\/09\/M1-DSC09553.jpg?fit=650%2C412&ssl=1",650,412,false],"thumbnail":["https:\/\/i0.wp.com\/www.joyana.fr\/wp-content\/uploads\/2013\/09\/M1-DSC09553.jpg?resize=150%2C150&ssl=1",150,150,true],"medium":["https:\/\/i0.wp.com\/www.joyana.fr\/wp-content\/uploads\/2013\/09\/M1-DSC09553.jpg?fit=389%2C247&ssl=1",389,247,true],"medium_large":["https:\/\/i0.wp.com\/www.joyana.fr\/wp-content\/uploads\/2013\/09\/M1-DSC09553.jpg?fit=650%2C412&ssl=1",650,412,true],"large":["https:\/\/i0.wp.com\/www.joyana.fr\/wp-content\/uploads\/2013\/09\/M1-DSC09553.jpg?fit=650%2C412&ssl=1",650,412,true],"1536x1536":["https:\/\/i0.wp.com\/www.joyana.fr\/wp-content\/uploads\/2013\/09\/M1-DSC09553.jpg?fit=650%2C412&ssl=1",650,412,true],"2048x2048":["https:\/\/i0.wp.com\/www.joyana.fr\/wp-content\/uploads\/2013\/09\/M1-DSC09553.jpg?fit=650%2C412&ssl=1",650,412,true],"featured-thumb":["https:\/\/i0.wp.com\/www.joyana.fr\/wp-content\/uploads\/2013\/09\/M1-DSC09553.jpg?resize=650%2C412&ssl=1",650,412,true],"ab-block-post-grid-landscape":["https:\/\/i0.wp.com\/www.joyana.fr\/wp-content\/uploads\/2013\/09\/M1-DSC09553.jpg?resize=600%2C400&ssl=1",600,400,true],"ab-block-post-grid-square":["https:\/\/i0.wp.com\/www.joyana.fr\/wp-content\/uploads\/2013\/09\/M1-DSC09553.jpg?resize=600%2C412&ssl=1",600,412,true],"author-pro-image":["https:\/\/i0.wp.com\/www.joyana.fr\/wp-content\/uploads\/2013\/09\/M1-DSC09553.jpg?resize=360%2C412&ssl=1",360,412,true],"slider":["https:\/\/i0.wp.com\/www.joyana.fr\/wp-content\/uploads\/2013\/09\/M1-DSC09553.jpg?resize=650%2C400&ssl=1",650,400,true],"woocommerce_thumbnail":["https:\/\/i0.wp.com\/www.joyana.fr\/wp-content\/uploads\/2013\/09\/M1-DSC09553.jpg?resize=450%2C412&ssl=1",450,412,true],"woocommerce_single":["https:\/\/i0.wp.com\/www.joyana.fr\/wp-content\/uploads\/2013\/09\/M1-DSC09553.jpg?fit=650%2C412&ssl=1",650,412,true],"woocommerce_gallery_thumbnail":["https:\/\/i0.wp.com\/www.joyana.fr\/wp-content\/uploads\/2013\/09\/M1-DSC09553.jpg?resize=180%2C180&ssl=1",180,180,true],"sow-carousel-default":["https:\/\/i0.wp.com\/www.joyana.fr\/wp-content\/uploads\/2013\/09\/M1-DSC09553.jpg?resize=272%2C182&ssl=1",272,182,true]},"post_excerpt_stackable":"<p>Premi\u00e8re \u00e9tape de notre Paris Design Week 2013, la Cit\u00e9 de la Mode et du Design dont l&#8217;\u00e9tage M&hellip;<\/p>\n","category_list":"<a href=\"https:\/\/www.joyana.fr\/ja\/category\/portfolio\/architecture\/\" rel=\"category tag\">ARCHITECTURE<\/a>, <a href=\"https:\/\/www.joyana.fr\/ja\/category\/deco-design\/architecture-deco-design\/lieux-design\/boutique\/\" rel=\"category tag\">Boutique<\/a>, <a href=\"https:\/\/www.joyana.fr\/ja\/category\/deco-design\/\" rel=\"category tag\">DECO-DESIGN<\/a>, <a href=\"https:\/\/www.joyana.fr\/ja\/category\/deco-design\/architecture-deco-design\/pays\/france\/\" rel=\"category tag\">France<\/a>, <a href=\"https:\/\/www.joyana.fr\/ja\/category\/deco-design\/actualite\/salon\/paris-design-week\/\" rel=\"category tag\">Paris Design Week<\/a>","author_info":{"display_name":"Jo Yana","author_link":"https:\/\/www.joyana.fr\/ja\/author\/joyana\/"},"comments_num":"0 comments","featured_image_urls_v2":{"full":["https:\/\/i0.wp.com\/www.joyana.fr\/wp-content\/uploads\/2013\/09\/M1-DSC09553.jpg?fit=650%2C412&ssl=1",650,412,false],"thumbnail":["https:\/\/i0.wp.com\/www.joyana.fr\/wp-content\/uploads\/2013\/09\/M1-DSC09553.jpg?resize=150%2C150&ssl=1",150,150,true],"medium":["https:\/\/i0.wp.com\/www.joyana.fr\/wp-content\/uploads\/2013\/09\/M1-DSC09553.jpg?fit=389%2C247&ssl=1",389,247,true],"medium_large":["https:\/\/i0.wp.com\/www.joyana.fr\/wp-content\/uploads\/2013\/09\/M1-DSC09553.jpg?fit=650%2C412&ssl=1",650,412,true],"large":["https:\/\/i0.wp.com\/www.joyana.fr\/wp-content\/uploads\/2013\/09\/M1-DSC09553.jpg?fit=650%2C412&ssl=1",650,412,true],"1536x1536":["https:\/\/i0.wp.com\/www.joyana.fr\/wp-content\/uploads\/2013\/09\/M1-DSC09553.jpg?fit=650%2C412&ssl=1",650,412,true],"2048x2048":["https:\/\/i0.wp.com\/www.joyana.fr\/wp-content\/uploads\/2013\/09\/M1-DSC09553.jpg?fit=650%2C412&ssl=1",650,412,true],"featured-thumb":["https:\/\/i0.wp.com\/www.joyana.fr\/wp-content\/uploads\/2013\/09\/M1-DSC09553.jpg?resize=650%2C412&ssl=1",650,412,true],"ab-block-post-grid-landscape":["https:\/\/i0.wp.com\/www.joyana.fr\/wp-content\/uploads\/2013\/09\/M1-DSC09553.jpg?resize=600%2C400&ssl=1",600,400,true],"ab-block-post-grid-square":["https:\/\/i0.wp.com\/www.joyana.fr\/wp-content\/uploads\/2013\/09\/M1-DSC09553.jpg?resize=600%2C412&ssl=1",600,412,true],"author-pro-image":["https:\/\/i0.wp.com\/www.joyana.fr\/wp-content\/uploads\/2013\/09\/M1-DSC09553.jpg?resize=360%2C412&ssl=1",360,412,true],"slider":["https:\/\/i0.wp.com\/www.joyana.fr\/wp-content\/uploads\/2013\/09\/M1-DSC09553.jpg?resize=650%2C400&ssl=1",650,400,true],"woocommerce_thumbnail":["https:\/\/i0.wp.com\/www.joyana.fr\/wp-content\/uploads\/2013\/09\/M1-DSC09553.jpg?resize=450%2C412&ssl=1",450,412,true],"woocommerce_single":["https:\/\/i0.wp.com\/www.joyana.fr\/wp-content\/uploads\/2013\/09\/M1-DSC09553.jpg?fit=650%2C412&ssl=1",650,412,true],"woocommerce_gallery_thumbnail":["https:\/\/i0.wp.com\/www.joyana.fr\/wp-content\/uploads\/2013\/09\/M1-DSC09553.jpg?resize=180%2C180&ssl=1",180,180,true],"sow-carousel-default":["https:\/\/i0.wp.com\/www.joyana.fr\/wp-content\/uploads\/2013\/09\/M1-DSC09553.jpg?resize=272%2C182&ssl=1",272,182,true]},"post_excerpt_stackable_v2":"<p>Premi\u00e8re \u00e9tape de notre Paris Design Week 2013, la Cit\u00e9 de la Mode et du Design dont l&#8217;\u00e9tage M&hellip;<\/p>\n","category_list_v2":"<a href=\"https:\/\/www.joyana.fr\/ja\/category\/portfolio\/architecture\/\" rel=\"category tag\">ARCHITECTURE<\/a>, <a href=\"https:\/\/www.joyana.fr\/ja\/category\/deco-design\/architecture-deco-design\/lieux-design\/boutique\/\" rel=\"category tag\">Boutique<\/a>, <a href=\"https:\/\/www.joyana.fr\/ja\/category\/deco-design\/\" rel=\"category tag\">DECO-DESIGN<\/a>, <a href=\"https:\/\/www.joyana.fr\/ja\/category\/deco-design\/architecture-deco-design\/pays\/france\/\" rel=\"category tag\">France<\/a>, <a href=\"https:\/\/www.joyana.fr\/ja\/category\/deco-design\/actualite\/salon\/paris-design-week\/\" rel=\"category tag\">Paris Design Week<\/a>","author_info_v2":{"name":"Jo Yana","url":"https:\/\/www.joyana.fr\/ja\/author\/joyana\/"},"comments_num_v2":"0 comments","yoast_head":"<!-- This site is optimized with the Yoast SEO plugin v26.8 - https:\/\/yoast.com\/product\/yoast-seo-wordpress\/ -->\n<title>#PDW13 - JAPAN-BEST - Le Pop Up store du Design Japonais - JO YANA<\/title>\n<meta name=\"robots\" content=\"index, follow, max-snippet:-1, max-image-preview:large, max-video-preview:-1\" \/>\n<link rel=\"canonical\" href=\"https:\/\/www.joyana.fr\/ja\/pdw13-japan-best-le-pop-up-store-du-design-japonais\/114281\/\" \/>\n<meta property=\"og:locale\" content=\"ja_JP\" \/>\n<meta property=\"og:locale:alternate\" content=\"fr_FR\" \/>\n<meta property=\"og:locale:alternate\" content=\"en_US\" \/>\n<meta property=\"og:type\" content=\"article\" \/>\n<meta property=\"og:title\" content=\"#PDW13 - JAPAN-BEST - Le Pop Up store du Design Japonais - JO YANA\" \/>\n<meta property=\"og:description\" content=\"Premi\u00e8re \u00e9tape de notre Paris Design Week 2013, la Cit\u00e9 de la Mode et du Design dont l&#8217;\u00e9tage M1 abrite l [&hellip;]\" \/>\n<meta property=\"og:url\" content=\"https:\/\/www.joyana.fr\/ja\/pdw13-japan-best-le-pop-up-store-du-design-japonais\/114281\/\" \/>\n<meta property=\"og:site_name\" content=\"JO YANA\" \/>\n<meta property=\"article:published_time\" content=\"2013-09-11T12:02:36+00:00\" \/>\n<meta property=\"og:image\" content=\"https:\/\/www.joyana.fr\/wp-content\/uploads\/2013\/09\/M1-DSC09553.jpg\" \/>\n\t<meta property=\"og:image:width\" content=\"650\" \/>\n\t<meta property=\"og:image:height\" content=\"412\" \/>\n\t<meta property=\"og:image:type\" content=\"image\/jpeg\" \/>\n<meta name=\"author\" content=\"Jo Yana\" \/>\n<meta name=\"twitter:card\" content=\"summary_large_image\" \/>\n<meta name=\"twitter:creator\" content=\"@Jo_Yana\" \/>\n<meta name=\"twitter:site\" content=\"@Jo_Yana\" \/>\n<meta name=\"twitter:label1\" content=\"\u57f7\u7b46\u8005\" \/>\n\t<meta name=\"twitter:data1\" content=\"Jo Yana\" \/>\n\t<meta name=\"twitter:label2\" content=\"\u63a8\u5b9a\u8aad\u307f\u53d6\u308a\u6642\u9593\" \/>\n\t<meta name=\"twitter:data2\" content=\"1\u5206\" \/>\n<script type=\"application\/ld+json\" class=\"yoast-schema-graph\">{\"@context\":\"https:\/\/schema.org\",\"@graph\":[{\"@type\":\"Article\",\"@id\":\"https:\/\/www.joyana.fr\/ja\/pdw13-japan-best-le-pop-up-store-du-design-japonais\/114281\/#article\",\"isPartOf\":{\"@id\":\"https:\/\/www.joyana.fr\/ja\/pdw13-japan-best-le-pop-up-store-du-design-japonais\/114281\/\"},\"author\":{\"name\":\"Jo Yana\",\"@id\":\"https:\/\/joyana.fr\/#\/schema\/person\/cf2a1ad12a27c12c21801075bf37407c\"},\"headline\":\"#PDW13 &#8211; JAPAN-BEST &#8211; Le Pop Up store du Design Japonais\",\"datePublished\":\"2013-09-11T12:02:36+00:00\",\"mainEntityOfPage\":{\"@id\":\"https:\/\/www.joyana.fr\/ja\/pdw13-japan-best-le-pop-up-store-du-design-japonais\/114281\/\"},\"wordCount\":155,\"commentCount\":0,\"publisher\":{\"@id\":\"https:\/\/joyana.fr\/#\/schema\/person\/cf2a1ad12a27c12c21801075bf37407c\"},\"image\":{\"@id\":\"https:\/\/www.joyana.fr\/ja\/pdw13-japan-best-le-pop-up-store-du-design-japonais\/114281\/#primaryimage\"},\"thumbnailUrl\":\"https:\/\/i0.wp.com\/www.joyana.fr\/wp-content\/uploads\/2013\/09\/M1-DSC09553.jpg?fit=650%2C412&ssl=1\",\"keywords\":[\"#PDW13\",\"Boutique design\",\"Japan-Best\",\"Paris Design Week\",\"Shop\"],\"articleSection\":[\"ARCHITECTURE\",\"Boutique\",\"DECO-DESIGN\",\"France\",\"Paris Design Week\"],\"inLanguage\":\"ja\",\"potentialAction\":[{\"@type\":\"CommentAction\",\"name\":\"Comment\",\"target\":[\"https:\/\/www.joyana.fr\/ja\/pdw13-japan-best-le-pop-up-store-du-design-japonais\/114281\/#respond\"]}]},{\"@type\":\"WebPage\",\"@id\":\"https:\/\/www.joyana.fr\/ja\/pdw13-japan-best-le-pop-up-store-du-design-japonais\/114281\/\",\"url\":\"https:\/\/www.joyana.fr\/ja\/pdw13-japan-best-le-pop-up-store-du-design-japonais\/114281\/\",\"name\":\"#PDW13 - JAPAN-BEST - Le Pop Up store du Design Japonais - JO YANA\",\"isPartOf\":{\"@id\":\"https:\/\/joyana.fr\/#website\"},\"primaryImageOfPage\":{\"@id\":\"https:\/\/www.joyana.fr\/ja\/pdw13-japan-best-le-pop-up-store-du-design-japonais\/114281\/#primaryimage\"},\"image\":{\"@id\":\"https:\/\/www.joyana.fr\/ja\/pdw13-japan-best-le-pop-up-store-du-design-japonais\/114281\/#primaryimage\"},\"thumbnailUrl\":\"https:\/\/i0.wp.com\/www.joyana.fr\/wp-content\/uploads\/2013\/09\/M1-DSC09553.jpg?fit=650%2C412&ssl=1\",\"datePublished\":\"2013-09-11T12:02:36+00:00\",\"breadcrumb\":{\"@id\":\"https:\/\/www.joyana.fr\/ja\/pdw13-japan-best-le-pop-up-store-du-design-japonais\/114281\/#breadcrumb\"},\"inLanguage\":\"ja\",\"potentialAction\":[{\"@type\":\"ReadAction\",\"target\":[\"https:\/\/www.joyana.fr\/ja\/pdw13-japan-best-le-pop-up-store-du-design-japonais\/114281\/\"]}]},{\"@type\":\"ImageObject\",\"inLanguage\":\"ja\",\"@id\":\"https:\/\/www.joyana.fr\/ja\/pdw13-japan-best-le-pop-up-store-du-design-japonais\/114281\/#primaryimage\",\"url\":\"https:\/\/i0.wp.com\/www.joyana.fr\/wp-content\/uploads\/2013\/09\/M1-DSC09553.jpg?fit=650%2C412&ssl=1\",\"contentUrl\":\"https:\/\/i0.wp.com\/www.joyana.fr\/wp-content\/uploads\/2013\/09\/M1-DSC09553.jpg?fit=650%2C412&ssl=1\",\"width\":650,\"height\":412},{\"@type\":\"BreadcrumbList\",\"@id\":\"https:\/\/www.joyana.fr\/ja\/pdw13-japan-best-le-pop-up-store-du-design-japonais\/114281\/#breadcrumb\",\"itemListElement\":[{\"@type\":\"ListItem\",\"position\":1,\"name\":\"Accueil\",\"item\":\"https:\/\/joyana.fr\/\"},{\"@type\":\"ListItem\",\"position\":2,\"name\":\"#PDW13 &#8211; JAPAN-BEST &#8211; Le Pop Up store du Design Japonais\"}]},{\"@type\":\"WebSite\",\"@id\":\"https:\/\/joyana.fr\/#website\",\"url\":\"https:\/\/joyana.fr\/\",\"name\":\"JO YANA\",\"description\":\"Blog Mode Homme, Lifestyle, D\u00e9co-Design\",\"publisher\":{\"@id\":\"https:\/\/joyana.fr\/#\/schema\/person\/cf2a1ad12a27c12c21801075bf37407c\"},\"potentialAction\":[{\"@type\":\"SearchAction\",\"target\":{\"@type\":\"EntryPoint\",\"urlTemplate\":\"https:\/\/joyana.fr\/?s={search_term_string}\"},\"query-input\":{\"@type\":\"PropertyValueSpecification\",\"valueRequired\":true,\"valueName\":\"search_term_string\"}}],\"inLanguage\":\"ja\"},{\"@type\":[\"Person\",\"Organization\"],\"@id\":\"https:\/\/joyana.fr\/#\/schema\/person\/cf2a1ad12a27c12c21801075bf37407c\",\"name\":\"Jo Yana\",\"image\":{\"@type\":\"ImageObject\",\"inLanguage\":\"ja\",\"@id\":\"https:\/\/joyana.fr\/#\/schema\/person\/image\/\",\"url\":\"https:\/\/i0.wp.com\/www.joyana.fr\/wp-content\/uploads\/2016\/08\/cropped-joyana-logo-black-360x180.png?fit=343%2C164&ssl=1\",\"contentUrl\":\"https:\/\/i0.wp.com\/www.joyana.fr\/wp-content\/uploads\/2016\/08\/cropped-joyana-logo-black-360x180.png?fit=343%2C164&ssl=1\",\"width\":343,\"height\":164,\"caption\":\"Jo Yana\"},\"logo\":{\"@id\":\"https:\/\/joyana.fr\/#\/schema\/person\/image\/\"},\"description\":\"Jo Yana est le cr\u00e9ateur et r\u00e9dacteur en chef des sites DECO-DESIGN. Passionn\u00e9 de Design, Mode, Photo, Luxe, Lifestyle, Musique, mais avant tout Blogueur ! Le plaisir de partager l'anime et a comme devise \\\"POUR L'AMOUR DU BEAU\\\". Retrouvez le aussi sur son blog personnel - https:\/\/joyana.fr...\",\"sameAs\":[\"https:\/\/joyana.fr\/\"],\"url\":\"https:\/\/www.joyana.fr\/ja\/author\/joyana\/\"}]}<\/script>\n<!-- \/ Yoast SEO plugin. -->","yoast_head_json":{"title":"#PDW13 - JAPAN-BEST - Le Pop Up store du Design Japonais - JO YANA","robots":{"index":"index","follow":"follow","max-snippet":"max-snippet:-1","max-image-preview":"max-image-preview:large","max-video-preview":"max-video-preview:-1"},"canonical":"https:\/\/www.joyana.fr\/ja\/pdw13-japan-best-le-pop-up-store-du-design-japonais\/114281\/","og_locale":"ja_JP","og_type":"article","og_title":"#PDW13 - JAPAN-BEST - Le Pop Up store du Design Japonais - JO YANA","og_description":"Premi\u00e8re \u00e9tape de notre Paris Design Week 2013, la Cit\u00e9 de la Mode et du Design dont l&#8217;\u00e9tage M1 abrite l [&hellip;]","og_url":"https:\/\/www.joyana.fr\/ja\/pdw13-japan-best-le-pop-up-store-du-design-japonais\/114281\/","og_site_name":"JO YANA","article_published_time":"2013-09-11T12:02:36+00:00","og_image":[{"width":650,"height":412,"url":"https:\/\/www.joyana.fr\/wp-content\/uploads\/2013\/09\/M1-DSC09553.jpg","type":"image\/jpeg"}],"author":"Jo Yana","twitter_card":"summary_large_image","twitter_creator":"@Jo_Yana","twitter_site":"@Jo_Yana","twitter_misc":{"\u57f7\u7b46\u8005":"Jo Yana","\u63a8\u5b9a\u8aad\u307f\u53d6\u308a\u6642\u9593":"1\u5206"},"schema":{"@context":"https:\/\/schema.org","@graph":[{"@type":"Article","@id":"https:\/\/www.joyana.fr\/ja\/pdw13-japan-best-le-pop-up-store-du-design-japonais\/114281\/#article","isPartOf":{"@id":"https:\/\/www.joyana.fr\/ja\/pdw13-japan-best-le-pop-up-store-du-design-japonais\/114281\/"},"author":{"name":"Jo Yana","@id":"https:\/\/joyana.fr\/#\/schema\/person\/cf2a1ad12a27c12c21801075bf37407c"},"headline":"#PDW13 &#8211; JAPAN-BEST &#8211; Le Pop Up store du Design Japonais","datePublished":"2013-09-11T12:02:36+00:00","mainEntityOfPage":{"@id":"https:\/\/www.joyana.fr\/ja\/pdw13-japan-best-le-pop-up-store-du-design-japonais\/114281\/"},"wordCount":155,"commentCount":0,"publisher":{"@id":"https:\/\/joyana.fr\/#\/schema\/person\/cf2a1ad12a27c12c21801075bf37407c"},"image":{"@id":"https:\/\/www.joyana.fr\/ja\/pdw13-japan-best-le-pop-up-store-du-design-japonais\/114281\/#primaryimage"},"thumbnailUrl":"https:\/\/i0.wp.com\/www.joyana.fr\/wp-content\/uploads\/2013\/09\/M1-DSC09553.jpg?fit=650%2C412&ssl=1","keywords":["#PDW13","Boutique design","Japan-Best","Paris Design Week","Shop"],"articleSection":["ARCHITECTURE","Boutique","DECO-DESIGN","France","Paris Design Week"],"inLanguage":"ja","potentialAction":[{"@type":"CommentAction","name":"Comment","target":["https:\/\/www.joyana.fr\/ja\/pdw13-japan-best-le-pop-up-store-du-design-japonais\/114281\/#respond"]}]},{"@type":"WebPage","@id":"https:\/\/www.joyana.fr\/ja\/pdw13-japan-best-le-pop-up-store-du-design-japonais\/114281\/","url":"https:\/\/www.joyana.fr\/ja\/pdw13-japan-best-le-pop-up-store-du-design-japonais\/114281\/","name":"#PDW13 - JAPAN-BEST - Le Pop Up store du Design Japonais - JO YANA","isPartOf":{"@id":"https:\/\/joyana.fr\/#website"},"primaryImageOfPage":{"@id":"https:\/\/www.joyana.fr\/ja\/pdw13-japan-best-le-pop-up-store-du-design-japonais\/114281\/#primaryimage"},"image":{"@id":"https:\/\/www.joyana.fr\/ja\/pdw13-japan-best-le-pop-up-store-du-design-japonais\/114281\/#primaryimage"},"thumbnailUrl":"https:\/\/i0.wp.com\/www.joyana.fr\/wp-content\/uploads\/2013\/09\/M1-DSC09553.jpg?fit=650%2C412&ssl=1","datePublished":"2013-09-11T12:02:36+00:00","breadcrumb":{"@id":"https:\/\/www.joyana.fr\/ja\/pdw13-japan-best-le-pop-up-store-du-design-japonais\/114281\/#breadcrumb"},"inLanguage":"ja","potentialAction":[{"@type":"ReadAction","target":["https:\/\/www.joyana.fr\/ja\/pdw13-japan-best-le-pop-up-store-du-design-japonais\/114281\/"]}]},{"@type":"ImageObject","inLanguage":"ja","@id":"https:\/\/www.joyana.fr\/ja\/pdw13-japan-best-le-pop-up-store-du-design-japonais\/114281\/#primaryimage","url":"https:\/\/i0.wp.com\/www.joyana.fr\/wp-content\/uploads\/2013\/09\/M1-DSC09553.jpg?fit=650%2C412&ssl=1","contentUrl":"https:\/\/i0.wp.com\/www.joyana.fr\/wp-content\/uploads\/2013\/09\/M1-DSC09553.jpg?fit=650%2C412&ssl=1","width":650,"height":412},{"@type":"BreadcrumbList","@id":"https:\/\/www.joyana.fr\/ja\/pdw13-japan-best-le-pop-up-store-du-design-japonais\/114281\/#breadcrumb","itemListElement":[{"@type":"ListItem","position":1,"name":"Accueil","item":"https:\/\/joyana.fr\/"},{"@type":"ListItem","position":2,"name":"#PDW13 &#8211; JAPAN-BEST &#8211; Le Pop Up store du Design Japonais"}]},{"@type":"WebSite","@id":"https:\/\/joyana.fr\/#website","url":"https:\/\/joyana.fr\/","name":"JO YANA","description":"Blog Mode Homme, Lifestyle, D\u00e9co-Design","publisher":{"@id":"https:\/\/joyana.fr\/#\/schema\/person\/cf2a1ad12a27c12c21801075bf37407c"},"potentialAction":[{"@type":"SearchAction","target":{"@type":"EntryPoint","urlTemplate":"https:\/\/joyana.fr\/?s={search_term_string}"},"query-input":{"@type":"PropertyValueSpecification","valueRequired":true,"valueName":"search_term_string"}}],"inLanguage":"ja"},{"@type":["Person","Organization"],"@id":"https:\/\/joyana.fr\/#\/schema\/person\/cf2a1ad12a27c12c21801075bf37407c","name":"Jo Yana","image":{"@type":"ImageObject","inLanguage":"ja","@id":"https:\/\/joyana.fr\/#\/schema\/person\/image\/","url":"https:\/\/i0.wp.com\/www.joyana.fr\/wp-content\/uploads\/2016\/08\/cropped-joyana-logo-black-360x180.png?fit=343%2C164&ssl=1","contentUrl":"https:\/\/i0.wp.com\/www.joyana.fr\/wp-content\/uploads\/2016\/08\/cropped-joyana-logo-black-360x180.png?fit=343%2C164&ssl=1","width":343,"height":164,"caption":"Jo Yana"},"logo":{"@id":"https:\/\/joyana.fr\/#\/schema\/person\/image\/"},"description":"Jo Yana est le cr\u00e9ateur et r\u00e9dacteur en chef des sites DECO-DESIGN. Passionn\u00e9 de Design, Mode, Photo, Luxe, Lifestyle, Musique, mais avant tout Blogueur ! Le plaisir de partager l'anime et a comme devise \"POUR L'AMOUR DU BEAU\". Retrouvez le aussi sur son blog personnel - https:\/\/joyana.fr...","sameAs":["https:\/\/joyana.fr\/"],"url":"https:\/\/www.joyana.fr\/ja\/author\/joyana\/"}]}},"author_meta":{"display_name":"Jo Yana","author_link":"https:\/\/www.joyana.fr\/ja\/author\/joyana\/"},"featured_img":"https:\/\/i0.wp.com\/www.joyana.fr\/wp-content\/uploads\/2013\/09\/M1-DSC09553.jpg?fit=389%2C247&ssl=1","featured_image_src":"https:\/\/i0.wp.com\/www.joyana.fr\/wp-content\/uploads\/2013\/09\/M1-DSC09553.jpg?resize=600%2C400&ssl=1","featured_image_src_square":"https:\/\/i0.wp.com\/www.joyana.fr\/wp-content\/uploads\/2013\/09\/M1-DSC09553.jpg?resize=600%2C412&ssl=1","jetpack_featured_media_url":"https:\/\/i0.wp.com\/www.joyana.fr\/wp-content\/uploads\/2013\/09\/M1-DSC09553.jpg?fit=650%2C412&ssl=1","uagb_featured_image_src":{"full":["https:\/\/i0.wp.com\/www.joyana.fr\/wp-content\/uploads\/2013\/09\/M1-DSC09553.jpg?fit=650%2C412&ssl=1",650,412,false],"thumbnail":["https:\/\/i0.wp.com\/www.joyana.fr\/wp-content\/uploads\/2013\/09\/M1-DSC09553.jpg?resize=150%2C150&ssl=1",150,150,true],"medium":["https:\/\/i0.wp.com\/www.joyana.fr\/wp-content\/uploads\/2013\/09\/M1-DSC09553.jpg?fit=389%2C247&ssl=1",389,247,true],"medium_large":["https:\/\/i0.wp.com\/www.joyana.fr\/wp-content\/uploads\/2013\/09\/M1-DSC09553.jpg?fit=650%2C412&ssl=1",650,412,true],"large":["https:\/\/i0.wp.com\/www.joyana.fr\/wp-content\/uploads\/2013\/09\/M1-DSC09553.jpg?fit=650%2C412&ssl=1",650,412,true],"1536x1536":["https:\/\/i0.wp.com\/www.joyana.fr\/wp-content\/uploads\/2013\/09\/M1-DSC09553.jpg?fit=650%2C412&ssl=1",650,412,true],"2048x2048":["https:\/\/i0.wp.com\/www.joyana.fr\/wp-content\/uploads\/2013\/09\/M1-DSC09553.jpg?fit=650%2C412&ssl=1",650,412,true],"featured-thumb":["https:\/\/i0.wp.com\/www.joyana.fr\/wp-content\/uploads\/2013\/09\/M1-DSC09553.jpg?resize=650%2C412&ssl=1",650,412,true],"ab-block-post-grid-landscape":["https:\/\/i0.wp.com\/www.joyana.fr\/wp-content\/uploads\/2013\/09\/M1-DSC09553.jpg?resize=600%2C400&ssl=1",600,400,true],"ab-block-post-grid-square":["https:\/\/i0.wp.com\/www.joyana.fr\/wp-content\/uploads\/2013\/09\/M1-DSC09553.jpg?resize=600%2C412&ssl=1",600,412,true],"author-pro-image":["https:\/\/i0.wp.com\/www.joyana.fr\/wp-content\/uploads\/2013\/09\/M1-DSC09553.jpg?resize=360%2C412&ssl=1",360,412,true],"slider":["https:\/\/i0.wp.com\/www.joyana.fr\/wp-content\/uploads\/2013\/09\/M1-DSC09553.jpg?resize=650%2C400&ssl=1",650,400,true],"woocommerce_thumbnail":["https:\/\/i0.wp.com\/www.joyana.fr\/wp-content\/uploads\/2013\/09\/M1-DSC09553.jpg?resize=450%2C412&ssl=1",450,412,true],"woocommerce_single":["https:\/\/i0.wp.com\/www.joyana.fr\/wp-content\/uploads\/2013\/09\/M1-DSC09553.jpg?fit=650%2C412&ssl=1",650,412,true],"woocommerce_gallery_thumbnail":["https:\/\/i0.wp.com\/www.joyana.fr\/wp-content\/uploads\/2013\/09\/M1-DSC09553.jpg?resize=180%2C180&ssl=1",180,180,true],"sow-carousel-default":["https:\/\/i0.wp.com\/www.joyana.fr\/wp-content\/uploads\/2013\/09\/M1-DSC09553.jpg?resize=272%2C182&ssl=1",272,182,true]},"uagb_author_info":{"display_name":"Jo Yana","author_link":"https:\/\/www.joyana.fr\/ja\/author\/joyana\/"},"uagb_comment_info":0,"uagb_excerpt":"Premi\u00e8re \u00e9tape de notre Paris Design Week 2013, la Cit\u00e9&hellip;","coauthors":[],"tax_additional":{"categories":{"linked":["<a href=\"https:\/\/www.joyana.fr\/ja\/category\/portfolio\/architecture\/\" class=\"advgb-post-tax-term\">ARCHITECTURE<\/a>","<a href=\"https:\/\/www.joyana.fr\/ja\/category\/deco-design\/architecture-deco-design\/lieux-design\/boutique\/\" class=\"advgb-post-tax-term\">Boutique<\/a>","<a href=\"https:\/\/www.joyana.fr\/ja\/category\/deco-design\/\" class=\"advgb-post-tax-term\">DECO-DESIGN<\/a>","<a href=\"https:\/\/www.joyana.fr\/ja\/category\/deco-design\/architecture-deco-design\/pays\/france\/\" class=\"advgb-post-tax-term\">France<\/a>","<a href=\"https:\/\/www.joyana.fr\/ja\/category\/deco-design\/actualite\/salon\/paris-design-week\/\" class=\"advgb-post-tax-term\">Paris Design Week<\/a>"],"unlinked":["<span class=\"advgb-post-tax-term\">ARCHITECTURE<\/span>","<span class=\"advgb-post-tax-term\">Boutique<\/span>","<span class=\"advgb-post-tax-term\">DECO-DESIGN<\/span>","<span class=\"advgb-post-tax-term\">France<\/span>","<span class=\"advgb-post-tax-term\">Paris Design Week<\/span>"]},"tags":{"linked":["<a href=\"https:\/\/www.joyana.fr\/ja\/category\/deco-design\/actualite\/salon\/paris-design-week\/\" class=\"advgb-post-tax-term\">#PDW13<\/a>","<a href=\"https:\/\/www.joyana.fr\/ja\/category\/deco-design\/actualite\/salon\/paris-design-week\/\" class=\"advgb-post-tax-term\">Boutique design<\/a>","<a href=\"https:\/\/www.joyana.fr\/ja\/category\/deco-design\/actualite\/salon\/paris-design-week\/\" class=\"advgb-post-tax-term\">Japan-Best<\/a>","<a href=\"https:\/\/www.joyana.fr\/ja\/category\/deco-design\/actualite\/salon\/paris-design-week\/\" class=\"advgb-post-tax-term\">Paris Design Week<\/a>","<a href=\"https:\/\/www.joyana.fr\/ja\/category\/deco-design\/actualite\/salon\/paris-design-week\/\" class=\"advgb-post-tax-term\">Shop<\/a>"],"unlinked":["<span class=\"advgb-post-tax-term\">#PDW13<\/span>","<span class=\"advgb-post-tax-term\">Boutique design<\/span>","<span class=\"advgb-post-tax-term\">Japan-Best<\/span>","<span class=\"advgb-post-tax-term\">Paris Design Week<\/span>","<span class=\"advgb-post-tax-term\">Shop<\/span>"]}},"comment_count":0,"relative_dates":{"created":"Posted 13\u5e74 ago","modified":"Updated 13\u5e74 ago"},"absolute_dates":{"created":"Posted on 11 9\u6708 2013","modified":"Updated on 11 9\u6708 2013"},"absolute_dates_time":{"created":"Posted on 11 9\u6708 2013 13:02","modified":"Updated on 11 9\u6708 2013 13:02"},"featured_img_caption":"","series_order":"","jetpack_sharing_enabled":true,"jetpack_shortlink":"https:\/\/wp.me\/p9bteI-tJf","jetpack-related-posts":[],"_links":{"self":[{"href":"https:\/\/www.joyana.fr\/ja\/wp-json\/wp\/v2\/posts\/114281","targetHints":{"allow":["GET"]}}],"collection":[{"href":"https:\/\/www.joyana.fr\/ja\/wp-json\/wp\/v2\/posts"}],"about":[{"href":"https:\/\/www.joyana.fr\/ja\/wp-json\/wp\/v2\/types\/post"}],"author":[{"embeddable":true,"href":"https:\/\/www.joyana.fr\/ja\/wp-json\/wp\/v2\/users\/3"}],"replies":[{"embeddable":true,"href":"https:\/\/www.joyana.fr\/ja\/wp-json\/wp\/v2\/comments?post=114281"}],"version-history":[{"count":0,"href":"https:\/\/www.joyana.fr\/ja\/wp-json\/wp\/v2\/posts\/114281\/revisions"}],"wp:featuredmedia":[{"embeddable":true,"href":"https:\/\/www.joyana.fr\/ja\/wp-json\/wp\/v2\/media\/114292"}],"wp:attachment":[{"href":"https:\/\/www.joyana.fr\/ja\/wp-json\/wp\/v2\/media?parent=114281"}],"wp:term":[{"taxonomy":"category","embeddable":true,"href":"https:\/\/www.joyana.fr\/ja\/wp-json\/wp\/v2\/categories?post=114281"},{"taxonomy":"post_tag","embeddable":true,"href":"https:\/\/www.joyana.fr\/ja\/wp-json\/wp\/v2\/tags?post=114281"}],"curies":[{"name":"wp","href":"https:\/\/api.w.org\/{rel}","templated":true}]}}