{"id":114244,"date":"2013-09-09T14:03:54","date_gmt":"2013-09-09T13:03:54","guid":{"rendered":"https:\/\/joyana.fr\/?p=14244"},"modified":"2013-09-09T14:03:54","modified_gmt":"2013-09-09T13:03:54","slug":"mo13-appliques-design-nenuphar-par-kristian-gavoille-x-designheure","status":"publish","type":"post","link":"https:\/\/www.joyana.fr\/ja\/mo13-appliques-design-nenuphar-par-kristian-gavoille-x-designheure\/114244\/","title":{"rendered":"#MO13 &#8211; Appliques design NENUPHAR par Kristian GAVOILLE x DesignHeure"},"content":{"rendered":"<p><strong>DesignHeure<\/strong> proposait aux visiteurs de leur stand sur <a title=\"MAISON &#038; OBJET\" href=\"https:\/\/joyana.fr\/maison-objet-2013-le-live-reportages-et-informations\/11694\/\" target=\"_blank\"><strong>Maison &#038; Objet<\/strong><\/a>, un immense mur orn\u00e9 de dizaines d&#8217;<strong>appliques NENUPHAR<\/strong> &#8211; sign\u00e9e par <strong>Kristian Gavoille<\/strong>&#8230;<\/p>\n<p><img data-recalc-dims=\"1\" fetchpriority=\"high\" decoding=\"async\" alt=\"#MO13 - Appliques design NENUPHAR par Kristia GAVOILLE x DesignHeure\" src=\"https:\/\/i0.wp.com\/joyana.fr\/wp-content\/uploads\/2013\/09\/DESIGNHEURE-DSC09322-576x383.jpg?resize=576%2C383&#038;ssl=1\" width=\"576\" height=\"383\" \/><\/p>\n<p>Tr\u00e8s po\u00e9tiques, les <strong>appliques<\/strong> <strong>NENUPHAR<\/strong> de <strong>Kristian Gavoille x DesignHeure<\/strong> sont propos\u00e9es dans deux tailles diff\u00e9rentes (petites et grandes) et ont aussi la particularit\u00e9 d&#8217;\u00eatre propos\u00e9es en trio, se chevauchant les unes sur les autres. WE LOVE IT !<\/p>\n<p><img data-recalc-dims=\"1\" decoding=\"async\" class=\"alignnone size-large wp-image-14245\" alt=\"DESIGNHEURE-DSC09319\" src=\"https:\/\/i0.wp.com\/joyana.fr\/wp-content\/uploads\/2013\/09\/DESIGNHEURE-DSC09319-576x383.jpg?resize=576%2C383&#038;ssl=1\" width=\"576\" height=\"383\" \/><\/p>\n<p>Les <strong>appliques design NENUPHAR<\/strong> sont propos\u00e9es en deux couleurs de finition (Gris\/Int\u00e9rieur Orange &#038; Marron\/int\u00e9rieur Turquoise) et arborent un abat-jour en percaline de coton et une pat\u00e8re en acier thermolaqu\u00e9&#8230;<\/p>\n<p><img data-recalc-dims=\"1\" decoding=\"async\" class=\"alignnone size-large wp-image-14246\" alt=\"#MO13 - Appliques design NENUPHAR par Kristia GAVOILLE x DesignHeure\" src=\"https:\/\/i0.wp.com\/joyana.fr\/wp-content\/uploads\/2013\/09\/DESIGNHEURE-DSC09321-576x383.jpg?resize=576%2C383&#038;ssl=1\" width=\"576\" height=\"383\" \/><\/p>\n<p><img data-recalc-dims=\"1\" loading=\"lazy\" decoding=\"async\" class=\"alignnone size-large wp-image-14248\" alt=\"#MO13 - Appliques design NENUPHAR par Kristia GAVOILLE x DesignHeure\" src=\"https:\/\/i0.wp.com\/joyana.fr\/wp-content\/uploads\/2013\/09\/DESIGNHEURE-DSC09323-576x383.jpg?resize=576%2C383&#038;ssl=1\" width=\"576\" height=\"383\" \/><\/p>\n<p style=\"text-align: center;\">En savoir + sur <strong><a title=\"DESIGNHEURE\" href=\"http:\/\/fr.designheure.com\/qui.html\" target=\"_blank\">DESIGNHEURE<\/a><\/strong> &#038; <strong><a href=\"http:\/\/www.kristiangavoille.com\" target=\"_blank\">Kristian GAVOILLE<\/a><\/strong><\/p>\n","protected":false},"excerpt":{"rendered":"<p>DesignHeure proposait aux visiteurs de leur stand sur Maison &#038; Objet, un immense mur orn\u00e9 de dizaines d&#038;# [&hellip;]<\/p>\n","protected":false},"author":3,"featured_media":114247,"comment_status":"open","ping_status":"open","sticky":false,"template":"","format":"standard","meta":{"_coblocks_attr":"","_coblocks_dimensions":"","_coblocks_responsive_height":"","_coblocks_accordion_ie_support":"","_uag_custom_page_level_css":"","advgb_blocks_editor_width":"","advgb_blocks_columns_visual_guide":"","_genesis_hide_title":false,"_genesis_hide_breadcrumbs":false,"_genesis_hide_singular_image":false,"_genesis_hide_footer_widgets":false,"_genesis_custom_body_class":"","_genesis_custom_post_class":"","_genesis_layout":"","_themeisle_gutenberg_block_has_review":false,"_jetpack_newsletter_access":"","_jetpack_dont_email_post_to_subs":false,"_jetpack_newsletter_tier_id":0,"_jetpack_memberships_contains_paywalled_content":false,"_jetpack_memberships_contains_paid_content":false,"footnotes":""},"categories":[1025,905,917,961],"tags":[1484,1126,1299,78,1487,1488,962],"class_list":{"0":"post-114244","1":"post","2":"type-post","3":"status-publish","4":"format-standard","5":"has-post-thumbnail","7":"category-applique","8":"category-deco-design","9":"category-luminaire","10":"category-maison-et-objet","11":"tag-mo13","12":"tag-applique","13":"tag-applique-design","14":"tag-design","15":"tag-designheure","16":"tag-kristian-gavoille","17":"tag-maison-objet","18":"entry"},"featured_image_urls":{"full":["https:\/\/i0.wp.com\/www.joyana.fr\/wp-content\/uploads\/2013\/09\/DESIGNHEURE-DSC09322.jpg?fit=650%2C433&ssl=1",650,433,false],"thumbnail":["https:\/\/i0.wp.com\/www.joyana.fr\/wp-content\/uploads\/2013\/09\/DESIGNHEURE-DSC09322.jpg?resize=150%2C150&ssl=1",150,150,true],"medium":["https:\/\/i0.wp.com\/www.joyana.fr\/wp-content\/uploads\/2013\/09\/DESIGNHEURE-DSC09322.jpg?fit=389%2C259&ssl=1",389,259,true],"medium_large":["https:\/\/i0.wp.com\/www.joyana.fr\/wp-content\/uploads\/2013\/09\/DESIGNHEURE-DSC09322.jpg?fit=650%2C433&ssl=1",650,433,true],"large":["https:\/\/i0.wp.com\/www.joyana.fr\/wp-content\/uploads\/2013\/09\/DESIGNHEURE-DSC09322.jpg?fit=650%2C433&ssl=1",650,433,true],"1536x1536":["https:\/\/i0.wp.com\/www.joyana.fr\/wp-content\/uploads\/2013\/09\/DESIGNHEURE-DSC09322.jpg?fit=650%2C433&ssl=1",650,433,true],"2048x2048":["https:\/\/i0.wp.com\/www.joyana.fr\/wp-content\/uploads\/2013\/09\/DESIGNHEURE-DSC09322.jpg?fit=650%2C433&ssl=1",650,433,true],"featured-thumb":["https:\/\/i0.wp.com\/www.joyana.fr\/wp-content\/uploads\/2013\/09\/DESIGNHEURE-DSC09322.jpg?resize=650%2C433&ssl=1",650,433,true],"ab-block-post-grid-landscape":["https:\/\/i0.wp.com\/www.joyana.fr\/wp-content\/uploads\/2013\/09\/DESIGNHEURE-DSC09322.jpg?resize=600%2C400&ssl=1",600,400,true],"ab-block-post-grid-square":["https:\/\/i0.wp.com\/www.joyana.fr\/wp-content\/uploads\/2013\/09\/DESIGNHEURE-DSC09322.jpg?resize=600%2C433&ssl=1",600,433,true],"author-pro-image":["https:\/\/i0.wp.com\/www.joyana.fr\/wp-content\/uploads\/2013\/09\/DESIGNHEURE-DSC09322.jpg?resize=360%2C433&ssl=1",360,433,true],"slider":["https:\/\/i0.wp.com\/www.joyana.fr\/wp-content\/uploads\/2013\/09\/DESIGNHEURE-DSC09322.jpg?resize=650%2C400&ssl=1",650,400,true],"woocommerce_thumbnail":["https:\/\/i0.wp.com\/www.joyana.fr\/wp-content\/uploads\/2013\/09\/DESIGNHEURE-DSC09322.jpg?resize=450%2C433&ssl=1",450,433,true],"woocommerce_single":["https:\/\/i0.wp.com\/www.joyana.fr\/wp-content\/uploads\/2013\/09\/DESIGNHEURE-DSC09322.jpg?fit=650%2C433&ssl=1",650,433,true],"woocommerce_gallery_thumbnail":["https:\/\/i0.wp.com\/www.joyana.fr\/wp-content\/uploads\/2013\/09\/DESIGNHEURE-DSC09322.jpg?resize=180%2C180&ssl=1",180,180,true],"sow-carousel-default":["https:\/\/i0.wp.com\/www.joyana.fr\/wp-content\/uploads\/2013\/09\/DESIGNHEURE-DSC09322.jpg?resize=272%2C182&ssl=1",272,182,true]},"post_excerpt_stackable":"<p>DesignHeure proposait aux visiteurs de leur stand sur Maison &#038; Objet, un immense mur orn\u00e9 de di&hellip;<\/p>\n","category_list":"<a href=\"https:\/\/www.joyana.fr\/ja\/category\/deco-design\/luminaire\/applique\/\" rel=\"category tag\">Applique<\/a>, <a href=\"https:\/\/www.joyana.fr\/ja\/category\/deco-design\/\" rel=\"category tag\">DECO-DESIGN<\/a>, <a href=\"https:\/\/www.joyana.fr\/ja\/category\/deco-design\/luminaire\/\" rel=\"category tag\">Luminaire<\/a>, <a href=\"https:\/\/www.joyana.fr\/ja\/category\/deco-design\/actualite\/salon\/maison-et-objet\/\" rel=\"category tag\">MAISON &amp; OBJET<\/a>","author_info":{"display_name":"Jo Yana","author_link":"https:\/\/www.joyana.fr\/ja\/author\/joyana\/"},"comments_num":"3 comments","featured_image_urls_v2":{"full":["https:\/\/i0.wp.com\/www.joyana.fr\/wp-content\/uploads\/2013\/09\/DESIGNHEURE-DSC09322.jpg?fit=650%2C433&ssl=1",650,433,false],"thumbnail":["https:\/\/i0.wp.com\/www.joyana.fr\/wp-content\/uploads\/2013\/09\/DESIGNHEURE-DSC09322.jpg?resize=150%2C150&ssl=1",150,150,true],"medium":["https:\/\/i0.wp.com\/www.joyana.fr\/wp-content\/uploads\/2013\/09\/DESIGNHEURE-DSC09322.jpg?fit=389%2C259&ssl=1",389,259,true],"medium_large":["https:\/\/i0.wp.com\/www.joyana.fr\/wp-content\/uploads\/2013\/09\/DESIGNHEURE-DSC09322.jpg?fit=650%2C433&ssl=1",650,433,true],"large":["https:\/\/i0.wp.com\/www.joyana.fr\/wp-content\/uploads\/2013\/09\/DESIGNHEURE-DSC09322.jpg?fit=650%2C433&ssl=1",650,433,true],"1536x1536":["https:\/\/i0.wp.com\/www.joyana.fr\/wp-content\/uploads\/2013\/09\/DESIGNHEURE-DSC09322.jpg?fit=650%2C433&ssl=1",650,433,true],"2048x2048":["https:\/\/i0.wp.com\/www.joyana.fr\/wp-content\/uploads\/2013\/09\/DESIGNHEURE-DSC09322.jpg?fit=650%2C433&ssl=1",650,433,true],"featured-thumb":["https:\/\/i0.wp.com\/www.joyana.fr\/wp-content\/uploads\/2013\/09\/DESIGNHEURE-DSC09322.jpg?resize=650%2C433&ssl=1",650,433,true],"ab-block-post-grid-landscape":["https:\/\/i0.wp.com\/www.joyana.fr\/wp-content\/uploads\/2013\/09\/DESIGNHEURE-DSC09322.jpg?resize=600%2C400&ssl=1",600,400,true],"ab-block-post-grid-square":["https:\/\/i0.wp.com\/www.joyana.fr\/wp-content\/uploads\/2013\/09\/DESIGNHEURE-DSC09322.jpg?resize=600%2C433&ssl=1",600,433,true],"author-pro-image":["https:\/\/i0.wp.com\/www.joyana.fr\/wp-content\/uploads\/2013\/09\/DESIGNHEURE-DSC09322.jpg?resize=360%2C433&ssl=1",360,433,true],"slider":["https:\/\/i0.wp.com\/www.joyana.fr\/wp-content\/uploads\/2013\/09\/DESIGNHEURE-DSC09322.jpg?resize=650%2C400&ssl=1",650,400,true],"woocommerce_thumbnail":["https:\/\/i0.wp.com\/www.joyana.fr\/wp-content\/uploads\/2013\/09\/DESIGNHEURE-DSC09322.jpg?resize=450%2C433&ssl=1",450,433,true],"woocommerce_single":["https:\/\/i0.wp.com\/www.joyana.fr\/wp-content\/uploads\/2013\/09\/DESIGNHEURE-DSC09322.jpg?fit=650%2C433&ssl=1",650,433,true],"woocommerce_gallery_thumbnail":["https:\/\/i0.wp.com\/www.joyana.fr\/wp-content\/uploads\/2013\/09\/DESIGNHEURE-DSC09322.jpg?resize=180%2C180&ssl=1",180,180,true],"sow-carousel-default":["https:\/\/i0.wp.com\/www.joyana.fr\/wp-content\/uploads\/2013\/09\/DESIGNHEURE-DSC09322.jpg?resize=272%2C182&ssl=1",272,182,true]},"post_excerpt_stackable_v2":"<p>DesignHeure proposait aux visiteurs de leur stand sur Maison &#038; Objet, un immense mur orn\u00e9 de di&hellip;<\/p>\n","category_list_v2":"<a href=\"https:\/\/www.joyana.fr\/ja\/category\/deco-design\/luminaire\/applique\/\" rel=\"category tag\">Applique<\/a>, <a href=\"https:\/\/www.joyana.fr\/ja\/category\/deco-design\/\" rel=\"category tag\">DECO-DESIGN<\/a>, <a href=\"https:\/\/www.joyana.fr\/ja\/category\/deco-design\/luminaire\/\" rel=\"category tag\">Luminaire<\/a>, <a href=\"https:\/\/www.joyana.fr\/ja\/category\/deco-design\/actualite\/salon\/maison-et-objet\/\" rel=\"category tag\">MAISON &amp; OBJET<\/a>","author_info_v2":{"name":"Jo Yana","url":"https:\/\/www.joyana.fr\/ja\/author\/joyana\/"},"comments_num_v2":"3 comments","yoast_head":"<!-- This site is optimized with the Yoast SEO plugin v26.8 - https:\/\/yoast.com\/product\/yoast-seo-wordpress\/ -->\n<title>#MO13 - Appliques design NENUPHAR par Kristian GAVOILLE x DesignHeure - JO YANA<\/title>\n<meta name=\"robots\" content=\"index, follow, max-snippet:-1, max-image-preview:large, max-video-preview:-1\" \/>\n<link rel=\"canonical\" href=\"https:\/\/joyana.fr\/en\/mo13-appliques-design-nenuphar-par-kristian-gavoille-x-designheure\/114244\/\" \/>\n<meta property=\"og:locale\" content=\"ja_JP\" \/>\n<meta property=\"og:locale:alternate\" content=\"fr_FR\" \/>\n<meta property=\"og:locale:alternate\" content=\"en_US\" \/>\n<meta property=\"og:type\" content=\"article\" \/>\n<meta property=\"og:title\" content=\"#MO13 - Appliques design NENUPHAR par Kristian GAVOILLE x DesignHeure - JO YANA\" \/>\n<meta property=\"og:description\" content=\"DesignHeure proposait aux visiteurs de leur stand sur Maison &amp; Objet, un immense mur orn\u00e9 de dizaines d&amp;# [&hellip;]\" \/>\n<meta property=\"og:url\" content=\"https:\/\/www.joyana.fr\/ja\/mo13-appliques-design-nenuphar-par-kristian-gavoille-x-designheure\/114244\/\" \/>\n<meta property=\"og:site_name\" content=\"JO YANA\" \/>\n<meta property=\"article:published_time\" content=\"2013-09-09T13:03:54+00:00\" \/>\n<meta property=\"og:image\" content=\"https:\/\/joyana.fr\/wp-content\/uploads\/2013\/09\/DESIGNHEURE-DSC09322.jpg\" \/>\n\t<meta property=\"og:image:width\" content=\"650\" \/>\n\t<meta property=\"og:image:height\" content=\"433\" \/>\n\t<meta property=\"og:image:type\" content=\"image\/jpeg\" \/>\n<meta name=\"author\" content=\"Jo Yana\" \/>\n<meta name=\"twitter:card\" content=\"summary_large_image\" \/>\n<meta name=\"twitter:creator\" content=\"@Jo_Yana\" \/>\n<meta name=\"twitter:site\" content=\"@Jo_Yana\" \/>\n<meta name=\"twitter:label1\" content=\"\u57f7\u7b46\u8005\" \/>\n\t<meta name=\"twitter:data1\" content=\"Jo Yana\" \/>\n\t<meta name=\"twitter:label2\" content=\"\u63a8\u5b9a\u8aad\u307f\u53d6\u308a\u6642\u9593\" \/>\n\t<meta name=\"twitter:data2\" content=\"1\u5206\" \/>\n<script type=\"application\/ld+json\" class=\"yoast-schema-graph\">{\"@context\":\"https:\/\/schema.org\",\"@graph\":[{\"@type\":\"Article\",\"@id\":\"https:\/\/joyana.fr\/en\/mo13-appliques-design-nenuphar-par-kristian-gavoille-x-designheure\/114244\/#article\",\"isPartOf\":{\"@id\":\"https:\/\/joyana.fr\/en\/mo13-appliques-design-nenuphar-par-kristian-gavoille-x-designheure\/114244\/\"},\"author\":{\"name\":\"Jo Yana\",\"@id\":\"https:\/\/joyana.fr\/#\/schema\/person\/cf2a1ad12a27c12c21801075bf37407c\"},\"headline\":\"#MO13 &#8211; Appliques design NENUPHAR par Kristian GAVOILLE x DesignHeure\",\"datePublished\":\"2013-09-09T13:03:54+00:00\",\"mainEntityOfPage\":{\"@id\":\"https:\/\/joyana.fr\/en\/mo13-appliques-design-nenuphar-par-kristian-gavoille-x-designheure\/114244\/\"},\"wordCount\":120,\"commentCount\":2,\"publisher\":{\"@id\":\"https:\/\/joyana.fr\/#\/schema\/person\/cf2a1ad12a27c12c21801075bf37407c\"},\"image\":{\"@id\":\"https:\/\/joyana.fr\/en\/mo13-appliques-design-nenuphar-par-kristian-gavoille-x-designheure\/114244\/#primaryimage\"},\"thumbnailUrl\":\"https:\/\/i0.wp.com\/www.joyana.fr\/wp-content\/uploads\/2013\/09\/DESIGNHEURE-DSC09322.jpg?fit=650%2C433&ssl=1\",\"keywords\":[\"#MO13\",\"Applique\",\"Applique design\",\"DESIGN\",\"DesignHeure\",\"Kristian GAVOILLE\",\"Maison &amp; Objet\"],\"articleSection\":[\"Applique\",\"DECO-DESIGN\",\"Luminaire\",\"MAISON &amp; OBJET\"],\"inLanguage\":\"ja\",\"potentialAction\":[{\"@type\":\"CommentAction\",\"name\":\"Comment\",\"target\":[\"https:\/\/joyana.fr\/en\/mo13-appliques-design-nenuphar-par-kristian-gavoille-x-designheure\/114244\/#respond\"]}]},{\"@type\":\"WebPage\",\"@id\":\"https:\/\/joyana.fr\/en\/mo13-appliques-design-nenuphar-par-kristian-gavoille-x-designheure\/114244\/\",\"url\":\"https:\/\/joyana.fr\/en\/mo13-appliques-design-nenuphar-par-kristian-gavoille-x-designheure\/114244\/\",\"name\":\"#MO13 - Appliques design NENUPHAR par Kristian GAVOILLE x DesignHeure - JO YANA\",\"isPartOf\":{\"@id\":\"https:\/\/joyana.fr\/#website\"},\"primaryImageOfPage\":{\"@id\":\"https:\/\/joyana.fr\/en\/mo13-appliques-design-nenuphar-par-kristian-gavoille-x-designheure\/114244\/#primaryimage\"},\"image\":{\"@id\":\"https:\/\/joyana.fr\/en\/mo13-appliques-design-nenuphar-par-kristian-gavoille-x-designheure\/114244\/#primaryimage\"},\"thumbnailUrl\":\"https:\/\/i0.wp.com\/www.joyana.fr\/wp-content\/uploads\/2013\/09\/DESIGNHEURE-DSC09322.jpg?fit=650%2C433&ssl=1\",\"datePublished\":\"2013-09-09T13:03:54+00:00\",\"breadcrumb\":{\"@id\":\"https:\/\/joyana.fr\/en\/mo13-appliques-design-nenuphar-par-kristian-gavoille-x-designheure\/114244\/#breadcrumb\"},\"inLanguage\":\"ja\",\"potentialAction\":[{\"@type\":\"ReadAction\",\"target\":[\"https:\/\/joyana.fr\/en\/mo13-appliques-design-nenuphar-par-kristian-gavoille-x-designheure\/114244\/\"]}]},{\"@type\":\"ImageObject\",\"inLanguage\":\"ja\",\"@id\":\"https:\/\/joyana.fr\/en\/mo13-appliques-design-nenuphar-par-kristian-gavoille-x-designheure\/114244\/#primaryimage\",\"url\":\"https:\/\/i0.wp.com\/www.joyana.fr\/wp-content\/uploads\/2013\/09\/DESIGNHEURE-DSC09322.jpg?fit=650%2C433&ssl=1\",\"contentUrl\":\"https:\/\/i0.wp.com\/www.joyana.fr\/wp-content\/uploads\/2013\/09\/DESIGNHEURE-DSC09322.jpg?fit=650%2C433&ssl=1\",\"width\":650,\"height\":433},{\"@type\":\"BreadcrumbList\",\"@id\":\"https:\/\/joyana.fr\/en\/mo13-appliques-design-nenuphar-par-kristian-gavoille-x-designheure\/114244\/#breadcrumb\",\"itemListElement\":[{\"@type\":\"ListItem\",\"position\":1,\"name\":\"Accueil\",\"item\":\"https:\/\/joyana.fr\/\"},{\"@type\":\"ListItem\",\"position\":2,\"name\":\"#MO13 &#8211; Appliques design NENUPHAR par Kristian GAVOILLE x DesignHeure\"}]},{\"@type\":\"WebSite\",\"@id\":\"https:\/\/joyana.fr\/#website\",\"url\":\"https:\/\/joyana.fr\/\",\"name\":\"JO YANA\",\"description\":\"Blog Mode Homme, Lifestyle, D\u00e9co-Design\",\"publisher\":{\"@id\":\"https:\/\/joyana.fr\/#\/schema\/person\/cf2a1ad12a27c12c21801075bf37407c\"},\"potentialAction\":[{\"@type\":\"SearchAction\",\"target\":{\"@type\":\"EntryPoint\",\"urlTemplate\":\"https:\/\/joyana.fr\/?s={search_term_string}\"},\"query-input\":{\"@type\":\"PropertyValueSpecification\",\"valueRequired\":true,\"valueName\":\"search_term_string\"}}],\"inLanguage\":\"ja\"},{\"@type\":[\"Person\",\"Organization\"],\"@id\":\"https:\/\/joyana.fr\/#\/schema\/person\/cf2a1ad12a27c12c21801075bf37407c\",\"name\":\"Jo Yana\",\"image\":{\"@type\":\"ImageObject\",\"inLanguage\":\"ja\",\"@id\":\"https:\/\/joyana.fr\/#\/schema\/person\/image\/\",\"url\":\"https:\/\/i0.wp.com\/www.joyana.fr\/wp-content\/uploads\/2016\/08\/cropped-joyana-logo-black-360x180.png?fit=343%2C164&ssl=1\",\"contentUrl\":\"https:\/\/i0.wp.com\/www.joyana.fr\/wp-content\/uploads\/2016\/08\/cropped-joyana-logo-black-360x180.png?fit=343%2C164&ssl=1\",\"width\":343,\"height\":164,\"caption\":\"Jo Yana\"},\"logo\":{\"@id\":\"https:\/\/joyana.fr\/#\/schema\/person\/image\/\"},\"description\":\"Jo Yana est le cr\u00e9ateur et r\u00e9dacteur en chef des sites DECO-DESIGN. Passionn\u00e9 de Design, Mode, Photo, Luxe, Lifestyle, Musique, mais avant tout Blogueur ! Le plaisir de partager l'anime et a comme devise \\\"POUR L'AMOUR DU BEAU\\\". Retrouvez le aussi sur son blog personnel - https:\/\/joyana.fr...\",\"sameAs\":[\"https:\/\/joyana.fr\/\"],\"url\":\"https:\/\/www.joyana.fr\/ja\/author\/joyana\/\"}]}<\/script>\n<!-- \/ Yoast SEO plugin. -->","yoast_head_json":{"title":"#MO13 - Appliques design NENUPHAR par Kristian GAVOILLE x DesignHeure - JO YANA","robots":{"index":"index","follow":"follow","max-snippet":"max-snippet:-1","max-image-preview":"max-image-preview:large","max-video-preview":"max-video-preview:-1"},"canonical":"https:\/\/joyana.fr\/en\/mo13-appliques-design-nenuphar-par-kristian-gavoille-x-designheure\/114244\/","og_locale":"ja_JP","og_type":"article","og_title":"#MO13 - Appliques design NENUPHAR par Kristian GAVOILLE x DesignHeure - JO YANA","og_description":"DesignHeure proposait aux visiteurs de leur stand sur Maison &#038; Objet, un immense mur orn\u00e9 de dizaines d&# [&hellip;]","og_url":"https:\/\/www.joyana.fr\/ja\/mo13-appliques-design-nenuphar-par-kristian-gavoille-x-designheure\/114244\/","og_site_name":"JO YANA","article_published_time":"2013-09-09T13:03:54+00:00","og_image":[{"width":650,"height":433,"url":"https:\/\/joyana.fr\/wp-content\/uploads\/2013\/09\/DESIGNHEURE-DSC09322.jpg","type":"image\/jpeg"}],"author":"Jo Yana","twitter_card":"summary_large_image","twitter_creator":"@Jo_Yana","twitter_site":"@Jo_Yana","twitter_misc":{"\u57f7\u7b46\u8005":"Jo Yana","\u63a8\u5b9a\u8aad\u307f\u53d6\u308a\u6642\u9593":"1\u5206"},"schema":{"@context":"https:\/\/schema.org","@graph":[{"@type":"Article","@id":"https:\/\/joyana.fr\/en\/mo13-appliques-design-nenuphar-par-kristian-gavoille-x-designheure\/114244\/#article","isPartOf":{"@id":"https:\/\/joyana.fr\/en\/mo13-appliques-design-nenuphar-par-kristian-gavoille-x-designheure\/114244\/"},"author":{"name":"Jo Yana","@id":"https:\/\/joyana.fr\/#\/schema\/person\/cf2a1ad12a27c12c21801075bf37407c"},"headline":"#MO13 &#8211; Appliques design NENUPHAR par Kristian GAVOILLE x DesignHeure","datePublished":"2013-09-09T13:03:54+00:00","mainEntityOfPage":{"@id":"https:\/\/joyana.fr\/en\/mo13-appliques-design-nenuphar-par-kristian-gavoille-x-designheure\/114244\/"},"wordCount":120,"commentCount":2,"publisher":{"@id":"https:\/\/joyana.fr\/#\/schema\/person\/cf2a1ad12a27c12c21801075bf37407c"},"image":{"@id":"https:\/\/joyana.fr\/en\/mo13-appliques-design-nenuphar-par-kristian-gavoille-x-designheure\/114244\/#primaryimage"},"thumbnailUrl":"https:\/\/i0.wp.com\/www.joyana.fr\/wp-content\/uploads\/2013\/09\/DESIGNHEURE-DSC09322.jpg?fit=650%2C433&ssl=1","keywords":["#MO13","Applique","Applique design","DESIGN","DesignHeure","Kristian GAVOILLE","Maison &amp; Objet"],"articleSection":["Applique","DECO-DESIGN","Luminaire","MAISON &amp; OBJET"],"inLanguage":"ja","potentialAction":[{"@type":"CommentAction","name":"Comment","target":["https:\/\/joyana.fr\/en\/mo13-appliques-design-nenuphar-par-kristian-gavoille-x-designheure\/114244\/#respond"]}]},{"@type":"WebPage","@id":"https:\/\/joyana.fr\/en\/mo13-appliques-design-nenuphar-par-kristian-gavoille-x-designheure\/114244\/","url":"https:\/\/joyana.fr\/en\/mo13-appliques-design-nenuphar-par-kristian-gavoille-x-designheure\/114244\/","name":"#MO13 - Appliques design NENUPHAR par Kristian GAVOILLE x DesignHeure - JO YANA","isPartOf":{"@id":"https:\/\/joyana.fr\/#website"},"primaryImageOfPage":{"@id":"https:\/\/joyana.fr\/en\/mo13-appliques-design-nenuphar-par-kristian-gavoille-x-designheure\/114244\/#primaryimage"},"image":{"@id":"https:\/\/joyana.fr\/en\/mo13-appliques-design-nenuphar-par-kristian-gavoille-x-designheure\/114244\/#primaryimage"},"thumbnailUrl":"https:\/\/i0.wp.com\/www.joyana.fr\/wp-content\/uploads\/2013\/09\/DESIGNHEURE-DSC09322.jpg?fit=650%2C433&ssl=1","datePublished":"2013-09-09T13:03:54+00:00","breadcrumb":{"@id":"https:\/\/joyana.fr\/en\/mo13-appliques-design-nenuphar-par-kristian-gavoille-x-designheure\/114244\/#breadcrumb"},"inLanguage":"ja","potentialAction":[{"@type":"ReadAction","target":["https:\/\/joyana.fr\/en\/mo13-appliques-design-nenuphar-par-kristian-gavoille-x-designheure\/114244\/"]}]},{"@type":"ImageObject","inLanguage":"ja","@id":"https:\/\/joyana.fr\/en\/mo13-appliques-design-nenuphar-par-kristian-gavoille-x-designheure\/114244\/#primaryimage","url":"https:\/\/i0.wp.com\/www.joyana.fr\/wp-content\/uploads\/2013\/09\/DESIGNHEURE-DSC09322.jpg?fit=650%2C433&ssl=1","contentUrl":"https:\/\/i0.wp.com\/www.joyana.fr\/wp-content\/uploads\/2013\/09\/DESIGNHEURE-DSC09322.jpg?fit=650%2C433&ssl=1","width":650,"height":433},{"@type":"BreadcrumbList","@id":"https:\/\/joyana.fr\/en\/mo13-appliques-design-nenuphar-par-kristian-gavoille-x-designheure\/114244\/#breadcrumb","itemListElement":[{"@type":"ListItem","position":1,"name":"Accueil","item":"https:\/\/joyana.fr\/"},{"@type":"ListItem","position":2,"name":"#MO13 &#8211; Appliques design NENUPHAR par Kristian GAVOILLE x DesignHeure"}]},{"@type":"WebSite","@id":"https:\/\/joyana.fr\/#website","url":"https:\/\/joyana.fr\/","name":"JO YANA","description":"Blog Mode Homme, Lifestyle, D\u00e9co-Design","publisher":{"@id":"https:\/\/joyana.fr\/#\/schema\/person\/cf2a1ad12a27c12c21801075bf37407c"},"potentialAction":[{"@type":"SearchAction","target":{"@type":"EntryPoint","urlTemplate":"https:\/\/joyana.fr\/?s={search_term_string}"},"query-input":{"@type":"PropertyValueSpecification","valueRequired":true,"valueName":"search_term_string"}}],"inLanguage":"ja"},{"@type":["Person","Organization"],"@id":"https:\/\/joyana.fr\/#\/schema\/person\/cf2a1ad12a27c12c21801075bf37407c","name":"Jo Yana","image":{"@type":"ImageObject","inLanguage":"ja","@id":"https:\/\/joyana.fr\/#\/schema\/person\/image\/","url":"https:\/\/i0.wp.com\/www.joyana.fr\/wp-content\/uploads\/2016\/08\/cropped-joyana-logo-black-360x180.png?fit=343%2C164&ssl=1","contentUrl":"https:\/\/i0.wp.com\/www.joyana.fr\/wp-content\/uploads\/2016\/08\/cropped-joyana-logo-black-360x180.png?fit=343%2C164&ssl=1","width":343,"height":164,"caption":"Jo Yana"},"logo":{"@id":"https:\/\/joyana.fr\/#\/schema\/person\/image\/"},"description":"Jo Yana est le cr\u00e9ateur et r\u00e9dacteur en chef des sites DECO-DESIGN. Passionn\u00e9 de Design, Mode, Photo, Luxe, Lifestyle, Musique, mais avant tout Blogueur ! Le plaisir de partager l'anime et a comme devise \"POUR L'AMOUR DU BEAU\". Retrouvez le aussi sur son blog personnel - https:\/\/joyana.fr...","sameAs":["https:\/\/joyana.fr\/"],"url":"https:\/\/www.joyana.fr\/ja\/author\/joyana\/"}]}},"author_meta":{"display_name":"Jo Yana","author_link":"https:\/\/www.joyana.fr\/ja\/author\/joyana\/"},"featured_img":"https:\/\/i0.wp.com\/www.joyana.fr\/wp-content\/uploads\/2013\/09\/DESIGNHEURE-DSC09322.jpg?fit=389%2C259&ssl=1","featured_image_src":"https:\/\/i0.wp.com\/www.joyana.fr\/wp-content\/uploads\/2013\/09\/DESIGNHEURE-DSC09322.jpg?resize=600%2C400&ssl=1","featured_image_src_square":"https:\/\/i0.wp.com\/www.joyana.fr\/wp-content\/uploads\/2013\/09\/DESIGNHEURE-DSC09322.jpg?resize=600%2C433&ssl=1","jetpack_featured_media_url":"https:\/\/i0.wp.com\/www.joyana.fr\/wp-content\/uploads\/2013\/09\/DESIGNHEURE-DSC09322.jpg?fit=650%2C433&ssl=1","uagb_featured_image_src":{"full":["https:\/\/i0.wp.com\/www.joyana.fr\/wp-content\/uploads\/2013\/09\/DESIGNHEURE-DSC09322.jpg?fit=650%2C433&ssl=1",650,433,false],"thumbnail":["https:\/\/i0.wp.com\/www.joyana.fr\/wp-content\/uploads\/2013\/09\/DESIGNHEURE-DSC09322.jpg?resize=150%2C150&ssl=1",150,150,true],"medium":["https:\/\/i0.wp.com\/www.joyana.fr\/wp-content\/uploads\/2013\/09\/DESIGNHEURE-DSC09322.jpg?fit=389%2C259&ssl=1",389,259,true],"medium_large":["https:\/\/i0.wp.com\/www.joyana.fr\/wp-content\/uploads\/2013\/09\/DESIGNHEURE-DSC09322.jpg?fit=650%2C433&ssl=1",650,433,true],"large":["https:\/\/i0.wp.com\/www.joyana.fr\/wp-content\/uploads\/2013\/09\/DESIGNHEURE-DSC09322.jpg?fit=650%2C433&ssl=1",650,433,true],"1536x1536":["https:\/\/i0.wp.com\/www.joyana.fr\/wp-content\/uploads\/2013\/09\/DESIGNHEURE-DSC09322.jpg?fit=650%2C433&ssl=1",650,433,true],"2048x2048":["https:\/\/i0.wp.com\/www.joyana.fr\/wp-content\/uploads\/2013\/09\/DESIGNHEURE-DSC09322.jpg?fit=650%2C433&ssl=1",650,433,true],"featured-thumb":["https:\/\/i0.wp.com\/www.joyana.fr\/wp-content\/uploads\/2013\/09\/DESIGNHEURE-DSC09322.jpg?resize=650%2C433&ssl=1",650,433,true],"ab-block-post-grid-landscape":["https:\/\/i0.wp.com\/www.joyana.fr\/wp-content\/uploads\/2013\/09\/DESIGNHEURE-DSC09322.jpg?resize=600%2C400&ssl=1",600,400,true],"ab-block-post-grid-square":["https:\/\/i0.wp.com\/www.joyana.fr\/wp-content\/uploads\/2013\/09\/DESIGNHEURE-DSC09322.jpg?resize=600%2C433&ssl=1",600,433,true],"author-pro-image":["https:\/\/i0.wp.com\/www.joyana.fr\/wp-content\/uploads\/2013\/09\/DESIGNHEURE-DSC09322.jpg?resize=360%2C433&ssl=1",360,433,true],"slider":["https:\/\/i0.wp.com\/www.joyana.fr\/wp-content\/uploads\/2013\/09\/DESIGNHEURE-DSC09322.jpg?resize=650%2C400&ssl=1",650,400,true],"woocommerce_thumbnail":["https:\/\/i0.wp.com\/www.joyana.fr\/wp-content\/uploads\/2013\/09\/DESIGNHEURE-DSC09322.jpg?resize=450%2C433&ssl=1",450,433,true],"woocommerce_single":["https:\/\/i0.wp.com\/www.joyana.fr\/wp-content\/uploads\/2013\/09\/DESIGNHEURE-DSC09322.jpg?fit=650%2C433&ssl=1",650,433,true],"woocommerce_gallery_thumbnail":["https:\/\/i0.wp.com\/www.joyana.fr\/wp-content\/uploads\/2013\/09\/DESIGNHEURE-DSC09322.jpg?resize=180%2C180&ssl=1",180,180,true],"sow-carousel-default":["https:\/\/i0.wp.com\/www.joyana.fr\/wp-content\/uploads\/2013\/09\/DESIGNHEURE-DSC09322.jpg?resize=272%2C182&ssl=1",272,182,true]},"uagb_author_info":{"display_name":"Jo Yana","author_link":"https:\/\/www.joyana.fr\/ja\/author\/joyana\/"},"uagb_comment_info":3,"uagb_excerpt":"DesignHeure proposait aux visiteurs de leur stand sur M&hellip;","coauthors":[],"tax_additional":{"categories":{"linked":["<a href=\"https:\/\/www.joyana.fr\/ja\/category\/deco-design\/luminaire\/applique\/\" class=\"advgb-post-tax-term\">Applique<\/a>","<a href=\"https:\/\/www.joyana.fr\/ja\/category\/deco-design\/\" class=\"advgb-post-tax-term\">DECO-DESIGN<\/a>","<a href=\"https:\/\/www.joyana.fr\/ja\/category\/deco-design\/luminaire\/\" class=\"advgb-post-tax-term\">Luminaire<\/a>","<a href=\"https:\/\/www.joyana.fr\/ja\/category\/deco-design\/actualite\/salon\/maison-et-objet\/\" class=\"advgb-post-tax-term\">MAISON &amp; OBJET<\/a>"],"unlinked":["<span class=\"advgb-post-tax-term\">Applique<\/span>","<span class=\"advgb-post-tax-term\">DECO-DESIGN<\/span>","<span class=\"advgb-post-tax-term\">Luminaire<\/span>","<span class=\"advgb-post-tax-term\">MAISON &amp; OBJET<\/span>"]},"tags":{"linked":["<a href=\"https:\/\/www.joyana.fr\/ja\/category\/deco-design\/actualite\/salon\/maison-et-objet\/\" class=\"advgb-post-tax-term\">#MO13<\/a>","<a href=\"https:\/\/www.joyana.fr\/ja\/category\/deco-design\/actualite\/salon\/maison-et-objet\/\" class=\"advgb-post-tax-term\">Applique<\/a>","<a href=\"https:\/\/www.joyana.fr\/ja\/category\/deco-design\/actualite\/salon\/maison-et-objet\/\" class=\"advgb-post-tax-term\">Applique design<\/a>","<a href=\"https:\/\/www.joyana.fr\/ja\/category\/deco-design\/actualite\/salon\/maison-et-objet\/\" class=\"advgb-post-tax-term\">DESIGN<\/a>","<a href=\"https:\/\/www.joyana.fr\/ja\/category\/deco-design\/actualite\/salon\/maison-et-objet\/\" class=\"advgb-post-tax-term\">DesignHeure<\/a>","<a href=\"https:\/\/www.joyana.fr\/ja\/category\/deco-design\/actualite\/salon\/maison-et-objet\/\" class=\"advgb-post-tax-term\">Kristian GAVOILLE<\/a>","<a href=\"https:\/\/www.joyana.fr\/ja\/category\/deco-design\/actualite\/salon\/maison-et-objet\/\" class=\"advgb-post-tax-term\">Maison &amp; Objet<\/a>"],"unlinked":["<span class=\"advgb-post-tax-term\">#MO13<\/span>","<span class=\"advgb-post-tax-term\">Applique<\/span>","<span class=\"advgb-post-tax-term\">Applique design<\/span>","<span class=\"advgb-post-tax-term\">DESIGN<\/span>","<span class=\"advgb-post-tax-term\">DesignHeure<\/span>","<span class=\"advgb-post-tax-term\">Kristian GAVOILLE<\/span>","<span class=\"advgb-post-tax-term\">Maison &amp; Objet<\/span>"]}},"comment_count":3,"relative_dates":{"created":"Posted 13\u5e74 ago","modified":"Updated 13\u5e74 ago"},"absolute_dates":{"created":"Posted on 9 9\u6708 2013","modified":"Updated on 9 9\u6708 2013"},"absolute_dates_time":{"created":"Posted on 9 9\u6708 2013 14:03","modified":"Updated on 9 9\u6708 2013 14:03"},"featured_img_caption":"","series_order":"","jetpack_sharing_enabled":true,"jetpack_shortlink":"https:\/\/wp.me\/p9bteI-tIE","jetpack-related-posts":[],"_links":{"self":[{"href":"https:\/\/www.joyana.fr\/ja\/wp-json\/wp\/v2\/posts\/114244","targetHints":{"allow":["GET"]}}],"collection":[{"href":"https:\/\/www.joyana.fr\/ja\/wp-json\/wp\/v2\/posts"}],"about":[{"href":"https:\/\/www.joyana.fr\/ja\/wp-json\/wp\/v2\/types\/post"}],"author":[{"embeddable":true,"href":"https:\/\/www.joyana.fr\/ja\/wp-json\/wp\/v2\/users\/3"}],"replies":[{"embeddable":true,"href":"https:\/\/www.joyana.fr\/ja\/wp-json\/wp\/v2\/comments?post=114244"}],"version-history":[{"count":0,"href":"https:\/\/www.joyana.fr\/ja\/wp-json\/wp\/v2\/posts\/114244\/revisions"}],"wp:featuredmedia":[{"embeddable":true,"href":"https:\/\/www.joyana.fr\/ja\/wp-json\/wp\/v2\/media\/114247"}],"wp:attachment":[{"href":"https:\/\/www.joyana.fr\/ja\/wp-json\/wp\/v2\/media?parent=114244"}],"wp:term":[{"taxonomy":"category","embeddable":true,"href":"https:\/\/www.joyana.fr\/ja\/wp-json\/wp\/v2\/categories?post=114244"},{"taxonomy":"post_tag","embeddable":true,"href":"https:\/\/www.joyana.fr\/ja\/wp-json\/wp\/v2\/tags?post=114244"}],"curies":[{"name":"wp","href":"https:\/\/api.w.org\/{rel}","templated":true}]}}