{"id":113855,"date":"2013-08-05T12:31:56","date_gmt":"2013-08-05T11:31:56","guid":{"rendered":"https:\/\/joyana.fr\/?p=13855"},"modified":"2013-08-05T12:31:56","modified_gmt":"2013-08-05T11:31:56","slug":"centre-de-table-kilo-ecal-par-fabien-gerlier-x-christofle","status":"publish","type":"post","link":"https:\/\/www.joyana.fr\/ja\/centre-de-table-kilo-ecal-par-fabien-gerlier-x-christofle\/113855\/","title":{"rendered":"Centre de table KILO par Fabien GERLIER x CHRISTOFLE x ECAL"},"content":{"rendered":"<div>\n<p>Le <strong>centre de table KILO<\/strong> par <strong>Fabien Gerlier<\/strong> est un des fruits de l&#8217;appel a projet de <a title=\"CHRISTOFLE\" href=\"https:\/\/joyana.fr\/category\/marques\/christofle\/\" target=\"_blank\"><strong>Christofle<\/strong><\/a>\u00a0&#8211; qui\u00a0donne au designers de l\u2019<strong>ECAL<\/strong> (Ecole cantonale d\u2019art de Lausanne) \u00a0le th\u00e8me de r\u00e9flexion suivant &#8220;le\u00a0<b>bi- mati\u00e8re&#8221;<\/b>&#8230;<\/p>\n<p><img data-recalc-dims=\"1\" fetchpriority=\"high\" decoding=\"async\" class=\"alignnone size-large wp-image-13858\" alt=\"ECAL_Fabien.Gerlier_Christofle\u00a9ECAL_Nicolas.Genta_2013_black\" src=\"https:\/\/i0.wp.com\/joyana.fr\/wp-content\/uploads\/2013\/08\/ECAL_Fabien.Gerlier_Christofle%C2%A9ECAL_Nicolas.Genta_2013_black-576x432.jpg?resize=576%2C432&#038;ssl=1\" width=\"576\" height=\"432\" \/><\/p>\n<p>L&#8217;\u00e9quipe <strong>Deco-Design<\/strong> salue l&#8217;ensemble des 7 projets r\u00e9alis\u00e9s mais \u00e0 eu un coup de coeur pour ce <strong>centre de table \/ plateau KIL<\/strong>O &#8211; sign\u00e9 par <strong>Fabien Gerlier<\/strong>.\u00a0L\u2019id\u00e9e de se projet est de mettre en valeur le contraste de deux mat\u00e9riaux que tout oppose, la fonte d\u2019acier et l\u2019argent. Le premier, brut, industriel et lourd est produit par moulage au sable, ce qui lui conf\u00e8re une surface granuleuse et l\u00e9g\u00e8rement imparfaite. L\u2019argent, par contre, est une mati\u00e8re noble, d\u00e9licate et enti\u00e8rement travaill\u00e9e \u00e0 la main pour arriver \u00e0 un \u00e9tat de surface proche de la perfection !<\/p>\n<p><img data-recalc-dims=\"1\" decoding=\"async\" class=\"alignnone size-large wp-image-13864\" alt=\"Gerlier.Fabien_ECAL_Photo_Christofle_\" src=\"https:\/\/i0.wp.com\/joyana.fr\/wp-content\/uploads\/2013\/08\/Gerlier.Fabien_ECAL_Photo_Christofle_-576x720.jpg?resize=576%2C720&#038;ssl=1\" width=\"576\" height=\"720\" \/><\/p>\n<p><img data-recalc-dims=\"1\" decoding=\"async\" class=\"alignnone size-large wp-image-13862\" alt=\"Fabien_rendu\" src=\"https:\/\/i0.wp.com\/joyana.fr\/wp-content\/uploads\/2013\/08\/Fabien_rendu-576x358.jpg?resize=576%2C358&#038;ssl=1\" width=\"576\" height=\"358\" \/><\/p>\n<p><img data-recalc-dims=\"1\" loading=\"lazy\" decoding=\"async\" class=\"alignnone size-large wp-image-13861\" alt=\"Fabien_maquette\" src=\"https:\/\/i0.wp.com\/joyana.fr\/wp-content\/uploads\/2013\/08\/Fabien_maquette-576x383.jpg?resize=576%2C383&#038;ssl=1\" width=\"576\" height=\"383\" \/><\/p>\n<p>Le <strong>centre de table KILO <\/strong>par<strong> Fabien Gerlier x Christofle x ECAL<\/strong> se compose d\u2019une base en fonte dont l\u2019esth\u00e9tique rappelle la forme iconique des poids de mesure. Cette pi\u00e8ce, \u00e9videmment lourde, conf\u00e8re \u00e0 l\u2019objet une stabilit\u00e9 optimale. Une coupelle en argent vient compl\u00e9ter le projet ; cette pi\u00e8ce, fine et ronde est fix\u00e9e \u00e0 la base comme si on l\u2019avait emboutie violemment. Ce d\u00e9tail esth\u00e9tique a permis de cr\u00e9er une petite \u00ab bosse \u00bb, rappelant la forme hexagonale de la base&#8230;<\/p>\n\n<\/div>\n<p><img data-recalc-dims=\"1\" loading=\"lazy\" decoding=\"async\" alt=\"Fabien-Gerlier\" src=\"https:\/\/i0.wp.com\/joyana.fr\/wp-content\/uploads\/2013\/08\/Fabien-Gerlier1-576x392.jpg?resize=576%2C392&#038;ssl=1\" width=\"576\" height=\"392\" \/><\/p>\n<p style=\"text-align: center;\">En savoir + sur <a href=\"http:\/\/www.christofle.com\/fr\" target=\"_blank\"><strong>CHRISTOFLE<\/strong><\/a><\/p>\n","protected":false},"excerpt":{"rendered":"<p>Le centre de table KILO par Fabien Gerlier est un des fruits de l&#8217;appel a projet de Christofle\u00a0&#8211; q [&hellip;]<\/p>\n","protected":false},"author":3,"featured_media":113858,"comment_status":"open","ping_status":"open","sticky":false,"template":"","format":"standard","meta":{"_coblocks_attr":"","_coblocks_dimensions":"","_coblocks_responsive_height":"","_coblocks_accordion_ie_support":"","_uag_custom_page_level_css":"","advgb_blocks_editor_width":"","advgb_blocks_columns_visual_guide":"","_genesis_hide_title":false,"_genesis_hide_breadcrumbs":false,"_genesis_hide_singular_image":false,"_genesis_hide_footer_widgets":false,"_genesis_custom_body_class":"","_genesis_custom_post_class":"","_genesis_layout":"","_themeisle_gutenberg_block_has_review":false,"_jetpack_newsletter_access":"","_jetpack_dont_email_post_to_subs":false,"_jetpack_newsletter_tier_id":0,"_jetpack_memberships_contains_paywalled_content":false,"_jetpack_memberships_contains_paid_content":false,"footnotes":""},"categories":[906,1047,905,1037],"tags":[1436,1237,78,1437,1438],"class_list":{"0":"post-113855","1":"post","2":"type-post","3":"status-publish","4":"format-standard","5":"has-post-thumbnail","7":"category-accessoires","8":"category-christofle","9":"category-deco-design","10":"category-sculpture","11":"tag-centre-de-table","12":"tag-christofle","13":"tag-design","14":"tag-ecal","15":"tag-fabien-gerlier","16":"entry"},"featured_image_urls":{"full":["https:\/\/i0.wp.com\/www.joyana.fr\/wp-content\/uploads\/2013\/08\/ECAL_Fabien.Gerlier_Christofle%C3%82%C2%A9ECAL_Nicolas.Genta_2013_black.jpg?fit=%2C&ssl=1",false,false,false],"thumbnail":["https:\/\/i0.wp.com\/www.joyana.fr\/wp-content\/uploads\/2013\/08\/ECAL_Fabien.Gerlier_Christofle%C3%82%C2%A9ECAL_Nicolas.Genta_2013_black.jpg?resize=150%2C150&ssl=1",false,false,true],"medium":["https:\/\/i0.wp.com\/www.joyana.fr\/wp-content\/uploads\/2013\/08\/ECAL_Fabien.Gerlier_Christofle%C3%82%C2%A9ECAL_Nicolas.Genta_2013_black.jpg?fit=389%2C389&ssl=1",false,false,true],"medium_large":["https:\/\/i0.wp.com\/www.joyana.fr\/wp-content\/uploads\/2013\/08\/ECAL_Fabien.Gerlier_Christofle%C3%82%C2%A9ECAL_Nicolas.Genta_2013_black.jpg?w=768&ssl=1",false,false,true],"large":["https:\/\/i0.wp.com\/www.joyana.fr\/wp-content\/uploads\/2013\/08\/ECAL_Fabien.Gerlier_Christofle%C3%82%C2%A9ECAL_Nicolas.Genta_2013_black.jpg?fit=1024%2C1024&ssl=1",false,false,true],"1536x1536":["https:\/\/i0.wp.com\/www.joyana.fr\/wp-content\/uploads\/2013\/08\/ECAL_Fabien.Gerlier_Christofle%C3%82%C2%A9ECAL_Nicolas.Genta_2013_black.jpg?fit=1536%2C1536&ssl=1",false,false,true],"2048x2048":["https:\/\/i0.wp.com\/www.joyana.fr\/wp-content\/uploads\/2013\/08\/ECAL_Fabien.Gerlier_Christofle%C3%82%C2%A9ECAL_Nicolas.Genta_2013_black.jpg?fit=2048%2C2048&ssl=1",false,false,true],"featured-thumb":["https:\/\/i0.wp.com\/www.joyana.fr\/wp-content\/uploads\/2013\/08\/ECAL_Fabien.Gerlier_Christofle%C3%82%C2%A9ECAL_Nicolas.Genta_2013_black.jpg?resize=1903%2C750&ssl=1",false,false,true],"ab-block-post-grid-landscape":["https:\/\/i0.wp.com\/www.joyana.fr\/wp-content\/uploads\/2013\/08\/ECAL_Fabien.Gerlier_Christofle%C3%82%C2%A9ECAL_Nicolas.Genta_2013_black.jpg?resize=600%2C400&ssl=1",false,false,true],"ab-block-post-grid-square":["https:\/\/i0.wp.com\/www.joyana.fr\/wp-content\/uploads\/2013\/08\/ECAL_Fabien.Gerlier_Christofle%C3%82%C2%A9ECAL_Nicolas.Genta_2013_black.jpg?resize=600%2C600&ssl=1",false,false,true],"author-pro-image":["https:\/\/i0.wp.com\/www.joyana.fr\/wp-content\/uploads\/2013\/08\/ECAL_Fabien.Gerlier_Christofle%C3%82%C2%A9ECAL_Nicolas.Genta_2013_black.jpg?resize=360%2C570&ssl=1",false,false,true],"slider":["https:\/\/i0.wp.com\/www.joyana.fr\/wp-content\/uploads\/2013\/08\/ECAL_Fabien.Gerlier_Christofle%C3%82%C2%A9ECAL_Nicolas.Genta_2013_black.jpg?resize=920%2C400&ssl=1",false,false,true],"woocommerce_thumbnail":["https:\/\/i0.wp.com\/www.joyana.fr\/wp-content\/uploads\/2013\/08\/ECAL_Fabien.Gerlier_Christofle%C3%82%C2%A9ECAL_Nicolas.Genta_2013_black.jpg?resize=450%2C450&ssl=1",false,false,true],"woocommerce_single":["https:\/\/i0.wp.com\/www.joyana.fr\/wp-content\/uploads\/2013\/08\/ECAL_Fabien.Gerlier_Christofle%C3%82%C2%A9ECAL_Nicolas.Genta_2013_black.jpg?w=920&ssl=1",false,false,true],"woocommerce_gallery_thumbnail":["https:\/\/i0.wp.com\/www.joyana.fr\/wp-content\/uploads\/2013\/08\/ECAL_Fabien.Gerlier_Christofle%C3%82%C2%A9ECAL_Nicolas.Genta_2013_black.jpg?resize=180%2C180&ssl=1",false,false,true],"sow-carousel-default":["https:\/\/i0.wp.com\/www.joyana.fr\/wp-content\/uploads\/2013\/08\/ECAL_Fabien.Gerlier_Christofle%C3%82%C2%A9ECAL_Nicolas.Genta_2013_black.jpg?resize=272%2C182&ssl=1",false,false,true]},"post_excerpt_stackable":"<p>Le centre de table KILO par Fabien Gerlier est un des fruits de l&#8217;appel a projet de Christofle&hellip;<\/p>\n","category_list":"<a href=\"https:\/\/www.joyana.fr\/ja\/category\/deco-design\/decoration\/accessoires\/\" rel=\"category tag\">Accessoires<\/a>, <a href=\"https:\/\/www.joyana.fr\/ja\/category\/marques\/christofle\/\" rel=\"category tag\">Christofle<\/a>, <a href=\"https:\/\/www.joyana.fr\/ja\/category\/deco-design\/\" rel=\"category tag\">DECO-DESIGN<\/a>, <a href=\"https:\/\/www.joyana.fr\/ja\/category\/deco-design\/mobilier\/sculpture\/\" rel=\"category tag\">Sculpture<\/a>","author_info":{"display_name":"Jo Yana","author_link":"https:\/\/www.joyana.fr\/ja\/author\/joyana\/"},"comments_num":"16 comments","featured_image_urls_v2":{"full":["https:\/\/i0.wp.com\/www.joyana.fr\/wp-content\/uploads\/2013\/08\/ECAL_Fabien.Gerlier_Christofle%C3%82%C2%A9ECAL_Nicolas.Genta_2013_black.jpg?fit=%2C&ssl=1",false,false,false],"thumbnail":["https:\/\/i0.wp.com\/www.joyana.fr\/wp-content\/uploads\/2013\/08\/ECAL_Fabien.Gerlier_Christofle%C3%82%C2%A9ECAL_Nicolas.Genta_2013_black.jpg?resize=150%2C150&ssl=1",false,false,true],"medium":["https:\/\/i0.wp.com\/www.joyana.fr\/wp-content\/uploads\/2013\/08\/ECAL_Fabien.Gerlier_Christofle%C3%82%C2%A9ECAL_Nicolas.Genta_2013_black.jpg?fit=389%2C389&ssl=1",false,false,true],"medium_large":["https:\/\/i0.wp.com\/www.joyana.fr\/wp-content\/uploads\/2013\/08\/ECAL_Fabien.Gerlier_Christofle%C3%82%C2%A9ECAL_Nicolas.Genta_2013_black.jpg?w=768&ssl=1",false,false,true],"large":["https:\/\/i0.wp.com\/www.joyana.fr\/wp-content\/uploads\/2013\/08\/ECAL_Fabien.Gerlier_Christofle%C3%82%C2%A9ECAL_Nicolas.Genta_2013_black.jpg?fit=1024%2C1024&ssl=1",false,false,true],"1536x1536":["https:\/\/i0.wp.com\/www.joyana.fr\/wp-content\/uploads\/2013\/08\/ECAL_Fabien.Gerlier_Christofle%C3%82%C2%A9ECAL_Nicolas.Genta_2013_black.jpg?fit=1536%2C1536&ssl=1",false,false,true],"2048x2048":["https:\/\/i0.wp.com\/www.joyana.fr\/wp-content\/uploads\/2013\/08\/ECAL_Fabien.Gerlier_Christofle%C3%82%C2%A9ECAL_Nicolas.Genta_2013_black.jpg?fit=2048%2C2048&ssl=1",false,false,true],"featured-thumb":["https:\/\/i0.wp.com\/www.joyana.fr\/wp-content\/uploads\/2013\/08\/ECAL_Fabien.Gerlier_Christofle%C3%82%C2%A9ECAL_Nicolas.Genta_2013_black.jpg?resize=1903%2C750&ssl=1",false,false,true],"ab-block-post-grid-landscape":["https:\/\/i0.wp.com\/www.joyana.fr\/wp-content\/uploads\/2013\/08\/ECAL_Fabien.Gerlier_Christofle%C3%82%C2%A9ECAL_Nicolas.Genta_2013_black.jpg?resize=600%2C400&ssl=1",false,false,true],"ab-block-post-grid-square":["https:\/\/i0.wp.com\/www.joyana.fr\/wp-content\/uploads\/2013\/08\/ECAL_Fabien.Gerlier_Christofle%C3%82%C2%A9ECAL_Nicolas.Genta_2013_black.jpg?resize=600%2C600&ssl=1",false,false,true],"author-pro-image":["https:\/\/i0.wp.com\/www.joyana.fr\/wp-content\/uploads\/2013\/08\/ECAL_Fabien.Gerlier_Christofle%C3%82%C2%A9ECAL_Nicolas.Genta_2013_black.jpg?resize=360%2C570&ssl=1",false,false,true],"slider":["https:\/\/i0.wp.com\/www.joyana.fr\/wp-content\/uploads\/2013\/08\/ECAL_Fabien.Gerlier_Christofle%C3%82%C2%A9ECAL_Nicolas.Genta_2013_black.jpg?resize=920%2C400&ssl=1",false,false,true],"woocommerce_thumbnail":["https:\/\/i0.wp.com\/www.joyana.fr\/wp-content\/uploads\/2013\/08\/ECAL_Fabien.Gerlier_Christofle%C3%82%C2%A9ECAL_Nicolas.Genta_2013_black.jpg?resize=450%2C450&ssl=1",false,false,true],"woocommerce_single":["https:\/\/i0.wp.com\/www.joyana.fr\/wp-content\/uploads\/2013\/08\/ECAL_Fabien.Gerlier_Christofle%C3%82%C2%A9ECAL_Nicolas.Genta_2013_black.jpg?w=920&ssl=1",false,false,true],"woocommerce_gallery_thumbnail":["https:\/\/i0.wp.com\/www.joyana.fr\/wp-content\/uploads\/2013\/08\/ECAL_Fabien.Gerlier_Christofle%C3%82%C2%A9ECAL_Nicolas.Genta_2013_black.jpg?resize=180%2C180&ssl=1",false,false,true],"sow-carousel-default":["https:\/\/i0.wp.com\/www.joyana.fr\/wp-content\/uploads\/2013\/08\/ECAL_Fabien.Gerlier_Christofle%C3%82%C2%A9ECAL_Nicolas.Genta_2013_black.jpg?resize=272%2C182&ssl=1",false,false,true]},"post_excerpt_stackable_v2":"<p>Le centre de table KILO par Fabien Gerlier est un des fruits de l&#8217;appel a projet de Christofle&hellip;<\/p>\n","category_list_v2":"<a href=\"https:\/\/www.joyana.fr\/ja\/category\/deco-design\/decoration\/accessoires\/\" rel=\"category tag\">Accessoires<\/a>, <a href=\"https:\/\/www.joyana.fr\/ja\/category\/marques\/christofle\/\" rel=\"category tag\">Christofle<\/a>, <a href=\"https:\/\/www.joyana.fr\/ja\/category\/deco-design\/\" rel=\"category tag\">DECO-DESIGN<\/a>, <a href=\"https:\/\/www.joyana.fr\/ja\/category\/deco-design\/mobilier\/sculpture\/\" rel=\"category tag\">Sculpture<\/a>","author_info_v2":{"name":"Jo Yana","url":"https:\/\/www.joyana.fr\/ja\/author\/joyana\/"},"comments_num_v2":"16 comments","yoast_head":"<!-- This site is optimized with the Yoast SEO plugin v26.8 - https:\/\/yoast.com\/product\/yoast-seo-wordpress\/ -->\n<title>Centre de table KILO par Fabien GERLIER x CHRISTOFLE x ECAL - JO YANA<\/title>\n<meta name=\"robots\" content=\"index, follow, max-snippet:-1, max-image-preview:large, max-video-preview:-1\" \/>\n<link rel=\"canonical\" href=\"https:\/\/joyana.fr\/centre-de-table-kilo-ecal-par-fabien-gerlier-x-christofle\/113855\/\" \/>\n<meta property=\"og:locale\" content=\"ja_JP\" \/>\n<meta property=\"og:locale:alternate\" content=\"fr_FR\" \/>\n<meta property=\"og:locale:alternate\" content=\"en_US\" \/>\n<meta property=\"og:type\" content=\"article\" \/>\n<meta property=\"og:title\" content=\"Centre de table KILO par Fabien GERLIER x CHRISTOFLE x ECAL - JO YANA\" \/>\n<meta property=\"og:description\" content=\"Le centre de table KILO par Fabien Gerlier est un des fruits de l&#8217;appel a projet de Christofle\u00a0&#8211; q [&hellip;]\" \/>\n<meta property=\"og:url\" content=\"https:\/\/www.joyana.fr\/ja\/centre-de-table-kilo-ecal-par-fabien-gerlier-x-christofle\/113855\/\" \/>\n<meta property=\"og:site_name\" content=\"JO YANA\" \/>\n<meta property=\"article:published_time\" content=\"2013-08-05T11:31:56+00:00\" \/>\n<meta property=\"og:image\" content=\"https:\/\/joyana.fr\/wp-content\/uploads\/2013\/08\/ECAL_Fabien.Gerlier_Christofle\u00c2\u00a9ECAL_Nicolas.Genta_2013_black.jpg\" \/>\n\t<meta property=\"og:image:width\" content=\"1\" \/>\n\t<meta property=\"og:image:height\" content=\"1\" \/>\n\t<meta property=\"og:image:type\" content=\"image\/jpeg\" \/>\n<meta name=\"author\" content=\"Jo Yana\" \/>\n<meta name=\"twitter:card\" content=\"summary_large_image\" \/>\n<meta name=\"twitter:creator\" content=\"@Jo_Yana\" \/>\n<meta name=\"twitter:site\" content=\"@Jo_Yana\" \/>\n<meta name=\"twitter:label1\" content=\"\u57f7\u7b46\u8005\" \/>\n\t<meta name=\"twitter:data1\" content=\"Jo Yana\" \/>\n\t<meta name=\"twitter:label2\" content=\"\u63a8\u5b9a\u8aad\u307f\u53d6\u308a\u6642\u9593\" \/>\n\t<meta name=\"twitter:data2\" content=\"1\u5206\" \/>\n<script type=\"application\/ld+json\" class=\"yoast-schema-graph\">{\"@context\":\"https:\/\/schema.org\",\"@graph\":[{\"@type\":\"Article\",\"@id\":\"https:\/\/joyana.fr\/centre-de-table-kilo-ecal-par-fabien-gerlier-x-christofle\/113855\/#article\",\"isPartOf\":{\"@id\":\"https:\/\/joyana.fr\/centre-de-table-kilo-ecal-par-fabien-gerlier-x-christofle\/113855\/\"},\"author\":{\"name\":\"Jo Yana\",\"@id\":\"https:\/\/joyana.fr\/#\/schema\/person\/cf2a1ad12a27c12c21801075bf37407c\"},\"headline\":\"Centre de table KILO par Fabien GERLIER x CHRISTOFLE x ECAL\",\"datePublished\":\"2013-08-05T11:31:56+00:00\",\"mainEntityOfPage\":{\"@id\":\"https:\/\/joyana.fr\/centre-de-table-kilo-ecal-par-fabien-gerlier-x-christofle\/113855\/\"},\"wordCount\":261,\"commentCount\":8,\"publisher\":{\"@id\":\"https:\/\/joyana.fr\/#\/schema\/person\/cf2a1ad12a27c12c21801075bf37407c\"},\"image\":{\"@id\":\"https:\/\/joyana.fr\/centre-de-table-kilo-ecal-par-fabien-gerlier-x-christofle\/113855\/#primaryimage\"},\"thumbnailUrl\":\"https:\/\/i0.wp.com\/www.joyana.fr\/wp-content\/uploads\/2013\/08\/ECAL_Fabien.Gerlier_Christofle%C3%82%C2%A9ECAL_Nicolas.Genta_2013_black.jpg?fit=%2C&ssl=1\",\"keywords\":[\"Centre de table\",\"Christofle\",\"DESIGN\",\"ECAL\",\"Fabien GERLIER\"],\"articleSection\":[\"Accessoires\",\"Christofle\",\"DECO-DESIGN\",\"Sculpture\"],\"inLanguage\":\"ja\",\"potentialAction\":[{\"@type\":\"CommentAction\",\"name\":\"Comment\",\"target\":[\"https:\/\/joyana.fr\/centre-de-table-kilo-ecal-par-fabien-gerlier-x-christofle\/113855\/#respond\"]}]},{\"@type\":\"WebPage\",\"@id\":\"https:\/\/joyana.fr\/centre-de-table-kilo-ecal-par-fabien-gerlier-x-christofle\/113855\/\",\"url\":\"https:\/\/joyana.fr\/centre-de-table-kilo-ecal-par-fabien-gerlier-x-christofle\/113855\/\",\"name\":\"Centre de table KILO par Fabien GERLIER x CHRISTOFLE x ECAL - JO YANA\",\"isPartOf\":{\"@id\":\"https:\/\/joyana.fr\/#website\"},\"primaryImageOfPage\":{\"@id\":\"https:\/\/joyana.fr\/centre-de-table-kilo-ecal-par-fabien-gerlier-x-christofle\/113855\/#primaryimage\"},\"image\":{\"@id\":\"https:\/\/joyana.fr\/centre-de-table-kilo-ecal-par-fabien-gerlier-x-christofle\/113855\/#primaryimage\"},\"thumbnailUrl\":\"https:\/\/i0.wp.com\/www.joyana.fr\/wp-content\/uploads\/2013\/08\/ECAL_Fabien.Gerlier_Christofle%C3%82%C2%A9ECAL_Nicolas.Genta_2013_black.jpg?fit=%2C&ssl=1\",\"datePublished\":\"2013-08-05T11:31:56+00:00\",\"breadcrumb\":{\"@id\":\"https:\/\/joyana.fr\/centre-de-table-kilo-ecal-par-fabien-gerlier-x-christofle\/113855\/#breadcrumb\"},\"inLanguage\":\"ja\",\"potentialAction\":[{\"@type\":\"ReadAction\",\"target\":[\"https:\/\/joyana.fr\/centre-de-table-kilo-ecal-par-fabien-gerlier-x-christofle\/113855\/\"]}]},{\"@type\":\"ImageObject\",\"inLanguage\":\"ja\",\"@id\":\"https:\/\/joyana.fr\/centre-de-table-kilo-ecal-par-fabien-gerlier-x-christofle\/113855\/#primaryimage\",\"url\":\"https:\/\/i0.wp.com\/www.joyana.fr\/wp-content\/uploads\/2013\/08\/ECAL_Fabien.Gerlier_Christofle%C3%82%C2%A9ECAL_Nicolas.Genta_2013_black.jpg?fit=%2C&ssl=1\",\"contentUrl\":\"https:\/\/i0.wp.com\/www.joyana.fr\/wp-content\/uploads\/2013\/08\/ECAL_Fabien.Gerlier_Christofle%C3%82%C2%A9ECAL_Nicolas.Genta_2013_black.jpg?fit=%2C&ssl=1\"},{\"@type\":\"BreadcrumbList\",\"@id\":\"https:\/\/joyana.fr\/centre-de-table-kilo-ecal-par-fabien-gerlier-x-christofle\/113855\/#breadcrumb\",\"itemListElement\":[{\"@type\":\"ListItem\",\"position\":1,\"name\":\"Accueil\",\"item\":\"https:\/\/joyana.fr\/\"},{\"@type\":\"ListItem\",\"position\":2,\"name\":\"Centre de table KILO par Fabien GERLIER x CHRISTOFLE x ECAL\"}]},{\"@type\":\"WebSite\",\"@id\":\"https:\/\/joyana.fr\/#website\",\"url\":\"https:\/\/joyana.fr\/\",\"name\":\"JO YANA\",\"description\":\"Blog Mode Homme, Lifestyle, D\u00e9co-Design\",\"publisher\":{\"@id\":\"https:\/\/joyana.fr\/#\/schema\/person\/cf2a1ad12a27c12c21801075bf37407c\"},\"potentialAction\":[{\"@type\":\"SearchAction\",\"target\":{\"@type\":\"EntryPoint\",\"urlTemplate\":\"https:\/\/joyana.fr\/?s={search_term_string}\"},\"query-input\":{\"@type\":\"PropertyValueSpecification\",\"valueRequired\":true,\"valueName\":\"search_term_string\"}}],\"inLanguage\":\"ja\"},{\"@type\":[\"Person\",\"Organization\"],\"@id\":\"https:\/\/joyana.fr\/#\/schema\/person\/cf2a1ad12a27c12c21801075bf37407c\",\"name\":\"Jo Yana\",\"image\":{\"@type\":\"ImageObject\",\"inLanguage\":\"ja\",\"@id\":\"https:\/\/joyana.fr\/#\/schema\/person\/image\/\",\"url\":\"https:\/\/i0.wp.com\/www.joyana.fr\/wp-content\/uploads\/2016\/08\/cropped-joyana-logo-black-360x180.png?fit=343%2C164&ssl=1\",\"contentUrl\":\"https:\/\/i0.wp.com\/www.joyana.fr\/wp-content\/uploads\/2016\/08\/cropped-joyana-logo-black-360x180.png?fit=343%2C164&ssl=1\",\"width\":343,\"height\":164,\"caption\":\"Jo Yana\"},\"logo\":{\"@id\":\"https:\/\/joyana.fr\/#\/schema\/person\/image\/\"},\"description\":\"Jo Yana est le cr\u00e9ateur et r\u00e9dacteur en chef des sites DECO-DESIGN. Passionn\u00e9 de Design, Mode, Photo, Luxe, Lifestyle, Musique, mais avant tout Blogueur ! Le plaisir de partager l'anime et a comme devise \\\"POUR L'AMOUR DU BEAU\\\". Retrouvez le aussi sur son blog personnel - https:\/\/joyana.fr...\",\"sameAs\":[\"https:\/\/joyana.fr\/\"],\"url\":\"https:\/\/www.joyana.fr\/ja\/author\/joyana\/\"}]}<\/script>\n<!-- \/ Yoast SEO plugin. -->","yoast_head_json":{"title":"Centre de table KILO par Fabien GERLIER x CHRISTOFLE x ECAL - JO YANA","robots":{"index":"index","follow":"follow","max-snippet":"max-snippet:-1","max-image-preview":"max-image-preview:large","max-video-preview":"max-video-preview:-1"},"canonical":"https:\/\/joyana.fr\/centre-de-table-kilo-ecal-par-fabien-gerlier-x-christofle\/113855\/","og_locale":"ja_JP","og_type":"article","og_title":"Centre de table KILO par Fabien GERLIER x CHRISTOFLE x ECAL - JO YANA","og_description":"Le centre de table KILO par Fabien Gerlier est un des fruits de l&#8217;appel a projet de Christofle\u00a0&#8211; q [&hellip;]","og_url":"https:\/\/www.joyana.fr\/ja\/centre-de-table-kilo-ecal-par-fabien-gerlier-x-christofle\/113855\/","og_site_name":"JO YANA","article_published_time":"2013-08-05T11:31:56+00:00","og_image":[{"url":"https:\/\/joyana.fr\/wp-content\/uploads\/2013\/08\/ECAL_Fabien.Gerlier_Christofle\u00c2\u00a9ECAL_Nicolas.Genta_2013_black.jpg","width":1,"height":1,"type":"image\/jpeg"}],"author":"Jo Yana","twitter_card":"summary_large_image","twitter_creator":"@Jo_Yana","twitter_site":"@Jo_Yana","twitter_misc":{"\u57f7\u7b46\u8005":"Jo Yana","\u63a8\u5b9a\u8aad\u307f\u53d6\u308a\u6642\u9593":"1\u5206"},"schema":{"@context":"https:\/\/schema.org","@graph":[{"@type":"Article","@id":"https:\/\/joyana.fr\/centre-de-table-kilo-ecal-par-fabien-gerlier-x-christofle\/113855\/#article","isPartOf":{"@id":"https:\/\/joyana.fr\/centre-de-table-kilo-ecal-par-fabien-gerlier-x-christofle\/113855\/"},"author":{"name":"Jo Yana","@id":"https:\/\/joyana.fr\/#\/schema\/person\/cf2a1ad12a27c12c21801075bf37407c"},"headline":"Centre de table KILO par Fabien GERLIER x CHRISTOFLE x ECAL","datePublished":"2013-08-05T11:31:56+00:00","mainEntityOfPage":{"@id":"https:\/\/joyana.fr\/centre-de-table-kilo-ecal-par-fabien-gerlier-x-christofle\/113855\/"},"wordCount":261,"commentCount":8,"publisher":{"@id":"https:\/\/joyana.fr\/#\/schema\/person\/cf2a1ad12a27c12c21801075bf37407c"},"image":{"@id":"https:\/\/joyana.fr\/centre-de-table-kilo-ecal-par-fabien-gerlier-x-christofle\/113855\/#primaryimage"},"thumbnailUrl":"https:\/\/i0.wp.com\/www.joyana.fr\/wp-content\/uploads\/2013\/08\/ECAL_Fabien.Gerlier_Christofle%C3%82%C2%A9ECAL_Nicolas.Genta_2013_black.jpg?fit=%2C&ssl=1","keywords":["Centre de table","Christofle","DESIGN","ECAL","Fabien GERLIER"],"articleSection":["Accessoires","Christofle","DECO-DESIGN","Sculpture"],"inLanguage":"ja","potentialAction":[{"@type":"CommentAction","name":"Comment","target":["https:\/\/joyana.fr\/centre-de-table-kilo-ecal-par-fabien-gerlier-x-christofle\/113855\/#respond"]}]},{"@type":"WebPage","@id":"https:\/\/joyana.fr\/centre-de-table-kilo-ecal-par-fabien-gerlier-x-christofle\/113855\/","url":"https:\/\/joyana.fr\/centre-de-table-kilo-ecal-par-fabien-gerlier-x-christofle\/113855\/","name":"Centre de table KILO par Fabien GERLIER x CHRISTOFLE x ECAL - JO YANA","isPartOf":{"@id":"https:\/\/joyana.fr\/#website"},"primaryImageOfPage":{"@id":"https:\/\/joyana.fr\/centre-de-table-kilo-ecal-par-fabien-gerlier-x-christofle\/113855\/#primaryimage"},"image":{"@id":"https:\/\/joyana.fr\/centre-de-table-kilo-ecal-par-fabien-gerlier-x-christofle\/113855\/#primaryimage"},"thumbnailUrl":"https:\/\/i0.wp.com\/www.joyana.fr\/wp-content\/uploads\/2013\/08\/ECAL_Fabien.Gerlier_Christofle%C3%82%C2%A9ECAL_Nicolas.Genta_2013_black.jpg?fit=%2C&ssl=1","datePublished":"2013-08-05T11:31:56+00:00","breadcrumb":{"@id":"https:\/\/joyana.fr\/centre-de-table-kilo-ecal-par-fabien-gerlier-x-christofle\/113855\/#breadcrumb"},"inLanguage":"ja","potentialAction":[{"@type":"ReadAction","target":["https:\/\/joyana.fr\/centre-de-table-kilo-ecal-par-fabien-gerlier-x-christofle\/113855\/"]}]},{"@type":"ImageObject","inLanguage":"ja","@id":"https:\/\/joyana.fr\/centre-de-table-kilo-ecal-par-fabien-gerlier-x-christofle\/113855\/#primaryimage","url":"https:\/\/i0.wp.com\/www.joyana.fr\/wp-content\/uploads\/2013\/08\/ECAL_Fabien.Gerlier_Christofle%C3%82%C2%A9ECAL_Nicolas.Genta_2013_black.jpg?fit=%2C&ssl=1","contentUrl":"https:\/\/i0.wp.com\/www.joyana.fr\/wp-content\/uploads\/2013\/08\/ECAL_Fabien.Gerlier_Christofle%C3%82%C2%A9ECAL_Nicolas.Genta_2013_black.jpg?fit=%2C&ssl=1"},{"@type":"BreadcrumbList","@id":"https:\/\/joyana.fr\/centre-de-table-kilo-ecal-par-fabien-gerlier-x-christofle\/113855\/#breadcrumb","itemListElement":[{"@type":"ListItem","position":1,"name":"Accueil","item":"https:\/\/joyana.fr\/"},{"@type":"ListItem","position":2,"name":"Centre de table KILO par Fabien GERLIER x CHRISTOFLE x ECAL"}]},{"@type":"WebSite","@id":"https:\/\/joyana.fr\/#website","url":"https:\/\/joyana.fr\/","name":"JO YANA","description":"Blog Mode Homme, Lifestyle, D\u00e9co-Design","publisher":{"@id":"https:\/\/joyana.fr\/#\/schema\/person\/cf2a1ad12a27c12c21801075bf37407c"},"potentialAction":[{"@type":"SearchAction","target":{"@type":"EntryPoint","urlTemplate":"https:\/\/joyana.fr\/?s={search_term_string}"},"query-input":{"@type":"PropertyValueSpecification","valueRequired":true,"valueName":"search_term_string"}}],"inLanguage":"ja"},{"@type":["Person","Organization"],"@id":"https:\/\/joyana.fr\/#\/schema\/person\/cf2a1ad12a27c12c21801075bf37407c","name":"Jo Yana","image":{"@type":"ImageObject","inLanguage":"ja","@id":"https:\/\/joyana.fr\/#\/schema\/person\/image\/","url":"https:\/\/i0.wp.com\/www.joyana.fr\/wp-content\/uploads\/2016\/08\/cropped-joyana-logo-black-360x180.png?fit=343%2C164&ssl=1","contentUrl":"https:\/\/i0.wp.com\/www.joyana.fr\/wp-content\/uploads\/2016\/08\/cropped-joyana-logo-black-360x180.png?fit=343%2C164&ssl=1","width":343,"height":164,"caption":"Jo Yana"},"logo":{"@id":"https:\/\/joyana.fr\/#\/schema\/person\/image\/"},"description":"Jo Yana est le cr\u00e9ateur et r\u00e9dacteur en chef des sites DECO-DESIGN. Passionn\u00e9 de Design, Mode, Photo, Luxe, Lifestyle, Musique, mais avant tout Blogueur ! Le plaisir de partager l'anime et a comme devise \"POUR L'AMOUR DU BEAU\". Retrouvez le aussi sur son blog personnel - https:\/\/joyana.fr...","sameAs":["https:\/\/joyana.fr\/"],"url":"https:\/\/www.joyana.fr\/ja\/author\/joyana\/"}]}},"author_meta":{"display_name":"Jo Yana","author_link":"https:\/\/www.joyana.fr\/ja\/author\/joyana\/"},"featured_img":"https:\/\/i0.wp.com\/www.joyana.fr\/wp-content\/uploads\/2013\/08\/ECAL_Fabien.Gerlier_Christofle%C3%82%C2%A9ECAL_Nicolas.Genta_2013_black.jpg?fit=389%2C389&ssl=1","featured_image_src":"https:\/\/i0.wp.com\/www.joyana.fr\/wp-content\/uploads\/2013\/08\/ECAL_Fabien.Gerlier_Christofle%C3%82%C2%A9ECAL_Nicolas.Genta_2013_black.jpg?resize=600%2C400&ssl=1","featured_image_src_square":"https:\/\/i0.wp.com\/www.joyana.fr\/wp-content\/uploads\/2013\/08\/ECAL_Fabien.Gerlier_Christofle%C3%82%C2%A9ECAL_Nicolas.Genta_2013_black.jpg?resize=600%2C600&ssl=1","jetpack_featured_media_url":"https:\/\/i0.wp.com\/www.joyana.fr\/wp-content\/uploads\/2013\/08\/ECAL_Fabien.Gerlier_Christofle%C3%82%C2%A9ECAL_Nicolas.Genta_2013_black.jpg?fit=%2C&ssl=1","uagb_featured_image_src":{"full":["https:\/\/i0.wp.com\/www.joyana.fr\/wp-content\/uploads\/2013\/08\/ECAL_Fabien.Gerlier_Christofle%C3%82%C2%A9ECAL_Nicolas.Genta_2013_black.jpg?fit=%2C&ssl=1",false,false,false],"thumbnail":["https:\/\/i0.wp.com\/www.joyana.fr\/wp-content\/uploads\/2013\/08\/ECAL_Fabien.Gerlier_Christofle%C3%82%C2%A9ECAL_Nicolas.Genta_2013_black.jpg?resize=150%2C150&ssl=1",false,false,true],"medium":["https:\/\/i0.wp.com\/www.joyana.fr\/wp-content\/uploads\/2013\/08\/ECAL_Fabien.Gerlier_Christofle%C3%82%C2%A9ECAL_Nicolas.Genta_2013_black.jpg?fit=389%2C389&ssl=1",false,false,true],"medium_large":["https:\/\/i0.wp.com\/www.joyana.fr\/wp-content\/uploads\/2013\/08\/ECAL_Fabien.Gerlier_Christofle%C3%82%C2%A9ECAL_Nicolas.Genta_2013_black.jpg?w=768&ssl=1",false,false,true],"large":["https:\/\/i0.wp.com\/www.joyana.fr\/wp-content\/uploads\/2013\/08\/ECAL_Fabien.Gerlier_Christofle%C3%82%C2%A9ECAL_Nicolas.Genta_2013_black.jpg?fit=1024%2C1024&ssl=1",false,false,true],"1536x1536":["https:\/\/i0.wp.com\/www.joyana.fr\/wp-content\/uploads\/2013\/08\/ECAL_Fabien.Gerlier_Christofle%C3%82%C2%A9ECAL_Nicolas.Genta_2013_black.jpg?fit=1536%2C1536&ssl=1",false,false,true],"2048x2048":["https:\/\/i0.wp.com\/www.joyana.fr\/wp-content\/uploads\/2013\/08\/ECAL_Fabien.Gerlier_Christofle%C3%82%C2%A9ECAL_Nicolas.Genta_2013_black.jpg?fit=2048%2C2048&ssl=1",false,false,true],"featured-thumb":["https:\/\/i0.wp.com\/www.joyana.fr\/wp-content\/uploads\/2013\/08\/ECAL_Fabien.Gerlier_Christofle%C3%82%C2%A9ECAL_Nicolas.Genta_2013_black.jpg?resize=1903%2C750&ssl=1",false,false,true],"ab-block-post-grid-landscape":["https:\/\/i0.wp.com\/www.joyana.fr\/wp-content\/uploads\/2013\/08\/ECAL_Fabien.Gerlier_Christofle%C3%82%C2%A9ECAL_Nicolas.Genta_2013_black.jpg?resize=600%2C400&ssl=1",false,false,true],"ab-block-post-grid-square":["https:\/\/i0.wp.com\/www.joyana.fr\/wp-content\/uploads\/2013\/08\/ECAL_Fabien.Gerlier_Christofle%C3%82%C2%A9ECAL_Nicolas.Genta_2013_black.jpg?resize=600%2C600&ssl=1",false,false,true],"author-pro-image":["https:\/\/i0.wp.com\/www.joyana.fr\/wp-content\/uploads\/2013\/08\/ECAL_Fabien.Gerlier_Christofle%C3%82%C2%A9ECAL_Nicolas.Genta_2013_black.jpg?resize=360%2C570&ssl=1",false,false,true],"slider":["https:\/\/i0.wp.com\/www.joyana.fr\/wp-content\/uploads\/2013\/08\/ECAL_Fabien.Gerlier_Christofle%C3%82%C2%A9ECAL_Nicolas.Genta_2013_black.jpg?resize=920%2C400&ssl=1",false,false,true],"woocommerce_thumbnail":["https:\/\/i0.wp.com\/www.joyana.fr\/wp-content\/uploads\/2013\/08\/ECAL_Fabien.Gerlier_Christofle%C3%82%C2%A9ECAL_Nicolas.Genta_2013_black.jpg?resize=450%2C450&ssl=1",false,false,true],"woocommerce_single":["https:\/\/i0.wp.com\/www.joyana.fr\/wp-content\/uploads\/2013\/08\/ECAL_Fabien.Gerlier_Christofle%C3%82%C2%A9ECAL_Nicolas.Genta_2013_black.jpg?w=920&ssl=1",false,false,true],"woocommerce_gallery_thumbnail":["https:\/\/i0.wp.com\/www.joyana.fr\/wp-content\/uploads\/2013\/08\/ECAL_Fabien.Gerlier_Christofle%C3%82%C2%A9ECAL_Nicolas.Genta_2013_black.jpg?resize=180%2C180&ssl=1",false,false,true],"sow-carousel-default":["https:\/\/i0.wp.com\/www.joyana.fr\/wp-content\/uploads\/2013\/08\/ECAL_Fabien.Gerlier_Christofle%C3%82%C2%A9ECAL_Nicolas.Genta_2013_black.jpg?resize=272%2C182&ssl=1",false,false,true]},"uagb_author_info":{"display_name":"Jo Yana","author_link":"https:\/\/www.joyana.fr\/ja\/author\/joyana\/"},"uagb_comment_info":16,"uagb_excerpt":"Le centre de table KILO par Fabien Gerlier est un des f&hellip;","coauthors":[],"tax_additional":{"categories":{"linked":["<a href=\"https:\/\/www.joyana.fr\/ja\/category\/deco-design\/decoration\/accessoires\/\" class=\"advgb-post-tax-term\">Accessoires<\/a>","<a href=\"https:\/\/www.joyana.fr\/ja\/category\/marques\/christofle\/\" class=\"advgb-post-tax-term\">Christofle<\/a>","<a href=\"https:\/\/www.joyana.fr\/ja\/category\/deco-design\/\" class=\"advgb-post-tax-term\">DECO-DESIGN<\/a>","<a href=\"https:\/\/www.joyana.fr\/ja\/category\/deco-design\/mobilier\/sculpture\/\" class=\"advgb-post-tax-term\">Sculpture<\/a>"],"unlinked":["<span class=\"advgb-post-tax-term\">Accessoires<\/span>","<span class=\"advgb-post-tax-term\">Christofle<\/span>","<span class=\"advgb-post-tax-term\">DECO-DESIGN<\/span>","<span class=\"advgb-post-tax-term\">Sculpture<\/span>"]},"tags":{"linked":["<a href=\"https:\/\/www.joyana.fr\/ja\/category\/deco-design\/mobilier\/sculpture\/\" class=\"advgb-post-tax-term\">Centre de table<\/a>","<a href=\"https:\/\/www.joyana.fr\/ja\/category\/deco-design\/mobilier\/sculpture\/\" class=\"advgb-post-tax-term\">Christofle<\/a>","<a href=\"https:\/\/www.joyana.fr\/ja\/category\/deco-design\/mobilier\/sculpture\/\" class=\"advgb-post-tax-term\">DESIGN<\/a>","<a href=\"https:\/\/www.joyana.fr\/ja\/category\/deco-design\/mobilier\/sculpture\/\" class=\"advgb-post-tax-term\">ECAL<\/a>","<a href=\"https:\/\/www.joyana.fr\/ja\/category\/deco-design\/mobilier\/sculpture\/\" class=\"advgb-post-tax-term\">Fabien GERLIER<\/a>"],"unlinked":["<span class=\"advgb-post-tax-term\">Centre de table<\/span>","<span class=\"advgb-post-tax-term\">Christofle<\/span>","<span class=\"advgb-post-tax-term\">DESIGN<\/span>","<span class=\"advgb-post-tax-term\">ECAL<\/span>","<span class=\"advgb-post-tax-term\">Fabien GERLIER<\/span>"]}},"comment_count":16,"relative_dates":{"created":"Posted 13\u5e74 ago","modified":"Updated 13\u5e74 ago"},"absolute_dates":{"created":"Posted on 5 8\u6708 2013","modified":"Updated on 5 8\u6708 2013"},"absolute_dates_time":{"created":"Posted on 5 8\u6708 2013 12:31","modified":"Updated on 5 8\u6708 2013 12:31"},"featured_img_caption":"","series_order":"","jetpack_sharing_enabled":true,"jetpack_shortlink":"https:\/\/wp.me\/p9bteI-tCn","jetpack-related-posts":[],"_links":{"self":[{"href":"https:\/\/www.joyana.fr\/ja\/wp-json\/wp\/v2\/posts\/113855","targetHints":{"allow":["GET"]}}],"collection":[{"href":"https:\/\/www.joyana.fr\/ja\/wp-json\/wp\/v2\/posts"}],"about":[{"href":"https:\/\/www.joyana.fr\/ja\/wp-json\/wp\/v2\/types\/post"}],"author":[{"embeddable":true,"href":"https:\/\/www.joyana.fr\/ja\/wp-json\/wp\/v2\/users\/3"}],"replies":[{"embeddable":true,"href":"https:\/\/www.joyana.fr\/ja\/wp-json\/wp\/v2\/comments?post=113855"}],"version-history":[{"count":0,"href":"https:\/\/www.joyana.fr\/ja\/wp-json\/wp\/v2\/posts\/113855\/revisions"}],"wp:featuredmedia":[{"embeddable":true,"href":"https:\/\/www.joyana.fr\/ja\/wp-json\/wp\/v2\/media\/113858"}],"wp:attachment":[{"href":"https:\/\/www.joyana.fr\/ja\/wp-json\/wp\/v2\/media?parent=113855"}],"wp:term":[{"taxonomy":"category","embeddable":true,"href":"https:\/\/www.joyana.fr\/ja\/wp-json\/wp\/v2\/categories?post=113855"},{"taxonomy":"post_tag","embeddable":true,"href":"https:\/\/www.joyana.fr\/ja\/wp-json\/wp\/v2\/tags?post=113855"}],"curies":[{"name":"wp","href":"https:\/\/api.w.org\/{rel}","templated":true}]}}