{"id":113733,"date":"2013-07-07T07:24:15","date_gmt":"2013-07-07T06:24:15","guid":{"rendered":"https:\/\/joyana.fr\/?p=13733"},"modified":"2013-07-07T07:24:15","modified_gmt":"2013-07-07T06:24:15","slug":"nouveau-miroir-par-vipp","status":"publish","type":"post","link":"https:\/\/www.joyana.fr\/ja\/nouveau-miroir-par-vipp\/113733\/","title":{"rendered":"NOUVEAU MIROIR par VIPP"},"content":{"rendered":"<p>Apr\u00e8s le <a title=\"MEUBLE DE SALLE DE BAINS VIPP\" href=\"https:\/\/joyana.fr\/meuble-salle-de-bains-vipp-morten-bo-jensen\/8885\/\" target=\"_blank\">meuble de salle de bains<\/a>, <strong>Vipp<\/strong>\u00a0continue d&#8217;\u00e9tendre sa gamme produits avec un sublime <strong>NOUVEAU MIROIR<\/strong> &#8211; au style tr\u00e8s \u00e9pur\u00e9, qui ira parfaitement dans tous types d&#8217;int\u00e9rieurs&#8230;<\/p>\n<p><img data-recalc-dims=\"1\" fetchpriority=\"high\" decoding=\"async\" alt=\"vipp_mirror_bedroom_low\" src=\"https:\/\/i0.wp.com\/joyana.fr\/wp-content\/uploads\/2013\/07\/vipp_mirror_bedroom_low-576x792.jpg?resize=576%2C792&#038;ssl=1\" width=\"576\" height=\"792\" \/><\/p>\n<p>Simple mais arborant des d\u00e9tails exquis, le <strong>NOUVEAU MIROIR Vipp<\/strong> offre trois tailles de r\u00e9flexion nette \u00e0 votre salle de bains, votre chambre \u00e0 coucher ou votre couloir. Les d\u00e9tails parlons en :\u00a0un cadre en aluminium peint \u00e0 la poudre entourant le verre de s\u00e9curit\u00e9 pour pi\u00e8ces humides de 8 mm, le <strong>NOUVEAU MIROIR<\/strong> ne fait aucune entorse \u00e0 la tradition de <strong>Vipp<\/strong> en mati\u00e8re d&#8217;artisanat !<\/p>\n<p><img data-recalc-dims=\"1\" decoding=\"async\" class=\"alignnone size-large wp-image-13735\" alt=\"vipp_mirror_bathroom01_low\" src=\"https:\/\/i0.wp.com\/joyana.fr\/wp-content\/uploads\/2013\/07\/vipp_mirror_bathroom01_low-576x840.jpg?resize=576%2C840&#038;ssl=1\" width=\"576\" height=\"840\" \/><\/p>\n<p><img data-recalc-dims=\"1\" decoding=\"async\" class=\"alignnone size-large wp-image-13736\" alt=\"vipp_mirror_bathroom02_low\" src=\"https:\/\/i0.wp.com\/joyana.fr\/wp-content\/uploads\/2013\/07\/vipp_mirror_bathroom02_low-576x723.jpg?resize=576%2C723&#038;ssl=1\" width=\"576\" height=\"723\" \/><\/p>\n<p><img data-recalc-dims=\"1\" loading=\"lazy\" decoding=\"async\" class=\"alignnone size-large wp-image-13739\" alt=\"vipp_mirror_hallway_02_low\" src=\"https:\/\/i0.wp.com\/joyana.fr\/wp-content\/uploads\/2013\/07\/vipp_mirror_hallway_02_low-576x821.jpg?resize=576%2C821&#038;ssl=1\" width=\"576\" height=\"821\" \/><\/p>\n<p><em>&#8220;Les bords arrondis de l&#8217;aluminium extrud\u00e9 pos\u00e9 parall\u00e8lement au verre et le support int\u00e9gr\u00e9 permettant une fixation en toute simplicit\u00e9 sont des d\u00e9tails cl\u00e9s du miroir, dont le choix de mat\u00e9riaux et la conception refl\u00e8tent parfaitement l&#8217;ADN de <strong>Vipp<\/strong>&#8220;<\/em>, explique Morten Bo Jensen, Designer en chef de <strong>Vipp<\/strong>.<\/p>\n<p><img data-recalc-dims=\"1\" loading=\"lazy\" decoding=\"async\" class=\"alignnone size-large wp-image-13740\" alt=\"NOUVEAU MIROIR par VIPP\" src=\"https:\/\/i0.wp.com\/joyana.fr\/wp-content\/uploads\/2013\/07\/vipp_mirror_hallway01_low-576x879.jpg?resize=576%2C879&#038;ssl=1\" width=\"576\" height=\"879\" \/><\/p>\n<p><em> Petit format 500 x 665 mm, 600 euros<\/em><br \/>\n<em> Format interm\u00e9diaire 500 x 1266 mm, 750 euros<\/em><br \/>\n<em> Grand format 500 x 1870 mm, 900 euros<\/em><\/p>\n<p><img data-recalc-dims=\"1\" loading=\"lazy\" decoding=\"async\" alt=\"NOUVEAU MIROIR par VIPP\" src=\"https:\/\/i0.wp.com\/joyana.fr\/wp-content\/uploads\/2013\/07\/vipp_mirror_all_low-576x778.jpg?resize=576%2C778&#038;ssl=1\" width=\"576\" height=\"778\" \/><\/p>\n<p style=\"text-align: center;\">En savoir + sur le NOUVEAU MIROIR\u00a0sur <a title=\"VIPP\" href=\"http:\/\/www.vipp.com\/\" target=\"_blank\">VIPP<\/a><\/p>\n","protected":false},"excerpt":{"rendered":"<p>Apr\u00e8s le meuble de salle de bains, Vipp\u00a0continue d&#8217;\u00e9tendre sa gamme produits avec un sublime NOUVEAU MIR [&hellip;]<\/p>\n","protected":false},"author":3,"featured_media":113739,"comment_status":"open","ping_status":"open","sticky":false,"template":"","format":"standard","meta":{"_coblocks_attr":"","_coblocks_dimensions":"","_coblocks_responsive_height":"","_coblocks_accordion_ie_support":"","_uag_custom_page_level_css":"","advgb_blocks_editor_width":"","advgb_blocks_columns_visual_guide":"","_genesis_hide_title":false,"_genesis_hide_breadcrumbs":false,"_genesis_hide_singular_image":false,"_genesis_hide_footer_widgets":false,"_genesis_custom_body_class":"","_genesis_custom_post_class":"","_genesis_layout":"","_themeisle_gutenberg_block_has_review":false,"_jetpack_newsletter_access":"","_jetpack_dont_email_post_to_subs":false,"_jetpack_newsletter_tier_id":0,"_jetpack_memberships_contains_paywalled_content":false,"_jetpack_memberships_contains_paid_content":false,"footnotes":""},"categories":[906,905,1001,959,956],"tags":[908,78,1266,1265,1244,1417],"class_list":{"0":"post-113733","1":"post","2":"type-post","3":"status-publish","4":"format-standard","5":"has-post-thumbnail","7":"category-accessoires","8":"category-deco-design","9":"category-miroir","10":"category-salle-deau","11":"category-vipp","12":"tag-blanc","13":"tag-design","14":"tag-design-scandinave","15":"tag-miroir-design","16":"tag-scandinave","17":"tag-vipp","18":"entry"},"featured_image_urls":{"full":["https:\/\/i0.wp.com\/www.joyana.fr\/wp-content\/uploads\/2013\/07\/vipp_mirror_hallway_02_low.jpg?fit=650%2C927&ssl=1",650,927,false],"thumbnail":["https:\/\/i0.wp.com\/www.joyana.fr\/wp-content\/uploads\/2013\/07\/vipp_mirror_hallway_02_low.jpg?resize=150%2C150&ssl=1",150,150,true],"medium":["https:\/\/i0.wp.com\/www.joyana.fr\/wp-content\/uploads\/2013\/07\/vipp_mirror_hallway_02_low.jpg?fit=273%2C389&ssl=1",273,389,true],"medium_large":["https:\/\/i0.wp.com\/www.joyana.fr\/wp-content\/uploads\/2013\/07\/vipp_mirror_hallway_02_low.jpg?fit=650%2C927&ssl=1",650,927,true],"large":["https:\/\/i0.wp.com\/www.joyana.fr\/wp-content\/uploads\/2013\/07\/vipp_mirror_hallway_02_low.jpg?fit=650%2C927&ssl=1",650,927,true],"1536x1536":["https:\/\/i0.wp.com\/www.joyana.fr\/wp-content\/uploads\/2013\/07\/vipp_mirror_hallway_02_low.jpg?fit=650%2C927&ssl=1",650,927,true],"2048x2048":["https:\/\/i0.wp.com\/www.joyana.fr\/wp-content\/uploads\/2013\/07\/vipp_mirror_hallway_02_low.jpg?fit=650%2C927&ssl=1",650,927,true],"featured-thumb":["https:\/\/i0.wp.com\/www.joyana.fr\/wp-content\/uploads\/2013\/07\/vipp_mirror_hallway_02_low.jpg?resize=650%2C750&ssl=1",650,750,true],"ab-block-post-grid-landscape":["https:\/\/i0.wp.com\/www.joyana.fr\/wp-content\/uploads\/2013\/07\/vipp_mirror_hallway_02_low.jpg?resize=600%2C400&ssl=1",600,400,true],"ab-block-post-grid-square":["https:\/\/i0.wp.com\/www.joyana.fr\/wp-content\/uploads\/2013\/07\/vipp_mirror_hallway_02_low.jpg?resize=600%2C600&ssl=1",600,600,true],"author-pro-image":["https:\/\/i0.wp.com\/www.joyana.fr\/wp-content\/uploads\/2013\/07\/vipp_mirror_hallway_02_low.jpg?resize=360%2C570&ssl=1",360,570,true],"slider":["https:\/\/i0.wp.com\/www.joyana.fr\/wp-content\/uploads\/2013\/07\/vipp_mirror_hallway_02_low.jpg?resize=650%2C400&ssl=1",650,400,true],"woocommerce_thumbnail":["https:\/\/i0.wp.com\/www.joyana.fr\/wp-content\/uploads\/2013\/07\/vipp_mirror_hallway_02_low.jpg?resize=450%2C450&ssl=1",450,450,true],"woocommerce_single":["https:\/\/i0.wp.com\/www.joyana.fr\/wp-content\/uploads\/2013\/07\/vipp_mirror_hallway_02_low.jpg?fit=650%2C927&ssl=1",650,927,true],"woocommerce_gallery_thumbnail":["https:\/\/i0.wp.com\/www.joyana.fr\/wp-content\/uploads\/2013\/07\/vipp_mirror_hallway_02_low.jpg?resize=180%2C180&ssl=1",180,180,true],"sow-carousel-default":["https:\/\/i0.wp.com\/www.joyana.fr\/wp-content\/uploads\/2013\/07\/vipp_mirror_hallway_02_low.jpg?resize=272%2C182&ssl=1",272,182,true]},"post_excerpt_stackable":"<p>Apr\u00e8s le meuble de salle de bains, Vipp\u00a0continue d&#8217;\u00e9tendre sa gamme produits avec un sublime N&hellip;<\/p>\n","category_list":"<a href=\"https:\/\/www.joyana.fr\/ja\/category\/deco-design\/decoration\/accessoires\/\" rel=\"category tag\">Accessoires<\/a>, <a href=\"https:\/\/www.joyana.fr\/ja\/category\/deco-design\/\" rel=\"category tag\">DECO-DESIGN<\/a>, <a href=\"https:\/\/www.joyana.fr\/ja\/category\/deco-design\/decoration\/accessoires\/miroir\/\" rel=\"category tag\">Miroir<\/a>, <a href=\"https:\/\/www.joyana.fr\/ja\/category\/deco-design\/decoration\/salle-deau\/\" rel=\"category tag\">Salle d'eau<\/a>, <a href=\"https:\/\/www.joyana.fr\/ja\/category\/marques\/vipp\/\" rel=\"category tag\">Vipp<\/a>","author_info":{"display_name":"Jo Yana","author_link":"https:\/\/www.joyana.fr\/ja\/author\/joyana\/"},"comments_num":"0 comments","featured_image_urls_v2":{"full":["https:\/\/i0.wp.com\/www.joyana.fr\/wp-content\/uploads\/2013\/07\/vipp_mirror_hallway_02_low.jpg?fit=650%2C927&ssl=1",650,927,false],"thumbnail":["https:\/\/i0.wp.com\/www.joyana.fr\/wp-content\/uploads\/2013\/07\/vipp_mirror_hallway_02_low.jpg?resize=150%2C150&ssl=1",150,150,true],"medium":["https:\/\/i0.wp.com\/www.joyana.fr\/wp-content\/uploads\/2013\/07\/vipp_mirror_hallway_02_low.jpg?fit=273%2C389&ssl=1",273,389,true],"medium_large":["https:\/\/i0.wp.com\/www.joyana.fr\/wp-content\/uploads\/2013\/07\/vipp_mirror_hallway_02_low.jpg?fit=650%2C927&ssl=1",650,927,true],"large":["https:\/\/i0.wp.com\/www.joyana.fr\/wp-content\/uploads\/2013\/07\/vipp_mirror_hallway_02_low.jpg?fit=650%2C927&ssl=1",650,927,true],"1536x1536":["https:\/\/i0.wp.com\/www.joyana.fr\/wp-content\/uploads\/2013\/07\/vipp_mirror_hallway_02_low.jpg?fit=650%2C927&ssl=1",650,927,true],"2048x2048":["https:\/\/i0.wp.com\/www.joyana.fr\/wp-content\/uploads\/2013\/07\/vipp_mirror_hallway_02_low.jpg?fit=650%2C927&ssl=1",650,927,true],"featured-thumb":["https:\/\/i0.wp.com\/www.joyana.fr\/wp-content\/uploads\/2013\/07\/vipp_mirror_hallway_02_low.jpg?resize=650%2C750&ssl=1",650,750,true],"ab-block-post-grid-landscape":["https:\/\/i0.wp.com\/www.joyana.fr\/wp-content\/uploads\/2013\/07\/vipp_mirror_hallway_02_low.jpg?resize=600%2C400&ssl=1",600,400,true],"ab-block-post-grid-square":["https:\/\/i0.wp.com\/www.joyana.fr\/wp-content\/uploads\/2013\/07\/vipp_mirror_hallway_02_low.jpg?resize=600%2C600&ssl=1",600,600,true],"author-pro-image":["https:\/\/i0.wp.com\/www.joyana.fr\/wp-content\/uploads\/2013\/07\/vipp_mirror_hallway_02_low.jpg?resize=360%2C570&ssl=1",360,570,true],"slider":["https:\/\/i0.wp.com\/www.joyana.fr\/wp-content\/uploads\/2013\/07\/vipp_mirror_hallway_02_low.jpg?resize=650%2C400&ssl=1",650,400,true],"woocommerce_thumbnail":["https:\/\/i0.wp.com\/www.joyana.fr\/wp-content\/uploads\/2013\/07\/vipp_mirror_hallway_02_low.jpg?resize=450%2C450&ssl=1",450,450,true],"woocommerce_single":["https:\/\/i0.wp.com\/www.joyana.fr\/wp-content\/uploads\/2013\/07\/vipp_mirror_hallway_02_low.jpg?fit=650%2C927&ssl=1",650,927,true],"woocommerce_gallery_thumbnail":["https:\/\/i0.wp.com\/www.joyana.fr\/wp-content\/uploads\/2013\/07\/vipp_mirror_hallway_02_low.jpg?resize=180%2C180&ssl=1",180,180,true],"sow-carousel-default":["https:\/\/i0.wp.com\/www.joyana.fr\/wp-content\/uploads\/2013\/07\/vipp_mirror_hallway_02_low.jpg?resize=272%2C182&ssl=1",272,182,true]},"post_excerpt_stackable_v2":"<p>Apr\u00e8s le meuble de salle de bains, Vipp\u00a0continue d&#8217;\u00e9tendre sa gamme produits avec un sublime N&hellip;<\/p>\n","category_list_v2":"<a href=\"https:\/\/www.joyana.fr\/ja\/category\/deco-design\/decoration\/accessoires\/\" rel=\"category tag\">Accessoires<\/a>, <a href=\"https:\/\/www.joyana.fr\/ja\/category\/deco-design\/\" rel=\"category tag\">DECO-DESIGN<\/a>, <a href=\"https:\/\/www.joyana.fr\/ja\/category\/deco-design\/decoration\/accessoires\/miroir\/\" rel=\"category tag\">Miroir<\/a>, <a href=\"https:\/\/www.joyana.fr\/ja\/category\/deco-design\/decoration\/salle-deau\/\" rel=\"category tag\">Salle d'eau<\/a>, <a href=\"https:\/\/www.joyana.fr\/ja\/category\/marques\/vipp\/\" rel=\"category tag\">Vipp<\/a>","author_info_v2":{"name":"Jo Yana","url":"https:\/\/www.joyana.fr\/ja\/author\/joyana\/"},"comments_num_v2":"0 comments","yoast_head":"<!-- This site is optimized with the Yoast SEO plugin v26.8 - https:\/\/yoast.com\/product\/yoast-seo-wordpress\/ -->\n<title>NOUVEAU MIROIR par VIPP - JO YANA<\/title>\n<meta name=\"robots\" content=\"index, follow, max-snippet:-1, max-image-preview:large, max-video-preview:-1\" \/>\n<link rel=\"canonical\" href=\"https:\/\/www.joyana.fr\/ja\/nouveau-miroir-par-vipp\/113733\/\" \/>\n<meta property=\"og:locale\" content=\"ja_JP\" \/>\n<meta property=\"og:locale:alternate\" content=\"fr_FR\" \/>\n<meta property=\"og:locale:alternate\" content=\"en_US\" \/>\n<meta property=\"og:type\" content=\"article\" \/>\n<meta property=\"og:title\" content=\"NOUVEAU MIROIR par VIPP - JO YANA\" \/>\n<meta property=\"og:description\" content=\"Apr\u00e8s le meuble de salle de bains, Vipp\u00a0continue d&#8217;\u00e9tendre sa gamme produits avec un sublime NOUVEAU MIR [&hellip;]\" \/>\n<meta property=\"og:url\" content=\"https:\/\/www.joyana.fr\/ja\/nouveau-miroir-par-vipp\/113733\/\" \/>\n<meta property=\"og:site_name\" content=\"JO YANA\" \/>\n<meta property=\"article:published_time\" content=\"2013-07-07T06:24:15+00:00\" \/>\n<meta property=\"og:image\" content=\"https:\/\/www.joyana.fr\/wp-content\/uploads\/2013\/07\/vipp_mirror_hallway_02_low.jpg\" \/>\n\t<meta property=\"og:image:width\" content=\"650\" \/>\n\t<meta property=\"og:image:height\" content=\"927\" \/>\n\t<meta property=\"og:image:type\" content=\"image\/jpeg\" \/>\n<meta name=\"author\" content=\"Jo Yana\" \/>\n<meta name=\"twitter:card\" content=\"summary_large_image\" \/>\n<meta name=\"twitter:creator\" content=\"@Jo_Yana\" \/>\n<meta name=\"twitter:site\" content=\"@Jo_Yana\" \/>\n<meta name=\"twitter:label1\" content=\"\u57f7\u7b46\u8005\" \/>\n\t<meta name=\"twitter:data1\" content=\"Jo Yana\" \/>\n\t<meta name=\"twitter:label2\" content=\"\u63a8\u5b9a\u8aad\u307f\u53d6\u308a\u6642\u9593\" \/>\n\t<meta name=\"twitter:data2\" content=\"1\u5206\" \/>\n<script type=\"application\/ld+json\" class=\"yoast-schema-graph\">{\"@context\":\"https:\/\/schema.org\",\"@graph\":[{\"@type\":\"Article\",\"@id\":\"https:\/\/www.joyana.fr\/ja\/nouveau-miroir-par-vipp\/113733\/#article\",\"isPartOf\":{\"@id\":\"https:\/\/www.joyana.fr\/ja\/nouveau-miroir-par-vipp\/113733\/\"},\"author\":{\"name\":\"Jo Yana\",\"@id\":\"https:\/\/www.joyana.fr\/#\/schema\/person\/cf2a1ad12a27c12c21801075bf37407c\"},\"headline\":\"NOUVEAU MIROIR par VIPP\",\"datePublished\":\"2013-07-07T06:24:15+00:00\",\"mainEntityOfPage\":{\"@id\":\"https:\/\/www.joyana.fr\/ja\/nouveau-miroir-par-vipp\/113733\/\"},\"wordCount\":187,\"commentCount\":0,\"publisher\":{\"@id\":\"https:\/\/www.joyana.fr\/#\/schema\/person\/cf2a1ad12a27c12c21801075bf37407c\"},\"image\":{\"@id\":\"https:\/\/www.joyana.fr\/ja\/nouveau-miroir-par-vipp\/113733\/#primaryimage\"},\"thumbnailUrl\":\"https:\/\/i0.wp.com\/www.joyana.fr\/wp-content\/uploads\/2013\/07\/vipp_mirror_hallway_02_low.jpg?fit=650%2C927&ssl=1\",\"keywords\":[\"Blanc\",\"DESIGN\",\"Design Scandinave\",\"Miroir design\",\"scandinave\",\"Vipp\"],\"articleSection\":[\"Accessoires\",\"DECO-DESIGN\",\"Miroir\",\"Salle d'eau\",\"Vipp\"],\"inLanguage\":\"ja\",\"potentialAction\":[{\"@type\":\"CommentAction\",\"name\":\"Comment\",\"target\":[\"https:\/\/www.joyana.fr\/ja\/nouveau-miroir-par-vipp\/113733\/#respond\"]}]},{\"@type\":\"WebPage\",\"@id\":\"https:\/\/www.joyana.fr\/ja\/nouveau-miroir-par-vipp\/113733\/\",\"url\":\"https:\/\/www.joyana.fr\/ja\/nouveau-miroir-par-vipp\/113733\/\",\"name\":\"NOUVEAU MIROIR par VIPP - JO YANA\",\"isPartOf\":{\"@id\":\"https:\/\/www.joyana.fr\/#website\"},\"primaryImageOfPage\":{\"@id\":\"https:\/\/www.joyana.fr\/ja\/nouveau-miroir-par-vipp\/113733\/#primaryimage\"},\"image\":{\"@id\":\"https:\/\/www.joyana.fr\/ja\/nouveau-miroir-par-vipp\/113733\/#primaryimage\"},\"thumbnailUrl\":\"https:\/\/i0.wp.com\/www.joyana.fr\/wp-content\/uploads\/2013\/07\/vipp_mirror_hallway_02_low.jpg?fit=650%2C927&ssl=1\",\"datePublished\":\"2013-07-07T06:24:15+00:00\",\"breadcrumb\":{\"@id\":\"https:\/\/www.joyana.fr\/ja\/nouveau-miroir-par-vipp\/113733\/#breadcrumb\"},\"inLanguage\":\"ja\",\"potentialAction\":[{\"@type\":\"ReadAction\",\"target\":[\"https:\/\/www.joyana.fr\/ja\/nouveau-miroir-par-vipp\/113733\/\"]}]},{\"@type\":\"ImageObject\",\"inLanguage\":\"ja\",\"@id\":\"https:\/\/www.joyana.fr\/ja\/nouveau-miroir-par-vipp\/113733\/#primaryimage\",\"url\":\"https:\/\/i0.wp.com\/www.joyana.fr\/wp-content\/uploads\/2013\/07\/vipp_mirror_hallway_02_low.jpg?fit=650%2C927&ssl=1\",\"contentUrl\":\"https:\/\/i0.wp.com\/www.joyana.fr\/wp-content\/uploads\/2013\/07\/vipp_mirror_hallway_02_low.jpg?fit=650%2C927&ssl=1\",\"width\":650,\"height\":927},{\"@type\":\"BreadcrumbList\",\"@id\":\"https:\/\/www.joyana.fr\/ja\/nouveau-miroir-par-vipp\/113733\/#breadcrumb\",\"itemListElement\":[{\"@type\":\"ListItem\",\"position\":1,\"name\":\"Accueil\",\"item\":\"https:\/\/www.joyana.fr\/\"},{\"@type\":\"ListItem\",\"position\":2,\"name\":\"NOUVEAU MIROIR par VIPP\"}]},{\"@type\":\"WebSite\",\"@id\":\"https:\/\/www.joyana.fr\/#website\",\"url\":\"https:\/\/www.joyana.fr\/\",\"name\":\"JO YANA\",\"description\":\"Blog Mode Homme, Lifestyle, D\u00e9co-Design\",\"publisher\":{\"@id\":\"https:\/\/www.joyana.fr\/#\/schema\/person\/cf2a1ad12a27c12c21801075bf37407c\"},\"potentialAction\":[{\"@type\":\"SearchAction\",\"target\":{\"@type\":\"EntryPoint\",\"urlTemplate\":\"https:\/\/www.joyana.fr\/?s={search_term_string}\"},\"query-input\":{\"@type\":\"PropertyValueSpecification\",\"valueRequired\":true,\"valueName\":\"search_term_string\"}}],\"inLanguage\":\"ja\"},{\"@type\":[\"Person\",\"Organization\"],\"@id\":\"https:\/\/www.joyana.fr\/#\/schema\/person\/cf2a1ad12a27c12c21801075bf37407c\",\"name\":\"Jo Yana\",\"image\":{\"@type\":\"ImageObject\",\"inLanguage\":\"ja\",\"@id\":\"https:\/\/www.joyana.fr\/#\/schema\/person\/image\/\",\"url\":\"https:\/\/i0.wp.com\/www.joyana.fr\/wp-content\/uploads\/2016\/08\/cropped-joyana-logo-black-360x180.png?fit=343%2C164&ssl=1\",\"contentUrl\":\"https:\/\/i0.wp.com\/www.joyana.fr\/wp-content\/uploads\/2016\/08\/cropped-joyana-logo-black-360x180.png?fit=343%2C164&ssl=1\",\"width\":343,\"height\":164,\"caption\":\"Jo Yana\"},\"logo\":{\"@id\":\"https:\/\/www.joyana.fr\/#\/schema\/person\/image\/\"},\"description\":\"Jo Yana est le cr\u00e9ateur et r\u00e9dacteur en chef des sites DECO-DESIGN. Passionn\u00e9 de Design, Mode, Photo, Luxe, Lifestyle, Musique, mais avant tout Blogueur ! Le plaisir de partager l'anime et a comme devise \\\"POUR L'AMOUR DU BEAU\\\". Retrouvez le aussi sur son blog personnel - https:\/\/joyana.fr...\",\"sameAs\":[\"https:\/\/joyana.fr\/\"],\"url\":\"https:\/\/www.joyana.fr\/ja\/author\/joyana\/\"}]}<\/script>\n<!-- \/ Yoast SEO plugin. -->","yoast_head_json":{"title":"NOUVEAU MIROIR par VIPP - JO YANA","robots":{"index":"index","follow":"follow","max-snippet":"max-snippet:-1","max-image-preview":"max-image-preview:large","max-video-preview":"max-video-preview:-1"},"canonical":"https:\/\/www.joyana.fr\/ja\/nouveau-miroir-par-vipp\/113733\/","og_locale":"ja_JP","og_type":"article","og_title":"NOUVEAU MIROIR par VIPP - JO YANA","og_description":"Apr\u00e8s le meuble de salle de bains, Vipp\u00a0continue d&#8217;\u00e9tendre sa gamme produits avec un sublime NOUVEAU MIR [&hellip;]","og_url":"https:\/\/www.joyana.fr\/ja\/nouveau-miroir-par-vipp\/113733\/","og_site_name":"JO YANA","article_published_time":"2013-07-07T06:24:15+00:00","og_image":[{"width":650,"height":927,"url":"https:\/\/www.joyana.fr\/wp-content\/uploads\/2013\/07\/vipp_mirror_hallway_02_low.jpg","type":"image\/jpeg"}],"author":"Jo Yana","twitter_card":"summary_large_image","twitter_creator":"@Jo_Yana","twitter_site":"@Jo_Yana","twitter_misc":{"\u57f7\u7b46\u8005":"Jo Yana","\u63a8\u5b9a\u8aad\u307f\u53d6\u308a\u6642\u9593":"1\u5206"},"schema":{"@context":"https:\/\/schema.org","@graph":[{"@type":"Article","@id":"https:\/\/www.joyana.fr\/ja\/nouveau-miroir-par-vipp\/113733\/#article","isPartOf":{"@id":"https:\/\/www.joyana.fr\/ja\/nouveau-miroir-par-vipp\/113733\/"},"author":{"name":"Jo Yana","@id":"https:\/\/www.joyana.fr\/#\/schema\/person\/cf2a1ad12a27c12c21801075bf37407c"},"headline":"NOUVEAU MIROIR par VIPP","datePublished":"2013-07-07T06:24:15+00:00","mainEntityOfPage":{"@id":"https:\/\/www.joyana.fr\/ja\/nouveau-miroir-par-vipp\/113733\/"},"wordCount":187,"commentCount":0,"publisher":{"@id":"https:\/\/www.joyana.fr\/#\/schema\/person\/cf2a1ad12a27c12c21801075bf37407c"},"image":{"@id":"https:\/\/www.joyana.fr\/ja\/nouveau-miroir-par-vipp\/113733\/#primaryimage"},"thumbnailUrl":"https:\/\/i0.wp.com\/www.joyana.fr\/wp-content\/uploads\/2013\/07\/vipp_mirror_hallway_02_low.jpg?fit=650%2C927&ssl=1","keywords":["Blanc","DESIGN","Design Scandinave","Miroir design","scandinave","Vipp"],"articleSection":["Accessoires","DECO-DESIGN","Miroir","Salle d'eau","Vipp"],"inLanguage":"ja","potentialAction":[{"@type":"CommentAction","name":"Comment","target":["https:\/\/www.joyana.fr\/ja\/nouveau-miroir-par-vipp\/113733\/#respond"]}]},{"@type":"WebPage","@id":"https:\/\/www.joyana.fr\/ja\/nouveau-miroir-par-vipp\/113733\/","url":"https:\/\/www.joyana.fr\/ja\/nouveau-miroir-par-vipp\/113733\/","name":"NOUVEAU MIROIR par VIPP - JO YANA","isPartOf":{"@id":"https:\/\/www.joyana.fr\/#website"},"primaryImageOfPage":{"@id":"https:\/\/www.joyana.fr\/ja\/nouveau-miroir-par-vipp\/113733\/#primaryimage"},"image":{"@id":"https:\/\/www.joyana.fr\/ja\/nouveau-miroir-par-vipp\/113733\/#primaryimage"},"thumbnailUrl":"https:\/\/i0.wp.com\/www.joyana.fr\/wp-content\/uploads\/2013\/07\/vipp_mirror_hallway_02_low.jpg?fit=650%2C927&ssl=1","datePublished":"2013-07-07T06:24:15+00:00","breadcrumb":{"@id":"https:\/\/www.joyana.fr\/ja\/nouveau-miroir-par-vipp\/113733\/#breadcrumb"},"inLanguage":"ja","potentialAction":[{"@type":"ReadAction","target":["https:\/\/www.joyana.fr\/ja\/nouveau-miroir-par-vipp\/113733\/"]}]},{"@type":"ImageObject","inLanguage":"ja","@id":"https:\/\/www.joyana.fr\/ja\/nouveau-miroir-par-vipp\/113733\/#primaryimage","url":"https:\/\/i0.wp.com\/www.joyana.fr\/wp-content\/uploads\/2013\/07\/vipp_mirror_hallway_02_low.jpg?fit=650%2C927&ssl=1","contentUrl":"https:\/\/i0.wp.com\/www.joyana.fr\/wp-content\/uploads\/2013\/07\/vipp_mirror_hallway_02_low.jpg?fit=650%2C927&ssl=1","width":650,"height":927},{"@type":"BreadcrumbList","@id":"https:\/\/www.joyana.fr\/ja\/nouveau-miroir-par-vipp\/113733\/#breadcrumb","itemListElement":[{"@type":"ListItem","position":1,"name":"Accueil","item":"https:\/\/www.joyana.fr\/"},{"@type":"ListItem","position":2,"name":"NOUVEAU MIROIR par VIPP"}]},{"@type":"WebSite","@id":"https:\/\/www.joyana.fr\/#website","url":"https:\/\/www.joyana.fr\/","name":"JO YANA","description":"Blog Mode Homme, Lifestyle, D\u00e9co-Design","publisher":{"@id":"https:\/\/www.joyana.fr\/#\/schema\/person\/cf2a1ad12a27c12c21801075bf37407c"},"potentialAction":[{"@type":"SearchAction","target":{"@type":"EntryPoint","urlTemplate":"https:\/\/www.joyana.fr\/?s={search_term_string}"},"query-input":{"@type":"PropertyValueSpecification","valueRequired":true,"valueName":"search_term_string"}}],"inLanguage":"ja"},{"@type":["Person","Organization"],"@id":"https:\/\/www.joyana.fr\/#\/schema\/person\/cf2a1ad12a27c12c21801075bf37407c","name":"Jo Yana","image":{"@type":"ImageObject","inLanguage":"ja","@id":"https:\/\/www.joyana.fr\/#\/schema\/person\/image\/","url":"https:\/\/i0.wp.com\/www.joyana.fr\/wp-content\/uploads\/2016\/08\/cropped-joyana-logo-black-360x180.png?fit=343%2C164&ssl=1","contentUrl":"https:\/\/i0.wp.com\/www.joyana.fr\/wp-content\/uploads\/2016\/08\/cropped-joyana-logo-black-360x180.png?fit=343%2C164&ssl=1","width":343,"height":164,"caption":"Jo Yana"},"logo":{"@id":"https:\/\/www.joyana.fr\/#\/schema\/person\/image\/"},"description":"Jo Yana est le cr\u00e9ateur et r\u00e9dacteur en chef des sites DECO-DESIGN. Passionn\u00e9 de Design, Mode, Photo, Luxe, Lifestyle, Musique, mais avant tout Blogueur ! Le plaisir de partager l'anime et a comme devise \"POUR L'AMOUR DU BEAU\". Retrouvez le aussi sur son blog personnel - https:\/\/joyana.fr...","sameAs":["https:\/\/joyana.fr\/"],"url":"https:\/\/www.joyana.fr\/ja\/author\/joyana\/"}]}},"author_meta":{"display_name":"Jo Yana","author_link":"https:\/\/www.joyana.fr\/ja\/author\/joyana\/"},"featured_img":"https:\/\/i0.wp.com\/www.joyana.fr\/wp-content\/uploads\/2013\/07\/vipp_mirror_hallway_02_low.jpg?fit=273%2C389&ssl=1","featured_image_src":"https:\/\/i0.wp.com\/www.joyana.fr\/wp-content\/uploads\/2013\/07\/vipp_mirror_hallway_02_low.jpg?resize=600%2C400&ssl=1","featured_image_src_square":"https:\/\/i0.wp.com\/www.joyana.fr\/wp-content\/uploads\/2013\/07\/vipp_mirror_hallway_02_low.jpg?resize=600%2C600&ssl=1","jetpack_featured_media_url":"https:\/\/i0.wp.com\/www.joyana.fr\/wp-content\/uploads\/2013\/07\/vipp_mirror_hallway_02_low.jpg?fit=650%2C927&ssl=1","uagb_featured_image_src":{"full":["https:\/\/i0.wp.com\/www.joyana.fr\/wp-content\/uploads\/2013\/07\/vipp_mirror_hallway_02_low.jpg?fit=650%2C927&ssl=1",650,927,false],"thumbnail":["https:\/\/i0.wp.com\/www.joyana.fr\/wp-content\/uploads\/2013\/07\/vipp_mirror_hallway_02_low.jpg?resize=150%2C150&ssl=1",150,150,true],"medium":["https:\/\/i0.wp.com\/www.joyana.fr\/wp-content\/uploads\/2013\/07\/vipp_mirror_hallway_02_low.jpg?fit=273%2C389&ssl=1",273,389,true],"medium_large":["https:\/\/i0.wp.com\/www.joyana.fr\/wp-content\/uploads\/2013\/07\/vipp_mirror_hallway_02_low.jpg?fit=650%2C927&ssl=1",650,927,true],"large":["https:\/\/i0.wp.com\/www.joyana.fr\/wp-content\/uploads\/2013\/07\/vipp_mirror_hallway_02_low.jpg?fit=650%2C927&ssl=1",650,927,true],"1536x1536":["https:\/\/i0.wp.com\/www.joyana.fr\/wp-content\/uploads\/2013\/07\/vipp_mirror_hallway_02_low.jpg?fit=650%2C927&ssl=1",650,927,true],"2048x2048":["https:\/\/i0.wp.com\/www.joyana.fr\/wp-content\/uploads\/2013\/07\/vipp_mirror_hallway_02_low.jpg?fit=650%2C927&ssl=1",650,927,true],"featured-thumb":["https:\/\/i0.wp.com\/www.joyana.fr\/wp-content\/uploads\/2013\/07\/vipp_mirror_hallway_02_low.jpg?resize=650%2C750&ssl=1",650,750,true],"ab-block-post-grid-landscape":["https:\/\/i0.wp.com\/www.joyana.fr\/wp-content\/uploads\/2013\/07\/vipp_mirror_hallway_02_low.jpg?resize=600%2C400&ssl=1",600,400,true],"ab-block-post-grid-square":["https:\/\/i0.wp.com\/www.joyana.fr\/wp-content\/uploads\/2013\/07\/vipp_mirror_hallway_02_low.jpg?resize=600%2C600&ssl=1",600,600,true],"author-pro-image":["https:\/\/i0.wp.com\/www.joyana.fr\/wp-content\/uploads\/2013\/07\/vipp_mirror_hallway_02_low.jpg?resize=360%2C570&ssl=1",360,570,true],"slider":["https:\/\/i0.wp.com\/www.joyana.fr\/wp-content\/uploads\/2013\/07\/vipp_mirror_hallway_02_low.jpg?resize=650%2C400&ssl=1",650,400,true],"woocommerce_thumbnail":["https:\/\/i0.wp.com\/www.joyana.fr\/wp-content\/uploads\/2013\/07\/vipp_mirror_hallway_02_low.jpg?resize=450%2C450&ssl=1",450,450,true],"woocommerce_single":["https:\/\/i0.wp.com\/www.joyana.fr\/wp-content\/uploads\/2013\/07\/vipp_mirror_hallway_02_low.jpg?fit=650%2C927&ssl=1",650,927,true],"woocommerce_gallery_thumbnail":["https:\/\/i0.wp.com\/www.joyana.fr\/wp-content\/uploads\/2013\/07\/vipp_mirror_hallway_02_low.jpg?resize=180%2C180&ssl=1",180,180,true],"sow-carousel-default":["https:\/\/i0.wp.com\/www.joyana.fr\/wp-content\/uploads\/2013\/07\/vipp_mirror_hallway_02_low.jpg?resize=272%2C182&ssl=1",272,182,true]},"uagb_author_info":{"display_name":"Jo Yana","author_link":"https:\/\/www.joyana.fr\/ja\/author\/joyana\/"},"uagb_comment_info":0,"uagb_excerpt":"Apr\u00e8s le meuble de salle de bains, Vipp\u00a0continue d&#821&hellip;","coauthors":[],"tax_additional":{"categories":{"linked":["<a href=\"https:\/\/www.joyana.fr\/ja\/category\/deco-design\/decoration\/accessoires\/\" class=\"advgb-post-tax-term\">Accessoires<\/a>","<a href=\"https:\/\/www.joyana.fr\/ja\/category\/deco-design\/\" class=\"advgb-post-tax-term\">DECO-DESIGN<\/a>","<a href=\"https:\/\/www.joyana.fr\/ja\/category\/deco-design\/decoration\/accessoires\/miroir\/\" class=\"advgb-post-tax-term\">Miroir<\/a>","<a href=\"https:\/\/www.joyana.fr\/ja\/category\/deco-design\/decoration\/salle-deau\/\" class=\"advgb-post-tax-term\">Salle d&#039;eau<\/a>","<a href=\"https:\/\/www.joyana.fr\/ja\/category\/marques\/vipp\/\" class=\"advgb-post-tax-term\">Vipp<\/a>"],"unlinked":["<span class=\"advgb-post-tax-term\">Accessoires<\/span>","<span class=\"advgb-post-tax-term\">DECO-DESIGN<\/span>","<span class=\"advgb-post-tax-term\">Miroir<\/span>","<span class=\"advgb-post-tax-term\">Salle d&#039;eau<\/span>","<span class=\"advgb-post-tax-term\">Vipp<\/span>"]},"tags":{"linked":["<a href=\"https:\/\/www.joyana.fr\/ja\/category\/marques\/vipp\/\" class=\"advgb-post-tax-term\">Blanc<\/a>","<a href=\"https:\/\/www.joyana.fr\/ja\/category\/marques\/vipp\/\" class=\"advgb-post-tax-term\">DESIGN<\/a>","<a href=\"https:\/\/www.joyana.fr\/ja\/category\/marques\/vipp\/\" class=\"advgb-post-tax-term\">Design Scandinave<\/a>","<a href=\"https:\/\/www.joyana.fr\/ja\/category\/marques\/vipp\/\" class=\"advgb-post-tax-term\">Miroir design<\/a>","<a href=\"https:\/\/www.joyana.fr\/ja\/category\/marques\/vipp\/\" class=\"advgb-post-tax-term\">scandinave<\/a>","<a href=\"https:\/\/www.joyana.fr\/ja\/category\/marques\/vipp\/\" class=\"advgb-post-tax-term\">Vipp<\/a>"],"unlinked":["<span class=\"advgb-post-tax-term\">Blanc<\/span>","<span class=\"advgb-post-tax-term\">DESIGN<\/span>","<span class=\"advgb-post-tax-term\">Design Scandinave<\/span>","<span class=\"advgb-post-tax-term\">Miroir design<\/span>","<span class=\"advgb-post-tax-term\">scandinave<\/span>","<span class=\"advgb-post-tax-term\">Vipp<\/span>"]}},"comment_count":0,"relative_dates":{"created":"Posted 13\u5e74 ago","modified":"Updated 13\u5e74 ago"},"absolute_dates":{"created":"Posted on 7 7\u6708 2013","modified":"Updated on 7 7\u6708 2013"},"absolute_dates_time":{"created":"Posted on 7 7\u6708 2013 7:24","modified":"Updated on 7 7\u6708 2013 7:24"},"featured_img_caption":"","series_order":"","jetpack_sharing_enabled":true,"jetpack_shortlink":"https:\/\/wp.me\/p9bteI-tAp","jetpack-related-posts":[],"_links":{"self":[{"href":"https:\/\/www.joyana.fr\/ja\/wp-json\/wp\/v2\/posts\/113733","targetHints":{"allow":["GET"]}}],"collection":[{"href":"https:\/\/www.joyana.fr\/ja\/wp-json\/wp\/v2\/posts"}],"about":[{"href":"https:\/\/www.joyana.fr\/ja\/wp-json\/wp\/v2\/types\/post"}],"author":[{"embeddable":true,"href":"https:\/\/www.joyana.fr\/ja\/wp-json\/wp\/v2\/users\/3"}],"replies":[{"embeddable":true,"href":"https:\/\/www.joyana.fr\/ja\/wp-json\/wp\/v2\/comments?post=113733"}],"version-history":[{"count":0,"href":"https:\/\/www.joyana.fr\/ja\/wp-json\/wp\/v2\/posts\/113733\/revisions"}],"wp:featuredmedia":[{"embeddable":true,"href":"https:\/\/www.joyana.fr\/ja\/wp-json\/wp\/v2\/media\/113739"}],"wp:attachment":[{"href":"https:\/\/www.joyana.fr\/ja\/wp-json\/wp\/v2\/media?parent=113733"}],"wp:term":[{"taxonomy":"category","embeddable":true,"href":"https:\/\/www.joyana.fr\/ja\/wp-json\/wp\/v2\/categories?post=113733"},{"taxonomy":"post_tag","embeddable":true,"href":"https:\/\/www.joyana.fr\/ja\/wp-json\/wp\/v2\/tags?post=113733"}],"curies":[{"name":"wp","href":"https:\/\/api.w.org\/{rel}","templated":true}]}}