{"id":113520,"date":"2013-06-09T18:51:59","date_gmt":"2013-06-09T17:51:59","guid":{"rendered":"https:\/\/joyana.fr\/?p=13520"},"modified":"2013-06-09T18:51:59","modified_gmt":"2013-06-09T17:51:59","slug":"ddays-2013-gallery-s-bensimon-eyes-on-the-world","status":"publish","type":"post","link":"https:\/\/www.joyana.fr\/ja\/ddays-2013-gallery-s-bensimon-eyes-on-the-world\/113520\/","title":{"rendered":"D&#8217;DAYS 2013 &#8211; Gallery S.Bensimon \/ Eyes on the World"},"content":{"rendered":"<p>Comme chaque ann\u00e9e la <strong>Gallery S.Bensimon<\/strong> est un des partenaires des <strong>D&#8217;DAYS<\/strong> qui propose une des plus belles r\u00e9alisations. Cette ann\u00e9e le plaisir est doubl\u00e9 car la galerie nous propose deux rendez-vous&#8230; Ici l&#8217;exposition <strong>Eyes on the World<\/strong>&#8230;<\/p>\n<p><img data-recalc-dims=\"1\" fetchpriority=\"high\" decoding=\"async\" class=\"alignnone size-large wp-image-13525\" alt=\"D'DAYS 2013 - Gallery S.Bensimon \/ Eyes on the World\" src=\"https:\/\/i0.wp.com\/joyana.fr\/wp-content\/uploads\/2013\/06\/DDAYS2013_BENSIMON2_1-576x416.jpg?resize=576%2C416&#038;ssl=1\" width=\"576\" height=\"416\" \/><\/p>\n<p>Avec l&#8217;exposition <strong>Eyes on the World<\/strong> la <strong>Gallery S.Bensimon<\/strong> a mis en relation les designers argentins, avec le savoir faire des artisans fran\u00e7ais. Entre la France et l\u2019Argentine, et leur capitale, c\u2019est une longue histoire d\u2019amour. Depuis des si\u00e8cles, mati\u00e8res et savoir-faire voyagent entre les deux pays&#8230; Ces bin\u00f4mes Designers \/ Entreprises, permettent un regard ample sur la cr\u00e9ation argentine, valorisant l\u2019approche innovante des entreprises s\u00e9lectionn\u00e9es :<\/p>\n<p>Ricardo Blanco, Cristian Mohaded, Martin Huberman, Gaspar Libedinsky, Gabriela Horvat, Diana Schimmel, Gaston Lisak, Gonzalo Arbuti, Carne Hueso, Tamara Lisenberg, Marcelo Federico, Eduardo Naso, Federico Churba&#8230; rencontrent Habitat, Saazs, Lapeyre, Tzuri Gueta, Octavio Amado, Gallery S. Bensimon, Interface, Y a Pas le feu au Lac, Mon Petit Art, Marbrek, Elp\u00e9&#8230;<\/p>\n<p><img data-recalc-dims=\"1\" decoding=\"async\" class=\"alignnone size-large wp-image-13521\" alt=\"D'DAYS 2013 - Gallery S.Bensimon \/ Eyes on the World\" src=\"https:\/\/i0.wp.com\/joyana.fr\/wp-content\/uploads\/2013\/06\/DDAYS2013_BENSIMON2_45-576x383.jpg?resize=576%2C383&#038;ssl=1\" width=\"576\" height=\"383\" \/><\/p>\n<p><img data-recalc-dims=\"1\" decoding=\"async\" class=\"alignnone size-large wp-image-13522\" alt=\"D'DAYS 2013 - Gallery S.Bensimon \/ Eyes on the World\" src=\"https:\/\/i0.wp.com\/joyana.fr\/wp-content\/uploads\/2013\/06\/DDAYS2013_BENSIMON2_4-576x391.jpg?resize=576%2C391&#038;ssl=1\" width=\"576\" height=\"391\" \/><\/p>\n<p><img data-recalc-dims=\"1\" loading=\"lazy\" decoding=\"async\" class=\"alignnone size-large wp-image-13523\" alt=\"D'DAYS 2013 - Gallery S.Bensimon \/ Eyes on the World\" src=\"https:\/\/i0.wp.com\/joyana.fr\/wp-content\/uploads\/2013\/06\/DDAYS2013_BENSIMON2_3-576x395.jpg?resize=576%2C395&#038;ssl=1\" width=\"576\" height=\"395\" \/><\/p>\n<p><img data-recalc-dims=\"1\" loading=\"lazy\" decoding=\"async\" class=\"alignnone size-large wp-image-13524\" alt=\"D'DAYS 2013 - Gallery S.Bensimon \/ Eyes on the World\" src=\"https:\/\/i0.wp.com\/joyana.fr\/wp-content\/uploads\/2013\/06\/DDAYS2013_BENSIMON2_2-576x376.jpg?resize=576%2C376&#038;ssl=1\" width=\"576\" height=\"376\" \/><\/p>\n<p><img data-recalc-dims=\"1\" loading=\"lazy\" decoding=\"async\" class=\"alignnone size-large wp-image-13526\" alt=\"D'DAYS 2013 - Gallery S.Bensimon \/ Eyes on the World\" src=\"https:\/\/i0.wp.com\/joyana.fr\/wp-content\/uploads\/2013\/06\/DDAYS2013_BENSIMON2_77-576x383.jpg?resize=576%2C383&#038;ssl=1\" width=\"576\" height=\"383\" \/><\/p>\n<p><img data-recalc-dims=\"1\" loading=\"lazy\" decoding=\"async\" class=\"alignnone size-large wp-image-13527\" alt=\"D'DAYS 2013 - Gallery S.Bensimon \/ Eyes on the World\" src=\"https:\/\/i0.wp.com\/joyana.fr\/wp-content\/uploads\/2013\/06\/DDAYS2013_BENSIMON2_66-576x349.jpg?resize=576%2C349&#038;ssl=1\" width=\"576\" height=\"349\" \/><\/p>\n<p><img data-recalc-dims=\"1\" loading=\"lazy\" decoding=\"async\" class=\"alignnone size-large wp-image-13528\" alt=\"D'DAYS 2013 - Gallery S.Bensimon \/ Eyes on the World\" src=\"https:\/\/i0.wp.com\/joyana.fr\/wp-content\/uploads\/2013\/06\/DDAYS2013_BENSIMON2_5-576x424.jpg?resize=576%2C424&#038;ssl=1\" width=\"576\" height=\"424\" \/><\/p>\n<p style=\"text-align: center;\">En savoir + sur la <a href=\"http:\/\/www.gallerybensimon.com\/fr\" target=\"_blank\"><strong>GALLERY S.BENSIMON<\/strong><\/a><\/p>\n","protected":false},"excerpt":{"rendered":"<p>Comme chaque ann\u00e9e la Gallery S.Bensimon est un des partenaires des D&#8217;DAYS qui propose une des plus bell [&hellip;]<\/p>\n","protected":false},"author":3,"featured_media":113525,"comment_status":"open","ping_status":"open","sticky":false,"template":"","format":"standard","meta":{"_coblocks_attr":"","_coblocks_dimensions":"","_coblocks_responsive_height":"","_coblocks_accordion_ie_support":"","_uag_custom_page_level_css":"","advgb_blocks_editor_width":"","advgb_blocks_columns_visual_guide":"","_genesis_hide_title":false,"_genesis_hide_breadcrumbs":false,"_genesis_hide_singular_image":false,"_genesis_hide_footer_widgets":false,"_genesis_custom_body_class":"","_genesis_custom_post_class":"","_genesis_layout":"","_themeisle_gutenberg_block_has_review":false,"_jetpack_newsletter_access":"","_jetpack_dont_email_post_to_subs":false,"_jetpack_newsletter_tier_id":0,"_jetpack_memberships_contains_paywalled_content":false,"_jetpack_memberships_contains_paid_content":false,"footnotes":""},"categories":[1005,905],"tags":[1344,1374,1375,1181,1389],"class_list":{"0":"post-113520","1":"post","2":"type-post","3":"status-publish","4":"format-standard","5":"has-post-thumbnail","7":"category-designers-days","8":"category-deco-design","9":"tag-ddays","10":"tag-ddays-2013","11":"tag-designers-days-2013","12":"tag-exposition","13":"tag-gallery-s-bensimon","14":"entry"},"featured_image_urls":{"full":["https:\/\/i0.wp.com\/www.joyana.fr\/wp-content\/uploads\/2013\/06\/DDAYS2013_BENSIMON2_1.jpg?fit=650%2C470&ssl=1",650,470,false],"thumbnail":["https:\/\/i0.wp.com\/www.joyana.fr\/wp-content\/uploads\/2013\/06\/DDAYS2013_BENSIMON2_1.jpg?resize=150%2C150&ssl=1",150,150,true],"medium":["https:\/\/i0.wp.com\/www.joyana.fr\/wp-content\/uploads\/2013\/06\/DDAYS2013_BENSIMON2_1.jpg?fit=389%2C281&ssl=1",389,281,true],"medium_large":["https:\/\/i0.wp.com\/www.joyana.fr\/wp-content\/uploads\/2013\/06\/DDAYS2013_BENSIMON2_1.jpg?fit=650%2C470&ssl=1",650,470,true],"large":["https:\/\/i0.wp.com\/www.joyana.fr\/wp-content\/uploads\/2013\/06\/DDAYS2013_BENSIMON2_1.jpg?fit=650%2C470&ssl=1",650,470,true],"1536x1536":["https:\/\/i0.wp.com\/www.joyana.fr\/wp-content\/uploads\/2013\/06\/DDAYS2013_BENSIMON2_1.jpg?fit=650%2C470&ssl=1",650,470,true],"2048x2048":["https:\/\/i0.wp.com\/www.joyana.fr\/wp-content\/uploads\/2013\/06\/DDAYS2013_BENSIMON2_1.jpg?fit=650%2C470&ssl=1",650,470,true],"featured-thumb":["https:\/\/i0.wp.com\/www.joyana.fr\/wp-content\/uploads\/2013\/06\/DDAYS2013_BENSIMON2_1.jpg?resize=650%2C470&ssl=1",650,470,true],"ab-block-post-grid-landscape":["https:\/\/i0.wp.com\/www.joyana.fr\/wp-content\/uploads\/2013\/06\/DDAYS2013_BENSIMON2_1.jpg?resize=600%2C400&ssl=1",600,400,true],"ab-block-post-grid-square":["https:\/\/i0.wp.com\/www.joyana.fr\/wp-content\/uploads\/2013\/06\/DDAYS2013_BENSIMON2_1.jpg?resize=600%2C470&ssl=1",600,470,true],"author-pro-image":["https:\/\/i0.wp.com\/www.joyana.fr\/wp-content\/uploads\/2013\/06\/DDAYS2013_BENSIMON2_1.jpg?resize=360%2C470&ssl=1",360,470,true],"slider":["https:\/\/i0.wp.com\/www.joyana.fr\/wp-content\/uploads\/2013\/06\/DDAYS2013_BENSIMON2_1.jpg?resize=650%2C400&ssl=1",650,400,true],"woocommerce_thumbnail":["https:\/\/i0.wp.com\/www.joyana.fr\/wp-content\/uploads\/2013\/06\/DDAYS2013_BENSIMON2_1.jpg?resize=450%2C450&ssl=1",450,450,true],"woocommerce_single":["https:\/\/i0.wp.com\/www.joyana.fr\/wp-content\/uploads\/2013\/06\/DDAYS2013_BENSIMON2_1.jpg?fit=650%2C470&ssl=1",650,470,true],"woocommerce_gallery_thumbnail":["https:\/\/i0.wp.com\/www.joyana.fr\/wp-content\/uploads\/2013\/06\/DDAYS2013_BENSIMON2_1.jpg?resize=180%2C180&ssl=1",180,180,true],"sow-carousel-default":["https:\/\/i0.wp.com\/www.joyana.fr\/wp-content\/uploads\/2013\/06\/DDAYS2013_BENSIMON2_1.jpg?resize=272%2C182&ssl=1",272,182,true]},"post_excerpt_stackable":"<p>Comme chaque ann\u00e9e la Gallery S.Bensimon est un des partenaires des D&#8217;DAYS qui propose une des&hellip;<\/p>\n","category_list":"<a href=\"https:\/\/www.joyana.fr\/ja\/category\/deco-design\/actualite\/salon\/designers-days\/\" rel=\"category tag\">D'DAYS<\/a>, <a href=\"https:\/\/www.joyana.fr\/ja\/category\/deco-design\/\" rel=\"category tag\">DECO-DESIGN<\/a>","author_info":{"display_name":"Jo Yana","author_link":"https:\/\/www.joyana.fr\/ja\/author\/joyana\/"},"comments_num":"1 comment","featured_image_urls_v2":{"full":["https:\/\/i0.wp.com\/www.joyana.fr\/wp-content\/uploads\/2013\/06\/DDAYS2013_BENSIMON2_1.jpg?fit=650%2C470&ssl=1",650,470,false],"thumbnail":["https:\/\/i0.wp.com\/www.joyana.fr\/wp-content\/uploads\/2013\/06\/DDAYS2013_BENSIMON2_1.jpg?resize=150%2C150&ssl=1",150,150,true],"medium":["https:\/\/i0.wp.com\/www.joyana.fr\/wp-content\/uploads\/2013\/06\/DDAYS2013_BENSIMON2_1.jpg?fit=389%2C281&ssl=1",389,281,true],"medium_large":["https:\/\/i0.wp.com\/www.joyana.fr\/wp-content\/uploads\/2013\/06\/DDAYS2013_BENSIMON2_1.jpg?fit=650%2C470&ssl=1",650,470,true],"large":["https:\/\/i0.wp.com\/www.joyana.fr\/wp-content\/uploads\/2013\/06\/DDAYS2013_BENSIMON2_1.jpg?fit=650%2C470&ssl=1",650,470,true],"1536x1536":["https:\/\/i0.wp.com\/www.joyana.fr\/wp-content\/uploads\/2013\/06\/DDAYS2013_BENSIMON2_1.jpg?fit=650%2C470&ssl=1",650,470,true],"2048x2048":["https:\/\/i0.wp.com\/www.joyana.fr\/wp-content\/uploads\/2013\/06\/DDAYS2013_BENSIMON2_1.jpg?fit=650%2C470&ssl=1",650,470,true],"featured-thumb":["https:\/\/i0.wp.com\/www.joyana.fr\/wp-content\/uploads\/2013\/06\/DDAYS2013_BENSIMON2_1.jpg?resize=650%2C470&ssl=1",650,470,true],"ab-block-post-grid-landscape":["https:\/\/i0.wp.com\/www.joyana.fr\/wp-content\/uploads\/2013\/06\/DDAYS2013_BENSIMON2_1.jpg?resize=600%2C400&ssl=1",600,400,true],"ab-block-post-grid-square":["https:\/\/i0.wp.com\/www.joyana.fr\/wp-content\/uploads\/2013\/06\/DDAYS2013_BENSIMON2_1.jpg?resize=600%2C470&ssl=1",600,470,true],"author-pro-image":["https:\/\/i0.wp.com\/www.joyana.fr\/wp-content\/uploads\/2013\/06\/DDAYS2013_BENSIMON2_1.jpg?resize=360%2C470&ssl=1",360,470,true],"slider":["https:\/\/i0.wp.com\/www.joyana.fr\/wp-content\/uploads\/2013\/06\/DDAYS2013_BENSIMON2_1.jpg?resize=650%2C400&ssl=1",650,400,true],"woocommerce_thumbnail":["https:\/\/i0.wp.com\/www.joyana.fr\/wp-content\/uploads\/2013\/06\/DDAYS2013_BENSIMON2_1.jpg?resize=450%2C450&ssl=1",450,450,true],"woocommerce_single":["https:\/\/i0.wp.com\/www.joyana.fr\/wp-content\/uploads\/2013\/06\/DDAYS2013_BENSIMON2_1.jpg?fit=650%2C470&ssl=1",650,470,true],"woocommerce_gallery_thumbnail":["https:\/\/i0.wp.com\/www.joyana.fr\/wp-content\/uploads\/2013\/06\/DDAYS2013_BENSIMON2_1.jpg?resize=180%2C180&ssl=1",180,180,true],"sow-carousel-default":["https:\/\/i0.wp.com\/www.joyana.fr\/wp-content\/uploads\/2013\/06\/DDAYS2013_BENSIMON2_1.jpg?resize=272%2C182&ssl=1",272,182,true]},"post_excerpt_stackable_v2":"<p>Comme chaque ann\u00e9e la Gallery S.Bensimon est un des partenaires des D&#8217;DAYS qui propose une des&hellip;<\/p>\n","category_list_v2":"<a href=\"https:\/\/www.joyana.fr\/ja\/category\/deco-design\/actualite\/salon\/designers-days\/\" rel=\"category tag\">D'DAYS<\/a>, <a href=\"https:\/\/www.joyana.fr\/ja\/category\/deco-design\/\" rel=\"category tag\">DECO-DESIGN<\/a>","author_info_v2":{"name":"Jo Yana","url":"https:\/\/www.joyana.fr\/ja\/author\/joyana\/"},"comments_num_v2":"1 comment","yoast_head":"<!-- This site is optimized with the Yoast SEO plugin v26.8 - https:\/\/yoast.com\/product\/yoast-seo-wordpress\/ -->\n<title>D&#039;DAYS 2013 - Gallery S.Bensimon \/ Eyes on the World - JO YANA<\/title>\n<meta name=\"robots\" content=\"index, follow, max-snippet:-1, max-image-preview:large, max-video-preview:-1\" \/>\n<link rel=\"canonical\" href=\"https:\/\/joyana.fr\/en\/ddays-2013-gallery-s-bensimon-eyes-on-the-world\/113520\/\" \/>\n<meta property=\"og:locale\" content=\"ja_JP\" \/>\n<meta property=\"og:locale:alternate\" content=\"fr_FR\" \/>\n<meta property=\"og:locale:alternate\" content=\"en_US\" \/>\n<meta property=\"og:type\" content=\"article\" \/>\n<meta property=\"og:title\" content=\"D&#039;DAYS 2013 - Gallery S.Bensimon \/ Eyes on the World - JO YANA\" \/>\n<meta property=\"og:description\" content=\"Comme chaque ann\u00e9e la Gallery S.Bensimon est un des partenaires des D&#8217;DAYS qui propose une des plus bell [&hellip;]\" \/>\n<meta property=\"og:url\" content=\"https:\/\/www.joyana.fr\/ja\/ddays-2013-gallery-s-bensimon-eyes-on-the-world\/113520\/\" \/>\n<meta property=\"og:site_name\" content=\"JO YANA\" \/>\n<meta property=\"article:published_time\" content=\"2013-06-09T17:51:59+00:00\" \/>\n<meta property=\"og:image\" content=\"https:\/\/joyana.fr\/wp-content\/uploads\/2013\/06\/DDAYS2013_BENSIMON2_1.jpg\" \/>\n\t<meta property=\"og:image:width\" content=\"650\" \/>\n\t<meta property=\"og:image:height\" content=\"470\" \/>\n\t<meta property=\"og:image:type\" content=\"image\/jpeg\" \/>\n<meta name=\"author\" content=\"Jo Yana\" \/>\n<meta name=\"twitter:card\" content=\"summary_large_image\" \/>\n<meta name=\"twitter:creator\" content=\"@Jo_Yana\" \/>\n<meta name=\"twitter:site\" content=\"@Jo_Yana\" \/>\n<meta name=\"twitter:label1\" content=\"\u57f7\u7b46\u8005\" \/>\n\t<meta name=\"twitter:data1\" content=\"Jo Yana\" \/>\n\t<meta name=\"twitter:label2\" content=\"\u63a8\u5b9a\u8aad\u307f\u53d6\u308a\u6642\u9593\" \/>\n\t<meta name=\"twitter:data2\" content=\"1\u5206\" \/>\n<script type=\"application\/ld+json\" class=\"yoast-schema-graph\">{\"@context\":\"https:\/\/schema.org\",\"@graph\":[{\"@type\":\"Article\",\"@id\":\"https:\/\/joyana.fr\/en\/ddays-2013-gallery-s-bensimon-eyes-on-the-world\/113520\/#article\",\"isPartOf\":{\"@id\":\"https:\/\/joyana.fr\/en\/ddays-2013-gallery-s-bensimon-eyes-on-the-world\/113520\/\"},\"author\":{\"name\":\"Jo Yana\",\"@id\":\"https:\/\/joyana.fr\/#\/schema\/person\/cf2a1ad12a27c12c21801075bf37407c\"},\"headline\":\"D&#8217;DAYS 2013 &#8211; Gallery S.Bensimon \/ Eyes on the World\",\"datePublished\":\"2013-06-09T17:51:59+00:00\",\"mainEntityOfPage\":{\"@id\":\"https:\/\/joyana.fr\/en\/ddays-2013-gallery-s-bensimon-eyes-on-the-world\/113520\/\"},\"wordCount\":189,\"commentCount\":1,\"publisher\":{\"@id\":\"https:\/\/joyana.fr\/#\/schema\/person\/cf2a1ad12a27c12c21801075bf37407c\"},\"image\":{\"@id\":\"https:\/\/joyana.fr\/en\/ddays-2013-gallery-s-bensimon-eyes-on-the-world\/113520\/#primaryimage\"},\"thumbnailUrl\":\"https:\/\/i0.wp.com\/www.joyana.fr\/wp-content\/uploads\/2013\/06\/DDAYS2013_BENSIMON2_1.jpg?fit=650%2C470&ssl=1\",\"keywords\":[\"D'DAYS\",\"D'DAYS 2013\",\"Designer's Days 2013\",\"Exposition\",\"Gallery S.Bensimon\"],\"articleSection\":[\"D'DAYS\",\"DECO-DESIGN\"],\"inLanguage\":\"ja\",\"potentialAction\":[{\"@type\":\"CommentAction\",\"name\":\"Comment\",\"target\":[\"https:\/\/joyana.fr\/en\/ddays-2013-gallery-s-bensimon-eyes-on-the-world\/113520\/#respond\"]}]},{\"@type\":\"WebPage\",\"@id\":\"https:\/\/joyana.fr\/en\/ddays-2013-gallery-s-bensimon-eyes-on-the-world\/113520\/\",\"url\":\"https:\/\/joyana.fr\/en\/ddays-2013-gallery-s-bensimon-eyes-on-the-world\/113520\/\",\"name\":\"D'DAYS 2013 - Gallery S.Bensimon \/ Eyes on the World - JO YANA\",\"isPartOf\":{\"@id\":\"https:\/\/joyana.fr\/#website\"},\"primaryImageOfPage\":{\"@id\":\"https:\/\/joyana.fr\/en\/ddays-2013-gallery-s-bensimon-eyes-on-the-world\/113520\/#primaryimage\"},\"image\":{\"@id\":\"https:\/\/joyana.fr\/en\/ddays-2013-gallery-s-bensimon-eyes-on-the-world\/113520\/#primaryimage\"},\"thumbnailUrl\":\"https:\/\/i0.wp.com\/www.joyana.fr\/wp-content\/uploads\/2013\/06\/DDAYS2013_BENSIMON2_1.jpg?fit=650%2C470&ssl=1\",\"datePublished\":\"2013-06-09T17:51:59+00:00\",\"breadcrumb\":{\"@id\":\"https:\/\/joyana.fr\/en\/ddays-2013-gallery-s-bensimon-eyes-on-the-world\/113520\/#breadcrumb\"},\"inLanguage\":\"ja\",\"potentialAction\":[{\"@type\":\"ReadAction\",\"target\":[\"https:\/\/joyana.fr\/en\/ddays-2013-gallery-s-bensimon-eyes-on-the-world\/113520\/\"]}]},{\"@type\":\"ImageObject\",\"inLanguage\":\"ja\",\"@id\":\"https:\/\/joyana.fr\/en\/ddays-2013-gallery-s-bensimon-eyes-on-the-world\/113520\/#primaryimage\",\"url\":\"https:\/\/i0.wp.com\/www.joyana.fr\/wp-content\/uploads\/2013\/06\/DDAYS2013_BENSIMON2_1.jpg?fit=650%2C470&ssl=1\",\"contentUrl\":\"https:\/\/i0.wp.com\/www.joyana.fr\/wp-content\/uploads\/2013\/06\/DDAYS2013_BENSIMON2_1.jpg?fit=650%2C470&ssl=1\",\"width\":650,\"height\":470},{\"@type\":\"BreadcrumbList\",\"@id\":\"https:\/\/joyana.fr\/en\/ddays-2013-gallery-s-bensimon-eyes-on-the-world\/113520\/#breadcrumb\",\"itemListElement\":[{\"@type\":\"ListItem\",\"position\":1,\"name\":\"Accueil\",\"item\":\"https:\/\/joyana.fr\/\"},{\"@type\":\"ListItem\",\"position\":2,\"name\":\"D&#8217;DAYS 2013 &#8211; Gallery S.Bensimon \/ Eyes on the World\"}]},{\"@type\":\"WebSite\",\"@id\":\"https:\/\/joyana.fr\/#website\",\"url\":\"https:\/\/joyana.fr\/\",\"name\":\"JO YANA\",\"description\":\"Blog Mode Homme, Lifestyle, D\u00e9co-Design\",\"publisher\":{\"@id\":\"https:\/\/joyana.fr\/#\/schema\/person\/cf2a1ad12a27c12c21801075bf37407c\"},\"potentialAction\":[{\"@type\":\"SearchAction\",\"target\":{\"@type\":\"EntryPoint\",\"urlTemplate\":\"https:\/\/joyana.fr\/?s={search_term_string}\"},\"query-input\":{\"@type\":\"PropertyValueSpecification\",\"valueRequired\":true,\"valueName\":\"search_term_string\"}}],\"inLanguage\":\"ja\"},{\"@type\":[\"Person\",\"Organization\"],\"@id\":\"https:\/\/joyana.fr\/#\/schema\/person\/cf2a1ad12a27c12c21801075bf37407c\",\"name\":\"Jo Yana\",\"image\":{\"@type\":\"ImageObject\",\"inLanguage\":\"ja\",\"@id\":\"https:\/\/joyana.fr\/#\/schema\/person\/image\/\",\"url\":\"https:\/\/i0.wp.com\/www.joyana.fr\/wp-content\/uploads\/2016\/08\/cropped-joyana-logo-black-360x180.png?fit=343%2C164&ssl=1\",\"contentUrl\":\"https:\/\/i0.wp.com\/www.joyana.fr\/wp-content\/uploads\/2016\/08\/cropped-joyana-logo-black-360x180.png?fit=343%2C164&ssl=1\",\"width\":343,\"height\":164,\"caption\":\"Jo Yana\"},\"logo\":{\"@id\":\"https:\/\/joyana.fr\/#\/schema\/person\/image\/\"},\"description\":\"Jo Yana est le cr\u00e9ateur et r\u00e9dacteur en chef des sites DECO-DESIGN. Passionn\u00e9 de Design, Mode, Photo, Luxe, Lifestyle, Musique, mais avant tout Blogueur ! Le plaisir de partager l'anime et a comme devise \\\"POUR L'AMOUR DU BEAU\\\". Retrouvez le aussi sur son blog personnel - https:\/\/joyana.fr...\",\"sameAs\":[\"https:\/\/joyana.fr\/\"],\"url\":\"https:\/\/www.joyana.fr\/ja\/author\/joyana\/\"}]}<\/script>\n<!-- \/ Yoast SEO plugin. -->","yoast_head_json":{"title":"D'DAYS 2013 - Gallery S.Bensimon \/ Eyes on the World - JO YANA","robots":{"index":"index","follow":"follow","max-snippet":"max-snippet:-1","max-image-preview":"max-image-preview:large","max-video-preview":"max-video-preview:-1"},"canonical":"https:\/\/joyana.fr\/en\/ddays-2013-gallery-s-bensimon-eyes-on-the-world\/113520\/","og_locale":"ja_JP","og_type":"article","og_title":"D'DAYS 2013 - Gallery S.Bensimon \/ Eyes on the World - JO YANA","og_description":"Comme chaque ann\u00e9e la Gallery S.Bensimon est un des partenaires des D&#8217;DAYS qui propose une des plus bell [&hellip;]","og_url":"https:\/\/www.joyana.fr\/ja\/ddays-2013-gallery-s-bensimon-eyes-on-the-world\/113520\/","og_site_name":"JO YANA","article_published_time":"2013-06-09T17:51:59+00:00","og_image":[{"width":650,"height":470,"url":"https:\/\/joyana.fr\/wp-content\/uploads\/2013\/06\/DDAYS2013_BENSIMON2_1.jpg","type":"image\/jpeg"}],"author":"Jo Yana","twitter_card":"summary_large_image","twitter_creator":"@Jo_Yana","twitter_site":"@Jo_Yana","twitter_misc":{"\u57f7\u7b46\u8005":"Jo Yana","\u63a8\u5b9a\u8aad\u307f\u53d6\u308a\u6642\u9593":"1\u5206"},"schema":{"@context":"https:\/\/schema.org","@graph":[{"@type":"Article","@id":"https:\/\/joyana.fr\/en\/ddays-2013-gallery-s-bensimon-eyes-on-the-world\/113520\/#article","isPartOf":{"@id":"https:\/\/joyana.fr\/en\/ddays-2013-gallery-s-bensimon-eyes-on-the-world\/113520\/"},"author":{"name":"Jo Yana","@id":"https:\/\/joyana.fr\/#\/schema\/person\/cf2a1ad12a27c12c21801075bf37407c"},"headline":"D&#8217;DAYS 2013 &#8211; Gallery S.Bensimon \/ Eyes on the World","datePublished":"2013-06-09T17:51:59+00:00","mainEntityOfPage":{"@id":"https:\/\/joyana.fr\/en\/ddays-2013-gallery-s-bensimon-eyes-on-the-world\/113520\/"},"wordCount":189,"commentCount":1,"publisher":{"@id":"https:\/\/joyana.fr\/#\/schema\/person\/cf2a1ad12a27c12c21801075bf37407c"},"image":{"@id":"https:\/\/joyana.fr\/en\/ddays-2013-gallery-s-bensimon-eyes-on-the-world\/113520\/#primaryimage"},"thumbnailUrl":"https:\/\/i0.wp.com\/www.joyana.fr\/wp-content\/uploads\/2013\/06\/DDAYS2013_BENSIMON2_1.jpg?fit=650%2C470&ssl=1","keywords":["D'DAYS","D'DAYS 2013","Designer's Days 2013","Exposition","Gallery S.Bensimon"],"articleSection":["D'DAYS","DECO-DESIGN"],"inLanguage":"ja","potentialAction":[{"@type":"CommentAction","name":"Comment","target":["https:\/\/joyana.fr\/en\/ddays-2013-gallery-s-bensimon-eyes-on-the-world\/113520\/#respond"]}]},{"@type":"WebPage","@id":"https:\/\/joyana.fr\/en\/ddays-2013-gallery-s-bensimon-eyes-on-the-world\/113520\/","url":"https:\/\/joyana.fr\/en\/ddays-2013-gallery-s-bensimon-eyes-on-the-world\/113520\/","name":"D'DAYS 2013 - Gallery S.Bensimon \/ Eyes on the World - JO YANA","isPartOf":{"@id":"https:\/\/joyana.fr\/#website"},"primaryImageOfPage":{"@id":"https:\/\/joyana.fr\/en\/ddays-2013-gallery-s-bensimon-eyes-on-the-world\/113520\/#primaryimage"},"image":{"@id":"https:\/\/joyana.fr\/en\/ddays-2013-gallery-s-bensimon-eyes-on-the-world\/113520\/#primaryimage"},"thumbnailUrl":"https:\/\/i0.wp.com\/www.joyana.fr\/wp-content\/uploads\/2013\/06\/DDAYS2013_BENSIMON2_1.jpg?fit=650%2C470&ssl=1","datePublished":"2013-06-09T17:51:59+00:00","breadcrumb":{"@id":"https:\/\/joyana.fr\/en\/ddays-2013-gallery-s-bensimon-eyes-on-the-world\/113520\/#breadcrumb"},"inLanguage":"ja","potentialAction":[{"@type":"ReadAction","target":["https:\/\/joyana.fr\/en\/ddays-2013-gallery-s-bensimon-eyes-on-the-world\/113520\/"]}]},{"@type":"ImageObject","inLanguage":"ja","@id":"https:\/\/joyana.fr\/en\/ddays-2013-gallery-s-bensimon-eyes-on-the-world\/113520\/#primaryimage","url":"https:\/\/i0.wp.com\/www.joyana.fr\/wp-content\/uploads\/2013\/06\/DDAYS2013_BENSIMON2_1.jpg?fit=650%2C470&ssl=1","contentUrl":"https:\/\/i0.wp.com\/www.joyana.fr\/wp-content\/uploads\/2013\/06\/DDAYS2013_BENSIMON2_1.jpg?fit=650%2C470&ssl=1","width":650,"height":470},{"@type":"BreadcrumbList","@id":"https:\/\/joyana.fr\/en\/ddays-2013-gallery-s-bensimon-eyes-on-the-world\/113520\/#breadcrumb","itemListElement":[{"@type":"ListItem","position":1,"name":"Accueil","item":"https:\/\/joyana.fr\/"},{"@type":"ListItem","position":2,"name":"D&#8217;DAYS 2013 &#8211; Gallery S.Bensimon \/ Eyes on the World"}]},{"@type":"WebSite","@id":"https:\/\/joyana.fr\/#website","url":"https:\/\/joyana.fr\/","name":"JO YANA","description":"Blog Mode Homme, Lifestyle, D\u00e9co-Design","publisher":{"@id":"https:\/\/joyana.fr\/#\/schema\/person\/cf2a1ad12a27c12c21801075bf37407c"},"potentialAction":[{"@type":"SearchAction","target":{"@type":"EntryPoint","urlTemplate":"https:\/\/joyana.fr\/?s={search_term_string}"},"query-input":{"@type":"PropertyValueSpecification","valueRequired":true,"valueName":"search_term_string"}}],"inLanguage":"ja"},{"@type":["Person","Organization"],"@id":"https:\/\/joyana.fr\/#\/schema\/person\/cf2a1ad12a27c12c21801075bf37407c","name":"Jo Yana","image":{"@type":"ImageObject","inLanguage":"ja","@id":"https:\/\/joyana.fr\/#\/schema\/person\/image\/","url":"https:\/\/i0.wp.com\/www.joyana.fr\/wp-content\/uploads\/2016\/08\/cropped-joyana-logo-black-360x180.png?fit=343%2C164&ssl=1","contentUrl":"https:\/\/i0.wp.com\/www.joyana.fr\/wp-content\/uploads\/2016\/08\/cropped-joyana-logo-black-360x180.png?fit=343%2C164&ssl=1","width":343,"height":164,"caption":"Jo Yana"},"logo":{"@id":"https:\/\/joyana.fr\/#\/schema\/person\/image\/"},"description":"Jo Yana est le cr\u00e9ateur et r\u00e9dacteur en chef des sites DECO-DESIGN. Passionn\u00e9 de Design, Mode, Photo, Luxe, Lifestyle, Musique, mais avant tout Blogueur ! Le plaisir de partager l'anime et a comme devise \"POUR L'AMOUR DU BEAU\". Retrouvez le aussi sur son blog personnel - https:\/\/joyana.fr...","sameAs":["https:\/\/joyana.fr\/"],"url":"https:\/\/www.joyana.fr\/ja\/author\/joyana\/"}]}},"author_meta":{"display_name":"Jo Yana","author_link":"https:\/\/www.joyana.fr\/ja\/author\/joyana\/"},"featured_img":"https:\/\/i0.wp.com\/www.joyana.fr\/wp-content\/uploads\/2013\/06\/DDAYS2013_BENSIMON2_1.jpg?fit=389%2C281&ssl=1","featured_image_src":"https:\/\/i0.wp.com\/www.joyana.fr\/wp-content\/uploads\/2013\/06\/DDAYS2013_BENSIMON2_1.jpg?resize=600%2C400&ssl=1","featured_image_src_square":"https:\/\/i0.wp.com\/www.joyana.fr\/wp-content\/uploads\/2013\/06\/DDAYS2013_BENSIMON2_1.jpg?resize=600%2C470&ssl=1","jetpack_featured_media_url":"https:\/\/i0.wp.com\/www.joyana.fr\/wp-content\/uploads\/2013\/06\/DDAYS2013_BENSIMON2_1.jpg?fit=650%2C470&ssl=1","uagb_featured_image_src":{"full":["https:\/\/i0.wp.com\/www.joyana.fr\/wp-content\/uploads\/2013\/06\/DDAYS2013_BENSIMON2_1.jpg?fit=650%2C470&ssl=1",650,470,false],"thumbnail":["https:\/\/i0.wp.com\/www.joyana.fr\/wp-content\/uploads\/2013\/06\/DDAYS2013_BENSIMON2_1.jpg?resize=150%2C150&ssl=1",150,150,true],"medium":["https:\/\/i0.wp.com\/www.joyana.fr\/wp-content\/uploads\/2013\/06\/DDAYS2013_BENSIMON2_1.jpg?fit=389%2C281&ssl=1",389,281,true],"medium_large":["https:\/\/i0.wp.com\/www.joyana.fr\/wp-content\/uploads\/2013\/06\/DDAYS2013_BENSIMON2_1.jpg?fit=650%2C470&ssl=1",650,470,true],"large":["https:\/\/i0.wp.com\/www.joyana.fr\/wp-content\/uploads\/2013\/06\/DDAYS2013_BENSIMON2_1.jpg?fit=650%2C470&ssl=1",650,470,true],"1536x1536":["https:\/\/i0.wp.com\/www.joyana.fr\/wp-content\/uploads\/2013\/06\/DDAYS2013_BENSIMON2_1.jpg?fit=650%2C470&ssl=1",650,470,true],"2048x2048":["https:\/\/i0.wp.com\/www.joyana.fr\/wp-content\/uploads\/2013\/06\/DDAYS2013_BENSIMON2_1.jpg?fit=650%2C470&ssl=1",650,470,true],"featured-thumb":["https:\/\/i0.wp.com\/www.joyana.fr\/wp-content\/uploads\/2013\/06\/DDAYS2013_BENSIMON2_1.jpg?resize=650%2C470&ssl=1",650,470,true],"ab-block-post-grid-landscape":["https:\/\/i0.wp.com\/www.joyana.fr\/wp-content\/uploads\/2013\/06\/DDAYS2013_BENSIMON2_1.jpg?resize=600%2C400&ssl=1",600,400,true],"ab-block-post-grid-square":["https:\/\/i0.wp.com\/www.joyana.fr\/wp-content\/uploads\/2013\/06\/DDAYS2013_BENSIMON2_1.jpg?resize=600%2C470&ssl=1",600,470,true],"author-pro-image":["https:\/\/i0.wp.com\/www.joyana.fr\/wp-content\/uploads\/2013\/06\/DDAYS2013_BENSIMON2_1.jpg?resize=360%2C470&ssl=1",360,470,true],"slider":["https:\/\/i0.wp.com\/www.joyana.fr\/wp-content\/uploads\/2013\/06\/DDAYS2013_BENSIMON2_1.jpg?resize=650%2C400&ssl=1",650,400,true],"woocommerce_thumbnail":["https:\/\/i0.wp.com\/www.joyana.fr\/wp-content\/uploads\/2013\/06\/DDAYS2013_BENSIMON2_1.jpg?resize=450%2C450&ssl=1",450,450,true],"woocommerce_single":["https:\/\/i0.wp.com\/www.joyana.fr\/wp-content\/uploads\/2013\/06\/DDAYS2013_BENSIMON2_1.jpg?fit=650%2C470&ssl=1",650,470,true],"woocommerce_gallery_thumbnail":["https:\/\/i0.wp.com\/www.joyana.fr\/wp-content\/uploads\/2013\/06\/DDAYS2013_BENSIMON2_1.jpg?resize=180%2C180&ssl=1",180,180,true],"sow-carousel-default":["https:\/\/i0.wp.com\/www.joyana.fr\/wp-content\/uploads\/2013\/06\/DDAYS2013_BENSIMON2_1.jpg?resize=272%2C182&ssl=1",272,182,true]},"uagb_author_info":{"display_name":"Jo Yana","author_link":"https:\/\/www.joyana.fr\/ja\/author\/joyana\/"},"uagb_comment_info":1,"uagb_excerpt":"Comme chaque ann\u00e9e la Gallery S.Bensimon est un des par&hellip;","coauthors":[],"tax_additional":{"categories":{"linked":["<a href=\"https:\/\/www.joyana.fr\/ja\/category\/deco-design\/actualite\/salon\/designers-days\/\" class=\"advgb-post-tax-term\">D&#039;DAYS<\/a>","<a href=\"https:\/\/www.joyana.fr\/ja\/category\/deco-design\/\" class=\"advgb-post-tax-term\">DECO-DESIGN<\/a>"],"unlinked":["<span class=\"advgb-post-tax-term\">D&#039;DAYS<\/span>","<span class=\"advgb-post-tax-term\">DECO-DESIGN<\/span>"]},"tags":{"linked":["<a href=\"https:\/\/www.joyana.fr\/ja\/category\/deco-design\/\" class=\"advgb-post-tax-term\">D&#039;DAYS<\/a>","<a href=\"https:\/\/www.joyana.fr\/ja\/category\/deco-design\/\" class=\"advgb-post-tax-term\">D&#039;DAYS 2013<\/a>","<a href=\"https:\/\/www.joyana.fr\/ja\/category\/deco-design\/\" class=\"advgb-post-tax-term\">Designer&#039;s Days 2013<\/a>","<a href=\"https:\/\/www.joyana.fr\/ja\/category\/deco-design\/\" class=\"advgb-post-tax-term\">Exposition<\/a>","<a href=\"https:\/\/www.joyana.fr\/ja\/category\/deco-design\/\" class=\"advgb-post-tax-term\">Gallery S.Bensimon<\/a>"],"unlinked":["<span class=\"advgb-post-tax-term\">D&#039;DAYS<\/span>","<span class=\"advgb-post-tax-term\">D&#039;DAYS 2013<\/span>","<span class=\"advgb-post-tax-term\">Designer&#039;s Days 2013<\/span>","<span class=\"advgb-post-tax-term\">Exposition<\/span>","<span class=\"advgb-post-tax-term\">Gallery S.Bensimon<\/span>"]}},"comment_count":1,"relative_dates":{"created":"Posted 13\u5e74 ago","modified":"Updated 13\u5e74 ago"},"absolute_dates":{"created":"Posted on 9 6\u6708 2013","modified":"Updated on 9 6\u6708 2013"},"absolute_dates_time":{"created":"Posted on 9 6\u6708 2013 18:51","modified":"Updated on 9 6\u6708 2013 18:51"},"featured_img_caption":"","series_order":"","jetpack_sharing_enabled":true,"jetpack_shortlink":"https:\/\/wp.me\/p9bteI-twY","jetpack-related-posts":[],"_links":{"self":[{"href":"https:\/\/www.joyana.fr\/ja\/wp-json\/wp\/v2\/posts\/113520","targetHints":{"allow":["GET"]}}],"collection":[{"href":"https:\/\/www.joyana.fr\/ja\/wp-json\/wp\/v2\/posts"}],"about":[{"href":"https:\/\/www.joyana.fr\/ja\/wp-json\/wp\/v2\/types\/post"}],"author":[{"embeddable":true,"href":"https:\/\/www.joyana.fr\/ja\/wp-json\/wp\/v2\/users\/3"}],"replies":[{"embeddable":true,"href":"https:\/\/www.joyana.fr\/ja\/wp-json\/wp\/v2\/comments?post=113520"}],"version-history":[{"count":0,"href":"https:\/\/www.joyana.fr\/ja\/wp-json\/wp\/v2\/posts\/113520\/revisions"}],"wp:featuredmedia":[{"embeddable":true,"href":"https:\/\/www.joyana.fr\/ja\/wp-json\/wp\/v2\/media\/113525"}],"wp:attachment":[{"href":"https:\/\/www.joyana.fr\/ja\/wp-json\/wp\/v2\/media?parent=113520"}],"wp:term":[{"taxonomy":"category","embeddable":true,"href":"https:\/\/www.joyana.fr\/ja\/wp-json\/wp\/v2\/categories?post=113520"},{"taxonomy":"post_tag","embeddable":true,"href":"https:\/\/www.joyana.fr\/ja\/wp-json\/wp\/v2\/tags?post=113520"}],"curies":[{"name":"wp","href":"https:\/\/api.w.org\/{rel}","templated":true}]}}