{"id":113481,"date":"2013-06-08T15:01:06","date_gmt":"2013-06-08T14:01:06","guid":{"rendered":"https:\/\/joyana.fr\/?p=13481"},"modified":"2013-06-08T15:01:06","modified_gmt":"2013-06-08T14:01:06","slug":"ddays-2013-poltrona-frau-canape-psychanalise-vincent-darre","status":"publish","type":"post","link":"https:\/\/www.joyana.fr\/ja\/ddays-2013-poltrona-frau-canape-psychanalise-vincent-darre\/113481\/","title":{"rendered":"D&#8217;DAYS 2013 &#8211; Poltrona Frau x Vincent DARRE"},"content":{"rendered":"<p><strong>Vincent Darr\u00e9<\/strong> signe une tr\u00e8s belle installation pour <strong>Poltrona Frau<\/strong>, et pr\u00e9sente pour l&#8217;occasion des <strong>D&#8217;DAYS 2013<\/strong> un sublime <strong>canap\u00e9 intitul\u00e9 PSYCHANALYSE<\/strong>&#8230;<\/p>\n<p><img data-recalc-dims=\"1\" fetchpriority=\"high\" decoding=\"async\" class=\"alignnone size-large wp-image-13483\" alt=\"D'DAYS 2013 - Poltrona Frau x Vincent DARRE\" src=\"https:\/\/i0.wp.com\/joyana.fr\/wp-content\/uploads\/2013\/06\/DDAYS13_POLTRONA-FRAU_8-576x383.jpg?resize=576%2C383&#038;ssl=1\" width=\"576\" height=\"383\" \/><\/p>\n<p>La premi\u00e8re id\u00e9e de <strong>Vincent Darr\u00e9<\/strong> pour ce projet est d&#8217;avoir le long de la fa\u00e7ade Haussmannienne de la rue du Bac, \u00e0 Paris, les vitrines de Poltrona Frau qui s\u2019ouvrent \u00ab tels les balcons d\u2019un th\u00e9\u00e2tre surr\u00e9aliste ! \u00bb. A l&#8217;int\u00e9rieur une exposition qui s\u2019apparente \u00e0 un voyage onirique dans la m\u00e9moire de Poltrona Frau ou, plut\u00f4t, \u00e0 un hommage \u00e0 Dali et son humour d\u00e9lirant&#8230;<\/p>\n<p>Dali caricature la psychanalyse, triture le subconscient et place l\u2019objet au rang de personnage \u00e0 part enti\u00e8re. Reprenant cette id\u00e9e, Vincent Darr\u00e9 signe le <strong>canap\u00e9 PSYCHANALYSE<\/strong> qui devient la pi\u00e8ce ma\u00eetresse de cette th\u00e9\u00e2tralisation ; un immense sofa de cuir color\u00e9 aux formes molles que soutiennent des bequilles en bois. \u00c0 c\u00f4t\u00e9 de cette composition m\u00e9taphysique figure un piano recouvert de cuir tr\u00f4nant avec l\u2019original d\u2019un fauteuil des ann\u00e9es 1920&#8230;<\/p>\n<p><img data-recalc-dims=\"1\" decoding=\"async\" class=\"alignnone size-large wp-image-13482\" alt=\"D'DAYS 2013 - Poltrona Frau x Vincent DARRE\" src=\"https:\/\/i0.wp.com\/joyana.fr\/wp-content\/uploads\/2013\/06\/DDAYS13_POLTRONA-FRAU_6-576x370.jpg?resize=576%2C370&#038;ssl=1\" width=\"576\" height=\"370\" \/><\/p>\n<p><img data-recalc-dims=\"1\" decoding=\"async\" class=\"alignnone size-large wp-image-13484\" alt=\"D'DAYS 2013 - Poltrona Frau x Vincent DARRE\" src=\"https:\/\/i0.wp.com\/joyana.fr\/wp-content\/uploads\/2013\/06\/DDAYS13_POLTRONA-FRAU_4-576x383.jpg?resize=576%2C383&#038;ssl=1\" width=\"576\" height=\"383\" \/><\/p>\n<p><img data-recalc-dims=\"1\" loading=\"lazy\" decoding=\"async\" class=\"alignnone size-large wp-image-13485\" alt=\"D'DAYS 2013 - Poltrona Frau x Vincent DARRE\" src=\"https:\/\/i0.wp.com\/joyana.fr\/wp-content\/uploads\/2013\/06\/DDAYS13_POLTRONA-FRAU_2-576x391.jpg?resize=576%2C391&#038;ssl=1\" width=\"576\" height=\"391\" \/><\/p>\n<p><img data-recalc-dims=\"1\" loading=\"lazy\" decoding=\"async\" class=\"alignnone size-large wp-image-13487\" alt=\"D'DAYS 2013 - Poltrona Frau x Vincent DARRE\" src=\"https:\/\/i0.wp.com\/joyana.fr\/wp-content\/uploads\/2013\/06\/DDAYS13_POLTRONA-FRAU_-576x374.jpg?resize=576%2C374&#038;ssl=1\" width=\"576\" height=\"374\" \/><\/p>\n<p><img data-recalc-dims=\"1\" loading=\"lazy\" decoding=\"async\" class=\"alignnone size-large wp-image-13486\" alt=\"D'DAYS 2013 - Poltrona Frau x Vincent DARRE\" src=\"https:\/\/i0.wp.com\/joyana.fr\/wp-content\/uploads\/2013\/06\/DDAYS13_POLTRONA-FRAU_3-576x533.jpg?resize=576%2C533&#038;ssl=1\" width=\"576\" height=\"533\" \/><\/p>\n<p style=\"text-align: center;\">En savoir + sur <a href=\"http:\/\/www.maisondarre.com\" target=\"_blank\"><strong>Vincent DARRE<\/strong><\/a> &#038; <a href=\"http:\/\/www.poltronafrau.com\" target=\"_blank\"><strong>POLTRONA FRAU<\/strong><\/a><\/p>\n","protected":false},"excerpt":{"rendered":"<p>Vincent Darr\u00e9 signe une tr\u00e8s belle installation pour Poltrona Frau, et pr\u00e9sente pour l&#8217;occasion des D&#038;#8 [&hellip;]<\/p>\n","protected":false},"author":3,"featured_media":113483,"comment_status":"open","ping_status":"open","sticky":false,"template":"","format":"standard","meta":{"_coblocks_attr":"","_coblocks_dimensions":"","_coblocks_responsive_height":"","_coblocks_accordion_ie_support":"","_uag_custom_page_level_css":"","advgb_blocks_editor_width":"","advgb_blocks_columns_visual_guide":"","_genesis_hide_title":false,"_genesis_hide_breadcrumbs":false,"_genesis_hide_singular_image":false,"_genesis_hide_footer_widgets":false,"_genesis_custom_body_class":"","_genesis_custom_post_class":"","_genesis_layout":"","_themeisle_gutenberg_block_has_review":false,"_jetpack_newsletter_access":"","_jetpack_dont_email_post_to_subs":false,"_jetpack_newsletter_tier_id":0,"_jetpack_memberships_contains_paywalled_content":false,"_jetpack_memberships_contains_paid_content":false,"footnotes":""},"categories":[949,1005,905,1384],"tags":[1146,1344,1374,1375,1385,1386],"class_list":{"0":"post-113481","1":"post","2":"type-post","3":"status-publish","4":"format-standard","5":"has-post-thumbnail","7":"category-canape","8":"category-designers-days","9":"category-deco-design","10":"category-poltrona-frau","11":"tag-canape-design","12":"tag-ddays","13":"tag-ddays-2013","14":"tag-designers-days-2013","15":"tag-poltrona-frau","16":"tag-vincent-darre","17":"entry"},"featured_image_urls":{"full":["https:\/\/i0.wp.com\/www.joyana.fr\/wp-content\/uploads\/2013\/06\/DDAYS13_POLTRONA-FRAU_8.jpg?fit=650%2C433&ssl=1",650,433,false],"thumbnail":["https:\/\/i0.wp.com\/www.joyana.fr\/wp-content\/uploads\/2013\/06\/DDAYS13_POLTRONA-FRAU_8.jpg?resize=150%2C150&ssl=1",150,150,true],"medium":["https:\/\/i0.wp.com\/www.joyana.fr\/wp-content\/uploads\/2013\/06\/DDAYS13_POLTRONA-FRAU_8.jpg?fit=389%2C259&ssl=1",389,259,true],"medium_large":["https:\/\/i0.wp.com\/www.joyana.fr\/wp-content\/uploads\/2013\/06\/DDAYS13_POLTRONA-FRAU_8.jpg?fit=650%2C433&ssl=1",650,433,true],"large":["https:\/\/i0.wp.com\/www.joyana.fr\/wp-content\/uploads\/2013\/06\/DDAYS13_POLTRONA-FRAU_8.jpg?fit=650%2C433&ssl=1",650,433,true],"1536x1536":["https:\/\/i0.wp.com\/www.joyana.fr\/wp-content\/uploads\/2013\/06\/DDAYS13_POLTRONA-FRAU_8.jpg?fit=650%2C433&ssl=1",650,433,true],"2048x2048":["https:\/\/i0.wp.com\/www.joyana.fr\/wp-content\/uploads\/2013\/06\/DDAYS13_POLTRONA-FRAU_8.jpg?fit=650%2C433&ssl=1",650,433,true],"featured-thumb":["https:\/\/i0.wp.com\/www.joyana.fr\/wp-content\/uploads\/2013\/06\/DDAYS13_POLTRONA-FRAU_8.jpg?resize=650%2C433&ssl=1",650,433,true],"ab-block-post-grid-landscape":["https:\/\/i0.wp.com\/www.joyana.fr\/wp-content\/uploads\/2013\/06\/DDAYS13_POLTRONA-FRAU_8.jpg?resize=600%2C400&ssl=1",600,400,true],"ab-block-post-grid-square":["https:\/\/i0.wp.com\/www.joyana.fr\/wp-content\/uploads\/2013\/06\/DDAYS13_POLTRONA-FRAU_8.jpg?resize=600%2C433&ssl=1",600,433,true],"author-pro-image":["https:\/\/i0.wp.com\/www.joyana.fr\/wp-content\/uploads\/2013\/06\/DDAYS13_POLTRONA-FRAU_8.jpg?resize=360%2C433&ssl=1",360,433,true],"slider":["https:\/\/i0.wp.com\/www.joyana.fr\/wp-content\/uploads\/2013\/06\/DDAYS13_POLTRONA-FRAU_8.jpg?resize=650%2C400&ssl=1",650,400,true],"woocommerce_thumbnail":["https:\/\/i0.wp.com\/www.joyana.fr\/wp-content\/uploads\/2013\/06\/DDAYS13_POLTRONA-FRAU_8.jpg?resize=450%2C433&ssl=1",450,433,true],"woocommerce_single":["https:\/\/i0.wp.com\/www.joyana.fr\/wp-content\/uploads\/2013\/06\/DDAYS13_POLTRONA-FRAU_8.jpg?fit=650%2C433&ssl=1",650,433,true],"woocommerce_gallery_thumbnail":["https:\/\/i0.wp.com\/www.joyana.fr\/wp-content\/uploads\/2013\/06\/DDAYS13_POLTRONA-FRAU_8.jpg?resize=180%2C180&ssl=1",180,180,true],"sow-carousel-default":["https:\/\/i0.wp.com\/www.joyana.fr\/wp-content\/uploads\/2013\/06\/DDAYS13_POLTRONA-FRAU_8.jpg?resize=272%2C182&ssl=1",272,182,true]},"post_excerpt_stackable":"<p>Vincent Darr\u00e9 signe une tr\u00e8s belle installation pour Poltrona Frau, et pr\u00e9sente pour l&#8217;occasio&hellip;<\/p>\n","category_list":"<a href=\"https:\/\/www.joyana.fr\/ja\/category\/deco-design\/mobilier\/assise\/canape\/\" rel=\"category tag\">Canap\u00e9<\/a>, <a href=\"https:\/\/www.joyana.fr\/ja\/category\/deco-design\/actualite\/salon\/designers-days\/\" rel=\"category tag\">D'DAYS<\/a>, <a href=\"https:\/\/www.joyana.fr\/ja\/category\/deco-design\/\" rel=\"category tag\">DECO-DESIGN<\/a>, <a href=\"https:\/\/www.joyana.fr\/ja\/category\/marques\/poltrona-frau\/\" rel=\"category tag\">Poltrona Frau<\/a>","author_info":{"display_name":"Jo Yana","author_link":"https:\/\/www.joyana.fr\/ja\/author\/joyana\/"},"comments_num":"5 comments","featured_image_urls_v2":{"full":["https:\/\/i0.wp.com\/www.joyana.fr\/wp-content\/uploads\/2013\/06\/DDAYS13_POLTRONA-FRAU_8.jpg?fit=650%2C433&ssl=1",650,433,false],"thumbnail":["https:\/\/i0.wp.com\/www.joyana.fr\/wp-content\/uploads\/2013\/06\/DDAYS13_POLTRONA-FRAU_8.jpg?resize=150%2C150&ssl=1",150,150,true],"medium":["https:\/\/i0.wp.com\/www.joyana.fr\/wp-content\/uploads\/2013\/06\/DDAYS13_POLTRONA-FRAU_8.jpg?fit=389%2C259&ssl=1",389,259,true],"medium_large":["https:\/\/i0.wp.com\/www.joyana.fr\/wp-content\/uploads\/2013\/06\/DDAYS13_POLTRONA-FRAU_8.jpg?fit=650%2C433&ssl=1",650,433,true],"large":["https:\/\/i0.wp.com\/www.joyana.fr\/wp-content\/uploads\/2013\/06\/DDAYS13_POLTRONA-FRAU_8.jpg?fit=650%2C433&ssl=1",650,433,true],"1536x1536":["https:\/\/i0.wp.com\/www.joyana.fr\/wp-content\/uploads\/2013\/06\/DDAYS13_POLTRONA-FRAU_8.jpg?fit=650%2C433&ssl=1",650,433,true],"2048x2048":["https:\/\/i0.wp.com\/www.joyana.fr\/wp-content\/uploads\/2013\/06\/DDAYS13_POLTRONA-FRAU_8.jpg?fit=650%2C433&ssl=1",650,433,true],"featured-thumb":["https:\/\/i0.wp.com\/www.joyana.fr\/wp-content\/uploads\/2013\/06\/DDAYS13_POLTRONA-FRAU_8.jpg?resize=650%2C433&ssl=1",650,433,true],"ab-block-post-grid-landscape":["https:\/\/i0.wp.com\/www.joyana.fr\/wp-content\/uploads\/2013\/06\/DDAYS13_POLTRONA-FRAU_8.jpg?resize=600%2C400&ssl=1",600,400,true],"ab-block-post-grid-square":["https:\/\/i0.wp.com\/www.joyana.fr\/wp-content\/uploads\/2013\/06\/DDAYS13_POLTRONA-FRAU_8.jpg?resize=600%2C433&ssl=1",600,433,true],"author-pro-image":["https:\/\/i0.wp.com\/www.joyana.fr\/wp-content\/uploads\/2013\/06\/DDAYS13_POLTRONA-FRAU_8.jpg?resize=360%2C433&ssl=1",360,433,true],"slider":["https:\/\/i0.wp.com\/www.joyana.fr\/wp-content\/uploads\/2013\/06\/DDAYS13_POLTRONA-FRAU_8.jpg?resize=650%2C400&ssl=1",650,400,true],"woocommerce_thumbnail":["https:\/\/i0.wp.com\/www.joyana.fr\/wp-content\/uploads\/2013\/06\/DDAYS13_POLTRONA-FRAU_8.jpg?resize=450%2C433&ssl=1",450,433,true],"woocommerce_single":["https:\/\/i0.wp.com\/www.joyana.fr\/wp-content\/uploads\/2013\/06\/DDAYS13_POLTRONA-FRAU_8.jpg?fit=650%2C433&ssl=1",650,433,true],"woocommerce_gallery_thumbnail":["https:\/\/i0.wp.com\/www.joyana.fr\/wp-content\/uploads\/2013\/06\/DDAYS13_POLTRONA-FRAU_8.jpg?resize=180%2C180&ssl=1",180,180,true],"sow-carousel-default":["https:\/\/i0.wp.com\/www.joyana.fr\/wp-content\/uploads\/2013\/06\/DDAYS13_POLTRONA-FRAU_8.jpg?resize=272%2C182&ssl=1",272,182,true]},"post_excerpt_stackable_v2":"<p>Vincent Darr\u00e9 signe une tr\u00e8s belle installation pour Poltrona Frau, et pr\u00e9sente pour l&#8217;occasio&hellip;<\/p>\n","category_list_v2":"<a href=\"https:\/\/www.joyana.fr\/ja\/category\/deco-design\/mobilier\/assise\/canape\/\" rel=\"category tag\">Canap\u00e9<\/a>, <a href=\"https:\/\/www.joyana.fr\/ja\/category\/deco-design\/actualite\/salon\/designers-days\/\" rel=\"category tag\">D'DAYS<\/a>, <a href=\"https:\/\/www.joyana.fr\/ja\/category\/deco-design\/\" rel=\"category tag\">DECO-DESIGN<\/a>, <a href=\"https:\/\/www.joyana.fr\/ja\/category\/marques\/poltrona-frau\/\" rel=\"category tag\">Poltrona Frau<\/a>","author_info_v2":{"name":"Jo Yana","url":"https:\/\/www.joyana.fr\/ja\/author\/joyana\/"},"comments_num_v2":"5 comments","yoast_head":"<!-- This site is optimized with the Yoast SEO plugin v26.8 - https:\/\/yoast.com\/product\/yoast-seo-wordpress\/ -->\n<title>D&#039;DAYS 2013 - Poltrona Frau x Vincent DARRE - JO YANA<\/title>\n<meta name=\"robots\" content=\"index, follow, max-snippet:-1, max-image-preview:large, max-video-preview:-1\" \/>\n<link rel=\"canonical\" href=\"https:\/\/www.joyana.fr\/ja\/ddays-2013-poltrona-frau-canape-psychanalise-vincent-darre\/113481\/\" \/>\n<meta property=\"og:locale\" content=\"ja_JP\" \/>\n<meta property=\"og:locale:alternate\" content=\"fr_FR\" \/>\n<meta property=\"og:locale:alternate\" content=\"en_US\" \/>\n<meta property=\"og:type\" content=\"article\" \/>\n<meta property=\"og:title\" content=\"D&#039;DAYS 2013 - Poltrona Frau x Vincent DARRE - JO YANA\" \/>\n<meta property=\"og:description\" content=\"Vincent Darr\u00e9 signe une tr\u00e8s belle installation pour Poltrona Frau, et pr\u00e9sente pour l&#8217;occasion des D&amp;#8 [&hellip;]\" \/>\n<meta property=\"og:url\" content=\"https:\/\/www.joyana.fr\/ja\/ddays-2013-poltrona-frau-canape-psychanalise-vincent-darre\/113481\/\" \/>\n<meta property=\"og:site_name\" content=\"JO YANA\" \/>\n<meta property=\"article:published_time\" content=\"2013-06-08T14:01:06+00:00\" \/>\n<meta property=\"og:image\" content=\"https:\/\/www.joyana.fr\/wp-content\/uploads\/2013\/06\/DDAYS13_POLTRONA-FRAU_8.jpg\" \/>\n\t<meta property=\"og:image:width\" content=\"650\" \/>\n\t<meta property=\"og:image:height\" content=\"433\" \/>\n\t<meta property=\"og:image:type\" content=\"image\/jpeg\" \/>\n<meta name=\"author\" content=\"Jo Yana\" \/>\n<meta name=\"twitter:card\" content=\"summary_large_image\" \/>\n<meta name=\"twitter:creator\" content=\"@Jo_Yana\" \/>\n<meta name=\"twitter:site\" content=\"@Jo_Yana\" \/>\n<meta name=\"twitter:label1\" content=\"\u57f7\u7b46\u8005\" \/>\n\t<meta name=\"twitter:data1\" content=\"Jo Yana\" \/>\n\t<meta name=\"twitter:label2\" content=\"\u63a8\u5b9a\u8aad\u307f\u53d6\u308a\u6642\u9593\" \/>\n\t<meta name=\"twitter:data2\" content=\"1\u5206\" \/>\n<script type=\"application\/ld+json\" class=\"yoast-schema-graph\">{\"@context\":\"https:\/\/schema.org\",\"@graph\":[{\"@type\":\"Article\",\"@id\":\"https:\/\/www.joyana.fr\/ja\/ddays-2013-poltrona-frau-canape-psychanalise-vincent-darre\/113481\/#article\",\"isPartOf\":{\"@id\":\"https:\/\/www.joyana.fr\/ja\/ddays-2013-poltrona-frau-canape-psychanalise-vincent-darre\/113481\/\"},\"author\":{\"name\":\"Jo Yana\",\"@id\":\"https:\/\/joyana.fr\/#\/schema\/person\/cf2a1ad12a27c12c21801075bf37407c\"},\"headline\":\"D&#8217;DAYS 2013 &#8211; Poltrona Frau x Vincent DARRE\",\"datePublished\":\"2013-06-08T14:01:06+00:00\",\"mainEntityOfPage\":{\"@id\":\"https:\/\/www.joyana.fr\/ja\/ddays-2013-poltrona-frau-canape-psychanalise-vincent-darre\/113481\/\"},\"wordCount\":192,\"commentCount\":2,\"publisher\":{\"@id\":\"https:\/\/joyana.fr\/#\/schema\/person\/cf2a1ad12a27c12c21801075bf37407c\"},\"image\":{\"@id\":\"https:\/\/www.joyana.fr\/ja\/ddays-2013-poltrona-frau-canape-psychanalise-vincent-darre\/113481\/#primaryimage\"},\"thumbnailUrl\":\"https:\/\/i0.wp.com\/www.joyana.fr\/wp-content\/uploads\/2013\/06\/DDAYS13_POLTRONA-FRAU_8.jpg?fit=650%2C433&ssl=1\",\"keywords\":[\"Canap\u00e9 design\",\"D'DAYS\",\"D'DAYS 2013\",\"Designer's Days 2013\",\"Poltrona Frau\",\"Vincent DARRE\"],\"articleSection\":[\"Canap\u00e9\",\"D'DAYS\",\"DECO-DESIGN\",\"Poltrona Frau\"],\"inLanguage\":\"ja\",\"potentialAction\":[{\"@type\":\"CommentAction\",\"name\":\"Comment\",\"target\":[\"https:\/\/www.joyana.fr\/ja\/ddays-2013-poltrona-frau-canape-psychanalise-vincent-darre\/113481\/#respond\"]}]},{\"@type\":\"WebPage\",\"@id\":\"https:\/\/www.joyana.fr\/ja\/ddays-2013-poltrona-frau-canape-psychanalise-vincent-darre\/113481\/\",\"url\":\"https:\/\/www.joyana.fr\/ja\/ddays-2013-poltrona-frau-canape-psychanalise-vincent-darre\/113481\/\",\"name\":\"D'DAYS 2013 - Poltrona Frau x Vincent DARRE - JO YANA\",\"isPartOf\":{\"@id\":\"https:\/\/joyana.fr\/#website\"},\"primaryImageOfPage\":{\"@id\":\"https:\/\/www.joyana.fr\/ja\/ddays-2013-poltrona-frau-canape-psychanalise-vincent-darre\/113481\/#primaryimage\"},\"image\":{\"@id\":\"https:\/\/www.joyana.fr\/ja\/ddays-2013-poltrona-frau-canape-psychanalise-vincent-darre\/113481\/#primaryimage\"},\"thumbnailUrl\":\"https:\/\/i0.wp.com\/www.joyana.fr\/wp-content\/uploads\/2013\/06\/DDAYS13_POLTRONA-FRAU_8.jpg?fit=650%2C433&ssl=1\",\"datePublished\":\"2013-06-08T14:01:06+00:00\",\"breadcrumb\":{\"@id\":\"https:\/\/www.joyana.fr\/ja\/ddays-2013-poltrona-frau-canape-psychanalise-vincent-darre\/113481\/#breadcrumb\"},\"inLanguage\":\"ja\",\"potentialAction\":[{\"@type\":\"ReadAction\",\"target\":[\"https:\/\/www.joyana.fr\/ja\/ddays-2013-poltrona-frau-canape-psychanalise-vincent-darre\/113481\/\"]}]},{\"@type\":\"ImageObject\",\"inLanguage\":\"ja\",\"@id\":\"https:\/\/www.joyana.fr\/ja\/ddays-2013-poltrona-frau-canape-psychanalise-vincent-darre\/113481\/#primaryimage\",\"url\":\"https:\/\/i0.wp.com\/www.joyana.fr\/wp-content\/uploads\/2013\/06\/DDAYS13_POLTRONA-FRAU_8.jpg?fit=650%2C433&ssl=1\",\"contentUrl\":\"https:\/\/i0.wp.com\/www.joyana.fr\/wp-content\/uploads\/2013\/06\/DDAYS13_POLTRONA-FRAU_8.jpg?fit=650%2C433&ssl=1\",\"width\":650,\"height\":433},{\"@type\":\"BreadcrumbList\",\"@id\":\"https:\/\/www.joyana.fr\/ja\/ddays-2013-poltrona-frau-canape-psychanalise-vincent-darre\/113481\/#breadcrumb\",\"itemListElement\":[{\"@type\":\"ListItem\",\"position\":1,\"name\":\"Accueil\",\"item\":\"https:\/\/joyana.fr\/\"},{\"@type\":\"ListItem\",\"position\":2,\"name\":\"D&#8217;DAYS 2013 &#8211; Poltrona Frau x Vincent DARRE\"}]},{\"@type\":\"WebSite\",\"@id\":\"https:\/\/joyana.fr\/#website\",\"url\":\"https:\/\/joyana.fr\/\",\"name\":\"JO YANA\",\"description\":\"Blog Mode Homme, Lifestyle, D\u00e9co-Design\",\"publisher\":{\"@id\":\"https:\/\/joyana.fr\/#\/schema\/person\/cf2a1ad12a27c12c21801075bf37407c\"},\"potentialAction\":[{\"@type\":\"SearchAction\",\"target\":{\"@type\":\"EntryPoint\",\"urlTemplate\":\"https:\/\/joyana.fr\/?s={search_term_string}\"},\"query-input\":{\"@type\":\"PropertyValueSpecification\",\"valueRequired\":true,\"valueName\":\"search_term_string\"}}],\"inLanguage\":\"ja\"},{\"@type\":[\"Person\",\"Organization\"],\"@id\":\"https:\/\/joyana.fr\/#\/schema\/person\/cf2a1ad12a27c12c21801075bf37407c\",\"name\":\"Jo Yana\",\"image\":{\"@type\":\"ImageObject\",\"inLanguage\":\"ja\",\"@id\":\"https:\/\/joyana.fr\/#\/schema\/person\/image\/\",\"url\":\"https:\/\/i0.wp.com\/www.joyana.fr\/wp-content\/uploads\/2016\/08\/cropped-joyana-logo-black-360x180.png?fit=343%2C164&ssl=1\",\"contentUrl\":\"https:\/\/i0.wp.com\/www.joyana.fr\/wp-content\/uploads\/2016\/08\/cropped-joyana-logo-black-360x180.png?fit=343%2C164&ssl=1\",\"width\":343,\"height\":164,\"caption\":\"Jo Yana\"},\"logo\":{\"@id\":\"https:\/\/joyana.fr\/#\/schema\/person\/image\/\"},\"description\":\"Jo Yana est le cr\u00e9ateur et r\u00e9dacteur en chef des sites DECO-DESIGN. Passionn\u00e9 de Design, Mode, Photo, Luxe, Lifestyle, Musique, mais avant tout Blogueur ! Le plaisir de partager l'anime et a comme devise \\\"POUR L'AMOUR DU BEAU\\\". Retrouvez le aussi sur son blog personnel - https:\/\/joyana.fr...\",\"sameAs\":[\"https:\/\/joyana.fr\/\"],\"url\":\"https:\/\/www.joyana.fr\/ja\/author\/joyana\/\"}]}<\/script>\n<!-- \/ Yoast SEO plugin. -->","yoast_head_json":{"title":"D'DAYS 2013 - Poltrona Frau x Vincent DARRE - JO YANA","robots":{"index":"index","follow":"follow","max-snippet":"max-snippet:-1","max-image-preview":"max-image-preview:large","max-video-preview":"max-video-preview:-1"},"canonical":"https:\/\/www.joyana.fr\/ja\/ddays-2013-poltrona-frau-canape-psychanalise-vincent-darre\/113481\/","og_locale":"ja_JP","og_type":"article","og_title":"D'DAYS 2013 - Poltrona Frau x Vincent DARRE - JO YANA","og_description":"Vincent Darr\u00e9 signe une tr\u00e8s belle installation pour Poltrona Frau, et pr\u00e9sente pour l&#8217;occasion des D&#8 [&hellip;]","og_url":"https:\/\/www.joyana.fr\/ja\/ddays-2013-poltrona-frau-canape-psychanalise-vincent-darre\/113481\/","og_site_name":"JO YANA","article_published_time":"2013-06-08T14:01:06+00:00","og_image":[{"width":650,"height":433,"url":"https:\/\/www.joyana.fr\/wp-content\/uploads\/2013\/06\/DDAYS13_POLTRONA-FRAU_8.jpg","type":"image\/jpeg"}],"author":"Jo Yana","twitter_card":"summary_large_image","twitter_creator":"@Jo_Yana","twitter_site":"@Jo_Yana","twitter_misc":{"\u57f7\u7b46\u8005":"Jo Yana","\u63a8\u5b9a\u8aad\u307f\u53d6\u308a\u6642\u9593":"1\u5206"},"schema":{"@context":"https:\/\/schema.org","@graph":[{"@type":"Article","@id":"https:\/\/www.joyana.fr\/ja\/ddays-2013-poltrona-frau-canape-psychanalise-vincent-darre\/113481\/#article","isPartOf":{"@id":"https:\/\/www.joyana.fr\/ja\/ddays-2013-poltrona-frau-canape-psychanalise-vincent-darre\/113481\/"},"author":{"name":"Jo Yana","@id":"https:\/\/joyana.fr\/#\/schema\/person\/cf2a1ad12a27c12c21801075bf37407c"},"headline":"D&#8217;DAYS 2013 &#8211; Poltrona Frau x Vincent DARRE","datePublished":"2013-06-08T14:01:06+00:00","mainEntityOfPage":{"@id":"https:\/\/www.joyana.fr\/ja\/ddays-2013-poltrona-frau-canape-psychanalise-vincent-darre\/113481\/"},"wordCount":192,"commentCount":2,"publisher":{"@id":"https:\/\/joyana.fr\/#\/schema\/person\/cf2a1ad12a27c12c21801075bf37407c"},"image":{"@id":"https:\/\/www.joyana.fr\/ja\/ddays-2013-poltrona-frau-canape-psychanalise-vincent-darre\/113481\/#primaryimage"},"thumbnailUrl":"https:\/\/i0.wp.com\/www.joyana.fr\/wp-content\/uploads\/2013\/06\/DDAYS13_POLTRONA-FRAU_8.jpg?fit=650%2C433&ssl=1","keywords":["Canap\u00e9 design","D'DAYS","D'DAYS 2013","Designer's Days 2013","Poltrona Frau","Vincent DARRE"],"articleSection":["Canap\u00e9","D'DAYS","DECO-DESIGN","Poltrona Frau"],"inLanguage":"ja","potentialAction":[{"@type":"CommentAction","name":"Comment","target":["https:\/\/www.joyana.fr\/ja\/ddays-2013-poltrona-frau-canape-psychanalise-vincent-darre\/113481\/#respond"]}]},{"@type":"WebPage","@id":"https:\/\/www.joyana.fr\/ja\/ddays-2013-poltrona-frau-canape-psychanalise-vincent-darre\/113481\/","url":"https:\/\/www.joyana.fr\/ja\/ddays-2013-poltrona-frau-canape-psychanalise-vincent-darre\/113481\/","name":"D'DAYS 2013 - Poltrona Frau x Vincent DARRE - JO YANA","isPartOf":{"@id":"https:\/\/joyana.fr\/#website"},"primaryImageOfPage":{"@id":"https:\/\/www.joyana.fr\/ja\/ddays-2013-poltrona-frau-canape-psychanalise-vincent-darre\/113481\/#primaryimage"},"image":{"@id":"https:\/\/www.joyana.fr\/ja\/ddays-2013-poltrona-frau-canape-psychanalise-vincent-darre\/113481\/#primaryimage"},"thumbnailUrl":"https:\/\/i0.wp.com\/www.joyana.fr\/wp-content\/uploads\/2013\/06\/DDAYS13_POLTRONA-FRAU_8.jpg?fit=650%2C433&ssl=1","datePublished":"2013-06-08T14:01:06+00:00","breadcrumb":{"@id":"https:\/\/www.joyana.fr\/ja\/ddays-2013-poltrona-frau-canape-psychanalise-vincent-darre\/113481\/#breadcrumb"},"inLanguage":"ja","potentialAction":[{"@type":"ReadAction","target":["https:\/\/www.joyana.fr\/ja\/ddays-2013-poltrona-frau-canape-psychanalise-vincent-darre\/113481\/"]}]},{"@type":"ImageObject","inLanguage":"ja","@id":"https:\/\/www.joyana.fr\/ja\/ddays-2013-poltrona-frau-canape-psychanalise-vincent-darre\/113481\/#primaryimage","url":"https:\/\/i0.wp.com\/www.joyana.fr\/wp-content\/uploads\/2013\/06\/DDAYS13_POLTRONA-FRAU_8.jpg?fit=650%2C433&ssl=1","contentUrl":"https:\/\/i0.wp.com\/www.joyana.fr\/wp-content\/uploads\/2013\/06\/DDAYS13_POLTRONA-FRAU_8.jpg?fit=650%2C433&ssl=1","width":650,"height":433},{"@type":"BreadcrumbList","@id":"https:\/\/www.joyana.fr\/ja\/ddays-2013-poltrona-frau-canape-psychanalise-vincent-darre\/113481\/#breadcrumb","itemListElement":[{"@type":"ListItem","position":1,"name":"Accueil","item":"https:\/\/joyana.fr\/"},{"@type":"ListItem","position":2,"name":"D&#8217;DAYS 2013 &#8211; Poltrona Frau x Vincent DARRE"}]},{"@type":"WebSite","@id":"https:\/\/joyana.fr\/#website","url":"https:\/\/joyana.fr\/","name":"JO YANA","description":"Blog Mode Homme, Lifestyle, D\u00e9co-Design","publisher":{"@id":"https:\/\/joyana.fr\/#\/schema\/person\/cf2a1ad12a27c12c21801075bf37407c"},"potentialAction":[{"@type":"SearchAction","target":{"@type":"EntryPoint","urlTemplate":"https:\/\/joyana.fr\/?s={search_term_string}"},"query-input":{"@type":"PropertyValueSpecification","valueRequired":true,"valueName":"search_term_string"}}],"inLanguage":"ja"},{"@type":["Person","Organization"],"@id":"https:\/\/joyana.fr\/#\/schema\/person\/cf2a1ad12a27c12c21801075bf37407c","name":"Jo Yana","image":{"@type":"ImageObject","inLanguage":"ja","@id":"https:\/\/joyana.fr\/#\/schema\/person\/image\/","url":"https:\/\/i0.wp.com\/www.joyana.fr\/wp-content\/uploads\/2016\/08\/cropped-joyana-logo-black-360x180.png?fit=343%2C164&ssl=1","contentUrl":"https:\/\/i0.wp.com\/www.joyana.fr\/wp-content\/uploads\/2016\/08\/cropped-joyana-logo-black-360x180.png?fit=343%2C164&ssl=1","width":343,"height":164,"caption":"Jo Yana"},"logo":{"@id":"https:\/\/joyana.fr\/#\/schema\/person\/image\/"},"description":"Jo Yana est le cr\u00e9ateur et r\u00e9dacteur en chef des sites DECO-DESIGN. Passionn\u00e9 de Design, Mode, Photo, Luxe, Lifestyle, Musique, mais avant tout Blogueur ! Le plaisir de partager l'anime et a comme devise \"POUR L'AMOUR DU BEAU\". Retrouvez le aussi sur son blog personnel - https:\/\/joyana.fr...","sameAs":["https:\/\/joyana.fr\/"],"url":"https:\/\/www.joyana.fr\/ja\/author\/joyana\/"}]}},"author_meta":{"display_name":"Jo Yana","author_link":"https:\/\/www.joyana.fr\/ja\/author\/joyana\/"},"featured_img":"https:\/\/i0.wp.com\/www.joyana.fr\/wp-content\/uploads\/2013\/06\/DDAYS13_POLTRONA-FRAU_8.jpg?fit=389%2C259&ssl=1","featured_image_src":"https:\/\/i0.wp.com\/www.joyana.fr\/wp-content\/uploads\/2013\/06\/DDAYS13_POLTRONA-FRAU_8.jpg?resize=600%2C400&ssl=1","featured_image_src_square":"https:\/\/i0.wp.com\/www.joyana.fr\/wp-content\/uploads\/2013\/06\/DDAYS13_POLTRONA-FRAU_8.jpg?resize=600%2C433&ssl=1","jetpack_featured_media_url":"https:\/\/i0.wp.com\/www.joyana.fr\/wp-content\/uploads\/2013\/06\/DDAYS13_POLTRONA-FRAU_8.jpg?fit=650%2C433&ssl=1","uagb_featured_image_src":{"full":["https:\/\/i0.wp.com\/www.joyana.fr\/wp-content\/uploads\/2013\/06\/DDAYS13_POLTRONA-FRAU_8.jpg?fit=650%2C433&ssl=1",650,433,false],"thumbnail":["https:\/\/i0.wp.com\/www.joyana.fr\/wp-content\/uploads\/2013\/06\/DDAYS13_POLTRONA-FRAU_8.jpg?resize=150%2C150&ssl=1",150,150,true],"medium":["https:\/\/i0.wp.com\/www.joyana.fr\/wp-content\/uploads\/2013\/06\/DDAYS13_POLTRONA-FRAU_8.jpg?fit=389%2C259&ssl=1",389,259,true],"medium_large":["https:\/\/i0.wp.com\/www.joyana.fr\/wp-content\/uploads\/2013\/06\/DDAYS13_POLTRONA-FRAU_8.jpg?fit=650%2C433&ssl=1",650,433,true],"large":["https:\/\/i0.wp.com\/www.joyana.fr\/wp-content\/uploads\/2013\/06\/DDAYS13_POLTRONA-FRAU_8.jpg?fit=650%2C433&ssl=1",650,433,true],"1536x1536":["https:\/\/i0.wp.com\/www.joyana.fr\/wp-content\/uploads\/2013\/06\/DDAYS13_POLTRONA-FRAU_8.jpg?fit=650%2C433&ssl=1",650,433,true],"2048x2048":["https:\/\/i0.wp.com\/www.joyana.fr\/wp-content\/uploads\/2013\/06\/DDAYS13_POLTRONA-FRAU_8.jpg?fit=650%2C433&ssl=1",650,433,true],"featured-thumb":["https:\/\/i0.wp.com\/www.joyana.fr\/wp-content\/uploads\/2013\/06\/DDAYS13_POLTRONA-FRAU_8.jpg?resize=650%2C433&ssl=1",650,433,true],"ab-block-post-grid-landscape":["https:\/\/i0.wp.com\/www.joyana.fr\/wp-content\/uploads\/2013\/06\/DDAYS13_POLTRONA-FRAU_8.jpg?resize=600%2C400&ssl=1",600,400,true],"ab-block-post-grid-square":["https:\/\/i0.wp.com\/www.joyana.fr\/wp-content\/uploads\/2013\/06\/DDAYS13_POLTRONA-FRAU_8.jpg?resize=600%2C433&ssl=1",600,433,true],"author-pro-image":["https:\/\/i0.wp.com\/www.joyana.fr\/wp-content\/uploads\/2013\/06\/DDAYS13_POLTRONA-FRAU_8.jpg?resize=360%2C433&ssl=1",360,433,true],"slider":["https:\/\/i0.wp.com\/www.joyana.fr\/wp-content\/uploads\/2013\/06\/DDAYS13_POLTRONA-FRAU_8.jpg?resize=650%2C400&ssl=1",650,400,true],"woocommerce_thumbnail":["https:\/\/i0.wp.com\/www.joyana.fr\/wp-content\/uploads\/2013\/06\/DDAYS13_POLTRONA-FRAU_8.jpg?resize=450%2C433&ssl=1",450,433,true],"woocommerce_single":["https:\/\/i0.wp.com\/www.joyana.fr\/wp-content\/uploads\/2013\/06\/DDAYS13_POLTRONA-FRAU_8.jpg?fit=650%2C433&ssl=1",650,433,true],"woocommerce_gallery_thumbnail":["https:\/\/i0.wp.com\/www.joyana.fr\/wp-content\/uploads\/2013\/06\/DDAYS13_POLTRONA-FRAU_8.jpg?resize=180%2C180&ssl=1",180,180,true],"sow-carousel-default":["https:\/\/i0.wp.com\/www.joyana.fr\/wp-content\/uploads\/2013\/06\/DDAYS13_POLTRONA-FRAU_8.jpg?resize=272%2C182&ssl=1",272,182,true]},"uagb_author_info":{"display_name":"Jo Yana","author_link":"https:\/\/www.joyana.fr\/ja\/author\/joyana\/"},"uagb_comment_info":5,"uagb_excerpt":"Vincent Darr\u00e9 signe une tr\u00e8s belle installation pour Po&hellip;","coauthors":[],"tax_additional":{"categories":{"linked":["<a href=\"https:\/\/www.joyana.fr\/ja\/category\/deco-design\/mobilier\/assise\/canape\/\" class=\"advgb-post-tax-term\">Canap\u00e9<\/a>","<a href=\"https:\/\/www.joyana.fr\/ja\/category\/deco-design\/actualite\/salon\/designers-days\/\" class=\"advgb-post-tax-term\">D&#039;DAYS<\/a>","<a href=\"https:\/\/www.joyana.fr\/ja\/category\/deco-design\/\" class=\"advgb-post-tax-term\">DECO-DESIGN<\/a>","<a href=\"https:\/\/www.joyana.fr\/ja\/category\/marques\/poltrona-frau\/\" class=\"advgb-post-tax-term\">Poltrona Frau<\/a>"],"unlinked":["<span class=\"advgb-post-tax-term\">Canap\u00e9<\/span>","<span class=\"advgb-post-tax-term\">D&#039;DAYS<\/span>","<span class=\"advgb-post-tax-term\">DECO-DESIGN<\/span>","<span class=\"advgb-post-tax-term\">Poltrona Frau<\/span>"]},"tags":{"linked":["<a href=\"https:\/\/www.joyana.fr\/ja\/category\/marques\/poltrona-frau\/\" class=\"advgb-post-tax-term\">Canap\u00e9 design<\/a>","<a href=\"https:\/\/www.joyana.fr\/ja\/category\/marques\/poltrona-frau\/\" class=\"advgb-post-tax-term\">D&#039;DAYS<\/a>","<a href=\"https:\/\/www.joyana.fr\/ja\/category\/marques\/poltrona-frau\/\" class=\"advgb-post-tax-term\">D&#039;DAYS 2013<\/a>","<a href=\"https:\/\/www.joyana.fr\/ja\/category\/marques\/poltrona-frau\/\" class=\"advgb-post-tax-term\">Designer&#039;s Days 2013<\/a>","<a href=\"https:\/\/www.joyana.fr\/ja\/category\/marques\/poltrona-frau\/\" class=\"advgb-post-tax-term\">Poltrona Frau<\/a>","<a href=\"https:\/\/www.joyana.fr\/ja\/category\/marques\/poltrona-frau\/\" class=\"advgb-post-tax-term\">Vincent DARRE<\/a>"],"unlinked":["<span class=\"advgb-post-tax-term\">Canap\u00e9 design<\/span>","<span class=\"advgb-post-tax-term\">D&#039;DAYS<\/span>","<span class=\"advgb-post-tax-term\">D&#039;DAYS 2013<\/span>","<span class=\"advgb-post-tax-term\">Designer&#039;s Days 2013<\/span>","<span class=\"advgb-post-tax-term\">Poltrona Frau<\/span>","<span class=\"advgb-post-tax-term\">Vincent DARRE<\/span>"]}},"comment_count":5,"relative_dates":{"created":"Posted 13\u5e74 ago","modified":"Updated 13\u5e74 ago"},"absolute_dates":{"created":"Posted on 8 6\u6708 2013","modified":"Updated on 8 6\u6708 2013"},"absolute_dates_time":{"created":"Posted on 8 6\u6708 2013 15:01","modified":"Updated on 8 6\u6708 2013 15:01"},"featured_img_caption":"","series_order":"","jetpack_sharing_enabled":true,"jetpack_shortlink":"https:\/\/wp.me\/p9bteI-twl","jetpack-related-posts":[],"_links":{"self":[{"href":"https:\/\/www.joyana.fr\/ja\/wp-json\/wp\/v2\/posts\/113481","targetHints":{"allow":["GET"]}}],"collection":[{"href":"https:\/\/www.joyana.fr\/ja\/wp-json\/wp\/v2\/posts"}],"about":[{"href":"https:\/\/www.joyana.fr\/ja\/wp-json\/wp\/v2\/types\/post"}],"author":[{"embeddable":true,"href":"https:\/\/www.joyana.fr\/ja\/wp-json\/wp\/v2\/users\/3"}],"replies":[{"embeddable":true,"href":"https:\/\/www.joyana.fr\/ja\/wp-json\/wp\/v2\/comments?post=113481"}],"version-history":[{"count":0,"href":"https:\/\/www.joyana.fr\/ja\/wp-json\/wp\/v2\/posts\/113481\/revisions"}],"wp:featuredmedia":[{"embeddable":true,"href":"https:\/\/www.joyana.fr\/ja\/wp-json\/wp\/v2\/media\/113483"}],"wp:attachment":[{"href":"https:\/\/www.joyana.fr\/ja\/wp-json\/wp\/v2\/media?parent=113481"}],"wp:term":[{"taxonomy":"category","embeddable":true,"href":"https:\/\/www.joyana.fr\/ja\/wp-json\/wp\/v2\/categories?post=113481"},{"taxonomy":"post_tag","embeddable":true,"href":"https:\/\/www.joyana.fr\/ja\/wp-json\/wp\/v2\/tags?post=113481"}],"curies":[{"name":"wp","href":"https:\/\/api.w.org\/{rel}","templated":true}]}}