{"id":113386,"date":"2013-06-02T07:29:35","date_gmt":"2013-06-02T06:29:35","guid":{"rendered":"https:\/\/joyana.fr\/?p=13386"},"modified":"2013-06-02T07:29:35","modified_gmt":"2013-06-02T06:29:35","slug":"mobilier-de-cuisine-a-hauteur-dhomme-bois-design-canada","status":"publish","type":"post","link":"https:\/\/www.joyana.fr\/ja\/mobilier-de-cuisine-a-hauteur-dhomme-bois-design-canada\/113386\/","title":{"rendered":"Mobilier de Cuisine design bois \u00c0 HAUTEUR D&#8217;HOMME"},"content":{"rendered":"<p>Direction le Canada pour d\u00e9couvrir un <strong>cuisiniste<\/strong> pas comme les autres,\u00a0<strong>\u00c0\u00a0HAUTEUR D&#8217;HOMME<\/strong> &#8211; qui se donne pour mission de valoriser et de prot\u00e9ger le <strong>bois<\/strong> du Qu\u00e9bec par une d\u00e9marche de <strong>design<\/strong> innovante et \u00e9co-responsable&#8230;<\/p>\n<p><img data-recalc-dims=\"1\" fetchpriority=\"high\" decoding=\"async\" class=\"alignnone size-large wp-image-13390\" alt=\"Mobilier de Cuisine bois contemporain \u00c0 HAUTEUR D'HOMME\" src=\"https:\/\/i0.wp.com\/joyana.fr\/wp-content\/uploads\/2013\/06\/862-04_04_sc_v2com-576x384.jpg?resize=576%2C384&#038;ssl=1\" width=\"576\" height=\"384\" \/><\/p>\n<p><strong>\u00c0 HAUTEUR D&#8217;HOMME<\/strong> se distingue des autres <strong>cuisinistes<\/strong> &#8211; au del\u00e0 de proposer une gamme de <strong>mobilier de cuisine en bois du Qu\u00e9bec<\/strong> \u00e9co responsable \u00e0 prix attractifs &#8211; par le fait d&#8217;avoir une offre cl\u00e9 en main pour les projets de r\u00e9novation. Qu\u2019il s\u2019agisse d\u2019un projet de cuisine ou d\u2019un projet de salle de bain, <strong>\u00c0 HAUTEUR D&#8217;HOMME<\/strong> est en mesure de prendre en charge l\u2019ensemble des travaux pour le client&#8230;<\/p>\n<p><img data-recalc-dims=\"1\" decoding=\"async\" class=\"alignnone size-large wp-image-13388\" alt=\"Mobilier de Cuisine bois contemporain \u00c0 HAUTEUR D'HOMME\" src=\"https:\/\/i0.wp.com\/joyana.fr\/wp-content\/uploads\/2013\/06\/862-04_02_sc_v2com-576x372.jpg?resize=576%2C372&#038;ssl=1\" width=\"576\" height=\"372\" \/><\/p>\n<p>On aime particuli\u00e8rement leur <strong>gamme NOAH<\/strong>,\u00a0au design jeune et urbain, particuli\u00e8rement accessible niveau prix, alliant espaces ouverts, mobiliers distinctifs ainsi qu\u2019une utilisation \u00e9tonnante de la couleur !<\/p>\n<p><img data-recalc-dims=\"1\" decoding=\"async\" class=\"alignnone size-large wp-image-13387\" alt=\"Mobilier de Cuisine bois contemporain \u00c0 HAUTEUR D'HOMME\" src=\"https:\/\/i0.wp.com\/joyana.fr\/wp-content\/uploads\/2013\/06\/862-04_01_sc_v2com-576x372.jpg?resize=576%2C372&#038;ssl=1\" width=\"576\" height=\"372\" \/><\/p>\n<p>Choisissez parmi les\u00a0une des huit essences qu\u00e9b\u00e9coises de <strong>bois<\/strong> disponibles pour imaginer votre cuisine\u00a0<strong>\u00c0 HAUTEUR D&#8217;HOMME<\/strong>\u00a0&#8211;\u00a0fabriqu\u00e9es sur mesure, en fonction de vos besoins sp\u00e9cifiques&#8230;<\/p>\n<p><img data-recalc-dims=\"1\" loading=\"lazy\" decoding=\"async\" class=\"alignnone size-large wp-image-13392\" alt=\"Mobilier de Cuisine bois contemporain \u00c0 HAUTEUR D'HOMME\" src=\"https:\/\/i0.wp.com\/joyana.fr\/wp-content\/uploads\/2013\/06\/862-04_06_sc_v2com-576x384.jpg?resize=576%2C384&#038;ssl=1\" width=\"576\" height=\"384\" \/><\/p>\n<p><img data-recalc-dims=\"1\" loading=\"lazy\" decoding=\"async\" class=\"alignnone size-large wp-image-13393\" alt=\"Mobilier de Cuisine bois contemporain \u00c0 HAUTEUR D'HOMME\" src=\"https:\/\/i0.wp.com\/joyana.fr\/wp-content\/uploads\/2013\/06\/862-04_07_sc_v2com-576x383.jpg?resize=576%2C383&#038;ssl=1\" width=\"576\" height=\"383\" \/><\/p>\n<p><img data-recalc-dims=\"1\" loading=\"lazy\" decoding=\"async\" class=\"alignnone size-large wp-image-13391\" alt=\"Mobilier de Cuisine bois contemporain \u00c0 HAUTEUR D'HOMME\" src=\"https:\/\/i0.wp.com\/joyana.fr\/wp-content\/uploads\/2013\/06\/862-04_05_sc_v2com-576x384.jpg?resize=576%2C384&#038;ssl=1\" width=\"576\" height=\"384\" \/><\/p>\n<p><img data-recalc-dims=\"1\" loading=\"lazy\" decoding=\"async\" class=\"alignnone size-large wp-image-13394\" alt=\"Mobilier de Cuisine bois contemporain \u00c0 HAUTEUR D'HOMME\" src=\"https:\/\/i0.wp.com\/joyana.fr\/wp-content\/uploads\/2013\/06\/862-04_08_sc_v2com-576x384.jpg?resize=576%2C384&#038;ssl=1\" width=\"576\" height=\"384\" \/><\/p>\n<p><img data-recalc-dims=\"1\" loading=\"lazy\" decoding=\"async\" class=\"alignnone size-large wp-image-13395\" alt=\"Mobilier de Cuisine bois contemporain \u00c0 HAUTEUR D'HOMME\" src=\"https:\/\/i0.wp.com\/joyana.fr\/wp-content\/uploads\/2013\/06\/862-04_09_sc_v2com-576x384.jpg?resize=576%2C384&#038;ssl=1\" width=\"576\" height=\"384\" \/><\/p>\n<p style=\"text-align: center;\">En savoir + sur la philosophie <a href=\"http:\/\/hh.ca\/philosophie\/\" target=\"_blank\"><strong>\u00c0 HAUTEUR D&#8217;HOMME<\/strong><\/a><\/p>\n","protected":false},"excerpt":{"rendered":"<p>Direction le Canada pour d\u00e9couvrir un cuisiniste pas comme les autres,\u00a0\u00c0\u00a0HAUTEUR D&#8217;HOMME &#8211; qui se  [&hellip;]<\/p>\n","protected":false},"author":3,"featured_media":113390,"comment_status":"open","ping_status":"open","sticky":false,"template":"","format":"standard","meta":{"_coblocks_attr":"","_coblocks_dimensions":"","_coblocks_responsive_height":"","_coblocks_accordion_ie_support":"","_uag_custom_page_level_css":"","advgb_blocks_editor_width":"","advgb_blocks_columns_visual_guide":"","_genesis_hide_title":false,"_genesis_hide_breadcrumbs":false,"_genesis_hide_singular_image":false,"_genesis_hide_footer_widgets":false,"_genesis_custom_body_class":"","_genesis_custom_post_class":"","_genesis_layout":"","_themeisle_gutenberg_block_has_review":false,"_jetpack_newsletter_access":"","_jetpack_dont_email_post_to_subs":false,"_jetpack_newsletter_tier_id":0,"_jetpack_memberships_contains_paywalled_content":false,"_jetpack_memberships_contains_paid_content":false,"footnotes":""},"categories":[1114,909,905,974],"tags":[1368,482,1159,1157,78,189],"class_list":{"0":"post-113386","1":"post","2":"type-post","3":"status-publish","4":"format-standard","5":"has-post-thumbnail","7":"category-canada","8":"category-cuisine","9":"category-deco-design","10":"category-mobilier-modulaire","11":"tag-a-hauteur-dhomme","12":"tag-bois","13":"tag-canada","14":"tag-cuisine","15":"tag-design","16":"tag-sur-mesure","17":"entry"},"featured_image_urls":{"full":["https:\/\/i0.wp.com\/www.joyana.fr\/wp-content\/uploads\/2013\/06\/862-04_04_sc_v2com.jpg?fit=1000%2C667&ssl=1",1000,667,false],"thumbnail":["https:\/\/i0.wp.com\/www.joyana.fr\/wp-content\/uploads\/2013\/06\/862-04_04_sc_v2com.jpg?resize=150%2C150&ssl=1",150,150,true],"medium":["https:\/\/i0.wp.com\/www.joyana.fr\/wp-content\/uploads\/2013\/06\/862-04_04_sc_v2com.jpg?fit=389%2C259&ssl=1",389,259,true],"medium_large":["https:\/\/i0.wp.com\/www.joyana.fr\/wp-content\/uploads\/2013\/06\/862-04_04_sc_v2com.jpg?fit=768%2C512&ssl=1",768,512,true],"large":["https:\/\/i0.wp.com\/www.joyana.fr\/wp-content\/uploads\/2013\/06\/862-04_04_sc_v2com.jpg?fit=1000%2C667&ssl=1",1000,667,true],"1536x1536":["https:\/\/i0.wp.com\/www.joyana.fr\/wp-content\/uploads\/2013\/06\/862-04_04_sc_v2com.jpg?fit=1000%2C667&ssl=1",1000,667,true],"2048x2048":["https:\/\/i0.wp.com\/www.joyana.fr\/wp-content\/uploads\/2013\/06\/862-04_04_sc_v2com.jpg?fit=1000%2C667&ssl=1",1000,667,true],"featured-thumb":["https:\/\/i0.wp.com\/www.joyana.fr\/wp-content\/uploads\/2013\/06\/862-04_04_sc_v2com.jpg?resize=1000%2C667&ssl=1",1000,667,true],"ab-block-post-grid-landscape":["https:\/\/i0.wp.com\/www.joyana.fr\/wp-content\/uploads\/2013\/06\/862-04_04_sc_v2com.jpg?resize=600%2C400&ssl=1",600,400,true],"ab-block-post-grid-square":["https:\/\/i0.wp.com\/www.joyana.fr\/wp-content\/uploads\/2013\/06\/862-04_04_sc_v2com.jpg?resize=600%2C600&ssl=1",600,600,true],"author-pro-image":["https:\/\/i0.wp.com\/www.joyana.fr\/wp-content\/uploads\/2013\/06\/862-04_04_sc_v2com.jpg?resize=360%2C570&ssl=1",360,570,true],"slider":["https:\/\/i0.wp.com\/www.joyana.fr\/wp-content\/uploads\/2013\/06\/862-04_04_sc_v2com.jpg?resize=920%2C400&ssl=1",920,400,true],"woocommerce_thumbnail":["https:\/\/i0.wp.com\/www.joyana.fr\/wp-content\/uploads\/2013\/06\/862-04_04_sc_v2com.jpg?resize=450%2C450&ssl=1",450,450,true],"woocommerce_single":["https:\/\/i0.wp.com\/www.joyana.fr\/wp-content\/uploads\/2013\/06\/862-04_04_sc_v2com.jpg?fit=920%2C614&ssl=1",920,614,true],"woocommerce_gallery_thumbnail":["https:\/\/i0.wp.com\/www.joyana.fr\/wp-content\/uploads\/2013\/06\/862-04_04_sc_v2com.jpg?resize=180%2C180&ssl=1",180,180,true],"sow-carousel-default":["https:\/\/i0.wp.com\/www.joyana.fr\/wp-content\/uploads\/2013\/06\/862-04_04_sc_v2com.jpg?resize=272%2C182&ssl=1",272,182,true]},"post_excerpt_stackable":"<p>Direction le Canada pour d\u00e9couvrir un cuisiniste pas comme les autres,\u00a0\u00c0\u00a0HAUTEUR D&#8217;HOMME &#038;#821&hellip;<\/p>\n","category_list":"<a href=\"https:\/\/www.joyana.fr\/ja\/category\/deco-design\/architecture-deco-design\/pays\/canada\/\" rel=\"category tag\">Canada<\/a>, <a href=\"https:\/\/www.joyana.fr\/ja\/category\/deco-design\/decoration\/cuisine\/\" rel=\"category tag\">Cuisine<\/a>, <a href=\"https:\/\/www.joyana.fr\/ja\/category\/deco-design\/\" rel=\"category tag\">DECO-DESIGN<\/a>, <a href=\"https:\/\/www.joyana.fr\/ja\/category\/deco-design\/mobilier\/mobilier-modulaire\/\" rel=\"category tag\">Mobilier modulaire<\/a>","author_info":{"display_name":"Jo Yana","author_link":"https:\/\/www.joyana.fr\/ja\/author\/joyana\/"},"comments_num":"3 comments","featured_image_urls_v2":{"full":["https:\/\/i0.wp.com\/www.joyana.fr\/wp-content\/uploads\/2013\/06\/862-04_04_sc_v2com.jpg?fit=1000%2C667&ssl=1",1000,667,false],"thumbnail":["https:\/\/i0.wp.com\/www.joyana.fr\/wp-content\/uploads\/2013\/06\/862-04_04_sc_v2com.jpg?resize=150%2C150&ssl=1",150,150,true],"medium":["https:\/\/i0.wp.com\/www.joyana.fr\/wp-content\/uploads\/2013\/06\/862-04_04_sc_v2com.jpg?fit=389%2C259&ssl=1",389,259,true],"medium_large":["https:\/\/i0.wp.com\/www.joyana.fr\/wp-content\/uploads\/2013\/06\/862-04_04_sc_v2com.jpg?fit=768%2C512&ssl=1",768,512,true],"large":["https:\/\/i0.wp.com\/www.joyana.fr\/wp-content\/uploads\/2013\/06\/862-04_04_sc_v2com.jpg?fit=1000%2C667&ssl=1",1000,667,true],"1536x1536":["https:\/\/i0.wp.com\/www.joyana.fr\/wp-content\/uploads\/2013\/06\/862-04_04_sc_v2com.jpg?fit=1000%2C667&ssl=1",1000,667,true],"2048x2048":["https:\/\/i0.wp.com\/www.joyana.fr\/wp-content\/uploads\/2013\/06\/862-04_04_sc_v2com.jpg?fit=1000%2C667&ssl=1",1000,667,true],"featured-thumb":["https:\/\/i0.wp.com\/www.joyana.fr\/wp-content\/uploads\/2013\/06\/862-04_04_sc_v2com.jpg?resize=1000%2C667&ssl=1",1000,667,true],"ab-block-post-grid-landscape":["https:\/\/i0.wp.com\/www.joyana.fr\/wp-content\/uploads\/2013\/06\/862-04_04_sc_v2com.jpg?resize=600%2C400&ssl=1",600,400,true],"ab-block-post-grid-square":["https:\/\/i0.wp.com\/www.joyana.fr\/wp-content\/uploads\/2013\/06\/862-04_04_sc_v2com.jpg?resize=600%2C600&ssl=1",600,600,true],"author-pro-image":["https:\/\/i0.wp.com\/www.joyana.fr\/wp-content\/uploads\/2013\/06\/862-04_04_sc_v2com.jpg?resize=360%2C570&ssl=1",360,570,true],"slider":["https:\/\/i0.wp.com\/www.joyana.fr\/wp-content\/uploads\/2013\/06\/862-04_04_sc_v2com.jpg?resize=920%2C400&ssl=1",920,400,true],"woocommerce_thumbnail":["https:\/\/i0.wp.com\/www.joyana.fr\/wp-content\/uploads\/2013\/06\/862-04_04_sc_v2com.jpg?resize=450%2C450&ssl=1",450,450,true],"woocommerce_single":["https:\/\/i0.wp.com\/www.joyana.fr\/wp-content\/uploads\/2013\/06\/862-04_04_sc_v2com.jpg?fit=920%2C614&ssl=1",920,614,true],"woocommerce_gallery_thumbnail":["https:\/\/i0.wp.com\/www.joyana.fr\/wp-content\/uploads\/2013\/06\/862-04_04_sc_v2com.jpg?resize=180%2C180&ssl=1",180,180,true],"sow-carousel-default":["https:\/\/i0.wp.com\/www.joyana.fr\/wp-content\/uploads\/2013\/06\/862-04_04_sc_v2com.jpg?resize=272%2C182&ssl=1",272,182,true]},"post_excerpt_stackable_v2":"<p>Direction le Canada pour d\u00e9couvrir un cuisiniste pas comme les autres,\u00a0\u00c0\u00a0HAUTEUR D&#8217;HOMME &#038;#821&hellip;<\/p>\n","category_list_v2":"<a href=\"https:\/\/www.joyana.fr\/ja\/category\/deco-design\/architecture-deco-design\/pays\/canada\/\" rel=\"category tag\">Canada<\/a>, <a href=\"https:\/\/www.joyana.fr\/ja\/category\/deco-design\/decoration\/cuisine\/\" rel=\"category tag\">Cuisine<\/a>, <a href=\"https:\/\/www.joyana.fr\/ja\/category\/deco-design\/\" rel=\"category tag\">DECO-DESIGN<\/a>, <a href=\"https:\/\/www.joyana.fr\/ja\/category\/deco-design\/mobilier\/mobilier-modulaire\/\" rel=\"category tag\">Mobilier modulaire<\/a>","author_info_v2":{"name":"Jo Yana","url":"https:\/\/www.joyana.fr\/ja\/author\/joyana\/"},"comments_num_v2":"3 comments","yoast_head":"<!-- This site is optimized with the Yoast SEO plugin v26.8 - https:\/\/yoast.com\/product\/yoast-seo-wordpress\/ -->\n<title>Mobilier de Cuisine design bois \u00c0 HAUTEUR D&#039;HOMME - JO YANA<\/title>\n<meta name=\"robots\" content=\"index, follow, max-snippet:-1, max-image-preview:large, max-video-preview:-1\" \/>\n<link rel=\"canonical\" href=\"https:\/\/www.joyana.fr\/ja\/mobilier-de-cuisine-a-hauteur-dhomme-bois-design-canada\/113386\/\" \/>\n<meta property=\"og:locale\" content=\"ja_JP\" \/>\n<meta property=\"og:locale:alternate\" content=\"fr_FR\" \/>\n<meta property=\"og:locale:alternate\" content=\"en_US\" \/>\n<meta property=\"og:type\" content=\"article\" \/>\n<meta property=\"og:title\" content=\"Mobilier de Cuisine design bois \u00c0 HAUTEUR D&#039;HOMME - JO YANA\" \/>\n<meta property=\"og:description\" content=\"Direction le Canada pour d\u00e9couvrir un cuisiniste pas comme les autres,\u00a0\u00c0\u00a0HAUTEUR D&#8217;HOMME &#8211; qui se [&hellip;]\" \/>\n<meta property=\"og:url\" content=\"https:\/\/www.joyana.fr\/ja\/mobilier-de-cuisine-a-hauteur-dhomme-bois-design-canada\/113386\/\" \/>\n<meta property=\"og:site_name\" content=\"JO YANA\" \/>\n<meta property=\"article:published_time\" content=\"2013-06-02T06:29:35+00:00\" \/>\n<meta property=\"og:image\" content=\"https:\/\/www.joyana.fr\/wp-content\/uploads\/2013\/06\/862-04_04_sc_v2com.jpg\" \/>\n\t<meta property=\"og:image:width\" content=\"1000\" \/>\n\t<meta property=\"og:image:height\" content=\"667\" \/>\n\t<meta property=\"og:image:type\" content=\"image\/jpeg\" \/>\n<meta name=\"author\" content=\"Jo Yana\" \/>\n<meta name=\"twitter:card\" content=\"summary_large_image\" \/>\n<meta name=\"twitter:creator\" content=\"@Jo_Yana\" \/>\n<meta name=\"twitter:site\" content=\"@Jo_Yana\" \/>\n<meta name=\"twitter:label1\" content=\"\u57f7\u7b46\u8005\" \/>\n\t<meta name=\"twitter:data1\" content=\"Jo Yana\" \/>\n\t<meta name=\"twitter:label2\" content=\"\u63a8\u5b9a\u8aad\u307f\u53d6\u308a\u6642\u9593\" \/>\n\t<meta name=\"twitter:data2\" content=\"1\u5206\" \/>\n<script type=\"application\/ld+json\" class=\"yoast-schema-graph\">{\"@context\":\"https:\/\/schema.org\",\"@graph\":[{\"@type\":\"Article\",\"@id\":\"https:\/\/www.joyana.fr\/mobilier-de-cuisine-a-hauteur-dhomme-bois-design-canada\/113386\/#article\",\"isPartOf\":{\"@id\":\"https:\/\/www.joyana.fr\/mobilier-de-cuisine-a-hauteur-dhomme-bois-design-canada\/113386\/\"},\"author\":{\"name\":\"Jo Yana\",\"@id\":\"https:\/\/joyana.fr\/#\/schema\/person\/cf2a1ad12a27c12c21801075bf37407c\"},\"headline\":\"Mobilier de Cuisine design bois \u00c0 HAUTEUR D&#8217;HOMME\",\"datePublished\":\"2013-06-02T06:29:35+00:00\",\"mainEntityOfPage\":{\"@id\":\"https:\/\/www.joyana.fr\/mobilier-de-cuisine-a-hauteur-dhomme-bois-design-canada\/113386\/\"},\"wordCount\":198,\"commentCount\":1,\"publisher\":{\"@id\":\"https:\/\/joyana.fr\/#\/schema\/person\/cf2a1ad12a27c12c21801075bf37407c\"},\"image\":{\"@id\":\"https:\/\/www.joyana.fr\/mobilier-de-cuisine-a-hauteur-dhomme-bois-design-canada\/113386\/#primaryimage\"},\"thumbnailUrl\":\"https:\/\/i0.wp.com\/www.joyana.fr\/wp-content\/uploads\/2013\/06\/862-04_04_sc_v2com.jpg?fit=1000%2C667&ssl=1\",\"keywords\":[\"\u00c0 HAUTEUR D'HOMME\",\"Bois\",\"Canada\",\"Cuisine\",\"DESIGN\",\"Sur Mesure\"],\"articleSection\":[\"Canada\",\"Cuisine\",\"DECO-DESIGN\",\"Mobilier modulaire\"],\"inLanguage\":\"ja\",\"potentialAction\":[{\"@type\":\"CommentAction\",\"name\":\"Comment\",\"target\":[\"https:\/\/www.joyana.fr\/mobilier-de-cuisine-a-hauteur-dhomme-bois-design-canada\/113386\/#respond\"]}]},{\"@type\":\"WebPage\",\"@id\":\"https:\/\/www.joyana.fr\/mobilier-de-cuisine-a-hauteur-dhomme-bois-design-canada\/113386\/\",\"url\":\"https:\/\/www.joyana.fr\/mobilier-de-cuisine-a-hauteur-dhomme-bois-design-canada\/113386\/\",\"name\":\"Mobilier de Cuisine design bois \u00c0 HAUTEUR D'HOMME - JO YANA\",\"isPartOf\":{\"@id\":\"https:\/\/joyana.fr\/#website\"},\"primaryImageOfPage\":{\"@id\":\"https:\/\/www.joyana.fr\/mobilier-de-cuisine-a-hauteur-dhomme-bois-design-canada\/113386\/#primaryimage\"},\"image\":{\"@id\":\"https:\/\/www.joyana.fr\/mobilier-de-cuisine-a-hauteur-dhomme-bois-design-canada\/113386\/#primaryimage\"},\"thumbnailUrl\":\"https:\/\/i0.wp.com\/www.joyana.fr\/wp-content\/uploads\/2013\/06\/862-04_04_sc_v2com.jpg?fit=1000%2C667&ssl=1\",\"datePublished\":\"2013-06-02T06:29:35+00:00\",\"breadcrumb\":{\"@id\":\"https:\/\/www.joyana.fr\/mobilier-de-cuisine-a-hauteur-dhomme-bois-design-canada\/113386\/#breadcrumb\"},\"inLanguage\":\"ja\",\"potentialAction\":[{\"@type\":\"ReadAction\",\"target\":[\"https:\/\/www.joyana.fr\/mobilier-de-cuisine-a-hauteur-dhomme-bois-design-canada\/113386\/\"]}]},{\"@type\":\"ImageObject\",\"inLanguage\":\"ja\",\"@id\":\"https:\/\/www.joyana.fr\/mobilier-de-cuisine-a-hauteur-dhomme-bois-design-canada\/113386\/#primaryimage\",\"url\":\"https:\/\/i0.wp.com\/www.joyana.fr\/wp-content\/uploads\/2013\/06\/862-04_04_sc_v2com.jpg?fit=1000%2C667&ssl=1\",\"contentUrl\":\"https:\/\/i0.wp.com\/www.joyana.fr\/wp-content\/uploads\/2013\/06\/862-04_04_sc_v2com.jpg?fit=1000%2C667&ssl=1\",\"width\":1000,\"height\":667},{\"@type\":\"BreadcrumbList\",\"@id\":\"https:\/\/www.joyana.fr\/mobilier-de-cuisine-a-hauteur-dhomme-bois-design-canada\/113386\/#breadcrumb\",\"itemListElement\":[{\"@type\":\"ListItem\",\"position\":1,\"name\":\"Accueil\",\"item\":\"https:\/\/joyana.fr\/\"},{\"@type\":\"ListItem\",\"position\":2,\"name\":\"Mobilier de Cuisine design bois \u00c0 HAUTEUR D&rsquo;HOMME\"}]},{\"@type\":\"WebSite\",\"@id\":\"https:\/\/joyana.fr\/#website\",\"url\":\"https:\/\/joyana.fr\/\",\"name\":\"JO YANA\",\"description\":\"Blog Mode Homme, Lifestyle, D\u00e9co-Design\",\"publisher\":{\"@id\":\"https:\/\/joyana.fr\/#\/schema\/person\/cf2a1ad12a27c12c21801075bf37407c\"},\"potentialAction\":[{\"@type\":\"SearchAction\",\"target\":{\"@type\":\"EntryPoint\",\"urlTemplate\":\"https:\/\/joyana.fr\/?s={search_term_string}\"},\"query-input\":{\"@type\":\"PropertyValueSpecification\",\"valueRequired\":true,\"valueName\":\"search_term_string\"}}],\"inLanguage\":\"ja\"},{\"@type\":[\"Person\",\"Organization\"],\"@id\":\"https:\/\/joyana.fr\/#\/schema\/person\/cf2a1ad12a27c12c21801075bf37407c\",\"name\":\"Jo Yana\",\"image\":{\"@type\":\"ImageObject\",\"inLanguage\":\"ja\",\"@id\":\"https:\/\/joyana.fr\/#\/schema\/person\/image\/\",\"url\":\"https:\/\/i0.wp.com\/www.joyana.fr\/wp-content\/uploads\/2016\/08\/cropped-joyana-logo-black-360x180.png?fit=343%2C164&ssl=1\",\"contentUrl\":\"https:\/\/i0.wp.com\/www.joyana.fr\/wp-content\/uploads\/2016\/08\/cropped-joyana-logo-black-360x180.png?fit=343%2C164&ssl=1\",\"width\":343,\"height\":164,\"caption\":\"Jo Yana\"},\"logo\":{\"@id\":\"https:\/\/joyana.fr\/#\/schema\/person\/image\/\"},\"description\":\"Jo Yana est le cr\u00e9ateur et r\u00e9dacteur en chef des sites DECO-DESIGN. Passionn\u00e9 de Design, Mode, Photo, Luxe, Lifestyle, Musique, mais avant tout Blogueur ! Le plaisir de partager l'anime et a comme devise \\\"POUR L'AMOUR DU BEAU\\\". Retrouvez le aussi sur son blog personnel - https:\/\/joyana.fr...\",\"sameAs\":[\"https:\/\/joyana.fr\/\"],\"url\":\"https:\/\/www.joyana.fr\/ja\/author\/joyana\/\"}]}<\/script>\n<!-- \/ Yoast SEO plugin. -->","yoast_head_json":{"title":"Mobilier de Cuisine design bois \u00c0 HAUTEUR D'HOMME - JO YANA","robots":{"index":"index","follow":"follow","max-snippet":"max-snippet:-1","max-image-preview":"max-image-preview:large","max-video-preview":"max-video-preview:-1"},"canonical":"https:\/\/www.joyana.fr\/ja\/mobilier-de-cuisine-a-hauteur-dhomme-bois-design-canada\/113386\/","og_locale":"ja_JP","og_type":"article","og_title":"Mobilier de Cuisine design bois \u00c0 HAUTEUR D'HOMME - JO YANA","og_description":"Direction le Canada pour d\u00e9couvrir un cuisiniste pas comme les autres,\u00a0\u00c0\u00a0HAUTEUR D&#8217;HOMME &#8211; qui se [&hellip;]","og_url":"https:\/\/www.joyana.fr\/ja\/mobilier-de-cuisine-a-hauteur-dhomme-bois-design-canada\/113386\/","og_site_name":"JO YANA","article_published_time":"2013-06-02T06:29:35+00:00","og_image":[{"width":1000,"height":667,"url":"https:\/\/www.joyana.fr\/wp-content\/uploads\/2013\/06\/862-04_04_sc_v2com.jpg","type":"image\/jpeg"}],"author":"Jo Yana","twitter_card":"summary_large_image","twitter_creator":"@Jo_Yana","twitter_site":"@Jo_Yana","twitter_misc":{"\u57f7\u7b46\u8005":"Jo Yana","\u63a8\u5b9a\u8aad\u307f\u53d6\u308a\u6642\u9593":"1\u5206"},"schema":{"@context":"https:\/\/schema.org","@graph":[{"@type":"Article","@id":"https:\/\/www.joyana.fr\/mobilier-de-cuisine-a-hauteur-dhomme-bois-design-canada\/113386\/#article","isPartOf":{"@id":"https:\/\/www.joyana.fr\/mobilier-de-cuisine-a-hauteur-dhomme-bois-design-canada\/113386\/"},"author":{"name":"Jo Yana","@id":"https:\/\/joyana.fr\/#\/schema\/person\/cf2a1ad12a27c12c21801075bf37407c"},"headline":"Mobilier de Cuisine design bois \u00c0 HAUTEUR D&#8217;HOMME","datePublished":"2013-06-02T06:29:35+00:00","mainEntityOfPage":{"@id":"https:\/\/www.joyana.fr\/mobilier-de-cuisine-a-hauteur-dhomme-bois-design-canada\/113386\/"},"wordCount":198,"commentCount":1,"publisher":{"@id":"https:\/\/joyana.fr\/#\/schema\/person\/cf2a1ad12a27c12c21801075bf37407c"},"image":{"@id":"https:\/\/www.joyana.fr\/mobilier-de-cuisine-a-hauteur-dhomme-bois-design-canada\/113386\/#primaryimage"},"thumbnailUrl":"https:\/\/i0.wp.com\/www.joyana.fr\/wp-content\/uploads\/2013\/06\/862-04_04_sc_v2com.jpg?fit=1000%2C667&ssl=1","keywords":["\u00c0 HAUTEUR D'HOMME","Bois","Canada","Cuisine","DESIGN","Sur Mesure"],"articleSection":["Canada","Cuisine","DECO-DESIGN","Mobilier modulaire"],"inLanguage":"ja","potentialAction":[{"@type":"CommentAction","name":"Comment","target":["https:\/\/www.joyana.fr\/mobilier-de-cuisine-a-hauteur-dhomme-bois-design-canada\/113386\/#respond"]}]},{"@type":"WebPage","@id":"https:\/\/www.joyana.fr\/mobilier-de-cuisine-a-hauteur-dhomme-bois-design-canada\/113386\/","url":"https:\/\/www.joyana.fr\/mobilier-de-cuisine-a-hauteur-dhomme-bois-design-canada\/113386\/","name":"Mobilier de Cuisine design bois \u00c0 HAUTEUR D'HOMME - JO YANA","isPartOf":{"@id":"https:\/\/joyana.fr\/#website"},"primaryImageOfPage":{"@id":"https:\/\/www.joyana.fr\/mobilier-de-cuisine-a-hauteur-dhomme-bois-design-canada\/113386\/#primaryimage"},"image":{"@id":"https:\/\/www.joyana.fr\/mobilier-de-cuisine-a-hauteur-dhomme-bois-design-canada\/113386\/#primaryimage"},"thumbnailUrl":"https:\/\/i0.wp.com\/www.joyana.fr\/wp-content\/uploads\/2013\/06\/862-04_04_sc_v2com.jpg?fit=1000%2C667&ssl=1","datePublished":"2013-06-02T06:29:35+00:00","breadcrumb":{"@id":"https:\/\/www.joyana.fr\/mobilier-de-cuisine-a-hauteur-dhomme-bois-design-canada\/113386\/#breadcrumb"},"inLanguage":"ja","potentialAction":[{"@type":"ReadAction","target":["https:\/\/www.joyana.fr\/mobilier-de-cuisine-a-hauteur-dhomme-bois-design-canada\/113386\/"]}]},{"@type":"ImageObject","inLanguage":"ja","@id":"https:\/\/www.joyana.fr\/mobilier-de-cuisine-a-hauteur-dhomme-bois-design-canada\/113386\/#primaryimage","url":"https:\/\/i0.wp.com\/www.joyana.fr\/wp-content\/uploads\/2013\/06\/862-04_04_sc_v2com.jpg?fit=1000%2C667&ssl=1","contentUrl":"https:\/\/i0.wp.com\/www.joyana.fr\/wp-content\/uploads\/2013\/06\/862-04_04_sc_v2com.jpg?fit=1000%2C667&ssl=1","width":1000,"height":667},{"@type":"BreadcrumbList","@id":"https:\/\/www.joyana.fr\/mobilier-de-cuisine-a-hauteur-dhomme-bois-design-canada\/113386\/#breadcrumb","itemListElement":[{"@type":"ListItem","position":1,"name":"Accueil","item":"https:\/\/joyana.fr\/"},{"@type":"ListItem","position":2,"name":"Mobilier de Cuisine design bois \u00c0 HAUTEUR D&rsquo;HOMME"}]},{"@type":"WebSite","@id":"https:\/\/joyana.fr\/#website","url":"https:\/\/joyana.fr\/","name":"JO YANA","description":"Blog Mode Homme, Lifestyle, D\u00e9co-Design","publisher":{"@id":"https:\/\/joyana.fr\/#\/schema\/person\/cf2a1ad12a27c12c21801075bf37407c"},"potentialAction":[{"@type":"SearchAction","target":{"@type":"EntryPoint","urlTemplate":"https:\/\/joyana.fr\/?s={search_term_string}"},"query-input":{"@type":"PropertyValueSpecification","valueRequired":true,"valueName":"search_term_string"}}],"inLanguage":"ja"},{"@type":["Person","Organization"],"@id":"https:\/\/joyana.fr\/#\/schema\/person\/cf2a1ad12a27c12c21801075bf37407c","name":"Jo Yana","image":{"@type":"ImageObject","inLanguage":"ja","@id":"https:\/\/joyana.fr\/#\/schema\/person\/image\/","url":"https:\/\/i0.wp.com\/www.joyana.fr\/wp-content\/uploads\/2016\/08\/cropped-joyana-logo-black-360x180.png?fit=343%2C164&ssl=1","contentUrl":"https:\/\/i0.wp.com\/www.joyana.fr\/wp-content\/uploads\/2016\/08\/cropped-joyana-logo-black-360x180.png?fit=343%2C164&ssl=1","width":343,"height":164,"caption":"Jo Yana"},"logo":{"@id":"https:\/\/joyana.fr\/#\/schema\/person\/image\/"},"description":"Jo Yana est le cr\u00e9ateur et r\u00e9dacteur en chef des sites DECO-DESIGN. Passionn\u00e9 de Design, Mode, Photo, Luxe, Lifestyle, Musique, mais avant tout Blogueur ! Le plaisir de partager l'anime et a comme devise \"POUR L'AMOUR DU BEAU\". Retrouvez le aussi sur son blog personnel - https:\/\/joyana.fr...","sameAs":["https:\/\/joyana.fr\/"],"url":"https:\/\/www.joyana.fr\/ja\/author\/joyana\/"}]}},"author_meta":{"display_name":"Jo Yana","author_link":"https:\/\/www.joyana.fr\/ja\/author\/joyana\/"},"featured_img":"https:\/\/i0.wp.com\/www.joyana.fr\/wp-content\/uploads\/2013\/06\/862-04_04_sc_v2com.jpg?fit=389%2C259&ssl=1","featured_image_src":"https:\/\/i0.wp.com\/www.joyana.fr\/wp-content\/uploads\/2013\/06\/862-04_04_sc_v2com.jpg?resize=600%2C400&ssl=1","featured_image_src_square":"https:\/\/i0.wp.com\/www.joyana.fr\/wp-content\/uploads\/2013\/06\/862-04_04_sc_v2com.jpg?resize=600%2C600&ssl=1","jetpack_featured_media_url":"https:\/\/i0.wp.com\/www.joyana.fr\/wp-content\/uploads\/2013\/06\/862-04_04_sc_v2com.jpg?fit=1000%2C667&ssl=1","uagb_featured_image_src":{"full":["https:\/\/i0.wp.com\/www.joyana.fr\/wp-content\/uploads\/2013\/06\/862-04_04_sc_v2com.jpg?fit=1000%2C667&ssl=1",1000,667,false],"thumbnail":["https:\/\/i0.wp.com\/www.joyana.fr\/wp-content\/uploads\/2013\/06\/862-04_04_sc_v2com.jpg?resize=150%2C150&ssl=1",150,150,true],"medium":["https:\/\/i0.wp.com\/www.joyana.fr\/wp-content\/uploads\/2013\/06\/862-04_04_sc_v2com.jpg?fit=389%2C259&ssl=1",389,259,true],"medium_large":["https:\/\/i0.wp.com\/www.joyana.fr\/wp-content\/uploads\/2013\/06\/862-04_04_sc_v2com.jpg?fit=768%2C512&ssl=1",768,512,true],"large":["https:\/\/i0.wp.com\/www.joyana.fr\/wp-content\/uploads\/2013\/06\/862-04_04_sc_v2com.jpg?fit=1000%2C667&ssl=1",1000,667,true],"1536x1536":["https:\/\/i0.wp.com\/www.joyana.fr\/wp-content\/uploads\/2013\/06\/862-04_04_sc_v2com.jpg?fit=1000%2C667&ssl=1",1000,667,true],"2048x2048":["https:\/\/i0.wp.com\/www.joyana.fr\/wp-content\/uploads\/2013\/06\/862-04_04_sc_v2com.jpg?fit=1000%2C667&ssl=1",1000,667,true],"featured-thumb":["https:\/\/i0.wp.com\/www.joyana.fr\/wp-content\/uploads\/2013\/06\/862-04_04_sc_v2com.jpg?resize=1000%2C667&ssl=1",1000,667,true],"ab-block-post-grid-landscape":["https:\/\/i0.wp.com\/www.joyana.fr\/wp-content\/uploads\/2013\/06\/862-04_04_sc_v2com.jpg?resize=600%2C400&ssl=1",600,400,true],"ab-block-post-grid-square":["https:\/\/i0.wp.com\/www.joyana.fr\/wp-content\/uploads\/2013\/06\/862-04_04_sc_v2com.jpg?resize=600%2C600&ssl=1",600,600,true],"author-pro-image":["https:\/\/i0.wp.com\/www.joyana.fr\/wp-content\/uploads\/2013\/06\/862-04_04_sc_v2com.jpg?resize=360%2C570&ssl=1",360,570,true],"slider":["https:\/\/i0.wp.com\/www.joyana.fr\/wp-content\/uploads\/2013\/06\/862-04_04_sc_v2com.jpg?resize=920%2C400&ssl=1",920,400,true],"woocommerce_thumbnail":["https:\/\/i0.wp.com\/www.joyana.fr\/wp-content\/uploads\/2013\/06\/862-04_04_sc_v2com.jpg?resize=450%2C450&ssl=1",450,450,true],"woocommerce_single":["https:\/\/i0.wp.com\/www.joyana.fr\/wp-content\/uploads\/2013\/06\/862-04_04_sc_v2com.jpg?fit=920%2C614&ssl=1",920,614,true],"woocommerce_gallery_thumbnail":["https:\/\/i0.wp.com\/www.joyana.fr\/wp-content\/uploads\/2013\/06\/862-04_04_sc_v2com.jpg?resize=180%2C180&ssl=1",180,180,true],"sow-carousel-default":["https:\/\/i0.wp.com\/www.joyana.fr\/wp-content\/uploads\/2013\/06\/862-04_04_sc_v2com.jpg?resize=272%2C182&ssl=1",272,182,true]},"uagb_author_info":{"display_name":"Jo Yana","author_link":"https:\/\/www.joyana.fr\/ja\/author\/joyana\/"},"uagb_comment_info":3,"uagb_excerpt":"Direction le Canada pour d\u00e9couvrir un cuisiniste pas co&hellip;","coauthors":[],"tax_additional":{"categories":{"linked":["<a href=\"https:\/\/www.joyana.fr\/ja\/category\/deco-design\/architecture-deco-design\/pays\/canada\/\" class=\"advgb-post-tax-term\">Canada<\/a>","<a href=\"https:\/\/www.joyana.fr\/ja\/category\/deco-design\/decoration\/cuisine\/\" class=\"advgb-post-tax-term\">Cuisine<\/a>","<a href=\"https:\/\/www.joyana.fr\/ja\/category\/deco-design\/\" class=\"advgb-post-tax-term\">DECO-DESIGN<\/a>","<a href=\"https:\/\/www.joyana.fr\/ja\/category\/deco-design\/mobilier\/mobilier-modulaire\/\" class=\"advgb-post-tax-term\">Mobilier modulaire<\/a>"],"unlinked":["<span class=\"advgb-post-tax-term\">Canada<\/span>","<span class=\"advgb-post-tax-term\">Cuisine<\/span>","<span class=\"advgb-post-tax-term\">DECO-DESIGN<\/span>","<span class=\"advgb-post-tax-term\">Mobilier modulaire<\/span>"]},"tags":{"linked":["<a href=\"https:\/\/www.joyana.fr\/ja\/category\/deco-design\/mobilier\/mobilier-modulaire\/\" class=\"advgb-post-tax-term\">\u00c0 HAUTEUR D&#039;HOMME<\/a>","<a href=\"https:\/\/www.joyana.fr\/ja\/category\/deco-design\/mobilier\/mobilier-modulaire\/\" class=\"advgb-post-tax-term\">Bois<\/a>","<a href=\"https:\/\/www.joyana.fr\/ja\/category\/deco-design\/mobilier\/mobilier-modulaire\/\" class=\"advgb-post-tax-term\">Canada<\/a>","<a href=\"https:\/\/www.joyana.fr\/ja\/category\/deco-design\/mobilier\/mobilier-modulaire\/\" class=\"advgb-post-tax-term\">Cuisine<\/a>","<a href=\"https:\/\/www.joyana.fr\/ja\/category\/deco-design\/mobilier\/mobilier-modulaire\/\" class=\"advgb-post-tax-term\">DESIGN<\/a>","<a href=\"https:\/\/www.joyana.fr\/ja\/category\/deco-design\/mobilier\/mobilier-modulaire\/\" class=\"advgb-post-tax-term\">Sur Mesure<\/a>"],"unlinked":["<span class=\"advgb-post-tax-term\">\u00c0 HAUTEUR D&#039;HOMME<\/span>","<span class=\"advgb-post-tax-term\">Bois<\/span>","<span class=\"advgb-post-tax-term\">Canada<\/span>","<span class=\"advgb-post-tax-term\">Cuisine<\/span>","<span class=\"advgb-post-tax-term\">DESIGN<\/span>","<span class=\"advgb-post-tax-term\">Sur Mesure<\/span>"]}},"comment_count":3,"relative_dates":{"created":"Posted 13\u5e74 ago","modified":"Updated 13\u5e74 ago"},"absolute_dates":{"created":"Posted on 2 6\u6708 2013","modified":"Updated on 2 6\u6708 2013"},"absolute_dates_time":{"created":"Posted on 2 6\u6708 2013 7:29","modified":"Updated on 2 6\u6708 2013 7:29"},"featured_img_caption":"","series_order":"","jetpack_sharing_enabled":true,"jetpack_shortlink":"https:\/\/wp.me\/p9bteI-tuO","jetpack-related-posts":[],"_links":{"self":[{"href":"https:\/\/www.joyana.fr\/ja\/wp-json\/wp\/v2\/posts\/113386","targetHints":{"allow":["GET"]}}],"collection":[{"href":"https:\/\/www.joyana.fr\/ja\/wp-json\/wp\/v2\/posts"}],"about":[{"href":"https:\/\/www.joyana.fr\/ja\/wp-json\/wp\/v2\/types\/post"}],"author":[{"embeddable":true,"href":"https:\/\/www.joyana.fr\/ja\/wp-json\/wp\/v2\/users\/3"}],"replies":[{"embeddable":true,"href":"https:\/\/www.joyana.fr\/ja\/wp-json\/wp\/v2\/comments?post=113386"}],"version-history":[{"count":0,"href":"https:\/\/www.joyana.fr\/ja\/wp-json\/wp\/v2\/posts\/113386\/revisions"}],"wp:featuredmedia":[{"embeddable":true,"href":"https:\/\/www.joyana.fr\/ja\/wp-json\/wp\/v2\/media\/113390"}],"wp:attachment":[{"href":"https:\/\/www.joyana.fr\/ja\/wp-json\/wp\/v2\/media?parent=113386"}],"wp:term":[{"taxonomy":"category","embeddable":true,"href":"https:\/\/www.joyana.fr\/ja\/wp-json\/wp\/v2\/categories?post=113386"},{"taxonomy":"post_tag","embeddable":true,"href":"https:\/\/www.joyana.fr\/ja\/wp-json\/wp\/v2\/tags?post=113386"}],"curies":[{"name":"wp","href":"https:\/\/api.w.org\/{rel}","templated":true}]}}