{"id":113139,"date":"2013-04-30T18:23:24","date_gmt":"2013-04-30T17:23:24","guid":{"rendered":"https:\/\/joyana.fr\/?p=13139"},"modified":"2013-04-30T18:23:24","modified_gmt":"2013-04-30T17:23:24","slug":"exhibition-momentane-par-erwan-ronan-bouroullec-les-arts-decoratifs-paris%e2%80%8f","status":"publish","type":"post","link":"https:\/\/www.joyana.fr\/ja\/exhibition-momentane-par-erwan-ronan-bouroullec-les-arts-decoratifs-paris%e2%80%8f\/113139\/","title":{"rendered":"Exhibition MOMENTAN\u00c9 par Erwan &#038; Ronan BOUROULLEC, Les Arts D\u00e9coratifs, Paris\u200f"},"content":{"rendered":"<p>Depuis le 26 Avril 2013, l&#8217;<strong>exhibition MOMENTAN\u00c9<\/strong> &#8211; par <a title=\"Ronan et Erwan BOUROULLEC\" href=\"https:\/\/joyana.fr\/category\/designer\/ronan-erwan-bouroullec\/\" target=\"_blank\"><strong>les fr\u00e8res Bouroullec<\/strong><\/a> &#8211; est d\u00e9sormais ouverte aux <strong>Arts D\u00e9coratifs de Paris.<\/strong>\u00a0Deco-Design vous fait d\u00e9couvrir les premi\u00e8res images&#8230;<\/p>\n<p><img data-recalc-dims=\"1\" fetchpriority=\"high\" decoding=\"async\" class=\"alignnone size-large wp-image-13141\" alt=\"Exhibition MOMENTANE par Erwan &#038; Ronan BOUROULLEC, Les Arts D\u00e9coratifs, Paris\u200f\" src=\"https:\/\/i0.wp.com\/joyana.fr\/wp-content\/uploads\/2013\/04\/Capture-d%E2%80%99%C3%A9cran-2013-04-30-%C3%A0-18.48.51-576x708.jpg?resize=576%2C708&#038;ssl=1\" width=\"576\" height=\"708\" \/><\/p>\n<p>Cette <strong>exposition MOMENTAN\u00c9<\/strong> &#8211; st\u00e9nographi\u00e9e dans la nef des Arts D\u00e9coratifs \u00e0 Paris &#8211; retrace pr\u00e8s de quinze ans de collaboration sur huit cent m\u00e8tres carr\u00e9s et s&#8217;articule autour d&#8217;un vaste espace central, dans lequel <strong>Ronan et Erwan Bouroullec<\/strong> ont imagin\u00e9 une architecture textile gigantesque.<\/p>\n<p><img data-recalc-dims=\"1\" decoding=\"async\" class=\"alignnone size-large wp-image-13142\" alt=\"Exhibition MOMENTANE par Erwan &#038; Ronan BOUROULLEC, Les Arts D\u00e9coratifs, Paris\u200f\" src=\"https:\/\/i0.wp.com\/joyana.fr\/wp-content\/uploads\/2013\/04\/Capture-d%E2%80%99%C3%A9cran-2013-04-30-%C3%A0-18.49.02-576x354.jpg?resize=576%2C354&#038;ssl=1\" width=\"576\" height=\"354\" \/><\/p>\n<p><img data-recalc-dims=\"1\" decoding=\"async\" class=\"alignnone size-large wp-image-13143\" alt=\"Exhibition MOMENTANE par Erwan &#038; Ronan BOUROULLEC, Les Arts D\u00e9coratifs, Paris\u200f\" src=\"https:\/\/i0.wp.com\/joyana.fr\/wp-content\/uploads\/2013\/04\/Capture-d%E2%80%99%C3%A9cran-2013-04-30-%C3%A0-18.49.27-576x352.jpg?resize=576%2C352&#038;ssl=1\" width=\"576\" height=\"352\" \/><\/p>\n<p><img data-recalc-dims=\"1\" loading=\"lazy\" decoding=\"async\" class=\"alignnone size-large wp-image-13144\" alt=\"Exhibition MOMENTANE par Erwan &#038; Ronan BOUROULLEC, Les Arts D\u00e9coratifs, Paris\u200f\" src=\"https:\/\/i0.wp.com\/joyana.fr\/wp-content\/uploads\/2013\/04\/Capture-d%E2%80%99%C3%A9cran-2013-04-30-%C3%A0-18.49.47-576x731.jpg?resize=576%2C731&#038;ssl=1\" width=\"576\" height=\"731\" \/><\/p>\n<p>C&#8217;est sous cette voute textile que sont dispos\u00e9s les diff\u00e9rents travaux sur les parois (Algues, North Tiles, Twigs, Clouds). L&#8217;un des bas-c\u00f4t\u00e9s de la nef pr\u00e9sente une installation plus intimiste d&#8217;une centaine d&#8217;objets et de meubles organis\u00e9e par s\u00e9quence et associ\u00e9e \u00e0 un grand nombre de maquettes originales.<\/p>\n<p><img data-recalc-dims=\"1\" loading=\"lazy\" decoding=\"async\" class=\"alignnone size-large wp-image-13145\" alt=\"Exhibition MOMENTANE par Erwan &#038; Ronan BOUROULLEC, Les Arts D\u00e9coratifs, Paris\u200f\" src=\"https:\/\/i0.wp.com\/joyana.fr\/wp-content\/uploads\/2013\/04\/Capture-d%E2%80%99%C3%A9cran-2013-04-30-%C3%A0-18.50.10-576x707.jpg?resize=576%2C707&#038;ssl=1\" width=\"576\" height=\"707\" \/><\/p>\n<p><img data-recalc-dims=\"1\" loading=\"lazy\" decoding=\"async\" class=\"alignnone size-large wp-image-13146\" alt=\"Exhibition MOMENTANE par Erwan &#038; Ronan BOUROULLEC, Les Arts D\u00e9coratifs, Paris\u200f\" src=\"https:\/\/i0.wp.com\/joyana.fr\/wp-content\/uploads\/2013\/04\/Capture-d%E2%80%99%C3%A9cran-2013-04-30-%C3%A0-18.50.21-576x630.jpg?resize=576%2C630&#038;ssl=1\" width=\"576\" height=\"630\" \/><\/p>\n<p><img data-recalc-dims=\"1\" loading=\"lazy\" decoding=\"async\" class=\"alignnone size-large wp-image-13147\" alt=\"Exhibition MOMENTANE par Erwan &#038; Ronan BOUROULLEC, Les Arts D\u00e9coratifs, Paris\u200f\" src=\"https:\/\/i0.wp.com\/joyana.fr\/wp-content\/uploads\/2013\/04\/Capture-d%E2%80%99%C3%A9cran-2013-04-30-%C3%A0-18.50.46-576x671.jpg?resize=576%2C671&#038;ssl=1\" width=\"576\" height=\"671\" \/><\/p>\n<p><img data-recalc-dims=\"1\" loading=\"lazy\" decoding=\"async\" class=\"alignnone size-large wp-image-13148\" alt=\"Exhibition MOMENTANE par Erwan &#038; Ronan BOUROULLEC, Les Arts D\u00e9coratifs, Paris\u200f\" src=\"https:\/\/i0.wp.com\/joyana.fr\/wp-content\/uploads\/2013\/04\/Capture-d%E2%80%99%C3%A9cran-2013-04-30-%C3%A0-18.50.57-576x353.jpg?resize=576%2C353&#038;ssl=1\" width=\"576\" height=\"353\" \/> <img data-recalc-dims=\"1\" loading=\"lazy\" decoding=\"async\" class=\"alignnone size-large wp-image-13149\" alt=\"Exhibition MOMENTANE par Erwan &#038; Ronan BOUROULLEC, Les Arts D\u00e9coratifs, Paris\u200f\" src=\"https:\/\/i0.wp.com\/joyana.fr\/wp-content\/uploads\/2013\/04\/Capture-d%E2%80%99%C3%A9cran-2013-04-30-%C3%A0-18.51.07-576x345.jpg?resize=576%2C345&#038;ssl=1\" width=\"576\" height=\"345\" \/><\/p>\n<p>L&#8217;autre c\u00f4t\u00e9, celui donnant sur le Jardin des Tuileries, est d\u00e9di\u00e9 \u00e0 la r\u00e9flexion des fr\u00e8res Bouroullec autour des syst\u00e8mes de bureaux et du mobilier de travail et \u00e0 ce titre, sont pr\u00e9sent\u00e9s la collection dessin\u00e9e pour l&#8217;universit\u00e9 de Copenhague ainsi que les projets de bureau dont notamment Joyn et certains plus r\u00e9cents WorkBay et CorkTable.<\/p>\n<p><img data-recalc-dims=\"1\" loading=\"lazy\" decoding=\"async\" class=\"alignnone size-large wp-image-13150\" alt=\"Exhibition MOMENTANE par Erwan &#038; Ronan BOUROULLEC, Les Arts D\u00e9coratifs, Paris\u200f\" src=\"https:\/\/i0.wp.com\/joyana.fr\/wp-content\/uploads\/2013\/04\/Capture-d%E2%80%99%C3%A9cran-2013-04-30-%C3%A0-18.51.18-576x324.jpg?resize=576%2C324&#038;ssl=1\" width=\"576\" height=\"324\" \/><\/p>\n<p><img data-recalc-dims=\"1\" loading=\"lazy\" decoding=\"async\" class=\"alignnone size-large wp-image-13151\" alt=\"Exhibition MOMENTANE par Erwan &#038; Ronan BOUROULLEC, Les Arts D\u00e9coratifs, Paris\u200f\" src=\"https:\/\/i0.wp.com\/joyana.fr\/wp-content\/uploads\/2013\/04\/Capture-d%E2%80%99%C3%A9cran-2013-04-30-%C3%A0-18.51.37-576x345.jpg?resize=576%2C345&#038;ssl=1\" width=\"576\" height=\"345\" \/><\/p>\n<p><img data-recalc-dims=\"1\" loading=\"lazy\" decoding=\"async\" class=\"alignnone size-large wp-image-13152\" alt=\"Exhibition MOMENTANE par Erwan &#038; Ronan BOUROULLEC, Les Arts D\u00e9coratifs, Paris\u200f\" src=\"https:\/\/i0.wp.com\/joyana.fr\/wp-content\/uploads\/2013\/04\/Capture-d%E2%80%99%C3%A9cran-2013-04-30-%C3%A0-18.51.49-576x345.jpg?resize=576%2C345&#038;ssl=1\" width=\"576\" height=\"345\" \/><\/p>\n<p><img data-recalc-dims=\"1\" loading=\"lazy\" decoding=\"async\" class=\"alignnone size-large wp-image-13153\" alt=\"Exhibition MOMENTANE par Erwan &#038; Ronan BOUROULLEC, Les Arts D\u00e9coratifs, Paris\u200f\" src=\"https:\/\/i0.wp.com\/joyana.fr\/wp-content\/uploads\/2013\/04\/Capture-d%E2%80%99%C3%A9cran-2013-04-30-%C3%A0-18.51.58-576x344.jpg?resize=576%2C344&#038;ssl=1\" width=\"576\" height=\"344\" \/><\/p>\n<p><img data-recalc-dims=\"1\" loading=\"lazy\" decoding=\"async\" class=\"alignnone size-large wp-image-13154\" alt=\"Exhibition MOMENTANE par Erwan &#038; Ronan BOUROULLEC, Les Arts D\u00e9coratifs, Paris\u200f\" src=\"https:\/\/i0.wp.com\/joyana.fr\/wp-content\/uploads\/2013\/04\/Capture-d%E2%80%99%C3%A9cran-2013-04-30-%C3%A0-18.52.07-576x329.jpg?resize=576%2C329&#038;ssl=1\" width=\"576\" height=\"329\" \/><\/p>\n<p><img data-recalc-dims=\"1\" loading=\"lazy\" decoding=\"async\" class=\"alignnone size-large wp-image-13155\" alt=\"Exhibition MOMENTANE par Erwan &#038; Ronan BOUROULLEC, Les Arts D\u00e9coratifs, Paris\u200f\" src=\"https:\/\/i0.wp.com\/joyana.fr\/wp-content\/uploads\/2013\/04\/Capture-d%E2%80%99%C3%A9cran-2013-04-30-%C3%A0-18.52.21-576x762.jpg?resize=576%2C762&#038;ssl=1\" width=\"576\" height=\"762\" \/><\/p>\n<p>l&#8217;<strong>exhibition MOMENTAN\u00c9<\/strong> par <strong>Erwan &#038; Ronan BOUROULLEC<\/strong>, aux <strong>Arts D\u00e9coratifs<\/strong> \u200fpropose d&#8217;aborder toutes les facettes du travail des designers; c&#8217;est ainsi l&#8217;occasion de montrer des maquettes de recherche mais aussi pr\u00e8s de 300 dessins, des films et des photographies&#8230;<\/p>\n<p><img data-recalc-dims=\"1\" loading=\"lazy\" decoding=\"async\" class=\"alignnone size-large wp-image-13156\" alt=\"Exhibition MOMENTANE par Erwan &#038; Ronan BOUROULLEC, Les Arts D\u00e9coratifs, Paris\u200f\" src=\"https:\/\/i0.wp.com\/joyana.fr\/wp-content\/uploads\/2013\/04\/Capture-d%E2%80%99%C3%A9cran-2013-04-30-%C3%A0-18.52.35-576x758.jpg?resize=576%2C758&#038;ssl=1\" width=\"576\" height=\"758\" \/><\/p>\n<p style=\"text-align: center;\">En savoir + sur <a href=\"http:\/\/www.bouroullec.com\" target=\"_blank\"><strong>Les Fr\u00e8res BOUROULLEC<\/strong><\/a> &#038; <a href=\"http:\/\/www.lesartsdecoratifs.fr\" target=\"_blank\"><strong>LES ARTS DECORATIFS<\/strong><\/a><\/p>\n","protected":false},"excerpt":{"rendered":"<p>Depuis le 26 Avril 2013, l&#8217;exhibition MOMENTAN\u00c9 &#8211; par les fr\u00e8res Bouroullec &#8211; est d\u00e9sormais  [&hellip;]<\/p>\n","protected":false},"author":3,"featured_media":113149,"comment_status":"open","ping_status":"open","sticky":false,"template":"","format":"standard","meta":{"_coblocks_attr":"","_coblocks_dimensions":"","_coblocks_responsive_height":"","_coblocks_accordion_ie_support":"","_uag_custom_page_level_css":"","advgb_blocks_editor_width":"","advgb_blocks_columns_visual_guide":"","_genesis_hide_title":false,"_genesis_hide_breadcrumbs":false,"_genesis_hide_singular_image":false,"_genesis_hide_footer_widgets":false,"_genesis_custom_body_class":"","_genesis_custom_post_class":"","_genesis_layout":"","_themeisle_gutenberg_block_has_review":false,"_jetpack_newsletter_access":"","_jetpack_dont_email_post_to_subs":false,"_jetpack_newsletter_tier_id":0,"_jetpack_memberships_contains_paywalled_content":false,"_jetpack_memberships_contains_paid_content":false,"footnotes":""},"categories":[938,905,911,995],"tags":[1181,1343,12,1209],"class_list":{"0":"post-113139","1":"post","2":"type-post","3":"status-publish","4":"format-standard","5":"has-post-thumbnail","7":"category-actualite-deco-design","8":"category-deco-design","9":"category-designer","10":"category-ronan-erwan-bouroullec","11":"tag-exposition","12":"tag-les-arts-decoratifs","13":"tag-paris","14":"tag-ronan-erwan-bouroullec","15":"entry"},"featured_image_urls":{"full":["https:\/\/i0.wp.com\/www.joyana.fr\/wp-content\/uploads\/2013\/04\/Capture-d%C3%A2%E2%82%AC%E2%84%A2%C3%83%C2%A9cran-2013-04-30-%C3%83%C2%A0-18.51.07.jpg?fit=%2C&ssl=1",false,false,false],"thumbnail":["https:\/\/i0.wp.com\/www.joyana.fr\/wp-content\/uploads\/2013\/04\/Capture-d%C3%A2%E2%82%AC%E2%84%A2%C3%83%C2%A9cran-2013-04-30-%C3%83%C2%A0-18.51.07.jpg?resize=150%2C150&ssl=1",false,false,true],"medium":["https:\/\/i0.wp.com\/www.joyana.fr\/wp-content\/uploads\/2013\/04\/Capture-d%C3%A2%E2%82%AC%E2%84%A2%C3%83%C2%A9cran-2013-04-30-%C3%83%C2%A0-18.51.07.jpg?fit=389%2C389&ssl=1",false,false,true],"medium_large":["https:\/\/i0.wp.com\/www.joyana.fr\/wp-content\/uploads\/2013\/04\/Capture-d%C3%A2%E2%82%AC%E2%84%A2%C3%83%C2%A9cran-2013-04-30-%C3%83%C2%A0-18.51.07.jpg?w=768&ssl=1",false,false,true],"large":["https:\/\/i0.wp.com\/www.joyana.fr\/wp-content\/uploads\/2013\/04\/Capture-d%C3%A2%E2%82%AC%E2%84%A2%C3%83%C2%A9cran-2013-04-30-%C3%83%C2%A0-18.51.07.jpg?fit=1024%2C1024&ssl=1",false,false,true],"1536x1536":["https:\/\/i0.wp.com\/www.joyana.fr\/wp-content\/uploads\/2013\/04\/Capture-d%C3%A2%E2%82%AC%E2%84%A2%C3%83%C2%A9cran-2013-04-30-%C3%83%C2%A0-18.51.07.jpg?fit=1536%2C1536&ssl=1",false,false,true],"2048x2048":["https:\/\/i0.wp.com\/www.joyana.fr\/wp-content\/uploads\/2013\/04\/Capture-d%C3%A2%E2%82%AC%E2%84%A2%C3%83%C2%A9cran-2013-04-30-%C3%83%C2%A0-18.51.07.jpg?fit=2048%2C2048&ssl=1",false,false,true],"featured-thumb":["https:\/\/i0.wp.com\/www.joyana.fr\/wp-content\/uploads\/2013\/04\/Capture-d%C3%A2%E2%82%AC%E2%84%A2%C3%83%C2%A9cran-2013-04-30-%C3%83%C2%A0-18.51.07.jpg?resize=1903%2C750&ssl=1",false,false,true],"ab-block-post-grid-landscape":["https:\/\/i0.wp.com\/www.joyana.fr\/wp-content\/uploads\/2013\/04\/Capture-d%C3%A2%E2%82%AC%E2%84%A2%C3%83%C2%A9cran-2013-04-30-%C3%83%C2%A0-18.51.07.jpg?resize=600%2C400&ssl=1",false,false,true],"ab-block-post-grid-square":["https:\/\/i0.wp.com\/www.joyana.fr\/wp-content\/uploads\/2013\/04\/Capture-d%C3%A2%E2%82%AC%E2%84%A2%C3%83%C2%A9cran-2013-04-30-%C3%83%C2%A0-18.51.07.jpg?resize=600%2C600&ssl=1",false,false,true],"author-pro-image":["https:\/\/i0.wp.com\/www.joyana.fr\/wp-content\/uploads\/2013\/04\/Capture-d%C3%A2%E2%82%AC%E2%84%A2%C3%83%C2%A9cran-2013-04-30-%C3%83%C2%A0-18.51.07.jpg?resize=360%2C570&ssl=1",false,false,true],"slider":["https:\/\/i0.wp.com\/www.joyana.fr\/wp-content\/uploads\/2013\/04\/Capture-d%C3%A2%E2%82%AC%E2%84%A2%C3%83%C2%A9cran-2013-04-30-%C3%83%C2%A0-18.51.07.jpg?resize=920%2C400&ssl=1",false,false,true],"woocommerce_thumbnail":["https:\/\/i0.wp.com\/www.joyana.fr\/wp-content\/uploads\/2013\/04\/Capture-d%C3%A2%E2%82%AC%E2%84%A2%C3%83%C2%A9cran-2013-04-30-%C3%83%C2%A0-18.51.07.jpg?resize=450%2C450&ssl=1",false,false,true],"woocommerce_single":["https:\/\/i0.wp.com\/www.joyana.fr\/wp-content\/uploads\/2013\/04\/Capture-d%C3%A2%E2%82%AC%E2%84%A2%C3%83%C2%A9cran-2013-04-30-%C3%83%C2%A0-18.51.07.jpg?w=920&ssl=1",false,false,true],"woocommerce_gallery_thumbnail":["https:\/\/i0.wp.com\/www.joyana.fr\/wp-content\/uploads\/2013\/04\/Capture-d%C3%A2%E2%82%AC%E2%84%A2%C3%83%C2%A9cran-2013-04-30-%C3%83%C2%A0-18.51.07.jpg?resize=180%2C180&ssl=1",false,false,true],"sow-carousel-default":["https:\/\/i0.wp.com\/www.joyana.fr\/wp-content\/uploads\/2013\/04\/Capture-d%C3%A2%E2%82%AC%E2%84%A2%C3%83%C2%A9cran-2013-04-30-%C3%83%C2%A0-18.51.07.jpg?resize=272%2C182&ssl=1",false,false,true]},"post_excerpt_stackable":"<p>Depuis le 26 Avril 2013, l&#8217;exhibition MOMENTAN\u00c9 &#8211; par les fr\u00e8res Bouroullec &#8211; est &hellip;<\/p>\n","category_list":"<a href=\"https:\/\/www.joyana.fr\/ja\/category\/deco-design\/actualite\/actualite-deco-design\/\" rel=\"category tag\">Actualit\u00e9 D\u00e9co-Design<\/a>, <a href=\"https:\/\/www.joyana.fr\/ja\/category\/deco-design\/\" rel=\"category tag\">DECO-DESIGN<\/a>, <a href=\"https:\/\/www.joyana.fr\/ja\/category\/deco-design\/designer\/\" rel=\"category tag\">Designer<\/a>, <a href=\"https:\/\/www.joyana.fr\/ja\/category\/deco-design\/designer\/ronan-erwan-bouroullec\/\" rel=\"category tag\">Ronan &amp; Erwan BOUROULLEC<\/a>","author_info":{"display_name":"Jo Yana","author_link":"https:\/\/www.joyana.fr\/ja\/author\/joyana\/"},"comments_num":"0 comments","featured_image_urls_v2":{"full":["https:\/\/i0.wp.com\/www.joyana.fr\/wp-content\/uploads\/2013\/04\/Capture-d%C3%A2%E2%82%AC%E2%84%A2%C3%83%C2%A9cran-2013-04-30-%C3%83%C2%A0-18.51.07.jpg?fit=%2C&ssl=1",false,false,false],"thumbnail":["https:\/\/i0.wp.com\/www.joyana.fr\/wp-content\/uploads\/2013\/04\/Capture-d%C3%A2%E2%82%AC%E2%84%A2%C3%83%C2%A9cran-2013-04-30-%C3%83%C2%A0-18.51.07.jpg?resize=150%2C150&ssl=1",false,false,true],"medium":["https:\/\/i0.wp.com\/www.joyana.fr\/wp-content\/uploads\/2013\/04\/Capture-d%C3%A2%E2%82%AC%E2%84%A2%C3%83%C2%A9cran-2013-04-30-%C3%83%C2%A0-18.51.07.jpg?fit=389%2C389&ssl=1",false,false,true],"medium_large":["https:\/\/i0.wp.com\/www.joyana.fr\/wp-content\/uploads\/2013\/04\/Capture-d%C3%A2%E2%82%AC%E2%84%A2%C3%83%C2%A9cran-2013-04-30-%C3%83%C2%A0-18.51.07.jpg?w=768&ssl=1",false,false,true],"large":["https:\/\/i0.wp.com\/www.joyana.fr\/wp-content\/uploads\/2013\/04\/Capture-d%C3%A2%E2%82%AC%E2%84%A2%C3%83%C2%A9cran-2013-04-30-%C3%83%C2%A0-18.51.07.jpg?fit=1024%2C1024&ssl=1",false,false,true],"1536x1536":["https:\/\/i0.wp.com\/www.joyana.fr\/wp-content\/uploads\/2013\/04\/Capture-d%C3%A2%E2%82%AC%E2%84%A2%C3%83%C2%A9cran-2013-04-30-%C3%83%C2%A0-18.51.07.jpg?fit=1536%2C1536&ssl=1",false,false,true],"2048x2048":["https:\/\/i0.wp.com\/www.joyana.fr\/wp-content\/uploads\/2013\/04\/Capture-d%C3%A2%E2%82%AC%E2%84%A2%C3%83%C2%A9cran-2013-04-30-%C3%83%C2%A0-18.51.07.jpg?fit=2048%2C2048&ssl=1",false,false,true],"featured-thumb":["https:\/\/i0.wp.com\/www.joyana.fr\/wp-content\/uploads\/2013\/04\/Capture-d%C3%A2%E2%82%AC%E2%84%A2%C3%83%C2%A9cran-2013-04-30-%C3%83%C2%A0-18.51.07.jpg?resize=1903%2C750&ssl=1",false,false,true],"ab-block-post-grid-landscape":["https:\/\/i0.wp.com\/www.joyana.fr\/wp-content\/uploads\/2013\/04\/Capture-d%C3%A2%E2%82%AC%E2%84%A2%C3%83%C2%A9cran-2013-04-30-%C3%83%C2%A0-18.51.07.jpg?resize=600%2C400&ssl=1",false,false,true],"ab-block-post-grid-square":["https:\/\/i0.wp.com\/www.joyana.fr\/wp-content\/uploads\/2013\/04\/Capture-d%C3%A2%E2%82%AC%E2%84%A2%C3%83%C2%A9cran-2013-04-30-%C3%83%C2%A0-18.51.07.jpg?resize=600%2C600&ssl=1",false,false,true],"author-pro-image":["https:\/\/i0.wp.com\/www.joyana.fr\/wp-content\/uploads\/2013\/04\/Capture-d%C3%A2%E2%82%AC%E2%84%A2%C3%83%C2%A9cran-2013-04-30-%C3%83%C2%A0-18.51.07.jpg?resize=360%2C570&ssl=1",false,false,true],"slider":["https:\/\/i0.wp.com\/www.joyana.fr\/wp-content\/uploads\/2013\/04\/Capture-d%C3%A2%E2%82%AC%E2%84%A2%C3%83%C2%A9cran-2013-04-30-%C3%83%C2%A0-18.51.07.jpg?resize=920%2C400&ssl=1",false,false,true],"woocommerce_thumbnail":["https:\/\/i0.wp.com\/www.joyana.fr\/wp-content\/uploads\/2013\/04\/Capture-d%C3%A2%E2%82%AC%E2%84%A2%C3%83%C2%A9cran-2013-04-30-%C3%83%C2%A0-18.51.07.jpg?resize=450%2C450&ssl=1",false,false,true],"woocommerce_single":["https:\/\/i0.wp.com\/www.joyana.fr\/wp-content\/uploads\/2013\/04\/Capture-d%C3%A2%E2%82%AC%E2%84%A2%C3%83%C2%A9cran-2013-04-30-%C3%83%C2%A0-18.51.07.jpg?w=920&ssl=1",false,false,true],"woocommerce_gallery_thumbnail":["https:\/\/i0.wp.com\/www.joyana.fr\/wp-content\/uploads\/2013\/04\/Capture-d%C3%A2%E2%82%AC%E2%84%A2%C3%83%C2%A9cran-2013-04-30-%C3%83%C2%A0-18.51.07.jpg?resize=180%2C180&ssl=1",false,false,true],"sow-carousel-default":["https:\/\/i0.wp.com\/www.joyana.fr\/wp-content\/uploads\/2013\/04\/Capture-d%C3%A2%E2%82%AC%E2%84%A2%C3%83%C2%A9cran-2013-04-30-%C3%83%C2%A0-18.51.07.jpg?resize=272%2C182&ssl=1",false,false,true]},"post_excerpt_stackable_v2":"<p>Depuis le 26 Avril 2013, l&#8217;exhibition MOMENTAN\u00c9 &#8211; par les fr\u00e8res Bouroullec &#8211; est &hellip;<\/p>\n","category_list_v2":"<a href=\"https:\/\/www.joyana.fr\/ja\/category\/deco-design\/actualite\/actualite-deco-design\/\" rel=\"category tag\">Actualit\u00e9 D\u00e9co-Design<\/a>, <a href=\"https:\/\/www.joyana.fr\/ja\/category\/deco-design\/\" rel=\"category tag\">DECO-DESIGN<\/a>, <a href=\"https:\/\/www.joyana.fr\/ja\/category\/deco-design\/designer\/\" rel=\"category tag\">Designer<\/a>, <a href=\"https:\/\/www.joyana.fr\/ja\/category\/deco-design\/designer\/ronan-erwan-bouroullec\/\" rel=\"category tag\">Ronan &amp; Erwan BOUROULLEC<\/a>","author_info_v2":{"name":"Jo Yana","url":"https:\/\/www.joyana.fr\/ja\/author\/joyana\/"},"comments_num_v2":"0 comments","yoast_head":"<!-- This site is optimized with the Yoast SEO plugin v26.8 - https:\/\/yoast.com\/product\/yoast-seo-wordpress\/ -->\n<title>Exhibition MOMENTAN\u00c9 par Erwan &amp; Ronan BOUROULLEC, Les Arts D\u00e9coratifs, Paris\u200f - JO YANA<\/title>\n<meta name=\"robots\" content=\"index, follow, max-snippet:-1, max-image-preview:large, max-video-preview:-1\" \/>\n<link rel=\"canonical\" href=\"https:\/\/www.joyana.fr\/ja\/exhibition-momentane-par-erwan-ronan-bouroullec-les-arts-decoratifs-paris\u200f\/113139\/\" \/>\n<meta property=\"og:locale\" content=\"ja_JP\" \/>\n<meta property=\"og:locale:alternate\" content=\"fr_FR\" \/>\n<meta property=\"og:locale:alternate\" content=\"en_US\" \/>\n<meta property=\"og:type\" content=\"article\" \/>\n<meta property=\"og:title\" content=\"Exhibition MOMENTAN\u00c9 par Erwan &amp; Ronan BOUROULLEC, Les Arts D\u00e9coratifs, Paris\u200f - JO YANA\" \/>\n<meta property=\"og:description\" content=\"Depuis le 26 Avril 2013, l&#8217;exhibition MOMENTAN\u00c9 &#8211; par les fr\u00e8res Bouroullec &#8211; est d\u00e9sormais [&hellip;]\" \/>\n<meta property=\"og:url\" content=\"https:\/\/www.joyana.fr\/ja\/exhibition-momentane-par-erwan-ronan-bouroullec-les-arts-decoratifs-paris\u200f\/113139\/\" \/>\n<meta property=\"og:site_name\" content=\"JO YANA\" \/>\n<meta property=\"article:published_time\" content=\"2013-04-30T17:23:24+00:00\" \/>\n<meta property=\"og:image\" content=\"https:\/\/www.joyana.fr\/wp-content\/uploads\/2013\/04\/Capture-d\u00e2\u20ac\u2122\u00c3\u00a9cran-2013-04-30-\u00c3\u00a0-18.51.07.jpg\" \/>\n\t<meta property=\"og:image:width\" content=\"1\" \/>\n\t<meta property=\"og:image:height\" content=\"1\" \/>\n\t<meta property=\"og:image:type\" content=\"image\/jpeg\" \/>\n<meta name=\"author\" content=\"Jo Yana\" \/>\n<meta name=\"twitter:card\" content=\"summary_large_image\" \/>\n<meta name=\"twitter:creator\" content=\"@Jo_Yana\" \/>\n<meta name=\"twitter:site\" content=\"@Jo_Yana\" \/>\n<meta name=\"twitter:label1\" content=\"\u57f7\u7b46\u8005\" \/>\n\t<meta name=\"twitter:data1\" content=\"Jo Yana\" \/>\n\t<meta name=\"twitter:label2\" content=\"\u63a8\u5b9a\u8aad\u307f\u53d6\u308a\u6642\u9593\" \/>\n\t<meta name=\"twitter:data2\" content=\"1\u5206\" \/>\n<script type=\"application\/ld+json\" class=\"yoast-schema-graph\">{\"@context\":\"https:\/\/schema.org\",\"@graph\":[{\"@type\":\"Article\",\"@id\":\"https:\/\/www.joyana.fr\/ja\/exhibition-momentane-par-erwan-ronan-bouroullec-les-arts-decoratifs-paris%e2%80%8f\/113139\/#article\",\"isPartOf\":{\"@id\":\"https:\/\/www.joyana.fr\/ja\/exhibition-momentane-par-erwan-ronan-bouroullec-les-arts-decoratifs-paris%e2%80%8f\/113139\/\"},\"author\":{\"name\":\"Jo Yana\",\"@id\":\"https:\/\/joyana.fr\/#\/schema\/person\/cf2a1ad12a27c12c21801075bf37407c\"},\"headline\":\"Exhibition MOMENTAN\u00c9 par Erwan &#038; Ronan BOUROULLEC, Les Arts D\u00e9coratifs, Paris\u200f\",\"datePublished\":\"2013-04-30T17:23:24+00:00\",\"mainEntityOfPage\":{\"@id\":\"https:\/\/www.joyana.fr\/ja\/exhibition-momentane-par-erwan-ronan-bouroullec-les-arts-decoratifs-paris%e2%80%8f\/113139\/\"},\"wordCount\":272,\"commentCount\":0,\"publisher\":{\"@id\":\"https:\/\/joyana.fr\/#\/schema\/person\/cf2a1ad12a27c12c21801075bf37407c\"},\"image\":{\"@id\":\"https:\/\/www.joyana.fr\/ja\/exhibition-momentane-par-erwan-ronan-bouroullec-les-arts-decoratifs-paris%e2%80%8f\/113139\/#primaryimage\"},\"thumbnailUrl\":\"https:\/\/i0.wp.com\/www.joyana.fr\/wp-content\/uploads\/2013\/04\/Capture-d%C3%A2%E2%82%AC%E2%84%A2%C3%83%C2%A9cran-2013-04-30-%C3%83%C2%A0-18.51.07.jpg?fit=%2C&ssl=1\",\"keywords\":[\"Exposition\",\"Les Arts D\u00e9coratifs\",\"Paris\",\"Ronan &amp; Erwan BOUROULLEC\"],\"articleSection\":[\"Actualit\u00e9 D\u00e9co-Design\",\"DECO-DESIGN\",\"Designer\",\"Ronan &amp; Erwan BOUROULLEC\"],\"inLanguage\":\"ja\",\"potentialAction\":[{\"@type\":\"CommentAction\",\"name\":\"Comment\",\"target\":[\"https:\/\/www.joyana.fr\/ja\/exhibition-momentane-par-erwan-ronan-bouroullec-les-arts-decoratifs-paris%e2%80%8f\/113139\/#respond\"]}]},{\"@type\":\"WebPage\",\"@id\":\"https:\/\/www.joyana.fr\/ja\/exhibition-momentane-par-erwan-ronan-bouroullec-les-arts-decoratifs-paris%e2%80%8f\/113139\/\",\"url\":\"https:\/\/www.joyana.fr\/ja\/exhibition-momentane-par-erwan-ronan-bouroullec-les-arts-decoratifs-paris%e2%80%8f\/113139\/\",\"name\":\"Exhibition MOMENTAN\u00c9 par Erwan & Ronan BOUROULLEC, Les Arts D\u00e9coratifs, Paris\u200f - JO YANA\",\"isPartOf\":{\"@id\":\"https:\/\/joyana.fr\/#website\"},\"primaryImageOfPage\":{\"@id\":\"https:\/\/www.joyana.fr\/ja\/exhibition-momentane-par-erwan-ronan-bouroullec-les-arts-decoratifs-paris%e2%80%8f\/113139\/#primaryimage\"},\"image\":{\"@id\":\"https:\/\/www.joyana.fr\/ja\/exhibition-momentane-par-erwan-ronan-bouroullec-les-arts-decoratifs-paris%e2%80%8f\/113139\/#primaryimage\"},\"thumbnailUrl\":\"https:\/\/i0.wp.com\/www.joyana.fr\/wp-content\/uploads\/2013\/04\/Capture-d%C3%A2%E2%82%AC%E2%84%A2%C3%83%C2%A9cran-2013-04-30-%C3%83%C2%A0-18.51.07.jpg?fit=%2C&ssl=1\",\"datePublished\":\"2013-04-30T17:23:24+00:00\",\"breadcrumb\":{\"@id\":\"https:\/\/www.joyana.fr\/ja\/exhibition-momentane-par-erwan-ronan-bouroullec-les-arts-decoratifs-paris%e2%80%8f\/113139\/#breadcrumb\"},\"inLanguage\":\"ja\",\"potentialAction\":[{\"@type\":\"ReadAction\",\"target\":[\"https:\/\/www.joyana.fr\/ja\/exhibition-momentane-par-erwan-ronan-bouroullec-les-arts-decoratifs-paris%e2%80%8f\/113139\/\"]}]},{\"@type\":\"ImageObject\",\"inLanguage\":\"ja\",\"@id\":\"https:\/\/www.joyana.fr\/ja\/exhibition-momentane-par-erwan-ronan-bouroullec-les-arts-decoratifs-paris%e2%80%8f\/113139\/#primaryimage\",\"url\":\"https:\/\/i0.wp.com\/www.joyana.fr\/wp-content\/uploads\/2013\/04\/Capture-d%C3%A2%E2%82%AC%E2%84%A2%C3%83%C2%A9cran-2013-04-30-%C3%83%C2%A0-18.51.07.jpg?fit=%2C&ssl=1\",\"contentUrl\":\"https:\/\/i0.wp.com\/www.joyana.fr\/wp-content\/uploads\/2013\/04\/Capture-d%C3%A2%E2%82%AC%E2%84%A2%C3%83%C2%A9cran-2013-04-30-%C3%83%C2%A0-18.51.07.jpg?fit=%2C&ssl=1\"},{\"@type\":\"BreadcrumbList\",\"@id\":\"https:\/\/www.joyana.fr\/ja\/exhibition-momentane-par-erwan-ronan-bouroullec-les-arts-decoratifs-paris%e2%80%8f\/113139\/#breadcrumb\",\"itemListElement\":[{\"@type\":\"ListItem\",\"position\":1,\"name\":\"Accueil\",\"item\":\"https:\/\/joyana.fr\/\"},{\"@type\":\"ListItem\",\"position\":2,\"name\":\"Exhibition MOMENTAN\u00c9 par Erwan &#038; Ronan BOUROULLEC, Les Arts D\u00e9coratifs, Paris\u200f\"}]},{\"@type\":\"WebSite\",\"@id\":\"https:\/\/joyana.fr\/#website\",\"url\":\"https:\/\/joyana.fr\/\",\"name\":\"JO YANA\",\"description\":\"Blog Mode Homme, Lifestyle, D\u00e9co-Design\",\"publisher\":{\"@id\":\"https:\/\/joyana.fr\/#\/schema\/person\/cf2a1ad12a27c12c21801075bf37407c\"},\"potentialAction\":[{\"@type\":\"SearchAction\",\"target\":{\"@type\":\"EntryPoint\",\"urlTemplate\":\"https:\/\/joyana.fr\/?s={search_term_string}\"},\"query-input\":{\"@type\":\"PropertyValueSpecification\",\"valueRequired\":true,\"valueName\":\"search_term_string\"}}],\"inLanguage\":\"ja\"},{\"@type\":[\"Person\",\"Organization\"],\"@id\":\"https:\/\/joyana.fr\/#\/schema\/person\/cf2a1ad12a27c12c21801075bf37407c\",\"name\":\"Jo Yana\",\"image\":{\"@type\":\"ImageObject\",\"inLanguage\":\"ja\",\"@id\":\"https:\/\/joyana.fr\/#\/schema\/person\/image\/\",\"url\":\"https:\/\/i0.wp.com\/www.joyana.fr\/wp-content\/uploads\/2016\/08\/cropped-joyana-logo-black-360x180.png?fit=343%2C164&ssl=1\",\"contentUrl\":\"https:\/\/i0.wp.com\/www.joyana.fr\/wp-content\/uploads\/2016\/08\/cropped-joyana-logo-black-360x180.png?fit=343%2C164&ssl=1\",\"width\":343,\"height\":164,\"caption\":\"Jo Yana\"},\"logo\":{\"@id\":\"https:\/\/joyana.fr\/#\/schema\/person\/image\/\"},\"description\":\"Jo Yana est le cr\u00e9ateur et r\u00e9dacteur en chef des sites DECO-DESIGN. Passionn\u00e9 de Design, Mode, Photo, Luxe, Lifestyle, Musique, mais avant tout Blogueur ! Le plaisir de partager l'anime et a comme devise \\\"POUR L'AMOUR DU BEAU\\\". Retrouvez le aussi sur son blog personnel - https:\/\/joyana.fr...\",\"sameAs\":[\"https:\/\/joyana.fr\/\"],\"url\":\"https:\/\/www.joyana.fr\/ja\/author\/joyana\/\"}]}<\/script>\n<!-- \/ Yoast SEO plugin. -->","yoast_head_json":{"title":"Exhibition MOMENTAN\u00c9 par Erwan & Ronan BOUROULLEC, Les Arts D\u00e9coratifs, Paris\u200f - JO YANA","robots":{"index":"index","follow":"follow","max-snippet":"max-snippet:-1","max-image-preview":"max-image-preview:large","max-video-preview":"max-video-preview:-1"},"canonical":"https:\/\/www.joyana.fr\/ja\/exhibition-momentane-par-erwan-ronan-bouroullec-les-arts-decoratifs-paris\u200f\/113139\/","og_locale":"ja_JP","og_type":"article","og_title":"Exhibition MOMENTAN\u00c9 par Erwan & Ronan BOUROULLEC, Les Arts D\u00e9coratifs, Paris\u200f - JO YANA","og_description":"Depuis le 26 Avril 2013, l&#8217;exhibition MOMENTAN\u00c9 &#8211; par les fr\u00e8res Bouroullec &#8211; est d\u00e9sormais [&hellip;]","og_url":"https:\/\/www.joyana.fr\/ja\/exhibition-momentane-par-erwan-ronan-bouroullec-les-arts-decoratifs-paris\u200f\/113139\/","og_site_name":"JO YANA","article_published_time":"2013-04-30T17:23:24+00:00","og_image":[{"url":"https:\/\/www.joyana.fr\/wp-content\/uploads\/2013\/04\/Capture-d\u00e2\u20ac\u2122\u00c3\u00a9cran-2013-04-30-\u00c3\u00a0-18.51.07.jpg","width":1,"height":1,"type":"image\/jpeg"}],"author":"Jo Yana","twitter_card":"summary_large_image","twitter_creator":"@Jo_Yana","twitter_site":"@Jo_Yana","twitter_misc":{"\u57f7\u7b46\u8005":"Jo Yana","\u63a8\u5b9a\u8aad\u307f\u53d6\u308a\u6642\u9593":"1\u5206"},"schema":{"@context":"https:\/\/schema.org","@graph":[{"@type":"Article","@id":"https:\/\/www.joyana.fr\/ja\/exhibition-momentane-par-erwan-ronan-bouroullec-les-arts-decoratifs-paris%e2%80%8f\/113139\/#article","isPartOf":{"@id":"https:\/\/www.joyana.fr\/ja\/exhibition-momentane-par-erwan-ronan-bouroullec-les-arts-decoratifs-paris%e2%80%8f\/113139\/"},"author":{"name":"Jo Yana","@id":"https:\/\/joyana.fr\/#\/schema\/person\/cf2a1ad12a27c12c21801075bf37407c"},"headline":"Exhibition MOMENTAN\u00c9 par Erwan &#038; Ronan BOUROULLEC, Les Arts D\u00e9coratifs, Paris\u200f","datePublished":"2013-04-30T17:23:24+00:00","mainEntityOfPage":{"@id":"https:\/\/www.joyana.fr\/ja\/exhibition-momentane-par-erwan-ronan-bouroullec-les-arts-decoratifs-paris%e2%80%8f\/113139\/"},"wordCount":272,"commentCount":0,"publisher":{"@id":"https:\/\/joyana.fr\/#\/schema\/person\/cf2a1ad12a27c12c21801075bf37407c"},"image":{"@id":"https:\/\/www.joyana.fr\/ja\/exhibition-momentane-par-erwan-ronan-bouroullec-les-arts-decoratifs-paris%e2%80%8f\/113139\/#primaryimage"},"thumbnailUrl":"https:\/\/i0.wp.com\/www.joyana.fr\/wp-content\/uploads\/2013\/04\/Capture-d%C3%A2%E2%82%AC%E2%84%A2%C3%83%C2%A9cran-2013-04-30-%C3%83%C2%A0-18.51.07.jpg?fit=%2C&ssl=1","keywords":["Exposition","Les Arts D\u00e9coratifs","Paris","Ronan &amp; Erwan BOUROULLEC"],"articleSection":["Actualit\u00e9 D\u00e9co-Design","DECO-DESIGN","Designer","Ronan &amp; Erwan BOUROULLEC"],"inLanguage":"ja","potentialAction":[{"@type":"CommentAction","name":"Comment","target":["https:\/\/www.joyana.fr\/ja\/exhibition-momentane-par-erwan-ronan-bouroullec-les-arts-decoratifs-paris%e2%80%8f\/113139\/#respond"]}]},{"@type":"WebPage","@id":"https:\/\/www.joyana.fr\/ja\/exhibition-momentane-par-erwan-ronan-bouroullec-les-arts-decoratifs-paris%e2%80%8f\/113139\/","url":"https:\/\/www.joyana.fr\/ja\/exhibition-momentane-par-erwan-ronan-bouroullec-les-arts-decoratifs-paris%e2%80%8f\/113139\/","name":"Exhibition MOMENTAN\u00c9 par Erwan & Ronan BOUROULLEC, Les Arts D\u00e9coratifs, Paris\u200f - JO YANA","isPartOf":{"@id":"https:\/\/joyana.fr\/#website"},"primaryImageOfPage":{"@id":"https:\/\/www.joyana.fr\/ja\/exhibition-momentane-par-erwan-ronan-bouroullec-les-arts-decoratifs-paris%e2%80%8f\/113139\/#primaryimage"},"image":{"@id":"https:\/\/www.joyana.fr\/ja\/exhibition-momentane-par-erwan-ronan-bouroullec-les-arts-decoratifs-paris%e2%80%8f\/113139\/#primaryimage"},"thumbnailUrl":"https:\/\/i0.wp.com\/www.joyana.fr\/wp-content\/uploads\/2013\/04\/Capture-d%C3%A2%E2%82%AC%E2%84%A2%C3%83%C2%A9cran-2013-04-30-%C3%83%C2%A0-18.51.07.jpg?fit=%2C&ssl=1","datePublished":"2013-04-30T17:23:24+00:00","breadcrumb":{"@id":"https:\/\/www.joyana.fr\/ja\/exhibition-momentane-par-erwan-ronan-bouroullec-les-arts-decoratifs-paris%e2%80%8f\/113139\/#breadcrumb"},"inLanguage":"ja","potentialAction":[{"@type":"ReadAction","target":["https:\/\/www.joyana.fr\/ja\/exhibition-momentane-par-erwan-ronan-bouroullec-les-arts-decoratifs-paris%e2%80%8f\/113139\/"]}]},{"@type":"ImageObject","inLanguage":"ja","@id":"https:\/\/www.joyana.fr\/ja\/exhibition-momentane-par-erwan-ronan-bouroullec-les-arts-decoratifs-paris%e2%80%8f\/113139\/#primaryimage","url":"https:\/\/i0.wp.com\/www.joyana.fr\/wp-content\/uploads\/2013\/04\/Capture-d%C3%A2%E2%82%AC%E2%84%A2%C3%83%C2%A9cran-2013-04-30-%C3%83%C2%A0-18.51.07.jpg?fit=%2C&ssl=1","contentUrl":"https:\/\/i0.wp.com\/www.joyana.fr\/wp-content\/uploads\/2013\/04\/Capture-d%C3%A2%E2%82%AC%E2%84%A2%C3%83%C2%A9cran-2013-04-30-%C3%83%C2%A0-18.51.07.jpg?fit=%2C&ssl=1"},{"@type":"BreadcrumbList","@id":"https:\/\/www.joyana.fr\/ja\/exhibition-momentane-par-erwan-ronan-bouroullec-les-arts-decoratifs-paris%e2%80%8f\/113139\/#breadcrumb","itemListElement":[{"@type":"ListItem","position":1,"name":"Accueil","item":"https:\/\/joyana.fr\/"},{"@type":"ListItem","position":2,"name":"Exhibition MOMENTAN\u00c9 par Erwan &#038; Ronan BOUROULLEC, Les Arts D\u00e9coratifs, Paris\u200f"}]},{"@type":"WebSite","@id":"https:\/\/joyana.fr\/#website","url":"https:\/\/joyana.fr\/","name":"JO YANA","description":"Blog Mode Homme, Lifestyle, D\u00e9co-Design","publisher":{"@id":"https:\/\/joyana.fr\/#\/schema\/person\/cf2a1ad12a27c12c21801075bf37407c"},"potentialAction":[{"@type":"SearchAction","target":{"@type":"EntryPoint","urlTemplate":"https:\/\/joyana.fr\/?s={search_term_string}"},"query-input":{"@type":"PropertyValueSpecification","valueRequired":true,"valueName":"search_term_string"}}],"inLanguage":"ja"},{"@type":["Person","Organization"],"@id":"https:\/\/joyana.fr\/#\/schema\/person\/cf2a1ad12a27c12c21801075bf37407c","name":"Jo Yana","image":{"@type":"ImageObject","inLanguage":"ja","@id":"https:\/\/joyana.fr\/#\/schema\/person\/image\/","url":"https:\/\/i0.wp.com\/www.joyana.fr\/wp-content\/uploads\/2016\/08\/cropped-joyana-logo-black-360x180.png?fit=343%2C164&ssl=1","contentUrl":"https:\/\/i0.wp.com\/www.joyana.fr\/wp-content\/uploads\/2016\/08\/cropped-joyana-logo-black-360x180.png?fit=343%2C164&ssl=1","width":343,"height":164,"caption":"Jo Yana"},"logo":{"@id":"https:\/\/joyana.fr\/#\/schema\/person\/image\/"},"description":"Jo Yana est le cr\u00e9ateur et r\u00e9dacteur en chef des sites DECO-DESIGN. Passionn\u00e9 de Design, Mode, Photo, Luxe, Lifestyle, Musique, mais avant tout Blogueur ! Le plaisir de partager l'anime et a comme devise \"POUR L'AMOUR DU BEAU\". Retrouvez le aussi sur son blog personnel - https:\/\/joyana.fr...","sameAs":["https:\/\/joyana.fr\/"],"url":"https:\/\/www.joyana.fr\/ja\/author\/joyana\/"}]}},"author_meta":{"display_name":"Jo Yana","author_link":"https:\/\/www.joyana.fr\/ja\/author\/joyana\/"},"featured_img":"https:\/\/i0.wp.com\/www.joyana.fr\/wp-content\/uploads\/2013\/04\/Capture-d%C3%A2%E2%82%AC%E2%84%A2%C3%83%C2%A9cran-2013-04-30-%C3%83%C2%A0-18.51.07.jpg?fit=389%2C389&ssl=1","featured_image_src":"https:\/\/i0.wp.com\/www.joyana.fr\/wp-content\/uploads\/2013\/04\/Capture-d%C3%A2%E2%82%AC%E2%84%A2%C3%83%C2%A9cran-2013-04-30-%C3%83%C2%A0-18.51.07.jpg?resize=600%2C400&ssl=1","featured_image_src_square":"https:\/\/i0.wp.com\/www.joyana.fr\/wp-content\/uploads\/2013\/04\/Capture-d%C3%A2%E2%82%AC%E2%84%A2%C3%83%C2%A9cran-2013-04-30-%C3%83%C2%A0-18.51.07.jpg?resize=600%2C600&ssl=1","jetpack_featured_media_url":"https:\/\/i0.wp.com\/www.joyana.fr\/wp-content\/uploads\/2013\/04\/Capture-d%C3%A2%E2%82%AC%E2%84%A2%C3%83%C2%A9cran-2013-04-30-%C3%83%C2%A0-18.51.07.jpg?fit=%2C&ssl=1","uagb_featured_image_src":{"full":["https:\/\/i0.wp.com\/www.joyana.fr\/wp-content\/uploads\/2013\/04\/Capture-d%C3%A2%E2%82%AC%E2%84%A2%C3%83%C2%A9cran-2013-04-30-%C3%83%C2%A0-18.51.07.jpg?fit=%2C&ssl=1",false,false,false],"thumbnail":["https:\/\/i0.wp.com\/www.joyana.fr\/wp-content\/uploads\/2013\/04\/Capture-d%C3%A2%E2%82%AC%E2%84%A2%C3%83%C2%A9cran-2013-04-30-%C3%83%C2%A0-18.51.07.jpg?resize=150%2C150&ssl=1",false,false,true],"medium":["https:\/\/i0.wp.com\/www.joyana.fr\/wp-content\/uploads\/2013\/04\/Capture-d%C3%A2%E2%82%AC%E2%84%A2%C3%83%C2%A9cran-2013-04-30-%C3%83%C2%A0-18.51.07.jpg?fit=389%2C389&ssl=1",false,false,true],"medium_large":["https:\/\/i0.wp.com\/www.joyana.fr\/wp-content\/uploads\/2013\/04\/Capture-d%C3%A2%E2%82%AC%E2%84%A2%C3%83%C2%A9cran-2013-04-30-%C3%83%C2%A0-18.51.07.jpg?w=768&ssl=1",false,false,true],"large":["https:\/\/i0.wp.com\/www.joyana.fr\/wp-content\/uploads\/2013\/04\/Capture-d%C3%A2%E2%82%AC%E2%84%A2%C3%83%C2%A9cran-2013-04-30-%C3%83%C2%A0-18.51.07.jpg?fit=1024%2C1024&ssl=1",false,false,true],"1536x1536":["https:\/\/i0.wp.com\/www.joyana.fr\/wp-content\/uploads\/2013\/04\/Capture-d%C3%A2%E2%82%AC%E2%84%A2%C3%83%C2%A9cran-2013-04-30-%C3%83%C2%A0-18.51.07.jpg?fit=1536%2C1536&ssl=1",false,false,true],"2048x2048":["https:\/\/i0.wp.com\/www.joyana.fr\/wp-content\/uploads\/2013\/04\/Capture-d%C3%A2%E2%82%AC%E2%84%A2%C3%83%C2%A9cran-2013-04-30-%C3%83%C2%A0-18.51.07.jpg?fit=2048%2C2048&ssl=1",false,false,true],"featured-thumb":["https:\/\/i0.wp.com\/www.joyana.fr\/wp-content\/uploads\/2013\/04\/Capture-d%C3%A2%E2%82%AC%E2%84%A2%C3%83%C2%A9cran-2013-04-30-%C3%83%C2%A0-18.51.07.jpg?resize=1903%2C750&ssl=1",false,false,true],"ab-block-post-grid-landscape":["https:\/\/i0.wp.com\/www.joyana.fr\/wp-content\/uploads\/2013\/04\/Capture-d%C3%A2%E2%82%AC%E2%84%A2%C3%83%C2%A9cran-2013-04-30-%C3%83%C2%A0-18.51.07.jpg?resize=600%2C400&ssl=1",false,false,true],"ab-block-post-grid-square":["https:\/\/i0.wp.com\/www.joyana.fr\/wp-content\/uploads\/2013\/04\/Capture-d%C3%A2%E2%82%AC%E2%84%A2%C3%83%C2%A9cran-2013-04-30-%C3%83%C2%A0-18.51.07.jpg?resize=600%2C600&ssl=1",false,false,true],"author-pro-image":["https:\/\/i0.wp.com\/www.joyana.fr\/wp-content\/uploads\/2013\/04\/Capture-d%C3%A2%E2%82%AC%E2%84%A2%C3%83%C2%A9cran-2013-04-30-%C3%83%C2%A0-18.51.07.jpg?resize=360%2C570&ssl=1",false,false,true],"slider":["https:\/\/i0.wp.com\/www.joyana.fr\/wp-content\/uploads\/2013\/04\/Capture-d%C3%A2%E2%82%AC%E2%84%A2%C3%83%C2%A9cran-2013-04-30-%C3%83%C2%A0-18.51.07.jpg?resize=920%2C400&ssl=1",false,false,true],"woocommerce_thumbnail":["https:\/\/i0.wp.com\/www.joyana.fr\/wp-content\/uploads\/2013\/04\/Capture-d%C3%A2%E2%82%AC%E2%84%A2%C3%83%C2%A9cran-2013-04-30-%C3%83%C2%A0-18.51.07.jpg?resize=450%2C450&ssl=1",false,false,true],"woocommerce_single":["https:\/\/i0.wp.com\/www.joyana.fr\/wp-content\/uploads\/2013\/04\/Capture-d%C3%A2%E2%82%AC%E2%84%A2%C3%83%C2%A9cran-2013-04-30-%C3%83%C2%A0-18.51.07.jpg?w=920&ssl=1",false,false,true],"woocommerce_gallery_thumbnail":["https:\/\/i0.wp.com\/www.joyana.fr\/wp-content\/uploads\/2013\/04\/Capture-d%C3%A2%E2%82%AC%E2%84%A2%C3%83%C2%A9cran-2013-04-30-%C3%83%C2%A0-18.51.07.jpg?resize=180%2C180&ssl=1",false,false,true],"sow-carousel-default":["https:\/\/i0.wp.com\/www.joyana.fr\/wp-content\/uploads\/2013\/04\/Capture-d%C3%A2%E2%82%AC%E2%84%A2%C3%83%C2%A9cran-2013-04-30-%C3%83%C2%A0-18.51.07.jpg?resize=272%2C182&ssl=1",false,false,true]},"uagb_author_info":{"display_name":"Jo Yana","author_link":"https:\/\/www.joyana.fr\/ja\/author\/joyana\/"},"uagb_comment_info":0,"uagb_excerpt":"Depuis le 26 Avril 2013, l&#8217;exhibition MOMENTAN\u00c9 &&hellip;","coauthors":[],"tax_additional":{"categories":{"linked":["<a href=\"https:\/\/www.joyana.fr\/ja\/category\/deco-design\/actualite\/actualite-deco-design\/\" class=\"advgb-post-tax-term\">Actualit\u00e9 D\u00e9co-Design<\/a>","<a href=\"https:\/\/www.joyana.fr\/ja\/category\/deco-design\/\" class=\"advgb-post-tax-term\">DECO-DESIGN<\/a>","<a href=\"https:\/\/www.joyana.fr\/ja\/category\/deco-design\/designer\/\" class=\"advgb-post-tax-term\">Designer<\/a>","<a href=\"https:\/\/www.joyana.fr\/ja\/category\/deco-design\/designer\/ronan-erwan-bouroullec\/\" class=\"advgb-post-tax-term\">Ronan &amp; Erwan BOUROULLEC<\/a>"],"unlinked":["<span class=\"advgb-post-tax-term\">Actualit\u00e9 D\u00e9co-Design<\/span>","<span class=\"advgb-post-tax-term\">DECO-DESIGN<\/span>","<span class=\"advgb-post-tax-term\">Designer<\/span>","<span class=\"advgb-post-tax-term\">Ronan &amp; Erwan BOUROULLEC<\/span>"]},"tags":{"linked":["<a href=\"https:\/\/www.joyana.fr\/ja\/category\/deco-design\/designer\/ronan-erwan-bouroullec\/\" class=\"advgb-post-tax-term\">Exposition<\/a>","<a href=\"https:\/\/www.joyana.fr\/ja\/category\/deco-design\/designer\/ronan-erwan-bouroullec\/\" class=\"advgb-post-tax-term\">Les Arts D\u00e9coratifs<\/a>","<a href=\"https:\/\/www.joyana.fr\/ja\/category\/deco-design\/designer\/ronan-erwan-bouroullec\/\" class=\"advgb-post-tax-term\">Paris<\/a>","<a href=\"https:\/\/www.joyana.fr\/ja\/category\/deco-design\/designer\/ronan-erwan-bouroullec\/\" class=\"advgb-post-tax-term\">Ronan &amp; Erwan BOUROULLEC<\/a>"],"unlinked":["<span class=\"advgb-post-tax-term\">Exposition<\/span>","<span class=\"advgb-post-tax-term\">Les Arts D\u00e9coratifs<\/span>","<span class=\"advgb-post-tax-term\">Paris<\/span>","<span class=\"advgb-post-tax-term\">Ronan &amp; Erwan BOUROULLEC<\/span>"]}},"comment_count":0,"relative_dates":{"created":"Posted 13\u5e74 ago","modified":"Updated 13\u5e74 ago"},"absolute_dates":{"created":"Posted on 30 4\u6708 2013","modified":"Updated on 30 4\u6708 2013"},"absolute_dates_time":{"created":"Posted on 30 4\u6708 2013 18:23","modified":"Updated on 30 4\u6708 2013 18:23"},"featured_img_caption":"","series_order":"","jetpack_sharing_enabled":true,"jetpack_shortlink":"https:\/\/wp.me\/p9bteI-tqP","jetpack-related-posts":[],"_links":{"self":[{"href":"https:\/\/www.joyana.fr\/ja\/wp-json\/wp\/v2\/posts\/113139","targetHints":{"allow":["GET"]}}],"collection":[{"href":"https:\/\/www.joyana.fr\/ja\/wp-json\/wp\/v2\/posts"}],"about":[{"href":"https:\/\/www.joyana.fr\/ja\/wp-json\/wp\/v2\/types\/post"}],"author":[{"embeddable":true,"href":"https:\/\/www.joyana.fr\/ja\/wp-json\/wp\/v2\/users\/3"}],"replies":[{"embeddable":true,"href":"https:\/\/www.joyana.fr\/ja\/wp-json\/wp\/v2\/comments?post=113139"}],"version-history":[{"count":0,"href":"https:\/\/www.joyana.fr\/ja\/wp-json\/wp\/v2\/posts\/113139\/revisions"}],"wp:featuredmedia":[{"embeddable":true,"href":"https:\/\/www.joyana.fr\/ja\/wp-json\/wp\/v2\/media\/113149"}],"wp:attachment":[{"href":"https:\/\/www.joyana.fr\/ja\/wp-json\/wp\/v2\/media?parent=113139"}],"wp:term":[{"taxonomy":"category","embeddable":true,"href":"https:\/\/www.joyana.fr\/ja\/wp-json\/wp\/v2\/categories?post=113139"},{"taxonomy":"post_tag","embeddable":true,"href":"https:\/\/www.joyana.fr\/ja\/wp-json\/wp\/v2\/tags?post=113139"}],"curies":[{"name":"wp","href":"https:\/\/api.w.org\/{rel}","templated":true}]}}