{"id":112823,"date":"2013-03-21T18:16:49","date_gmt":"2013-03-21T17:16:49","guid":{"rendered":"https:\/\/joyana.fr\/?p=12823"},"modified":"2013-03-21T18:16:49","modified_gmt":"2013-03-21T17:16:49","slug":"biennaledesign13-exposition-les-editeurs-stephanois","status":"publish","type":"post","link":"https:\/\/www.joyana.fr\/ja\/biennaledesign13-exposition-les-editeurs-stephanois\/112823\/","title":{"rendered":"Exposition LES \u00c9DITEURS ST\u00c9PHANOIS"},"content":{"rendered":"<p>La <strong>Biennale de Saint-Etienne<\/strong> c&#8217;est aussi l&#8217;occasion de croiser nos amis <strong>LES \u00c9DITEURS ST\u00c9PHANOIS<\/strong> qui exposaient leurs derni\u00e8res nouveaut\u00e9s durant une <strong>exposition<\/strong> au <strong>Mus\u00e9e de la Mine<\/strong>&#8230;<\/p>\n<p><img data-recalc-dims=\"1\" fetchpriority=\"high\" decoding=\"async\" class=\"alignnone size-large wp-image-12817\" alt=\"LES-EDITEURS-STEPHANOIS_78\" src=\"https:\/\/i0.wp.com\/joyana.fr\/wp-content\/uploads\/2013\/03\/LES-EDITEURS-STEPHANOIS_78-576x854.jpg?resize=576%2C854&#038;ssl=1\" width=\"576\" height=\"854\" \/><\/p>\n<p><em>Ci-dessus notre ami <a title=\"Fran\u00e7ois MANGEOL\" href=\"https:\/\/joyana.fr\/category\/designer\/francois-mangeol\/\" target=\"_blank\">Fran\u00e7ois Mangeol<\/a> &#8211; Edition Sous Etiquette<\/em><\/p>\n<p><strong>Saint-\u00c9tienne<\/strong> est un territoire pionnier de la conception, de la production et du commerce reliant art et industrie depuis pr\u00e8s de deux si\u00e8cles. Aujourd&#8217;hui, c&#8217;est une nouvelle g\u00e9n\u00e9ration de designers et de maisons d&#8217;\u00e9dition qui \u00e9merge et renoue avec l&#8217;esprit d&#8217;aventure de la ville&#8230; Nous d\u00e9couvrons ici des cr\u00e9ations sign\u00e9es par \u00c9dition sous \u00e9tiquette, HUB. designeditions, galerie associative, L&#8217;Atelier du coin&#8230; et autre fabrique de s\u00e9rigraphie (Inkoozing).<\/p>\n<p>Ci-dessous vous d\u00e9couvrirez nos coups de c\u0153urs durant cette exposition <strong>LES \u00c9DITEURS ST\u00c9PHANOIS<\/strong> :<\/p>\n<p><img data-recalc-dims=\"1\" decoding=\"async\" class=\"alignnone size-large wp-image-12818\" alt=\"LES-EDITEURS-STEPHANOIS_79\" src=\"https:\/\/i0.wp.com\/joyana.fr\/wp-content\/uploads\/2013\/03\/LES-EDITEURS-STEPHANOIS_79-576x383.jpg?resize=576%2C383&#038;ssl=1\" width=\"576\" height=\"383\" \/><\/p>\n<p><em>Ci-dessus et ci-dessous : Collection \u00c9dition sous \u00e9tiquette.<\/em><\/p>\n<p><img data-recalc-dims=\"1\" decoding=\"async\" class=\"alignnone size-large wp-image-12814\" alt=\"LES-EDITEURS-STEPHANOIS_0\" src=\"https:\/\/i0.wp.com\/joyana.fr\/wp-content\/uploads\/2013\/03\/LES-EDITEURS-STEPHANOIS_0-576x409.jpg?resize=576%2C409&#038;ssl=1\" width=\"576\" height=\"409\" \/><\/p>\n<p><em>Ci-dessous : Collection Rh\u00f4ne-Alpes, design Nicolas Tourette &#038; Thomas Goux \u00a9Pierrick Verny<\/em><\/p>\n<p><img data-recalc-dims=\"1\" loading=\"lazy\" decoding=\"async\" class=\"alignnone size-large wp-image-12822\" alt=\"LES-EDITEURS-STEPHANOIS_X3\" src=\"https:\/\/i0.wp.com\/joyana.fr\/wp-content\/uploads\/2013\/03\/LES-EDITEURS-STEPHANOIS_X3-576x383.jpg?resize=576%2C383&#038;ssl=1\" width=\"576\" height=\"383\" \/><\/p>\n<p>Le sublime miroir TOMETCARO (ci-dessous) est sign\u00e9 par le Studio Bisbee !<\/p>\n<p><img data-recalc-dims=\"1\" loading=\"lazy\" decoding=\"async\" class=\"alignnone size-large wp-image-12821\" alt=\"LES-EDITEURS-STEPHANOIS_94\" src=\"https:\/\/i0.wp.com\/joyana.fr\/wp-content\/uploads\/2013\/03\/LES-EDITEURS-STEPHANOIS_94-576x864.jpg?resize=576%2C864&#038;ssl=1\" width=\"576\" height=\"864\" \/><\/p>\n<p><em>Ci-dessous : TOMETCARO collection Escarpolettes &#8211; fauteuil &#8211; photo studio bisbee<\/em><\/p>\n<p><img data-recalc-dims=\"1\" loading=\"lazy\" decoding=\"async\" class=\"alignnone size-large wp-image-12820\" alt=\"LES-EDITEURS-STEPHANOIS_92\" src=\"https:\/\/i0.wp.com\/joyana.fr\/wp-content\/uploads\/2013\/03\/LES-EDITEURS-STEPHANOIS_92-576x383.jpg?resize=576%2C383&#038;ssl=1\" width=\"576\" height=\"383\" \/><\/p>\n<p><img data-recalc-dims=\"1\" loading=\"lazy\" decoding=\"async\" class=\"alignnone size-large wp-image-12819\" alt=\"LES-EDITEURS-STEPHANOIS_83\" src=\"https:\/\/i0.wp.com\/joyana.fr\/wp-content\/uploads\/2013\/03\/LES-EDITEURS-STEPHANOIS_83-576x383.jpg?resize=576%2C383&#038;ssl=1\" width=\"576\" height=\"383\" \/><\/p>\n<p><img data-recalc-dims=\"1\" loading=\"lazy\" decoding=\"async\" class=\"alignnone size-large wp-image-12816\" alt=\"LES-EDITEURS-STEPHANOIS_6\" src=\"https:\/\/i0.wp.com\/joyana.fr\/wp-content\/uploads\/2013\/03\/LES-EDITEURS-STEPHANOIS_6-576x383.jpg?resize=576%2C383&#038;ssl=1\" width=\"576\" height=\"383\" \/><\/p>\n<p><em>Ci-dessus : Soie, luminaire, luminaire suspension de papier, Nur cr\u00e9ation Julie Laborde, papier brut et soie, Atelier du coin, 2011<\/em><\/p>\n<p><img data-recalc-dims=\"1\" loading=\"lazy\" decoding=\"async\" class=\"alignnone size-large wp-image-12815\" alt=\"LES-EDITEURS-STEPHANOIS_4\" src=\"https:\/\/i0.wp.com\/joyana.fr\/wp-content\/uploads\/2013\/03\/LES-EDITEURS-STEPHANOIS_4-576x729.jpg?resize=576%2C729&#038;ssl=1\" width=\"576\" height=\"729\" \/><\/p>\n<p><img data-recalc-dims=\"1\" loading=\"lazy\" decoding=\"async\" class=\"alignnone size-large wp-image-12813\" alt=\"LES EDITEURS STEPHANOIS_\" src=\"https:\/\/i0.wp.com\/joyana.fr\/wp-content\/uploads\/2013\/03\/LES-EDITEURS-STEPHANOIS_-576x383.jpg?resize=576%2C383&#038;ssl=1\" width=\"576\" height=\"383\" \/><\/p>\n<p style=\"text-align: center;\">D\u00e9couvrez tous nos reportages durant la <a title=\"BIENNALE DESIGN SAINT ETIENNE\" href=\"https:\/\/joyana.fr\/biennale-internationale-design-saint-etienne-2013\/10871\/\" target=\"_blank\"><strong>BIENNALE INTERNATIONALE DESIGN SAINT-ETIENNE 2013<\/strong><\/a><\/p>\n","protected":false},"excerpt":{"rendered":"<p>La Biennale de Saint-Etienne c&#8217;est aussi l&#8217;occasion de croiser nos amis LES \u00c9DITEURS ST\u00c9PHANOIS qu [&hellip;]<\/p>\n","protected":false},"author":3,"featured_media":112817,"comment_status":"open","ping_status":"open","sticky":false,"template":"","format":"standard","meta":{"_coblocks_attr":"","_coblocks_dimensions":"","_coblocks_responsive_height":"","_coblocks_accordion_ie_support":"","_uag_custom_page_level_css":"","advgb_blocks_editor_width":"","advgb_blocks_columns_visual_guide":"","_genesis_hide_title":false,"_genesis_hide_breadcrumbs":false,"_genesis_hide_singular_image":false,"_genesis_hide_footer_widgets":false,"_genesis_custom_body_class":"","_genesis_custom_post_class":"","_genesis_layout":"","_themeisle_gutenberg_block_has_review":false,"_jetpack_newsletter_access":"","_jetpack_dont_email_post_to_subs":false,"_jetpack_newsletter_tier_id":0,"_jetpack_memberships_contains_paywalled_content":false,"_jetpack_memberships_contains_paid_content":false,"footnotes":""},"categories":[938,1035,905,1122,1081],"tags":[1284,78,1305,1181],"class_list":{"0":"post-112823","1":"post","2":"type-post","3":"status-publish","4":"format-standard","5":"has-post-thumbnail","7":"category-actualite-deco-design","8":"category-biennale-design-internationale-saint-etienne","9":"category-deco-design","10":"category-marques","11":"category-francois-mangeol","12":"tag-biennale-du-design-de-saint-etienne","13":"tag-design","14":"tag-editeurs","15":"tag-exposition","16":"entry"},"featured_image_urls":{"full":"","thumbnail":"","medium":"","medium_large":"","large":"","1536x1536":"","2048x2048":"","featured-thumb":"","ab-block-post-grid-landscape":"","ab-block-post-grid-square":"","author-pro-image":"","slider":"","woocommerce_thumbnail":"","woocommerce_single":"","woocommerce_gallery_thumbnail":"","sow-carousel-default":""},"post_excerpt_stackable":"<p>La Biennale de Saint-Etienne c&#8217;est aussi l&#8217;occasion de croiser nos amis LES \u00c9DITEURS ST\u00c9&hellip;<\/p>\n","category_list":"<a href=\"https:\/\/www.joyana.fr\/ja\/category\/deco-design\/actualite\/actualite-deco-design\/\" rel=\"category tag\">Actualit\u00e9 D\u00e9co-Design<\/a>, <a href=\"https:\/\/www.joyana.fr\/ja\/category\/deco-design\/actualite\/salon\/biennale-design-internationale-saint-etienne\/\" rel=\"category tag\">Biennale Internationale Design (Saint-Etienne)<\/a>, <a href=\"https:\/\/www.joyana.fr\/ja\/category\/deco-design\/\" rel=\"category tag\">DECO-DESIGN<\/a>, <a href=\"https:\/\/www.joyana.fr\/ja\/category\/marques\/\" rel=\"category tag\">Editeur<\/a>, <a href=\"https:\/\/www.joyana.fr\/ja\/category\/deco-design\/designer\/francois-mangeol\/\" rel=\"category tag\">Fran\u00e7ois MANGEOL<\/a>","author_info":{"display_name":"Jo Yana","author_link":"https:\/\/www.joyana.fr\/ja\/author\/joyana\/"},"comments_num":"1 comment","featured_image_urls_v2":{"full":"","thumbnail":"","medium":"","medium_large":"","large":"","1536x1536":"","2048x2048":"","featured-thumb":"","ab-block-post-grid-landscape":"","ab-block-post-grid-square":"","author-pro-image":"","slider":"","woocommerce_thumbnail":"","woocommerce_single":"","woocommerce_gallery_thumbnail":"","sow-carousel-default":""},"post_excerpt_stackable_v2":"<p>La Biennale de Saint-Etienne c&#8217;est aussi l&#8217;occasion de croiser nos amis LES \u00c9DITEURS ST\u00c9&hellip;<\/p>\n","category_list_v2":"<a href=\"https:\/\/www.joyana.fr\/ja\/category\/deco-design\/actualite\/actualite-deco-design\/\" rel=\"category tag\">Actualit\u00e9 D\u00e9co-Design<\/a>, <a href=\"https:\/\/www.joyana.fr\/ja\/category\/deco-design\/actualite\/salon\/biennale-design-internationale-saint-etienne\/\" rel=\"category tag\">Biennale Internationale Design (Saint-Etienne)<\/a>, <a href=\"https:\/\/www.joyana.fr\/ja\/category\/deco-design\/\" rel=\"category tag\">DECO-DESIGN<\/a>, <a href=\"https:\/\/www.joyana.fr\/ja\/category\/marques\/\" rel=\"category tag\">Editeur<\/a>, <a href=\"https:\/\/www.joyana.fr\/ja\/category\/deco-design\/designer\/francois-mangeol\/\" rel=\"category tag\">Fran\u00e7ois MANGEOL<\/a>","author_info_v2":{"name":"Jo Yana","url":"https:\/\/www.joyana.fr\/ja\/author\/joyana\/"},"comments_num_v2":"1 comment","yoast_head":"<!-- This site is optimized with the Yoast SEO plugin v26.8 - https:\/\/yoast.com\/product\/yoast-seo-wordpress\/ -->\n<title>Exposition LES \u00c9DITEURS ST\u00c9PHANOIS - JO YANA<\/title>\n<meta name=\"robots\" content=\"index, follow, max-snippet:-1, max-image-preview:large, max-video-preview:-1\" \/>\n<link rel=\"canonical\" href=\"https:\/\/www.joyana.fr\/ja\/biennaledesign13-exposition-les-editeurs-stephanois\/112823\/\" \/>\n<meta property=\"og:locale\" content=\"ja_JP\" \/>\n<meta property=\"og:locale:alternate\" content=\"fr_FR\" \/>\n<meta property=\"og:locale:alternate\" content=\"en_US\" \/>\n<meta property=\"og:type\" content=\"article\" \/>\n<meta property=\"og:title\" content=\"Exposition LES \u00c9DITEURS ST\u00c9PHANOIS - JO YANA\" \/>\n<meta property=\"og:description\" content=\"La Biennale de Saint-Etienne c&#8217;est aussi l&#8217;occasion de croiser nos amis LES \u00c9DITEURS ST\u00c9PHANOIS qu [&hellip;]\" \/>\n<meta property=\"og:url\" content=\"https:\/\/www.joyana.fr\/ja\/biennaledesign13-exposition-les-editeurs-stephanois\/112823\/\" \/>\n<meta property=\"og:site_name\" content=\"JO YANA\" \/>\n<meta property=\"article:published_time\" content=\"2013-03-21T17:16:49+00:00\" \/>\n<meta name=\"author\" content=\"Jo Yana\" \/>\n<meta name=\"twitter:card\" content=\"summary_large_image\" \/>\n<meta name=\"twitter:creator\" content=\"@Jo_Yana\" \/>\n<meta name=\"twitter:site\" content=\"@Jo_Yana\" \/>\n<meta name=\"twitter:label1\" content=\"\u57f7\u7b46\u8005\" \/>\n\t<meta name=\"twitter:data1\" content=\"Jo Yana\" \/>\n\t<meta name=\"twitter:label2\" content=\"\u63a8\u5b9a\u8aad\u307f\u53d6\u308a\u6642\u9593\" \/>\n\t<meta name=\"twitter:data2\" content=\"1\u5206\" \/>\n<script type=\"application\/ld+json\" class=\"yoast-schema-graph\">{\"@context\":\"https:\/\/schema.org\",\"@graph\":[{\"@type\":\"Article\",\"@id\":\"https:\/\/www.joyana.fr\/en\/biennaledesign13-exposition-les-editeurs-stephanois\/112823\/#article\",\"isPartOf\":{\"@id\":\"https:\/\/www.joyana.fr\/en\/biennaledesign13-exposition-les-editeurs-stephanois\/112823\/\"},\"author\":{\"name\":\"Jo Yana\",\"@id\":\"https:\/\/joyana.fr\/#\/schema\/person\/cf2a1ad12a27c12c21801075bf37407c\"},\"headline\":\"Exposition LES \u00c9DITEURS ST\u00c9PHANOIS\",\"datePublished\":\"2013-03-21T17:16:49+00:00\",\"mainEntityOfPage\":{\"@id\":\"https:\/\/www.joyana.fr\/en\/biennaledesign13-exposition-les-editeurs-stephanois\/112823\/\"},\"wordCount\":215,\"commentCount\":1,\"publisher\":{\"@id\":\"https:\/\/joyana.fr\/#\/schema\/person\/cf2a1ad12a27c12c21801075bf37407c\"},\"image\":{\"@id\":\"https:\/\/www.joyana.fr\/en\/biennaledesign13-exposition-les-editeurs-stephanois\/112823\/#primaryimage\"},\"thumbnailUrl\":\"\",\"keywords\":[\"Biennale du Design de Saint-Etienne\",\"DESIGN\",\"Editeurs\",\"Exposition\"],\"articleSection\":[\"Actualit\u00e9 D\u00e9co-Design\",\"Biennale Internationale Design (Saint-Etienne)\",\"DECO-DESIGN\",\"Editeur\",\"Fran\u00e7ois MANGEOL\"],\"inLanguage\":\"ja\",\"potentialAction\":[{\"@type\":\"CommentAction\",\"name\":\"Comment\",\"target\":[\"https:\/\/www.joyana.fr\/en\/biennaledesign13-exposition-les-editeurs-stephanois\/112823\/#respond\"]}]},{\"@type\":\"WebPage\",\"@id\":\"https:\/\/www.joyana.fr\/en\/biennaledesign13-exposition-les-editeurs-stephanois\/112823\/\",\"url\":\"https:\/\/www.joyana.fr\/en\/biennaledesign13-exposition-les-editeurs-stephanois\/112823\/\",\"name\":\"Exposition LES \u00c9DITEURS ST\u00c9PHANOIS - JO YANA\",\"isPartOf\":{\"@id\":\"https:\/\/joyana.fr\/#website\"},\"primaryImageOfPage\":{\"@id\":\"https:\/\/www.joyana.fr\/en\/biennaledesign13-exposition-les-editeurs-stephanois\/112823\/#primaryimage\"},\"image\":{\"@id\":\"https:\/\/www.joyana.fr\/en\/biennaledesign13-exposition-les-editeurs-stephanois\/112823\/#primaryimage\"},\"thumbnailUrl\":\"\",\"datePublished\":\"2013-03-21T17:16:49+00:00\",\"breadcrumb\":{\"@id\":\"https:\/\/www.joyana.fr\/en\/biennaledesign13-exposition-les-editeurs-stephanois\/112823\/#breadcrumb\"},\"inLanguage\":\"ja\",\"potentialAction\":[{\"@type\":\"ReadAction\",\"target\":[\"https:\/\/www.joyana.fr\/en\/biennaledesign13-exposition-les-editeurs-stephanois\/112823\/\"]}]},{\"@type\":\"ImageObject\",\"inLanguage\":\"ja\",\"@id\":\"https:\/\/www.joyana.fr\/en\/biennaledesign13-exposition-les-editeurs-stephanois\/112823\/#primaryimage\",\"url\":\"\",\"contentUrl\":\"\"},{\"@type\":\"BreadcrumbList\",\"@id\":\"https:\/\/www.joyana.fr\/en\/biennaledesign13-exposition-les-editeurs-stephanois\/112823\/#breadcrumb\",\"itemListElement\":[{\"@type\":\"ListItem\",\"position\":1,\"name\":\"Accueil\",\"item\":\"https:\/\/joyana.fr\/\"},{\"@type\":\"ListItem\",\"position\":2,\"name\":\"Exposition LES \u00c9DITEURS ST\u00c9PHANOIS\"}]},{\"@type\":\"WebSite\",\"@id\":\"https:\/\/joyana.fr\/#website\",\"url\":\"https:\/\/joyana.fr\/\",\"name\":\"JO YANA\",\"description\":\"Blog Mode Homme, Lifestyle, D\u00e9co-Design\",\"publisher\":{\"@id\":\"https:\/\/joyana.fr\/#\/schema\/person\/cf2a1ad12a27c12c21801075bf37407c\"},\"potentialAction\":[{\"@type\":\"SearchAction\",\"target\":{\"@type\":\"EntryPoint\",\"urlTemplate\":\"https:\/\/joyana.fr\/?s={search_term_string}\"},\"query-input\":{\"@type\":\"PropertyValueSpecification\",\"valueRequired\":true,\"valueName\":\"search_term_string\"}}],\"inLanguage\":\"ja\"},{\"@type\":[\"Person\",\"Organization\"],\"@id\":\"https:\/\/joyana.fr\/#\/schema\/person\/cf2a1ad12a27c12c21801075bf37407c\",\"name\":\"Jo Yana\",\"image\":{\"@type\":\"ImageObject\",\"inLanguage\":\"ja\",\"@id\":\"https:\/\/joyana.fr\/#\/schema\/person\/image\/\",\"url\":\"https:\/\/i0.wp.com\/www.joyana.fr\/wp-content\/uploads\/2016\/08\/cropped-joyana-logo-black-360x180.png?fit=343%2C164&ssl=1\",\"contentUrl\":\"https:\/\/i0.wp.com\/www.joyana.fr\/wp-content\/uploads\/2016\/08\/cropped-joyana-logo-black-360x180.png?fit=343%2C164&ssl=1\",\"width\":343,\"height\":164,\"caption\":\"Jo Yana\"},\"logo\":{\"@id\":\"https:\/\/joyana.fr\/#\/schema\/person\/image\/\"},\"description\":\"Jo Yana est le cr\u00e9ateur et r\u00e9dacteur en chef des sites DECO-DESIGN. Passionn\u00e9 de Design, Mode, Photo, Luxe, Lifestyle, Musique, mais avant tout Blogueur ! Le plaisir de partager l'anime et a comme devise \\\"POUR L'AMOUR DU BEAU\\\". Retrouvez le aussi sur son blog personnel - https:\/\/joyana.fr...\",\"sameAs\":[\"https:\/\/joyana.fr\/\"],\"url\":\"https:\/\/www.joyana.fr\/ja\/author\/joyana\/\"}]}<\/script>\n<!-- \/ Yoast SEO plugin. -->","yoast_head_json":{"title":"Exposition LES \u00c9DITEURS ST\u00c9PHANOIS - JO YANA","robots":{"index":"index","follow":"follow","max-snippet":"max-snippet:-1","max-image-preview":"max-image-preview:large","max-video-preview":"max-video-preview:-1"},"canonical":"https:\/\/www.joyana.fr\/ja\/biennaledesign13-exposition-les-editeurs-stephanois\/112823\/","og_locale":"ja_JP","og_type":"article","og_title":"Exposition LES \u00c9DITEURS ST\u00c9PHANOIS - JO YANA","og_description":"La Biennale de Saint-Etienne c&#8217;est aussi l&#8217;occasion de croiser nos amis LES \u00c9DITEURS ST\u00c9PHANOIS qu [&hellip;]","og_url":"https:\/\/www.joyana.fr\/ja\/biennaledesign13-exposition-les-editeurs-stephanois\/112823\/","og_site_name":"JO YANA","article_published_time":"2013-03-21T17:16:49+00:00","author":"Jo Yana","twitter_card":"summary_large_image","twitter_creator":"@Jo_Yana","twitter_site":"@Jo_Yana","twitter_misc":{"\u57f7\u7b46\u8005":"Jo Yana","\u63a8\u5b9a\u8aad\u307f\u53d6\u308a\u6642\u9593":"1\u5206"},"schema":{"@context":"https:\/\/schema.org","@graph":[{"@type":"Article","@id":"https:\/\/www.joyana.fr\/en\/biennaledesign13-exposition-les-editeurs-stephanois\/112823\/#article","isPartOf":{"@id":"https:\/\/www.joyana.fr\/en\/biennaledesign13-exposition-les-editeurs-stephanois\/112823\/"},"author":{"name":"Jo Yana","@id":"https:\/\/joyana.fr\/#\/schema\/person\/cf2a1ad12a27c12c21801075bf37407c"},"headline":"Exposition LES \u00c9DITEURS ST\u00c9PHANOIS","datePublished":"2013-03-21T17:16:49+00:00","mainEntityOfPage":{"@id":"https:\/\/www.joyana.fr\/en\/biennaledesign13-exposition-les-editeurs-stephanois\/112823\/"},"wordCount":215,"commentCount":1,"publisher":{"@id":"https:\/\/joyana.fr\/#\/schema\/person\/cf2a1ad12a27c12c21801075bf37407c"},"image":{"@id":"https:\/\/www.joyana.fr\/en\/biennaledesign13-exposition-les-editeurs-stephanois\/112823\/#primaryimage"},"thumbnailUrl":"","keywords":["Biennale du Design de Saint-Etienne","DESIGN","Editeurs","Exposition"],"articleSection":["Actualit\u00e9 D\u00e9co-Design","Biennale Internationale Design (Saint-Etienne)","DECO-DESIGN","Editeur","Fran\u00e7ois MANGEOL"],"inLanguage":"ja","potentialAction":[{"@type":"CommentAction","name":"Comment","target":["https:\/\/www.joyana.fr\/en\/biennaledesign13-exposition-les-editeurs-stephanois\/112823\/#respond"]}]},{"@type":"WebPage","@id":"https:\/\/www.joyana.fr\/en\/biennaledesign13-exposition-les-editeurs-stephanois\/112823\/","url":"https:\/\/www.joyana.fr\/en\/biennaledesign13-exposition-les-editeurs-stephanois\/112823\/","name":"Exposition LES \u00c9DITEURS ST\u00c9PHANOIS - JO YANA","isPartOf":{"@id":"https:\/\/joyana.fr\/#website"},"primaryImageOfPage":{"@id":"https:\/\/www.joyana.fr\/en\/biennaledesign13-exposition-les-editeurs-stephanois\/112823\/#primaryimage"},"image":{"@id":"https:\/\/www.joyana.fr\/en\/biennaledesign13-exposition-les-editeurs-stephanois\/112823\/#primaryimage"},"thumbnailUrl":"","datePublished":"2013-03-21T17:16:49+00:00","breadcrumb":{"@id":"https:\/\/www.joyana.fr\/en\/biennaledesign13-exposition-les-editeurs-stephanois\/112823\/#breadcrumb"},"inLanguage":"ja","potentialAction":[{"@type":"ReadAction","target":["https:\/\/www.joyana.fr\/en\/biennaledesign13-exposition-les-editeurs-stephanois\/112823\/"]}]},{"@type":"ImageObject","inLanguage":"ja","@id":"https:\/\/www.joyana.fr\/en\/biennaledesign13-exposition-les-editeurs-stephanois\/112823\/#primaryimage","url":"","contentUrl":""},{"@type":"BreadcrumbList","@id":"https:\/\/www.joyana.fr\/en\/biennaledesign13-exposition-les-editeurs-stephanois\/112823\/#breadcrumb","itemListElement":[{"@type":"ListItem","position":1,"name":"Accueil","item":"https:\/\/joyana.fr\/"},{"@type":"ListItem","position":2,"name":"Exposition LES \u00c9DITEURS ST\u00c9PHANOIS"}]},{"@type":"WebSite","@id":"https:\/\/joyana.fr\/#website","url":"https:\/\/joyana.fr\/","name":"JO YANA","description":"Blog Mode Homme, Lifestyle, D\u00e9co-Design","publisher":{"@id":"https:\/\/joyana.fr\/#\/schema\/person\/cf2a1ad12a27c12c21801075bf37407c"},"potentialAction":[{"@type":"SearchAction","target":{"@type":"EntryPoint","urlTemplate":"https:\/\/joyana.fr\/?s={search_term_string}"},"query-input":{"@type":"PropertyValueSpecification","valueRequired":true,"valueName":"search_term_string"}}],"inLanguage":"ja"},{"@type":["Person","Organization"],"@id":"https:\/\/joyana.fr\/#\/schema\/person\/cf2a1ad12a27c12c21801075bf37407c","name":"Jo Yana","image":{"@type":"ImageObject","inLanguage":"ja","@id":"https:\/\/joyana.fr\/#\/schema\/person\/image\/","url":"https:\/\/i0.wp.com\/www.joyana.fr\/wp-content\/uploads\/2016\/08\/cropped-joyana-logo-black-360x180.png?fit=343%2C164&ssl=1","contentUrl":"https:\/\/i0.wp.com\/www.joyana.fr\/wp-content\/uploads\/2016\/08\/cropped-joyana-logo-black-360x180.png?fit=343%2C164&ssl=1","width":343,"height":164,"caption":"Jo Yana"},"logo":{"@id":"https:\/\/joyana.fr\/#\/schema\/person\/image\/"},"description":"Jo Yana est le cr\u00e9ateur et r\u00e9dacteur en chef des sites DECO-DESIGN. Passionn\u00e9 de Design, Mode, Photo, Luxe, Lifestyle, Musique, mais avant tout Blogueur ! Le plaisir de partager l'anime et a comme devise \"POUR L'AMOUR DU BEAU\". Retrouvez le aussi sur son blog personnel - https:\/\/joyana.fr...","sameAs":["https:\/\/joyana.fr\/"],"url":"https:\/\/www.joyana.fr\/ja\/author\/joyana\/"}]}},"author_meta":{"display_name":"Jo Yana","author_link":"https:\/\/www.joyana.fr\/ja\/author\/joyana\/"},"featured_img":null,"featured_image_src":null,"featured_image_src_square":null,"jetpack_featured_media_url":"","uagb_featured_image_src":{"full":false,"thumbnail":false,"medium":false,"medium_large":false,"large":false,"1536x1536":false,"2048x2048":false,"featured-thumb":false,"ab-block-post-grid-landscape":false,"ab-block-post-grid-square":false,"author-pro-image":false,"slider":false,"woocommerce_thumbnail":false,"woocommerce_single":false,"woocommerce_gallery_thumbnail":false,"sow-carousel-default":false},"uagb_author_info":{"display_name":"Jo Yana","author_link":"https:\/\/www.joyana.fr\/ja\/author\/joyana\/"},"uagb_comment_info":1,"uagb_excerpt":"La Biennale de Saint-Etienne c&#8217;est aussi l&#8217;&hellip;","coauthors":[],"tax_additional":{"categories":{"linked":["<a href=\"https:\/\/www.joyana.fr\/ja\/category\/deco-design\/actualite\/actualite-deco-design\/\" class=\"advgb-post-tax-term\">Actualit\u00e9 D\u00e9co-Design<\/a>","<a href=\"https:\/\/www.joyana.fr\/ja\/category\/deco-design\/actualite\/salon\/biennale-design-internationale-saint-etienne\/\" class=\"advgb-post-tax-term\">Biennale Internationale Design (Saint-Etienne)<\/a>","<a href=\"https:\/\/www.joyana.fr\/ja\/category\/deco-design\/\" class=\"advgb-post-tax-term\">DECO-DESIGN<\/a>","<a href=\"https:\/\/www.joyana.fr\/ja\/category\/marques\/\" class=\"advgb-post-tax-term\">Editeur<\/a>","<a href=\"https:\/\/www.joyana.fr\/ja\/category\/deco-design\/designer\/francois-mangeol\/\" class=\"advgb-post-tax-term\">Fran\u00e7ois MANGEOL<\/a>"],"unlinked":["<span class=\"advgb-post-tax-term\">Actualit\u00e9 D\u00e9co-Design<\/span>","<span class=\"advgb-post-tax-term\">Biennale Internationale Design (Saint-Etienne)<\/span>","<span class=\"advgb-post-tax-term\">DECO-DESIGN<\/span>","<span class=\"advgb-post-tax-term\">Editeur<\/span>","<span class=\"advgb-post-tax-term\">Fran\u00e7ois MANGEOL<\/span>"]},"tags":{"linked":["<a href=\"https:\/\/www.joyana.fr\/ja\/category\/deco-design\/designer\/francois-mangeol\/\" class=\"advgb-post-tax-term\">Biennale du Design de Saint-Etienne<\/a>","<a href=\"https:\/\/www.joyana.fr\/ja\/category\/deco-design\/designer\/francois-mangeol\/\" class=\"advgb-post-tax-term\">DESIGN<\/a>","<a href=\"https:\/\/www.joyana.fr\/ja\/category\/deco-design\/designer\/francois-mangeol\/\" class=\"advgb-post-tax-term\">Editeurs<\/a>","<a href=\"https:\/\/www.joyana.fr\/ja\/category\/deco-design\/designer\/francois-mangeol\/\" class=\"advgb-post-tax-term\">Exposition<\/a>"],"unlinked":["<span class=\"advgb-post-tax-term\">Biennale du Design de Saint-Etienne<\/span>","<span class=\"advgb-post-tax-term\">DESIGN<\/span>","<span class=\"advgb-post-tax-term\">Editeurs<\/span>","<span class=\"advgb-post-tax-term\">Exposition<\/span>"]}},"comment_count":1,"relative_dates":{"created":"Posted 13\u5e74 ago","modified":"Updated 13\u5e74 ago"},"absolute_dates":{"created":"Posted on 21 3\u6708 2013","modified":"Updated on 21 3\u6708 2013"},"absolute_dates_time":{"created":"Posted on 21 3\u6708 2013 18:16","modified":"Updated on 21 3\u6708 2013 18:16"},"featured_img_caption":"","series_order":"","jetpack_sharing_enabled":true,"jetpack_shortlink":"https:\/\/wp.me\/p9bteI-tlJ","jetpack-related-posts":[],"_links":{"self":[{"href":"https:\/\/www.joyana.fr\/ja\/wp-json\/wp\/v2\/posts\/112823","targetHints":{"allow":["GET"]}}],"collection":[{"href":"https:\/\/www.joyana.fr\/ja\/wp-json\/wp\/v2\/posts"}],"about":[{"href":"https:\/\/www.joyana.fr\/ja\/wp-json\/wp\/v2\/types\/post"}],"author":[{"embeddable":true,"href":"https:\/\/www.joyana.fr\/ja\/wp-json\/wp\/v2\/users\/3"}],"replies":[{"embeddable":true,"href":"https:\/\/www.joyana.fr\/ja\/wp-json\/wp\/v2\/comments?post=112823"}],"version-history":[{"count":0,"href":"https:\/\/www.joyana.fr\/ja\/wp-json\/wp\/v2\/posts\/112823\/revisions"}],"wp:featuredmedia":[{"embeddable":true,"href":"https:\/\/www.joyana.fr\/ja\/wp-json\/"}],"wp:attachment":[{"href":"https:\/\/www.joyana.fr\/ja\/wp-json\/wp\/v2\/media?parent=112823"}],"wp:term":[{"taxonomy":"category","embeddable":true,"href":"https:\/\/www.joyana.fr\/ja\/wp-json\/wp\/v2\/categories?post=112823"},{"taxonomy":"post_tag","embeddable":true,"href":"https:\/\/www.joyana.fr\/ja\/wp-json\/wp\/v2\/tags?post=112823"}],"curies":[{"name":"wp","href":"https:\/\/api.w.org\/{rel}","templated":true}]}}