{"id":112771,"date":"2013-03-18T07:51:03","date_gmt":"2013-03-18T06:51:03","guid":{"rendered":"https:\/\/joyana.fr\/?p=12771"},"modified":"2013-03-18T07:51:03","modified_gmt":"2013-03-18T06:51:03","slug":"exposition-glass-is-tomorrow","status":"publish","type":"post","link":"https:\/\/www.joyana.fr\/ja\/exposition-glass-is-tomorrow\/112771\/","title":{"rendered":"Exposition GLASS IS TOMORROW"},"content":{"rendered":"<p><strong>GLASS IS TOMORROW<\/strong> est notre exposition coup de coeur de cette <a title=\"BIENNALE DESIGN SAITN ETIENNE\" href=\"https:\/\/joyana.fr\/biennale-internationale-design-saint-etienne-2013\/10871\/\" target=\"_blank\"><strong>Biennale du Design<\/strong><\/a>. Le r\u00e9sultat d&#8217;un flux d&#8217;\u00e9change de connaissances et de comp\u00e9tences entre les verriers et les designers en Europe&#8230;<\/p>\n<p><img data-recalc-dims=\"1\" fetchpriority=\"high\" decoding=\"async\" class=\"alignnone size-large wp-image-12772\" alt=\"Exposition GLASS IS TOMORROW\" src=\"https:\/\/i0.wp.com\/joyana.fr\/wp-content\/uploads\/2013\/03\/glass-DSC06035-576x386.jpg?resize=576%2C386&#038;ssl=1\" width=\"576\" height=\"386\" \/><\/p>\n<p>L&#8217;<strong>exposition GLASS IS TOMORROW<\/strong> est le fruit de la rencontre entre designers et souffleurs de verre qui ont eu l&#8217;occasion d&#8217;\u00e9changer, d&#8217;explorer ensemble les contraintes, les potentialit\u00e9s et l&#8217;esth\u00e9tique du verre contemporain et ses diff\u00e9rentes techniques de r\u00e9alisation. Autour de trois th\u00e8mes, les Empilements (Stackability), l&#8217;Argenture du Verre (Silver Glass) et Hors du Moule (Out of the Mould), ils ont tent\u00e9 de d\u00e9velopper de nouvelles typologies d&#8217;objets du quotidien&#8230;<\/p>\n<p><img data-recalc-dims=\"1\" decoding=\"async\" class=\"alignnone size-large wp-image-12774\" alt=\"Exposition GLASS IS TOMORROW\" src=\"https:\/\/i0.wp.com\/joyana.fr\/wp-content\/uploads\/2013\/03\/glass-DSC06040-576x383.jpg?resize=576%2C383&#038;ssl=1\" width=\"576\" height=\"383\" \/><\/p>\n<p><img data-recalc-dims=\"1\" decoding=\"async\" class=\"alignnone size-large wp-image-12776\" alt=\"Exposition GLASS IS TOMORROW\" src=\"https:\/\/i0.wp.com\/joyana.fr\/wp-content\/uploads\/2013\/03\/glass-DSC06042-576x383.jpg?resize=576%2C383&#038;ssl=1\" width=\"576\" height=\"383\" \/><\/p>\n<p><img data-recalc-dims=\"1\" loading=\"lazy\" decoding=\"async\" class=\"alignnone size-large wp-image-12778\" alt=\"Exposition GLASS IS TOMORROW\" src=\"https:\/\/i0.wp.com\/joyana.fr\/wp-content\/uploads\/2013\/03\/glass-DSC06044-576x383.jpg?resize=576%2C383&#038;ssl=1\" width=\"576\" height=\"383\" \/><\/p>\n<p>Durant cette <strong>exposition<\/strong>, voici les prototypes qui ont retenu notre attention :<\/p>\n<p><img data-recalc-dims=\"1\" loading=\"lazy\" decoding=\"async\" class=\"alignnone size-large wp-image-12779\" alt=\"GOLDEN VASE par Rony PLESL\" src=\"https:\/\/i0.wp.com\/joyana.fr\/wp-content\/uploads\/2013\/03\/glass-DSC06045-576x583.jpg?resize=576%2C583&#038;ssl=1\" width=\"576\" height=\"583\" \/><\/p>\n<pre style=\"text-align: center;\">GOLDEN VASE par Rony PLESL<\/pre>\n<p><img data-recalc-dims=\"1\" loading=\"lazy\" decoding=\"async\" class=\"alignnone size-large wp-image-12780\" alt=\"WATER CIRCLES par Ceciclie MANZ\" src=\"https:\/\/i0.wp.com\/joyana.fr\/wp-content\/uploads\/2013\/03\/glass-DSC06046-576x398.jpg?resize=576%2C398&#038;ssl=1\" width=\"576\" height=\"398\" \/><\/p>\n<pre style=\"text-align: center;\">WATER CIRCLES par Ceciclie MANZ<\/pre>\n<p><img data-recalc-dims=\"1\" loading=\"lazy\" decoding=\"async\" class=\"alignnone size-large wp-image-12777\" alt=\"PATER NOSTER COLLECTION \" src=\"https:\/\/i0.wp.com\/joyana.fr\/wp-content\/uploads\/2013\/03\/glass-DSC06043-576x687.jpg?resize=576%2C687&#038;ssl=1\" width=\"576\" height=\"687\" \/><\/p>\n<pre style=\"text-align: center;\">PATER NOSTER COLLECTION<\/pre>\n<p><img data-recalc-dims=\"1\" loading=\"lazy\" decoding=\"async\" class=\"alignnone size-large wp-image-12773\" alt=\"THE TWISTED AND FLUID VASES par Maxim VELCOVSKY\" src=\"https:\/\/i0.wp.com\/joyana.fr\/wp-content\/uploads\/2013\/03\/glass-DSC06036-576x383.jpg?resize=576%2C383&#038;ssl=1\" width=\"576\" height=\"383\" \/><\/p>\n<pre style=\"text-align: center;\">THE TWISTED AND FLUID VASES par Maxim VELCOVSKY<\/pre>\n<p><span style=\"color: #000000;\">.<\/span><\/p>\n<p>&nbsp;<\/p>\n<p style=\"text-align: center;\">En savoir + sur\u00a0<a href=\"http:\/\/www.glassistomorrow.eu\" target=\"_blank\"><strong>GLASS IS TOMORROW<\/strong><\/a><\/p>\n","protected":false},"excerpt":{"rendered":"<p>GLASS IS TOMORROW est notre exposition coup de coeur de cette Biennale du Design. Le r\u00e9sultat d&#8217;un flux  [&hellip;]<\/p>\n","protected":false},"author":3,"featured_media":112780,"comment_status":"open","ping_status":"open","sticky":false,"template":"","format":"standard","meta":{"_coblocks_attr":"","_coblocks_dimensions":"","_coblocks_responsive_height":"","_coblocks_accordion_ie_support":"","_uag_custom_page_level_css":"","advgb_blocks_editor_width":"","advgb_blocks_columns_visual_guide":"","_genesis_hide_title":false,"_genesis_hide_breadcrumbs":false,"_genesis_hide_singular_image":false,"_genesis_hide_footer_widgets":false,"_genesis_custom_body_class":"","_genesis_custom_post_class":"","_genesis_layout":"","_themeisle_gutenberg_block_has_review":false,"_jetpack_newsletter_access":"","_jetpack_dont_email_post_to_subs":false,"_jetpack_newsletter_tier_id":0,"_jetpack_memberships_contains_paywalled_content":false,"_jetpack_memberships_contains_paid_content":false,"footnotes":""},"categories":[1035,905,911],"tags":[1284,1302,1181,1223],"class_list":{"0":"post-112771","1":"post","2":"type-post","3":"status-publish","4":"format-standard","5":"has-post-thumbnail","7":"category-biennale-design-internationale-saint-etienne","8":"category-deco-design","9":"category-designer","10":"tag-biennale-du-design-de-saint-etienne","11":"tag-designers","12":"tag-exposition","13":"tag-verre","14":"entry"},"featured_image_urls":{"full":["https:\/\/i0.wp.com\/www.joyana.fr\/wp-content\/uploads\/2013\/03\/glass-DSC06046.jpg?fit=650%2C450&ssl=1",650,450,false],"thumbnail":["https:\/\/i0.wp.com\/www.joyana.fr\/wp-content\/uploads\/2013\/03\/glass-DSC06046.jpg?resize=150%2C150&ssl=1",150,150,true],"medium":["https:\/\/i0.wp.com\/www.joyana.fr\/wp-content\/uploads\/2013\/03\/glass-DSC06046.jpg?fit=389%2C269&ssl=1",389,269,true],"medium_large":["https:\/\/i0.wp.com\/www.joyana.fr\/wp-content\/uploads\/2013\/03\/glass-DSC06046.jpg?fit=650%2C450&ssl=1",650,450,true],"large":["https:\/\/i0.wp.com\/www.joyana.fr\/wp-content\/uploads\/2013\/03\/glass-DSC06046.jpg?fit=650%2C450&ssl=1",650,450,true],"1536x1536":["https:\/\/i0.wp.com\/www.joyana.fr\/wp-content\/uploads\/2013\/03\/glass-DSC06046.jpg?fit=650%2C450&ssl=1",650,450,true],"2048x2048":["https:\/\/i0.wp.com\/www.joyana.fr\/wp-content\/uploads\/2013\/03\/glass-DSC06046.jpg?fit=650%2C450&ssl=1",650,450,true],"featured-thumb":["https:\/\/i0.wp.com\/www.joyana.fr\/wp-content\/uploads\/2013\/03\/glass-DSC06046.jpg?resize=650%2C450&ssl=1",650,450,true],"ab-block-post-grid-landscape":["https:\/\/i0.wp.com\/www.joyana.fr\/wp-content\/uploads\/2013\/03\/glass-DSC06046.jpg?resize=600%2C400&ssl=1",600,400,true],"ab-block-post-grid-square":["https:\/\/i0.wp.com\/www.joyana.fr\/wp-content\/uploads\/2013\/03\/glass-DSC06046.jpg?resize=600%2C450&ssl=1",600,450,true],"author-pro-image":["https:\/\/i0.wp.com\/www.joyana.fr\/wp-content\/uploads\/2013\/03\/glass-DSC06046.jpg?resize=360%2C450&ssl=1",360,450,true],"slider":["https:\/\/i0.wp.com\/www.joyana.fr\/wp-content\/uploads\/2013\/03\/glass-DSC06046.jpg?resize=650%2C400&ssl=1",650,400,true],"woocommerce_thumbnail":["https:\/\/i0.wp.com\/www.joyana.fr\/wp-content\/uploads\/2013\/03\/glass-DSC06046.jpg?resize=450%2C450&ssl=1",450,450,true],"woocommerce_single":["https:\/\/i0.wp.com\/www.joyana.fr\/wp-content\/uploads\/2013\/03\/glass-DSC06046.jpg?fit=650%2C450&ssl=1",650,450,true],"woocommerce_gallery_thumbnail":["https:\/\/i0.wp.com\/www.joyana.fr\/wp-content\/uploads\/2013\/03\/glass-DSC06046.jpg?resize=180%2C180&ssl=1",180,180,true],"sow-carousel-default":["https:\/\/i0.wp.com\/www.joyana.fr\/wp-content\/uploads\/2013\/03\/glass-DSC06046.jpg?resize=272%2C182&ssl=1",272,182,true]},"post_excerpt_stackable":"<p>GLASS IS TOMORROW est notre exposition coup de coeur de cette Biennale du Design. Le r\u00e9sultat d&#038;#821&hellip;<\/p>\n","category_list":"<a href=\"https:\/\/www.joyana.fr\/ja\/category\/deco-design\/actualite\/salon\/biennale-design-internationale-saint-etienne\/\" rel=\"category tag\">Biennale Internationale Design (Saint-Etienne)<\/a>, <a href=\"https:\/\/www.joyana.fr\/ja\/category\/deco-design\/\" rel=\"category tag\">DECO-DESIGN<\/a>, <a href=\"https:\/\/www.joyana.fr\/ja\/category\/deco-design\/designer\/\" rel=\"category tag\">Designer<\/a>","author_info":{"display_name":"Jo Yana","author_link":"https:\/\/www.joyana.fr\/ja\/author\/joyana\/"},"comments_num":"1 comment","featured_image_urls_v2":{"full":["https:\/\/i0.wp.com\/www.joyana.fr\/wp-content\/uploads\/2013\/03\/glass-DSC06046.jpg?fit=650%2C450&ssl=1",650,450,false],"thumbnail":["https:\/\/i0.wp.com\/www.joyana.fr\/wp-content\/uploads\/2013\/03\/glass-DSC06046.jpg?resize=150%2C150&ssl=1",150,150,true],"medium":["https:\/\/i0.wp.com\/www.joyana.fr\/wp-content\/uploads\/2013\/03\/glass-DSC06046.jpg?fit=389%2C269&ssl=1",389,269,true],"medium_large":["https:\/\/i0.wp.com\/www.joyana.fr\/wp-content\/uploads\/2013\/03\/glass-DSC06046.jpg?fit=650%2C450&ssl=1",650,450,true],"large":["https:\/\/i0.wp.com\/www.joyana.fr\/wp-content\/uploads\/2013\/03\/glass-DSC06046.jpg?fit=650%2C450&ssl=1",650,450,true],"1536x1536":["https:\/\/i0.wp.com\/www.joyana.fr\/wp-content\/uploads\/2013\/03\/glass-DSC06046.jpg?fit=650%2C450&ssl=1",650,450,true],"2048x2048":["https:\/\/i0.wp.com\/www.joyana.fr\/wp-content\/uploads\/2013\/03\/glass-DSC06046.jpg?fit=650%2C450&ssl=1",650,450,true],"featured-thumb":["https:\/\/i0.wp.com\/www.joyana.fr\/wp-content\/uploads\/2013\/03\/glass-DSC06046.jpg?resize=650%2C450&ssl=1",650,450,true],"ab-block-post-grid-landscape":["https:\/\/i0.wp.com\/www.joyana.fr\/wp-content\/uploads\/2013\/03\/glass-DSC06046.jpg?resize=600%2C400&ssl=1",600,400,true],"ab-block-post-grid-square":["https:\/\/i0.wp.com\/www.joyana.fr\/wp-content\/uploads\/2013\/03\/glass-DSC06046.jpg?resize=600%2C450&ssl=1",600,450,true],"author-pro-image":["https:\/\/i0.wp.com\/www.joyana.fr\/wp-content\/uploads\/2013\/03\/glass-DSC06046.jpg?resize=360%2C450&ssl=1",360,450,true],"slider":["https:\/\/i0.wp.com\/www.joyana.fr\/wp-content\/uploads\/2013\/03\/glass-DSC06046.jpg?resize=650%2C400&ssl=1",650,400,true],"woocommerce_thumbnail":["https:\/\/i0.wp.com\/www.joyana.fr\/wp-content\/uploads\/2013\/03\/glass-DSC06046.jpg?resize=450%2C450&ssl=1",450,450,true],"woocommerce_single":["https:\/\/i0.wp.com\/www.joyana.fr\/wp-content\/uploads\/2013\/03\/glass-DSC06046.jpg?fit=650%2C450&ssl=1",650,450,true],"woocommerce_gallery_thumbnail":["https:\/\/i0.wp.com\/www.joyana.fr\/wp-content\/uploads\/2013\/03\/glass-DSC06046.jpg?resize=180%2C180&ssl=1",180,180,true],"sow-carousel-default":["https:\/\/i0.wp.com\/www.joyana.fr\/wp-content\/uploads\/2013\/03\/glass-DSC06046.jpg?resize=272%2C182&ssl=1",272,182,true]},"post_excerpt_stackable_v2":"<p>GLASS IS TOMORROW est notre exposition coup de coeur de cette Biennale du Design. Le r\u00e9sultat d&#038;#821&hellip;<\/p>\n","category_list_v2":"<a href=\"https:\/\/www.joyana.fr\/ja\/category\/deco-design\/actualite\/salon\/biennale-design-internationale-saint-etienne\/\" rel=\"category tag\">Biennale Internationale Design (Saint-Etienne)<\/a>, <a href=\"https:\/\/www.joyana.fr\/ja\/category\/deco-design\/\" rel=\"category tag\">DECO-DESIGN<\/a>, <a href=\"https:\/\/www.joyana.fr\/ja\/category\/deco-design\/designer\/\" rel=\"category tag\">Designer<\/a>","author_info_v2":{"name":"Jo Yana","url":"https:\/\/www.joyana.fr\/ja\/author\/joyana\/"},"comments_num_v2":"1 comment","yoast_head":"<!-- This site is optimized with the Yoast SEO plugin v26.8 - https:\/\/yoast.com\/product\/yoast-seo-wordpress\/ -->\n<title>Exposition GLASS IS TOMORROW - JO YANA<\/title>\n<meta name=\"robots\" content=\"index, follow, max-snippet:-1, max-image-preview:large, max-video-preview:-1\" \/>\n<link rel=\"canonical\" href=\"https:\/\/www.joyana.fr\/ja\/exposition-glass-is-tomorrow\/112771\/\" \/>\n<meta property=\"og:locale\" content=\"ja_JP\" \/>\n<meta property=\"og:locale:alternate\" content=\"fr_FR\" \/>\n<meta property=\"og:locale:alternate\" content=\"en_US\" \/>\n<meta property=\"og:type\" content=\"article\" \/>\n<meta property=\"og:title\" content=\"Exposition GLASS IS TOMORROW - JO YANA\" \/>\n<meta property=\"og:description\" content=\"GLASS IS TOMORROW est notre exposition coup de coeur de cette Biennale du Design. Le r\u00e9sultat d&#8217;un flux [&hellip;]\" \/>\n<meta property=\"og:url\" content=\"https:\/\/www.joyana.fr\/ja\/exposition-glass-is-tomorrow\/112771\/\" \/>\n<meta property=\"og:site_name\" content=\"JO YANA\" \/>\n<meta property=\"article:published_time\" content=\"2013-03-18T06:51:03+00:00\" \/>\n<meta property=\"og:image\" content=\"https:\/\/www.joyana.fr\/wp-content\/uploads\/2013\/03\/glass-DSC06046.jpg\" \/>\n\t<meta property=\"og:image:width\" content=\"650\" \/>\n\t<meta property=\"og:image:height\" content=\"450\" \/>\n\t<meta property=\"og:image:type\" content=\"image\/jpeg\" \/>\n<meta name=\"author\" content=\"Jo Yana\" \/>\n<meta name=\"twitter:card\" content=\"summary_large_image\" \/>\n<meta name=\"twitter:creator\" content=\"@Jo_Yana\" \/>\n<meta name=\"twitter:site\" content=\"@Jo_Yana\" \/>\n<meta name=\"twitter:label1\" content=\"\u57f7\u7b46\u8005\" \/>\n\t<meta name=\"twitter:data1\" content=\"Jo Yana\" \/>\n\t<meta name=\"twitter:label2\" content=\"\u63a8\u5b9a\u8aad\u307f\u53d6\u308a\u6642\u9593\" \/>\n\t<meta name=\"twitter:data2\" content=\"1\u5206\" \/>\n<script type=\"application\/ld+json\" class=\"yoast-schema-graph\">{\"@context\":\"https:\/\/schema.org\",\"@graph\":[{\"@type\":\"Article\",\"@id\":\"https:\/\/www.joyana.fr\/ja\/exposition-glass-is-tomorrow\/112771\/#article\",\"isPartOf\":{\"@id\":\"https:\/\/www.joyana.fr\/ja\/exposition-glass-is-tomorrow\/112771\/\"},\"author\":{\"name\":\"Jo Yana\",\"@id\":\"https:\/\/joyana.fr\/#\/schema\/person\/cf2a1ad12a27c12c21801075bf37407c\"},\"headline\":\"Exposition GLASS IS TOMORROW\",\"datePublished\":\"2013-03-18T06:51:03+00:00\",\"mainEntityOfPage\":{\"@id\":\"https:\/\/www.joyana.fr\/ja\/exposition-glass-is-tomorrow\/112771\/\"},\"wordCount\":140,\"commentCount\":1,\"publisher\":{\"@id\":\"https:\/\/joyana.fr\/#\/schema\/person\/cf2a1ad12a27c12c21801075bf37407c\"},\"image\":{\"@id\":\"https:\/\/www.joyana.fr\/ja\/exposition-glass-is-tomorrow\/112771\/#primaryimage\"},\"thumbnailUrl\":\"https:\/\/i0.wp.com\/www.joyana.fr\/wp-content\/uploads\/2013\/03\/glass-DSC06046.jpg?fit=650%2C450&ssl=1\",\"keywords\":[\"Biennale du Design de Saint-Etienne\",\"Designers\",\"Exposition\",\"Verre\"],\"articleSection\":[\"Biennale Internationale Design (Saint-Etienne)\",\"DECO-DESIGN\",\"Designer\"],\"inLanguage\":\"ja\",\"potentialAction\":[{\"@type\":\"CommentAction\",\"name\":\"Comment\",\"target\":[\"https:\/\/www.joyana.fr\/ja\/exposition-glass-is-tomorrow\/112771\/#respond\"]}]},{\"@type\":\"WebPage\",\"@id\":\"https:\/\/www.joyana.fr\/ja\/exposition-glass-is-tomorrow\/112771\/\",\"url\":\"https:\/\/www.joyana.fr\/ja\/exposition-glass-is-tomorrow\/112771\/\",\"name\":\"Exposition GLASS IS TOMORROW - JO YANA\",\"isPartOf\":{\"@id\":\"https:\/\/joyana.fr\/#website\"},\"primaryImageOfPage\":{\"@id\":\"https:\/\/www.joyana.fr\/ja\/exposition-glass-is-tomorrow\/112771\/#primaryimage\"},\"image\":{\"@id\":\"https:\/\/www.joyana.fr\/ja\/exposition-glass-is-tomorrow\/112771\/#primaryimage\"},\"thumbnailUrl\":\"https:\/\/i0.wp.com\/www.joyana.fr\/wp-content\/uploads\/2013\/03\/glass-DSC06046.jpg?fit=650%2C450&ssl=1\",\"datePublished\":\"2013-03-18T06:51:03+00:00\",\"breadcrumb\":{\"@id\":\"https:\/\/www.joyana.fr\/ja\/exposition-glass-is-tomorrow\/112771\/#breadcrumb\"},\"inLanguage\":\"ja\",\"potentialAction\":[{\"@type\":\"ReadAction\",\"target\":[\"https:\/\/www.joyana.fr\/ja\/exposition-glass-is-tomorrow\/112771\/\"]}]},{\"@type\":\"ImageObject\",\"inLanguage\":\"ja\",\"@id\":\"https:\/\/www.joyana.fr\/ja\/exposition-glass-is-tomorrow\/112771\/#primaryimage\",\"url\":\"https:\/\/i0.wp.com\/www.joyana.fr\/wp-content\/uploads\/2013\/03\/glass-DSC06046.jpg?fit=650%2C450&ssl=1\",\"contentUrl\":\"https:\/\/i0.wp.com\/www.joyana.fr\/wp-content\/uploads\/2013\/03\/glass-DSC06046.jpg?fit=650%2C450&ssl=1\",\"width\":650,\"height\":450},{\"@type\":\"BreadcrumbList\",\"@id\":\"https:\/\/www.joyana.fr\/ja\/exposition-glass-is-tomorrow\/112771\/#breadcrumb\",\"itemListElement\":[{\"@type\":\"ListItem\",\"position\":1,\"name\":\"Accueil\",\"item\":\"https:\/\/joyana.fr\/\"},{\"@type\":\"ListItem\",\"position\":2,\"name\":\"Exposition GLASS IS TOMORROW\"}]},{\"@type\":\"WebSite\",\"@id\":\"https:\/\/joyana.fr\/#website\",\"url\":\"https:\/\/joyana.fr\/\",\"name\":\"JO YANA\",\"description\":\"Blog Mode Homme, Lifestyle, D\u00e9co-Design\",\"publisher\":{\"@id\":\"https:\/\/joyana.fr\/#\/schema\/person\/cf2a1ad12a27c12c21801075bf37407c\"},\"potentialAction\":[{\"@type\":\"SearchAction\",\"target\":{\"@type\":\"EntryPoint\",\"urlTemplate\":\"https:\/\/joyana.fr\/?s={search_term_string}\"},\"query-input\":{\"@type\":\"PropertyValueSpecification\",\"valueRequired\":true,\"valueName\":\"search_term_string\"}}],\"inLanguage\":\"ja\"},{\"@type\":[\"Person\",\"Organization\"],\"@id\":\"https:\/\/joyana.fr\/#\/schema\/person\/cf2a1ad12a27c12c21801075bf37407c\",\"name\":\"Jo Yana\",\"image\":{\"@type\":\"ImageObject\",\"inLanguage\":\"ja\",\"@id\":\"https:\/\/joyana.fr\/#\/schema\/person\/image\/\",\"url\":\"https:\/\/i0.wp.com\/www.joyana.fr\/wp-content\/uploads\/2016\/08\/cropped-joyana-logo-black-360x180.png?fit=343%2C164&ssl=1\",\"contentUrl\":\"https:\/\/i0.wp.com\/www.joyana.fr\/wp-content\/uploads\/2016\/08\/cropped-joyana-logo-black-360x180.png?fit=343%2C164&ssl=1\",\"width\":343,\"height\":164,\"caption\":\"Jo Yana\"},\"logo\":{\"@id\":\"https:\/\/joyana.fr\/#\/schema\/person\/image\/\"},\"description\":\"Jo Yana est le cr\u00e9ateur et r\u00e9dacteur en chef des sites DECO-DESIGN. Passionn\u00e9 de Design, Mode, Photo, Luxe, Lifestyle, Musique, mais avant tout Blogueur ! Le plaisir de partager l'anime et a comme devise \\\"POUR L'AMOUR DU BEAU\\\". Retrouvez le aussi sur son blog personnel - https:\/\/joyana.fr...\",\"sameAs\":[\"https:\/\/joyana.fr\/\"],\"url\":\"https:\/\/www.joyana.fr\/ja\/author\/joyana\/\"}]}<\/script>\n<!-- \/ Yoast SEO plugin. -->","yoast_head_json":{"title":"Exposition GLASS IS TOMORROW - JO YANA","robots":{"index":"index","follow":"follow","max-snippet":"max-snippet:-1","max-image-preview":"max-image-preview:large","max-video-preview":"max-video-preview:-1"},"canonical":"https:\/\/www.joyana.fr\/ja\/exposition-glass-is-tomorrow\/112771\/","og_locale":"ja_JP","og_type":"article","og_title":"Exposition GLASS IS TOMORROW - JO YANA","og_description":"GLASS IS TOMORROW est notre exposition coup de coeur de cette Biennale du Design. Le r\u00e9sultat d&#8217;un flux [&hellip;]","og_url":"https:\/\/www.joyana.fr\/ja\/exposition-glass-is-tomorrow\/112771\/","og_site_name":"JO YANA","article_published_time":"2013-03-18T06:51:03+00:00","og_image":[{"width":650,"height":450,"url":"https:\/\/www.joyana.fr\/wp-content\/uploads\/2013\/03\/glass-DSC06046.jpg","type":"image\/jpeg"}],"author":"Jo Yana","twitter_card":"summary_large_image","twitter_creator":"@Jo_Yana","twitter_site":"@Jo_Yana","twitter_misc":{"\u57f7\u7b46\u8005":"Jo Yana","\u63a8\u5b9a\u8aad\u307f\u53d6\u308a\u6642\u9593":"1\u5206"},"schema":{"@context":"https:\/\/schema.org","@graph":[{"@type":"Article","@id":"https:\/\/www.joyana.fr\/ja\/exposition-glass-is-tomorrow\/112771\/#article","isPartOf":{"@id":"https:\/\/www.joyana.fr\/ja\/exposition-glass-is-tomorrow\/112771\/"},"author":{"name":"Jo Yana","@id":"https:\/\/joyana.fr\/#\/schema\/person\/cf2a1ad12a27c12c21801075bf37407c"},"headline":"Exposition GLASS IS TOMORROW","datePublished":"2013-03-18T06:51:03+00:00","mainEntityOfPage":{"@id":"https:\/\/www.joyana.fr\/ja\/exposition-glass-is-tomorrow\/112771\/"},"wordCount":140,"commentCount":1,"publisher":{"@id":"https:\/\/joyana.fr\/#\/schema\/person\/cf2a1ad12a27c12c21801075bf37407c"},"image":{"@id":"https:\/\/www.joyana.fr\/ja\/exposition-glass-is-tomorrow\/112771\/#primaryimage"},"thumbnailUrl":"https:\/\/i0.wp.com\/www.joyana.fr\/wp-content\/uploads\/2013\/03\/glass-DSC06046.jpg?fit=650%2C450&ssl=1","keywords":["Biennale du Design de Saint-Etienne","Designers","Exposition","Verre"],"articleSection":["Biennale Internationale Design (Saint-Etienne)","DECO-DESIGN","Designer"],"inLanguage":"ja","potentialAction":[{"@type":"CommentAction","name":"Comment","target":["https:\/\/www.joyana.fr\/ja\/exposition-glass-is-tomorrow\/112771\/#respond"]}]},{"@type":"WebPage","@id":"https:\/\/www.joyana.fr\/ja\/exposition-glass-is-tomorrow\/112771\/","url":"https:\/\/www.joyana.fr\/ja\/exposition-glass-is-tomorrow\/112771\/","name":"Exposition GLASS IS TOMORROW - JO YANA","isPartOf":{"@id":"https:\/\/joyana.fr\/#website"},"primaryImageOfPage":{"@id":"https:\/\/www.joyana.fr\/ja\/exposition-glass-is-tomorrow\/112771\/#primaryimage"},"image":{"@id":"https:\/\/www.joyana.fr\/ja\/exposition-glass-is-tomorrow\/112771\/#primaryimage"},"thumbnailUrl":"https:\/\/i0.wp.com\/www.joyana.fr\/wp-content\/uploads\/2013\/03\/glass-DSC06046.jpg?fit=650%2C450&ssl=1","datePublished":"2013-03-18T06:51:03+00:00","breadcrumb":{"@id":"https:\/\/www.joyana.fr\/ja\/exposition-glass-is-tomorrow\/112771\/#breadcrumb"},"inLanguage":"ja","potentialAction":[{"@type":"ReadAction","target":["https:\/\/www.joyana.fr\/ja\/exposition-glass-is-tomorrow\/112771\/"]}]},{"@type":"ImageObject","inLanguage":"ja","@id":"https:\/\/www.joyana.fr\/ja\/exposition-glass-is-tomorrow\/112771\/#primaryimage","url":"https:\/\/i0.wp.com\/www.joyana.fr\/wp-content\/uploads\/2013\/03\/glass-DSC06046.jpg?fit=650%2C450&ssl=1","contentUrl":"https:\/\/i0.wp.com\/www.joyana.fr\/wp-content\/uploads\/2013\/03\/glass-DSC06046.jpg?fit=650%2C450&ssl=1","width":650,"height":450},{"@type":"BreadcrumbList","@id":"https:\/\/www.joyana.fr\/ja\/exposition-glass-is-tomorrow\/112771\/#breadcrumb","itemListElement":[{"@type":"ListItem","position":1,"name":"Accueil","item":"https:\/\/joyana.fr\/"},{"@type":"ListItem","position":2,"name":"Exposition GLASS IS TOMORROW"}]},{"@type":"WebSite","@id":"https:\/\/joyana.fr\/#website","url":"https:\/\/joyana.fr\/","name":"JO YANA","description":"Blog Mode Homme, Lifestyle, D\u00e9co-Design","publisher":{"@id":"https:\/\/joyana.fr\/#\/schema\/person\/cf2a1ad12a27c12c21801075bf37407c"},"potentialAction":[{"@type":"SearchAction","target":{"@type":"EntryPoint","urlTemplate":"https:\/\/joyana.fr\/?s={search_term_string}"},"query-input":{"@type":"PropertyValueSpecification","valueRequired":true,"valueName":"search_term_string"}}],"inLanguage":"ja"},{"@type":["Person","Organization"],"@id":"https:\/\/joyana.fr\/#\/schema\/person\/cf2a1ad12a27c12c21801075bf37407c","name":"Jo Yana","image":{"@type":"ImageObject","inLanguage":"ja","@id":"https:\/\/joyana.fr\/#\/schema\/person\/image\/","url":"https:\/\/i0.wp.com\/www.joyana.fr\/wp-content\/uploads\/2016\/08\/cropped-joyana-logo-black-360x180.png?fit=343%2C164&ssl=1","contentUrl":"https:\/\/i0.wp.com\/www.joyana.fr\/wp-content\/uploads\/2016\/08\/cropped-joyana-logo-black-360x180.png?fit=343%2C164&ssl=1","width":343,"height":164,"caption":"Jo Yana"},"logo":{"@id":"https:\/\/joyana.fr\/#\/schema\/person\/image\/"},"description":"Jo Yana est le cr\u00e9ateur et r\u00e9dacteur en chef des sites DECO-DESIGN. Passionn\u00e9 de Design, Mode, Photo, Luxe, Lifestyle, Musique, mais avant tout Blogueur ! Le plaisir de partager l'anime et a comme devise \"POUR L'AMOUR DU BEAU\". Retrouvez le aussi sur son blog personnel - https:\/\/joyana.fr...","sameAs":["https:\/\/joyana.fr\/"],"url":"https:\/\/www.joyana.fr\/ja\/author\/joyana\/"}]}},"author_meta":{"display_name":"Jo Yana","author_link":"https:\/\/www.joyana.fr\/ja\/author\/joyana\/"},"featured_img":"https:\/\/i0.wp.com\/www.joyana.fr\/wp-content\/uploads\/2013\/03\/glass-DSC06046.jpg?fit=389%2C269&ssl=1","featured_image_src":"https:\/\/i0.wp.com\/www.joyana.fr\/wp-content\/uploads\/2013\/03\/glass-DSC06046.jpg?resize=600%2C400&ssl=1","featured_image_src_square":"https:\/\/i0.wp.com\/www.joyana.fr\/wp-content\/uploads\/2013\/03\/glass-DSC06046.jpg?resize=600%2C450&ssl=1","jetpack_featured_media_url":"https:\/\/i0.wp.com\/www.joyana.fr\/wp-content\/uploads\/2013\/03\/glass-DSC06046.jpg?fit=650%2C450&ssl=1","uagb_featured_image_src":{"full":["https:\/\/i0.wp.com\/www.joyana.fr\/wp-content\/uploads\/2013\/03\/glass-DSC06046.jpg?fit=650%2C450&ssl=1",650,450,false],"thumbnail":["https:\/\/i0.wp.com\/www.joyana.fr\/wp-content\/uploads\/2013\/03\/glass-DSC06046.jpg?resize=150%2C150&ssl=1",150,150,true],"medium":["https:\/\/i0.wp.com\/www.joyana.fr\/wp-content\/uploads\/2013\/03\/glass-DSC06046.jpg?fit=389%2C269&ssl=1",389,269,true],"medium_large":["https:\/\/i0.wp.com\/www.joyana.fr\/wp-content\/uploads\/2013\/03\/glass-DSC06046.jpg?fit=650%2C450&ssl=1",650,450,true],"large":["https:\/\/i0.wp.com\/www.joyana.fr\/wp-content\/uploads\/2013\/03\/glass-DSC06046.jpg?fit=650%2C450&ssl=1",650,450,true],"1536x1536":["https:\/\/i0.wp.com\/www.joyana.fr\/wp-content\/uploads\/2013\/03\/glass-DSC06046.jpg?fit=650%2C450&ssl=1",650,450,true],"2048x2048":["https:\/\/i0.wp.com\/www.joyana.fr\/wp-content\/uploads\/2013\/03\/glass-DSC06046.jpg?fit=650%2C450&ssl=1",650,450,true],"featured-thumb":["https:\/\/i0.wp.com\/www.joyana.fr\/wp-content\/uploads\/2013\/03\/glass-DSC06046.jpg?resize=650%2C450&ssl=1",650,450,true],"ab-block-post-grid-landscape":["https:\/\/i0.wp.com\/www.joyana.fr\/wp-content\/uploads\/2013\/03\/glass-DSC06046.jpg?resize=600%2C400&ssl=1",600,400,true],"ab-block-post-grid-square":["https:\/\/i0.wp.com\/www.joyana.fr\/wp-content\/uploads\/2013\/03\/glass-DSC06046.jpg?resize=600%2C450&ssl=1",600,450,true],"author-pro-image":["https:\/\/i0.wp.com\/www.joyana.fr\/wp-content\/uploads\/2013\/03\/glass-DSC06046.jpg?resize=360%2C450&ssl=1",360,450,true],"slider":["https:\/\/i0.wp.com\/www.joyana.fr\/wp-content\/uploads\/2013\/03\/glass-DSC06046.jpg?resize=650%2C400&ssl=1",650,400,true],"woocommerce_thumbnail":["https:\/\/i0.wp.com\/www.joyana.fr\/wp-content\/uploads\/2013\/03\/glass-DSC06046.jpg?resize=450%2C450&ssl=1",450,450,true],"woocommerce_single":["https:\/\/i0.wp.com\/www.joyana.fr\/wp-content\/uploads\/2013\/03\/glass-DSC06046.jpg?fit=650%2C450&ssl=1",650,450,true],"woocommerce_gallery_thumbnail":["https:\/\/i0.wp.com\/www.joyana.fr\/wp-content\/uploads\/2013\/03\/glass-DSC06046.jpg?resize=180%2C180&ssl=1",180,180,true],"sow-carousel-default":["https:\/\/i0.wp.com\/www.joyana.fr\/wp-content\/uploads\/2013\/03\/glass-DSC06046.jpg?resize=272%2C182&ssl=1",272,182,true]},"uagb_author_info":{"display_name":"Jo Yana","author_link":"https:\/\/www.joyana.fr\/ja\/author\/joyana\/"},"uagb_comment_info":1,"uagb_excerpt":"GLASS IS TOMORROW est notre exposition coup de coeur de&hellip;","coauthors":[],"tax_additional":{"categories":{"linked":["<a href=\"https:\/\/www.joyana.fr\/ja\/category\/deco-design\/actualite\/salon\/biennale-design-internationale-saint-etienne\/\" class=\"advgb-post-tax-term\">Biennale Internationale Design (Saint-Etienne)<\/a>","<a href=\"https:\/\/www.joyana.fr\/ja\/category\/deco-design\/\" class=\"advgb-post-tax-term\">DECO-DESIGN<\/a>","<a href=\"https:\/\/www.joyana.fr\/ja\/category\/deco-design\/designer\/\" class=\"advgb-post-tax-term\">Designer<\/a>"],"unlinked":["<span class=\"advgb-post-tax-term\">Biennale Internationale Design (Saint-Etienne)<\/span>","<span class=\"advgb-post-tax-term\">DECO-DESIGN<\/span>","<span class=\"advgb-post-tax-term\">Designer<\/span>"]},"tags":{"linked":["<a href=\"https:\/\/www.joyana.fr\/ja\/category\/deco-design\/designer\/\" class=\"advgb-post-tax-term\">Biennale du Design de Saint-Etienne<\/a>","<a href=\"https:\/\/www.joyana.fr\/ja\/category\/deco-design\/designer\/\" class=\"advgb-post-tax-term\">Designers<\/a>","<a href=\"https:\/\/www.joyana.fr\/ja\/category\/deco-design\/designer\/\" class=\"advgb-post-tax-term\">Exposition<\/a>","<a href=\"https:\/\/www.joyana.fr\/ja\/category\/deco-design\/designer\/\" class=\"advgb-post-tax-term\">Verre<\/a>"],"unlinked":["<span class=\"advgb-post-tax-term\">Biennale du Design de Saint-Etienne<\/span>","<span class=\"advgb-post-tax-term\">Designers<\/span>","<span class=\"advgb-post-tax-term\">Exposition<\/span>","<span class=\"advgb-post-tax-term\">Verre<\/span>"]}},"comment_count":1,"relative_dates":{"created":"Posted 13\u5e74 ago","modified":"Updated 13\u5e74 ago"},"absolute_dates":{"created":"Posted on 18 3\u6708 2013","modified":"Updated on 18 3\u6708 2013"},"absolute_dates_time":{"created":"Posted on 18 3\u6708 2013 7:51","modified":"Updated on 18 3\u6708 2013 7:51"},"featured_img_caption":"","series_order":"","jetpack_sharing_enabled":true,"jetpack_shortlink":"https:\/\/wp.me\/p9bteI-tkT","jetpack-related-posts":[],"_links":{"self":[{"href":"https:\/\/www.joyana.fr\/ja\/wp-json\/wp\/v2\/posts\/112771","targetHints":{"allow":["GET"]}}],"collection":[{"href":"https:\/\/www.joyana.fr\/ja\/wp-json\/wp\/v2\/posts"}],"about":[{"href":"https:\/\/www.joyana.fr\/ja\/wp-json\/wp\/v2\/types\/post"}],"author":[{"embeddable":true,"href":"https:\/\/www.joyana.fr\/ja\/wp-json\/wp\/v2\/users\/3"}],"replies":[{"embeddable":true,"href":"https:\/\/www.joyana.fr\/ja\/wp-json\/wp\/v2\/comments?post=112771"}],"version-history":[{"count":0,"href":"https:\/\/www.joyana.fr\/ja\/wp-json\/wp\/v2\/posts\/112771\/revisions"}],"wp:featuredmedia":[{"embeddable":true,"href":"https:\/\/www.joyana.fr\/ja\/wp-json\/wp\/v2\/media\/112780"}],"wp:attachment":[{"href":"https:\/\/www.joyana.fr\/ja\/wp-json\/wp\/v2\/media?parent=112771"}],"wp:term":[{"taxonomy":"category","embeddable":true,"href":"https:\/\/www.joyana.fr\/ja\/wp-json\/wp\/v2\/categories?post=112771"},{"taxonomy":"post_tag","embeddable":true,"href":"https:\/\/www.joyana.fr\/ja\/wp-json\/wp\/v2\/tags?post=112771"}],"curies":[{"name":"wp","href":"https:\/\/api.w.org\/{rel}","templated":true}]}}