{"id":112525,"date":"2013-03-06T13:51:38","date_gmt":"2013-03-06T12:51:38","guid":{"rendered":"https:\/\/joyana.fr\/?p=12525"},"modified":"2013-03-06T13:51:38","modified_gmt":"2013-03-06T12:51:38","slug":"plateforme-culturelle-electric-ana-moussinet-mathieu-lehanneur","status":"publish","type":"post","link":"https:\/\/www.joyana.fr\/ja\/plateforme-culturelle-electric-ana-moussinet-mathieu-lehanneur\/112525\/","title":{"rendered":"Plateforme Culturelle ELECTRIC par Mathieu LEHANNEUR"},"content":{"rendered":"<p><strong>ELECTRIC<\/strong> est une nouvelle <strong>plateforme culturelle<\/strong> parisienne, un penthouse de 1000m2 sign\u00e9 par le designer <strong>Mathieu Lehanneur<\/strong> &#8211; qui a imagin\u00e9 une for\u00eat sonique suspendue entre ciel et terre, un surgissement monumental de tresses \u00e9lectriques comme autant d\u2019arbres d\u2019un noir profond&#8230;<\/p>\n<p><img data-recalc-dims=\"1\" fetchpriority=\"high\" decoding=\"async\" class=\"alignnone size-large wp-image-12547\" alt=\"Plateforme Culturelle ELECTRIC par Mathieu LEHANNEUR\" src=\"https:\/\/i0.wp.com\/joyana.fr\/wp-content\/uploads\/2013\/03\/IMG_0451-576x386.jpg?resize=576%2C386&#038;ssl=1\" width=\"576\" height=\"386\" \/><\/p>\n<p><img data-recalc-dims=\"1\" decoding=\"async\" class=\"alignnone size-large wp-image-12527\" alt=\"Plateforme Culturelle ELECTRIC par Mathieu LEHANNEUR\" src=\"https:\/\/i0.wp.com\/joyana.fr\/wp-content\/uploads\/2013\/03\/IMG_0057-576x864.jpg?resize=576%2C864&#038;ssl=1\" width=\"576\" height=\"864\" \/><\/p>\n<p>Impressionnant le jour, magique la nuit, <strong>ELECTRIC<\/strong> est un lieu qui ne s\u2019arr\u00eate jamais de vivre. Capables d\u2019accueillir un restaurant \u00e9ph\u00e9m\u00e8re \u00e0 midi, de devenir un lounge ou un club du soir au matin, Le designer <strong>Mathieu Lehanneur<\/strong> collabore sur ce projet avec l&#8217;architecte <strong>Ana Moussinet<\/strong> pour concevoir un espace qui se transforme \u00e0 volont\u00e9 par le jeu des projections vid\u00e9os et les possibilit\u00e9s sc\u00e9nographiques infinies&#8230;<\/p>\n<p><img data-recalc-dims=\"1\" decoding=\"async\" class=\"alignnone size-large wp-image-12533\" alt=\"Plateforme Culturelle ELECTRIC par Mathieu LEHANNEUR\" src=\"https:\/\/i0.wp.com\/joyana.fr\/wp-content\/uploads\/2013\/03\/IMG_0186-576x380.jpg?resize=576%2C380&#038;ssl=1\" width=\"576\" height=\"380\" \/><\/p>\n<p><img data-recalc-dims=\"1\" loading=\"lazy\" decoding=\"async\" class=\"alignnone size-large wp-image-12536\" alt=\"Plateforme Culturelle ELECTRIC par Mathieu LEHANNEUR\" src=\"https:\/\/i0.wp.com\/joyana.fr\/wp-content\/uploads\/2013\/03\/IMG_0254-576x808.jpg?resize=576%2C808&#038;ssl=1\" width=\"576\" height=\"808\" \/><\/p>\n<p><img data-recalc-dims=\"1\" loading=\"lazy\" decoding=\"async\" class=\"alignnone size-large wp-image-12545\" alt=\"Plateforme Culturelle ELECTRIC par Mathieu LEHANNEUR\" src=\"https:\/\/i0.wp.com\/joyana.fr\/wp-content\/uploads\/2013\/03\/IMG_0414-576x389.jpg?resize=576%2C389&#038;ssl=1\" width=\"576\" height=\"389\" \/><\/p>\n<p><img data-recalc-dims=\"1\" loading=\"lazy\" decoding=\"async\" class=\"alignnone size-large wp-image-12546\" alt=\"Plateforme Culturelle ELECTRIC par Mathieu LEHANNEUR\" src=\"https:\/\/i0.wp.com\/joyana.fr\/wp-content\/uploads\/2013\/03\/IMG_0416-576x895.jpg?resize=576%2C895&#038;ssl=1\" width=\"576\" height=\"895\" \/><\/p>\n<p><strong>ELECTRIC<\/strong> est le Versailles moderne de Paris o\u00f9 d\u00e9j\u00e0 d&#8217;immenses stars se croisent comme Kavinsky, We Love Art ou encore Alain Ducasse\u2026 De l&#8217;\u00e9clectisme chez <strong>ELECTRIC<\/strong>&#8230;<\/p>\n<p><img data-recalc-dims=\"1\" loading=\"lazy\" decoding=\"async\" class=\"alignnone size-large wp-image-12549\" alt=\"Plateforme Culturelle ELECTRIC par Mathieu LEHANNEUR\" src=\"https:\/\/i0.wp.com\/joyana.fr\/wp-content\/uploads\/2013\/03\/IMG_0473-576x870.jpg?resize=576%2C870&#038;ssl=1\" width=\"576\" height=\"870\" \/><\/p>\n\n<p><em><a title=\"ELECTRIC\" href=\"http:\/\/electric-paris.com\/\" target=\"_blank\"><strong>ELECTRIC<\/strong><\/a><br \/>\nParc des Expositions &#8211; Porte de Versailles<br \/>\nHall 7 &#8211; Niveau 4<br \/>\n1 Place de la Porte de Versailles \/ 75015 Paris<\/em><br \/>\ntel: + 33 1 57 25 10 87<\/p>\n<p>.<\/p>\n<p style=\"text-align: center;\">En savoir + sur <a title=\"MATHIEU LEHANNEUR\" href=\"http:\/\/www.mathieulehanneur.fr\/\" target=\"_blank\"><strong>Mathieu LEHANNEUR<\/strong><\/a><\/p>\n","protected":false},"excerpt":{"rendered":"<p>ELECTRIC est une nouvelle plateforme culturelle parisienne, un penthouse de 1000m2 sign\u00e9 par le designer Mathi [&hellip;]<\/p>\n","protected":false},"author":3,"featured_media":112547,"comment_status":"open","ping_status":"open","sticky":false,"template":"","format":"standard","meta":{"_coblocks_attr":"","_coblocks_dimensions":"","_coblocks_responsive_height":"","_coblocks_accordion_ie_support":"","_uag_custom_page_level_css":"","advgb_blocks_editor_width":"","advgb_blocks_columns_visual_guide":"","_genesis_hide_title":false,"_genesis_hide_breadcrumbs":false,"_genesis_hide_singular_image":false,"_genesis_hide_footer_widgets":false,"_genesis_custom_body_class":"","_genesis_custom_post_class":"","_genesis_layout":"","_themeisle_gutenberg_block_has_review":false,"_jetpack_newsletter_access":"","_jetpack_dont_email_post_to_subs":false,"_jetpack_newsletter_tier_id":0,"_jetpack_memberships_contains_paywalled_content":false,"_jetpack_memberships_contains_paid_content":false,"footnotes":""},"categories":[71,905,1039,1292],"tags":[501,1291,1293],"class_list":{"0":"post-112525","1":"post","2":"type-post","3":"status-publish","4":"format-standard","5":"has-post-thumbnail","7":"category-architecture","8":"category-deco-design","9":"category-france","10":"category-mathieu-lehanneur","11":"tag-architecture-2","12":"tag-culture","13":"tag-mathieu-lehanneur","14":"entry"},"featured_image_urls":{"full":["https:\/\/i0.wp.com\/www.joyana.fr\/wp-content\/uploads\/2013\/03\/IMG_0451.jpg?fit=650%2C436&ssl=1",650,436,false],"thumbnail":["https:\/\/i0.wp.com\/www.joyana.fr\/wp-content\/uploads\/2013\/03\/IMG_0451.jpg?resize=150%2C150&ssl=1",150,150,true],"medium":["https:\/\/i0.wp.com\/www.joyana.fr\/wp-content\/uploads\/2013\/03\/IMG_0451.jpg?fit=389%2C261&ssl=1",389,261,true],"medium_large":["https:\/\/i0.wp.com\/www.joyana.fr\/wp-content\/uploads\/2013\/03\/IMG_0451.jpg?fit=650%2C436&ssl=1",650,436,true],"large":["https:\/\/i0.wp.com\/www.joyana.fr\/wp-content\/uploads\/2013\/03\/IMG_0451.jpg?fit=650%2C436&ssl=1",650,436,true],"1536x1536":["https:\/\/i0.wp.com\/www.joyana.fr\/wp-content\/uploads\/2013\/03\/IMG_0451.jpg?fit=650%2C436&ssl=1",650,436,true],"2048x2048":["https:\/\/i0.wp.com\/www.joyana.fr\/wp-content\/uploads\/2013\/03\/IMG_0451.jpg?fit=650%2C436&ssl=1",650,436,true],"featured-thumb":["https:\/\/i0.wp.com\/www.joyana.fr\/wp-content\/uploads\/2013\/03\/IMG_0451.jpg?resize=650%2C436&ssl=1",650,436,true],"ab-block-post-grid-landscape":["https:\/\/i0.wp.com\/www.joyana.fr\/wp-content\/uploads\/2013\/03\/IMG_0451.jpg?resize=600%2C400&ssl=1",600,400,true],"ab-block-post-grid-square":["https:\/\/i0.wp.com\/www.joyana.fr\/wp-content\/uploads\/2013\/03\/IMG_0451.jpg?resize=600%2C436&ssl=1",600,436,true],"author-pro-image":["https:\/\/i0.wp.com\/www.joyana.fr\/wp-content\/uploads\/2013\/03\/IMG_0451.jpg?resize=360%2C436&ssl=1",360,436,true],"slider":["https:\/\/i0.wp.com\/www.joyana.fr\/wp-content\/uploads\/2013\/03\/IMG_0451.jpg?resize=650%2C400&ssl=1",650,400,true],"woocommerce_thumbnail":["https:\/\/i0.wp.com\/www.joyana.fr\/wp-content\/uploads\/2013\/03\/IMG_0451.jpg?resize=450%2C436&ssl=1",450,436,true],"woocommerce_single":["https:\/\/i0.wp.com\/www.joyana.fr\/wp-content\/uploads\/2013\/03\/IMG_0451.jpg?fit=650%2C436&ssl=1",650,436,true],"woocommerce_gallery_thumbnail":["https:\/\/i0.wp.com\/www.joyana.fr\/wp-content\/uploads\/2013\/03\/IMG_0451.jpg?resize=180%2C180&ssl=1",180,180,true],"sow-carousel-default":["https:\/\/i0.wp.com\/www.joyana.fr\/wp-content\/uploads\/2013\/03\/IMG_0451.jpg?resize=272%2C182&ssl=1",272,182,true]},"post_excerpt_stackable":"<p>ELECTRIC est une nouvelle plateforme culturelle parisienne, un penthouse de 1000m2 sign\u00e9 par le desi&hellip;<\/p>\n","category_list":"<a href=\"https:\/\/www.joyana.fr\/ja\/category\/portfolio\/architecture\/\" rel=\"category tag\">ARCHITECTURE<\/a>, <a href=\"https:\/\/www.joyana.fr\/ja\/category\/deco-design\/\" rel=\"category tag\">DECO-DESIGN<\/a>, <a href=\"https:\/\/www.joyana.fr\/ja\/category\/deco-design\/architecture-deco-design\/pays\/france\/\" rel=\"category tag\">France<\/a>, <a href=\"https:\/\/www.joyana.fr\/ja\/category\/deco-design\/designer\/mathieu-lehanneur\/\" rel=\"category tag\">Mathieu LEHANNEUR<\/a>","author_info":{"display_name":"Jo Yana","author_link":"https:\/\/www.joyana.fr\/ja\/author\/joyana\/"},"comments_num":"0 comments","featured_image_urls_v2":{"full":["https:\/\/i0.wp.com\/www.joyana.fr\/wp-content\/uploads\/2013\/03\/IMG_0451.jpg?fit=650%2C436&ssl=1",650,436,false],"thumbnail":["https:\/\/i0.wp.com\/www.joyana.fr\/wp-content\/uploads\/2013\/03\/IMG_0451.jpg?resize=150%2C150&ssl=1",150,150,true],"medium":["https:\/\/i0.wp.com\/www.joyana.fr\/wp-content\/uploads\/2013\/03\/IMG_0451.jpg?fit=389%2C261&ssl=1",389,261,true],"medium_large":["https:\/\/i0.wp.com\/www.joyana.fr\/wp-content\/uploads\/2013\/03\/IMG_0451.jpg?fit=650%2C436&ssl=1",650,436,true],"large":["https:\/\/i0.wp.com\/www.joyana.fr\/wp-content\/uploads\/2013\/03\/IMG_0451.jpg?fit=650%2C436&ssl=1",650,436,true],"1536x1536":["https:\/\/i0.wp.com\/www.joyana.fr\/wp-content\/uploads\/2013\/03\/IMG_0451.jpg?fit=650%2C436&ssl=1",650,436,true],"2048x2048":["https:\/\/i0.wp.com\/www.joyana.fr\/wp-content\/uploads\/2013\/03\/IMG_0451.jpg?fit=650%2C436&ssl=1",650,436,true],"featured-thumb":["https:\/\/i0.wp.com\/www.joyana.fr\/wp-content\/uploads\/2013\/03\/IMG_0451.jpg?resize=650%2C436&ssl=1",650,436,true],"ab-block-post-grid-landscape":["https:\/\/i0.wp.com\/www.joyana.fr\/wp-content\/uploads\/2013\/03\/IMG_0451.jpg?resize=600%2C400&ssl=1",600,400,true],"ab-block-post-grid-square":["https:\/\/i0.wp.com\/www.joyana.fr\/wp-content\/uploads\/2013\/03\/IMG_0451.jpg?resize=600%2C436&ssl=1",600,436,true],"author-pro-image":["https:\/\/i0.wp.com\/www.joyana.fr\/wp-content\/uploads\/2013\/03\/IMG_0451.jpg?resize=360%2C436&ssl=1",360,436,true],"slider":["https:\/\/i0.wp.com\/www.joyana.fr\/wp-content\/uploads\/2013\/03\/IMG_0451.jpg?resize=650%2C400&ssl=1",650,400,true],"woocommerce_thumbnail":["https:\/\/i0.wp.com\/www.joyana.fr\/wp-content\/uploads\/2013\/03\/IMG_0451.jpg?resize=450%2C436&ssl=1",450,436,true],"woocommerce_single":["https:\/\/i0.wp.com\/www.joyana.fr\/wp-content\/uploads\/2013\/03\/IMG_0451.jpg?fit=650%2C436&ssl=1",650,436,true],"woocommerce_gallery_thumbnail":["https:\/\/i0.wp.com\/www.joyana.fr\/wp-content\/uploads\/2013\/03\/IMG_0451.jpg?resize=180%2C180&ssl=1",180,180,true],"sow-carousel-default":["https:\/\/i0.wp.com\/www.joyana.fr\/wp-content\/uploads\/2013\/03\/IMG_0451.jpg?resize=272%2C182&ssl=1",272,182,true]},"post_excerpt_stackable_v2":"<p>ELECTRIC est une nouvelle plateforme culturelle parisienne, un penthouse de 1000m2 sign\u00e9 par le desi&hellip;<\/p>\n","category_list_v2":"<a href=\"https:\/\/www.joyana.fr\/ja\/category\/portfolio\/architecture\/\" rel=\"category tag\">ARCHITECTURE<\/a>, <a href=\"https:\/\/www.joyana.fr\/ja\/category\/deco-design\/\" rel=\"category tag\">DECO-DESIGN<\/a>, <a href=\"https:\/\/www.joyana.fr\/ja\/category\/deco-design\/architecture-deco-design\/pays\/france\/\" rel=\"category tag\">France<\/a>, <a href=\"https:\/\/www.joyana.fr\/ja\/category\/deco-design\/designer\/mathieu-lehanneur\/\" rel=\"category tag\">Mathieu LEHANNEUR<\/a>","author_info_v2":{"name":"Jo Yana","url":"https:\/\/www.joyana.fr\/ja\/author\/joyana\/"},"comments_num_v2":"0 comments","yoast_head":"<!-- This site is optimized with the Yoast SEO plugin v26.8 - https:\/\/yoast.com\/product\/yoast-seo-wordpress\/ -->\n<title>Plateforme Culturelle ELECTRIC par Mathieu LEHANNEUR - JO YANA<\/title>\n<meta name=\"robots\" content=\"index, follow, max-snippet:-1, max-image-preview:large, max-video-preview:-1\" \/>\n<link rel=\"canonical\" href=\"https:\/\/www.joyana.fr\/ja\/plateforme-culturelle-electric-ana-moussinet-mathieu-lehanneur\/112525\/\" \/>\n<meta property=\"og:locale\" content=\"ja_JP\" \/>\n<meta property=\"og:locale:alternate\" content=\"fr_FR\" \/>\n<meta property=\"og:locale:alternate\" content=\"en_US\" \/>\n<meta property=\"og:type\" content=\"article\" \/>\n<meta property=\"og:title\" content=\"Plateforme Culturelle ELECTRIC par Mathieu LEHANNEUR - JO YANA\" \/>\n<meta property=\"og:description\" content=\"ELECTRIC est une nouvelle plateforme culturelle parisienne, un penthouse de 1000m2 sign\u00e9 par le designer Mathi [&hellip;]\" \/>\n<meta property=\"og:url\" content=\"https:\/\/www.joyana.fr\/ja\/plateforme-culturelle-electric-ana-moussinet-mathieu-lehanneur\/112525\/\" \/>\n<meta property=\"og:site_name\" content=\"JO YANA\" \/>\n<meta property=\"article:published_time\" content=\"2013-03-06T12:51:38+00:00\" \/>\n<meta property=\"og:image\" content=\"https:\/\/www.joyana.fr\/wp-content\/uploads\/2013\/03\/IMG_0451.jpg\" \/>\n\t<meta property=\"og:image:width\" content=\"650\" \/>\n\t<meta property=\"og:image:height\" content=\"436\" \/>\n\t<meta property=\"og:image:type\" content=\"image\/jpeg\" \/>\n<meta name=\"author\" content=\"Jo Yana\" \/>\n<meta name=\"twitter:card\" content=\"summary_large_image\" \/>\n<meta name=\"twitter:creator\" content=\"@Jo_Yana\" \/>\n<meta name=\"twitter:site\" content=\"@Jo_Yana\" \/>\n<meta name=\"twitter:label1\" content=\"\u57f7\u7b46\u8005\" \/>\n\t<meta name=\"twitter:data1\" content=\"Jo Yana\" \/>\n\t<meta name=\"twitter:label2\" content=\"\u63a8\u5b9a\u8aad\u307f\u53d6\u308a\u6642\u9593\" \/>\n\t<meta name=\"twitter:data2\" content=\"1\u5206\" \/>\n<script type=\"application\/ld+json\" class=\"yoast-schema-graph\">{\"@context\":\"https:\/\/schema.org\",\"@graph\":[{\"@type\":\"Article\",\"@id\":\"https:\/\/www.joyana.fr\/ja\/plateforme-culturelle-electric-ana-moussinet-mathieu-lehanneur\/112525\/#article\",\"isPartOf\":{\"@id\":\"https:\/\/www.joyana.fr\/ja\/plateforme-culturelle-electric-ana-moussinet-mathieu-lehanneur\/112525\/\"},\"author\":{\"name\":\"Jo Yana\",\"@id\":\"https:\/\/joyana.fr\/#\/schema\/person\/cf2a1ad12a27c12c21801075bf37407c\"},\"headline\":\"Plateforme Culturelle ELECTRIC par Mathieu LEHANNEUR\",\"datePublished\":\"2013-03-06T12:51:38+00:00\",\"mainEntityOfPage\":{\"@id\":\"https:\/\/www.joyana.fr\/ja\/plateforme-culturelle-electric-ana-moussinet-mathieu-lehanneur\/112525\/\"},\"wordCount\":179,\"commentCount\":0,\"publisher\":{\"@id\":\"https:\/\/joyana.fr\/#\/schema\/person\/cf2a1ad12a27c12c21801075bf37407c\"},\"image\":{\"@id\":\"https:\/\/www.joyana.fr\/ja\/plateforme-culturelle-electric-ana-moussinet-mathieu-lehanneur\/112525\/#primaryimage\"},\"thumbnailUrl\":\"https:\/\/i0.wp.com\/www.joyana.fr\/wp-content\/uploads\/2013\/03\/IMG_0451.jpg?fit=650%2C436&ssl=1\",\"keywords\":[\"Architecture\",\"Culture\",\"Mathieu LEHANNEUR\"],\"articleSection\":[\"ARCHITECTURE\",\"DECO-DESIGN\",\"France\",\"Mathieu LEHANNEUR\"],\"inLanguage\":\"ja\",\"potentialAction\":[{\"@type\":\"CommentAction\",\"name\":\"Comment\",\"target\":[\"https:\/\/www.joyana.fr\/ja\/plateforme-culturelle-electric-ana-moussinet-mathieu-lehanneur\/112525\/#respond\"]}]},{\"@type\":\"WebPage\",\"@id\":\"https:\/\/www.joyana.fr\/ja\/plateforme-culturelle-electric-ana-moussinet-mathieu-lehanneur\/112525\/\",\"url\":\"https:\/\/www.joyana.fr\/ja\/plateforme-culturelle-electric-ana-moussinet-mathieu-lehanneur\/112525\/\",\"name\":\"Plateforme Culturelle ELECTRIC par Mathieu LEHANNEUR - JO YANA\",\"isPartOf\":{\"@id\":\"https:\/\/joyana.fr\/#website\"},\"primaryImageOfPage\":{\"@id\":\"https:\/\/www.joyana.fr\/ja\/plateforme-culturelle-electric-ana-moussinet-mathieu-lehanneur\/112525\/#primaryimage\"},\"image\":{\"@id\":\"https:\/\/www.joyana.fr\/ja\/plateforme-culturelle-electric-ana-moussinet-mathieu-lehanneur\/112525\/#primaryimage\"},\"thumbnailUrl\":\"https:\/\/i0.wp.com\/www.joyana.fr\/wp-content\/uploads\/2013\/03\/IMG_0451.jpg?fit=650%2C436&ssl=1\",\"datePublished\":\"2013-03-06T12:51:38+00:00\",\"breadcrumb\":{\"@id\":\"https:\/\/www.joyana.fr\/ja\/plateforme-culturelle-electric-ana-moussinet-mathieu-lehanneur\/112525\/#breadcrumb\"},\"inLanguage\":\"ja\",\"potentialAction\":[{\"@type\":\"ReadAction\",\"target\":[\"https:\/\/www.joyana.fr\/ja\/plateforme-culturelle-electric-ana-moussinet-mathieu-lehanneur\/112525\/\"]}]},{\"@type\":\"ImageObject\",\"inLanguage\":\"ja\",\"@id\":\"https:\/\/www.joyana.fr\/ja\/plateforme-culturelle-electric-ana-moussinet-mathieu-lehanneur\/112525\/#primaryimage\",\"url\":\"https:\/\/i0.wp.com\/www.joyana.fr\/wp-content\/uploads\/2013\/03\/IMG_0451.jpg?fit=650%2C436&ssl=1\",\"contentUrl\":\"https:\/\/i0.wp.com\/www.joyana.fr\/wp-content\/uploads\/2013\/03\/IMG_0451.jpg?fit=650%2C436&ssl=1\",\"width\":650,\"height\":436},{\"@type\":\"BreadcrumbList\",\"@id\":\"https:\/\/www.joyana.fr\/ja\/plateforme-culturelle-electric-ana-moussinet-mathieu-lehanneur\/112525\/#breadcrumb\",\"itemListElement\":[{\"@type\":\"ListItem\",\"position\":1,\"name\":\"Accueil\",\"item\":\"https:\/\/joyana.fr\/\"},{\"@type\":\"ListItem\",\"position\":2,\"name\":\"Plateforme Culturelle ELECTRIC par Mathieu LEHANNEUR\"}]},{\"@type\":\"WebSite\",\"@id\":\"https:\/\/joyana.fr\/#website\",\"url\":\"https:\/\/joyana.fr\/\",\"name\":\"JO YANA\",\"description\":\"Blog Mode Homme, Lifestyle, D\u00e9co-Design\",\"publisher\":{\"@id\":\"https:\/\/joyana.fr\/#\/schema\/person\/cf2a1ad12a27c12c21801075bf37407c\"},\"potentialAction\":[{\"@type\":\"SearchAction\",\"target\":{\"@type\":\"EntryPoint\",\"urlTemplate\":\"https:\/\/joyana.fr\/?s={search_term_string}\"},\"query-input\":{\"@type\":\"PropertyValueSpecification\",\"valueRequired\":true,\"valueName\":\"search_term_string\"}}],\"inLanguage\":\"ja\"},{\"@type\":[\"Person\",\"Organization\"],\"@id\":\"https:\/\/joyana.fr\/#\/schema\/person\/cf2a1ad12a27c12c21801075bf37407c\",\"name\":\"Jo Yana\",\"image\":{\"@type\":\"ImageObject\",\"inLanguage\":\"ja\",\"@id\":\"https:\/\/joyana.fr\/#\/schema\/person\/image\/\",\"url\":\"https:\/\/i0.wp.com\/www.joyana.fr\/wp-content\/uploads\/2016\/08\/cropped-joyana-logo-black-360x180.png?fit=343%2C164&ssl=1\",\"contentUrl\":\"https:\/\/i0.wp.com\/www.joyana.fr\/wp-content\/uploads\/2016\/08\/cropped-joyana-logo-black-360x180.png?fit=343%2C164&ssl=1\",\"width\":343,\"height\":164,\"caption\":\"Jo Yana\"},\"logo\":{\"@id\":\"https:\/\/joyana.fr\/#\/schema\/person\/image\/\"},\"description\":\"Jo Yana est le cr\u00e9ateur et r\u00e9dacteur en chef des sites DECO-DESIGN. Passionn\u00e9 de Design, Mode, Photo, Luxe, Lifestyle, Musique, mais avant tout Blogueur ! Le plaisir de partager l'anime et a comme devise \\\"POUR L'AMOUR DU BEAU\\\". Retrouvez le aussi sur son blog personnel - https:\/\/joyana.fr...\",\"sameAs\":[\"https:\/\/joyana.fr\/\"],\"url\":\"https:\/\/www.joyana.fr\/ja\/author\/joyana\/\"}]}<\/script>\n<!-- \/ Yoast SEO plugin. -->","yoast_head_json":{"title":"Plateforme Culturelle ELECTRIC par Mathieu LEHANNEUR - JO YANA","robots":{"index":"index","follow":"follow","max-snippet":"max-snippet:-1","max-image-preview":"max-image-preview:large","max-video-preview":"max-video-preview:-1"},"canonical":"https:\/\/www.joyana.fr\/ja\/plateforme-culturelle-electric-ana-moussinet-mathieu-lehanneur\/112525\/","og_locale":"ja_JP","og_type":"article","og_title":"Plateforme Culturelle ELECTRIC par Mathieu LEHANNEUR - JO YANA","og_description":"ELECTRIC est une nouvelle plateforme culturelle parisienne, un penthouse de 1000m2 sign\u00e9 par le designer Mathi [&hellip;]","og_url":"https:\/\/www.joyana.fr\/ja\/plateforme-culturelle-electric-ana-moussinet-mathieu-lehanneur\/112525\/","og_site_name":"JO YANA","article_published_time":"2013-03-06T12:51:38+00:00","og_image":[{"width":650,"height":436,"url":"https:\/\/www.joyana.fr\/wp-content\/uploads\/2013\/03\/IMG_0451.jpg","type":"image\/jpeg"}],"author":"Jo Yana","twitter_card":"summary_large_image","twitter_creator":"@Jo_Yana","twitter_site":"@Jo_Yana","twitter_misc":{"\u57f7\u7b46\u8005":"Jo Yana","\u63a8\u5b9a\u8aad\u307f\u53d6\u308a\u6642\u9593":"1\u5206"},"schema":{"@context":"https:\/\/schema.org","@graph":[{"@type":"Article","@id":"https:\/\/www.joyana.fr\/ja\/plateforme-culturelle-electric-ana-moussinet-mathieu-lehanneur\/112525\/#article","isPartOf":{"@id":"https:\/\/www.joyana.fr\/ja\/plateforme-culturelle-electric-ana-moussinet-mathieu-lehanneur\/112525\/"},"author":{"name":"Jo Yana","@id":"https:\/\/joyana.fr\/#\/schema\/person\/cf2a1ad12a27c12c21801075bf37407c"},"headline":"Plateforme Culturelle ELECTRIC par Mathieu LEHANNEUR","datePublished":"2013-03-06T12:51:38+00:00","mainEntityOfPage":{"@id":"https:\/\/www.joyana.fr\/ja\/plateforme-culturelle-electric-ana-moussinet-mathieu-lehanneur\/112525\/"},"wordCount":179,"commentCount":0,"publisher":{"@id":"https:\/\/joyana.fr\/#\/schema\/person\/cf2a1ad12a27c12c21801075bf37407c"},"image":{"@id":"https:\/\/www.joyana.fr\/ja\/plateforme-culturelle-electric-ana-moussinet-mathieu-lehanneur\/112525\/#primaryimage"},"thumbnailUrl":"https:\/\/i0.wp.com\/www.joyana.fr\/wp-content\/uploads\/2013\/03\/IMG_0451.jpg?fit=650%2C436&ssl=1","keywords":["Architecture","Culture","Mathieu LEHANNEUR"],"articleSection":["ARCHITECTURE","DECO-DESIGN","France","Mathieu LEHANNEUR"],"inLanguage":"ja","potentialAction":[{"@type":"CommentAction","name":"Comment","target":["https:\/\/www.joyana.fr\/ja\/plateforme-culturelle-electric-ana-moussinet-mathieu-lehanneur\/112525\/#respond"]}]},{"@type":"WebPage","@id":"https:\/\/www.joyana.fr\/ja\/plateforme-culturelle-electric-ana-moussinet-mathieu-lehanneur\/112525\/","url":"https:\/\/www.joyana.fr\/ja\/plateforme-culturelle-electric-ana-moussinet-mathieu-lehanneur\/112525\/","name":"Plateforme Culturelle ELECTRIC par Mathieu LEHANNEUR - JO YANA","isPartOf":{"@id":"https:\/\/joyana.fr\/#website"},"primaryImageOfPage":{"@id":"https:\/\/www.joyana.fr\/ja\/plateforme-culturelle-electric-ana-moussinet-mathieu-lehanneur\/112525\/#primaryimage"},"image":{"@id":"https:\/\/www.joyana.fr\/ja\/plateforme-culturelle-electric-ana-moussinet-mathieu-lehanneur\/112525\/#primaryimage"},"thumbnailUrl":"https:\/\/i0.wp.com\/www.joyana.fr\/wp-content\/uploads\/2013\/03\/IMG_0451.jpg?fit=650%2C436&ssl=1","datePublished":"2013-03-06T12:51:38+00:00","breadcrumb":{"@id":"https:\/\/www.joyana.fr\/ja\/plateforme-culturelle-electric-ana-moussinet-mathieu-lehanneur\/112525\/#breadcrumb"},"inLanguage":"ja","potentialAction":[{"@type":"ReadAction","target":["https:\/\/www.joyana.fr\/ja\/plateforme-culturelle-electric-ana-moussinet-mathieu-lehanneur\/112525\/"]}]},{"@type":"ImageObject","inLanguage":"ja","@id":"https:\/\/www.joyana.fr\/ja\/plateforme-culturelle-electric-ana-moussinet-mathieu-lehanneur\/112525\/#primaryimage","url":"https:\/\/i0.wp.com\/www.joyana.fr\/wp-content\/uploads\/2013\/03\/IMG_0451.jpg?fit=650%2C436&ssl=1","contentUrl":"https:\/\/i0.wp.com\/www.joyana.fr\/wp-content\/uploads\/2013\/03\/IMG_0451.jpg?fit=650%2C436&ssl=1","width":650,"height":436},{"@type":"BreadcrumbList","@id":"https:\/\/www.joyana.fr\/ja\/plateforme-culturelle-electric-ana-moussinet-mathieu-lehanneur\/112525\/#breadcrumb","itemListElement":[{"@type":"ListItem","position":1,"name":"Accueil","item":"https:\/\/joyana.fr\/"},{"@type":"ListItem","position":2,"name":"Plateforme Culturelle ELECTRIC par Mathieu LEHANNEUR"}]},{"@type":"WebSite","@id":"https:\/\/joyana.fr\/#website","url":"https:\/\/joyana.fr\/","name":"JO YANA","description":"Blog Mode Homme, Lifestyle, D\u00e9co-Design","publisher":{"@id":"https:\/\/joyana.fr\/#\/schema\/person\/cf2a1ad12a27c12c21801075bf37407c"},"potentialAction":[{"@type":"SearchAction","target":{"@type":"EntryPoint","urlTemplate":"https:\/\/joyana.fr\/?s={search_term_string}"},"query-input":{"@type":"PropertyValueSpecification","valueRequired":true,"valueName":"search_term_string"}}],"inLanguage":"ja"},{"@type":["Person","Organization"],"@id":"https:\/\/joyana.fr\/#\/schema\/person\/cf2a1ad12a27c12c21801075bf37407c","name":"Jo Yana","image":{"@type":"ImageObject","inLanguage":"ja","@id":"https:\/\/joyana.fr\/#\/schema\/person\/image\/","url":"https:\/\/i0.wp.com\/www.joyana.fr\/wp-content\/uploads\/2016\/08\/cropped-joyana-logo-black-360x180.png?fit=343%2C164&ssl=1","contentUrl":"https:\/\/i0.wp.com\/www.joyana.fr\/wp-content\/uploads\/2016\/08\/cropped-joyana-logo-black-360x180.png?fit=343%2C164&ssl=1","width":343,"height":164,"caption":"Jo Yana"},"logo":{"@id":"https:\/\/joyana.fr\/#\/schema\/person\/image\/"},"description":"Jo Yana est le cr\u00e9ateur et r\u00e9dacteur en chef des sites DECO-DESIGN. Passionn\u00e9 de Design, Mode, Photo, Luxe, Lifestyle, Musique, mais avant tout Blogueur ! Le plaisir de partager l'anime et a comme devise \"POUR L'AMOUR DU BEAU\". Retrouvez le aussi sur son blog personnel - https:\/\/joyana.fr...","sameAs":["https:\/\/joyana.fr\/"],"url":"https:\/\/www.joyana.fr\/ja\/author\/joyana\/"}]}},"author_meta":{"display_name":"Jo Yana","author_link":"https:\/\/www.joyana.fr\/ja\/author\/joyana\/"},"featured_img":"https:\/\/i0.wp.com\/www.joyana.fr\/wp-content\/uploads\/2013\/03\/IMG_0451.jpg?fit=389%2C261&ssl=1","featured_image_src":"https:\/\/i0.wp.com\/www.joyana.fr\/wp-content\/uploads\/2013\/03\/IMG_0451.jpg?resize=600%2C400&ssl=1","featured_image_src_square":"https:\/\/i0.wp.com\/www.joyana.fr\/wp-content\/uploads\/2013\/03\/IMG_0451.jpg?resize=600%2C436&ssl=1","jetpack_featured_media_url":"https:\/\/i0.wp.com\/www.joyana.fr\/wp-content\/uploads\/2013\/03\/IMG_0451.jpg?fit=650%2C436&ssl=1","uagb_featured_image_src":{"full":["https:\/\/i0.wp.com\/www.joyana.fr\/wp-content\/uploads\/2013\/03\/IMG_0451.jpg?fit=650%2C436&ssl=1",650,436,false],"thumbnail":["https:\/\/i0.wp.com\/www.joyana.fr\/wp-content\/uploads\/2013\/03\/IMG_0451.jpg?resize=150%2C150&ssl=1",150,150,true],"medium":["https:\/\/i0.wp.com\/www.joyana.fr\/wp-content\/uploads\/2013\/03\/IMG_0451.jpg?fit=389%2C261&ssl=1",389,261,true],"medium_large":["https:\/\/i0.wp.com\/www.joyana.fr\/wp-content\/uploads\/2013\/03\/IMG_0451.jpg?fit=650%2C436&ssl=1",650,436,true],"large":["https:\/\/i0.wp.com\/www.joyana.fr\/wp-content\/uploads\/2013\/03\/IMG_0451.jpg?fit=650%2C436&ssl=1",650,436,true],"1536x1536":["https:\/\/i0.wp.com\/www.joyana.fr\/wp-content\/uploads\/2013\/03\/IMG_0451.jpg?fit=650%2C436&ssl=1",650,436,true],"2048x2048":["https:\/\/i0.wp.com\/www.joyana.fr\/wp-content\/uploads\/2013\/03\/IMG_0451.jpg?fit=650%2C436&ssl=1",650,436,true],"featured-thumb":["https:\/\/i0.wp.com\/www.joyana.fr\/wp-content\/uploads\/2013\/03\/IMG_0451.jpg?resize=650%2C436&ssl=1",650,436,true],"ab-block-post-grid-landscape":["https:\/\/i0.wp.com\/www.joyana.fr\/wp-content\/uploads\/2013\/03\/IMG_0451.jpg?resize=600%2C400&ssl=1",600,400,true],"ab-block-post-grid-square":["https:\/\/i0.wp.com\/www.joyana.fr\/wp-content\/uploads\/2013\/03\/IMG_0451.jpg?resize=600%2C436&ssl=1",600,436,true],"author-pro-image":["https:\/\/i0.wp.com\/www.joyana.fr\/wp-content\/uploads\/2013\/03\/IMG_0451.jpg?resize=360%2C436&ssl=1",360,436,true],"slider":["https:\/\/i0.wp.com\/www.joyana.fr\/wp-content\/uploads\/2013\/03\/IMG_0451.jpg?resize=650%2C400&ssl=1",650,400,true],"woocommerce_thumbnail":["https:\/\/i0.wp.com\/www.joyana.fr\/wp-content\/uploads\/2013\/03\/IMG_0451.jpg?resize=450%2C436&ssl=1",450,436,true],"woocommerce_single":["https:\/\/i0.wp.com\/www.joyana.fr\/wp-content\/uploads\/2013\/03\/IMG_0451.jpg?fit=650%2C436&ssl=1",650,436,true],"woocommerce_gallery_thumbnail":["https:\/\/i0.wp.com\/www.joyana.fr\/wp-content\/uploads\/2013\/03\/IMG_0451.jpg?resize=180%2C180&ssl=1",180,180,true],"sow-carousel-default":["https:\/\/i0.wp.com\/www.joyana.fr\/wp-content\/uploads\/2013\/03\/IMG_0451.jpg?resize=272%2C182&ssl=1",272,182,true]},"uagb_author_info":{"display_name":"Jo Yana","author_link":"https:\/\/www.joyana.fr\/ja\/author\/joyana\/"},"uagb_comment_info":0,"uagb_excerpt":"ELECTRIC est une nouvelle plateforme culturelle parisie&hellip;","coauthors":[],"tax_additional":{"categories":{"linked":["<a href=\"https:\/\/www.joyana.fr\/ja\/category\/portfolio\/architecture\/\" class=\"advgb-post-tax-term\">ARCHITECTURE<\/a>","<a href=\"https:\/\/www.joyana.fr\/ja\/category\/deco-design\/\" class=\"advgb-post-tax-term\">DECO-DESIGN<\/a>","<a href=\"https:\/\/www.joyana.fr\/ja\/category\/deco-design\/architecture-deco-design\/pays\/france\/\" class=\"advgb-post-tax-term\">France<\/a>","<a href=\"https:\/\/www.joyana.fr\/ja\/category\/deco-design\/designer\/mathieu-lehanneur\/\" class=\"advgb-post-tax-term\">Mathieu LEHANNEUR<\/a>"],"unlinked":["<span class=\"advgb-post-tax-term\">ARCHITECTURE<\/span>","<span class=\"advgb-post-tax-term\">DECO-DESIGN<\/span>","<span class=\"advgb-post-tax-term\">France<\/span>","<span class=\"advgb-post-tax-term\">Mathieu LEHANNEUR<\/span>"]},"tags":{"linked":["<a href=\"https:\/\/www.joyana.fr\/ja\/category\/deco-design\/designer\/mathieu-lehanneur\/\" class=\"advgb-post-tax-term\">Architecture<\/a>","<a href=\"https:\/\/www.joyana.fr\/ja\/category\/deco-design\/designer\/mathieu-lehanneur\/\" class=\"advgb-post-tax-term\">Culture<\/a>","<a href=\"https:\/\/www.joyana.fr\/ja\/category\/deco-design\/designer\/mathieu-lehanneur\/\" class=\"advgb-post-tax-term\">Mathieu LEHANNEUR<\/a>"],"unlinked":["<span class=\"advgb-post-tax-term\">Architecture<\/span>","<span class=\"advgb-post-tax-term\">Culture<\/span>","<span class=\"advgb-post-tax-term\">Mathieu LEHANNEUR<\/span>"]}},"comment_count":0,"relative_dates":{"created":"Posted 13\u5e74 ago","modified":"Updated 13\u5e74 ago"},"absolute_dates":{"created":"Posted on 6 3\u6708 2013","modified":"Updated on 6 3\u6708 2013"},"absolute_dates_time":{"created":"Posted on 6 3\u6708 2013 13:51","modified":"Updated on 6 3\u6708 2013 13:51"},"featured_img_caption":"","series_order":"","jetpack_sharing_enabled":true,"jetpack_shortlink":"https:\/\/wp.me\/p9bteI-tgV","jetpack-related-posts":[],"_links":{"self":[{"href":"https:\/\/www.joyana.fr\/ja\/wp-json\/wp\/v2\/posts\/112525","targetHints":{"allow":["GET"]}}],"collection":[{"href":"https:\/\/www.joyana.fr\/ja\/wp-json\/wp\/v2\/posts"}],"about":[{"href":"https:\/\/www.joyana.fr\/ja\/wp-json\/wp\/v2\/types\/post"}],"author":[{"embeddable":true,"href":"https:\/\/www.joyana.fr\/ja\/wp-json\/wp\/v2\/users\/3"}],"replies":[{"embeddable":true,"href":"https:\/\/www.joyana.fr\/ja\/wp-json\/wp\/v2\/comments?post=112525"}],"version-history":[{"count":0,"href":"https:\/\/www.joyana.fr\/ja\/wp-json\/wp\/v2\/posts\/112525\/revisions"}],"wp:featuredmedia":[{"embeddable":true,"href":"https:\/\/www.joyana.fr\/ja\/wp-json\/wp\/v2\/media\/112547"}],"wp:attachment":[{"href":"https:\/\/www.joyana.fr\/ja\/wp-json\/wp\/v2\/media?parent=112525"}],"wp:term":[{"taxonomy":"category","embeddable":true,"href":"https:\/\/www.joyana.fr\/ja\/wp-json\/wp\/v2\/categories?post=112525"},{"taxonomy":"post_tag","embeddable":true,"href":"https:\/\/www.joyana.fr\/ja\/wp-json\/wp\/v2\/tags?post=112525"}],"curies":[{"name":"wp","href":"https:\/\/api.w.org\/{rel}","templated":true}]}}