{"id":112391,"date":"2013-02-26T13:00:00","date_gmt":"2013-02-26T12:00:00","guid":{"rendered":"https:\/\/joyana.fr\/?p=12391"},"modified":"2013-02-26T13:00:00","modified_gmt":"2013-02-26T12:00:00","slug":"hotel-de-nell-luxe-paris-jean-michel-wilmotte","status":"publish","type":"post","link":"https:\/\/www.joyana.fr\/ja\/hotel-de-nell-luxe-paris-jean-michel-wilmotte\/112391\/","title":{"rendered":"L&#8217;H\u00f4tel de NELL par Jean-Michel WILMOTTE"},"content":{"rendered":"<p>C&#8217;est dans la Ville Lumi\u00e8re que nous d\u00e9couvrons l&#8217;<strong>H\u00f4tel de NELL<\/strong> &#8211; nouvelle signature de l\u2019h\u00f4tellerie de prestige <strong>Charm &#038; More<\/strong> &#8211; dont la d\u00e9coration a \u00e9t\u00e9 confi\u00e9e aux talents de <strong>Jean-Michel Wilmotte<\/strong> pour la cr\u00e9ation d\u2019un confort d\u00e9licat, chaleureux et unique cinq \u00e9toiles&#8230;<\/p>\n<p><img data-recalc-dims=\"1\" fetchpriority=\"high\" decoding=\"async\" class=\"alignnone size-large wp-image-12392\" alt=\"presse-4-5-6-floor-Hausmann-View\" src=\"https:\/\/i0.wp.com\/joyana.fr\/wp-content\/uploads\/2013\/02\/presse-4-5-6-floor-Hausmann-View-576x768.jpg?resize=576%2C768&#038;ssl=1\" width=\"576\" height=\"768\" \/><\/p>\n<p>C&#8217;est au c\u0153ur du 9\u00e8me arrondissement de <strong>Paris<\/strong> &#8211; entre la butte Montmartre et le jardin du Palais Royal &#8211; que <strong>Charm &#038; More<\/strong> inaugure son nouvel \u00e9tablissement l&#8217;<strong>H\u00f4tel de NELL <\/strong>. Un lieu chic et d\u00e9contract\u00e9 imagin\u00e9 par <strong>Jean Michel Wilmotte<\/strong> ; o\u00f9 lambris, parquets, marbre brut, carreaux de ciment, moquettes \u00e9paisses, ont \u00e9t\u00e9 choisis avec le soucis du d\u00e9tail&#8230; Rien n\u2019a \u00e9t\u00e9 laiss\u00e9 au hasard pour offrir un cadre d\u2019exception !<\/p>\n<p><img data-recalc-dims=\"1\" decoding=\"async\" class=\"alignnone size-large wp-image-12400\" alt=\"presse-Courtyard-2\" src=\"https:\/\/i0.wp.com\/joyana.fr\/wp-content\/uploads\/2013\/02\/presse-Courtyard-2-576x276.jpg?resize=576%2C276&#038;ssl=1\" width=\"576\" height=\"276\" \/><\/p>\n<p><img data-recalc-dims=\"1\" decoding=\"async\" class=\"alignnone size-large wp-image-12398\" alt=\"presse-Bistro\" src=\"https:\/\/i0.wp.com\/joyana.fr\/wp-content\/uploads\/2013\/02\/presse-Bistro-576x576.jpg?resize=576%2C576&#038;ssl=1\" width=\"576\" height=\"576\" \/><\/p>\n<p>Le coup de c\u0153ur <a title=\"deco-design\" href=\"https:\/\/joyana.fr\" target=\"_blank\">Deco-Design<\/a> est pour les chambres et suite de l&#8217;<a title=\"HOTEL DECO-DESIGN\" href=\"https:\/\/joyana.fr\/category\/architecture\/lieux-design\/hotel\/\" target=\"_blank\"><strong>h\u00f4tel<\/strong><\/a> avec bain japonais. Pi\u00e8ce rare et unique, chaque bain japonais a \u00e9t\u00e9 taill\u00e9 dans un bloc de marbre brut et massif pour un luxe non ostentatoire et l\u2019exp\u00e9rience unique d\u2019un vrai bain. Tablette de service, assise et marche pied ont \u00e9galement re\u00e7u une attention particuli\u00e8re avec le choix d\u2019un bois d\u2019Oregon des plus clairs :<\/p>\n<p><img data-recalc-dims=\"1\" loading=\"lazy\" decoding=\"async\" class=\"alignnone size-large wp-image-12416\" alt=\"presse-Superior-Room-6th-Floor\" src=\"https:\/\/i0.wp.com\/joyana.fr\/wp-content\/uploads\/2013\/02\/presse-Superior-Room-6th-Floor-576x576.jpg?resize=576%2C576&#038;ssl=1\" width=\"576\" height=\"576\" \/><\/p>\n<p><img data-recalc-dims=\"1\" loading=\"lazy\" decoding=\"async\" class=\"alignnone size-large wp-image-12413\" alt=\"presse-Junior-Suite\" src=\"https:\/\/i0.wp.com\/joyana.fr\/wp-content\/uploads\/2013\/02\/presse-Junior-Suite-576x433.jpg?resize=576%2C433&#038;ssl=1\" width=\"576\" height=\"433\" \/><\/p>\n<p><img data-recalc-dims=\"1\" loading=\"lazy\" decoding=\"async\" class=\"alignnone size-large wp-image-12406\" alt=\"presse-Deluxe-Room\" src=\"https:\/\/i0.wp.com\/joyana.fr\/wp-content\/uploads\/2013\/02\/presse-Deluxe-Room-576x432.jpg?resize=576%2C432&#038;ssl=1\" width=\"576\" height=\"432\" \/><\/p>\n<p><img data-recalc-dims=\"1\" loading=\"lazy\" decoding=\"async\" class=\"alignnone size-large wp-image-12404\" alt=\"presse-Deluxe-room-2\" src=\"https:\/\/i0.wp.com\/joyana.fr\/wp-content\/uploads\/2013\/02\/presse-Deluxe-room-2-576x576.jpg?resize=576%2C576&#038;ssl=1\" width=\"576\" height=\"576\" \/><\/p>\n<p><img data-recalc-dims=\"1\" loading=\"lazy\" decoding=\"async\" class=\"alignnone size-large wp-image-12405\" alt=\"presse-Deluxe-Room-6th-Floor\" src=\"https:\/\/i0.wp.com\/joyana.fr\/wp-content\/uploads\/2013\/02\/presse-Deluxe-Room-6th-Floor-576x576.jpg?resize=576%2C576&#038;ssl=1\" width=\"576\" height=\"576\" \/><\/p>\n\n<p style=\"text-align: center;\"><em><strong>L&#8217;H\u00d4TEL DE NELL<\/strong><br \/>\n7-9 Rue du Conservatoire, 75009 Paris<\/em><br \/>\n<a href=\"http:\/\/www.hoteldenell.com\/\" target=\"_blank\">http:\/\/www.hoteldenell.com\/<\/a><\/p>\n<p style=\"text-align: center;\">\n","protected":false},"excerpt":{"rendered":"<p>C&#8217;est dans la Ville Lumi\u00e8re que nous d\u00e9couvrons l&#8217;H\u00f4tel de NELL &#8211; nouvelle signature de l\u2019h\u00f4 [&hellip;]<\/p>\n","protected":false},"author":3,"featured_media":112419,"comment_status":"open","ping_status":"open","sticky":false,"template":"","format":"standard","meta":{"_coblocks_attr":"","_coblocks_dimensions":"","_coblocks_responsive_height":"","_coblocks_accordion_ie_support":"","_uag_custom_page_level_css":"","advgb_blocks_editor_width":"","advgb_blocks_columns_visual_guide":"","_genesis_hide_title":false,"_genesis_hide_breadcrumbs":false,"_genesis_hide_singular_image":false,"_genesis_hide_footer_widgets":false,"_genesis_custom_body_class":"","_genesis_custom_post_class":"","_genesis_layout":"","_themeisle_gutenberg_block_has_review":false,"_jetpack_newsletter_access":"","_jetpack_dont_email_post_to_subs":false,"_jetpack_newsletter_tier_id":0,"_jetpack_memberships_contains_paywalled_content":false,"_jetpack_memberships_contains_paid_content":false,"footnotes":""},"categories":[1036,71,905,1039,980,1278],"tags":[501,67,1258,1279,12],"class_list":{"0":"post-112391","1":"post","2":"type-post","3":"status-publish","4":"format-standard","5":"has-post-thumbnail","7":"category-a-la-une","8":"category-architecture","9":"category-deco-design","10":"category-france","11":"category-hotel","12":"category-jean-michel-wilmotte","13":"tag-architecture-2","14":"tag-hotel","15":"tag-hotel-design","16":"tag-jean-michel-wilmotte","17":"tag-paris","18":"entry"},"featured_image_urls":{"full":["https:\/\/i0.wp.com\/www.joyana.fr\/wp-content\/uploads\/2013\/02\/HOTEL-DE-NELL-CAROUSSEL_DECO_DESIGN_NOV_2011.jpg?fit=1500%2C320&ssl=1",1500,320,false],"thumbnail":["https:\/\/i0.wp.com\/www.joyana.fr\/wp-content\/uploads\/2013\/02\/HOTEL-DE-NELL-CAROUSSEL_DECO_DESIGN_NOV_2011.jpg?resize=150%2C150&ssl=1",150,150,true],"medium":["https:\/\/i0.wp.com\/www.joyana.fr\/wp-content\/uploads\/2013\/02\/HOTEL-DE-NELL-CAROUSSEL_DECO_DESIGN_NOV_2011.jpg?fit=389%2C83&ssl=1",389,83,true],"medium_large":["https:\/\/i0.wp.com\/www.joyana.fr\/wp-content\/uploads\/2013\/02\/HOTEL-DE-NELL-CAROUSSEL_DECO_DESIGN_NOV_2011.jpg?fit=768%2C164&ssl=1",768,164,true],"large":["https:\/\/i0.wp.com\/www.joyana.fr\/wp-content\/uploads\/2013\/02\/HOTEL-DE-NELL-CAROUSSEL_DECO_DESIGN_NOV_2011.jpg?fit=1024%2C218&ssl=1",1024,218,true],"1536x1536":["https:\/\/i0.wp.com\/www.joyana.fr\/wp-content\/uploads\/2013\/02\/HOTEL-DE-NELL-CAROUSSEL_DECO_DESIGN_NOV_2011.jpg?fit=1500%2C320&ssl=1",1500,320,true],"2048x2048":["https:\/\/i0.wp.com\/www.joyana.fr\/wp-content\/uploads\/2013\/02\/HOTEL-DE-NELL-CAROUSSEL_DECO_DESIGN_NOV_2011.jpg?fit=1500%2C320&ssl=1",1500,320,true],"featured-thumb":["https:\/\/i0.wp.com\/www.joyana.fr\/wp-content\/uploads\/2013\/02\/HOTEL-DE-NELL-CAROUSSEL_DECO_DESIGN_NOV_2011.jpg?resize=1500%2C320&ssl=1",1500,320,true],"ab-block-post-grid-landscape":["https:\/\/i0.wp.com\/www.joyana.fr\/wp-content\/uploads\/2013\/02\/HOTEL-DE-NELL-CAROUSSEL_DECO_DESIGN_NOV_2011.jpg?resize=600%2C320&ssl=1",600,320,true],"ab-block-post-grid-square":["https:\/\/i0.wp.com\/www.joyana.fr\/wp-content\/uploads\/2013\/02\/HOTEL-DE-NELL-CAROUSSEL_DECO_DESIGN_NOV_2011.jpg?resize=600%2C320&ssl=1",600,320,true],"author-pro-image":["https:\/\/i0.wp.com\/www.joyana.fr\/wp-content\/uploads\/2013\/02\/HOTEL-DE-NELL-CAROUSSEL_DECO_DESIGN_NOV_2011.jpg?resize=360%2C320&ssl=1",360,320,true],"slider":["https:\/\/i0.wp.com\/www.joyana.fr\/wp-content\/uploads\/2013\/02\/HOTEL-DE-NELL-CAROUSSEL_DECO_DESIGN_NOV_2011.jpg?resize=920%2C320&ssl=1",920,320,true],"woocommerce_thumbnail":["https:\/\/i0.wp.com\/www.joyana.fr\/wp-content\/uploads\/2013\/02\/HOTEL-DE-NELL-CAROUSSEL_DECO_DESIGN_NOV_2011.jpg?resize=450%2C320&ssl=1",450,320,true],"woocommerce_single":["https:\/\/i0.wp.com\/www.joyana.fr\/wp-content\/uploads\/2013\/02\/HOTEL-DE-NELL-CAROUSSEL_DECO_DESIGN_NOV_2011.jpg?fit=920%2C196&ssl=1",920,196,true],"woocommerce_gallery_thumbnail":["https:\/\/i0.wp.com\/www.joyana.fr\/wp-content\/uploads\/2013\/02\/HOTEL-DE-NELL-CAROUSSEL_DECO_DESIGN_NOV_2011.jpg?resize=180%2C180&ssl=1",180,180,true],"sow-carousel-default":["https:\/\/i0.wp.com\/www.joyana.fr\/wp-content\/uploads\/2013\/02\/HOTEL-DE-NELL-CAROUSSEL_DECO_DESIGN_NOV_2011.jpg?resize=272%2C182&ssl=1",272,182,true]},"post_excerpt_stackable":"<p>C&#8217;est dans la Ville Lumi\u00e8re que nous d\u00e9couvrons l&#8217;H\u00f4tel de NELL &#8211; nouvelle signatu&hellip;<\/p>\n","category_list":"<a href=\"https:\/\/www.joyana.fr\/ja\/category\/a-la-une\/\" rel=\"category tag\">A la une !!!<\/a>, <a href=\"https:\/\/www.joyana.fr\/ja\/category\/portfolio\/architecture\/\" rel=\"category tag\">ARCHITECTURE<\/a>, <a href=\"https:\/\/www.joyana.fr\/ja\/category\/deco-design\/\" rel=\"category tag\">DECO-DESIGN<\/a>, <a href=\"https:\/\/www.joyana.fr\/ja\/category\/deco-design\/architecture-deco-design\/pays\/france\/\" rel=\"category tag\">France<\/a>, <a href=\"https:\/\/www.joyana.fr\/ja\/category\/deco-design\/architecture-deco-design\/lieux-design\/hotel\/\" rel=\"category tag\">H\u00f4tel<\/a>, <a href=\"https:\/\/www.joyana.fr\/ja\/category\/deco-design\/designer\/jean-michel-wilmotte\/\" rel=\"category tag\">Jean-Michel WILMOTTE<\/a>","author_info":{"display_name":"Jo Yana","author_link":"https:\/\/www.joyana.fr\/ja\/author\/joyana\/"},"comments_num":"5 comments","featured_image_urls_v2":{"full":["https:\/\/i0.wp.com\/www.joyana.fr\/wp-content\/uploads\/2013\/02\/HOTEL-DE-NELL-CAROUSSEL_DECO_DESIGN_NOV_2011.jpg?fit=1500%2C320&ssl=1",1500,320,false],"thumbnail":["https:\/\/i0.wp.com\/www.joyana.fr\/wp-content\/uploads\/2013\/02\/HOTEL-DE-NELL-CAROUSSEL_DECO_DESIGN_NOV_2011.jpg?resize=150%2C150&ssl=1",150,150,true],"medium":["https:\/\/i0.wp.com\/www.joyana.fr\/wp-content\/uploads\/2013\/02\/HOTEL-DE-NELL-CAROUSSEL_DECO_DESIGN_NOV_2011.jpg?fit=389%2C83&ssl=1",389,83,true],"medium_large":["https:\/\/i0.wp.com\/www.joyana.fr\/wp-content\/uploads\/2013\/02\/HOTEL-DE-NELL-CAROUSSEL_DECO_DESIGN_NOV_2011.jpg?fit=768%2C164&ssl=1",768,164,true],"large":["https:\/\/i0.wp.com\/www.joyana.fr\/wp-content\/uploads\/2013\/02\/HOTEL-DE-NELL-CAROUSSEL_DECO_DESIGN_NOV_2011.jpg?fit=1024%2C218&ssl=1",1024,218,true],"1536x1536":["https:\/\/i0.wp.com\/www.joyana.fr\/wp-content\/uploads\/2013\/02\/HOTEL-DE-NELL-CAROUSSEL_DECO_DESIGN_NOV_2011.jpg?fit=1500%2C320&ssl=1",1500,320,true],"2048x2048":["https:\/\/i0.wp.com\/www.joyana.fr\/wp-content\/uploads\/2013\/02\/HOTEL-DE-NELL-CAROUSSEL_DECO_DESIGN_NOV_2011.jpg?fit=1500%2C320&ssl=1",1500,320,true],"featured-thumb":["https:\/\/i0.wp.com\/www.joyana.fr\/wp-content\/uploads\/2013\/02\/HOTEL-DE-NELL-CAROUSSEL_DECO_DESIGN_NOV_2011.jpg?resize=1500%2C320&ssl=1",1500,320,true],"ab-block-post-grid-landscape":["https:\/\/i0.wp.com\/www.joyana.fr\/wp-content\/uploads\/2013\/02\/HOTEL-DE-NELL-CAROUSSEL_DECO_DESIGN_NOV_2011.jpg?resize=600%2C320&ssl=1",600,320,true],"ab-block-post-grid-square":["https:\/\/i0.wp.com\/www.joyana.fr\/wp-content\/uploads\/2013\/02\/HOTEL-DE-NELL-CAROUSSEL_DECO_DESIGN_NOV_2011.jpg?resize=600%2C320&ssl=1",600,320,true],"author-pro-image":["https:\/\/i0.wp.com\/www.joyana.fr\/wp-content\/uploads\/2013\/02\/HOTEL-DE-NELL-CAROUSSEL_DECO_DESIGN_NOV_2011.jpg?resize=360%2C320&ssl=1",360,320,true],"slider":["https:\/\/i0.wp.com\/www.joyana.fr\/wp-content\/uploads\/2013\/02\/HOTEL-DE-NELL-CAROUSSEL_DECO_DESIGN_NOV_2011.jpg?resize=920%2C320&ssl=1",920,320,true],"woocommerce_thumbnail":["https:\/\/i0.wp.com\/www.joyana.fr\/wp-content\/uploads\/2013\/02\/HOTEL-DE-NELL-CAROUSSEL_DECO_DESIGN_NOV_2011.jpg?resize=450%2C320&ssl=1",450,320,true],"woocommerce_single":["https:\/\/i0.wp.com\/www.joyana.fr\/wp-content\/uploads\/2013\/02\/HOTEL-DE-NELL-CAROUSSEL_DECO_DESIGN_NOV_2011.jpg?fit=920%2C196&ssl=1",920,196,true],"woocommerce_gallery_thumbnail":["https:\/\/i0.wp.com\/www.joyana.fr\/wp-content\/uploads\/2013\/02\/HOTEL-DE-NELL-CAROUSSEL_DECO_DESIGN_NOV_2011.jpg?resize=180%2C180&ssl=1",180,180,true],"sow-carousel-default":["https:\/\/i0.wp.com\/www.joyana.fr\/wp-content\/uploads\/2013\/02\/HOTEL-DE-NELL-CAROUSSEL_DECO_DESIGN_NOV_2011.jpg?resize=272%2C182&ssl=1",272,182,true]},"post_excerpt_stackable_v2":"<p>C&#8217;est dans la Ville Lumi\u00e8re que nous d\u00e9couvrons l&#8217;H\u00f4tel de NELL &#8211; nouvelle signatu&hellip;<\/p>\n","category_list_v2":"<a href=\"https:\/\/www.joyana.fr\/ja\/category\/a-la-une\/\" rel=\"category tag\">A la une !!!<\/a>, <a href=\"https:\/\/www.joyana.fr\/ja\/category\/portfolio\/architecture\/\" rel=\"category tag\">ARCHITECTURE<\/a>, <a href=\"https:\/\/www.joyana.fr\/ja\/category\/deco-design\/\" rel=\"category tag\">DECO-DESIGN<\/a>, <a href=\"https:\/\/www.joyana.fr\/ja\/category\/deco-design\/architecture-deco-design\/pays\/france\/\" rel=\"category tag\">France<\/a>, <a href=\"https:\/\/www.joyana.fr\/ja\/category\/deco-design\/architecture-deco-design\/lieux-design\/hotel\/\" rel=\"category tag\">H\u00f4tel<\/a>, <a href=\"https:\/\/www.joyana.fr\/ja\/category\/deco-design\/designer\/jean-michel-wilmotte\/\" rel=\"category tag\">Jean-Michel WILMOTTE<\/a>","author_info_v2":{"name":"Jo Yana","url":"https:\/\/www.joyana.fr\/ja\/author\/joyana\/"},"comments_num_v2":"5 comments","yoast_head":"<!-- This site is optimized with the Yoast SEO plugin v26.8 - https:\/\/yoast.com\/product\/yoast-seo-wordpress\/ -->\n<title>L&#039;H\u00f4tel de NELL par Jean-Michel WILMOTTE - JO YANA<\/title>\n<meta name=\"robots\" content=\"index, follow, max-snippet:-1, max-image-preview:large, max-video-preview:-1\" \/>\n<link rel=\"canonical\" href=\"https:\/\/www.joyana.fr\/ja\/hotel-de-nell-luxe-paris-jean-michel-wilmotte\/112391\/\" \/>\n<meta property=\"og:locale\" content=\"ja_JP\" \/>\n<meta property=\"og:locale:alternate\" content=\"fr_FR\" \/>\n<meta property=\"og:locale:alternate\" content=\"en_US\" \/>\n<meta property=\"og:type\" content=\"article\" \/>\n<meta property=\"og:title\" content=\"L&#039;H\u00f4tel de NELL par Jean-Michel WILMOTTE - JO YANA\" \/>\n<meta property=\"og:description\" content=\"C&#8217;est dans la Ville Lumi\u00e8re que nous d\u00e9couvrons l&#8217;H\u00f4tel de NELL &#8211; nouvelle signature de l\u2019h\u00f4 [&hellip;]\" \/>\n<meta property=\"og:url\" content=\"https:\/\/www.joyana.fr\/ja\/hotel-de-nell-luxe-paris-jean-michel-wilmotte\/112391\/\" \/>\n<meta property=\"og:site_name\" content=\"JO YANA\" \/>\n<meta property=\"article:published_time\" content=\"2013-02-26T12:00:00+00:00\" \/>\n<meta property=\"og:image\" content=\"https:\/\/www.joyana.fr\/wp-content\/uploads\/2013\/02\/HOTEL-DE-NELL-CAROUSSEL_DECO_DESIGN_NOV_2011.jpg\" \/>\n\t<meta property=\"og:image:width\" content=\"1500\" \/>\n\t<meta property=\"og:image:height\" content=\"320\" \/>\n\t<meta property=\"og:image:type\" content=\"image\/jpeg\" \/>\n<meta name=\"author\" content=\"Jo Yana\" \/>\n<meta name=\"twitter:card\" content=\"summary_large_image\" \/>\n<meta name=\"twitter:creator\" content=\"@Jo_Yana\" \/>\n<meta name=\"twitter:site\" content=\"@Jo_Yana\" \/>\n<meta name=\"twitter:label1\" content=\"\u57f7\u7b46\u8005\" \/>\n\t<meta name=\"twitter:data1\" content=\"Jo Yana\" \/>\n\t<meta name=\"twitter:label2\" content=\"\u63a8\u5b9a\u8aad\u307f\u53d6\u308a\u6642\u9593\" \/>\n\t<meta name=\"twitter:data2\" content=\"1\u5206\" \/>\n<script type=\"application\/ld+json\" class=\"yoast-schema-graph\">{\"@context\":\"https:\/\/schema.org\",\"@graph\":[{\"@type\":\"Article\",\"@id\":\"https:\/\/www.joyana.fr\/ja\/hotel-de-nell-luxe-paris-jean-michel-wilmotte\/112391\/#article\",\"isPartOf\":{\"@id\":\"https:\/\/www.joyana.fr\/ja\/hotel-de-nell-luxe-paris-jean-michel-wilmotte\/112391\/\"},\"author\":{\"name\":\"Jo Yana\",\"@id\":\"https:\/\/joyana.fr\/#\/schema\/person\/cf2a1ad12a27c12c21801075bf37407c\"},\"headline\":\"L&#8217;H\u00f4tel de NELL par Jean-Michel WILMOTTE\",\"datePublished\":\"2013-02-26T12:00:00+00:00\",\"mainEntityOfPage\":{\"@id\":\"https:\/\/www.joyana.fr\/ja\/hotel-de-nell-luxe-paris-jean-michel-wilmotte\/112391\/\"},\"wordCount\":237,\"commentCount\":2,\"publisher\":{\"@id\":\"https:\/\/joyana.fr\/#\/schema\/person\/cf2a1ad12a27c12c21801075bf37407c\"},\"image\":{\"@id\":\"https:\/\/www.joyana.fr\/ja\/hotel-de-nell-luxe-paris-jean-michel-wilmotte\/112391\/#primaryimage\"},\"thumbnailUrl\":\"https:\/\/i0.wp.com\/www.joyana.fr\/wp-content\/uploads\/2013\/02\/HOTEL-DE-NELL-CAROUSSEL_DECO_DESIGN_NOV_2011.jpg?fit=1500%2C320&ssl=1\",\"keywords\":[\"Architecture\",\"H\u00f4tel\",\"H\u00f4tel design\",\"Jean-Michel WILMOTTE\",\"Paris\"],\"articleSection\":[\"A la une !!!\",\"ARCHITECTURE\",\"DECO-DESIGN\",\"France\",\"H\u00f4tel\",\"Jean-Michel WILMOTTE\"],\"inLanguage\":\"ja\",\"potentialAction\":[{\"@type\":\"CommentAction\",\"name\":\"Comment\",\"target\":[\"https:\/\/www.joyana.fr\/ja\/hotel-de-nell-luxe-paris-jean-michel-wilmotte\/112391\/#respond\"]}]},{\"@type\":\"WebPage\",\"@id\":\"https:\/\/www.joyana.fr\/ja\/hotel-de-nell-luxe-paris-jean-michel-wilmotte\/112391\/\",\"url\":\"https:\/\/www.joyana.fr\/ja\/hotel-de-nell-luxe-paris-jean-michel-wilmotte\/112391\/\",\"name\":\"L'H\u00f4tel de NELL par Jean-Michel WILMOTTE - JO YANA\",\"isPartOf\":{\"@id\":\"https:\/\/joyana.fr\/#website\"},\"primaryImageOfPage\":{\"@id\":\"https:\/\/www.joyana.fr\/ja\/hotel-de-nell-luxe-paris-jean-michel-wilmotte\/112391\/#primaryimage\"},\"image\":{\"@id\":\"https:\/\/www.joyana.fr\/ja\/hotel-de-nell-luxe-paris-jean-michel-wilmotte\/112391\/#primaryimage\"},\"thumbnailUrl\":\"https:\/\/i0.wp.com\/www.joyana.fr\/wp-content\/uploads\/2013\/02\/HOTEL-DE-NELL-CAROUSSEL_DECO_DESIGN_NOV_2011.jpg?fit=1500%2C320&ssl=1\",\"datePublished\":\"2013-02-26T12:00:00+00:00\",\"breadcrumb\":{\"@id\":\"https:\/\/www.joyana.fr\/ja\/hotel-de-nell-luxe-paris-jean-michel-wilmotte\/112391\/#breadcrumb\"},\"inLanguage\":\"ja\",\"potentialAction\":[{\"@type\":\"ReadAction\",\"target\":[\"https:\/\/www.joyana.fr\/ja\/hotel-de-nell-luxe-paris-jean-michel-wilmotte\/112391\/\"]}]},{\"@type\":\"ImageObject\",\"inLanguage\":\"ja\",\"@id\":\"https:\/\/www.joyana.fr\/ja\/hotel-de-nell-luxe-paris-jean-michel-wilmotte\/112391\/#primaryimage\",\"url\":\"https:\/\/i0.wp.com\/www.joyana.fr\/wp-content\/uploads\/2013\/02\/HOTEL-DE-NELL-CAROUSSEL_DECO_DESIGN_NOV_2011.jpg?fit=1500%2C320&ssl=1\",\"contentUrl\":\"https:\/\/i0.wp.com\/www.joyana.fr\/wp-content\/uploads\/2013\/02\/HOTEL-DE-NELL-CAROUSSEL_DECO_DESIGN_NOV_2011.jpg?fit=1500%2C320&ssl=1\",\"width\":1500,\"height\":320},{\"@type\":\"BreadcrumbList\",\"@id\":\"https:\/\/www.joyana.fr\/ja\/hotel-de-nell-luxe-paris-jean-michel-wilmotte\/112391\/#breadcrumb\",\"itemListElement\":[{\"@type\":\"ListItem\",\"position\":1,\"name\":\"Accueil\",\"item\":\"https:\/\/joyana.fr\/\"},{\"@type\":\"ListItem\",\"position\":2,\"name\":\"L&#8217;H\u00f4tel de NELL par Jean-Michel WILMOTTE\"}]},{\"@type\":\"WebSite\",\"@id\":\"https:\/\/joyana.fr\/#website\",\"url\":\"https:\/\/joyana.fr\/\",\"name\":\"JO YANA\",\"description\":\"Blog Mode Homme, Lifestyle, D\u00e9co-Design\",\"publisher\":{\"@id\":\"https:\/\/joyana.fr\/#\/schema\/person\/cf2a1ad12a27c12c21801075bf37407c\"},\"potentialAction\":[{\"@type\":\"SearchAction\",\"target\":{\"@type\":\"EntryPoint\",\"urlTemplate\":\"https:\/\/joyana.fr\/?s={search_term_string}\"},\"query-input\":{\"@type\":\"PropertyValueSpecification\",\"valueRequired\":true,\"valueName\":\"search_term_string\"}}],\"inLanguage\":\"ja\"},{\"@type\":[\"Person\",\"Organization\"],\"@id\":\"https:\/\/joyana.fr\/#\/schema\/person\/cf2a1ad12a27c12c21801075bf37407c\",\"name\":\"Jo Yana\",\"image\":{\"@type\":\"ImageObject\",\"inLanguage\":\"ja\",\"@id\":\"https:\/\/joyana.fr\/#\/schema\/person\/image\/\",\"url\":\"https:\/\/i0.wp.com\/www.joyana.fr\/wp-content\/uploads\/2016\/08\/cropped-joyana-logo-black-360x180.png?fit=343%2C164&ssl=1\",\"contentUrl\":\"https:\/\/i0.wp.com\/www.joyana.fr\/wp-content\/uploads\/2016\/08\/cropped-joyana-logo-black-360x180.png?fit=343%2C164&ssl=1\",\"width\":343,\"height\":164,\"caption\":\"Jo Yana\"},\"logo\":{\"@id\":\"https:\/\/joyana.fr\/#\/schema\/person\/image\/\"},\"description\":\"Jo Yana est le cr\u00e9ateur et r\u00e9dacteur en chef des sites DECO-DESIGN. Passionn\u00e9 de Design, Mode, Photo, Luxe, Lifestyle, Musique, mais avant tout Blogueur ! Le plaisir de partager l'anime et a comme devise \\\"POUR L'AMOUR DU BEAU\\\". Retrouvez le aussi sur son blog personnel - https:\/\/joyana.fr...\",\"sameAs\":[\"https:\/\/joyana.fr\/\"],\"url\":\"https:\/\/www.joyana.fr\/ja\/author\/joyana\/\"}]}<\/script>\n<!-- \/ Yoast SEO plugin. -->","yoast_head_json":{"title":"L'H\u00f4tel de NELL par Jean-Michel WILMOTTE - JO YANA","robots":{"index":"index","follow":"follow","max-snippet":"max-snippet:-1","max-image-preview":"max-image-preview:large","max-video-preview":"max-video-preview:-1"},"canonical":"https:\/\/www.joyana.fr\/ja\/hotel-de-nell-luxe-paris-jean-michel-wilmotte\/112391\/","og_locale":"ja_JP","og_type":"article","og_title":"L'H\u00f4tel de NELL par Jean-Michel WILMOTTE - JO YANA","og_description":"C&#8217;est dans la Ville Lumi\u00e8re que nous d\u00e9couvrons l&#8217;H\u00f4tel de NELL &#8211; nouvelle signature de l\u2019h\u00f4 [&hellip;]","og_url":"https:\/\/www.joyana.fr\/ja\/hotel-de-nell-luxe-paris-jean-michel-wilmotte\/112391\/","og_site_name":"JO YANA","article_published_time":"2013-02-26T12:00:00+00:00","og_image":[{"width":1500,"height":320,"url":"https:\/\/www.joyana.fr\/wp-content\/uploads\/2013\/02\/HOTEL-DE-NELL-CAROUSSEL_DECO_DESIGN_NOV_2011.jpg","type":"image\/jpeg"}],"author":"Jo Yana","twitter_card":"summary_large_image","twitter_creator":"@Jo_Yana","twitter_site":"@Jo_Yana","twitter_misc":{"\u57f7\u7b46\u8005":"Jo Yana","\u63a8\u5b9a\u8aad\u307f\u53d6\u308a\u6642\u9593":"1\u5206"},"schema":{"@context":"https:\/\/schema.org","@graph":[{"@type":"Article","@id":"https:\/\/www.joyana.fr\/ja\/hotel-de-nell-luxe-paris-jean-michel-wilmotte\/112391\/#article","isPartOf":{"@id":"https:\/\/www.joyana.fr\/ja\/hotel-de-nell-luxe-paris-jean-michel-wilmotte\/112391\/"},"author":{"name":"Jo Yana","@id":"https:\/\/joyana.fr\/#\/schema\/person\/cf2a1ad12a27c12c21801075bf37407c"},"headline":"L&#8217;H\u00f4tel de NELL par Jean-Michel WILMOTTE","datePublished":"2013-02-26T12:00:00+00:00","mainEntityOfPage":{"@id":"https:\/\/www.joyana.fr\/ja\/hotel-de-nell-luxe-paris-jean-michel-wilmotte\/112391\/"},"wordCount":237,"commentCount":2,"publisher":{"@id":"https:\/\/joyana.fr\/#\/schema\/person\/cf2a1ad12a27c12c21801075bf37407c"},"image":{"@id":"https:\/\/www.joyana.fr\/ja\/hotel-de-nell-luxe-paris-jean-michel-wilmotte\/112391\/#primaryimage"},"thumbnailUrl":"https:\/\/i0.wp.com\/www.joyana.fr\/wp-content\/uploads\/2013\/02\/HOTEL-DE-NELL-CAROUSSEL_DECO_DESIGN_NOV_2011.jpg?fit=1500%2C320&ssl=1","keywords":["Architecture","H\u00f4tel","H\u00f4tel design","Jean-Michel WILMOTTE","Paris"],"articleSection":["A la une !!!","ARCHITECTURE","DECO-DESIGN","France","H\u00f4tel","Jean-Michel WILMOTTE"],"inLanguage":"ja","potentialAction":[{"@type":"CommentAction","name":"Comment","target":["https:\/\/www.joyana.fr\/ja\/hotel-de-nell-luxe-paris-jean-michel-wilmotte\/112391\/#respond"]}]},{"@type":"WebPage","@id":"https:\/\/www.joyana.fr\/ja\/hotel-de-nell-luxe-paris-jean-michel-wilmotte\/112391\/","url":"https:\/\/www.joyana.fr\/ja\/hotel-de-nell-luxe-paris-jean-michel-wilmotte\/112391\/","name":"L'H\u00f4tel de NELL par Jean-Michel WILMOTTE - JO YANA","isPartOf":{"@id":"https:\/\/joyana.fr\/#website"},"primaryImageOfPage":{"@id":"https:\/\/www.joyana.fr\/ja\/hotel-de-nell-luxe-paris-jean-michel-wilmotte\/112391\/#primaryimage"},"image":{"@id":"https:\/\/www.joyana.fr\/ja\/hotel-de-nell-luxe-paris-jean-michel-wilmotte\/112391\/#primaryimage"},"thumbnailUrl":"https:\/\/i0.wp.com\/www.joyana.fr\/wp-content\/uploads\/2013\/02\/HOTEL-DE-NELL-CAROUSSEL_DECO_DESIGN_NOV_2011.jpg?fit=1500%2C320&ssl=1","datePublished":"2013-02-26T12:00:00+00:00","breadcrumb":{"@id":"https:\/\/www.joyana.fr\/ja\/hotel-de-nell-luxe-paris-jean-michel-wilmotte\/112391\/#breadcrumb"},"inLanguage":"ja","potentialAction":[{"@type":"ReadAction","target":["https:\/\/www.joyana.fr\/ja\/hotel-de-nell-luxe-paris-jean-michel-wilmotte\/112391\/"]}]},{"@type":"ImageObject","inLanguage":"ja","@id":"https:\/\/www.joyana.fr\/ja\/hotel-de-nell-luxe-paris-jean-michel-wilmotte\/112391\/#primaryimage","url":"https:\/\/i0.wp.com\/www.joyana.fr\/wp-content\/uploads\/2013\/02\/HOTEL-DE-NELL-CAROUSSEL_DECO_DESIGN_NOV_2011.jpg?fit=1500%2C320&ssl=1","contentUrl":"https:\/\/i0.wp.com\/www.joyana.fr\/wp-content\/uploads\/2013\/02\/HOTEL-DE-NELL-CAROUSSEL_DECO_DESIGN_NOV_2011.jpg?fit=1500%2C320&ssl=1","width":1500,"height":320},{"@type":"BreadcrumbList","@id":"https:\/\/www.joyana.fr\/ja\/hotel-de-nell-luxe-paris-jean-michel-wilmotte\/112391\/#breadcrumb","itemListElement":[{"@type":"ListItem","position":1,"name":"Accueil","item":"https:\/\/joyana.fr\/"},{"@type":"ListItem","position":2,"name":"L&#8217;H\u00f4tel de NELL par Jean-Michel WILMOTTE"}]},{"@type":"WebSite","@id":"https:\/\/joyana.fr\/#website","url":"https:\/\/joyana.fr\/","name":"JO YANA","description":"Blog Mode Homme, Lifestyle, D\u00e9co-Design","publisher":{"@id":"https:\/\/joyana.fr\/#\/schema\/person\/cf2a1ad12a27c12c21801075bf37407c"},"potentialAction":[{"@type":"SearchAction","target":{"@type":"EntryPoint","urlTemplate":"https:\/\/joyana.fr\/?s={search_term_string}"},"query-input":{"@type":"PropertyValueSpecification","valueRequired":true,"valueName":"search_term_string"}}],"inLanguage":"ja"},{"@type":["Person","Organization"],"@id":"https:\/\/joyana.fr\/#\/schema\/person\/cf2a1ad12a27c12c21801075bf37407c","name":"Jo Yana","image":{"@type":"ImageObject","inLanguage":"ja","@id":"https:\/\/joyana.fr\/#\/schema\/person\/image\/","url":"https:\/\/i0.wp.com\/www.joyana.fr\/wp-content\/uploads\/2016\/08\/cropped-joyana-logo-black-360x180.png?fit=343%2C164&ssl=1","contentUrl":"https:\/\/i0.wp.com\/www.joyana.fr\/wp-content\/uploads\/2016\/08\/cropped-joyana-logo-black-360x180.png?fit=343%2C164&ssl=1","width":343,"height":164,"caption":"Jo Yana"},"logo":{"@id":"https:\/\/joyana.fr\/#\/schema\/person\/image\/"},"description":"Jo Yana est le cr\u00e9ateur et r\u00e9dacteur en chef des sites DECO-DESIGN. Passionn\u00e9 de Design, Mode, Photo, Luxe, Lifestyle, Musique, mais avant tout Blogueur ! Le plaisir de partager l'anime et a comme devise \"POUR L'AMOUR DU BEAU\". Retrouvez le aussi sur son blog personnel - https:\/\/joyana.fr...","sameAs":["https:\/\/joyana.fr\/"],"url":"https:\/\/www.joyana.fr\/ja\/author\/joyana\/"}]}},"author_meta":{"display_name":"Jo Yana","author_link":"https:\/\/www.joyana.fr\/ja\/author\/joyana\/"},"featured_img":"https:\/\/i0.wp.com\/www.joyana.fr\/wp-content\/uploads\/2013\/02\/HOTEL-DE-NELL-CAROUSSEL_DECO_DESIGN_NOV_2011.jpg?fit=389%2C83&ssl=1","featured_image_src":"https:\/\/i0.wp.com\/www.joyana.fr\/wp-content\/uploads\/2013\/02\/HOTEL-DE-NELL-CAROUSSEL_DECO_DESIGN_NOV_2011.jpg?resize=600%2C320&ssl=1","featured_image_src_square":"https:\/\/i0.wp.com\/www.joyana.fr\/wp-content\/uploads\/2013\/02\/HOTEL-DE-NELL-CAROUSSEL_DECO_DESIGN_NOV_2011.jpg?resize=600%2C320&ssl=1","jetpack_featured_media_url":"https:\/\/i0.wp.com\/www.joyana.fr\/wp-content\/uploads\/2013\/02\/HOTEL-DE-NELL-CAROUSSEL_DECO_DESIGN_NOV_2011.jpg?fit=1500%2C320&ssl=1","uagb_featured_image_src":{"full":["https:\/\/i0.wp.com\/www.joyana.fr\/wp-content\/uploads\/2013\/02\/HOTEL-DE-NELL-CAROUSSEL_DECO_DESIGN_NOV_2011.jpg?fit=1500%2C320&ssl=1",1500,320,false],"thumbnail":["https:\/\/i0.wp.com\/www.joyana.fr\/wp-content\/uploads\/2013\/02\/HOTEL-DE-NELL-CAROUSSEL_DECO_DESIGN_NOV_2011.jpg?resize=150%2C150&ssl=1",150,150,true],"medium":["https:\/\/i0.wp.com\/www.joyana.fr\/wp-content\/uploads\/2013\/02\/HOTEL-DE-NELL-CAROUSSEL_DECO_DESIGN_NOV_2011.jpg?fit=389%2C83&ssl=1",389,83,true],"medium_large":["https:\/\/i0.wp.com\/www.joyana.fr\/wp-content\/uploads\/2013\/02\/HOTEL-DE-NELL-CAROUSSEL_DECO_DESIGN_NOV_2011.jpg?fit=768%2C164&ssl=1",768,164,true],"large":["https:\/\/i0.wp.com\/www.joyana.fr\/wp-content\/uploads\/2013\/02\/HOTEL-DE-NELL-CAROUSSEL_DECO_DESIGN_NOV_2011.jpg?fit=1024%2C218&ssl=1",1024,218,true],"1536x1536":["https:\/\/i0.wp.com\/www.joyana.fr\/wp-content\/uploads\/2013\/02\/HOTEL-DE-NELL-CAROUSSEL_DECO_DESIGN_NOV_2011.jpg?fit=1500%2C320&ssl=1",1500,320,true],"2048x2048":["https:\/\/i0.wp.com\/www.joyana.fr\/wp-content\/uploads\/2013\/02\/HOTEL-DE-NELL-CAROUSSEL_DECO_DESIGN_NOV_2011.jpg?fit=1500%2C320&ssl=1",1500,320,true],"featured-thumb":["https:\/\/i0.wp.com\/www.joyana.fr\/wp-content\/uploads\/2013\/02\/HOTEL-DE-NELL-CAROUSSEL_DECO_DESIGN_NOV_2011.jpg?resize=1500%2C320&ssl=1",1500,320,true],"ab-block-post-grid-landscape":["https:\/\/i0.wp.com\/www.joyana.fr\/wp-content\/uploads\/2013\/02\/HOTEL-DE-NELL-CAROUSSEL_DECO_DESIGN_NOV_2011.jpg?resize=600%2C320&ssl=1",600,320,true],"ab-block-post-grid-square":["https:\/\/i0.wp.com\/www.joyana.fr\/wp-content\/uploads\/2013\/02\/HOTEL-DE-NELL-CAROUSSEL_DECO_DESIGN_NOV_2011.jpg?resize=600%2C320&ssl=1",600,320,true],"author-pro-image":["https:\/\/i0.wp.com\/www.joyana.fr\/wp-content\/uploads\/2013\/02\/HOTEL-DE-NELL-CAROUSSEL_DECO_DESIGN_NOV_2011.jpg?resize=360%2C320&ssl=1",360,320,true],"slider":["https:\/\/i0.wp.com\/www.joyana.fr\/wp-content\/uploads\/2013\/02\/HOTEL-DE-NELL-CAROUSSEL_DECO_DESIGN_NOV_2011.jpg?resize=920%2C320&ssl=1",920,320,true],"woocommerce_thumbnail":["https:\/\/i0.wp.com\/www.joyana.fr\/wp-content\/uploads\/2013\/02\/HOTEL-DE-NELL-CAROUSSEL_DECO_DESIGN_NOV_2011.jpg?resize=450%2C320&ssl=1",450,320,true],"woocommerce_single":["https:\/\/i0.wp.com\/www.joyana.fr\/wp-content\/uploads\/2013\/02\/HOTEL-DE-NELL-CAROUSSEL_DECO_DESIGN_NOV_2011.jpg?fit=920%2C196&ssl=1",920,196,true],"woocommerce_gallery_thumbnail":["https:\/\/i0.wp.com\/www.joyana.fr\/wp-content\/uploads\/2013\/02\/HOTEL-DE-NELL-CAROUSSEL_DECO_DESIGN_NOV_2011.jpg?resize=180%2C180&ssl=1",180,180,true],"sow-carousel-default":["https:\/\/i0.wp.com\/www.joyana.fr\/wp-content\/uploads\/2013\/02\/HOTEL-DE-NELL-CAROUSSEL_DECO_DESIGN_NOV_2011.jpg?resize=272%2C182&ssl=1",272,182,true]},"uagb_author_info":{"display_name":"Jo Yana","author_link":"https:\/\/www.joyana.fr\/ja\/author\/joyana\/"},"uagb_comment_info":5,"uagb_excerpt":"C&#8217;est dans la Ville Lumi\u00e8re que nous d\u00e9couvrons l&hellip;","coauthors":[],"tax_additional":{"categories":{"linked":["<a href=\"https:\/\/www.joyana.fr\/ja\/category\/a-la-une\/\" class=\"advgb-post-tax-term\">A la une !!!<\/a>","<a href=\"https:\/\/www.joyana.fr\/ja\/category\/portfolio\/architecture\/\" class=\"advgb-post-tax-term\">ARCHITECTURE<\/a>","<a href=\"https:\/\/www.joyana.fr\/ja\/category\/deco-design\/\" class=\"advgb-post-tax-term\">DECO-DESIGN<\/a>","<a href=\"https:\/\/www.joyana.fr\/ja\/category\/deco-design\/architecture-deco-design\/pays\/france\/\" class=\"advgb-post-tax-term\">France<\/a>","<a href=\"https:\/\/www.joyana.fr\/ja\/category\/deco-design\/architecture-deco-design\/lieux-design\/hotel\/\" class=\"advgb-post-tax-term\">H\u00f4tel<\/a>","<a href=\"https:\/\/www.joyana.fr\/ja\/category\/deco-design\/designer\/jean-michel-wilmotte\/\" class=\"advgb-post-tax-term\">Jean-Michel WILMOTTE<\/a>"],"unlinked":["<span class=\"advgb-post-tax-term\">A la une !!!<\/span>","<span class=\"advgb-post-tax-term\">ARCHITECTURE<\/span>","<span class=\"advgb-post-tax-term\">DECO-DESIGN<\/span>","<span class=\"advgb-post-tax-term\">France<\/span>","<span class=\"advgb-post-tax-term\">H\u00f4tel<\/span>","<span class=\"advgb-post-tax-term\">Jean-Michel WILMOTTE<\/span>"]},"tags":{"linked":["<a href=\"https:\/\/www.joyana.fr\/ja\/category\/deco-design\/designer\/jean-michel-wilmotte\/\" class=\"advgb-post-tax-term\">Architecture<\/a>","<a href=\"https:\/\/www.joyana.fr\/ja\/category\/deco-design\/designer\/jean-michel-wilmotte\/\" class=\"advgb-post-tax-term\">H\u00f4tel<\/a>","<a href=\"https:\/\/www.joyana.fr\/ja\/category\/deco-design\/designer\/jean-michel-wilmotte\/\" class=\"advgb-post-tax-term\">H\u00f4tel design<\/a>","<a href=\"https:\/\/www.joyana.fr\/ja\/category\/deco-design\/designer\/jean-michel-wilmotte\/\" class=\"advgb-post-tax-term\">Jean-Michel WILMOTTE<\/a>","<a href=\"https:\/\/www.joyana.fr\/ja\/category\/deco-design\/designer\/jean-michel-wilmotte\/\" class=\"advgb-post-tax-term\">Paris<\/a>"],"unlinked":["<span class=\"advgb-post-tax-term\">Architecture<\/span>","<span class=\"advgb-post-tax-term\">H\u00f4tel<\/span>","<span class=\"advgb-post-tax-term\">H\u00f4tel design<\/span>","<span class=\"advgb-post-tax-term\">Jean-Michel WILMOTTE<\/span>","<span class=\"advgb-post-tax-term\">Paris<\/span>"]}},"comment_count":5,"relative_dates":{"created":"Posted 13\u5e74 ago","modified":"Updated 13\u5e74 ago"},"absolute_dates":{"created":"Posted on 26 2\u6708 2013","modified":"Updated on 26 2\u6708 2013"},"absolute_dates_time":{"created":"Posted on 26 2\u6708 2013 13:00","modified":"Updated on 26 2\u6708 2013 13:00"},"featured_img_caption":"","series_order":"","jetpack_sharing_enabled":true,"jetpack_shortlink":"https:\/\/wp.me\/p9bteI-teL","jetpack-related-posts":[],"_links":{"self":[{"href":"https:\/\/www.joyana.fr\/ja\/wp-json\/wp\/v2\/posts\/112391","targetHints":{"allow":["GET"]}}],"collection":[{"href":"https:\/\/www.joyana.fr\/ja\/wp-json\/wp\/v2\/posts"}],"about":[{"href":"https:\/\/www.joyana.fr\/ja\/wp-json\/wp\/v2\/types\/post"}],"author":[{"embeddable":true,"href":"https:\/\/www.joyana.fr\/ja\/wp-json\/wp\/v2\/users\/3"}],"replies":[{"embeddable":true,"href":"https:\/\/www.joyana.fr\/ja\/wp-json\/wp\/v2\/comments?post=112391"}],"version-history":[{"count":0,"href":"https:\/\/www.joyana.fr\/ja\/wp-json\/wp\/v2\/posts\/112391\/revisions"}],"wp:featuredmedia":[{"embeddable":true,"href":"https:\/\/www.joyana.fr\/ja\/wp-json\/wp\/v2\/media\/112419"}],"wp:attachment":[{"href":"https:\/\/www.joyana.fr\/ja\/wp-json\/wp\/v2\/media?parent=112391"}],"wp:term":[{"taxonomy":"category","embeddable":true,"href":"https:\/\/www.joyana.fr\/ja\/wp-json\/wp\/v2\/categories?post=112391"},{"taxonomy":"post_tag","embeddable":true,"href":"https:\/\/www.joyana.fr\/ja\/wp-json\/wp\/v2\/tags?post=112391"}],"curies":[{"name":"wp","href":"https:\/\/api.w.org\/{rel}","templated":true}]}}