{"id":112267,"date":"2013-02-14T17:48:03","date_gmt":"2013-02-14T16:48:03","guid":{"rendered":"https:\/\/joyana.fr\/?p=12267"},"modified":"2013-02-14T17:48:03","modified_gmt":"2013-02-14T16:48:03","slug":"miroir-parisian-floor-deknudt-mirrors-arik-levy","status":"publish","type":"post","link":"https:\/\/www.joyana.fr\/ja\/miroir-parisian-floor-deknudt-mirrors-arik-levy\/112267\/","title":{"rendered":"Miroir PARISIAN FLOOR par Deknudt Mirrors x Arik Levy"},"content":{"rendered":"<p>Le designer <a title=\"Arik LEVY\" href=\"https:\/\/joyana.fr\/category\/designer\/arik-levy\/\" target=\"_blank\"><strong>Arik Levy<\/strong><\/a> pr\u00e9sente <strong>PARISIAN FLOOR<\/strong>, un <strong>miroir<\/strong> original qu&#8217;il signe pour l&#8217;\u00e9diteur belge <strong>Deknudt Mirrors<\/strong>&#8230;<\/p>\n<p><img data-recalc-dims=\"1\" fetchpriority=\"high\" decoding=\"async\" class=\"alignnone size-large wp-image-12268\" alt=\"Miroir PARISIAN FLOOR par Reflect+ x Arik Levy\" src=\"https:\/\/i0.wp.com\/joyana.fr\/wp-content\/uploads\/2013\/02\/parisian-floor-1-576x413.jpg?resize=576%2C413&#038;ssl=1\" width=\"576\" height=\"413\" \/><\/p>\n<p><strong>PARISIAN FLOOR<\/strong> fait partie de la collection <strong>\u00ab Reflect+ \u00bb de Deknudt Mirrors<\/strong>, un miroir qui repr\u00e9sente une nouvelle approche d\u00e9corative, \u00e0 la crois\u00e9e des chemins entre \u00e9l\u00e9ments d\u2019architecture et \u0153uvre sculpt\u00e9e&#8230;<\/p>\n<p><strong>PARISIAN FLOOR<\/strong> est en effet directement inspir\u00e9 des parquets anciens \u00e0 lames droites, tels qu\u2019on peut les voir dans les appartements parisiens. Con\u00e7u en plusieurs dimensions et finitions, on peut, \u00e0 volont\u00e9, en assembler plusieurs \u00e9l\u00e9ments, initiant une infinit\u00e9 de configurations enti\u00e8rement personnalis\u00e9es, de la plus simple \u00e0 la plus complexe.<br \/>\nOn obtient alors un effet de fragmentation de l\u2019objet ou du corps refl\u00e9t\u00e9, qui semble bouger et se d\u00e9placer dans diff\u00e9rentes directions&#8230; ON ADORE !<\/p>\n<p><img data-recalc-dims=\"1\" decoding=\"async\" class=\"alignnone size-large wp-image-12275\" alt=\"Miroir PARISIAN FLOOR par Reflect+ x Arik Levy\" src=\"https:\/\/i0.wp.com\/joyana.fr\/wp-content\/uploads\/2013\/02\/parisian-floor-detail-576x762.jpg?resize=576%2C762&#038;ssl=1\" width=\"576\" height=\"762\" \/><\/p>\n<p><img data-recalc-dims=\"1\" decoding=\"async\" class=\"alignnone size-large wp-image-12274\" alt=\"parisian-floor-c\" src=\"https:\/\/i0.wp.com\/joyana.fr\/wp-content\/uploads\/2013\/02\/parisian-floor-c-576x768.jpg?resize=576%2C768&#038;ssl=1\" width=\"576\" height=\"768\" \/><\/p>\n<p><img data-recalc-dims=\"1\" loading=\"lazy\" decoding=\"async\" class=\"alignnone size-large wp-image-12272\" alt=\"Miroir PARISIAN FLOOR par Reflect+ x Arik Levy\" src=\"https:\/\/i0.wp.com\/joyana.fr\/wp-content\/uploads\/2013\/02\/parisian-floor-5-576x552.jpg?resize=576%2C552&#038;ssl=1\" width=\"576\" height=\"552\" \/><\/p>\n\n<p style=\"text-align: center;\">En savoir + sur <a href=\"http:\/\/www.ariklevy.fr\" target=\"_blank\"><strong>Arik LEVY<\/strong><\/a> &#038; <a href=\"http:\/\/www.deknudtmirrors.com\/en\/welcome.aspx\" target=\"_blank\"><strong>DEKNUDT MIRRORS<\/strong><\/a><\/p>\n","protected":false},"excerpt":{"rendered":"<p>Le designer Arik Levy pr\u00e9sente PARISIAN FLOOR, un miroir original qu&#8217;il signe pour l&#8217;\u00e9diteur belge [&hellip;]<\/p>\n","protected":false},"author":3,"featured_media":112272,"comment_status":"open","ping_status":"open","sticky":false,"template":"","format":"standard","meta":{"_coblocks_attr":"","_coblocks_dimensions":"","_coblocks_responsive_height":"","_coblocks_accordion_ie_support":"","_uag_custom_page_level_css":"","advgb_blocks_editor_width":"","advgb_blocks_columns_visual_guide":"","_genesis_hide_title":false,"_genesis_hide_breadcrumbs":false,"_genesis_hide_singular_image":false,"_genesis_hide_footer_widgets":false,"_genesis_custom_body_class":"","_genesis_custom_post_class":"","_genesis_layout":"","_themeisle_gutenberg_block_has_review":false,"_jetpack_newsletter_access":"","_jetpack_dont_email_post_to_subs":false,"_jetpack_newsletter_tier_id":0,"_jetpack_memberships_contains_paywalled_content":false,"_jetpack_memberships_contains_paid_content":false,"footnotes":""},"categories":[987,905,941,1001],"tags":[1144,1264,1265],"class_list":{"0":"post-112267","1":"post","2":"type-post","3":"status-publish","4":"format-standard","5":"has-post-thumbnail","7":"category-arik-levy","8":"category-deco-design","9":"category-decoration-murale","10":"category-miroir","11":"tag-arik-levy","12":"tag-deknudt-mirrors","13":"tag-miroir-design","14":"entry"},"featured_image_urls":{"full":["https:\/\/i0.wp.com\/www.joyana.fr\/wp-content\/uploads\/2013\/02\/parisian-floor-5.jpg?fit=650%2C623&ssl=1",650,623,false],"thumbnail":["https:\/\/i0.wp.com\/www.joyana.fr\/wp-content\/uploads\/2013\/02\/parisian-floor-5.jpg?resize=150%2C150&ssl=1",150,150,true],"medium":["https:\/\/i0.wp.com\/www.joyana.fr\/wp-content\/uploads\/2013\/02\/parisian-floor-5.jpg?fit=389%2C373&ssl=1",389,373,true],"medium_large":["https:\/\/i0.wp.com\/www.joyana.fr\/wp-content\/uploads\/2013\/02\/parisian-floor-5.jpg?fit=650%2C623&ssl=1",650,623,true],"large":["https:\/\/i0.wp.com\/www.joyana.fr\/wp-content\/uploads\/2013\/02\/parisian-floor-5.jpg?fit=650%2C623&ssl=1",650,623,true],"1536x1536":["https:\/\/i0.wp.com\/www.joyana.fr\/wp-content\/uploads\/2013\/02\/parisian-floor-5.jpg?fit=650%2C623&ssl=1",650,623,true],"2048x2048":["https:\/\/i0.wp.com\/www.joyana.fr\/wp-content\/uploads\/2013\/02\/parisian-floor-5.jpg?fit=650%2C623&ssl=1",650,623,true],"featured-thumb":["https:\/\/i0.wp.com\/www.joyana.fr\/wp-content\/uploads\/2013\/02\/parisian-floor-5.jpg?resize=650%2C623&ssl=1",650,623,true],"ab-block-post-grid-landscape":["https:\/\/i0.wp.com\/www.joyana.fr\/wp-content\/uploads\/2013\/02\/parisian-floor-5.jpg?resize=600%2C400&ssl=1",600,400,true],"ab-block-post-grid-square":["https:\/\/i0.wp.com\/www.joyana.fr\/wp-content\/uploads\/2013\/02\/parisian-floor-5.jpg?resize=600%2C600&ssl=1",600,600,true],"author-pro-image":["https:\/\/i0.wp.com\/www.joyana.fr\/wp-content\/uploads\/2013\/02\/parisian-floor-5.jpg?resize=360%2C570&ssl=1",360,570,true],"slider":["https:\/\/i0.wp.com\/www.joyana.fr\/wp-content\/uploads\/2013\/02\/parisian-floor-5.jpg?resize=650%2C400&ssl=1",650,400,true],"woocommerce_thumbnail":["https:\/\/i0.wp.com\/www.joyana.fr\/wp-content\/uploads\/2013\/02\/parisian-floor-5.jpg?resize=450%2C450&ssl=1",450,450,true],"woocommerce_single":["https:\/\/i0.wp.com\/www.joyana.fr\/wp-content\/uploads\/2013\/02\/parisian-floor-5.jpg?fit=650%2C623&ssl=1",650,623,true],"woocommerce_gallery_thumbnail":["https:\/\/i0.wp.com\/www.joyana.fr\/wp-content\/uploads\/2013\/02\/parisian-floor-5.jpg?resize=180%2C180&ssl=1",180,180,true],"sow-carousel-default":["https:\/\/i0.wp.com\/www.joyana.fr\/wp-content\/uploads\/2013\/02\/parisian-floor-5.jpg?resize=272%2C182&ssl=1",272,182,true]},"post_excerpt_stackable":"<p>Le designer Arik Levy pr\u00e9sente PARISIAN FLOOR, un miroir original qu&#8217;il signe pour l&#8217;\u00e9di&hellip;<\/p>\n","category_list":"<a href=\"https:\/\/www.joyana.fr\/ja\/category\/deco-design\/designer\/arik-levy\/\" rel=\"category tag\">Arik LEVY<\/a>, <a href=\"https:\/\/www.joyana.fr\/ja\/category\/deco-design\/\" rel=\"category tag\">DECO-DESIGN<\/a>, <a href=\"https:\/\/www.joyana.fr\/ja\/category\/deco-design\/decoration\/decoration-murale\/\" rel=\"category tag\">D\u00e9coration Murale<\/a>, <a href=\"https:\/\/www.joyana.fr\/ja\/category\/deco-design\/decoration\/accessoires\/miroir\/\" rel=\"category tag\">Miroir<\/a>","author_info":{"display_name":"Jo Yana","author_link":"https:\/\/www.joyana.fr\/ja\/author\/joyana\/"},"comments_num":"9 comments","featured_image_urls_v2":{"full":["https:\/\/i0.wp.com\/www.joyana.fr\/wp-content\/uploads\/2013\/02\/parisian-floor-5.jpg?fit=650%2C623&ssl=1",650,623,false],"thumbnail":["https:\/\/i0.wp.com\/www.joyana.fr\/wp-content\/uploads\/2013\/02\/parisian-floor-5.jpg?resize=150%2C150&ssl=1",150,150,true],"medium":["https:\/\/i0.wp.com\/www.joyana.fr\/wp-content\/uploads\/2013\/02\/parisian-floor-5.jpg?fit=389%2C373&ssl=1",389,373,true],"medium_large":["https:\/\/i0.wp.com\/www.joyana.fr\/wp-content\/uploads\/2013\/02\/parisian-floor-5.jpg?fit=650%2C623&ssl=1",650,623,true],"large":["https:\/\/i0.wp.com\/www.joyana.fr\/wp-content\/uploads\/2013\/02\/parisian-floor-5.jpg?fit=650%2C623&ssl=1",650,623,true],"1536x1536":["https:\/\/i0.wp.com\/www.joyana.fr\/wp-content\/uploads\/2013\/02\/parisian-floor-5.jpg?fit=650%2C623&ssl=1",650,623,true],"2048x2048":["https:\/\/i0.wp.com\/www.joyana.fr\/wp-content\/uploads\/2013\/02\/parisian-floor-5.jpg?fit=650%2C623&ssl=1",650,623,true],"featured-thumb":["https:\/\/i0.wp.com\/www.joyana.fr\/wp-content\/uploads\/2013\/02\/parisian-floor-5.jpg?resize=650%2C623&ssl=1",650,623,true],"ab-block-post-grid-landscape":["https:\/\/i0.wp.com\/www.joyana.fr\/wp-content\/uploads\/2013\/02\/parisian-floor-5.jpg?resize=600%2C400&ssl=1",600,400,true],"ab-block-post-grid-square":["https:\/\/i0.wp.com\/www.joyana.fr\/wp-content\/uploads\/2013\/02\/parisian-floor-5.jpg?resize=600%2C600&ssl=1",600,600,true],"author-pro-image":["https:\/\/i0.wp.com\/www.joyana.fr\/wp-content\/uploads\/2013\/02\/parisian-floor-5.jpg?resize=360%2C570&ssl=1",360,570,true],"slider":["https:\/\/i0.wp.com\/www.joyana.fr\/wp-content\/uploads\/2013\/02\/parisian-floor-5.jpg?resize=650%2C400&ssl=1",650,400,true],"woocommerce_thumbnail":["https:\/\/i0.wp.com\/www.joyana.fr\/wp-content\/uploads\/2013\/02\/parisian-floor-5.jpg?resize=450%2C450&ssl=1",450,450,true],"woocommerce_single":["https:\/\/i0.wp.com\/www.joyana.fr\/wp-content\/uploads\/2013\/02\/parisian-floor-5.jpg?fit=650%2C623&ssl=1",650,623,true],"woocommerce_gallery_thumbnail":["https:\/\/i0.wp.com\/www.joyana.fr\/wp-content\/uploads\/2013\/02\/parisian-floor-5.jpg?resize=180%2C180&ssl=1",180,180,true],"sow-carousel-default":["https:\/\/i0.wp.com\/www.joyana.fr\/wp-content\/uploads\/2013\/02\/parisian-floor-5.jpg?resize=272%2C182&ssl=1",272,182,true]},"post_excerpt_stackable_v2":"<p>Le designer Arik Levy pr\u00e9sente PARISIAN FLOOR, un miroir original qu&#8217;il signe pour l&#8217;\u00e9di&hellip;<\/p>\n","category_list_v2":"<a href=\"https:\/\/www.joyana.fr\/ja\/category\/deco-design\/designer\/arik-levy\/\" rel=\"category tag\">Arik LEVY<\/a>, <a href=\"https:\/\/www.joyana.fr\/ja\/category\/deco-design\/\" rel=\"category tag\">DECO-DESIGN<\/a>, <a href=\"https:\/\/www.joyana.fr\/ja\/category\/deco-design\/decoration\/decoration-murale\/\" rel=\"category tag\">D\u00e9coration Murale<\/a>, <a href=\"https:\/\/www.joyana.fr\/ja\/category\/deco-design\/decoration\/accessoires\/miroir\/\" rel=\"category tag\">Miroir<\/a>","author_info_v2":{"name":"Jo Yana","url":"https:\/\/www.joyana.fr\/ja\/author\/joyana\/"},"comments_num_v2":"9 comments","yoast_head":"<!-- This site is optimized with the Yoast SEO plugin v26.8 - https:\/\/yoast.com\/product\/yoast-seo-wordpress\/ -->\n<title>Miroir PARISIAN FLOOR par Deknudt Mirrors x Arik Levy - JO YANA<\/title>\n<meta name=\"robots\" content=\"index, follow, max-snippet:-1, max-image-preview:large, max-video-preview:-1\" \/>\n<link rel=\"canonical\" href=\"https:\/\/www.joyana.fr\/ja\/miroir-parisian-floor-deknudt-mirrors-arik-levy\/112267\/\" \/>\n<meta property=\"og:locale\" content=\"ja_JP\" \/>\n<meta property=\"og:locale:alternate\" content=\"fr_FR\" \/>\n<meta property=\"og:locale:alternate\" content=\"en_US\" \/>\n<meta property=\"og:type\" content=\"article\" \/>\n<meta property=\"og:title\" content=\"Miroir PARISIAN FLOOR par Deknudt Mirrors x Arik Levy - JO YANA\" \/>\n<meta property=\"og:description\" content=\"Le designer Arik Levy pr\u00e9sente PARISIAN FLOOR, un miroir original qu&#8217;il signe pour l&#8217;\u00e9diteur belge [&hellip;]\" \/>\n<meta property=\"og:url\" content=\"https:\/\/www.joyana.fr\/ja\/miroir-parisian-floor-deknudt-mirrors-arik-levy\/112267\/\" \/>\n<meta property=\"og:site_name\" content=\"JO YANA\" \/>\n<meta property=\"article:published_time\" content=\"2013-02-14T16:48:03+00:00\" \/>\n<meta property=\"og:image\" content=\"https:\/\/www.joyana.fr\/wp-content\/uploads\/2013\/02\/parisian-floor-5.jpg\" \/>\n\t<meta property=\"og:image:width\" content=\"650\" \/>\n\t<meta property=\"og:image:height\" content=\"623\" \/>\n\t<meta property=\"og:image:type\" content=\"image\/jpeg\" \/>\n<meta name=\"author\" content=\"Jo Yana\" \/>\n<meta name=\"twitter:card\" content=\"summary_large_image\" \/>\n<meta name=\"twitter:creator\" content=\"@Jo_Yana\" \/>\n<meta name=\"twitter:site\" content=\"@Jo_Yana\" \/>\n<meta name=\"twitter:label1\" content=\"\u57f7\u7b46\u8005\" \/>\n\t<meta name=\"twitter:data1\" content=\"Jo Yana\" \/>\n\t<meta name=\"twitter:label2\" content=\"\u63a8\u5b9a\u8aad\u307f\u53d6\u308a\u6642\u9593\" \/>\n\t<meta name=\"twitter:data2\" content=\"1\u5206\" \/>\n<script type=\"application\/ld+json\" class=\"yoast-schema-graph\">{\"@context\":\"https:\/\/schema.org\",\"@graph\":[{\"@type\":\"Article\",\"@id\":\"https:\/\/www.joyana.fr\/ja\/miroir-parisian-floor-deknudt-mirrors-arik-levy\/112267\/#article\",\"isPartOf\":{\"@id\":\"https:\/\/www.joyana.fr\/ja\/miroir-parisian-floor-deknudt-mirrors-arik-levy\/112267\/\"},\"author\":{\"name\":\"Jo Yana\",\"@id\":\"https:\/\/joyana.fr\/#\/schema\/person\/cf2a1ad12a27c12c21801075bf37407c\"},\"headline\":\"Miroir PARISIAN FLOOR par Deknudt Mirrors x Arik Levy\",\"datePublished\":\"2013-02-14T16:48:03+00:00\",\"mainEntityOfPage\":{\"@id\":\"https:\/\/www.joyana.fr\/ja\/miroir-parisian-floor-deknudt-mirrors-arik-levy\/112267\/\"},\"wordCount\":154,\"commentCount\":3,\"publisher\":{\"@id\":\"https:\/\/joyana.fr\/#\/schema\/person\/cf2a1ad12a27c12c21801075bf37407c\"},\"image\":{\"@id\":\"https:\/\/www.joyana.fr\/ja\/miroir-parisian-floor-deknudt-mirrors-arik-levy\/112267\/#primaryimage\"},\"thumbnailUrl\":\"https:\/\/i0.wp.com\/www.joyana.fr\/wp-content\/uploads\/2013\/02\/parisian-floor-5.jpg?fit=650%2C623&ssl=1\",\"keywords\":[\"Arik LEVY\",\"Deknudt Mirrors\",\"Miroir design\"],\"articleSection\":[\"Arik LEVY\",\"DECO-DESIGN\",\"D\u00e9coration Murale\",\"Miroir\"],\"inLanguage\":\"ja\",\"potentialAction\":[{\"@type\":\"CommentAction\",\"name\":\"Comment\",\"target\":[\"https:\/\/www.joyana.fr\/ja\/miroir-parisian-floor-deknudt-mirrors-arik-levy\/112267\/#respond\"]}]},{\"@type\":\"WebPage\",\"@id\":\"https:\/\/www.joyana.fr\/ja\/miroir-parisian-floor-deknudt-mirrors-arik-levy\/112267\/\",\"url\":\"https:\/\/www.joyana.fr\/ja\/miroir-parisian-floor-deknudt-mirrors-arik-levy\/112267\/\",\"name\":\"Miroir PARISIAN FLOOR par Deknudt Mirrors x Arik Levy - JO YANA\",\"isPartOf\":{\"@id\":\"https:\/\/joyana.fr\/#website\"},\"primaryImageOfPage\":{\"@id\":\"https:\/\/www.joyana.fr\/ja\/miroir-parisian-floor-deknudt-mirrors-arik-levy\/112267\/#primaryimage\"},\"image\":{\"@id\":\"https:\/\/www.joyana.fr\/ja\/miroir-parisian-floor-deknudt-mirrors-arik-levy\/112267\/#primaryimage\"},\"thumbnailUrl\":\"https:\/\/i0.wp.com\/www.joyana.fr\/wp-content\/uploads\/2013\/02\/parisian-floor-5.jpg?fit=650%2C623&ssl=1\",\"datePublished\":\"2013-02-14T16:48:03+00:00\",\"breadcrumb\":{\"@id\":\"https:\/\/www.joyana.fr\/ja\/miroir-parisian-floor-deknudt-mirrors-arik-levy\/112267\/#breadcrumb\"},\"inLanguage\":\"ja\",\"potentialAction\":[{\"@type\":\"ReadAction\",\"target\":[\"https:\/\/www.joyana.fr\/ja\/miroir-parisian-floor-deknudt-mirrors-arik-levy\/112267\/\"]}]},{\"@type\":\"ImageObject\",\"inLanguage\":\"ja\",\"@id\":\"https:\/\/www.joyana.fr\/ja\/miroir-parisian-floor-deknudt-mirrors-arik-levy\/112267\/#primaryimage\",\"url\":\"https:\/\/i0.wp.com\/www.joyana.fr\/wp-content\/uploads\/2013\/02\/parisian-floor-5.jpg?fit=650%2C623&ssl=1\",\"contentUrl\":\"https:\/\/i0.wp.com\/www.joyana.fr\/wp-content\/uploads\/2013\/02\/parisian-floor-5.jpg?fit=650%2C623&ssl=1\",\"width\":650,\"height\":623},{\"@type\":\"BreadcrumbList\",\"@id\":\"https:\/\/www.joyana.fr\/ja\/miroir-parisian-floor-deknudt-mirrors-arik-levy\/112267\/#breadcrumb\",\"itemListElement\":[{\"@type\":\"ListItem\",\"position\":1,\"name\":\"Accueil\",\"item\":\"https:\/\/joyana.fr\/\"},{\"@type\":\"ListItem\",\"position\":2,\"name\":\"Miroir PARISIAN FLOOR par Deknudt Mirrors x Arik Levy\"}]},{\"@type\":\"WebSite\",\"@id\":\"https:\/\/joyana.fr\/#website\",\"url\":\"https:\/\/joyana.fr\/\",\"name\":\"JO YANA\",\"description\":\"Blog Mode Homme, Lifestyle, D\u00e9co-Design\",\"publisher\":{\"@id\":\"https:\/\/joyana.fr\/#\/schema\/person\/cf2a1ad12a27c12c21801075bf37407c\"},\"potentialAction\":[{\"@type\":\"SearchAction\",\"target\":{\"@type\":\"EntryPoint\",\"urlTemplate\":\"https:\/\/joyana.fr\/?s={search_term_string}\"},\"query-input\":{\"@type\":\"PropertyValueSpecification\",\"valueRequired\":true,\"valueName\":\"search_term_string\"}}],\"inLanguage\":\"ja\"},{\"@type\":[\"Person\",\"Organization\"],\"@id\":\"https:\/\/joyana.fr\/#\/schema\/person\/cf2a1ad12a27c12c21801075bf37407c\",\"name\":\"Jo Yana\",\"image\":{\"@type\":\"ImageObject\",\"inLanguage\":\"ja\",\"@id\":\"https:\/\/joyana.fr\/#\/schema\/person\/image\/\",\"url\":\"https:\/\/i0.wp.com\/www.joyana.fr\/wp-content\/uploads\/2016\/08\/cropped-joyana-logo-black-360x180.png?fit=343%2C164&ssl=1\",\"contentUrl\":\"https:\/\/i0.wp.com\/www.joyana.fr\/wp-content\/uploads\/2016\/08\/cropped-joyana-logo-black-360x180.png?fit=343%2C164&ssl=1\",\"width\":343,\"height\":164,\"caption\":\"Jo Yana\"},\"logo\":{\"@id\":\"https:\/\/joyana.fr\/#\/schema\/person\/image\/\"},\"description\":\"Jo Yana est le cr\u00e9ateur et r\u00e9dacteur en chef des sites DECO-DESIGN. Passionn\u00e9 de Design, Mode, Photo, Luxe, Lifestyle, Musique, mais avant tout Blogueur ! Le plaisir de partager l'anime et a comme devise \\\"POUR L'AMOUR DU BEAU\\\". Retrouvez le aussi sur son blog personnel - https:\/\/joyana.fr...\",\"sameAs\":[\"https:\/\/joyana.fr\/\"],\"url\":\"https:\/\/www.joyana.fr\/ja\/author\/joyana\/\"}]}<\/script>\n<!-- \/ Yoast SEO plugin. -->","yoast_head_json":{"title":"Miroir PARISIAN FLOOR par Deknudt Mirrors x Arik Levy - JO YANA","robots":{"index":"index","follow":"follow","max-snippet":"max-snippet:-1","max-image-preview":"max-image-preview:large","max-video-preview":"max-video-preview:-1"},"canonical":"https:\/\/www.joyana.fr\/ja\/miroir-parisian-floor-deknudt-mirrors-arik-levy\/112267\/","og_locale":"ja_JP","og_type":"article","og_title":"Miroir PARISIAN FLOOR par Deknudt Mirrors x Arik Levy - JO YANA","og_description":"Le designer Arik Levy pr\u00e9sente PARISIAN FLOOR, un miroir original qu&#8217;il signe pour l&#8217;\u00e9diteur belge [&hellip;]","og_url":"https:\/\/www.joyana.fr\/ja\/miroir-parisian-floor-deknudt-mirrors-arik-levy\/112267\/","og_site_name":"JO YANA","article_published_time":"2013-02-14T16:48:03+00:00","og_image":[{"width":650,"height":623,"url":"https:\/\/www.joyana.fr\/wp-content\/uploads\/2013\/02\/parisian-floor-5.jpg","type":"image\/jpeg"}],"author":"Jo Yana","twitter_card":"summary_large_image","twitter_creator":"@Jo_Yana","twitter_site":"@Jo_Yana","twitter_misc":{"\u57f7\u7b46\u8005":"Jo Yana","\u63a8\u5b9a\u8aad\u307f\u53d6\u308a\u6642\u9593":"1\u5206"},"schema":{"@context":"https:\/\/schema.org","@graph":[{"@type":"Article","@id":"https:\/\/www.joyana.fr\/ja\/miroir-parisian-floor-deknudt-mirrors-arik-levy\/112267\/#article","isPartOf":{"@id":"https:\/\/www.joyana.fr\/ja\/miroir-parisian-floor-deknudt-mirrors-arik-levy\/112267\/"},"author":{"name":"Jo Yana","@id":"https:\/\/joyana.fr\/#\/schema\/person\/cf2a1ad12a27c12c21801075bf37407c"},"headline":"Miroir PARISIAN FLOOR par Deknudt Mirrors x Arik Levy","datePublished":"2013-02-14T16:48:03+00:00","mainEntityOfPage":{"@id":"https:\/\/www.joyana.fr\/ja\/miroir-parisian-floor-deknudt-mirrors-arik-levy\/112267\/"},"wordCount":154,"commentCount":3,"publisher":{"@id":"https:\/\/joyana.fr\/#\/schema\/person\/cf2a1ad12a27c12c21801075bf37407c"},"image":{"@id":"https:\/\/www.joyana.fr\/ja\/miroir-parisian-floor-deknudt-mirrors-arik-levy\/112267\/#primaryimage"},"thumbnailUrl":"https:\/\/i0.wp.com\/www.joyana.fr\/wp-content\/uploads\/2013\/02\/parisian-floor-5.jpg?fit=650%2C623&ssl=1","keywords":["Arik LEVY","Deknudt Mirrors","Miroir design"],"articleSection":["Arik LEVY","DECO-DESIGN","D\u00e9coration Murale","Miroir"],"inLanguage":"ja","potentialAction":[{"@type":"CommentAction","name":"Comment","target":["https:\/\/www.joyana.fr\/ja\/miroir-parisian-floor-deknudt-mirrors-arik-levy\/112267\/#respond"]}]},{"@type":"WebPage","@id":"https:\/\/www.joyana.fr\/ja\/miroir-parisian-floor-deknudt-mirrors-arik-levy\/112267\/","url":"https:\/\/www.joyana.fr\/ja\/miroir-parisian-floor-deknudt-mirrors-arik-levy\/112267\/","name":"Miroir PARISIAN FLOOR par Deknudt Mirrors x Arik Levy - JO YANA","isPartOf":{"@id":"https:\/\/joyana.fr\/#website"},"primaryImageOfPage":{"@id":"https:\/\/www.joyana.fr\/ja\/miroir-parisian-floor-deknudt-mirrors-arik-levy\/112267\/#primaryimage"},"image":{"@id":"https:\/\/www.joyana.fr\/ja\/miroir-parisian-floor-deknudt-mirrors-arik-levy\/112267\/#primaryimage"},"thumbnailUrl":"https:\/\/i0.wp.com\/www.joyana.fr\/wp-content\/uploads\/2013\/02\/parisian-floor-5.jpg?fit=650%2C623&ssl=1","datePublished":"2013-02-14T16:48:03+00:00","breadcrumb":{"@id":"https:\/\/www.joyana.fr\/ja\/miroir-parisian-floor-deknudt-mirrors-arik-levy\/112267\/#breadcrumb"},"inLanguage":"ja","potentialAction":[{"@type":"ReadAction","target":["https:\/\/www.joyana.fr\/ja\/miroir-parisian-floor-deknudt-mirrors-arik-levy\/112267\/"]}]},{"@type":"ImageObject","inLanguage":"ja","@id":"https:\/\/www.joyana.fr\/ja\/miroir-parisian-floor-deknudt-mirrors-arik-levy\/112267\/#primaryimage","url":"https:\/\/i0.wp.com\/www.joyana.fr\/wp-content\/uploads\/2013\/02\/parisian-floor-5.jpg?fit=650%2C623&ssl=1","contentUrl":"https:\/\/i0.wp.com\/www.joyana.fr\/wp-content\/uploads\/2013\/02\/parisian-floor-5.jpg?fit=650%2C623&ssl=1","width":650,"height":623},{"@type":"BreadcrumbList","@id":"https:\/\/www.joyana.fr\/ja\/miroir-parisian-floor-deknudt-mirrors-arik-levy\/112267\/#breadcrumb","itemListElement":[{"@type":"ListItem","position":1,"name":"Accueil","item":"https:\/\/joyana.fr\/"},{"@type":"ListItem","position":2,"name":"Miroir PARISIAN FLOOR par Deknudt Mirrors x Arik Levy"}]},{"@type":"WebSite","@id":"https:\/\/joyana.fr\/#website","url":"https:\/\/joyana.fr\/","name":"JO YANA","description":"Blog Mode Homme, Lifestyle, D\u00e9co-Design","publisher":{"@id":"https:\/\/joyana.fr\/#\/schema\/person\/cf2a1ad12a27c12c21801075bf37407c"},"potentialAction":[{"@type":"SearchAction","target":{"@type":"EntryPoint","urlTemplate":"https:\/\/joyana.fr\/?s={search_term_string}"},"query-input":{"@type":"PropertyValueSpecification","valueRequired":true,"valueName":"search_term_string"}}],"inLanguage":"ja"},{"@type":["Person","Organization"],"@id":"https:\/\/joyana.fr\/#\/schema\/person\/cf2a1ad12a27c12c21801075bf37407c","name":"Jo Yana","image":{"@type":"ImageObject","inLanguage":"ja","@id":"https:\/\/joyana.fr\/#\/schema\/person\/image\/","url":"https:\/\/i0.wp.com\/www.joyana.fr\/wp-content\/uploads\/2016\/08\/cropped-joyana-logo-black-360x180.png?fit=343%2C164&ssl=1","contentUrl":"https:\/\/i0.wp.com\/www.joyana.fr\/wp-content\/uploads\/2016\/08\/cropped-joyana-logo-black-360x180.png?fit=343%2C164&ssl=1","width":343,"height":164,"caption":"Jo Yana"},"logo":{"@id":"https:\/\/joyana.fr\/#\/schema\/person\/image\/"},"description":"Jo Yana est le cr\u00e9ateur et r\u00e9dacteur en chef des sites DECO-DESIGN. Passionn\u00e9 de Design, Mode, Photo, Luxe, Lifestyle, Musique, mais avant tout Blogueur ! Le plaisir de partager l'anime et a comme devise \"POUR L'AMOUR DU BEAU\". Retrouvez le aussi sur son blog personnel - https:\/\/joyana.fr...","sameAs":["https:\/\/joyana.fr\/"],"url":"https:\/\/www.joyana.fr\/ja\/author\/joyana\/"}]}},"author_meta":{"display_name":"Jo Yana","author_link":"https:\/\/www.joyana.fr\/ja\/author\/joyana\/"},"featured_img":"https:\/\/i0.wp.com\/www.joyana.fr\/wp-content\/uploads\/2013\/02\/parisian-floor-5.jpg?fit=389%2C373&ssl=1","featured_image_src":"https:\/\/i0.wp.com\/www.joyana.fr\/wp-content\/uploads\/2013\/02\/parisian-floor-5.jpg?resize=600%2C400&ssl=1","featured_image_src_square":"https:\/\/i0.wp.com\/www.joyana.fr\/wp-content\/uploads\/2013\/02\/parisian-floor-5.jpg?resize=600%2C600&ssl=1","jetpack_featured_media_url":"https:\/\/i0.wp.com\/www.joyana.fr\/wp-content\/uploads\/2013\/02\/parisian-floor-5.jpg?fit=650%2C623&ssl=1","uagb_featured_image_src":{"full":["https:\/\/i0.wp.com\/www.joyana.fr\/wp-content\/uploads\/2013\/02\/parisian-floor-5.jpg?fit=650%2C623&ssl=1",650,623,false],"thumbnail":["https:\/\/i0.wp.com\/www.joyana.fr\/wp-content\/uploads\/2013\/02\/parisian-floor-5.jpg?resize=150%2C150&ssl=1",150,150,true],"medium":["https:\/\/i0.wp.com\/www.joyana.fr\/wp-content\/uploads\/2013\/02\/parisian-floor-5.jpg?fit=389%2C373&ssl=1",389,373,true],"medium_large":["https:\/\/i0.wp.com\/www.joyana.fr\/wp-content\/uploads\/2013\/02\/parisian-floor-5.jpg?fit=650%2C623&ssl=1",650,623,true],"large":["https:\/\/i0.wp.com\/www.joyana.fr\/wp-content\/uploads\/2013\/02\/parisian-floor-5.jpg?fit=650%2C623&ssl=1",650,623,true],"1536x1536":["https:\/\/i0.wp.com\/www.joyana.fr\/wp-content\/uploads\/2013\/02\/parisian-floor-5.jpg?fit=650%2C623&ssl=1",650,623,true],"2048x2048":["https:\/\/i0.wp.com\/www.joyana.fr\/wp-content\/uploads\/2013\/02\/parisian-floor-5.jpg?fit=650%2C623&ssl=1",650,623,true],"featured-thumb":["https:\/\/i0.wp.com\/www.joyana.fr\/wp-content\/uploads\/2013\/02\/parisian-floor-5.jpg?resize=650%2C623&ssl=1",650,623,true],"ab-block-post-grid-landscape":["https:\/\/i0.wp.com\/www.joyana.fr\/wp-content\/uploads\/2013\/02\/parisian-floor-5.jpg?resize=600%2C400&ssl=1",600,400,true],"ab-block-post-grid-square":["https:\/\/i0.wp.com\/www.joyana.fr\/wp-content\/uploads\/2013\/02\/parisian-floor-5.jpg?resize=600%2C600&ssl=1",600,600,true],"author-pro-image":["https:\/\/i0.wp.com\/www.joyana.fr\/wp-content\/uploads\/2013\/02\/parisian-floor-5.jpg?resize=360%2C570&ssl=1",360,570,true],"slider":["https:\/\/i0.wp.com\/www.joyana.fr\/wp-content\/uploads\/2013\/02\/parisian-floor-5.jpg?resize=650%2C400&ssl=1",650,400,true],"woocommerce_thumbnail":["https:\/\/i0.wp.com\/www.joyana.fr\/wp-content\/uploads\/2013\/02\/parisian-floor-5.jpg?resize=450%2C450&ssl=1",450,450,true],"woocommerce_single":["https:\/\/i0.wp.com\/www.joyana.fr\/wp-content\/uploads\/2013\/02\/parisian-floor-5.jpg?fit=650%2C623&ssl=1",650,623,true],"woocommerce_gallery_thumbnail":["https:\/\/i0.wp.com\/www.joyana.fr\/wp-content\/uploads\/2013\/02\/parisian-floor-5.jpg?resize=180%2C180&ssl=1",180,180,true],"sow-carousel-default":["https:\/\/i0.wp.com\/www.joyana.fr\/wp-content\/uploads\/2013\/02\/parisian-floor-5.jpg?resize=272%2C182&ssl=1",272,182,true]},"uagb_author_info":{"display_name":"Jo Yana","author_link":"https:\/\/www.joyana.fr\/ja\/author\/joyana\/"},"uagb_comment_info":25,"uagb_excerpt":"Le designer Arik Levy pr\u00e9sente PARISIAN FLOOR, un miroi&hellip;","coauthors":[],"tax_additional":{"categories":{"linked":["<a href=\"https:\/\/www.joyana.fr\/ja\/category\/deco-design\/designer\/arik-levy\/\" class=\"advgb-post-tax-term\">Arik LEVY<\/a>","<a href=\"https:\/\/www.joyana.fr\/ja\/category\/deco-design\/\" class=\"advgb-post-tax-term\">DECO-DESIGN<\/a>","<a href=\"https:\/\/www.joyana.fr\/ja\/category\/deco-design\/decoration\/decoration-murale\/\" class=\"advgb-post-tax-term\">D\u00e9coration Murale<\/a>","<a href=\"https:\/\/www.joyana.fr\/ja\/category\/deco-design\/decoration\/accessoires\/miroir\/\" class=\"advgb-post-tax-term\">Miroir<\/a>"],"unlinked":["<span class=\"advgb-post-tax-term\">Arik LEVY<\/span>","<span class=\"advgb-post-tax-term\">DECO-DESIGN<\/span>","<span class=\"advgb-post-tax-term\">D\u00e9coration Murale<\/span>","<span class=\"advgb-post-tax-term\">Miroir<\/span>"]},"tags":{"linked":["<a href=\"https:\/\/www.joyana.fr\/ja\/category\/deco-design\/decoration\/accessoires\/miroir\/\" class=\"advgb-post-tax-term\">Arik LEVY<\/a>","<a href=\"https:\/\/www.joyana.fr\/ja\/category\/deco-design\/decoration\/accessoires\/miroir\/\" class=\"advgb-post-tax-term\">Deknudt Mirrors<\/a>","<a href=\"https:\/\/www.joyana.fr\/ja\/category\/deco-design\/decoration\/accessoires\/miroir\/\" class=\"advgb-post-tax-term\">Miroir design<\/a>"],"unlinked":["<span class=\"advgb-post-tax-term\">Arik LEVY<\/span>","<span class=\"advgb-post-tax-term\">Deknudt Mirrors<\/span>","<span class=\"advgb-post-tax-term\">Miroir design<\/span>"]}},"comment_count":9,"relative_dates":{"created":"Posted 13\u5e74 ago","modified":"Updated 13\u5e74 ago"},"absolute_dates":{"created":"Posted on 14 2\u6708 2013","modified":"Updated on 14 2\u6708 2013"},"absolute_dates_time":{"created":"Posted on 14 2\u6708 2013 17:48","modified":"Updated on 14 2\u6708 2013 17:48"},"featured_img_caption":"","series_order":"","jetpack_sharing_enabled":true,"jetpack_shortlink":"https:\/\/wp.me\/p9bteI-tcL","jetpack-related-posts":[],"_links":{"self":[{"href":"https:\/\/www.joyana.fr\/ja\/wp-json\/wp\/v2\/posts\/112267","targetHints":{"allow":["GET"]}}],"collection":[{"href":"https:\/\/www.joyana.fr\/ja\/wp-json\/wp\/v2\/posts"}],"about":[{"href":"https:\/\/www.joyana.fr\/ja\/wp-json\/wp\/v2\/types\/post"}],"author":[{"embeddable":true,"href":"https:\/\/www.joyana.fr\/ja\/wp-json\/wp\/v2\/users\/3"}],"replies":[{"embeddable":true,"href":"https:\/\/www.joyana.fr\/ja\/wp-json\/wp\/v2\/comments?post=112267"}],"version-history":[{"count":0,"href":"https:\/\/www.joyana.fr\/ja\/wp-json\/wp\/v2\/posts\/112267\/revisions"}],"wp:featuredmedia":[{"embeddable":true,"href":"https:\/\/www.joyana.fr\/ja\/wp-json\/wp\/v2\/media\/112272"}],"wp:attachment":[{"href":"https:\/\/www.joyana.fr\/ja\/wp-json\/wp\/v2\/media?parent=112267"}],"wp:term":[{"taxonomy":"category","embeddable":true,"href":"https:\/\/www.joyana.fr\/ja\/wp-json\/wp\/v2\/categories?post=112267"},{"taxonomy":"post_tag","embeddable":true,"href":"https:\/\/www.joyana.fr\/ja\/wp-json\/wp\/v2\/tags?post=112267"}],"curies":[{"name":"wp","href":"https:\/\/api.w.org\/{rel}","templated":true}]}}