{"id":111557,"date":"2012-12-26T08:34:00","date_gmt":"2012-12-26T07:34:00","guid":{"rendered":"https:\/\/joyana.fr\/?p=11557"},"modified":"2012-12-26T08:34:00","modified_gmt":"2012-12-26T07:34:00","slug":"vaisselles-ovale-alessi-ronan-erwan-bouroullec","status":"publish","type":"post","link":"https:\/\/www.joyana.fr\/ja\/vaisselles-ovale-alessi-ronan-erwan-bouroullec\/111557\/","title":{"rendered":"Vaisselles OVALE par ALESSI x Ronan &#038; Erwan BOUROULLEC"},"content":{"rendered":"<p>Suite logique de la collection <a title=\"OVALE BOUROULLEC ALESSI\" href=\"https:\/\/joyana.fr\/ovale-ronan-erwan-bouroullec-alessi\/4345\/\" target=\"_blank\"><strong>OVALE<\/strong><\/a> sign\u00e9e par <strong>Ronan et Erwan Bouroullec pour Alessi<\/strong>, cet add-on vous propose d\u00e9sormais un service complet pour dresser votre <strong>table<\/strong>&#8230;<\/p>\n<p><img data-recalc-dims=\"1\" fetchpriority=\"high\" decoding=\"async\" class=\"alignnone size-large wp-image-11558\" alt=\"Vaisselles OVALE par ALESSI x Ronan &#038; Erwan BOUROULLEC\" src=\"https:\/\/i0.wp.com\/joyana.fr\/wp-content\/uploads\/2012\/12\/BOUROULLEC-ALESSI_-08.10.05-576x401.jpg?resize=576%2C401&#038;ssl=1\" width=\"576\" height=\"401\" \/><\/p>\n<p>La collection OVALE arbore des lignes singuli\u00e8res \u00e0 la fois rustiques et d\u00e9licates. Les designers Ronan et Erwan Bouroullec ont eu une volont\u00e9 de simplicit\u00e9 voir de design enfantin pour ces nouvelles cr\u00e9ations pour Alessi ! Apr\u00e8s le succ\u00e8s de la premi\u00e8re partie, <strong>OVALE<\/strong> deuxi\u00e8me, propose d\u00e9sormais les couverts, des verres, des assiettes, et des services \u00e0 th\u00e9 et caf\u00e9&#8230;<\/p>\n<p><img data-recalc-dims=\"1\" decoding=\"async\" class=\"alignnone size-large wp-image-11559\" alt=\"Vaisselles OVALE par ALESSI x Ronan &#038; Erwan BOUROULLEC\" src=\"https:\/\/i0.wp.com\/joyana.fr\/wp-content\/uploads\/2012\/12\/BOUROULLEC-ALESSI_.09.29-576x401.jpg?resize=576%2C401&#038;ssl=1\" width=\"576\" height=\"401\" \/><\/p>\n<p><img data-recalc-dims=\"1\" decoding=\"async\" class=\"alignnone size-large wp-image-11560\" alt=\"Vaisselles OVALE par ALESSI x Ronan &#038; Erwan BOUROULLEC\" src=\"https:\/\/i0.wp.com\/joyana.fr\/wp-content\/uploads\/2012\/12\/BOUROULLEC-ALESSI_.09.55-576x336.jpg?resize=576%2C336&#038;ssl=1\" width=\"576\" height=\"336\" \/><\/p>\n<p><img data-recalc-dims=\"1\" loading=\"lazy\" decoding=\"async\" class=\"alignnone size-large wp-image-11561\" alt=\"Vaisselles OVALE par ALESSI x Ronan &#038; Erwan BOUROULLEC\" src=\"https:\/\/i0.wp.com\/joyana.fr\/wp-content\/uploads\/2012\/12\/BOUROULLEC-ALESSI_-576x401.jpg?resize=576%2C401&#038;ssl=1\" width=\"576\" height=\"401\" \/><\/p>\n<p><img data-recalc-dims=\"1\" loading=\"lazy\" decoding=\"async\" class=\"alignnone size-large wp-image-11562\" alt=\"Vaisselles OVALE par ALESSI x Ronan &#038; Erwan BOUROULLEC\" src=\"https:\/\/i0.wp.com\/joyana.fr\/wp-content\/uploads\/2012\/12\/BOUROULLEC-ALESSI_08.09.41-576x401.jpg?resize=576%2C401&#038;ssl=1\" width=\"576\" height=\"401\" \/><\/p>\n<p><img data-recalc-dims=\"1\" loading=\"lazy\" decoding=\"async\" class=\"alignnone size-large wp-image-11563\" alt=\"Vaisselles OVALE par ALESSI x Ronan &#038; Erwan BOUROULLEC\" src=\"https:\/\/i0.wp.com\/joyana.fr\/wp-content\/uploads\/2012\/12\/BOUROULLEC-ALESSI_09.15-576x400.jpg?resize=576%2C400&#038;ssl=1\" width=\"576\" height=\"400\" \/><\/p>\n<p><img data-recalc-dims=\"1\" loading=\"lazy\" decoding=\"async\" class=\"alignnone size-large wp-image-11564\" alt=\"Vaisselles OVALE par ALESSI x Ronan &#038; Erwan BOUROULLEC\" src=\"https:\/\/i0.wp.com\/joyana.fr\/wp-content\/uploads\/2012\/12\/BOUROULLEC-ALESSI_9-576x401.jpg?resize=576%2C401&#038;ssl=1\" width=\"576\" height=\"401\" \/><\/p>\n<p style=\"text-align: center;\">En savoir + sur <a title=\"ALESSI\" href=\"http:\/\/www.alessi.com\/en\/\" target=\"_blank\"><strong>ALESSI<\/strong><\/a> &#038; <a title=\"BOUROULLEC\" href=\"http:\/\/www.bouroullec.com\/\" target=\"_blank\"><strong>Ronan &#038; Erwan BOUROULLEC<\/strong><\/a><\/p>\n","protected":false},"excerpt":{"rendered":"<p>Suite logique de la collection OVALE sign\u00e9e par Ronan et Erwan Bouroullec pour Alessi, cet add-on vous propose [&hellip;]<\/p>\n","protected":false},"author":3,"featured_media":111564,"comment_status":"open","ping_status":"open","sticky":false,"template":"","format":"standard","meta":{"_coblocks_attr":"","_coblocks_dimensions":"","_coblocks_responsive_height":"","_coblocks_accordion_ie_support":"","_uag_custom_page_level_css":"","advgb_blocks_editor_width":"","advgb_blocks_columns_visual_guide":"","_genesis_hide_title":false,"_genesis_hide_breadcrumbs":false,"_genesis_hide_singular_image":false,"_genesis_hide_footer_widgets":false,"_genesis_custom_body_class":"","_genesis_custom_post_class":"","_genesis_layout":"","_themeisle_gutenberg_block_has_review":false,"_jetpack_newsletter_access":"","_jetpack_dont_email_post_to_subs":false,"_jetpack_newsletter_tier_id":0,"_jetpack_memberships_contains_paywalled_content":false,"_jetpack_memberships_contains_paid_content":false,"footnotes":""},"categories":[907,1033,905,995],"tags":[1208,1162,78,1209],"class_list":{"0":"post-111557","1":"post","2":"type-post","3":"status-publish","4":"format-standard","5":"has-post-thumbnail","7":"category-alessi","8":"category-art-de-la-table","9":"category-deco-design","10":"category-ronan-erwan-bouroullec","11":"tag-alessi","12":"tag-art-de-la-table","13":"tag-design","14":"tag-ronan-erwan-bouroullec","15":"entry"},"featured_image_urls":{"full":["https:\/\/i0.wp.com\/www.joyana.fr\/wp-content\/uploads\/2012\/12\/BOUROULLEC-ALESSI_9.jpg?fit=650%2C453&ssl=1",650,453,false],"thumbnail":["https:\/\/i0.wp.com\/www.joyana.fr\/wp-content\/uploads\/2012\/12\/BOUROULLEC-ALESSI_9.jpg?resize=150%2C150&ssl=1",150,150,true],"medium":["https:\/\/i0.wp.com\/www.joyana.fr\/wp-content\/uploads\/2012\/12\/BOUROULLEC-ALESSI_9.jpg?fit=389%2C271&ssl=1",389,271,true],"medium_large":["https:\/\/i0.wp.com\/www.joyana.fr\/wp-content\/uploads\/2012\/12\/BOUROULLEC-ALESSI_9.jpg?fit=650%2C453&ssl=1",650,453,true],"large":["https:\/\/i0.wp.com\/www.joyana.fr\/wp-content\/uploads\/2012\/12\/BOUROULLEC-ALESSI_9.jpg?fit=650%2C453&ssl=1",650,453,true],"1536x1536":["https:\/\/i0.wp.com\/www.joyana.fr\/wp-content\/uploads\/2012\/12\/BOUROULLEC-ALESSI_9.jpg?fit=650%2C453&ssl=1",650,453,true],"2048x2048":["https:\/\/i0.wp.com\/www.joyana.fr\/wp-content\/uploads\/2012\/12\/BOUROULLEC-ALESSI_9.jpg?fit=650%2C453&ssl=1",650,453,true],"featured-thumb":["https:\/\/i0.wp.com\/www.joyana.fr\/wp-content\/uploads\/2012\/12\/BOUROULLEC-ALESSI_9.jpg?resize=650%2C453&ssl=1",650,453,true],"ab-block-post-grid-landscape":["https:\/\/i0.wp.com\/www.joyana.fr\/wp-content\/uploads\/2012\/12\/BOUROULLEC-ALESSI_9.jpg?resize=600%2C400&ssl=1",600,400,true],"ab-block-post-grid-square":["https:\/\/i0.wp.com\/www.joyana.fr\/wp-content\/uploads\/2012\/12\/BOUROULLEC-ALESSI_9.jpg?resize=600%2C453&ssl=1",600,453,true],"author-pro-image":["https:\/\/i0.wp.com\/www.joyana.fr\/wp-content\/uploads\/2012\/12\/BOUROULLEC-ALESSI_9.jpg?resize=360%2C453&ssl=1",360,453,true],"slider":["https:\/\/i0.wp.com\/www.joyana.fr\/wp-content\/uploads\/2012\/12\/BOUROULLEC-ALESSI_9.jpg?resize=650%2C400&ssl=1",650,400,true],"woocommerce_thumbnail":["https:\/\/i0.wp.com\/www.joyana.fr\/wp-content\/uploads\/2012\/12\/BOUROULLEC-ALESSI_9.jpg?resize=450%2C450&ssl=1",450,450,true],"woocommerce_single":["https:\/\/i0.wp.com\/www.joyana.fr\/wp-content\/uploads\/2012\/12\/BOUROULLEC-ALESSI_9.jpg?fit=650%2C453&ssl=1",650,453,true],"woocommerce_gallery_thumbnail":["https:\/\/i0.wp.com\/www.joyana.fr\/wp-content\/uploads\/2012\/12\/BOUROULLEC-ALESSI_9.jpg?resize=180%2C180&ssl=1",180,180,true],"sow-carousel-default":["https:\/\/i0.wp.com\/www.joyana.fr\/wp-content\/uploads\/2012\/12\/BOUROULLEC-ALESSI_9.jpg?resize=272%2C182&ssl=1",272,182,true]},"post_excerpt_stackable":"<p>Suite logique de la collection OVALE sign\u00e9e par Ronan et Erwan Bouroullec pour Alessi, cet add-on vo&hellip;<\/p>\n","category_list":"<a href=\"https:\/\/www.joyana.fr\/ja\/category\/marques\/alessi\/\" rel=\"category tag\">Alessi<\/a>, <a href=\"https:\/\/www.joyana.fr\/ja\/category\/deco-design\/decoration\/art-de-la-table\/\" rel=\"category tag\">Art de la Table<\/a>, <a href=\"https:\/\/www.joyana.fr\/ja\/category\/deco-design\/\" rel=\"category tag\">DECO-DESIGN<\/a>, <a href=\"https:\/\/www.joyana.fr\/ja\/category\/deco-design\/designer\/ronan-erwan-bouroullec\/\" rel=\"category tag\">Ronan &amp; Erwan BOUROULLEC<\/a>","author_info":{"display_name":"Jo Yana","author_link":"https:\/\/www.joyana.fr\/ja\/author\/joyana\/"},"comments_num":"0 comments","featured_image_urls_v2":{"full":["https:\/\/i0.wp.com\/www.joyana.fr\/wp-content\/uploads\/2012\/12\/BOUROULLEC-ALESSI_9.jpg?fit=650%2C453&ssl=1",650,453,false],"thumbnail":["https:\/\/i0.wp.com\/www.joyana.fr\/wp-content\/uploads\/2012\/12\/BOUROULLEC-ALESSI_9.jpg?resize=150%2C150&ssl=1",150,150,true],"medium":["https:\/\/i0.wp.com\/www.joyana.fr\/wp-content\/uploads\/2012\/12\/BOUROULLEC-ALESSI_9.jpg?fit=389%2C271&ssl=1",389,271,true],"medium_large":["https:\/\/i0.wp.com\/www.joyana.fr\/wp-content\/uploads\/2012\/12\/BOUROULLEC-ALESSI_9.jpg?fit=650%2C453&ssl=1",650,453,true],"large":["https:\/\/i0.wp.com\/www.joyana.fr\/wp-content\/uploads\/2012\/12\/BOUROULLEC-ALESSI_9.jpg?fit=650%2C453&ssl=1",650,453,true],"1536x1536":["https:\/\/i0.wp.com\/www.joyana.fr\/wp-content\/uploads\/2012\/12\/BOUROULLEC-ALESSI_9.jpg?fit=650%2C453&ssl=1",650,453,true],"2048x2048":["https:\/\/i0.wp.com\/www.joyana.fr\/wp-content\/uploads\/2012\/12\/BOUROULLEC-ALESSI_9.jpg?fit=650%2C453&ssl=1",650,453,true],"featured-thumb":["https:\/\/i0.wp.com\/www.joyana.fr\/wp-content\/uploads\/2012\/12\/BOUROULLEC-ALESSI_9.jpg?resize=650%2C453&ssl=1",650,453,true],"ab-block-post-grid-landscape":["https:\/\/i0.wp.com\/www.joyana.fr\/wp-content\/uploads\/2012\/12\/BOUROULLEC-ALESSI_9.jpg?resize=600%2C400&ssl=1",600,400,true],"ab-block-post-grid-square":["https:\/\/i0.wp.com\/www.joyana.fr\/wp-content\/uploads\/2012\/12\/BOUROULLEC-ALESSI_9.jpg?resize=600%2C453&ssl=1",600,453,true],"author-pro-image":["https:\/\/i0.wp.com\/www.joyana.fr\/wp-content\/uploads\/2012\/12\/BOUROULLEC-ALESSI_9.jpg?resize=360%2C453&ssl=1",360,453,true],"slider":["https:\/\/i0.wp.com\/www.joyana.fr\/wp-content\/uploads\/2012\/12\/BOUROULLEC-ALESSI_9.jpg?resize=650%2C400&ssl=1",650,400,true],"woocommerce_thumbnail":["https:\/\/i0.wp.com\/www.joyana.fr\/wp-content\/uploads\/2012\/12\/BOUROULLEC-ALESSI_9.jpg?resize=450%2C450&ssl=1",450,450,true],"woocommerce_single":["https:\/\/i0.wp.com\/www.joyana.fr\/wp-content\/uploads\/2012\/12\/BOUROULLEC-ALESSI_9.jpg?fit=650%2C453&ssl=1",650,453,true],"woocommerce_gallery_thumbnail":["https:\/\/i0.wp.com\/www.joyana.fr\/wp-content\/uploads\/2012\/12\/BOUROULLEC-ALESSI_9.jpg?resize=180%2C180&ssl=1",180,180,true],"sow-carousel-default":["https:\/\/i0.wp.com\/www.joyana.fr\/wp-content\/uploads\/2012\/12\/BOUROULLEC-ALESSI_9.jpg?resize=272%2C182&ssl=1",272,182,true]},"post_excerpt_stackable_v2":"<p>Suite logique de la collection OVALE sign\u00e9e par Ronan et Erwan Bouroullec pour Alessi, cet add-on vo&hellip;<\/p>\n","category_list_v2":"<a href=\"https:\/\/www.joyana.fr\/ja\/category\/marques\/alessi\/\" rel=\"category tag\">Alessi<\/a>, <a href=\"https:\/\/www.joyana.fr\/ja\/category\/deco-design\/decoration\/art-de-la-table\/\" rel=\"category tag\">Art de la Table<\/a>, <a href=\"https:\/\/www.joyana.fr\/ja\/category\/deco-design\/\" rel=\"category tag\">DECO-DESIGN<\/a>, <a href=\"https:\/\/www.joyana.fr\/ja\/category\/deco-design\/designer\/ronan-erwan-bouroullec\/\" rel=\"category tag\">Ronan &amp; Erwan BOUROULLEC<\/a>","author_info_v2":{"name":"Jo Yana","url":"https:\/\/www.joyana.fr\/ja\/author\/joyana\/"},"comments_num_v2":"0 comments","yoast_head":"<!-- This site is optimized with the Yoast SEO plugin v26.8 - https:\/\/yoast.com\/product\/yoast-seo-wordpress\/ -->\n<title>Vaisselles OVALE par ALESSI x Ronan &amp; Erwan BOUROULLEC - JO YANA<\/title>\n<meta name=\"robots\" content=\"index, follow, max-snippet:-1, max-image-preview:large, max-video-preview:-1\" \/>\n<link rel=\"canonical\" href=\"https:\/\/www.joyana.fr\/ja\/vaisselles-ovale-alessi-ronan-erwan-bouroullec\/111557\/\" \/>\n<meta property=\"og:locale\" content=\"ja_JP\" \/>\n<meta property=\"og:locale:alternate\" content=\"fr_FR\" \/>\n<meta property=\"og:locale:alternate\" content=\"en_US\" \/>\n<meta property=\"og:type\" content=\"article\" \/>\n<meta property=\"og:title\" content=\"Vaisselles OVALE par ALESSI x Ronan &amp; Erwan BOUROULLEC - JO YANA\" \/>\n<meta property=\"og:description\" content=\"Suite logique de la collection OVALE sign\u00e9e par Ronan et Erwan Bouroullec pour Alessi, cet add-on vous propose [&hellip;]\" \/>\n<meta property=\"og:url\" content=\"https:\/\/www.joyana.fr\/ja\/vaisselles-ovale-alessi-ronan-erwan-bouroullec\/111557\/\" \/>\n<meta property=\"og:site_name\" content=\"JO YANA\" \/>\n<meta property=\"article:published_time\" content=\"2012-12-26T07:34:00+00:00\" \/>\n<meta property=\"og:image\" content=\"https:\/\/www.joyana.fr\/wp-content\/uploads\/2012\/12\/BOUROULLEC-ALESSI_9.jpg\" \/>\n\t<meta property=\"og:image:width\" content=\"650\" \/>\n\t<meta property=\"og:image:height\" content=\"453\" \/>\n\t<meta property=\"og:image:type\" content=\"image\/jpeg\" \/>\n<meta name=\"author\" content=\"Jo Yana\" \/>\n<meta name=\"twitter:card\" content=\"summary_large_image\" \/>\n<meta name=\"twitter:creator\" content=\"@Jo_Yana\" \/>\n<meta name=\"twitter:site\" content=\"@Jo_Yana\" \/>\n<meta name=\"twitter:label1\" content=\"\u57f7\u7b46\u8005\" \/>\n\t<meta name=\"twitter:data1\" content=\"Jo Yana\" \/>\n\t<meta name=\"twitter:label2\" content=\"\u63a8\u5b9a\u8aad\u307f\u53d6\u308a\u6642\u9593\" \/>\n\t<meta name=\"twitter:data2\" content=\"1\u5206\" \/>\n<script type=\"application\/ld+json\" class=\"yoast-schema-graph\">{\"@context\":\"https:\/\/schema.org\",\"@graph\":[{\"@type\":\"Article\",\"@id\":\"https:\/\/www.joyana.fr\/ja\/vaisselles-ovale-alessi-ronan-erwan-bouroullec\/111557\/#article\",\"isPartOf\":{\"@id\":\"https:\/\/www.joyana.fr\/ja\/vaisselles-ovale-alessi-ronan-erwan-bouroullec\/111557\/\"},\"author\":{\"name\":\"Jo Yana\",\"@id\":\"https:\/\/joyana.fr\/#\/schema\/person\/cf2a1ad12a27c12c21801075bf37407c\"},\"headline\":\"Vaisselles OVALE par ALESSI x Ronan &#038; Erwan BOUROULLEC\",\"datePublished\":\"2012-12-26T07:34:00+00:00\",\"mainEntityOfPage\":{\"@id\":\"https:\/\/www.joyana.fr\/ja\/vaisselles-ovale-alessi-ronan-erwan-bouroullec\/111557\/\"},\"wordCount\":108,\"commentCount\":0,\"publisher\":{\"@id\":\"https:\/\/joyana.fr\/#\/schema\/person\/cf2a1ad12a27c12c21801075bf37407c\"},\"image\":{\"@id\":\"https:\/\/www.joyana.fr\/ja\/vaisselles-ovale-alessi-ronan-erwan-bouroullec\/111557\/#primaryimage\"},\"thumbnailUrl\":\"https:\/\/i0.wp.com\/www.joyana.fr\/wp-content\/uploads\/2012\/12\/BOUROULLEC-ALESSI_9.jpg?fit=650%2C453&ssl=1\",\"keywords\":[\"Alessi\",\"Art de la Table\",\"DESIGN\",\"Ronan &amp; Erwan BOUROULLEC\"],\"articleSection\":[\"Alessi\",\"Art de la Table\",\"DECO-DESIGN\",\"Ronan &amp; Erwan BOUROULLEC\"],\"inLanguage\":\"ja\",\"potentialAction\":[{\"@type\":\"CommentAction\",\"name\":\"Comment\",\"target\":[\"https:\/\/www.joyana.fr\/ja\/vaisselles-ovale-alessi-ronan-erwan-bouroullec\/111557\/#respond\"]}]},{\"@type\":\"WebPage\",\"@id\":\"https:\/\/www.joyana.fr\/ja\/vaisselles-ovale-alessi-ronan-erwan-bouroullec\/111557\/\",\"url\":\"https:\/\/www.joyana.fr\/ja\/vaisselles-ovale-alessi-ronan-erwan-bouroullec\/111557\/\",\"name\":\"Vaisselles OVALE par ALESSI x Ronan & Erwan BOUROULLEC - JO YANA\",\"isPartOf\":{\"@id\":\"https:\/\/joyana.fr\/#website\"},\"primaryImageOfPage\":{\"@id\":\"https:\/\/www.joyana.fr\/ja\/vaisselles-ovale-alessi-ronan-erwan-bouroullec\/111557\/#primaryimage\"},\"image\":{\"@id\":\"https:\/\/www.joyana.fr\/ja\/vaisselles-ovale-alessi-ronan-erwan-bouroullec\/111557\/#primaryimage\"},\"thumbnailUrl\":\"https:\/\/i0.wp.com\/www.joyana.fr\/wp-content\/uploads\/2012\/12\/BOUROULLEC-ALESSI_9.jpg?fit=650%2C453&ssl=1\",\"datePublished\":\"2012-12-26T07:34:00+00:00\",\"breadcrumb\":{\"@id\":\"https:\/\/www.joyana.fr\/ja\/vaisselles-ovale-alessi-ronan-erwan-bouroullec\/111557\/#breadcrumb\"},\"inLanguage\":\"ja\",\"potentialAction\":[{\"@type\":\"ReadAction\",\"target\":[\"https:\/\/www.joyana.fr\/ja\/vaisselles-ovale-alessi-ronan-erwan-bouroullec\/111557\/\"]}]},{\"@type\":\"ImageObject\",\"inLanguage\":\"ja\",\"@id\":\"https:\/\/www.joyana.fr\/ja\/vaisselles-ovale-alessi-ronan-erwan-bouroullec\/111557\/#primaryimage\",\"url\":\"https:\/\/i0.wp.com\/www.joyana.fr\/wp-content\/uploads\/2012\/12\/BOUROULLEC-ALESSI_9.jpg?fit=650%2C453&ssl=1\",\"contentUrl\":\"https:\/\/i0.wp.com\/www.joyana.fr\/wp-content\/uploads\/2012\/12\/BOUROULLEC-ALESSI_9.jpg?fit=650%2C453&ssl=1\",\"width\":650,\"height\":453},{\"@type\":\"BreadcrumbList\",\"@id\":\"https:\/\/www.joyana.fr\/ja\/vaisselles-ovale-alessi-ronan-erwan-bouroullec\/111557\/#breadcrumb\",\"itemListElement\":[{\"@type\":\"ListItem\",\"position\":1,\"name\":\"Accueil\",\"item\":\"https:\/\/joyana.fr\/\"},{\"@type\":\"ListItem\",\"position\":2,\"name\":\"Vaisselles OVALE par ALESSI x Ronan &#038; Erwan BOUROULLEC\"}]},{\"@type\":\"WebSite\",\"@id\":\"https:\/\/joyana.fr\/#website\",\"url\":\"https:\/\/joyana.fr\/\",\"name\":\"JO YANA\",\"description\":\"Blog Mode Homme, Lifestyle, D\u00e9co-Design\",\"publisher\":{\"@id\":\"https:\/\/joyana.fr\/#\/schema\/person\/cf2a1ad12a27c12c21801075bf37407c\"},\"potentialAction\":[{\"@type\":\"SearchAction\",\"target\":{\"@type\":\"EntryPoint\",\"urlTemplate\":\"https:\/\/joyana.fr\/?s={search_term_string}\"},\"query-input\":{\"@type\":\"PropertyValueSpecification\",\"valueRequired\":true,\"valueName\":\"search_term_string\"}}],\"inLanguage\":\"ja\"},{\"@type\":[\"Person\",\"Organization\"],\"@id\":\"https:\/\/joyana.fr\/#\/schema\/person\/cf2a1ad12a27c12c21801075bf37407c\",\"name\":\"Jo Yana\",\"image\":{\"@type\":\"ImageObject\",\"inLanguage\":\"ja\",\"@id\":\"https:\/\/joyana.fr\/#\/schema\/person\/image\/\",\"url\":\"https:\/\/i0.wp.com\/www.joyana.fr\/wp-content\/uploads\/2016\/08\/cropped-joyana-logo-black-360x180.png?fit=343%2C164&ssl=1\",\"contentUrl\":\"https:\/\/i0.wp.com\/www.joyana.fr\/wp-content\/uploads\/2016\/08\/cropped-joyana-logo-black-360x180.png?fit=343%2C164&ssl=1\",\"width\":343,\"height\":164,\"caption\":\"Jo Yana\"},\"logo\":{\"@id\":\"https:\/\/joyana.fr\/#\/schema\/person\/image\/\"},\"description\":\"Jo Yana est le cr\u00e9ateur et r\u00e9dacteur en chef des sites DECO-DESIGN. Passionn\u00e9 de Design, Mode, Photo, Luxe, Lifestyle, Musique, mais avant tout Blogueur ! Le plaisir de partager l'anime et a comme devise \\\"POUR L'AMOUR DU BEAU\\\". Retrouvez le aussi sur son blog personnel - https:\/\/joyana.fr...\",\"sameAs\":[\"https:\/\/joyana.fr\/\"],\"url\":\"https:\/\/www.joyana.fr\/ja\/author\/joyana\/\"}]}<\/script>\n<!-- \/ Yoast SEO plugin. -->","yoast_head_json":{"title":"Vaisselles OVALE par ALESSI x Ronan & Erwan BOUROULLEC - JO YANA","robots":{"index":"index","follow":"follow","max-snippet":"max-snippet:-1","max-image-preview":"max-image-preview:large","max-video-preview":"max-video-preview:-1"},"canonical":"https:\/\/www.joyana.fr\/ja\/vaisselles-ovale-alessi-ronan-erwan-bouroullec\/111557\/","og_locale":"ja_JP","og_type":"article","og_title":"Vaisselles OVALE par ALESSI x Ronan & Erwan BOUROULLEC - JO YANA","og_description":"Suite logique de la collection OVALE sign\u00e9e par Ronan et Erwan Bouroullec pour Alessi, cet add-on vous propose [&hellip;]","og_url":"https:\/\/www.joyana.fr\/ja\/vaisselles-ovale-alessi-ronan-erwan-bouroullec\/111557\/","og_site_name":"JO YANA","article_published_time":"2012-12-26T07:34:00+00:00","og_image":[{"width":650,"height":453,"url":"https:\/\/www.joyana.fr\/wp-content\/uploads\/2012\/12\/BOUROULLEC-ALESSI_9.jpg","type":"image\/jpeg"}],"author":"Jo Yana","twitter_card":"summary_large_image","twitter_creator":"@Jo_Yana","twitter_site":"@Jo_Yana","twitter_misc":{"\u57f7\u7b46\u8005":"Jo Yana","\u63a8\u5b9a\u8aad\u307f\u53d6\u308a\u6642\u9593":"1\u5206"},"schema":{"@context":"https:\/\/schema.org","@graph":[{"@type":"Article","@id":"https:\/\/www.joyana.fr\/ja\/vaisselles-ovale-alessi-ronan-erwan-bouroullec\/111557\/#article","isPartOf":{"@id":"https:\/\/www.joyana.fr\/ja\/vaisselles-ovale-alessi-ronan-erwan-bouroullec\/111557\/"},"author":{"name":"Jo Yana","@id":"https:\/\/joyana.fr\/#\/schema\/person\/cf2a1ad12a27c12c21801075bf37407c"},"headline":"Vaisselles OVALE par ALESSI x Ronan &#038; Erwan BOUROULLEC","datePublished":"2012-12-26T07:34:00+00:00","mainEntityOfPage":{"@id":"https:\/\/www.joyana.fr\/ja\/vaisselles-ovale-alessi-ronan-erwan-bouroullec\/111557\/"},"wordCount":108,"commentCount":0,"publisher":{"@id":"https:\/\/joyana.fr\/#\/schema\/person\/cf2a1ad12a27c12c21801075bf37407c"},"image":{"@id":"https:\/\/www.joyana.fr\/ja\/vaisselles-ovale-alessi-ronan-erwan-bouroullec\/111557\/#primaryimage"},"thumbnailUrl":"https:\/\/i0.wp.com\/www.joyana.fr\/wp-content\/uploads\/2012\/12\/BOUROULLEC-ALESSI_9.jpg?fit=650%2C453&ssl=1","keywords":["Alessi","Art de la Table","DESIGN","Ronan &amp; Erwan BOUROULLEC"],"articleSection":["Alessi","Art de la Table","DECO-DESIGN","Ronan &amp; Erwan BOUROULLEC"],"inLanguage":"ja","potentialAction":[{"@type":"CommentAction","name":"Comment","target":["https:\/\/www.joyana.fr\/ja\/vaisselles-ovale-alessi-ronan-erwan-bouroullec\/111557\/#respond"]}]},{"@type":"WebPage","@id":"https:\/\/www.joyana.fr\/ja\/vaisselles-ovale-alessi-ronan-erwan-bouroullec\/111557\/","url":"https:\/\/www.joyana.fr\/ja\/vaisselles-ovale-alessi-ronan-erwan-bouroullec\/111557\/","name":"Vaisselles OVALE par ALESSI x Ronan & Erwan BOUROULLEC - JO YANA","isPartOf":{"@id":"https:\/\/joyana.fr\/#website"},"primaryImageOfPage":{"@id":"https:\/\/www.joyana.fr\/ja\/vaisselles-ovale-alessi-ronan-erwan-bouroullec\/111557\/#primaryimage"},"image":{"@id":"https:\/\/www.joyana.fr\/ja\/vaisselles-ovale-alessi-ronan-erwan-bouroullec\/111557\/#primaryimage"},"thumbnailUrl":"https:\/\/i0.wp.com\/www.joyana.fr\/wp-content\/uploads\/2012\/12\/BOUROULLEC-ALESSI_9.jpg?fit=650%2C453&ssl=1","datePublished":"2012-12-26T07:34:00+00:00","breadcrumb":{"@id":"https:\/\/www.joyana.fr\/ja\/vaisselles-ovale-alessi-ronan-erwan-bouroullec\/111557\/#breadcrumb"},"inLanguage":"ja","potentialAction":[{"@type":"ReadAction","target":["https:\/\/www.joyana.fr\/ja\/vaisselles-ovale-alessi-ronan-erwan-bouroullec\/111557\/"]}]},{"@type":"ImageObject","inLanguage":"ja","@id":"https:\/\/www.joyana.fr\/ja\/vaisselles-ovale-alessi-ronan-erwan-bouroullec\/111557\/#primaryimage","url":"https:\/\/i0.wp.com\/www.joyana.fr\/wp-content\/uploads\/2012\/12\/BOUROULLEC-ALESSI_9.jpg?fit=650%2C453&ssl=1","contentUrl":"https:\/\/i0.wp.com\/www.joyana.fr\/wp-content\/uploads\/2012\/12\/BOUROULLEC-ALESSI_9.jpg?fit=650%2C453&ssl=1","width":650,"height":453},{"@type":"BreadcrumbList","@id":"https:\/\/www.joyana.fr\/ja\/vaisselles-ovale-alessi-ronan-erwan-bouroullec\/111557\/#breadcrumb","itemListElement":[{"@type":"ListItem","position":1,"name":"Accueil","item":"https:\/\/joyana.fr\/"},{"@type":"ListItem","position":2,"name":"Vaisselles OVALE par ALESSI x Ronan &#038; Erwan BOUROULLEC"}]},{"@type":"WebSite","@id":"https:\/\/joyana.fr\/#website","url":"https:\/\/joyana.fr\/","name":"JO YANA","description":"Blog Mode Homme, Lifestyle, D\u00e9co-Design","publisher":{"@id":"https:\/\/joyana.fr\/#\/schema\/person\/cf2a1ad12a27c12c21801075bf37407c"},"potentialAction":[{"@type":"SearchAction","target":{"@type":"EntryPoint","urlTemplate":"https:\/\/joyana.fr\/?s={search_term_string}"},"query-input":{"@type":"PropertyValueSpecification","valueRequired":true,"valueName":"search_term_string"}}],"inLanguage":"ja"},{"@type":["Person","Organization"],"@id":"https:\/\/joyana.fr\/#\/schema\/person\/cf2a1ad12a27c12c21801075bf37407c","name":"Jo Yana","image":{"@type":"ImageObject","inLanguage":"ja","@id":"https:\/\/joyana.fr\/#\/schema\/person\/image\/","url":"https:\/\/i0.wp.com\/www.joyana.fr\/wp-content\/uploads\/2016\/08\/cropped-joyana-logo-black-360x180.png?fit=343%2C164&ssl=1","contentUrl":"https:\/\/i0.wp.com\/www.joyana.fr\/wp-content\/uploads\/2016\/08\/cropped-joyana-logo-black-360x180.png?fit=343%2C164&ssl=1","width":343,"height":164,"caption":"Jo Yana"},"logo":{"@id":"https:\/\/joyana.fr\/#\/schema\/person\/image\/"},"description":"Jo Yana est le cr\u00e9ateur et r\u00e9dacteur en chef des sites DECO-DESIGN. Passionn\u00e9 de Design, Mode, Photo, Luxe, Lifestyle, Musique, mais avant tout Blogueur ! Le plaisir de partager l'anime et a comme devise \"POUR L'AMOUR DU BEAU\". Retrouvez le aussi sur son blog personnel - https:\/\/joyana.fr...","sameAs":["https:\/\/joyana.fr\/"],"url":"https:\/\/www.joyana.fr\/ja\/author\/joyana\/"}]}},"author_meta":{"display_name":"Jo Yana","author_link":"https:\/\/www.joyana.fr\/ja\/author\/joyana\/"},"featured_img":"https:\/\/i0.wp.com\/www.joyana.fr\/wp-content\/uploads\/2012\/12\/BOUROULLEC-ALESSI_9.jpg?fit=389%2C271&ssl=1","featured_image_src":"https:\/\/i0.wp.com\/www.joyana.fr\/wp-content\/uploads\/2012\/12\/BOUROULLEC-ALESSI_9.jpg?resize=600%2C400&ssl=1","featured_image_src_square":"https:\/\/i0.wp.com\/www.joyana.fr\/wp-content\/uploads\/2012\/12\/BOUROULLEC-ALESSI_9.jpg?resize=600%2C453&ssl=1","jetpack_featured_media_url":"https:\/\/i0.wp.com\/www.joyana.fr\/wp-content\/uploads\/2012\/12\/BOUROULLEC-ALESSI_9.jpg?fit=650%2C453&ssl=1","uagb_featured_image_src":{"full":["https:\/\/i0.wp.com\/www.joyana.fr\/wp-content\/uploads\/2012\/12\/BOUROULLEC-ALESSI_9.jpg?fit=650%2C453&ssl=1",650,453,false],"thumbnail":["https:\/\/i0.wp.com\/www.joyana.fr\/wp-content\/uploads\/2012\/12\/BOUROULLEC-ALESSI_9.jpg?resize=150%2C150&ssl=1",150,150,true],"medium":["https:\/\/i0.wp.com\/www.joyana.fr\/wp-content\/uploads\/2012\/12\/BOUROULLEC-ALESSI_9.jpg?fit=389%2C271&ssl=1",389,271,true],"medium_large":["https:\/\/i0.wp.com\/www.joyana.fr\/wp-content\/uploads\/2012\/12\/BOUROULLEC-ALESSI_9.jpg?fit=650%2C453&ssl=1",650,453,true],"large":["https:\/\/i0.wp.com\/www.joyana.fr\/wp-content\/uploads\/2012\/12\/BOUROULLEC-ALESSI_9.jpg?fit=650%2C453&ssl=1",650,453,true],"1536x1536":["https:\/\/i0.wp.com\/www.joyana.fr\/wp-content\/uploads\/2012\/12\/BOUROULLEC-ALESSI_9.jpg?fit=650%2C453&ssl=1",650,453,true],"2048x2048":["https:\/\/i0.wp.com\/www.joyana.fr\/wp-content\/uploads\/2012\/12\/BOUROULLEC-ALESSI_9.jpg?fit=650%2C453&ssl=1",650,453,true],"featured-thumb":["https:\/\/i0.wp.com\/www.joyana.fr\/wp-content\/uploads\/2012\/12\/BOUROULLEC-ALESSI_9.jpg?resize=650%2C453&ssl=1",650,453,true],"ab-block-post-grid-landscape":["https:\/\/i0.wp.com\/www.joyana.fr\/wp-content\/uploads\/2012\/12\/BOUROULLEC-ALESSI_9.jpg?resize=600%2C400&ssl=1",600,400,true],"ab-block-post-grid-square":["https:\/\/i0.wp.com\/www.joyana.fr\/wp-content\/uploads\/2012\/12\/BOUROULLEC-ALESSI_9.jpg?resize=600%2C453&ssl=1",600,453,true],"author-pro-image":["https:\/\/i0.wp.com\/www.joyana.fr\/wp-content\/uploads\/2012\/12\/BOUROULLEC-ALESSI_9.jpg?resize=360%2C453&ssl=1",360,453,true],"slider":["https:\/\/i0.wp.com\/www.joyana.fr\/wp-content\/uploads\/2012\/12\/BOUROULLEC-ALESSI_9.jpg?resize=650%2C400&ssl=1",650,400,true],"woocommerce_thumbnail":["https:\/\/i0.wp.com\/www.joyana.fr\/wp-content\/uploads\/2012\/12\/BOUROULLEC-ALESSI_9.jpg?resize=450%2C450&ssl=1",450,450,true],"woocommerce_single":["https:\/\/i0.wp.com\/www.joyana.fr\/wp-content\/uploads\/2012\/12\/BOUROULLEC-ALESSI_9.jpg?fit=650%2C453&ssl=1",650,453,true],"woocommerce_gallery_thumbnail":["https:\/\/i0.wp.com\/www.joyana.fr\/wp-content\/uploads\/2012\/12\/BOUROULLEC-ALESSI_9.jpg?resize=180%2C180&ssl=1",180,180,true],"sow-carousel-default":["https:\/\/i0.wp.com\/www.joyana.fr\/wp-content\/uploads\/2012\/12\/BOUROULLEC-ALESSI_9.jpg?resize=272%2C182&ssl=1",272,182,true]},"uagb_author_info":{"display_name":"Jo Yana","author_link":"https:\/\/www.joyana.fr\/ja\/author\/joyana\/"},"uagb_comment_info":0,"uagb_excerpt":"Suite logique de la collection OVALE sign\u00e9e par Ronan e&hellip;","coauthors":[],"tax_additional":{"categories":{"linked":["<a href=\"https:\/\/www.joyana.fr\/ja\/category\/marques\/alessi\/\" class=\"advgb-post-tax-term\">Alessi<\/a>","<a href=\"https:\/\/www.joyana.fr\/ja\/category\/deco-design\/decoration\/art-de-la-table\/\" class=\"advgb-post-tax-term\">Art de la Table<\/a>","<a href=\"https:\/\/www.joyana.fr\/ja\/category\/deco-design\/\" class=\"advgb-post-tax-term\">DECO-DESIGN<\/a>","<a href=\"https:\/\/www.joyana.fr\/ja\/category\/deco-design\/designer\/ronan-erwan-bouroullec\/\" class=\"advgb-post-tax-term\">Ronan &amp; Erwan BOUROULLEC<\/a>"],"unlinked":["<span class=\"advgb-post-tax-term\">Alessi<\/span>","<span class=\"advgb-post-tax-term\">Art de la Table<\/span>","<span class=\"advgb-post-tax-term\">DECO-DESIGN<\/span>","<span class=\"advgb-post-tax-term\">Ronan &amp; Erwan BOUROULLEC<\/span>"]},"tags":{"linked":["<a href=\"https:\/\/www.joyana.fr\/ja\/category\/deco-design\/designer\/ronan-erwan-bouroullec\/\" class=\"advgb-post-tax-term\">Alessi<\/a>","<a href=\"https:\/\/www.joyana.fr\/ja\/category\/deco-design\/designer\/ronan-erwan-bouroullec\/\" class=\"advgb-post-tax-term\">Art de la Table<\/a>","<a href=\"https:\/\/www.joyana.fr\/ja\/category\/deco-design\/designer\/ronan-erwan-bouroullec\/\" class=\"advgb-post-tax-term\">DESIGN<\/a>","<a href=\"https:\/\/www.joyana.fr\/ja\/category\/deco-design\/designer\/ronan-erwan-bouroullec\/\" class=\"advgb-post-tax-term\">Ronan &amp; Erwan BOUROULLEC<\/a>"],"unlinked":["<span class=\"advgb-post-tax-term\">Alessi<\/span>","<span class=\"advgb-post-tax-term\">Art de la Table<\/span>","<span class=\"advgb-post-tax-term\">DESIGN<\/span>","<span class=\"advgb-post-tax-term\">Ronan &amp; Erwan BOUROULLEC<\/span>"]}},"comment_count":0,"relative_dates":{"created":"Posted 13\u5e74 ago","modified":"Updated 13\u5e74 ago"},"absolute_dates":{"created":"Posted on 26 12\u6708 2012","modified":"Updated on 26 12\u6708 2012"},"absolute_dates_time":{"created":"Posted on 26 12\u6708 2012 8:34","modified":"Updated on 26 12\u6708 2012 8:34"},"featured_img_caption":"","series_order":"","jetpack_sharing_enabled":true,"jetpack_shortlink":"https:\/\/wp.me\/p9bteI-t1j","jetpack-related-posts":[],"_links":{"self":[{"href":"https:\/\/www.joyana.fr\/ja\/wp-json\/wp\/v2\/posts\/111557","targetHints":{"allow":["GET"]}}],"collection":[{"href":"https:\/\/www.joyana.fr\/ja\/wp-json\/wp\/v2\/posts"}],"about":[{"href":"https:\/\/www.joyana.fr\/ja\/wp-json\/wp\/v2\/types\/post"}],"author":[{"embeddable":true,"href":"https:\/\/www.joyana.fr\/ja\/wp-json\/wp\/v2\/users\/3"}],"replies":[{"embeddable":true,"href":"https:\/\/www.joyana.fr\/ja\/wp-json\/wp\/v2\/comments?post=111557"}],"version-history":[{"count":0,"href":"https:\/\/www.joyana.fr\/ja\/wp-json\/wp\/v2\/posts\/111557\/revisions"}],"wp:featuredmedia":[{"embeddable":true,"href":"https:\/\/www.joyana.fr\/ja\/wp-json\/wp\/v2\/media\/111564"}],"wp:attachment":[{"href":"https:\/\/www.joyana.fr\/ja\/wp-json\/wp\/v2\/media?parent=111557"}],"wp:term":[{"taxonomy":"category","embeddable":true,"href":"https:\/\/www.joyana.fr\/ja\/wp-json\/wp\/v2\/categories?post=111557"},{"taxonomy":"post_tag","embeddable":true,"href":"https:\/\/www.joyana.fr\/ja\/wp-json\/wp\/v2\/tags?post=111557"}],"curies":[{"name":"wp","href":"https:\/\/api.w.org\/{rel}","templated":true}]}}