{"id":111410,"date":"2012-12-09T09:13:11","date_gmt":"2012-12-09T08:13:11","guid":{"rendered":"https:\/\/joyana.fr\/?p=11410"},"modified":"2012-12-09T09:13:11","modified_gmt":"2012-12-09T08:13:11","slug":"etagere-murale-design-flatmates-aiedesign-maxime-paulet","status":"publish","type":"post","link":"https:\/\/www.joyana.fr\/ja\/etagere-murale-design-flatmates-aiedesign-maxime-paulet\/111410\/","title":{"rendered":"Une \u00e9tag\u00e8re murale de 8m par Maxime PAULET"},"content":{"rendered":"<p>Le designer marseillais <a title=\"Maxime PAULET\" href=\"https:\/\/joyana.fr\/category\/designer\/maxime-paulet\/\" target=\"_blank\"><strong>Maxime Paulet<\/strong><\/a> nous surprend avec cette <strong>\u00e9tag\u00e8re murale FLATMATES<\/strong> &#8211; qui mesure <strong>8 m\u00e8tres<\/strong> lin\u00e9aires (horizontal)&#8230;<\/p>\n<p><img data-recalc-dims=\"1\" fetchpriority=\"high\" decoding=\"async\" class=\"alignnone size-large wp-image-11412\" title=\"Une \u00e9tag\u00e8re murale de 8m par Maxime PAULET \" src=\"https:\/\/i0.wp.com\/joyana.fr\/wp-content\/uploads\/2012\/12\/FlatM02-576x384.jpg?resize=576%2C384&#038;ssl=1\" alt=\"\" width=\"576\" height=\"384\" \/><\/p>\n<p style=\"text-align: justify;\"><strong>Maxime Paulet<\/strong> &#8211; fondateur du studio <strong>A\u00cfE DESIGN<\/strong> &#8211; nous confit que <strong>l&#8217;\u00e9tag\u00e8re murale FLATMATES<\/strong> porte le nom du salon de coiffure \u00e0 Marseille pour lequel ce projet a \u00e9t\u00e9 r\u00e9alis\u00e9 sur mesure.<\/p>\n<p style=\"text-align: justify;\">Dans cet appartement de la fin du 18\u00e8me si\u00e8cle, les coiffeurs-associ\u00e9s soucieux de respecter cet espace \u00e9tonnant, souhaitaient une \u00e9tag\u00e8re murale pour pr\u00e9senter la gamme de soins en vente dans le salon&#8230;<\/p>\n<p><img data-recalc-dims=\"1\" decoding=\"async\" class=\"alignnone size-large wp-image-11414\" title=\"Une \u00e9tag\u00e8re murale de 8m par Maxime PAULET \" src=\"https:\/\/i0.wp.com\/joyana.fr\/wp-content\/uploads\/2012\/12\/FlatM041-576x384.jpg?resize=576%2C384&#038;ssl=1\" alt=\"\" width=\"576\" height=\"384\" \/><\/p>\n<p><img data-recalc-dims=\"1\" decoding=\"async\" class=\"alignnone size-large wp-image-11417\" title=\"Une \u00e9tag\u00e8re murale de 8m par Maxime PAULET \" src=\"https:\/\/i0.wp.com\/joyana.fr\/wp-content\/uploads\/2012\/12\/FlatM071-576x384.jpg?resize=576%2C384&#038;ssl=1\" alt=\"\" width=\"576\" height=\"384\" \/><\/p>\n<p style=\"text-align: justify;\"><em>\u00ab Une ligne pr\u00e9sente dans l\u2019espace, d\u00e9lib\u00e9r\u00e9ment d\u00e9cal\u00e9e et \u00e9l\u00e9gante, en bois, avec une identit\u00e9 qui rappelle l\u2019univers des cabinets de curiosit\u00e9, dans l\u2019angle\u2026 \u00bb<\/em> Voici les exigences du propri\u00e9taire du salon de coiffure qui voulais avoir une pi\u00e8ce marquante pour pr\u00e9senter ses produits.<\/p>\n<p style=\"text-align: justify;\">Le designer s&#8217;inspire alors des insectes (araign\u00e9e en l\u2019occurrence) \u00e9pingl\u00e9e sous verre et assez typiques des cabinets de curiosit\u00e9 de la renaissance au 19 \u00e8me si\u00e8cle. L\u2019utilisation du bois courb\u00e9 est un clin d\u2019\u0153il au travail du designer et architecte finlandais, Alvar Aalto&#8230;<\/p>\n<div data-carousel-extra='{\"blog_id\":1,\"permalink\":\"https:\\\/\\\/www.joyana.fr\\\/ja\\\/etagere-murale-design-flatmates-aiedesign-maxime-paulet\\\/111410\\\/\"}' id='gallery-1' class='gallery galleryid-111410 gallery-columns-4 gallery-size-thumbnail'><figure class='gallery-item'>\r\n\t\t\t<div class='gallery-icon landscape'>\r\n\t\t\t\t<a href=\"https:\/\/i0.wp.com\/www.joyana.fr\/wp-content\/uploads\/2012\/12\/FlatM02.jpg?ssl=1\"><img loading=\"lazy\" decoding=\"async\" width=\"150\" height=\"150\" src=\"https:\/\/i0.wp.com\/www.joyana.fr\/wp-content\/uploads\/2012\/12\/FlatM02.jpg?resize=150%2C150&amp;ssl=1\" class=\"attachment-thumbnail size-thumbnail\" alt=\"\" srcset=\"https:\/\/i0.wp.com\/www.joyana.fr\/wp-content\/uploads\/2012\/12\/FlatM02.jpg?resize=300%2C300&amp;ssl=1 300w, https:\/\/i0.wp.com\/www.joyana.fr\/wp-content\/uploads\/2012\/12\/FlatM02.jpg?resize=100%2C100&amp;ssl=1 100w, https:\/\/i0.wp.com\/www.joyana.fr\/wp-content\/uploads\/2012\/12\/FlatM02.jpg?zoom=3&amp;resize=150%2C150&amp;ssl=1 450w\" sizes=\"(max-width: 150px) 100vw, 150px\" data-attachment-id=\"111412\" data-permalink=\"https:\/\/www.joyana.fr\/ja\/etagere-murale-design-flatmates-aiedesign-maxime-paulet\/111410\/flatm02\/\" data-orig-file=\"https:\/\/i0.wp.com\/www.joyana.fr\/wp-content\/uploads\/2012\/12\/FlatM02.jpg?fit=1701%2C1134&amp;ssl=1\" data-orig-size=\"1701,1134\" data-comments-opened=\"1\" data-image-meta=\"{&quot;aperture&quot;:&quot;0&quot;,&quot;credit&quot;:&quot;&quot;,&quot;camera&quot;:&quot;&quot;,&quot;caption&quot;:&quot;&quot;,&quot;created_timestamp&quot;:&quot;0&quot;,&quot;copyright&quot;:&quot;&quot;,&quot;focal_length&quot;:&quot;0&quot;,&quot;iso&quot;:&quot;0&quot;,&quot;shutter_speed&quot;:&quot;0&quot;,&quot;title&quot;:&quot;&quot;,&quot;orientation&quot;:&quot;0&quot;}\" data-image-title=\"Une \u00e9tag\u00e0\u00a8re murale de 8m par Maxime PAULET\" data-image-description=\"&lt;p&gt;Une \u00e9tag\u00e0\u00a8re murale de 8m par Maxime PAULET&lt;\/p&gt;\n\" data-image-caption=\"\" data-medium-file=\"https:\/\/i0.wp.com\/www.joyana.fr\/wp-content\/uploads\/2012\/12\/FlatM02.jpg?fit=389%2C259&amp;ssl=1\" data-large-file=\"https:\/\/i0.wp.com\/www.joyana.fr\/wp-content\/uploads\/2012\/12\/FlatM02.jpg?fit=1024%2C683&amp;ssl=1\" \/><\/a>\r\n\t\t\t<\/div><\/figure><figure class='gallery-item'>\r\n\t\t\t<div class='gallery-icon landscape'>\r\n\t\t\t\t<a href=\"https:\/\/i0.wp.com\/www.joyana.fr\/wp-content\/uploads\/2012\/12\/FlatM041.jpg?ssl=1\"><img loading=\"lazy\" decoding=\"async\" width=\"150\" height=\"150\" src=\"https:\/\/i0.wp.com\/www.joyana.fr\/wp-content\/uploads\/2012\/12\/FlatM041.jpg?resize=150%2C150&amp;ssl=1\" class=\"attachment-thumbnail size-thumbnail\" alt=\"\" srcset=\"https:\/\/i0.wp.com\/www.joyana.fr\/wp-content\/uploads\/2012\/12\/FlatM041.jpg?resize=300%2C300&amp;ssl=1 300w, https:\/\/i0.wp.com\/www.joyana.fr\/wp-content\/uploads\/2012\/12\/FlatM041.jpg?resize=100%2C100&amp;ssl=1 100w, https:\/\/i0.wp.com\/www.joyana.fr\/wp-content\/uploads\/2012\/12\/FlatM041.jpg?zoom=3&amp;resize=150%2C150&amp;ssl=1 450w\" sizes=\"(max-width: 150px) 100vw, 150px\" data-attachment-id=\"111414\" data-permalink=\"https:\/\/www.joyana.fr\/ja\/etagere-murale-design-flatmates-aiedesign-maxime-paulet\/111410\/flatm041\/\" data-orig-file=\"https:\/\/i0.wp.com\/www.joyana.fr\/wp-content\/uploads\/2012\/12\/FlatM041.jpg?fit=1701%2C1134&amp;ssl=1\" data-orig-size=\"1701,1134\" data-comments-opened=\"1\" data-image-meta=\"{&quot;aperture&quot;:&quot;0&quot;,&quot;credit&quot;:&quot;&quot;,&quot;camera&quot;:&quot;&quot;,&quot;caption&quot;:&quot;&quot;,&quot;created_timestamp&quot;:&quot;0&quot;,&quot;copyright&quot;:&quot;&quot;,&quot;focal_length&quot;:&quot;0&quot;,&quot;iso&quot;:&quot;0&quot;,&quot;shutter_speed&quot;:&quot;0&quot;,&quot;title&quot;:&quot;&quot;,&quot;orientation&quot;:&quot;0&quot;}\" data-image-title=\"Une \u00e9tag\u00e0\u00a8re murale de 8m par Maxime PAULET\" data-image-description=\"&lt;p&gt;Une \u00e9tag\u00e0\u00a8re murale de 8m par Maxime PAULET&lt;\/p&gt;\n\" data-image-caption=\"\" data-medium-file=\"https:\/\/i0.wp.com\/www.joyana.fr\/wp-content\/uploads\/2012\/12\/FlatM041.jpg?fit=389%2C259&amp;ssl=1\" data-large-file=\"https:\/\/i0.wp.com\/www.joyana.fr\/wp-content\/uploads\/2012\/12\/FlatM041.jpg?fit=1024%2C683&amp;ssl=1\" \/><\/a>\r\n\t\t\t<\/div><\/figure><figure class='gallery-item'>\r\n\t\t\t<div class='gallery-icon landscape'>\r\n\t\t\t\t<a href=\"https:\/\/i0.wp.com\/www.joyana.fr\/wp-content\/uploads\/2012\/12\/FlatM071.jpg?ssl=1\"><img loading=\"lazy\" decoding=\"async\" width=\"150\" height=\"150\" src=\"https:\/\/i0.wp.com\/www.joyana.fr\/wp-content\/uploads\/2012\/12\/FlatM071.jpg?resize=150%2C150&amp;ssl=1\" class=\"attachment-thumbnail size-thumbnail\" alt=\"\" srcset=\"https:\/\/i0.wp.com\/www.joyana.fr\/wp-content\/uploads\/2012\/12\/FlatM071.jpg?resize=300%2C300&amp;ssl=1 300w, https:\/\/i0.wp.com\/www.joyana.fr\/wp-content\/uploads\/2012\/12\/FlatM071.jpg?resize=100%2C100&amp;ssl=1 100w, https:\/\/i0.wp.com\/www.joyana.fr\/wp-content\/uploads\/2012\/12\/FlatM071.jpg?zoom=3&amp;resize=150%2C150&amp;ssl=1 450w\" sizes=\"(max-width: 150px) 100vw, 150px\" data-attachment-id=\"111417\" data-permalink=\"https:\/\/www.joyana.fr\/ja\/etagere-murale-design-flatmates-aiedesign-maxime-paulet\/111410\/flatm071\/\" data-orig-file=\"https:\/\/i0.wp.com\/www.joyana.fr\/wp-content\/uploads\/2012\/12\/FlatM071.jpg?fit=1701%2C1134&amp;ssl=1\" data-orig-size=\"1701,1134\" data-comments-opened=\"1\" data-image-meta=\"{&quot;aperture&quot;:&quot;0&quot;,&quot;credit&quot;:&quot;&quot;,&quot;camera&quot;:&quot;&quot;,&quot;caption&quot;:&quot;&quot;,&quot;created_timestamp&quot;:&quot;0&quot;,&quot;copyright&quot;:&quot;&quot;,&quot;focal_length&quot;:&quot;0&quot;,&quot;iso&quot;:&quot;0&quot;,&quot;shutter_speed&quot;:&quot;0&quot;,&quot;title&quot;:&quot;&quot;,&quot;orientation&quot;:&quot;0&quot;}\" data-image-title=\"Une \u00e9tag\u00e0\u00a8re murale de 8m par Maxime PAULET\" data-image-description=\"&lt;p&gt;Une \u00e9tag\u00e0\u00a8re murale de 8m par Maxime PAULET&lt;\/p&gt;\n\" data-image-caption=\"\" data-medium-file=\"https:\/\/i0.wp.com\/www.joyana.fr\/wp-content\/uploads\/2012\/12\/FlatM071.jpg?fit=389%2C259&amp;ssl=1\" data-large-file=\"https:\/\/i0.wp.com\/www.joyana.fr\/wp-content\/uploads\/2012\/12\/FlatM071.jpg?fit=1024%2C683&amp;ssl=1\" \/><\/a>\r\n\t\t\t<\/div><\/figure><figure class='gallery-item'>\r\n\t\t\t<div class='gallery-icon landscape'>\r\n\t\t\t\t<a href=\"https:\/\/i0.wp.com\/www.joyana.fr\/wp-content\/uploads\/2012\/12\/FlatM061.jpg?ssl=1\"><img loading=\"lazy\" decoding=\"async\" width=\"150\" height=\"150\" src=\"https:\/\/i0.wp.com\/www.joyana.fr\/wp-content\/uploads\/2012\/12\/FlatM061.jpg?resize=150%2C150&amp;ssl=1\" class=\"attachment-thumbnail size-thumbnail\" alt=\"\" srcset=\"https:\/\/i0.wp.com\/www.joyana.fr\/wp-content\/uploads\/2012\/12\/FlatM061.jpg?resize=300%2C300&amp;ssl=1 300w, https:\/\/i0.wp.com\/www.joyana.fr\/wp-content\/uploads\/2012\/12\/FlatM061.jpg?resize=100%2C100&amp;ssl=1 100w, https:\/\/i0.wp.com\/www.joyana.fr\/wp-content\/uploads\/2012\/12\/FlatM061.jpg?zoom=3&amp;resize=150%2C150&amp;ssl=1 450w\" sizes=\"(max-width: 150px) 100vw, 150px\" data-attachment-id=\"111416\" data-permalink=\"https:\/\/www.joyana.fr\/ja\/etagere-murale-design-flatmates-aiedesign-maxime-paulet\/111410\/flatm061\/\" data-orig-file=\"https:\/\/i0.wp.com\/www.joyana.fr\/wp-content\/uploads\/2012\/12\/FlatM061.jpg?fit=1701%2C1134&amp;ssl=1\" data-orig-size=\"1701,1134\" data-comments-opened=\"1\" data-image-meta=\"{&quot;aperture&quot;:&quot;0&quot;,&quot;credit&quot;:&quot;&quot;,&quot;camera&quot;:&quot;&quot;,&quot;caption&quot;:&quot;&quot;,&quot;created_timestamp&quot;:&quot;0&quot;,&quot;copyright&quot;:&quot;&quot;,&quot;focal_length&quot;:&quot;0&quot;,&quot;iso&quot;:&quot;0&quot;,&quot;shutter_speed&quot;:&quot;0&quot;,&quot;title&quot;:&quot;&quot;,&quot;orientation&quot;:&quot;0&quot;}\" data-image-title=\"FlatM061\" data-image-description=\"\" data-image-caption=\"\" data-medium-file=\"https:\/\/i0.wp.com\/www.joyana.fr\/wp-content\/uploads\/2012\/12\/FlatM061.jpg?fit=389%2C259&amp;ssl=1\" data-large-file=\"https:\/\/i0.wp.com\/www.joyana.fr\/wp-content\/uploads\/2012\/12\/FlatM061.jpg?fit=1024%2C683&amp;ssl=1\" \/><\/a>\r\n\t\t\t<\/div><\/figure><figure class='gallery-item'>\r\n\t\t\t<div class='gallery-icon landscape'>\r\n\t\t\t\t<a href=\"https:\/\/i0.wp.com\/www.joyana.fr\/wp-content\/uploads\/2012\/12\/FlatM051.jpg?ssl=1\"><img loading=\"lazy\" decoding=\"async\" width=\"150\" height=\"150\" src=\"https:\/\/i0.wp.com\/www.joyana.fr\/wp-content\/uploads\/2012\/12\/FlatM051.jpg?resize=150%2C150&amp;ssl=1\" class=\"attachment-thumbnail size-thumbnail\" alt=\"\" srcset=\"https:\/\/i0.wp.com\/www.joyana.fr\/wp-content\/uploads\/2012\/12\/FlatM051.jpg?resize=300%2C300&amp;ssl=1 300w, https:\/\/i0.wp.com\/www.joyana.fr\/wp-content\/uploads\/2012\/12\/FlatM051.jpg?resize=100%2C100&amp;ssl=1 100w, https:\/\/i0.wp.com\/www.joyana.fr\/wp-content\/uploads\/2012\/12\/FlatM051.jpg?zoom=3&amp;resize=150%2C150&amp;ssl=1 450w\" sizes=\"(max-width: 150px) 100vw, 150px\" data-attachment-id=\"111415\" data-permalink=\"https:\/\/www.joyana.fr\/ja\/etagere-murale-design-flatmates-aiedesign-maxime-paulet\/111410\/flatm051\/\" data-orig-file=\"https:\/\/i0.wp.com\/www.joyana.fr\/wp-content\/uploads\/2012\/12\/FlatM051.jpg?fit=1701%2C1106&amp;ssl=1\" data-orig-size=\"1701,1106\" data-comments-opened=\"1\" data-image-meta=\"{&quot;aperture&quot;:&quot;0&quot;,&quot;credit&quot;:&quot;&quot;,&quot;camera&quot;:&quot;&quot;,&quot;caption&quot;:&quot;&quot;,&quot;created_timestamp&quot;:&quot;0&quot;,&quot;copyright&quot;:&quot;&quot;,&quot;focal_length&quot;:&quot;0&quot;,&quot;iso&quot;:&quot;0&quot;,&quot;shutter_speed&quot;:&quot;0&quot;,&quot;title&quot;:&quot;&quot;,&quot;orientation&quot;:&quot;0&quot;}\" data-image-title=\"FlatM051\" data-image-description=\"\" data-image-caption=\"\" data-medium-file=\"https:\/\/i0.wp.com\/www.joyana.fr\/wp-content\/uploads\/2012\/12\/FlatM051.jpg?fit=389%2C253&amp;ssl=1\" data-large-file=\"https:\/\/i0.wp.com\/www.joyana.fr\/wp-content\/uploads\/2012\/12\/FlatM051.jpg?fit=1024%2C666&amp;ssl=1\" \/><\/a>\r\n\t\t\t<\/div><\/figure><figure class='gallery-item'>\r\n\t\t\t<div class='gallery-icon portrait'>\r\n\t\t\t\t<a href=\"https:\/\/i0.wp.com\/www.joyana.fr\/wp-content\/uploads\/2012\/12\/FlatM031.jpg?ssl=1\"><img loading=\"lazy\" decoding=\"async\" width=\"150\" height=\"150\" src=\"https:\/\/i0.wp.com\/www.joyana.fr\/wp-content\/uploads\/2012\/12\/FlatM031.jpg?resize=150%2C150&amp;ssl=1\" class=\"attachment-thumbnail size-thumbnail\" alt=\"\" srcset=\"https:\/\/i0.wp.com\/www.joyana.fr\/wp-content\/uploads\/2012\/12\/FlatM031.jpg?resize=300%2C300&amp;ssl=1 300w, https:\/\/i0.wp.com\/www.joyana.fr\/wp-content\/uploads\/2012\/12\/FlatM031.jpg?resize=100%2C100&amp;ssl=1 100w, https:\/\/i0.wp.com\/www.joyana.fr\/wp-content\/uploads\/2012\/12\/FlatM031.jpg?zoom=3&amp;resize=150%2C150&amp;ssl=1 450w\" sizes=\"(max-width: 150px) 100vw, 150px\" data-attachment-id=\"111413\" data-permalink=\"https:\/\/www.joyana.fr\/ja\/etagere-murale-design-flatmates-aiedesign-maxime-paulet\/111410\/flatm031\/\" data-orig-file=\"https:\/\/i0.wp.com\/www.joyana.fr\/wp-content\/uploads\/2012\/12\/FlatM031.jpg?fit=1134%2C1701&amp;ssl=1\" data-orig-size=\"1134,1701\" data-comments-opened=\"1\" data-image-meta=\"{&quot;aperture&quot;:&quot;0&quot;,&quot;credit&quot;:&quot;&quot;,&quot;camera&quot;:&quot;&quot;,&quot;caption&quot;:&quot;&quot;,&quot;created_timestamp&quot;:&quot;0&quot;,&quot;copyright&quot;:&quot;&quot;,&quot;focal_length&quot;:&quot;0&quot;,&quot;iso&quot;:&quot;0&quot;,&quot;shutter_speed&quot;:&quot;0&quot;,&quot;title&quot;:&quot;&quot;,&quot;orientation&quot;:&quot;0&quot;}\" data-image-title=\"FlatM031\" data-image-description=\"\" data-image-caption=\"\" data-medium-file=\"https:\/\/i0.wp.com\/www.joyana.fr\/wp-content\/uploads\/2012\/12\/FlatM031.jpg?fit=259%2C389&amp;ssl=1\" data-large-file=\"https:\/\/i0.wp.com\/www.joyana.fr\/wp-content\/uploads\/2012\/12\/FlatM031.jpg?fit=683%2C1024&amp;ssl=1\" \/><\/a>\r\n\t\t\t<\/div><\/figure><figure class='gallery-item'>\r\n\t\t\t<div class='gallery-icon portrait'>\r\n\t\t\t\t<a href=\"https:\/\/i0.wp.com\/www.joyana.fr\/wp-content\/uploads\/2012\/12\/FlatM01.jpg?ssl=1\"><img loading=\"lazy\" decoding=\"async\" width=\"150\" height=\"150\" src=\"https:\/\/i0.wp.com\/www.joyana.fr\/wp-content\/uploads\/2012\/12\/FlatM01.jpg?resize=150%2C150&amp;ssl=1\" class=\"attachment-thumbnail size-thumbnail\" alt=\"\" srcset=\"https:\/\/i0.wp.com\/www.joyana.fr\/wp-content\/uploads\/2012\/12\/FlatM01.jpg?resize=300%2C300&amp;ssl=1 300w, https:\/\/i0.wp.com\/www.joyana.fr\/wp-content\/uploads\/2012\/12\/FlatM01.jpg?resize=100%2C100&amp;ssl=1 100w, https:\/\/i0.wp.com\/www.joyana.fr\/wp-content\/uploads\/2012\/12\/FlatM01.jpg?zoom=3&amp;resize=150%2C150&amp;ssl=1 450w\" sizes=\"(max-width: 150px) 100vw, 150px\" data-attachment-id=\"111411\" data-permalink=\"https:\/\/www.joyana.fr\/ja\/etagere-murale-design-flatmates-aiedesign-maxime-paulet\/111410\/flatm01\/\" data-orig-file=\"https:\/\/i0.wp.com\/www.joyana.fr\/wp-content\/uploads\/2012\/12\/FlatM01.jpg?fit=1134%2C1701&amp;ssl=1\" data-orig-size=\"1134,1701\" data-comments-opened=\"1\" data-image-meta=\"{&quot;aperture&quot;:&quot;0&quot;,&quot;credit&quot;:&quot;&quot;,&quot;camera&quot;:&quot;&quot;,&quot;caption&quot;:&quot;&quot;,&quot;created_timestamp&quot;:&quot;0&quot;,&quot;copyright&quot;:&quot;&quot;,&quot;focal_length&quot;:&quot;0&quot;,&quot;iso&quot;:&quot;0&quot;,&quot;shutter_speed&quot;:&quot;0&quot;,&quot;title&quot;:&quot;&quot;,&quot;orientation&quot;:&quot;0&quot;}\" data-image-title=\"FlatM01\" data-image-description=\"\" data-image-caption=\"\" data-medium-file=\"https:\/\/i0.wp.com\/www.joyana.fr\/wp-content\/uploads\/2012\/12\/FlatM01.jpg?fit=259%2C389&amp;ssl=1\" data-large-file=\"https:\/\/i0.wp.com\/www.joyana.fr\/wp-content\/uploads\/2012\/12\/FlatM01.jpg?fit=683%2C1024&amp;ssl=1\" \/><\/a>\r\n\t\t\t<\/div><\/figure><figure class='gallery-item'>\r\n\t\t\t<div class='gallery-icon landscape'>\r\n\t\t\t\t<a href=\"https:\/\/i0.wp.com\/www.joyana.fr\/wp-content\/uploads\/2012\/12\/etagere-maxime-paulet.jpg?ssl=1\"><img loading=\"lazy\" decoding=\"async\" width=\"150\" height=\"150\" src=\"https:\/\/i0.wp.com\/www.joyana.fr\/wp-content\/uploads\/2012\/12\/etagere-maxime-paulet.jpg?resize=150%2C150&amp;ssl=1\" class=\"attachment-thumbnail size-thumbnail\" alt=\"\" srcset=\"https:\/\/i0.wp.com\/www.joyana.fr\/wp-content\/uploads\/2012\/12\/etagere-maxime-paulet.jpg?resize=150%2C150&amp;ssl=1 150w, https:\/\/i0.wp.com\/www.joyana.fr\/wp-content\/uploads\/2012\/12\/etagere-maxime-paulet.jpg?resize=600%2C600&amp;ssl=1 600w, https:\/\/i0.wp.com\/www.joyana.fr\/wp-content\/uploads\/2012\/12\/etagere-maxime-paulet.jpg?resize=450%2C450&amp;ssl=1 450w, https:\/\/i0.wp.com\/www.joyana.fr\/wp-content\/uploads\/2012\/12\/etagere-maxime-paulet.jpg?resize=180%2C180&amp;ssl=1 180w, https:\/\/i0.wp.com\/www.joyana.fr\/wp-content\/uploads\/2012\/12\/etagere-maxime-paulet.jpg?resize=300%2C300&amp;ssl=1 300w, https:\/\/i0.wp.com\/www.joyana.fr\/wp-content\/uploads\/2012\/12\/etagere-maxime-paulet.jpg?resize=100%2C100&amp;ssl=1 100w\" sizes=\"(max-width: 150px) 100vw, 150px\" data-attachment-id=\"118115\" data-permalink=\"https:\/\/www.joyana.fr\/ja\/etagere-murale-design-flatmates-aiedesign-maxime-paulet\/111410\/etagere-maxime-paulet\/\" data-orig-file=\"https:\/\/i0.wp.com\/www.joyana.fr\/wp-content\/uploads\/2012\/12\/etagere-maxime-paulet.jpg?fit=1701%2C1106&amp;ssl=1\" data-orig-size=\"1701,1106\" data-comments-opened=\"1\" data-image-meta=\"{&quot;aperture&quot;:&quot;0&quot;,&quot;credit&quot;:&quot;&quot;,&quot;camera&quot;:&quot;&quot;,&quot;caption&quot;:&quot;&quot;,&quot;created_timestamp&quot;:&quot;0&quot;,&quot;copyright&quot;:&quot;&quot;,&quot;focal_length&quot;:&quot;0&quot;,&quot;iso&quot;:&quot;0&quot;,&quot;shutter_speed&quot;:&quot;0&quot;,&quot;title&quot;:&quot;&quot;,&quot;orientation&quot;:&quot;0&quot;}\" data-image-title=\"etagere maxime paulet\" data-image-description=\"\" data-image-caption=\"\" data-medium-file=\"https:\/\/i0.wp.com\/www.joyana.fr\/wp-content\/uploads\/2012\/12\/etagere-maxime-paulet.jpg?fit=389%2C253&amp;ssl=1\" data-large-file=\"https:\/\/i0.wp.com\/www.joyana.fr\/wp-content\/uploads\/2012\/12\/etagere-maxime-paulet.jpg?fit=1024%2C666&amp;ssl=1\" \/><\/a>\r\n\t\t\t<\/div><\/figure><\/div>\n\n<p style=\"text-align: center;\">En savoir + sur <a href=\"http:\/\/aie-design.com\/about\/\" target=\"_blank\"><strong>Maxime PAULET &#8211; A\u00cfE DESIGN<\/strong><\/a><\/p>\n","protected":false},"excerpt":{"rendered":"<p>Le designer marseillais Maxime Paulet nous surprend avec cette \u00e9tag\u00e8re murale FLATMATES &#8211; qui mesure 8 m\u00e8tres lin\u00e9aires (horizontal)&#8230;<\/p>\n","protected":false},"author":3,"featured_media":118115,"comment_status":"open","ping_status":"open","sticky":false,"template":"","format":"standard","meta":{"_coblocks_attr":"","_coblocks_dimensions":"","_coblocks_responsive_height":"","_coblocks_accordion_ie_support":"","_uag_custom_page_level_css":"","advgb_blocks_editor_width":"","advgb_blocks_columns_visual_guide":"","_genesis_hide_title":false,"_genesis_hide_breadcrumbs":false,"_genesis_hide_singular_image":false,"_genesis_hide_footer_widgets":false,"_genesis_custom_body_class":"","_genesis_custom_post_class":"","_genesis_layout":"","_themeisle_gutenberg_block_has_review":false,"_jetpack_newsletter_access":"","_jetpack_dont_email_post_to_subs":false,"_jetpack_newsletter_tier_id":0,"_jetpack_memberships_contains_paywalled_content":false,"_jetpack_memberships_contains_paid_content":false,"footnotes":""},"categories":[932,905,941,1091,1037],"tags":[1183,1190,1191,1192,1193],"class_list":{"0":"post-111410","1":"post","2":"type-post","3":"status-publish","4":"format-standard","5":"has-post-thumbnail","7":"category-bibliotheque","8":"category-deco-design","9":"category-decoration-murale","10":"category-maxime-paulet","11":"category-sculpture","12":"tag-bibliotheque","13":"tag-bibliotheque-design","14":"tag-etagere","15":"tag-etagere-design","16":"tag-maxime-paulet","17":"entry"},"featured_image_urls":{"full":["https:\/\/i0.wp.com\/www.joyana.fr\/wp-content\/uploads\/2012\/12\/etagere-maxime-paulet.jpg?fit=1701%2C1106&ssl=1",1701,1106,false],"thumbnail":["https:\/\/i0.wp.com\/www.joyana.fr\/wp-content\/uploads\/2012\/12\/etagere-maxime-paulet.jpg?resize=150%2C150&ssl=1",150,150,true],"medium":["https:\/\/i0.wp.com\/www.joyana.fr\/wp-content\/uploads\/2012\/12\/etagere-maxime-paulet.jpg?fit=389%2C253&ssl=1",389,253,true],"medium_large":["https:\/\/i0.wp.com\/www.joyana.fr\/wp-content\/uploads\/2012\/12\/etagere-maxime-paulet.jpg?fit=768%2C499&ssl=1",768,499,true],"large":["https:\/\/i0.wp.com\/www.joyana.fr\/wp-content\/uploads\/2012\/12\/etagere-maxime-paulet.jpg?fit=1024%2C666&ssl=1",1024,666,true],"1536x1536":["https:\/\/i0.wp.com\/www.joyana.fr\/wp-content\/uploads\/2012\/12\/etagere-maxime-paulet.jpg?fit=1536%2C999&ssl=1",1536,999,true],"2048x2048":["https:\/\/i0.wp.com\/www.joyana.fr\/wp-content\/uploads\/2012\/12\/etagere-maxime-paulet.jpg?fit=1701%2C1106&ssl=1",1701,1106,true],"featured-thumb":["https:\/\/i0.wp.com\/www.joyana.fr\/wp-content\/uploads\/2012\/12\/etagere-maxime-paulet.jpg?resize=1701%2C750&ssl=1",1701,750,true],"ab-block-post-grid-landscape":["https:\/\/i0.wp.com\/www.joyana.fr\/wp-content\/uploads\/2012\/12\/etagere-maxime-paulet.jpg?resize=600%2C400&ssl=1",600,400,true],"ab-block-post-grid-square":["https:\/\/i0.wp.com\/www.joyana.fr\/wp-content\/uploads\/2012\/12\/etagere-maxime-paulet.jpg?resize=600%2C600&ssl=1",600,600,true],"author-pro-image":["https:\/\/i0.wp.com\/www.joyana.fr\/wp-content\/uploads\/2012\/12\/etagere-maxime-paulet.jpg?resize=360%2C570&ssl=1",360,570,true],"slider":["https:\/\/i0.wp.com\/www.joyana.fr\/wp-content\/uploads\/2012\/12\/etagere-maxime-paulet.jpg?resize=920%2C400&ssl=1",920,400,true],"woocommerce_thumbnail":["https:\/\/i0.wp.com\/www.joyana.fr\/wp-content\/uploads\/2012\/12\/etagere-maxime-paulet.jpg?resize=450%2C450&ssl=1",450,450,true],"woocommerce_single":["https:\/\/i0.wp.com\/www.joyana.fr\/wp-content\/uploads\/2012\/12\/etagere-maxime-paulet.jpg?fit=920%2C598&ssl=1",920,598,true],"woocommerce_gallery_thumbnail":["https:\/\/i0.wp.com\/www.joyana.fr\/wp-content\/uploads\/2012\/12\/etagere-maxime-paulet.jpg?resize=180%2C180&ssl=1",180,180,true],"sow-carousel-default":["https:\/\/i0.wp.com\/www.joyana.fr\/wp-content\/uploads\/2012\/12\/etagere-maxime-paulet.jpg?resize=272%2C182&ssl=1",272,182,true]},"post_excerpt_stackable":"<p>Le designer marseillais Maxime Paulet nous surprend avec cette \u00e9tag\u00e8re murale FLATMATES &#8211; qui mesure 8 m\u00e8tres lin\u00e9aires (horizontal)&#8230;<\/p>\n","category_list":"<a href=\"https:\/\/www.joyana.fr\/ja\/category\/deco-design\/mobilier\/bibliotheque\/\" rel=\"category tag\">Biblioth\u00e8que<\/a>, <a href=\"https:\/\/www.joyana.fr\/ja\/category\/deco-design\/\" rel=\"category tag\">DECO-DESIGN<\/a>, <a href=\"https:\/\/www.joyana.fr\/ja\/category\/deco-design\/decoration\/decoration-murale\/\" rel=\"category tag\">D\u00e9coration Murale<\/a>, <a href=\"https:\/\/www.joyana.fr\/ja\/category\/deco-design\/designer\/maxime-paulet\/\" rel=\"category tag\">Maxime PAULET<\/a>, <a href=\"https:\/\/www.joyana.fr\/ja\/category\/deco-design\/mobilier\/sculpture\/\" rel=\"category tag\">Sculpture<\/a>","author_info":{"display_name":"Jo Yana","author_link":"https:\/\/www.joyana.fr\/ja\/author\/joyana\/"},"comments_num":"30 comments","featured_image_urls_v2":{"full":["https:\/\/i0.wp.com\/www.joyana.fr\/wp-content\/uploads\/2012\/12\/etagere-maxime-paulet.jpg?fit=1701%2C1106&ssl=1",1701,1106,false],"thumbnail":["https:\/\/i0.wp.com\/www.joyana.fr\/wp-content\/uploads\/2012\/12\/etagere-maxime-paulet.jpg?resize=150%2C150&ssl=1",150,150,true],"medium":["https:\/\/i0.wp.com\/www.joyana.fr\/wp-content\/uploads\/2012\/12\/etagere-maxime-paulet.jpg?fit=389%2C253&ssl=1",389,253,true],"medium_large":["https:\/\/i0.wp.com\/www.joyana.fr\/wp-content\/uploads\/2012\/12\/etagere-maxime-paulet.jpg?fit=768%2C499&ssl=1",768,499,true],"large":["https:\/\/i0.wp.com\/www.joyana.fr\/wp-content\/uploads\/2012\/12\/etagere-maxime-paulet.jpg?fit=1024%2C666&ssl=1",1024,666,true],"1536x1536":["https:\/\/i0.wp.com\/www.joyana.fr\/wp-content\/uploads\/2012\/12\/etagere-maxime-paulet.jpg?fit=1536%2C999&ssl=1",1536,999,true],"2048x2048":["https:\/\/i0.wp.com\/www.joyana.fr\/wp-content\/uploads\/2012\/12\/etagere-maxime-paulet.jpg?fit=1701%2C1106&ssl=1",1701,1106,true],"featured-thumb":["https:\/\/i0.wp.com\/www.joyana.fr\/wp-content\/uploads\/2012\/12\/etagere-maxime-paulet.jpg?resize=1701%2C750&ssl=1",1701,750,true],"ab-block-post-grid-landscape":["https:\/\/i0.wp.com\/www.joyana.fr\/wp-content\/uploads\/2012\/12\/etagere-maxime-paulet.jpg?resize=600%2C400&ssl=1",600,400,true],"ab-block-post-grid-square":["https:\/\/i0.wp.com\/www.joyana.fr\/wp-content\/uploads\/2012\/12\/etagere-maxime-paulet.jpg?resize=600%2C600&ssl=1",600,600,true],"author-pro-image":["https:\/\/i0.wp.com\/www.joyana.fr\/wp-content\/uploads\/2012\/12\/etagere-maxime-paulet.jpg?resize=360%2C570&ssl=1",360,570,true],"slider":["https:\/\/i0.wp.com\/www.joyana.fr\/wp-content\/uploads\/2012\/12\/etagere-maxime-paulet.jpg?resize=920%2C400&ssl=1",920,400,true],"woocommerce_thumbnail":["https:\/\/i0.wp.com\/www.joyana.fr\/wp-content\/uploads\/2012\/12\/etagere-maxime-paulet.jpg?resize=450%2C450&ssl=1",450,450,true],"woocommerce_single":["https:\/\/i0.wp.com\/www.joyana.fr\/wp-content\/uploads\/2012\/12\/etagere-maxime-paulet.jpg?fit=920%2C598&ssl=1",920,598,true],"woocommerce_gallery_thumbnail":["https:\/\/i0.wp.com\/www.joyana.fr\/wp-content\/uploads\/2012\/12\/etagere-maxime-paulet.jpg?resize=180%2C180&ssl=1",180,180,true],"sow-carousel-default":["https:\/\/i0.wp.com\/www.joyana.fr\/wp-content\/uploads\/2012\/12\/etagere-maxime-paulet.jpg?resize=272%2C182&ssl=1",272,182,true]},"post_excerpt_stackable_v2":"<p>Le designer marseillais Maxime Paulet nous surprend avec cette \u00e9tag\u00e8re murale FLATMATES &#8211; qui mesure 8 m\u00e8tres lin\u00e9aires (horizontal)&#8230;<\/p>\n","category_list_v2":"<a href=\"https:\/\/www.joyana.fr\/ja\/category\/deco-design\/mobilier\/bibliotheque\/\" rel=\"category tag\">Biblioth\u00e8que<\/a>, <a href=\"https:\/\/www.joyana.fr\/ja\/category\/deco-design\/\" rel=\"category tag\">DECO-DESIGN<\/a>, <a href=\"https:\/\/www.joyana.fr\/ja\/category\/deco-design\/decoration\/decoration-murale\/\" rel=\"category tag\">D\u00e9coration Murale<\/a>, <a href=\"https:\/\/www.joyana.fr\/ja\/category\/deco-design\/designer\/maxime-paulet\/\" rel=\"category tag\">Maxime PAULET<\/a>, <a href=\"https:\/\/www.joyana.fr\/ja\/category\/deco-design\/mobilier\/sculpture\/\" rel=\"category tag\">Sculpture<\/a>","author_info_v2":{"name":"Jo Yana","url":"https:\/\/www.joyana.fr\/ja\/author\/joyana\/"},"comments_num_v2":"30 comments","yoast_head":"<!-- This site is optimized with the Yoast SEO plugin v26.8 - https:\/\/yoast.com\/product\/yoast-seo-wordpress\/ -->\n<title>Une \u00e9tag\u00e8re murale de 8m par Maxime PAULET | Deco-Design<\/title>\n<meta name=\"description\" content=\"Le designer marseillais Maxime Paulet nous surprend avec cette \u00e9tag\u00e8re murale FLATMATES - qui mesure 8 m\u00e8tres lin\u00e9aires (horizontal)...\" \/>\n<meta name=\"robots\" content=\"index, follow, max-snippet:-1, max-image-preview:large, max-video-preview:-1\" \/>\n<link rel=\"canonical\" href=\"https:\/\/www.joyana.fr\/ja\/etagere-murale-design-flatmates-aiedesign-maxime-paulet\/111410\/\" \/>\n<meta property=\"og:locale\" content=\"ja_JP\" \/>\n<meta property=\"og:locale:alternate\" content=\"fr_FR\" \/>\n<meta property=\"og:locale:alternate\" content=\"en_US\" \/>\n<meta property=\"og:type\" content=\"article\" \/>\n<meta property=\"og:title\" content=\"Une \u00e9tag\u00e8re murale de 8m par Maxime PAULET | Deco-Design\" \/>\n<meta property=\"og:description\" content=\"Le designer marseillais Maxime Paulet nous surprend avec cette \u00e9tag\u00e8re murale FLATMATES - qui mesure 8 m\u00e8tres lin\u00e9aires (horizontal)...\" \/>\n<meta property=\"og:url\" content=\"https:\/\/www.joyana.fr\/ja\/etagere-murale-design-flatmates-aiedesign-maxime-paulet\/111410\/\" \/>\n<meta property=\"og:site_name\" content=\"JO YANA\" \/>\n<meta property=\"article:published_time\" content=\"2012-12-09T08:13:11+00:00\" \/>\n<meta property=\"og:image\" content=\"https:\/\/www.joyana.fr\/wp-content\/uploads\/2012\/12\/etagere-maxime-paulet.jpg\" \/>\n\t<meta property=\"og:image:width\" content=\"1701\" \/>\n\t<meta property=\"og:image:height\" content=\"1106\" \/>\n\t<meta property=\"og:image:type\" content=\"image\/jpeg\" \/>\n<meta name=\"author\" content=\"Jo Yana\" \/>\n<meta name=\"twitter:card\" content=\"summary_large_image\" \/>\n<meta name=\"twitter:creator\" content=\"@Jo_Yana\" \/>\n<meta name=\"twitter:site\" content=\"@Jo_Yana\" \/>\n<meta name=\"twitter:label1\" content=\"\u57f7\u7b46\u8005\" \/>\n\t<meta name=\"twitter:data1\" content=\"Jo Yana\" \/>\n\t<meta name=\"twitter:label2\" content=\"\u63a8\u5b9a\u8aad\u307f\u53d6\u308a\u6642\u9593\" \/>\n\t<meta name=\"twitter:data2\" content=\"1\u5206\" \/>\n<script type=\"application\/ld+json\" class=\"yoast-schema-graph\">{\"@context\":\"https:\/\/schema.org\",\"@graph\":[{\"@type\":\"Article\",\"@id\":\"https:\/\/www.joyana.fr\/ja\/etagere-murale-design-flatmates-aiedesign-maxime-paulet\/111410\/#article\",\"isPartOf\":{\"@id\":\"https:\/\/www.joyana.fr\/ja\/etagere-murale-design-flatmates-aiedesign-maxime-paulet\/111410\/\"},\"author\":{\"name\":\"Jo Yana\",\"@id\":\"https:\/\/joyana.fr\/#\/schema\/person\/cf2a1ad12a27c12c21801075bf37407c\"},\"headline\":\"Une \u00e9tag\u00e8re murale de 8m par Maxime PAULET\",\"datePublished\":\"2012-12-09T08:13:11+00:00\",\"mainEntityOfPage\":{\"@id\":\"https:\/\/www.joyana.fr\/ja\/etagere-murale-design-flatmates-aiedesign-maxime-paulet\/111410\/\"},\"wordCount\":223,\"commentCount\":10,\"publisher\":{\"@id\":\"https:\/\/joyana.fr\/#\/schema\/person\/cf2a1ad12a27c12c21801075bf37407c\"},\"image\":{\"@id\":\"https:\/\/www.joyana.fr\/ja\/etagere-murale-design-flatmates-aiedesign-maxime-paulet\/111410\/#primaryimage\"},\"thumbnailUrl\":\"https:\/\/i0.wp.com\/www.joyana.fr\/wp-content\/uploads\/2012\/12\/etagere-maxime-paulet.jpg?fit=1701%2C1106&ssl=1\",\"keywords\":[\"Biblioth\u00e8que\",\"Biblioth\u00e8que design\",\"Etag\u00e8re\",\"Etag\u00e8re design\",\"Maxime PAULET\"],\"articleSection\":[\"Biblioth\u00e8que\",\"DECO-DESIGN\",\"D\u00e9coration Murale\",\"Maxime PAULET\",\"Sculpture\"],\"inLanguage\":\"ja\",\"potentialAction\":[{\"@type\":\"CommentAction\",\"name\":\"Comment\",\"target\":[\"https:\/\/www.joyana.fr\/ja\/etagere-murale-design-flatmates-aiedesign-maxime-paulet\/111410\/#respond\"]}]},{\"@type\":\"WebPage\",\"@id\":\"https:\/\/www.joyana.fr\/ja\/etagere-murale-design-flatmates-aiedesign-maxime-paulet\/111410\/\",\"url\":\"https:\/\/www.joyana.fr\/ja\/etagere-murale-design-flatmates-aiedesign-maxime-paulet\/111410\/\",\"name\":\"Une \u00e9tag\u00e8re murale de 8m par Maxime PAULET | Deco-Design\",\"isPartOf\":{\"@id\":\"https:\/\/joyana.fr\/#website\"},\"primaryImageOfPage\":{\"@id\":\"https:\/\/www.joyana.fr\/ja\/etagere-murale-design-flatmates-aiedesign-maxime-paulet\/111410\/#primaryimage\"},\"image\":{\"@id\":\"https:\/\/www.joyana.fr\/ja\/etagere-murale-design-flatmates-aiedesign-maxime-paulet\/111410\/#primaryimage\"},\"thumbnailUrl\":\"https:\/\/i0.wp.com\/www.joyana.fr\/wp-content\/uploads\/2012\/12\/etagere-maxime-paulet.jpg?fit=1701%2C1106&ssl=1\",\"datePublished\":\"2012-12-09T08:13:11+00:00\",\"description\":\"Le designer marseillais Maxime Paulet nous surprend avec cette \u00e9tag\u00e8re murale FLATMATES - qui mesure 8 m\u00e8tres lin\u00e9aires (horizontal)...\",\"breadcrumb\":{\"@id\":\"https:\/\/www.joyana.fr\/ja\/etagere-murale-design-flatmates-aiedesign-maxime-paulet\/111410\/#breadcrumb\"},\"inLanguage\":\"ja\",\"potentialAction\":[{\"@type\":\"ReadAction\",\"target\":[\"https:\/\/www.joyana.fr\/ja\/etagere-murale-design-flatmates-aiedesign-maxime-paulet\/111410\/\"]}]},{\"@type\":\"ImageObject\",\"inLanguage\":\"ja\",\"@id\":\"https:\/\/www.joyana.fr\/ja\/etagere-murale-design-flatmates-aiedesign-maxime-paulet\/111410\/#primaryimage\",\"url\":\"https:\/\/i0.wp.com\/www.joyana.fr\/wp-content\/uploads\/2012\/12\/etagere-maxime-paulet.jpg?fit=1701%2C1106&ssl=1\",\"contentUrl\":\"https:\/\/i0.wp.com\/www.joyana.fr\/wp-content\/uploads\/2012\/12\/etagere-maxime-paulet.jpg?fit=1701%2C1106&ssl=1\",\"width\":1701,\"height\":1106},{\"@type\":\"BreadcrumbList\",\"@id\":\"https:\/\/www.joyana.fr\/ja\/etagere-murale-design-flatmates-aiedesign-maxime-paulet\/111410\/#breadcrumb\",\"itemListElement\":[{\"@type\":\"ListItem\",\"position\":1,\"name\":\"Accueil\",\"item\":\"https:\/\/joyana.fr\/\"},{\"@type\":\"ListItem\",\"position\":2,\"name\":\"Une \u00e9tag\u00e8re murale de 8m par Maxime PAULET\"}]},{\"@type\":\"WebSite\",\"@id\":\"https:\/\/joyana.fr\/#website\",\"url\":\"https:\/\/joyana.fr\/\",\"name\":\"JO YANA\",\"description\":\"Blog Mode Homme, Lifestyle, D\u00e9co-Design\",\"publisher\":{\"@id\":\"https:\/\/joyana.fr\/#\/schema\/person\/cf2a1ad12a27c12c21801075bf37407c\"},\"potentialAction\":[{\"@type\":\"SearchAction\",\"target\":{\"@type\":\"EntryPoint\",\"urlTemplate\":\"https:\/\/joyana.fr\/?s={search_term_string}\"},\"query-input\":{\"@type\":\"PropertyValueSpecification\",\"valueRequired\":true,\"valueName\":\"search_term_string\"}}],\"inLanguage\":\"ja\"},{\"@type\":[\"Person\",\"Organization\"],\"@id\":\"https:\/\/joyana.fr\/#\/schema\/person\/cf2a1ad12a27c12c21801075bf37407c\",\"name\":\"Jo Yana\",\"image\":{\"@type\":\"ImageObject\",\"inLanguage\":\"ja\",\"@id\":\"https:\/\/joyana.fr\/#\/schema\/person\/image\/\",\"url\":\"https:\/\/i0.wp.com\/www.joyana.fr\/wp-content\/uploads\/2016\/08\/cropped-joyana-logo-black-360x180.png?fit=343%2C164&ssl=1\",\"contentUrl\":\"https:\/\/i0.wp.com\/www.joyana.fr\/wp-content\/uploads\/2016\/08\/cropped-joyana-logo-black-360x180.png?fit=343%2C164&ssl=1\",\"width\":343,\"height\":164,\"caption\":\"Jo Yana\"},\"logo\":{\"@id\":\"https:\/\/joyana.fr\/#\/schema\/person\/image\/\"},\"description\":\"Jo Yana est le cr\u00e9ateur et r\u00e9dacteur en chef des sites DECO-DESIGN. Passionn\u00e9 de Design, Mode, Photo, Luxe, Lifestyle, Musique, mais avant tout Blogueur ! Le plaisir de partager l'anime et a comme devise \\\"POUR L'AMOUR DU BEAU\\\". Retrouvez le aussi sur son blog personnel - https:\/\/joyana.fr...\",\"sameAs\":[\"https:\/\/joyana.fr\/\"],\"url\":\"https:\/\/www.joyana.fr\/ja\/author\/joyana\/\"}]}<\/script>\n<!-- \/ Yoast SEO plugin. -->","yoast_head_json":{"title":"Une \u00e9tag\u00e8re murale de 8m par Maxime PAULET | Deco-Design","description":"Le designer marseillais Maxime Paulet nous surprend avec cette \u00e9tag\u00e8re murale FLATMATES - qui mesure 8 m\u00e8tres lin\u00e9aires (horizontal)...","robots":{"index":"index","follow":"follow","max-snippet":"max-snippet:-1","max-image-preview":"max-image-preview:large","max-video-preview":"max-video-preview:-1"},"canonical":"https:\/\/www.joyana.fr\/ja\/etagere-murale-design-flatmates-aiedesign-maxime-paulet\/111410\/","og_locale":"ja_JP","og_type":"article","og_title":"Une \u00e9tag\u00e8re murale de 8m par Maxime PAULET | Deco-Design","og_description":"Le designer marseillais Maxime Paulet nous surprend avec cette \u00e9tag\u00e8re murale FLATMATES - qui mesure 8 m\u00e8tres lin\u00e9aires (horizontal)...","og_url":"https:\/\/www.joyana.fr\/ja\/etagere-murale-design-flatmates-aiedesign-maxime-paulet\/111410\/","og_site_name":"JO YANA","article_published_time":"2012-12-09T08:13:11+00:00","og_image":[{"width":1701,"height":1106,"url":"https:\/\/www.joyana.fr\/wp-content\/uploads\/2012\/12\/etagere-maxime-paulet.jpg","type":"image\/jpeg"}],"author":"Jo Yana","twitter_card":"summary_large_image","twitter_creator":"@Jo_Yana","twitter_site":"@Jo_Yana","twitter_misc":{"\u57f7\u7b46\u8005":"Jo Yana","\u63a8\u5b9a\u8aad\u307f\u53d6\u308a\u6642\u9593":"1\u5206"},"schema":{"@context":"https:\/\/schema.org","@graph":[{"@type":"Article","@id":"https:\/\/www.joyana.fr\/ja\/etagere-murale-design-flatmates-aiedesign-maxime-paulet\/111410\/#article","isPartOf":{"@id":"https:\/\/www.joyana.fr\/ja\/etagere-murale-design-flatmates-aiedesign-maxime-paulet\/111410\/"},"author":{"name":"Jo Yana","@id":"https:\/\/joyana.fr\/#\/schema\/person\/cf2a1ad12a27c12c21801075bf37407c"},"headline":"Une \u00e9tag\u00e8re murale de 8m par Maxime PAULET","datePublished":"2012-12-09T08:13:11+00:00","mainEntityOfPage":{"@id":"https:\/\/www.joyana.fr\/ja\/etagere-murale-design-flatmates-aiedesign-maxime-paulet\/111410\/"},"wordCount":223,"commentCount":10,"publisher":{"@id":"https:\/\/joyana.fr\/#\/schema\/person\/cf2a1ad12a27c12c21801075bf37407c"},"image":{"@id":"https:\/\/www.joyana.fr\/ja\/etagere-murale-design-flatmates-aiedesign-maxime-paulet\/111410\/#primaryimage"},"thumbnailUrl":"https:\/\/i0.wp.com\/www.joyana.fr\/wp-content\/uploads\/2012\/12\/etagere-maxime-paulet.jpg?fit=1701%2C1106&ssl=1","keywords":["Biblioth\u00e8que","Biblioth\u00e8que design","Etag\u00e8re","Etag\u00e8re design","Maxime PAULET"],"articleSection":["Biblioth\u00e8que","DECO-DESIGN","D\u00e9coration Murale","Maxime PAULET","Sculpture"],"inLanguage":"ja","potentialAction":[{"@type":"CommentAction","name":"Comment","target":["https:\/\/www.joyana.fr\/ja\/etagere-murale-design-flatmates-aiedesign-maxime-paulet\/111410\/#respond"]}]},{"@type":"WebPage","@id":"https:\/\/www.joyana.fr\/ja\/etagere-murale-design-flatmates-aiedesign-maxime-paulet\/111410\/","url":"https:\/\/www.joyana.fr\/ja\/etagere-murale-design-flatmates-aiedesign-maxime-paulet\/111410\/","name":"Une \u00e9tag\u00e8re murale de 8m par Maxime PAULET | Deco-Design","isPartOf":{"@id":"https:\/\/joyana.fr\/#website"},"primaryImageOfPage":{"@id":"https:\/\/www.joyana.fr\/ja\/etagere-murale-design-flatmates-aiedesign-maxime-paulet\/111410\/#primaryimage"},"image":{"@id":"https:\/\/www.joyana.fr\/ja\/etagere-murale-design-flatmates-aiedesign-maxime-paulet\/111410\/#primaryimage"},"thumbnailUrl":"https:\/\/i0.wp.com\/www.joyana.fr\/wp-content\/uploads\/2012\/12\/etagere-maxime-paulet.jpg?fit=1701%2C1106&ssl=1","datePublished":"2012-12-09T08:13:11+00:00","description":"Le designer marseillais Maxime Paulet nous surprend avec cette \u00e9tag\u00e8re murale FLATMATES - qui mesure 8 m\u00e8tres lin\u00e9aires (horizontal)...","breadcrumb":{"@id":"https:\/\/www.joyana.fr\/ja\/etagere-murale-design-flatmates-aiedesign-maxime-paulet\/111410\/#breadcrumb"},"inLanguage":"ja","potentialAction":[{"@type":"ReadAction","target":["https:\/\/www.joyana.fr\/ja\/etagere-murale-design-flatmates-aiedesign-maxime-paulet\/111410\/"]}]},{"@type":"ImageObject","inLanguage":"ja","@id":"https:\/\/www.joyana.fr\/ja\/etagere-murale-design-flatmates-aiedesign-maxime-paulet\/111410\/#primaryimage","url":"https:\/\/i0.wp.com\/www.joyana.fr\/wp-content\/uploads\/2012\/12\/etagere-maxime-paulet.jpg?fit=1701%2C1106&ssl=1","contentUrl":"https:\/\/i0.wp.com\/www.joyana.fr\/wp-content\/uploads\/2012\/12\/etagere-maxime-paulet.jpg?fit=1701%2C1106&ssl=1","width":1701,"height":1106},{"@type":"BreadcrumbList","@id":"https:\/\/www.joyana.fr\/ja\/etagere-murale-design-flatmates-aiedesign-maxime-paulet\/111410\/#breadcrumb","itemListElement":[{"@type":"ListItem","position":1,"name":"Accueil","item":"https:\/\/joyana.fr\/"},{"@type":"ListItem","position":2,"name":"Une \u00e9tag\u00e8re murale de 8m par Maxime PAULET"}]},{"@type":"WebSite","@id":"https:\/\/joyana.fr\/#website","url":"https:\/\/joyana.fr\/","name":"JO YANA","description":"Blog Mode Homme, Lifestyle, D\u00e9co-Design","publisher":{"@id":"https:\/\/joyana.fr\/#\/schema\/person\/cf2a1ad12a27c12c21801075bf37407c"},"potentialAction":[{"@type":"SearchAction","target":{"@type":"EntryPoint","urlTemplate":"https:\/\/joyana.fr\/?s={search_term_string}"},"query-input":{"@type":"PropertyValueSpecification","valueRequired":true,"valueName":"search_term_string"}}],"inLanguage":"ja"},{"@type":["Person","Organization"],"@id":"https:\/\/joyana.fr\/#\/schema\/person\/cf2a1ad12a27c12c21801075bf37407c","name":"Jo Yana","image":{"@type":"ImageObject","inLanguage":"ja","@id":"https:\/\/joyana.fr\/#\/schema\/person\/image\/","url":"https:\/\/i0.wp.com\/www.joyana.fr\/wp-content\/uploads\/2016\/08\/cropped-joyana-logo-black-360x180.png?fit=343%2C164&ssl=1","contentUrl":"https:\/\/i0.wp.com\/www.joyana.fr\/wp-content\/uploads\/2016\/08\/cropped-joyana-logo-black-360x180.png?fit=343%2C164&ssl=1","width":343,"height":164,"caption":"Jo Yana"},"logo":{"@id":"https:\/\/joyana.fr\/#\/schema\/person\/image\/"},"description":"Jo Yana est le cr\u00e9ateur et r\u00e9dacteur en chef des sites DECO-DESIGN. Passionn\u00e9 de Design, Mode, Photo, Luxe, Lifestyle, Musique, mais avant tout Blogueur ! Le plaisir de partager l'anime et a comme devise \"POUR L'AMOUR DU BEAU\". Retrouvez le aussi sur son blog personnel - https:\/\/joyana.fr...","sameAs":["https:\/\/joyana.fr\/"],"url":"https:\/\/www.joyana.fr\/ja\/author\/joyana\/"}]}},"author_meta":{"display_name":"Jo Yana","author_link":"https:\/\/www.joyana.fr\/ja\/author\/joyana\/"},"featured_img":"https:\/\/i0.wp.com\/www.joyana.fr\/wp-content\/uploads\/2012\/12\/etagere-maxime-paulet.jpg?fit=389%2C253&ssl=1","featured_image_src":"https:\/\/i0.wp.com\/www.joyana.fr\/wp-content\/uploads\/2012\/12\/etagere-maxime-paulet.jpg?resize=600%2C400&ssl=1","featured_image_src_square":"https:\/\/i0.wp.com\/www.joyana.fr\/wp-content\/uploads\/2012\/12\/etagere-maxime-paulet.jpg?resize=600%2C600&ssl=1","jetpack_featured_media_url":"https:\/\/i0.wp.com\/www.joyana.fr\/wp-content\/uploads\/2012\/12\/etagere-maxime-paulet.jpg?fit=1701%2C1106&ssl=1","uagb_featured_image_src":{"full":["https:\/\/i0.wp.com\/www.joyana.fr\/wp-content\/uploads\/2012\/12\/etagere-maxime-paulet.jpg?fit=1701%2C1106&ssl=1",1701,1106,false],"thumbnail":["https:\/\/i0.wp.com\/www.joyana.fr\/wp-content\/uploads\/2012\/12\/etagere-maxime-paulet.jpg?resize=150%2C150&ssl=1",150,150,true],"medium":["https:\/\/i0.wp.com\/www.joyana.fr\/wp-content\/uploads\/2012\/12\/etagere-maxime-paulet.jpg?fit=389%2C253&ssl=1",389,253,true],"medium_large":["https:\/\/i0.wp.com\/www.joyana.fr\/wp-content\/uploads\/2012\/12\/etagere-maxime-paulet.jpg?fit=768%2C499&ssl=1",768,499,true],"large":["https:\/\/i0.wp.com\/www.joyana.fr\/wp-content\/uploads\/2012\/12\/etagere-maxime-paulet.jpg?fit=1024%2C666&ssl=1",1024,666,true],"1536x1536":["https:\/\/i0.wp.com\/www.joyana.fr\/wp-content\/uploads\/2012\/12\/etagere-maxime-paulet.jpg?fit=1536%2C999&ssl=1",1536,999,true],"2048x2048":["https:\/\/i0.wp.com\/www.joyana.fr\/wp-content\/uploads\/2012\/12\/etagere-maxime-paulet.jpg?fit=1701%2C1106&ssl=1",1701,1106,true],"featured-thumb":["https:\/\/i0.wp.com\/www.joyana.fr\/wp-content\/uploads\/2012\/12\/etagere-maxime-paulet.jpg?resize=1701%2C750&ssl=1",1701,750,true],"ab-block-post-grid-landscape":["https:\/\/i0.wp.com\/www.joyana.fr\/wp-content\/uploads\/2012\/12\/etagere-maxime-paulet.jpg?resize=600%2C400&ssl=1",600,400,true],"ab-block-post-grid-square":["https:\/\/i0.wp.com\/www.joyana.fr\/wp-content\/uploads\/2012\/12\/etagere-maxime-paulet.jpg?resize=600%2C600&ssl=1",600,600,true],"author-pro-image":["https:\/\/i0.wp.com\/www.joyana.fr\/wp-content\/uploads\/2012\/12\/etagere-maxime-paulet.jpg?resize=360%2C570&ssl=1",360,570,true],"slider":["https:\/\/i0.wp.com\/www.joyana.fr\/wp-content\/uploads\/2012\/12\/etagere-maxime-paulet.jpg?resize=920%2C400&ssl=1",920,400,true],"woocommerce_thumbnail":["https:\/\/i0.wp.com\/www.joyana.fr\/wp-content\/uploads\/2012\/12\/etagere-maxime-paulet.jpg?resize=450%2C450&ssl=1",450,450,true],"woocommerce_single":["https:\/\/i0.wp.com\/www.joyana.fr\/wp-content\/uploads\/2012\/12\/etagere-maxime-paulet.jpg?fit=920%2C598&ssl=1",920,598,true],"woocommerce_gallery_thumbnail":["https:\/\/i0.wp.com\/www.joyana.fr\/wp-content\/uploads\/2012\/12\/etagere-maxime-paulet.jpg?resize=180%2C180&ssl=1",180,180,true],"sow-carousel-default":["https:\/\/i0.wp.com\/www.joyana.fr\/wp-content\/uploads\/2012\/12\/etagere-maxime-paulet.jpg?resize=272%2C182&ssl=1",272,182,true]},"uagb_author_info":{"display_name":"Jo Yana","author_link":"https:\/\/www.joyana.fr\/ja\/author\/joyana\/"},"uagb_comment_info":36,"uagb_excerpt":"Le designer marseillais Maxime Paulet nous surprend ave&hellip;","coauthors":[],"tax_additional":{"categories":{"linked":["<a href=\"https:\/\/www.joyana.fr\/ja\/category\/deco-design\/mobilier\/bibliotheque\/\" class=\"advgb-post-tax-term\">Biblioth\u00e8que<\/a>","<a href=\"https:\/\/www.joyana.fr\/ja\/category\/deco-design\/\" class=\"advgb-post-tax-term\">DECO-DESIGN<\/a>","<a href=\"https:\/\/www.joyana.fr\/ja\/category\/deco-design\/decoration\/decoration-murale\/\" class=\"advgb-post-tax-term\">D\u00e9coration Murale<\/a>","<a href=\"https:\/\/www.joyana.fr\/ja\/category\/deco-design\/designer\/maxime-paulet\/\" class=\"advgb-post-tax-term\">Maxime PAULET<\/a>","<a href=\"https:\/\/www.joyana.fr\/ja\/category\/deco-design\/mobilier\/sculpture\/\" class=\"advgb-post-tax-term\">Sculpture<\/a>"],"unlinked":["<span class=\"advgb-post-tax-term\">Biblioth\u00e8que<\/span>","<span class=\"advgb-post-tax-term\">DECO-DESIGN<\/span>","<span class=\"advgb-post-tax-term\">D\u00e9coration Murale<\/span>","<span class=\"advgb-post-tax-term\">Maxime PAULET<\/span>","<span class=\"advgb-post-tax-term\">Sculpture<\/span>"]},"tags":{"linked":["<a href=\"https:\/\/www.joyana.fr\/ja\/category\/deco-design\/mobilier\/sculpture\/\" class=\"advgb-post-tax-term\">Biblioth\u00e8que<\/a>","<a href=\"https:\/\/www.joyana.fr\/ja\/category\/deco-design\/mobilier\/sculpture\/\" class=\"advgb-post-tax-term\">Biblioth\u00e8que design<\/a>","<a href=\"https:\/\/www.joyana.fr\/ja\/category\/deco-design\/mobilier\/sculpture\/\" class=\"advgb-post-tax-term\">Etag\u00e8re<\/a>","<a href=\"https:\/\/www.joyana.fr\/ja\/category\/deco-design\/mobilier\/sculpture\/\" class=\"advgb-post-tax-term\">Etag\u00e8re design<\/a>","<a href=\"https:\/\/www.joyana.fr\/ja\/category\/deco-design\/mobilier\/sculpture\/\" class=\"advgb-post-tax-term\">Maxime PAULET<\/a>"],"unlinked":["<span class=\"advgb-post-tax-term\">Biblioth\u00e8que<\/span>","<span class=\"advgb-post-tax-term\">Biblioth\u00e8que design<\/span>","<span class=\"advgb-post-tax-term\">Etag\u00e8re<\/span>","<span class=\"advgb-post-tax-term\">Etag\u00e8re design<\/span>","<span class=\"advgb-post-tax-term\">Maxime PAULET<\/span>"]}},"comment_count":30,"relative_dates":{"created":"Posted 13\u5e74 ago","modified":"Updated 13\u5e74 ago"},"absolute_dates":{"created":"Posted on 9 12\u6708 2012","modified":"Updated on 9 12\u6708 2012"},"absolute_dates_time":{"created":"Posted on 9 12\u6708 2012 9:13","modified":"Updated on 9 12\u6708 2012 9:13"},"featured_img_caption":"","series_order":"","jetpack_sharing_enabled":true,"jetpack_shortlink":"https:\/\/wp.me\/p9bteI-sYW","jetpack-related-posts":[],"_links":{"self":[{"href":"https:\/\/www.joyana.fr\/ja\/wp-json\/wp\/v2\/posts\/111410","targetHints":{"allow":["GET"]}}],"collection":[{"href":"https:\/\/www.joyana.fr\/ja\/wp-json\/wp\/v2\/posts"}],"about":[{"href":"https:\/\/www.joyana.fr\/ja\/wp-json\/wp\/v2\/types\/post"}],"author":[{"embeddable":true,"href":"https:\/\/www.joyana.fr\/ja\/wp-json\/wp\/v2\/users\/3"}],"replies":[{"embeddable":true,"href":"https:\/\/www.joyana.fr\/ja\/wp-json\/wp\/v2\/comments?post=111410"}],"version-history":[{"count":0,"href":"https:\/\/www.joyana.fr\/ja\/wp-json\/wp\/v2\/posts\/111410\/revisions"}],"wp:featuredmedia":[{"embeddable":true,"href":"https:\/\/www.joyana.fr\/ja\/wp-json\/wp\/v2\/media\/118115"}],"wp:attachment":[{"href":"https:\/\/www.joyana.fr\/ja\/wp-json\/wp\/v2\/media?parent=111410"}],"wp:term":[{"taxonomy":"category","embeddable":true,"href":"https:\/\/www.joyana.fr\/ja\/wp-json\/wp\/v2\/categories?post=111410"},{"taxonomy":"post_tag","embeddable":true,"href":"https:\/\/www.joyana.fr\/ja\/wp-json\/wp\/v2\/tags?post=111410"}],"curies":[{"name":"wp","href":"https:\/\/api.w.org\/{rel}","templated":true}]}}