{"id":111166,"date":"2012-11-06T08:56:21","date_gmt":"2012-11-06T07:56:21","guid":{"rendered":"https:\/\/joyana.fr\/?p=11166"},"modified":"2012-11-06T08:56:21","modified_gmt":"2012-11-06T07:56:21","slug":"herb-savor-mini-pod-pot-design-prepara","status":"publish","type":"post","link":"https:\/\/www.joyana.fr\/ja\/herb-savor-mini-pod-pot-design-prepara\/111166\/","title":{"rendered":"Herb-Savor Mini Pod par PREPARA"},"content":{"rendered":"<p><strong>Prepara Kitch Tools<\/strong> nous propose de tr\u00e8s jolies <strong>pots<\/strong> ing\u00e9nieux, capables de tripler le temps de conservation de vos <strong>herbes aromatiques fraiches<\/strong>&#8230;<\/p>\n<p><img data-recalc-dims=\"1\" fetchpriority=\"high\" decoding=\"async\" class=\"alignnone size-large wp-image-11170\" title=\"pot design Herb-Savor Mini Pod par PREPARA\" src=\"https:\/\/i0.wp.com\/joyana.fr\/wp-content\/uploads\/2012\/11\/Prepara-Herb-Savor-Mini-Pods-Gear-Patrol-576x443.jpg?resize=576%2C443&#038;ssl=1\" alt=\"\" width=\"576\" height=\"443\" \/><\/p>\n<p>Prepara Kitchen Tools, comme son nom l&#8217;indique vous propose des accessoires de cuisine tr\u00e8s pratiques, au design tr\u00e8s soign\u00e9.<\/p>\n<p>Rien ne rend vos repas meilleurs que le go\u00fbt des ingr\u00e9dients les plus frais. <strong>Herb-Savor Mini Pod<\/strong> vous permettra de prolonger la dur\u00e9e de vie de vos herbes fra\u00eeches pendant 3 semaines !!!<\/p>\n<p>On aime le design de ce produit qui exhibe l&#8217;\u00e9quilibre et la beaut\u00e9 naturelle des herbes aromatiques. Convient pour l&#8217;int\u00e9rieur de la porte du r\u00e9frig\u00e9rateur, \u00e0 la base du pot les tiges d&#8217;herbes sont l\u00e9g\u00e8rement immerg\u00e9es dans l&#8217;eau et gard\u00e9es au frais&#8230;<\/p>\n<p>Et pourquoi pas aussi les d\u00e9tourner en <strong>vases<\/strong> ?<\/p>\n<p><img data-recalc-dims=\"1\" decoding=\"async\" class=\"alignnone size-large wp-image-11167\" title=\"Herb-Savor Mini Pod par PREPARA\" src=\"https:\/\/i0.wp.com\/joyana.fr\/wp-content\/uploads\/2012\/11\/PREPA-m840-herb-savor-pod-2-0514771001349072275-576x610.jpg?resize=576%2C610&#038;ssl=1\" alt=\"\" width=\"576\" height=\"610\" \/><\/p>\n<div data-carousel-extra='{\"blog_id\":1,\"permalink\":\"https:\\\/\\\/www.joyana.fr\\\/ja\\\/herb-savor-mini-pod-pot-design-prepara\\\/111166\\\/\"}' id='gallery-1' class='gallery galleryid-111166 gallery-columns-4 gallery-size-thumbnail'><figure class='gallery-item'>\r\n\t\t\t<div class='gallery-icon portrait'>\r\n\t\t\t\t<a href=\"https:\/\/i0.wp.com\/www.joyana.fr\/wp-content\/uploads\/2012\/11\/PREPA-m840-herb-savor-pod-2-0514771001349072275.jpg?ssl=1\"><img decoding=\"async\" width=\"150\" height=\"150\" src=\"https:\/\/i0.wp.com\/www.joyana.fr\/wp-content\/uploads\/2012\/11\/PREPA-m840-herb-savor-pod-2-0514771001349072275.jpg?resize=150%2C150&amp;ssl=1\" class=\"attachment-thumbnail size-thumbnail\" alt=\"\" srcset=\"https:\/\/i0.wp.com\/www.joyana.fr\/wp-content\/uploads\/2012\/11\/PREPA-m840-herb-savor-pod-2-0514771001349072275.jpg?resize=300%2C300&amp;ssl=1 300w, https:\/\/i0.wp.com\/www.joyana.fr\/wp-content\/uploads\/2012\/11\/PREPA-m840-herb-savor-pod-2-0514771001349072275.jpg?resize=100%2C100&amp;ssl=1 100w, https:\/\/i0.wp.com\/www.joyana.fr\/wp-content\/uploads\/2012\/11\/PREPA-m840-herb-savor-pod-2-0514771001349072275.jpg?zoom=3&amp;resize=150%2C150&amp;ssl=1 450w\" sizes=\"(max-width: 150px) 100vw, 150px\" data-attachment-id=\"111167\" data-permalink=\"https:\/\/www.joyana.fr\/ja\/herb-savor-mini-pod-pot-design-prepara\/111166\/prepa-m840-herb-savor-pod-2-0514771001349072275\/\" data-orig-file=\"https:\/\/i0.wp.com\/www.joyana.fr\/wp-content\/uploads\/2012\/11\/PREPA-m840-herb-savor-pod-2-0514771001349072275.jpg?fit=594%2C630&amp;ssl=1\" data-orig-size=\"594,630\" data-comments-opened=\"1\" data-image-meta=\"{&quot;aperture&quot;:&quot;0&quot;,&quot;credit&quot;:&quot;&quot;,&quot;camera&quot;:&quot;&quot;,&quot;caption&quot;:&quot;&quot;,&quot;created_timestamp&quot;:&quot;0&quot;,&quot;copyright&quot;:&quot;&quot;,&quot;focal_length&quot;:&quot;0&quot;,&quot;iso&quot;:&quot;0&quot;,&quot;shutter_speed&quot;:&quot;0&quot;,&quot;title&quot;:&quot;&quot;,&quot;orientation&quot;:&quot;0&quot;}\" data-image-title=\"Herb-Savor Mini Pod par PREPARA\" data-image-description=\"&lt;p&gt;Herb-Savor Mini Pod par PREPARA&lt;\/p&gt;\n\" data-image-caption=\"\" data-medium-file=\"https:\/\/i0.wp.com\/www.joyana.fr\/wp-content\/uploads\/2012\/11\/PREPA-m840-herb-savor-pod-2-0514771001349072275.jpg?fit=367%2C389&amp;ssl=1\" data-large-file=\"https:\/\/i0.wp.com\/www.joyana.fr\/wp-content\/uploads\/2012\/11\/PREPA-m840-herb-savor-pod-2-0514771001349072275.jpg?fit=594%2C630&amp;ssl=1\" \/><\/a>\r\n\t\t\t<\/div><\/figure><figure class='gallery-item'>\r\n\t\t\t<div class='gallery-icon landscape'>\r\n\t\t\t\t<a href=\"https:\/\/i0.wp.com\/www.joyana.fr\/wp-content\/uploads\/2012\/11\/PREPA-m840-herb-savor-pod-multiple-0405188001349072310.jpg?ssl=1\"><img loading=\"lazy\" decoding=\"async\" width=\"150\" height=\"150\" src=\"https:\/\/i0.wp.com\/www.joyana.fr\/wp-content\/uploads\/2012\/11\/PREPA-m840-herb-savor-pod-multiple-0405188001349072310.jpg?resize=150%2C150&amp;ssl=1\" class=\"attachment-thumbnail size-thumbnail\" alt=\"\" srcset=\"https:\/\/i0.wp.com\/www.joyana.fr\/wp-content\/uploads\/2012\/11\/PREPA-m840-herb-savor-pod-multiple-0405188001349072310.jpg?resize=300%2C300&amp;ssl=1 300w, https:\/\/i0.wp.com\/www.joyana.fr\/wp-content\/uploads\/2012\/11\/PREPA-m840-herb-savor-pod-multiple-0405188001349072310.jpg?resize=100%2C100&amp;ssl=1 100w, https:\/\/i0.wp.com\/www.joyana.fr\/wp-content\/uploads\/2012\/11\/PREPA-m840-herb-savor-pod-multiple-0405188001349072310.jpg?zoom=3&amp;resize=150%2C150&amp;ssl=1 450w\" sizes=\"(max-width: 150px) 100vw, 150px\" data-attachment-id=\"111168\" data-permalink=\"https:\/\/www.joyana.fr\/ja\/herb-savor-mini-pod-pot-design-prepara\/111166\/prepa-m840-herb-savor-pod-multiple-0405188001349072310\/\" data-orig-file=\"https:\/\/i0.wp.com\/www.joyana.fr\/wp-content\/uploads\/2012\/11\/PREPA-m840-herb-savor-pod-multiple-0405188001349072310.jpg?fit=840%2C562&amp;ssl=1\" data-orig-size=\"840,562\" data-comments-opened=\"1\" data-image-meta=\"{&quot;aperture&quot;:&quot;0&quot;,&quot;credit&quot;:&quot;&quot;,&quot;camera&quot;:&quot;&quot;,&quot;caption&quot;:&quot;&quot;,&quot;created_timestamp&quot;:&quot;0&quot;,&quot;copyright&quot;:&quot;&quot;,&quot;focal_length&quot;:&quot;0&quot;,&quot;iso&quot;:&quot;0&quot;,&quot;shutter_speed&quot;:&quot;0&quot;,&quot;title&quot;:&quot;&quot;,&quot;orientation&quot;:&quot;0&quot;}\" data-image-title=\"PREPA m840-herb-savor-pod-multiple-0405188001349072310\" data-image-description=\"\" data-image-caption=\"\" data-medium-file=\"https:\/\/i0.wp.com\/www.joyana.fr\/wp-content\/uploads\/2012\/11\/PREPA-m840-herb-savor-pod-multiple-0405188001349072310.jpg?fit=389%2C260&amp;ssl=1\" data-large-file=\"https:\/\/i0.wp.com\/www.joyana.fr\/wp-content\/uploads\/2012\/11\/PREPA-m840-herb-savor-pod-multiple-0405188001349072310.jpg?fit=840%2C562&amp;ssl=1\" \/><\/a>\r\n\t\t\t<\/div><\/figure><figure class='gallery-item'>\r\n\t\t\t<div class='gallery-icon landscape'>\r\n\t\t\t\t<a href=\"https:\/\/i0.wp.com\/www.joyana.fr\/wp-content\/uploads\/2012\/11\/PREPA-pp01-hs102.jpg?ssl=1\"><img loading=\"lazy\" decoding=\"async\" width=\"150\" height=\"150\" src=\"https:\/\/i0.wp.com\/www.joyana.fr\/wp-content\/uploads\/2012\/11\/PREPA-pp01-hs102.jpg?resize=150%2C150&amp;ssl=1\" class=\"attachment-thumbnail size-thumbnail\" alt=\"\" srcset=\"https:\/\/i0.wp.com\/www.joyana.fr\/wp-content\/uploads\/2012\/11\/PREPA-pp01-hs102.jpg?w=500&amp;ssl=1 500w, https:\/\/i0.wp.com\/www.joyana.fr\/wp-content\/uploads\/2012\/11\/PREPA-pp01-hs102.jpg?resize=300%2C300&amp;ssl=1 300w, https:\/\/i0.wp.com\/www.joyana.fr\/wp-content\/uploads\/2012\/11\/PREPA-pp01-hs102.jpg?resize=100%2C100&amp;ssl=1 100w\" sizes=\"(max-width: 150px) 100vw, 150px\" data-attachment-id=\"111169\" data-permalink=\"https:\/\/www.joyana.fr\/ja\/herb-savor-mini-pod-pot-design-prepara\/111166\/prepa-pp01-hs102\/\" data-orig-file=\"https:\/\/i0.wp.com\/www.joyana.fr\/wp-content\/uploads\/2012\/11\/PREPA-pp01-hs102.jpg?fit=500%2C500&amp;ssl=1\" data-orig-size=\"500,500\" data-comments-opened=\"1\" data-image-meta=\"{&quot;aperture&quot;:&quot;0&quot;,&quot;credit&quot;:&quot;&quot;,&quot;camera&quot;:&quot;&quot;,&quot;caption&quot;:&quot;&quot;,&quot;created_timestamp&quot;:&quot;0&quot;,&quot;copyright&quot;:&quot;&quot;,&quot;focal_length&quot;:&quot;0&quot;,&quot;iso&quot;:&quot;0&quot;,&quot;shutter_speed&quot;:&quot;0&quot;,&quot;title&quot;:&quot;&quot;,&quot;orientation&quot;:&quot;1&quot;}\" data-image-title=\"PREPA pp01-hs102\" data-image-description=\"\" data-image-caption=\"\" data-medium-file=\"https:\/\/i0.wp.com\/www.joyana.fr\/wp-content\/uploads\/2012\/11\/PREPA-pp01-hs102.jpg?fit=389%2C389&amp;ssl=1\" data-large-file=\"https:\/\/i0.wp.com\/www.joyana.fr\/wp-content\/uploads\/2012\/11\/PREPA-pp01-hs102.jpg?fit=500%2C500&amp;ssl=1\" \/><\/a>\r\n\t\t\t<\/div><\/figure><figure class='gallery-item'>\r\n\t\t\t<div class='gallery-icon landscape'>\r\n\t\t\t\t<a href=\"https:\/\/i0.wp.com\/www.joyana.fr\/wp-content\/uploads\/2012\/11\/Prepara-Herb-Savor-Mini-Pods-Gear-Patrol.jpg?ssl=1\"><img loading=\"lazy\" decoding=\"async\" width=\"150\" height=\"150\" src=\"https:\/\/i0.wp.com\/www.joyana.fr\/wp-content\/uploads\/2012\/11\/Prepara-Herb-Savor-Mini-Pods-Gear-Patrol.jpg?resize=150%2C150&amp;ssl=1\" class=\"attachment-thumbnail size-thumbnail\" alt=\"\" srcset=\"https:\/\/i0.wp.com\/www.joyana.fr\/wp-content\/uploads\/2012\/11\/Prepara-Herb-Savor-Mini-Pods-Gear-Patrol.jpg?resize=150%2C150&amp;ssl=1 150w, https:\/\/i0.wp.com\/www.joyana.fr\/wp-content\/uploads\/2012\/11\/Prepara-Herb-Savor-Mini-Pods-Gear-Patrol.jpg?resize=450%2C450&amp;ssl=1 450w, https:\/\/i0.wp.com\/www.joyana.fr\/wp-content\/uploads\/2012\/11\/Prepara-Herb-Savor-Mini-Pods-Gear-Patrol.jpg?resize=180%2C180&amp;ssl=1 180w, https:\/\/i0.wp.com\/www.joyana.fr\/wp-content\/uploads\/2012\/11\/Prepara-Herb-Savor-Mini-Pods-Gear-Patrol.jpg?resize=300%2C300&amp;ssl=1 300w, https:\/\/i0.wp.com\/www.joyana.fr\/wp-content\/uploads\/2012\/11\/Prepara-Herb-Savor-Mini-Pods-Gear-Patrol.jpg?resize=100%2C100&amp;ssl=1 100w\" sizes=\"(max-width: 150px) 100vw, 150px\" data-attachment-id=\"111170\" data-permalink=\"https:\/\/www.joyana.fr\/ja\/herb-savor-mini-pod-pot-design-prepara\/111166\/prepara-herb-savor-mini-pods-gear-patrol\/\" data-orig-file=\"https:\/\/i0.wp.com\/www.joyana.fr\/wp-content\/uploads\/2012\/11\/Prepara-Herb-Savor-Mini-Pods-Gear-Patrol.jpg?fit=650%2C500&amp;ssl=1\" data-orig-size=\"650,500\" data-comments-opened=\"1\" data-image-meta=\"{&quot;aperture&quot;:&quot;0&quot;,&quot;credit&quot;:&quot;&quot;,&quot;camera&quot;:&quot;&quot;,&quot;caption&quot;:&quot;&quot;,&quot;created_timestamp&quot;:&quot;0&quot;,&quot;copyright&quot;:&quot;&quot;,&quot;focal_length&quot;:&quot;0&quot;,&quot;iso&quot;:&quot;0&quot;,&quot;shutter_speed&quot;:&quot;0&quot;,&quot;title&quot;:&quot;&quot;,&quot;orientation&quot;:&quot;0&quot;}\" data-image-title=\"pot design Herb-Savor Mini Pod par PREPARA\" data-image-description=\"&lt;p&gt;pot design Herb-Savor Mini Pod par PREPARA&lt;\/p&gt;\n\" data-image-caption=\"\" data-medium-file=\"https:\/\/i0.wp.com\/www.joyana.fr\/wp-content\/uploads\/2012\/11\/Prepara-Herb-Savor-Mini-Pods-Gear-Patrol.jpg?fit=389%2C299&amp;ssl=1\" data-large-file=\"https:\/\/i0.wp.com\/www.joyana.fr\/wp-content\/uploads\/2012\/11\/Prepara-Herb-Savor-Mini-Pods-Gear-Patrol.jpg?fit=650%2C500&amp;ssl=1\" \/><\/a>\r\n\t\t\t<\/div><\/figure><\/div>\n\n<p style=\"text-align: center;\">29$ chez <a title=\"PREPARA\" href=\"http:\/\/www.prepara.com\/kitchen-gadgets\/herb-savor-mini-pod\/\" target=\"_blank\">PREPARA<\/a><\/p>\n","protected":false},"excerpt":{"rendered":"<p>Prepara Kitch Tools nous propose de tr\u00e8s jolies pots ing\u00e9nieux, capables de tripler le temps de conservation d [&hellip;]<\/p>\n","protected":false},"author":3,"featured_media":111170,"comment_status":"open","ping_status":"open","sticky":false,"template":"","format":"standard","meta":{"_coblocks_attr":"","_coblocks_dimensions":"","_coblocks_responsive_height":"","_coblocks_accordion_ie_support":"","_uag_custom_page_level_css":"","advgb_blocks_editor_width":"","advgb_blocks_columns_visual_guide":"","_genesis_hide_title":false,"_genesis_hide_breadcrumbs":false,"_genesis_hide_singular_image":false,"_genesis_hide_footer_widgets":false,"_genesis_custom_body_class":"","_genesis_custom_post_class":"","_genesis_layout":"","_themeisle_gutenberg_block_has_review":false,"_jetpack_newsletter_access":"","_jetpack_dont_email_post_to_subs":false,"_jetpack_newsletter_tier_id":0,"_jetpack_memberships_contains_paywalled_content":false,"_jetpack_memberships_contains_paid_content":false,"footnotes":""},"categories":[906,1033,909,905,1134],"tags":[1157,1158],"class_list":{"0":"post-111166","1":"post","2":"type-post","3":"status-publish","4":"format-standard","5":"has-post-thumbnail","7":"category-accessoires","8":"category-art-de-la-table","9":"category-cuisine","10":"category-deco-design","11":"category-vase","12":"tag-cuisine","13":"tag-pot-design","14":"entry"},"featured_image_urls":{"full":["https:\/\/i0.wp.com\/www.joyana.fr\/wp-content\/uploads\/2012\/11\/Prepara-Herb-Savor-Mini-Pods-Gear-Patrol.jpg?fit=650%2C500&ssl=1",650,500,false],"thumbnail":["https:\/\/i0.wp.com\/www.joyana.fr\/wp-content\/uploads\/2012\/11\/Prepara-Herb-Savor-Mini-Pods-Gear-Patrol.jpg?resize=150%2C150&ssl=1",150,150,true],"medium":["https:\/\/i0.wp.com\/www.joyana.fr\/wp-content\/uploads\/2012\/11\/Prepara-Herb-Savor-Mini-Pods-Gear-Patrol.jpg?fit=389%2C299&ssl=1",389,299,true],"medium_large":["https:\/\/i0.wp.com\/www.joyana.fr\/wp-content\/uploads\/2012\/11\/Prepara-Herb-Savor-Mini-Pods-Gear-Patrol.jpg?fit=650%2C500&ssl=1",650,500,true],"large":["https:\/\/i0.wp.com\/www.joyana.fr\/wp-content\/uploads\/2012\/11\/Prepara-Herb-Savor-Mini-Pods-Gear-Patrol.jpg?fit=650%2C500&ssl=1",650,500,true],"1536x1536":["https:\/\/i0.wp.com\/www.joyana.fr\/wp-content\/uploads\/2012\/11\/Prepara-Herb-Savor-Mini-Pods-Gear-Patrol.jpg?fit=650%2C500&ssl=1",650,500,true],"2048x2048":["https:\/\/i0.wp.com\/www.joyana.fr\/wp-content\/uploads\/2012\/11\/Prepara-Herb-Savor-Mini-Pods-Gear-Patrol.jpg?fit=650%2C500&ssl=1",650,500,true],"featured-thumb":["https:\/\/i0.wp.com\/www.joyana.fr\/wp-content\/uploads\/2012\/11\/Prepara-Herb-Savor-Mini-Pods-Gear-Patrol.jpg?resize=650%2C500&ssl=1",650,500,true],"ab-block-post-grid-landscape":["https:\/\/i0.wp.com\/www.joyana.fr\/wp-content\/uploads\/2012\/11\/Prepara-Herb-Savor-Mini-Pods-Gear-Patrol.jpg?resize=600%2C400&ssl=1",600,400,true],"ab-block-post-grid-square":["https:\/\/i0.wp.com\/www.joyana.fr\/wp-content\/uploads\/2012\/11\/Prepara-Herb-Savor-Mini-Pods-Gear-Patrol.jpg?resize=600%2C500&ssl=1",600,500,true],"author-pro-image":["https:\/\/i0.wp.com\/www.joyana.fr\/wp-content\/uploads\/2012\/11\/Prepara-Herb-Savor-Mini-Pods-Gear-Patrol.jpg?resize=360%2C500&ssl=1",360,500,true],"slider":["https:\/\/i0.wp.com\/www.joyana.fr\/wp-content\/uploads\/2012\/11\/Prepara-Herb-Savor-Mini-Pods-Gear-Patrol.jpg?resize=650%2C400&ssl=1",650,400,true],"woocommerce_thumbnail":["https:\/\/i0.wp.com\/www.joyana.fr\/wp-content\/uploads\/2012\/11\/Prepara-Herb-Savor-Mini-Pods-Gear-Patrol.jpg?resize=450%2C450&ssl=1",450,450,true],"woocommerce_single":["https:\/\/i0.wp.com\/www.joyana.fr\/wp-content\/uploads\/2012\/11\/Prepara-Herb-Savor-Mini-Pods-Gear-Patrol.jpg?fit=650%2C500&ssl=1",650,500,true],"woocommerce_gallery_thumbnail":["https:\/\/i0.wp.com\/www.joyana.fr\/wp-content\/uploads\/2012\/11\/Prepara-Herb-Savor-Mini-Pods-Gear-Patrol.jpg?resize=180%2C180&ssl=1",180,180,true],"sow-carousel-default":["https:\/\/i0.wp.com\/www.joyana.fr\/wp-content\/uploads\/2012\/11\/Prepara-Herb-Savor-Mini-Pods-Gear-Patrol.jpg?resize=272%2C182&ssl=1",272,182,true]},"post_excerpt_stackable":"<p>Prepara Kitch Tools nous propose de tr\u00e8s jolies pots ing\u00e9nieux, capables de tripler le temps de cons&hellip;<\/p>\n","category_list":"<a href=\"https:\/\/www.joyana.fr\/ja\/category\/deco-design\/decoration\/accessoires\/\" rel=\"category tag\">Accessoires<\/a>, <a href=\"https:\/\/www.joyana.fr\/ja\/category\/deco-design\/decoration\/art-de-la-table\/\" rel=\"category tag\">Art de la Table<\/a>, <a href=\"https:\/\/www.joyana.fr\/ja\/category\/deco-design\/decoration\/cuisine\/\" rel=\"category tag\">Cuisine<\/a>, <a href=\"https:\/\/www.joyana.fr\/ja\/category\/deco-design\/\" rel=\"category tag\">DECO-DESIGN<\/a>, <a href=\"https:\/\/www.joyana.fr\/ja\/category\/deco-design\/decoration\/accessoires\/vase\/\" rel=\"category tag\">Vase<\/a>","author_info":{"display_name":"Jo Yana","author_link":"https:\/\/www.joyana.fr\/ja\/author\/joyana\/"},"comments_num":"3 comments","featured_image_urls_v2":{"full":["https:\/\/i0.wp.com\/www.joyana.fr\/wp-content\/uploads\/2012\/11\/Prepara-Herb-Savor-Mini-Pods-Gear-Patrol.jpg?fit=650%2C500&ssl=1",650,500,false],"thumbnail":["https:\/\/i0.wp.com\/www.joyana.fr\/wp-content\/uploads\/2012\/11\/Prepara-Herb-Savor-Mini-Pods-Gear-Patrol.jpg?resize=150%2C150&ssl=1",150,150,true],"medium":["https:\/\/i0.wp.com\/www.joyana.fr\/wp-content\/uploads\/2012\/11\/Prepara-Herb-Savor-Mini-Pods-Gear-Patrol.jpg?fit=389%2C299&ssl=1",389,299,true],"medium_large":["https:\/\/i0.wp.com\/www.joyana.fr\/wp-content\/uploads\/2012\/11\/Prepara-Herb-Savor-Mini-Pods-Gear-Patrol.jpg?fit=650%2C500&ssl=1",650,500,true],"large":["https:\/\/i0.wp.com\/www.joyana.fr\/wp-content\/uploads\/2012\/11\/Prepara-Herb-Savor-Mini-Pods-Gear-Patrol.jpg?fit=650%2C500&ssl=1",650,500,true],"1536x1536":["https:\/\/i0.wp.com\/www.joyana.fr\/wp-content\/uploads\/2012\/11\/Prepara-Herb-Savor-Mini-Pods-Gear-Patrol.jpg?fit=650%2C500&ssl=1",650,500,true],"2048x2048":["https:\/\/i0.wp.com\/www.joyana.fr\/wp-content\/uploads\/2012\/11\/Prepara-Herb-Savor-Mini-Pods-Gear-Patrol.jpg?fit=650%2C500&ssl=1",650,500,true],"featured-thumb":["https:\/\/i0.wp.com\/www.joyana.fr\/wp-content\/uploads\/2012\/11\/Prepara-Herb-Savor-Mini-Pods-Gear-Patrol.jpg?resize=650%2C500&ssl=1",650,500,true],"ab-block-post-grid-landscape":["https:\/\/i0.wp.com\/www.joyana.fr\/wp-content\/uploads\/2012\/11\/Prepara-Herb-Savor-Mini-Pods-Gear-Patrol.jpg?resize=600%2C400&ssl=1",600,400,true],"ab-block-post-grid-square":["https:\/\/i0.wp.com\/www.joyana.fr\/wp-content\/uploads\/2012\/11\/Prepara-Herb-Savor-Mini-Pods-Gear-Patrol.jpg?resize=600%2C500&ssl=1",600,500,true],"author-pro-image":["https:\/\/i0.wp.com\/www.joyana.fr\/wp-content\/uploads\/2012\/11\/Prepara-Herb-Savor-Mini-Pods-Gear-Patrol.jpg?resize=360%2C500&ssl=1",360,500,true],"slider":["https:\/\/i0.wp.com\/www.joyana.fr\/wp-content\/uploads\/2012\/11\/Prepara-Herb-Savor-Mini-Pods-Gear-Patrol.jpg?resize=650%2C400&ssl=1",650,400,true],"woocommerce_thumbnail":["https:\/\/i0.wp.com\/www.joyana.fr\/wp-content\/uploads\/2012\/11\/Prepara-Herb-Savor-Mini-Pods-Gear-Patrol.jpg?resize=450%2C450&ssl=1",450,450,true],"woocommerce_single":["https:\/\/i0.wp.com\/www.joyana.fr\/wp-content\/uploads\/2012\/11\/Prepara-Herb-Savor-Mini-Pods-Gear-Patrol.jpg?fit=650%2C500&ssl=1",650,500,true],"woocommerce_gallery_thumbnail":["https:\/\/i0.wp.com\/www.joyana.fr\/wp-content\/uploads\/2012\/11\/Prepara-Herb-Savor-Mini-Pods-Gear-Patrol.jpg?resize=180%2C180&ssl=1",180,180,true],"sow-carousel-default":["https:\/\/i0.wp.com\/www.joyana.fr\/wp-content\/uploads\/2012\/11\/Prepara-Herb-Savor-Mini-Pods-Gear-Patrol.jpg?resize=272%2C182&ssl=1",272,182,true]},"post_excerpt_stackable_v2":"<p>Prepara Kitch Tools nous propose de tr\u00e8s jolies pots ing\u00e9nieux, capables de tripler le temps de cons&hellip;<\/p>\n","category_list_v2":"<a href=\"https:\/\/www.joyana.fr\/ja\/category\/deco-design\/decoration\/accessoires\/\" rel=\"category tag\">Accessoires<\/a>, <a href=\"https:\/\/www.joyana.fr\/ja\/category\/deco-design\/decoration\/art-de-la-table\/\" rel=\"category tag\">Art de la Table<\/a>, <a href=\"https:\/\/www.joyana.fr\/ja\/category\/deco-design\/decoration\/cuisine\/\" rel=\"category tag\">Cuisine<\/a>, <a href=\"https:\/\/www.joyana.fr\/ja\/category\/deco-design\/\" rel=\"category tag\">DECO-DESIGN<\/a>, <a href=\"https:\/\/www.joyana.fr\/ja\/category\/deco-design\/decoration\/accessoires\/vase\/\" rel=\"category tag\">Vase<\/a>","author_info_v2":{"name":"Jo Yana","url":"https:\/\/www.joyana.fr\/ja\/author\/joyana\/"},"comments_num_v2":"3 comments","yoast_head":"<!-- This site is optimized with the Yoast SEO plugin v26.8 - https:\/\/yoast.com\/product\/yoast-seo-wordpress\/ -->\n<title>Herb-Savor Mini Pod par PREPARA - JO YANA<\/title>\n<meta name=\"robots\" content=\"index, follow, max-snippet:-1, max-image-preview:large, max-video-preview:-1\" \/>\n<link rel=\"canonical\" href=\"https:\/\/joyana.fr\/en\/herb-savor-mini-pod-pot-design-prepara\/111166\/\" \/>\n<meta property=\"og:locale\" content=\"ja_JP\" \/>\n<meta property=\"og:locale:alternate\" content=\"fr_FR\" \/>\n<meta property=\"og:locale:alternate\" content=\"en_US\" \/>\n<meta property=\"og:type\" content=\"article\" \/>\n<meta property=\"og:title\" content=\"Herb-Savor Mini Pod par PREPARA - JO YANA\" \/>\n<meta property=\"og:description\" content=\"Prepara Kitch Tools nous propose de tr\u00e8s jolies pots ing\u00e9nieux, capables de tripler le temps de conservation d [&hellip;]\" \/>\n<meta property=\"og:url\" content=\"https:\/\/www.joyana.fr\/ja\/herb-savor-mini-pod-pot-design-prepara\/111166\/\" \/>\n<meta property=\"og:site_name\" content=\"JO YANA\" \/>\n<meta property=\"article:published_time\" content=\"2012-11-06T07:56:21+00:00\" \/>\n<meta property=\"og:image\" content=\"https:\/\/joyana.fr\/wp-content\/uploads\/2012\/11\/Prepara-Herb-Savor-Mini-Pods-Gear-Patrol.jpg\" \/>\n\t<meta property=\"og:image:width\" content=\"650\" \/>\n\t<meta property=\"og:image:height\" content=\"500\" \/>\n\t<meta property=\"og:image:type\" content=\"image\/jpeg\" \/>\n<meta name=\"author\" content=\"Jo Yana\" \/>\n<meta name=\"twitter:card\" content=\"summary_large_image\" \/>\n<meta name=\"twitter:creator\" content=\"@Jo_Yana\" \/>\n<meta name=\"twitter:site\" content=\"@Jo_Yana\" \/>\n<meta name=\"twitter:label1\" content=\"\u57f7\u7b46\u8005\" \/>\n\t<meta name=\"twitter:data1\" content=\"Jo Yana\" \/>\n\t<meta name=\"twitter:label2\" content=\"\u63a8\u5b9a\u8aad\u307f\u53d6\u308a\u6642\u9593\" \/>\n\t<meta name=\"twitter:data2\" content=\"1\u5206\" \/>\n<script type=\"application\/ld+json\" class=\"yoast-schema-graph\">{\"@context\":\"https:\/\/schema.org\",\"@graph\":[{\"@type\":\"Article\",\"@id\":\"https:\/\/joyana.fr\/en\/herb-savor-mini-pod-pot-design-prepara\/111166\/#article\",\"isPartOf\":{\"@id\":\"https:\/\/joyana.fr\/en\/herb-savor-mini-pod-pot-design-prepara\/111166\/\"},\"author\":{\"name\":\"Jo Yana\",\"@id\":\"https:\/\/joyana.fr\/#\/schema\/person\/cf2a1ad12a27c12c21801075bf37407c\"},\"headline\":\"Herb-Savor Mini Pod par PREPARA\",\"datePublished\":\"2012-11-06T07:56:21+00:00\",\"mainEntityOfPage\":{\"@id\":\"https:\/\/joyana.fr\/en\/herb-savor-mini-pod-pot-design-prepara\/111166\/\"},\"wordCount\":153,\"commentCount\":1,\"publisher\":{\"@id\":\"https:\/\/joyana.fr\/#\/schema\/person\/cf2a1ad12a27c12c21801075bf37407c\"},\"image\":{\"@id\":\"https:\/\/joyana.fr\/en\/herb-savor-mini-pod-pot-design-prepara\/111166\/#primaryimage\"},\"thumbnailUrl\":\"https:\/\/i0.wp.com\/www.joyana.fr\/wp-content\/uploads\/2012\/11\/Prepara-Herb-Savor-Mini-Pods-Gear-Patrol.jpg?fit=650%2C500&ssl=1\",\"keywords\":[\"Cuisine\",\"Pot design\"],\"articleSection\":[\"Accessoires\",\"Art de la Table\",\"Cuisine\",\"DECO-DESIGN\",\"Vase\"],\"inLanguage\":\"ja\",\"potentialAction\":[{\"@type\":\"CommentAction\",\"name\":\"Comment\",\"target\":[\"https:\/\/joyana.fr\/en\/herb-savor-mini-pod-pot-design-prepara\/111166\/#respond\"]}]},{\"@type\":\"WebPage\",\"@id\":\"https:\/\/joyana.fr\/en\/herb-savor-mini-pod-pot-design-prepara\/111166\/\",\"url\":\"https:\/\/joyana.fr\/en\/herb-savor-mini-pod-pot-design-prepara\/111166\/\",\"name\":\"Herb-Savor Mini Pod par PREPARA - JO YANA\",\"isPartOf\":{\"@id\":\"https:\/\/joyana.fr\/#website\"},\"primaryImageOfPage\":{\"@id\":\"https:\/\/joyana.fr\/en\/herb-savor-mini-pod-pot-design-prepara\/111166\/#primaryimage\"},\"image\":{\"@id\":\"https:\/\/joyana.fr\/en\/herb-savor-mini-pod-pot-design-prepara\/111166\/#primaryimage\"},\"thumbnailUrl\":\"https:\/\/i0.wp.com\/www.joyana.fr\/wp-content\/uploads\/2012\/11\/Prepara-Herb-Savor-Mini-Pods-Gear-Patrol.jpg?fit=650%2C500&ssl=1\",\"datePublished\":\"2012-11-06T07:56:21+00:00\",\"breadcrumb\":{\"@id\":\"https:\/\/joyana.fr\/en\/herb-savor-mini-pod-pot-design-prepara\/111166\/#breadcrumb\"},\"inLanguage\":\"ja\",\"potentialAction\":[{\"@type\":\"ReadAction\",\"target\":[\"https:\/\/joyana.fr\/en\/herb-savor-mini-pod-pot-design-prepara\/111166\/\"]}]},{\"@type\":\"ImageObject\",\"inLanguage\":\"ja\",\"@id\":\"https:\/\/joyana.fr\/en\/herb-savor-mini-pod-pot-design-prepara\/111166\/#primaryimage\",\"url\":\"https:\/\/i0.wp.com\/www.joyana.fr\/wp-content\/uploads\/2012\/11\/Prepara-Herb-Savor-Mini-Pods-Gear-Patrol.jpg?fit=650%2C500&ssl=1\",\"contentUrl\":\"https:\/\/i0.wp.com\/www.joyana.fr\/wp-content\/uploads\/2012\/11\/Prepara-Herb-Savor-Mini-Pods-Gear-Patrol.jpg?fit=650%2C500&ssl=1\",\"width\":650,\"height\":500},{\"@type\":\"BreadcrumbList\",\"@id\":\"https:\/\/joyana.fr\/en\/herb-savor-mini-pod-pot-design-prepara\/111166\/#breadcrumb\",\"itemListElement\":[{\"@type\":\"ListItem\",\"position\":1,\"name\":\"Accueil\",\"item\":\"https:\/\/joyana.fr\/\"},{\"@type\":\"ListItem\",\"position\":2,\"name\":\"Herb-Savor Mini Pod par PREPARA\"}]},{\"@type\":\"WebSite\",\"@id\":\"https:\/\/joyana.fr\/#website\",\"url\":\"https:\/\/joyana.fr\/\",\"name\":\"JO YANA\",\"description\":\"Blog Mode Homme, Lifestyle, D\u00e9co-Design\",\"publisher\":{\"@id\":\"https:\/\/joyana.fr\/#\/schema\/person\/cf2a1ad12a27c12c21801075bf37407c\"},\"potentialAction\":[{\"@type\":\"SearchAction\",\"target\":{\"@type\":\"EntryPoint\",\"urlTemplate\":\"https:\/\/joyana.fr\/?s={search_term_string}\"},\"query-input\":{\"@type\":\"PropertyValueSpecification\",\"valueRequired\":true,\"valueName\":\"search_term_string\"}}],\"inLanguage\":\"ja\"},{\"@type\":[\"Person\",\"Organization\"],\"@id\":\"https:\/\/joyana.fr\/#\/schema\/person\/cf2a1ad12a27c12c21801075bf37407c\",\"name\":\"Jo Yana\",\"image\":{\"@type\":\"ImageObject\",\"inLanguage\":\"ja\",\"@id\":\"https:\/\/joyana.fr\/#\/schema\/person\/image\/\",\"url\":\"https:\/\/i0.wp.com\/www.joyana.fr\/wp-content\/uploads\/2016\/08\/cropped-joyana-logo-black-360x180.png?fit=343%2C164&ssl=1\",\"contentUrl\":\"https:\/\/i0.wp.com\/www.joyana.fr\/wp-content\/uploads\/2016\/08\/cropped-joyana-logo-black-360x180.png?fit=343%2C164&ssl=1\",\"width\":343,\"height\":164,\"caption\":\"Jo Yana\"},\"logo\":{\"@id\":\"https:\/\/joyana.fr\/#\/schema\/person\/image\/\"},\"description\":\"Jo Yana est le cr\u00e9ateur et r\u00e9dacteur en chef des sites DECO-DESIGN. Passionn\u00e9 de Design, Mode, Photo, Luxe, Lifestyle, Musique, mais avant tout Blogueur ! Le plaisir de partager l'anime et a comme devise \\\"POUR L'AMOUR DU BEAU\\\". Retrouvez le aussi sur son blog personnel - https:\/\/joyana.fr...\",\"sameAs\":[\"https:\/\/joyana.fr\/\"],\"url\":\"https:\/\/www.joyana.fr\/ja\/author\/joyana\/\"}]}<\/script>\n<!-- \/ Yoast SEO plugin. -->","yoast_head_json":{"title":"Herb-Savor Mini Pod par PREPARA - JO YANA","robots":{"index":"index","follow":"follow","max-snippet":"max-snippet:-1","max-image-preview":"max-image-preview:large","max-video-preview":"max-video-preview:-1"},"canonical":"https:\/\/joyana.fr\/en\/herb-savor-mini-pod-pot-design-prepara\/111166\/","og_locale":"ja_JP","og_type":"article","og_title":"Herb-Savor Mini Pod par PREPARA - JO YANA","og_description":"Prepara Kitch Tools nous propose de tr\u00e8s jolies pots ing\u00e9nieux, capables de tripler le temps de conservation d [&hellip;]","og_url":"https:\/\/www.joyana.fr\/ja\/herb-savor-mini-pod-pot-design-prepara\/111166\/","og_site_name":"JO YANA","article_published_time":"2012-11-06T07:56:21+00:00","og_image":[{"width":650,"height":500,"url":"https:\/\/joyana.fr\/wp-content\/uploads\/2012\/11\/Prepara-Herb-Savor-Mini-Pods-Gear-Patrol.jpg","type":"image\/jpeg"}],"author":"Jo Yana","twitter_card":"summary_large_image","twitter_creator":"@Jo_Yana","twitter_site":"@Jo_Yana","twitter_misc":{"\u57f7\u7b46\u8005":"Jo Yana","\u63a8\u5b9a\u8aad\u307f\u53d6\u308a\u6642\u9593":"1\u5206"},"schema":{"@context":"https:\/\/schema.org","@graph":[{"@type":"Article","@id":"https:\/\/joyana.fr\/en\/herb-savor-mini-pod-pot-design-prepara\/111166\/#article","isPartOf":{"@id":"https:\/\/joyana.fr\/en\/herb-savor-mini-pod-pot-design-prepara\/111166\/"},"author":{"name":"Jo Yana","@id":"https:\/\/joyana.fr\/#\/schema\/person\/cf2a1ad12a27c12c21801075bf37407c"},"headline":"Herb-Savor Mini Pod par PREPARA","datePublished":"2012-11-06T07:56:21+00:00","mainEntityOfPage":{"@id":"https:\/\/joyana.fr\/en\/herb-savor-mini-pod-pot-design-prepara\/111166\/"},"wordCount":153,"commentCount":1,"publisher":{"@id":"https:\/\/joyana.fr\/#\/schema\/person\/cf2a1ad12a27c12c21801075bf37407c"},"image":{"@id":"https:\/\/joyana.fr\/en\/herb-savor-mini-pod-pot-design-prepara\/111166\/#primaryimage"},"thumbnailUrl":"https:\/\/i0.wp.com\/www.joyana.fr\/wp-content\/uploads\/2012\/11\/Prepara-Herb-Savor-Mini-Pods-Gear-Patrol.jpg?fit=650%2C500&ssl=1","keywords":["Cuisine","Pot design"],"articleSection":["Accessoires","Art de la Table","Cuisine","DECO-DESIGN","Vase"],"inLanguage":"ja","potentialAction":[{"@type":"CommentAction","name":"Comment","target":["https:\/\/joyana.fr\/en\/herb-savor-mini-pod-pot-design-prepara\/111166\/#respond"]}]},{"@type":"WebPage","@id":"https:\/\/joyana.fr\/en\/herb-savor-mini-pod-pot-design-prepara\/111166\/","url":"https:\/\/joyana.fr\/en\/herb-savor-mini-pod-pot-design-prepara\/111166\/","name":"Herb-Savor Mini Pod par PREPARA - JO YANA","isPartOf":{"@id":"https:\/\/joyana.fr\/#website"},"primaryImageOfPage":{"@id":"https:\/\/joyana.fr\/en\/herb-savor-mini-pod-pot-design-prepara\/111166\/#primaryimage"},"image":{"@id":"https:\/\/joyana.fr\/en\/herb-savor-mini-pod-pot-design-prepara\/111166\/#primaryimage"},"thumbnailUrl":"https:\/\/i0.wp.com\/www.joyana.fr\/wp-content\/uploads\/2012\/11\/Prepara-Herb-Savor-Mini-Pods-Gear-Patrol.jpg?fit=650%2C500&ssl=1","datePublished":"2012-11-06T07:56:21+00:00","breadcrumb":{"@id":"https:\/\/joyana.fr\/en\/herb-savor-mini-pod-pot-design-prepara\/111166\/#breadcrumb"},"inLanguage":"ja","potentialAction":[{"@type":"ReadAction","target":["https:\/\/joyana.fr\/en\/herb-savor-mini-pod-pot-design-prepara\/111166\/"]}]},{"@type":"ImageObject","inLanguage":"ja","@id":"https:\/\/joyana.fr\/en\/herb-savor-mini-pod-pot-design-prepara\/111166\/#primaryimage","url":"https:\/\/i0.wp.com\/www.joyana.fr\/wp-content\/uploads\/2012\/11\/Prepara-Herb-Savor-Mini-Pods-Gear-Patrol.jpg?fit=650%2C500&ssl=1","contentUrl":"https:\/\/i0.wp.com\/www.joyana.fr\/wp-content\/uploads\/2012\/11\/Prepara-Herb-Savor-Mini-Pods-Gear-Patrol.jpg?fit=650%2C500&ssl=1","width":650,"height":500},{"@type":"BreadcrumbList","@id":"https:\/\/joyana.fr\/en\/herb-savor-mini-pod-pot-design-prepara\/111166\/#breadcrumb","itemListElement":[{"@type":"ListItem","position":1,"name":"Accueil","item":"https:\/\/joyana.fr\/"},{"@type":"ListItem","position":2,"name":"Herb-Savor Mini Pod par PREPARA"}]},{"@type":"WebSite","@id":"https:\/\/joyana.fr\/#website","url":"https:\/\/joyana.fr\/","name":"JO YANA","description":"Blog Mode Homme, Lifestyle, D\u00e9co-Design","publisher":{"@id":"https:\/\/joyana.fr\/#\/schema\/person\/cf2a1ad12a27c12c21801075bf37407c"},"potentialAction":[{"@type":"SearchAction","target":{"@type":"EntryPoint","urlTemplate":"https:\/\/joyana.fr\/?s={search_term_string}"},"query-input":{"@type":"PropertyValueSpecification","valueRequired":true,"valueName":"search_term_string"}}],"inLanguage":"ja"},{"@type":["Person","Organization"],"@id":"https:\/\/joyana.fr\/#\/schema\/person\/cf2a1ad12a27c12c21801075bf37407c","name":"Jo Yana","image":{"@type":"ImageObject","inLanguage":"ja","@id":"https:\/\/joyana.fr\/#\/schema\/person\/image\/","url":"https:\/\/i0.wp.com\/www.joyana.fr\/wp-content\/uploads\/2016\/08\/cropped-joyana-logo-black-360x180.png?fit=343%2C164&ssl=1","contentUrl":"https:\/\/i0.wp.com\/www.joyana.fr\/wp-content\/uploads\/2016\/08\/cropped-joyana-logo-black-360x180.png?fit=343%2C164&ssl=1","width":343,"height":164,"caption":"Jo Yana"},"logo":{"@id":"https:\/\/joyana.fr\/#\/schema\/person\/image\/"},"description":"Jo Yana est le cr\u00e9ateur et r\u00e9dacteur en chef des sites DECO-DESIGN. Passionn\u00e9 de Design, Mode, Photo, Luxe, Lifestyle, Musique, mais avant tout Blogueur ! Le plaisir de partager l'anime et a comme devise \"POUR L'AMOUR DU BEAU\". Retrouvez le aussi sur son blog personnel - https:\/\/joyana.fr...","sameAs":["https:\/\/joyana.fr\/"],"url":"https:\/\/www.joyana.fr\/ja\/author\/joyana\/"}]}},"author_meta":{"display_name":"Jo Yana","author_link":"https:\/\/www.joyana.fr\/ja\/author\/joyana\/"},"featured_img":"https:\/\/i0.wp.com\/www.joyana.fr\/wp-content\/uploads\/2012\/11\/Prepara-Herb-Savor-Mini-Pods-Gear-Patrol.jpg?fit=389%2C299&ssl=1","featured_image_src":"https:\/\/i0.wp.com\/www.joyana.fr\/wp-content\/uploads\/2012\/11\/Prepara-Herb-Savor-Mini-Pods-Gear-Patrol.jpg?resize=600%2C400&ssl=1","featured_image_src_square":"https:\/\/i0.wp.com\/www.joyana.fr\/wp-content\/uploads\/2012\/11\/Prepara-Herb-Savor-Mini-Pods-Gear-Patrol.jpg?resize=600%2C500&ssl=1","jetpack_featured_media_url":"https:\/\/i0.wp.com\/www.joyana.fr\/wp-content\/uploads\/2012\/11\/Prepara-Herb-Savor-Mini-Pods-Gear-Patrol.jpg?fit=650%2C500&ssl=1","uagb_featured_image_src":{"full":["https:\/\/i0.wp.com\/www.joyana.fr\/wp-content\/uploads\/2012\/11\/Prepara-Herb-Savor-Mini-Pods-Gear-Patrol.jpg?fit=650%2C500&ssl=1",650,500,false],"thumbnail":["https:\/\/i0.wp.com\/www.joyana.fr\/wp-content\/uploads\/2012\/11\/Prepara-Herb-Savor-Mini-Pods-Gear-Patrol.jpg?resize=150%2C150&ssl=1",150,150,true],"medium":["https:\/\/i0.wp.com\/www.joyana.fr\/wp-content\/uploads\/2012\/11\/Prepara-Herb-Savor-Mini-Pods-Gear-Patrol.jpg?fit=389%2C299&ssl=1",389,299,true],"medium_large":["https:\/\/i0.wp.com\/www.joyana.fr\/wp-content\/uploads\/2012\/11\/Prepara-Herb-Savor-Mini-Pods-Gear-Patrol.jpg?fit=650%2C500&ssl=1",650,500,true],"large":["https:\/\/i0.wp.com\/www.joyana.fr\/wp-content\/uploads\/2012\/11\/Prepara-Herb-Savor-Mini-Pods-Gear-Patrol.jpg?fit=650%2C500&ssl=1",650,500,true],"1536x1536":["https:\/\/i0.wp.com\/www.joyana.fr\/wp-content\/uploads\/2012\/11\/Prepara-Herb-Savor-Mini-Pods-Gear-Patrol.jpg?fit=650%2C500&ssl=1",650,500,true],"2048x2048":["https:\/\/i0.wp.com\/www.joyana.fr\/wp-content\/uploads\/2012\/11\/Prepara-Herb-Savor-Mini-Pods-Gear-Patrol.jpg?fit=650%2C500&ssl=1",650,500,true],"featured-thumb":["https:\/\/i0.wp.com\/www.joyana.fr\/wp-content\/uploads\/2012\/11\/Prepara-Herb-Savor-Mini-Pods-Gear-Patrol.jpg?resize=650%2C500&ssl=1",650,500,true],"ab-block-post-grid-landscape":["https:\/\/i0.wp.com\/www.joyana.fr\/wp-content\/uploads\/2012\/11\/Prepara-Herb-Savor-Mini-Pods-Gear-Patrol.jpg?resize=600%2C400&ssl=1",600,400,true],"ab-block-post-grid-square":["https:\/\/i0.wp.com\/www.joyana.fr\/wp-content\/uploads\/2012\/11\/Prepara-Herb-Savor-Mini-Pods-Gear-Patrol.jpg?resize=600%2C500&ssl=1",600,500,true],"author-pro-image":["https:\/\/i0.wp.com\/www.joyana.fr\/wp-content\/uploads\/2012\/11\/Prepara-Herb-Savor-Mini-Pods-Gear-Patrol.jpg?resize=360%2C500&ssl=1",360,500,true],"slider":["https:\/\/i0.wp.com\/www.joyana.fr\/wp-content\/uploads\/2012\/11\/Prepara-Herb-Savor-Mini-Pods-Gear-Patrol.jpg?resize=650%2C400&ssl=1",650,400,true],"woocommerce_thumbnail":["https:\/\/i0.wp.com\/www.joyana.fr\/wp-content\/uploads\/2012\/11\/Prepara-Herb-Savor-Mini-Pods-Gear-Patrol.jpg?resize=450%2C450&ssl=1",450,450,true],"woocommerce_single":["https:\/\/i0.wp.com\/www.joyana.fr\/wp-content\/uploads\/2012\/11\/Prepara-Herb-Savor-Mini-Pods-Gear-Patrol.jpg?fit=650%2C500&ssl=1",650,500,true],"woocommerce_gallery_thumbnail":["https:\/\/i0.wp.com\/www.joyana.fr\/wp-content\/uploads\/2012\/11\/Prepara-Herb-Savor-Mini-Pods-Gear-Patrol.jpg?resize=180%2C180&ssl=1",180,180,true],"sow-carousel-default":["https:\/\/i0.wp.com\/www.joyana.fr\/wp-content\/uploads\/2012\/11\/Prepara-Herb-Savor-Mini-Pods-Gear-Patrol.jpg?resize=272%2C182&ssl=1",272,182,true]},"uagb_author_info":{"display_name":"Jo Yana","author_link":"https:\/\/www.joyana.fr\/ja\/author\/joyana\/"},"uagb_comment_info":3,"uagb_excerpt":"Prepara Kitch Tools nous propose de tr\u00e8s jolies pots in&hellip;","coauthors":[],"tax_additional":{"categories":{"linked":["<a href=\"https:\/\/www.joyana.fr\/ja\/category\/deco-design\/decoration\/accessoires\/\" class=\"advgb-post-tax-term\">Accessoires<\/a>","<a href=\"https:\/\/www.joyana.fr\/ja\/category\/deco-design\/decoration\/art-de-la-table\/\" class=\"advgb-post-tax-term\">Art de la Table<\/a>","<a href=\"https:\/\/www.joyana.fr\/ja\/category\/deco-design\/decoration\/cuisine\/\" class=\"advgb-post-tax-term\">Cuisine<\/a>","<a href=\"https:\/\/www.joyana.fr\/ja\/category\/deco-design\/\" class=\"advgb-post-tax-term\">DECO-DESIGN<\/a>","<a href=\"https:\/\/www.joyana.fr\/ja\/category\/deco-design\/decoration\/accessoires\/vase\/\" class=\"advgb-post-tax-term\">Vase<\/a>"],"unlinked":["<span class=\"advgb-post-tax-term\">Accessoires<\/span>","<span class=\"advgb-post-tax-term\">Art de la Table<\/span>","<span class=\"advgb-post-tax-term\">Cuisine<\/span>","<span class=\"advgb-post-tax-term\">DECO-DESIGN<\/span>","<span class=\"advgb-post-tax-term\">Vase<\/span>"]},"tags":{"linked":["<a href=\"https:\/\/www.joyana.fr\/ja\/category\/deco-design\/decoration\/accessoires\/vase\/\" class=\"advgb-post-tax-term\">Cuisine<\/a>","<a href=\"https:\/\/www.joyana.fr\/ja\/category\/deco-design\/decoration\/accessoires\/vase\/\" class=\"advgb-post-tax-term\">Pot design<\/a>"],"unlinked":["<span class=\"advgb-post-tax-term\">Cuisine<\/span>","<span class=\"advgb-post-tax-term\">Pot design<\/span>"]}},"comment_count":3,"relative_dates":{"created":"Posted 13\u5e74 ago","modified":"Updated 13\u5e74 ago"},"absolute_dates":{"created":"Posted on 6 11\u6708 2012","modified":"Updated on 6 11\u6708 2012"},"absolute_dates_time":{"created":"Posted on 6 11\u6708 2012 8:56","modified":"Updated on 6 11\u6708 2012 8:56"},"featured_img_caption":"","series_order":"","jetpack_sharing_enabled":true,"jetpack_shortlink":"https:\/\/wp.me\/p9bteI-sV0","jetpack-related-posts":[],"_links":{"self":[{"href":"https:\/\/www.joyana.fr\/ja\/wp-json\/wp\/v2\/posts\/111166","targetHints":{"allow":["GET"]}}],"collection":[{"href":"https:\/\/www.joyana.fr\/ja\/wp-json\/wp\/v2\/posts"}],"about":[{"href":"https:\/\/www.joyana.fr\/ja\/wp-json\/wp\/v2\/types\/post"}],"author":[{"embeddable":true,"href":"https:\/\/www.joyana.fr\/ja\/wp-json\/wp\/v2\/users\/3"}],"replies":[{"embeddable":true,"href":"https:\/\/www.joyana.fr\/ja\/wp-json\/wp\/v2\/comments?post=111166"}],"version-history":[{"count":0,"href":"https:\/\/www.joyana.fr\/ja\/wp-json\/wp\/v2\/posts\/111166\/revisions"}],"wp:featuredmedia":[{"embeddable":true,"href":"https:\/\/www.joyana.fr\/ja\/wp-json\/wp\/v2\/media\/111170"}],"wp:attachment":[{"href":"https:\/\/www.joyana.fr\/ja\/wp-json\/wp\/v2\/media?parent=111166"}],"wp:term":[{"taxonomy":"category","embeddable":true,"href":"https:\/\/www.joyana.fr\/ja\/wp-json\/wp\/v2\/categories?post=111166"},{"taxonomy":"post_tag","embeddable":true,"href":"https:\/\/www.joyana.fr\/ja\/wp-json\/wp\/v2\/tags?post=111166"}],"curies":[{"name":"wp","href":"https:\/\/api.w.org\/{rel}","templated":true}]}}