{"id":111068,"date":"2012-10-23T17:23:27","date_gmt":"2012-10-23T16:23:27","guid":{"rendered":"https:\/\/joyana.fr\/?p=11068"},"modified":"2012-10-23T17:23:27","modified_gmt":"2012-10-23T16:23:27","slug":"hopital-prive-de-villeneuve-dascq-jean-philippe-pargade","status":"publish","type":"post","link":"https:\/\/www.joyana.fr\/ja\/hopital-prive-de-villeneuve-dascq-jean-philippe-pargade\/111068\/","title":{"rendered":"H\u00f4pital Priv\u00e9 de Villeneuve D&#8217;Ascq par Jean-Philippe PARGADE"},"content":{"rendered":"<p><strong>L&#8217;H\u00f4pital Priv\u00e9 de Villeneuve d&#8217;Ascq<\/strong> et l&#8217;<strong>architecte Jean-Philippe<\/strong> r\u00e9pondent au programme r\u00e9gional de modernisation en faveur de la qualit\u00e9 des soins. Cette r\u00e9alisation architecturale s&#8217;inscrit comme un \u00e9l\u00e9ment structurant en synergie avec les cliniques d\u00e9j\u00e0 pr\u00e9sentes en p\u00e9riph\u00e9rie de Lille&#8230;<\/p>\n<p><img data-recalc-dims=\"1\" fetchpriority=\"high\" decoding=\"async\" class=\"alignnone size-large wp-image-11071\" title=\"Hopital Priv\u00e9 de Villeneuve D'Ascq par Jean-Philippe PARGADE \" src=\"https:\/\/i0.wp.com\/joyana.fr\/wp-content\/uploads\/2012\/10\/hopital-1041-01_05_sc_v2com-576x276.jpg?resize=576%2C276&#038;ssl=1\" alt=\"\" width=\"576\" height=\"276\" \/><\/p>\n<p><strong>L&#8217;H\u00f4pital Priv\u00e9 de Villeneuve d&#8217;Ascq<\/strong> assure une prise en charge pluridisciplinaire en ambulatoire et en hospitalisation compl\u00e8te. Son programme comprend 225 lits et places de m\u00e9decine, chirurgie et obst\u00e9trique, et un plateau m\u00e9dico- technique. Il dispose ainsi d&#8217;une importante maternit\u00e9 de 42 lits, 10 blocs op\u00e9ratoires, des unit\u00e9s de radioth\u00e9rapie, chimioth\u00e9rapie et m\u00e9decine nucl\u00e9aire.<\/p>\n<p>L\u2019agence Jean-Philippe Pargade a \u00e9t\u00e9 d\u00e9sign\u00e9e en 2007 laur\u00e9ate du concours lanc\u00e9 par La G\u00e9n\u00e9rale de Sant\u00e9. Le projet de l\u2019agence Pargade est con\u00e7u comme un volume simple, compos\u00e9 sur un plan rectangulaire, qui assure une transition harmonieuse entre l\u2019\u00e9chelle des b\u00e2timents commerciaux et celle du tissu pavillonnaire environnant&#8230; Implant\u00e9 en recul de l\u2019alignement, le projet lib\u00e8re un jardin qui pr\u00e9c\u00e8de le parvis d\u2019entr\u00e9e. La zone logistique est r\u00e9partie sur l\u2019arri\u00e8re du b\u00e2timent et les parkings se situent lat\u00e9ralement. L\u2019<strong>h\u00f4pital<\/strong> s\u2019ouvre ainsi sur un grand espace vert qui \u00e9voque les b\u00e9guinages&#8230;<\/p>\n<p><img data-recalc-dims=\"1\" decoding=\"async\" class=\"alignnone size-large wp-image-11072\" title=\" Hopital Priv\u00e9 de Villeneuve D'Ascq par Jean-Philippe PARGADE \" src=\"https:\/\/i0.wp.com\/joyana.fr\/wp-content\/uploads\/2012\/10\/hopital-1041-01_08_sc_v2com-576x375.jpg?resize=576%2C375&#038;ssl=1\" alt=\"\" width=\"576\" height=\"375\" \/><\/p>\n<p><img data-recalc-dims=\"1\" decoding=\"async\" class=\"alignnone size-large wp-image-11073\" title=\"Hopital Priv\u00e9 de Villeneuve D'Ascq par Jean-Philippe PARGADE \" src=\"https:\/\/i0.wp.com\/joyana.fr\/wp-content\/uploads\/2012\/10\/hopital-1041-01_10_sc_v2com-576x409.jpg?resize=576%2C409&#038;ssl=1\" alt=\"\" width=\"576\" height=\"409\" \/><\/p>\n<p><img data-recalc-dims=\"1\" loading=\"lazy\" decoding=\"async\" class=\"alignnone size-large wp-image-11074\" title=\"Hopital Priv\u00e9 de Villeneuve D'Ascq par Jean-Philippe PARGADE \" src=\"https:\/\/i0.wp.com\/joyana.fr\/wp-content\/uploads\/2012\/10\/hopital-1041-01_11_sc_v2com-576x801.jpg?resize=576%2C801&#038;ssl=1\" alt=\"\" width=\"576\" height=\"801\" \/><\/p>\n<p><img data-recalc-dims=\"1\" loading=\"lazy\" decoding=\"async\" class=\"alignnone size-large wp-image-11075\" title=\"Hopital Priv\u00e9 de Villeneuve D'Ascq par Jean-Philippe PARGADE \" src=\"https:\/\/i0.wp.com\/joyana.fr\/wp-content\/uploads\/2012\/10\/hopital-1041-01_13_sc_v2com-576x381.jpg?resize=576%2C381&#038;ssl=1\" alt=\"\" width=\"576\" height=\"381\" \/><\/p>\n<p><img data-recalc-dims=\"1\" loading=\"lazy\" decoding=\"async\" class=\"alignnone size-large wp-image-11069\" title=\"Hopital Priv\u00e9 de Villeneuve D'Ascq par Jean-Philippe PARGADE \" src=\"https:\/\/i0.wp.com\/joyana.fr\/wp-content\/uploads\/2012\/10\/hopital-1041-01_03_sc_v2com-576x817.jpg?resize=576%2C817&#038;ssl=1\" alt=\"\" width=\"576\" height=\"817\" \/><\/p>\n<p>L\u2019h\u00f4pital s\u2019\u00e9tend sur une surface de 22 681 m\u00b2. Son co\u00fbt global des travaux s\u2019\u00e9l\u00e8ve \u00e0 41 M\u20ac. En activit\u00e9 depuis le 26 juin 2012, l\u2019<strong>H\u00f4pital Priv\u00e9 de Villeneuve d\u2019Ascq<\/strong> est inaugur\u00e9 le 27 septembre 2012&#8230;<\/p>\n<p><img data-recalc-dims=\"1\" loading=\"lazy\" decoding=\"async\" class=\"alignnone size-large wp-image-11070\" title=\"Hopital Priv\u00e9 de Villeneuve D'Ascq par Jean-Philippe PARGADE \" src=\"https:\/\/i0.wp.com\/joyana.fr\/wp-content\/uploads\/2012\/10\/hopital-1041-01_04_sc_v2com-576x700.jpg?resize=576%2C700&#038;ssl=1\" alt=\"\" width=\"576\" height=\"700\" \/><\/p>\n<p style=\"text-align: center;\">En savoir + sur l&#8217;agence <a title=\"Jean Philippe PARGADE\" href=\"http:\/\/www.pargade.com\/index.php\/fr\/agence\"><strong>Jean-Philippe PARGADE<\/strong><\/a><\/p>\n","protected":false},"excerpt":{"rendered":"<p>L&#8217;H\u00f4pital Priv\u00e9 de Villeneuve d&#8217;Ascq et l&#8217;architecte Jean-Philippe r\u00e9pondent au programme r\u00e9 [&hellip;]<\/p>\n","protected":false},"author":3,"featured_media":111079,"comment_status":"open","ping_status":"open","sticky":false,"template":"","format":"standard","meta":{"_coblocks_attr":"","_coblocks_dimensions":"","_coblocks_responsive_height":"","_coblocks_accordion_ie_support":"","_uag_custom_page_level_css":"","advgb_blocks_editor_width":"","advgb_blocks_columns_visual_guide":"","_genesis_hide_title":false,"_genesis_hide_breadcrumbs":false,"_genesis_hide_singular_image":false,"_genesis_hide_footer_widgets":false,"_genesis_custom_body_class":"","_genesis_custom_post_class":"","_genesis_layout":"","_themeisle_gutenberg_block_has_review":false,"_jetpack_newsletter_access":"","_jetpack_dont_email_post_to_subs":false,"_jetpack_newsletter_tier_id":0,"_jetpack_memberships_contains_paywalled_content":false,"_jetpack_memberships_contains_paid_content":false,"footnotes":""},"categories":[71,905,1039],"tags":[501,448,1139,1140],"class_list":{"0":"post-111068","1":"post","2":"type-post","3":"status-publish","4":"format-standard","5":"has-post-thumbnail","7":"category-architecture","8":"category-deco-design","9":"category-france","10":"tag-architecture-2","11":"tag-france","12":"tag-hopital","13":"tag-lille","14":"entry"},"featured_image_urls":{"full":["https:\/\/i0.wp.com\/www.joyana.fr\/wp-content\/uploads\/2012\/10\/HOPITAL-CAROUSSEL_DECO_DESIGN_NOV_2011.jpg?fit=1500%2C320&ssl=1",1500,320,false],"thumbnail":["https:\/\/i0.wp.com\/www.joyana.fr\/wp-content\/uploads\/2012\/10\/HOPITAL-CAROUSSEL_DECO_DESIGN_NOV_2011.jpg?resize=150%2C150&ssl=1",150,150,true],"medium":["https:\/\/i0.wp.com\/www.joyana.fr\/wp-content\/uploads\/2012\/10\/HOPITAL-CAROUSSEL_DECO_DESIGN_NOV_2011.jpg?fit=389%2C83&ssl=1",389,83,true],"medium_large":["https:\/\/i0.wp.com\/www.joyana.fr\/wp-content\/uploads\/2012\/10\/HOPITAL-CAROUSSEL_DECO_DESIGN_NOV_2011.jpg?fit=768%2C164&ssl=1",768,164,true],"large":["https:\/\/i0.wp.com\/www.joyana.fr\/wp-content\/uploads\/2012\/10\/HOPITAL-CAROUSSEL_DECO_DESIGN_NOV_2011.jpg?fit=1024%2C218&ssl=1",1024,218,true],"1536x1536":["https:\/\/i0.wp.com\/www.joyana.fr\/wp-content\/uploads\/2012\/10\/HOPITAL-CAROUSSEL_DECO_DESIGN_NOV_2011.jpg?fit=1500%2C320&ssl=1",1500,320,true],"2048x2048":["https:\/\/i0.wp.com\/www.joyana.fr\/wp-content\/uploads\/2012\/10\/HOPITAL-CAROUSSEL_DECO_DESIGN_NOV_2011.jpg?fit=1500%2C320&ssl=1",1500,320,true],"featured-thumb":["https:\/\/i0.wp.com\/www.joyana.fr\/wp-content\/uploads\/2012\/10\/HOPITAL-CAROUSSEL_DECO_DESIGN_NOV_2011.jpg?resize=1500%2C320&ssl=1",1500,320,true],"ab-block-post-grid-landscape":["https:\/\/i0.wp.com\/www.joyana.fr\/wp-content\/uploads\/2012\/10\/HOPITAL-CAROUSSEL_DECO_DESIGN_NOV_2011.jpg?resize=600%2C320&ssl=1",600,320,true],"ab-block-post-grid-square":["https:\/\/i0.wp.com\/www.joyana.fr\/wp-content\/uploads\/2012\/10\/HOPITAL-CAROUSSEL_DECO_DESIGN_NOV_2011.jpg?resize=600%2C320&ssl=1",600,320,true],"author-pro-image":["https:\/\/i0.wp.com\/www.joyana.fr\/wp-content\/uploads\/2012\/10\/HOPITAL-CAROUSSEL_DECO_DESIGN_NOV_2011.jpg?resize=360%2C320&ssl=1",360,320,true],"slider":["https:\/\/i0.wp.com\/www.joyana.fr\/wp-content\/uploads\/2012\/10\/HOPITAL-CAROUSSEL_DECO_DESIGN_NOV_2011.jpg?resize=920%2C320&ssl=1",920,320,true],"woocommerce_thumbnail":["https:\/\/i0.wp.com\/www.joyana.fr\/wp-content\/uploads\/2012\/10\/HOPITAL-CAROUSSEL_DECO_DESIGN_NOV_2011.jpg?resize=450%2C320&ssl=1",450,320,true],"woocommerce_single":["https:\/\/i0.wp.com\/www.joyana.fr\/wp-content\/uploads\/2012\/10\/HOPITAL-CAROUSSEL_DECO_DESIGN_NOV_2011.jpg?fit=920%2C196&ssl=1",920,196,true],"woocommerce_gallery_thumbnail":["https:\/\/i0.wp.com\/www.joyana.fr\/wp-content\/uploads\/2012\/10\/HOPITAL-CAROUSSEL_DECO_DESIGN_NOV_2011.jpg?resize=180%2C180&ssl=1",180,180,true],"sow-carousel-default":["https:\/\/i0.wp.com\/www.joyana.fr\/wp-content\/uploads\/2012\/10\/HOPITAL-CAROUSSEL_DECO_DESIGN_NOV_2011.jpg?resize=272%2C182&ssl=1",272,182,true]},"post_excerpt_stackable":"<p>L&#8217;H\u00f4pital Priv\u00e9 de Villeneuve d&#8217;Ascq et l&#8217;architecte Jean-Philippe r\u00e9pondent au pr&hellip;<\/p>\n","category_list":"<a href=\"https:\/\/www.joyana.fr\/ja\/category\/portfolio\/architecture\/\" rel=\"category tag\">ARCHITECTURE<\/a>, <a href=\"https:\/\/www.joyana.fr\/ja\/category\/deco-design\/\" rel=\"category tag\">DECO-DESIGN<\/a>, <a href=\"https:\/\/www.joyana.fr\/ja\/category\/deco-design\/architecture-deco-design\/pays\/france\/\" rel=\"category tag\">France<\/a>","author_info":{"display_name":"Jo Yana","author_link":"https:\/\/www.joyana.fr\/ja\/author\/joyana\/"},"comments_num":"0 comments","featured_image_urls_v2":{"full":["https:\/\/i0.wp.com\/www.joyana.fr\/wp-content\/uploads\/2012\/10\/HOPITAL-CAROUSSEL_DECO_DESIGN_NOV_2011.jpg?fit=1500%2C320&ssl=1",1500,320,false],"thumbnail":["https:\/\/i0.wp.com\/www.joyana.fr\/wp-content\/uploads\/2012\/10\/HOPITAL-CAROUSSEL_DECO_DESIGN_NOV_2011.jpg?resize=150%2C150&ssl=1",150,150,true],"medium":["https:\/\/i0.wp.com\/www.joyana.fr\/wp-content\/uploads\/2012\/10\/HOPITAL-CAROUSSEL_DECO_DESIGN_NOV_2011.jpg?fit=389%2C83&ssl=1",389,83,true],"medium_large":["https:\/\/i0.wp.com\/www.joyana.fr\/wp-content\/uploads\/2012\/10\/HOPITAL-CAROUSSEL_DECO_DESIGN_NOV_2011.jpg?fit=768%2C164&ssl=1",768,164,true],"large":["https:\/\/i0.wp.com\/www.joyana.fr\/wp-content\/uploads\/2012\/10\/HOPITAL-CAROUSSEL_DECO_DESIGN_NOV_2011.jpg?fit=1024%2C218&ssl=1",1024,218,true],"1536x1536":["https:\/\/i0.wp.com\/www.joyana.fr\/wp-content\/uploads\/2012\/10\/HOPITAL-CAROUSSEL_DECO_DESIGN_NOV_2011.jpg?fit=1500%2C320&ssl=1",1500,320,true],"2048x2048":["https:\/\/i0.wp.com\/www.joyana.fr\/wp-content\/uploads\/2012\/10\/HOPITAL-CAROUSSEL_DECO_DESIGN_NOV_2011.jpg?fit=1500%2C320&ssl=1",1500,320,true],"featured-thumb":["https:\/\/i0.wp.com\/www.joyana.fr\/wp-content\/uploads\/2012\/10\/HOPITAL-CAROUSSEL_DECO_DESIGN_NOV_2011.jpg?resize=1500%2C320&ssl=1",1500,320,true],"ab-block-post-grid-landscape":["https:\/\/i0.wp.com\/www.joyana.fr\/wp-content\/uploads\/2012\/10\/HOPITAL-CAROUSSEL_DECO_DESIGN_NOV_2011.jpg?resize=600%2C320&ssl=1",600,320,true],"ab-block-post-grid-square":["https:\/\/i0.wp.com\/www.joyana.fr\/wp-content\/uploads\/2012\/10\/HOPITAL-CAROUSSEL_DECO_DESIGN_NOV_2011.jpg?resize=600%2C320&ssl=1",600,320,true],"author-pro-image":["https:\/\/i0.wp.com\/www.joyana.fr\/wp-content\/uploads\/2012\/10\/HOPITAL-CAROUSSEL_DECO_DESIGN_NOV_2011.jpg?resize=360%2C320&ssl=1",360,320,true],"slider":["https:\/\/i0.wp.com\/www.joyana.fr\/wp-content\/uploads\/2012\/10\/HOPITAL-CAROUSSEL_DECO_DESIGN_NOV_2011.jpg?resize=920%2C320&ssl=1",920,320,true],"woocommerce_thumbnail":["https:\/\/i0.wp.com\/www.joyana.fr\/wp-content\/uploads\/2012\/10\/HOPITAL-CAROUSSEL_DECO_DESIGN_NOV_2011.jpg?resize=450%2C320&ssl=1",450,320,true],"woocommerce_single":["https:\/\/i0.wp.com\/www.joyana.fr\/wp-content\/uploads\/2012\/10\/HOPITAL-CAROUSSEL_DECO_DESIGN_NOV_2011.jpg?fit=920%2C196&ssl=1",920,196,true],"woocommerce_gallery_thumbnail":["https:\/\/i0.wp.com\/www.joyana.fr\/wp-content\/uploads\/2012\/10\/HOPITAL-CAROUSSEL_DECO_DESIGN_NOV_2011.jpg?resize=180%2C180&ssl=1",180,180,true],"sow-carousel-default":["https:\/\/i0.wp.com\/www.joyana.fr\/wp-content\/uploads\/2012\/10\/HOPITAL-CAROUSSEL_DECO_DESIGN_NOV_2011.jpg?resize=272%2C182&ssl=1",272,182,true]},"post_excerpt_stackable_v2":"<p>L&#8217;H\u00f4pital Priv\u00e9 de Villeneuve d&#8217;Ascq et l&#8217;architecte Jean-Philippe r\u00e9pondent au pr&hellip;<\/p>\n","category_list_v2":"<a href=\"https:\/\/www.joyana.fr\/ja\/category\/portfolio\/architecture\/\" rel=\"category tag\">ARCHITECTURE<\/a>, <a href=\"https:\/\/www.joyana.fr\/ja\/category\/deco-design\/\" rel=\"category tag\">DECO-DESIGN<\/a>, <a href=\"https:\/\/www.joyana.fr\/ja\/category\/deco-design\/architecture-deco-design\/pays\/france\/\" rel=\"category tag\">France<\/a>","author_info_v2":{"name":"Jo Yana","url":"https:\/\/www.joyana.fr\/ja\/author\/joyana\/"},"comments_num_v2":"0 comments","yoast_head":"<!-- This site is optimized with the Yoast SEO plugin v26.8 - https:\/\/yoast.com\/product\/yoast-seo-wordpress\/ -->\n<title>H\u00f4pital Priv\u00e9 de Villeneuve D&#039;Ascq par Jean-Philippe PARGADE - JO YANA<\/title>\n<meta name=\"robots\" content=\"index, follow, max-snippet:-1, max-image-preview:large, max-video-preview:-1\" \/>\n<link rel=\"canonical\" href=\"https:\/\/www.joyana.fr\/ja\/hopital-prive-de-villeneuve-dascq-jean-philippe-pargade\/111068\/\" \/>\n<meta property=\"og:locale\" content=\"ja_JP\" \/>\n<meta property=\"og:locale:alternate\" content=\"fr_FR\" \/>\n<meta property=\"og:locale:alternate\" content=\"en_US\" \/>\n<meta property=\"og:type\" content=\"article\" \/>\n<meta property=\"og:title\" content=\"H\u00f4pital Priv\u00e9 de Villeneuve D&#039;Ascq par Jean-Philippe PARGADE - JO YANA\" \/>\n<meta property=\"og:description\" content=\"L&#8217;H\u00f4pital Priv\u00e9 de Villeneuve d&#8217;Ascq et l&#8217;architecte Jean-Philippe r\u00e9pondent au programme r\u00e9 [&hellip;]\" \/>\n<meta property=\"og:url\" content=\"https:\/\/www.joyana.fr\/ja\/hopital-prive-de-villeneuve-dascq-jean-philippe-pargade\/111068\/\" \/>\n<meta property=\"og:site_name\" content=\"JO YANA\" \/>\n<meta property=\"article:published_time\" content=\"2012-10-23T16:23:27+00:00\" \/>\n<meta property=\"og:image\" content=\"https:\/\/www.joyana.fr\/wp-content\/uploads\/2012\/10\/HOPITAL-CAROUSSEL_DECO_DESIGN_NOV_2011.jpg\" \/>\n\t<meta property=\"og:image:width\" content=\"1500\" \/>\n\t<meta property=\"og:image:height\" content=\"320\" \/>\n\t<meta property=\"og:image:type\" content=\"image\/jpeg\" \/>\n<meta name=\"author\" content=\"Jo Yana\" \/>\n<meta name=\"twitter:card\" content=\"summary_large_image\" \/>\n<meta name=\"twitter:creator\" content=\"@Jo_Yana\" \/>\n<meta name=\"twitter:site\" content=\"@Jo_Yana\" \/>\n<meta name=\"twitter:label1\" content=\"\u57f7\u7b46\u8005\" \/>\n\t<meta name=\"twitter:data1\" content=\"Jo Yana\" \/>\n\t<meta name=\"twitter:label2\" content=\"\u63a8\u5b9a\u8aad\u307f\u53d6\u308a\u6642\u9593\" \/>\n\t<meta name=\"twitter:data2\" content=\"1\u5206\" \/>\n<script type=\"application\/ld+json\" class=\"yoast-schema-graph\">{\"@context\":\"https:\/\/schema.org\",\"@graph\":[{\"@type\":\"Article\",\"@id\":\"https:\/\/www.joyana.fr\/ja\/hopital-prive-de-villeneuve-dascq-jean-philippe-pargade\/111068\/#article\",\"isPartOf\":{\"@id\":\"https:\/\/www.joyana.fr\/ja\/hopital-prive-de-villeneuve-dascq-jean-philippe-pargade\/111068\/\"},\"author\":{\"name\":\"Jo Yana\",\"@id\":\"https:\/\/joyana.fr\/#\/schema\/person\/cf2a1ad12a27c12c21801075bf37407c\"},\"headline\":\"H\u00f4pital Priv\u00e9 de Villeneuve D&#8217;Ascq par Jean-Philippe PARGADE\",\"datePublished\":\"2012-10-23T16:23:27+00:00\",\"mainEntityOfPage\":{\"@id\":\"https:\/\/www.joyana.fr\/ja\/hopital-prive-de-villeneuve-dascq-jean-philippe-pargade\/111068\/\"},\"wordCount\":287,\"commentCount\":0,\"publisher\":{\"@id\":\"https:\/\/joyana.fr\/#\/schema\/person\/cf2a1ad12a27c12c21801075bf37407c\"},\"image\":{\"@id\":\"https:\/\/www.joyana.fr\/ja\/hopital-prive-de-villeneuve-dascq-jean-philippe-pargade\/111068\/#primaryimage\"},\"thumbnailUrl\":\"https:\/\/i0.wp.com\/www.joyana.fr\/wp-content\/uploads\/2012\/10\/HOPITAL-CAROUSSEL_DECO_DESIGN_NOV_2011.jpg?fit=1500%2C320&ssl=1\",\"keywords\":[\"Architecture\",\"France\",\"H\u00f4pital\",\"Lille\"],\"articleSection\":[\"ARCHITECTURE\",\"DECO-DESIGN\",\"France\"],\"inLanguage\":\"ja\",\"potentialAction\":[{\"@type\":\"CommentAction\",\"name\":\"Comment\",\"target\":[\"https:\/\/www.joyana.fr\/ja\/hopital-prive-de-villeneuve-dascq-jean-philippe-pargade\/111068\/#respond\"]}]},{\"@type\":\"WebPage\",\"@id\":\"https:\/\/www.joyana.fr\/ja\/hopital-prive-de-villeneuve-dascq-jean-philippe-pargade\/111068\/\",\"url\":\"https:\/\/www.joyana.fr\/ja\/hopital-prive-de-villeneuve-dascq-jean-philippe-pargade\/111068\/\",\"name\":\"H\u00f4pital Priv\u00e9 de Villeneuve D'Ascq par Jean-Philippe PARGADE - JO YANA\",\"isPartOf\":{\"@id\":\"https:\/\/joyana.fr\/#website\"},\"primaryImageOfPage\":{\"@id\":\"https:\/\/www.joyana.fr\/ja\/hopital-prive-de-villeneuve-dascq-jean-philippe-pargade\/111068\/#primaryimage\"},\"image\":{\"@id\":\"https:\/\/www.joyana.fr\/ja\/hopital-prive-de-villeneuve-dascq-jean-philippe-pargade\/111068\/#primaryimage\"},\"thumbnailUrl\":\"https:\/\/i0.wp.com\/www.joyana.fr\/wp-content\/uploads\/2012\/10\/HOPITAL-CAROUSSEL_DECO_DESIGN_NOV_2011.jpg?fit=1500%2C320&ssl=1\",\"datePublished\":\"2012-10-23T16:23:27+00:00\",\"breadcrumb\":{\"@id\":\"https:\/\/www.joyana.fr\/ja\/hopital-prive-de-villeneuve-dascq-jean-philippe-pargade\/111068\/#breadcrumb\"},\"inLanguage\":\"ja\",\"potentialAction\":[{\"@type\":\"ReadAction\",\"target\":[\"https:\/\/www.joyana.fr\/ja\/hopital-prive-de-villeneuve-dascq-jean-philippe-pargade\/111068\/\"]}]},{\"@type\":\"ImageObject\",\"inLanguage\":\"ja\",\"@id\":\"https:\/\/www.joyana.fr\/ja\/hopital-prive-de-villeneuve-dascq-jean-philippe-pargade\/111068\/#primaryimage\",\"url\":\"https:\/\/i0.wp.com\/www.joyana.fr\/wp-content\/uploads\/2012\/10\/HOPITAL-CAROUSSEL_DECO_DESIGN_NOV_2011.jpg?fit=1500%2C320&ssl=1\",\"contentUrl\":\"https:\/\/i0.wp.com\/www.joyana.fr\/wp-content\/uploads\/2012\/10\/HOPITAL-CAROUSSEL_DECO_DESIGN_NOV_2011.jpg?fit=1500%2C320&ssl=1\",\"width\":1500,\"height\":320},{\"@type\":\"BreadcrumbList\",\"@id\":\"https:\/\/www.joyana.fr\/ja\/hopital-prive-de-villeneuve-dascq-jean-philippe-pargade\/111068\/#breadcrumb\",\"itemListElement\":[{\"@type\":\"ListItem\",\"position\":1,\"name\":\"Accueil\",\"item\":\"https:\/\/joyana.fr\/\"},{\"@type\":\"ListItem\",\"position\":2,\"name\":\"H\u00f4pital Priv\u00e9 de Villeneuve D&#8217;Ascq par Jean-Philippe PARGADE\"}]},{\"@type\":\"WebSite\",\"@id\":\"https:\/\/joyana.fr\/#website\",\"url\":\"https:\/\/joyana.fr\/\",\"name\":\"JO YANA\",\"description\":\"Blog Mode Homme, Lifestyle, D\u00e9co-Design\",\"publisher\":{\"@id\":\"https:\/\/joyana.fr\/#\/schema\/person\/cf2a1ad12a27c12c21801075bf37407c\"},\"potentialAction\":[{\"@type\":\"SearchAction\",\"target\":{\"@type\":\"EntryPoint\",\"urlTemplate\":\"https:\/\/joyana.fr\/?s={search_term_string}\"},\"query-input\":{\"@type\":\"PropertyValueSpecification\",\"valueRequired\":true,\"valueName\":\"search_term_string\"}}],\"inLanguage\":\"ja\"},{\"@type\":[\"Person\",\"Organization\"],\"@id\":\"https:\/\/joyana.fr\/#\/schema\/person\/cf2a1ad12a27c12c21801075bf37407c\",\"name\":\"Jo Yana\",\"image\":{\"@type\":\"ImageObject\",\"inLanguage\":\"ja\",\"@id\":\"https:\/\/joyana.fr\/#\/schema\/person\/image\/\",\"url\":\"https:\/\/i0.wp.com\/www.joyana.fr\/wp-content\/uploads\/2016\/08\/cropped-joyana-logo-black-360x180.png?fit=343%2C164&ssl=1\",\"contentUrl\":\"https:\/\/i0.wp.com\/www.joyana.fr\/wp-content\/uploads\/2016\/08\/cropped-joyana-logo-black-360x180.png?fit=343%2C164&ssl=1\",\"width\":343,\"height\":164,\"caption\":\"Jo Yana\"},\"logo\":{\"@id\":\"https:\/\/joyana.fr\/#\/schema\/person\/image\/\"},\"description\":\"Jo Yana est le cr\u00e9ateur et r\u00e9dacteur en chef des sites DECO-DESIGN. Passionn\u00e9 de Design, Mode, Photo, Luxe, Lifestyle, Musique, mais avant tout Blogueur ! Le plaisir de partager l'anime et a comme devise \\\"POUR L'AMOUR DU BEAU\\\". Retrouvez le aussi sur son blog personnel - https:\/\/joyana.fr...\",\"sameAs\":[\"https:\/\/joyana.fr\/\"],\"url\":\"https:\/\/www.joyana.fr\/ja\/author\/joyana\/\"}]}<\/script>\n<!-- \/ Yoast SEO plugin. -->","yoast_head_json":{"title":"H\u00f4pital Priv\u00e9 de Villeneuve D'Ascq par Jean-Philippe PARGADE - JO YANA","robots":{"index":"index","follow":"follow","max-snippet":"max-snippet:-1","max-image-preview":"max-image-preview:large","max-video-preview":"max-video-preview:-1"},"canonical":"https:\/\/www.joyana.fr\/ja\/hopital-prive-de-villeneuve-dascq-jean-philippe-pargade\/111068\/","og_locale":"ja_JP","og_type":"article","og_title":"H\u00f4pital Priv\u00e9 de Villeneuve D'Ascq par Jean-Philippe PARGADE - JO YANA","og_description":"L&#8217;H\u00f4pital Priv\u00e9 de Villeneuve d&#8217;Ascq et l&#8217;architecte Jean-Philippe r\u00e9pondent au programme r\u00e9 [&hellip;]","og_url":"https:\/\/www.joyana.fr\/ja\/hopital-prive-de-villeneuve-dascq-jean-philippe-pargade\/111068\/","og_site_name":"JO YANA","article_published_time":"2012-10-23T16:23:27+00:00","og_image":[{"width":1500,"height":320,"url":"https:\/\/www.joyana.fr\/wp-content\/uploads\/2012\/10\/HOPITAL-CAROUSSEL_DECO_DESIGN_NOV_2011.jpg","type":"image\/jpeg"}],"author":"Jo Yana","twitter_card":"summary_large_image","twitter_creator":"@Jo_Yana","twitter_site":"@Jo_Yana","twitter_misc":{"\u57f7\u7b46\u8005":"Jo Yana","\u63a8\u5b9a\u8aad\u307f\u53d6\u308a\u6642\u9593":"1\u5206"},"schema":{"@context":"https:\/\/schema.org","@graph":[{"@type":"Article","@id":"https:\/\/www.joyana.fr\/ja\/hopital-prive-de-villeneuve-dascq-jean-philippe-pargade\/111068\/#article","isPartOf":{"@id":"https:\/\/www.joyana.fr\/ja\/hopital-prive-de-villeneuve-dascq-jean-philippe-pargade\/111068\/"},"author":{"name":"Jo Yana","@id":"https:\/\/joyana.fr\/#\/schema\/person\/cf2a1ad12a27c12c21801075bf37407c"},"headline":"H\u00f4pital Priv\u00e9 de Villeneuve D&#8217;Ascq par Jean-Philippe PARGADE","datePublished":"2012-10-23T16:23:27+00:00","mainEntityOfPage":{"@id":"https:\/\/www.joyana.fr\/ja\/hopital-prive-de-villeneuve-dascq-jean-philippe-pargade\/111068\/"},"wordCount":287,"commentCount":0,"publisher":{"@id":"https:\/\/joyana.fr\/#\/schema\/person\/cf2a1ad12a27c12c21801075bf37407c"},"image":{"@id":"https:\/\/www.joyana.fr\/ja\/hopital-prive-de-villeneuve-dascq-jean-philippe-pargade\/111068\/#primaryimage"},"thumbnailUrl":"https:\/\/i0.wp.com\/www.joyana.fr\/wp-content\/uploads\/2012\/10\/HOPITAL-CAROUSSEL_DECO_DESIGN_NOV_2011.jpg?fit=1500%2C320&ssl=1","keywords":["Architecture","France","H\u00f4pital","Lille"],"articleSection":["ARCHITECTURE","DECO-DESIGN","France"],"inLanguage":"ja","potentialAction":[{"@type":"CommentAction","name":"Comment","target":["https:\/\/www.joyana.fr\/ja\/hopital-prive-de-villeneuve-dascq-jean-philippe-pargade\/111068\/#respond"]}]},{"@type":"WebPage","@id":"https:\/\/www.joyana.fr\/ja\/hopital-prive-de-villeneuve-dascq-jean-philippe-pargade\/111068\/","url":"https:\/\/www.joyana.fr\/ja\/hopital-prive-de-villeneuve-dascq-jean-philippe-pargade\/111068\/","name":"H\u00f4pital Priv\u00e9 de Villeneuve D'Ascq par Jean-Philippe PARGADE - JO YANA","isPartOf":{"@id":"https:\/\/joyana.fr\/#website"},"primaryImageOfPage":{"@id":"https:\/\/www.joyana.fr\/ja\/hopital-prive-de-villeneuve-dascq-jean-philippe-pargade\/111068\/#primaryimage"},"image":{"@id":"https:\/\/www.joyana.fr\/ja\/hopital-prive-de-villeneuve-dascq-jean-philippe-pargade\/111068\/#primaryimage"},"thumbnailUrl":"https:\/\/i0.wp.com\/www.joyana.fr\/wp-content\/uploads\/2012\/10\/HOPITAL-CAROUSSEL_DECO_DESIGN_NOV_2011.jpg?fit=1500%2C320&ssl=1","datePublished":"2012-10-23T16:23:27+00:00","breadcrumb":{"@id":"https:\/\/www.joyana.fr\/ja\/hopital-prive-de-villeneuve-dascq-jean-philippe-pargade\/111068\/#breadcrumb"},"inLanguage":"ja","potentialAction":[{"@type":"ReadAction","target":["https:\/\/www.joyana.fr\/ja\/hopital-prive-de-villeneuve-dascq-jean-philippe-pargade\/111068\/"]}]},{"@type":"ImageObject","inLanguage":"ja","@id":"https:\/\/www.joyana.fr\/ja\/hopital-prive-de-villeneuve-dascq-jean-philippe-pargade\/111068\/#primaryimage","url":"https:\/\/i0.wp.com\/www.joyana.fr\/wp-content\/uploads\/2012\/10\/HOPITAL-CAROUSSEL_DECO_DESIGN_NOV_2011.jpg?fit=1500%2C320&ssl=1","contentUrl":"https:\/\/i0.wp.com\/www.joyana.fr\/wp-content\/uploads\/2012\/10\/HOPITAL-CAROUSSEL_DECO_DESIGN_NOV_2011.jpg?fit=1500%2C320&ssl=1","width":1500,"height":320},{"@type":"BreadcrumbList","@id":"https:\/\/www.joyana.fr\/ja\/hopital-prive-de-villeneuve-dascq-jean-philippe-pargade\/111068\/#breadcrumb","itemListElement":[{"@type":"ListItem","position":1,"name":"Accueil","item":"https:\/\/joyana.fr\/"},{"@type":"ListItem","position":2,"name":"H\u00f4pital Priv\u00e9 de Villeneuve D&#8217;Ascq par Jean-Philippe PARGADE"}]},{"@type":"WebSite","@id":"https:\/\/joyana.fr\/#website","url":"https:\/\/joyana.fr\/","name":"JO YANA","description":"Blog Mode Homme, Lifestyle, D\u00e9co-Design","publisher":{"@id":"https:\/\/joyana.fr\/#\/schema\/person\/cf2a1ad12a27c12c21801075bf37407c"},"potentialAction":[{"@type":"SearchAction","target":{"@type":"EntryPoint","urlTemplate":"https:\/\/joyana.fr\/?s={search_term_string}"},"query-input":{"@type":"PropertyValueSpecification","valueRequired":true,"valueName":"search_term_string"}}],"inLanguage":"ja"},{"@type":["Person","Organization"],"@id":"https:\/\/joyana.fr\/#\/schema\/person\/cf2a1ad12a27c12c21801075bf37407c","name":"Jo Yana","image":{"@type":"ImageObject","inLanguage":"ja","@id":"https:\/\/joyana.fr\/#\/schema\/person\/image\/","url":"https:\/\/i0.wp.com\/www.joyana.fr\/wp-content\/uploads\/2016\/08\/cropped-joyana-logo-black-360x180.png?fit=343%2C164&ssl=1","contentUrl":"https:\/\/i0.wp.com\/www.joyana.fr\/wp-content\/uploads\/2016\/08\/cropped-joyana-logo-black-360x180.png?fit=343%2C164&ssl=1","width":343,"height":164,"caption":"Jo Yana"},"logo":{"@id":"https:\/\/joyana.fr\/#\/schema\/person\/image\/"},"description":"Jo Yana est le cr\u00e9ateur et r\u00e9dacteur en chef des sites DECO-DESIGN. Passionn\u00e9 de Design, Mode, Photo, Luxe, Lifestyle, Musique, mais avant tout Blogueur ! Le plaisir de partager l'anime et a comme devise \"POUR L'AMOUR DU BEAU\". Retrouvez le aussi sur son blog personnel - https:\/\/joyana.fr...","sameAs":["https:\/\/joyana.fr\/"],"url":"https:\/\/www.joyana.fr\/ja\/author\/joyana\/"}]}},"author_meta":{"display_name":"Jo Yana","author_link":"https:\/\/www.joyana.fr\/ja\/author\/joyana\/"},"featured_img":"https:\/\/i0.wp.com\/www.joyana.fr\/wp-content\/uploads\/2012\/10\/HOPITAL-CAROUSSEL_DECO_DESIGN_NOV_2011.jpg?fit=389%2C83&ssl=1","featured_image_src":"https:\/\/i0.wp.com\/www.joyana.fr\/wp-content\/uploads\/2012\/10\/HOPITAL-CAROUSSEL_DECO_DESIGN_NOV_2011.jpg?resize=600%2C320&ssl=1","featured_image_src_square":"https:\/\/i0.wp.com\/www.joyana.fr\/wp-content\/uploads\/2012\/10\/HOPITAL-CAROUSSEL_DECO_DESIGN_NOV_2011.jpg?resize=600%2C320&ssl=1","jetpack_featured_media_url":"https:\/\/i0.wp.com\/www.joyana.fr\/wp-content\/uploads\/2012\/10\/HOPITAL-CAROUSSEL_DECO_DESIGN_NOV_2011.jpg?fit=1500%2C320&ssl=1","uagb_featured_image_src":{"full":["https:\/\/i0.wp.com\/www.joyana.fr\/wp-content\/uploads\/2012\/10\/HOPITAL-CAROUSSEL_DECO_DESIGN_NOV_2011.jpg?fit=1500%2C320&ssl=1",1500,320,false],"thumbnail":["https:\/\/i0.wp.com\/www.joyana.fr\/wp-content\/uploads\/2012\/10\/HOPITAL-CAROUSSEL_DECO_DESIGN_NOV_2011.jpg?resize=150%2C150&ssl=1",150,150,true],"medium":["https:\/\/i0.wp.com\/www.joyana.fr\/wp-content\/uploads\/2012\/10\/HOPITAL-CAROUSSEL_DECO_DESIGN_NOV_2011.jpg?fit=389%2C83&ssl=1",389,83,true],"medium_large":["https:\/\/i0.wp.com\/www.joyana.fr\/wp-content\/uploads\/2012\/10\/HOPITAL-CAROUSSEL_DECO_DESIGN_NOV_2011.jpg?fit=768%2C164&ssl=1",768,164,true],"large":["https:\/\/i0.wp.com\/www.joyana.fr\/wp-content\/uploads\/2012\/10\/HOPITAL-CAROUSSEL_DECO_DESIGN_NOV_2011.jpg?fit=1024%2C218&ssl=1",1024,218,true],"1536x1536":["https:\/\/i0.wp.com\/www.joyana.fr\/wp-content\/uploads\/2012\/10\/HOPITAL-CAROUSSEL_DECO_DESIGN_NOV_2011.jpg?fit=1500%2C320&ssl=1",1500,320,true],"2048x2048":["https:\/\/i0.wp.com\/www.joyana.fr\/wp-content\/uploads\/2012\/10\/HOPITAL-CAROUSSEL_DECO_DESIGN_NOV_2011.jpg?fit=1500%2C320&ssl=1",1500,320,true],"featured-thumb":["https:\/\/i0.wp.com\/www.joyana.fr\/wp-content\/uploads\/2012\/10\/HOPITAL-CAROUSSEL_DECO_DESIGN_NOV_2011.jpg?resize=1500%2C320&ssl=1",1500,320,true],"ab-block-post-grid-landscape":["https:\/\/i0.wp.com\/www.joyana.fr\/wp-content\/uploads\/2012\/10\/HOPITAL-CAROUSSEL_DECO_DESIGN_NOV_2011.jpg?resize=600%2C320&ssl=1",600,320,true],"ab-block-post-grid-square":["https:\/\/i0.wp.com\/www.joyana.fr\/wp-content\/uploads\/2012\/10\/HOPITAL-CAROUSSEL_DECO_DESIGN_NOV_2011.jpg?resize=600%2C320&ssl=1",600,320,true],"author-pro-image":["https:\/\/i0.wp.com\/www.joyana.fr\/wp-content\/uploads\/2012\/10\/HOPITAL-CAROUSSEL_DECO_DESIGN_NOV_2011.jpg?resize=360%2C320&ssl=1",360,320,true],"slider":["https:\/\/i0.wp.com\/www.joyana.fr\/wp-content\/uploads\/2012\/10\/HOPITAL-CAROUSSEL_DECO_DESIGN_NOV_2011.jpg?resize=920%2C320&ssl=1",920,320,true],"woocommerce_thumbnail":["https:\/\/i0.wp.com\/www.joyana.fr\/wp-content\/uploads\/2012\/10\/HOPITAL-CAROUSSEL_DECO_DESIGN_NOV_2011.jpg?resize=450%2C320&ssl=1",450,320,true],"woocommerce_single":["https:\/\/i0.wp.com\/www.joyana.fr\/wp-content\/uploads\/2012\/10\/HOPITAL-CAROUSSEL_DECO_DESIGN_NOV_2011.jpg?fit=920%2C196&ssl=1",920,196,true],"woocommerce_gallery_thumbnail":["https:\/\/i0.wp.com\/www.joyana.fr\/wp-content\/uploads\/2012\/10\/HOPITAL-CAROUSSEL_DECO_DESIGN_NOV_2011.jpg?resize=180%2C180&ssl=1",180,180,true],"sow-carousel-default":["https:\/\/i0.wp.com\/www.joyana.fr\/wp-content\/uploads\/2012\/10\/HOPITAL-CAROUSSEL_DECO_DESIGN_NOV_2011.jpg?resize=272%2C182&ssl=1",272,182,true]},"uagb_author_info":{"display_name":"Jo Yana","author_link":"https:\/\/www.joyana.fr\/ja\/author\/joyana\/"},"uagb_comment_info":2,"uagb_excerpt":"L&#8217;H\u00f4pital Priv\u00e9 de Villeneuve d&#8217;Ascq et l&#&hellip;","coauthors":[],"tax_additional":{"categories":{"linked":["<a href=\"https:\/\/www.joyana.fr\/ja\/category\/portfolio\/architecture\/\" class=\"advgb-post-tax-term\">ARCHITECTURE<\/a>","<a href=\"https:\/\/www.joyana.fr\/ja\/category\/deco-design\/\" class=\"advgb-post-tax-term\">DECO-DESIGN<\/a>","<a href=\"https:\/\/www.joyana.fr\/ja\/category\/deco-design\/architecture-deco-design\/pays\/france\/\" class=\"advgb-post-tax-term\">France<\/a>"],"unlinked":["<span class=\"advgb-post-tax-term\">ARCHITECTURE<\/span>","<span class=\"advgb-post-tax-term\">DECO-DESIGN<\/span>","<span class=\"advgb-post-tax-term\">France<\/span>"]},"tags":{"linked":["<a href=\"https:\/\/www.joyana.fr\/ja\/category\/deco-design\/architecture-deco-design\/pays\/france\/\" class=\"advgb-post-tax-term\">Architecture<\/a>","<a href=\"https:\/\/www.joyana.fr\/ja\/category\/deco-design\/architecture-deco-design\/pays\/france\/\" class=\"advgb-post-tax-term\">France<\/a>","<a href=\"https:\/\/www.joyana.fr\/ja\/category\/deco-design\/architecture-deco-design\/pays\/france\/\" class=\"advgb-post-tax-term\">H\u00f4pital<\/a>","<a href=\"https:\/\/www.joyana.fr\/ja\/category\/deco-design\/architecture-deco-design\/pays\/france\/\" class=\"advgb-post-tax-term\">Lille<\/a>"],"unlinked":["<span class=\"advgb-post-tax-term\">Architecture<\/span>","<span class=\"advgb-post-tax-term\">France<\/span>","<span class=\"advgb-post-tax-term\">H\u00f4pital<\/span>","<span class=\"advgb-post-tax-term\">Lille<\/span>"]}},"comment_count":0,"relative_dates":{"created":"Posted 14\u5e74 ago","modified":"Updated 14\u5e74 ago"},"absolute_dates":{"created":"Posted on 23 10\u6708 2012","modified":"Updated on 23 10\u6708 2012"},"absolute_dates_time":{"created":"Posted on 23 10\u6708 2012 17:23","modified":"Updated on 23 10\u6708 2012 17:23"},"featured_img_caption":"","series_order":"","jetpack_sharing_enabled":true,"jetpack_shortlink":"https:\/\/wp.me\/p9bteI-sTq","jetpack-related-posts":[],"_links":{"self":[{"href":"https:\/\/www.joyana.fr\/ja\/wp-json\/wp\/v2\/posts\/111068","targetHints":{"allow":["GET"]}}],"collection":[{"href":"https:\/\/www.joyana.fr\/ja\/wp-json\/wp\/v2\/posts"}],"about":[{"href":"https:\/\/www.joyana.fr\/ja\/wp-json\/wp\/v2\/types\/post"}],"author":[{"embeddable":true,"href":"https:\/\/www.joyana.fr\/ja\/wp-json\/wp\/v2\/users\/3"}],"replies":[{"embeddable":true,"href":"https:\/\/www.joyana.fr\/ja\/wp-json\/wp\/v2\/comments?post=111068"}],"version-history":[{"count":0,"href":"https:\/\/www.joyana.fr\/ja\/wp-json\/wp\/v2\/posts\/111068\/revisions"}],"wp:featuredmedia":[{"embeddable":true,"href":"https:\/\/www.joyana.fr\/ja\/wp-json\/wp\/v2\/media\/111079"}],"wp:attachment":[{"href":"https:\/\/www.joyana.fr\/ja\/wp-json\/wp\/v2\/media?parent=111068"}],"wp:term":[{"taxonomy":"category","embeddable":true,"href":"https:\/\/www.joyana.fr\/ja\/wp-json\/wp\/v2\/categories?post=111068"},{"taxonomy":"post_tag","embeddable":true,"href":"https:\/\/www.joyana.fr\/ja\/wp-json\/wp\/v2\/tags?post=111068"}],"curies":[{"name":"wp","href":"https:\/\/api.w.org\/{rel}","templated":true}]}}