{"id":110061,"date":"2012-06-25T12:41:04","date_gmt":"2012-06-25T11:41:04","guid":{"rendered":"https:\/\/joyana.fr\/?p=10061"},"modified":"2012-06-25T12:41:04","modified_gmt":"2012-06-25T11:41:04","slug":"salon-business-air-france-brandimage-noe-duchaufour-lawrance","status":"publish","type":"post","link":"https:\/\/www.joyana.fr\/ja\/salon-business-air-france-brandimage-noe-duchaufour-lawrance\/110061\/","title":{"rendered":"Salon Business AIR FRANCE par No\u00e9 DUCHAUFOUR-LAWRANCE"},"content":{"rendered":"<p>Apr\u00e8s <a title=\"LE CIEL DE PARIS \" href=\"https:\/\/joyana.fr\/restaurant-ciel-de-paris-par-noe-duchaufour-lawrance\/10039\/\" target=\"_blank\">LE CIEL DE PARIS<\/a> tr\u00e8s r\u00e9cemment, <strong>No\u00e9 Duchaufour-Lawarance<\/strong> signe &#8211; en partenariat avec <strong>BRANDIMAGE<\/strong> &#8211; le nouveau <strong>salon business AIR FRANCE<\/strong>&#8230;<\/p>\n<p><img data-recalc-dims=\"1\" fetchpriority=\"high\" decoding=\"async\" class=\"alignnone size-full wp-image-10062\" title=\"Salon Affaires AIR FRANCE par No\u00e9 DUCHAUFOUR-LAWRANCE\" src=\"https:\/\/i0.wp.com\/joyana.fr\/wp-content\/uploads\/air-france-Accueil_RVB_lowDef.jpg?resize=576%2C384&#038;ssl=1\" alt=\"\" width=\"576\" height=\"384\" \/><\/p>\n<p><a title=\"No\u00e9 DUCHAUFOUR-LAWRANCE\" href=\"https:\/\/joyana.fr\/category\/designer\/noe-duchaufour-lawrance\/\" target=\"_blank\"><strong>No\u00e9 Duchaufour-Lawrance<\/strong><\/a> expose sa vision innovante du bien-\u00eatre des voyageurs sur une superficie de plus de 3000m2, o\u00f9 il imagine le nouveau <strong>salon business AIR FRANCE<\/strong> &#8211; situ\u00e9 dans le satellite d&#8217;embarquement S4 de Paris-Charles de Gaulle&#8230;<\/p>\n<p>Fid\u00e8le partenaire d\u2019<strong>AIR FRANCE<\/strong>, l\u2019agence <a title=\"brand image\" href=\"http:\/\/www.brand-image.fr\/fr\/\" target=\"_blank\"><strong>BRANDIMAGE<\/strong><\/a> a imagin\u00e9 ce salon comme une promenade harmonieuse, proposant une d\u00e9couverte fluide des espaces et services, pr\u00e9lude d\u2019un voyage empreint de s\u00e9r\u00e9nit\u00e9. Inspir\u00e9 d\u2019un parc, le nouveau salon offre une r\u00e9elle rupture avec l\u2019environnement de l\u2019<strong>a\u00e9roport<\/strong> !!!<\/p>\n<p><img data-recalc-dims=\"1\" decoding=\"async\" data-attachment-id=\"10070\" data-permalink=\"https:\/\/www.joyana.fr\/ja\/hype-floral-illustrations-by-careaux\/10069\/floral-illustrations-of-iconic-logos-by-careaux-1\/\" data-orig-file=\"https:\/\/i0.wp.com\/www.joyana.fr\/wp-content\/uploads\/2014\/09\/floral-illustrations-of-iconic-logos-by-careaux-1.jpg?fit=1280%2C853&amp;ssl=1\" data-orig-size=\"1280,853\" data-comments-opened=\"1\" data-image-meta=\"{&quot;aperture&quot;:&quot;0&quot;,&quot;credit&quot;:&quot;&quot;,&quot;camera&quot;:&quot;&quot;,&quot;caption&quot;:&quot;&quot;,&quot;created_timestamp&quot;:&quot;0&quot;,&quot;copyright&quot;:&quot;&quot;,&quot;focal_length&quot;:&quot;0&quot;,&quot;iso&quot;:&quot;0&quot;,&quot;shutter_speed&quot;:&quot;0&quot;,&quot;title&quot;:&quot;&quot;,&quot;orientation&quot;:&quot;0&quot;}\" data-image-title=\"floral-illustrations-of-iconic-logos-by-careaux-1\" data-image-description=\"\" data-image-caption=\"\" data-medium-file=\"https:\/\/i0.wp.com\/www.joyana.fr\/wp-content\/uploads\/2014\/09\/floral-illustrations-of-iconic-logos-by-careaux-1.jpg?fit=389%2C259&amp;ssl=1\" data-large-file=\"https:\/\/i0.wp.com\/www.joyana.fr\/wp-content\/uploads\/2014\/09\/floral-illustrations-of-iconic-logos-by-careaux-1.jpg?fit=1024%2C682&amp;ssl=1\" class=\"alignnone size-full wp-image-10070\" title=\"Salon Affaires AIR FRANCE par No\u00e9 DUCHAUFOUR-LAWRANCE\" src=\"https:\/\/i0.wp.com\/joyana.fr\/wp-content\/uploads\/air-france-noe-Espace-Restauration-1.jpg?resize=576%2C727&#038;ssl=1\" alt=\"\" width=\"576\" height=\"727\" \/><\/p>\n<p><img data-recalc-dims=\"1\" decoding=\"async\" data-attachment-id=\"10071\" data-permalink=\"https:\/\/www.joyana.fr\/ja\/hype-floral-illustrations-by-careaux\/10069\/floral-illustrations-of-iconic-logos-by-careaux-2\/\" data-orig-file=\"https:\/\/i0.wp.com\/www.joyana.fr\/wp-content\/uploads\/2014\/09\/floral-illustrations-of-iconic-logos-by-careaux-2.jpg?fit=1280%2C853&amp;ssl=1\" data-orig-size=\"1280,853\" data-comments-opened=\"1\" data-image-meta=\"{&quot;aperture&quot;:&quot;0&quot;,&quot;credit&quot;:&quot;&quot;,&quot;camera&quot;:&quot;&quot;,&quot;caption&quot;:&quot;&quot;,&quot;created_timestamp&quot;:&quot;0&quot;,&quot;copyright&quot;:&quot;&quot;,&quot;focal_length&quot;:&quot;0&quot;,&quot;iso&quot;:&quot;0&quot;,&quot;shutter_speed&quot;:&quot;0&quot;,&quot;title&quot;:&quot;&quot;,&quot;orientation&quot;:&quot;0&quot;}\" data-image-title=\"floral-illustrations-of-iconic-logos-by-careaux-2\" data-image-description=\"\" data-image-caption=\"\" data-medium-file=\"https:\/\/i0.wp.com\/www.joyana.fr\/wp-content\/uploads\/2014\/09\/floral-illustrations-of-iconic-logos-by-careaux-2.jpg?fit=389%2C259&amp;ssl=1\" data-large-file=\"https:\/\/i0.wp.com\/www.joyana.fr\/wp-content\/uploads\/2014\/09\/floral-illustrations-of-iconic-logos-by-careaux-2.jpg?fit=1024%2C682&amp;ssl=1\" class=\"alignnone size-full wp-image-10071\" title=\"Salon Affaires AIR FRANCE par No\u00e9 DUCHAUFOUR-LAWRANCE\" src=\"https:\/\/i0.wp.com\/joyana.fr\/wp-content\/uploads\/AIR-FRANCE-NOE-Espace-Restauration-3_RVB_lowD.jpg?resize=576%2C384&#038;ssl=1\" alt=\"\" width=\"576\" height=\"384\" \/><\/p>\n<p><img data-recalc-dims=\"1\" loading=\"lazy\" decoding=\"async\" class=\"alignnone size-full wp-image-10064\" title=\"Salon Affaires AIR FRANCE par No\u00e9 DUCHAUFOUR-LAWRANCE\" src=\"https:\/\/i0.wp.com\/joyana.fr\/wp-content\/uploads\/AIR-FRANCE-NOE-DUCHAUFOUR-Espace-Restauration-5.jpg?resize=576%2C387&#038;ssl=1\" alt=\"\" width=\"576\" height=\"387\" \/><\/p>\n<p>Le concept architectural a \u00e9t\u00e9 d\u00e9velopp\u00e9 autour d\u2019une r\u00e9interpr\u00e9tation contemporaine du vocabulaire v\u00e9g\u00e9tal. Formes, mat\u00e9riaux et couleurs (gammes de gr\u00e8ges, verts et ocres) \u00e9voquent l&#8217;univers organique. Lumi\u00e8res dor\u00e9es, bois perfor\u00e9, pointillisme v\u00e9g\u00e9tal, cuir surpiqu\u00e9, corian sculpt\u00e9, palette color\u00e9e, ambiance feutr\u00e9e, tout est nature,<br \/>\nnaturellement&#8230; Le <strong>nouveau salon business AIR FRANCE<\/strong> a \u00e9t\u00e9 soigneusement \u00e9tudi\u00e9 autour d\u2019une palette de services d\u2019un lounge haut de gamme : Restaurant, Espace D\u00e9tente, Espace Web, Espace VIP&#8230;<\/p>\n<p><img data-recalc-dims=\"1\" loading=\"lazy\" decoding=\"async\" data-attachment-id=\"10073\" data-permalink=\"https:\/\/www.joyana.fr\/ja\/hype-floral-illustrations-by-careaux\/10069\/floral-illustrations-of-iconic-logos-by-careaux-4\/\" data-orig-file=\"https:\/\/i0.wp.com\/www.joyana.fr\/wp-content\/uploads\/2014\/09\/floral-illustrations-of-iconic-logos-by-careaux-4.jpg?fit=1280%2C853&amp;ssl=1\" data-orig-size=\"1280,853\" data-comments-opened=\"1\" data-image-meta=\"{&quot;aperture&quot;:&quot;0&quot;,&quot;credit&quot;:&quot;&quot;,&quot;camera&quot;:&quot;&quot;,&quot;caption&quot;:&quot;&quot;,&quot;created_timestamp&quot;:&quot;0&quot;,&quot;copyright&quot;:&quot;&quot;,&quot;focal_length&quot;:&quot;0&quot;,&quot;iso&quot;:&quot;0&quot;,&quot;shutter_speed&quot;:&quot;0&quot;,&quot;title&quot;:&quot;&quot;,&quot;orientation&quot;:&quot;0&quot;}\" data-image-title=\"floral-illustrations-of-iconic-logos-by-careaux-4\" data-image-description=\"\" data-image-caption=\"\" data-medium-file=\"https:\/\/i0.wp.com\/www.joyana.fr\/wp-content\/uploads\/2014\/09\/floral-illustrations-of-iconic-logos-by-careaux-4.jpg?fit=389%2C259&amp;ssl=1\" data-large-file=\"https:\/\/i0.wp.com\/www.joyana.fr\/wp-content\/uploads\/2014\/09\/floral-illustrations-of-iconic-logos-by-careaux-4.jpg?fit=1024%2C682&amp;ssl=1\" class=\"alignnone size-full wp-image-10073\" title=\"Salon Affaires AIR FRANCE par No\u00e9 DUCHAUFOUR-LAWRANCE\" src=\"https:\/\/i0.wp.com\/joyana.fr\/wp-content\/uploads\/air-france-noe-Espace-Web-3_RVB_lowD.jpg?resize=576%2C384&#038;ssl=1\" alt=\"\" width=\"576\" height=\"384\" \/><\/p>\n<p><img data-recalc-dims=\"1\" loading=\"lazy\" decoding=\"async\" class=\"alignnone size-full wp-image-10066\" title=\"Salon Affaires AIR FRANCE par No\u00e9 DUCHAUFOUR-LAWRANCE\" src=\"https:\/\/i0.wp.com\/joyana.fr\/wp-content\/uploads\/AIR-FRANCE-NOE-Espace-Detente-5_RVB_lowD.jpg?resize=576%2C384&#038;ssl=1\" alt=\"\" width=\"576\" height=\"384\" \/><\/p>\n<p><img data-recalc-dims=\"1\" loading=\"lazy\" decoding=\"async\" class=\"alignnone size-full wp-image-10067\" title=\"Salon Affaires AIR FRANCE par No\u00e9 DUCHAUFOUR-LAWRANCE\" src=\"https:\/\/i0.wp.com\/joyana.fr\/wp-content\/uploads\/AIR-FRANCE-NOE-Espace-Detente-12.jpg?resize=576%2C471&#038;ssl=1\" alt=\"\" width=\"576\" height=\"471\" \/><\/p>\n<p><img data-recalc-dims=\"1\" loading=\"lazy\" decoding=\"async\" class=\"alignnone size-full wp-image-10068\" title=\"Salon Affaires AIR FRANCE par No\u00e9 DUCHAUFOUR-LAWRANCE\" src=\"https:\/\/i0.wp.com\/joyana.fr\/wp-content\/uploads\/AIR-FRANCE-NOE-Espace-Detente-13_RVB_lowD.jpg?resize=576%2C384&#038;ssl=1\" alt=\"\" width=\"576\" height=\"384\" \/><\/p>\n<p><img data-recalc-dims=\"1\" loading=\"lazy\" decoding=\"async\" class=\"alignnone size-full wp-image-10069\" title=\"Salon Affaires AIR FRANCE par No\u00e9 DUCHAUFOUR-LAWRANCE\" src=\"https:\/\/i0.wp.com\/joyana.fr\/wp-content\/uploads\/AIR-FRANCE-NOE-Espace-Detente-17.jpg?resize=576%2C351&#038;ssl=1\" alt=\"\" width=\"576\" height=\"351\" \/><\/p>\n<p><img data-recalc-dims=\"1\" loading=\"lazy\" decoding=\"async\" class=\"alignnone size-full wp-image-10065\" title=\"Salon Affaires AIR FRANCE par No\u00e9 DUCHAUFOUR-LAWRANCE\" src=\"https:\/\/i0.wp.com\/joyana.fr\/wp-content\/uploads\/AIR-FRANCE-NOE-DUCHAUFOUR-Espace-Service-1.jpg?resize=576%2C540&#038;ssl=1\" alt=\"\" width=\"576\" height=\"540\" \/><\/p>\n<p><img data-recalc-dims=\"1\" loading=\"lazy\" decoding=\"async\" data-attachment-id=\"10072\" data-permalink=\"https:\/\/www.joyana.fr\/ja\/hype-floral-illustrations-by-careaux\/10069\/floral-illustrations-of-iconic-logos-by-careaux-3\/\" data-orig-file=\"https:\/\/i0.wp.com\/www.joyana.fr\/wp-content\/uploads\/2014\/09\/floral-illustrations-of-iconic-logos-by-careaux-3.jpg?fit=1280%2C853&amp;ssl=1\" data-orig-size=\"1280,853\" data-comments-opened=\"1\" data-image-meta=\"{&quot;aperture&quot;:&quot;0&quot;,&quot;credit&quot;:&quot;&quot;,&quot;camera&quot;:&quot;&quot;,&quot;caption&quot;:&quot;&quot;,&quot;created_timestamp&quot;:&quot;0&quot;,&quot;copyright&quot;:&quot;&quot;,&quot;focal_length&quot;:&quot;0&quot;,&quot;iso&quot;:&quot;0&quot;,&quot;shutter_speed&quot;:&quot;0&quot;,&quot;title&quot;:&quot;&quot;,&quot;orientation&quot;:&quot;0&quot;}\" data-image-title=\"floral-illustrations-of-iconic-logos-by-careaux-3\" data-image-description=\"\" data-image-caption=\"\" data-medium-file=\"https:\/\/i0.wp.com\/www.joyana.fr\/wp-content\/uploads\/2014\/09\/floral-illustrations-of-iconic-logos-by-careaux-3.jpg?fit=389%2C259&amp;ssl=1\" data-large-file=\"https:\/\/i0.wp.com\/www.joyana.fr\/wp-content\/uploads\/2014\/09\/floral-illustrations-of-iconic-logos-by-careaux-3.jpg?fit=1024%2C682&amp;ssl=1\" class=\"alignnone size-full wp-image-10072\" title=\"Salon Affaires AIR FRANCE par No\u00e9 DUCHAUFOUR-LAWRANCE\" src=\"https:\/\/i0.wp.com\/joyana.fr\/wp-content\/uploads\/air-france-noe-Espace-VIP-3_RVB_lowD.jpg?resize=576%2C538&#038;ssl=1\" alt=\"\" width=\"576\" height=\"538\" \/><\/p>\n<p><img data-recalc-dims=\"1\" loading=\"lazy\" decoding=\"async\" class=\"alignnone size-full wp-image-10063\" title=\"Salon Affaires AIR FRANCE par No\u00e9 DUCHAUFOUR-LAWRANCE\" src=\"https:\/\/i0.wp.com\/joyana.fr\/wp-content\/uploads\/air-france-noe-Cloisons.jpg?resize=576%2C864&#038;ssl=1\" alt=\"\" width=\"576\" height=\"864\" \/><\/p>\n<p>En savoir + sur <a title=\"AIR FRANCE\" href=\"http:\/\/www.airfrance.fr\/cgi-bin\/AF\/FR\/fr\/common\/home\/vols\/billet-avion.do\" target=\"_blank\"><strong>AIR FRANCE<\/strong><\/a> &#038; <a title=\"NOE DUCHAUFOUR LAWRANCE\" href=\"http:\/\/www.noeduchaufourlawrance.com\/\" target=\"_blank\"><strong>No\u00e9 DUCHAUFOUR-LAWRANCE<\/strong><\/a><\/p>\n<p>&nbsp;<\/p>\n","protected":false},"excerpt":{"rendered":"<p>Apr\u00e8s LE CIEL DE PARIS tr\u00e8s r\u00e9cemment, No\u00e9 Duchaufour-Lawarance signe &#8211; en partenariat avec BRANDIMAGE &#038; [&hellip;]<\/p>\n","protected":false},"author":3,"featured_media":110079,"comment_status":"open","ping_status":"open","sticky":false,"template":"","format":"standard","meta":{"_coblocks_attr":"","_coblocks_dimensions":"","_coblocks_responsive_height":"","_coblocks_accordion_ie_support":"","_uag_custom_page_level_css":"","advgb_blocks_editor_width":"","advgb_blocks_columns_visual_guide":"","_genesis_hide_title":false,"_genesis_hide_breadcrumbs":false,"_genesis_hide_singular_image":false,"_genesis_hide_footer_widgets":false,"_genesis_custom_body_class":"","_genesis_custom_post_class":"","_genesis_layout":"","_themeisle_gutenberg_block_has_review":false,"_jetpack_newsletter_access":"","_jetpack_dont_email_post_to_subs":false,"_jetpack_newsletter_tier_id":0,"_jetpack_memberships_contains_paywalled_content":false,"_jetpack_memberships_contains_paid_content":false,"footnotes":""},"categories":[71,905,1039,1079],"tags":[919,501],"class_list":{"0":"post-110061","1":"post","2":"type-post","3":"status-publish","4":"format-standard","5":"has-post-thumbnail","7":"category-architecture","8":"category-deco-design","9":"category-france","10":"category-noe-duchaufour-lawrance","11":"tag-architecte","12":"tag-architecture-2","13":"entry"},"featured_image_urls":{"full":["https:\/\/i0.wp.com\/www.joyana.fr\/wp-content\/uploads\/old\/air-france-CAROUSSEL_DECO_DESIGN_NOV_2011.jpg?fit=1500%2C320&ssl=1",1500,320,false],"thumbnail":["https:\/\/i0.wp.com\/www.joyana.fr\/wp-content\/uploads\/old\/air-france-CAROUSSEL_DECO_DESIGN_NOV_2011.jpg?resize=150%2C150&ssl=1",150,150,true],"medium":["https:\/\/i0.wp.com\/www.joyana.fr\/wp-content\/uploads\/old\/air-france-CAROUSSEL_DECO_DESIGN_NOV_2011.jpg?fit=389%2C83&ssl=1",389,83,true],"medium_large":["https:\/\/i0.wp.com\/www.joyana.fr\/wp-content\/uploads\/old\/air-france-CAROUSSEL_DECO_DESIGN_NOV_2011.jpg?fit=768%2C164&ssl=1",768,164,true],"large":["https:\/\/i0.wp.com\/www.joyana.fr\/wp-content\/uploads\/old\/air-france-CAROUSSEL_DECO_DESIGN_NOV_2011.jpg?fit=1024%2C218&ssl=1",1024,218,true],"1536x1536":["https:\/\/i0.wp.com\/www.joyana.fr\/wp-content\/uploads\/old\/air-france-CAROUSSEL_DECO_DESIGN_NOV_2011.jpg?fit=1500%2C320&ssl=1",1500,320,true],"2048x2048":["https:\/\/i0.wp.com\/www.joyana.fr\/wp-content\/uploads\/old\/air-france-CAROUSSEL_DECO_DESIGN_NOV_2011.jpg?fit=1500%2C320&ssl=1",1500,320,true],"featured-thumb":["https:\/\/i0.wp.com\/www.joyana.fr\/wp-content\/uploads\/old\/air-france-CAROUSSEL_DECO_DESIGN_NOV_2011.jpg?resize=1500%2C320&ssl=1",1500,320,true],"ab-block-post-grid-landscape":["https:\/\/i0.wp.com\/www.joyana.fr\/wp-content\/uploads\/old\/air-france-CAROUSSEL_DECO_DESIGN_NOV_2011.jpg?resize=600%2C320&ssl=1",600,320,true],"ab-block-post-grid-square":["https:\/\/i0.wp.com\/www.joyana.fr\/wp-content\/uploads\/old\/air-france-CAROUSSEL_DECO_DESIGN_NOV_2011.jpg?resize=600%2C320&ssl=1",600,320,true],"author-pro-image":["https:\/\/i0.wp.com\/www.joyana.fr\/wp-content\/uploads\/old\/air-france-CAROUSSEL_DECO_DESIGN_NOV_2011.jpg?resize=360%2C320&ssl=1",360,320,true],"slider":["https:\/\/i0.wp.com\/www.joyana.fr\/wp-content\/uploads\/old\/air-france-CAROUSSEL_DECO_DESIGN_NOV_2011.jpg?resize=920%2C320&ssl=1",920,320,true],"woocommerce_thumbnail":["https:\/\/i0.wp.com\/www.joyana.fr\/wp-content\/uploads\/old\/air-france-CAROUSSEL_DECO_DESIGN_NOV_2011.jpg?resize=450%2C320&ssl=1",450,320,true],"woocommerce_single":["https:\/\/i0.wp.com\/www.joyana.fr\/wp-content\/uploads\/old\/air-france-CAROUSSEL_DECO_DESIGN_NOV_2011.jpg?fit=920%2C196&ssl=1",920,196,true],"woocommerce_gallery_thumbnail":["https:\/\/i0.wp.com\/www.joyana.fr\/wp-content\/uploads\/old\/air-france-CAROUSSEL_DECO_DESIGN_NOV_2011.jpg?resize=180%2C180&ssl=1",180,180,true],"sow-carousel-default":["https:\/\/i0.wp.com\/www.joyana.fr\/wp-content\/uploads\/old\/air-france-CAROUSSEL_DECO_DESIGN_NOV_2011.jpg?resize=272%2C182&ssl=1",272,182,true]},"post_excerpt_stackable":"<p>Apr\u00e8s LE CIEL DE PARIS tr\u00e8s r\u00e9cemment, No\u00e9 Duchaufour-Lawarance signe &#8211; en partenariat avec BR&hellip;<\/p>\n","category_list":"<a href=\"https:\/\/www.joyana.fr\/ja\/category\/portfolio\/architecture\/\" rel=\"category tag\">ARCHITECTURE<\/a>, <a href=\"https:\/\/www.joyana.fr\/ja\/category\/deco-design\/\" rel=\"category tag\">DECO-DESIGN<\/a>, <a href=\"https:\/\/www.joyana.fr\/ja\/category\/deco-design\/architecture-deco-design\/pays\/france\/\" rel=\"category tag\">France<\/a>, <a href=\"https:\/\/www.joyana.fr\/ja\/category\/deco-design\/designer\/noe-duchaufour-lawrance\/\" rel=\"category tag\">No\u00e9 DUCHAUFOUR-LAWRANCE<\/a>","author_info":{"display_name":"Jo Yana","author_link":"https:\/\/www.joyana.fr\/ja\/author\/joyana\/"},"comments_num":"1 comment","featured_image_urls_v2":{"full":["https:\/\/i0.wp.com\/www.joyana.fr\/wp-content\/uploads\/old\/air-france-CAROUSSEL_DECO_DESIGN_NOV_2011.jpg?fit=1500%2C320&ssl=1",1500,320,false],"thumbnail":["https:\/\/i0.wp.com\/www.joyana.fr\/wp-content\/uploads\/old\/air-france-CAROUSSEL_DECO_DESIGN_NOV_2011.jpg?resize=150%2C150&ssl=1",150,150,true],"medium":["https:\/\/i0.wp.com\/www.joyana.fr\/wp-content\/uploads\/old\/air-france-CAROUSSEL_DECO_DESIGN_NOV_2011.jpg?fit=389%2C83&ssl=1",389,83,true],"medium_large":["https:\/\/i0.wp.com\/www.joyana.fr\/wp-content\/uploads\/old\/air-france-CAROUSSEL_DECO_DESIGN_NOV_2011.jpg?fit=768%2C164&ssl=1",768,164,true],"large":["https:\/\/i0.wp.com\/www.joyana.fr\/wp-content\/uploads\/old\/air-france-CAROUSSEL_DECO_DESIGN_NOV_2011.jpg?fit=1024%2C218&ssl=1",1024,218,true],"1536x1536":["https:\/\/i0.wp.com\/www.joyana.fr\/wp-content\/uploads\/old\/air-france-CAROUSSEL_DECO_DESIGN_NOV_2011.jpg?fit=1500%2C320&ssl=1",1500,320,true],"2048x2048":["https:\/\/i0.wp.com\/www.joyana.fr\/wp-content\/uploads\/old\/air-france-CAROUSSEL_DECO_DESIGN_NOV_2011.jpg?fit=1500%2C320&ssl=1",1500,320,true],"featured-thumb":["https:\/\/i0.wp.com\/www.joyana.fr\/wp-content\/uploads\/old\/air-france-CAROUSSEL_DECO_DESIGN_NOV_2011.jpg?resize=1500%2C320&ssl=1",1500,320,true],"ab-block-post-grid-landscape":["https:\/\/i0.wp.com\/www.joyana.fr\/wp-content\/uploads\/old\/air-france-CAROUSSEL_DECO_DESIGN_NOV_2011.jpg?resize=600%2C320&ssl=1",600,320,true],"ab-block-post-grid-square":["https:\/\/i0.wp.com\/www.joyana.fr\/wp-content\/uploads\/old\/air-france-CAROUSSEL_DECO_DESIGN_NOV_2011.jpg?resize=600%2C320&ssl=1",600,320,true],"author-pro-image":["https:\/\/i0.wp.com\/www.joyana.fr\/wp-content\/uploads\/old\/air-france-CAROUSSEL_DECO_DESIGN_NOV_2011.jpg?resize=360%2C320&ssl=1",360,320,true],"slider":["https:\/\/i0.wp.com\/www.joyana.fr\/wp-content\/uploads\/old\/air-france-CAROUSSEL_DECO_DESIGN_NOV_2011.jpg?resize=920%2C320&ssl=1",920,320,true],"woocommerce_thumbnail":["https:\/\/i0.wp.com\/www.joyana.fr\/wp-content\/uploads\/old\/air-france-CAROUSSEL_DECO_DESIGN_NOV_2011.jpg?resize=450%2C320&ssl=1",450,320,true],"woocommerce_single":["https:\/\/i0.wp.com\/www.joyana.fr\/wp-content\/uploads\/old\/air-france-CAROUSSEL_DECO_DESIGN_NOV_2011.jpg?fit=920%2C196&ssl=1",920,196,true],"woocommerce_gallery_thumbnail":["https:\/\/i0.wp.com\/www.joyana.fr\/wp-content\/uploads\/old\/air-france-CAROUSSEL_DECO_DESIGN_NOV_2011.jpg?resize=180%2C180&ssl=1",180,180,true],"sow-carousel-default":["https:\/\/i0.wp.com\/www.joyana.fr\/wp-content\/uploads\/old\/air-france-CAROUSSEL_DECO_DESIGN_NOV_2011.jpg?resize=272%2C182&ssl=1",272,182,true]},"post_excerpt_stackable_v2":"<p>Apr\u00e8s LE CIEL DE PARIS tr\u00e8s r\u00e9cemment, No\u00e9 Duchaufour-Lawarance signe &#8211; en partenariat avec BR&hellip;<\/p>\n","category_list_v2":"<a href=\"https:\/\/www.joyana.fr\/ja\/category\/portfolio\/architecture\/\" rel=\"category tag\">ARCHITECTURE<\/a>, <a href=\"https:\/\/www.joyana.fr\/ja\/category\/deco-design\/\" rel=\"category tag\">DECO-DESIGN<\/a>, <a href=\"https:\/\/www.joyana.fr\/ja\/category\/deco-design\/architecture-deco-design\/pays\/france\/\" rel=\"category tag\">France<\/a>, <a href=\"https:\/\/www.joyana.fr\/ja\/category\/deco-design\/designer\/noe-duchaufour-lawrance\/\" rel=\"category tag\">No\u00e9 DUCHAUFOUR-LAWRANCE<\/a>","author_info_v2":{"name":"Jo Yana","url":"https:\/\/www.joyana.fr\/ja\/author\/joyana\/"},"comments_num_v2":"1 comment","yoast_head":"<!-- This site is optimized with the Yoast SEO plugin v26.8 - https:\/\/yoast.com\/product\/yoast-seo-wordpress\/ -->\n<title>Salon Business AIR FRANCE par No\u00e9 DUCHAUFOUR-LAWRANCE - JO YANA<\/title>\n<meta name=\"robots\" content=\"index, follow, max-snippet:-1, max-image-preview:large, max-video-preview:-1\" \/>\n<link rel=\"canonical\" href=\"https:\/\/www.joyana.fr\/ja\/salon-business-air-france-brandimage-noe-duchaufour-lawrance\/110061\/\" \/>\n<meta property=\"og:locale\" content=\"ja_JP\" \/>\n<meta property=\"og:locale:alternate\" content=\"fr_FR\" \/>\n<meta property=\"og:locale:alternate\" content=\"en_US\" \/>\n<meta property=\"og:type\" content=\"article\" \/>\n<meta property=\"og:title\" content=\"Salon Business AIR FRANCE par No\u00e9 DUCHAUFOUR-LAWRANCE - JO YANA\" \/>\n<meta property=\"og:description\" content=\"Apr\u00e8s LE CIEL DE PARIS tr\u00e8s r\u00e9cemment, No\u00e9 Duchaufour-Lawarance signe &#8211; en partenariat avec BRANDIMAGE &amp; [&hellip;]\" \/>\n<meta property=\"og:url\" content=\"https:\/\/www.joyana.fr\/ja\/salon-business-air-france-brandimage-noe-duchaufour-lawrance\/110061\/\" \/>\n<meta property=\"og:site_name\" content=\"JO YANA\" \/>\n<meta property=\"article:published_time\" content=\"2012-06-25T11:41:04+00:00\" \/>\n<meta property=\"og:image\" content=\"https:\/\/www.joyana.fr\/wp-content\/uploads\/old\/air-france-CAROUSSEL_DECO_DESIGN_NOV_2011.jpg\" \/>\n\t<meta property=\"og:image:width\" content=\"1500\" \/>\n\t<meta property=\"og:image:height\" content=\"320\" \/>\n\t<meta property=\"og:image:type\" content=\"image\/jpeg\" \/>\n<meta name=\"author\" content=\"Jo Yana\" \/>\n<meta name=\"twitter:card\" content=\"summary_large_image\" \/>\n<meta name=\"twitter:creator\" content=\"@Jo_Yana\" \/>\n<meta name=\"twitter:site\" content=\"@Jo_Yana\" \/>\n<meta name=\"twitter:label1\" content=\"\u57f7\u7b46\u8005\" \/>\n\t<meta name=\"twitter:data1\" content=\"Jo Yana\" \/>\n\t<meta name=\"twitter:label2\" content=\"\u63a8\u5b9a\u8aad\u307f\u53d6\u308a\u6642\u9593\" \/>\n\t<meta name=\"twitter:data2\" content=\"1\u5206\" \/>\n<script type=\"application\/ld+json\" class=\"yoast-schema-graph\">{\"@context\":\"https:\/\/schema.org\",\"@graph\":[{\"@type\":\"Article\",\"@id\":\"https:\/\/www.joyana.fr\/salon-business-air-france-brandimage-noe-duchaufour-lawrance\/110061\/#article\",\"isPartOf\":{\"@id\":\"https:\/\/www.joyana.fr\/salon-business-air-france-brandimage-noe-duchaufour-lawrance\/110061\/\"},\"author\":{\"name\":\"Jo Yana\",\"@id\":\"https:\/\/joyana.fr\/#\/schema\/person\/cf2a1ad12a27c12c21801075bf37407c\"},\"headline\":\"Salon Business AIR FRANCE par No\u00e9 DUCHAUFOUR-LAWRANCE\",\"datePublished\":\"2012-06-25T11:41:04+00:00\",\"mainEntityOfPage\":{\"@id\":\"https:\/\/www.joyana.fr\/salon-business-air-france-brandimage-noe-duchaufour-lawrance\/110061\/\"},\"wordCount\":223,\"commentCount\":1,\"publisher\":{\"@id\":\"https:\/\/joyana.fr\/#\/schema\/person\/cf2a1ad12a27c12c21801075bf37407c\"},\"image\":{\"@id\":\"https:\/\/www.joyana.fr\/salon-business-air-france-brandimage-noe-duchaufour-lawrance\/110061\/#primaryimage\"},\"thumbnailUrl\":\"https:\/\/i0.wp.com\/www.joyana.fr\/wp-content\/uploads\/old\/air-france-CAROUSSEL_DECO_DESIGN_NOV_2011.jpg?fit=1500%2C320&ssl=1\",\"keywords\":[\"Architecte\",\"Architecture\"],\"articleSection\":[\"ARCHITECTURE\",\"DECO-DESIGN\",\"France\",\"No\u00e9 DUCHAUFOUR-LAWRANCE\"],\"inLanguage\":\"ja\",\"potentialAction\":[{\"@type\":\"CommentAction\",\"name\":\"Comment\",\"target\":[\"https:\/\/www.joyana.fr\/salon-business-air-france-brandimage-noe-duchaufour-lawrance\/110061\/#respond\"]}]},{\"@type\":\"WebPage\",\"@id\":\"https:\/\/www.joyana.fr\/salon-business-air-france-brandimage-noe-duchaufour-lawrance\/110061\/\",\"url\":\"https:\/\/www.joyana.fr\/salon-business-air-france-brandimage-noe-duchaufour-lawrance\/110061\/\",\"name\":\"Salon Business AIR FRANCE par No\u00e9 DUCHAUFOUR-LAWRANCE - JO YANA\",\"isPartOf\":{\"@id\":\"https:\/\/joyana.fr\/#website\"},\"primaryImageOfPage\":{\"@id\":\"https:\/\/www.joyana.fr\/salon-business-air-france-brandimage-noe-duchaufour-lawrance\/110061\/#primaryimage\"},\"image\":{\"@id\":\"https:\/\/www.joyana.fr\/salon-business-air-france-brandimage-noe-duchaufour-lawrance\/110061\/#primaryimage\"},\"thumbnailUrl\":\"https:\/\/i0.wp.com\/www.joyana.fr\/wp-content\/uploads\/old\/air-france-CAROUSSEL_DECO_DESIGN_NOV_2011.jpg?fit=1500%2C320&ssl=1\",\"datePublished\":\"2012-06-25T11:41:04+00:00\",\"breadcrumb\":{\"@id\":\"https:\/\/www.joyana.fr\/salon-business-air-france-brandimage-noe-duchaufour-lawrance\/110061\/#breadcrumb\"},\"inLanguage\":\"ja\",\"potentialAction\":[{\"@type\":\"ReadAction\",\"target\":[\"https:\/\/www.joyana.fr\/salon-business-air-france-brandimage-noe-duchaufour-lawrance\/110061\/\"]}]},{\"@type\":\"ImageObject\",\"inLanguage\":\"ja\",\"@id\":\"https:\/\/www.joyana.fr\/salon-business-air-france-brandimage-noe-duchaufour-lawrance\/110061\/#primaryimage\",\"url\":\"https:\/\/i0.wp.com\/www.joyana.fr\/wp-content\/uploads\/old\/air-france-CAROUSSEL_DECO_DESIGN_NOV_2011.jpg?fit=1500%2C320&ssl=1\",\"contentUrl\":\"https:\/\/i0.wp.com\/www.joyana.fr\/wp-content\/uploads\/old\/air-france-CAROUSSEL_DECO_DESIGN_NOV_2011.jpg?fit=1500%2C320&ssl=1\",\"width\":1500,\"height\":320},{\"@type\":\"BreadcrumbList\",\"@id\":\"https:\/\/www.joyana.fr\/salon-business-air-france-brandimage-noe-duchaufour-lawrance\/110061\/#breadcrumb\",\"itemListElement\":[{\"@type\":\"ListItem\",\"position\":1,\"name\":\"Accueil\",\"item\":\"https:\/\/joyana.fr\/\"},{\"@type\":\"ListItem\",\"position\":2,\"name\":\"Salon Business AIR FRANCE par No\u00e9 DUCHAUFOUR-LAWRANCE\"}]},{\"@type\":\"WebSite\",\"@id\":\"https:\/\/joyana.fr\/#website\",\"url\":\"https:\/\/joyana.fr\/\",\"name\":\"JO YANA\",\"description\":\"Blog Mode Homme, Lifestyle, D\u00e9co-Design\",\"publisher\":{\"@id\":\"https:\/\/joyana.fr\/#\/schema\/person\/cf2a1ad12a27c12c21801075bf37407c\"},\"potentialAction\":[{\"@type\":\"SearchAction\",\"target\":{\"@type\":\"EntryPoint\",\"urlTemplate\":\"https:\/\/joyana.fr\/?s={search_term_string}\"},\"query-input\":{\"@type\":\"PropertyValueSpecification\",\"valueRequired\":true,\"valueName\":\"search_term_string\"}}],\"inLanguage\":\"ja\"},{\"@type\":[\"Person\",\"Organization\"],\"@id\":\"https:\/\/joyana.fr\/#\/schema\/person\/cf2a1ad12a27c12c21801075bf37407c\",\"name\":\"Jo Yana\",\"image\":{\"@type\":\"ImageObject\",\"inLanguage\":\"ja\",\"@id\":\"https:\/\/joyana.fr\/#\/schema\/person\/image\/\",\"url\":\"https:\/\/i0.wp.com\/www.joyana.fr\/wp-content\/uploads\/2016\/08\/cropped-joyana-logo-black-360x180.png?fit=343%2C164&ssl=1\",\"contentUrl\":\"https:\/\/i0.wp.com\/www.joyana.fr\/wp-content\/uploads\/2016\/08\/cropped-joyana-logo-black-360x180.png?fit=343%2C164&ssl=1\",\"width\":343,\"height\":164,\"caption\":\"Jo Yana\"},\"logo\":{\"@id\":\"https:\/\/joyana.fr\/#\/schema\/person\/image\/\"},\"description\":\"Jo Yana est le cr\u00e9ateur et r\u00e9dacteur en chef des sites DECO-DESIGN. Passionn\u00e9 de Design, Mode, Photo, Luxe, Lifestyle, Musique, mais avant tout Blogueur ! Le plaisir de partager l'anime et a comme devise \\\"POUR L'AMOUR DU BEAU\\\". Retrouvez le aussi sur son blog personnel - https:\/\/joyana.fr...\",\"sameAs\":[\"https:\/\/joyana.fr\/\"],\"url\":\"https:\/\/www.joyana.fr\/ja\/author\/joyana\/\"}]}<\/script>\n<!-- \/ Yoast SEO plugin. -->","yoast_head_json":{"title":"Salon Business AIR FRANCE par No\u00e9 DUCHAUFOUR-LAWRANCE - JO YANA","robots":{"index":"index","follow":"follow","max-snippet":"max-snippet:-1","max-image-preview":"max-image-preview:large","max-video-preview":"max-video-preview:-1"},"canonical":"https:\/\/www.joyana.fr\/ja\/salon-business-air-france-brandimage-noe-duchaufour-lawrance\/110061\/","og_locale":"ja_JP","og_type":"article","og_title":"Salon Business AIR FRANCE par No\u00e9 DUCHAUFOUR-LAWRANCE - JO YANA","og_description":"Apr\u00e8s LE CIEL DE PARIS tr\u00e8s r\u00e9cemment, No\u00e9 Duchaufour-Lawarance signe &#8211; en partenariat avec BRANDIMAGE & [&hellip;]","og_url":"https:\/\/www.joyana.fr\/ja\/salon-business-air-france-brandimage-noe-duchaufour-lawrance\/110061\/","og_site_name":"JO YANA","article_published_time":"2012-06-25T11:41:04+00:00","og_image":[{"width":1500,"height":320,"url":"https:\/\/www.joyana.fr\/wp-content\/uploads\/old\/air-france-CAROUSSEL_DECO_DESIGN_NOV_2011.jpg","type":"image\/jpeg"}],"author":"Jo Yana","twitter_card":"summary_large_image","twitter_creator":"@Jo_Yana","twitter_site":"@Jo_Yana","twitter_misc":{"\u57f7\u7b46\u8005":"Jo Yana","\u63a8\u5b9a\u8aad\u307f\u53d6\u308a\u6642\u9593":"1\u5206"},"schema":{"@context":"https:\/\/schema.org","@graph":[{"@type":"Article","@id":"https:\/\/www.joyana.fr\/salon-business-air-france-brandimage-noe-duchaufour-lawrance\/110061\/#article","isPartOf":{"@id":"https:\/\/www.joyana.fr\/salon-business-air-france-brandimage-noe-duchaufour-lawrance\/110061\/"},"author":{"name":"Jo Yana","@id":"https:\/\/joyana.fr\/#\/schema\/person\/cf2a1ad12a27c12c21801075bf37407c"},"headline":"Salon Business AIR FRANCE par No\u00e9 DUCHAUFOUR-LAWRANCE","datePublished":"2012-06-25T11:41:04+00:00","mainEntityOfPage":{"@id":"https:\/\/www.joyana.fr\/salon-business-air-france-brandimage-noe-duchaufour-lawrance\/110061\/"},"wordCount":223,"commentCount":1,"publisher":{"@id":"https:\/\/joyana.fr\/#\/schema\/person\/cf2a1ad12a27c12c21801075bf37407c"},"image":{"@id":"https:\/\/www.joyana.fr\/salon-business-air-france-brandimage-noe-duchaufour-lawrance\/110061\/#primaryimage"},"thumbnailUrl":"https:\/\/i0.wp.com\/www.joyana.fr\/wp-content\/uploads\/old\/air-france-CAROUSSEL_DECO_DESIGN_NOV_2011.jpg?fit=1500%2C320&ssl=1","keywords":["Architecte","Architecture"],"articleSection":["ARCHITECTURE","DECO-DESIGN","France","No\u00e9 DUCHAUFOUR-LAWRANCE"],"inLanguage":"ja","potentialAction":[{"@type":"CommentAction","name":"Comment","target":["https:\/\/www.joyana.fr\/salon-business-air-france-brandimage-noe-duchaufour-lawrance\/110061\/#respond"]}]},{"@type":"WebPage","@id":"https:\/\/www.joyana.fr\/salon-business-air-france-brandimage-noe-duchaufour-lawrance\/110061\/","url":"https:\/\/www.joyana.fr\/salon-business-air-france-brandimage-noe-duchaufour-lawrance\/110061\/","name":"Salon Business AIR FRANCE par No\u00e9 DUCHAUFOUR-LAWRANCE - JO YANA","isPartOf":{"@id":"https:\/\/joyana.fr\/#website"},"primaryImageOfPage":{"@id":"https:\/\/www.joyana.fr\/salon-business-air-france-brandimage-noe-duchaufour-lawrance\/110061\/#primaryimage"},"image":{"@id":"https:\/\/www.joyana.fr\/salon-business-air-france-brandimage-noe-duchaufour-lawrance\/110061\/#primaryimage"},"thumbnailUrl":"https:\/\/i0.wp.com\/www.joyana.fr\/wp-content\/uploads\/old\/air-france-CAROUSSEL_DECO_DESIGN_NOV_2011.jpg?fit=1500%2C320&ssl=1","datePublished":"2012-06-25T11:41:04+00:00","breadcrumb":{"@id":"https:\/\/www.joyana.fr\/salon-business-air-france-brandimage-noe-duchaufour-lawrance\/110061\/#breadcrumb"},"inLanguage":"ja","potentialAction":[{"@type":"ReadAction","target":["https:\/\/www.joyana.fr\/salon-business-air-france-brandimage-noe-duchaufour-lawrance\/110061\/"]}]},{"@type":"ImageObject","inLanguage":"ja","@id":"https:\/\/www.joyana.fr\/salon-business-air-france-brandimage-noe-duchaufour-lawrance\/110061\/#primaryimage","url":"https:\/\/i0.wp.com\/www.joyana.fr\/wp-content\/uploads\/old\/air-france-CAROUSSEL_DECO_DESIGN_NOV_2011.jpg?fit=1500%2C320&ssl=1","contentUrl":"https:\/\/i0.wp.com\/www.joyana.fr\/wp-content\/uploads\/old\/air-france-CAROUSSEL_DECO_DESIGN_NOV_2011.jpg?fit=1500%2C320&ssl=1","width":1500,"height":320},{"@type":"BreadcrumbList","@id":"https:\/\/www.joyana.fr\/salon-business-air-france-brandimage-noe-duchaufour-lawrance\/110061\/#breadcrumb","itemListElement":[{"@type":"ListItem","position":1,"name":"Accueil","item":"https:\/\/joyana.fr\/"},{"@type":"ListItem","position":2,"name":"Salon Business AIR FRANCE par No\u00e9 DUCHAUFOUR-LAWRANCE"}]},{"@type":"WebSite","@id":"https:\/\/joyana.fr\/#website","url":"https:\/\/joyana.fr\/","name":"JO YANA","description":"Blog Mode Homme, Lifestyle, D\u00e9co-Design","publisher":{"@id":"https:\/\/joyana.fr\/#\/schema\/person\/cf2a1ad12a27c12c21801075bf37407c"},"potentialAction":[{"@type":"SearchAction","target":{"@type":"EntryPoint","urlTemplate":"https:\/\/joyana.fr\/?s={search_term_string}"},"query-input":{"@type":"PropertyValueSpecification","valueRequired":true,"valueName":"search_term_string"}}],"inLanguage":"ja"},{"@type":["Person","Organization"],"@id":"https:\/\/joyana.fr\/#\/schema\/person\/cf2a1ad12a27c12c21801075bf37407c","name":"Jo Yana","image":{"@type":"ImageObject","inLanguage":"ja","@id":"https:\/\/joyana.fr\/#\/schema\/person\/image\/","url":"https:\/\/i0.wp.com\/www.joyana.fr\/wp-content\/uploads\/2016\/08\/cropped-joyana-logo-black-360x180.png?fit=343%2C164&ssl=1","contentUrl":"https:\/\/i0.wp.com\/www.joyana.fr\/wp-content\/uploads\/2016\/08\/cropped-joyana-logo-black-360x180.png?fit=343%2C164&ssl=1","width":343,"height":164,"caption":"Jo Yana"},"logo":{"@id":"https:\/\/joyana.fr\/#\/schema\/person\/image\/"},"description":"Jo Yana est le cr\u00e9ateur et r\u00e9dacteur en chef des sites DECO-DESIGN. Passionn\u00e9 de Design, Mode, Photo, Luxe, Lifestyle, Musique, mais avant tout Blogueur ! Le plaisir de partager l'anime et a comme devise \"POUR L'AMOUR DU BEAU\". Retrouvez le aussi sur son blog personnel - https:\/\/joyana.fr...","sameAs":["https:\/\/joyana.fr\/"],"url":"https:\/\/www.joyana.fr\/ja\/author\/joyana\/"}]}},"author_meta":{"display_name":"Jo Yana","author_link":"https:\/\/www.joyana.fr\/ja\/author\/joyana\/"},"featured_img":"https:\/\/i0.wp.com\/www.joyana.fr\/wp-content\/uploads\/old\/air-france-CAROUSSEL_DECO_DESIGN_NOV_2011.jpg?fit=389%2C83&ssl=1","featured_image_src":"https:\/\/i0.wp.com\/www.joyana.fr\/wp-content\/uploads\/old\/air-france-CAROUSSEL_DECO_DESIGN_NOV_2011.jpg?resize=600%2C320&ssl=1","featured_image_src_square":"https:\/\/i0.wp.com\/www.joyana.fr\/wp-content\/uploads\/old\/air-france-CAROUSSEL_DECO_DESIGN_NOV_2011.jpg?resize=600%2C320&ssl=1","jetpack_featured_media_url":"https:\/\/i0.wp.com\/www.joyana.fr\/wp-content\/uploads\/old\/air-france-CAROUSSEL_DECO_DESIGN_NOV_2011.jpg?fit=1500%2C320&ssl=1","uagb_featured_image_src":{"full":["https:\/\/i0.wp.com\/www.joyana.fr\/wp-content\/uploads\/old\/air-france-CAROUSSEL_DECO_DESIGN_NOV_2011.jpg?fit=1500%2C320&ssl=1",1500,320,false],"thumbnail":["https:\/\/i0.wp.com\/www.joyana.fr\/wp-content\/uploads\/old\/air-france-CAROUSSEL_DECO_DESIGN_NOV_2011.jpg?resize=150%2C150&ssl=1",150,150,true],"medium":["https:\/\/i0.wp.com\/www.joyana.fr\/wp-content\/uploads\/old\/air-france-CAROUSSEL_DECO_DESIGN_NOV_2011.jpg?fit=389%2C83&ssl=1",389,83,true],"medium_large":["https:\/\/i0.wp.com\/www.joyana.fr\/wp-content\/uploads\/old\/air-france-CAROUSSEL_DECO_DESIGN_NOV_2011.jpg?fit=768%2C164&ssl=1",768,164,true],"large":["https:\/\/i0.wp.com\/www.joyana.fr\/wp-content\/uploads\/old\/air-france-CAROUSSEL_DECO_DESIGN_NOV_2011.jpg?fit=1024%2C218&ssl=1",1024,218,true],"1536x1536":["https:\/\/i0.wp.com\/www.joyana.fr\/wp-content\/uploads\/old\/air-france-CAROUSSEL_DECO_DESIGN_NOV_2011.jpg?fit=1500%2C320&ssl=1",1500,320,true],"2048x2048":["https:\/\/i0.wp.com\/www.joyana.fr\/wp-content\/uploads\/old\/air-france-CAROUSSEL_DECO_DESIGN_NOV_2011.jpg?fit=1500%2C320&ssl=1",1500,320,true],"featured-thumb":["https:\/\/i0.wp.com\/www.joyana.fr\/wp-content\/uploads\/old\/air-france-CAROUSSEL_DECO_DESIGN_NOV_2011.jpg?resize=1500%2C320&ssl=1",1500,320,true],"ab-block-post-grid-landscape":["https:\/\/i0.wp.com\/www.joyana.fr\/wp-content\/uploads\/old\/air-france-CAROUSSEL_DECO_DESIGN_NOV_2011.jpg?resize=600%2C320&ssl=1",600,320,true],"ab-block-post-grid-square":["https:\/\/i0.wp.com\/www.joyana.fr\/wp-content\/uploads\/old\/air-france-CAROUSSEL_DECO_DESIGN_NOV_2011.jpg?resize=600%2C320&ssl=1",600,320,true],"author-pro-image":["https:\/\/i0.wp.com\/www.joyana.fr\/wp-content\/uploads\/old\/air-france-CAROUSSEL_DECO_DESIGN_NOV_2011.jpg?resize=360%2C320&ssl=1",360,320,true],"slider":["https:\/\/i0.wp.com\/www.joyana.fr\/wp-content\/uploads\/old\/air-france-CAROUSSEL_DECO_DESIGN_NOV_2011.jpg?resize=920%2C320&ssl=1",920,320,true],"woocommerce_thumbnail":["https:\/\/i0.wp.com\/www.joyana.fr\/wp-content\/uploads\/old\/air-france-CAROUSSEL_DECO_DESIGN_NOV_2011.jpg?resize=450%2C320&ssl=1",450,320,true],"woocommerce_single":["https:\/\/i0.wp.com\/www.joyana.fr\/wp-content\/uploads\/old\/air-france-CAROUSSEL_DECO_DESIGN_NOV_2011.jpg?fit=920%2C196&ssl=1",920,196,true],"woocommerce_gallery_thumbnail":["https:\/\/i0.wp.com\/www.joyana.fr\/wp-content\/uploads\/old\/air-france-CAROUSSEL_DECO_DESIGN_NOV_2011.jpg?resize=180%2C180&ssl=1",180,180,true],"sow-carousel-default":["https:\/\/i0.wp.com\/www.joyana.fr\/wp-content\/uploads\/old\/air-france-CAROUSSEL_DECO_DESIGN_NOV_2011.jpg?resize=272%2C182&ssl=1",272,182,true]},"uagb_author_info":{"display_name":"Jo Yana","author_link":"https:\/\/www.joyana.fr\/ja\/author\/joyana\/"},"uagb_comment_info":2,"uagb_excerpt":"Apr\u00e8s LE CIEL DE PARIS tr\u00e8s r\u00e9cemment, No\u00e9 Duchaufour-L&hellip;","coauthors":[],"tax_additional":{"categories":{"linked":["<a href=\"https:\/\/www.joyana.fr\/ja\/category\/portfolio\/architecture\/\" class=\"advgb-post-tax-term\">ARCHITECTURE<\/a>","<a href=\"https:\/\/www.joyana.fr\/ja\/category\/deco-design\/\" class=\"advgb-post-tax-term\">DECO-DESIGN<\/a>","<a href=\"https:\/\/www.joyana.fr\/ja\/category\/deco-design\/architecture-deco-design\/pays\/france\/\" class=\"advgb-post-tax-term\">France<\/a>","<a href=\"https:\/\/www.joyana.fr\/ja\/category\/deco-design\/designer\/noe-duchaufour-lawrance\/\" class=\"advgb-post-tax-term\">No\u00e9 DUCHAUFOUR-LAWRANCE<\/a>"],"unlinked":["<span class=\"advgb-post-tax-term\">ARCHITECTURE<\/span>","<span class=\"advgb-post-tax-term\">DECO-DESIGN<\/span>","<span class=\"advgb-post-tax-term\">France<\/span>","<span class=\"advgb-post-tax-term\">No\u00e9 DUCHAUFOUR-LAWRANCE<\/span>"]},"tags":{"linked":["<a href=\"https:\/\/www.joyana.fr\/ja\/category\/deco-design\/designer\/noe-duchaufour-lawrance\/\" class=\"advgb-post-tax-term\">Architecte<\/a>","<a href=\"https:\/\/www.joyana.fr\/ja\/category\/deco-design\/designer\/noe-duchaufour-lawrance\/\" class=\"advgb-post-tax-term\">Architecture<\/a>"],"unlinked":["<span class=\"advgb-post-tax-term\">Architecte<\/span>","<span class=\"advgb-post-tax-term\">Architecture<\/span>"]}},"comment_count":1,"relative_dates":{"created":"Posted 14\u5e74 ago","modified":"Updated 14\u5e74 ago"},"absolute_dates":{"created":"Posted on 25 6\u6708 2012","modified":"Updated on 25 6\u6708 2012"},"absolute_dates_time":{"created":"Posted on 25 6\u6708 2012 12:41","modified":"Updated on 25 6\u6708 2012 12:41"},"featured_img_caption":"","series_order":"","jetpack_sharing_enabled":true,"jetpack_shortlink":"https:\/\/wp.me\/p9bteI-sDb","jetpack-related-posts":[],"_links":{"self":[{"href":"https:\/\/www.joyana.fr\/ja\/wp-json\/wp\/v2\/posts\/110061","targetHints":{"allow":["GET"]}}],"collection":[{"href":"https:\/\/www.joyana.fr\/ja\/wp-json\/wp\/v2\/posts"}],"about":[{"href":"https:\/\/www.joyana.fr\/ja\/wp-json\/wp\/v2\/types\/post"}],"author":[{"embeddable":true,"href":"https:\/\/www.joyana.fr\/ja\/wp-json\/wp\/v2\/users\/3"}],"replies":[{"embeddable":true,"href":"https:\/\/www.joyana.fr\/ja\/wp-json\/wp\/v2\/comments?post=110061"}],"version-history":[{"count":0,"href":"https:\/\/www.joyana.fr\/ja\/wp-json\/wp\/v2\/posts\/110061\/revisions"}],"wp:featuredmedia":[{"embeddable":true,"href":"https:\/\/www.joyana.fr\/ja\/wp-json\/wp\/v2\/media\/110079"}],"wp:attachment":[{"href":"https:\/\/www.joyana.fr\/ja\/wp-json\/wp\/v2\/media?parent=110061"}],"wp:term":[{"taxonomy":"category","embeddable":true,"href":"https:\/\/www.joyana.fr\/ja\/wp-json\/wp\/v2\/categories?post=110061"},{"taxonomy":"post_tag","embeddable":true,"href":"https:\/\/www.joyana.fr\/ja\/wp-json\/wp\/v2\/tags?post=110061"}],"curies":[{"name":"wp","href":"https:\/\/api.w.org\/{rel}","templated":true}]}}