{"id":109620,"date":"2012-05-07T06:13:11","date_gmt":"2012-05-07T05:13:11","guid":{"rendered":"https:\/\/joyana.fr\/?p=9620"},"modified":"2012-05-07T06:13:11","modified_gmt":"2012-05-07T05:13:11","slug":"multiversites-creatives-exposition-centre-pompidou","status":"publish","type":"post","link":"https:\/\/www.joyana.fr\/ja\/multiversites-creatives-exposition-centre-pompidou\/109620\/","title":{"rendered":"Exposition MULTIVERSIT\u00c9S CR\u00c9ATIVES au Centre Pompidou"},"content":{"rendered":"<p>Le <strong>Centre Pompidou<\/strong> pr\u00e9sente, du 3 mai au 6 ao\u00fbt 2012, \u00ab\u00a0<strong>MULTIVERSIT\u00c9S CR\u00c9ATIVES<\/strong> \u00bb, une <strong>exposition<\/strong> consacr\u00e9e \u00e0 la prospective industrielle et \u00e0 de nouveaux territoires et outils cr\u00e9atifs. L\u2019exposition entra\u00eene ses visiteurs sur la piste de l\u2019exp\u00e9rimentation, de la recherche et des travaux prospectifs dans les domaines de l\u2019architecture, du design, des nouvelles technologies\u2028 et de l\u2019innovation sociale&#8230;<\/p>\n<p><img data-recalc-dims=\"1\" fetchpriority=\"high\" decoding=\"async\" data-attachment-id=\"9625\" data-permalink=\"https:\/\/www.joyana.fr\/ja\/latelier-saint-georges-paris\/9623\/blog_latelier-saint-georges-6-copie\/\" data-orig-file=\"https:\/\/i0.wp.com\/www.joyana.fr\/wp-content\/uploads\/2014\/07\/BLOG_LATELIER-SAINT-GEORGES-6-copie.jpg?fit=1000%2C1000&amp;ssl=1\" data-orig-size=\"1000,1000\" data-comments-opened=\"1\" data-image-meta=\"{&quot;aperture&quot;:&quot;0&quot;,&quot;credit&quot;:&quot;&quot;,&quot;camera&quot;:&quot;&quot;,&quot;caption&quot;:&quot;&quot;,&quot;created_timestamp&quot;:&quot;0&quot;,&quot;copyright&quot;:&quot;&quot;,&quot;focal_length&quot;:&quot;0&quot;,&quot;iso&quot;:&quot;0&quot;,&quot;shutter_speed&quot;:&quot;0&quot;,&quot;title&quot;:&quot;&quot;,&quot;orientation&quot;:&quot;1&quot;}\" data-image-title=\"BLOG_LATELIER SAINT GEORGES 6 copie\" data-image-description=\"\" data-image-caption=\"\" data-medium-file=\"https:\/\/i0.wp.com\/www.joyana.fr\/wp-content\/uploads\/2014\/07\/BLOG_LATELIER-SAINT-GEORGES-6-copie.jpg?fit=389%2C389&amp;ssl=1\" data-large-file=\"https:\/\/i0.wp.com\/www.joyana.fr\/wp-content\/uploads\/2014\/07\/BLOG_LATELIER-SAINT-GEORGES-6-copie.jpg?fit=1000%2C1000&amp;ssl=1\" class=\"alignnone size-full wp-image-9625\" title=\"Exposition MULTIVERSIT\u00c9S CR\u00c9ATIVES au Centre Pompidou\" src=\"https:\/\/i0.wp.com\/joyana.fr\/wp-content\/uploads\/MULTI_06.jpg?resize=576%2C867&#038;ssl=1\" alt=\"\" width=\"576\" height=\"867\" \/><\/p>\n<p>Le designer <a title=\"Kossi AGUESSY\" href=\"https:\/\/joyana.fr\/category\/designer\/kossi-aguessy\/\" target=\"_blank\"><strong>Kossi Aguessy<\/strong><\/a> \u00e9tait \u00e0 l&#8217;honneur \u00e0 travers cette <strong>exposition MULTIVERSIT\u00c9S CR\u00c9ATIVES<\/strong> avec pas moins de trois sublimes cr\u00e9ations (ci-dessus &#038; ci-dessous) pr\u00e9sent\u00e9es pour l&#8217;occasion&#8230;<\/p>\n<p><img data-recalc-dims=\"1\" decoding=\"async\" class=\"alignnone size-full wp-image-9622\" title=\"Exposition MULTIVERSIT\u00c9S CR\u00c9ATIVES au Centre Pompidou\" src=\"https:\/\/i0.wp.com\/joyana.fr\/wp-content\/uploads\/MULTI_01.jpg?resize=576%2C867&#038;ssl=1\" alt=\"\" width=\"576\" height=\"867\" \/><\/p>\n<pre>Lampe Fogo (<a title=\"KOSSI AGUESSY\" href=\"http:\/\/www.aguessy.biz\/\" target=\"_blank\">Kossi Aguessy<\/a> 2012) fabricant BlackBody (OLED Technologie)<\/pre>\n<p>L\u2019expression \u00ab <strong>multiversit\u00e9<\/strong> \u00bb trouve son origine dans le monde industriel. Elle sert aujourd\u2019hui\u2028 de mot-cl\u00e9 pour une g\u00e9n\u00e9ration de cr\u00e9ateurs dont l\u2019\u00e2ge moyen est de 35 ans. Leur g\u00e9n\u00e9ration se lance dans l\u2019infini des calculs et des r\u00e9seaux pour en donner une traduction esth\u00e9tique et humaine. Au carrefour des disciplines, et \u00e0 travers quinze projets con\u00e7us et r\u00e9alis\u00e9s sp\u00e9cialement pour l\u2019occasion, l\u2019exposition rend compte de l\u2019actualit\u00e9 de leurs exp\u00e9rimentations technologiques et plastiques.<\/p>\n<p><img data-recalc-dims=\"1\" decoding=\"async\" data-attachment-id=\"9626\" data-permalink=\"https:\/\/www.joyana.fr\/ja\/latelier-saint-georges-paris\/9623\/blog_latelier-saint-georges-copie\/\" data-orig-file=\"https:\/\/i0.wp.com\/www.joyana.fr\/wp-content\/uploads\/2014\/07\/BLOG_LATELIER-SAINT-GEORGES-copie.jpg?fit=1000%2C1000&amp;ssl=1\" data-orig-size=\"1000,1000\" data-comments-opened=\"1\" data-image-meta=\"{&quot;aperture&quot;:&quot;0&quot;,&quot;credit&quot;:&quot;&quot;,&quot;camera&quot;:&quot;&quot;,&quot;caption&quot;:&quot;&quot;,&quot;created_timestamp&quot;:&quot;0&quot;,&quot;copyright&quot;:&quot;&quot;,&quot;focal_length&quot;:&quot;0&quot;,&quot;iso&quot;:&quot;0&quot;,&quot;shutter_speed&quot;:&quot;0&quot;,&quot;title&quot;:&quot;&quot;,&quot;orientation&quot;:&quot;1&quot;}\" data-image-title=\"BLOG_LATELIER SAINT GEORGES copie\" data-image-description=\"\" data-image-caption=\"\" data-medium-file=\"https:\/\/i0.wp.com\/www.joyana.fr\/wp-content\/uploads\/2014\/07\/BLOG_LATELIER-SAINT-GEORGES-copie.jpg?fit=389%2C389&amp;ssl=1\" data-large-file=\"https:\/\/i0.wp.com\/www.joyana.fr\/wp-content\/uploads\/2014\/07\/BLOG_LATELIER-SAINT-GEORGES-copie.jpg?fit=1000%2C1000&amp;ssl=1\" class=\"alignnone size-full wp-image-9626\" title=\"Exposition MULTIVERSIT\u00c9S CR\u00c9ATIVES au Centre Pompidou\" src=\"https:\/\/i0.wp.com\/joyana.fr\/wp-content\/uploads\/MULTI_07.jpg?resize=576%2C383&#038;ssl=1\" alt=\"\" width=\"576\" height=\"383\" \/><\/p>\n<pre>Table AIR (<a title=\"Kossi AGUESSY\" href=\"http:\/\/www.aguessy.biz\/\" target=\"_blank\">Kossi Aguessy<\/a> 2012) fabricant Rinck Meubles Paris<\/pre>\n<p>La \u00ab multiversit\u00e9 \u00bb rend compte d\u2019univers cr\u00e9atifs multiples et en transformation. L\u2019expression trouve son origine dans le monde industriel. L\u2019exposition propose un ensemble, sans pr\u00e9c\u00e9dent, de recherches et d\u2019exp\u00e9rimentations de jeunes cr\u00e9ateurs. Leur g\u00e9n\u00e9ration s\u2019aventure dans l\u2019infini des calculs\u2028et des r\u00e9seaux pour en donner une dynamique humaine et une traduction esth\u00e9tique singuli\u00e8re.<\/p>\n<p><img data-recalc-dims=\"1\" loading=\"lazy\" decoding=\"async\" data-attachment-id=\"9627\" data-permalink=\"https:\/\/www.joyana.fr\/ja\/latelier-saint-georges-paris\/9623\/blog_latelier-saint-georges_2-copie\/\" data-orig-file=\"https:\/\/i0.wp.com\/www.joyana.fr\/wp-content\/uploads\/2014\/07\/BLOG_LATELIER-SAINT-GEORGES_2-copie.jpg?fit=1000%2C1000&amp;ssl=1\" data-orig-size=\"1000,1000\" data-comments-opened=\"1\" data-image-meta=\"{&quot;aperture&quot;:&quot;0&quot;,&quot;credit&quot;:&quot;&quot;,&quot;camera&quot;:&quot;&quot;,&quot;caption&quot;:&quot;&quot;,&quot;created_timestamp&quot;:&quot;0&quot;,&quot;copyright&quot;:&quot;&quot;,&quot;focal_length&quot;:&quot;0&quot;,&quot;iso&quot;:&quot;0&quot;,&quot;shutter_speed&quot;:&quot;0&quot;,&quot;title&quot;:&quot;&quot;,&quot;orientation&quot;:&quot;1&quot;}\" data-image-title=\"BLOG_LATELIER SAINT GEORGES_2 copie\" data-image-description=\"\" data-image-caption=\"\" data-medium-file=\"https:\/\/i0.wp.com\/www.joyana.fr\/wp-content\/uploads\/2014\/07\/BLOG_LATELIER-SAINT-GEORGES_2-copie.jpg?fit=389%2C389&amp;ssl=1\" data-large-file=\"https:\/\/i0.wp.com\/www.joyana.fr\/wp-content\/uploads\/2014\/07\/BLOG_LATELIER-SAINT-GEORGES_2-copie.jpg?fit=1000%2C1000&amp;ssl=1\" class=\"alignnone size-full wp-image-9627\" title=\"Exposition MULTIVERSIT\u00c9S CR\u00c9ATIVES au Centre Pompidou\" src=\"https:\/\/i0.wp.com\/joyana.fr\/wp-content\/uploads\/MULTI_10.jpg?resize=576%2C867&#038;ssl=1\" alt=\"\" width=\"576\" height=\"867\" \/><\/p>\n<pre>Si\u00e8ge Jord (<a title=\"Kossi AGUESSY\" href=\"http:\/\/www.aguessy.biz\/\" target=\"_blank\">Kossi Aguessy<\/a> 2012) fabricant Rinck Meubles Paris<\/pre>\n<p><img data-recalc-dims=\"1\" loading=\"lazy\" decoding=\"async\" data-attachment-id=\"9629\" data-permalink=\"https:\/\/www.joyana.fr\/ja\/latelier-saint-georges-paris\/9623\/blog_latelier-saint-georges_4-copie\/\" data-orig-file=\"https:\/\/i0.wp.com\/www.joyana.fr\/wp-content\/uploads\/2014\/07\/BLOG_LATELIER-SAINT-GEORGES_4-copie.jpg?fit=1000%2C1000&amp;ssl=1\" data-orig-size=\"1000,1000\" data-comments-opened=\"1\" data-image-meta=\"{&quot;aperture&quot;:&quot;0&quot;,&quot;credit&quot;:&quot;&quot;,&quot;camera&quot;:&quot;&quot;,&quot;caption&quot;:&quot;&quot;,&quot;created_timestamp&quot;:&quot;0&quot;,&quot;copyright&quot;:&quot;&quot;,&quot;focal_length&quot;:&quot;0&quot;,&quot;iso&quot;:&quot;0&quot;,&quot;shutter_speed&quot;:&quot;0&quot;,&quot;title&quot;:&quot;&quot;,&quot;orientation&quot;:&quot;1&quot;}\" data-image-title=\"BLOG_LATELIER SAINT GEORGES_4 copie\" data-image-description=\"\" data-image-caption=\"\" data-medium-file=\"https:\/\/i0.wp.com\/www.joyana.fr\/wp-content\/uploads\/2014\/07\/BLOG_LATELIER-SAINT-GEORGES_4-copie.jpg?fit=389%2C389&amp;ssl=1\" data-large-file=\"https:\/\/i0.wp.com\/www.joyana.fr\/wp-content\/uploads\/2014\/07\/BLOG_LATELIER-SAINT-GEORGES_4-copie.jpg?fit=1000%2C1000&amp;ssl=1\" class=\"alignnone size-full wp-image-9629\" title=\"Exposition MULTIVERSIT\u00c9S CR\u00c9ATIVES au Centre Pompidou\" src=\"https:\/\/i0.wp.com\/joyana.fr\/wp-content\/uploads\/MULTIVERSITES-05.jpg?resize=576%2C383&#038;ssl=1\" alt=\"\" width=\"576\" height=\"383\" \/><\/p>\n<pre>HygroScope (Achim Menges 2012)<\/pre>\n<p><img data-recalc-dims=\"1\" loading=\"lazy\" decoding=\"async\" class=\"alignnone size-full wp-image-9621\" title=\"Exposition MULTIVERSIT\u00c9S CR\u00c9ATIVES au Centre Pompidou\" src=\"https:\/\/i0.wp.com\/joyana.fr\/wp-content\/uploads\/MULTI-12.jpg?resize=576%2C867&#038;ssl=1\" alt=\"\" width=\"576\" height=\"867\" \/><\/p>\n<p><img data-recalc-dims=\"1\" loading=\"lazy\" decoding=\"async\" data-attachment-id=\"9628\" data-permalink=\"https:\/\/www.joyana.fr\/ja\/latelier-saint-georges-paris\/9623\/blog_latelier-saint-georges_3-copie\/\" data-orig-file=\"https:\/\/i0.wp.com\/www.joyana.fr\/wp-content\/uploads\/2014\/07\/BLOG_LATELIER-SAINT-GEORGES_3-copie.jpg?fit=1000%2C1000&amp;ssl=1\" data-orig-size=\"1000,1000\" data-comments-opened=\"1\" data-image-meta=\"{&quot;aperture&quot;:&quot;0&quot;,&quot;credit&quot;:&quot;&quot;,&quot;camera&quot;:&quot;&quot;,&quot;caption&quot;:&quot;&quot;,&quot;created_timestamp&quot;:&quot;0&quot;,&quot;copyright&quot;:&quot;&quot;,&quot;focal_length&quot;:&quot;0&quot;,&quot;iso&quot;:&quot;0&quot;,&quot;shutter_speed&quot;:&quot;0&quot;,&quot;title&quot;:&quot;&quot;,&quot;orientation&quot;:&quot;1&quot;}\" data-image-title=\"BLOG_LATELIER SAINT GEORGES_3 copie\" data-image-description=\"\" data-image-caption=\"\" data-medium-file=\"https:\/\/i0.wp.com\/www.joyana.fr\/wp-content\/uploads\/2014\/07\/BLOG_LATELIER-SAINT-GEORGES_3-copie.jpg?fit=389%2C389&amp;ssl=1\" data-large-file=\"https:\/\/i0.wp.com\/www.joyana.fr\/wp-content\/uploads\/2014\/07\/BLOG_LATELIER-SAINT-GEORGES_3-copie.jpg?fit=1000%2C1000&amp;ssl=1\" class=\"alignnone size-full wp-image-9628\" title=\"Exposition MULTIVERSIT\u00c9S CR\u00c9ATIVES au Centre Pompidou\" src=\"https:\/\/i0.wp.com\/joyana.fr\/wp-content\/uploads\/MULTI_11.jpg?resize=576%2C867&#038;ssl=1\" alt=\"\" width=\"576\" height=\"867\" \/><\/p>\n<pre>Chrysalis III (Andrew Kudless 2012)<\/pre>\n<p>Les quinze projets expos\u00e9s r\u00e9v\u00e8lent l\u2019actualit\u00e9 et les probl\u00e9matiques \u00e9mergentes de plusieurs disciplines r\u00e9unies sous la banni\u00e8re de Prospective industrielle : l\u2019architecture, le design, les nouvelles technologies et l\u2019innovation sociale.<\/p>\n<p>Plusieurs champs th\u00e9matiques articulent le parcours :<\/p>\n<p>&#8211; G\u00e9n\u00e9rer : les chercheurs en architecture et design associent les capacit\u00e9s de calcul des ordinateurs et les performances des mat\u00e9riaux pour g\u00e9n\u00e9rer des \u0153uvres in\u00e9dites surprenantes.<\/p>\n<p>&#8211; Fabriquer : au milieu du d\u00e9sert, dans un Fab Lab (laboratoire de fabrication) et dans un atelier, les designers interrogent et transforment les modes de fabrication des objets.<\/p>\n<p>&#8211; Repr\u00e9senter : le traitement des informations reconfigure radicalement les pratiques de classement et de repr\u00e9sentation des connaissances.<\/p>\n<p><img data-recalc-dims=\"1\" loading=\"lazy\" decoding=\"async\" data-attachment-id=\"9624\" data-permalink=\"https:\/\/www.joyana.fr\/ja\/latelier-saint-georges-paris\/9623\/blog_latelier-saint-georges-5-copie\/\" data-orig-file=\"https:\/\/i0.wp.com\/www.joyana.fr\/wp-content\/uploads\/2014\/07\/BLOG_LATELIER-SAINT-GEORGES-5-copie.jpg?fit=1000%2C1000&amp;ssl=1\" data-orig-size=\"1000,1000\" data-comments-opened=\"1\" data-image-meta=\"{&quot;aperture&quot;:&quot;0&quot;,&quot;credit&quot;:&quot;&quot;,&quot;camera&quot;:&quot;&quot;,&quot;caption&quot;:&quot;&quot;,&quot;created_timestamp&quot;:&quot;0&quot;,&quot;copyright&quot;:&quot;&quot;,&quot;focal_length&quot;:&quot;0&quot;,&quot;iso&quot;:&quot;0&quot;,&quot;shutter_speed&quot;:&quot;0&quot;,&quot;title&quot;:&quot;&quot;,&quot;orientation&quot;:&quot;1&quot;}\" data-image-title=\"BLOG_LATELIER SAINT GEORGES 5 copie\" data-image-description=\"\" data-image-caption=\"\" data-medium-file=\"https:\/\/i0.wp.com\/www.joyana.fr\/wp-content\/uploads\/2014\/07\/BLOG_LATELIER-SAINT-GEORGES-5-copie.jpg?fit=389%2C389&amp;ssl=1\" data-large-file=\"https:\/\/i0.wp.com\/www.joyana.fr\/wp-content\/uploads\/2014\/07\/BLOG_LATELIER-SAINT-GEORGES-5-copie.jpg?fit=1000%2C1000&amp;ssl=1\" class=\"alignnone size-full wp-image-9624\" title=\"Exposition MULTIVERSIT\u00c9S CR\u00c9ATIVES au Centre Pompidou\" src=\"https:\/\/i0.wp.com\/joyana.fr\/wp-content\/uploads\/MULTI_04.jpg?resize=576%2C867&#038;ssl=1\" alt=\"\" width=\"576\" height=\"867\" \/><\/p>\n<p><img data-recalc-dims=\"1\" loading=\"lazy\" decoding=\"async\" class=\"alignnone size-full wp-image-9623\" title=\"Exposition MULTIVERSIT\u00c9S CR\u00c9ATIVES au Centre Pompidou\" src=\"https:\/\/i0.wp.com\/joyana.fr\/wp-content\/uploads\/MULTI_03.jpg?resize=576%2C867&#038;ssl=1\" alt=\"\" width=\"576\" height=\"867\" \/><\/p>\n<p>En savoir + sur le <a title=\"CENTRE POMPIDOU\" href=\"http:\/\/www.centrepompidou.fr\/\" target=\"_blank\"><strong>CENTRE POMPIDOU<\/strong><\/a><\/p>\n","protected":false},"excerpt":{"rendered":"<p>Le Centre Pompidou pr\u00e9sente, du 3 mai au 6 ao\u00fbt 2012, \u00ab\u00a0MULTIVERSIT\u00c9S CR\u00c9ATIVES \u00bb, une exposition consacr\u00e9e \u00e0  [&hellip;]<\/p>\n","protected":false},"author":3,"featured_media":109625,"comment_status":"open","ping_status":"open","sticky":false,"template":"","format":"standard","meta":{"_coblocks_attr":"","_coblocks_dimensions":"","_coblocks_responsive_height":"","_coblocks_accordion_ie_support":"","_uag_custom_page_level_css":"","advgb_blocks_editor_width":"","advgb_blocks_columns_visual_guide":"","_genesis_hide_title":false,"_genesis_hide_breadcrumbs":false,"_genesis_hide_singular_image":false,"_genesis_hide_footer_widgets":false,"_genesis_custom_body_class":"","_genesis_custom_post_class":"","_genesis_layout":"","_themeisle_gutenberg_block_has_review":false,"_jetpack_newsletter_access":"","_jetpack_dont_email_post_to_subs":false,"_jetpack_newsletter_tier_id":0,"_jetpack_memberships_contains_paywalled_content":false,"_jetpack_memberships_contains_paid_content":false,"footnotes":""},"categories":[938,905,1016],"tags":[],"class_list":{"0":"post-109620","1":"post","2":"type-post","3":"status-publish","4":"format-standard","5":"has-post-thumbnail","7":"category-actualite-deco-design","8":"category-deco-design","9":"category-kossi-aguessy","10":"entry"},"featured_image_urls":{"full":["https:\/\/i0.wp.com\/www.joyana.fr\/wp-content\/uploads\/old\/MULTI_06.jpg?fit=576%2C867&ssl=1",576,867,false],"thumbnail":["https:\/\/i0.wp.com\/www.joyana.fr\/wp-content\/uploads\/old\/MULTI_06.jpg?resize=150%2C150&ssl=1",150,150,true],"medium":["https:\/\/i0.wp.com\/www.joyana.fr\/wp-content\/uploads\/old\/MULTI_06.jpg?fit=258%2C389&ssl=1",258,389,true],"medium_large":["https:\/\/i0.wp.com\/www.joyana.fr\/wp-content\/uploads\/old\/MULTI_06.jpg?fit=576%2C867&ssl=1",576,867,true],"large":["https:\/\/i0.wp.com\/www.joyana.fr\/wp-content\/uploads\/old\/MULTI_06.jpg?fit=576%2C867&ssl=1",576,867,true],"1536x1536":["https:\/\/i0.wp.com\/www.joyana.fr\/wp-content\/uploads\/old\/MULTI_06.jpg?fit=576%2C867&ssl=1",576,867,true],"2048x2048":["https:\/\/i0.wp.com\/www.joyana.fr\/wp-content\/uploads\/old\/MULTI_06.jpg?fit=576%2C867&ssl=1",576,867,true],"featured-thumb":["https:\/\/i0.wp.com\/www.joyana.fr\/wp-content\/uploads\/old\/MULTI_06.jpg?resize=576%2C750&ssl=1",576,750,true],"ab-block-post-grid-landscape":["https:\/\/i0.wp.com\/www.joyana.fr\/wp-content\/uploads\/old\/MULTI_06.jpg?resize=576%2C400&ssl=1",576,400,true],"ab-block-post-grid-square":["https:\/\/i0.wp.com\/www.joyana.fr\/wp-content\/uploads\/old\/MULTI_06.jpg?resize=576%2C600&ssl=1",576,600,true],"author-pro-image":["https:\/\/i0.wp.com\/www.joyana.fr\/wp-content\/uploads\/old\/MULTI_06.jpg?resize=360%2C570&ssl=1",360,570,true],"slider":["https:\/\/i0.wp.com\/www.joyana.fr\/wp-content\/uploads\/old\/MULTI_06.jpg?resize=576%2C400&ssl=1",576,400,true],"woocommerce_thumbnail":["https:\/\/i0.wp.com\/www.joyana.fr\/wp-content\/uploads\/old\/MULTI_06.jpg?resize=450%2C450&ssl=1",450,450,true],"woocommerce_single":["https:\/\/i0.wp.com\/www.joyana.fr\/wp-content\/uploads\/old\/MULTI_06.jpg?fit=576%2C867&ssl=1",576,867,true],"woocommerce_gallery_thumbnail":["https:\/\/i0.wp.com\/www.joyana.fr\/wp-content\/uploads\/old\/MULTI_06.jpg?resize=180%2C180&ssl=1",180,180,true],"sow-carousel-default":["https:\/\/i0.wp.com\/www.joyana.fr\/wp-content\/uploads\/old\/MULTI_06.jpg?resize=272%2C182&ssl=1",272,182,true]},"post_excerpt_stackable":"<p>Le Centre Pompidou pr\u00e9sente, du 3 mai au 6 ao\u00fbt 2012, \u00ab\u00a0MULTIVERSIT\u00c9S CR\u00c9ATIVES \u00bb, une exposition co&hellip;<\/p>\n","category_list":"<a href=\"https:\/\/www.joyana.fr\/ja\/category\/deco-design\/actualite\/actualite-deco-design\/\" rel=\"category tag\">Actualit\u00e9 D\u00e9co-Design<\/a>, <a href=\"https:\/\/www.joyana.fr\/ja\/category\/deco-design\/\" rel=\"category tag\">DECO-DESIGN<\/a>, <a href=\"https:\/\/www.joyana.fr\/ja\/category\/deco-design\/designer\/kossi-aguessy\/\" rel=\"category tag\">Kossi AGUESSY<\/a>","author_info":{"display_name":"Jo Yana","author_link":"https:\/\/www.joyana.fr\/ja\/author\/joyana\/"},"comments_num":"32 comments","featured_image_urls_v2":{"full":["https:\/\/i0.wp.com\/www.joyana.fr\/wp-content\/uploads\/old\/MULTI_06.jpg?fit=576%2C867&ssl=1",576,867,false],"thumbnail":["https:\/\/i0.wp.com\/www.joyana.fr\/wp-content\/uploads\/old\/MULTI_06.jpg?resize=150%2C150&ssl=1",150,150,true],"medium":["https:\/\/i0.wp.com\/www.joyana.fr\/wp-content\/uploads\/old\/MULTI_06.jpg?fit=258%2C389&ssl=1",258,389,true],"medium_large":["https:\/\/i0.wp.com\/www.joyana.fr\/wp-content\/uploads\/old\/MULTI_06.jpg?fit=576%2C867&ssl=1",576,867,true],"large":["https:\/\/i0.wp.com\/www.joyana.fr\/wp-content\/uploads\/old\/MULTI_06.jpg?fit=576%2C867&ssl=1",576,867,true],"1536x1536":["https:\/\/i0.wp.com\/www.joyana.fr\/wp-content\/uploads\/old\/MULTI_06.jpg?fit=576%2C867&ssl=1",576,867,true],"2048x2048":["https:\/\/i0.wp.com\/www.joyana.fr\/wp-content\/uploads\/old\/MULTI_06.jpg?fit=576%2C867&ssl=1",576,867,true],"featured-thumb":["https:\/\/i0.wp.com\/www.joyana.fr\/wp-content\/uploads\/old\/MULTI_06.jpg?resize=576%2C750&ssl=1",576,750,true],"ab-block-post-grid-landscape":["https:\/\/i0.wp.com\/www.joyana.fr\/wp-content\/uploads\/old\/MULTI_06.jpg?resize=576%2C400&ssl=1",576,400,true],"ab-block-post-grid-square":["https:\/\/i0.wp.com\/www.joyana.fr\/wp-content\/uploads\/old\/MULTI_06.jpg?resize=576%2C600&ssl=1",576,600,true],"author-pro-image":["https:\/\/i0.wp.com\/www.joyana.fr\/wp-content\/uploads\/old\/MULTI_06.jpg?resize=360%2C570&ssl=1",360,570,true],"slider":["https:\/\/i0.wp.com\/www.joyana.fr\/wp-content\/uploads\/old\/MULTI_06.jpg?resize=576%2C400&ssl=1",576,400,true],"woocommerce_thumbnail":["https:\/\/i0.wp.com\/www.joyana.fr\/wp-content\/uploads\/old\/MULTI_06.jpg?resize=450%2C450&ssl=1",450,450,true],"woocommerce_single":["https:\/\/i0.wp.com\/www.joyana.fr\/wp-content\/uploads\/old\/MULTI_06.jpg?fit=576%2C867&ssl=1",576,867,true],"woocommerce_gallery_thumbnail":["https:\/\/i0.wp.com\/www.joyana.fr\/wp-content\/uploads\/old\/MULTI_06.jpg?resize=180%2C180&ssl=1",180,180,true],"sow-carousel-default":["https:\/\/i0.wp.com\/www.joyana.fr\/wp-content\/uploads\/old\/MULTI_06.jpg?resize=272%2C182&ssl=1",272,182,true]},"post_excerpt_stackable_v2":"<p>Le Centre Pompidou pr\u00e9sente, du 3 mai au 6 ao\u00fbt 2012, \u00ab\u00a0MULTIVERSIT\u00c9S CR\u00c9ATIVES \u00bb, une exposition co&hellip;<\/p>\n","category_list_v2":"<a href=\"https:\/\/www.joyana.fr\/ja\/category\/deco-design\/actualite\/actualite-deco-design\/\" rel=\"category tag\">Actualit\u00e9 D\u00e9co-Design<\/a>, <a href=\"https:\/\/www.joyana.fr\/ja\/category\/deco-design\/\" rel=\"category tag\">DECO-DESIGN<\/a>, <a href=\"https:\/\/www.joyana.fr\/ja\/category\/deco-design\/designer\/kossi-aguessy\/\" rel=\"category tag\">Kossi AGUESSY<\/a>","author_info_v2":{"name":"Jo Yana","url":"https:\/\/www.joyana.fr\/ja\/author\/joyana\/"},"comments_num_v2":"32 comments","yoast_head":"<!-- This site is optimized with the Yoast SEO plugin v26.8 - https:\/\/yoast.com\/product\/yoast-seo-wordpress\/ -->\n<title>Exposition MULTIVERSIT\u00c9S CR\u00c9ATIVES au Centre Pompidou - JO YANA<\/title>\n<meta name=\"robots\" content=\"index, follow, max-snippet:-1, max-image-preview:large, max-video-preview:-1\" \/>\n<link rel=\"canonical\" href=\"https:\/\/joyana.fr\/multiversites-creatives-exposition-centre-pompidou\/109620\/\" \/>\n<meta property=\"og:locale\" content=\"ja_JP\" \/>\n<meta property=\"og:locale:alternate\" content=\"fr_FR\" \/>\n<meta property=\"og:locale:alternate\" content=\"en_US\" \/>\n<meta property=\"og:type\" content=\"article\" \/>\n<meta property=\"og:title\" content=\"Exposition MULTIVERSIT\u00c9S CR\u00c9ATIVES au Centre Pompidou - JO YANA\" \/>\n<meta property=\"og:description\" content=\"Le Centre Pompidou pr\u00e9sente, du 3 mai au 6 ao\u00fbt 2012, \u00ab\u00a0MULTIVERSIT\u00c9S CR\u00c9ATIVES \u00bb, une exposition consacr\u00e9e \u00e0 [&hellip;]\" \/>\n<meta property=\"og:url\" content=\"https:\/\/www.joyana.fr\/ja\/multiversites-creatives-exposition-centre-pompidou\/109620\/\" \/>\n<meta property=\"og:site_name\" content=\"JO YANA\" \/>\n<meta property=\"article:published_time\" content=\"2012-05-07T05:13:11+00:00\" \/>\n<meta property=\"og:image\" content=\"https:\/\/joyana.fr\/wp-content\/uploads\/old\/MULTI_06.jpg\" \/>\n\t<meta property=\"og:image:width\" content=\"576\" \/>\n\t<meta property=\"og:image:height\" content=\"867\" \/>\n\t<meta property=\"og:image:type\" content=\"image\/jpeg\" \/>\n<meta name=\"author\" content=\"Jo Yana\" \/>\n<meta name=\"twitter:card\" content=\"summary_large_image\" \/>\n<meta name=\"twitter:creator\" content=\"@Jo_Yana\" \/>\n<meta name=\"twitter:site\" content=\"@Jo_Yana\" \/>\n<meta name=\"twitter:label1\" content=\"\u57f7\u7b46\u8005\" \/>\n\t<meta name=\"twitter:data1\" content=\"Jo Yana\" \/>\n\t<meta name=\"twitter:label2\" content=\"\u63a8\u5b9a\u8aad\u307f\u53d6\u308a\u6642\u9593\" \/>\n\t<meta name=\"twitter:data2\" content=\"2\u5206\" \/>\n<script type=\"application\/ld+json\" class=\"yoast-schema-graph\">{\"@context\":\"https:\/\/schema.org\",\"@graph\":[{\"@type\":\"Article\",\"@id\":\"https:\/\/joyana.fr\/multiversites-creatives-exposition-centre-pompidou\/109620\/#article\",\"isPartOf\":{\"@id\":\"https:\/\/joyana.fr\/multiversites-creatives-exposition-centre-pompidou\/109620\/\"},\"author\":{\"name\":\"Jo Yana\",\"@id\":\"https:\/\/joyana.fr\/#\/schema\/person\/cf2a1ad12a27c12c21801075bf37407c\"},\"headline\":\"Exposition MULTIVERSIT\u00c9S CR\u00c9ATIVES au Centre Pompidou\",\"datePublished\":\"2012-05-07T05:13:11+00:00\",\"mainEntityOfPage\":{\"@id\":\"https:\/\/joyana.fr\/multiversites-creatives-exposition-centre-pompidou\/109620\/\"},\"wordCount\":391,\"commentCount\":17,\"publisher\":{\"@id\":\"https:\/\/joyana.fr\/#\/schema\/person\/cf2a1ad12a27c12c21801075bf37407c\"},\"image\":{\"@id\":\"https:\/\/joyana.fr\/multiversites-creatives-exposition-centre-pompidou\/109620\/#primaryimage\"},\"thumbnailUrl\":\"https:\/\/i0.wp.com\/www.joyana.fr\/wp-content\/uploads\/old\/MULTI_06.jpg?fit=576%2C867&ssl=1\",\"articleSection\":[\"Actualit\u00e9 D\u00e9co-Design\",\"DECO-DESIGN\",\"Kossi AGUESSY\"],\"inLanguage\":\"ja\",\"potentialAction\":[{\"@type\":\"CommentAction\",\"name\":\"Comment\",\"target\":[\"https:\/\/joyana.fr\/multiversites-creatives-exposition-centre-pompidou\/109620\/#respond\"]}]},{\"@type\":\"WebPage\",\"@id\":\"https:\/\/joyana.fr\/multiversites-creatives-exposition-centre-pompidou\/109620\/\",\"url\":\"https:\/\/joyana.fr\/multiversites-creatives-exposition-centre-pompidou\/109620\/\",\"name\":\"Exposition MULTIVERSIT\u00c9S CR\u00c9ATIVES au Centre Pompidou - JO YANA\",\"isPartOf\":{\"@id\":\"https:\/\/joyana.fr\/#website\"},\"primaryImageOfPage\":{\"@id\":\"https:\/\/joyana.fr\/multiversites-creatives-exposition-centre-pompidou\/109620\/#primaryimage\"},\"image\":{\"@id\":\"https:\/\/joyana.fr\/multiversites-creatives-exposition-centre-pompidou\/109620\/#primaryimage\"},\"thumbnailUrl\":\"https:\/\/i0.wp.com\/www.joyana.fr\/wp-content\/uploads\/old\/MULTI_06.jpg?fit=576%2C867&ssl=1\",\"datePublished\":\"2012-05-07T05:13:11+00:00\",\"breadcrumb\":{\"@id\":\"https:\/\/joyana.fr\/multiversites-creatives-exposition-centre-pompidou\/109620\/#breadcrumb\"},\"inLanguage\":\"ja\",\"potentialAction\":[{\"@type\":\"ReadAction\",\"target\":[\"https:\/\/joyana.fr\/multiversites-creatives-exposition-centre-pompidou\/109620\/\"]}]},{\"@type\":\"ImageObject\",\"inLanguage\":\"ja\",\"@id\":\"https:\/\/joyana.fr\/multiversites-creatives-exposition-centre-pompidou\/109620\/#primaryimage\",\"url\":\"https:\/\/i0.wp.com\/www.joyana.fr\/wp-content\/uploads\/old\/MULTI_06.jpg?fit=576%2C867&ssl=1\",\"contentUrl\":\"https:\/\/i0.wp.com\/www.joyana.fr\/wp-content\/uploads\/old\/MULTI_06.jpg?fit=576%2C867&ssl=1\",\"width\":576,\"height\":867},{\"@type\":\"BreadcrumbList\",\"@id\":\"https:\/\/joyana.fr\/multiversites-creatives-exposition-centre-pompidou\/109620\/#breadcrumb\",\"itemListElement\":[{\"@type\":\"ListItem\",\"position\":1,\"name\":\"Accueil\",\"item\":\"https:\/\/joyana.fr\/\"},{\"@type\":\"ListItem\",\"position\":2,\"name\":\"Exposition MULTIVERSIT\u00c9S CR\u00c9ATIVES au Centre Pompidou\"}]},{\"@type\":\"WebSite\",\"@id\":\"https:\/\/joyana.fr\/#website\",\"url\":\"https:\/\/joyana.fr\/\",\"name\":\"JO YANA\",\"description\":\"Blog Mode Homme, Lifestyle, D\u00e9co-Design\",\"publisher\":{\"@id\":\"https:\/\/joyana.fr\/#\/schema\/person\/cf2a1ad12a27c12c21801075bf37407c\"},\"potentialAction\":[{\"@type\":\"SearchAction\",\"target\":{\"@type\":\"EntryPoint\",\"urlTemplate\":\"https:\/\/joyana.fr\/?s={search_term_string}\"},\"query-input\":{\"@type\":\"PropertyValueSpecification\",\"valueRequired\":true,\"valueName\":\"search_term_string\"}}],\"inLanguage\":\"ja\"},{\"@type\":[\"Person\",\"Organization\"],\"@id\":\"https:\/\/joyana.fr\/#\/schema\/person\/cf2a1ad12a27c12c21801075bf37407c\",\"name\":\"Jo Yana\",\"image\":{\"@type\":\"ImageObject\",\"inLanguage\":\"ja\",\"@id\":\"https:\/\/joyana.fr\/#\/schema\/person\/image\/\",\"url\":\"https:\/\/i0.wp.com\/www.joyana.fr\/wp-content\/uploads\/2016\/08\/cropped-joyana-logo-black-360x180.png?fit=343%2C164&ssl=1\",\"contentUrl\":\"https:\/\/i0.wp.com\/www.joyana.fr\/wp-content\/uploads\/2016\/08\/cropped-joyana-logo-black-360x180.png?fit=343%2C164&ssl=1\",\"width\":343,\"height\":164,\"caption\":\"Jo Yana\"},\"logo\":{\"@id\":\"https:\/\/joyana.fr\/#\/schema\/person\/image\/\"},\"description\":\"Jo Yana est le cr\u00e9ateur et r\u00e9dacteur en chef des sites DECO-DESIGN. Passionn\u00e9 de Design, Mode, Photo, Luxe, Lifestyle, Musique, mais avant tout Blogueur ! Le plaisir de partager l'anime et a comme devise \\\"POUR L'AMOUR DU BEAU\\\". Retrouvez le aussi sur son blog personnel - https:\/\/joyana.fr...\",\"sameAs\":[\"https:\/\/joyana.fr\/\"],\"url\":\"https:\/\/www.joyana.fr\/ja\/author\/joyana\/\"}]}<\/script>\n<!-- \/ Yoast SEO plugin. -->","yoast_head_json":{"title":"Exposition MULTIVERSIT\u00c9S CR\u00c9ATIVES au Centre Pompidou - JO YANA","robots":{"index":"index","follow":"follow","max-snippet":"max-snippet:-1","max-image-preview":"max-image-preview:large","max-video-preview":"max-video-preview:-1"},"canonical":"https:\/\/joyana.fr\/multiversites-creatives-exposition-centre-pompidou\/109620\/","og_locale":"ja_JP","og_type":"article","og_title":"Exposition MULTIVERSIT\u00c9S CR\u00c9ATIVES au Centre Pompidou - JO YANA","og_description":"Le Centre Pompidou pr\u00e9sente, du 3 mai au 6 ao\u00fbt 2012, \u00ab\u00a0MULTIVERSIT\u00c9S CR\u00c9ATIVES \u00bb, une exposition consacr\u00e9e \u00e0 [&hellip;]","og_url":"https:\/\/www.joyana.fr\/ja\/multiversites-creatives-exposition-centre-pompidou\/109620\/","og_site_name":"JO YANA","article_published_time":"2012-05-07T05:13:11+00:00","og_image":[{"width":576,"height":867,"url":"https:\/\/joyana.fr\/wp-content\/uploads\/old\/MULTI_06.jpg","type":"image\/jpeg"}],"author":"Jo Yana","twitter_card":"summary_large_image","twitter_creator":"@Jo_Yana","twitter_site":"@Jo_Yana","twitter_misc":{"\u57f7\u7b46\u8005":"Jo Yana","\u63a8\u5b9a\u8aad\u307f\u53d6\u308a\u6642\u9593":"2\u5206"},"schema":{"@context":"https:\/\/schema.org","@graph":[{"@type":"Article","@id":"https:\/\/joyana.fr\/multiversites-creatives-exposition-centre-pompidou\/109620\/#article","isPartOf":{"@id":"https:\/\/joyana.fr\/multiversites-creatives-exposition-centre-pompidou\/109620\/"},"author":{"name":"Jo Yana","@id":"https:\/\/joyana.fr\/#\/schema\/person\/cf2a1ad12a27c12c21801075bf37407c"},"headline":"Exposition MULTIVERSIT\u00c9S CR\u00c9ATIVES au Centre Pompidou","datePublished":"2012-05-07T05:13:11+00:00","mainEntityOfPage":{"@id":"https:\/\/joyana.fr\/multiversites-creatives-exposition-centre-pompidou\/109620\/"},"wordCount":391,"commentCount":17,"publisher":{"@id":"https:\/\/joyana.fr\/#\/schema\/person\/cf2a1ad12a27c12c21801075bf37407c"},"image":{"@id":"https:\/\/joyana.fr\/multiversites-creatives-exposition-centre-pompidou\/109620\/#primaryimage"},"thumbnailUrl":"https:\/\/i0.wp.com\/www.joyana.fr\/wp-content\/uploads\/old\/MULTI_06.jpg?fit=576%2C867&ssl=1","articleSection":["Actualit\u00e9 D\u00e9co-Design","DECO-DESIGN","Kossi AGUESSY"],"inLanguage":"ja","potentialAction":[{"@type":"CommentAction","name":"Comment","target":["https:\/\/joyana.fr\/multiversites-creatives-exposition-centre-pompidou\/109620\/#respond"]}]},{"@type":"WebPage","@id":"https:\/\/joyana.fr\/multiversites-creatives-exposition-centre-pompidou\/109620\/","url":"https:\/\/joyana.fr\/multiversites-creatives-exposition-centre-pompidou\/109620\/","name":"Exposition MULTIVERSIT\u00c9S CR\u00c9ATIVES au Centre Pompidou - JO YANA","isPartOf":{"@id":"https:\/\/joyana.fr\/#website"},"primaryImageOfPage":{"@id":"https:\/\/joyana.fr\/multiversites-creatives-exposition-centre-pompidou\/109620\/#primaryimage"},"image":{"@id":"https:\/\/joyana.fr\/multiversites-creatives-exposition-centre-pompidou\/109620\/#primaryimage"},"thumbnailUrl":"https:\/\/i0.wp.com\/www.joyana.fr\/wp-content\/uploads\/old\/MULTI_06.jpg?fit=576%2C867&ssl=1","datePublished":"2012-05-07T05:13:11+00:00","breadcrumb":{"@id":"https:\/\/joyana.fr\/multiversites-creatives-exposition-centre-pompidou\/109620\/#breadcrumb"},"inLanguage":"ja","potentialAction":[{"@type":"ReadAction","target":["https:\/\/joyana.fr\/multiversites-creatives-exposition-centre-pompidou\/109620\/"]}]},{"@type":"ImageObject","inLanguage":"ja","@id":"https:\/\/joyana.fr\/multiversites-creatives-exposition-centre-pompidou\/109620\/#primaryimage","url":"https:\/\/i0.wp.com\/www.joyana.fr\/wp-content\/uploads\/old\/MULTI_06.jpg?fit=576%2C867&ssl=1","contentUrl":"https:\/\/i0.wp.com\/www.joyana.fr\/wp-content\/uploads\/old\/MULTI_06.jpg?fit=576%2C867&ssl=1","width":576,"height":867},{"@type":"BreadcrumbList","@id":"https:\/\/joyana.fr\/multiversites-creatives-exposition-centre-pompidou\/109620\/#breadcrumb","itemListElement":[{"@type":"ListItem","position":1,"name":"Accueil","item":"https:\/\/joyana.fr\/"},{"@type":"ListItem","position":2,"name":"Exposition MULTIVERSIT\u00c9S CR\u00c9ATIVES au Centre Pompidou"}]},{"@type":"WebSite","@id":"https:\/\/joyana.fr\/#website","url":"https:\/\/joyana.fr\/","name":"JO YANA","description":"Blog Mode Homme, Lifestyle, D\u00e9co-Design","publisher":{"@id":"https:\/\/joyana.fr\/#\/schema\/person\/cf2a1ad12a27c12c21801075bf37407c"},"potentialAction":[{"@type":"SearchAction","target":{"@type":"EntryPoint","urlTemplate":"https:\/\/joyana.fr\/?s={search_term_string}"},"query-input":{"@type":"PropertyValueSpecification","valueRequired":true,"valueName":"search_term_string"}}],"inLanguage":"ja"},{"@type":["Person","Organization"],"@id":"https:\/\/joyana.fr\/#\/schema\/person\/cf2a1ad12a27c12c21801075bf37407c","name":"Jo Yana","image":{"@type":"ImageObject","inLanguage":"ja","@id":"https:\/\/joyana.fr\/#\/schema\/person\/image\/","url":"https:\/\/i0.wp.com\/www.joyana.fr\/wp-content\/uploads\/2016\/08\/cropped-joyana-logo-black-360x180.png?fit=343%2C164&ssl=1","contentUrl":"https:\/\/i0.wp.com\/www.joyana.fr\/wp-content\/uploads\/2016\/08\/cropped-joyana-logo-black-360x180.png?fit=343%2C164&ssl=1","width":343,"height":164,"caption":"Jo Yana"},"logo":{"@id":"https:\/\/joyana.fr\/#\/schema\/person\/image\/"},"description":"Jo Yana est le cr\u00e9ateur et r\u00e9dacteur en chef des sites DECO-DESIGN. Passionn\u00e9 de Design, Mode, Photo, Luxe, Lifestyle, Musique, mais avant tout Blogueur ! Le plaisir de partager l'anime et a comme devise \"POUR L'AMOUR DU BEAU\". Retrouvez le aussi sur son blog personnel - https:\/\/joyana.fr...","sameAs":["https:\/\/joyana.fr\/"],"url":"https:\/\/www.joyana.fr\/ja\/author\/joyana\/"}]}},"author_meta":{"display_name":"Jo Yana","author_link":"https:\/\/www.joyana.fr\/ja\/author\/joyana\/"},"featured_img":"https:\/\/i0.wp.com\/www.joyana.fr\/wp-content\/uploads\/old\/MULTI_06.jpg?fit=258%2C389&ssl=1","featured_image_src":"https:\/\/i0.wp.com\/www.joyana.fr\/wp-content\/uploads\/old\/MULTI_06.jpg?resize=576%2C400&ssl=1","featured_image_src_square":"https:\/\/i0.wp.com\/www.joyana.fr\/wp-content\/uploads\/old\/MULTI_06.jpg?resize=576%2C600&ssl=1","jetpack_featured_media_url":"https:\/\/i0.wp.com\/www.joyana.fr\/wp-content\/uploads\/old\/MULTI_06.jpg?fit=576%2C867&ssl=1","uagb_featured_image_src":{"full":["https:\/\/i0.wp.com\/www.joyana.fr\/wp-content\/uploads\/old\/MULTI_06.jpg?fit=576%2C867&ssl=1",576,867,false],"thumbnail":["https:\/\/i0.wp.com\/www.joyana.fr\/wp-content\/uploads\/old\/MULTI_06.jpg?resize=150%2C150&ssl=1",150,150,true],"medium":["https:\/\/i0.wp.com\/www.joyana.fr\/wp-content\/uploads\/old\/MULTI_06.jpg?fit=258%2C389&ssl=1",258,389,true],"medium_large":["https:\/\/i0.wp.com\/www.joyana.fr\/wp-content\/uploads\/old\/MULTI_06.jpg?fit=576%2C867&ssl=1",576,867,true],"large":["https:\/\/i0.wp.com\/www.joyana.fr\/wp-content\/uploads\/old\/MULTI_06.jpg?fit=576%2C867&ssl=1",576,867,true],"1536x1536":["https:\/\/i0.wp.com\/www.joyana.fr\/wp-content\/uploads\/old\/MULTI_06.jpg?fit=576%2C867&ssl=1",576,867,true],"2048x2048":["https:\/\/i0.wp.com\/www.joyana.fr\/wp-content\/uploads\/old\/MULTI_06.jpg?fit=576%2C867&ssl=1",576,867,true],"featured-thumb":["https:\/\/i0.wp.com\/www.joyana.fr\/wp-content\/uploads\/old\/MULTI_06.jpg?resize=576%2C750&ssl=1",576,750,true],"ab-block-post-grid-landscape":["https:\/\/i0.wp.com\/www.joyana.fr\/wp-content\/uploads\/old\/MULTI_06.jpg?resize=576%2C400&ssl=1",576,400,true],"ab-block-post-grid-square":["https:\/\/i0.wp.com\/www.joyana.fr\/wp-content\/uploads\/old\/MULTI_06.jpg?resize=576%2C600&ssl=1",576,600,true],"author-pro-image":["https:\/\/i0.wp.com\/www.joyana.fr\/wp-content\/uploads\/old\/MULTI_06.jpg?resize=360%2C570&ssl=1",360,570,true],"slider":["https:\/\/i0.wp.com\/www.joyana.fr\/wp-content\/uploads\/old\/MULTI_06.jpg?resize=576%2C400&ssl=1",576,400,true],"woocommerce_thumbnail":["https:\/\/i0.wp.com\/www.joyana.fr\/wp-content\/uploads\/old\/MULTI_06.jpg?resize=450%2C450&ssl=1",450,450,true],"woocommerce_single":["https:\/\/i0.wp.com\/www.joyana.fr\/wp-content\/uploads\/old\/MULTI_06.jpg?fit=576%2C867&ssl=1",576,867,true],"woocommerce_gallery_thumbnail":["https:\/\/i0.wp.com\/www.joyana.fr\/wp-content\/uploads\/old\/MULTI_06.jpg?resize=180%2C180&ssl=1",180,180,true],"sow-carousel-default":["https:\/\/i0.wp.com\/www.joyana.fr\/wp-content\/uploads\/old\/MULTI_06.jpg?resize=272%2C182&ssl=1",272,182,true]},"uagb_author_info":{"display_name":"Jo Yana","author_link":"https:\/\/www.joyana.fr\/ja\/author\/joyana\/"},"uagb_comment_info":32,"uagb_excerpt":"Le Centre Pompidou pr\u00e9sente, du 3 mai au 6 ao\u00fbt 2012, \u00ab&hellip;","coauthors":[],"tax_additional":{"categories":{"linked":["<a href=\"https:\/\/www.joyana.fr\/ja\/category\/deco-design\/actualite\/actualite-deco-design\/\" class=\"advgb-post-tax-term\">Actualit\u00e9 D\u00e9co-Design<\/a>","<a href=\"https:\/\/www.joyana.fr\/ja\/category\/deco-design\/\" class=\"advgb-post-tax-term\">DECO-DESIGN<\/a>","<a href=\"https:\/\/www.joyana.fr\/ja\/category\/deco-design\/designer\/kossi-aguessy\/\" class=\"advgb-post-tax-term\">Kossi AGUESSY<\/a>"],"unlinked":["<span class=\"advgb-post-tax-term\">Actualit\u00e9 D\u00e9co-Design<\/span>","<span class=\"advgb-post-tax-term\">DECO-DESIGN<\/span>","<span class=\"advgb-post-tax-term\">Kossi AGUESSY<\/span>"]}},"comment_count":32,"relative_dates":{"created":"Posted 14\u5e74 ago","modified":"Updated 14\u5e74 ago"},"absolute_dates":{"created":"Posted on 7 5\u6708 2012","modified":"Updated on 7 5\u6708 2012"},"absolute_dates_time":{"created":"Posted on 7 5\u6708 2012 6:13","modified":"Updated on 7 5\u6708 2012 6:13"},"featured_img_caption":"","series_order":"","jetpack_sharing_enabled":true,"jetpack_shortlink":"https:\/\/wp.me\/p9bteI-sw4","jetpack-related-posts":[],"_links":{"self":[{"href":"https:\/\/www.joyana.fr\/ja\/wp-json\/wp\/v2\/posts\/109620","targetHints":{"allow":["GET"]}}],"collection":[{"href":"https:\/\/www.joyana.fr\/ja\/wp-json\/wp\/v2\/posts"}],"about":[{"href":"https:\/\/www.joyana.fr\/ja\/wp-json\/wp\/v2\/types\/post"}],"author":[{"embeddable":true,"href":"https:\/\/www.joyana.fr\/ja\/wp-json\/wp\/v2\/users\/3"}],"replies":[{"embeddable":true,"href":"https:\/\/www.joyana.fr\/ja\/wp-json\/wp\/v2\/comments?post=109620"}],"version-history":[{"count":0,"href":"https:\/\/www.joyana.fr\/ja\/wp-json\/wp\/v2\/posts\/109620\/revisions"}],"wp:featuredmedia":[{"embeddable":true,"href":"https:\/\/www.joyana.fr\/ja\/wp-json\/wp\/v2\/media\/109625"}],"wp:attachment":[{"href":"https:\/\/www.joyana.fr\/ja\/wp-json\/wp\/v2\/media?parent=109620"}],"wp:term":[{"taxonomy":"category","embeddable":true,"href":"https:\/\/www.joyana.fr\/ja\/wp-json\/wp\/v2\/categories?post=109620"},{"taxonomy":"post_tag","embeddable":true,"href":"https:\/\/www.joyana.fr\/ja\/wp-json\/wp\/v2\/tags?post=109620"}],"curies":[{"name":"wp","href":"https:\/\/api.w.org\/{rel}","templated":true}]}}