{"id":109196,"date":"2012-03-19T19:12:34","date_gmt":"2012-03-19T18:12:34","guid":{"rendered":"https:\/\/joyana.fr\/?p=9196"},"modified":"2012-03-19T19:12:34","modified_gmt":"2012-03-19T18:12:34","slug":"designer-julie-brunaud-appartement-design","status":"publish","type":"post","link":"https:\/\/www.joyana.fr\/ja\/designer-julie-brunaud-appartement-design\/109196\/","title":{"rendered":"Julie BRUNAUD ouvre les portes de son Appartement"},"content":{"rendered":"<p>La <strong>designer Julie Brunaud<\/strong> &#8211; dont les cr\u00e9ations sont \u00e9dit\u00e9es chez <strong><a title=\"SLLOV\" href=\"http:\/\/www.lepelican.fr\/marques\/sllov.html\" target=\"_blank\">SLLOV<\/a><\/strong> &#8211; nous ouvre les portes de son charmant <strong>appartement<\/strong> et r\u00e9pond \u00e0 nos questions&#8230;<\/p>\n<p><img data-recalc-dims=\"1\" fetchpriority=\"high\" decoding=\"async\" data-attachment-id=\"9197\" data-permalink=\"https:\/\/www.joyana.fr\/ja\/visite-chantier-les-terrasses-du-port\/9194\/blog_les-terrasses-du-port-chantier-5-copie-copie\/\" data-orig-file=\"https:\/\/i0.wp.com\/www.joyana.fr\/wp-content\/uploads\/2014\/05\/BLOG_LES-TERRASSES-DU-PORT-CHANTIER-5-copie-copie.jpg?fit=800%2C800&amp;ssl=1\" data-orig-size=\"800,800\" data-comments-opened=\"1\" data-image-meta=\"{&quot;aperture&quot;:&quot;0&quot;,&quot;credit&quot;:&quot;&quot;,&quot;camera&quot;:&quot;&quot;,&quot;caption&quot;:&quot;&quot;,&quot;created_timestamp&quot;:&quot;0&quot;,&quot;copyright&quot;:&quot;&quot;,&quot;focal_length&quot;:&quot;0&quot;,&quot;iso&quot;:&quot;0&quot;,&quot;shutter_speed&quot;:&quot;0&quot;,&quot;title&quot;:&quot;&quot;,&quot;orientation&quot;:&quot;1&quot;}\" data-image-title=\"BLOG_LES TERRASSES DU PORT CHANTIER 5 copie copie\" data-image-description=\"\" data-image-caption=\"\" data-medium-file=\"https:\/\/i0.wp.com\/www.joyana.fr\/wp-content\/uploads\/2014\/05\/BLOG_LES-TERRASSES-DU-PORT-CHANTIER-5-copie-copie.jpg?fit=389%2C389&amp;ssl=1\" data-large-file=\"https:\/\/i0.wp.com\/www.joyana.fr\/wp-content\/uploads\/2014\/05\/BLOG_LES-TERRASSES-DU-PORT-CHANTIER-5-copie-copie.jpg?fit=800%2C800&amp;ssl=1\" class=\"alignnone size-full wp-image-9197\" title=\"Julie BRUNAUD ouvre les portes de son Appartement\" src=\"https:\/\/i0.wp.com\/joyana.fr\/wp-content\/uploads\/JULIE_SLLOV_DSC_0100.jpg?resize=576%2C403&#038;ssl=1\" alt=\"\" width=\"576\" height=\"403\" \/><\/p>\n<p><span style=\"color: #ff0066;\">Deco-Design : Bonjour <strong>Julie Brunaud<\/strong>, parle nous de toi, de ton parcours, de ton home sweet home&#8230;<\/span><\/p>\n<p><strong>Julie BRUNAUD<\/strong> : <em>J\u2019ai r\u00e9alis\u00e9 une mise \u00e0 niveau en arts-appliqu\u00e9s \u00e0 dans le lyc\u00e9e des arts et m\u00e9tiers de Villefontaine (38) ou j\u2019ai pu aborder le design de produit, la cr\u00e9ation plastique, le stylisme et le maquettisme. Cette ann\u00e9e m\u2019a donn\u00e9 la possibilit\u00e9 de d\u00e9couvrir diff\u00e9rents univers et m\u2019a confort\u00e9 dans mon id\u00e9e de faire du design. Par la suite, j\u2019ai int\u00e9gr\u00e9 un BTS de design de produits puis une mention compl\u00e9mentaire en design de produits et maquettes. Cela m\u2019a permis de voir au del\u00e0 de la simple cr\u00e9ation. En effet, le design ne se r\u00e9sume pas \u00e0 \u00ab dessiner des id\u00e9es \u00bb mais \u00e0 concevoir et penser \u00ab une id\u00e9e \u00bb dans sa globalit\u00e9, du croquis de d\u00e9part jusqu\u2019\u00e0 la mise en production. Et j\u2019adore travailler ainsi !!!<\/em><\/p>\n<p><em>Je pense que lorsque l\u2019on choisi un m\u00e9tier comme celui-ci c\u2019est par passion, par envie et m\u00eame par besoin. J\u2019ai besoin d\u2019\u00eatre entour\u00e9, m\u00eame dans mon environnement personnel, d\u2019objets design, de cr\u00e9ations originales ou d\u2019objets de r\u00e9cup\u00e9ration.<\/em><\/p>\n<p><em>Mon appartement est un m\u00e9lange de tout \u00e7a. Je prends le temps d\u2019am\u00e9nager mon 3 pi\u00e8ces de 70m2 au fil de mes coups de c\u0153ur, de mes envies, de mes trouvailles. En effet, j\u2019aime le m\u00e9lange des mati\u00e8res, des \u00e9poques, des styles, le tout assembl\u00e9s offre une ambiance chaleureuse qui me ressemble.<\/em><\/p>\n<p><img data-recalc-dims=\"1\" decoding=\"async\" data-attachment-id=\"9199\" data-permalink=\"https:\/\/www.joyana.fr\/ja\/visite-chantier-les-terrasses-du-port\/9194\/blog_les-terrasses-du-port-chantier__10\/\" data-orig-file=\"https:\/\/i0.wp.com\/www.joyana.fr\/wp-content\/uploads\/2014\/05\/BLOG_LES-TERRASSES-DU-PORT-CHANTIER__10.jpg?fit=800%2C800&amp;ssl=1\" data-orig-size=\"800,800\" data-comments-opened=\"1\" data-image-meta=\"{&quot;aperture&quot;:&quot;0&quot;,&quot;credit&quot;:&quot;&quot;,&quot;camera&quot;:&quot;&quot;,&quot;caption&quot;:&quot;&quot;,&quot;created_timestamp&quot;:&quot;0&quot;,&quot;copyright&quot;:&quot;&quot;,&quot;focal_length&quot;:&quot;0&quot;,&quot;iso&quot;:&quot;0&quot;,&quot;shutter_speed&quot;:&quot;0&quot;,&quot;title&quot;:&quot;&quot;,&quot;orientation&quot;:&quot;1&quot;}\" data-image-title=\"BLOG_LES TERRASSES DU PORT CHANTIER__10\" data-image-description=\"\" data-image-caption=\"\" data-medium-file=\"https:\/\/i0.wp.com\/www.joyana.fr\/wp-content\/uploads\/2014\/05\/BLOG_LES-TERRASSES-DU-PORT-CHANTIER__10.jpg?fit=389%2C389&amp;ssl=1\" data-large-file=\"https:\/\/i0.wp.com\/www.joyana.fr\/wp-content\/uploads\/2014\/05\/BLOG_LES-TERRASSES-DU-PORT-CHANTIER__10.jpg?fit=800%2C800&amp;ssl=1\" class=\"alignnone size-full wp-image-9199\" title=\"Julie BRUNAUD ouvre les portes de son Appartement\" src=\"https:\/\/i0.wp.com\/joyana.fr\/wp-content\/uploads\/JULIE_SLLOV_DSC_0132.jpg?resize=576%2C288&#038;ssl=1\" alt=\"\" width=\"576\" height=\"288\" \/><\/p>\n<p><span style=\"color: #ff0066;\">Deco-Design :\u00a0 Comment t&#8217;est venue la passion du design et de la d\u00e9coration ???<\/span><\/p>\n<p><strong>Julie BRUNAUD<\/strong> : <em>La passion du design et de la d\u00e9coration\u2026 je crois que je l\u2019ai toujours eut !!! D\u00e9j\u00e0 toute petite, je dessinais avec ma s\u0153ur et ma grand-m\u00e8re, puis je me suis essay\u00e9e \u00e0 la cr\u00e9ation manuelle, au bricolage, \u00e0 la peinture. Du plus loin que je me souviennes, j\u2019ai toujours aim\u00e9 les meubles et la d\u00e9coration, je voulais en faire mon m\u00e9tier et ma famille m\u2019a toujours encourag\u00e9 \u00e0 d\u00e9velopper ma cr\u00e9ativit\u00e9. Aujourd\u2019hui mon m\u00e9tier est ma passion, et la d\u00e9coration, la peinture ma d\u00e9tente.<\/em><\/p>\n<p><span style=\"color: #ff0066;\">Deco-Design :\u00a0 Quel est ton premier achat design ???<\/span><\/p>\n<p><strong>Julie BRUNAUD<\/strong> : <em>Mon premier achat design \u00e9tait la lampe \u00e0 poser CAMARO de la marque EGLO. J\u2019ai tout de suite aim\u00e9 son cot\u00e9 retro avec son pied en nickel et son verre opale rouge toute en rondeur. Un vrai coup de c\u0153ur !!!<\/em><\/p>\n<p><img data-recalc-dims=\"1\" decoding=\"async\" data-attachment-id=\"9198\" data-permalink=\"https:\/\/www.joyana.fr\/ja\/visite-chantier-les-terrasses-du-port\/9194\/blog_les-terrasses-du-port-chantier-copie\/\" data-orig-file=\"https:\/\/i0.wp.com\/www.joyana.fr\/wp-content\/uploads\/2014\/05\/BLOG_LES-TERRASSES-DU-PORT-CHANTIER-copie.jpg?fit=800%2C800&amp;ssl=1\" data-orig-size=\"800,800\" data-comments-opened=\"1\" data-image-meta=\"{&quot;aperture&quot;:&quot;0&quot;,&quot;credit&quot;:&quot;&quot;,&quot;camera&quot;:&quot;&quot;,&quot;caption&quot;:&quot;&quot;,&quot;created_timestamp&quot;:&quot;0&quot;,&quot;copyright&quot;:&quot;&quot;,&quot;focal_length&quot;:&quot;0&quot;,&quot;iso&quot;:&quot;0&quot;,&quot;shutter_speed&quot;:&quot;0&quot;,&quot;title&quot;:&quot;&quot;,&quot;orientation&quot;:&quot;1&quot;}\" data-image-title=\"BLOG_LES TERRASSES DU PORT CHANTIER copie\" data-image-description=\"\" data-image-caption=\"\" data-medium-file=\"https:\/\/i0.wp.com\/www.joyana.fr\/wp-content\/uploads\/2014\/05\/BLOG_LES-TERRASSES-DU-PORT-CHANTIER-copie.jpg?fit=389%2C389&amp;ssl=1\" data-large-file=\"https:\/\/i0.wp.com\/www.joyana.fr\/wp-content\/uploads\/2014\/05\/BLOG_LES-TERRASSES-DU-PORT-CHANTIER-copie.jpg?fit=800%2C800&amp;ssl=1\" class=\"alignnone size-full wp-image-9198\" title=\"Julie BRUNAUD ouvre les portes de son Appartement\" src=\"https:\/\/i0.wp.com\/joyana.fr\/wp-content\/uploads\/JULIE_SLLOV_DSC_0127.jpg?resize=576%2C844&#038;ssl=1\" alt=\"\" width=\"576\" height=\"844\" \/><\/p>\n<p><img data-recalc-dims=\"1\" loading=\"lazy\" decoding=\"async\" data-attachment-id=\"9201\" data-permalink=\"https:\/\/www.joyana.fr\/ja\/visite-chantier-les-terrasses-du-port\/9194\/blog_les-terrasses-du-port-chantier__13-copie\/\" data-orig-file=\"https:\/\/i0.wp.com\/www.joyana.fr\/wp-content\/uploads\/2014\/05\/BLOG_LES-TERRASSES-DU-PORT-CHANTIER__13-copie.jpg?fit=800%2C800&amp;ssl=1\" data-orig-size=\"800,800\" data-comments-opened=\"1\" data-image-meta=\"{&quot;aperture&quot;:&quot;0&quot;,&quot;credit&quot;:&quot;&quot;,&quot;camera&quot;:&quot;&quot;,&quot;caption&quot;:&quot;&quot;,&quot;created_timestamp&quot;:&quot;0&quot;,&quot;copyright&quot;:&quot;&quot;,&quot;focal_length&quot;:&quot;0&quot;,&quot;iso&quot;:&quot;0&quot;,&quot;shutter_speed&quot;:&quot;0&quot;,&quot;title&quot;:&quot;&quot;,&quot;orientation&quot;:&quot;1&quot;}\" data-image-title=\"BLOG_LES TERRASSES DU PORT CHANTIER__13 copie\" data-image-description=\"\" data-image-caption=\"\" data-medium-file=\"https:\/\/i0.wp.com\/www.joyana.fr\/wp-content\/uploads\/2014\/05\/BLOG_LES-TERRASSES-DU-PORT-CHANTIER__13-copie.jpg?fit=389%2C389&amp;ssl=1\" data-large-file=\"https:\/\/i0.wp.com\/www.joyana.fr\/wp-content\/uploads\/2014\/05\/BLOG_LES-TERRASSES-DU-PORT-CHANTIER__13-copie.jpg?fit=800%2C800&amp;ssl=1\" class=\"alignnone size-full wp-image-9201\" title=\"Julie BRUNAUD ouvre les portes de son Appartement\" src=\"https:\/\/i0.wp.com\/joyana.fr\/wp-content\/uploads\/JULIE_SLLOV_DSC_0195.jpg?resize=576%2C384&#038;ssl=1\" alt=\"\" width=\"576\" height=\"384\" \/><\/p>\n<p><span style=\"color: #ff0066;\">Deco-Design : Quel designer admires-tu ???<\/span><\/p>\n<p><strong>Julie BRUNAUD<\/strong> : <em>Ron Arad !!! Il travail dans la diversit\u00e9 des mat\u00e9riaux et des mises en \u0153uvre mais garde toujours beaucoup de douceur et de puret\u00e9 dans ces lignes. Je suis fan !!!<\/em><\/p>\n<p><span style=\"color: #ff0066;\">Deco-Design : Un objet culte pour toi ???<\/span><\/p>\n<p><strong>Julie BRUNAUD<\/strong> : <em>Il y en a tellement !!! Mais je dirais, le fauteuil \u00e0 bascule RAR de Charles et Ray Eames.<\/em><\/p>\n<p><img data-recalc-dims=\"1\" loading=\"lazy\" decoding=\"async\" data-attachment-id=\"9200\" data-permalink=\"https:\/\/www.joyana.fr\/ja\/visite-chantier-les-terrasses-du-port\/9194\/blog_les-terrasses-du-port-chantier__11-copie\/\" data-orig-file=\"https:\/\/i0.wp.com\/www.joyana.fr\/wp-content\/uploads\/2014\/05\/BLOG_LES-TERRASSES-DU-PORT-CHANTIER__11-copie.jpg?fit=800%2C800&amp;ssl=1\" data-orig-size=\"800,800\" data-comments-opened=\"1\" data-image-meta=\"{&quot;aperture&quot;:&quot;0&quot;,&quot;credit&quot;:&quot;&quot;,&quot;camera&quot;:&quot;&quot;,&quot;caption&quot;:&quot;&quot;,&quot;created_timestamp&quot;:&quot;0&quot;,&quot;copyright&quot;:&quot;&quot;,&quot;focal_length&quot;:&quot;0&quot;,&quot;iso&quot;:&quot;0&quot;,&quot;shutter_speed&quot;:&quot;0&quot;,&quot;title&quot;:&quot;&quot;,&quot;orientation&quot;:&quot;1&quot;}\" data-image-title=\"BLOG_LES TERRASSES DU PORT CHANTIER__11 copie\" data-image-description=\"\" data-image-caption=\"\" data-medium-file=\"https:\/\/i0.wp.com\/www.joyana.fr\/wp-content\/uploads\/2014\/05\/BLOG_LES-TERRASSES-DU-PORT-CHANTIER__11-copie.jpg?fit=389%2C389&amp;ssl=1\" data-large-file=\"https:\/\/i0.wp.com\/www.joyana.fr\/wp-content\/uploads\/2014\/05\/BLOG_LES-TERRASSES-DU-PORT-CHANTIER__11-copie.jpg?fit=800%2C800&amp;ssl=1\" class=\"alignnone size-full wp-image-9200\" title=\"Julie BRUNAUD ouvre les portes de son Appartement\" src=\"https:\/\/i0.wp.com\/joyana.fr\/wp-content\/uploads\/JULIE_SLLOV_DSC_0154.jpg?resize=576%2C678&#038;ssl=1\" alt=\"\" width=\"576\" height=\"678\" \/><\/p>\n<p><span style=\"color: #ff0066;\">Deco-Design : Quel(s) projet(s) pour cet int\u00e9rieur ???<\/span><\/p>\n<p><strong>Julie BRUNAUD<\/strong> : <em>Continuer \u00e0 le d\u00e9corer et le meubler. Une fois termin\u00e9, il sera temps de d\u00e9m\u00e9nager pour recommencer&#8230;<\/em><\/p>\n<p><img data-recalc-dims=\"1\" loading=\"lazy\" decoding=\"async\" class=\"alignnone size-full wp-image-9206\" title=\"SLLOV-JULIE-BRUNAUD\" src=\"https:\/\/i0.wp.com\/joyana.fr\/wp-content\/uploads\/SLLOV-JULIE-BRUNAUD.jpg?resize=576%2C384&#038;ssl=1\" alt=\"\" width=\"576\" height=\"384\" \/><\/p>\n<p>D\u00e9couvrez toutes les cr\u00e9ations de <a title=\"JULIE BRUNAUD\" href=\"http:\/\/www.lepelican.fr\/createurs\/julie-brunaud.html\" target=\"_blank\"><strong>Julie BRUNAUD<\/strong><\/a> sur <a title=\"LE PELICAN\" href=\"http:\/\/www.lepelican.fr\" target=\"_blank\">LE PELICAN<\/a><\/p>\n","protected":false},"excerpt":{"rendered":"<p>La designer Julie Brunaud &#8211; dont les cr\u00e9ations sont \u00e9dit\u00e9es chez SLLOV &#8211; nous ouvre les portes de  [&hellip;]<\/p>\n","protected":false},"author":3,"featured_media":109201,"comment_status":"open","ping_status":"open","sticky":false,"template":"","format":"standard","meta":{"_coblocks_attr":"","_coblocks_dimensions":"","_coblocks_responsive_height":"","_coblocks_accordion_ie_support":"","_uag_custom_page_level_css":"","advgb_blocks_editor_width":"","advgb_blocks_columns_visual_guide":"","_genesis_hide_title":false,"_genesis_hide_breadcrumbs":false,"_genesis_hide_singular_image":false,"_genesis_hide_footer_widgets":false,"_genesis_custom_body_class":"","_genesis_custom_post_class":"","_genesis_layout":"","_themeisle_gutenberg_block_has_review":false,"_jetpack_newsletter_access":"","_jetpack_dont_email_post_to_subs":false,"_jetpack_newsletter_tier_id":0,"_jetpack_memberships_contains_paywalled_content":false,"_jetpack_memberships_contains_paid_content":false,"footnotes":""},"categories":[1026,905,911,1039,1109],"tags":[501],"class_list":{"0":"post-109196","1":"post","2":"type-post","3":"status-publish","4":"format-standard","5":"has-post-thumbnail","7":"category-appartement","8":"category-deco-design","9":"category-designer","10":"category-france","11":"category-julie-brunaud","12":"tag-architecture-2","13":"entry"},"featured_image_urls":{"full":["https:\/\/i0.wp.com\/www.joyana.fr\/wp-content\/uploads\/old\/JULIE_SLLOV_DSC_0195.jpg?fit=576%2C384&ssl=1",576,384,false],"thumbnail":["https:\/\/i0.wp.com\/www.joyana.fr\/wp-content\/uploads\/old\/JULIE_SLLOV_DSC_0195.jpg?resize=150%2C150&ssl=1",150,150,true],"medium":["https:\/\/i0.wp.com\/www.joyana.fr\/wp-content\/uploads\/old\/JULIE_SLLOV_DSC_0195.jpg?fit=389%2C259&ssl=1",389,259,true],"medium_large":["https:\/\/i0.wp.com\/www.joyana.fr\/wp-content\/uploads\/old\/JULIE_SLLOV_DSC_0195.jpg?fit=576%2C384&ssl=1",576,384,true],"large":["https:\/\/i0.wp.com\/www.joyana.fr\/wp-content\/uploads\/old\/JULIE_SLLOV_DSC_0195.jpg?fit=576%2C384&ssl=1",576,384,true],"1536x1536":["https:\/\/i0.wp.com\/www.joyana.fr\/wp-content\/uploads\/old\/JULIE_SLLOV_DSC_0195.jpg?fit=576%2C384&ssl=1",576,384,true],"2048x2048":["https:\/\/i0.wp.com\/www.joyana.fr\/wp-content\/uploads\/old\/JULIE_SLLOV_DSC_0195.jpg?fit=576%2C384&ssl=1",576,384,true],"featured-thumb":["https:\/\/i0.wp.com\/www.joyana.fr\/wp-content\/uploads\/old\/JULIE_SLLOV_DSC_0195.jpg?resize=576%2C384&ssl=1",576,384,true],"ab-block-post-grid-landscape":["https:\/\/i0.wp.com\/www.joyana.fr\/wp-content\/uploads\/old\/JULIE_SLLOV_DSC_0195.jpg?resize=576%2C384&ssl=1",576,384,true],"ab-block-post-grid-square":["https:\/\/i0.wp.com\/www.joyana.fr\/wp-content\/uploads\/old\/JULIE_SLLOV_DSC_0195.jpg?resize=576%2C384&ssl=1",576,384,true],"author-pro-image":["https:\/\/i0.wp.com\/www.joyana.fr\/wp-content\/uploads\/old\/JULIE_SLLOV_DSC_0195.jpg?resize=360%2C384&ssl=1",360,384,true],"slider":["https:\/\/i0.wp.com\/www.joyana.fr\/wp-content\/uploads\/old\/JULIE_SLLOV_DSC_0195.jpg?resize=576%2C384&ssl=1",576,384,true],"woocommerce_thumbnail":["https:\/\/i0.wp.com\/www.joyana.fr\/wp-content\/uploads\/old\/JULIE_SLLOV_DSC_0195.jpg?resize=450%2C384&ssl=1",450,384,true],"woocommerce_single":["https:\/\/i0.wp.com\/www.joyana.fr\/wp-content\/uploads\/old\/JULIE_SLLOV_DSC_0195.jpg?fit=576%2C384&ssl=1",576,384,true],"woocommerce_gallery_thumbnail":["https:\/\/i0.wp.com\/www.joyana.fr\/wp-content\/uploads\/old\/JULIE_SLLOV_DSC_0195.jpg?resize=180%2C180&ssl=1",180,180,true],"sow-carousel-default":["https:\/\/i0.wp.com\/www.joyana.fr\/wp-content\/uploads\/old\/JULIE_SLLOV_DSC_0195.jpg?resize=272%2C182&ssl=1",272,182,true]},"post_excerpt_stackable":"<p>La designer Julie Brunaud &#8211; dont les cr\u00e9ations sont \u00e9dit\u00e9es chez SLLOV &#8211; nous ouvre les &hellip;<\/p>\n","category_list":"<a href=\"https:\/\/www.joyana.fr\/ja\/category\/deco-design\/architecture-deco-design\/lieux-design\/appartement\/\" rel=\"category tag\">Appartement<\/a>, <a href=\"https:\/\/www.joyana.fr\/ja\/category\/deco-design\/\" rel=\"category tag\">DECO-DESIGN<\/a>, <a href=\"https:\/\/www.joyana.fr\/ja\/category\/deco-design\/designer\/\" rel=\"category tag\">Designer<\/a>, <a href=\"https:\/\/www.joyana.fr\/ja\/category\/deco-design\/architecture-deco-design\/pays\/france\/\" rel=\"category tag\">France<\/a>, <a href=\"https:\/\/www.joyana.fr\/ja\/category\/deco-design\/designer\/julie-brunaud\/\" rel=\"category tag\">Julie BRUNAUD<\/a>","author_info":{"display_name":"Jo Yana","author_link":"https:\/\/www.joyana.fr\/ja\/author\/joyana\/"},"comments_num":"10 comments","featured_image_urls_v2":{"full":["https:\/\/i0.wp.com\/www.joyana.fr\/wp-content\/uploads\/old\/JULIE_SLLOV_DSC_0195.jpg?fit=576%2C384&ssl=1",576,384,false],"thumbnail":["https:\/\/i0.wp.com\/www.joyana.fr\/wp-content\/uploads\/old\/JULIE_SLLOV_DSC_0195.jpg?resize=150%2C150&ssl=1",150,150,true],"medium":["https:\/\/i0.wp.com\/www.joyana.fr\/wp-content\/uploads\/old\/JULIE_SLLOV_DSC_0195.jpg?fit=389%2C259&ssl=1",389,259,true],"medium_large":["https:\/\/i0.wp.com\/www.joyana.fr\/wp-content\/uploads\/old\/JULIE_SLLOV_DSC_0195.jpg?fit=576%2C384&ssl=1",576,384,true],"large":["https:\/\/i0.wp.com\/www.joyana.fr\/wp-content\/uploads\/old\/JULIE_SLLOV_DSC_0195.jpg?fit=576%2C384&ssl=1",576,384,true],"1536x1536":["https:\/\/i0.wp.com\/www.joyana.fr\/wp-content\/uploads\/old\/JULIE_SLLOV_DSC_0195.jpg?fit=576%2C384&ssl=1",576,384,true],"2048x2048":["https:\/\/i0.wp.com\/www.joyana.fr\/wp-content\/uploads\/old\/JULIE_SLLOV_DSC_0195.jpg?fit=576%2C384&ssl=1",576,384,true],"featured-thumb":["https:\/\/i0.wp.com\/www.joyana.fr\/wp-content\/uploads\/old\/JULIE_SLLOV_DSC_0195.jpg?resize=576%2C384&ssl=1",576,384,true],"ab-block-post-grid-landscape":["https:\/\/i0.wp.com\/www.joyana.fr\/wp-content\/uploads\/old\/JULIE_SLLOV_DSC_0195.jpg?resize=576%2C384&ssl=1",576,384,true],"ab-block-post-grid-square":["https:\/\/i0.wp.com\/www.joyana.fr\/wp-content\/uploads\/old\/JULIE_SLLOV_DSC_0195.jpg?resize=576%2C384&ssl=1",576,384,true],"author-pro-image":["https:\/\/i0.wp.com\/www.joyana.fr\/wp-content\/uploads\/old\/JULIE_SLLOV_DSC_0195.jpg?resize=360%2C384&ssl=1",360,384,true],"slider":["https:\/\/i0.wp.com\/www.joyana.fr\/wp-content\/uploads\/old\/JULIE_SLLOV_DSC_0195.jpg?resize=576%2C384&ssl=1",576,384,true],"woocommerce_thumbnail":["https:\/\/i0.wp.com\/www.joyana.fr\/wp-content\/uploads\/old\/JULIE_SLLOV_DSC_0195.jpg?resize=450%2C384&ssl=1",450,384,true],"woocommerce_single":["https:\/\/i0.wp.com\/www.joyana.fr\/wp-content\/uploads\/old\/JULIE_SLLOV_DSC_0195.jpg?fit=576%2C384&ssl=1",576,384,true],"woocommerce_gallery_thumbnail":["https:\/\/i0.wp.com\/www.joyana.fr\/wp-content\/uploads\/old\/JULIE_SLLOV_DSC_0195.jpg?resize=180%2C180&ssl=1",180,180,true],"sow-carousel-default":["https:\/\/i0.wp.com\/www.joyana.fr\/wp-content\/uploads\/old\/JULIE_SLLOV_DSC_0195.jpg?resize=272%2C182&ssl=1",272,182,true]},"post_excerpt_stackable_v2":"<p>La designer Julie Brunaud &#8211; dont les cr\u00e9ations sont \u00e9dit\u00e9es chez SLLOV &#8211; nous ouvre les &hellip;<\/p>\n","category_list_v2":"<a href=\"https:\/\/www.joyana.fr\/ja\/category\/deco-design\/architecture-deco-design\/lieux-design\/appartement\/\" rel=\"category tag\">Appartement<\/a>, <a href=\"https:\/\/www.joyana.fr\/ja\/category\/deco-design\/\" rel=\"category tag\">DECO-DESIGN<\/a>, <a href=\"https:\/\/www.joyana.fr\/ja\/category\/deco-design\/designer\/\" rel=\"category tag\">Designer<\/a>, <a href=\"https:\/\/www.joyana.fr\/ja\/category\/deco-design\/architecture-deco-design\/pays\/france\/\" rel=\"category tag\">France<\/a>, <a href=\"https:\/\/www.joyana.fr\/ja\/category\/deco-design\/designer\/julie-brunaud\/\" rel=\"category tag\">Julie BRUNAUD<\/a>","author_info_v2":{"name":"Jo Yana","url":"https:\/\/www.joyana.fr\/ja\/author\/joyana\/"},"comments_num_v2":"10 comments","yoast_head":"<!-- This site is optimized with the Yoast SEO plugin v26.8 - https:\/\/yoast.com\/product\/yoast-seo-wordpress\/ -->\n<title>Julie BRUNAUD ouvre les portes de son Appartement - JO YANA<\/title>\n<meta name=\"robots\" content=\"index, follow, max-snippet:-1, max-image-preview:large, max-video-preview:-1\" \/>\n<link rel=\"canonical\" href=\"https:\/\/joyana.fr\/ja\/designer-julie-brunaud-appartement-design\/109196\/\" \/>\n<meta property=\"og:locale\" content=\"ja_JP\" \/>\n<meta property=\"og:locale:alternate\" content=\"fr_FR\" \/>\n<meta property=\"og:locale:alternate\" content=\"en_US\" \/>\n<meta property=\"og:type\" content=\"article\" \/>\n<meta property=\"og:title\" content=\"Julie BRUNAUD ouvre les portes de son Appartement - JO YANA\" \/>\n<meta property=\"og:description\" content=\"La designer Julie Brunaud &#8211; dont les cr\u00e9ations sont \u00e9dit\u00e9es chez SLLOV &#8211; nous ouvre les portes de [&hellip;]\" \/>\n<meta property=\"og:url\" content=\"https:\/\/www.joyana.fr\/ja\/designer-julie-brunaud-appartement-design\/109196\/\" \/>\n<meta property=\"og:site_name\" content=\"JO YANA\" \/>\n<meta property=\"article:published_time\" content=\"2012-03-19T18:12:34+00:00\" \/>\n<meta property=\"og:image\" content=\"https:\/\/joyana.fr\/wp-content\/uploads\/old\/JULIE_SLLOV_DSC_0195.jpg\" \/>\n\t<meta property=\"og:image:width\" content=\"576\" \/>\n\t<meta property=\"og:image:height\" content=\"384\" \/>\n\t<meta property=\"og:image:type\" content=\"image\/jpeg\" \/>\n<meta name=\"author\" content=\"Jo Yana\" \/>\n<meta name=\"twitter:card\" content=\"summary_large_image\" \/>\n<meta name=\"twitter:creator\" content=\"@Jo_Yana\" \/>\n<meta name=\"twitter:site\" content=\"@Jo_Yana\" \/>\n<meta name=\"twitter:label1\" content=\"\u57f7\u7b46\u8005\" \/>\n\t<meta name=\"twitter:data1\" content=\"Jo Yana\" \/>\n\t<meta name=\"twitter:label2\" content=\"\u63a8\u5b9a\u8aad\u307f\u53d6\u308a\u6642\u9593\" \/>\n\t<meta name=\"twitter:data2\" content=\"3\u5206\" \/>\n<script type=\"application\/ld+json\" class=\"yoast-schema-graph\">{\"@context\":\"https:\/\/schema.org\",\"@graph\":[{\"@type\":\"Article\",\"@id\":\"https:\/\/joyana.fr\/ja\/designer-julie-brunaud-appartement-design\/109196\/#article\",\"isPartOf\":{\"@id\":\"https:\/\/joyana.fr\/ja\/designer-julie-brunaud-appartement-design\/109196\/\"},\"author\":{\"name\":\"Jo Yana\",\"@id\":\"https:\/\/joyana.fr\/#\/schema\/person\/cf2a1ad12a27c12c21801075bf37407c\"},\"headline\":\"Julie BRUNAUD ouvre les portes de son Appartement\",\"datePublished\":\"2012-03-19T18:12:34+00:00\",\"mainEntityOfPage\":{\"@id\":\"https:\/\/joyana.fr\/ja\/designer-julie-brunaud-appartement-design\/109196\/\"},\"wordCount\":570,\"commentCount\":4,\"publisher\":{\"@id\":\"https:\/\/joyana.fr\/#\/schema\/person\/cf2a1ad12a27c12c21801075bf37407c\"},\"image\":{\"@id\":\"https:\/\/joyana.fr\/ja\/designer-julie-brunaud-appartement-design\/109196\/#primaryimage\"},\"thumbnailUrl\":\"https:\/\/i0.wp.com\/www.joyana.fr\/wp-content\/uploads\/old\/JULIE_SLLOV_DSC_0195.jpg?fit=576%2C384&ssl=1\",\"keywords\":[\"Architecture\"],\"articleSection\":[\"Appartement\",\"DECO-DESIGN\",\"Designer\",\"France\",\"Julie BRUNAUD\"],\"inLanguage\":\"ja\",\"potentialAction\":[{\"@type\":\"CommentAction\",\"name\":\"Comment\",\"target\":[\"https:\/\/joyana.fr\/ja\/designer-julie-brunaud-appartement-design\/109196\/#respond\"]}]},{\"@type\":\"WebPage\",\"@id\":\"https:\/\/joyana.fr\/ja\/designer-julie-brunaud-appartement-design\/109196\/\",\"url\":\"https:\/\/joyana.fr\/ja\/designer-julie-brunaud-appartement-design\/109196\/\",\"name\":\"Julie BRUNAUD ouvre les portes de son Appartement - JO YANA\",\"isPartOf\":{\"@id\":\"https:\/\/joyana.fr\/#website\"},\"primaryImageOfPage\":{\"@id\":\"https:\/\/joyana.fr\/ja\/designer-julie-brunaud-appartement-design\/109196\/#primaryimage\"},\"image\":{\"@id\":\"https:\/\/joyana.fr\/ja\/designer-julie-brunaud-appartement-design\/109196\/#primaryimage\"},\"thumbnailUrl\":\"https:\/\/i0.wp.com\/www.joyana.fr\/wp-content\/uploads\/old\/JULIE_SLLOV_DSC_0195.jpg?fit=576%2C384&ssl=1\",\"datePublished\":\"2012-03-19T18:12:34+00:00\",\"breadcrumb\":{\"@id\":\"https:\/\/joyana.fr\/ja\/designer-julie-brunaud-appartement-design\/109196\/#breadcrumb\"},\"inLanguage\":\"ja\",\"potentialAction\":[{\"@type\":\"ReadAction\",\"target\":[\"https:\/\/joyana.fr\/ja\/designer-julie-brunaud-appartement-design\/109196\/\"]}]},{\"@type\":\"ImageObject\",\"inLanguage\":\"ja\",\"@id\":\"https:\/\/joyana.fr\/ja\/designer-julie-brunaud-appartement-design\/109196\/#primaryimage\",\"url\":\"https:\/\/i0.wp.com\/www.joyana.fr\/wp-content\/uploads\/old\/JULIE_SLLOV_DSC_0195.jpg?fit=576%2C384&ssl=1\",\"contentUrl\":\"https:\/\/i0.wp.com\/www.joyana.fr\/wp-content\/uploads\/old\/JULIE_SLLOV_DSC_0195.jpg?fit=576%2C384&ssl=1\",\"width\":576,\"height\":384},{\"@type\":\"BreadcrumbList\",\"@id\":\"https:\/\/joyana.fr\/ja\/designer-julie-brunaud-appartement-design\/109196\/#breadcrumb\",\"itemListElement\":[{\"@type\":\"ListItem\",\"position\":1,\"name\":\"Accueil\",\"item\":\"https:\/\/joyana.fr\/\"},{\"@type\":\"ListItem\",\"position\":2,\"name\":\"Julie BRUNAUD ouvre les portes de son Appartement\"}]},{\"@type\":\"WebSite\",\"@id\":\"https:\/\/joyana.fr\/#website\",\"url\":\"https:\/\/joyana.fr\/\",\"name\":\"JO YANA\",\"description\":\"Blog Mode Homme, Lifestyle, D\u00e9co-Design\",\"publisher\":{\"@id\":\"https:\/\/joyana.fr\/#\/schema\/person\/cf2a1ad12a27c12c21801075bf37407c\"},\"potentialAction\":[{\"@type\":\"SearchAction\",\"target\":{\"@type\":\"EntryPoint\",\"urlTemplate\":\"https:\/\/joyana.fr\/?s={search_term_string}\"},\"query-input\":{\"@type\":\"PropertyValueSpecification\",\"valueRequired\":true,\"valueName\":\"search_term_string\"}}],\"inLanguage\":\"ja\"},{\"@type\":[\"Person\",\"Organization\"],\"@id\":\"https:\/\/joyana.fr\/#\/schema\/person\/cf2a1ad12a27c12c21801075bf37407c\",\"name\":\"Jo Yana\",\"image\":{\"@type\":\"ImageObject\",\"inLanguage\":\"ja\",\"@id\":\"https:\/\/joyana.fr\/#\/schema\/person\/image\/\",\"url\":\"https:\/\/i0.wp.com\/www.joyana.fr\/wp-content\/uploads\/2016\/08\/cropped-joyana-logo-black-360x180.png?fit=343%2C164&ssl=1\",\"contentUrl\":\"https:\/\/i0.wp.com\/www.joyana.fr\/wp-content\/uploads\/2016\/08\/cropped-joyana-logo-black-360x180.png?fit=343%2C164&ssl=1\",\"width\":343,\"height\":164,\"caption\":\"Jo Yana\"},\"logo\":{\"@id\":\"https:\/\/joyana.fr\/#\/schema\/person\/image\/\"},\"description\":\"Jo Yana est le cr\u00e9ateur et r\u00e9dacteur en chef des sites DECO-DESIGN. Passionn\u00e9 de Design, Mode, Photo, Luxe, Lifestyle, Musique, mais avant tout Blogueur ! Le plaisir de partager l'anime et a comme devise \\\"POUR L'AMOUR DU BEAU\\\". Retrouvez le aussi sur son blog personnel - https:\/\/joyana.fr...\",\"sameAs\":[\"https:\/\/joyana.fr\/\"],\"url\":\"https:\/\/www.joyana.fr\/ja\/author\/joyana\/\"}]}<\/script>\n<!-- \/ Yoast SEO plugin. -->","yoast_head_json":{"title":"Julie BRUNAUD ouvre les portes de son Appartement - JO YANA","robots":{"index":"index","follow":"follow","max-snippet":"max-snippet:-1","max-image-preview":"max-image-preview:large","max-video-preview":"max-video-preview:-1"},"canonical":"https:\/\/joyana.fr\/ja\/designer-julie-brunaud-appartement-design\/109196\/","og_locale":"ja_JP","og_type":"article","og_title":"Julie BRUNAUD ouvre les portes de son Appartement - JO YANA","og_description":"La designer Julie Brunaud &#8211; dont les cr\u00e9ations sont \u00e9dit\u00e9es chez SLLOV &#8211; nous ouvre les portes de [&hellip;]","og_url":"https:\/\/www.joyana.fr\/ja\/designer-julie-brunaud-appartement-design\/109196\/","og_site_name":"JO YANA","article_published_time":"2012-03-19T18:12:34+00:00","og_image":[{"width":576,"height":384,"url":"https:\/\/joyana.fr\/wp-content\/uploads\/old\/JULIE_SLLOV_DSC_0195.jpg","type":"image\/jpeg"}],"author":"Jo Yana","twitter_card":"summary_large_image","twitter_creator":"@Jo_Yana","twitter_site":"@Jo_Yana","twitter_misc":{"\u57f7\u7b46\u8005":"Jo Yana","\u63a8\u5b9a\u8aad\u307f\u53d6\u308a\u6642\u9593":"3\u5206"},"schema":{"@context":"https:\/\/schema.org","@graph":[{"@type":"Article","@id":"https:\/\/joyana.fr\/ja\/designer-julie-brunaud-appartement-design\/109196\/#article","isPartOf":{"@id":"https:\/\/joyana.fr\/ja\/designer-julie-brunaud-appartement-design\/109196\/"},"author":{"name":"Jo Yana","@id":"https:\/\/joyana.fr\/#\/schema\/person\/cf2a1ad12a27c12c21801075bf37407c"},"headline":"Julie BRUNAUD ouvre les portes de son Appartement","datePublished":"2012-03-19T18:12:34+00:00","mainEntityOfPage":{"@id":"https:\/\/joyana.fr\/ja\/designer-julie-brunaud-appartement-design\/109196\/"},"wordCount":570,"commentCount":4,"publisher":{"@id":"https:\/\/joyana.fr\/#\/schema\/person\/cf2a1ad12a27c12c21801075bf37407c"},"image":{"@id":"https:\/\/joyana.fr\/ja\/designer-julie-brunaud-appartement-design\/109196\/#primaryimage"},"thumbnailUrl":"https:\/\/i0.wp.com\/www.joyana.fr\/wp-content\/uploads\/old\/JULIE_SLLOV_DSC_0195.jpg?fit=576%2C384&ssl=1","keywords":["Architecture"],"articleSection":["Appartement","DECO-DESIGN","Designer","France","Julie BRUNAUD"],"inLanguage":"ja","potentialAction":[{"@type":"CommentAction","name":"Comment","target":["https:\/\/joyana.fr\/ja\/designer-julie-brunaud-appartement-design\/109196\/#respond"]}]},{"@type":"WebPage","@id":"https:\/\/joyana.fr\/ja\/designer-julie-brunaud-appartement-design\/109196\/","url":"https:\/\/joyana.fr\/ja\/designer-julie-brunaud-appartement-design\/109196\/","name":"Julie BRUNAUD ouvre les portes de son Appartement - JO YANA","isPartOf":{"@id":"https:\/\/joyana.fr\/#website"},"primaryImageOfPage":{"@id":"https:\/\/joyana.fr\/ja\/designer-julie-brunaud-appartement-design\/109196\/#primaryimage"},"image":{"@id":"https:\/\/joyana.fr\/ja\/designer-julie-brunaud-appartement-design\/109196\/#primaryimage"},"thumbnailUrl":"https:\/\/i0.wp.com\/www.joyana.fr\/wp-content\/uploads\/old\/JULIE_SLLOV_DSC_0195.jpg?fit=576%2C384&ssl=1","datePublished":"2012-03-19T18:12:34+00:00","breadcrumb":{"@id":"https:\/\/joyana.fr\/ja\/designer-julie-brunaud-appartement-design\/109196\/#breadcrumb"},"inLanguage":"ja","potentialAction":[{"@type":"ReadAction","target":["https:\/\/joyana.fr\/ja\/designer-julie-brunaud-appartement-design\/109196\/"]}]},{"@type":"ImageObject","inLanguage":"ja","@id":"https:\/\/joyana.fr\/ja\/designer-julie-brunaud-appartement-design\/109196\/#primaryimage","url":"https:\/\/i0.wp.com\/www.joyana.fr\/wp-content\/uploads\/old\/JULIE_SLLOV_DSC_0195.jpg?fit=576%2C384&ssl=1","contentUrl":"https:\/\/i0.wp.com\/www.joyana.fr\/wp-content\/uploads\/old\/JULIE_SLLOV_DSC_0195.jpg?fit=576%2C384&ssl=1","width":576,"height":384},{"@type":"BreadcrumbList","@id":"https:\/\/joyana.fr\/ja\/designer-julie-brunaud-appartement-design\/109196\/#breadcrumb","itemListElement":[{"@type":"ListItem","position":1,"name":"Accueil","item":"https:\/\/joyana.fr\/"},{"@type":"ListItem","position":2,"name":"Julie BRUNAUD ouvre les portes de son Appartement"}]},{"@type":"WebSite","@id":"https:\/\/joyana.fr\/#website","url":"https:\/\/joyana.fr\/","name":"JO YANA","description":"Blog Mode Homme, Lifestyle, D\u00e9co-Design","publisher":{"@id":"https:\/\/joyana.fr\/#\/schema\/person\/cf2a1ad12a27c12c21801075bf37407c"},"potentialAction":[{"@type":"SearchAction","target":{"@type":"EntryPoint","urlTemplate":"https:\/\/joyana.fr\/?s={search_term_string}"},"query-input":{"@type":"PropertyValueSpecification","valueRequired":true,"valueName":"search_term_string"}}],"inLanguage":"ja"},{"@type":["Person","Organization"],"@id":"https:\/\/joyana.fr\/#\/schema\/person\/cf2a1ad12a27c12c21801075bf37407c","name":"Jo Yana","image":{"@type":"ImageObject","inLanguage":"ja","@id":"https:\/\/joyana.fr\/#\/schema\/person\/image\/","url":"https:\/\/i0.wp.com\/www.joyana.fr\/wp-content\/uploads\/2016\/08\/cropped-joyana-logo-black-360x180.png?fit=343%2C164&ssl=1","contentUrl":"https:\/\/i0.wp.com\/www.joyana.fr\/wp-content\/uploads\/2016\/08\/cropped-joyana-logo-black-360x180.png?fit=343%2C164&ssl=1","width":343,"height":164,"caption":"Jo Yana"},"logo":{"@id":"https:\/\/joyana.fr\/#\/schema\/person\/image\/"},"description":"Jo Yana est le cr\u00e9ateur et r\u00e9dacteur en chef des sites DECO-DESIGN. Passionn\u00e9 de Design, Mode, Photo, Luxe, Lifestyle, Musique, mais avant tout Blogueur ! Le plaisir de partager l'anime et a comme devise \"POUR L'AMOUR DU BEAU\". Retrouvez le aussi sur son blog personnel - https:\/\/joyana.fr...","sameAs":["https:\/\/joyana.fr\/"],"url":"https:\/\/www.joyana.fr\/ja\/author\/joyana\/"}]}},"author_meta":{"display_name":"Jo Yana","author_link":"https:\/\/www.joyana.fr\/ja\/author\/joyana\/"},"featured_img":"https:\/\/i0.wp.com\/www.joyana.fr\/wp-content\/uploads\/old\/JULIE_SLLOV_DSC_0195.jpg?fit=389%2C259&ssl=1","featured_image_src":"https:\/\/i0.wp.com\/www.joyana.fr\/wp-content\/uploads\/old\/JULIE_SLLOV_DSC_0195.jpg?resize=576%2C384&ssl=1","featured_image_src_square":"https:\/\/i0.wp.com\/www.joyana.fr\/wp-content\/uploads\/old\/JULIE_SLLOV_DSC_0195.jpg?resize=576%2C384&ssl=1","jetpack_featured_media_url":"https:\/\/i0.wp.com\/www.joyana.fr\/wp-content\/uploads\/old\/JULIE_SLLOV_DSC_0195.jpg?fit=576%2C384&ssl=1","uagb_featured_image_src":{"full":["https:\/\/i0.wp.com\/www.joyana.fr\/wp-content\/uploads\/old\/JULIE_SLLOV_DSC_0195.jpg?fit=576%2C384&ssl=1",576,384,false],"thumbnail":["https:\/\/i0.wp.com\/www.joyana.fr\/wp-content\/uploads\/old\/JULIE_SLLOV_DSC_0195.jpg?resize=150%2C150&ssl=1",150,150,true],"medium":["https:\/\/i0.wp.com\/www.joyana.fr\/wp-content\/uploads\/old\/JULIE_SLLOV_DSC_0195.jpg?fit=389%2C259&ssl=1",389,259,true],"medium_large":["https:\/\/i0.wp.com\/www.joyana.fr\/wp-content\/uploads\/old\/JULIE_SLLOV_DSC_0195.jpg?fit=576%2C384&ssl=1",576,384,true],"large":["https:\/\/i0.wp.com\/www.joyana.fr\/wp-content\/uploads\/old\/JULIE_SLLOV_DSC_0195.jpg?fit=576%2C384&ssl=1",576,384,true],"1536x1536":["https:\/\/i0.wp.com\/www.joyana.fr\/wp-content\/uploads\/old\/JULIE_SLLOV_DSC_0195.jpg?fit=576%2C384&ssl=1",576,384,true],"2048x2048":["https:\/\/i0.wp.com\/www.joyana.fr\/wp-content\/uploads\/old\/JULIE_SLLOV_DSC_0195.jpg?fit=576%2C384&ssl=1",576,384,true],"featured-thumb":["https:\/\/i0.wp.com\/www.joyana.fr\/wp-content\/uploads\/old\/JULIE_SLLOV_DSC_0195.jpg?resize=576%2C384&ssl=1",576,384,true],"ab-block-post-grid-landscape":["https:\/\/i0.wp.com\/www.joyana.fr\/wp-content\/uploads\/old\/JULIE_SLLOV_DSC_0195.jpg?resize=576%2C384&ssl=1",576,384,true],"ab-block-post-grid-square":["https:\/\/i0.wp.com\/www.joyana.fr\/wp-content\/uploads\/old\/JULIE_SLLOV_DSC_0195.jpg?resize=576%2C384&ssl=1",576,384,true],"author-pro-image":["https:\/\/i0.wp.com\/www.joyana.fr\/wp-content\/uploads\/old\/JULIE_SLLOV_DSC_0195.jpg?resize=360%2C384&ssl=1",360,384,true],"slider":["https:\/\/i0.wp.com\/www.joyana.fr\/wp-content\/uploads\/old\/JULIE_SLLOV_DSC_0195.jpg?resize=576%2C384&ssl=1",576,384,true],"woocommerce_thumbnail":["https:\/\/i0.wp.com\/www.joyana.fr\/wp-content\/uploads\/old\/JULIE_SLLOV_DSC_0195.jpg?resize=450%2C384&ssl=1",450,384,true],"woocommerce_single":["https:\/\/i0.wp.com\/www.joyana.fr\/wp-content\/uploads\/old\/JULIE_SLLOV_DSC_0195.jpg?fit=576%2C384&ssl=1",576,384,true],"woocommerce_gallery_thumbnail":["https:\/\/i0.wp.com\/www.joyana.fr\/wp-content\/uploads\/old\/JULIE_SLLOV_DSC_0195.jpg?resize=180%2C180&ssl=1",180,180,true],"sow-carousel-default":["https:\/\/i0.wp.com\/www.joyana.fr\/wp-content\/uploads\/old\/JULIE_SLLOV_DSC_0195.jpg?resize=272%2C182&ssl=1",272,182,true]},"uagb_author_info":{"display_name":"Jo Yana","author_link":"https:\/\/www.joyana.fr\/ja\/author\/joyana\/"},"uagb_comment_info":10,"uagb_excerpt":"La designer Julie Brunaud &#8211; dont les cr\u00e9ations so&hellip;","coauthors":[],"tax_additional":{"categories":{"linked":["<a href=\"https:\/\/www.joyana.fr\/ja\/category\/deco-design\/architecture-deco-design\/lieux-design\/appartement\/\" class=\"advgb-post-tax-term\">Appartement<\/a>","<a href=\"https:\/\/www.joyana.fr\/ja\/category\/deco-design\/\" class=\"advgb-post-tax-term\">DECO-DESIGN<\/a>","<a href=\"https:\/\/www.joyana.fr\/ja\/category\/deco-design\/designer\/\" class=\"advgb-post-tax-term\">Designer<\/a>","<a href=\"https:\/\/www.joyana.fr\/ja\/category\/deco-design\/architecture-deco-design\/pays\/france\/\" class=\"advgb-post-tax-term\">France<\/a>","<a href=\"https:\/\/www.joyana.fr\/ja\/category\/deco-design\/designer\/julie-brunaud\/\" class=\"advgb-post-tax-term\">Julie BRUNAUD<\/a>"],"unlinked":["<span class=\"advgb-post-tax-term\">Appartement<\/span>","<span class=\"advgb-post-tax-term\">DECO-DESIGN<\/span>","<span class=\"advgb-post-tax-term\">Designer<\/span>","<span class=\"advgb-post-tax-term\">France<\/span>","<span class=\"advgb-post-tax-term\">Julie BRUNAUD<\/span>"]},"tags":{"linked":["<a href=\"https:\/\/www.joyana.fr\/ja\/category\/deco-design\/designer\/julie-brunaud\/\" class=\"advgb-post-tax-term\">Architecture<\/a>"],"unlinked":["<span class=\"advgb-post-tax-term\">Architecture<\/span>"]}},"comment_count":10,"relative_dates":{"created":"Posted 14\u5e74 ago","modified":"Updated 14\u5e74 ago"},"absolute_dates":{"created":"Posted on 19 3\u6708 2012","modified":"Updated on 19 3\u6708 2012"},"absolute_dates_time":{"created":"Posted on 19 3\u6708 2012 19:12","modified":"Updated on 19 3\u6708 2012 19:12"},"featured_img_caption":"","series_order":"","jetpack_sharing_enabled":true,"jetpack_shortlink":"https:\/\/wp.me\/p9bteI-spe","jetpack-related-posts":[],"_links":{"self":[{"href":"https:\/\/www.joyana.fr\/ja\/wp-json\/wp\/v2\/posts\/109196","targetHints":{"allow":["GET"]}}],"collection":[{"href":"https:\/\/www.joyana.fr\/ja\/wp-json\/wp\/v2\/posts"}],"about":[{"href":"https:\/\/www.joyana.fr\/ja\/wp-json\/wp\/v2\/types\/post"}],"author":[{"embeddable":true,"href":"https:\/\/www.joyana.fr\/ja\/wp-json\/wp\/v2\/users\/3"}],"replies":[{"embeddable":true,"href":"https:\/\/www.joyana.fr\/ja\/wp-json\/wp\/v2\/comments?post=109196"}],"version-history":[{"count":0,"href":"https:\/\/www.joyana.fr\/ja\/wp-json\/wp\/v2\/posts\/109196\/revisions"}],"wp:featuredmedia":[{"embeddable":true,"href":"https:\/\/www.joyana.fr\/ja\/wp-json\/wp\/v2\/media\/109201"}],"wp:attachment":[{"href":"https:\/\/www.joyana.fr\/ja\/wp-json\/wp\/v2\/media?parent=109196"}],"wp:term":[{"taxonomy":"category","embeddable":true,"href":"https:\/\/www.joyana.fr\/ja\/wp-json\/wp\/v2\/categories?post=109196"},{"taxonomy":"post_tag","embeddable":true,"href":"https:\/\/www.joyana.fr\/ja\/wp-json\/wp\/v2\/tags?post=109196"}],"curies":[{"name":"wp","href":"https:\/\/api.w.org\/{rel}","templated":true}]}}