{"id":109093,"date":"2012-03-06T13:42:05","date_gmt":"2012-03-06T12:42:05","guid":{"rendered":"https:\/\/joyana.fr\/?p=9093"},"modified":"2012-03-06T13:42:05","modified_gmt":"2012-03-06T12:42:05","slug":"table-basse-30-meubles-de-designers-diy-a-fabriquer-soi-meme","status":"publish","type":"post","link":"https:\/\/www.joyana.fr\/ja\/table-basse-30-meubles-de-designers-diy-a-fabriquer-soi-meme\/109093\/","title":{"rendered":"30 Meubles de Designers DIY"},"content":{"rendered":"<p>Nous vous proposons aujourd&#8217;hui de fabriquer une <strong>table basse \/ range-magazines<\/strong> &#8211; projet extrait du <strong>livre 30 MEUBLES DE DESIGNERS \u00e0 fabriquer soi-m\u00eame <\/strong>&#8211; sign\u00e9e par le duo de designers<strong> <a title=\"MALAFOR\" href=\"http:\/\/www.malafor.com\/index.html\"><strong>MALAFOR<\/strong><\/a><\/strong>&#8230;<\/p>\n<p><img data-recalc-dims=\"1\" fetchpriority=\"high\" decoding=\"async\" class=\"alignnone size-full wp-image-9095\" title=\"30 Meubles de Designers DIY\" src=\"https:\/\/i0.wp.com\/joyana.fr\/wp-content\/uploads\/30-MEUBLES-DE-DESIGNERS-A-FAIRE-SOIS-MEME.jpg?resize=576%2C714&#038;ssl=1\" alt=\"\" width=\"576\" height=\"714\" \/><\/p>\n<p>Pour vous pr\u00e9senter ce <strong>livre<\/strong> nous avons choisi de vous d\u00e9taIller un des 30 projets pour vous donner envie de voir les autres&#8230;<\/p>\n<p>Les <strong>30 meubles de designers<\/strong> sont class\u00e9s par cat\u00e9gorie\u00a0: tables et bureaux, rangements, \u00e9clairage, si\u00e8ges, chambres, ext\u00e9rieurs et divers, avec des difficult\u00e9s tr\u00e8s variables selon le projet&#8230;<\/p>\n<p><a href=\"https:\/\/i0.wp.com\/joyana.fr\/wp-content\/30-MEUBLES-DE-DESIGNERS-P11.jpg?ssl=1\"><img data-recalc-dims=\"1\" decoding=\"async\" class=\"alignnone size-full wp-image-9096\" title=\"30 Meubles de Designers DIY\" src=\"https:\/\/i0.wp.com\/joyana.fr\/wp-content\/uploads\/30-MEUBLES-DE-DESIGNERS-P10.jpg?resize=576%2C328&#038;ssl=1\" alt=\"\" width=\"576\" height=\"328\" \/><\/a><\/p>\n<pre>(Cliquez sur l'image ci-dessus pour la voir en HD) \u00a9Malafor<\/pre>\n<p>La biographie et le site internet de chaque designer ayant particip\u00e9 au <strong>livre 30 MEUBLES DE DESIGNERS \u00e0 fabriquer soi-m\u00eame<\/strong>&#8230; se trouvent en fin d&#8217;ouvrage, pour ceux qui seraient tent\u00e9s de s&#8217;inspirer des toutes derni\u00e8res cr\u00e9ations !<\/p>\n<p>Nous devons ce livre \u00e0 Christopher Stuart,\u00a0 designer et artiste-plasticien. Il a travaill\u00e9 chez Thomson Consumer Electronics avant de cr\u00e9er son propre studio multidisciplinaire \u00ab\u00a0Luur\u00a0\u00bb, qui combine ses exp\u00e9riences de designer et d&#8217;artiste. Aujourd&#8217;hui, il travaille avec des grandes marques et des start-up pour lesquelles il imagine des projets d&#8217;accessoires et de meubles.<\/p>\n<p><img data-recalc-dims=\"1\" decoding=\"async\" class=\"alignnone size-full wp-image-9097\" title=\"30 Meubles de Designers DIY\" src=\"https:\/\/i0.wp.com\/joyana.fr\/wp-content\/uploads\/30_MEUBLES_DE_DESIGNERS.jpg?resize=576%2C652&#038;ssl=1\" alt=\"\" width=\"576\" height=\"652\" \/><\/p>\n<p><em><strong>30 MEUBLES DE DESIGNERS \u00e0 fabriquer soi-m\u00eame<\/strong><br \/>\n24,90\u20ac<\/em><\/p>\n<p>En savoir <strong>+<\/strong> sur <a href=\"http:\/\/www.luurdesign.com\/\"><strong>Christopher STUART<\/strong><\/a><\/p>\n","protected":false},"excerpt":{"rendered":"<p>Nous vous proposons aujourd&#8217;hui de fabriquer une table basse \/ range-magazines &#8211; projet extrait du [&hellip;]<\/p>\n","protected":false},"author":3,"featured_media":109095,"comment_status":"open","ping_status":"open","sticky":false,"template":"","format":"standard","meta":{"_coblocks_attr":"","_coblocks_dimensions":"","_coblocks_responsive_height":"","_coblocks_accordion_ie_support":"","_uag_custom_page_level_css":"","advgb_blocks_editor_width":"","advgb_blocks_columns_visual_guide":"","_genesis_hide_title":false,"_genesis_hide_breadcrumbs":false,"_genesis_hide_singular_image":false,"_genesis_hide_footer_widgets":false,"_genesis_custom_body_class":"","_genesis_custom_post_class":"","_genesis_layout":"","_themeisle_gutenberg_block_has_review":false,"_jetpack_newsletter_access":"","_jetpack_dont_email_post_to_subs":false,"_jetpack_newsletter_tier_id":0,"_jetpack_memberships_contains_paywalled_content":false,"_jetpack_memberships_contains_paid_content":false,"footnotes":""},"categories":[905,911,929],"tags":[224],"class_list":{"0":"post-109093","1":"post","2":"type-post","3":"status-publish","4":"format-standard","5":"has-post-thumbnail","7":"category-deco-design","8":"category-designer","9":"category-livre-presse","10":"tag-livre","11":"entry"},"featured_image_urls":{"full":["https:\/\/i0.wp.com\/www.joyana.fr\/wp-content\/uploads\/old\/30-MEUBLES-DE-DESIGNERS-A-FAIRE-SOIS-MEME.jpg?fit=576%2C714&ssl=1",576,714,false],"thumbnail":["https:\/\/i0.wp.com\/www.joyana.fr\/wp-content\/uploads\/old\/30-MEUBLES-DE-DESIGNERS-A-FAIRE-SOIS-MEME.jpg?resize=150%2C150&ssl=1",150,150,true],"medium":["https:\/\/i0.wp.com\/www.joyana.fr\/wp-content\/uploads\/old\/30-MEUBLES-DE-DESIGNERS-A-FAIRE-SOIS-MEME.jpg?fit=314%2C389&ssl=1",314,389,true],"medium_large":["https:\/\/i0.wp.com\/www.joyana.fr\/wp-content\/uploads\/old\/30-MEUBLES-DE-DESIGNERS-A-FAIRE-SOIS-MEME.jpg?fit=576%2C714&ssl=1",576,714,true],"large":["https:\/\/i0.wp.com\/www.joyana.fr\/wp-content\/uploads\/old\/30-MEUBLES-DE-DESIGNERS-A-FAIRE-SOIS-MEME.jpg?fit=576%2C714&ssl=1",576,714,true],"1536x1536":["https:\/\/i0.wp.com\/www.joyana.fr\/wp-content\/uploads\/old\/30-MEUBLES-DE-DESIGNERS-A-FAIRE-SOIS-MEME.jpg?fit=576%2C714&ssl=1",576,714,true],"2048x2048":["https:\/\/i0.wp.com\/www.joyana.fr\/wp-content\/uploads\/old\/30-MEUBLES-DE-DESIGNERS-A-FAIRE-SOIS-MEME.jpg?fit=576%2C714&ssl=1",576,714,true],"featured-thumb":["https:\/\/i0.wp.com\/www.joyana.fr\/wp-content\/uploads\/old\/30-MEUBLES-DE-DESIGNERS-A-FAIRE-SOIS-MEME.jpg?resize=576%2C714&ssl=1",576,714,true],"ab-block-post-grid-landscape":["https:\/\/i0.wp.com\/www.joyana.fr\/wp-content\/uploads\/old\/30-MEUBLES-DE-DESIGNERS-A-FAIRE-SOIS-MEME.jpg?resize=576%2C400&ssl=1",576,400,true],"ab-block-post-grid-square":["https:\/\/i0.wp.com\/www.joyana.fr\/wp-content\/uploads\/old\/30-MEUBLES-DE-DESIGNERS-A-FAIRE-SOIS-MEME.jpg?resize=576%2C600&ssl=1",576,600,true],"author-pro-image":["https:\/\/i0.wp.com\/www.joyana.fr\/wp-content\/uploads\/old\/30-MEUBLES-DE-DESIGNERS-A-FAIRE-SOIS-MEME.jpg?resize=360%2C570&ssl=1",360,570,true],"slider":["https:\/\/i0.wp.com\/www.joyana.fr\/wp-content\/uploads\/old\/30-MEUBLES-DE-DESIGNERS-A-FAIRE-SOIS-MEME.jpg?resize=576%2C400&ssl=1",576,400,true],"woocommerce_thumbnail":["https:\/\/i0.wp.com\/www.joyana.fr\/wp-content\/uploads\/old\/30-MEUBLES-DE-DESIGNERS-A-FAIRE-SOIS-MEME.jpg?resize=450%2C450&ssl=1",450,450,true],"woocommerce_single":["https:\/\/i0.wp.com\/www.joyana.fr\/wp-content\/uploads\/old\/30-MEUBLES-DE-DESIGNERS-A-FAIRE-SOIS-MEME.jpg?fit=576%2C714&ssl=1",576,714,true],"woocommerce_gallery_thumbnail":["https:\/\/i0.wp.com\/www.joyana.fr\/wp-content\/uploads\/old\/30-MEUBLES-DE-DESIGNERS-A-FAIRE-SOIS-MEME.jpg?resize=180%2C180&ssl=1",180,180,true],"sow-carousel-default":["https:\/\/i0.wp.com\/www.joyana.fr\/wp-content\/uploads\/old\/30-MEUBLES-DE-DESIGNERS-A-FAIRE-SOIS-MEME.jpg?resize=272%2C182&ssl=1",272,182,true]},"post_excerpt_stackable":"<p>Nous vous proposons aujourd&#8217;hui de fabriquer une table basse \/ range-magazines &#8211; projet &hellip;<\/p>\n","category_list":"<a href=\"https:\/\/www.joyana.fr\/ja\/category\/deco-design\/\" rel=\"category tag\">DECO-DESIGN<\/a>, <a href=\"https:\/\/www.joyana.fr\/ja\/category\/deco-design\/designer\/\" rel=\"category tag\">Designer<\/a>, <a href=\"https:\/\/www.joyana.fr\/ja\/category\/deco-design\/actualite\/livre-presse\/\" rel=\"category tag\">Livre &amp; Presse<\/a>","author_info":{"display_name":"Jo Yana","author_link":"https:\/\/www.joyana.fr\/ja\/author\/joyana\/"},"comments_num":"2 comments","featured_image_urls_v2":{"full":["https:\/\/i0.wp.com\/www.joyana.fr\/wp-content\/uploads\/old\/30-MEUBLES-DE-DESIGNERS-A-FAIRE-SOIS-MEME.jpg?fit=576%2C714&ssl=1",576,714,false],"thumbnail":["https:\/\/i0.wp.com\/www.joyana.fr\/wp-content\/uploads\/old\/30-MEUBLES-DE-DESIGNERS-A-FAIRE-SOIS-MEME.jpg?resize=150%2C150&ssl=1",150,150,true],"medium":["https:\/\/i0.wp.com\/www.joyana.fr\/wp-content\/uploads\/old\/30-MEUBLES-DE-DESIGNERS-A-FAIRE-SOIS-MEME.jpg?fit=314%2C389&ssl=1",314,389,true],"medium_large":["https:\/\/i0.wp.com\/www.joyana.fr\/wp-content\/uploads\/old\/30-MEUBLES-DE-DESIGNERS-A-FAIRE-SOIS-MEME.jpg?fit=576%2C714&ssl=1",576,714,true],"large":["https:\/\/i0.wp.com\/www.joyana.fr\/wp-content\/uploads\/old\/30-MEUBLES-DE-DESIGNERS-A-FAIRE-SOIS-MEME.jpg?fit=576%2C714&ssl=1",576,714,true],"1536x1536":["https:\/\/i0.wp.com\/www.joyana.fr\/wp-content\/uploads\/old\/30-MEUBLES-DE-DESIGNERS-A-FAIRE-SOIS-MEME.jpg?fit=576%2C714&ssl=1",576,714,true],"2048x2048":["https:\/\/i0.wp.com\/www.joyana.fr\/wp-content\/uploads\/old\/30-MEUBLES-DE-DESIGNERS-A-FAIRE-SOIS-MEME.jpg?fit=576%2C714&ssl=1",576,714,true],"featured-thumb":["https:\/\/i0.wp.com\/www.joyana.fr\/wp-content\/uploads\/old\/30-MEUBLES-DE-DESIGNERS-A-FAIRE-SOIS-MEME.jpg?resize=576%2C714&ssl=1",576,714,true],"ab-block-post-grid-landscape":["https:\/\/i0.wp.com\/www.joyana.fr\/wp-content\/uploads\/old\/30-MEUBLES-DE-DESIGNERS-A-FAIRE-SOIS-MEME.jpg?resize=576%2C400&ssl=1",576,400,true],"ab-block-post-grid-square":["https:\/\/i0.wp.com\/www.joyana.fr\/wp-content\/uploads\/old\/30-MEUBLES-DE-DESIGNERS-A-FAIRE-SOIS-MEME.jpg?resize=576%2C600&ssl=1",576,600,true],"author-pro-image":["https:\/\/i0.wp.com\/www.joyana.fr\/wp-content\/uploads\/old\/30-MEUBLES-DE-DESIGNERS-A-FAIRE-SOIS-MEME.jpg?resize=360%2C570&ssl=1",360,570,true],"slider":["https:\/\/i0.wp.com\/www.joyana.fr\/wp-content\/uploads\/old\/30-MEUBLES-DE-DESIGNERS-A-FAIRE-SOIS-MEME.jpg?resize=576%2C400&ssl=1",576,400,true],"woocommerce_thumbnail":["https:\/\/i0.wp.com\/www.joyana.fr\/wp-content\/uploads\/old\/30-MEUBLES-DE-DESIGNERS-A-FAIRE-SOIS-MEME.jpg?resize=450%2C450&ssl=1",450,450,true],"woocommerce_single":["https:\/\/i0.wp.com\/www.joyana.fr\/wp-content\/uploads\/old\/30-MEUBLES-DE-DESIGNERS-A-FAIRE-SOIS-MEME.jpg?fit=576%2C714&ssl=1",576,714,true],"woocommerce_gallery_thumbnail":["https:\/\/i0.wp.com\/www.joyana.fr\/wp-content\/uploads\/old\/30-MEUBLES-DE-DESIGNERS-A-FAIRE-SOIS-MEME.jpg?resize=180%2C180&ssl=1",180,180,true],"sow-carousel-default":["https:\/\/i0.wp.com\/www.joyana.fr\/wp-content\/uploads\/old\/30-MEUBLES-DE-DESIGNERS-A-FAIRE-SOIS-MEME.jpg?resize=272%2C182&ssl=1",272,182,true]},"post_excerpt_stackable_v2":"<p>Nous vous proposons aujourd&#8217;hui de fabriquer une table basse \/ range-magazines &#8211; projet &hellip;<\/p>\n","category_list_v2":"<a href=\"https:\/\/www.joyana.fr\/ja\/category\/deco-design\/\" rel=\"category tag\">DECO-DESIGN<\/a>, <a href=\"https:\/\/www.joyana.fr\/ja\/category\/deco-design\/designer\/\" rel=\"category tag\">Designer<\/a>, <a href=\"https:\/\/www.joyana.fr\/ja\/category\/deco-design\/actualite\/livre-presse\/\" rel=\"category tag\">Livre &amp; Presse<\/a>","author_info_v2":{"name":"Jo Yana","url":"https:\/\/www.joyana.fr\/ja\/author\/joyana\/"},"comments_num_v2":"2 comments","yoast_head":"<!-- This site is optimized with the Yoast SEO plugin v26.8 - https:\/\/yoast.com\/product\/yoast-seo-wordpress\/ -->\n<title>30 Meubles de Designers DIY - JO YANA<\/title>\n<meta name=\"robots\" content=\"index, follow, max-snippet:-1, max-image-preview:large, max-video-preview:-1\" \/>\n<link rel=\"canonical\" href=\"https:\/\/www.joyana.fr\/ja\/table-basse-30-meubles-de-designers-diy-a-fabriquer-soi-meme\/109093\/\" \/>\n<meta property=\"og:locale\" content=\"ja_JP\" \/>\n<meta property=\"og:locale:alternate\" content=\"fr_FR\" \/>\n<meta property=\"og:locale:alternate\" content=\"en_US\" \/>\n<meta property=\"og:type\" content=\"article\" \/>\n<meta property=\"og:title\" content=\"30 Meubles de Designers DIY - JO YANA\" \/>\n<meta property=\"og:description\" content=\"Nous vous proposons aujourd&#8217;hui de fabriquer une table basse \/ range-magazines &#8211; projet extrait du [&hellip;]\" \/>\n<meta property=\"og:url\" content=\"https:\/\/www.joyana.fr\/ja\/table-basse-30-meubles-de-designers-diy-a-fabriquer-soi-meme\/109093\/\" \/>\n<meta property=\"og:site_name\" content=\"JO YANA\" \/>\n<meta property=\"article:published_time\" content=\"2012-03-06T12:42:05+00:00\" \/>\n<meta property=\"og:image\" content=\"https:\/\/www.joyana.fr\/wp-content\/uploads\/old\/30-MEUBLES-DE-DESIGNERS-A-FAIRE-SOIS-MEME.jpg\" \/>\n\t<meta property=\"og:image:width\" content=\"576\" \/>\n\t<meta property=\"og:image:height\" content=\"714\" \/>\n\t<meta property=\"og:image:type\" content=\"image\/jpeg\" \/>\n<meta name=\"author\" content=\"Jo Yana\" \/>\n<meta name=\"twitter:card\" content=\"summary_large_image\" \/>\n<meta name=\"twitter:creator\" content=\"@Jo_Yana\" \/>\n<meta name=\"twitter:site\" content=\"@Jo_Yana\" \/>\n<meta name=\"twitter:label1\" content=\"\u57f7\u7b46\u8005\" \/>\n\t<meta name=\"twitter:data1\" content=\"Jo Yana\" \/>\n\t<meta name=\"twitter:label2\" content=\"\u63a8\u5b9a\u8aad\u307f\u53d6\u308a\u6642\u9593\" \/>\n\t<meta name=\"twitter:data2\" content=\"1\u5206\" \/>\n<script type=\"application\/ld+json\" class=\"yoast-schema-graph\">{\"@context\":\"https:\/\/schema.org\",\"@graph\":[{\"@type\":\"Article\",\"@id\":\"https:\/\/www.joyana.fr\/ja\/table-basse-30-meubles-de-designers-diy-a-fabriquer-soi-meme\/109093\/#article\",\"isPartOf\":{\"@id\":\"https:\/\/www.joyana.fr\/ja\/table-basse-30-meubles-de-designers-diy-a-fabriquer-soi-meme\/109093\/\"},\"author\":{\"name\":\"Jo Yana\",\"@id\":\"https:\/\/joyana.fr\/#\/schema\/person\/cf2a1ad12a27c12c21801075bf37407c\"},\"headline\":\"30 Meubles de Designers DIY\",\"datePublished\":\"2012-03-06T12:42:05+00:00\",\"mainEntityOfPage\":{\"@id\":\"https:\/\/www.joyana.fr\/ja\/table-basse-30-meubles-de-designers-diy-a-fabriquer-soi-meme\/109093\/\"},\"wordCount\":199,\"commentCount\":1,\"publisher\":{\"@id\":\"https:\/\/joyana.fr\/#\/schema\/person\/cf2a1ad12a27c12c21801075bf37407c\"},\"image\":{\"@id\":\"https:\/\/www.joyana.fr\/ja\/table-basse-30-meubles-de-designers-diy-a-fabriquer-soi-meme\/109093\/#primaryimage\"},\"thumbnailUrl\":\"https:\/\/i0.wp.com\/www.joyana.fr\/wp-content\/uploads\/old\/30-MEUBLES-DE-DESIGNERS-A-FAIRE-SOIS-MEME.jpg?fit=576%2C714&ssl=1\",\"keywords\":[\"Livre\"],\"articleSection\":[\"DECO-DESIGN\",\"Designer\",\"Livre &amp; Presse\"],\"inLanguage\":\"ja\",\"potentialAction\":[{\"@type\":\"CommentAction\",\"name\":\"Comment\",\"target\":[\"https:\/\/www.joyana.fr\/ja\/table-basse-30-meubles-de-designers-diy-a-fabriquer-soi-meme\/109093\/#respond\"]}]},{\"@type\":\"WebPage\",\"@id\":\"https:\/\/www.joyana.fr\/ja\/table-basse-30-meubles-de-designers-diy-a-fabriquer-soi-meme\/109093\/\",\"url\":\"https:\/\/www.joyana.fr\/ja\/table-basse-30-meubles-de-designers-diy-a-fabriquer-soi-meme\/109093\/\",\"name\":\"30 Meubles de Designers DIY - JO YANA\",\"isPartOf\":{\"@id\":\"https:\/\/joyana.fr\/#website\"},\"primaryImageOfPage\":{\"@id\":\"https:\/\/www.joyana.fr\/ja\/table-basse-30-meubles-de-designers-diy-a-fabriquer-soi-meme\/109093\/#primaryimage\"},\"image\":{\"@id\":\"https:\/\/www.joyana.fr\/ja\/table-basse-30-meubles-de-designers-diy-a-fabriquer-soi-meme\/109093\/#primaryimage\"},\"thumbnailUrl\":\"https:\/\/i0.wp.com\/www.joyana.fr\/wp-content\/uploads\/old\/30-MEUBLES-DE-DESIGNERS-A-FAIRE-SOIS-MEME.jpg?fit=576%2C714&ssl=1\",\"datePublished\":\"2012-03-06T12:42:05+00:00\",\"breadcrumb\":{\"@id\":\"https:\/\/www.joyana.fr\/ja\/table-basse-30-meubles-de-designers-diy-a-fabriquer-soi-meme\/109093\/#breadcrumb\"},\"inLanguage\":\"ja\",\"potentialAction\":[{\"@type\":\"ReadAction\",\"target\":[\"https:\/\/www.joyana.fr\/ja\/table-basse-30-meubles-de-designers-diy-a-fabriquer-soi-meme\/109093\/\"]}]},{\"@type\":\"ImageObject\",\"inLanguage\":\"ja\",\"@id\":\"https:\/\/www.joyana.fr\/ja\/table-basse-30-meubles-de-designers-diy-a-fabriquer-soi-meme\/109093\/#primaryimage\",\"url\":\"https:\/\/i0.wp.com\/www.joyana.fr\/wp-content\/uploads\/old\/30-MEUBLES-DE-DESIGNERS-A-FAIRE-SOIS-MEME.jpg?fit=576%2C714&ssl=1\",\"contentUrl\":\"https:\/\/i0.wp.com\/www.joyana.fr\/wp-content\/uploads\/old\/30-MEUBLES-DE-DESIGNERS-A-FAIRE-SOIS-MEME.jpg?fit=576%2C714&ssl=1\",\"width\":576,\"height\":714},{\"@type\":\"BreadcrumbList\",\"@id\":\"https:\/\/www.joyana.fr\/ja\/table-basse-30-meubles-de-designers-diy-a-fabriquer-soi-meme\/109093\/#breadcrumb\",\"itemListElement\":[{\"@type\":\"ListItem\",\"position\":1,\"name\":\"Accueil\",\"item\":\"https:\/\/joyana.fr\/\"},{\"@type\":\"ListItem\",\"position\":2,\"name\":\"30 Meubles de Designers DIY\"}]},{\"@type\":\"WebSite\",\"@id\":\"https:\/\/joyana.fr\/#website\",\"url\":\"https:\/\/joyana.fr\/\",\"name\":\"JO YANA\",\"description\":\"Blog Mode Homme, Lifestyle, D\u00e9co-Design\",\"publisher\":{\"@id\":\"https:\/\/joyana.fr\/#\/schema\/person\/cf2a1ad12a27c12c21801075bf37407c\"},\"potentialAction\":[{\"@type\":\"SearchAction\",\"target\":{\"@type\":\"EntryPoint\",\"urlTemplate\":\"https:\/\/joyana.fr\/?s={search_term_string}\"},\"query-input\":{\"@type\":\"PropertyValueSpecification\",\"valueRequired\":true,\"valueName\":\"search_term_string\"}}],\"inLanguage\":\"ja\"},{\"@type\":[\"Person\",\"Organization\"],\"@id\":\"https:\/\/joyana.fr\/#\/schema\/person\/cf2a1ad12a27c12c21801075bf37407c\",\"name\":\"Jo Yana\",\"image\":{\"@type\":\"ImageObject\",\"inLanguage\":\"ja\",\"@id\":\"https:\/\/joyana.fr\/#\/schema\/person\/image\/\",\"url\":\"https:\/\/i0.wp.com\/www.joyana.fr\/wp-content\/uploads\/2016\/08\/cropped-joyana-logo-black-360x180.png?fit=343%2C164&ssl=1\",\"contentUrl\":\"https:\/\/i0.wp.com\/www.joyana.fr\/wp-content\/uploads\/2016\/08\/cropped-joyana-logo-black-360x180.png?fit=343%2C164&ssl=1\",\"width\":343,\"height\":164,\"caption\":\"Jo Yana\"},\"logo\":{\"@id\":\"https:\/\/joyana.fr\/#\/schema\/person\/image\/\"},\"description\":\"Jo Yana est le cr\u00e9ateur et r\u00e9dacteur en chef des sites DECO-DESIGN. Passionn\u00e9 de Design, Mode, Photo, Luxe, Lifestyle, Musique, mais avant tout Blogueur ! Le plaisir de partager l'anime et a comme devise \\\"POUR L'AMOUR DU BEAU\\\". Retrouvez le aussi sur son blog personnel - https:\/\/joyana.fr...\",\"sameAs\":[\"https:\/\/joyana.fr\/\"],\"url\":\"https:\/\/www.joyana.fr\/ja\/author\/joyana\/\"}]}<\/script>\n<!-- \/ Yoast SEO plugin. -->","yoast_head_json":{"title":"30 Meubles de Designers DIY - JO YANA","robots":{"index":"index","follow":"follow","max-snippet":"max-snippet:-1","max-image-preview":"max-image-preview:large","max-video-preview":"max-video-preview:-1"},"canonical":"https:\/\/www.joyana.fr\/ja\/table-basse-30-meubles-de-designers-diy-a-fabriquer-soi-meme\/109093\/","og_locale":"ja_JP","og_type":"article","og_title":"30 Meubles de Designers DIY - JO YANA","og_description":"Nous vous proposons aujourd&#8217;hui de fabriquer une table basse \/ range-magazines &#8211; projet extrait du [&hellip;]","og_url":"https:\/\/www.joyana.fr\/ja\/table-basse-30-meubles-de-designers-diy-a-fabriquer-soi-meme\/109093\/","og_site_name":"JO YANA","article_published_time":"2012-03-06T12:42:05+00:00","og_image":[{"width":576,"height":714,"url":"https:\/\/www.joyana.fr\/wp-content\/uploads\/old\/30-MEUBLES-DE-DESIGNERS-A-FAIRE-SOIS-MEME.jpg","type":"image\/jpeg"}],"author":"Jo Yana","twitter_card":"summary_large_image","twitter_creator":"@Jo_Yana","twitter_site":"@Jo_Yana","twitter_misc":{"\u57f7\u7b46\u8005":"Jo Yana","\u63a8\u5b9a\u8aad\u307f\u53d6\u308a\u6642\u9593":"1\u5206"},"schema":{"@context":"https:\/\/schema.org","@graph":[{"@type":"Article","@id":"https:\/\/www.joyana.fr\/ja\/table-basse-30-meubles-de-designers-diy-a-fabriquer-soi-meme\/109093\/#article","isPartOf":{"@id":"https:\/\/www.joyana.fr\/ja\/table-basse-30-meubles-de-designers-diy-a-fabriquer-soi-meme\/109093\/"},"author":{"name":"Jo Yana","@id":"https:\/\/joyana.fr\/#\/schema\/person\/cf2a1ad12a27c12c21801075bf37407c"},"headline":"30 Meubles de Designers DIY","datePublished":"2012-03-06T12:42:05+00:00","mainEntityOfPage":{"@id":"https:\/\/www.joyana.fr\/ja\/table-basse-30-meubles-de-designers-diy-a-fabriquer-soi-meme\/109093\/"},"wordCount":199,"commentCount":1,"publisher":{"@id":"https:\/\/joyana.fr\/#\/schema\/person\/cf2a1ad12a27c12c21801075bf37407c"},"image":{"@id":"https:\/\/www.joyana.fr\/ja\/table-basse-30-meubles-de-designers-diy-a-fabriquer-soi-meme\/109093\/#primaryimage"},"thumbnailUrl":"https:\/\/i0.wp.com\/www.joyana.fr\/wp-content\/uploads\/old\/30-MEUBLES-DE-DESIGNERS-A-FAIRE-SOIS-MEME.jpg?fit=576%2C714&ssl=1","keywords":["Livre"],"articleSection":["DECO-DESIGN","Designer","Livre &amp; Presse"],"inLanguage":"ja","potentialAction":[{"@type":"CommentAction","name":"Comment","target":["https:\/\/www.joyana.fr\/ja\/table-basse-30-meubles-de-designers-diy-a-fabriquer-soi-meme\/109093\/#respond"]}]},{"@type":"WebPage","@id":"https:\/\/www.joyana.fr\/ja\/table-basse-30-meubles-de-designers-diy-a-fabriquer-soi-meme\/109093\/","url":"https:\/\/www.joyana.fr\/ja\/table-basse-30-meubles-de-designers-diy-a-fabriquer-soi-meme\/109093\/","name":"30 Meubles de Designers DIY - JO YANA","isPartOf":{"@id":"https:\/\/joyana.fr\/#website"},"primaryImageOfPage":{"@id":"https:\/\/www.joyana.fr\/ja\/table-basse-30-meubles-de-designers-diy-a-fabriquer-soi-meme\/109093\/#primaryimage"},"image":{"@id":"https:\/\/www.joyana.fr\/ja\/table-basse-30-meubles-de-designers-diy-a-fabriquer-soi-meme\/109093\/#primaryimage"},"thumbnailUrl":"https:\/\/i0.wp.com\/www.joyana.fr\/wp-content\/uploads\/old\/30-MEUBLES-DE-DESIGNERS-A-FAIRE-SOIS-MEME.jpg?fit=576%2C714&ssl=1","datePublished":"2012-03-06T12:42:05+00:00","breadcrumb":{"@id":"https:\/\/www.joyana.fr\/ja\/table-basse-30-meubles-de-designers-diy-a-fabriquer-soi-meme\/109093\/#breadcrumb"},"inLanguage":"ja","potentialAction":[{"@type":"ReadAction","target":["https:\/\/www.joyana.fr\/ja\/table-basse-30-meubles-de-designers-diy-a-fabriquer-soi-meme\/109093\/"]}]},{"@type":"ImageObject","inLanguage":"ja","@id":"https:\/\/www.joyana.fr\/ja\/table-basse-30-meubles-de-designers-diy-a-fabriquer-soi-meme\/109093\/#primaryimage","url":"https:\/\/i0.wp.com\/www.joyana.fr\/wp-content\/uploads\/old\/30-MEUBLES-DE-DESIGNERS-A-FAIRE-SOIS-MEME.jpg?fit=576%2C714&ssl=1","contentUrl":"https:\/\/i0.wp.com\/www.joyana.fr\/wp-content\/uploads\/old\/30-MEUBLES-DE-DESIGNERS-A-FAIRE-SOIS-MEME.jpg?fit=576%2C714&ssl=1","width":576,"height":714},{"@type":"BreadcrumbList","@id":"https:\/\/www.joyana.fr\/ja\/table-basse-30-meubles-de-designers-diy-a-fabriquer-soi-meme\/109093\/#breadcrumb","itemListElement":[{"@type":"ListItem","position":1,"name":"Accueil","item":"https:\/\/joyana.fr\/"},{"@type":"ListItem","position":2,"name":"30 Meubles de Designers DIY"}]},{"@type":"WebSite","@id":"https:\/\/joyana.fr\/#website","url":"https:\/\/joyana.fr\/","name":"JO YANA","description":"Blog Mode Homme, Lifestyle, D\u00e9co-Design","publisher":{"@id":"https:\/\/joyana.fr\/#\/schema\/person\/cf2a1ad12a27c12c21801075bf37407c"},"potentialAction":[{"@type":"SearchAction","target":{"@type":"EntryPoint","urlTemplate":"https:\/\/joyana.fr\/?s={search_term_string}"},"query-input":{"@type":"PropertyValueSpecification","valueRequired":true,"valueName":"search_term_string"}}],"inLanguage":"ja"},{"@type":["Person","Organization"],"@id":"https:\/\/joyana.fr\/#\/schema\/person\/cf2a1ad12a27c12c21801075bf37407c","name":"Jo Yana","image":{"@type":"ImageObject","inLanguage":"ja","@id":"https:\/\/joyana.fr\/#\/schema\/person\/image\/","url":"https:\/\/i0.wp.com\/www.joyana.fr\/wp-content\/uploads\/2016\/08\/cropped-joyana-logo-black-360x180.png?fit=343%2C164&ssl=1","contentUrl":"https:\/\/i0.wp.com\/www.joyana.fr\/wp-content\/uploads\/2016\/08\/cropped-joyana-logo-black-360x180.png?fit=343%2C164&ssl=1","width":343,"height":164,"caption":"Jo Yana"},"logo":{"@id":"https:\/\/joyana.fr\/#\/schema\/person\/image\/"},"description":"Jo Yana est le cr\u00e9ateur et r\u00e9dacteur en chef des sites DECO-DESIGN. Passionn\u00e9 de Design, Mode, Photo, Luxe, Lifestyle, Musique, mais avant tout Blogueur ! Le plaisir de partager l'anime et a comme devise \"POUR L'AMOUR DU BEAU\". Retrouvez le aussi sur son blog personnel - https:\/\/joyana.fr...","sameAs":["https:\/\/joyana.fr\/"],"url":"https:\/\/www.joyana.fr\/ja\/author\/joyana\/"}]}},"author_meta":{"display_name":"Jo Yana","author_link":"https:\/\/www.joyana.fr\/ja\/author\/joyana\/"},"featured_img":"https:\/\/i0.wp.com\/www.joyana.fr\/wp-content\/uploads\/old\/30-MEUBLES-DE-DESIGNERS-A-FAIRE-SOIS-MEME.jpg?fit=314%2C389&ssl=1","featured_image_src":"https:\/\/i0.wp.com\/www.joyana.fr\/wp-content\/uploads\/old\/30-MEUBLES-DE-DESIGNERS-A-FAIRE-SOIS-MEME.jpg?resize=576%2C400&ssl=1","featured_image_src_square":"https:\/\/i0.wp.com\/www.joyana.fr\/wp-content\/uploads\/old\/30-MEUBLES-DE-DESIGNERS-A-FAIRE-SOIS-MEME.jpg?resize=576%2C600&ssl=1","jetpack_featured_media_url":"https:\/\/i0.wp.com\/www.joyana.fr\/wp-content\/uploads\/old\/30-MEUBLES-DE-DESIGNERS-A-FAIRE-SOIS-MEME.jpg?fit=576%2C714&ssl=1","uagb_featured_image_src":{"full":["https:\/\/i0.wp.com\/www.joyana.fr\/wp-content\/uploads\/old\/30-MEUBLES-DE-DESIGNERS-A-FAIRE-SOIS-MEME.jpg?fit=576%2C714&ssl=1",576,714,false],"thumbnail":["https:\/\/i0.wp.com\/www.joyana.fr\/wp-content\/uploads\/old\/30-MEUBLES-DE-DESIGNERS-A-FAIRE-SOIS-MEME.jpg?resize=150%2C150&ssl=1",150,150,true],"medium":["https:\/\/i0.wp.com\/www.joyana.fr\/wp-content\/uploads\/old\/30-MEUBLES-DE-DESIGNERS-A-FAIRE-SOIS-MEME.jpg?fit=314%2C389&ssl=1",314,389,true],"medium_large":["https:\/\/i0.wp.com\/www.joyana.fr\/wp-content\/uploads\/old\/30-MEUBLES-DE-DESIGNERS-A-FAIRE-SOIS-MEME.jpg?fit=576%2C714&ssl=1",576,714,true],"large":["https:\/\/i0.wp.com\/www.joyana.fr\/wp-content\/uploads\/old\/30-MEUBLES-DE-DESIGNERS-A-FAIRE-SOIS-MEME.jpg?fit=576%2C714&ssl=1",576,714,true],"1536x1536":["https:\/\/i0.wp.com\/www.joyana.fr\/wp-content\/uploads\/old\/30-MEUBLES-DE-DESIGNERS-A-FAIRE-SOIS-MEME.jpg?fit=576%2C714&ssl=1",576,714,true],"2048x2048":["https:\/\/i0.wp.com\/www.joyana.fr\/wp-content\/uploads\/old\/30-MEUBLES-DE-DESIGNERS-A-FAIRE-SOIS-MEME.jpg?fit=576%2C714&ssl=1",576,714,true],"featured-thumb":["https:\/\/i0.wp.com\/www.joyana.fr\/wp-content\/uploads\/old\/30-MEUBLES-DE-DESIGNERS-A-FAIRE-SOIS-MEME.jpg?resize=576%2C714&ssl=1",576,714,true],"ab-block-post-grid-landscape":["https:\/\/i0.wp.com\/www.joyana.fr\/wp-content\/uploads\/old\/30-MEUBLES-DE-DESIGNERS-A-FAIRE-SOIS-MEME.jpg?resize=576%2C400&ssl=1",576,400,true],"ab-block-post-grid-square":["https:\/\/i0.wp.com\/www.joyana.fr\/wp-content\/uploads\/old\/30-MEUBLES-DE-DESIGNERS-A-FAIRE-SOIS-MEME.jpg?resize=576%2C600&ssl=1",576,600,true],"author-pro-image":["https:\/\/i0.wp.com\/www.joyana.fr\/wp-content\/uploads\/old\/30-MEUBLES-DE-DESIGNERS-A-FAIRE-SOIS-MEME.jpg?resize=360%2C570&ssl=1",360,570,true],"slider":["https:\/\/i0.wp.com\/www.joyana.fr\/wp-content\/uploads\/old\/30-MEUBLES-DE-DESIGNERS-A-FAIRE-SOIS-MEME.jpg?resize=576%2C400&ssl=1",576,400,true],"woocommerce_thumbnail":["https:\/\/i0.wp.com\/www.joyana.fr\/wp-content\/uploads\/old\/30-MEUBLES-DE-DESIGNERS-A-FAIRE-SOIS-MEME.jpg?resize=450%2C450&ssl=1",450,450,true],"woocommerce_single":["https:\/\/i0.wp.com\/www.joyana.fr\/wp-content\/uploads\/old\/30-MEUBLES-DE-DESIGNERS-A-FAIRE-SOIS-MEME.jpg?fit=576%2C714&ssl=1",576,714,true],"woocommerce_gallery_thumbnail":["https:\/\/i0.wp.com\/www.joyana.fr\/wp-content\/uploads\/old\/30-MEUBLES-DE-DESIGNERS-A-FAIRE-SOIS-MEME.jpg?resize=180%2C180&ssl=1",180,180,true],"sow-carousel-default":["https:\/\/i0.wp.com\/www.joyana.fr\/wp-content\/uploads\/old\/30-MEUBLES-DE-DESIGNERS-A-FAIRE-SOIS-MEME.jpg?resize=272%2C182&ssl=1",272,182,true]},"uagb_author_info":{"display_name":"Jo Yana","author_link":"https:\/\/www.joyana.fr\/ja\/author\/joyana\/"},"uagb_comment_info":2,"uagb_excerpt":"Nous vous proposons aujourd&#8217;hui de fabriquer une &hellip;","coauthors":[],"tax_additional":{"categories":{"linked":["<a href=\"https:\/\/www.joyana.fr\/ja\/category\/deco-design\/\" class=\"advgb-post-tax-term\">DECO-DESIGN<\/a>","<a href=\"https:\/\/www.joyana.fr\/ja\/category\/deco-design\/designer\/\" class=\"advgb-post-tax-term\">Designer<\/a>","<a href=\"https:\/\/www.joyana.fr\/ja\/category\/deco-design\/actualite\/livre-presse\/\" class=\"advgb-post-tax-term\">Livre &amp; Presse<\/a>"],"unlinked":["<span class=\"advgb-post-tax-term\">DECO-DESIGN<\/span>","<span class=\"advgb-post-tax-term\">Designer<\/span>","<span class=\"advgb-post-tax-term\">Livre &amp; Presse<\/span>"]},"tags":{"linked":["<a href=\"https:\/\/www.joyana.fr\/ja\/category\/deco-design\/actualite\/livre-presse\/\" class=\"advgb-post-tax-term\">Livre<\/a>"],"unlinked":["<span class=\"advgb-post-tax-term\">Livre<\/span>"]}},"comment_count":2,"relative_dates":{"created":"Posted 14\u5e74 ago","modified":"Updated 14\u5e74 ago"},"absolute_dates":{"created":"Posted on 6 3\u6708 2012","modified":"Updated on 6 3\u6708 2012"},"absolute_dates_time":{"created":"Posted on 6 3\u6708 2012 13:42","modified":"Updated on 6 3\u6708 2012 13:42"},"featured_img_caption":"","series_order":"","jetpack_sharing_enabled":true,"jetpack_shortlink":"https:\/\/wp.me\/p9bteI-snz","jetpack-related-posts":[],"_links":{"self":[{"href":"https:\/\/www.joyana.fr\/ja\/wp-json\/wp\/v2\/posts\/109093","targetHints":{"allow":["GET"]}}],"collection":[{"href":"https:\/\/www.joyana.fr\/ja\/wp-json\/wp\/v2\/posts"}],"about":[{"href":"https:\/\/www.joyana.fr\/ja\/wp-json\/wp\/v2\/types\/post"}],"author":[{"embeddable":true,"href":"https:\/\/www.joyana.fr\/ja\/wp-json\/wp\/v2\/users\/3"}],"replies":[{"embeddable":true,"href":"https:\/\/www.joyana.fr\/ja\/wp-json\/wp\/v2\/comments?post=109093"}],"version-history":[{"count":0,"href":"https:\/\/www.joyana.fr\/ja\/wp-json\/wp\/v2\/posts\/109093\/revisions"}],"wp:featuredmedia":[{"embeddable":true,"href":"https:\/\/www.joyana.fr\/ja\/wp-json\/wp\/v2\/media\/109095"}],"wp:attachment":[{"href":"https:\/\/www.joyana.fr\/ja\/wp-json\/wp\/v2\/media?parent=109093"}],"wp:term":[{"taxonomy":"category","embeddable":true,"href":"https:\/\/www.joyana.fr\/ja\/wp-json\/wp\/v2\/categories?post=109093"},{"taxonomy":"post_tag","embeddable":true,"href":"https:\/\/www.joyana.fr\/ja\/wp-json\/wp\/v2\/tags?post=109093"}],"curies":[{"name":"wp","href":"https:\/\/api.w.org\/{rel}","templated":true}]}}