{"id":108649,"date":"2012-01-13T08:49:20","date_gmt":"2012-01-13T07:49:20","guid":{"rendered":"https:\/\/joyana.fr\/?p=8649"},"modified":"2012-01-13T08:49:20","modified_gmt":"2012-01-13T07:49:20","slug":"seche-cheveux-design-grey-heron-eliran-yaksein","status":"publish","type":"post","link":"https:\/\/www.joyana.fr\/ja\/seche-cheveux-design-grey-heron-eliran-yaksein\/108649\/","title":{"rendered":"GREY HERON par Eliran YAKSEIN"},"content":{"rendered":"<p>Le designer isra\u00e9lien <strong>Eliran Yaksein<\/strong> nous pr\u00e9sente <strong>GREY HERON<\/strong> &#8211; un <strong>s\u00e8che-cheveux<\/strong> dont le <strong>design<\/strong> est inspir\u00e9 de l&#8217;<strong>H\u00e9ron<\/strong>&#8230;<\/p>\n<p><img data-recalc-dims=\"1\" fetchpriority=\"high\" decoding=\"async\" data-attachment-id=\"8652\" data-permalink=\"https:\/\/www.joyana.fr\/ja\/sixpack-lookbook-dead-hommes-no-sport-spring-summer-2014\/8617\/sixpack-56-large\/\" data-orig-file=\"https:\/\/i0.wp.com\/www.joyana.fr\/wp-content\/uploads\/2014\/04\/sixpack-56-large.jpg?fit=1500%2C1072&amp;ssl=1\" data-orig-size=\"1500,1072\" data-comments-opened=\"1\" data-image-meta=\"{&quot;aperture&quot;:&quot;0&quot;,&quot;credit&quot;:&quot;&quot;,&quot;camera&quot;:&quot;&quot;,&quot;caption&quot;:&quot;&quot;,&quot;created_timestamp&quot;:&quot;0&quot;,&quot;copyright&quot;:&quot;&quot;,&quot;focal_length&quot;:&quot;0&quot;,&quot;iso&quot;:&quot;0&quot;,&quot;shutter_speed&quot;:&quot;0&quot;,&quot;title&quot;:&quot;&quot;,&quot;orientation&quot;:&quot;0&quot;}\" data-image-title=\"sixpack 56-large\" data-image-description=\"\" data-image-caption=\"\" data-medium-file=\"https:\/\/i0.wp.com\/www.joyana.fr\/wp-content\/uploads\/2014\/04\/sixpack-56-large.jpg?fit=389%2C278&amp;ssl=1\" data-large-file=\"https:\/\/i0.wp.com\/www.joyana.fr\/wp-content\/uploads\/2014\/04\/sixpack-56-large.jpg?fit=1024%2C732&amp;ssl=1\" class=\"alignnone size-full wp-image-8652\" title=\"GREY HERON par Eliran YAKSEIN\" src=\"https:\/\/i0.wp.com\/joyana.fr\/wp-content\/uploads\/heron_3.jpg?resize=576%2C567&#038;ssl=1\" alt=\"\" width=\"576\" height=\"567\" \/><\/p>\n<p>Le designer <strong>Eliran Yaksein<\/strong> nous confit : Le <strong>s\u00e8che-cheveux GREY HERON<\/strong> tire son inspiration de l&#8217;oiseau \u00e9ponyme. Cette inspiration est r\u00e9alis\u00e9e \u00e0 travers des surfaces inattendues et les changements requis dans l&#8217;interaction entre l&#8217;homme et la machine. Les changements dans l&#8217;emplacement du moteur et les ouvertures d&#8217;admission d&#8217;air pour plus de confort \u00e0 l&#8217;emprise du produit par l&#8217;utilisateur&#8230;<\/p>\n<p><em>The hair dryer derives its inspiration from the heron bird. This inspiration is realized through unexpected surfaces and required changes in the interaction between man and the machine. The changes in the location of the engine and the air intake openings add comfort to the user&#8217;s grip&#8230;<\/em><\/p>\n<p><img data-recalc-dims=\"1\" decoding=\"async\" data-attachment-id=\"8650\" data-permalink=\"https:\/\/www.joyana.fr\/ja\/sixpack-lookbook-dead-hommes-no-sport-spring-summer-2014\/8617\/sixpack-54-large\/\" data-orig-file=\"https:\/\/i0.wp.com\/www.joyana.fr\/wp-content\/uploads\/2014\/04\/sixpack-54-large.jpg?fit=1500%2C2100&amp;ssl=1\" data-orig-size=\"1500,2100\" data-comments-opened=\"1\" data-image-meta=\"{&quot;aperture&quot;:&quot;0&quot;,&quot;credit&quot;:&quot;&quot;,&quot;camera&quot;:&quot;&quot;,&quot;caption&quot;:&quot;&quot;,&quot;created_timestamp&quot;:&quot;0&quot;,&quot;copyright&quot;:&quot;&quot;,&quot;focal_length&quot;:&quot;0&quot;,&quot;iso&quot;:&quot;0&quot;,&quot;shutter_speed&quot;:&quot;0&quot;,&quot;title&quot;:&quot;&quot;,&quot;orientation&quot;:&quot;0&quot;}\" data-image-title=\"sixpack 54-large\" data-image-description=\"\" data-image-caption=\"\" data-medium-file=\"https:\/\/i0.wp.com\/www.joyana.fr\/wp-content\/uploads\/2014\/04\/sixpack-54-large.jpg?fit=278%2C389&amp;ssl=1\" data-large-file=\"https:\/\/i0.wp.com\/www.joyana.fr\/wp-content\/uploads\/2014\/04\/sixpack-54-large.jpg?fit=731%2C1024&amp;ssl=1\" class=\"alignnone size-full wp-image-8650\" title=\"GREY HERON par Eliran YAKSEIN\" src=\"https:\/\/i0.wp.com\/joyana.fr\/wp-content\/uploads\/HERON.jpg?resize=576%2C768&#038;ssl=1\" alt=\"\" width=\"576\" height=\"768\" \/><\/p>\n<p><img data-recalc-dims=\"1\" decoding=\"async\" data-attachment-id=\"8653\" data-permalink=\"https:\/\/www.joyana.fr\/ja\/sixpack-lookbook-dead-hommes-no-sport-spring-summer-2014\/8617\/sixpack-57-large\/\" data-orig-file=\"https:\/\/i0.wp.com\/www.joyana.fr\/wp-content\/uploads\/2014\/04\/sixpack-57-large.jpg?fit=1500%2C2100&amp;ssl=1\" data-orig-size=\"1500,2100\" data-comments-opened=\"1\" data-image-meta=\"{&quot;aperture&quot;:&quot;0&quot;,&quot;credit&quot;:&quot;&quot;,&quot;camera&quot;:&quot;&quot;,&quot;caption&quot;:&quot;&quot;,&quot;created_timestamp&quot;:&quot;0&quot;,&quot;copyright&quot;:&quot;&quot;,&quot;focal_length&quot;:&quot;0&quot;,&quot;iso&quot;:&quot;0&quot;,&quot;shutter_speed&quot;:&quot;0&quot;,&quot;title&quot;:&quot;&quot;,&quot;orientation&quot;:&quot;0&quot;}\" data-image-title=\"sixpack 57-large\" data-image-description=\"\" data-image-caption=\"\" data-medium-file=\"https:\/\/i0.wp.com\/www.joyana.fr\/wp-content\/uploads\/2014\/04\/sixpack-57-large.jpg?fit=278%2C389&amp;ssl=1\" data-large-file=\"https:\/\/i0.wp.com\/www.joyana.fr\/wp-content\/uploads\/2014\/04\/sixpack-57-large.jpg?fit=731%2C1024&amp;ssl=1\" class=\"alignnone size-full wp-image-8653\" title=\"GREY HERON par Eliran YAKSEIN\" src=\"https:\/\/i0.wp.com\/joyana.fr\/wp-content\/uploads\/heron_6.jpg?resize=576%2C432&#038;ssl=1\" alt=\"\" width=\"576\" height=\"432\" \/><\/p>\n<p><img data-recalc-dims=\"1\" loading=\"lazy\" decoding=\"async\" data-attachment-id=\"8651\" data-permalink=\"https:\/\/www.joyana.fr\/ja\/sixpack-lookbook-dead-hommes-no-sport-spring-summer-2014\/8617\/sixpack-55-large\/\" data-orig-file=\"https:\/\/i0.wp.com\/www.joyana.fr\/wp-content\/uploads\/2014\/04\/sixpack-55-large.jpg?fit=1500%2C1072&amp;ssl=1\" data-orig-size=\"1500,1072\" data-comments-opened=\"1\" data-image-meta=\"{&quot;aperture&quot;:&quot;0&quot;,&quot;credit&quot;:&quot;&quot;,&quot;camera&quot;:&quot;&quot;,&quot;caption&quot;:&quot;&quot;,&quot;created_timestamp&quot;:&quot;0&quot;,&quot;copyright&quot;:&quot;&quot;,&quot;focal_length&quot;:&quot;0&quot;,&quot;iso&quot;:&quot;0&quot;,&quot;shutter_speed&quot;:&quot;0&quot;,&quot;title&quot;:&quot;&quot;,&quot;orientation&quot;:&quot;0&quot;}\" data-image-title=\"sixpack 55-large\" data-image-description=\"\" data-image-caption=\"\" data-medium-file=\"https:\/\/i0.wp.com\/www.joyana.fr\/wp-content\/uploads\/2014\/04\/sixpack-55-large.jpg?fit=389%2C278&amp;ssl=1\" data-large-file=\"https:\/\/i0.wp.com\/www.joyana.fr\/wp-content\/uploads\/2014\/04\/sixpack-55-large.jpg?fit=1024%2C732&amp;ssl=1\" class=\"alignnone size-full wp-image-8651\" title=\"GREY HERON par Eliran YAKSEIN\" src=\"https:\/\/i0.wp.com\/joyana.fr\/wp-content\/uploads\/heron_2.jpg?resize=576%2C407&#038;ssl=1\" alt=\"\" width=\"576\" height=\"407\" \/><\/p>\n<p>En savoir + sur <a title=\"Eliran YAKSEIN\" href=\"http:\/\/www.yaksein.com\/\"><strong>Eliran YAKSEIN<\/strong><\/a><\/p>\n","protected":false},"excerpt":{"rendered":"<p>Le designer isra\u00e9lien Eliran Yaksein nous pr\u00e9sente GREY HERON &#8211; un s\u00e8che-cheveux dont le design est insp [&hellip;]<\/p>\n","protected":false},"author":3,"featured_media":108652,"comment_status":"open","ping_status":"open","sticky":false,"template":"","format":"standard","meta":{"_coblocks_attr":"","_coblocks_dimensions":"","_coblocks_responsive_height":"","_coblocks_accordion_ie_support":"","_uag_custom_page_level_css":"","advgb_blocks_editor_width":"","advgb_blocks_columns_visual_guide":"","_genesis_hide_title":false,"_genesis_hide_breadcrumbs":false,"_genesis_hide_singular_image":false,"_genesis_hide_footer_widgets":false,"_genesis_custom_body_class":"","_genesis_custom_post_class":"","_genesis_layout":"","_themeisle_gutenberg_block_has_review":false,"_jetpack_newsletter_access":"","_jetpack_dont_email_post_to_subs":false,"_jetpack_newsletter_tier_id":0,"_jetpack_memberships_contains_paywalled_content":false,"_jetpack_memberships_contains_paid_content":false,"footnotes":""},"categories":[906,905,925],"tags":[78],"class_list":{"0":"post-108649","1":"post","2":"type-post","3":"status-publish","4":"format-standard","5":"has-post-thumbnail","7":"category-accessoires","8":"category-deco-design","9":"category-high-tech","10":"tag-design","11":"entry"},"featured_image_urls":{"full":["https:\/\/i0.wp.com\/www.joyana.fr\/wp-content\/uploads\/old\/heron_3.jpg?fit=576%2C567&ssl=1",576,567,false],"thumbnail":["https:\/\/i0.wp.com\/www.joyana.fr\/wp-content\/uploads\/old\/heron_3.jpg?resize=150%2C150&ssl=1",150,150,true],"medium":["https:\/\/i0.wp.com\/www.joyana.fr\/wp-content\/uploads\/old\/heron_3.jpg?fit=389%2C383&ssl=1",389,383,true],"medium_large":["https:\/\/i0.wp.com\/www.joyana.fr\/wp-content\/uploads\/old\/heron_3.jpg?fit=576%2C567&ssl=1",576,567,true],"large":["https:\/\/i0.wp.com\/www.joyana.fr\/wp-content\/uploads\/old\/heron_3.jpg?fit=576%2C567&ssl=1",576,567,true],"1536x1536":["https:\/\/i0.wp.com\/www.joyana.fr\/wp-content\/uploads\/old\/heron_3.jpg?fit=576%2C567&ssl=1",576,567,true],"2048x2048":["https:\/\/i0.wp.com\/www.joyana.fr\/wp-content\/uploads\/old\/heron_3.jpg?fit=576%2C567&ssl=1",576,567,true],"featured-thumb":["https:\/\/i0.wp.com\/www.joyana.fr\/wp-content\/uploads\/old\/heron_3.jpg?resize=576%2C567&ssl=1",576,567,true],"ab-block-post-grid-landscape":["https:\/\/i0.wp.com\/www.joyana.fr\/wp-content\/uploads\/old\/heron_3.jpg?resize=576%2C400&ssl=1",576,400,true],"ab-block-post-grid-square":["https:\/\/i0.wp.com\/www.joyana.fr\/wp-content\/uploads\/old\/heron_3.jpg?resize=576%2C567&ssl=1",576,567,true],"author-pro-image":["https:\/\/i0.wp.com\/www.joyana.fr\/wp-content\/uploads\/old\/heron_3.jpg?resize=360%2C567&ssl=1",360,567,true],"slider":["https:\/\/i0.wp.com\/www.joyana.fr\/wp-content\/uploads\/old\/heron_3.jpg?resize=576%2C400&ssl=1",576,400,true],"woocommerce_thumbnail":["https:\/\/i0.wp.com\/www.joyana.fr\/wp-content\/uploads\/old\/heron_3.jpg?resize=450%2C450&ssl=1",450,450,true],"woocommerce_single":["https:\/\/i0.wp.com\/www.joyana.fr\/wp-content\/uploads\/old\/heron_3.jpg?fit=576%2C567&ssl=1",576,567,true],"woocommerce_gallery_thumbnail":["https:\/\/i0.wp.com\/www.joyana.fr\/wp-content\/uploads\/old\/heron_3.jpg?resize=180%2C180&ssl=1",180,180,true],"sow-carousel-default":["https:\/\/i0.wp.com\/www.joyana.fr\/wp-content\/uploads\/old\/heron_3.jpg?resize=272%2C182&ssl=1",272,182,true]},"post_excerpt_stackable":"<p>Le designer isra\u00e9lien Eliran Yaksein nous pr\u00e9sente GREY HERON &#8211; un s\u00e8che-cheveux dont le desig&hellip;<\/p>\n","category_list":"<a href=\"https:\/\/www.joyana.fr\/ja\/category\/deco-design\/decoration\/accessoires\/\" rel=\"category tag\">Accessoires<\/a>, <a href=\"https:\/\/www.joyana.fr\/ja\/category\/deco-design\/\" rel=\"category tag\">DECO-DESIGN<\/a>, <a href=\"https:\/\/www.joyana.fr\/ja\/category\/deco-design\/actualite\/high-tech\/\" rel=\"category tag\">High-Tech<\/a>","author_info":{"display_name":"Jo Yana","author_link":"https:\/\/www.joyana.fr\/ja\/author\/joyana\/"},"comments_num":"22 comments","featured_image_urls_v2":{"full":["https:\/\/i0.wp.com\/www.joyana.fr\/wp-content\/uploads\/old\/heron_3.jpg?fit=576%2C567&ssl=1",576,567,false],"thumbnail":["https:\/\/i0.wp.com\/www.joyana.fr\/wp-content\/uploads\/old\/heron_3.jpg?resize=150%2C150&ssl=1",150,150,true],"medium":["https:\/\/i0.wp.com\/www.joyana.fr\/wp-content\/uploads\/old\/heron_3.jpg?fit=389%2C383&ssl=1",389,383,true],"medium_large":["https:\/\/i0.wp.com\/www.joyana.fr\/wp-content\/uploads\/old\/heron_3.jpg?fit=576%2C567&ssl=1",576,567,true],"large":["https:\/\/i0.wp.com\/www.joyana.fr\/wp-content\/uploads\/old\/heron_3.jpg?fit=576%2C567&ssl=1",576,567,true],"1536x1536":["https:\/\/i0.wp.com\/www.joyana.fr\/wp-content\/uploads\/old\/heron_3.jpg?fit=576%2C567&ssl=1",576,567,true],"2048x2048":["https:\/\/i0.wp.com\/www.joyana.fr\/wp-content\/uploads\/old\/heron_3.jpg?fit=576%2C567&ssl=1",576,567,true],"featured-thumb":["https:\/\/i0.wp.com\/www.joyana.fr\/wp-content\/uploads\/old\/heron_3.jpg?resize=576%2C567&ssl=1",576,567,true],"ab-block-post-grid-landscape":["https:\/\/i0.wp.com\/www.joyana.fr\/wp-content\/uploads\/old\/heron_3.jpg?resize=576%2C400&ssl=1",576,400,true],"ab-block-post-grid-square":["https:\/\/i0.wp.com\/www.joyana.fr\/wp-content\/uploads\/old\/heron_3.jpg?resize=576%2C567&ssl=1",576,567,true],"author-pro-image":["https:\/\/i0.wp.com\/www.joyana.fr\/wp-content\/uploads\/old\/heron_3.jpg?resize=360%2C567&ssl=1",360,567,true],"slider":["https:\/\/i0.wp.com\/www.joyana.fr\/wp-content\/uploads\/old\/heron_3.jpg?resize=576%2C400&ssl=1",576,400,true],"woocommerce_thumbnail":["https:\/\/i0.wp.com\/www.joyana.fr\/wp-content\/uploads\/old\/heron_3.jpg?resize=450%2C450&ssl=1",450,450,true],"woocommerce_single":["https:\/\/i0.wp.com\/www.joyana.fr\/wp-content\/uploads\/old\/heron_3.jpg?fit=576%2C567&ssl=1",576,567,true],"woocommerce_gallery_thumbnail":["https:\/\/i0.wp.com\/www.joyana.fr\/wp-content\/uploads\/old\/heron_3.jpg?resize=180%2C180&ssl=1",180,180,true],"sow-carousel-default":["https:\/\/i0.wp.com\/www.joyana.fr\/wp-content\/uploads\/old\/heron_3.jpg?resize=272%2C182&ssl=1",272,182,true]},"post_excerpt_stackable_v2":"<p>Le designer isra\u00e9lien Eliran Yaksein nous pr\u00e9sente GREY HERON &#8211; un s\u00e8che-cheveux dont le desig&hellip;<\/p>\n","category_list_v2":"<a href=\"https:\/\/www.joyana.fr\/ja\/category\/deco-design\/decoration\/accessoires\/\" rel=\"category tag\">Accessoires<\/a>, <a href=\"https:\/\/www.joyana.fr\/ja\/category\/deco-design\/\" rel=\"category tag\">DECO-DESIGN<\/a>, <a href=\"https:\/\/www.joyana.fr\/ja\/category\/deco-design\/actualite\/high-tech\/\" rel=\"category tag\">High-Tech<\/a>","author_info_v2":{"name":"Jo Yana","url":"https:\/\/www.joyana.fr\/ja\/author\/joyana\/"},"comments_num_v2":"22 comments","yoast_head":"<!-- This site is optimized with the Yoast SEO plugin v26.8 - https:\/\/yoast.com\/product\/yoast-seo-wordpress\/ -->\n<title>GREY HERON par Eliran YAKSEIN - JO YANA<\/title>\n<meta name=\"robots\" content=\"index, follow, max-snippet:-1, max-image-preview:large, max-video-preview:-1\" \/>\n<link rel=\"canonical\" href=\"https:\/\/www.joyana.fr\/ja\/seche-cheveux-design-grey-heron-eliran-yaksein\/108649\/\" \/>\n<meta property=\"og:locale\" content=\"ja_JP\" \/>\n<meta property=\"og:locale:alternate\" content=\"fr_FR\" \/>\n<meta property=\"og:locale:alternate\" content=\"en_US\" \/>\n<meta property=\"og:type\" content=\"article\" \/>\n<meta property=\"og:title\" content=\"GREY HERON par Eliran YAKSEIN - JO YANA\" \/>\n<meta property=\"og:description\" content=\"Le designer isra\u00e9lien Eliran Yaksein nous pr\u00e9sente GREY HERON &#8211; un s\u00e8che-cheveux dont le design est insp [&hellip;]\" \/>\n<meta property=\"og:url\" content=\"https:\/\/www.joyana.fr\/ja\/seche-cheveux-design-grey-heron-eliran-yaksein\/108649\/\" \/>\n<meta property=\"og:site_name\" content=\"JO YANA\" \/>\n<meta property=\"article:published_time\" content=\"2012-01-13T07:49:20+00:00\" \/>\n<meta property=\"og:image\" content=\"https:\/\/www.joyana.fr\/wp-content\/uploads\/old\/heron_3.jpg\" \/>\n\t<meta property=\"og:image:width\" content=\"576\" \/>\n\t<meta property=\"og:image:height\" content=\"567\" \/>\n\t<meta property=\"og:image:type\" content=\"image\/jpeg\" \/>\n<meta name=\"author\" content=\"Jo Yana\" \/>\n<meta name=\"twitter:card\" content=\"summary_large_image\" \/>\n<meta name=\"twitter:creator\" content=\"@Jo_Yana\" \/>\n<meta name=\"twitter:site\" content=\"@Jo_Yana\" \/>\n<meta name=\"twitter:label1\" content=\"\u57f7\u7b46\u8005\" \/>\n\t<meta name=\"twitter:data1\" content=\"Jo Yana\" \/>\n\t<meta name=\"twitter:label2\" content=\"\u63a8\u5b9a\u8aad\u307f\u53d6\u308a\u6642\u9593\" \/>\n\t<meta name=\"twitter:data2\" content=\"1\u5206\" \/>\n<script type=\"application\/ld+json\" class=\"yoast-schema-graph\">{\"@context\":\"https:\/\/schema.org\",\"@graph\":[{\"@type\":\"Article\",\"@id\":\"https:\/\/www.joyana.fr\/ja\/seche-cheveux-design-grey-heron-eliran-yaksein\/108649\/#article\",\"isPartOf\":{\"@id\":\"https:\/\/www.joyana.fr\/ja\/seche-cheveux-design-grey-heron-eliran-yaksein\/108649\/\"},\"author\":{\"name\":\"Jo Yana\",\"@id\":\"https:\/\/joyana.fr\/#\/schema\/person\/cf2a1ad12a27c12c21801075bf37407c\"},\"headline\":\"GREY HERON par Eliran YAKSEIN\",\"datePublished\":\"2012-01-13T07:49:20+00:00\",\"mainEntityOfPage\":{\"@id\":\"https:\/\/www.joyana.fr\/ja\/seche-cheveux-design-grey-heron-eliran-yaksein\/108649\/\"},\"wordCount\":148,\"commentCount\":11,\"publisher\":{\"@id\":\"https:\/\/joyana.fr\/#\/schema\/person\/cf2a1ad12a27c12c21801075bf37407c\"},\"image\":{\"@id\":\"https:\/\/www.joyana.fr\/ja\/seche-cheveux-design-grey-heron-eliran-yaksein\/108649\/#primaryimage\"},\"thumbnailUrl\":\"https:\/\/i0.wp.com\/www.joyana.fr\/wp-content\/uploads\/old\/heron_3.jpg?fit=576%2C567&ssl=1\",\"keywords\":[\"DESIGN\"],\"articleSection\":[\"Accessoires\",\"DECO-DESIGN\",\"High-Tech\"],\"inLanguage\":\"ja\",\"potentialAction\":[{\"@type\":\"CommentAction\",\"name\":\"Comment\",\"target\":[\"https:\/\/www.joyana.fr\/ja\/seche-cheveux-design-grey-heron-eliran-yaksein\/108649\/#respond\"]}]},{\"@type\":\"WebPage\",\"@id\":\"https:\/\/www.joyana.fr\/ja\/seche-cheveux-design-grey-heron-eliran-yaksein\/108649\/\",\"url\":\"https:\/\/www.joyana.fr\/ja\/seche-cheveux-design-grey-heron-eliran-yaksein\/108649\/\",\"name\":\"GREY HERON par Eliran YAKSEIN - JO YANA\",\"isPartOf\":{\"@id\":\"https:\/\/joyana.fr\/#website\"},\"primaryImageOfPage\":{\"@id\":\"https:\/\/www.joyana.fr\/ja\/seche-cheveux-design-grey-heron-eliran-yaksein\/108649\/#primaryimage\"},\"image\":{\"@id\":\"https:\/\/www.joyana.fr\/ja\/seche-cheveux-design-grey-heron-eliran-yaksein\/108649\/#primaryimage\"},\"thumbnailUrl\":\"https:\/\/i0.wp.com\/www.joyana.fr\/wp-content\/uploads\/old\/heron_3.jpg?fit=576%2C567&ssl=1\",\"datePublished\":\"2012-01-13T07:49:20+00:00\",\"breadcrumb\":{\"@id\":\"https:\/\/www.joyana.fr\/ja\/seche-cheveux-design-grey-heron-eliran-yaksein\/108649\/#breadcrumb\"},\"inLanguage\":\"ja\",\"potentialAction\":[{\"@type\":\"ReadAction\",\"target\":[\"https:\/\/www.joyana.fr\/ja\/seche-cheveux-design-grey-heron-eliran-yaksein\/108649\/\"]}]},{\"@type\":\"ImageObject\",\"inLanguage\":\"ja\",\"@id\":\"https:\/\/www.joyana.fr\/ja\/seche-cheveux-design-grey-heron-eliran-yaksein\/108649\/#primaryimage\",\"url\":\"https:\/\/i0.wp.com\/www.joyana.fr\/wp-content\/uploads\/old\/heron_3.jpg?fit=576%2C567&ssl=1\",\"contentUrl\":\"https:\/\/i0.wp.com\/www.joyana.fr\/wp-content\/uploads\/old\/heron_3.jpg?fit=576%2C567&ssl=1\",\"width\":576,\"height\":567},{\"@type\":\"BreadcrumbList\",\"@id\":\"https:\/\/www.joyana.fr\/ja\/seche-cheveux-design-grey-heron-eliran-yaksein\/108649\/#breadcrumb\",\"itemListElement\":[{\"@type\":\"ListItem\",\"position\":1,\"name\":\"Accueil\",\"item\":\"https:\/\/joyana.fr\/\"},{\"@type\":\"ListItem\",\"position\":2,\"name\":\"GREY HERON par Eliran YAKSEIN\"}]},{\"@type\":\"WebSite\",\"@id\":\"https:\/\/joyana.fr\/#website\",\"url\":\"https:\/\/joyana.fr\/\",\"name\":\"JO YANA\",\"description\":\"Blog Mode Homme, Lifestyle, D\u00e9co-Design\",\"publisher\":{\"@id\":\"https:\/\/joyana.fr\/#\/schema\/person\/cf2a1ad12a27c12c21801075bf37407c\"},\"potentialAction\":[{\"@type\":\"SearchAction\",\"target\":{\"@type\":\"EntryPoint\",\"urlTemplate\":\"https:\/\/joyana.fr\/?s={search_term_string}\"},\"query-input\":{\"@type\":\"PropertyValueSpecification\",\"valueRequired\":true,\"valueName\":\"search_term_string\"}}],\"inLanguage\":\"ja\"},{\"@type\":[\"Person\",\"Organization\"],\"@id\":\"https:\/\/joyana.fr\/#\/schema\/person\/cf2a1ad12a27c12c21801075bf37407c\",\"name\":\"Jo Yana\",\"image\":{\"@type\":\"ImageObject\",\"inLanguage\":\"ja\",\"@id\":\"https:\/\/joyana.fr\/#\/schema\/person\/image\/\",\"url\":\"https:\/\/i0.wp.com\/www.joyana.fr\/wp-content\/uploads\/2016\/08\/cropped-joyana-logo-black-360x180.png?fit=343%2C164&ssl=1\",\"contentUrl\":\"https:\/\/i0.wp.com\/www.joyana.fr\/wp-content\/uploads\/2016\/08\/cropped-joyana-logo-black-360x180.png?fit=343%2C164&ssl=1\",\"width\":343,\"height\":164,\"caption\":\"Jo Yana\"},\"logo\":{\"@id\":\"https:\/\/joyana.fr\/#\/schema\/person\/image\/\"},\"description\":\"Jo Yana est le cr\u00e9ateur et r\u00e9dacteur en chef des sites DECO-DESIGN. Passionn\u00e9 de Design, Mode, Photo, Luxe, Lifestyle, Musique, mais avant tout Blogueur ! Le plaisir de partager l'anime et a comme devise \\\"POUR L'AMOUR DU BEAU\\\". Retrouvez le aussi sur son blog personnel - https:\/\/joyana.fr...\",\"sameAs\":[\"https:\/\/joyana.fr\/\"],\"url\":\"https:\/\/www.joyana.fr\/ja\/author\/joyana\/\"}]}<\/script>\n<!-- \/ Yoast SEO plugin. -->","yoast_head_json":{"title":"GREY HERON par Eliran YAKSEIN - JO YANA","robots":{"index":"index","follow":"follow","max-snippet":"max-snippet:-1","max-image-preview":"max-image-preview:large","max-video-preview":"max-video-preview:-1"},"canonical":"https:\/\/www.joyana.fr\/ja\/seche-cheveux-design-grey-heron-eliran-yaksein\/108649\/","og_locale":"ja_JP","og_type":"article","og_title":"GREY HERON par Eliran YAKSEIN - JO YANA","og_description":"Le designer isra\u00e9lien Eliran Yaksein nous pr\u00e9sente GREY HERON &#8211; un s\u00e8che-cheveux dont le design est insp [&hellip;]","og_url":"https:\/\/www.joyana.fr\/ja\/seche-cheveux-design-grey-heron-eliran-yaksein\/108649\/","og_site_name":"JO YANA","article_published_time":"2012-01-13T07:49:20+00:00","og_image":[{"width":576,"height":567,"url":"https:\/\/www.joyana.fr\/wp-content\/uploads\/old\/heron_3.jpg","type":"image\/jpeg"}],"author":"Jo Yana","twitter_card":"summary_large_image","twitter_creator":"@Jo_Yana","twitter_site":"@Jo_Yana","twitter_misc":{"\u57f7\u7b46\u8005":"Jo Yana","\u63a8\u5b9a\u8aad\u307f\u53d6\u308a\u6642\u9593":"1\u5206"},"schema":{"@context":"https:\/\/schema.org","@graph":[{"@type":"Article","@id":"https:\/\/www.joyana.fr\/ja\/seche-cheveux-design-grey-heron-eliran-yaksein\/108649\/#article","isPartOf":{"@id":"https:\/\/www.joyana.fr\/ja\/seche-cheveux-design-grey-heron-eliran-yaksein\/108649\/"},"author":{"name":"Jo Yana","@id":"https:\/\/joyana.fr\/#\/schema\/person\/cf2a1ad12a27c12c21801075bf37407c"},"headline":"GREY HERON par Eliran YAKSEIN","datePublished":"2012-01-13T07:49:20+00:00","mainEntityOfPage":{"@id":"https:\/\/www.joyana.fr\/ja\/seche-cheveux-design-grey-heron-eliran-yaksein\/108649\/"},"wordCount":148,"commentCount":11,"publisher":{"@id":"https:\/\/joyana.fr\/#\/schema\/person\/cf2a1ad12a27c12c21801075bf37407c"},"image":{"@id":"https:\/\/www.joyana.fr\/ja\/seche-cheveux-design-grey-heron-eliran-yaksein\/108649\/#primaryimage"},"thumbnailUrl":"https:\/\/i0.wp.com\/www.joyana.fr\/wp-content\/uploads\/old\/heron_3.jpg?fit=576%2C567&ssl=1","keywords":["DESIGN"],"articleSection":["Accessoires","DECO-DESIGN","High-Tech"],"inLanguage":"ja","potentialAction":[{"@type":"CommentAction","name":"Comment","target":["https:\/\/www.joyana.fr\/ja\/seche-cheveux-design-grey-heron-eliran-yaksein\/108649\/#respond"]}]},{"@type":"WebPage","@id":"https:\/\/www.joyana.fr\/ja\/seche-cheveux-design-grey-heron-eliran-yaksein\/108649\/","url":"https:\/\/www.joyana.fr\/ja\/seche-cheveux-design-grey-heron-eliran-yaksein\/108649\/","name":"GREY HERON par Eliran YAKSEIN - JO YANA","isPartOf":{"@id":"https:\/\/joyana.fr\/#website"},"primaryImageOfPage":{"@id":"https:\/\/www.joyana.fr\/ja\/seche-cheveux-design-grey-heron-eliran-yaksein\/108649\/#primaryimage"},"image":{"@id":"https:\/\/www.joyana.fr\/ja\/seche-cheveux-design-grey-heron-eliran-yaksein\/108649\/#primaryimage"},"thumbnailUrl":"https:\/\/i0.wp.com\/www.joyana.fr\/wp-content\/uploads\/old\/heron_3.jpg?fit=576%2C567&ssl=1","datePublished":"2012-01-13T07:49:20+00:00","breadcrumb":{"@id":"https:\/\/www.joyana.fr\/ja\/seche-cheveux-design-grey-heron-eliran-yaksein\/108649\/#breadcrumb"},"inLanguage":"ja","potentialAction":[{"@type":"ReadAction","target":["https:\/\/www.joyana.fr\/ja\/seche-cheveux-design-grey-heron-eliran-yaksein\/108649\/"]}]},{"@type":"ImageObject","inLanguage":"ja","@id":"https:\/\/www.joyana.fr\/ja\/seche-cheveux-design-grey-heron-eliran-yaksein\/108649\/#primaryimage","url":"https:\/\/i0.wp.com\/www.joyana.fr\/wp-content\/uploads\/old\/heron_3.jpg?fit=576%2C567&ssl=1","contentUrl":"https:\/\/i0.wp.com\/www.joyana.fr\/wp-content\/uploads\/old\/heron_3.jpg?fit=576%2C567&ssl=1","width":576,"height":567},{"@type":"BreadcrumbList","@id":"https:\/\/www.joyana.fr\/ja\/seche-cheveux-design-grey-heron-eliran-yaksein\/108649\/#breadcrumb","itemListElement":[{"@type":"ListItem","position":1,"name":"Accueil","item":"https:\/\/joyana.fr\/"},{"@type":"ListItem","position":2,"name":"GREY HERON par Eliran YAKSEIN"}]},{"@type":"WebSite","@id":"https:\/\/joyana.fr\/#website","url":"https:\/\/joyana.fr\/","name":"JO YANA","description":"Blog Mode Homme, Lifestyle, D\u00e9co-Design","publisher":{"@id":"https:\/\/joyana.fr\/#\/schema\/person\/cf2a1ad12a27c12c21801075bf37407c"},"potentialAction":[{"@type":"SearchAction","target":{"@type":"EntryPoint","urlTemplate":"https:\/\/joyana.fr\/?s={search_term_string}"},"query-input":{"@type":"PropertyValueSpecification","valueRequired":true,"valueName":"search_term_string"}}],"inLanguage":"ja"},{"@type":["Person","Organization"],"@id":"https:\/\/joyana.fr\/#\/schema\/person\/cf2a1ad12a27c12c21801075bf37407c","name":"Jo Yana","image":{"@type":"ImageObject","inLanguage":"ja","@id":"https:\/\/joyana.fr\/#\/schema\/person\/image\/","url":"https:\/\/i0.wp.com\/www.joyana.fr\/wp-content\/uploads\/2016\/08\/cropped-joyana-logo-black-360x180.png?fit=343%2C164&ssl=1","contentUrl":"https:\/\/i0.wp.com\/www.joyana.fr\/wp-content\/uploads\/2016\/08\/cropped-joyana-logo-black-360x180.png?fit=343%2C164&ssl=1","width":343,"height":164,"caption":"Jo Yana"},"logo":{"@id":"https:\/\/joyana.fr\/#\/schema\/person\/image\/"},"description":"Jo Yana est le cr\u00e9ateur et r\u00e9dacteur en chef des sites DECO-DESIGN. Passionn\u00e9 de Design, Mode, Photo, Luxe, Lifestyle, Musique, mais avant tout Blogueur ! Le plaisir de partager l'anime et a comme devise \"POUR L'AMOUR DU BEAU\". Retrouvez le aussi sur son blog personnel - https:\/\/joyana.fr...","sameAs":["https:\/\/joyana.fr\/"],"url":"https:\/\/www.joyana.fr\/ja\/author\/joyana\/"}]}},"author_meta":{"display_name":"Jo Yana","author_link":"https:\/\/www.joyana.fr\/ja\/author\/joyana\/"},"featured_img":"https:\/\/i0.wp.com\/www.joyana.fr\/wp-content\/uploads\/old\/heron_3.jpg?fit=389%2C383&ssl=1","featured_image_src":"https:\/\/i0.wp.com\/www.joyana.fr\/wp-content\/uploads\/old\/heron_3.jpg?resize=576%2C400&ssl=1","featured_image_src_square":"https:\/\/i0.wp.com\/www.joyana.fr\/wp-content\/uploads\/old\/heron_3.jpg?resize=576%2C567&ssl=1","jetpack_featured_media_url":"https:\/\/i0.wp.com\/www.joyana.fr\/wp-content\/uploads\/old\/heron_3.jpg?fit=576%2C567&ssl=1","uagb_featured_image_src":{"full":["https:\/\/i0.wp.com\/www.joyana.fr\/wp-content\/uploads\/old\/heron_3.jpg?fit=576%2C567&ssl=1",576,567,false],"thumbnail":["https:\/\/i0.wp.com\/www.joyana.fr\/wp-content\/uploads\/old\/heron_3.jpg?resize=150%2C150&ssl=1",150,150,true],"medium":["https:\/\/i0.wp.com\/www.joyana.fr\/wp-content\/uploads\/old\/heron_3.jpg?fit=389%2C383&ssl=1",389,383,true],"medium_large":["https:\/\/i0.wp.com\/www.joyana.fr\/wp-content\/uploads\/old\/heron_3.jpg?fit=576%2C567&ssl=1",576,567,true],"large":["https:\/\/i0.wp.com\/www.joyana.fr\/wp-content\/uploads\/old\/heron_3.jpg?fit=576%2C567&ssl=1",576,567,true],"1536x1536":["https:\/\/i0.wp.com\/www.joyana.fr\/wp-content\/uploads\/old\/heron_3.jpg?fit=576%2C567&ssl=1",576,567,true],"2048x2048":["https:\/\/i0.wp.com\/www.joyana.fr\/wp-content\/uploads\/old\/heron_3.jpg?fit=576%2C567&ssl=1",576,567,true],"featured-thumb":["https:\/\/i0.wp.com\/www.joyana.fr\/wp-content\/uploads\/old\/heron_3.jpg?resize=576%2C567&ssl=1",576,567,true],"ab-block-post-grid-landscape":["https:\/\/i0.wp.com\/www.joyana.fr\/wp-content\/uploads\/old\/heron_3.jpg?resize=576%2C400&ssl=1",576,400,true],"ab-block-post-grid-square":["https:\/\/i0.wp.com\/www.joyana.fr\/wp-content\/uploads\/old\/heron_3.jpg?resize=576%2C567&ssl=1",576,567,true],"author-pro-image":["https:\/\/i0.wp.com\/www.joyana.fr\/wp-content\/uploads\/old\/heron_3.jpg?resize=360%2C567&ssl=1",360,567,true],"slider":["https:\/\/i0.wp.com\/www.joyana.fr\/wp-content\/uploads\/old\/heron_3.jpg?resize=576%2C400&ssl=1",576,400,true],"woocommerce_thumbnail":["https:\/\/i0.wp.com\/www.joyana.fr\/wp-content\/uploads\/old\/heron_3.jpg?resize=450%2C450&ssl=1",450,450,true],"woocommerce_single":["https:\/\/i0.wp.com\/www.joyana.fr\/wp-content\/uploads\/old\/heron_3.jpg?fit=576%2C567&ssl=1",576,567,true],"woocommerce_gallery_thumbnail":["https:\/\/i0.wp.com\/www.joyana.fr\/wp-content\/uploads\/old\/heron_3.jpg?resize=180%2C180&ssl=1",180,180,true],"sow-carousel-default":["https:\/\/i0.wp.com\/www.joyana.fr\/wp-content\/uploads\/old\/heron_3.jpg?resize=272%2C182&ssl=1",272,182,true]},"uagb_author_info":{"display_name":"Jo Yana","author_link":"https:\/\/www.joyana.fr\/ja\/author\/joyana\/"},"uagb_comment_info":22,"uagb_excerpt":"Le designer isra\u00e9lien Eliran Yaksein nous pr\u00e9sente GREY&hellip;","coauthors":[],"tax_additional":{"categories":{"linked":["<a href=\"https:\/\/www.joyana.fr\/ja\/category\/deco-design\/decoration\/accessoires\/\" class=\"advgb-post-tax-term\">Accessoires<\/a>","<a href=\"https:\/\/www.joyana.fr\/ja\/category\/deco-design\/\" class=\"advgb-post-tax-term\">DECO-DESIGN<\/a>","<a href=\"https:\/\/www.joyana.fr\/ja\/category\/deco-design\/actualite\/high-tech\/\" class=\"advgb-post-tax-term\">High-Tech<\/a>"],"unlinked":["<span class=\"advgb-post-tax-term\">Accessoires<\/span>","<span class=\"advgb-post-tax-term\">DECO-DESIGN<\/span>","<span class=\"advgb-post-tax-term\">High-Tech<\/span>"]},"tags":{"linked":["<a href=\"https:\/\/www.joyana.fr\/ja\/category\/deco-design\/actualite\/high-tech\/\" class=\"advgb-post-tax-term\">DESIGN<\/a>"],"unlinked":["<span class=\"advgb-post-tax-term\">DESIGN<\/span>"]}},"comment_count":22,"relative_dates":{"created":"Posted 14\u5e74 ago","modified":"Updated 14\u5e74 ago"},"absolute_dates":{"created":"Posted on 13 1\u6708 2012","modified":"Updated on 13 1\u6708 2012"},"absolute_dates_time":{"created":"Posted on 13 1\u6708 2012 8:49","modified":"Updated on 13 1\u6708 2012 8:49"},"featured_img_caption":"","series_order":"","jetpack_sharing_enabled":true,"jetpack_shortlink":"https:\/\/wp.me\/p9bteI-sgp","jetpack-related-posts":[],"_links":{"self":[{"href":"https:\/\/www.joyana.fr\/ja\/wp-json\/wp\/v2\/posts\/108649","targetHints":{"allow":["GET"]}}],"collection":[{"href":"https:\/\/www.joyana.fr\/ja\/wp-json\/wp\/v2\/posts"}],"about":[{"href":"https:\/\/www.joyana.fr\/ja\/wp-json\/wp\/v2\/types\/post"}],"author":[{"embeddable":true,"href":"https:\/\/www.joyana.fr\/ja\/wp-json\/wp\/v2\/users\/3"}],"replies":[{"embeddable":true,"href":"https:\/\/www.joyana.fr\/ja\/wp-json\/wp\/v2\/comments?post=108649"}],"version-history":[{"count":0,"href":"https:\/\/www.joyana.fr\/ja\/wp-json\/wp\/v2\/posts\/108649\/revisions"}],"wp:featuredmedia":[{"embeddable":true,"href":"https:\/\/www.joyana.fr\/ja\/wp-json\/wp\/v2\/media\/108652"}],"wp:attachment":[{"href":"https:\/\/www.joyana.fr\/ja\/wp-json\/wp\/v2\/media?parent=108649"}],"wp:term":[{"taxonomy":"category","embeddable":true,"href":"https:\/\/www.joyana.fr\/ja\/wp-json\/wp\/v2\/categories?post=108649"},{"taxonomy":"post_tag","embeddable":true,"href":"https:\/\/www.joyana.fr\/ja\/wp-json\/wp\/v2\/tags?post=108649"}],"curies":[{"name":"wp","href":"https:\/\/api.w.org\/{rel}","templated":true}]}}